{"id":25156,"date":"2022-12-10T20:31:53","date_gmt":"2022-12-10T18:31:53","guid":{"rendered":"https:\/\/just-now.news\/de\/deutschland\/baerbock-iraner-hingerichtet-weil-er-anderer-meinung-war\/"},"modified":"2022-12-10T20:31:53","modified_gmt":"2022-12-10T18:31:53","slug":"baerbock-iraner-hingerichtet-weil-er-anderer-meinung-war","status":"publish","type":"post","link":"https:\/\/now-news.de\/de\/deutschland\/baerbock-iraner-hingerichtet-weil-er-anderer-meinung-war\/","title":{"rendered":"Baerbock: &quot;Iraner hingerichtet, weil er anderer Meinung war&quot;"},"content":{"rendered":"<p><img decoding=\"async\" src=\"http:\/\/just-now.news\/de\/wp-content\/uploads\/sites\/3\/2022\/12\/639445af48fbef4b1e0d1538.jpg\" \/><\/p>\n<div class=\"Text-root Text-type_1 \">\n                In Iran wurde erstmals eine Person im Zusammenhang mit den j\u00fcngsten Unruhen hingerichtet. Bundesau\u00dfenministerin Annalena Baerbock behauptet, der 23-J\u00e4hrige Mohsen Schekari sei wegen seiner von der Regierungslinie abweichenden Meinung hingerichtet worden. Wir machen einen Faktencheck.\n            <\/div>\n<p><\/p>\n<div class=\"Text-root Text-type_5 ArticleView-text ViewText-root \">\n<p>In Iran\u00a0wurde erstmals eine Person im Zusammenhang mit den j\u00fcngsten Unruhen hingerichtet. Der Mann\u00a0namens Mohsen Schekari war Ende September in Teheran verhaftet worden. Bundesau\u00dfenministerin Annalena Baerbock reagierte prompt auf die Vollstreckung des Todesurteils, warf der F\u00fchrung in Teheran\u00a0&#8220;Menschenverachtung&#8221; vor und behauptete, Schekari sei deshalb hingerichtet worden, &#8220;weil er anderer Meinung als das Regime war&#8221;.<\/p>\n<div class=\"EmbedBlock-root EmbedBlock-twitter\">\n<div class=\"TwitterEmbed\">\n<blockquote class=\"twitter-tweet lazyload\" data-twitter=\"twitter-tweet\">\n<p lang=\"de\" dir=\"ltr\">Die Menschenverachtung des iranischen Regimes ist grenzenlos. <a rel=\"nofollow noopener\" target=\"_blank\" href=\"https:\/\/twitter.com\/hashtag\/MoshenShekari?src=hash&amp;ref_src=twsrc%5Etfw\">#MoshenShekari<\/a> wurde in einem perfiden Schnellverfahren abgeurteilt &amp; hingerichtet, weil er anderer Meinung als das Regime war. Aber die Drohung mit Hinrichtung wird den Freiheitswillen der Menschen nicht ersticken.<\/p>\n<p>\u2014 Au\u00dfenministerin Annalena Baerbock (@ABaerbock) <a rel=\"nofollow noopener\" target=\"_blank\" href=\"https:\/\/twitter.com\/ABaerbock\/status\/1600824618490597376?ref_src=twsrc%5Etfw\">December 8, 2022<\/a><\/p><\/blockquote>\n<\/div>\n<\/div>\n<p>Allerdings gehen deutsche Medien bei Berichten \u00fcber das\u00a0Gerichtsurteil nicht davon aus, dass\u00a0Schekari wegen einer von der Regierungslinie abweichenden Meinung in Iran zum Tode verurteilt wurde. Die\u00a0<a rel=\"nofollow noopener\" target=\"_blank\" href=\"https:\/\/www.tagesschau.de\/ausland\/asien\/iran-hinrichtung-107.html\"><em>Tagesschau<\/em><\/a> berichtete zu dem Vorfall, dass der\u00a023-J\u00e4hrige bei einer Stra\u00dfenblockade in Teheran ein Mitglied der\u00a0paramilit\u00e4rischen Basidsch-Milizen &#8220;verletzt&#8221; haben soll. Wie aber dieser Milizangeh\u00f6rige im Dienst der Basidsch\u00a0verletzt wurde, blieb dabei unklar.\u00a0<\/p>\n<p>Iranische <a rel=\"nofollow noopener\" target=\"_blank\" href=\"https:\/\/mokhatab24.ir\/fa\/news\/9693\/%D9%85%D8%AD%D8%B3%D9%86-%D8%B4%DA%A9%D8%A7%D8%B1%DB%8C-%DA%A9%DB%8C%D8%B3%D8%AA-%D8%AF%D9%84%DB%8C%D9%84-%D8%A7%D8%B9%D8%AF%D8%A7%D9%85-%D8%A7%D8%B2-%D8%B2%D8%A8%D8%A7%D9%86-%D9%82%D9%88%D9%87-%D9%82%D8%B6%D8%A7%D8%A6%DB%8C%D9%87\">Medien<\/a> berichten, der Mann habe Ende September bei einer Stra\u00dfenblockade in Teheran ein Mitglied der\u00a0Basidsch-Einheit mit einer Machete in die linke Schulter gestochen und dabei schwer verletzt. Der mutma\u00dfliche Gewaltt\u00e4ter Schekari habe zuvor am 25. September den Sattar-Khan-Boulevard in Teheran blockiert. Er habe an diesem Tag eine Stra\u00dfensperre aufgebaut und Passanten mit seiner Machete bedr\u00e4ngt sowie Menschen vor Ort in Angst und Panik\u00a0versetzt. Ein Basidsch-Milizion\u00e4r soll versucht haben, die Blockade zu beenden. Laut der Justizbeh\u00f6rde wurde Schekari f\u00fcr schuldig befunden, &#8220;in der Absicht zu t\u00f6ten, Terror zu verbreiten und die Ordnung und Sicherheit der Gesellschaft zu st\u00f6ren&#8221; gek\u00e4mpft und seine Waffe benutzt zu haben. Die Basidsch ist eine als Freiwilligenmiliz organisierte Gruppe, die der Iranischen Revolutionsgarde untersteht und\u00a0der\u00a0Polizei bei Krisen Hilfe leistet.<\/p>\n<p>Das deutsche Ausw\u00e4rtige Amt bestellte nach der Hinrichtung des 23-J\u00e4hrigen den iranischen Botschafter ein. Allerdings bleibt unklar, auf welcher genauen diplomatischen Grundlage dieser in das Ausw\u00e4rtige Amt zitiert wurde. Denn es wurde ein Iraner in Iran wegen Randale und Verletzung eines iranischen Milizion\u00e4rs im Zuge eines Gesetzes in einem iranischen Rechtsverfahren verurteilt. Und es handelte sich dabei auch nicht um einen deutschen Staatsb\u00fcrger.<\/p>\n<p><strong>Mehr zum Thema<\/strong> &#8211; <a rel=\"nofollow noopener\" target=\"_blank\" href=\"https:\/\/de.rt.com\/meinung\/156332-usa-setzen-offenbar-auf-neue\/\">Hat Iran die &#8220;Sittenpolizei&#8221; aufgel\u00f6st? USA setzen offenbar auf neue Runde der Unruhestiftung<\/a><\/p>\n<\/div>\n<p><script async src=\"https:\/\/platform.twitter.com\/widgets.js\" charset=\"utf-8\"><\/script><br \/>\n<br \/><br \/>\n<br \/><a href=\"https:\/\/de.rt.com\/international\/156844-baerbock-iraner-hingerichtet-weil-er\/\">Source link <\/a><\/p>\n","protected":false},"excerpt":{"rendered":"<p>In Iran wurde erstmals eine Person im Zusammenhang mit den j\u00fcngsten Unruhen hingerichtet. Bundesau\u00dfenministerin Annalena Baerbock behauptet, der 23-J\u00e4hrige Mohsen Schekari sei wegen seiner von der Regierungslinie abweichenden Meinung hingerichtet worden. Wir machen einen Faktencheck. In Iran\u00a0wurde erstmals eine Person im Zusammenhang mit den j\u00fcngsten Unruhen hingerichtet. Der Mann\u00a0namens Mohsen Schekari war Ende September in [&hellip;]<\/p>\n","protected":false},"author":3,"featured_media":25157,"comment_status":"open","ping_status":"open","sticky":false,"template":"","format":"standard","meta":{"_yoast_indexnow_last_ping":["1670697642"],"wp_automatic_camp":["217"],"82ca15b537405c358dbc5847030b642f":["Baerbock: &quot;Iraner hingerichtet, weil er anderer Meinung war&quot;"],"original_link":["https:\/\/de.rt.com\/international\/156844-baerbock-iraner-hingerichtet-weil-er\/"],"_thumbnail_id":["25157"],"_wptgpro_p2tg_sent2tg":["a:1:{i:23737;s:19:\"2022-12-10 20:41:52\";}"],"jnews_social_counter_last_update":["1776592573"]},"categories":[19,23],"tags":[29438,587,26260,6658,37310,37311,9228],"yoast_head":"<!-- This site is optimized with the Yoast SEO Premium plugin v22.7 (Yoast SEO v22.7) - https:\/\/yoast.com\/wordpress\/plugins\/seo\/ -->\n<title>Baerbock: &quot;Iraner hingerichtet, weil er anderer Meinung war&quot; - just-now.NEWS Deutschland<\/title>\n<meta name=\"robots\" content=\"index, follow, max-snippet:-1, max-image-preview:large, max-video-preview:-1\" \/>\n<link rel=\"canonical\" href=\"https:\/\/now-news.de\/de\/deutschland\/baerbock-iraner-hingerichtet-weil-er-anderer-meinung-war\/\" \/>\n<meta property=\"og:locale\" content=\"de_DE\" \/>\n<meta property=\"og:type\" content=\"article\" \/>\n<meta property=\"og:title\" content=\"Baerbock: &quot;Iraner hingerichtet, weil er anderer Meinung war&quot;\" \/>\n<meta property=\"og:description\" content=\"In Iran wurde erstmals eine Person im Zusammenhang mit den j\u00fcngsten Unruhen hingerichtet. Bundesau\u00dfenministerin Annalena Baerbock behauptet, der 23-J\u00e4hrige Mohsen Schekari sei wegen seiner von der Regierungslinie abweichenden Meinung hingerichtet worden. Wir machen einen Faktencheck. In Iran\u00a0wurde erstmals eine Person im Zusammenhang mit den j\u00fcngsten Unruhen hingerichtet. Der Mann\u00a0namens Mohsen Schekari war Ende September in [&hellip;]\" \/>\n<meta property=\"og:url\" content=\"https:\/\/now-news.de\/de\/deutschland\/baerbock-iraner-hingerichtet-weil-er-anderer-meinung-war\/\" \/>\n<meta property=\"og:site_name\" content=\"just-now.NEWS Deutschland\" \/>\n<meta property=\"article:publisher\" content=\"https:\/\/www.facebook.com\/wirmachenauf\" \/>\n<meta property=\"article:published_time\" content=\"2022-12-10T18:31:53+00:00\" \/>\n<meta property=\"og:image\" content=\"https:\/\/now-news.de\/de\/wp-content\/uploads\/sites\/3\/2022\/12\/Baerbock-quotIraner-hingerichtet-weil-er-anderer-Meinung-warquot.jpg\" \/>\n\t<meta property=\"og:image:width\" content=\"460\" \/>\n\t<meta property=\"og:image:height\" content=\"259\" \/>\n\t<meta property=\"og:image:type\" content=\"image\/jpeg\" \/>\n<meta name=\"author\" content=\"rtnews\" \/>\n<meta name=\"twitter:card\" content=\"summary_large_image\" \/>\n<meta name=\"twitter:creator\" content=\"@WirMachenAuf_de\" \/>\n<meta name=\"twitter:site\" content=\"@WirMachenAuf_de\" \/>\n<meta name=\"twitter:label1\" content=\"Verfasst von\" \/>\n\t<meta name=\"twitter:data1\" content=\"rtnews\" \/>\n\t<meta name=\"twitter:label2\" content=\"Gesch\u00e4tzte Lesezeit\" \/>\n\t<meta name=\"twitter:data2\" content=\"2\u00a0Minuten\" \/>\n<script type=\"application\/ld+json\" class=\"yoast-schema-graph\">{\"@context\":\"https:\/\/schema.org\",\"@graph\":[{\"@type\":\"Article\",\"@id\":\"https:\/\/now-news.de\/de\/deutschland\/baerbock-iraner-hingerichtet-weil-er-anderer-meinung-war\/#article\",\"isPartOf\":{\"@id\":\"https:\/\/now-news.de\/de\/deutschland\/baerbock-iraner-hingerichtet-weil-er-anderer-meinung-war\/\"},\"author\":{\"name\":\"rtnews\",\"@id\":\"https:\/\/now-news.de\/de\/#\/schema\/person\/fb534a4e865501d8b3285208df34a9b5\"},\"headline\":\"Baerbock: &quot;Iraner hingerichtet, weil er anderer Meinung war&quot;\",\"datePublished\":\"2022-12-10T18:31:53+00:00\",\"dateModified\":\"2022-12-10T18:31:53+00:00\",\"mainEntityOfPage\":{\"@id\":\"https:\/\/now-news.de\/de\/deutschland\/baerbock-iraner-hingerichtet-weil-er-anderer-meinung-war\/\"},\"wordCount\":442,\"commentCount\":0,\"publisher\":{\"@id\":\"https:\/\/now-news.de\/de\/#organization\"},\"image\":{\"@id\":\"https:\/\/now-news.de\/de\/deutschland\/baerbock-iraner-hingerichtet-weil-er-anderer-meinung-war\/#primaryimage\"},\"thumbnailUrl\":\"https:\/\/now-news.de\/de\/wp-content\/uploads\/sites\/3\/2022\/12\/Baerbock-quotIraner-hingerichtet-weil-er-anderer-Meinung-warquot.jpg\",\"keywords\":[\"anderer\",\"Baerbock\",\"hingerichtet\",\"Meinung\",\"quotIraner\",\"warquot\",\"weil\"],\"articleSection\":[\"Deutschland\",\"Russland\"],\"inLanguage\":\"de\",\"potentialAction\":[{\"@type\":\"CommentAction\",\"name\":\"Comment\",\"target\":[\"https:\/\/now-news.de\/de\/deutschland\/baerbock-iraner-hingerichtet-weil-er-anderer-meinung-war\/#respond\"]}]},{\"@type\":\"WebPage\",\"@id\":\"https:\/\/now-news.de\/de\/deutschland\/baerbock-iraner-hingerichtet-weil-er-anderer-meinung-war\/\",\"url\":\"https:\/\/now-news.de\/de\/deutschland\/baerbock-iraner-hingerichtet-weil-er-anderer-meinung-war\/\",\"name\":\"Baerbock: &quot;Iraner hingerichtet, weil er anderer Meinung war&quot; - just-now.NEWS Deutschland\",\"isPartOf\":{\"@id\":\"https:\/\/now-news.de\/de\/#website\"},\"primaryImageOfPage\":{\"@id\":\"https:\/\/now-news.de\/de\/deutschland\/baerbock-iraner-hingerichtet-weil-er-anderer-meinung-war\/#primaryimage\"},\"image\":{\"@id\":\"https:\/\/now-news.de\/de\/deutschland\/baerbock-iraner-hingerichtet-weil-er-anderer-meinung-war\/#primaryimage\"},\"thumbnailUrl\":\"https:\/\/now-news.de\/de\/wp-content\/uploads\/sites\/3\/2022\/12\/Baerbock-quotIraner-hingerichtet-weil-er-anderer-Meinung-warquot.jpg\",\"datePublished\":\"2022-12-10T18:31:53+00:00\",\"dateModified\":\"2022-12-10T18:31:53+00:00\",\"breadcrumb\":{\"@id\":\"https:\/\/now-news.de\/de\/deutschland\/baerbock-iraner-hingerichtet-weil-er-anderer-meinung-war\/#breadcrumb\"},\"inLanguage\":\"de\",\"potentialAction\":[{\"@type\":\"ReadAction\",\"target\":[\"https:\/\/now-news.de\/de\/deutschland\/baerbock-iraner-hingerichtet-weil-er-anderer-meinung-war\/\"]}]},{\"@type\":\"ImageObject\",\"inLanguage\":\"de\",\"@id\":\"https:\/\/now-news.de\/de\/deutschland\/baerbock-iraner-hingerichtet-weil-er-anderer-meinung-war\/#primaryimage\",\"url\":\"https:\/\/now-news.de\/de\/wp-content\/uploads\/sites\/3\/2022\/12\/Baerbock-quotIraner-hingerichtet-weil-er-anderer-Meinung-warquot.jpg\",\"contentUrl\":\"https:\/\/now-news.de\/de\/wp-content\/uploads\/sites\/3\/2022\/12\/Baerbock-quotIraner-hingerichtet-weil-er-anderer-Meinung-warquot.jpg\",\"width\":460,\"height\":259,\"caption\":\"Baerbock: &quot;Iraner hingerichtet, weil er anderer Meinung war&quot;\"},{\"@type\":\"BreadcrumbList\",\"@id\":\"https:\/\/now-news.de\/de\/deutschland\/baerbock-iraner-hingerichtet-weil-er-anderer-meinung-war\/#breadcrumb\",\"itemListElement\":[{\"@type\":\"ListItem\",\"position\":1,\"name\":\"Home\",\"item\":\"https:\/\/now-news.de\/de\/\"},{\"@type\":\"ListItem\",\"position\":2,\"name\":\"Baerbock: &quot;Iraner hingerichtet, weil er anderer Meinung war&quot;\"}]},{\"@type\":\"WebSite\",\"@id\":\"https:\/\/now-news.de\/de\/#website\",\"url\":\"https:\/\/now-news.de\/de\/\",\"name\":\"just-now.NEWS Deutschland\",\"description\":\"Das Portal f\u00fcr unzensierte Nachrichten aus der Welt\",\"publisher\":{\"@id\":\"https:\/\/now-news.de\/de\/#organization\"},\"potentialAction\":[{\"@type\":\"SearchAction\",\"target\":{\"@type\":\"EntryPoint\",\"urlTemplate\":\"https:\/\/now-news.de\/de\/?s={search_term_string}\"},\"query-input\":\"required name=search_term_string\"}],\"inLanguage\":\"de\"},{\"@type\":\"Organization\",\"@id\":\"https:\/\/now-news.de\/de\/#organization\",\"name\":\"Just Now News\",\"url\":\"https:\/\/now-news.de\/de\/\",\"logo\":{\"@type\":\"ImageObject\",\"inLanguage\":\"de\",\"@id\":\"https:\/\/now-news.de\/de\/#\/schema\/logo\/image\/\",\"url\":\"http:\/\/just-now.news\/de\/wp-content\/uploads\/sites\/3\/2022\/04\/logo500x500.jpg\",\"contentUrl\":\"http:\/\/just-now.news\/de\/wp-content\/uploads\/sites\/3\/2022\/04\/logo500x500.jpg\",\"width\":500,\"height\":500,\"caption\":\"Just Now News\"},\"image\":{\"@id\":\"https:\/\/now-news.de\/de\/#\/schema\/logo\/image\/\"},\"sameAs\":[\"https:\/\/www.facebook.com\/wirmachenauf\",\"https:\/\/x.com\/WirMachenAuf_de\"]},{\"@type\":\"Person\",\"@id\":\"https:\/\/now-news.de\/de\/#\/schema\/person\/fb534a4e865501d8b3285208df34a9b5\",\"name\":\"rtnews\",\"image\":{\"@type\":\"ImageObject\",\"inLanguage\":\"de\",\"@id\":\"https:\/\/now-news.de\/de\/#\/schema\/person\/image\/\",\"url\":\"https:\/\/secure.gravatar.com\/avatar\/82aafea7d8127119dd649515f56e2117?s=96&d=mm&r=g\",\"contentUrl\":\"https:\/\/secure.gravatar.com\/avatar\/82aafea7d8127119dd649515f56e2117?s=96&d=mm&r=g\",\"caption\":\"rtnews\"},\"url\":\"https:\/\/now-news.de\/de\/author\/rnews\/\"}]}<\/script>\n<!-- \/ Yoast SEO Premium plugin. -->","yoast_head_json":{"title":"Baerbock: &quot;Iraner hingerichtet, weil er anderer Meinung war&quot; - just-now.NEWS Deutschland","robots":{"index":"index","follow":"follow","max-snippet":"max-snippet:-1","max-image-preview":"max-image-preview:large","max-video-preview":"max-video-preview:-1"},"canonical":"https:\/\/now-news.de\/de\/deutschland\/baerbock-iraner-hingerichtet-weil-er-anderer-meinung-war\/","og_locale":"de_DE","og_type":"article","og_title":"Baerbock: &quot;Iraner hingerichtet, weil er anderer Meinung war&quot;","og_description":"In Iran wurde erstmals eine Person im Zusammenhang mit den j\u00fcngsten Unruhen hingerichtet. Bundesau\u00dfenministerin Annalena Baerbock behauptet, der 23-J\u00e4hrige Mohsen Schekari sei wegen seiner von der Regierungslinie abweichenden Meinung hingerichtet worden. Wir machen einen Faktencheck. In Iran\u00a0wurde erstmals eine Person im Zusammenhang mit den j\u00fcngsten Unruhen hingerichtet. Der Mann\u00a0namens Mohsen Schekari war Ende September in [&hellip;]","og_url":"https:\/\/now-news.de\/de\/deutschland\/baerbock-iraner-hingerichtet-weil-er-anderer-meinung-war\/","og_site_name":"just-now.NEWS Deutschland","article_publisher":"https:\/\/www.facebook.com\/wirmachenauf","article_published_time":"2022-12-10T18:31:53+00:00","og_image":[{"width":460,"height":259,"url":"https:\/\/now-news.de\/de\/wp-content\/uploads\/sites\/3\/2022\/12\/Baerbock-quotIraner-hingerichtet-weil-er-anderer-Meinung-warquot.jpg","type":"image\/jpeg"}],"author":"rtnews","twitter_card":"summary_large_image","twitter_creator":"@WirMachenAuf_de","twitter_site":"@WirMachenAuf_de","twitter_misc":{"Verfasst von":"rtnews","Gesch\u00e4tzte Lesezeit":"2\u00a0Minuten"},"schema":{"@context":"https:\/\/schema.org","@graph":[{"@type":"Article","@id":"https:\/\/now-news.de\/de\/deutschland\/baerbock-iraner-hingerichtet-weil-er-anderer-meinung-war\/#article","isPartOf":{"@id":"https:\/\/now-news.de\/de\/deutschland\/baerbock-iraner-hingerichtet-weil-er-anderer-meinung-war\/"},"author":{"name":"rtnews","@id":"https:\/\/now-news.de\/de\/#\/schema\/person\/fb534a4e865501d8b3285208df34a9b5"},"headline":"Baerbock: &quot;Iraner hingerichtet, weil er anderer Meinung war&quot;","datePublished":"2022-12-10T18:31:53+00:00","dateModified":"2022-12-10T18:31:53+00:00","mainEntityOfPage":{"@id":"https:\/\/now-news.de\/de\/deutschland\/baerbock-iraner-hingerichtet-weil-er-anderer-meinung-war\/"},"wordCount":442,"commentCount":0,"publisher":{"@id":"https:\/\/now-news.de\/de\/#organization"},"image":{"@id":"https:\/\/now-news.de\/de\/deutschland\/baerbock-iraner-hingerichtet-weil-er-anderer-meinung-war\/#primaryimage"},"thumbnailUrl":"https:\/\/now-news.de\/de\/wp-content\/uploads\/sites\/3\/2022\/12\/Baerbock-quotIraner-hingerichtet-weil-er-anderer-Meinung-warquot.jpg","keywords":["anderer","Baerbock","hingerichtet","Meinung","quotIraner","warquot","weil"],"articleSection":["Deutschland","Russland"],"inLanguage":"de","potentialAction":[{"@type":"CommentAction","name":"Comment","target":["https:\/\/now-news.de\/de\/deutschland\/baerbock-iraner-hingerichtet-weil-er-anderer-meinung-war\/#respond"]}]},{"@type":"WebPage","@id":"https:\/\/now-news.de\/de\/deutschland\/baerbock-iraner-hingerichtet-weil-er-anderer-meinung-war\/","url":"https:\/\/now-news.de\/de\/deutschland\/baerbock-iraner-hingerichtet-weil-er-anderer-meinung-war\/","name":"Baerbock: &quot;Iraner hingerichtet, weil er anderer Meinung war&quot; - just-now.NEWS Deutschland","isPartOf":{"@id":"https:\/\/now-news.de\/de\/#website"},"primaryImageOfPage":{"@id":"https:\/\/now-news.de\/de\/deutschland\/baerbock-iraner-hingerichtet-weil-er-anderer-meinung-war\/#primaryimage"},"image":{"@id":"https:\/\/now-news.de\/de\/deutschland\/baerbock-iraner-hingerichtet-weil-er-anderer-meinung-war\/#primaryimage"},"thumbnailUrl":"https:\/\/now-news.de\/de\/wp-content\/uploads\/sites\/3\/2022\/12\/Baerbock-quotIraner-hingerichtet-weil-er-anderer-Meinung-warquot.jpg","datePublished":"2022-12-10T18:31:53+00:00","dateModified":"2022-12-10T18:31:53+00:00","breadcrumb":{"@id":"https:\/\/now-news.de\/de\/deutschland\/baerbock-iraner-hingerichtet-weil-er-anderer-meinung-war\/#breadcrumb"},"inLanguage":"de","potentialAction":[{"@type":"ReadAction","target":["https:\/\/now-news.de\/de\/deutschland\/baerbock-iraner-hingerichtet-weil-er-anderer-meinung-war\/"]}]},{"@type":"ImageObject","inLanguage":"de","@id":"https:\/\/now-news.de\/de\/deutschland\/baerbock-iraner-hingerichtet-weil-er-anderer-meinung-war\/#primaryimage","url":"https:\/\/now-news.de\/de\/wp-content\/uploads\/sites\/3\/2022\/12\/Baerbock-quotIraner-hingerichtet-weil-er-anderer-Meinung-warquot.jpg","contentUrl":"https:\/\/now-news.de\/de\/wp-content\/uploads\/sites\/3\/2022\/12\/Baerbock-quotIraner-hingerichtet-weil-er-anderer-Meinung-warquot.jpg","width":460,"height":259,"caption":"Baerbock: &quot;Iraner hingerichtet, weil er anderer Meinung war&quot;"},{"@type":"BreadcrumbList","@id":"https:\/\/now-news.de\/de\/deutschland\/baerbock-iraner-hingerichtet-weil-er-anderer-meinung-war\/#breadcrumb","itemListElement":[{"@type":"ListItem","position":1,"name":"Home","item":"https:\/\/now-news.de\/de\/"},{"@type":"ListItem","position":2,"name":"Baerbock: &quot;Iraner hingerichtet, weil er anderer Meinung war&quot;"}]},{"@type":"WebSite","@id":"https:\/\/now-news.de\/de\/#website","url":"https:\/\/now-news.de\/de\/","name":"just-now.NEWS Deutschland","description":"Das Portal f\u00fcr unzensierte Nachrichten aus der Welt","publisher":{"@id":"https:\/\/now-news.de\/de\/#organization"},"potentialAction":[{"@type":"SearchAction","target":{"@type":"EntryPoint","urlTemplate":"https:\/\/now-news.de\/de\/?s={search_term_string}"},"query-input":"required name=search_term_string"}],"inLanguage":"de"},{"@type":"Organization","@id":"https:\/\/now-news.de\/de\/#organization","name":"Just Now News","url":"https:\/\/now-news.de\/de\/","logo":{"@type":"ImageObject","inLanguage":"de","@id":"https:\/\/now-news.de\/de\/#\/schema\/logo\/image\/","url":"http:\/\/just-now.news\/de\/wp-content\/uploads\/sites\/3\/2022\/04\/logo500x500.jpg","contentUrl":"http:\/\/just-now.news\/de\/wp-content\/uploads\/sites\/3\/2022\/04\/logo500x500.jpg","width":500,"height":500,"caption":"Just Now News"},"image":{"@id":"https:\/\/now-news.de\/de\/#\/schema\/logo\/image\/"},"sameAs":["https:\/\/www.facebook.com\/wirmachenauf","https:\/\/x.com\/WirMachenAuf_de"]},{"@type":"Person","@id":"https:\/\/now-news.de\/de\/#\/schema\/person\/fb534a4e865501d8b3285208df34a9b5","name":"rtnews","image":{"@type":"ImageObject","inLanguage":"de","@id":"https:\/\/now-news.de\/de\/#\/schema\/person\/image\/","url":"https:\/\/secure.gravatar.com\/avatar\/82aafea7d8127119dd649515f56e2117?s=96&d=mm&r=g","contentUrl":"https:\/\/secure.gravatar.com\/avatar\/82aafea7d8127119dd649515f56e2117?s=96&d=mm&r=g","caption":"rtnews"},"url":"https:\/\/now-news.de\/de\/author\/rnews\/"}]}},"_links":{"self":[{"href":"https:\/\/now-news.de\/de\/wp-json\/wp\/v2\/posts\/25156"}],"collection":[{"href":"https:\/\/now-news.de\/de\/wp-json\/wp\/v2\/posts"}],"about":[{"href":"https:\/\/now-news.de\/de\/wp-json\/wp\/v2\/types\/post"}],"author":[{"embeddable":true,"href":"https:\/\/now-news.de\/de\/wp-json\/wp\/v2\/users\/3"}],"replies":[{"embeddable":true,"href":"https:\/\/now-news.de\/de\/wp-json\/wp\/v2\/comments?post=25156"}],"version-history":[{"count":0,"href":"https:\/\/now-news.de\/de\/wp-json\/wp\/v2\/posts\/25156\/revisions"}],"wp:featuredmedia":[{"embeddable":true,"href":"https:\/\/now-news.de\/de\/wp-json\/wp\/v2\/media\/25157"}],"wp:attachment":[{"href":"https:\/\/now-news.de\/de\/wp-json\/wp\/v2\/media?parent=25156"}],"wp:term":[{"taxonomy":"category","embeddable":true,"href":"https:\/\/now-news.de\/de\/wp-json\/wp\/v2\/categories?post=25156"},{"taxonomy":"post_tag","embeddable":true,"href":"https:\/\/now-news.de\/de\/wp-json\/wp\/v2\/tags?post=25156"}],"curies":[{"name":"wp","href":"https:\/\/api.w.org\/{rel}","templated":true}]}}