{"id":25152,"date":"2022-12-10T19:49:52","date_gmt":"2022-12-10T17:49:52","guid":{"rendered":"https:\/\/just-now.news\/de\/deutschland\/rueckblick-auf-putins-pressekonferenz-ukraine-merkels-gestaendnis-atomkrieg-und-austausch-von-but\/"},"modified":"2022-12-10T19:49:52","modified_gmt":"2022-12-10T17:49:52","slug":"rueckblick-auf-putins-pressekonferenz-ukraine-merkels-gestaendnis-atomkrieg-und-austausch-von-but","status":"publish","type":"post","link":"https:\/\/now-news.de\/de\/deutschland\/rueckblick-auf-putins-pressekonferenz-ukraine-merkels-gestaendnis-atomkrieg-und-austausch-von-but\/","title":{"rendered":"R\u00fcckblick auf Putins Pressekonferenz: Ukraine, Merkels Gest\u00e4ndnis, Atomkrieg und Austausch von But"},"content":{"rendered":"<p><img decoding=\"async\" src=\"http:\/\/just-now.news\/de\/wp-content\/uploads\/sites\/3\/2022\/12\/63948771b480cc1987715a74.jpg\" \/><\/p>\n<div class=\"Text-root Text-type_1 \">\n                Nach dem EAWU-Gipfel in Kirgistan beantwortete Wladimir Putin die Fragen der Journalisten. Es ging um den Ukraine-Konflikt, die Gefahr eines Atomkriegs sowie um die Aussagen Merkels zu den Minsker Abkommen. Auch der Austausch von Wiktor But war Thema.\n            <\/div>\n<p><\/p>\n<div class=\"Text-root Text-type_5 ArticleView-text ViewText-root \">\n<p>Am 9. Dezember hat in Bischkek, der Hauptstadt der Kirgisischen Republik, ein Gipfel der Eurasischen Wirtschaftsunion (EAWU) stattgefunden.\u00a0Im Anschluss\u00a0sprach der russische Pr\u00e4sident Wladimir Putin mit Reportern. Einer der Schwerpunkte war dabei der Krieg in der Ukraine. Auf die Frage nach seiner fr\u00fcheren Aussage, dass die Milit\u00e4roperation ein &#8220;langer Prozess&#8221; sein k\u00f6nnte, erkl\u00e4rte Putin, dass er sich damals auf die L\u00f6sung des Konflikts in der Ukraine bezogen habe:<\/p>\n<blockquote>\n<p><em>&#8220;Ich meinte die Dauer des L\u00f6sungsverfahrens. Die spezielle Milit\u00e4roperation geht ihren Gang, alles ist dort stabil, wir haben diesbez\u00fcglich heute keine Fragen und Probleme.&#8221;<\/em><\/p>\n<\/blockquote>\n<p>Wladimir Putin f\u00fcgte hinzu, dass die Beilegung des Konflikts in der Ukraine nicht einfach sein und viel Zeit in Anspruch nehmen werde. Der russische Pr\u00e4sident \u00e4u\u00dferte sich auch zum j\u00fcngsten Gest\u00e4ndnis der Ex-Bundeskanzlerin Angela Merkel, dass der Zweck der Minsker Vereinbarungen darin bestanden habe, der Ukraine &#8220;Zeit zu geben&#8221;. Der Pr\u00e4sident w\u00f6rtlich:<\/p>\n<blockquote>\n<p><em>&#8220;Das ist entt\u00e4uschend. Das hatte ich, ehrlich gesagt, von der ehemaligen Bundeskanzlerin nicht erwartet. Denn ich war immer davon ausgegangen, dass die F\u00fchrung der BRD uns gegen\u00fcber aufrichtig ist.&#8221;<\/em><\/p>\n<\/blockquote>\n<p>Nun stelle sich die &#8220;Vertrauensfrage&#8221;, sagte Putin und machte klar, dass das Vertrauen derzeit &#8220;fast bei null&#8221; liege. Die eigentliche Frage sei nun, ob Verhandlungen &#8220;\u00fcber irgendetwas mit irgendjemandem \u00fcberhaupt m\u00f6glich&#8221; seien und welche Garantien es geben k\u00f6nnte, hie\u00df es weiter. Der hochrangige Politiker vermutete, dass Russlands damalige Hoffnung auf eine friedliche L\u00f6sung in der Ukraine gescheitert sei:<\/p>\n<blockquote>\n<p><em>&#8220;Vielleicht h\u00e4tten wir mit all dem fr\u00fcher beginnen sollen. Wir haben einfach damit gerechnet, dass wir uns im Rahmen der Minsker Friedensabkommen einigen k\u00f6nnen.&#8221;<\/em><\/p>\n<\/blockquote>\n<p>Zugleich zeigte sich das russische Staatsoberhaupt zuversichtlich, dass die westlichen L\u00e4nder auf jeden Fall mit Moskau verhandeln m\u00fcssen. Russland sei dazu bereit und offen, aber das Gest\u00e4ndnis bez\u00fcglich der Minsker Abkommen &#8220;macht uns nachdenklich, mit wem wir es zu tun haben&#8221;, hie\u00df es.<\/p>\n<p>Bei der Pressekonferenz warnte Wladimir Putin erneut vor den Folgen eines Atomkriegs. Gleichzeitig wies er darauf hin, dass die Atomwaffen ein ernsthafter Faktor der Abschreckung seien. Der russische Staatschef versicherte<em>, <\/em>&#8220;sobald unser Warnsystem ein Signal \u00fcber einen Raketenangriff bekommt, lassen wir hunderte Raketen in den Himmel steigen. Stoppen kann man sie nicht.&#8221; Dies sei aber nur als Gegenschlag m\u00f6glich, was Russland von den USA unterscheide:<\/p>\n<blockquote>\n<p><em>&#8220;Die USA haben zum Ersten die Theorie eines Pr\u00e4ventivschlags. Zum Zweiten erarbeiten sie das System eines entwaffnenden Schlags. Was ist das? Es handelt sich um einen Schlag mit modernen hochtechnologischen Mitteln, der gegen Kommandopunkte ausgef\u00fchrt wird und den Gegner um seine Kommandosysteme und \u00c4hnliches bringen soll.&#8221;<\/em><\/p>\n<\/blockquote>\n<p>Vor diesem Hintergrund vermutete Putin, dass Russland sich Gedanken \u00fcber jene Gefahren machen sollte, die durch solche Milit\u00e4rkonzepte anderer L\u00e4nder entst\u00fcnden:<\/p>\n<blockquote>\n<p><em>&#8220;Vielleicht sollten wir dar\u00fcber nachdenken, die Leitlinien unserer US-Partner, ihre Ideen f\u00fcr die Gew\u00e4hrleistung der eigenen Sicherheit zu \u00fcbernehmen?&#8221;<\/em><\/p>\n<\/blockquote>\n<p>Putin gab auch eine Stellungnahme im Zusammenhang mit dem Austausch von Wiktor But gegen die US-Basketballerin Brittney Griner ab. Dem Staatschef zufolge sei diesmal der russische Inlandsgeheimdienst FSB daf\u00fcr verantwortlich gewesen. Die Kontakte zwischen russischen und US-Sicherheitsdiensten seien auf der Ebene der Sicherheitsdienste nie abgebrochen worden. Dieser Austausch sei aber vom US-Pr\u00e4sidenten Joe Biden initiiert worden, unterstrich das russische Staatsoberhaupt.<\/p>\n<p>Wladimir Putin brachte zudem zum Ausdruck, dass Russland es sich zwar nicht zur Aufgabe gemacht habe, dadurch den Dialog mit den USA zu f\u00f6rdern, aber der Austausch schaffe &#8220;nat\u00fcrlich eine bestimmte Atmosph\u00e4re&#8221;. \u00dcberdies kommentierte\u00a0der russische Pr\u00e4sident\u00a0die Behauptung des EU-Chefdiplomaten Josep Borrell, viele Afrikaner w\u00fcssten nicht, wo der Donbass liege oder wer Putin sei, mit den folgenden Worten:<\/p>\n<blockquote>\n<p><em>&#8220;In Afrika wei\u00df man, was Russland ist, wo Russland ist, in Afrika wei\u00df man, welche Rolle Russland bei der Befreiung vom Kolonialismus gespielt hat.&#8221;<\/em><\/p>\n<\/blockquote>\n<p>Wenn der Westen w\u00fcsste, wo Afrika liegt und in welchem Zustand sich die afrikanischen V\u00f6lker befinden, w\u00fcrde er die Lieferung russischer Lebensmittel und russischer D\u00fcngemittel\u00a0zum afrikanischen Kontinent nicht verhindern, betonte der russische Pr\u00e4sident mit Verweis auf den Getreidekorridor. Weiter hie\u00df es:<\/p>\n<blockquote>\n<p><em>&#8220;Ein Teil des Prozesses hat bereits begonnen, aber das Problem ist noch nicht gel\u00f6st. Einige Politiker sollten aufh\u00f6ren, \u00fcber die Liebe zu Afrika zu schw\u00e4tzen, und anfangen, die afrikanischen L\u00e4nder zu unterst\u00fctzen.&#8221;<\/em><\/p>\n<\/blockquote>\n<p>Am 29. November verlie\u00df das erste Schiff mit russischen D\u00fcngemitteln einen niederl\u00e4ndischen Hafen in Richtung Afrika. Zuvor waren in mehreren L\u00e4ndern Schiffe mit D\u00fcngemitteln in europ\u00e4ischen H\u00e4fen aufgehalten worden, weil\u00a0die\u00a0Produzenten\u00a0auf Sanktionslisten geraten waren. Daher beschloss Russland, die Waren an bed\u00fcrftige L\u00e4nder, vor allem in Afrika, zu spenden.<\/p>\n<p><strong>Mehr zum Thema<\/strong> &#8211; <a rel=\"nofollow noopener\" target=\"_blank\" href=\"https:\/\/kurz.rt.com\/3b1c\">Russische D\u00fcngemittel d\u00fcrfen endlich EU-Hafen verlassen<\/a><\/p>\n<\/div>\n<p><br \/>\n<br \/><a href=\"https:\/\/de.rt.com\/international\/156854-rueckblick-auf-putins-pressekonferenz-ukraine\/\">Source link <\/a><\/p>\n","protected":false},"excerpt":{"rendered":"<p>Nach dem EAWU-Gipfel in Kirgistan beantwortete Wladimir Putin die Fragen der Journalisten. Es ging um den Ukraine-Konflikt, die Gefahr eines Atomkriegs sowie um die Aussagen Merkels zu den Minsker Abkommen. Auch der Austausch von Wiktor But war Thema. Am 9. Dezember hat in Bischkek, der Hauptstadt der Kirgisischen Republik, ein Gipfel der Eurasischen Wirtschaftsunion (EAWU) [&hellip;]<\/p>\n","protected":false},"author":3,"featured_media":25153,"comment_status":"open","ping_status":"open","sticky":false,"template":"","format":"standard","meta":{"_yoast_indexnow_last_ping":["1670694762"],"wp_automatic_camp":["217"],"861e2297caa37b71cf0e444b73421974":["R\u00fcckblick auf Putins Pressekonferenz: Ukraine, Merkels Gest\u00e4ndnis, Atomkrieg und Austausch von But"],"original_link":["https:\/\/de.rt.com\/international\/156854-rueckblick-auf-putins-pressekonferenz-ukraine\/"],"_thumbnail_id":["25153"],"_wptgpro_p2tg_sent2tg":["a:1:{i:23737;s:19:\"2022-12-10 19:53:46\";}"],"jnews_social_counter_last_update":["1777193227"]},"categories":[19,23],"tags":[131,133,676,37191,30080,8718,23746,8343,127,140,50],"yoast_head":"<!-- This site is optimized with the Yoast SEO Premium plugin v22.7 (Yoast SEO v22.7) - https:\/\/yoast.com\/wordpress\/plugins\/seo\/ -->\n<title>R\u00fcckblick auf Putins Pressekonferenz: Ukraine, Merkels Gest\u00e4ndnis, Atomkrieg und Austausch von But - just-now.NEWS Deutschland<\/title>\n<meta name=\"robots\" content=\"index, follow, max-snippet:-1, max-image-preview:large, max-video-preview:-1\" \/>\n<link rel=\"canonical\" href=\"https:\/\/now-news.de\/de\/deutschland\/rueckblick-auf-putins-pressekonferenz-ukraine-merkels-gestaendnis-atomkrieg-und-austausch-von-but\/\" \/>\n<meta property=\"og:locale\" content=\"de_DE\" \/>\n<meta property=\"og:type\" content=\"article\" \/>\n<meta property=\"og:title\" content=\"R\u00fcckblick auf Putins Pressekonferenz: Ukraine, Merkels Gest\u00e4ndnis, Atomkrieg und Austausch von But\" \/>\n<meta property=\"og:description\" content=\"Nach dem EAWU-Gipfel in Kirgistan beantwortete Wladimir Putin die Fragen der Journalisten. Es ging um den Ukraine-Konflikt, die Gefahr eines Atomkriegs sowie um die Aussagen Merkels zu den Minsker Abkommen. Auch der Austausch von Wiktor But war Thema. Am 9. Dezember hat in Bischkek, der Hauptstadt der Kirgisischen Republik, ein Gipfel der Eurasischen Wirtschaftsunion (EAWU) [&hellip;]\" \/>\n<meta property=\"og:url\" content=\"https:\/\/now-news.de\/de\/deutschland\/rueckblick-auf-putins-pressekonferenz-ukraine-merkels-gestaendnis-atomkrieg-und-austausch-von-but\/\" \/>\n<meta property=\"og:site_name\" content=\"just-now.NEWS Deutschland\" \/>\n<meta property=\"article:publisher\" content=\"https:\/\/www.facebook.com\/wirmachenauf\" \/>\n<meta property=\"article:published_time\" content=\"2022-12-10T17:49:52+00:00\" \/>\n<meta property=\"og:image\" content=\"https:\/\/now-news.de\/de\/wp-content\/uploads\/sites\/3\/2022\/12\/Rueckblick-auf-Putins-Pressekonferenz-Ukraine-Merkels-Gestaendnis-Atomkrieg-und-Austausch.jpg\" \/>\n\t<meta property=\"og:image:width\" content=\"460\" \/>\n\t<meta property=\"og:image:height\" content=\"259\" \/>\n\t<meta property=\"og:image:type\" content=\"image\/jpeg\" \/>\n<meta name=\"author\" content=\"rtnews\" \/>\n<meta name=\"twitter:card\" content=\"summary_large_image\" \/>\n<meta name=\"twitter:creator\" content=\"@WirMachenAuf_de\" \/>\n<meta name=\"twitter:site\" content=\"@WirMachenAuf_de\" \/>\n<meta name=\"twitter:label1\" content=\"Verfasst von\" \/>\n\t<meta name=\"twitter:data1\" content=\"rtnews\" \/>\n\t<meta name=\"twitter:label2\" content=\"Gesch\u00e4tzte Lesezeit\" \/>\n\t<meta name=\"twitter:data2\" content=\"4\u00a0Minuten\" \/>\n<script type=\"application\/ld+json\" class=\"yoast-schema-graph\">{\"@context\":\"https:\/\/schema.org\",\"@graph\":[{\"@type\":\"Article\",\"@id\":\"https:\/\/now-news.de\/de\/deutschland\/rueckblick-auf-putins-pressekonferenz-ukraine-merkels-gestaendnis-atomkrieg-und-austausch-von-but\/#article\",\"isPartOf\":{\"@id\":\"https:\/\/now-news.de\/de\/deutschland\/rueckblick-auf-putins-pressekonferenz-ukraine-merkels-gestaendnis-atomkrieg-und-austausch-von-but\/\"},\"author\":{\"name\":\"rtnews\",\"@id\":\"https:\/\/now-news.de\/de\/#\/schema\/person\/fb534a4e865501d8b3285208df34a9b5\"},\"headline\":\"R\u00fcckblick auf Putins Pressekonferenz: Ukraine, Merkels Gest\u00e4ndnis, Atomkrieg und Austausch von But\",\"datePublished\":\"2022-12-10T17:49:52+00:00\",\"dateModified\":\"2022-12-10T17:49:52+00:00\",\"mainEntityOfPage\":{\"@id\":\"https:\/\/now-news.de\/de\/deutschland\/rueckblick-auf-putins-pressekonferenz-ukraine-merkels-gestaendnis-atomkrieg-und-austausch-von-but\/\"},\"wordCount\":845,\"commentCount\":0,\"publisher\":{\"@id\":\"https:\/\/now-news.de\/de\/#organization\"},\"image\":{\"@id\":\"https:\/\/now-news.de\/de\/deutschland\/rueckblick-auf-putins-pressekonferenz-ukraine-merkels-gestaendnis-atomkrieg-und-austausch-von-but\/#primaryimage\"},\"thumbnailUrl\":\"https:\/\/now-news.de\/de\/wp-content\/uploads\/sites\/3\/2022\/12\/Rueckblick-auf-Putins-Pressekonferenz-Ukraine-Merkels-Gestaendnis-Atomkrieg-und-Austausch.jpg\",\"keywords\":[\"atomkrieg\",\"AUF\",\"Austausch\",\"Gest\u00e4ndnis\",\"Merkels\",\"Pressekonferenz\",\"Putins\",\"R\u00dcCKBLICK\",\"ukraine\",\"und\",\"von\"],\"articleSection\":[\"Deutschland\",\"Russland\"],\"inLanguage\":\"de\",\"potentialAction\":[{\"@type\":\"CommentAction\",\"name\":\"Comment\",\"target\":[\"https:\/\/now-news.de\/de\/deutschland\/rueckblick-auf-putins-pressekonferenz-ukraine-merkels-gestaendnis-atomkrieg-und-austausch-von-but\/#respond\"]}]},{\"@type\":\"WebPage\",\"@id\":\"https:\/\/now-news.de\/de\/deutschland\/rueckblick-auf-putins-pressekonferenz-ukraine-merkels-gestaendnis-atomkrieg-und-austausch-von-but\/\",\"url\":\"https:\/\/now-news.de\/de\/deutschland\/rueckblick-auf-putins-pressekonferenz-ukraine-merkels-gestaendnis-atomkrieg-und-austausch-von-but\/\",\"name\":\"R\u00fcckblick auf Putins Pressekonferenz: Ukraine, Merkels Gest\u00e4ndnis, Atomkrieg und Austausch von But - just-now.NEWS Deutschland\",\"isPartOf\":{\"@id\":\"https:\/\/now-news.de\/de\/#website\"},\"primaryImageOfPage\":{\"@id\":\"https:\/\/now-news.de\/de\/deutschland\/rueckblick-auf-putins-pressekonferenz-ukraine-merkels-gestaendnis-atomkrieg-und-austausch-von-but\/#primaryimage\"},\"image\":{\"@id\":\"https:\/\/now-news.de\/de\/deutschland\/rueckblick-auf-putins-pressekonferenz-ukraine-merkels-gestaendnis-atomkrieg-und-austausch-von-but\/#primaryimage\"},\"thumbnailUrl\":\"https:\/\/now-news.de\/de\/wp-content\/uploads\/sites\/3\/2022\/12\/Rueckblick-auf-Putins-Pressekonferenz-Ukraine-Merkels-Gestaendnis-Atomkrieg-und-Austausch.jpg\",\"datePublished\":\"2022-12-10T17:49:52+00:00\",\"dateModified\":\"2022-12-10T17:49:52+00:00\",\"breadcrumb\":{\"@id\":\"https:\/\/now-news.de\/de\/deutschland\/rueckblick-auf-putins-pressekonferenz-ukraine-merkels-gestaendnis-atomkrieg-und-austausch-von-but\/#breadcrumb\"},\"inLanguage\":\"de\",\"potentialAction\":[{\"@type\":\"ReadAction\",\"target\":[\"https:\/\/now-news.de\/de\/deutschland\/rueckblick-auf-putins-pressekonferenz-ukraine-merkels-gestaendnis-atomkrieg-und-austausch-von-but\/\"]}]},{\"@type\":\"ImageObject\",\"inLanguage\":\"de\",\"@id\":\"https:\/\/now-news.de\/de\/deutschland\/rueckblick-auf-putins-pressekonferenz-ukraine-merkels-gestaendnis-atomkrieg-und-austausch-von-but\/#primaryimage\",\"url\":\"https:\/\/now-news.de\/de\/wp-content\/uploads\/sites\/3\/2022\/12\/Rueckblick-auf-Putins-Pressekonferenz-Ukraine-Merkels-Gestaendnis-Atomkrieg-und-Austausch.jpg\",\"contentUrl\":\"https:\/\/now-news.de\/de\/wp-content\/uploads\/sites\/3\/2022\/12\/Rueckblick-auf-Putins-Pressekonferenz-Ukraine-Merkels-Gestaendnis-Atomkrieg-und-Austausch.jpg\",\"width\":460,\"height\":259,\"caption\":\"R\u00fcckblick auf Putins Pressekonferenz: Ukraine, Merkels Gest\u00e4ndnis, Atomkrieg und Austausch von But\"},{\"@type\":\"BreadcrumbList\",\"@id\":\"https:\/\/now-news.de\/de\/deutschland\/rueckblick-auf-putins-pressekonferenz-ukraine-merkels-gestaendnis-atomkrieg-und-austausch-von-but\/#breadcrumb\",\"itemListElement\":[{\"@type\":\"ListItem\",\"position\":1,\"name\":\"Home\",\"item\":\"https:\/\/now-news.de\/de\/\"},{\"@type\":\"ListItem\",\"position\":2,\"name\":\"R\u00fcckblick auf Putins Pressekonferenz: Ukraine, Merkels Gest\u00e4ndnis, Atomkrieg und Austausch von But\"}]},{\"@type\":\"WebSite\",\"@id\":\"https:\/\/now-news.de\/de\/#website\",\"url\":\"https:\/\/now-news.de\/de\/\",\"name\":\"just-now.NEWS Deutschland\",\"description\":\"Das Portal f\u00fcr unzensierte Nachrichten aus der Welt\",\"publisher\":{\"@id\":\"https:\/\/now-news.de\/de\/#organization\"},\"potentialAction\":[{\"@type\":\"SearchAction\",\"target\":{\"@type\":\"EntryPoint\",\"urlTemplate\":\"https:\/\/now-news.de\/de\/?s={search_term_string}\"},\"query-input\":\"required name=search_term_string\"}],\"inLanguage\":\"de\"},{\"@type\":\"Organization\",\"@id\":\"https:\/\/now-news.de\/de\/#organization\",\"name\":\"Just Now News\",\"url\":\"https:\/\/now-news.de\/de\/\",\"logo\":{\"@type\":\"ImageObject\",\"inLanguage\":\"de\",\"@id\":\"https:\/\/now-news.de\/de\/#\/schema\/logo\/image\/\",\"url\":\"http:\/\/just-now.news\/de\/wp-content\/uploads\/sites\/3\/2022\/04\/logo500x500.jpg\",\"contentUrl\":\"http:\/\/just-now.news\/de\/wp-content\/uploads\/sites\/3\/2022\/04\/logo500x500.jpg\",\"width\":500,\"height\":500,\"caption\":\"Just Now News\"},\"image\":{\"@id\":\"https:\/\/now-news.de\/de\/#\/schema\/logo\/image\/\"},\"sameAs\":[\"https:\/\/www.facebook.com\/wirmachenauf\",\"https:\/\/x.com\/WirMachenAuf_de\"]},{\"@type\":\"Person\",\"@id\":\"https:\/\/now-news.de\/de\/#\/schema\/person\/fb534a4e865501d8b3285208df34a9b5\",\"name\":\"rtnews\",\"image\":{\"@type\":\"ImageObject\",\"inLanguage\":\"de\",\"@id\":\"https:\/\/now-news.de\/de\/#\/schema\/person\/image\/\",\"url\":\"https:\/\/secure.gravatar.com\/avatar\/82aafea7d8127119dd649515f56e2117?s=96&d=mm&r=g\",\"contentUrl\":\"https:\/\/secure.gravatar.com\/avatar\/82aafea7d8127119dd649515f56e2117?s=96&d=mm&r=g\",\"caption\":\"rtnews\"},\"url\":\"https:\/\/now-news.de\/de\/author\/rnews\/\"}]}<\/script>\n<!-- \/ Yoast SEO Premium plugin. -->","yoast_head_json":{"title":"R\u00fcckblick auf Putins Pressekonferenz: Ukraine, Merkels Gest\u00e4ndnis, Atomkrieg und Austausch von But - just-now.NEWS Deutschland","robots":{"index":"index","follow":"follow","max-snippet":"max-snippet:-1","max-image-preview":"max-image-preview:large","max-video-preview":"max-video-preview:-1"},"canonical":"https:\/\/now-news.de\/de\/deutschland\/rueckblick-auf-putins-pressekonferenz-ukraine-merkels-gestaendnis-atomkrieg-und-austausch-von-but\/","og_locale":"de_DE","og_type":"article","og_title":"R\u00fcckblick auf Putins Pressekonferenz: Ukraine, Merkels Gest\u00e4ndnis, Atomkrieg und Austausch von But","og_description":"Nach dem EAWU-Gipfel in Kirgistan beantwortete Wladimir Putin die Fragen der Journalisten. Es ging um den Ukraine-Konflikt, die Gefahr eines Atomkriegs sowie um die Aussagen Merkels zu den Minsker Abkommen. Auch der Austausch von Wiktor But war Thema. Am 9. Dezember hat in Bischkek, der Hauptstadt der Kirgisischen Republik, ein Gipfel der Eurasischen Wirtschaftsunion (EAWU) [&hellip;]","og_url":"https:\/\/now-news.de\/de\/deutschland\/rueckblick-auf-putins-pressekonferenz-ukraine-merkels-gestaendnis-atomkrieg-und-austausch-von-but\/","og_site_name":"just-now.NEWS Deutschland","article_publisher":"https:\/\/www.facebook.com\/wirmachenauf","article_published_time":"2022-12-10T17:49:52+00:00","og_image":[{"width":460,"height":259,"url":"https:\/\/now-news.de\/de\/wp-content\/uploads\/sites\/3\/2022\/12\/Rueckblick-auf-Putins-Pressekonferenz-Ukraine-Merkels-Gestaendnis-Atomkrieg-und-Austausch.jpg","type":"image\/jpeg"}],"author":"rtnews","twitter_card":"summary_large_image","twitter_creator":"@WirMachenAuf_de","twitter_site":"@WirMachenAuf_de","twitter_misc":{"Verfasst von":"rtnews","Gesch\u00e4tzte Lesezeit":"4\u00a0Minuten"},"schema":{"@context":"https:\/\/schema.org","@graph":[{"@type":"Article","@id":"https:\/\/now-news.de\/de\/deutschland\/rueckblick-auf-putins-pressekonferenz-ukraine-merkels-gestaendnis-atomkrieg-und-austausch-von-but\/#article","isPartOf":{"@id":"https:\/\/now-news.de\/de\/deutschland\/rueckblick-auf-putins-pressekonferenz-ukraine-merkels-gestaendnis-atomkrieg-und-austausch-von-but\/"},"author":{"name":"rtnews","@id":"https:\/\/now-news.de\/de\/#\/schema\/person\/fb534a4e865501d8b3285208df34a9b5"},"headline":"R\u00fcckblick auf Putins Pressekonferenz: Ukraine, Merkels Gest\u00e4ndnis, Atomkrieg und Austausch von But","datePublished":"2022-12-10T17:49:52+00:00","dateModified":"2022-12-10T17:49:52+00:00","mainEntityOfPage":{"@id":"https:\/\/now-news.de\/de\/deutschland\/rueckblick-auf-putins-pressekonferenz-ukraine-merkels-gestaendnis-atomkrieg-und-austausch-von-but\/"},"wordCount":845,"commentCount":0,"publisher":{"@id":"https:\/\/now-news.de\/de\/#organization"},"image":{"@id":"https:\/\/now-news.de\/de\/deutschland\/rueckblick-auf-putins-pressekonferenz-ukraine-merkels-gestaendnis-atomkrieg-und-austausch-von-but\/#primaryimage"},"thumbnailUrl":"https:\/\/now-news.de\/de\/wp-content\/uploads\/sites\/3\/2022\/12\/Rueckblick-auf-Putins-Pressekonferenz-Ukraine-Merkels-Gestaendnis-Atomkrieg-und-Austausch.jpg","keywords":["atomkrieg","AUF","Austausch","Gest\u00e4ndnis","Merkels","Pressekonferenz","Putins","R\u00dcCKBLICK","ukraine","und","von"],"articleSection":["Deutschland","Russland"],"inLanguage":"de","potentialAction":[{"@type":"CommentAction","name":"Comment","target":["https:\/\/now-news.de\/de\/deutschland\/rueckblick-auf-putins-pressekonferenz-ukraine-merkels-gestaendnis-atomkrieg-und-austausch-von-but\/#respond"]}]},{"@type":"WebPage","@id":"https:\/\/now-news.de\/de\/deutschland\/rueckblick-auf-putins-pressekonferenz-ukraine-merkels-gestaendnis-atomkrieg-und-austausch-von-but\/","url":"https:\/\/now-news.de\/de\/deutschland\/rueckblick-auf-putins-pressekonferenz-ukraine-merkels-gestaendnis-atomkrieg-und-austausch-von-but\/","name":"R\u00fcckblick auf Putins Pressekonferenz: Ukraine, Merkels Gest\u00e4ndnis, Atomkrieg und Austausch von But - just-now.NEWS Deutschland","isPartOf":{"@id":"https:\/\/now-news.de\/de\/#website"},"primaryImageOfPage":{"@id":"https:\/\/now-news.de\/de\/deutschland\/rueckblick-auf-putins-pressekonferenz-ukraine-merkels-gestaendnis-atomkrieg-und-austausch-von-but\/#primaryimage"},"image":{"@id":"https:\/\/now-news.de\/de\/deutschland\/rueckblick-auf-putins-pressekonferenz-ukraine-merkels-gestaendnis-atomkrieg-und-austausch-von-but\/#primaryimage"},"thumbnailUrl":"https:\/\/now-news.de\/de\/wp-content\/uploads\/sites\/3\/2022\/12\/Rueckblick-auf-Putins-Pressekonferenz-Ukraine-Merkels-Gestaendnis-Atomkrieg-und-Austausch.jpg","datePublished":"2022-12-10T17:49:52+00:00","dateModified":"2022-12-10T17:49:52+00:00","breadcrumb":{"@id":"https:\/\/now-news.de\/de\/deutschland\/rueckblick-auf-putins-pressekonferenz-ukraine-merkels-gestaendnis-atomkrieg-und-austausch-von-but\/#breadcrumb"},"inLanguage":"de","potentialAction":[{"@type":"ReadAction","target":["https:\/\/now-news.de\/de\/deutschland\/rueckblick-auf-putins-pressekonferenz-ukraine-merkels-gestaendnis-atomkrieg-und-austausch-von-but\/"]}]},{"@type":"ImageObject","inLanguage":"de","@id":"https:\/\/now-news.de\/de\/deutschland\/rueckblick-auf-putins-pressekonferenz-ukraine-merkels-gestaendnis-atomkrieg-und-austausch-von-but\/#primaryimage","url":"https:\/\/now-news.de\/de\/wp-content\/uploads\/sites\/3\/2022\/12\/Rueckblick-auf-Putins-Pressekonferenz-Ukraine-Merkels-Gestaendnis-Atomkrieg-und-Austausch.jpg","contentUrl":"https:\/\/now-news.de\/de\/wp-content\/uploads\/sites\/3\/2022\/12\/Rueckblick-auf-Putins-Pressekonferenz-Ukraine-Merkels-Gestaendnis-Atomkrieg-und-Austausch.jpg","width":460,"height":259,"caption":"R\u00fcckblick auf Putins Pressekonferenz: Ukraine, Merkels Gest\u00e4ndnis, Atomkrieg und Austausch von But"},{"@type":"BreadcrumbList","@id":"https:\/\/now-news.de\/de\/deutschland\/rueckblick-auf-putins-pressekonferenz-ukraine-merkels-gestaendnis-atomkrieg-und-austausch-von-but\/#breadcrumb","itemListElement":[{"@type":"ListItem","position":1,"name":"Home","item":"https:\/\/now-news.de\/de\/"},{"@type":"ListItem","position":2,"name":"R\u00fcckblick auf Putins Pressekonferenz: Ukraine, Merkels Gest\u00e4ndnis, Atomkrieg und Austausch von But"}]},{"@type":"WebSite","@id":"https:\/\/now-news.de\/de\/#website","url":"https:\/\/now-news.de\/de\/","name":"just-now.NEWS Deutschland","description":"Das Portal f\u00fcr unzensierte Nachrichten aus der Welt","publisher":{"@id":"https:\/\/now-news.de\/de\/#organization"},"potentialAction":[{"@type":"SearchAction","target":{"@type":"EntryPoint","urlTemplate":"https:\/\/now-news.de\/de\/?s={search_term_string}"},"query-input":"required name=search_term_string"}],"inLanguage":"de"},{"@type":"Organization","@id":"https:\/\/now-news.de\/de\/#organization","name":"Just Now News","url":"https:\/\/now-news.de\/de\/","logo":{"@type":"ImageObject","inLanguage":"de","@id":"https:\/\/now-news.de\/de\/#\/schema\/logo\/image\/","url":"http:\/\/just-now.news\/de\/wp-content\/uploads\/sites\/3\/2022\/04\/logo500x500.jpg","contentUrl":"http:\/\/just-now.news\/de\/wp-content\/uploads\/sites\/3\/2022\/04\/logo500x500.jpg","width":500,"height":500,"caption":"Just Now News"},"image":{"@id":"https:\/\/now-news.de\/de\/#\/schema\/logo\/image\/"},"sameAs":["https:\/\/www.facebook.com\/wirmachenauf","https:\/\/x.com\/WirMachenAuf_de"]},{"@type":"Person","@id":"https:\/\/now-news.de\/de\/#\/schema\/person\/fb534a4e865501d8b3285208df34a9b5","name":"rtnews","image":{"@type":"ImageObject","inLanguage":"de","@id":"https:\/\/now-news.de\/de\/#\/schema\/person\/image\/","url":"https:\/\/secure.gravatar.com\/avatar\/82aafea7d8127119dd649515f56e2117?s=96&d=mm&r=g","contentUrl":"https:\/\/secure.gravatar.com\/avatar\/82aafea7d8127119dd649515f56e2117?s=96&d=mm&r=g","caption":"rtnews"},"url":"https:\/\/now-news.de\/de\/author\/rnews\/"}]}},"_links":{"self":[{"href":"https:\/\/now-news.de\/de\/wp-json\/wp\/v2\/posts\/25152"}],"collection":[{"href":"https:\/\/now-news.de\/de\/wp-json\/wp\/v2\/posts"}],"about":[{"href":"https:\/\/now-news.de\/de\/wp-json\/wp\/v2\/types\/post"}],"author":[{"embeddable":true,"href":"https:\/\/now-news.de\/de\/wp-json\/wp\/v2\/users\/3"}],"replies":[{"embeddable":true,"href":"https:\/\/now-news.de\/de\/wp-json\/wp\/v2\/comments?post=25152"}],"version-history":[{"count":0,"href":"https:\/\/now-news.de\/de\/wp-json\/wp\/v2\/posts\/25152\/revisions"}],"wp:featuredmedia":[{"embeddable":true,"href":"https:\/\/now-news.de\/de\/wp-json\/wp\/v2\/media\/25153"}],"wp:attachment":[{"href":"https:\/\/now-news.de\/de\/wp-json\/wp\/v2\/media?parent=25152"}],"wp:term":[{"taxonomy":"category","embeddable":true,"href":"https:\/\/now-news.de\/de\/wp-json\/wp\/v2\/categories?post=25152"},{"taxonomy":"post_tag","embeddable":true,"href":"https:\/\/now-news.de\/de\/wp-json\/wp\/v2\/tags?post=25152"}],"curies":[{"name":"wp","href":"https:\/\/api.w.org\/{rel}","templated":true}]}}