{"id":25121,"date":"2022-12-09T22:00:00","date_gmt":"2022-12-09T20:00:00","guid":{"rendered":"http:\/\/just-now.news\/de\/deutschland\/krisen-und-insolvenzticker-selbst-im-eu-parlament-hauseigenem-rentenfonds-droht-pleite\/"},"modified":"2022-12-09T22:00:00","modified_gmt":"2022-12-09T20:00:00","slug":"krisen-und-insolvenzticker-selbst-im-eu-parlament-hauseigenem-rentenfonds-droht-pleite","status":"publish","type":"post","link":"https:\/\/now-news.de\/de\/deutschland\/krisen-und-insolvenzticker-selbst-im-eu-parlament-hauseigenem-rentenfonds-droht-pleite\/","title":{"rendered":"Krisen- und Insolvenzticker \u2013 Selbst im EU-Parlament: Hauseigenem Rentenfonds droht Pleite"},"content":{"rendered":"<div class=\"Text-root Text-type_1 \">\n                Die deutsche Wirtschaft rutscht immer tiefer in die Krise. Unter dem Druck dramatisch steigender Energiekosten und anderer ung\u00fcnstiger Rahmenbedingungen sind allein in diesem Jahr tausende Unternehmen insolvent gegangen. Wir fassen in diesem Ticker die wichtigsten Entwicklungen und Neuigkeiten zusammen.\n            <\/div>\n<p><\/p>\n<div class=\"ArticleView-liveUpdates\">\n<div class=\"LiveUpdates-root\">\n<div class=\"LiveUpdates-content\">\n<ul class=\"LiveUpdates-list Listing-root\" data-listing=\"LiveUpdates\" data-count=\"10\">\n<li class=\"LiveUpdates-item Listing-item\">\n<div class=\"LiveUpdates-date\">\n<p class=\"HeaderNews-root HeaderNews-type_2 \">\n                9.12.2022 20:09 Uhr\n            <\/p>\n<\/div>\n<div class=\"LiveUpdate-root\">\n<div class=\"LiveUpdate-date\">\n<p class=\"HeaderNews-root HeaderNews-type_6 \">\n                20:09 Uhr\n            <\/p>\n<\/div>\n<div class=\"LiveUpdate-content\">\n<div class=\"LiveUpdate-text\">\n<div class=\"Text-root Text-type_5 ViewText-root\">\n<p><strong>Selbst im EU-Parlament: Hauseigenem Rentenfonds droht Pleite<\/strong><\/p>\n<figure class=\"RTImage-root\">\n<div class=\"RTImage-image RTImage-original\"><picture class=\"Picture-root Picture-original\"><!--[if IE 9]><video style=\"display: none;\"><![endif]--><source media=\"(-webkit-min-device-pixel-ratio: 2) and (min-resolution: 120dpi)\" data-srcset=\" \nhttp:\/\/just-now.news\/de\/wp-content\/uploads\/sites\/3\/2022\/12\/639382a648fbef4b277362d0.jpg 850w,\n                http:\/\/just-now.news\/de\/wp-content\/uploads\/sites\/3\/2022\/12\/1670622545_382_639382a648fbef4b277362d0.jpg 1960w,\n            \" ><source data-srcset=\" \nhttp:\/\/just-now.news\/de\/wp-content\/uploads\/sites\/3\/2022\/12\/639382a648fbef4b277362d0.jpg 460w,\n              http:\/\/just-now.news\/de\/wp-content\/uploads\/sites\/3\/2022\/12\/1670622545_382_639382a648fbef4b277362d0.jpg 980w,\n            \" ><!--[if IE 9]><\/video><![endif]--><img decoding=\"async\" data- src=\"data:image\/png;base64,iVBORw0KGgoAAAANSUhEUgAAABAAAAAJCAQAAACRI2S5AAAAEElEQVR42mNkIAAYRxWAAQAG9gAKqv6+AwAAAABJRU5ErkJggg==\" class=\"Picture-root Picture-original lazyload\" data-src=\"http:\/\/just-now.news\/de\/wp-content\/uploads\/sites\/3\/2022\/12\/639382a648fbef4b277362d0.jpg\" alt=\"\"><\/source><\/source><\/picture><!-- noscript pattern --><noscript><img decoding=\"async\" src=\"http:\/\/just-now.news\/de\/wp-content\/uploads\/sites\/3\/2022\/12\/1670622545_382_639382a648fbef4b277362d0.jpg\" alt=\"\"><\/noscript><\/div><figcaption class=\"RTImage-footer\"><span class=\"RTImage-caption\"><span class=\"RTImage-captionItem\">Stra\u00dfenszene vor dem Eingang des Europ\u00e4ischen Parlaments in Br\u00fcssel, 9. Dezember 2022 (Symbolbild)<\/span><\/span><span class=\"RTImage-source\"><span class=\"RTImage-captionItem\">Kenzo TRIBOUILLARD \/ AFP<\/span><span class=\"RTImage-captionItem\"> \/ AFP<\/span><\/span><\/figcaption><\/figure>\n<p>Seit Jahrzehnten preist die neoliberale Politik als angeblich sichere und bessere Alternative zum bew\u00e4hrten Umlagesystem gewinnorientierte, kapitalgedeckte Rentenversicherungen an. Nun droht ausgerechnet einem speziellen Rentenfonds f\u00fcr EU-Parlamentarier, die nicht gerade zu den Geringverdienern geh\u00f6ren, die Zahlungsunf\u00e4higkeit.<\/p>\n<p>Dies best\u00e4tigte die EU-Abgeordnete Monika Hohlmeier (CSU) gegen\u00fcber der <em>dpa<\/em> am Freitag. Demnach verf\u00fcge der Fonds nur noch \u00fcber Anlagen im Wert von 84 Millionen Euro, ben\u00f6tige jedoch langfristig 379 Millionen Euro, um die Anspr\u00fcche der Abgeordneten abzudecken. Daher werde er voraussichtlich zwischen 2024 und 2026 pleitegehen. Zuvor hatte die <em>Bild<\/em>-Zeitung das drohende Aus gemeldet.<\/p>\n<p>Die EU-Abgeordneten und das Parlament hatten bis 2009 in den Fonds eingezahlt, um sp\u00e4ter eine zus\u00e4tzliche Pension zu beziehen. Wie viele derzeitige und fr\u00fchere Parlamentarier noch Geld aus dem Fonds beziehen werden, sei jedoch unklar. Sollte der Fonds tats\u00e4chlich zahlungsunf\u00e4hig werden, k\u00f6nnte es notwendig werden, Geld aus dem EU-Haushalt nachzuschie\u00dfen.<\/p>\n<p><em>&#8220;Die Art und Weise, wie es mit dem freiwilligen Pensionsfonds weitergehen soll, kann man mit der Quadratur des Kreises vergleichen. Keiner wird mit der L\u00f6sung zufrieden sein&#8221;,<\/em><\/p>\n<p>sagte Hohlmeier der <em>dpa<\/em>. Einerseits gebe es ehemalige Abgeordnete oder deren Hinterbliebene, die fest mit den Zahlungen aus dem Pensionsfonds rechneten.<\/p>\n<p><em>&#8220;Andererseits gibt es die mehr als berechtigten Anspr\u00fcche der Steuerzahler, dass der Fonds nicht einfach mit vielen Millionen gest\u00fctzt wird, um das fehlerhafte Management des Fonds und Fehler in seiner Abwicklung auszugleichen&#8221;,<\/em><\/p>\n<p>so die CSU-Politikerin.<\/p>\n<p>Der Europ\u00e4ische Gerichtshof (EuGH) hatte bereits im September die Anspr\u00fcche aus dem Fonds gek\u00fcrzt. Hohlmeier forderte, die Abwicklung des Fonds m\u00fcsse nun auf eine faire, vertretbare und rechtlich abgesicherte Weise passieren.<\/p>\n<p><em>(rt\/dpa)<\/em><\/p>\n<\/div>\n<\/div>\n<\/div>\n<\/div>\n<\/li>\n<li class=\"LiveUpdates-item Listing-item\">\n<div class=\"LiveUpdates-date\">\n<p class=\"HeaderNews-root HeaderNews-type_2 \">\n                8.12.2022 19:05 Uhr\n            <\/p>\n<\/div>\n<div class=\"LiveUpdate-root\">\n<div class=\"LiveUpdate-date\">\n<p class=\"HeaderNews-root HeaderNews-type_6 \">\n                19:05 Uhr\n            <\/p>\n<\/div>\n<div class=\"LiveUpdate-content\">\n<div class=\"LiveUpdate-text\">\n<div class=\"Text-root Text-type_5 ViewText-root\">\n<p><strong>Mehr Insolvenzen im November \u2013 h\u00f6chster Wert in 2022<\/strong><br \/><em><\/em><\/p>\n<figure class=\"RTImage-root\">\n<div class=\"RTImage-image RTImage-original\"><picture class=\"Picture-root Picture-original\"><!--[if IE 9]><video style=\"display: none;\"><![endif]--><source media=\"(-webkit-min-device-pixel-ratio: 2) and (min-resolution: 120dpi)\" data-srcset=\" \nhttp:\/\/just-now.news\/de\/wp-content\/uploads\/sites\/3\/2022\/12\/6391f89248fbef32dd25df63.jpg 850w,\n                http:\/\/just-now.news\/de\/wp-content\/uploads\/sites\/3\/2022\/12\/6391f89248fbef32dd25df63.jpg 1960w,\n            \" ><source data-srcset=\" \nhttp:\/\/just-now.news\/de\/wp-content\/uploads\/sites\/3\/2022\/12\/6391f89248fbef32dd25df63.jpg 460w,\n              http:\/\/just-now.news\/de\/wp-content\/uploads\/sites\/3\/2022\/12\/6391f89248fbef32dd25df63.jpg 980w,\n            \" ><!--[if IE 9]><\/video><![endif]--><img decoding=\"async\" data- src=\"data:image\/png;base64,iVBORw0KGgoAAAANSUhEUgAAABAAAAAJCAQAAACRI2S5AAAAEElEQVR42mNkIAAYRxWAAQAG9gAKqv6+AwAAAABJRU5ErkJggg==\" class=\"Picture-root Picture-original lazyload\" data-src=\"http:\/\/just-now.news\/de\/wp-content\/uploads\/sites\/3\/2022\/12\/6391f89248fbef32dd25df63.jpg\" alt=\"\"><\/source><\/source><\/picture><!-- noscript pattern --><noscript><img decoding=\"async\" src=\"http:\/\/just-now.news\/de\/wp-content\/uploads\/sites\/3\/2022\/12\/6391f89248fbef32dd25df63.jpg\" alt=\"\"><\/noscript><\/div><figcaption class=\"RTImage-footer\"><span class=\"RTImage-caption\"><span class=\"RTImage-captionItem\">Symbolbild<\/span><\/span><span class=\"RTImage-source\"><span class=\"RTImage-captionItem\">Matthias Stolt \/ CHROMORANGE<\/span><span class=\"RTImage-captionItem\"> \/ www.globallookpress.com<\/span><\/span><\/figcaption><\/figure>\n<p>In Deutschland ist die Zahl der Insolvenzen im November auf den bisher h\u00f6chsten Wert in diesem Jahr gestiegen. Wie das Leibniz-Institut f\u00fcr Wirtschaftsforschung Halle (IWH) am Donnerstag mitteilte, waren 808 Personen- und Kapitalgesellschaften betroffen. Das waren 86 mehr als im Oktober mit 722 Insolvenzen.<\/p>\n<p>Die Zahl f\u00fcr November liegt knapp ein Viertel (23 Prozent) \u00fcber dem Niveau des Vorjahresmonats. Allein bei den gr\u00f6\u00dften 10 Prozent der Unternehmen, deren\u00a0Insolvenz\u00a0im November gemeldet wurde, waren den Angaben zufolge gut 9.000 Arbeitspl\u00e4tze betroffen. Diese Zahl liege damit deutlich \u00fcber dem Niveau der letzten zw\u00f6lf Monate.<\/p>\n<p><em>(dpa\/rt de)<\/em><\/p>\n<\/p>\n<\/div>\n<\/div>\n<\/div>\n<\/div>\n<\/li>\n<li class=\"LiveUpdates-item Listing-item\">\n<div class=\"LiveUpdate-root\">\n<div class=\"LiveUpdate-date\">\n<p class=\"HeaderNews-root HeaderNews-type_6 \">\n                17:05 Uhr\n            <\/p>\n<\/div>\n<div class=\"LiveUpdate-content\">\n<div class=\"LiveUpdate-text\">\n<div class=\"Text-root Text-type_5 ViewText-root\">\n<p><strong>Netzagentur: Haushalte und Industrie sparen nicht genug<\/strong><\/p>\n<figure class=\"RTImage-root\">\n<div class=\"RTImage-image RTImage-original\"><picture class=\"Picture-root Picture-original\"><!--[if IE 9]><video style=\"display: none;\"><![endif]--><source media=\"(-webkit-min-device-pixel-ratio: 2) and (min-resolution: 120dpi)\" data-srcset=\" \nhttp:\/\/just-now.news\/de\/wp-content\/uploads\/sites\/3\/2022\/12\/63920295b480cc6f3714d19a.jpg 850w,\n                http:\/\/just-now.news\/de\/wp-content\/uploads\/sites\/3\/2022\/12\/63920295b480cc6f3714d19a.jpg 1960w,\n            \" ><source data-srcset=\" \nhttp:\/\/just-now.news\/de\/wp-content\/uploads\/sites\/3\/2022\/12\/63920295b480cc6f3714d19a.jpg 460w,\n              http:\/\/just-now.news\/de\/wp-content\/uploads\/sites\/3\/2022\/12\/63920295b480cc6f3714d19a.jpg 980w,\n            \" ><!--[if IE 9]><\/video><![endif]--><img decoding=\"async\" data- src=\"data:image\/png;base64,iVBORw0KGgoAAAANSUhEUgAAABAAAAAJCAQAAACRI2S5AAAAEElEQVR42mNkIAAYRxWAAQAG9gAKqv6+AwAAAABJRU5ErkJggg==\" class=\"Picture-root Picture-original lazyload\" data-src=\"http:\/\/just-now.news\/de\/wp-content\/uploads\/sites\/3\/2022\/12\/63920295b480cc6f3714d19a.jpg\" alt=\"\"><\/source><\/source><\/picture><!-- noscript pattern --><noscript><img decoding=\"async\" src=\"http:\/\/just-now.news\/de\/wp-content\/uploads\/sites\/3\/2022\/12\/63920295b480cc6f3714d19a.jpg\" alt=\"\"><\/noscript><\/div><figcaption class=\"RTImage-footer\"><span class=\"RTImage-caption\"><span class=\"RTImage-captionItem\">Winter in der Stadt (Symbolbild)  7.12.2022<\/span><\/span><span class=\"RTImage-source\"><span class=\"RTImage-captionItem\">Maksim Konstantinov \/ Global Look Press<\/span><span class=\"RTImage-captionItem\"> \/ www.globallookpress.com<\/span><\/span><\/figcaption><\/figure>\n<p>Haushalte und Industrie haben in der vergangenen Woche laut Bundesnetzagentur zu viel Gas verbraucht. <em>&#8220;Es ist k\u00e4lter geworden, und wir haben das Einsparziel in der letzten Woche deutlich verfehlt&#8221;<\/em>, sagte Beh\u00f6rdenpr\u00e4sident Klaus M\u00fcller der Deutschen Presse-Agentur <em>dpa<\/em> am Donnerstag.<\/p>\n<p><em>&#8220;Es bleibt dabei, dass wir \u00fcber den Winter mindestens 20 Prozent Gas einsparen m\u00fcssen. In der letzten Woche waren es gerade noch 13 Prozent.&#8221;<\/em> Bei den Haushalten lasse sich dies mit den niedrigen Temperaturen erkl\u00e4ren. Temperaturbereinigt liege der Verbrauch nur noch 16,5 Prozent unter dem Durchschnitt der letzten vier Jahre. Auch in der Industrie sei erstmals seit vielen Wochen zu viel Gas verbraucht worden.<\/p>\n<p>&#8220;Ich bitte alle Verbraucher dringend, Gas weiter sehr sparsam zu nutzen.&#8221; Eine Gasmangellage scheine im Moment zwar unwahrscheinlicher zu sein, aber die Gefahr sei nicht gebannt. &#8220;Wir d\u00fcrfen nicht leichtsinnig werden&#8221;, sagte M\u00fcller.<\/p>\n<p>Die prognostizierte Temperatur f\u00fcr diese Woche liegt laut Netzagentur 2,4 Grad unter dem Durchschnitt der letzten vier Jahre. &#8220;Es ist daher mit einem deutlichen Mehrverbrauch zu rechnen&#8221;, hie\u00df es im Gaslagebericht.<\/p>\n<\/div>\n<\/div>\n<\/div>\n<\/div>\n<\/li>\n<li class=\"LiveUpdates-item Listing-item\">\n<div class=\"LiveUpdate-root\">\n<div class=\"LiveUpdate-date\">\n<p class=\"HeaderNews-root HeaderNews-type_6 \">\n                16:10 Uhr\n            <\/p>\n<\/div>\n<div class=\"LiveUpdate-content\">\n<div class=\"LiveUpdate-text\">\n<div class=\"Text-root Text-type_5 ViewText-root\">\n<p><strong>Chef der EU-Staaten legen fest: Bargeldobergrenze kommt \u00a0\u2013 auch Kryptow\u00e4hrungen betroffen<\/strong><\/p>\n<figure class=\"RTImage-root\">\n<div class=\"RTImage-image RTImage-original\"><picture class=\"Picture-root Picture-original\"><!--[if IE 9]><video style=\"display: none;\"><![endif]--><source media=\"(-webkit-min-device-pixel-ratio: 2) and (min-resolution: 120dpi)\" data-srcset=\" \nhttp:\/\/just-now.news\/de\/wp-content\/uploads\/sites\/3\/2022\/12\/6391f5a948fbef3db464687b.jpg 850w,\n                http:\/\/just-now.news\/de\/wp-content\/uploads\/sites\/3\/2022\/12\/6391f5a948fbef3db464687b.jpg 1960w,\n            \" ><source data-srcset=\" \nhttp:\/\/just-now.news\/de\/wp-content\/uploads\/sites\/3\/2022\/12\/6391f5a948fbef3db464687b.jpg 460w,\n              http:\/\/just-now.news\/de\/wp-content\/uploads\/sites\/3\/2022\/12\/6391f5a948fbef3db464687b.jpg 980w,\n            \" ><!--[if IE 9]><\/video><![endif]--><img decoding=\"async\" data- src=\"data:image\/png;base64,iVBORw0KGgoAAAANSUhEUgAAABAAAAAJCAQAAACRI2S5AAAAEElEQVR42mNkIAAYRxWAAQAG9gAKqv6+AwAAAABJRU5ErkJggg==\" class=\"Picture-root Picture-original lazyload\" data-src=\"http:\/\/just-now.news\/de\/wp-content\/uploads\/sites\/3\/2022\/12\/6391f5a948fbef3db464687b.jpg\" alt=\"\"><\/source><\/source><\/picture><!-- noscript pattern --><noscript><img decoding=\"async\" src=\"http:\/\/just-now.news\/de\/wp-content\/uploads\/sites\/3\/2022\/12\/6391f5a948fbef3db464687b.jpg\" alt=\"\"><\/noscript><\/div><figcaption class=\"RTImage-footer\"><span class=\"RTImage-caption\"><span class=\"RTImage-captionItem\">Bargeldverbot ( Symbolfoto)<\/span><\/span><span class=\"RTImage-source\"><span class=\"RTImage-captionItem\">Imago<\/span><span class=\"RTImage-captionItem\"> \/ www.globallookpress.com<\/span><\/span><\/figcaption><\/figure>\n<p>Die Finanzminister\u00a0der EU-Mitgliedsstaaten haben sich auf eine gemeinsame Position bei den neuen Gesetzen &#8220;gegen die Finanzierung von Terrorismus und Geldw\u00e4sche&#8221; <a rel=\"nofollow noopener\" target=\"_blank\" href=\"https:\/\/www.mdr.de\/nachrichten\/welt\/politik\/bargeld-obergrenze-eu-staaten-100.html\">geeinigt<\/a>. Dabei geht es den B\u00fcrgern an das Bargeld: So gab der tschechische Finanzminister Zbyn\u011bk Stanjura, der die Verhandlungen im Rat leitete, bekannt: &#8220;Gro\u00dfe Bargeldzahlungen \u00fcber 10.000 Euro werden unm\u00f6glich sein.&#8221; Dazu kommen Beschr\u00e4nkungen f\u00fcr Kryptow\u00e4hrungen wie Bitcoin.\u00a0\u00dcber Konkretes\u00a0muss sich das EU-Parlament\u00a0aber noch verst\u00e4ndigen, bevor die Staaten und die Abgeordneten dar\u00fcber die Verhandlungen f\u00fchren.<\/p>\n<p>Viele Deutsche sehen diese Entwicklung kritisch: Bundesfinanzminister Christian Lindner (FDP)\u00a0betonte einerseits Anfang der Woche, Bargeld sei auch ein Ausdruck von Privatsph\u00e4re und Datenschutz, andererseits\u00a0twitterte er am 8. November:\u00a0<\/p>\n<p><em>&#8220;Digitales Bargeld kann unseren Alltag leichter machen &amp; ein Wachstumsmotor f\u00fcr die Wirtschaft sein.&#8221;<\/em><\/p>\n<div class=\"EmbedBlock-root EmbedBlock-twitter\">\n<div class=\"TwitterEmbed\">\n<blockquote class=\"twitter-tweet lazyload\" data-twitter=\"twitter-tweet\">\n<p lang=\"de\" dir=\"ltr\">&#8220;Digitales Bargeld&#8221; will Christian Lindner einf\u00fchren: Was nun &#8211; digital oder bar? Der Widerspruch in sich selbst zeigt, dass es ein typisches Schwindelprojekt ist. Es geht um ganz andere Ziele &#8211; n\u00e4mlich Total\u00fcberwachung. <a rel=\"nofollow noopener\" target=\"_blank\" href=\"https:\/\/t.co\/qRzAhmXXJv\">https:\/\/t.co\/qRzAhmXXJv<\/a><\/p>\n<p>\u2014 Roland Tichy (@RolandTichy) <a rel=\"nofollow noopener\" target=\"_blank\" href=\"https:\/\/twitter.com\/RolandTichy\/status\/1590030460809510913?ref_src=twsrc%5Etfw\">November 8, 2022<\/a><\/p><\/blockquote>\n<\/div>\n<\/div>\n<p>Lindner will sich bei der Abstimmung enthalten. Das wird aber nichts daran \u00e4ndern, dass die Bargeldobergrenze kommen wird. Laut dem MDR <a rel=\"nofollow noopener\" target=\"_blank\" href=\"https:\/\/www.mdr.de\/nachrichten\/welt\/politik\/bargeld-obergrenze-eu-staaten-100.html\">\u00e4u\u00dferte<\/a> auch der Bundesbank-Vorstand erhebliche Kritik an der Ma\u00dfnahme.<strong>\u00a0<\/strong>\u00a0<\/p>\n<p>Parallel wird auch Kryptow\u00e4hrungen der Zahn gezogen: Die neuen\u00a0\u00dcberwachungsvorschriften sehen vor, dass Krypto-Dienstleister Informationen \u00fcber ihre Kunden pr\u00fcfen und an die Staaten weitergeben m\u00fcssen. Die Finanzminister der EU-Staaten fordern, dass dies bereits ab Transaktionen von 1.000 Euro\u00a0in Kraft treten soll. Stanjura erg\u00e4nzte diesbez\u00fcglich:<\/p>\n<p><em>&#8220;Es wird sehr viel schwieriger werden, bei K\u00e4ufen und Verk\u00e4ufen von Kryptow\u00e4hrungen anonym zu bleiben.&#8221;<\/em><\/p>\n<p>Auch Unternehmer, die mit Edelmetallen, Steinen und Kulturg\u00fctern sowie mit Juwelen oder Uhren handeln, m\u00fcssten mit mehr \u00dcberwachung und Nachweispflichten rechnen.<\/p>\n<div class=\"EmbedBlock-root EmbedBlock-twitter\">\n<div class=\"TwitterEmbed\">\n<blockquote class=\"twitter-tweet lazyload\" data-twitter=\"twitter-tweet\">\n<p lang=\"de\" dir=\"ltr\">Wurde klammheimlich gestern durchgewunken, w\u00e4hrend diverse <a rel=\"nofollow noopener\" target=\"_blank\" href=\"https:\/\/twitter.com\/hashtag\/Ablenkungsman%C3%B6ver?src=hash&amp;ref_src=twsrc%5Etfw\">#Ablenkungsman\u00f6ver<\/a> und <a rel=\"nofollow noopener\" target=\"_blank\" href=\"https:\/\/twitter.com\/hashtag\/Razzien?src=hash&amp;ref_src=twsrc%5Etfw\">#Razzien<\/a> liefen. Bestimmt nur Zufall. <a rel=\"nofollow noopener\" target=\"_blank\" href=\"https:\/\/twitter.com\/hashtag\/Bargeld?src=hash&amp;ref_src=twsrc%5Etfw\">#Bargeld<\/a><a rel=\"nofollow noopener\" target=\"_blank\" href=\"https:\/\/twitter.com\/hashtag\/bargeldobergrenze?src=hash&amp;ref_src=twsrc%5Etfw\">#bargeldobergrenze<\/a><a rel=\"nofollow noopener\" target=\"_blank\" href=\"https:\/\/twitter.com\/hashtag\/krypto?src=hash&amp;ref_src=twsrc%5Etfw\">#krypto<\/a><a rel=\"nofollow noopener\" target=\"_blank\" href=\"https:\/\/twitter.com\/hashtag\/Lindner?src=hash&amp;ref_src=twsrc%5Etfw\">#Lindner<\/a><a rel=\"nofollow noopener\" target=\"_blank\" href=\"https:\/\/twitter.com\/hashtag\/Umsturz?src=hash&amp;ref_src=twsrc%5Etfw\">#Umsturz<\/a><a rel=\"nofollow noopener\" target=\"_blank\" href=\"https:\/\/t.co\/MJ6DtaYPwX\">https:\/\/t.co\/MJ6DtaYPwX<\/a><\/p>\n<p>\u2014 Kaspar Sachse (\ud83d\udebf\ud83d\udebf\ud83d\udebf geduscht) (@KasparSachse) <a rel=\"nofollow noopener\" target=\"_blank\" href=\"https:\/\/twitter.com\/KasparSachse\/status\/1600846596887007232?ref_src=twsrc%5Etfw\">December 8, 2022<\/a><\/p><\/blockquote>\n<\/div>\n<\/div>\n<p>Hintergrund dieser Ma\u00dfnahmen ist die geplante Verhinderung von Banden- und Clankriminalit\u00e4t, Geldw\u00e4sche und Korruption.<\/p>\n<div class=\"EmbedBlock-root EmbedBlock-twitter\">\n<div class=\"TwitterEmbed\">\n<blockquote class=\"twitter-tweet lazyload\" data-twitter=\"twitter-tweet\">\n<p lang=\"de\" dir=\"ltr\">Wer das <a rel=\"nofollow noopener\" target=\"_blank\" href=\"https:\/\/twitter.com\/hashtag\/Bargeld?src=hash&amp;ref_src=twsrc%5Etfw\">#Bargeld<\/a> abschaffen will, f\u00f6rdert den Weg in den \u00dcberwachungsstaat.<\/p>\n<p>\u2014 Frank Sch\u00e4ffler (@f_schaeffler) <a rel=\"nofollow noopener\" target=\"_blank\" href=\"https:\/\/twitter.com\/f_schaeffler\/status\/1600064616184193025?ref_src=twsrc%5Etfw\">December 6, 2022<\/a><\/p><\/blockquote>\n<\/div>\n<\/div>\n<\/div>\n<\/div>\n<\/div>\n<\/div>\n<\/li>\n<li class=\"LiveUpdates-item Listing-item\">\n<div class=\"LiveUpdate-root\">\n<div class=\"LiveUpdate-date\">\n<p class=\"HeaderNews-root HeaderNews-type_6 \">\n                16:09 Uhr\n            <\/p>\n<\/div>\n<div class=\"LiveUpdate-content\">\n<div class=\"LiveUpdate-text\">\n<div class=\"Text-root Text-type_5 ViewText-root\">\n<p><strong>Bauern wieder mit Gewinnplus &#8211; aber auch vielen Risiken<\/strong><\/p>\n<figure class=\"RTImage-root\">\n<div class=\"RTImage-image RTImage-original\"><picture class=\"Picture-root Picture-original\"><!--[if IE 9]><video style=\"display: none;\"><![endif]--><source media=\"(-webkit-min-device-pixel-ratio: 2) and (min-resolution: 120dpi)\" data-srcset=\" \nhttp:\/\/just-now.news\/de\/wp-content\/uploads\/sites\/3\/2022\/12\/6391fcf1b480cc6e587635a2.jpg 850w,\n                http:\/\/just-now.news\/de\/wp-content\/uploads\/sites\/3\/2022\/12\/6391fcf1b480cc6e587635a2.jpg 1960w,\n            \" ><source data-srcset=\" \nhttp:\/\/just-now.news\/de\/wp-content\/uploads\/sites\/3\/2022\/12\/6391fcf1b480cc6e587635a2.jpg 460w,\n              http:\/\/just-now.news\/de\/wp-content\/uploads\/sites\/3\/2022\/12\/6391fcf1b480cc6e587635a2.jpg 980w,\n            \" ><!--[if IE 9]><\/video><![endif]--><img decoding=\"async\" data- src=\"data:image\/png;base64,iVBORw0KGgoAAAANSUhEUgAAABAAAAAJCAQAAACRI2S5AAAAEElEQVR42mNkIAAYRxWAAQAG9gAKqv6+AwAAAABJRU5ErkJggg==\" class=\"Picture-root Picture-original lazyload\" data-src=\"http:\/\/just-now.news\/de\/wp-content\/uploads\/sites\/3\/2022\/12\/6391fcf1b480cc6e587635a2.jpg\" alt=\"\"><\/source><\/source><\/picture><!-- noscript pattern --><noscript><img decoding=\"async\" src=\"http:\/\/just-now.news\/de\/wp-content\/uploads\/sites\/3\/2022\/12\/6391fcf1b480cc6e587635a2.jpg\" alt=\"\"><\/noscript><\/div><figcaption class=\"RTImage-footer\"><span class=\"RTImage-caption\"><span class=\"RTImage-captionItem\">Bauernhof (Symbolbild) 2.09.2021<\/span><\/span><span class=\"RTImage-source\"><span class=\"RTImage-captionItem\">Petra Nowack \/ www.imago-images.de<\/span><span class=\"RTImage-captionItem\"> \/ www.globallookpress.com<\/span><\/span><\/figcaption><\/figure>\n<p>Die deutschen Landwirte haben wieder deutlich besser verdient, gehen aber wegen teurer Energie und schwankender M\u00e4rkte nur vorsichtig ins neue Jahr. Bauernpr\u00e4sident Joachim Rukwied sagte am Donnerstag, diese Erholung sei nach einer l\u00e4ngeren Durststrecke &#8220;dringend notwendig&#8221;, damit die H\u00f6fe gestiegene Risiken bew\u00e4ltigen k\u00f6nnten. Im Ende Juni abgelaufenen Wirtschaftsjahr 2021\/22\u00a0stiegen die Gewinne der Betriebe im Schnitt auf 79 700 Euro, wie der Verband bilanzierte. Das lag 49 Prozent \u00fcber dem schlechten Vorjahreswert. F\u00fcr Supermarktkunden kommt vorerst keine Preis-Entspannung in Sicht.<\/p>\n<p>Ursache der wieder besseren Ertragslage f\u00fcr die Bauern seien vor allem h\u00f6here Erzeugerpreise f\u00fcr Milch, Ackerfr\u00fcchte und Rindfleisch infolge einer weltweit knappen Versorgungslage seit Herbst 2021. <\/p>\n<p>Im Norden der Republik sei die Entwicklung insgesamt positiver als bei Betrieben in S\u00fcddeutschland. &#8220;Es ist eine gro\u00dfe Herausforderung, in diesen unsicheren Zeiten eine stabile Lebensmittelproduktion zu erhalten.&#8221;<\/p>\n<\/p>\n<\/div>\n<\/div>\n<\/div>\n<\/div>\n<\/li>\n<li class=\"LiveUpdates-item Listing-item\">\n<div class=\"LiveUpdate-root\">\n<div class=\"LiveUpdate-date\">\n<p class=\"HeaderNews-root HeaderNews-type_6 \">\n                14:22 Uhr\n            <\/p>\n<\/div>\n<div class=\"LiveUpdate-content\">\n<div class=\"LiveUpdate-text\">\n<div class=\"Text-root Text-type_5 ViewText-root\">\n<p><strong>Sprit wird immer teurer: Europ\u00e4er steigen schon mal auf \u00d6ko-Fahrzeuge um<\/strong><\/p>\n<p>Sprit wird immer teurer, viele m\u00fcssen ihre Autos bereits \u00f6fter stehen lassen, als ihnen lieb ist \u2013 doch, wen k\u00fcmmerts?<\/p>\n<p>Europa ist eh auf dem Weg zur gr\u00fcnen Energie. Und diese E-Autos werden mit Sicherheit unsere Rettung sein. Wohl bemerkt, das E steht f\u00fcr Esel, nix Elektro!<\/p>\n<p>Verkehrswende wir kommen!<\/p>\n<div class=\"EmbedBlock-root EmbedBlock-externalVideo EmbedBlock-vk\">\n<div class=\"VkEmbed\"><iframe class=\"lazyload\" data-src=\"https:\/\/vk.com\/video_ext.php?oid=-134310637&amp;id=456261160&amp;hash=414c77580c286f77\" frameborder=\"0\" width=\"853\" height=\"480\" allowfullscreen><\/iframe><\/div>\n<\/div>\n<\/div>\n<\/div>\n<\/div>\n<\/div>\n<\/li>\n<li class=\"LiveUpdates-item Listing-item\">\n<div class=\"LiveUpdates-date\">\n<p class=\"HeaderNews-root HeaderNews-type_2 \">\n                7.12.2022 19:50 Uhr\n            <\/p>\n<\/div>\n<div class=\"LiveUpdate-root\">\n<div class=\"LiveUpdate-date\">\n<p class=\"HeaderNews-root HeaderNews-type_6 \">\n                19:50 Uhr\n            <\/p>\n<\/div>\n<div class=\"LiveUpdate-content\">\n<div class=\"LiveUpdate-text\">\n<div class=\"Text-root Text-type_5 ViewText-root\">\n<p><strong>Wall-Street-Banker warnen vor Rezession<\/strong><\/p>\n<figure class=\"RTImage-root\">\n<div class=\"RTImage-image RTImage-original\"><picture class=\"Picture-root Picture-original\"><!--[if IE 9]><video style=\"display: none;\"><![endif]--><source media=\"(-webkit-min-device-pixel-ratio: 2) and (min-resolution: 120dpi)\" data-srcset=\" \nhttp:\/\/just-now.news\/de\/wp-content\/uploads\/sites\/3\/2022\/12\/6390e04848fbef3deb1f8235.jpg 850w,\n                http:\/\/just-now.news\/de\/wp-content\/uploads\/sites\/3\/2022\/12\/6390e04848fbef3deb1f8235.jpg 1960w,\n            \" ><source data-srcset=\" \nhttp:\/\/just-now.news\/de\/wp-content\/uploads\/sites\/3\/2022\/12\/6390e04848fbef3deb1f8235.jpg 460w,\n              http:\/\/just-now.news\/de\/wp-content\/uploads\/sites\/3\/2022\/12\/6390e04848fbef3deb1f8235.jpg 980w,\n            \" ><!--[if IE 9]><\/video><![endif]--><img decoding=\"async\" data- src=\"data:image\/png;base64,iVBORw0KGgoAAAANSUhEUgAAABAAAAAJCAQAAACRI2S5AAAAEElEQVR42mNkIAAYRxWAAQAG9gAKqv6+AwAAAABJRU5ErkJggg==\" class=\"Picture-root Picture-original lazyload\" data-src=\"http:\/\/just-now.news\/de\/wp-content\/uploads\/sites\/3\/2022\/12\/6390e04848fbef3deb1f8235.jpg\" alt=\"\"><\/source><\/source><\/picture><!-- noscript pattern --><noscript><img decoding=\"async\" src=\"http:\/\/just-now.news\/de\/wp-content\/uploads\/sites\/3\/2022\/12\/6390e04848fbef3deb1f8235.jpg\" alt=\"\"><\/noscript><\/div><figcaption class=\"RTImage-footer\"><span class=\"RTImage-caption\"><span class=\"RTImage-captionItem\">B\u00f6rse New York, USA (Symbolbild)<\/span><\/span><span class=\"RTImage-source\"><span class=\"RTImage-captionItem\">Daniel Karmann<\/span><span class=\"RTImage-captionItem\"> \/ www.globallookpress.com<\/span><\/span><\/figcaption><\/figure>\n<p>Die gr\u00f6\u00dften US-Banken bereiten sich auf eine sich verschlechternde Wirtschaft im n\u00e4chsten Jahr vor, da die Inflation die Verbrauchernachfrage bedroht.<\/p>\n<p>Nachdem eine Reihe von US-Bankern die Risiken f\u00fcr die Wirtschaft dargelegt hatten, fielen die Aktien der gro\u00dfen US-Banken. Die Bank of America rutschte um mehr als vier Prozent ab, Goldman Sachs Group Inc (GS.N) und Morgan Stanley (MS.N) fielen jeweils um mehr als zwei Prozent und Citigroup Inc (C.N) um mehr als einen Prozent. Der Vorstandsvorsitzende der Bank of America, Brian Moynihan, erkl\u00e4rte den Anlegern auf einer Finanzkonferenz von Goldman Sachs, dass die Untersuchungen der Bank ein &#8220;negatives Wachstum&#8221; in der ersten H\u00e4lfte des Jahres 2023 zeigen.<\/p>\n<p>Der Vorstandsvorsitzende von JPMorgan Chase &amp; Co (JPM.N), Jamie Dimon, sagte gegen\u00fcber\u00a0<em>CNBC<\/em>, dass es den US-Unternehmen und Verbrauchern noch relativ gut gehe, dies aber m\u00f6glicherweise nicht mehr lange so bleibe, da sich die Wirtschaft verlangsame und die Inflation die Kaufkraft der Verbraucher aush\u00f6hle. Diese Probleme k\u00f6nnten demnach die Wirtschaft zum Entgleisen bringen und eine leichte bis schwere Rezession verursachen.<\/p>\n<\/div>\n<\/div>\n<\/div>\n<\/div>\n<\/li>\n<li class=\"LiveUpdates-item Listing-item\">\n<div class=\"LiveUpdate-root\">\n<div class=\"LiveUpdate-date\">\n<p class=\"HeaderNews-root HeaderNews-type_6 \">\n                18:10 Uhr\n            <\/p>\n<\/div>\n<div class=\"LiveUpdate-content\">\n<div class=\"LiveUpdate-text\">\n<div class=\"Text-root Text-type_5 ViewText-root\">\n<p><strong>Klinikum im Vogtland schlie\u00dft Ende M\u00e4rz seine Pforten: 300 Besch\u00e4ftigte erhalten K\u00fcndigung<\/strong><\/p>\n<p>Beginnt jetzt das <a rel=\"nofollow noopener\" target=\"_blank\" href=\"https:\/\/test.rtde.tech\/kurzclips\/video\/156204-deutsches-gesundheitssystem-am-limit\/\">angek\u00fcndigte<\/a> Klinik-Sterben? Die Paracelsus-Klinik in Reichenbach im Vogtland stellt <a rel=\"nofollow noopener\" target=\"_blank\" href=\"https:\/\/www.mdr.de\/nachrichten\/sachsen\/chemnitz\/vogtland\/arbeit-kuendigungen-klinik-reichenbach-schliessung-insolvenz-100.html\">laut<\/a> dem <em>MDR<\/em> Ende M\u00e4rz 2023 den Krankenhausbetrieb ein. Das teilte der Insolvenzverwalter am Dienstag auf einer Mitarbeiterversammlung mit. Die rund 300 Krankenhaus-Besch\u00e4ftigten sollen noch im Dezember ihre K\u00fcndigungen erhalten.<\/p>\n<p>Die Stadt Reichenbach\u00a0versucht, die Klinik in ein ambulantes Gesundheitszentrum zu \u00fcberf\u00fchren. Oberb\u00fcrgermeister Raphael K\u00fcrzinger sagte dazu: &#8220;Es gibt Ideen der \u00c4rzteschaft, eine Umstrukturierung des Hauses vorzunehmen, eine Verkleinerung und mehr ambulante Strukturen zu schaffen, mit station\u00e4rem Anhang sozusagen.&#8221;\u00a0So wolle man wenigstens eine Notfallversorgung garantieren.<\/p>\n<\/div>\n<\/div>\n<\/div>\n<\/div>\n<\/li>\n<li class=\"LiveUpdates-item Listing-item\">\n<div class=\"LiveUpdate-root\">\n<div class=\"LiveUpdate-date\">\n<p class=\"HeaderNews-root HeaderNews-type_6 \">\n                17:05 Uhr\n            <\/p>\n<\/div>\n<div class=\"LiveUpdate-content\">\n<div class=\"LiveUpdate-text\">\n<div class=\"Text-root Text-type_5 ViewText-root\">\n<p><strong>Deutsche Chemie- und Pharmafirmen forcieren Abwanderung in die USA<\/strong><\/p>\n<figure class=\"RTImage-root\">\n<div class=\"RTImage-image RTImage-original\"><picture class=\"Picture-root Picture-original\"><!--[if IE 9]><video style=\"display: none;\"><![endif]--><source media=\"(-webkit-min-device-pixel-ratio: 2) and (min-resolution: 120dpi)\" data-srcset=\" \nhttp:\/\/just-now.news\/de\/wp-content\/uploads\/sites\/3\/2022\/12\/6390c49848fbef3df44a65c9.jpg 850w,\n                http:\/\/just-now.news\/de\/wp-content\/uploads\/sites\/3\/2022\/12\/6390c49848fbef3df44a65c9.jpg 1960w,\n            \" ><source data-srcset=\" \nhttp:\/\/just-now.news\/de\/wp-content\/uploads\/sites\/3\/2022\/12\/6390c49848fbef3df44a65c9.jpg 460w,\n              http:\/\/just-now.news\/de\/wp-content\/uploads\/sites\/3\/2022\/12\/6390c49848fbef3df44a65c9.jpg 980w,\n            \" ><!--[if IE 9]><\/video><![endif]--><img decoding=\"async\" data- src=\"data:image\/png;base64,iVBORw0KGgoAAAANSUhEUgAAABAAAAAJCAQAAACRI2S5AAAAEElEQVR42mNkIAAYRxWAAQAG9gAKqv6+AwAAAABJRU5ErkJggg==\" class=\"Picture-root Picture-original lazyload\" data-src=\"http:\/\/just-now.news\/de\/wp-content\/uploads\/sites\/3\/2022\/12\/6390c49848fbef3df44a65c9.jpg\" alt=\"\"><\/source><\/source><\/picture><!-- noscript pattern --><noscript><img decoding=\"async\" src=\"http:\/\/just-now.news\/de\/wp-content\/uploads\/sites\/3\/2022\/12\/6390c49848fbef3df44a65c9.jpg\" alt=\"\"><\/noscript><\/div><figcaption class=\"RTImage-footer\"><span class=\"RTImage-caption\"><span class=\"RTImage-captionItem\">Krefeld, Nordrhein-Westfalen, Deutschland &#8211; Chemiewerk. Lanxess AG. Lachgasreduktionsanlage<\/span><\/span><span class=\"RTImage-source\"><span class=\"RTImage-captionItem\">Oberhaeuser<\/span><span class=\"RTImage-captionItem\"> \/ www.globallookpress.com<\/span><\/span><\/figcaption><\/figure>\n<p>Wer profitiert von antirussischen Sanktionen? Auf jeden Fall nicht die deutsche Wirtschaft. Die Folgen werden immer deutlicher sichtbar: So haben am Montag prominente Vertreter der deutschen Chemie- und Pharmaindustrie angek\u00fcndigt, ihre Investitionen und die Produktionsplanung verst\u00e4rkt in Richtung USA zu verlegen, wie das\u00a0<em>Handelsblatt<\/em>\u00a0<a rel=\"nofollow noopener\" target=\"_blank\" href=\"https:\/\/www.handelsblatt.com\/unternehmen\/industrie\/energieintensive-industrie-lockruf-aus-amerika-deutsche-chemie-und-pharmafirmen-zieht-es-in-die-usa\/28851038.html\">berichtet<\/a>. Laut einer Umfrage des Deutschen Industrie- und Handelskammertags (DIHK) wollen fast 40 Prozent der deutschen Unternehmen in den kommenden Monaten h\u00f6here Investitionen in den USA t\u00e4tigen. Die Gr\u00fcnde daf\u00fcr liegen auf der Hand:\u00a0\u00a0Die energieintensiven Branchen ben\u00f6tigen billigere und vor allem zuverl\u00e4ssige Gaslieferungen. In der EU und speziell der Bundesrepublik ist beides nicht mehr gegeben.<\/p>\n<p>Dazu kommt die US-Wirtschaft, welche im Gegensatz zur europ\u00e4ischen boomt. Ferner werden bestimmte Branchen in \u00dcbersee f\u00fcrstlich\u00a0<a rel=\"nofollow noopener\" target=\"_blank\" href=\"https:\/\/test.rtde.tech\/kurzclips\/video\/156418-streit-um-us-inflationsgesetz-lindner\/\">subventioniert<\/a>. Antonis Papadourakis, Amerikachef des K\u00f6lner Chemiekonzerns\u00a0Lanxess, kommentiert dies mit den Worten:\u00a0<em>&#8220;Wenn Unternehmen eine Region mit \u00fcppigen Energievorkommen zu g\u00fcnstigen Preisen, mit stabilen Rahmenbedingungen und wenig B\u00fcrokratie suchen, dann sind die USA der Ort der Wahl f\u00fcr Investitionen.&#8221;<\/em><\/p>\n<p>Diese Entwicklung l\u00e4uft bereits eine Weile: Der Chemiekonzern hat seit 2017 rund f\u00fcnf Milliarden Euro in Wachstum und \u00dcbernahmen investiert. Gut 80 Prozent davon flossen in die USA. &#8220;Nordamerika ist die wichtigste Wachstumsregion f\u00fcr Lanxess&#8221;,\u00a0erg\u00e4nzt Papadourakis.<\/p>\n<div class=\"EmbedBlock-root EmbedBlock-twitter\">\n<div class=\"TwitterEmbed\">\n<blockquote class=\"twitter-tweet lazyload\" data-twitter=\"twitter-tweet\">\n<p lang=\"de\" dir=\"ltr\">Wer profitiert wirtschaftlich vom Ukraine-Krieg und den Sanktionen, na? Uncle Sam! Und w\u00e4hrend in Dummland alles vor die Hunde geht, wandert die Chemie- und Pharmabranche \u00fcber den gro\u00dfen Teich! Danke <a rel=\"nofollow noopener\" target=\"_blank\" href=\"https:\/\/twitter.com\/hashtag\/Habeck?src=hash&amp;ref_src=twsrc%5Etfw\">#Habeck<\/a><a rel=\"nofollow noopener\" target=\"_blank\" href=\"https:\/\/twitter.com\/hashtag\/Scholz?src=hash&amp;ref_src=twsrc%5Etfw\">#Scholz<\/a><a rel=\"nofollow noopener\" target=\"_blank\" href=\"https:\/\/twitter.com\/hashtag\/Baerbock?src=hash&amp;ref_src=twsrc%5Etfw\">#Baerbock<\/a><a rel=\"nofollow noopener\" target=\"_blank\" href=\"https:\/\/twitter.com\/hashtag\/wirtschaft?src=hash&amp;ref_src=twsrc%5Etfw\">#wirtschaft<\/a><a rel=\"nofollow noopener\" target=\"_blank\" href=\"https:\/\/twitter.com\/hashtag\/Sanktionen?src=hash&amp;ref_src=twsrc%5Etfw\">#Sanktionen<\/a><a rel=\"nofollow noopener\" target=\"_blank\" href=\"https:\/\/t.co\/R9mCcWgqGO\">https:\/\/t.co\/R9mCcWgqGO<\/a><\/p>\n<p>\u2014 Im Osten. Perspektiven wider den Zeitgeist (@ImWider) <a rel=\"nofollow noopener\" target=\"_blank\" href=\"https:\/\/twitter.com\/ImWider\/status\/1600527348239056896?ref_src=twsrc%5Etfw\">December 7, 2022<\/a><\/p><\/blockquote>\n<\/div>\n<\/div>\n<p>Das\u00a0<a rel=\"nofollow noopener\" target=\"_blank\" href=\"https:\/\/test.rtde.tech\/meinung\/156324-wahnsinn-mit-methode-habeck-gegen\/\">Querschie\u00dfen der Bundesregierung<\/a>\u00a0gegen\u00fcber dem Handel mit China spielt dar\u00fcber hinaus eine Rolle bei der verst\u00e4rkten &#8220;Westorientierung&#8221; deutscher Unternehmen. Andreas Eggert, Healthcare-&amp;-Life-Sciences-Experte bei der Unternehmensberatung Oliver Wyman, betont: &#8220;Wir sehen derzeit eine deutliche Verschiebung in der Bewertung von Standorten und Lieferketten. Die USA werden als positiver und als relativ verl\u00e4sslicher Handelspartner angesehen&#8221;. Bereits vor einigen Wochen\u00a0<a rel=\"nofollow noopener\" target=\"_blank\" href=\"https:\/\/test.rtde.tech\/inland\/154818-basf-chef-was-spricht-eigentlich\/\">fragte<\/a>\u00a0sich BASF-Chef Martin Bruderm\u00fcller \u00f6ffentlichkeitswirksam:\u00a0&#8220;Was spricht eigentlich noch f\u00fcr Investitionen in Europa?&#8221;<\/p>\n<\/div>\n<\/div>\n<\/div>\n<\/div>\n<\/li>\n<li class=\"LiveUpdates-item Listing-item\">\n<div class=\"LiveUpdates-date\">\n<p class=\"HeaderNews-root HeaderNews-type_2 \">\n                6.12.2022 16:35 Uhr\n            <\/p>\n<\/div>\n<div class=\"LiveUpdate-root\">\n<div class=\"LiveUpdate-date\">\n<p class=\"HeaderNews-root HeaderNews-type_6 \">\n                16:35 Uhr\n            <\/p>\n<\/div>\n<div class=\"LiveUpdate-content\">\n<div class=\"LiveUpdate-text\">\n<div class=\"Text-root Text-type_5 ViewText-root\">\n<p><strong>Karlsruhe gibt gr\u00fcnes Licht f\u00fcr Corona-Schuldenunion<\/strong><\/p>\n<figure class=\"RTImage-root\">\n<div class=\"RTImage-image RTImage-original\"><picture class=\"Picture-root Picture-original\"><!--[if IE 9]><video style=\"display: none;\"><![endif]--><source media=\"(-webkit-min-device-pixel-ratio: 2) and (min-resolution: 120dpi)\" data-srcset=\" \nhttp:\/\/just-now.news\/de\/wp-content\/uploads\/sites\/3\/2022\/12\/638f5bc148fbef33466dd62b.jpg 850w,\n                http:\/\/just-now.news\/de\/wp-content\/uploads\/sites\/3\/2022\/12\/638f5bc148fbef33466dd62b.jpg 1960w,\n            \" ><source data-srcset=\" \nhttp:\/\/just-now.news\/de\/wp-content\/uploads\/sites\/3\/2022\/12\/638f5bc148fbef33466dd62b.jpg 460w,\n              http:\/\/just-now.news\/de\/wp-content\/uploads\/sites\/3\/2022\/12\/638f5bc148fbef33466dd62b.jpg 980w,\n            \" ><!--[if IE 9]><\/video><![endif]--><img decoding=\"async\" data- src=\"data:image\/png;base64,iVBORw0KGgoAAAANSUhEUgAAABAAAAAJCAQAAACRI2S5AAAAEElEQVR42mNkIAAYRxWAAQAG9gAKqv6+AwAAAABJRU5ErkJggg==\" class=\"Picture-root Picture-original lazyload\" data-src=\"http:\/\/just-now.news\/de\/wp-content\/uploads\/sites\/3\/2022\/12\/638f5bc148fbef33466dd62b.jpg\" alt=\"\"><\/source><\/source><\/picture><!-- noscript pattern --><noscript><img decoding=\"async\" src=\"http:\/\/just-now.news\/de\/wp-content\/uploads\/sites\/3\/2022\/12\/638f5bc148fbef33466dd62b.jpg\" alt=\"\"><\/noscript><\/div><figcaption class=\"RTImage-footer\"><span class=\"RTImage-caption\"><span class=\"RTImage-captionItem\">AfD-Gr\u00fcnder Bernd Lucke wartet vor dem Bundesverfassungsgericht auf den Beginn der Urteilsverk\u00fcndung im Verfahren um milliardenschwere EU-Corona-Gelder. Nach dem Urteil sind die Verfassungsbeschwerden erfolglos, Karlsruhe, 6. Dezember 2022.<\/span><\/span><span class=\"RTImage-source\"><span class=\"RTImage-captionItem\">Uli Deck<\/span><span class=\"RTImage-captionItem\"> \/ www.globallookpress.com<\/span><\/span><\/figcaption><\/figure>\n<p>Das Bundesverfassungsgericht hat zwei Verfassungsbeschwerden zur\u00fcckgewiesen,\u00a0die sich\u00a0gegen die bundesdeutsche Zustimmung zum sogenannten &#8220;EU-Corona-Fonds&#8221; richteten, wie der <em>MDR<\/em> am Montag <a rel=\"nofollow noopener\" target=\"_blank\" href=\"https:\/\/www.mdr.de\/nachrichten\/deutschland\/politik\/bundesverfassungsgericht-corona-fonds-eu-100.html\">mitteilt<\/a>. \u00dcber diesen sollen Milliarden Euro \u00fcber Kredite und Zusch\u00fcsse an die Mitgliedstaaten verteilt werden, um die\u00a0Folgen der Gelddruckerei der EZB w\u00e4hrend der Corona-Krise\u00a0abzufangen. Allein in den Jahren 2020 bis 2022 haben die Frankfurter\u00a0ihre Bilanzsumme aus dem Nichts von 4,5 auf knapp 9 Billionen Euro <a rel=\"nofollow noopener\" target=\"_blank\" href=\"https:\/\/www.boerse.de\/staatsverschuldung\/bilanzsumme-ezb-in-billionen-euro#:~:text=Die%20Bilanzsumme%20der%20Europ%C3%A4ischen%20Zentralbank,Verzehnfachung%20seit%20dem%20Jahr%202000.\">erh\u00f6ht<\/a> \u2013 das Wirtschaftswachstum machte dagegen in diesem Zeitraum nur einen Bruchteil davon aus bzw. ist aktuell sogar leicht negativ.<\/p>\n<p>Die EU-Vertr\u00e4ge schlie\u00dfen\u00a0eine Schuldenunion\u00a0grunds\u00e4tzlich aus. Karlsruhe\u00a0hat das nun revidiert. Gegen die\u00a0&#8220;Corona-Fonds&#8221; wurden zuvor zwei Verfassungsbeschwerden von mehr als 2.200 Beschwerdef\u00fchrern des B\u00fcndnisses B\u00fcrgerwille um den ehemaligen AfD-Chef Bernd Lucke eingereicht, die andere\u00a0vom Unternehmer und ehemaligen Industriepr\u00e4sidenten Heinrich Weiss. Sie argumentierten, dass die EU ihre Kompetenzen \u00fcberschritten habe. Ihrem Ansinnen nach h\u00e4tte der Bundestag sich dagegen verwehren m\u00fcssen \u2013 nationale Kompetenzen wurden hier nach Br\u00fcssel abgegeben.\u00a0Dar\u00fcber hinaus wird bef\u00fcrchtet, dass Deutschland im Kontext des Wiederaufbaufonds &#8220;Next Generation EU&#8221; enorme Transfers in die noch h\u00f6her\u00a0verschuldeten Staaten Italien, Spanien, Portugal und Griechenland leisten muss.\u00a0<\/p>\n<div class=\"EmbedBlock-root EmbedBlock-twitter\">\n<div class=\"TwitterEmbed\">\n<blockquote class=\"twitter-tweet lazyload\" data-twitter=\"twitter-tweet\">\n<p lang=\"de\" dir=\"ltr\">Wir wurden mit lauter Versprechen in die &#8220;EU&#8221; hereingelockt. Alle wurden gebrochen. DEXIT oder wir bezahlen die jetzt schon h\u00f6here Renten der S\u00fcdl\u00e4nder usw. <a rel=\"nofollow noopener\" target=\"_blank\" href=\"https:\/\/t.co\/fTEcG2QoNw\">pic.twitter.com\/fTEcG2QoNw<\/a><\/p>\n<p>\u2014 Raver 53 \ud83c\udde9\ud83c\uddeaPreu\u00dfe, Deutscher. Europa ohne &#8220;EU&#8221; (@MichaelFehrman1) <a rel=\"nofollow noopener\" target=\"_blank\" href=\"https:\/\/twitter.com\/MichaelFehrman1\/status\/1600089977454350339?ref_src=twsrc%5Etfw\">December 6, 2022<\/a><\/p><\/blockquote>\n<\/div>\n<\/div>\n<p>Das Urteil der Verfassungsrichter war nicht einstimmig. Peter M\u00fcller sah sich &#8220;au\u00dferstande, diese Entscheidung mitzutragen&#8221;. Hohe Kredite w\u00fcrden aus seiner Sicht zu einer fast gleichwertigen zweiten S\u00e4ule neben dem eigentlichen EU-Haushalt erwachsen. Das k\u00f6nne darauf hindeuten, dass es um eine &#8220;grundlegende Ver\u00e4nderung der Finanzarchitektur&#8221; der EU gehe.<\/p>\n<div class=\"EmbedBlock-root EmbedBlock-twitter\">\n<div class=\"TwitterEmbed\">\n<blockquote class=\"twitter-tweet lazyload\" data-twitter=\"twitter-tweet\">\n<p lang=\"de\" dir=\"ltr\">Der deutsche Steuerzahler &#8220;darf&#8221; sich daran beteiligen seine Kohle Richtung Italien, Griechenland, Spanien und Co. abzudr\u00fccken. Sehr gn\u00e4dig, lieber <a rel=\"nofollow noopener\" target=\"_blank\" href=\"https:\/\/twitter.com\/hashtag\/mdr?src=hash&amp;ref_src=twsrc%5Etfw\">#mdr<\/a><a rel=\"nofollow noopener\" target=\"_blank\" href=\"https:\/\/twitter.com\/hashtag\/Corona?src=hash&amp;ref_src=twsrc%5Etfw\">#Corona<\/a><a rel=\"nofollow noopener\" target=\"_blank\" href=\"https:\/\/twitter.com\/hashtag\/schulden?src=hash&amp;ref_src=twsrc%5Etfw\">#schulden<\/a><a rel=\"nofollow noopener\" target=\"_blank\" href=\"https:\/\/twitter.com\/hashtag\/Bruessel?src=hash&amp;ref_src=twsrc%5Etfw\">#Bruessel<\/a><a rel=\"nofollow noopener\" target=\"_blank\" href=\"https:\/\/twitter.com\/hashtag\/Bundesverfassungsgericht?src=hash&amp;ref_src=twsrc%5Etfw\">#Bundesverfassungsgericht<\/a><a rel=\"nofollow noopener\" target=\"_blank\" href=\"https:\/\/twitter.com\/hashtag\/wirtschaft?src=hash&amp;ref_src=twsrc%5Etfw\">#wirtschaft<\/a><a rel=\"nofollow noopener\" target=\"_blank\" href=\"https:\/\/twitter.com\/hashtag\/Schwachsinn?src=hash&amp;ref_src=twsrc%5Etfw\">#Schwachsinn<\/a><a rel=\"nofollow noopener\" target=\"_blank\" href=\"https:\/\/t.co\/DJ80tInlN8\">https:\/\/t.co\/DJ80tInlN8<\/a><\/p>\n<p>\u2014 Kaspar Sachse (\ud83d\udebf\ud83d\udebf\ud83d\udebf geduscht) (@KasparSachse) <a rel=\"nofollow noopener\" target=\"_blank\" href=\"https:\/\/twitter.com\/KasparSachse\/status\/1600114791904735232?ref_src=twsrc%5Etfw\">December 6, 2022<\/a><\/p><\/blockquote>\n<\/div>\n<\/div>\n<\/div>\n<\/div>\n<\/div>\n<\/div>\n<\/li>\n<\/ul>\n<div class=\"Listing-isReact\" data-rtmodule=\"Listing\" onload=\"return {\n                page: '1',\n                limit: '10',\n                listing: '\/listing\/parent.6337e74248fbef5b3c62f1db\/noprepare\/liveupdates\/10\/1',\n            };\"><\/div>\n<\/div>\n<\/div>\n<\/div>\n<p><script async src=\"https:\/\/platform.twitter.com\/widgets.js\" charset=\"utf-8\"><\/script><br \/>\n<br \/><br \/>\n<br \/><a href=\"https:\/\/de.rt.com\/wirtschaft\/150363-krisen-und-insolvenzticker-selbst-im\/\">Source link <\/a><\/p>\n","protected":false},"excerpt":{"rendered":"<p>Die deutsche Wirtschaft rutscht immer tiefer in die Krise. Unter dem Druck dramatisch steigender Energiekosten und anderer ung\u00fcnstiger Rahmenbedingungen sind allein in diesem Jahr tausende Unternehmen insolvent gegangen. Wir fassen in diesem Ticker die wichtigsten Entwicklungen und Neuigkeiten zusammen. 9.12.2022 20:09 Uhr 20:09 Uhr Selbst im EU-Parlament: Hauseigenem Rentenfonds droht Pleite Stra\u00dfenszene vor dem Eingang [&hellip;]<\/p>\n","protected":false},"author":3,"featured_media":25122,"comment_status":"open","ping_status":"open","sticky":false,"template":"","format":"standard","meta":{"_yoast_indexnow_last_ping":["1670622546"],"wp_automatic_camp":["217"],"c828bf8917bef48f0ea687d7f2e7f9bb":["Krisen- und Insolvenzticker \u2013 Selbst im EU-Parlament: Hauseigenem Rentenfonds droht Pleite"],"original_link":["https:\/\/de.rt.com\/wirtschaft\/150363-krisen-und-insolvenzticker-selbst-im\/"],"_thumbnail_id":["25122"],"jnews_social_counter_last_update":["1777579201"],"_wptgpro_p2tg_sent2tg":["a:1:{i:23737;s:19:\"2022-12-09 23:50:45\";}"]},"categories":[19,23],"tags":[44,20898,37290,33683,2667,4506,37291,7618,140],"yoast_head":"<!-- This site is optimized with the Yoast SEO Premium plugin v22.7 (Yoast SEO v22.7) - https:\/\/yoast.com\/wordpress\/plugins\/seo\/ -->\n<title>Krisen- und Insolvenzticker \u2013 Selbst im EU-Parlament: Hauseigenem Rentenfonds droht Pleite - just-now.NEWS Deutschland<\/title>\n<meta name=\"robots\" content=\"index, follow, max-snippet:-1, max-image-preview:large, max-video-preview:-1\" \/>\n<link rel=\"canonical\" href=\"https:\/\/now-news.de\/de\/deutschland\/krisen-und-insolvenzticker-selbst-im-eu-parlament-hauseigenem-rentenfonds-droht-pleite\/\" \/>\n<meta property=\"og:locale\" content=\"de_DE\" \/>\n<meta property=\"og:type\" content=\"article\" \/>\n<meta property=\"og:title\" content=\"Krisen- und Insolvenzticker \u2013 Selbst im EU-Parlament: Hauseigenem Rentenfonds droht Pleite\" \/>\n<meta property=\"og:description\" content=\"Die deutsche Wirtschaft rutscht immer tiefer in die Krise. Unter dem Druck dramatisch steigender Energiekosten und anderer ung\u00fcnstiger Rahmenbedingungen sind allein in diesem Jahr tausende Unternehmen insolvent gegangen. Wir fassen in diesem Ticker die wichtigsten Entwicklungen und Neuigkeiten zusammen. 9.12.2022 20:09 Uhr 20:09 Uhr Selbst im EU-Parlament: Hauseigenem Rentenfonds droht Pleite Stra\u00dfenszene vor dem Eingang [&hellip;]\" \/>\n<meta property=\"og:url\" content=\"https:\/\/now-news.de\/de\/deutschland\/krisen-und-insolvenzticker-selbst-im-eu-parlament-hauseigenem-rentenfonds-droht-pleite\/\" \/>\n<meta property=\"og:site_name\" content=\"just-now.NEWS Deutschland\" \/>\n<meta property=\"article:publisher\" content=\"https:\/\/www.facebook.com\/wirmachenauf\" \/>\n<meta property=\"article:published_time\" content=\"2022-12-09T20:00:00+00:00\" \/>\n<meta property=\"og:image\" content=\"https:\/\/now-news.de\/de\/wp-content\/uploads\/sites\/3\/2022\/12\/Krisen-und-Insolvenzticker-\u2013-Selbst-im-EU-Parlament-Hauseigenem-Rentenfonds-droht.jpg\" \/>\n\t<meta property=\"og:image:width\" content=\"460\" \/>\n\t<meta property=\"og:image:height\" content=\"259\" \/>\n\t<meta property=\"og:image:type\" content=\"image\/jpeg\" \/>\n<meta name=\"author\" content=\"rtnews\" \/>\n<meta name=\"twitter:card\" content=\"summary_large_image\" \/>\n<meta name=\"twitter:creator\" content=\"@WirMachenAuf_de\" \/>\n<meta name=\"twitter:site\" content=\"@WirMachenAuf_de\" \/>\n<meta name=\"twitter:label1\" content=\"Verfasst von\" \/>\n\t<meta name=\"twitter:data1\" content=\"rtnews\" \/>\n\t<meta name=\"twitter:label2\" content=\"Gesch\u00e4tzte Lesezeit\" \/>\n\t<meta name=\"twitter:data2\" content=\"11\u00a0Minuten\" \/>\n<script type=\"application\/ld+json\" class=\"yoast-schema-graph\">{\"@context\":\"https:\/\/schema.org\",\"@graph\":[{\"@type\":\"Article\",\"@id\":\"https:\/\/now-news.de\/de\/deutschland\/krisen-und-insolvenzticker-selbst-im-eu-parlament-hauseigenem-rentenfonds-droht-pleite\/#article\",\"isPartOf\":{\"@id\":\"https:\/\/now-news.de\/de\/deutschland\/krisen-und-insolvenzticker-selbst-im-eu-parlament-hauseigenem-rentenfonds-droht-pleite\/\"},\"author\":{\"name\":\"rtnews\",\"@id\":\"https:\/\/now-news.de\/de\/#\/schema\/person\/fb534a4e865501d8b3285208df34a9b5\"},\"headline\":\"Krisen- und Insolvenzticker \u2013 Selbst im EU-Parlament: Hauseigenem Rentenfonds droht Pleite\",\"datePublished\":\"2022-12-09T20:00:00+00:00\",\"dateModified\":\"2022-12-09T20:00:00+00:00\",\"mainEntityOfPage\":{\"@id\":\"https:\/\/now-news.de\/de\/deutschland\/krisen-und-insolvenzticker-selbst-im-eu-parlament-hauseigenem-rentenfonds-droht-pleite\/\"},\"wordCount\":2311,\"commentCount\":0,\"publisher\":{\"@id\":\"https:\/\/now-news.de\/de\/#organization\"},\"image\":{\"@id\":\"https:\/\/now-news.de\/de\/deutschland\/krisen-und-insolvenzticker-selbst-im-eu-parlament-hauseigenem-rentenfonds-droht-pleite\/#primaryimage\"},\"thumbnailUrl\":\"https:\/\/now-news.de\/de\/wp-content\/uploads\/sites\/3\/2022\/12\/Krisen-und-Insolvenzticker-\u2013-Selbst-im-EU-Parlament-Hauseigenem-Rentenfonds-droht.jpg\",\"keywords\":[\"droht\",\"EUParlament\",\"Hauseigenem\",\"Insolvenzticker\",\"Krisen\",\"pleite\",\"Rentenfonds\",\"selbst\",\"und\"],\"articleSection\":[\"Deutschland\",\"Russland\"],\"inLanguage\":\"de\",\"potentialAction\":[{\"@type\":\"CommentAction\",\"name\":\"Comment\",\"target\":[\"https:\/\/now-news.de\/de\/deutschland\/krisen-und-insolvenzticker-selbst-im-eu-parlament-hauseigenem-rentenfonds-droht-pleite\/#respond\"]}]},{\"@type\":\"WebPage\",\"@id\":\"https:\/\/now-news.de\/de\/deutschland\/krisen-und-insolvenzticker-selbst-im-eu-parlament-hauseigenem-rentenfonds-droht-pleite\/\",\"url\":\"https:\/\/now-news.de\/de\/deutschland\/krisen-und-insolvenzticker-selbst-im-eu-parlament-hauseigenem-rentenfonds-droht-pleite\/\",\"name\":\"Krisen- und Insolvenzticker \u2013 Selbst im EU-Parlament: Hauseigenem Rentenfonds droht Pleite - just-now.NEWS Deutschland\",\"isPartOf\":{\"@id\":\"https:\/\/now-news.de\/de\/#website\"},\"primaryImageOfPage\":{\"@id\":\"https:\/\/now-news.de\/de\/deutschland\/krisen-und-insolvenzticker-selbst-im-eu-parlament-hauseigenem-rentenfonds-droht-pleite\/#primaryimage\"},\"image\":{\"@id\":\"https:\/\/now-news.de\/de\/deutschland\/krisen-und-insolvenzticker-selbst-im-eu-parlament-hauseigenem-rentenfonds-droht-pleite\/#primaryimage\"},\"thumbnailUrl\":\"https:\/\/now-news.de\/de\/wp-content\/uploads\/sites\/3\/2022\/12\/Krisen-und-Insolvenzticker-\u2013-Selbst-im-EU-Parlament-Hauseigenem-Rentenfonds-droht.jpg\",\"datePublished\":\"2022-12-09T20:00:00+00:00\",\"dateModified\":\"2022-12-09T20:00:00+00:00\",\"breadcrumb\":{\"@id\":\"https:\/\/now-news.de\/de\/deutschland\/krisen-und-insolvenzticker-selbst-im-eu-parlament-hauseigenem-rentenfonds-droht-pleite\/#breadcrumb\"},\"inLanguage\":\"de\",\"potentialAction\":[{\"@type\":\"ReadAction\",\"target\":[\"https:\/\/now-news.de\/de\/deutschland\/krisen-und-insolvenzticker-selbst-im-eu-parlament-hauseigenem-rentenfonds-droht-pleite\/\"]}]},{\"@type\":\"ImageObject\",\"inLanguage\":\"de\",\"@id\":\"https:\/\/now-news.de\/de\/deutschland\/krisen-und-insolvenzticker-selbst-im-eu-parlament-hauseigenem-rentenfonds-droht-pleite\/#primaryimage\",\"url\":\"https:\/\/now-news.de\/de\/wp-content\/uploads\/sites\/3\/2022\/12\/Krisen-und-Insolvenzticker-\u2013-Selbst-im-EU-Parlament-Hauseigenem-Rentenfonds-droht.jpg\",\"contentUrl\":\"https:\/\/now-news.de\/de\/wp-content\/uploads\/sites\/3\/2022\/12\/Krisen-und-Insolvenzticker-\u2013-Selbst-im-EU-Parlament-Hauseigenem-Rentenfonds-droht.jpg\",\"width\":460,\"height\":259,\"caption\":\"Krisen- und Insolvenzticker \u2013 Selbst im EU-Parlament: Hauseigenem Rentenfonds droht Pleite\"},{\"@type\":\"BreadcrumbList\",\"@id\":\"https:\/\/now-news.de\/de\/deutschland\/krisen-und-insolvenzticker-selbst-im-eu-parlament-hauseigenem-rentenfonds-droht-pleite\/#breadcrumb\",\"itemListElement\":[{\"@type\":\"ListItem\",\"position\":1,\"name\":\"Home\",\"item\":\"https:\/\/now-news.de\/de\/\"},{\"@type\":\"ListItem\",\"position\":2,\"name\":\"Krisen- und Insolvenzticker \u2013 Selbst im EU-Parlament: Hauseigenem Rentenfonds droht Pleite\"}]},{\"@type\":\"WebSite\",\"@id\":\"https:\/\/now-news.de\/de\/#website\",\"url\":\"https:\/\/now-news.de\/de\/\",\"name\":\"just-now.NEWS Deutschland\",\"description\":\"Das Portal f\u00fcr unzensierte Nachrichten aus der Welt\",\"publisher\":{\"@id\":\"https:\/\/now-news.de\/de\/#organization\"},\"potentialAction\":[{\"@type\":\"SearchAction\",\"target\":{\"@type\":\"EntryPoint\",\"urlTemplate\":\"https:\/\/now-news.de\/de\/?s={search_term_string}\"},\"query-input\":\"required name=search_term_string\"}],\"inLanguage\":\"de\"},{\"@type\":\"Organization\",\"@id\":\"https:\/\/now-news.de\/de\/#organization\",\"name\":\"Just Now News\",\"url\":\"https:\/\/now-news.de\/de\/\",\"logo\":{\"@type\":\"ImageObject\",\"inLanguage\":\"de\",\"@id\":\"https:\/\/now-news.de\/de\/#\/schema\/logo\/image\/\",\"url\":\"http:\/\/just-now.news\/de\/wp-content\/uploads\/sites\/3\/2022\/04\/logo500x500.jpg\",\"contentUrl\":\"http:\/\/just-now.news\/de\/wp-content\/uploads\/sites\/3\/2022\/04\/logo500x500.jpg\",\"width\":500,\"height\":500,\"caption\":\"Just Now News\"},\"image\":{\"@id\":\"https:\/\/now-news.de\/de\/#\/schema\/logo\/image\/\"},\"sameAs\":[\"https:\/\/www.facebook.com\/wirmachenauf\",\"https:\/\/x.com\/WirMachenAuf_de\"]},{\"@type\":\"Person\",\"@id\":\"https:\/\/now-news.de\/de\/#\/schema\/person\/fb534a4e865501d8b3285208df34a9b5\",\"name\":\"rtnews\",\"image\":{\"@type\":\"ImageObject\",\"inLanguage\":\"de\",\"@id\":\"https:\/\/now-news.de\/de\/#\/schema\/person\/image\/\",\"url\":\"https:\/\/secure.gravatar.com\/avatar\/82aafea7d8127119dd649515f56e2117?s=96&d=mm&r=g\",\"contentUrl\":\"https:\/\/secure.gravatar.com\/avatar\/82aafea7d8127119dd649515f56e2117?s=96&d=mm&r=g\",\"caption\":\"rtnews\"},\"url\":\"https:\/\/now-news.de\/de\/author\/rnews\/\"}]}<\/script>\n<!-- \/ Yoast SEO Premium plugin. -->","yoast_head_json":{"title":"Krisen- und Insolvenzticker \u2013 Selbst im EU-Parlament: Hauseigenem Rentenfonds droht Pleite - just-now.NEWS Deutschland","robots":{"index":"index","follow":"follow","max-snippet":"max-snippet:-1","max-image-preview":"max-image-preview:large","max-video-preview":"max-video-preview:-1"},"canonical":"https:\/\/now-news.de\/de\/deutschland\/krisen-und-insolvenzticker-selbst-im-eu-parlament-hauseigenem-rentenfonds-droht-pleite\/","og_locale":"de_DE","og_type":"article","og_title":"Krisen- und Insolvenzticker \u2013 Selbst im EU-Parlament: Hauseigenem Rentenfonds droht Pleite","og_description":"Die deutsche Wirtschaft rutscht immer tiefer in die Krise. Unter dem Druck dramatisch steigender Energiekosten und anderer ung\u00fcnstiger Rahmenbedingungen sind allein in diesem Jahr tausende Unternehmen insolvent gegangen. Wir fassen in diesem Ticker die wichtigsten Entwicklungen und Neuigkeiten zusammen. 9.12.2022 20:09 Uhr 20:09 Uhr Selbst im EU-Parlament: Hauseigenem Rentenfonds droht Pleite Stra\u00dfenszene vor dem Eingang [&hellip;]","og_url":"https:\/\/now-news.de\/de\/deutschland\/krisen-und-insolvenzticker-selbst-im-eu-parlament-hauseigenem-rentenfonds-droht-pleite\/","og_site_name":"just-now.NEWS Deutschland","article_publisher":"https:\/\/www.facebook.com\/wirmachenauf","article_published_time":"2022-12-09T20:00:00+00:00","og_image":[{"width":460,"height":259,"url":"https:\/\/now-news.de\/de\/wp-content\/uploads\/sites\/3\/2022\/12\/Krisen-und-Insolvenzticker-\u2013-Selbst-im-EU-Parlament-Hauseigenem-Rentenfonds-droht.jpg","type":"image\/jpeg"}],"author":"rtnews","twitter_card":"summary_large_image","twitter_creator":"@WirMachenAuf_de","twitter_site":"@WirMachenAuf_de","twitter_misc":{"Verfasst von":"rtnews","Gesch\u00e4tzte Lesezeit":"11\u00a0Minuten"},"schema":{"@context":"https:\/\/schema.org","@graph":[{"@type":"Article","@id":"https:\/\/now-news.de\/de\/deutschland\/krisen-und-insolvenzticker-selbst-im-eu-parlament-hauseigenem-rentenfonds-droht-pleite\/#article","isPartOf":{"@id":"https:\/\/now-news.de\/de\/deutschland\/krisen-und-insolvenzticker-selbst-im-eu-parlament-hauseigenem-rentenfonds-droht-pleite\/"},"author":{"name":"rtnews","@id":"https:\/\/now-news.de\/de\/#\/schema\/person\/fb534a4e865501d8b3285208df34a9b5"},"headline":"Krisen- und Insolvenzticker \u2013 Selbst im EU-Parlament: Hauseigenem Rentenfonds droht Pleite","datePublished":"2022-12-09T20:00:00+00:00","dateModified":"2022-12-09T20:00:00+00:00","mainEntityOfPage":{"@id":"https:\/\/now-news.de\/de\/deutschland\/krisen-und-insolvenzticker-selbst-im-eu-parlament-hauseigenem-rentenfonds-droht-pleite\/"},"wordCount":2311,"commentCount":0,"publisher":{"@id":"https:\/\/now-news.de\/de\/#organization"},"image":{"@id":"https:\/\/now-news.de\/de\/deutschland\/krisen-und-insolvenzticker-selbst-im-eu-parlament-hauseigenem-rentenfonds-droht-pleite\/#primaryimage"},"thumbnailUrl":"https:\/\/now-news.de\/de\/wp-content\/uploads\/sites\/3\/2022\/12\/Krisen-und-Insolvenzticker-\u2013-Selbst-im-EU-Parlament-Hauseigenem-Rentenfonds-droht.jpg","keywords":["droht","EUParlament","Hauseigenem","Insolvenzticker","Krisen","pleite","Rentenfonds","selbst","und"],"articleSection":["Deutschland","Russland"],"inLanguage":"de","potentialAction":[{"@type":"CommentAction","name":"Comment","target":["https:\/\/now-news.de\/de\/deutschland\/krisen-und-insolvenzticker-selbst-im-eu-parlament-hauseigenem-rentenfonds-droht-pleite\/#respond"]}]},{"@type":"WebPage","@id":"https:\/\/now-news.de\/de\/deutschland\/krisen-und-insolvenzticker-selbst-im-eu-parlament-hauseigenem-rentenfonds-droht-pleite\/","url":"https:\/\/now-news.de\/de\/deutschland\/krisen-und-insolvenzticker-selbst-im-eu-parlament-hauseigenem-rentenfonds-droht-pleite\/","name":"Krisen- und Insolvenzticker \u2013 Selbst im EU-Parlament: Hauseigenem Rentenfonds droht Pleite - just-now.NEWS Deutschland","isPartOf":{"@id":"https:\/\/now-news.de\/de\/#website"},"primaryImageOfPage":{"@id":"https:\/\/now-news.de\/de\/deutschland\/krisen-und-insolvenzticker-selbst-im-eu-parlament-hauseigenem-rentenfonds-droht-pleite\/#primaryimage"},"image":{"@id":"https:\/\/now-news.de\/de\/deutschland\/krisen-und-insolvenzticker-selbst-im-eu-parlament-hauseigenem-rentenfonds-droht-pleite\/#primaryimage"},"thumbnailUrl":"https:\/\/now-news.de\/de\/wp-content\/uploads\/sites\/3\/2022\/12\/Krisen-und-Insolvenzticker-\u2013-Selbst-im-EU-Parlament-Hauseigenem-Rentenfonds-droht.jpg","datePublished":"2022-12-09T20:00:00+00:00","dateModified":"2022-12-09T20:00:00+00:00","breadcrumb":{"@id":"https:\/\/now-news.de\/de\/deutschland\/krisen-und-insolvenzticker-selbst-im-eu-parlament-hauseigenem-rentenfonds-droht-pleite\/#breadcrumb"},"inLanguage":"de","potentialAction":[{"@type":"ReadAction","target":["https:\/\/now-news.de\/de\/deutschland\/krisen-und-insolvenzticker-selbst-im-eu-parlament-hauseigenem-rentenfonds-droht-pleite\/"]}]},{"@type":"ImageObject","inLanguage":"de","@id":"https:\/\/now-news.de\/de\/deutschland\/krisen-und-insolvenzticker-selbst-im-eu-parlament-hauseigenem-rentenfonds-droht-pleite\/#primaryimage","url":"https:\/\/now-news.de\/de\/wp-content\/uploads\/sites\/3\/2022\/12\/Krisen-und-Insolvenzticker-\u2013-Selbst-im-EU-Parlament-Hauseigenem-Rentenfonds-droht.jpg","contentUrl":"https:\/\/now-news.de\/de\/wp-content\/uploads\/sites\/3\/2022\/12\/Krisen-und-Insolvenzticker-\u2013-Selbst-im-EU-Parlament-Hauseigenem-Rentenfonds-droht.jpg","width":460,"height":259,"caption":"Krisen- und Insolvenzticker \u2013 Selbst im EU-Parlament: Hauseigenem Rentenfonds droht Pleite"},{"@type":"BreadcrumbList","@id":"https:\/\/now-news.de\/de\/deutschland\/krisen-und-insolvenzticker-selbst-im-eu-parlament-hauseigenem-rentenfonds-droht-pleite\/#breadcrumb","itemListElement":[{"@type":"ListItem","position":1,"name":"Home","item":"https:\/\/now-news.de\/de\/"},{"@type":"ListItem","position":2,"name":"Krisen- und Insolvenzticker \u2013 Selbst im EU-Parlament: Hauseigenem Rentenfonds droht Pleite"}]},{"@type":"WebSite","@id":"https:\/\/now-news.de\/de\/#website","url":"https:\/\/now-news.de\/de\/","name":"just-now.NEWS Deutschland","description":"Das Portal f\u00fcr unzensierte Nachrichten aus der Welt","publisher":{"@id":"https:\/\/now-news.de\/de\/#organization"},"potentialAction":[{"@type":"SearchAction","target":{"@type":"EntryPoint","urlTemplate":"https:\/\/now-news.de\/de\/?s={search_term_string}"},"query-input":"required name=search_term_string"}],"inLanguage":"de"},{"@type":"Organization","@id":"https:\/\/now-news.de\/de\/#organization","name":"Just Now News","url":"https:\/\/now-news.de\/de\/","logo":{"@type":"ImageObject","inLanguage":"de","@id":"https:\/\/now-news.de\/de\/#\/schema\/logo\/image\/","url":"http:\/\/just-now.news\/de\/wp-content\/uploads\/sites\/3\/2022\/04\/logo500x500.jpg","contentUrl":"http:\/\/just-now.news\/de\/wp-content\/uploads\/sites\/3\/2022\/04\/logo500x500.jpg","width":500,"height":500,"caption":"Just Now News"},"image":{"@id":"https:\/\/now-news.de\/de\/#\/schema\/logo\/image\/"},"sameAs":["https:\/\/www.facebook.com\/wirmachenauf","https:\/\/x.com\/WirMachenAuf_de"]},{"@type":"Person","@id":"https:\/\/now-news.de\/de\/#\/schema\/person\/fb534a4e865501d8b3285208df34a9b5","name":"rtnews","image":{"@type":"ImageObject","inLanguage":"de","@id":"https:\/\/now-news.de\/de\/#\/schema\/person\/image\/","url":"https:\/\/secure.gravatar.com\/avatar\/82aafea7d8127119dd649515f56e2117?s=96&d=mm&r=g","contentUrl":"https:\/\/secure.gravatar.com\/avatar\/82aafea7d8127119dd649515f56e2117?s=96&d=mm&r=g","caption":"rtnews"},"url":"https:\/\/now-news.de\/de\/author\/rnews\/"}]}},"_links":{"self":[{"href":"https:\/\/now-news.de\/de\/wp-json\/wp\/v2\/posts\/25121"}],"collection":[{"href":"https:\/\/now-news.de\/de\/wp-json\/wp\/v2\/posts"}],"about":[{"href":"https:\/\/now-news.de\/de\/wp-json\/wp\/v2\/types\/post"}],"author":[{"embeddable":true,"href":"https:\/\/now-news.de\/de\/wp-json\/wp\/v2\/users\/3"}],"replies":[{"embeddable":true,"href":"https:\/\/now-news.de\/de\/wp-json\/wp\/v2\/comments?post=25121"}],"version-history":[{"count":0,"href":"https:\/\/now-news.de\/de\/wp-json\/wp\/v2\/posts\/25121\/revisions"}],"wp:featuredmedia":[{"embeddable":true,"href":"https:\/\/now-news.de\/de\/wp-json\/wp\/v2\/media\/25122"}],"wp:attachment":[{"href":"https:\/\/now-news.de\/de\/wp-json\/wp\/v2\/media?parent=25121"}],"wp:term":[{"taxonomy":"category","embeddable":true,"href":"https:\/\/now-news.de\/de\/wp-json\/wp\/v2\/categories?post=25121"},{"taxonomy":"post_tag","embeddable":true,"href":"https:\/\/now-news.de\/de\/wp-json\/wp\/v2\/tags?post=25121"}],"curies":[{"name":"wp","href":"https:\/\/api.w.org\/{rel}","templated":true}]}}