{"id":25106,"date":"2022-12-09T21:25:00","date_gmt":"2022-12-09T19:25:00","guid":{"rendered":"http:\/\/just-now.news\/de\/deutschland\/liveticker-ukraine-krieg-praxistest-rheinmetall-darf-flugabwehrsysteme-skynex-an-kiew-liefern\/"},"modified":"2022-12-09T21:25:00","modified_gmt":"2022-12-09T19:25:00","slug":"liveticker-ukraine-krieg-praxistest-rheinmetall-darf-flugabwehrsysteme-skynex-an-kiew-liefern","status":"publish","type":"post","link":"https:\/\/now-news.de\/de\/deutschland\/liveticker-ukraine-krieg-praxistest-rheinmetall-darf-flugabwehrsysteme-skynex-an-kiew-liefern\/","title":{"rendered":"Liveticker Ukraine-Krieg: Praxistest \u2013 Rheinmetall darf Flugabwehrsysteme &quot;Skynex&quot; an Kiew liefern"},"content":{"rendered":"<div class=\"Text-root Text-type_1 \">\n                Russland f\u00fchrt gemeinsam mit den Streitkr\u00e4ften der Donbass-Republiken eine Milit\u00e4roperation in der Ukraine durch. Der Westen reagiert mit immer neuen Waffenlieferungen an die Ukraine und beispiellosen Sanktionen gegen Russland. Lesen Sie hier die neuesten Entwicklungen.\n            <\/div>\n<p><\/p>\n<div class=\"ArticleView-liveUpdates\">\n<div class=\"LiveUpdates-root\">\n<div class=\"LiveUpdates-content\">\n<ul class=\"LiveUpdates-list Listing-root\" data-listing=\"LiveUpdates\" data-count=\"10\">\n<li class=\"LiveUpdates-item Listing-item\">\n<div class=\"LiveUpdates-date\">\n<p class=\"HeaderNews-root HeaderNews-type_2 \">\n                9.12.2022 20:32 Uhr\n            <\/p>\n<\/div>\n<div class=\"LiveUpdate-root\">\n<div class=\"LiveUpdate-date\">\n<p class=\"HeaderNews-root HeaderNews-type_6 \">\n                20:32 Uhr\n            <\/p>\n<\/div>\n<div class=\"LiveUpdate-content\">\n<div class=\"LiveUpdate-text\">\n<div class=\"Text-root Text-type_5 ViewText-root\">\n<p><strong>Verteidigungsministerium der USA k\u00fcndigt Hilfspaket\u00a0f\u00fcr die Ukraine in H\u00f6he von 275 Millionen Dollar an<\/strong><\/p>\n<figure class=\"RTImage-root\">\n<div class=\"RTImage-image RTImage-original\"><picture class=\"Picture-root Picture-original\"><!--[if IE 9]><video style=\"display: none;\"><![endif]--><source media=\"(-webkit-min-device-pixel-ratio: 2) and (min-resolution: 120dpi)\" data-srcset=\" \nhttp:\/\/just-now.news\/de\/wp-content\/uploads\/sites\/3\/2022\/12\/639386b5b480cc225602948d.jpg 850w,\n                http:\/\/just-now.news\/de\/wp-content\/uploads\/sites\/3\/2022\/12\/639386b5b480cc225602948d.jpg 1960w,\n            \" ><source data-srcset=\" \nhttp:\/\/just-now.news\/de\/wp-content\/uploads\/sites\/3\/2022\/12\/639386b5b480cc225602948d.jpg 460w,\n              http:\/\/just-now.news\/de\/wp-content\/uploads\/sites\/3\/2022\/12\/639386b5b480cc225602948d.jpg 980w,\n            \" ><!--[if IE 9]><\/video><![endif]--><img decoding=\"async\" data- src=\"data:image\/png;base64,iVBORw0KGgoAAAANSUhEUgAAABAAAAAJCAQAAACRI2S5AAAAEElEQVR42mNkIAAYRxWAAQAG9gAKqv6+AwAAAABJRU5ErkJggg==\" class=\"Picture-root Picture-original lazyload\" data-src=\"http:\/\/just-now.news\/de\/wp-content\/uploads\/sites\/3\/2022\/12\/639386b5b480cc225602948d.jpg\" alt=\"\"><\/source><\/source><\/picture><!-- noscript pattern --><noscript><img decoding=\"async\" src=\"http:\/\/just-now.news\/de\/wp-content\/uploads\/sites\/3\/2022\/12\/639386b5b480cc225602948d.jpg\" alt=\"\"><\/noscript><\/div><figcaption class=\"RTImage-footer\"><span class=\"RTImage-caption\"><span class=\"RTImage-captionItem\">Archivbild: Das Pentagon-Logo<\/span><\/span><span class=\"RTImage-source\"><span class=\"RTImage-captionItem\">Yasin Ozturk\/Anadolu Agency<\/span><span class=\"RTImage-captionItem\"> \/ Gettyimages.ru<\/span><\/span><\/figcaption><\/figure>\n<p>Das Verteidigungsministerium der USA hat am Freitagabend ein weiteres Hilfspaket f\u00fcr die Ukraine <a rel=\"nofollow noopener\" target=\"_blank\" href=\"https:\/\/www.defense.gov\/News\/Releases\/Release\/Article\/3241679\/275-million-in-additional-assistance-for-ukraine\/\">angek\u00fcndigt<\/a>. Dieses beinhaltet zus\u00e4tzliche Munition f\u00fcr HIMARS-Mehrfachraketenwerfer,\u00a080.000 Artilleriegeschosse\u00a0im Kaliber\u00a0155 Millimeter, Ausr\u00fcstung zur Bek\u00e4mpfung von Drohnen, Milit\u00e4rfahrzeuge vom Typ HMMWV oder Humvee genannt,\u00a0Krankenwagen, medizinische Ausr\u00fcstung und\u00a0150 Generatoren.\u00a0<\/p>\n<p>Die milit\u00e4rische Unterst\u00fctzung f\u00fcr Kiew aus den USA bel\u00e4uft sich damit seit Beginn der Amtszeit von US-Pr\u00e4sident Joe Biden Anfang 2021 auf insgesamt 20 Milliarden Dollar, so das Pentagon. In den vergangenen Monaten hatten die Amerikaner in rasanter Abfolge diverse Lieferungen auf den Weg gebracht, oft aus den Best\u00e4nden des US-Milit\u00e4rs. Die Republikaner, die ab Januar mit einer knappen Mehrheit das Repr\u00e4sentantenhaus kontrollieren werden, haben bereits signalisiert, bei der Finanzierung der Hilfen auf die Bremse treten zu wollen.<\/p>\n<\/div>\n<\/div>\n<\/div>\n<\/div>\n<\/li>\n<li class=\"LiveUpdates-item Listing-item\">\n<div class=\"LiveUpdate-root\">\n<div class=\"LiveUpdate-date\">\n<p class=\"HeaderNews-root HeaderNews-type_6 \">\n                20:01 Uhr\n            <\/p>\n<\/div>\n<div class=\"LiveUpdate-content\">\n<div class=\"LiveUpdate-text\">\n<div class=\"Text-root Text-type_5 ViewText-root\">\n<p><strong>Deutschland liefert moderne Artilleriesysteme und Ausr\u00fcstung an die Ukraine <br \/><\/strong><\/p>\n<figure class=\"RTImage-root\">\n<div class=\"RTImage-image RTImage-original\"><picture class=\"Picture-root Picture-original\"><!--[if IE 9]><video style=\"display: none;\"><![endif]--><source media=\"(-webkit-min-device-pixel-ratio: 2) and (min-resolution: 120dpi)\" data-srcset=\" \nhttp:\/\/just-now.news\/de\/wp-content\/uploads\/sites\/3\/2022\/12\/6393670648fbef4a81238bf4.jpg 850w,\n                http:\/\/just-now.news\/de\/wp-content\/uploads\/sites\/3\/2022\/12\/6393670648fbef4a81238bf4.jpg 1960w,\n            \" ><source data-srcset=\" \nhttp:\/\/just-now.news\/de\/wp-content\/uploads\/sites\/3\/2022\/12\/6393670648fbef4a81238bf4.jpg 460w,\n              http:\/\/just-now.news\/de\/wp-content\/uploads\/sites\/3\/2022\/12\/6393670648fbef4a81238bf4.jpg 980w,\n            \" ><!--[if IE 9]><\/video><![endif]--><img decoding=\"async\" data- src=\"data:image\/png;base64,iVBORw0KGgoAAAANSUhEUgAAABAAAAAJCAQAAACRI2S5AAAAEElEQVR42mNkIAAYRxWAAQAG9gAKqv6+AwAAAABJRU5ErkJggg==\" class=\"Picture-root Picture-original lazyload\" data-src=\"http:\/\/just-now.news\/de\/wp-content\/uploads\/sites\/3\/2022\/12\/6393670648fbef4a81238bf4.jpg\" alt=\"\"><\/source><\/source><\/picture><!-- noscript pattern --><noscript><img decoding=\"async\" src=\"http:\/\/just-now.news\/de\/wp-content\/uploads\/sites\/3\/2022\/12\/6393670648fbef4a81238bf4.jpg\" alt=\"\"><\/noscript><\/div><figcaption class=\"RTImage-footer\"><span class=\"RTImage-caption\"><span class=\"RTImage-captionItem\">Archivbild: Ein Panzertransporter vom Typ Oshkosh M1070<\/span><\/span><span class=\"RTImage-source\"><span class=\"RTImage-captionItem\">Scanpix<\/span><span class=\"RTImage-captionItem\"> \/ Gettyimages.ru<\/span><\/span><\/figcaption><\/figure>\n<p>Deutschland wird der Ukraine 18 Artilleriesysteme vom Typ RCH-155, 80 Pickups, sieben Lastwagen, 90 Drohnenabwehrsysteme und zwei Zelte \u00fcbergeben, <a rel=\"nofollow noopener\" target=\"_blank\" href=\"https:\/\/twitter.com\/GermanyinUA\/status\/1601166667215560704?s=20\">teilte<\/a> die deutsche Botschaft auf Twitter mit.<\/p>\n<p>In der letzten Woche erhielt die Ukraine bereits 20 gepanzerte Dingo-Milit\u00e4rfahrzeuge und zwei Panzertransporter-Zugmaschinen vom Typ Oshkosh M1070.<\/p>\n<div class=\"EmbedBlock-root EmbedBlock-twitter\">\n<div class=\"TwitterEmbed\">\n<blockquote class=\"twitter-tweet lazyload\" data-twitter=\"twitter-tweet\">\n<p lang=\"uk\" dir=\"ltr\">\ud83c\udde9\ud83c\uddea \u043f\u0435\u0440\u0435\u0434\u0430\u0441\u0442\u044c \ud83c\uddfa\ud83c\udde6 18 \u0421\u0410\u0423 RCH 155, 80 \u043f\u0456\u043a\u0430\u043f\u0456\u0432, 2 \u0430\u043d\u0433\u0430\u0440\u043d\u0456 \u043d\u0430\u043c\u0435\u0442\u0438, 7 \u0432\u0430\u043d\u0442\u0430\u0436\u0456\u0432\u043e\u043a \u0442\u0430 90 \u043e\u0434\u0438\u043d\u0438\u0446\u044c \u043f\u0440\u043e\u0442\u0438\u0434\u0440\u043e\u043d\u043d\u043e\u0433\u043e \u043e\u0431\u043b\u0430\u0434\u043d\u0430\u043d\u043d\u044f. \u041f\u0440\u043e\u0442\u044f\u0433\u043e\u043c \u043e\u0441\u0442\u0430\u043d\u043d\u044c\u043e\u0433\u043e \u0442\u0438\u0436\u043d\u044f \ud83c\uddfa\ud83c\udde6 \u043e\u0442\u0440\u0438\u043c\u0430\u043b\u0430 20 \u0431\u0440\u043e\u043d\u0435\u0430\u0432\u0442\u043e\u043c\u043e\u0431\u0456\u043b\u0456\u0432 Dingo \u0442\u0430 2 \u0432\u0435\u043b\u0438\u043a\u043e\u0432\u0430\u043d\u0442\u0430\u0436\u043d\u0456 \u0441\u0456\u0434\u043b\u043e\u0432\u0456 \u0442\u044f\u0433\u0430\u0447\u0456 M1070 Oshkosh. <a rel=\"nofollow noopener\" target=\"_blank\" href=\"https:\/\/twitter.com\/hashtag\/StandWithUkraine?src=hash&amp;ref_src=twsrc%5Etfw\">#StandWithUkraine<\/a> \ud83d\udcf7KMW <a rel=\"nofollow noopener\" target=\"_blank\" href=\"https:\/\/twitter.com\/bundeswehrInfo?ref_src=twsrc%5Etfw\">@bundeswehrInfo<\/a><a rel=\"nofollow noopener\" target=\"_blank\" href=\"https:\/\/twitter.com\/DefenceU?ref_src=twsrc%5Etfw\">@DefenceU<\/a><a rel=\"nofollow noopener\" target=\"_blank\" href=\"https:\/\/t.co\/4lTZjAbR33\">pic.twitter.com\/4lTZjAbR33<\/a><\/p>\n<p>\u2014 \u041f\u043e\u0441\u043e\u043b\u044c\u0441\u0442\u0432\u043e \u041d\u0456\u043c\u0435\u0447\u0447\u0438\u043d\u0438 (@GermanyinUA) <a rel=\"nofollow noopener\" target=\"_blank\" href=\"https:\/\/twitter.com\/GermanyinUA\/status\/1601166667215560704?ref_src=twsrc%5Etfw\">December 9, 2022<\/a><\/p><\/blockquote>\n<\/div>\n<\/div>\n<\/div>\n<\/div>\n<\/div>\n<\/div>\n<\/li>\n<li class=\"LiveUpdates-item Listing-item\">\n<div class=\"LiveUpdate-root\">\n<div class=\"LiveUpdate-date\">\n<p class=\"HeaderNews-root HeaderNews-type_6 \">\n                19:31 Uhr\n            <\/p>\n<\/div>\n<div class=\"LiveUpdate-content\">\n<div class=\"LiveUpdate-text\">\n<div class=\"Text-root Text-type_5 ViewText-root\">\n<p><strong>Medienbericht: Zahl der obdachlosen ukrainischen Fl\u00fcchtlinge in Gro\u00dfbritannien steigt<\/strong><\/p>\n<figure class=\"RTImage-root\">\n<div class=\"RTImage-image RTImage-original\"><picture class=\"Picture-root Picture-original\"><!--[if IE 9]><video style=\"display: none;\"><![endif]--><source media=\"(-webkit-min-device-pixel-ratio: 2) and (min-resolution: 120dpi)\" data-srcset=\" \nhttp:\/\/just-now.news\/de\/wp-content\/uploads\/sites\/3\/2022\/12\/639360c448fbef4b14441ea2.jpg 850w,\n                http:\/\/just-now.news\/de\/wp-content\/uploads\/sites\/3\/2022\/12\/639360c448fbef4b14441ea2.jpg 1960w,\n            \" ><source data-srcset=\" \nhttp:\/\/just-now.news\/de\/wp-content\/uploads\/sites\/3\/2022\/12\/639360c448fbef4b14441ea2.jpg 460w,\n              http:\/\/just-now.news\/de\/wp-content\/uploads\/sites\/3\/2022\/12\/639360c448fbef4b14441ea2.jpg 980w,\n            \" ><!--[if IE 9]><\/video><![endif]--><img decoding=\"async\" data- src=\"data:image\/png;base64,iVBORw0KGgoAAAANSUhEUgAAABAAAAAJCAQAAACRI2S5AAAAEElEQVR42mNkIAAYRxWAAQAG9gAKqv6+AwAAAABJRU5ErkJggg==\" class=\"Picture-root Picture-original lazyload\" data-src=\"http:\/\/just-now.news\/de\/wp-content\/uploads\/sites\/3\/2022\/12\/639360c448fbef4b14441ea2.jpg\" alt=\"\"><\/source><\/source><\/picture><!-- noscript pattern --><noscript><img decoding=\"async\" src=\"http:\/\/just-now.news\/de\/wp-content\/uploads\/sites\/3\/2022\/12\/639360c448fbef4b14441ea2.jpg\" alt=\"\"><\/noscript><\/div><figcaption class=\"RTImage-footer\"><span class=\"RTImage-caption\"><span class=\"RTImage-captionItem\">Archivbild: Ein Demonstrant h\u00e4lt im M\u00e4rz 2022 ein Schild mit der Aufschrift &#8220;Willkommen an alle Fl\u00fcchtlinge&#8221; hoch, London, Gro\u00dfbritannien.<\/span><\/span><span class=\"RTImage-source\"><span class=\"RTImage-captionItem\">Vuk Valcic\/ZUMA Press Wire<\/span><span class=\"RTImage-captionItem\"> \/ Legion-media.ru<\/span><\/span><\/figcaption><\/figure>\n<p>Im Rahmen des aktuellen Programms &#8220;Obdach f\u00fcr die Ukraine&#8221; sollen britische Haushalte Fl\u00fcchtlinge f\u00fcr bis zu sechs Monate aufnehmen. Daf\u00fcr werden sie mit monatlich 350 Pfund (etwa 406 Euro) belohnt. Die Zahl der obdachlosen ukrainischen Fl\u00fcchtlinge steigt in Gro\u00dfbritannien jedoch rapide an, da die Lebenshaltungskosten in dem Land stark gestiegen sind. Dies\u00a0<a rel=\"nofollow noopener\" target=\"_blank\" href=\"https:\/\/www.express.co.uk\/news\/uk\/1705721\/ukrainian-refugees-homelessness-cost-of-living-latest-uk-news-ont\">berichtet<\/a> die Zeitung <em>Express<\/em>.<\/p>\n<p>Dem Blatt zufolge sei die Zahl der obdachlosen Ukrainer in England in nur einem Monat um 30 Prozent gestiegen.\u00a0Aktuell h\u00e4tten sich 2.985 Ukrainer bei den lokalen Beh\u00f6rden \u00fcber Obdachlosigkeit beklagt.\u00a0Aber es k\u00f6nnte noch viel mehr solcher Menschen geben, da die lokalen Beh\u00f6rden nicht \u00fcberall Daten an die Regierung \u00fcbermittelt haben. Einige Beh\u00f6rden in Kent, Hampshire und Gloucestershire bieten britischen Gastfamilien nun weitere Geldzuwendungen an, um sie davon zu \u00fcberzeugen, ukrainische Fl\u00fcchtlinge weiterhin aufzunehmen.<\/p>\n<\/div>\n<\/div>\n<\/div>\n<\/div>\n<\/li>\n<li class=\"LiveUpdates-item Listing-item\">\n<div class=\"LiveUpdate-root\">\n<div class=\"LiveUpdate-date\">\n<p class=\"HeaderNews-root HeaderNews-type_6 \">\n                18:54 Uhr\n            <\/p>\n<\/div>\n<div class=\"LiveUpdate-content\">\n<div class=\"LiveUpdate-text\">\n<div class=\"Text-root Text-type_5 ViewText-root\">\n<p><strong>Ukrainische Streitkr\u00e4fte feuern 20 Grad-Raketen auf zivile Ziele in Donezk ab<\/strong><\/p>\n<figure class=\"RTImage-root\">\n<div class=\"RTImage-image RTImage-original\"><picture class=\"Picture-root Picture-original\"><!--[if IE 9]><video style=\"display: none;\"><![endif]--><source media=\"(-webkit-min-device-pixel-ratio: 2) and (min-resolution: 120dpi)\" data-srcset=\" \nhttp:\/\/just-now.news\/de\/wp-content\/uploads\/sites\/3\/2022\/12\/6393760a48fbef4b1e0d14e8.jpg 850w,\n                http:\/\/just-now.news\/de\/wp-content\/uploads\/sites\/3\/2022\/12\/6393760a48fbef4b1e0d14e8.jpg 1960w,\n            \" ><source data-srcset=\" \nhttp:\/\/just-now.news\/de\/wp-content\/uploads\/sites\/3\/2022\/12\/6393760a48fbef4b1e0d14e8.jpg 460w,\n              http:\/\/just-now.news\/de\/wp-content\/uploads\/sites\/3\/2022\/12\/6393760a48fbef4b1e0d14e8.jpg 980w,\n            \" ><!--[if IE 9]><\/video><![endif]--><img decoding=\"async\" data- src=\"data:image\/png;base64,iVBORw0KGgoAAAANSUhEUgAAABAAAAAJCAQAAACRI2S5AAAAEElEQVR42mNkIAAYRxWAAQAG9gAKqv6+AwAAAABJRU5ErkJggg==\" class=\"Picture-root Picture-original lazyload\" data-src=\"http:\/\/just-now.news\/de\/wp-content\/uploads\/sites\/3\/2022\/12\/6393760a48fbef4b1e0d14e8.jpg\" alt=\"\"><\/source><\/source><\/picture><!-- noscript pattern --><noscript><img decoding=\"async\" src=\"http:\/\/just-now.news\/de\/wp-content\/uploads\/sites\/3\/2022\/12\/6393760a48fbef4b1e0d14e8.jpg\" alt=\"\"><\/noscript><\/div><figcaption class=\"RTImage-footer\"><span class=\"RTImage-caption\"><span class=\"RTImage-captionItem\">Ein zerst\u00f6rtes Universit\u00e4tsgeb\u00e4ude in Donezk nach dem Beschuss durch ukrainische Truppen am 9. Dezember<\/span><\/span><span class=\"RTImage-source\"><span class=\"RTImage-captionItem\">Sergei Awerin<\/span><span class=\"RTImage-captionItem\"> \/ Sputnik<\/span><\/span><\/figcaption><\/figure>\n<p>Um 17.59 Uhr MEZ haben die ukrainischen Streitkr\u00e4fte mit Mehrfachraketenwerfern vom Typ &#8220;Grad&#8221; 20 Raketen auf die Stadt Donezk in der Volksrepublik Donezk (DVR) abgefeuert. Die Geschosse schlugen im Donezker Stadtbezirk Woroschilowski ein. Dies <a rel=\"nofollow noopener\" target=\"_blank\" href=\"https:\/\/t.me\/s\/online_dnr_sckk\">berichtete<\/a> die DVR-Vertretung beim Gemeinsamen Zentrum f\u00fcr die Kontrolle und Koordinierung von Fragen der Kriegsverbrechen der Ukraine. Auf dem <a rel=\"nofollow noopener\" target=\"_blank\" href=\"https:\/\/t.me\/readovkanews\/48613\">Video<\/a>, das die russische Online-Nachrichtenagentur <em>Readovka<\/em> ver\u00f6ffentlichte, soll der\u00a0Beschuss von Donezk zu sehen sein.<\/p>\n<\/div>\n<\/div>\n<\/div>\n<\/div>\n<\/li>\n<li class=\"LiveUpdates-item Listing-item\">\n<div class=\"LiveUpdate-root\">\n<div class=\"LiveUpdate-date\">\n<p class=\"HeaderNews-root HeaderNews-type_6 \">\n                18:28 Uhr\n            <\/p>\n<\/div>\n<div class=\"LiveUpdate-content\">\n<div class=\"LiveUpdate-text\">\n<div class=\"Text-root Text-type_5 ViewText-root\">\n<p><strong>Videoreportage: Majorsk bei Artjomowsk in der DVR \u2013 Erst\u00fcrmung ukrainischer Stellungen<\/strong><\/p>\n<div class=\"EmbedBlock-root EmbedBlock-externalVideo EmbedBlock-vk\">\n<div class=\"VkEmbed\"><iframe class=\"lazyload\" data-src=\"https:\/\/vk.com\/video_ext.php?oid=-134310637&amp;id=456261212&amp;hash=701963a0c5414437\" frameborder=\"0\" width=\"853\" height=\"480\" allowfullscreen><\/iframe><\/div>\n<\/div>\n<p>Am Donezker Frontabschnitt liegt das \u00d6rtchen Majorsk, eine Vorstadt von Gorlowka, die ihrerseits eine Trabantenstadt von Donezk ist. Majorsk ist ein sprichw\u00f6rtliches Kuhdorf mit nur wenigen Stra\u00dfenz\u00fcgen.<\/p>\n<p>Doch Majorsk ist auch ein Stra\u00dfen- und Schienenknoten. Von hier aus geht es nach Norden zur heftig umk\u00e4mpften Stadt Artjomowsk. Und nach Nordwesten geht es zu Dserschinsk und weiter \u00fcber Konstantinowka einerseits nach Nordosten (dies nur \u00fcber die Stra\u00dfe) zu Tschassow Jar, dem Versorgungsknoten der ukrainischen Garnison in Artjomowsk, und andererseits weiter nach Nordwesten zum vom Kiewer Regime besetzten Ballungsraum Kramatorsk-Slawjansk.<\/p>\n<p>Daher ist es vielleicht nicht verwunderlich, dass Majorsk genauso heftig umk\u00e4mpft war wie Artjomowsk. Drei Monate lang wechselte Majorsk die H\u00e4nde, und drei Wochen dauerte das bisher letzte Gefecht um die Ortschaft.<\/p>\n<p>Die Presseabteilung der Volksmiliz der Volksrepublik Donezk hat eine kurze Reportage \u00fcber die Erst\u00fcrmung ukrainischer Stellungen im Rahmen dieses Gefechts <a rel=\"nofollow noopener\" target=\"_blank\" href=\"https:\/\/t.me\/nm_dnr\/9496\">ver\u00f6ffentlicht<\/a>. Aus Sicherheitsgr\u00fcnden geschah dies aber erst zwei Wochen nach der Befreiung der Siedlung.<\/p>\n<p>Offiziere der Volksmiliz erz\u00e4hlen etwas \u00fcber ihre Troph\u00e4en, darunter sehr viele westliche Waffen \u2013 die den Vorbesitzern jedoch nicht viel brachten \u2013, und zeigen den Kindergarten von Majorsk, wo ukrainische Soldaten biwakierten. Die russischen Soldaten sind sich sicher: Ab jetzt geht es keinen Schritt zur\u00fcck.<\/p>\n<\/div>\n<\/div>\n<\/div>\n<\/div>\n<\/li>\n<li class=\"LiveUpdates-item Listing-item\">\n<div class=\"LiveUpdate-root\">\n<div class=\"LiveUpdate-date\">\n<p class=\"HeaderNews-root HeaderNews-type_6 \">\n                18:00 Uhr\n            <\/p>\n<\/div>\n<div class=\"LiveUpdate-content\">\n<div class=\"LiveUpdate-text\">\n<div class=\"Text-root Text-type_5 ViewText-root\">\n<p><strong>Rheinmetall stellt neue Flugabwehr vom Typ Skynex f\u00fcr die Ukraine her<\/strong><\/p>\n<figure class=\"RTImage-root\">\n<div class=\"RTImage-image RTImage-original\"><picture class=\"Picture-root Picture-original\"><!--[if IE 9]><video style=\"display: none;\"><![endif]--><source media=\"(-webkit-min-device-pixel-ratio: 2) and (min-resolution: 120dpi)\" data-srcset=\" \nhttp:\/\/just-now.news\/de\/wp-content\/uploads\/sites\/3\/2022\/12\/639354d348fbef5ca72fcfa4.jpg 850w,\n                http:\/\/just-now.news\/de\/wp-content\/uploads\/sites\/3\/2022\/12\/639354d348fbef5ca72fcfa4.jpg 1960w,\n            \" ><source data-srcset=\" \nhttp:\/\/just-now.news\/de\/wp-content\/uploads\/sites\/3\/2022\/12\/639354d348fbef5ca72fcfa4.jpg 460w,\n              http:\/\/just-now.news\/de\/wp-content\/uploads\/sites\/3\/2022\/12\/639354d348fbef5ca72fcfa4.jpg 980w,\n            \" ><!--[if IE 9]><\/video><![endif]--><img decoding=\"async\" data- src=\"data:image\/png;base64,iVBORw0KGgoAAAANSUhEUgAAABAAAAAJCAQAAACRI2S5AAAAEElEQVR42mNkIAAYRxWAAQAG9gAKqv6+AwAAAABJRU5ErkJggg==\" class=\"Picture-root Picture-original lazyload\" data-src=\"http:\/\/just-now.news\/de\/wp-content\/uploads\/sites\/3\/2022\/12\/639354d348fbef5ca72fcfa4.jpg\" alt=\"\"><\/source><\/source><\/picture><!-- noscript pattern --><noscript><img decoding=\"async\" src=\"http:\/\/just-now.news\/de\/wp-content\/uploads\/sites\/3\/2022\/12\/639354d348fbef5ca72fcfa4.jpg\" alt=\"\"><\/noscript><\/div><figcaption class=\"RTImage-footer\"><span class=\"RTImage-caption\"><span class=\"RTImage-captionItem\">Archivbild: Das Logo von Rheinmetall<\/span><\/span><span class=\"RTImage-source\"><span class=\"RTImage-captionItem\">Rupert Oberh\u00e4user<\/span><\/span><\/figcaption><\/figure>\n<p>Der R\u00fcstungskonzern Rheinmetall soll f\u00fcr die Ukraine zwei Flugabwehrsysteme vom Typ Skynex herstellen. Dies <a rel=\"nofollow noopener\" target=\"_blank\" href=\"https:\/\/www.handelsblatt.com\/unternehmen\/industrie\/ruestungsindustrie-rheinmetall-baut-neue-skynex-flugabwehr-fuer-die-ukraine\/28859200.html\">berichtete<\/a>\u00a0das\u00a0<em>Handelsblatt<\/em>. Zudem best\u00e4tigte das Unternehmen selbst die Bestellung am Freitag. Die Auslieferung dieser milit\u00e4rischen\u00a0Systeme sei f\u00fcr Anfang des Jahres 2024 geplant.\u00a0Bei Skynex handelt es sich\u00a0um eine technische Neuentwicklung. Der Preis f\u00fcr die beiden Flugabwehrsysteme wird von Rheinmetall auf 182 Millionen Euro gesch\u00e4tzt. Hinzu kommen weitere zw\u00f6lf Millionen Euro f\u00fcr Lastwagen, die ebenfalls von dem Unternehmen gebaut werden sollen. Laut Regierungskreisen wird der Bund die Kosten daf\u00fcr\u00a0\u00fcbernehmen.<\/p>\n<\/div>\n<\/div>\n<\/div>\n<\/div>\n<\/li>\n<li class=\"LiveUpdates-item Listing-item\">\n<div class=\"LiveUpdate-root\">\n<div class=\"LiveUpdate-date\">\n<p class=\"HeaderNews-root HeaderNews-type_6 \">\n                17:33 Uhr\n            <\/p>\n<\/div>\n<div class=\"LiveUpdate-content\">\n<div class=\"LiveUpdate-text\">\n<div class=\"Text-root Text-type_5 ViewText-root\">\n<p><strong>Putin zu Ukraine-Konflikt: Alles l\u00e4uft planm\u00e4\u00dfig<\/strong><\/p>\n<figure class=\"RTImage-root\">\n<div class=\"RTImage-image RTImage-original\"><picture class=\"Picture-root Picture-original\"><!--[if IE 9]><video style=\"display: none;\"><![endif]--><source media=\"(-webkit-min-device-pixel-ratio: 2) and (min-resolution: 120dpi)\" data-srcset=\" \nhttp:\/\/just-now.news\/de\/wp-content\/uploads\/sites\/3\/2022\/12\/63934533b480cc5df741f45d.jpg 850w,\n                http:\/\/just-now.news\/de\/wp-content\/uploads\/sites\/3\/2022\/12\/63934532b480cc5df741f45c.jpg 1960w,\n            \" ><source data-srcset=\" \nhttp:\/\/just-now.news\/de\/wp-content\/uploads\/sites\/3\/2022\/12\/63934533b480cc5df741f45d.jpg 460w,\n              http:\/\/just-now.news\/de\/wp-content\/uploads\/sites\/3\/2022\/12\/63934532b480cc5df741f45c.jpg 980w,\n            \" ><!--[if IE 9]><\/video><![endif]--><img decoding=\"async\" data- src=\"data:image\/png;base64,iVBORw0KGgoAAAANSUhEUgAAABAAAAAJCAQAAACRI2S5AAAAEElEQVR42mNkIAAYRxWAAQAG9gAKqv6+AwAAAABJRU5ErkJggg==\" class=\"Picture-root Picture-original lazyload\" data-src=\"http:\/\/just-now.news\/de\/wp-content\/uploads\/sites\/3\/2022\/12\/63934533b480cc5df741f45d.jpg\" alt=\"\"><\/source><\/source><\/picture><!-- noscript pattern --><noscript><img decoding=\"async\" src=\"http:\/\/just-now.news\/de\/wp-content\/uploads\/sites\/3\/2022\/12\/63934532b480cc5df741f45c.jpg\" alt=\"\"><\/noscript><\/div><figcaption class=\"RTImage-footer\"><span class=\"RTImage-caption\"><span class=\"RTImage-captionItem\">Der russische Pr\u00e4sident Wladimir Putin bei der Pressekonferenz nach dem Gipfel der Eurasischen Wirtschaftsunion, Bischkek, Kirgisien.<\/span><\/span><span class=\"RTImage-source\"><span class=\"RTImage-captionItem\">Pawel Bednjakow<\/span><span class=\"RTImage-captionItem\"> \/ Sputnik<\/span><\/span><\/figcaption><\/figure>\n<p>Bei der Pressekonferenz nach einem Gipfeltreffen der Eurasischen Wirtschaftsunion in der Hauptstadt Kirgisiens, Bischkek, hat der russische Pr\u00e4sident Wladimir Putin unter anderem \u00fcber den Ukraine-Konflikt gesprochen. Ihm zufolge laufe die milit\u00e4rische Sonderoperation in der Ukraine wie geplant. Die Lage sei stabil, es gebe keine Fragen oder Probleme.<\/p>\n<p>Dar\u00fcber hinaus wies Putin darauf hin, dass alle Parteien eines m\u00f6glichen Friedensprozesses f\u00fcr die Ukraine die Realit\u00e4ten vor Ort akzeptieren m\u00fcssten. Obwohl jedwede Verhandlungen schwierig seien, m\u00fcsse man letztlich eine Einigung \u00fcber die Ukraine-Frage erzielen. In diesem Zusammenhang betonte Putin erneut, Russland sei zu Verhandlungen bereit.<\/p>\n<p>Moskau\u00a0h\u00e4tte die Operation in der Ukraine schon fr\u00fcher beginnen sollen, hie\u00df es vonseiten des russischen Pr\u00e4sidenten\u00a0weiter.\u00a0Trotz allem habe\u00a0der Kreml mit einer Einigung im Rahmen des Minsker Abkommens gerechnet.<\/p>\n<\/div>\n<\/div>\n<\/div>\n<\/div>\n<\/li>\n<li class=\"LiveUpdates-item Listing-item\">\n<div class=\"LiveUpdate-root\">\n<div class=\"LiveUpdate-date\">\n<p class=\"HeaderNews-root HeaderNews-type_6 \">\n                16:59 Uhr\n            <\/p>\n<\/div>\n<div class=\"LiveUpdate-content\">\n<div class=\"LiveUpdate-text\">\n<div class=\"Text-root Text-type_5 ViewText-root\">\n<p><strong>Russische und US-amerikanische Diplomaten treffen sich in Istanbul zu &#8220;Reizthemen&#8221;<\/strong><\/p>\n<figure class=\"RTImage-root\">\n<div class=\"RTImage-image RTImage-original\"><picture class=\"Picture-root Picture-original\"><!--[if IE 9]><video style=\"display: none;\"><![endif]--><source media=\"(-webkit-min-device-pixel-ratio: 2) and (min-resolution: 120dpi)\" data-srcset=\" \nhttp:\/\/just-now.news\/de\/wp-content\/uploads\/sites\/3\/2022\/12\/639341d648fbef5ca72fcf73.jpg 850w,\n                http:\/\/just-now.news\/de\/wp-content\/uploads\/sites\/3\/2022\/12\/639341d648fbef5ca72fcf73.jpg 1960w,\n            \" ><source data-srcset=\" \nhttp:\/\/just-now.news\/de\/wp-content\/uploads\/sites\/3\/2022\/12\/639341d648fbef5ca72fcf73.jpg 460w,\n              http:\/\/just-now.news\/de\/wp-content\/uploads\/sites\/3\/2022\/12\/639341d648fbef5ca72fcf73.jpg 980w,\n            \" ><!--[if IE 9]><\/video><![endif]--><img decoding=\"async\" data- src=\"data:image\/png;base64,iVBORw0KGgoAAAANSUhEUgAAABAAAAAJCAQAAACRI2S5AAAAEElEQVR42mNkIAAYRxWAAQAG9gAKqv6+AwAAAABJRU5ErkJggg==\" class=\"Picture-root Picture-original lazyload\" data-src=\"http:\/\/just-now.news\/de\/wp-content\/uploads\/sites\/3\/2022\/12\/639341d648fbef5ca72fcf73.jpg\" alt=\"\"><\/source><\/source><\/picture><!-- noscript pattern --><noscript><img decoding=\"async\" src=\"http:\/\/just-now.news\/de\/wp-content\/uploads\/sites\/3\/2022\/12\/639341d648fbef5ca72fcf73.jpg\" alt=\"\"><\/noscript><\/div><figcaption class=\"RTImage-footer\"><span class=\"RTImage-caption\"><span class=\"RTImage-captionItem\">Archivbild: Istanbul<\/span><\/span><span class=\"RTImage-source\"><span class=\"RTImage-captionItem\">Cem Tekkesinoglu<\/span><span class=\"RTImage-captionItem\"> \/ Gettyimages.ru<\/span><\/span><\/figcaption><\/figure>\n<p>Nach Angaben des stellvertretenden russischen Au\u00dfenministers Sergei Rjabkow sollen sich US-amerikanische und russische Diplomaten heute in Istanbul treffen, um \u00fcber die Arbeit der Botschaften und &#8220;Reizthemen&#8221; in den bilateralen Beziehungen zu sprechen.\u00a0Rjabkow betonte, dass dies nicht als politisches Signal zur Wiederaufnahme des Dialogs mit Washington verstanden werden sollte. Die Nachrichtenagentur <em>Lenta.ru<\/em>\u00a0<a rel=\"nofollow noopener\" target=\"_blank\" href=\"https:\/\/lenta.ru\/news\/2022\/12\/09\/voprosy_razdrazhiteli\/\">zitiert<\/a> ihn w\u00f6rtlich:<\/p>\n<p><em>&#8220;Im Prinzip handelt es sich um ein regelm\u00e4\u00dfig stattfindendes Treffen zur Er\u00f6rterung von &#8216;Reizthemen&#8217; in den bilateralen Beziehungen. Nach einer l\u00e4ngeren Pause haben wir den pers\u00f6nlichen Kontakt zu den Amerikanern zu diesem Thema wieder aufgenommen.&#8221;<\/em><\/p>\n<p>Bei dem Treffen soll es um die Funktionsweise der Vertretungen beider L\u00e4nder gehen.\u00a0Rjabkow unterstrich:\u00a0<\/p>\n<p><em>&#8220;Wir haben wiederholt gesagt, dass man die Arbeit der Diplomaten nicht komplizierter machen sollte, das ist ein Hindernis. Im Gegenteil, wir m\u00fcssen die Beschr\u00e4nkungen reduzieren, um dem Personal zu erlauben, auf Gesch\u00e4ftsreise zu gehen, und\u00a0eine sogenannte Rotation aufrechtzuerhalten.&#8221;<\/em><\/p>\n<\/div>\n<\/div>\n<\/div>\n<\/div>\n<\/li>\n<li class=\"LiveUpdates-item Listing-item\">\n<div class=\"LiveUpdate-root\">\n<div class=\"LiveUpdate-date\">\n<p class=\"HeaderNews-root HeaderNews-type_6 \">\n                16:22 Uhr\n            <\/p>\n<\/div>\n<div class=\"LiveUpdate-content\">\n<div class=\"LiveUpdate-text\">\n<div class=\"Text-root Text-type_5 ViewText-root\">\n<p><strong>W\u00fcnscht sich der Berater des Pr\u00e4sidialamtes der Ukraine zu Weihnachten: Leoparden, Marder, Abrams, Patriots und ATACMS<\/strong><\/p>\n<figure class=\"RTImage-root\">\n<div class=\"RTImage-image RTImage-original\"><picture class=\"Picture-root Picture-original\"><!--[if IE 9]><video style=\"display: none;\"><![endif]--><source media=\"(-webkit-min-device-pixel-ratio: 2) and (min-resolution: 120dpi)\" data-srcset=\" \nhttp:\/\/just-now.news\/de\/wp-content\/uploads\/sites\/3\/2022\/12\/63934d2848fbef4b14441e8d.jpg 850w,\n                http:\/\/just-now.news\/de\/wp-content\/uploads\/sites\/3\/2022\/12\/63934d2848fbef4b14441e8d.jpg 1960w,\n            \" ><source data-srcset=\" \nhttp:\/\/just-now.news\/de\/wp-content\/uploads\/sites\/3\/2022\/12\/63934d2848fbef4b14441e8d.jpg 460w,\n              http:\/\/just-now.news\/de\/wp-content\/uploads\/sites\/3\/2022\/12\/63934d2848fbef4b14441e8d.jpg 980w,\n            \" ><!--[if IE 9]><\/video><![endif]--><img decoding=\"async\" data- src=\"data:image\/png;base64,iVBORw0KGgoAAAANSUhEUgAAABAAAAAJCAQAAACRI2S5AAAAEElEQVR42mNkIAAYRxWAAQAG9gAKqv6+AwAAAABJRU5ErkJggg==\" class=\"Picture-root Picture-original lazyload\" data-src=\"http:\/\/just-now.news\/de\/wp-content\/uploads\/sites\/3\/2022\/12\/63934d2848fbef4b14441e8d.jpg\" alt=\"\"><\/source><\/source><\/picture><!-- noscript pattern --><noscript><img decoding=\"async\" src=\"http:\/\/just-now.news\/de\/wp-content\/uploads\/sites\/3\/2022\/12\/63934d2848fbef4b14441e8d.jpg\" alt=\"\"><\/noscript><\/div><figcaption class=\"RTImage-footer\"><span class=\"RTImage-caption\"><span class=\"RTImage-captionItem\">Archivbild: Michail Podoljak<\/span><\/span><span class=\"RTImage-source\"><span class=\"RTImage-captionItem\">Metin Aktas\/Anadolu Agency<\/span><span class=\"RTImage-captionItem\"> \/ Gettyimages.ru<\/span><\/span><\/figcaption><\/figure>\n<p>Nach Angaben des Beraters des Pr\u00e4sidialamtes der Ukraine, Michail Podoljak, sollen die ukrainischen Streitkr\u00e4fte in K\u00fcrze amerikanische und deutsche Panzer, Raketenabwehrsysteme und Raketenwerfer erhalten. Er sagte:<\/p>\n<p><em>&#8220;Vertrauen Sie mir einfach, dass wir sehr bald Patriots, Abrams, Leoparden und alles andere erhalten werden. Das ist eine objektive Entwicklung dieses Krieges. Es wird alles auf unserem Territorium stattfinden.&#8221;<\/em><\/p>\n<p>Podoljak sagte, dass die Waffen und entsprechende Munition in den n\u00e4chsten Monaten geliefert w\u00fcrden. Er <a rel=\"nofollow noopener\" target=\"_blank\" href=\"https:\/\/twitter.com\/Podolyak_M\/status\/1601146941186117632?s=20\">twitterte<\/a>\u00a0zudem\u00a0seine Weihnachtswunschliste:<\/p>\n<div class=\"EmbedBlock-root EmbedBlock-twitter\">\n<div class=\"TwitterEmbed\">\n<blockquote class=\"twitter-tweet lazyload\" data-twitter=\"twitter-tweet\">\n<p lang=\"en\" dir=\"ltr\">My Christmas wishlist:1. Leopards2. Marders3. Abrams4. Patriots5. ATACMS<\/p>\n<p>\u2014 \u041c\u0438\u0445\u0430\u0439\u043b\u043e \u041f\u043e\u0434\u043e\u043b\u044f\u043a (@Podolyak_M) <a rel=\"nofollow noopener\" target=\"_blank\" href=\"https:\/\/twitter.com\/Podolyak_M\/status\/1601146941186117632?ref_src=twsrc%5Etfw\">December 9, 2022<\/a><\/p><\/blockquote>\n<\/div>\n<\/div>\n<\/div>\n<\/div>\n<\/div>\n<\/div>\n<\/li>\n<li class=\"LiveUpdates-item Listing-item\">\n<div class=\"LiveUpdate-root\">\n<div class=\"LiveUpdate-date\">\n<p class=\"HeaderNews-root HeaderNews-type_6 \">\n                15:55 Uhr\n            <\/p>\n<\/div>\n<div class=\"LiveUpdate-content\">\n<div class=\"LiveUpdate-text\">\n<div class=\"Text-root Text-type_5 ViewText-root\">\n<p><strong>Konaschenkow: Mehr als 200 ukrainische Soldaten in 24 Stunden get\u00f6tet<\/strong><\/p>\n<p>Der Sprecher des russischen Verteidigungsministeriums, Generalleutnant Igor Konaschenkow, <a rel=\"nofollow noopener\" target=\"_blank\" href=\"https:\/\/t.me\/mod_russia\/22518\">\u00e4u\u00dferte<\/a>\u00a0sich w\u00e4hrend seines t\u00e4glichen Briefings \u00fcber die Fortschritte der russischen milit\u00e4rischen Sonderoperation in der Ukraine. Im Frontabschnitt Krasny Liman habe das russische Milit\u00e4r seine Offensive fortgesetzt, \u00fcber 50 ukrainische Soldaten get\u00f6tet und zwei Sch\u00fctzenpanzer sowie vier Pickups zerst\u00f6rt.<strong><\/strong><\/p>\n<p>Seitens des\u00a0Verteidigungsministeriums wurde zudem mitgeteilt, dass das russische Milit\u00e4r Angriffe in den Frontabschnitten Kupjansk, Donezk und S\u00fcd-Donezk zur\u00fcckgeschlagen habe. Dabei seien \u00fcber 150 ukrainische Soldaten get\u00f6tet und verwundet sowie drei gepanzerte Kampffahrzeuge, ein Sch\u00fctzenpanzer, zwei Kleinlastwagen und zwei Fahrzeuge zerst\u00f6rt worden.<\/p>\n<p>Russische Luft-, Raketen- und Artillerieeinheiten h\u00e4tten 86 ukrainische Artillerieeinheiten angegriffen und sechs US-amerikanischen MLRS-Abschussrampen und deutsche MARS II-Mehrfachraketenwerfer zerst\u00f6rt. Konaschenkow f\u00fcgte hinzu, dass das russische Milit\u00e4r ein von den USA hergestelltes AN\/TPQ-50-Batterieabwehrradar, einen taktischen Totschka-U-Raketenwerfer, einen Uragan-Mehrfachraketenwerfer und drei Grad-Mehrfachraketenwerfer zerst\u00f6rt habe. Auch ein Munitionsdepot der ukrainischen Streitkr\u00e4fte sei zerst\u00f6rt worden. Die russischen Luftabwehrkr\u00e4fte h\u00e4tten ihrerseits innerhalb von 24 Stunden drei Raketen\u00a0der\u00a0HIMARS-Mehrfachraketenwerfer abgefangen.<\/p>\n<p>Seit Beginn der milit\u00e4rischen Sonderoperation seien insgesamt 341 Flugzeuge, 181 Hubschrauber, 2.643 unbemannte Luftfahrzeuge, 392 Boden-Luft-Raketensysteme, 7.043 Panzer und andere gepanzerte Kampffahrzeuge, 924 Mehrfachraketenwerfer, 3.668 Feldartilleriegesch\u00fctze und M\u00f6rser sowie 7.522 milit\u00e4rische Spezialfahrzeuge <a rel=\"nofollow noopener\" target=\"_blank\" href=\"https:\/\/t.me\/mod_russia\/22519\">zerst\u00f6rt<\/a> worden, so Konaschenkow.<\/p>\n<\/div>\n<\/div>\n<\/div>\n<\/div>\n<\/li>\n<\/ul>\n<div class=\"Listing-isReact\" data-rtmodule=\"Listing\" onload=\"return {\n                page: '1',\n                limit: '10',\n                listing: '\/listing\/parent.6209f961b480cc2c7e35341b\/noprepare\/liveupdates\/10\/1',\n            };\"><\/div>\n<\/div>\n<\/div>\n<\/div>\n<p><script async src=\"https:\/\/platform.twitter.com\/widgets.js\" charset=\"utf-8\"><\/script><br \/>\n<br \/><br \/>\n<br \/><a href=\"https:\/\/de.rt.com\/international\/131481-liveticker-ukraine-krieg-praxistest-rheinmetall\/\">Source link <\/a><\/p>\n","protected":false},"excerpt":{"rendered":"<p>Russland f\u00fchrt gemeinsam mit den Streitkr\u00e4ften der Donbass-Republiken eine Milit\u00e4roperation in der Ukraine durch. Der Westen reagiert mit immer neuen Waffenlieferungen an die Ukraine und beispiellosen Sanktionen gegen Russland. Lesen Sie hier die neuesten Entwicklungen. 9.12.2022 20:32 Uhr 20:32 Uhr Verteidigungsministerium der USA k\u00fcndigt Hilfspaket\u00a0f\u00fcr die Ukraine in H\u00f6he von 275 Millionen Dollar an Archivbild: [&hellip;]<\/p>\n","protected":false},"author":3,"featured_media":25107,"comment_status":"open","ping_status":"open","sticky":false,"template":"","format":"standard","meta":{"_yoast_indexnow_last_ping":["1670614851"],"wp_automatic_camp":["217"],"f6c8ddb634dfba230a477fcaaebf8512":["Liveticker Ukraine-Krieg: Praxistest \u2013 Rheinmetall darf Flugabwehrsysteme &quot;Skynex&quot; an Kiew liefern"],"original_link":["https:\/\/de.rt.com\/international\/131481-liveticker-ukraine-krieg-praxistest-rheinmetall\/"],"_thumbnail_id":["25107"],"_wptgpro_p2tg_sent2tg":["a:1:{i:23737;s:19:\"2022-12-09 21:42:08\";}"],"jnews_social_counter_last_update":["1777594591"]},"categories":[19,23],"tags":[5310,22811,1025,1432,564,37275,37276,20033,566],"yoast_head":"<!-- This site is optimized with the Yoast SEO Premium plugin v22.7 (Yoast SEO v22.7) - https:\/\/yoast.com\/wordpress\/plugins\/seo\/ -->\n<title>Liveticker Ukraine-Krieg: Praxistest \u2013 Rheinmetall darf Flugabwehrsysteme &quot;Skynex&quot; an Kiew liefern - just-now.NEWS Deutschland<\/title>\n<meta name=\"robots\" content=\"index, follow, max-snippet:-1, max-image-preview:large, max-video-preview:-1\" \/>\n<link rel=\"canonical\" href=\"https:\/\/now-news.de\/de\/deutschland\/liveticker-ukraine-krieg-praxistest-rheinmetall-darf-flugabwehrsysteme-skynex-an-kiew-liefern\/\" \/>\n<meta property=\"og:locale\" content=\"de_DE\" \/>\n<meta property=\"og:type\" content=\"article\" \/>\n<meta property=\"og:title\" content=\"Liveticker Ukraine-Krieg: Praxistest \u2013 Rheinmetall darf Flugabwehrsysteme &quot;Skynex&quot; an Kiew liefern\" \/>\n<meta property=\"og:description\" content=\"Russland f\u00fchrt gemeinsam mit den Streitkr\u00e4ften der Donbass-Republiken eine Milit\u00e4roperation in der Ukraine durch. Der Westen reagiert mit immer neuen Waffenlieferungen an die Ukraine und beispiellosen Sanktionen gegen Russland. Lesen Sie hier die neuesten Entwicklungen. 9.12.2022 20:32 Uhr 20:32 Uhr Verteidigungsministerium der USA k\u00fcndigt Hilfspaket\u00a0f\u00fcr die Ukraine in H\u00f6he von 275 Millionen Dollar an Archivbild: [&hellip;]\" \/>\n<meta property=\"og:url\" content=\"https:\/\/now-news.de\/de\/deutschland\/liveticker-ukraine-krieg-praxistest-rheinmetall-darf-flugabwehrsysteme-skynex-an-kiew-liefern\/\" \/>\n<meta property=\"og:site_name\" content=\"just-now.NEWS Deutschland\" \/>\n<meta property=\"article:publisher\" content=\"https:\/\/www.facebook.com\/wirmachenauf\" \/>\n<meta property=\"article:published_time\" content=\"2022-12-09T19:25:00+00:00\" \/>\n<meta property=\"og:image\" content=\"https:\/\/now-news.de\/de\/wp-content\/uploads\/sites\/3\/2022\/12\/Liveticker-Ukraine-Krieg-Praxistest-\u2013-Rheinmetall-darf-Flugabwehrsysteme-quotSkynexquot-an-Kiew.jpg\" \/>\n\t<meta property=\"og:image:width\" content=\"1620\" \/>\n\t<meta property=\"og:image:height\" content=\"1080\" \/>\n\t<meta property=\"og:image:type\" content=\"image\/jpeg\" \/>\n<meta name=\"author\" content=\"rtnews\" \/>\n<meta name=\"twitter:card\" content=\"summary_large_image\" \/>\n<meta name=\"twitter:creator\" content=\"@WirMachenAuf_de\" \/>\n<meta name=\"twitter:site\" content=\"@WirMachenAuf_de\" \/>\n<meta name=\"twitter:label1\" content=\"Verfasst von\" \/>\n\t<meta name=\"twitter:data1\" content=\"rtnews\" \/>\n\t<meta name=\"twitter:label2\" content=\"Gesch\u00e4tzte Lesezeit\" \/>\n\t<meta name=\"twitter:data2\" content=\"8\u00a0Minuten\" \/>\n<script type=\"application\/ld+json\" class=\"yoast-schema-graph\">{\"@context\":\"https:\/\/schema.org\",\"@graph\":[{\"@type\":\"Article\",\"@id\":\"https:\/\/now-news.de\/de\/deutschland\/liveticker-ukraine-krieg-praxistest-rheinmetall-darf-flugabwehrsysteme-skynex-an-kiew-liefern\/#article\",\"isPartOf\":{\"@id\":\"https:\/\/now-news.de\/de\/deutschland\/liveticker-ukraine-krieg-praxistest-rheinmetall-darf-flugabwehrsysteme-skynex-an-kiew-liefern\/\"},\"author\":{\"name\":\"rtnews\",\"@id\":\"https:\/\/now-news.de\/de\/#\/schema\/person\/fb534a4e865501d8b3285208df34a9b5\"},\"headline\":\"Liveticker Ukraine-Krieg: Praxistest \u2013 Rheinmetall darf Flugabwehrsysteme &quot;Skynex&quot; an Kiew liefern\",\"datePublished\":\"2022-12-09T19:25:00+00:00\",\"dateModified\":\"2022-12-09T19:25:00+00:00\",\"mainEntityOfPage\":{\"@id\":\"https:\/\/now-news.de\/de\/deutschland\/liveticker-ukraine-krieg-praxistest-rheinmetall-darf-flugabwehrsysteme-skynex-an-kiew-liefern\/\"},\"wordCount\":1611,\"commentCount\":0,\"publisher\":{\"@id\":\"https:\/\/now-news.de\/de\/#organization\"},\"image\":{\"@id\":\"https:\/\/now-news.de\/de\/deutschland\/liveticker-ukraine-krieg-praxistest-rheinmetall-darf-flugabwehrsysteme-skynex-an-kiew-liefern\/#primaryimage\"},\"thumbnailUrl\":\"https:\/\/now-news.de\/de\/wp-content\/uploads\/sites\/3\/2022\/12\/Liveticker-Ukraine-Krieg-Praxistest-\u2013-Rheinmetall-darf-Flugabwehrsysteme-quotSkynexquot-an-Kiew.jpg\",\"keywords\":[\"darf\",\"Flugabwehrsysteme\",\"Kiew\",\"liefern\",\"Liveticker\",\"Praxistest\",\"quotSkynexquot\",\"Rheinmetall\",\"UkraineKrieg\"],\"articleSection\":[\"Deutschland\",\"Russland\"],\"inLanguage\":\"de\",\"potentialAction\":[{\"@type\":\"CommentAction\",\"name\":\"Comment\",\"target\":[\"https:\/\/now-news.de\/de\/deutschland\/liveticker-ukraine-krieg-praxistest-rheinmetall-darf-flugabwehrsysteme-skynex-an-kiew-liefern\/#respond\"]}]},{\"@type\":\"WebPage\",\"@id\":\"https:\/\/now-news.de\/de\/deutschland\/liveticker-ukraine-krieg-praxistest-rheinmetall-darf-flugabwehrsysteme-skynex-an-kiew-liefern\/\",\"url\":\"https:\/\/now-news.de\/de\/deutschland\/liveticker-ukraine-krieg-praxistest-rheinmetall-darf-flugabwehrsysteme-skynex-an-kiew-liefern\/\",\"name\":\"Liveticker Ukraine-Krieg: Praxistest \u2013 Rheinmetall darf Flugabwehrsysteme &quot;Skynex&quot; an Kiew liefern - just-now.NEWS Deutschland\",\"isPartOf\":{\"@id\":\"https:\/\/now-news.de\/de\/#website\"},\"primaryImageOfPage\":{\"@id\":\"https:\/\/now-news.de\/de\/deutschland\/liveticker-ukraine-krieg-praxistest-rheinmetall-darf-flugabwehrsysteme-skynex-an-kiew-liefern\/#primaryimage\"},\"image\":{\"@id\":\"https:\/\/now-news.de\/de\/deutschland\/liveticker-ukraine-krieg-praxistest-rheinmetall-darf-flugabwehrsysteme-skynex-an-kiew-liefern\/#primaryimage\"},\"thumbnailUrl\":\"https:\/\/now-news.de\/de\/wp-content\/uploads\/sites\/3\/2022\/12\/Liveticker-Ukraine-Krieg-Praxistest-\u2013-Rheinmetall-darf-Flugabwehrsysteme-quotSkynexquot-an-Kiew.jpg\",\"datePublished\":\"2022-12-09T19:25:00+00:00\",\"dateModified\":\"2022-12-09T19:25:00+00:00\",\"breadcrumb\":{\"@id\":\"https:\/\/now-news.de\/de\/deutschland\/liveticker-ukraine-krieg-praxistest-rheinmetall-darf-flugabwehrsysteme-skynex-an-kiew-liefern\/#breadcrumb\"},\"inLanguage\":\"de\",\"potentialAction\":[{\"@type\":\"ReadAction\",\"target\":[\"https:\/\/now-news.de\/de\/deutschland\/liveticker-ukraine-krieg-praxistest-rheinmetall-darf-flugabwehrsysteme-skynex-an-kiew-liefern\/\"]}]},{\"@type\":\"ImageObject\",\"inLanguage\":\"de\",\"@id\":\"https:\/\/now-news.de\/de\/deutschland\/liveticker-ukraine-krieg-praxistest-rheinmetall-darf-flugabwehrsysteme-skynex-an-kiew-liefern\/#primaryimage\",\"url\":\"https:\/\/now-news.de\/de\/wp-content\/uploads\/sites\/3\/2022\/12\/Liveticker-Ukraine-Krieg-Praxistest-\u2013-Rheinmetall-darf-Flugabwehrsysteme-quotSkynexquot-an-Kiew.jpg\",\"contentUrl\":\"https:\/\/now-news.de\/de\/wp-content\/uploads\/sites\/3\/2022\/12\/Liveticker-Ukraine-Krieg-Praxistest-\u2013-Rheinmetall-darf-Flugabwehrsysteme-quotSkynexquot-an-Kiew.jpg\",\"width\":1620,\"height\":1080,\"caption\":\"Liveticker Ukraine-Krieg: Praxistest \u2013 Rheinmetall darf Flugabwehrsysteme &quot;Skynex&quot; an Kiew liefern\"},{\"@type\":\"BreadcrumbList\",\"@id\":\"https:\/\/now-news.de\/de\/deutschland\/liveticker-ukraine-krieg-praxistest-rheinmetall-darf-flugabwehrsysteme-skynex-an-kiew-liefern\/#breadcrumb\",\"itemListElement\":[{\"@type\":\"ListItem\",\"position\":1,\"name\":\"Home\",\"item\":\"https:\/\/now-news.de\/de\/\"},{\"@type\":\"ListItem\",\"position\":2,\"name\":\"Liveticker Ukraine-Krieg: Praxistest \u2013 Rheinmetall darf Flugabwehrsysteme &quot;Skynex&quot; an Kiew liefern\"}]},{\"@type\":\"WebSite\",\"@id\":\"https:\/\/now-news.de\/de\/#website\",\"url\":\"https:\/\/now-news.de\/de\/\",\"name\":\"just-now.NEWS Deutschland\",\"description\":\"Das Portal f\u00fcr unzensierte Nachrichten aus der Welt\",\"publisher\":{\"@id\":\"https:\/\/now-news.de\/de\/#organization\"},\"potentialAction\":[{\"@type\":\"SearchAction\",\"target\":{\"@type\":\"EntryPoint\",\"urlTemplate\":\"https:\/\/now-news.de\/de\/?s={search_term_string}\"},\"query-input\":\"required name=search_term_string\"}],\"inLanguage\":\"de\"},{\"@type\":\"Organization\",\"@id\":\"https:\/\/now-news.de\/de\/#organization\",\"name\":\"Just Now News\",\"url\":\"https:\/\/now-news.de\/de\/\",\"logo\":{\"@type\":\"ImageObject\",\"inLanguage\":\"de\",\"@id\":\"https:\/\/now-news.de\/de\/#\/schema\/logo\/image\/\",\"url\":\"http:\/\/just-now.news\/de\/wp-content\/uploads\/sites\/3\/2022\/04\/logo500x500.jpg\",\"contentUrl\":\"http:\/\/just-now.news\/de\/wp-content\/uploads\/sites\/3\/2022\/04\/logo500x500.jpg\",\"width\":500,\"height\":500,\"caption\":\"Just Now News\"},\"image\":{\"@id\":\"https:\/\/now-news.de\/de\/#\/schema\/logo\/image\/\"},\"sameAs\":[\"https:\/\/www.facebook.com\/wirmachenauf\",\"https:\/\/x.com\/WirMachenAuf_de\"]},{\"@type\":\"Person\",\"@id\":\"https:\/\/now-news.de\/de\/#\/schema\/person\/fb534a4e865501d8b3285208df34a9b5\",\"name\":\"rtnews\",\"image\":{\"@type\":\"ImageObject\",\"inLanguage\":\"de\",\"@id\":\"https:\/\/now-news.de\/de\/#\/schema\/person\/image\/\",\"url\":\"https:\/\/secure.gravatar.com\/avatar\/82aafea7d8127119dd649515f56e2117?s=96&d=mm&r=g\",\"contentUrl\":\"https:\/\/secure.gravatar.com\/avatar\/82aafea7d8127119dd649515f56e2117?s=96&d=mm&r=g\",\"caption\":\"rtnews\"},\"url\":\"https:\/\/now-news.de\/de\/author\/rnews\/\"}]}<\/script>\n<!-- \/ Yoast SEO Premium plugin. -->","yoast_head_json":{"title":"Liveticker Ukraine-Krieg: Praxistest \u2013 Rheinmetall darf Flugabwehrsysteme &quot;Skynex&quot; an Kiew liefern - just-now.NEWS Deutschland","robots":{"index":"index","follow":"follow","max-snippet":"max-snippet:-1","max-image-preview":"max-image-preview:large","max-video-preview":"max-video-preview:-1"},"canonical":"https:\/\/now-news.de\/de\/deutschland\/liveticker-ukraine-krieg-praxistest-rheinmetall-darf-flugabwehrsysteme-skynex-an-kiew-liefern\/","og_locale":"de_DE","og_type":"article","og_title":"Liveticker Ukraine-Krieg: Praxistest \u2013 Rheinmetall darf Flugabwehrsysteme &quot;Skynex&quot; an Kiew liefern","og_description":"Russland f\u00fchrt gemeinsam mit den Streitkr\u00e4ften der Donbass-Republiken eine Milit\u00e4roperation in der Ukraine durch. Der Westen reagiert mit immer neuen Waffenlieferungen an die Ukraine und beispiellosen Sanktionen gegen Russland. Lesen Sie hier die neuesten Entwicklungen. 9.12.2022 20:32 Uhr 20:32 Uhr Verteidigungsministerium der USA k\u00fcndigt Hilfspaket\u00a0f\u00fcr die Ukraine in H\u00f6he von 275 Millionen Dollar an Archivbild: [&hellip;]","og_url":"https:\/\/now-news.de\/de\/deutschland\/liveticker-ukraine-krieg-praxistest-rheinmetall-darf-flugabwehrsysteme-skynex-an-kiew-liefern\/","og_site_name":"just-now.NEWS Deutschland","article_publisher":"https:\/\/www.facebook.com\/wirmachenauf","article_published_time":"2022-12-09T19:25:00+00:00","og_image":[{"width":1620,"height":1080,"url":"https:\/\/now-news.de\/de\/wp-content\/uploads\/sites\/3\/2022\/12\/Liveticker-Ukraine-Krieg-Praxistest-\u2013-Rheinmetall-darf-Flugabwehrsysteme-quotSkynexquot-an-Kiew.jpg","type":"image\/jpeg"}],"author":"rtnews","twitter_card":"summary_large_image","twitter_creator":"@WirMachenAuf_de","twitter_site":"@WirMachenAuf_de","twitter_misc":{"Verfasst von":"rtnews","Gesch\u00e4tzte Lesezeit":"8\u00a0Minuten"},"schema":{"@context":"https:\/\/schema.org","@graph":[{"@type":"Article","@id":"https:\/\/now-news.de\/de\/deutschland\/liveticker-ukraine-krieg-praxistest-rheinmetall-darf-flugabwehrsysteme-skynex-an-kiew-liefern\/#article","isPartOf":{"@id":"https:\/\/now-news.de\/de\/deutschland\/liveticker-ukraine-krieg-praxistest-rheinmetall-darf-flugabwehrsysteme-skynex-an-kiew-liefern\/"},"author":{"name":"rtnews","@id":"https:\/\/now-news.de\/de\/#\/schema\/person\/fb534a4e865501d8b3285208df34a9b5"},"headline":"Liveticker Ukraine-Krieg: Praxistest \u2013 Rheinmetall darf Flugabwehrsysteme &quot;Skynex&quot; an Kiew liefern","datePublished":"2022-12-09T19:25:00+00:00","dateModified":"2022-12-09T19:25:00+00:00","mainEntityOfPage":{"@id":"https:\/\/now-news.de\/de\/deutschland\/liveticker-ukraine-krieg-praxistest-rheinmetall-darf-flugabwehrsysteme-skynex-an-kiew-liefern\/"},"wordCount":1611,"commentCount":0,"publisher":{"@id":"https:\/\/now-news.de\/de\/#organization"},"image":{"@id":"https:\/\/now-news.de\/de\/deutschland\/liveticker-ukraine-krieg-praxistest-rheinmetall-darf-flugabwehrsysteme-skynex-an-kiew-liefern\/#primaryimage"},"thumbnailUrl":"https:\/\/now-news.de\/de\/wp-content\/uploads\/sites\/3\/2022\/12\/Liveticker-Ukraine-Krieg-Praxistest-\u2013-Rheinmetall-darf-Flugabwehrsysteme-quotSkynexquot-an-Kiew.jpg","keywords":["darf","Flugabwehrsysteme","Kiew","liefern","Liveticker","Praxistest","quotSkynexquot","Rheinmetall","UkraineKrieg"],"articleSection":["Deutschland","Russland"],"inLanguage":"de","potentialAction":[{"@type":"CommentAction","name":"Comment","target":["https:\/\/now-news.de\/de\/deutschland\/liveticker-ukraine-krieg-praxistest-rheinmetall-darf-flugabwehrsysteme-skynex-an-kiew-liefern\/#respond"]}]},{"@type":"WebPage","@id":"https:\/\/now-news.de\/de\/deutschland\/liveticker-ukraine-krieg-praxistest-rheinmetall-darf-flugabwehrsysteme-skynex-an-kiew-liefern\/","url":"https:\/\/now-news.de\/de\/deutschland\/liveticker-ukraine-krieg-praxistest-rheinmetall-darf-flugabwehrsysteme-skynex-an-kiew-liefern\/","name":"Liveticker Ukraine-Krieg: Praxistest \u2013 Rheinmetall darf Flugabwehrsysteme &quot;Skynex&quot; an Kiew liefern - just-now.NEWS Deutschland","isPartOf":{"@id":"https:\/\/now-news.de\/de\/#website"},"primaryImageOfPage":{"@id":"https:\/\/now-news.de\/de\/deutschland\/liveticker-ukraine-krieg-praxistest-rheinmetall-darf-flugabwehrsysteme-skynex-an-kiew-liefern\/#primaryimage"},"image":{"@id":"https:\/\/now-news.de\/de\/deutschland\/liveticker-ukraine-krieg-praxistest-rheinmetall-darf-flugabwehrsysteme-skynex-an-kiew-liefern\/#primaryimage"},"thumbnailUrl":"https:\/\/now-news.de\/de\/wp-content\/uploads\/sites\/3\/2022\/12\/Liveticker-Ukraine-Krieg-Praxistest-\u2013-Rheinmetall-darf-Flugabwehrsysteme-quotSkynexquot-an-Kiew.jpg","datePublished":"2022-12-09T19:25:00+00:00","dateModified":"2022-12-09T19:25:00+00:00","breadcrumb":{"@id":"https:\/\/now-news.de\/de\/deutschland\/liveticker-ukraine-krieg-praxistest-rheinmetall-darf-flugabwehrsysteme-skynex-an-kiew-liefern\/#breadcrumb"},"inLanguage":"de","potentialAction":[{"@type":"ReadAction","target":["https:\/\/now-news.de\/de\/deutschland\/liveticker-ukraine-krieg-praxistest-rheinmetall-darf-flugabwehrsysteme-skynex-an-kiew-liefern\/"]}]},{"@type":"ImageObject","inLanguage":"de","@id":"https:\/\/now-news.de\/de\/deutschland\/liveticker-ukraine-krieg-praxistest-rheinmetall-darf-flugabwehrsysteme-skynex-an-kiew-liefern\/#primaryimage","url":"https:\/\/now-news.de\/de\/wp-content\/uploads\/sites\/3\/2022\/12\/Liveticker-Ukraine-Krieg-Praxistest-\u2013-Rheinmetall-darf-Flugabwehrsysteme-quotSkynexquot-an-Kiew.jpg","contentUrl":"https:\/\/now-news.de\/de\/wp-content\/uploads\/sites\/3\/2022\/12\/Liveticker-Ukraine-Krieg-Praxistest-\u2013-Rheinmetall-darf-Flugabwehrsysteme-quotSkynexquot-an-Kiew.jpg","width":1620,"height":1080,"caption":"Liveticker Ukraine-Krieg: Praxistest \u2013 Rheinmetall darf Flugabwehrsysteme &quot;Skynex&quot; an Kiew liefern"},{"@type":"BreadcrumbList","@id":"https:\/\/now-news.de\/de\/deutschland\/liveticker-ukraine-krieg-praxistest-rheinmetall-darf-flugabwehrsysteme-skynex-an-kiew-liefern\/#breadcrumb","itemListElement":[{"@type":"ListItem","position":1,"name":"Home","item":"https:\/\/now-news.de\/de\/"},{"@type":"ListItem","position":2,"name":"Liveticker Ukraine-Krieg: Praxistest \u2013 Rheinmetall darf Flugabwehrsysteme &quot;Skynex&quot; an Kiew liefern"}]},{"@type":"WebSite","@id":"https:\/\/now-news.de\/de\/#website","url":"https:\/\/now-news.de\/de\/","name":"just-now.NEWS Deutschland","description":"Das Portal f\u00fcr unzensierte Nachrichten aus der Welt","publisher":{"@id":"https:\/\/now-news.de\/de\/#organization"},"potentialAction":[{"@type":"SearchAction","target":{"@type":"EntryPoint","urlTemplate":"https:\/\/now-news.de\/de\/?s={search_term_string}"},"query-input":"required name=search_term_string"}],"inLanguage":"de"},{"@type":"Organization","@id":"https:\/\/now-news.de\/de\/#organization","name":"Just Now News","url":"https:\/\/now-news.de\/de\/","logo":{"@type":"ImageObject","inLanguage":"de","@id":"https:\/\/now-news.de\/de\/#\/schema\/logo\/image\/","url":"http:\/\/just-now.news\/de\/wp-content\/uploads\/sites\/3\/2022\/04\/logo500x500.jpg","contentUrl":"http:\/\/just-now.news\/de\/wp-content\/uploads\/sites\/3\/2022\/04\/logo500x500.jpg","width":500,"height":500,"caption":"Just Now News"},"image":{"@id":"https:\/\/now-news.de\/de\/#\/schema\/logo\/image\/"},"sameAs":["https:\/\/www.facebook.com\/wirmachenauf","https:\/\/x.com\/WirMachenAuf_de"]},{"@type":"Person","@id":"https:\/\/now-news.de\/de\/#\/schema\/person\/fb534a4e865501d8b3285208df34a9b5","name":"rtnews","image":{"@type":"ImageObject","inLanguage":"de","@id":"https:\/\/now-news.de\/de\/#\/schema\/person\/image\/","url":"https:\/\/secure.gravatar.com\/avatar\/82aafea7d8127119dd649515f56e2117?s=96&d=mm&r=g","contentUrl":"https:\/\/secure.gravatar.com\/avatar\/82aafea7d8127119dd649515f56e2117?s=96&d=mm&r=g","caption":"rtnews"},"url":"https:\/\/now-news.de\/de\/author\/rnews\/"}]}},"_links":{"self":[{"href":"https:\/\/now-news.de\/de\/wp-json\/wp\/v2\/posts\/25106"}],"collection":[{"href":"https:\/\/now-news.de\/de\/wp-json\/wp\/v2\/posts"}],"about":[{"href":"https:\/\/now-news.de\/de\/wp-json\/wp\/v2\/types\/post"}],"author":[{"embeddable":true,"href":"https:\/\/now-news.de\/de\/wp-json\/wp\/v2\/users\/3"}],"replies":[{"embeddable":true,"href":"https:\/\/now-news.de\/de\/wp-json\/wp\/v2\/comments?post=25106"}],"version-history":[{"count":0,"href":"https:\/\/now-news.de\/de\/wp-json\/wp\/v2\/posts\/25106\/revisions"}],"wp:featuredmedia":[{"embeddable":true,"href":"https:\/\/now-news.de\/de\/wp-json\/wp\/v2\/media\/25107"}],"wp:attachment":[{"href":"https:\/\/now-news.de\/de\/wp-json\/wp\/v2\/media?parent=25106"}],"wp:term":[{"taxonomy":"category","embeddable":true,"href":"https:\/\/now-news.de\/de\/wp-json\/wp\/v2\/categories?post=25106"},{"taxonomy":"post_tag","embeddable":true,"href":"https:\/\/now-news.de\/de\/wp-json\/wp\/v2\/tags?post=25106"}],"curies":[{"name":"wp","href":"https:\/\/api.w.org\/{rel}","templated":true}]}}