{"id":25096,"date":"2022-12-09T20:17:03","date_gmt":"2022-12-09T18:17:03","guid":{"rendered":"https:\/\/just-now.news\/de\/deutschland\/rueckzug-aus-klima-initiative-weltgroesster-fondsmanager-vanguard-moechte-unabhaengigkeit-demonstrieren\/"},"modified":"2022-12-09T20:17:03","modified_gmt":"2022-12-09T18:17:03","slug":"rueckzug-aus-klima-initiative-weltgroesster-fondsmanager-vanguard-moechte-unabhaengigkeit-demonstrieren","status":"publish","type":"post","link":"https:\/\/now-news.de\/de\/deutschland\/rueckzug-aus-klima-initiative-weltgroesster-fondsmanager-vanguard-moechte-unabhaengigkeit-demonstrieren\/","title":{"rendered":"R\u00fcckzug aus Klima-Initiative: Weltgr\u00f6\u00dfter Fondsmanager Vanguard m\u00f6chte Unabh\u00e4ngigkeit demonstrieren"},"content":{"rendered":"<p><img decoding=\"async\" src=\"http:\/\/just-now.news\/de\/wp-content\/uploads\/sites\/3\/2022\/12\/63932bc548fbef4a643c1f6f.jpg\" \/><\/p>\n<div class=\"Text-root Text-type_1 \">\n                Der Finanzdienstleister Vanguard zieht sich aus der Brancheninitiative zur Bek\u00e4mpfung des Klimawandels zur\u00fcck. Republikanische US-Politiker und Anleger kritisierten die Auswahl von Wertpapieren in Bezug auf \u00f6kologische und soziale Faktoren. Der BlackRock-Fonds erkl\u00e4rte, er bleibe Teil der \u00d6ko-Initiative.\n            <\/div>\n<p><\/p>\n<div class=\"Text-root Text-type_5 ArticleView-text ViewText-root \">\n<p>Am Mittwoch erkl\u00e4rte der weltgr\u00f6\u00dfte Fondsmanager Vanguard, dass er sich aus der Brancheninitiative zur Bek\u00e4mpfung des Klimawandels zur\u00fcckziehe. Die Wirtschaftsplattform <em>Marketscreener.com<\/em>\u00a0<a rel=\"nofollow noopener\" target=\"_blank\" href=\"https:\/\/de.marketscreener.com\/kurs\/aktie\/BLACKROCK-INC-11862\/news\/Weltgro-ter-Fondsmanager-Vanguard-zieht-sich-aus-Klima-Initiative-zuruck-42501241\/?countview=0\">berichtete<\/a> am Donnerstag dar\u00fcber. Mit diesem Schritt wolle der Finanzdienstleister seine Unabh\u00e4ngigkeit demonstrieren und sich f\u00fcr Anleger klarer positionieren. Zuletzt seien Unternehmen wie Vanguard dem Druck von republikanischen US-Politikern ausgesetzt gewesen. Die Politiker, aber auch Anleger, monierten die Ber\u00fccksichtigung \u00f6kologischer und sozialer Faktoren bei der Auswahl der Wertpapiere. Manche diesbez\u00fcglicher Initiativen w\u00fcrden gegen Kartellvorschriften versto\u00dfen.<\/p>\n<p>Der Ausstieg aus der Klimawandel-Initiative sei hinsichtlich des Versuchs, die Branche zum Ausstieg aus fossilen Brennstoffen zu bewegen, als R\u00fcckschlag zu bewerten. Insbesondere richte sich die Kritik aktuell gegen die \u00d6ko-Initiative Net Zero Asset Managers (NZAM). Dabei sollten im Fonds enthaltende Unternehmen ermutigt werden, &#8220;bis zum Jahr 2050 Netto-Null-Emissionsziele zu erreichen und den Anstieg der globalen Temperaturen zu begrenzen&#8221;, so <em>Marketscreener.com<\/em><\/p>\n<p>NZAM habe im November das Verm\u00f6gen von 291 Unterzeichnern im Umfang von circa 66 Billionen Dollar verwaltet, auf Vanguard entfielen davon sieben Billionen Dollar. Dazu erkl\u00e4rte Vanguard am Mittwoch: &#8220;Wir haben uns zum R\u00fcckzug aus der NZAM entschlossen, um unseren Anlegern die gew\u00fcnschte Klarheit \u00fcber die Rolle von Indexfonds zu verschaffen und dar\u00fcber, wie wir \u00fcber wesentliche Risiken, einschlie\u00dflich klimabezogener Risiken, denken.&#8221;\u00a0Es solle zudem klarer werden, &#8220;dass Vanguard unabh\u00e4ngig \u00fcber Themen spricht, die f\u00fcr unsere Anleger wichtig sind&#8221;.<\/p>\n<p>Andere Finanzdienstleister wie der Vanguard-Konkurrent BlackRock entschieden anders. So teilte\u00a0<a rel=\"nofollow noopener\" target=\"_blank\" href=\"https:\/\/twitter.com\/BlackRock?ref_src=twsrc%5Egoogle%7Ctwcamp%5Eserp%7Ctwgr%5Eauthor\">BlackRock<\/a> am Mittwoch mit, Teil von NZAM zu bleiben: BlackRocks &#8220;Beteiligung an NZAM stehe nicht im Widerspruch zu seiner Unabh\u00e4ngigkeit.&#8221;<\/p>\n<p>BlackRock stehe im Mittelpunkt eines politischen Streits in den USA, <a rel=\"nofollow noopener\" target=\"_blank\" href=\"https:\/\/www.handelsblatt.com\/finanzen\/anlagestrategie\/fonds-etf\/us-fondsriese-rueckzug-von-vanguard-aus-klima-initiative-heizt-politischen-streit-an\/28857298.html?tm=login\">schrieb<\/a> dazu am Mittwoch das\u00a0<em>Handelsblatt<\/em>. Demnach habe der republikanisch regierte Bundesstaat Missouri dem Verm\u00f6gensverwalter 500 Millionen Dollar an Pensionsgeldern entzogen. Der Schatzmeister von Missouri, Scott Fitzgerald, habe den Abzug der Gelder wie folgt begr\u00fcndet: &#8220;Die Treuepflicht muss f\u00fcr Investmentmanager weiterhin oberste Priorit\u00e4t haben&#8221;.<\/p>\n<blockquote>\n<p><em>&#8220;Eine Pflicht, der sich einige von ihnen entzogen haben, um Unternehmen eine linke, soziale, politische Agenda aufzuzwingen, die auf legislativem Wege erfolglos war.&#8221;<\/em><\/p>\n<\/blockquote>\n<p>BlackRock habe in \u00e4hnlich gelagerten F\u00e4llen bereits mehr als 1,5 Milliarden Dollar Anlegerkapital verloren. Das Unternehmen w\u00fcrde auf einer diesbez\u00fcglich eingerichteten <a rel=\"nofollow noopener\" target=\"_blank\" href=\"https:\/\/www.blackrock.com\/us\/individual\/insights\/energy-investing\">Webseite<\/a>\u00a0versuchen, den Streit zu entsch\u00e4rfen. In der Erkl\u00e4rung &#8220;Setting the record straight&#8221; (Richtigstellung) wehre sich der Verm\u00f6gensverwalter gegen den Vorwurf eines Boykotts der \u00d6l- und Gasbranche. Schlie\u00dflich habe man ja selbst 170 Milliarden Dollar in b\u00f6rsengelistete US-Energiekonzerne investiert, so BlackRock.<\/p>\n<p><strong>Mehr zum Thema<\/strong>\u00a0\u2013\u00a0<a rel=\"nofollow noopener\" target=\"_blank\" href=\"https:\/\/pressefreiheit.rtde.tech\/meinung\/148287-geschichte-okonomischen-verrats-2-selbstzerstorung\/\">Die Geschichte eines \u00f6konomischen Verrats (2) \u2013 Selbstzerst\u00f6rung ohne Nutzen<\/a><\/p>\n<\/div>\n<p><script async src=\"https:\/\/platform.twitter.com\/widgets.js\" charset=\"utf-8\"><\/script><br \/>\n<br \/><br \/>\n<br \/><a href=\"https:\/\/de.rt.com\/wirtschaft\/156778-rueckzug-aus-klima-initiative-weltgroesster\/\">Source link <\/a><\/p>\n","protected":false},"excerpt":{"rendered":"<p>Der Finanzdienstleister Vanguard zieht sich aus der Brancheninitiative zur Bek\u00e4mpfung des Klimawandels zur\u00fcck. Republikanische US-Politiker und Anleger kritisierten die Auswahl von Wertpapieren in Bezug auf \u00f6kologische und soziale Faktoren. Der BlackRock-Fonds erkl\u00e4rte, er bleibe Teil der \u00d6ko-Initiative. Am Mittwoch erkl\u00e4rte der weltgr\u00f6\u00dfte Fondsmanager Vanguard, dass er sich aus der Brancheninitiative zur Bek\u00e4mpfung des Klimawandels zur\u00fcckziehe. [&hellip;]<\/p>\n","protected":false},"author":3,"featured_media":25097,"comment_status":"open","ping_status":"open","sticky":false,"template":"","format":"standard","meta":{"_yoast_indexnow_last_ping":["1670610048"],"wp_automatic_camp":["217"],"eb7de3f6eea70c455b2d844e0ee20546":["R\u00fcckzug aus Klima-Initiative: Weltgr\u00f6\u00dfter Fondsmanager Vanguard m\u00f6chte Unabh\u00e4ngigkeit demonstrieren"],"original_link":["https:\/\/de.rt.com\/wirtschaft\/156778-rueckzug-aus-klima-initiative-weltgroesster\/"],"_thumbnail_id":["25097"],"_wptgpro_p2tg_sent2tg":["a:1:{i:23737;s:19:\"2022-12-09 20:21:54\";}"],"jnews_social_counter_last_update":["1777691580"]},"categories":[19,23],"tags":[679,26068,37269,37268,18707,10251,20755,5806,36428],"yoast_head":"<!-- This site is optimized with the Yoast SEO Premium plugin v22.7 (Yoast SEO v22.7) - https:\/\/yoast.com\/wordpress\/plugins\/seo\/ -->\n<title>R\u00fcckzug aus Klima-Initiative: Weltgr\u00f6\u00dfter Fondsmanager Vanguard m\u00f6chte Unabh\u00e4ngigkeit demonstrieren - just-now.NEWS Deutschland<\/title>\n<meta name=\"robots\" content=\"index, follow, max-snippet:-1, max-image-preview:large, max-video-preview:-1\" \/>\n<link rel=\"canonical\" href=\"https:\/\/now-news.de\/de\/deutschland\/rueckzug-aus-klima-initiative-weltgroesster-fondsmanager-vanguard-moechte-unabhaengigkeit-demonstrieren\/\" \/>\n<meta property=\"og:locale\" content=\"de_DE\" \/>\n<meta property=\"og:type\" content=\"article\" \/>\n<meta property=\"og:title\" content=\"R\u00fcckzug aus Klima-Initiative: Weltgr\u00f6\u00dfter Fondsmanager Vanguard m\u00f6chte Unabh\u00e4ngigkeit demonstrieren\" \/>\n<meta property=\"og:description\" content=\"Der Finanzdienstleister Vanguard zieht sich aus der Brancheninitiative zur Bek\u00e4mpfung des Klimawandels zur\u00fcck. Republikanische US-Politiker und Anleger kritisierten die Auswahl von Wertpapieren in Bezug auf \u00f6kologische und soziale Faktoren. Der BlackRock-Fonds erkl\u00e4rte, er bleibe Teil der \u00d6ko-Initiative. Am Mittwoch erkl\u00e4rte der weltgr\u00f6\u00dfte Fondsmanager Vanguard, dass er sich aus der Brancheninitiative zur Bek\u00e4mpfung des Klimawandels zur\u00fcckziehe. [&hellip;]\" \/>\n<meta property=\"og:url\" content=\"https:\/\/now-news.de\/de\/deutschland\/rueckzug-aus-klima-initiative-weltgroesster-fondsmanager-vanguard-moechte-unabhaengigkeit-demonstrieren\/\" \/>\n<meta property=\"og:site_name\" content=\"just-now.NEWS Deutschland\" \/>\n<meta property=\"article:publisher\" content=\"https:\/\/www.facebook.com\/wirmachenauf\" \/>\n<meta property=\"article:published_time\" content=\"2022-12-09T18:17:03+00:00\" \/>\n<meta property=\"og:image\" content=\"https:\/\/now-news.de\/de\/wp-content\/uploads\/sites\/3\/2022\/12\/Rueckzug-aus-Klima-Initiative-Weltgroesster-Fondsmanager-Vanguard-moechte-Unabhaengigkeit-demonstrieren.jpg\" \/>\n\t<meta property=\"og:image:width\" content=\"460\" \/>\n\t<meta property=\"og:image:height\" content=\"259\" \/>\n\t<meta property=\"og:image:type\" content=\"image\/jpeg\" \/>\n<meta name=\"author\" content=\"rtnews\" \/>\n<meta name=\"twitter:card\" content=\"summary_large_image\" \/>\n<meta name=\"twitter:creator\" content=\"@WirMachenAuf_de\" \/>\n<meta name=\"twitter:site\" content=\"@WirMachenAuf_de\" \/>\n<meta name=\"twitter:label1\" content=\"Verfasst von\" \/>\n\t<meta name=\"twitter:data1\" content=\"rtnews\" \/>\n\t<meta name=\"twitter:label2\" content=\"Gesch\u00e4tzte Lesezeit\" \/>\n\t<meta name=\"twitter:data2\" content=\"2\u00a0Minuten\" \/>\n<script type=\"application\/ld+json\" class=\"yoast-schema-graph\">{\"@context\":\"https:\/\/schema.org\",\"@graph\":[{\"@type\":\"Article\",\"@id\":\"https:\/\/now-news.de\/de\/deutschland\/rueckzug-aus-klima-initiative-weltgroesster-fondsmanager-vanguard-moechte-unabhaengigkeit-demonstrieren\/#article\",\"isPartOf\":{\"@id\":\"https:\/\/now-news.de\/de\/deutschland\/rueckzug-aus-klima-initiative-weltgroesster-fondsmanager-vanguard-moechte-unabhaengigkeit-demonstrieren\/\"},\"author\":{\"name\":\"rtnews\",\"@id\":\"https:\/\/now-news.de\/de\/#\/schema\/person\/fb534a4e865501d8b3285208df34a9b5\"},\"headline\":\"R\u00fcckzug aus Klima-Initiative: Weltgr\u00f6\u00dfter Fondsmanager Vanguard m\u00f6chte Unabh\u00e4ngigkeit demonstrieren\",\"datePublished\":\"2022-12-09T18:17:03+00:00\",\"dateModified\":\"2022-12-09T18:17:03+00:00\",\"mainEntityOfPage\":{\"@id\":\"https:\/\/now-news.de\/de\/deutschland\/rueckzug-aus-klima-initiative-weltgroesster-fondsmanager-vanguard-moechte-unabhaengigkeit-demonstrieren\/\"},\"wordCount\":482,\"commentCount\":0,\"publisher\":{\"@id\":\"https:\/\/now-news.de\/de\/#organization\"},\"image\":{\"@id\":\"https:\/\/now-news.de\/de\/deutschland\/rueckzug-aus-klima-initiative-weltgroesster-fondsmanager-vanguard-moechte-unabhaengigkeit-demonstrieren\/#primaryimage\"},\"thumbnailUrl\":\"https:\/\/now-news.de\/de\/wp-content\/uploads\/sites\/3\/2022\/12\/Rueckzug-aus-Klima-Initiative-Weltgroesster-Fondsmanager-Vanguard-moechte-Unabhaengigkeit-demonstrieren.jpg\",\"keywords\":[\"aus\",\"demonstrieren\",\"Fondsmanager\",\"KlimaInitiative\",\"m\u00f6chte\",\"R\u00fcckzug\",\"Unabh\u00e4ngigkeit\",\"Vanguard\",\"weltgr\u00f6\u00dfter\"],\"articleSection\":[\"Deutschland\",\"Russland\"],\"inLanguage\":\"de\",\"potentialAction\":[{\"@type\":\"CommentAction\",\"name\":\"Comment\",\"target\":[\"https:\/\/now-news.de\/de\/deutschland\/rueckzug-aus-klima-initiative-weltgroesster-fondsmanager-vanguard-moechte-unabhaengigkeit-demonstrieren\/#respond\"]}]},{\"@type\":\"WebPage\",\"@id\":\"https:\/\/now-news.de\/de\/deutschland\/rueckzug-aus-klima-initiative-weltgroesster-fondsmanager-vanguard-moechte-unabhaengigkeit-demonstrieren\/\",\"url\":\"https:\/\/now-news.de\/de\/deutschland\/rueckzug-aus-klima-initiative-weltgroesster-fondsmanager-vanguard-moechte-unabhaengigkeit-demonstrieren\/\",\"name\":\"R\u00fcckzug aus Klima-Initiative: Weltgr\u00f6\u00dfter Fondsmanager Vanguard m\u00f6chte Unabh\u00e4ngigkeit demonstrieren - just-now.NEWS Deutschland\",\"isPartOf\":{\"@id\":\"https:\/\/now-news.de\/de\/#website\"},\"primaryImageOfPage\":{\"@id\":\"https:\/\/now-news.de\/de\/deutschland\/rueckzug-aus-klima-initiative-weltgroesster-fondsmanager-vanguard-moechte-unabhaengigkeit-demonstrieren\/#primaryimage\"},\"image\":{\"@id\":\"https:\/\/now-news.de\/de\/deutschland\/rueckzug-aus-klima-initiative-weltgroesster-fondsmanager-vanguard-moechte-unabhaengigkeit-demonstrieren\/#primaryimage\"},\"thumbnailUrl\":\"https:\/\/now-news.de\/de\/wp-content\/uploads\/sites\/3\/2022\/12\/Rueckzug-aus-Klima-Initiative-Weltgroesster-Fondsmanager-Vanguard-moechte-Unabhaengigkeit-demonstrieren.jpg\",\"datePublished\":\"2022-12-09T18:17:03+00:00\",\"dateModified\":\"2022-12-09T18:17:03+00:00\",\"breadcrumb\":{\"@id\":\"https:\/\/now-news.de\/de\/deutschland\/rueckzug-aus-klima-initiative-weltgroesster-fondsmanager-vanguard-moechte-unabhaengigkeit-demonstrieren\/#breadcrumb\"},\"inLanguage\":\"de\",\"potentialAction\":[{\"@type\":\"ReadAction\",\"target\":[\"https:\/\/now-news.de\/de\/deutschland\/rueckzug-aus-klima-initiative-weltgroesster-fondsmanager-vanguard-moechte-unabhaengigkeit-demonstrieren\/\"]}]},{\"@type\":\"ImageObject\",\"inLanguage\":\"de\",\"@id\":\"https:\/\/now-news.de\/de\/deutschland\/rueckzug-aus-klima-initiative-weltgroesster-fondsmanager-vanguard-moechte-unabhaengigkeit-demonstrieren\/#primaryimage\",\"url\":\"https:\/\/now-news.de\/de\/wp-content\/uploads\/sites\/3\/2022\/12\/Rueckzug-aus-Klima-Initiative-Weltgroesster-Fondsmanager-Vanguard-moechte-Unabhaengigkeit-demonstrieren.jpg\",\"contentUrl\":\"https:\/\/now-news.de\/de\/wp-content\/uploads\/sites\/3\/2022\/12\/Rueckzug-aus-Klima-Initiative-Weltgroesster-Fondsmanager-Vanguard-moechte-Unabhaengigkeit-demonstrieren.jpg\",\"width\":460,\"height\":259,\"caption\":\"R\u00fcckzug aus Klima-Initiative: Weltgr\u00f6\u00dfter Fondsmanager Vanguard m\u00f6chte Unabh\u00e4ngigkeit demonstrieren\"},{\"@type\":\"BreadcrumbList\",\"@id\":\"https:\/\/now-news.de\/de\/deutschland\/rueckzug-aus-klima-initiative-weltgroesster-fondsmanager-vanguard-moechte-unabhaengigkeit-demonstrieren\/#breadcrumb\",\"itemListElement\":[{\"@type\":\"ListItem\",\"position\":1,\"name\":\"Home\",\"item\":\"https:\/\/now-news.de\/de\/\"},{\"@type\":\"ListItem\",\"position\":2,\"name\":\"R\u00fcckzug aus Klima-Initiative: Weltgr\u00f6\u00dfter Fondsmanager Vanguard m\u00f6chte Unabh\u00e4ngigkeit demonstrieren\"}]},{\"@type\":\"WebSite\",\"@id\":\"https:\/\/now-news.de\/de\/#website\",\"url\":\"https:\/\/now-news.de\/de\/\",\"name\":\"just-now.NEWS Deutschland\",\"description\":\"Das Portal f\u00fcr unzensierte Nachrichten aus der Welt\",\"publisher\":{\"@id\":\"https:\/\/now-news.de\/de\/#organization\"},\"potentialAction\":[{\"@type\":\"SearchAction\",\"target\":{\"@type\":\"EntryPoint\",\"urlTemplate\":\"https:\/\/now-news.de\/de\/?s={search_term_string}\"},\"query-input\":\"required name=search_term_string\"}],\"inLanguage\":\"de\"},{\"@type\":\"Organization\",\"@id\":\"https:\/\/now-news.de\/de\/#organization\",\"name\":\"Just Now News\",\"url\":\"https:\/\/now-news.de\/de\/\",\"logo\":{\"@type\":\"ImageObject\",\"inLanguage\":\"de\",\"@id\":\"https:\/\/now-news.de\/de\/#\/schema\/logo\/image\/\",\"url\":\"http:\/\/just-now.news\/de\/wp-content\/uploads\/sites\/3\/2022\/04\/logo500x500.jpg\",\"contentUrl\":\"http:\/\/just-now.news\/de\/wp-content\/uploads\/sites\/3\/2022\/04\/logo500x500.jpg\",\"width\":500,\"height\":500,\"caption\":\"Just Now News\"},\"image\":{\"@id\":\"https:\/\/now-news.de\/de\/#\/schema\/logo\/image\/\"},\"sameAs\":[\"https:\/\/www.facebook.com\/wirmachenauf\",\"https:\/\/x.com\/WirMachenAuf_de\"]},{\"@type\":\"Person\",\"@id\":\"https:\/\/now-news.de\/de\/#\/schema\/person\/fb534a4e865501d8b3285208df34a9b5\",\"name\":\"rtnews\",\"image\":{\"@type\":\"ImageObject\",\"inLanguage\":\"de\",\"@id\":\"https:\/\/now-news.de\/de\/#\/schema\/person\/image\/\",\"url\":\"https:\/\/secure.gravatar.com\/avatar\/82aafea7d8127119dd649515f56e2117?s=96&d=mm&r=g\",\"contentUrl\":\"https:\/\/secure.gravatar.com\/avatar\/82aafea7d8127119dd649515f56e2117?s=96&d=mm&r=g\",\"caption\":\"rtnews\"},\"url\":\"https:\/\/now-news.de\/de\/author\/rnews\/\"}]}<\/script>\n<!-- \/ Yoast SEO Premium plugin. -->","yoast_head_json":{"title":"R\u00fcckzug aus Klima-Initiative: Weltgr\u00f6\u00dfter Fondsmanager Vanguard m\u00f6chte Unabh\u00e4ngigkeit demonstrieren - just-now.NEWS Deutschland","robots":{"index":"index","follow":"follow","max-snippet":"max-snippet:-1","max-image-preview":"max-image-preview:large","max-video-preview":"max-video-preview:-1"},"canonical":"https:\/\/now-news.de\/de\/deutschland\/rueckzug-aus-klima-initiative-weltgroesster-fondsmanager-vanguard-moechte-unabhaengigkeit-demonstrieren\/","og_locale":"de_DE","og_type":"article","og_title":"R\u00fcckzug aus Klima-Initiative: Weltgr\u00f6\u00dfter Fondsmanager Vanguard m\u00f6chte Unabh\u00e4ngigkeit demonstrieren","og_description":"Der Finanzdienstleister Vanguard zieht sich aus der Brancheninitiative zur Bek\u00e4mpfung des Klimawandels zur\u00fcck. Republikanische US-Politiker und Anleger kritisierten die Auswahl von Wertpapieren in Bezug auf \u00f6kologische und soziale Faktoren. Der BlackRock-Fonds erkl\u00e4rte, er bleibe Teil der \u00d6ko-Initiative. Am Mittwoch erkl\u00e4rte der weltgr\u00f6\u00dfte Fondsmanager Vanguard, dass er sich aus der Brancheninitiative zur Bek\u00e4mpfung des Klimawandels zur\u00fcckziehe. [&hellip;]","og_url":"https:\/\/now-news.de\/de\/deutschland\/rueckzug-aus-klima-initiative-weltgroesster-fondsmanager-vanguard-moechte-unabhaengigkeit-demonstrieren\/","og_site_name":"just-now.NEWS Deutschland","article_publisher":"https:\/\/www.facebook.com\/wirmachenauf","article_published_time":"2022-12-09T18:17:03+00:00","og_image":[{"width":460,"height":259,"url":"https:\/\/now-news.de\/de\/wp-content\/uploads\/sites\/3\/2022\/12\/Rueckzug-aus-Klima-Initiative-Weltgroesster-Fondsmanager-Vanguard-moechte-Unabhaengigkeit-demonstrieren.jpg","type":"image\/jpeg"}],"author":"rtnews","twitter_card":"summary_large_image","twitter_creator":"@WirMachenAuf_de","twitter_site":"@WirMachenAuf_de","twitter_misc":{"Verfasst von":"rtnews","Gesch\u00e4tzte Lesezeit":"2\u00a0Minuten"},"schema":{"@context":"https:\/\/schema.org","@graph":[{"@type":"Article","@id":"https:\/\/now-news.de\/de\/deutschland\/rueckzug-aus-klima-initiative-weltgroesster-fondsmanager-vanguard-moechte-unabhaengigkeit-demonstrieren\/#article","isPartOf":{"@id":"https:\/\/now-news.de\/de\/deutschland\/rueckzug-aus-klima-initiative-weltgroesster-fondsmanager-vanguard-moechte-unabhaengigkeit-demonstrieren\/"},"author":{"name":"rtnews","@id":"https:\/\/now-news.de\/de\/#\/schema\/person\/fb534a4e865501d8b3285208df34a9b5"},"headline":"R\u00fcckzug aus Klima-Initiative: Weltgr\u00f6\u00dfter Fondsmanager Vanguard m\u00f6chte Unabh\u00e4ngigkeit demonstrieren","datePublished":"2022-12-09T18:17:03+00:00","dateModified":"2022-12-09T18:17:03+00:00","mainEntityOfPage":{"@id":"https:\/\/now-news.de\/de\/deutschland\/rueckzug-aus-klima-initiative-weltgroesster-fondsmanager-vanguard-moechte-unabhaengigkeit-demonstrieren\/"},"wordCount":482,"commentCount":0,"publisher":{"@id":"https:\/\/now-news.de\/de\/#organization"},"image":{"@id":"https:\/\/now-news.de\/de\/deutschland\/rueckzug-aus-klima-initiative-weltgroesster-fondsmanager-vanguard-moechte-unabhaengigkeit-demonstrieren\/#primaryimage"},"thumbnailUrl":"https:\/\/now-news.de\/de\/wp-content\/uploads\/sites\/3\/2022\/12\/Rueckzug-aus-Klima-Initiative-Weltgroesster-Fondsmanager-Vanguard-moechte-Unabhaengigkeit-demonstrieren.jpg","keywords":["aus","demonstrieren","Fondsmanager","KlimaInitiative","m\u00f6chte","R\u00fcckzug","Unabh\u00e4ngigkeit","Vanguard","weltgr\u00f6\u00dfter"],"articleSection":["Deutschland","Russland"],"inLanguage":"de","potentialAction":[{"@type":"CommentAction","name":"Comment","target":["https:\/\/now-news.de\/de\/deutschland\/rueckzug-aus-klima-initiative-weltgroesster-fondsmanager-vanguard-moechte-unabhaengigkeit-demonstrieren\/#respond"]}]},{"@type":"WebPage","@id":"https:\/\/now-news.de\/de\/deutschland\/rueckzug-aus-klima-initiative-weltgroesster-fondsmanager-vanguard-moechte-unabhaengigkeit-demonstrieren\/","url":"https:\/\/now-news.de\/de\/deutschland\/rueckzug-aus-klima-initiative-weltgroesster-fondsmanager-vanguard-moechte-unabhaengigkeit-demonstrieren\/","name":"R\u00fcckzug aus Klima-Initiative: Weltgr\u00f6\u00dfter Fondsmanager Vanguard m\u00f6chte Unabh\u00e4ngigkeit demonstrieren - just-now.NEWS Deutschland","isPartOf":{"@id":"https:\/\/now-news.de\/de\/#website"},"primaryImageOfPage":{"@id":"https:\/\/now-news.de\/de\/deutschland\/rueckzug-aus-klima-initiative-weltgroesster-fondsmanager-vanguard-moechte-unabhaengigkeit-demonstrieren\/#primaryimage"},"image":{"@id":"https:\/\/now-news.de\/de\/deutschland\/rueckzug-aus-klima-initiative-weltgroesster-fondsmanager-vanguard-moechte-unabhaengigkeit-demonstrieren\/#primaryimage"},"thumbnailUrl":"https:\/\/now-news.de\/de\/wp-content\/uploads\/sites\/3\/2022\/12\/Rueckzug-aus-Klima-Initiative-Weltgroesster-Fondsmanager-Vanguard-moechte-Unabhaengigkeit-demonstrieren.jpg","datePublished":"2022-12-09T18:17:03+00:00","dateModified":"2022-12-09T18:17:03+00:00","breadcrumb":{"@id":"https:\/\/now-news.de\/de\/deutschland\/rueckzug-aus-klima-initiative-weltgroesster-fondsmanager-vanguard-moechte-unabhaengigkeit-demonstrieren\/#breadcrumb"},"inLanguage":"de","potentialAction":[{"@type":"ReadAction","target":["https:\/\/now-news.de\/de\/deutschland\/rueckzug-aus-klima-initiative-weltgroesster-fondsmanager-vanguard-moechte-unabhaengigkeit-demonstrieren\/"]}]},{"@type":"ImageObject","inLanguage":"de","@id":"https:\/\/now-news.de\/de\/deutschland\/rueckzug-aus-klima-initiative-weltgroesster-fondsmanager-vanguard-moechte-unabhaengigkeit-demonstrieren\/#primaryimage","url":"https:\/\/now-news.de\/de\/wp-content\/uploads\/sites\/3\/2022\/12\/Rueckzug-aus-Klima-Initiative-Weltgroesster-Fondsmanager-Vanguard-moechte-Unabhaengigkeit-demonstrieren.jpg","contentUrl":"https:\/\/now-news.de\/de\/wp-content\/uploads\/sites\/3\/2022\/12\/Rueckzug-aus-Klima-Initiative-Weltgroesster-Fondsmanager-Vanguard-moechte-Unabhaengigkeit-demonstrieren.jpg","width":460,"height":259,"caption":"R\u00fcckzug aus Klima-Initiative: Weltgr\u00f6\u00dfter Fondsmanager Vanguard m\u00f6chte Unabh\u00e4ngigkeit demonstrieren"},{"@type":"BreadcrumbList","@id":"https:\/\/now-news.de\/de\/deutschland\/rueckzug-aus-klima-initiative-weltgroesster-fondsmanager-vanguard-moechte-unabhaengigkeit-demonstrieren\/#breadcrumb","itemListElement":[{"@type":"ListItem","position":1,"name":"Home","item":"https:\/\/now-news.de\/de\/"},{"@type":"ListItem","position":2,"name":"R\u00fcckzug aus Klima-Initiative: Weltgr\u00f6\u00dfter Fondsmanager Vanguard m\u00f6chte Unabh\u00e4ngigkeit demonstrieren"}]},{"@type":"WebSite","@id":"https:\/\/now-news.de\/de\/#website","url":"https:\/\/now-news.de\/de\/","name":"just-now.NEWS Deutschland","description":"Das Portal f\u00fcr unzensierte Nachrichten aus der Welt","publisher":{"@id":"https:\/\/now-news.de\/de\/#organization"},"potentialAction":[{"@type":"SearchAction","target":{"@type":"EntryPoint","urlTemplate":"https:\/\/now-news.de\/de\/?s={search_term_string}"},"query-input":"required name=search_term_string"}],"inLanguage":"de"},{"@type":"Organization","@id":"https:\/\/now-news.de\/de\/#organization","name":"Just Now News","url":"https:\/\/now-news.de\/de\/","logo":{"@type":"ImageObject","inLanguage":"de","@id":"https:\/\/now-news.de\/de\/#\/schema\/logo\/image\/","url":"http:\/\/just-now.news\/de\/wp-content\/uploads\/sites\/3\/2022\/04\/logo500x500.jpg","contentUrl":"http:\/\/just-now.news\/de\/wp-content\/uploads\/sites\/3\/2022\/04\/logo500x500.jpg","width":500,"height":500,"caption":"Just Now News"},"image":{"@id":"https:\/\/now-news.de\/de\/#\/schema\/logo\/image\/"},"sameAs":["https:\/\/www.facebook.com\/wirmachenauf","https:\/\/x.com\/WirMachenAuf_de"]},{"@type":"Person","@id":"https:\/\/now-news.de\/de\/#\/schema\/person\/fb534a4e865501d8b3285208df34a9b5","name":"rtnews","image":{"@type":"ImageObject","inLanguage":"de","@id":"https:\/\/now-news.de\/de\/#\/schema\/person\/image\/","url":"https:\/\/secure.gravatar.com\/avatar\/82aafea7d8127119dd649515f56e2117?s=96&d=mm&r=g","contentUrl":"https:\/\/secure.gravatar.com\/avatar\/82aafea7d8127119dd649515f56e2117?s=96&d=mm&r=g","caption":"rtnews"},"url":"https:\/\/now-news.de\/de\/author\/rnews\/"}]}},"_links":{"self":[{"href":"https:\/\/now-news.de\/de\/wp-json\/wp\/v2\/posts\/25096"}],"collection":[{"href":"https:\/\/now-news.de\/de\/wp-json\/wp\/v2\/posts"}],"about":[{"href":"https:\/\/now-news.de\/de\/wp-json\/wp\/v2\/types\/post"}],"author":[{"embeddable":true,"href":"https:\/\/now-news.de\/de\/wp-json\/wp\/v2\/users\/3"}],"replies":[{"embeddable":true,"href":"https:\/\/now-news.de\/de\/wp-json\/wp\/v2\/comments?post=25096"}],"version-history":[{"count":0,"href":"https:\/\/now-news.de\/de\/wp-json\/wp\/v2\/posts\/25096\/revisions"}],"wp:featuredmedia":[{"embeddable":true,"href":"https:\/\/now-news.de\/de\/wp-json\/wp\/v2\/media\/25097"}],"wp:attachment":[{"href":"https:\/\/now-news.de\/de\/wp-json\/wp\/v2\/media?parent=25096"}],"wp:term":[{"taxonomy":"category","embeddable":true,"href":"https:\/\/now-news.de\/de\/wp-json\/wp\/v2\/categories?post=25096"},{"taxonomy":"post_tag","embeddable":true,"href":"https:\/\/now-news.de\/de\/wp-json\/wp\/v2\/tags?post=25096"}],"curies":[{"name":"wp","href":"https:\/\/api.w.org\/{rel}","templated":true}]}}