{"id":25058,"date":"2022-12-09T12:54:18","date_gmt":"2022-12-09T10:54:18","guid":{"rendered":"http:\/\/just-now.news\/de\/deutschland\/deutschland-drohen-laut-internem-regierungspapier-aus-baden-wuerttemberg-stromabschaltungen\/"},"modified":"2022-12-09T12:54:18","modified_gmt":"2022-12-09T10:54:18","slug":"deutschland-drohen-laut-internem-regierungspapier-aus-baden-wuerttemberg-stromabschaltungen","status":"publish","type":"post","link":"https:\/\/now-news.de\/de\/deutschland\/deutschland-drohen-laut-internem-regierungspapier-aus-baden-wuerttemberg-stromabschaltungen\/","title":{"rendered":"Deutschland drohen laut internem Regierungspapier aus Baden-W\u00fcrttemberg Stromabschaltungen"},"content":{"rendered":"<p><img decoding=\"async\" src=\"http:\/\/just-now.news\/de\/wp-content\/uploads\/sites\/3\/2022\/12\/63930ed4b480cc5df741f3ff.jpg\" \/><\/p>\n<div class=\"Text-root Text-type_1 \">\n                Laut einem internen Papier des Umweltministeriums in Baden-W\u00fcrttemberg ist die Versorgungslage in Deutschland mit Strom offenbar schlechter als bisher angenommen. Es k\u00f6nnte zu zeitlich begrenzten Stromabschaltungen kommen.\n            <\/div>\n<p><\/p>\n<div class=\"Text-root Text-type_5 ArticleView-text ViewText-root \">\n<p>Die Versorgungslage mit Strom ist in Deutschland m\u00f6glicherweise schlechter, als es der zweite vom Bundeswirtschaftsministerium in Auftrag gegebene Stresstest ergeben hat. Das berichtet die\u00a0<em>Bild<\/em>-Zeitung.<\/p>\n<p>In einem internen Vermerk aus dem baden-w\u00fcrttembergischen Umweltministerium vom 2. Dezember, aus dem die Zeitung vorab zitiert, hei\u00dft es: Die franz\u00f6sischen Kernkraftwerke, die Deutschland mit Strom versorgen, generieren aktuell weniger Strom als bisher angenommen.<\/p>\n<p>Laut dem Papier seien die AKW-Ausf\u00e4lle in Frankreich das gr\u00f6\u00dfte Problem f\u00fcr die Energie-Versorgung hierzulande. Sie br\u00e4chten nur 33 von 61 m\u00f6glichen Gigawatt Leistung. Der zweite Stresstest war aber von mindestens 40 Gigawatt ausgegangen.<\/p>\n<p>&#8220;Abschaltungen der Stromversorgung f\u00fcr 90 Minuten&#8221; seien laut dem Bericht &#8220;nicht auszuschlie\u00dfen&#8221;. Ein weiterer Grund f\u00fcr Verschlechterungen k\u00f6nnten die Revision und der Streckbetrieb des AKW Neckarwestheim sein. Das AKW hatte im Jahr 2021 einen Anteil von 22,5 Prozent an der Energieversorgung in Baden-W\u00fcrttemberg.<\/p>\n<p><strong>Mehr zum Thema<\/strong> \u2013 <a rel=\"nofollow noopener\" target=\"_blank\" href=\"https:\/\/de.rt.com\/wirtschaft\/150363-krisen-und-insolvenzticker-handwerksverband-energiepreisbremse\/\">Krisen- und Insolvenzticker: EU-Bargeldobergrenze kommt \u2013 auch Kryptow\u00e4hrungen betroffen<\/a><\/p>\n<\/div>\n<p><br \/>\n<br \/><a href=\"https:\/\/de.rt.com\/inland\/156771-deutschland-drohen-laut-internem-regierungspapier-aus-baden-wuerttemberg-stromabschaltungen\/\">Source link <\/a><\/p>\n","protected":false},"excerpt":{"rendered":"<p>Laut einem internen Papier des Umweltministeriums in Baden-W\u00fcrttemberg ist die Versorgungslage in Deutschland mit Strom offenbar schlechter als bisher angenommen. Es k\u00f6nnte zu zeitlich begrenzten Stromabschaltungen kommen. Die Versorgungslage mit Strom ist in Deutschland m\u00f6glicherweise schlechter, als es der zweite vom Bundeswirtschaftsministerium in Auftrag gegebene Stresstest ergeben hat. Das berichtet die\u00a0Bild-Zeitung. In einem internen Vermerk [&hellip;]<\/p>\n","protected":false},"author":3,"featured_media":25059,"comment_status":"open","ping_status":"open","sticky":false,"template":"","format":"standard","meta":{"_yoast_indexnow_last_ping":["1670584064"],"wp_automatic_camp":["217"],"b2f569a2c02485b40b640e2aa13069c1":["Deutschland drohen laut internem Regierungspapier aus Baden-W\u00fcrttemberg Stromabschaltungen"],"original_link":["https:\/\/de.rt.com\/inland\/156771-deutschland-drohen-laut-internem-regierungspapier-aus-baden-wuerttemberg-stromabschaltungen\/"],"_thumbnail_id":["25059"],"_wptgpro_p2tg_sent2tg":["a:1:{i:23737;s:19:\"2022-12-09 13:08:47\";}"],"jnews_social_counter_last_update":["1777475943"]},"categories":[19,23],"tags":[679,25665,179,9047,33604,4730,37235,36168],"yoast_head":"<!-- This site is optimized with the Yoast SEO Premium plugin v22.7 (Yoast SEO v22.7) - https:\/\/yoast.com\/wordpress\/plugins\/seo\/ -->\n<title>Deutschland drohen laut internem Regierungspapier aus Baden-W\u00fcrttemberg Stromabschaltungen - just-now.NEWS Deutschland<\/title>\n<meta name=\"robots\" content=\"index, follow, max-snippet:-1, max-image-preview:large, max-video-preview:-1\" \/>\n<link rel=\"canonical\" href=\"https:\/\/now-news.de\/de\/deutschland\/deutschland-drohen-laut-internem-regierungspapier-aus-baden-wuerttemberg-stromabschaltungen\/\" \/>\n<meta property=\"og:locale\" content=\"de_DE\" \/>\n<meta property=\"og:type\" content=\"article\" \/>\n<meta property=\"og:title\" content=\"Deutschland drohen laut internem Regierungspapier aus Baden-W\u00fcrttemberg Stromabschaltungen\" \/>\n<meta property=\"og:description\" content=\"Laut einem internen Papier des Umweltministeriums in Baden-W\u00fcrttemberg ist die Versorgungslage in Deutschland mit Strom offenbar schlechter als bisher angenommen. Es k\u00f6nnte zu zeitlich begrenzten Stromabschaltungen kommen. Die Versorgungslage mit Strom ist in Deutschland m\u00f6glicherweise schlechter, als es der zweite vom Bundeswirtschaftsministerium in Auftrag gegebene Stresstest ergeben hat. Das berichtet die\u00a0Bild-Zeitung. In einem internen Vermerk [&hellip;]\" \/>\n<meta property=\"og:url\" content=\"https:\/\/now-news.de\/de\/deutschland\/deutschland-drohen-laut-internem-regierungspapier-aus-baden-wuerttemberg-stromabschaltungen\/\" \/>\n<meta property=\"og:site_name\" content=\"just-now.NEWS Deutschland\" \/>\n<meta property=\"article:publisher\" content=\"https:\/\/www.facebook.com\/wirmachenauf\" \/>\n<meta property=\"article:published_time\" content=\"2022-12-09T10:54:18+00:00\" \/>\n<meta property=\"og:image\" content=\"https:\/\/now-news.de\/de\/wp-content\/uploads\/sites\/3\/2022\/12\/Deutschland-drohen-laut-internem-Regierungspapier-aus-Baden-Wuerttemberg-Stromabschaltungen.jpg\" \/>\n\t<meta property=\"og:image:width\" content=\"460\" \/>\n\t<meta property=\"og:image:height\" content=\"259\" \/>\n\t<meta property=\"og:image:type\" content=\"image\/jpeg\" \/>\n<meta name=\"author\" content=\"rtnews\" \/>\n<meta name=\"twitter:card\" content=\"summary_large_image\" \/>\n<meta name=\"twitter:creator\" content=\"@WirMachenAuf_de\" \/>\n<meta name=\"twitter:site\" content=\"@WirMachenAuf_de\" \/>\n<meta name=\"twitter:label1\" content=\"Verfasst von\" \/>\n\t<meta name=\"twitter:data1\" content=\"rtnews\" \/>\n\t<meta name=\"twitter:label2\" content=\"Gesch\u00e4tzte Lesezeit\" \/>\n\t<meta name=\"twitter:data2\" content=\"1\u00a0Minute\" \/>\n<script type=\"application\/ld+json\" class=\"yoast-schema-graph\">{\"@context\":\"https:\/\/schema.org\",\"@graph\":[{\"@type\":\"Article\",\"@id\":\"https:\/\/now-news.de\/de\/deutschland\/deutschland-drohen-laut-internem-regierungspapier-aus-baden-wuerttemberg-stromabschaltungen\/#article\",\"isPartOf\":{\"@id\":\"https:\/\/now-news.de\/de\/deutschland\/deutschland-drohen-laut-internem-regierungspapier-aus-baden-wuerttemberg-stromabschaltungen\/\"},\"author\":{\"name\":\"rtnews\",\"@id\":\"https:\/\/now-news.de\/de\/#\/schema\/person\/fb534a4e865501d8b3285208df34a9b5\"},\"headline\":\"Deutschland drohen laut internem Regierungspapier aus Baden-W\u00fcrttemberg Stromabschaltungen\",\"datePublished\":\"2022-12-09T10:54:18+00:00\",\"dateModified\":\"2022-12-09T10:54:18+00:00\",\"mainEntityOfPage\":{\"@id\":\"https:\/\/now-news.de\/de\/deutschland\/deutschland-drohen-laut-internem-regierungspapier-aus-baden-wuerttemberg-stromabschaltungen\/\"},\"wordCount\":196,\"commentCount\":0,\"publisher\":{\"@id\":\"https:\/\/now-news.de\/de\/#organization\"},\"image\":{\"@id\":\"https:\/\/now-news.de\/de\/deutschland\/deutschland-drohen-laut-internem-regierungspapier-aus-baden-wuerttemberg-stromabschaltungen\/#primaryimage\"},\"thumbnailUrl\":\"https:\/\/now-news.de\/de\/wp-content\/uploads\/sites\/3\/2022\/12\/Deutschland-drohen-laut-internem-Regierungspapier-aus-Baden-Wuerttemberg-Stromabschaltungen.jpg\",\"keywords\":[\"aus\",\"BadenW\u00fcrttemberg\",\"Deutschland\",\"drohen\",\"internem\",\"laut\",\"Regierungspapier\",\"Stromabschaltungen\"],\"articleSection\":[\"Deutschland\",\"Russland\"],\"inLanguage\":\"de\",\"potentialAction\":[{\"@type\":\"CommentAction\",\"name\":\"Comment\",\"target\":[\"https:\/\/now-news.de\/de\/deutschland\/deutschland-drohen-laut-internem-regierungspapier-aus-baden-wuerttemberg-stromabschaltungen\/#respond\"]}]},{\"@type\":\"WebPage\",\"@id\":\"https:\/\/now-news.de\/de\/deutschland\/deutschland-drohen-laut-internem-regierungspapier-aus-baden-wuerttemberg-stromabschaltungen\/\",\"url\":\"https:\/\/now-news.de\/de\/deutschland\/deutschland-drohen-laut-internem-regierungspapier-aus-baden-wuerttemberg-stromabschaltungen\/\",\"name\":\"Deutschland drohen laut internem Regierungspapier aus Baden-W\u00fcrttemberg Stromabschaltungen - just-now.NEWS Deutschland\",\"isPartOf\":{\"@id\":\"https:\/\/now-news.de\/de\/#website\"},\"primaryImageOfPage\":{\"@id\":\"https:\/\/now-news.de\/de\/deutschland\/deutschland-drohen-laut-internem-regierungspapier-aus-baden-wuerttemberg-stromabschaltungen\/#primaryimage\"},\"image\":{\"@id\":\"https:\/\/now-news.de\/de\/deutschland\/deutschland-drohen-laut-internem-regierungspapier-aus-baden-wuerttemberg-stromabschaltungen\/#primaryimage\"},\"thumbnailUrl\":\"https:\/\/now-news.de\/de\/wp-content\/uploads\/sites\/3\/2022\/12\/Deutschland-drohen-laut-internem-Regierungspapier-aus-Baden-Wuerttemberg-Stromabschaltungen.jpg\",\"datePublished\":\"2022-12-09T10:54:18+00:00\",\"dateModified\":\"2022-12-09T10:54:18+00:00\",\"breadcrumb\":{\"@id\":\"https:\/\/now-news.de\/de\/deutschland\/deutschland-drohen-laut-internem-regierungspapier-aus-baden-wuerttemberg-stromabschaltungen\/#breadcrumb\"},\"inLanguage\":\"de\",\"potentialAction\":[{\"@type\":\"ReadAction\",\"target\":[\"https:\/\/now-news.de\/de\/deutschland\/deutschland-drohen-laut-internem-regierungspapier-aus-baden-wuerttemberg-stromabschaltungen\/\"]}]},{\"@type\":\"ImageObject\",\"inLanguage\":\"de\",\"@id\":\"https:\/\/now-news.de\/de\/deutschland\/deutschland-drohen-laut-internem-regierungspapier-aus-baden-wuerttemberg-stromabschaltungen\/#primaryimage\",\"url\":\"https:\/\/now-news.de\/de\/wp-content\/uploads\/sites\/3\/2022\/12\/Deutschland-drohen-laut-internem-Regierungspapier-aus-Baden-Wuerttemberg-Stromabschaltungen.jpg\",\"contentUrl\":\"https:\/\/now-news.de\/de\/wp-content\/uploads\/sites\/3\/2022\/12\/Deutschland-drohen-laut-internem-Regierungspapier-aus-Baden-Wuerttemberg-Stromabschaltungen.jpg\",\"width\":460,\"height\":259,\"caption\":\"Deutschland drohen laut internem Regierungspapier aus Baden-W\u00fcrttemberg Stromabschaltungen\"},{\"@type\":\"BreadcrumbList\",\"@id\":\"https:\/\/now-news.de\/de\/deutschland\/deutschland-drohen-laut-internem-regierungspapier-aus-baden-wuerttemberg-stromabschaltungen\/#breadcrumb\",\"itemListElement\":[{\"@type\":\"ListItem\",\"position\":1,\"name\":\"Home\",\"item\":\"https:\/\/now-news.de\/de\/\"},{\"@type\":\"ListItem\",\"position\":2,\"name\":\"Deutschland drohen laut internem Regierungspapier aus Baden-W\u00fcrttemberg Stromabschaltungen\"}]},{\"@type\":\"WebSite\",\"@id\":\"https:\/\/now-news.de\/de\/#website\",\"url\":\"https:\/\/now-news.de\/de\/\",\"name\":\"just-now.NEWS Deutschland\",\"description\":\"Das Portal f\u00fcr unzensierte Nachrichten aus der Welt\",\"publisher\":{\"@id\":\"https:\/\/now-news.de\/de\/#organization\"},\"potentialAction\":[{\"@type\":\"SearchAction\",\"target\":{\"@type\":\"EntryPoint\",\"urlTemplate\":\"https:\/\/now-news.de\/de\/?s={search_term_string}\"},\"query-input\":\"required name=search_term_string\"}],\"inLanguage\":\"de\"},{\"@type\":\"Organization\",\"@id\":\"https:\/\/now-news.de\/de\/#organization\",\"name\":\"Just Now News\",\"url\":\"https:\/\/now-news.de\/de\/\",\"logo\":{\"@type\":\"ImageObject\",\"inLanguage\":\"de\",\"@id\":\"https:\/\/now-news.de\/de\/#\/schema\/logo\/image\/\",\"url\":\"http:\/\/just-now.news\/de\/wp-content\/uploads\/sites\/3\/2022\/04\/logo500x500.jpg\",\"contentUrl\":\"http:\/\/just-now.news\/de\/wp-content\/uploads\/sites\/3\/2022\/04\/logo500x500.jpg\",\"width\":500,\"height\":500,\"caption\":\"Just Now News\"},\"image\":{\"@id\":\"https:\/\/now-news.de\/de\/#\/schema\/logo\/image\/\"},\"sameAs\":[\"https:\/\/www.facebook.com\/wirmachenauf\",\"https:\/\/x.com\/WirMachenAuf_de\"]},{\"@type\":\"Person\",\"@id\":\"https:\/\/now-news.de\/de\/#\/schema\/person\/fb534a4e865501d8b3285208df34a9b5\",\"name\":\"rtnews\",\"image\":{\"@type\":\"ImageObject\",\"inLanguage\":\"de\",\"@id\":\"https:\/\/now-news.de\/de\/#\/schema\/person\/image\/\",\"url\":\"https:\/\/secure.gravatar.com\/avatar\/82aafea7d8127119dd649515f56e2117?s=96&d=mm&r=g\",\"contentUrl\":\"https:\/\/secure.gravatar.com\/avatar\/82aafea7d8127119dd649515f56e2117?s=96&d=mm&r=g\",\"caption\":\"rtnews\"},\"url\":\"https:\/\/now-news.de\/de\/author\/rnews\/\"}]}<\/script>\n<!-- \/ Yoast SEO Premium plugin. -->","yoast_head_json":{"title":"Deutschland drohen laut internem Regierungspapier aus Baden-W\u00fcrttemberg Stromabschaltungen - just-now.NEWS Deutschland","robots":{"index":"index","follow":"follow","max-snippet":"max-snippet:-1","max-image-preview":"max-image-preview:large","max-video-preview":"max-video-preview:-1"},"canonical":"https:\/\/now-news.de\/de\/deutschland\/deutschland-drohen-laut-internem-regierungspapier-aus-baden-wuerttemberg-stromabschaltungen\/","og_locale":"de_DE","og_type":"article","og_title":"Deutschland drohen laut internem Regierungspapier aus Baden-W\u00fcrttemberg Stromabschaltungen","og_description":"Laut einem internen Papier des Umweltministeriums in Baden-W\u00fcrttemberg ist die Versorgungslage in Deutschland mit Strom offenbar schlechter als bisher angenommen. Es k\u00f6nnte zu zeitlich begrenzten Stromabschaltungen kommen. Die Versorgungslage mit Strom ist in Deutschland m\u00f6glicherweise schlechter, als es der zweite vom Bundeswirtschaftsministerium in Auftrag gegebene Stresstest ergeben hat. Das berichtet die\u00a0Bild-Zeitung. In einem internen Vermerk [&hellip;]","og_url":"https:\/\/now-news.de\/de\/deutschland\/deutschland-drohen-laut-internem-regierungspapier-aus-baden-wuerttemberg-stromabschaltungen\/","og_site_name":"just-now.NEWS Deutschland","article_publisher":"https:\/\/www.facebook.com\/wirmachenauf","article_published_time":"2022-12-09T10:54:18+00:00","og_image":[{"width":460,"height":259,"url":"https:\/\/now-news.de\/de\/wp-content\/uploads\/sites\/3\/2022\/12\/Deutschland-drohen-laut-internem-Regierungspapier-aus-Baden-Wuerttemberg-Stromabschaltungen.jpg","type":"image\/jpeg"}],"author":"rtnews","twitter_card":"summary_large_image","twitter_creator":"@WirMachenAuf_de","twitter_site":"@WirMachenAuf_de","twitter_misc":{"Verfasst von":"rtnews","Gesch\u00e4tzte Lesezeit":"1\u00a0Minute"},"schema":{"@context":"https:\/\/schema.org","@graph":[{"@type":"Article","@id":"https:\/\/now-news.de\/de\/deutschland\/deutschland-drohen-laut-internem-regierungspapier-aus-baden-wuerttemberg-stromabschaltungen\/#article","isPartOf":{"@id":"https:\/\/now-news.de\/de\/deutschland\/deutschland-drohen-laut-internem-regierungspapier-aus-baden-wuerttemberg-stromabschaltungen\/"},"author":{"name":"rtnews","@id":"https:\/\/now-news.de\/de\/#\/schema\/person\/fb534a4e865501d8b3285208df34a9b5"},"headline":"Deutschland drohen laut internem Regierungspapier aus Baden-W\u00fcrttemberg Stromabschaltungen","datePublished":"2022-12-09T10:54:18+00:00","dateModified":"2022-12-09T10:54:18+00:00","mainEntityOfPage":{"@id":"https:\/\/now-news.de\/de\/deutschland\/deutschland-drohen-laut-internem-regierungspapier-aus-baden-wuerttemberg-stromabschaltungen\/"},"wordCount":196,"commentCount":0,"publisher":{"@id":"https:\/\/now-news.de\/de\/#organization"},"image":{"@id":"https:\/\/now-news.de\/de\/deutschland\/deutschland-drohen-laut-internem-regierungspapier-aus-baden-wuerttemberg-stromabschaltungen\/#primaryimage"},"thumbnailUrl":"https:\/\/now-news.de\/de\/wp-content\/uploads\/sites\/3\/2022\/12\/Deutschland-drohen-laut-internem-Regierungspapier-aus-Baden-Wuerttemberg-Stromabschaltungen.jpg","keywords":["aus","BadenW\u00fcrttemberg","Deutschland","drohen","internem","laut","Regierungspapier","Stromabschaltungen"],"articleSection":["Deutschland","Russland"],"inLanguage":"de","potentialAction":[{"@type":"CommentAction","name":"Comment","target":["https:\/\/now-news.de\/de\/deutschland\/deutschland-drohen-laut-internem-regierungspapier-aus-baden-wuerttemberg-stromabschaltungen\/#respond"]}]},{"@type":"WebPage","@id":"https:\/\/now-news.de\/de\/deutschland\/deutschland-drohen-laut-internem-regierungspapier-aus-baden-wuerttemberg-stromabschaltungen\/","url":"https:\/\/now-news.de\/de\/deutschland\/deutschland-drohen-laut-internem-regierungspapier-aus-baden-wuerttemberg-stromabschaltungen\/","name":"Deutschland drohen laut internem Regierungspapier aus Baden-W\u00fcrttemberg Stromabschaltungen - just-now.NEWS Deutschland","isPartOf":{"@id":"https:\/\/now-news.de\/de\/#website"},"primaryImageOfPage":{"@id":"https:\/\/now-news.de\/de\/deutschland\/deutschland-drohen-laut-internem-regierungspapier-aus-baden-wuerttemberg-stromabschaltungen\/#primaryimage"},"image":{"@id":"https:\/\/now-news.de\/de\/deutschland\/deutschland-drohen-laut-internem-regierungspapier-aus-baden-wuerttemberg-stromabschaltungen\/#primaryimage"},"thumbnailUrl":"https:\/\/now-news.de\/de\/wp-content\/uploads\/sites\/3\/2022\/12\/Deutschland-drohen-laut-internem-Regierungspapier-aus-Baden-Wuerttemberg-Stromabschaltungen.jpg","datePublished":"2022-12-09T10:54:18+00:00","dateModified":"2022-12-09T10:54:18+00:00","breadcrumb":{"@id":"https:\/\/now-news.de\/de\/deutschland\/deutschland-drohen-laut-internem-regierungspapier-aus-baden-wuerttemberg-stromabschaltungen\/#breadcrumb"},"inLanguage":"de","potentialAction":[{"@type":"ReadAction","target":["https:\/\/now-news.de\/de\/deutschland\/deutschland-drohen-laut-internem-regierungspapier-aus-baden-wuerttemberg-stromabschaltungen\/"]}]},{"@type":"ImageObject","inLanguage":"de","@id":"https:\/\/now-news.de\/de\/deutschland\/deutschland-drohen-laut-internem-regierungspapier-aus-baden-wuerttemberg-stromabschaltungen\/#primaryimage","url":"https:\/\/now-news.de\/de\/wp-content\/uploads\/sites\/3\/2022\/12\/Deutschland-drohen-laut-internem-Regierungspapier-aus-Baden-Wuerttemberg-Stromabschaltungen.jpg","contentUrl":"https:\/\/now-news.de\/de\/wp-content\/uploads\/sites\/3\/2022\/12\/Deutschland-drohen-laut-internem-Regierungspapier-aus-Baden-Wuerttemberg-Stromabschaltungen.jpg","width":460,"height":259,"caption":"Deutschland drohen laut internem Regierungspapier aus Baden-W\u00fcrttemberg Stromabschaltungen"},{"@type":"BreadcrumbList","@id":"https:\/\/now-news.de\/de\/deutschland\/deutschland-drohen-laut-internem-regierungspapier-aus-baden-wuerttemberg-stromabschaltungen\/#breadcrumb","itemListElement":[{"@type":"ListItem","position":1,"name":"Home","item":"https:\/\/now-news.de\/de\/"},{"@type":"ListItem","position":2,"name":"Deutschland drohen laut internem Regierungspapier aus Baden-W\u00fcrttemberg Stromabschaltungen"}]},{"@type":"WebSite","@id":"https:\/\/now-news.de\/de\/#website","url":"https:\/\/now-news.de\/de\/","name":"just-now.NEWS Deutschland","description":"Das Portal f\u00fcr unzensierte Nachrichten aus der Welt","publisher":{"@id":"https:\/\/now-news.de\/de\/#organization"},"potentialAction":[{"@type":"SearchAction","target":{"@type":"EntryPoint","urlTemplate":"https:\/\/now-news.de\/de\/?s={search_term_string}"},"query-input":"required name=search_term_string"}],"inLanguage":"de"},{"@type":"Organization","@id":"https:\/\/now-news.de\/de\/#organization","name":"Just Now News","url":"https:\/\/now-news.de\/de\/","logo":{"@type":"ImageObject","inLanguage":"de","@id":"https:\/\/now-news.de\/de\/#\/schema\/logo\/image\/","url":"http:\/\/just-now.news\/de\/wp-content\/uploads\/sites\/3\/2022\/04\/logo500x500.jpg","contentUrl":"http:\/\/just-now.news\/de\/wp-content\/uploads\/sites\/3\/2022\/04\/logo500x500.jpg","width":500,"height":500,"caption":"Just Now News"},"image":{"@id":"https:\/\/now-news.de\/de\/#\/schema\/logo\/image\/"},"sameAs":["https:\/\/www.facebook.com\/wirmachenauf","https:\/\/x.com\/WirMachenAuf_de"]},{"@type":"Person","@id":"https:\/\/now-news.de\/de\/#\/schema\/person\/fb534a4e865501d8b3285208df34a9b5","name":"rtnews","image":{"@type":"ImageObject","inLanguage":"de","@id":"https:\/\/now-news.de\/de\/#\/schema\/person\/image\/","url":"https:\/\/secure.gravatar.com\/avatar\/82aafea7d8127119dd649515f56e2117?s=96&d=mm&r=g","contentUrl":"https:\/\/secure.gravatar.com\/avatar\/82aafea7d8127119dd649515f56e2117?s=96&d=mm&r=g","caption":"rtnews"},"url":"https:\/\/now-news.de\/de\/author\/rnews\/"}]}},"_links":{"self":[{"href":"https:\/\/now-news.de\/de\/wp-json\/wp\/v2\/posts\/25058"}],"collection":[{"href":"https:\/\/now-news.de\/de\/wp-json\/wp\/v2\/posts"}],"about":[{"href":"https:\/\/now-news.de\/de\/wp-json\/wp\/v2\/types\/post"}],"author":[{"embeddable":true,"href":"https:\/\/now-news.de\/de\/wp-json\/wp\/v2\/users\/3"}],"replies":[{"embeddable":true,"href":"https:\/\/now-news.de\/de\/wp-json\/wp\/v2\/comments?post=25058"}],"version-history":[{"count":0,"href":"https:\/\/now-news.de\/de\/wp-json\/wp\/v2\/posts\/25058\/revisions"}],"wp:featuredmedia":[{"embeddable":true,"href":"https:\/\/now-news.de\/de\/wp-json\/wp\/v2\/media\/25059"}],"wp:attachment":[{"href":"https:\/\/now-news.de\/de\/wp-json\/wp\/v2\/media?parent=25058"}],"wp:term":[{"taxonomy":"category","embeddable":true,"href":"https:\/\/now-news.de\/de\/wp-json\/wp\/v2\/categories?post=25058"},{"taxonomy":"post_tag","embeddable":true,"href":"https:\/\/now-news.de\/de\/wp-json\/wp\/v2\/tags?post=25058"}],"curies":[{"name":"wp","href":"https:\/\/api.w.org\/{rel}","templated":true}]}}