{"id":25056,"date":"2022-12-09T12:25:00","date_gmt":"2022-12-09T10:25:00","guid":{"rendered":"http:\/\/just-now.news\/de\/deutschland\/liveticker-ukraine-krieg-putin-westen-benutzt-ukrainer-als-kanonenfutter-und-foerdert-terror\/"},"modified":"2022-12-09T12:25:00","modified_gmt":"2022-12-09T10:25:00","slug":"liveticker-ukraine-krieg-putin-westen-benutzt-ukrainer-als-kanonenfutter-und-foerdert-terror","status":"publish","type":"post","link":"https:\/\/now-news.de\/de\/deutschland\/liveticker-ukraine-krieg-putin-westen-benutzt-ukrainer-als-kanonenfutter-und-foerdert-terror\/","title":{"rendered":"Liveticker Ukraine-Krieg \u2013 Putin: Westen benutzt Ukrainer als Kanonenfutter und f\u00f6rdert Terror"},"content":{"rendered":"<div class=\"Text-root Text-type_1 \">\n                Russland f\u00fchrt gemeinsam mit den Streitkr\u00e4ften der Donbass-Republiken eine Milit\u00e4roperation in der Ukraine durch. Der Westen reagiert mit immer neuen Waffenlieferungen an die Ukraine und beispiellosen Sanktionen gegen Russland. Lesen Sie hier die neuesten Entwicklungen.\n            <\/div>\n<p><\/p>\n<div class=\"ArticleView-liveUpdates\">\n<div class=\"LiveUpdates-root\">\n<div class=\"LiveUpdates-content\">\n<ul class=\"LiveUpdates-list Listing-root\" data-listing=\"LiveUpdates\" data-count=\"10\">\n<li class=\"LiveUpdates-item Listing-item\">\n<div class=\"LiveUpdates-date\">\n<p class=\"HeaderNews-root HeaderNews-type_2 \">\n                9.12.2022 11:16 Uhr\n            <\/p>\n<\/div>\n<div class=\"LiveUpdate-root\">\n<div class=\"LiveUpdate-date\">\n<p class=\"HeaderNews-root HeaderNews-type_6 \">\n                11:16 Uhr\n            <\/p>\n<\/div>\n<div class=\"LiveUpdate-content\">\n<div class=\"LiveUpdate-text\">\n<div class=\"Text-root Text-type_5 ViewText-root\">\n<p><strong>Putin: Westen f\u00f6rdert Terror im Donbass und benutzt Ukrainer als Kanonenfutter<\/strong><strong><\/strong><\/p>\n<figure class=\"RTImage-root\">\n<div class=\"RTImage-image RTImage-original\"><picture class=\"Picture-root Picture-original\"><!--[if IE 9]><video style=\"display: none;\"><![endif]--><source media=\"(-webkit-min-device-pixel-ratio: 2) and (min-resolution: 120dpi)\" data-srcset=\" \nhttp:\/\/just-now.news\/de\/wp-content\/uploads\/sites\/3\/2022\/12\/6393094fb480cc534f58ec15.jpg 850w,\n                http:\/\/just-now.news\/de\/wp-content\/uploads\/sites\/3\/2022\/12\/6393094eb480cc534f58ec14.jpg 1960w,\n            \" ><source data-srcset=\" \nhttp:\/\/just-now.news\/de\/wp-content\/uploads\/sites\/3\/2022\/12\/6393094fb480cc534f58ec15.jpg 460w,\n              http:\/\/just-now.news\/de\/wp-content\/uploads\/sites\/3\/2022\/12\/6393094eb480cc534f58ec14.jpg 980w,\n            \" ><!--[if IE 9]><\/video><![endif]--><img decoding=\"async\" data- src=\"data:image\/png;base64,iVBORw0KGgoAAAANSUhEUgAAABAAAAAJCAQAAACRI2S5AAAAEElEQVR42mNkIAAYRxWAAQAG9gAKqv6+AwAAAABJRU5ErkJggg==\" class=\"Picture-root Picture-original lazyload\" data-src=\"http:\/\/just-now.news\/de\/wp-content\/uploads\/sites\/3\/2022\/12\/6393094fb480cc534f58ec15.jpg\" alt=\"\"><\/source><\/source><\/picture><!-- noscript pattern --><noscript><img decoding=\"async\" src=\"http:\/\/just-now.news\/de\/wp-content\/uploads\/sites\/3\/2022\/12\/6393094eb480cc534f58ec14.jpg\" alt=\"\"><\/noscript><\/div><figcaption class=\"RTImage-footer\"><span class=\"RTImage-caption\"><span class=\"RTImage-captionItem\">Der russische Pr\u00e4sident Wladimir Putin nimmt an einer Sitzung des Obersten Eurasischen Wirtschaftsrates auf dem Gipfel der Eurasischen Wirtschaftsunion (EAEU) in Bischkek teil, 9. Dezember 2022.<\/span><\/span><span class=\"RTImage-source\"><span class=\"RTImage-captionItem\">Pawel Bednjakow<\/span><span class=\"RTImage-captionItem\"> \/ Sputnik<\/span><\/span><\/figcaption><\/figure>\n<p>Der Westen versucht, seine Vorherrschaft mit allen Mitteln aufrechtzuerhalten, und das ukrainische Volk ist ein Opfer dieser Bestrebungen geworden, <a rel=\"nofollow noopener\" target=\"_blank\" href=\"http:\/\/kremlin.ru\/events\/president\/news\/70057\">sagte<\/a> Wladimir Putin in einer Videoansprache an die Teilnehmer eines Treffens der Verteidigungsminister der Schanghaier Organisation f\u00fcr Zusammenarbeit und der GUS-Mitgliedstaaten. Er erkl\u00e4rte:<strong><\/strong><\/p>\n<p><em>&#8220;Wir sehen die schwerwiegenden Folgen solcher Aktionen heute in der Ukraine. Der Westen hat jahrelang schamlos die Ressourcen des Landes abgesch\u00f6pft und ausgebeutet, V\u00f6lkermord und Terror im Donbass gef\u00f6rdert, das Land faktisch in eine Kolonie verwandelt und benutzt nun auf zynische Weise das ukrainische Volk als Kanonenfutter, als Rammbock gegen Russland, indem er die Ukraine weiterhin mit Waffen und Munition versorgt, S\u00f6ldner schickt und sie auf einen selbstm\u00f6rderischen Weg treibt.&#8221;<\/em><\/p>\n<p>Putin betonte, dass die USA auf eine aggressive NATO-Erweiterung setzten und damit die \u00fcber Jahrzehnte geschaffene strategische Stabilit\u00e4tsarchitektur zerst\u00f6rten. Um alternative Entwicklungsmodelle zu verhindern, verh\u00e4nge der Westen illegale Sanktionen, setze Farbevolutionen ein und sch\u00fcre milit\u00e4rische Konflikte, so der russische Staatschef.<\/p>\n<\/div>\n<\/div>\n<\/div>\n<\/div>\n<\/li>\n<li class=\"LiveUpdates-item Listing-item\">\n<div class=\"LiveUpdate-root\">\n<div class=\"LiveUpdate-date\">\n<p class=\"HeaderNews-root HeaderNews-type_6 \">\n                10:12 Uhr\n            <\/p>\n<\/div>\n<div class=\"LiveUpdate-content\">\n<div class=\"LiveUpdate-text\">\n<div class=\"Text-root Text-type_5 ViewText-root\">\n<p><strong>DVR-Beh\u00f6rden: Ein Mann kommt bei Beschuss durch ukrainische Artilleristen ums Leben<\/strong><\/p>\n<figure class=\"RTImage-root\">\n<div class=\"RTImage-image RTImage-original\"><picture class=\"Picture-root Picture-original\"><!--[if IE 9]><video style=\"display: none;\"><![endif]--><source media=\"(-webkit-min-device-pixel-ratio: 2) and (min-resolution: 120dpi)\" data-srcset=\" \nhttp:\/\/just-now.news\/de\/wp-content\/uploads\/sites\/3\/2022\/12\/6392f545b480cc5ed86f3296.jpg 850w,\n                http:\/\/just-now.news\/de\/wp-content\/uploads\/sites\/3\/2022\/12\/6392f545b480cc5ed86f3295.jpg 1960w,\n            \" ><source data-srcset=\" \nhttp:\/\/just-now.news\/de\/wp-content\/uploads\/sites\/3\/2022\/12\/6392f545b480cc5ed86f3296.jpg 460w,\n              http:\/\/just-now.news\/de\/wp-content\/uploads\/sites\/3\/2022\/12\/6392f545b480cc5ed86f3295.jpg 980w,\n            \" ><!--[if IE 9]><\/video><![endif]--><img decoding=\"async\" data- src=\"data:image\/png;base64,iVBORw0KGgoAAAANSUhEUgAAABAAAAAJCAQAAACRI2S5AAAAEElEQVR42mNkIAAYRxWAAQAG9gAKqv6+AwAAAABJRU5ErkJggg==\" class=\"Picture-root Picture-original lazyload\" data-src=\"http:\/\/just-now.news\/de\/wp-content\/uploads\/sites\/3\/2022\/12\/6392f545b480cc5ed86f3296.jpg\" alt=\"\"><\/source><\/source><\/picture><!-- noscript pattern --><noscript><img decoding=\"async\" src=\"http:\/\/just-now.news\/de\/wp-content\/uploads\/sites\/3\/2022\/12\/6392f545b480cc5ed86f3295.jpg\" alt=\"\"><\/noscript><\/div><figcaption class=\"RTImage-footer\"><span class=\"RTImage-caption\"><span class=\"RTImage-captionItem\">Archivbild: Folgen des Raketenbeschusses von Donezk durch ukrainische Streitkr\u00e4fte<\/span><\/span><span class=\"RTImage-source\"><span class=\"RTImage-captionItem\">Sergei Baturin<\/span><span class=\"RTImage-captionItem\"> \/ Sputnik<\/span><\/span><\/figcaption><\/figure>\n<p>In den vergangenen 24 Stunden haben die ukrainischen Streitkr\u00e4fte 39 Geschosse auf das Gebiet der Volksrepublik Donezk abgefeuert, <a rel=\"nofollow noopener\" target=\"_blank\" href=\"https:\/\/t.me\/DNR_SCKK\/12520\">teilen<\/a> die Beh\u00f6rden der Republik mit. Demnach setzte das ukrainische Milit\u00e4r Grad-Mehrfachraketenwerfer sowie Artillerie im Kaliber 155 Millimeter und 152 Millimeter in Richtung Donezk und Jassinowataja sowie 152-Millimeter-Artillerie in Richtung Gorlowka ein. Insgesamt seien 154 St\u00fcck verschiedener Munition abgefeuert worden.<strong><\/strong><\/p>\n<p>Die Beh\u00f6rden geben an, dass Gebiete von sieben DVR-Siedlungen unter Beschuss gerieten: Die Hauptstadt Donezk (Stadtbezirke Kalininski, Kiewski, Kuibyschewski, Petrowski und Kirowski), Gorlowka, Panteleimonowka, Jassinowataja, Mineralnoje, Makejewka und Dokutschajewsk.<\/p>\n<p>In den vergangenen 24 Stunden erhielten die DVR-Beh\u00f6rden Berichte, dass ein Zivilist bei den Angriffen get\u00f6tet worden sei. Dar\u00fcber hinaus seien elf Wohngeb\u00e4ude in den Donezker Bezirken Kuibyschewski, Kiewski und Kirowski, im Bezirk Nikitowski von Gorlowka und in Dokutschajewsk sowie drei zivile Infrastruktureinrichtungen besch\u00e4digt worden.<\/p>\n<\/div>\n<\/div>\n<\/div>\n<\/div>\n<\/li>\n<li class=\"LiveUpdates-item Listing-item\">\n<div class=\"LiveUpdate-root\">\n<div class=\"LiveUpdate-date\">\n<p class=\"HeaderNews-root HeaderNews-type_6 \">\n                09:35 Uhr\n            <\/p>\n<\/div>\n<div class=\"LiveUpdate-content\">\n<div class=\"LiveUpdate-text\">\n<div class=\"Text-root Text-type_5 ViewText-root\">\n<p><strong>Britisches Verteidigungsministerium wirft Russland erneut Einsatz iranischer Drohnen in der Ukraine vor<\/strong><\/p>\n<figure class=\"RTImage-root\">\n<div class=\"RTImage-image RTImage-original\"><picture class=\"Picture-root Picture-original\"><!--[if IE 9]><video style=\"display: none;\"><![endif]--><source media=\"(-webkit-min-device-pixel-ratio: 2) and (min-resolution: 120dpi)\" data-srcset=\" \nhttp:\/\/just-now.news\/de\/wp-content\/uploads\/sites\/3\/2022\/12\/6392f139b480cc5e145ac004.jpg 850w,\n                http:\/\/just-now.news\/de\/wp-content\/uploads\/sites\/3\/2022\/12\/6392f138b480cc5e145ac003.jpg 1960w,\n            \" ><source data-srcset=\" \nhttp:\/\/just-now.news\/de\/wp-content\/uploads\/sites\/3\/2022\/12\/6392f139b480cc5e145ac004.jpg 460w,\n              http:\/\/just-now.news\/de\/wp-content\/uploads\/sites\/3\/2022\/12\/6392f138b480cc5e145ac003.jpg 980w,\n            \" ><!--[if IE 9]><\/video><![endif]--><img decoding=\"async\" data- src=\"data:image\/png;base64,iVBORw0KGgoAAAANSUhEUgAAABAAAAAJCAQAAACRI2S5AAAAEElEQVR42mNkIAAYRxWAAQAG9gAKqv6+AwAAAABJRU5ErkJggg==\" class=\"Picture-root Picture-original lazyload\" data-src=\"http:\/\/just-now.news\/de\/wp-content\/uploads\/sites\/3\/2022\/12\/6392f139b480cc5e145ac004.jpg\" alt=\"\"><\/source><\/source><\/picture><!-- noscript pattern --><noscript><img decoding=\"async\" src=\"http:\/\/just-now.news\/de\/wp-content\/uploads\/sites\/3\/2022\/12\/6392f138b480cc5e145ac003.jpg\" alt=\"\"><\/noscript><\/div><figcaption class=\"RTImage-footer\"><span class=\"RTImage-caption\"><span class=\"RTImage-captionItem\">Archivbild: Geb\u00e4ude in der Siedlung Belaja Zerkow, das nach Angaben der Ukraine infolge eines Luftangriffs von russischen Drohnen mutma\u00dflich aus iranischer Produktion zerst\u00f6rt wurde.<\/span><\/span><span class=\"RTImage-source\"><span class=\"RTImage-captionItem\">SERGEI SUPINSKY<\/span><span class=\"RTImage-captionItem\"> \/ AFP<\/span><\/span><\/figcaption><\/figure>\n<p>Nach Angaben aus Gro\u00dfbritannien soll Russland die Ukraine angeblich erneut mit iranischen Drohnen angegriffen haben. In seinem t\u00e4glichen Geheimdienstbericht teilte das britische Verteidigungsministerium am Freitag mit, falls entsprechende Berichte verifiziert w\u00fcrden, bedeute dies, dass Russland Nachschub erhalten habe.<\/p>\n<p>Es sei wahrscheinlich, dass Russland zuvor seinen bisherigen Bestand an Hunderten von Drohnen der Typen Schahed 131 sowie Schahed 136 \u2013 sogenannte Kamikazedrohnen \u2013 aufgebraucht habe. In London verwies man auf Berichte aus der Ukraine. Demnach teilte der ukrainische Geheimdienst am 6. Dezember mit, dass 17 Drohnen abgeschossen worden seien, darunter 14 Scahed 136. Am 7. Dezember hie\u00df es, Kamikazedrohnen seien bei Angriffen auf die Gebiete Saporoschje und Dnjepropetrowsk eingesetzt worden. Am 17. November sei ein Abschuss einer Schahed 136 gemeldet worden. Falls die j\u00fcngsten Angriffe best\u00e4tigt w\u00fcrden, betont London, sei es wahrscheinlich, dass Russland Angriffe mit neu gelieferten Kamikazedrohnen wieder aufgenommen habe.<\/p>\n<p>Russland bestreitet die Vorw\u00fcrfe, iranische Drohnen im Krieg in der Ukraine eingesetzt zu haben, w\u00e4hrend auch Iran Lieferungen seiner Waffen an Russland seit Beginn des Ukraine-Konflikts immer wieder dementiert.<\/p>\n<\/div>\n<\/div>\n<\/div>\n<\/div>\n<\/li>\n<li class=\"LiveUpdates-item Listing-item\">\n<div class=\"LiveUpdate-root\">\n<div class=\"LiveUpdate-date\">\n<p class=\"HeaderNews-root HeaderNews-type_6 \">\n                08:36 Uhr\n            <\/p>\n<\/div>\n<div class=\"LiveUpdate-content\">\n<div class=\"LiveUpdate-text\">\n<div class=\"Text-root Text-type_5 ViewText-root\">\n<p><strong>Ukrainisches Au\u00dfenministerium: Washingtons Verbot des Einsatzes von US-Waffen gegen Russland gilt nicht f\u00fcr die Krim<\/strong><\/p>\n<figure class=\"RTImage-root\">\n<div class=\"RTImage-image RTImage-original\"><picture class=\"Picture-root Picture-original\"><!--[if IE 9]><video style=\"display: none;\"><![endif]--><source media=\"(-webkit-min-device-pixel-ratio: 2) and (min-resolution: 120dpi)\" data-srcset=\" \nhttp:\/\/just-now.news\/de\/wp-content\/uploads\/sites\/3\/2022\/12\/6392e01848fbef32e72641e4.jpg 850w,\n                http:\/\/just-now.news\/de\/wp-content\/uploads\/sites\/3\/2022\/12\/6392e01748fbef32e72641e3.jpg 1960w,\n            \" ><source data-srcset=\" \nhttp:\/\/just-now.news\/de\/wp-content\/uploads\/sites\/3\/2022\/12\/6392e01848fbef32e72641e4.jpg 460w,\n              http:\/\/just-now.news\/de\/wp-content\/uploads\/sites\/3\/2022\/12\/6392e01748fbef32e72641e3.jpg 980w,\n            \" ><!--[if IE 9]><\/video><![endif]--><img decoding=\"async\" data- src=\"data:image\/png;base64,iVBORw0KGgoAAAANSUhEUgAAABAAAAAJCAQAAACRI2S5AAAAEElEQVR42mNkIAAYRxWAAQAG9gAKqv6+AwAAAABJRU5ErkJggg==\" class=\"Picture-root Picture-original lazyload\" data-src=\"http:\/\/just-now.news\/de\/wp-content\/uploads\/sites\/3\/2022\/12\/6392e01848fbef32e72641e4.jpg\" alt=\"\"><\/source><\/source><\/picture><!-- noscript pattern --><noscript><img decoding=\"async\" src=\"http:\/\/just-now.news\/de\/wp-content\/uploads\/sites\/3\/2022\/12\/6392e01748fbef32e72641e3.jpg\" alt=\"\"><\/noscript><\/div><figcaption class=\"RTImage-footer\"><span class=\"RTImage-caption\"><span class=\"RTImage-captionItem\">Archivbild: Dmitri Kuleba, der ukrainische Au\u00dfenminister<\/span><\/span><span class=\"RTImage-source\"><span class=\"RTImage-captionItem\">STR\/NurPhoto<\/span><span class=\"RTImage-captionItem\"> \/ Gettyimages.ru<\/span><\/span><\/figcaption><\/figure>\n<p>Washington verbietet Kiew nicht, US-Waffen gegen die Krim einzusetzen, sagte der ukrainische Au\u00dfenminister Dmitri Kuleba in einem <a rel=\"nofollow noopener\" target=\"_blank\" href=\"https:\/\/www.wsj.com\/articles\/ukraine-says-western-allies-shouldnt-fear-russia-falling-apart-11670505120?mod=Searchresults_pos1&amp;page=1\">Interview<\/a> mit\u00a0<em>The Wall Street Journal<\/em>. Die Zeitung zitiert:<strong><\/strong><\/p>\n<p><em>&#8220;Die Ukraine hat sich gegen\u00fcber den USA verpflichtet, keine von den USA gelieferten Waffen f\u00fcr Angriffe auf russisches Gebiet einzusetzen. Laut Kuleba gilt diese Verpflichtung nicht f\u00fcr die Krim, die international als ukrainisches Territorium anerkannt ist.&#8221;<\/em><\/p>\n<p>Kuleba betonte, dass Kiew niemals einem Friedensabkommen mit Moskau zustimmen w\u00fcrde, falls die Krim und der Donbass unter russischer Kontrolle blieben. Der Politiker sagte:<\/p>\n<p><em>&#8220;Die Ukraine wird alle ihre Territorien einschlie\u00dflich der Krim zur\u00fcckerobern. Teils milit\u00e4risch, teils diplomatisch.&#8221; <\/em><\/p>\n<p>Au\u00dferdem forderte er die internationale Gemeinschaft auf, nicht dar\u00fcber zu spekulieren, ob &#8220;Russland kollabieren wird&#8221;. Der ukrainische Minister behauptete:<\/p>\n<p><em>&#8220;Anstatt dar\u00fcber nachzudenken, wie man Russland helfen kann, zu \u00fcberleben und ein normales Mitglied der internationalen Gemeinschaft zu werden, ist es an der Zeit, die Tatsache zu akzeptieren, dass dieses Russland kein normales Mitglied der internationalen Gemeinschaft sein kann.&#8221;<\/em><\/p>\n<p>Kuleba zufolge rechne Moskau nach wie vor damit, die spezielle Milit\u00e4roperation in der Ukraine erfolgreich zu Ende zu bringen.<\/p>\n<p>Nach dem vom Westen unterst\u00fctzten Staatsstreich in der Ukraine wurde die Krim im M\u00e4rz 2014 durch ein Referendum Teil der Russischen F\u00f6deration. Kiew betrachtet die Halbinsel weiterhin als vor\u00fcbergehend besetztes Gebiet, eine Ansicht, die viele westliche L\u00e4nder unterst\u00fctzen.<\/p>\n<p>Russlands Au\u00dfenminister Sergei Lawrow betonte, dass Kiews Versuche, die Halbinsel &#8220;zur\u00fcckzuholen&#8221;, zum Scheitern verurteilt seien. Pr\u00e4sident Wladimir Putin verk\u00fcndete, die Krim-Frage sei endg\u00fcltig gekl\u00e4rt.<\/p>\n<\/div>\n<\/div>\n<\/div>\n<\/div>\n<\/li>\n<li class=\"LiveUpdates-item Listing-item\">\n<div class=\"LiveUpdate-root\">\n<div class=\"LiveUpdate-date\">\n<p class=\"HeaderNews-root HeaderNews-type_6 \">\n                07:39 Uhr\n            <\/p>\n<\/div>\n<div class=\"LiveUpdate-content\">\n<div class=\"LiveUpdate-text\">\n<div class=\"Text-root Text-type_5 ViewText-root\">\n<p><strong>USA liefern der Ukraine Luft- und Drohnenabwehrsysteme<\/strong><strong><\/strong><\/p>\n<figure class=\"RTImage-root\">\n<div class=\"RTImage-image RTImage-original\"><picture class=\"Picture-root Picture-original\"><!--[if IE 9]><video style=\"display: none;\"><![endif]--><source media=\"(-webkit-min-device-pixel-ratio: 2) and (min-resolution: 120dpi)\" data-srcset=\" \nhttp:\/\/just-now.news\/de\/wp-content\/uploads\/sites\/3\/2022\/12\/6392d27b48fbef32dd25dfcb.jpg 850w,\n                http:\/\/just-now.news\/de\/wp-content\/uploads\/sites\/3\/2022\/12\/6392d27b48fbef32dd25dfca.jpg 1960w,\n            \" ><source data-srcset=\" \nhttp:\/\/just-now.news\/de\/wp-content\/uploads\/sites\/3\/2022\/12\/6392d27b48fbef32dd25dfcb.jpg 460w,\n              http:\/\/just-now.news\/de\/wp-content\/uploads\/sites\/3\/2022\/12\/6392d27b48fbef32dd25dfca.jpg 980w,\n            \" ><!--[if IE 9]><\/video><![endif]--><img decoding=\"async\" data- src=\"data:image\/png;base64,iVBORw0KGgoAAAANSUhEUgAAABAAAAAJCAQAAACRI2S5AAAAEElEQVR42mNkIAAYRxWAAQAG9gAKqv6+AwAAAABJRU5ErkJggg==\" class=\"Picture-root Picture-original lazyload\" data-src=\"http:\/\/just-now.news\/de\/wp-content\/uploads\/sites\/3\/2022\/12\/6392d27b48fbef32dd25dfcb.jpg\" alt=\"\"><\/source><\/source><\/picture><!-- noscript pattern --><noscript><img decoding=\"async\" src=\"http:\/\/just-now.news\/de\/wp-content\/uploads\/sites\/3\/2022\/12\/6392d27b48fbef32dd25dfca.jpg\" alt=\"\"><\/noscript><\/div><figcaption class=\"RTImage-footer\"><span class=\"RTImage-caption\"><span class=\"RTImage-captionItem\">Archivbild: Ein HIMARS-Mehrfachraketenwerfer<\/span><\/span><span class=\"RTImage-source\"><span class=\"RTImage-captionItem\">Sherbien Dacalanio\/Pacific Press\/LightRocket<\/span><span class=\"RTImage-captionItem\"> \/ Gettyimages.ru<\/span><\/span><\/figcaption><\/figure>\n<p>Washington bereitet ein neues Hilfspaket f\u00fcr die Ukraine im Wert von 275 Millionen US-Dollar vor, das auch Drohnenabwehr- und Luftabwehrsysteme umfassen soll, wie <em>Reuters<\/em>\u00a0<a rel=\"nofollow noopener\" target=\"_blank\" href=\"https:\/\/www.reuters.com\/world\/europe\/us-send-ukraine-anti-drone-air-defense-aid-worth-275-million-2022-12-08\/\">berichtet<\/a>. Die Nachrichtenagentur zitiert Dokumente und mit der Situation vertraute Quellen:<strong><\/strong><\/p>\n<p><em>&#8220;Die USA bereiten sich darauf vor, der Ukraine ein Hilfspaket im Wert von 275 Millionen US-Dollar zukommen zu lassen, das neue F\u00e4higkeiten zur Abwehr von Drohnen und zur St\u00e4rkung der Luftabwehr enth\u00e4lt.&#8221;<\/em><\/p>\n<p>Das neue Hilfspaket k\u00f6nnte bereits heute angek\u00fcndigt werden. Nach Angaben der Nachrichtenagentur k\u00f6nnte es sich dabei um Raketen f\u00fcr HIMARS-Mehrfachraketenwerfer, Munition f\u00fcr Artillerie und Humvee-Milit\u00e4rfahrzeuge handeln.<\/p>\n<\/div>\n<\/div>\n<\/div>\n<\/div>\n<\/li>\n<li class=\"LiveUpdates-item Listing-item\">\n<div class=\"LiveUpdate-root\">\n<div class=\"LiveUpdate-date\">\n<p class=\"HeaderNews-root HeaderNews-type_6 \">\n                07:03 Uhr\n            <\/p>\n<\/div>\n<div class=\"LiveUpdate-content\">\n<div class=\"LiveUpdate-text\">\n<div class=\"Text-root Text-type_5 ViewText-root\">\n<p><strong>Neuer US-Verteidigungshaushalt enth\u00e4lt 800 Millionen US-Dollar f\u00fcr Ukraine<\/strong><strong><\/strong><\/p>\n<figure class=\"RTImage-root\">\n<div class=\"RTImage-image RTImage-original\"><picture class=\"Picture-root Picture-original\"><!--[if IE 9]><video style=\"display: none;\"><![endif]--><source media=\"(-webkit-min-device-pixel-ratio: 2) and (min-resolution: 120dpi)\" data-srcset=\" \nhttp:\/\/just-now.news\/de\/wp-content\/uploads\/sites\/3\/2022\/12\/6392cd9a48fbef32696deeac.jpg 850w,\n                http:\/\/just-now.news\/de\/wp-content\/uploads\/sites\/3\/2022\/12\/6392cd9a48fbef32696deeab.jpg 1960w,\n            \" ><source data-srcset=\" \nhttp:\/\/just-now.news\/de\/wp-content\/uploads\/sites\/3\/2022\/12\/6392cd9a48fbef32696deeac.jpg 460w,\n              http:\/\/just-now.news\/de\/wp-content\/uploads\/sites\/3\/2022\/12\/6392cd9a48fbef32696deeab.jpg 980w,\n            \" ><!--[if IE 9]><\/video><![endif]--><img decoding=\"async\" data- src=\"data:image\/png;base64,iVBORw0KGgoAAAANSUhEUgAAABAAAAAJCAQAAACRI2S5AAAAEElEQVR42mNkIAAYRxWAAQAG9gAKqv6+AwAAAABJRU5ErkJggg==\" class=\"Picture-root Picture-original lazyload\" data-src=\"http:\/\/just-now.news\/de\/wp-content\/uploads\/sites\/3\/2022\/12\/6392cd9a48fbef32696deeac.jpg\" alt=\"\"><\/source><\/source><\/picture><!-- noscript pattern --><noscript><img decoding=\"async\" src=\"http:\/\/just-now.news\/de\/wp-content\/uploads\/sites\/3\/2022\/12\/6392cd9a48fbef32696deeab.jpg\" alt=\"\"><\/noscript><\/div><figcaption class=\"RTImage-footer\"><span class=\"RTImage-caption\"><span class=\"RTImage-captionItem\">(Symbolbild)<\/span><\/span><span class=\"RTImage-source\"><span class=\"RTImage-captionItem\">Celal Gunes\/Anadolu Agency<\/span><span class=\"RTImage-captionItem\"> \/ Gettyimages.ru<\/span><\/span><\/figcaption><\/figure>\n<p>Das US-Repr\u00e4sentantenhaus hat einen Verteidigungshaushalt in H\u00f6he von rund 850 Milliarden US-Dollar f\u00fcr das Jahr 2023 verabschiedet, wie die <a rel=\"nofollow noopener\" target=\"_blank\" href=\"https:\/\/www.house.gov\/\">Abstimmung<\/a> zeigt.<strong><\/strong><\/p>\n<p>Es wird angegeben, dass die Ausgaben in H\u00f6he von 847,3 Milliarden US-Dollar einen Rekord f\u00fcr Washington darstellen werden. Im Vorjahreshaushalt waren 778 Milliarden US-Dollar vorgesehen. Dar\u00fcber hinaus sollen weitere 10,6 Milliarden US-Dollar f\u00fcr &#8220;verteidigungsbezogene Bed\u00fcrfnisse au\u00dferhalb der Haushaltszust\u00e4ndigkeit&#8221; ausgegeben werden. Damit belaufen sich die Gesamtausgaben auf 857,9 Milliarden US-Dollar.<\/p>\n<p>Der US-Verteidigungshaushalt enth\u00e4lt die Vorgabe, dass Washington den Ausschluss Moskaus aus einer Reihe von internationalen Organisationen, einschlie\u00dflich der G20, anstreben wird. Sechs Milliarden US-Dollar sind vorgesehen, um Russland in Europa einzud\u00e4mmen und die Abh\u00e4ngigkeit von russischen Energiequellen zu verringern. Dar\u00fcber hinaus enth\u00e4lt der Haushalt eine Initiative zur Verh\u00e4ngung von Sanktionen \u00fcber Devisengesch\u00e4fte mit Moskau und schreibt ein dauerhaftes Verbot des Informationsaustauschs mit Russland \u00fcber Raketenabwehrsysteme vor. Der Haushalt umfasst au\u00dferdem zehn Milliarden US-Dollar an Hilfe f\u00fcr Taiwan und 800 Millionen US-Dollar an Hilfe f\u00fcr die Ukraine.<\/p>\n<\/div>\n<\/div>\n<\/div>\n<\/div>\n<\/li>\n<li class=\"LiveUpdates-item Listing-item\">\n<div class=\"LiveUpdates-date\">\n<p class=\"HeaderNews-root HeaderNews-type_2 \">\n                8.12.2022 22:00 Uhr\n            <\/p>\n<\/div>\n<div class=\"LiveUpdate-root\">\n<div class=\"LiveUpdate-date\">\n<p class=\"HeaderNews-root HeaderNews-type_6 \">\n                22:00 Uhr\n            <\/p>\n<\/div>\n<div class=\"LiveUpdate-content\">\n<div class=\"LiveUpdate-text\">\n<div class=\"Text-root Text-type_5 ViewText-root\">\n<p>Damit beenden wir f\u00fcr heute den Live-Ticker zur Lage im Ukraine-Konflikt. Morgen fr\u00fch ab 7 Uhr geht es mit der Berichterstattung weiter. Wir w\u00fcnschen unseren Lesern trotz aller Spannungen in der Welt eine gute Nacht!<\/p>\n<\/div>\n<\/div>\n<\/div>\n<\/div>\n<\/li>\n<li class=\"LiveUpdates-item Listing-item\">\n<div class=\"LiveUpdate-root\">\n<div class=\"LiveUpdate-date\">\n<p class=\"HeaderNews-root HeaderNews-type_6 \">\n                21:32 Uhr\n            <\/p>\n<\/div>\n<div class=\"LiveUpdate-content\">\n<div class=\"LiveUpdate-text\">\n<div class=\"Text-root Text-type_5 ViewText-root\">\n<p><strong>Bund sagt Hilfe bei Unterbringung ukrainischer Fl\u00fcchtlinge zu<\/strong><\/p>\n<figure class=\"RTImage-root\">\n<div class=\"RTImage-image RTImage-original\"><picture class=\"Picture-root Picture-original\"><!--[if IE 9]><video style=\"display: none;\"><![endif]--><source media=\"(-webkit-min-device-pixel-ratio: 2) and (min-resolution: 120dpi)\" data-srcset=\" \nhttp:\/\/just-now.news\/de\/wp-content\/uploads\/sites\/3\/2022\/12\/63923c1b48fbef32696dee96.jpg 850w,\n                http:\/\/just-now.news\/de\/wp-content\/uploads\/sites\/3\/2022\/12\/63923c1b48fbef32696dee96.jpg 1960w,\n            \" ><source data-srcset=\" \nhttp:\/\/just-now.news\/de\/wp-content\/uploads\/sites\/3\/2022\/12\/63923c1b48fbef32696dee96.jpg 460w,\n              http:\/\/just-now.news\/de\/wp-content\/uploads\/sites\/3\/2022\/12\/63923c1b48fbef32696dee96.jpg 980w,\n            \" ><!--[if IE 9]><\/video><![endif]--><img decoding=\"async\" data- src=\"data:image\/png;base64,iVBORw0KGgoAAAANSUhEUgAAABAAAAAJCAQAAACRI2S5AAAAEElEQVR42mNkIAAYRxWAAQAG9gAKqv6+AwAAAABJRU5ErkJggg==\" class=\"Picture-root Picture-original lazyload\" data-src=\"http:\/\/just-now.news\/de\/wp-content\/uploads\/sites\/3\/2022\/12\/63923c1b48fbef32696dee96.jpg\" alt=\"\"><\/source><\/source><\/picture><!-- noscript pattern --><noscript><img decoding=\"async\" src=\"http:\/\/just-now.news\/de\/wp-content\/uploads\/sites\/3\/2022\/12\/63923c1b48fbef32696dee96.jpg\" alt=\"\"><\/noscript><\/div><figcaption class=\"RTImage-footer\"><span class=\"RTImage-caption\"><span class=\"RTImage-captionItem\">Archivbild vom 27. Juli 2022: Betten in einer Notunterkunft f\u00fcr ukrainische Fl\u00fcchtlinge<\/span><\/span><span class=\"RTImage-source\"><span class=\"RTImage-captionItem\">picture alliance<\/span><span class=\"RTImage-captionItem\"> \/ Gettyimages.ru<\/span><\/span><\/figcaption><\/figure>\n<p>Angesichts der anhaltend hohen Fl\u00fcchtlingszahlen aus der\u00a0Ukraine\u00a0will auch der Bund nach Angaben der L\u00e4nder f\u00fcr Unterbringungsm\u00f6glichkeiten sorgen. Die L\u00e4nder h\u00e4tten den Bund gebeten, &#8220;auch bei der Bundesanstalt f\u00fcr Immobilienaufgaben (BImA) mit Nachdruck daf\u00fcr zu sorgen, Raum zur Verf\u00fcgung zu stellen, wo immer das m\u00f6glich ist&#8221;, sagte Nordrhein-Westfalens Ministerpr\u00e4sident Hendrik W\u00fcst (CDU) am Donnerstag nach Beratungen der L\u00e4nder mit Kanzler Olaf Scholz (SPD) in Berlin. Das sei auch zugesagt worden.<\/p>\n<p>Die Fl\u00fcchtlingszahlen blieben untypischerweise auch in diesem Winter hoch, &#8220;weil auch die russische Kriegsf\u00fchrung genau darauf setzt, Menschen aus der\u00a0Ukraine\u00a0zu vertreiben&#8221;, sagte W\u00fcst. Die Aufgabe sei nun, gemeinsam \u00fcber alle staatliche Ebenen hinweg den Menschen gerecht zu werden.\u00a0<\/p>\n<\/div>\n<\/div>\n<\/div>\n<\/div>\n<\/li>\n<li class=\"LiveUpdates-item Listing-item\">\n<div class=\"LiveUpdate-root\">\n<div class=\"LiveUpdate-date\">\n<p class=\"HeaderNews-root HeaderNews-type_6 \">\n                21:08 Uhr\n            <\/p>\n<\/div>\n<div class=\"LiveUpdate-content\">\n<div class=\"LiveUpdate-text\">\n<div class=\"Text-root Text-type_5 ViewText-root\">\n<p><strong>UNO verurteilt Angriffe auf zivile Infrastruktur in Donezk<\/strong><\/p>\n<p>Der Beschuss von Donezk am 5. und 6. Dezember habe zu zivilen Opfern und zu Sch\u00e4den an den B\u00fcros humanit\u00e4rer Organisationen gef\u00fchrt, was nicht passieren sollte, sagte\u00a0UN-Sprecher St\u00e9phane\u00a0Dujarric\u00a0am Donnerstag in New York.\u00a0<\/p>\n<p><em>&#8220;Unsere Kollegen betonen, dass nach dem humanit\u00e4ren V\u00f6lkerrecht Angriffe niemals gegen Zivilisten und zivile Infrastrukturen gerichtet sein d\u00fcrfen und dass alle Anstrengungen unternommen werden m\u00fcssen, um dies zu vermeiden.&#8221;<\/em><\/p>\n<p>Wer hinter dem\u00a0Beschuss stehe, k\u00f6nne\u00a0die UNO allerdings nicht feststellen, f\u00fcgte Dujarric hinzu.<\/p>\n<\/div>\n<\/div>\n<\/div>\n<\/div>\n<\/li>\n<li class=\"LiveUpdates-item Listing-item\">\n<div class=\"LiveUpdate-root\">\n<div class=\"LiveUpdate-date\">\n<p class=\"HeaderNews-root HeaderNews-type_6 \">\n                20:50 Uhr\n            <\/p>\n<\/div>\n<div class=\"LiveUpdate-content\">\n<div class=\"LiveUpdate-text\">\n<div class=\"Text-root Text-type_5 ViewText-root\">\n<p><strong>Mehrere \u00d6ltanker warten auf Durchfahrt vor Istanbul<\/strong><\/p>\n<p>In Folge\u00a0einer neuen EU-Regelung, die Russland dazu zwingen soll, Erd\u00f6l f\u00fcr h\u00f6chstens 60 US-Dollar pro Barrel zu verkaufen, wird einigen \u00d6ltankern derzeit die Durchfahrt durch die Meerenge des Bosporus vor Istanbul untersagt.<\/p>\n<p>Man kontrolliere, ob die Versicherungen der Schiffe weiterhin g\u00fcltig seien, teilte das t\u00fcrkische Transportministerium am Donnerstag mit. Derzeit m\u00fcssten 15 Tanker auf eine Weiterfahrt warten. Auch die Durchfahrt durch die s\u00fcdlichere Meerenge Dardanellen werde nur versicherten Tankern gestattet. Ankara f\u00fcrchtet der Mitteilung zufolge, dass ein eventueller Unfall bei der Durchfahrt durch t\u00fcrkische Wasserstra\u00dfen nicht entsch\u00e4digt werde.\u00a0<\/p>\n<p>Ein Gro\u00dfteil der wartenden Schiffe sei in Richtung EU-H\u00e4fen unterwegs, so das Ministerium. Mit den Kontrollen halte man sich an eine seit dem Jahr 2002 geltende Regelung, laut der nur versicherte Tanker die Dardanellen und den Bosporus durchqueren d\u00fcrfen.<\/p>\n<\/div>\n<\/div>\n<\/div>\n<\/div>\n<\/li>\n<\/ul>\n<div class=\"Listing-isReact\" data-rtmodule=\"Listing\" onload=\"return {\n                page: '1',\n                limit: '10',\n                listing: '\/listing\/parent.6209f961b480cc2c7e35341b\/noprepare\/liveupdates\/10\/1',\n            };\"><\/div>\n<\/div>\n<\/div>\n<\/div>\n<p><br \/>\n<br \/><a href=\"https:\/\/de.rt.com\/international\/131481-liveticker-ukraine-krieg-putin-westen\/\">Source link <\/a><\/p>\n","protected":false},"excerpt":{"rendered":"<p>Russland f\u00fchrt gemeinsam mit den Streitkr\u00e4ften der Donbass-Republiken eine Milit\u00e4roperation in der Ukraine durch. Der Westen reagiert mit immer neuen Waffenlieferungen an die Ukraine und beispiellosen Sanktionen gegen Russland. Lesen Sie hier die neuesten Entwicklungen. 9.12.2022 11:16 Uhr 11:16 Uhr Putin: Westen f\u00f6rdert Terror im Donbass und benutzt Ukrainer als Kanonenfutter Der russische Pr\u00e4sident Wladimir [&hellip;]<\/p>\n","protected":false},"author":3,"featured_media":25057,"comment_status":"open","ping_status":"open","sticky":false,"template":"","format":"standard","meta":{"_yoast_indexnow_last_ping":["1670583105"],"wp_automatic_camp":["217"],"dcaf138706471ef8e020edc4e10e8618":["Liveticker Ukraine-Krieg \u2013 Putin: Westen benutzt Ukrainer als Kanonenfutter und f\u00f6rdert Terror"],"original_link":["https:\/\/de.rt.com\/international\/131481-liveticker-ukraine-krieg-putin-westen\/"],"_thumbnail_id":["25057"],"_wptgpro_p2tg_sent2tg":["a:1:{i:23737;s:19:\"2022-12-09 12:52:53\";}"],"jnews_social_counter_last_update":["1777353055"]},"categories":[19,23],"tags":[273,27719,355,31114,564,125,8903,566,5757,140,378],"yoast_head":"<!-- This site is optimized with the Yoast SEO Premium plugin v22.7 (Yoast SEO v22.7) - https:\/\/yoast.com\/wordpress\/plugins\/seo\/ -->\n<title>Liveticker Ukraine-Krieg \u2013 Putin: Westen benutzt Ukrainer als Kanonenfutter und f\u00f6rdert Terror - just-now.NEWS Deutschland<\/title>\n<meta name=\"robots\" content=\"index, follow, max-snippet:-1, max-image-preview:large, max-video-preview:-1\" \/>\n<link rel=\"canonical\" href=\"https:\/\/now-news.de\/de\/deutschland\/liveticker-ukraine-krieg-putin-westen-benutzt-ukrainer-als-kanonenfutter-und-foerdert-terror\/\" \/>\n<meta property=\"og:locale\" content=\"de_DE\" \/>\n<meta property=\"og:type\" content=\"article\" \/>\n<meta property=\"og:title\" content=\"Liveticker Ukraine-Krieg \u2013 Putin: Westen benutzt Ukrainer als Kanonenfutter und f\u00f6rdert Terror\" \/>\n<meta property=\"og:description\" content=\"Russland f\u00fchrt gemeinsam mit den Streitkr\u00e4ften der Donbass-Republiken eine Milit\u00e4roperation in der Ukraine durch. Der Westen reagiert mit immer neuen Waffenlieferungen an die Ukraine und beispiellosen Sanktionen gegen Russland. Lesen Sie hier die neuesten Entwicklungen. 9.12.2022 11:16 Uhr 11:16 Uhr Putin: Westen f\u00f6rdert Terror im Donbass und benutzt Ukrainer als Kanonenfutter Der russische Pr\u00e4sident Wladimir [&hellip;]\" \/>\n<meta property=\"og:url\" content=\"https:\/\/now-news.de\/de\/deutschland\/liveticker-ukraine-krieg-putin-westen-benutzt-ukrainer-als-kanonenfutter-und-foerdert-terror\/\" \/>\n<meta property=\"og:site_name\" content=\"just-now.NEWS Deutschland\" \/>\n<meta property=\"article:publisher\" content=\"https:\/\/www.facebook.com\/wirmachenauf\" \/>\n<meta property=\"article:published_time\" content=\"2022-12-09T10:25:00+00:00\" \/>\n<meta property=\"og:image\" content=\"https:\/\/now-news.de\/de\/wp-content\/uploads\/sites\/3\/2022\/12\/Liveticker-Ukraine-Krieg-\u2013-Putin-Westen-benutzt-Ukrainer-als-Kanonenfutter-und.jpg\" \/>\n\t<meta property=\"og:image:width\" content=\"460\" \/>\n\t<meta property=\"og:image:height\" content=\"259\" \/>\n\t<meta property=\"og:image:type\" content=\"image\/jpeg\" \/>\n<meta name=\"author\" content=\"rtnews\" \/>\n<meta name=\"twitter:card\" content=\"summary_large_image\" \/>\n<meta name=\"twitter:creator\" content=\"@WirMachenAuf_de\" \/>\n<meta name=\"twitter:site\" content=\"@WirMachenAuf_de\" \/>\n<meta name=\"twitter:label1\" content=\"Verfasst von\" \/>\n\t<meta name=\"twitter:data1\" content=\"rtnews\" \/>\n\t<meta name=\"twitter:label2\" content=\"Gesch\u00e4tzte Lesezeit\" \/>\n\t<meta name=\"twitter:data2\" content=\"8\u00a0Minuten\" \/>\n<script type=\"application\/ld+json\" class=\"yoast-schema-graph\">{\"@context\":\"https:\/\/schema.org\",\"@graph\":[{\"@type\":\"Article\",\"@id\":\"https:\/\/now-news.de\/de\/deutschland\/liveticker-ukraine-krieg-putin-westen-benutzt-ukrainer-als-kanonenfutter-und-foerdert-terror\/#article\",\"isPartOf\":{\"@id\":\"https:\/\/now-news.de\/de\/deutschland\/liveticker-ukraine-krieg-putin-westen-benutzt-ukrainer-als-kanonenfutter-und-foerdert-terror\/\"},\"author\":{\"name\":\"rtnews\",\"@id\":\"https:\/\/now-news.de\/de\/#\/schema\/person\/fb534a4e865501d8b3285208df34a9b5\"},\"headline\":\"Liveticker Ukraine-Krieg \u2013 Putin: Westen benutzt Ukrainer als Kanonenfutter und f\u00f6rdert Terror\",\"datePublished\":\"2022-12-09T10:25:00+00:00\",\"dateModified\":\"2022-12-09T10:25:00+00:00\",\"mainEntityOfPage\":{\"@id\":\"https:\/\/now-news.de\/de\/deutschland\/liveticker-ukraine-krieg-putin-westen-benutzt-ukrainer-als-kanonenfutter-und-foerdert-terror\/\"},\"wordCount\":1663,\"commentCount\":0,\"publisher\":{\"@id\":\"https:\/\/now-news.de\/de\/#organization\"},\"image\":{\"@id\":\"https:\/\/now-news.de\/de\/deutschland\/liveticker-ukraine-krieg-putin-westen-benutzt-ukrainer-als-kanonenfutter-und-foerdert-terror\/#primaryimage\"},\"thumbnailUrl\":\"https:\/\/now-news.de\/de\/wp-content\/uploads\/sites\/3\/2022\/12\/Liveticker-Ukraine-Krieg-\u2013-Putin-Westen-benutzt-Ukrainer-als-Kanonenfutter-und.jpg\",\"keywords\":[\"als\",\"benutzt\",\"fordert\",\"Kanonenfutter\",\"Liveticker\",\"putin\",\"terror\",\"UkraineKrieg\",\"Ukrainer\",\"und\",\"Westen\"],\"articleSection\":[\"Deutschland\",\"Russland\"],\"inLanguage\":\"de\",\"potentialAction\":[{\"@type\":\"CommentAction\",\"name\":\"Comment\",\"target\":[\"https:\/\/now-news.de\/de\/deutschland\/liveticker-ukraine-krieg-putin-westen-benutzt-ukrainer-als-kanonenfutter-und-foerdert-terror\/#respond\"]}]},{\"@type\":\"WebPage\",\"@id\":\"https:\/\/now-news.de\/de\/deutschland\/liveticker-ukraine-krieg-putin-westen-benutzt-ukrainer-als-kanonenfutter-und-foerdert-terror\/\",\"url\":\"https:\/\/now-news.de\/de\/deutschland\/liveticker-ukraine-krieg-putin-westen-benutzt-ukrainer-als-kanonenfutter-und-foerdert-terror\/\",\"name\":\"Liveticker Ukraine-Krieg \u2013 Putin: Westen benutzt Ukrainer als Kanonenfutter und f\u00f6rdert Terror - just-now.NEWS Deutschland\",\"isPartOf\":{\"@id\":\"https:\/\/now-news.de\/de\/#website\"},\"primaryImageOfPage\":{\"@id\":\"https:\/\/now-news.de\/de\/deutschland\/liveticker-ukraine-krieg-putin-westen-benutzt-ukrainer-als-kanonenfutter-und-foerdert-terror\/#primaryimage\"},\"image\":{\"@id\":\"https:\/\/now-news.de\/de\/deutschland\/liveticker-ukraine-krieg-putin-westen-benutzt-ukrainer-als-kanonenfutter-und-foerdert-terror\/#primaryimage\"},\"thumbnailUrl\":\"https:\/\/now-news.de\/de\/wp-content\/uploads\/sites\/3\/2022\/12\/Liveticker-Ukraine-Krieg-\u2013-Putin-Westen-benutzt-Ukrainer-als-Kanonenfutter-und.jpg\",\"datePublished\":\"2022-12-09T10:25:00+00:00\",\"dateModified\":\"2022-12-09T10:25:00+00:00\",\"breadcrumb\":{\"@id\":\"https:\/\/now-news.de\/de\/deutschland\/liveticker-ukraine-krieg-putin-westen-benutzt-ukrainer-als-kanonenfutter-und-foerdert-terror\/#breadcrumb\"},\"inLanguage\":\"de\",\"potentialAction\":[{\"@type\":\"ReadAction\",\"target\":[\"https:\/\/now-news.de\/de\/deutschland\/liveticker-ukraine-krieg-putin-westen-benutzt-ukrainer-als-kanonenfutter-und-foerdert-terror\/\"]}]},{\"@type\":\"ImageObject\",\"inLanguage\":\"de\",\"@id\":\"https:\/\/now-news.de\/de\/deutschland\/liveticker-ukraine-krieg-putin-westen-benutzt-ukrainer-als-kanonenfutter-und-foerdert-terror\/#primaryimage\",\"url\":\"https:\/\/now-news.de\/de\/wp-content\/uploads\/sites\/3\/2022\/12\/Liveticker-Ukraine-Krieg-\u2013-Putin-Westen-benutzt-Ukrainer-als-Kanonenfutter-und.jpg\",\"contentUrl\":\"https:\/\/now-news.de\/de\/wp-content\/uploads\/sites\/3\/2022\/12\/Liveticker-Ukraine-Krieg-\u2013-Putin-Westen-benutzt-Ukrainer-als-Kanonenfutter-und.jpg\",\"width\":460,\"height\":259,\"caption\":\"Liveticker Ukraine-Krieg \u2013 Putin: Westen benutzt Ukrainer als Kanonenfutter und f\u00f6rdert Terror\"},{\"@type\":\"BreadcrumbList\",\"@id\":\"https:\/\/now-news.de\/de\/deutschland\/liveticker-ukraine-krieg-putin-westen-benutzt-ukrainer-als-kanonenfutter-und-foerdert-terror\/#breadcrumb\",\"itemListElement\":[{\"@type\":\"ListItem\",\"position\":1,\"name\":\"Home\",\"item\":\"https:\/\/now-news.de\/de\/\"},{\"@type\":\"ListItem\",\"position\":2,\"name\":\"Liveticker Ukraine-Krieg \u2013 Putin: Westen benutzt Ukrainer als Kanonenfutter und f\u00f6rdert Terror\"}]},{\"@type\":\"WebSite\",\"@id\":\"https:\/\/now-news.de\/de\/#website\",\"url\":\"https:\/\/now-news.de\/de\/\",\"name\":\"just-now.NEWS Deutschland\",\"description\":\"Das Portal f\u00fcr unzensierte Nachrichten aus der Welt\",\"publisher\":{\"@id\":\"https:\/\/now-news.de\/de\/#organization\"},\"potentialAction\":[{\"@type\":\"SearchAction\",\"target\":{\"@type\":\"EntryPoint\",\"urlTemplate\":\"https:\/\/now-news.de\/de\/?s={search_term_string}\"},\"query-input\":\"required name=search_term_string\"}],\"inLanguage\":\"de\"},{\"@type\":\"Organization\",\"@id\":\"https:\/\/now-news.de\/de\/#organization\",\"name\":\"Just Now News\",\"url\":\"https:\/\/now-news.de\/de\/\",\"logo\":{\"@type\":\"ImageObject\",\"inLanguage\":\"de\",\"@id\":\"https:\/\/now-news.de\/de\/#\/schema\/logo\/image\/\",\"url\":\"http:\/\/just-now.news\/de\/wp-content\/uploads\/sites\/3\/2022\/04\/logo500x500.jpg\",\"contentUrl\":\"http:\/\/just-now.news\/de\/wp-content\/uploads\/sites\/3\/2022\/04\/logo500x500.jpg\",\"width\":500,\"height\":500,\"caption\":\"Just Now News\"},\"image\":{\"@id\":\"https:\/\/now-news.de\/de\/#\/schema\/logo\/image\/\"},\"sameAs\":[\"https:\/\/www.facebook.com\/wirmachenauf\",\"https:\/\/x.com\/WirMachenAuf_de\"]},{\"@type\":\"Person\",\"@id\":\"https:\/\/now-news.de\/de\/#\/schema\/person\/fb534a4e865501d8b3285208df34a9b5\",\"name\":\"rtnews\",\"image\":{\"@type\":\"ImageObject\",\"inLanguage\":\"de\",\"@id\":\"https:\/\/now-news.de\/de\/#\/schema\/person\/image\/\",\"url\":\"https:\/\/secure.gravatar.com\/avatar\/82aafea7d8127119dd649515f56e2117?s=96&d=mm&r=g\",\"contentUrl\":\"https:\/\/secure.gravatar.com\/avatar\/82aafea7d8127119dd649515f56e2117?s=96&d=mm&r=g\",\"caption\":\"rtnews\"},\"url\":\"https:\/\/now-news.de\/de\/author\/rnews\/\"}]}<\/script>\n<!-- \/ Yoast SEO Premium plugin. -->","yoast_head_json":{"title":"Liveticker Ukraine-Krieg \u2013 Putin: Westen benutzt Ukrainer als Kanonenfutter und f\u00f6rdert Terror - just-now.NEWS Deutschland","robots":{"index":"index","follow":"follow","max-snippet":"max-snippet:-1","max-image-preview":"max-image-preview:large","max-video-preview":"max-video-preview:-1"},"canonical":"https:\/\/now-news.de\/de\/deutschland\/liveticker-ukraine-krieg-putin-westen-benutzt-ukrainer-als-kanonenfutter-und-foerdert-terror\/","og_locale":"de_DE","og_type":"article","og_title":"Liveticker Ukraine-Krieg \u2013 Putin: Westen benutzt Ukrainer als Kanonenfutter und f\u00f6rdert Terror","og_description":"Russland f\u00fchrt gemeinsam mit den Streitkr\u00e4ften der Donbass-Republiken eine Milit\u00e4roperation in der Ukraine durch. Der Westen reagiert mit immer neuen Waffenlieferungen an die Ukraine und beispiellosen Sanktionen gegen Russland. Lesen Sie hier die neuesten Entwicklungen. 9.12.2022 11:16 Uhr 11:16 Uhr Putin: Westen f\u00f6rdert Terror im Donbass und benutzt Ukrainer als Kanonenfutter Der russische Pr\u00e4sident Wladimir [&hellip;]","og_url":"https:\/\/now-news.de\/de\/deutschland\/liveticker-ukraine-krieg-putin-westen-benutzt-ukrainer-als-kanonenfutter-und-foerdert-terror\/","og_site_name":"just-now.NEWS Deutschland","article_publisher":"https:\/\/www.facebook.com\/wirmachenauf","article_published_time":"2022-12-09T10:25:00+00:00","og_image":[{"width":460,"height":259,"url":"https:\/\/now-news.de\/de\/wp-content\/uploads\/sites\/3\/2022\/12\/Liveticker-Ukraine-Krieg-\u2013-Putin-Westen-benutzt-Ukrainer-als-Kanonenfutter-und.jpg","type":"image\/jpeg"}],"author":"rtnews","twitter_card":"summary_large_image","twitter_creator":"@WirMachenAuf_de","twitter_site":"@WirMachenAuf_de","twitter_misc":{"Verfasst von":"rtnews","Gesch\u00e4tzte Lesezeit":"8\u00a0Minuten"},"schema":{"@context":"https:\/\/schema.org","@graph":[{"@type":"Article","@id":"https:\/\/now-news.de\/de\/deutschland\/liveticker-ukraine-krieg-putin-westen-benutzt-ukrainer-als-kanonenfutter-und-foerdert-terror\/#article","isPartOf":{"@id":"https:\/\/now-news.de\/de\/deutschland\/liveticker-ukraine-krieg-putin-westen-benutzt-ukrainer-als-kanonenfutter-und-foerdert-terror\/"},"author":{"name":"rtnews","@id":"https:\/\/now-news.de\/de\/#\/schema\/person\/fb534a4e865501d8b3285208df34a9b5"},"headline":"Liveticker Ukraine-Krieg \u2013 Putin: Westen benutzt Ukrainer als Kanonenfutter und f\u00f6rdert Terror","datePublished":"2022-12-09T10:25:00+00:00","dateModified":"2022-12-09T10:25:00+00:00","mainEntityOfPage":{"@id":"https:\/\/now-news.de\/de\/deutschland\/liveticker-ukraine-krieg-putin-westen-benutzt-ukrainer-als-kanonenfutter-und-foerdert-terror\/"},"wordCount":1663,"commentCount":0,"publisher":{"@id":"https:\/\/now-news.de\/de\/#organization"},"image":{"@id":"https:\/\/now-news.de\/de\/deutschland\/liveticker-ukraine-krieg-putin-westen-benutzt-ukrainer-als-kanonenfutter-und-foerdert-terror\/#primaryimage"},"thumbnailUrl":"https:\/\/now-news.de\/de\/wp-content\/uploads\/sites\/3\/2022\/12\/Liveticker-Ukraine-Krieg-\u2013-Putin-Westen-benutzt-Ukrainer-als-Kanonenfutter-und.jpg","keywords":["als","benutzt","fordert","Kanonenfutter","Liveticker","putin","terror","UkraineKrieg","Ukrainer","und","Westen"],"articleSection":["Deutschland","Russland"],"inLanguage":"de","potentialAction":[{"@type":"CommentAction","name":"Comment","target":["https:\/\/now-news.de\/de\/deutschland\/liveticker-ukraine-krieg-putin-westen-benutzt-ukrainer-als-kanonenfutter-und-foerdert-terror\/#respond"]}]},{"@type":"WebPage","@id":"https:\/\/now-news.de\/de\/deutschland\/liveticker-ukraine-krieg-putin-westen-benutzt-ukrainer-als-kanonenfutter-und-foerdert-terror\/","url":"https:\/\/now-news.de\/de\/deutschland\/liveticker-ukraine-krieg-putin-westen-benutzt-ukrainer-als-kanonenfutter-und-foerdert-terror\/","name":"Liveticker Ukraine-Krieg \u2013 Putin: Westen benutzt Ukrainer als Kanonenfutter und f\u00f6rdert Terror - just-now.NEWS Deutschland","isPartOf":{"@id":"https:\/\/now-news.de\/de\/#website"},"primaryImageOfPage":{"@id":"https:\/\/now-news.de\/de\/deutschland\/liveticker-ukraine-krieg-putin-westen-benutzt-ukrainer-als-kanonenfutter-und-foerdert-terror\/#primaryimage"},"image":{"@id":"https:\/\/now-news.de\/de\/deutschland\/liveticker-ukraine-krieg-putin-westen-benutzt-ukrainer-als-kanonenfutter-und-foerdert-terror\/#primaryimage"},"thumbnailUrl":"https:\/\/now-news.de\/de\/wp-content\/uploads\/sites\/3\/2022\/12\/Liveticker-Ukraine-Krieg-\u2013-Putin-Westen-benutzt-Ukrainer-als-Kanonenfutter-und.jpg","datePublished":"2022-12-09T10:25:00+00:00","dateModified":"2022-12-09T10:25:00+00:00","breadcrumb":{"@id":"https:\/\/now-news.de\/de\/deutschland\/liveticker-ukraine-krieg-putin-westen-benutzt-ukrainer-als-kanonenfutter-und-foerdert-terror\/#breadcrumb"},"inLanguage":"de","potentialAction":[{"@type":"ReadAction","target":["https:\/\/now-news.de\/de\/deutschland\/liveticker-ukraine-krieg-putin-westen-benutzt-ukrainer-als-kanonenfutter-und-foerdert-terror\/"]}]},{"@type":"ImageObject","inLanguage":"de","@id":"https:\/\/now-news.de\/de\/deutschland\/liveticker-ukraine-krieg-putin-westen-benutzt-ukrainer-als-kanonenfutter-und-foerdert-terror\/#primaryimage","url":"https:\/\/now-news.de\/de\/wp-content\/uploads\/sites\/3\/2022\/12\/Liveticker-Ukraine-Krieg-\u2013-Putin-Westen-benutzt-Ukrainer-als-Kanonenfutter-und.jpg","contentUrl":"https:\/\/now-news.de\/de\/wp-content\/uploads\/sites\/3\/2022\/12\/Liveticker-Ukraine-Krieg-\u2013-Putin-Westen-benutzt-Ukrainer-als-Kanonenfutter-und.jpg","width":460,"height":259,"caption":"Liveticker Ukraine-Krieg \u2013 Putin: Westen benutzt Ukrainer als Kanonenfutter und f\u00f6rdert Terror"},{"@type":"BreadcrumbList","@id":"https:\/\/now-news.de\/de\/deutschland\/liveticker-ukraine-krieg-putin-westen-benutzt-ukrainer-als-kanonenfutter-und-foerdert-terror\/#breadcrumb","itemListElement":[{"@type":"ListItem","position":1,"name":"Home","item":"https:\/\/now-news.de\/de\/"},{"@type":"ListItem","position":2,"name":"Liveticker Ukraine-Krieg \u2013 Putin: Westen benutzt Ukrainer als Kanonenfutter und f\u00f6rdert Terror"}]},{"@type":"WebSite","@id":"https:\/\/now-news.de\/de\/#website","url":"https:\/\/now-news.de\/de\/","name":"just-now.NEWS Deutschland","description":"Das Portal f\u00fcr unzensierte Nachrichten aus der Welt","publisher":{"@id":"https:\/\/now-news.de\/de\/#organization"},"potentialAction":[{"@type":"SearchAction","target":{"@type":"EntryPoint","urlTemplate":"https:\/\/now-news.de\/de\/?s={search_term_string}"},"query-input":"required name=search_term_string"}],"inLanguage":"de"},{"@type":"Organization","@id":"https:\/\/now-news.de\/de\/#organization","name":"Just Now News","url":"https:\/\/now-news.de\/de\/","logo":{"@type":"ImageObject","inLanguage":"de","@id":"https:\/\/now-news.de\/de\/#\/schema\/logo\/image\/","url":"http:\/\/just-now.news\/de\/wp-content\/uploads\/sites\/3\/2022\/04\/logo500x500.jpg","contentUrl":"http:\/\/just-now.news\/de\/wp-content\/uploads\/sites\/3\/2022\/04\/logo500x500.jpg","width":500,"height":500,"caption":"Just Now News"},"image":{"@id":"https:\/\/now-news.de\/de\/#\/schema\/logo\/image\/"},"sameAs":["https:\/\/www.facebook.com\/wirmachenauf","https:\/\/x.com\/WirMachenAuf_de"]},{"@type":"Person","@id":"https:\/\/now-news.de\/de\/#\/schema\/person\/fb534a4e865501d8b3285208df34a9b5","name":"rtnews","image":{"@type":"ImageObject","inLanguage":"de","@id":"https:\/\/now-news.de\/de\/#\/schema\/person\/image\/","url":"https:\/\/secure.gravatar.com\/avatar\/82aafea7d8127119dd649515f56e2117?s=96&d=mm&r=g","contentUrl":"https:\/\/secure.gravatar.com\/avatar\/82aafea7d8127119dd649515f56e2117?s=96&d=mm&r=g","caption":"rtnews"},"url":"https:\/\/now-news.de\/de\/author\/rnews\/"}]}},"_links":{"self":[{"href":"https:\/\/now-news.de\/de\/wp-json\/wp\/v2\/posts\/25056"}],"collection":[{"href":"https:\/\/now-news.de\/de\/wp-json\/wp\/v2\/posts"}],"about":[{"href":"https:\/\/now-news.de\/de\/wp-json\/wp\/v2\/types\/post"}],"author":[{"embeddable":true,"href":"https:\/\/now-news.de\/de\/wp-json\/wp\/v2\/users\/3"}],"replies":[{"embeddable":true,"href":"https:\/\/now-news.de\/de\/wp-json\/wp\/v2\/comments?post=25056"}],"version-history":[{"count":0,"href":"https:\/\/now-news.de\/de\/wp-json\/wp\/v2\/posts\/25056\/revisions"}],"wp:featuredmedia":[{"embeddable":true,"href":"https:\/\/now-news.de\/de\/wp-json\/wp\/v2\/media\/25057"}],"wp:attachment":[{"href":"https:\/\/now-news.de\/de\/wp-json\/wp\/v2\/media?parent=25056"}],"wp:term":[{"taxonomy":"category","embeddable":true,"href":"https:\/\/now-news.de\/de\/wp-json\/wp\/v2\/categories?post=25056"},{"taxonomy":"post_tag","embeddable":true,"href":"https:\/\/now-news.de\/de\/wp-json\/wp\/v2\/tags?post=25056"}],"curies":[{"name":"wp","href":"https:\/\/api.w.org\/{rel}","templated":true}]}}