{"id":25044,"date":"2022-12-09T07:45:00","date_gmt":"2022-12-09T05:45:00","guid":{"rendered":"http:\/\/just-now.news\/de\/deutschland\/daniel-ellsberg-ich-hatte-die-daten-klagt-mich-an-wie-assange\/"},"modified":"2022-12-09T07:45:00","modified_gmt":"2022-12-09T05:45:00","slug":"daniel-ellsberg-ich-hatte-die-daten-klagt-mich-an-wie-assange","status":"publish","type":"post","link":"https:\/\/now-news.de\/de\/deutschland\/daniel-ellsberg-ich-hatte-die-daten-klagt-mich-an-wie-assange\/","title":{"rendered":"Daniel Ellsberg: &quot;Ich hatte die Daten  \u2013 Klagt mich an wie Assange&quot;"},"content":{"rendered":"<p><img decoding=\"async\" src=\"http:\/\/just-now.news\/de\/wp-content\/uploads\/sites\/3\/2022\/12\/6391ed9fb480cc6e58763580.jpg\" \/><\/p>\n<div class=\"Text-root Text-type_1 \">\n                Der bekannteste Whistleblower der US-Geschichte, Daniel Ellsberg, der einst die Pentagon-Papers \u00f6ffentlich machte, hat nun erkl\u00e4rt, er habe als Assanges Backup s\u00e4mtliche Daten von Chelsea Manning besessen. Jetzt m\u00f6ge man auch ihn anklagen.\n            <\/div>\n<p><\/p>\n<div class=\"Text-root Text-type_5 ArticleView-text ViewText-root \">\n<p>Julian Assange, der nach wie vor im britischen Hochsicherheitsgef\u00e4ngnis Belmarsh auf seine Auslieferung in die USA wartet und versucht, sie mithilfe des Europ\u00e4ischen Gerichtshofs f\u00fcr Menschenrechte aufzuhalten, erhielt jetzt Unterst\u00fctzung vom ber\u00fchmtesten Whistleblower der US-Geschichte.<\/p>\n<p>Daniel Ellsberg, der einst f\u00fcr die Ver\u00f6ffentlichung der Pentagon-Papers sorgte, <a rel=\"nofollow noopener\" target=\"_blank\" href=\"https:\/\/www.bbc.com\/news\/av\/world-us-canada-63832899\">erkl\u00e4rte<\/a> in einem Interview mit der BBC, dass er die kompletten Daten besessen habe, die Chelsea Manning an Julian Assange geschickt hatte. Er sei das Backup gewesen, falls Assange vor der Ver\u00f6ffentlichung festgenommen worden w\u00e4re. Er habe sich dadurch, dass er in Besitz der Informationen gewesen sei und sie nicht den zust\u00e4ndigen Beh\u00f6rden \u00fcbergeben habe, ebenso strafbar gemacht wie Assange, wenn denn die Anwendung des Espionage Acts of 1917 verfassungsgem\u00e4\u00df w\u00e4re.<\/p>\n<p>Ellsberg hatte im Jahr 1967 f\u00fcr einige Monate an der Erstellung einer historischen Darstellung der Verwicklung der USA in den Vietnamkrieg mitgearbeitet, die im Auftrag des damaligen US-Verteidigungsministers McNamara erstellt wurde. Zwei Jahre sp\u00e4ter war er f\u00fcr die RAND-Corporation t\u00e4tig und erhielt dort Zugang zum fertigen Dokument. Inzwischen zu einem Gegner des Vietnamkriegs geworden, fotokopierte er die Studie zusammen mit einem Freund im Oktober 1969. Zwei Jahre lang versuchte er, Politiker auf die Probleme aufmerksam zu machen, die in diesen Dokumenten sichtbar geworden waren, wie Eins\u00e4tze von US-Einheiten auf Gehei\u00df des Pr\u00e4sidenten ohne Zustimmung des Kongresses. Entscheidungen, die die Vereinigten Staaten immer tiefer in den Krieg in Vietnam involviert hatten.<\/p>\n<p>Im Jahr 1971 schlie\u00dflich ver\u00f6ffentlichte die <em>New York Times<\/em> die ersten Ausz\u00fcge aus diesen Papieren. Zwei Wochen danach wurde ein Teil der Dokumente von einem US-Senator in einen Kongressausschuss eingebracht und damit \u00f6ffentlich gemacht. Dennoch wurde das <a rel=\"nofollow noopener\" target=\"_blank\" href=\"https:\/\/www.archives.gov\/research\/pentagon-papers\/\">ganze<\/a> Kompendium erst im Jahr 2011 vollst\u00e4ndig freigegeben. Zuletzt f\u00fchrte das Nationalarchiv noch Auseinandersetzungen mit den US-Geheimdiensten \u00fcber die Streichung von elf W\u00f6rtern in den insgesamt 7.000 Seiten umfassenden Akten.<\/p>\n<p>Die Regierung unter Nixon hatte versucht, die Ver\u00f6ffentlichung in der <em>New York Times<\/em> unter Bezug auf den Espionage Act von 1917 zu unterbinden. W\u00e4hrend das Verfahren gegen die <em>New York Times<\/em> noch lief, ver\u00f6ffentlichten immer andere Zeitungen weitere Teile. Die erste Ver\u00f6ffentlichung war am 13. Juni; die Entscheidung des Supreme Court fiel mit 6:3 Stimmen bereits am 30. Juni und gestattete die Ver\u00f6ffentlichung.<\/p>\n<p>Ellsberg selbst wurde in Los Angeles wegen Diebstahls und Besitzes geheimer Dokumente verurteilt, das Urteil wurde im Mai 1973 aber von einem Bundesrichter wegen Verfahrensfehlern aufgehoben. Dieses Verfahren und eines gegen zwei <a rel=\"nofollow noopener\" target=\"_blank\" href=\"https:\/\/www.aipac.org\/\">AIPAC<\/a>-Lobbyisten im Jahr 2005 waren die <a rel=\"nofollow noopener\" target=\"_blank\" href=\"https:\/\/www.mtsu.edu\/first-amendment\/article\/1045\/espionage-act-of-1917\">einzigen<\/a> F\u00e4lle, in denen der Espionage Act jemals gegen Journalisten zur Anwendung kam.<\/p>\n<p>Der Tweet des mittlerweile 91-J\u00e4hrigen belegt, dass er sich genau dessen bewusst ist, welche Folgen seine \u00c4u\u00dferungen in dem Interview haben k\u00f6nnten:<\/p>\n<div class=\"EmbedBlock-root EmbedBlock-twitter\">\n<div class=\"TwitterEmbed\">\n<blockquote class=\"twitter-tweet lazyload\" data-twitter=\"twitter-tweet\">\n<p lang=\"en\" dir=\"ltr\">To <a rel=\"nofollow noopener\" target=\"_blank\" href=\"https:\/\/twitter.com\/POTUS?ref_src=twsrc%5Etfw\">@POTUS<\/a> and <a rel=\"nofollow noopener\" target=\"_blank\" href=\"https:\/\/twitter.com\/TheJusticeDept?ref_src=twsrc%5Etfw\">@TheJusticeDept<\/a>: Stop the extradition of Assange. I am as indictable as he is on the exact same charges. I will plead &#8220;not guilty&#8221; on grounds of your blatantly unconstitutional use of the Espionage Act. Let&#8217;s take this to the Supreme Court. <a rel=\"nofollow noopener\" target=\"_blank\" href=\"https:\/\/t.co\/odm2gd6Ci1\">https:\/\/t.co\/odm2gd6Ci1<\/a><\/p>\n<p>\u2014 Daniel Ellsberg (@DanielEllsberg) <a rel=\"nofollow noopener\" target=\"_blank\" href=\"https:\/\/twitter.com\/DanielEllsberg\/status\/1600262331698536448?ref_src=twsrc%5Etfw\">December 6, 2022<\/a><\/p><\/blockquote>\n<\/div>\n<\/div>\n<blockquote>\n<p><em>&#8220;An den Pr\u00e4sidenten der Vereinigten Staaten und das Justizministerium: Stoppt die Auslieferung von Julian Assange. Ich bin auf Grundlage derselben Anklagepunkte ebenso strafrechtlich verfolgbar wie er. Ich werde auf &#8220;nicht schuldig&#8221; bekennen, auf Grundlage ihrer offenkundig verfassungswidrigen Verwendung des Espionage Act. Bringen wir das vor den Supreme Court.&#8221;<\/em><\/p>\n<\/blockquote>\n<p>Die Ver\u00f6ffentlichung der Pentagon-Papers hat die Gesellschaft der Vereinigten Staaten weitaus st\u00e4rker ersch\u00fcttert, als dies die Ver\u00f6ffentlichungen von Assange taten. Die Watergate-Aff\u00e4re, die zum Sturz des US-Pr\u00e4sidenten Nixon f\u00fchrte, war unmittelbar damit verkn\u00fcpft, ebenso wie die Tatsache, dass der Krieg in Vietnam letztlich nicht mehr fortgef\u00fchrt werden konnte. Heute w\u00fcrden sich aber keine f\u00fcnfzehn Zeitungen mehr finden, die das Risiko einer solchen Ver\u00f6ffentlichung eingehen w\u00fcrden, wie das bei den Pentagon-Papers der Fall war.<\/p>\n<p>Ellsberg erinnert mit seiner Aussage, die rechtlich gesehen einer Selbstanzeige gleichkommt, an die gro\u00dfen Auseinandersetzungen, die in der Vergangenheit um das im ersten Verfassungszusatz festgelegte Recht der Meinungsfreiheit gef\u00fchrt wurden.<\/p>\n<p><strong>Mehr zum Thema<\/strong> &#8211; <a rel=\"nofollow noopener\" target=\"_blank\" href=\"https:\/\/pressefreiheit.rtde.tech\/kurzclips\/video\/152115-abgeordnete-fordern-freilassung-von-assange\/\">&#8220;Die Regierung muss t\u00e4tig werden!&#8221; \u2013 Abgeordnete fordern Freilassung von Julian Assange<\/a><\/p>\n<\/p>\n<\/div>\n<p><script async src=\"https:\/\/platform.twitter.com\/widgets.js\" charset=\"utf-8\"><\/script><br \/>\n<br \/><br \/>\n<br \/><a href=\"https:\/\/de.rt.com\/nordamerika\/156708-daniel-ellsberg-ich-hatte-daten\/\">Source link <\/a><\/p>\n","protected":false},"excerpt":{"rendered":"<p>Der bekannteste Whistleblower der US-Geschichte, Daniel Ellsberg, der einst die Pentagon-Papers \u00f6ffentlich machte, hat nun erkl\u00e4rt, er habe als Assanges Backup s\u00e4mtliche Daten von Chelsea Manning besessen. Jetzt m\u00f6ge man auch ihn anklagen. Julian Assange, der nach wie vor im britischen Hochsicherheitsgef\u00e4ngnis Belmarsh auf seine Auslieferung in die USA wartet und versucht, sie mithilfe des [&hellip;]<\/p>\n","protected":false},"author":3,"featured_media":25045,"comment_status":"open","ping_status":"open","sticky":false,"template":"","format":"standard","meta":{"_yoast_indexnow_last_ping":["1670565708"],"wp_automatic_camp":["217"],"9b947e808965e98cbe59a3d13607e1a6":["Daniel Ellsberg: &quot;Ich hatte die Daten  \u2013 Klagt mich an wie Assange&quot;"],"original_link":["https:\/\/de.rt.com\/nordamerika\/156708-daniel-ellsberg-ich-hatte-daten\/"],"_thumbnail_id":["25045"],"_wptgpro_p2tg_sent2tg":["a:1:{i:23737;s:19:\"2022-12-09 08:02:58\";}"],"jnews_social_counter_last_update":["1777323049"]},"categories":[19,23],"tags":[37231,2647,7633,45,37230,5373,19654,3568,7155,579],"yoast_head":"<!-- This site is optimized with the Yoast SEO Premium plugin v22.7 (Yoast SEO v22.7) - https:\/\/yoast.com\/wordpress\/plugins\/seo\/ -->\n<title>Daniel Ellsberg: &quot;Ich hatte die Daten \u2013 Klagt mich an wie Assange&quot; - just-now.NEWS Deutschland<\/title>\n<meta name=\"robots\" content=\"index, follow, max-snippet:-1, max-image-preview:large, max-video-preview:-1\" \/>\n<link rel=\"canonical\" href=\"https:\/\/now-news.de\/de\/deutschland\/daniel-ellsberg-ich-hatte-die-daten-klagt-mich-an-wie-assange\/\" \/>\n<meta property=\"og:locale\" content=\"de_DE\" \/>\n<meta property=\"og:type\" content=\"article\" \/>\n<meta property=\"og:title\" content=\"Daniel Ellsberg: &quot;Ich hatte die Daten \u2013 Klagt mich an wie Assange&quot;\" \/>\n<meta property=\"og:description\" content=\"Der bekannteste Whistleblower der US-Geschichte, Daniel Ellsberg, der einst die Pentagon-Papers \u00f6ffentlich machte, hat nun erkl\u00e4rt, er habe als Assanges Backup s\u00e4mtliche Daten von Chelsea Manning besessen. Jetzt m\u00f6ge man auch ihn anklagen. Julian Assange, der nach wie vor im britischen Hochsicherheitsgef\u00e4ngnis Belmarsh auf seine Auslieferung in die USA wartet und versucht, sie mithilfe des [&hellip;]\" \/>\n<meta property=\"og:url\" content=\"https:\/\/now-news.de\/de\/deutschland\/daniel-ellsberg-ich-hatte-die-daten-klagt-mich-an-wie-assange\/\" \/>\n<meta property=\"og:site_name\" content=\"just-now.NEWS Deutschland\" \/>\n<meta property=\"article:publisher\" content=\"https:\/\/www.facebook.com\/wirmachenauf\" \/>\n<meta property=\"article:published_time\" content=\"2022-12-09T05:45:00+00:00\" \/>\n<meta property=\"og:image\" content=\"https:\/\/now-news.de\/de\/wp-content\/uploads\/sites\/3\/2022\/12\/Daniel-Ellsberg-quotIch-hatte-die-Daten-\u2013-Klagt-mich-an.jpg\" \/>\n\t<meta property=\"og:image:width\" content=\"460\" \/>\n\t<meta property=\"og:image:height\" content=\"259\" \/>\n\t<meta property=\"og:image:type\" content=\"image\/jpeg\" \/>\n<meta name=\"author\" content=\"rtnews\" \/>\n<meta name=\"twitter:card\" content=\"summary_large_image\" \/>\n<meta name=\"twitter:creator\" content=\"@WirMachenAuf_de\" \/>\n<meta name=\"twitter:site\" content=\"@WirMachenAuf_de\" \/>\n<meta name=\"twitter:label1\" content=\"Verfasst von\" \/>\n\t<meta name=\"twitter:data1\" content=\"rtnews\" \/>\n\t<meta name=\"twitter:label2\" content=\"Gesch\u00e4tzte Lesezeit\" \/>\n\t<meta name=\"twitter:data2\" content=\"4\u00a0Minuten\" \/>\n<script type=\"application\/ld+json\" class=\"yoast-schema-graph\">{\"@context\":\"https:\/\/schema.org\",\"@graph\":[{\"@type\":\"Article\",\"@id\":\"https:\/\/now-news.de\/de\/deutschland\/daniel-ellsberg-ich-hatte-die-daten-klagt-mich-an-wie-assange\/#article\",\"isPartOf\":{\"@id\":\"https:\/\/now-news.de\/de\/deutschland\/daniel-ellsberg-ich-hatte-die-daten-klagt-mich-an-wie-assange\/\"},\"author\":{\"name\":\"rtnews\",\"@id\":\"https:\/\/now-news.de\/de\/#\/schema\/person\/fb534a4e865501d8b3285208df34a9b5\"},\"headline\":\"Daniel Ellsberg: &quot;Ich hatte die Daten \u2013 Klagt mich an wie Assange&quot;\",\"datePublished\":\"2022-12-09T05:45:00+00:00\",\"dateModified\":\"2022-12-09T05:45:00+00:00\",\"mainEntityOfPage\":{\"@id\":\"https:\/\/now-news.de\/de\/deutschland\/daniel-ellsberg-ich-hatte-die-daten-klagt-mich-an-wie-assange\/\"},\"wordCount\":741,\"commentCount\":0,\"publisher\":{\"@id\":\"https:\/\/now-news.de\/de\/#organization\"},\"image\":{\"@id\":\"https:\/\/now-news.de\/de\/deutschland\/daniel-ellsberg-ich-hatte-die-daten-klagt-mich-an-wie-assange\/#primaryimage\"},\"thumbnailUrl\":\"https:\/\/now-news.de\/de\/wp-content\/uploads\/sites\/3\/2022\/12\/Daniel-Ellsberg-quotIch-hatte-die-Daten-\u2013-Klagt-mich-an.jpg\",\"keywords\":[\"Assangequot\",\"daniel\",\"Daten\",\"die\",\"Ellsberg\",\"h\u00e4tte\",\"klagt\",\"mich\",\"quotIch\",\"Wie\"],\"articleSection\":[\"Deutschland\",\"Russland\"],\"inLanguage\":\"de\",\"potentialAction\":[{\"@type\":\"CommentAction\",\"name\":\"Comment\",\"target\":[\"https:\/\/now-news.de\/de\/deutschland\/daniel-ellsberg-ich-hatte-die-daten-klagt-mich-an-wie-assange\/#respond\"]}]},{\"@type\":\"WebPage\",\"@id\":\"https:\/\/now-news.de\/de\/deutschland\/daniel-ellsberg-ich-hatte-die-daten-klagt-mich-an-wie-assange\/\",\"url\":\"https:\/\/now-news.de\/de\/deutschland\/daniel-ellsberg-ich-hatte-die-daten-klagt-mich-an-wie-assange\/\",\"name\":\"Daniel Ellsberg: &quot;Ich hatte die Daten \u2013 Klagt mich an wie Assange&quot; - just-now.NEWS Deutschland\",\"isPartOf\":{\"@id\":\"https:\/\/now-news.de\/de\/#website\"},\"primaryImageOfPage\":{\"@id\":\"https:\/\/now-news.de\/de\/deutschland\/daniel-ellsberg-ich-hatte-die-daten-klagt-mich-an-wie-assange\/#primaryimage\"},\"image\":{\"@id\":\"https:\/\/now-news.de\/de\/deutschland\/daniel-ellsberg-ich-hatte-die-daten-klagt-mich-an-wie-assange\/#primaryimage\"},\"thumbnailUrl\":\"https:\/\/now-news.de\/de\/wp-content\/uploads\/sites\/3\/2022\/12\/Daniel-Ellsberg-quotIch-hatte-die-Daten-\u2013-Klagt-mich-an.jpg\",\"datePublished\":\"2022-12-09T05:45:00+00:00\",\"dateModified\":\"2022-12-09T05:45:00+00:00\",\"breadcrumb\":{\"@id\":\"https:\/\/now-news.de\/de\/deutschland\/daniel-ellsberg-ich-hatte-die-daten-klagt-mich-an-wie-assange\/#breadcrumb\"},\"inLanguage\":\"de\",\"potentialAction\":[{\"@type\":\"ReadAction\",\"target\":[\"https:\/\/now-news.de\/de\/deutschland\/daniel-ellsberg-ich-hatte-die-daten-klagt-mich-an-wie-assange\/\"]}]},{\"@type\":\"ImageObject\",\"inLanguage\":\"de\",\"@id\":\"https:\/\/now-news.de\/de\/deutschland\/daniel-ellsberg-ich-hatte-die-daten-klagt-mich-an-wie-assange\/#primaryimage\",\"url\":\"https:\/\/now-news.de\/de\/wp-content\/uploads\/sites\/3\/2022\/12\/Daniel-Ellsberg-quotIch-hatte-die-Daten-\u2013-Klagt-mich-an.jpg\",\"contentUrl\":\"https:\/\/now-news.de\/de\/wp-content\/uploads\/sites\/3\/2022\/12\/Daniel-Ellsberg-quotIch-hatte-die-Daten-\u2013-Klagt-mich-an.jpg\",\"width\":460,\"height\":259,\"caption\":\"Daniel Ellsberg: &quot;Ich hatte die Daten \u2013 Klagt mich an wie Assange&quot;\"},{\"@type\":\"BreadcrumbList\",\"@id\":\"https:\/\/now-news.de\/de\/deutschland\/daniel-ellsberg-ich-hatte-die-daten-klagt-mich-an-wie-assange\/#breadcrumb\",\"itemListElement\":[{\"@type\":\"ListItem\",\"position\":1,\"name\":\"Home\",\"item\":\"https:\/\/now-news.de\/de\/\"},{\"@type\":\"ListItem\",\"position\":2,\"name\":\"Daniel Ellsberg: &quot;Ich hatte die Daten \u2013 Klagt mich an wie Assange&quot;\"}]},{\"@type\":\"WebSite\",\"@id\":\"https:\/\/now-news.de\/de\/#website\",\"url\":\"https:\/\/now-news.de\/de\/\",\"name\":\"just-now.NEWS Deutschland\",\"description\":\"Das Portal f\u00fcr unzensierte Nachrichten aus der Welt\",\"publisher\":{\"@id\":\"https:\/\/now-news.de\/de\/#organization\"},\"potentialAction\":[{\"@type\":\"SearchAction\",\"target\":{\"@type\":\"EntryPoint\",\"urlTemplate\":\"https:\/\/now-news.de\/de\/?s={search_term_string}\"},\"query-input\":\"required name=search_term_string\"}],\"inLanguage\":\"de\"},{\"@type\":\"Organization\",\"@id\":\"https:\/\/now-news.de\/de\/#organization\",\"name\":\"Just Now News\",\"url\":\"https:\/\/now-news.de\/de\/\",\"logo\":{\"@type\":\"ImageObject\",\"inLanguage\":\"de\",\"@id\":\"https:\/\/now-news.de\/de\/#\/schema\/logo\/image\/\",\"url\":\"http:\/\/just-now.news\/de\/wp-content\/uploads\/sites\/3\/2022\/04\/logo500x500.jpg\",\"contentUrl\":\"http:\/\/just-now.news\/de\/wp-content\/uploads\/sites\/3\/2022\/04\/logo500x500.jpg\",\"width\":500,\"height\":500,\"caption\":\"Just Now News\"},\"image\":{\"@id\":\"https:\/\/now-news.de\/de\/#\/schema\/logo\/image\/\"},\"sameAs\":[\"https:\/\/www.facebook.com\/wirmachenauf\",\"https:\/\/x.com\/WirMachenAuf_de\"]},{\"@type\":\"Person\",\"@id\":\"https:\/\/now-news.de\/de\/#\/schema\/person\/fb534a4e865501d8b3285208df34a9b5\",\"name\":\"rtnews\",\"image\":{\"@type\":\"ImageObject\",\"inLanguage\":\"de\",\"@id\":\"https:\/\/now-news.de\/de\/#\/schema\/person\/image\/\",\"url\":\"https:\/\/secure.gravatar.com\/avatar\/82aafea7d8127119dd649515f56e2117?s=96&d=mm&r=g\",\"contentUrl\":\"https:\/\/secure.gravatar.com\/avatar\/82aafea7d8127119dd649515f56e2117?s=96&d=mm&r=g\",\"caption\":\"rtnews\"},\"url\":\"https:\/\/now-news.de\/de\/author\/rnews\/\"}]}<\/script>\n<!-- \/ Yoast SEO Premium plugin. -->","yoast_head_json":{"title":"Daniel Ellsberg: &quot;Ich hatte die Daten \u2013 Klagt mich an wie Assange&quot; - just-now.NEWS Deutschland","robots":{"index":"index","follow":"follow","max-snippet":"max-snippet:-1","max-image-preview":"max-image-preview:large","max-video-preview":"max-video-preview:-1"},"canonical":"https:\/\/now-news.de\/de\/deutschland\/daniel-ellsberg-ich-hatte-die-daten-klagt-mich-an-wie-assange\/","og_locale":"de_DE","og_type":"article","og_title":"Daniel Ellsberg: &quot;Ich hatte die Daten \u2013 Klagt mich an wie Assange&quot;","og_description":"Der bekannteste Whistleblower der US-Geschichte, Daniel Ellsberg, der einst die Pentagon-Papers \u00f6ffentlich machte, hat nun erkl\u00e4rt, er habe als Assanges Backup s\u00e4mtliche Daten von Chelsea Manning besessen. Jetzt m\u00f6ge man auch ihn anklagen. Julian Assange, der nach wie vor im britischen Hochsicherheitsgef\u00e4ngnis Belmarsh auf seine Auslieferung in die USA wartet und versucht, sie mithilfe des [&hellip;]","og_url":"https:\/\/now-news.de\/de\/deutschland\/daniel-ellsberg-ich-hatte-die-daten-klagt-mich-an-wie-assange\/","og_site_name":"just-now.NEWS Deutschland","article_publisher":"https:\/\/www.facebook.com\/wirmachenauf","article_published_time":"2022-12-09T05:45:00+00:00","og_image":[{"width":460,"height":259,"url":"https:\/\/now-news.de\/de\/wp-content\/uploads\/sites\/3\/2022\/12\/Daniel-Ellsberg-quotIch-hatte-die-Daten-\u2013-Klagt-mich-an.jpg","type":"image\/jpeg"}],"author":"rtnews","twitter_card":"summary_large_image","twitter_creator":"@WirMachenAuf_de","twitter_site":"@WirMachenAuf_de","twitter_misc":{"Verfasst von":"rtnews","Gesch\u00e4tzte Lesezeit":"4\u00a0Minuten"},"schema":{"@context":"https:\/\/schema.org","@graph":[{"@type":"Article","@id":"https:\/\/now-news.de\/de\/deutschland\/daniel-ellsberg-ich-hatte-die-daten-klagt-mich-an-wie-assange\/#article","isPartOf":{"@id":"https:\/\/now-news.de\/de\/deutschland\/daniel-ellsberg-ich-hatte-die-daten-klagt-mich-an-wie-assange\/"},"author":{"name":"rtnews","@id":"https:\/\/now-news.de\/de\/#\/schema\/person\/fb534a4e865501d8b3285208df34a9b5"},"headline":"Daniel Ellsberg: &quot;Ich hatte die Daten \u2013 Klagt mich an wie Assange&quot;","datePublished":"2022-12-09T05:45:00+00:00","dateModified":"2022-12-09T05:45:00+00:00","mainEntityOfPage":{"@id":"https:\/\/now-news.de\/de\/deutschland\/daniel-ellsberg-ich-hatte-die-daten-klagt-mich-an-wie-assange\/"},"wordCount":741,"commentCount":0,"publisher":{"@id":"https:\/\/now-news.de\/de\/#organization"},"image":{"@id":"https:\/\/now-news.de\/de\/deutschland\/daniel-ellsberg-ich-hatte-die-daten-klagt-mich-an-wie-assange\/#primaryimage"},"thumbnailUrl":"https:\/\/now-news.de\/de\/wp-content\/uploads\/sites\/3\/2022\/12\/Daniel-Ellsberg-quotIch-hatte-die-Daten-\u2013-Klagt-mich-an.jpg","keywords":["Assangequot","daniel","Daten","die","Ellsberg","h\u00e4tte","klagt","mich","quotIch","Wie"],"articleSection":["Deutschland","Russland"],"inLanguage":"de","potentialAction":[{"@type":"CommentAction","name":"Comment","target":["https:\/\/now-news.de\/de\/deutschland\/daniel-ellsberg-ich-hatte-die-daten-klagt-mich-an-wie-assange\/#respond"]}]},{"@type":"WebPage","@id":"https:\/\/now-news.de\/de\/deutschland\/daniel-ellsberg-ich-hatte-die-daten-klagt-mich-an-wie-assange\/","url":"https:\/\/now-news.de\/de\/deutschland\/daniel-ellsberg-ich-hatte-die-daten-klagt-mich-an-wie-assange\/","name":"Daniel Ellsberg: &quot;Ich hatte die Daten \u2013 Klagt mich an wie Assange&quot; - just-now.NEWS Deutschland","isPartOf":{"@id":"https:\/\/now-news.de\/de\/#website"},"primaryImageOfPage":{"@id":"https:\/\/now-news.de\/de\/deutschland\/daniel-ellsberg-ich-hatte-die-daten-klagt-mich-an-wie-assange\/#primaryimage"},"image":{"@id":"https:\/\/now-news.de\/de\/deutschland\/daniel-ellsberg-ich-hatte-die-daten-klagt-mich-an-wie-assange\/#primaryimage"},"thumbnailUrl":"https:\/\/now-news.de\/de\/wp-content\/uploads\/sites\/3\/2022\/12\/Daniel-Ellsberg-quotIch-hatte-die-Daten-\u2013-Klagt-mich-an.jpg","datePublished":"2022-12-09T05:45:00+00:00","dateModified":"2022-12-09T05:45:00+00:00","breadcrumb":{"@id":"https:\/\/now-news.de\/de\/deutschland\/daniel-ellsberg-ich-hatte-die-daten-klagt-mich-an-wie-assange\/#breadcrumb"},"inLanguage":"de","potentialAction":[{"@type":"ReadAction","target":["https:\/\/now-news.de\/de\/deutschland\/daniel-ellsberg-ich-hatte-die-daten-klagt-mich-an-wie-assange\/"]}]},{"@type":"ImageObject","inLanguage":"de","@id":"https:\/\/now-news.de\/de\/deutschland\/daniel-ellsberg-ich-hatte-die-daten-klagt-mich-an-wie-assange\/#primaryimage","url":"https:\/\/now-news.de\/de\/wp-content\/uploads\/sites\/3\/2022\/12\/Daniel-Ellsberg-quotIch-hatte-die-Daten-\u2013-Klagt-mich-an.jpg","contentUrl":"https:\/\/now-news.de\/de\/wp-content\/uploads\/sites\/3\/2022\/12\/Daniel-Ellsberg-quotIch-hatte-die-Daten-\u2013-Klagt-mich-an.jpg","width":460,"height":259,"caption":"Daniel Ellsberg: &quot;Ich hatte die Daten \u2013 Klagt mich an wie Assange&quot;"},{"@type":"BreadcrumbList","@id":"https:\/\/now-news.de\/de\/deutschland\/daniel-ellsberg-ich-hatte-die-daten-klagt-mich-an-wie-assange\/#breadcrumb","itemListElement":[{"@type":"ListItem","position":1,"name":"Home","item":"https:\/\/now-news.de\/de\/"},{"@type":"ListItem","position":2,"name":"Daniel Ellsberg: &quot;Ich hatte die Daten \u2013 Klagt mich an wie Assange&quot;"}]},{"@type":"WebSite","@id":"https:\/\/now-news.de\/de\/#website","url":"https:\/\/now-news.de\/de\/","name":"just-now.NEWS Deutschland","description":"Das Portal f\u00fcr unzensierte Nachrichten aus der Welt","publisher":{"@id":"https:\/\/now-news.de\/de\/#organization"},"potentialAction":[{"@type":"SearchAction","target":{"@type":"EntryPoint","urlTemplate":"https:\/\/now-news.de\/de\/?s={search_term_string}"},"query-input":"required name=search_term_string"}],"inLanguage":"de"},{"@type":"Organization","@id":"https:\/\/now-news.de\/de\/#organization","name":"Just Now News","url":"https:\/\/now-news.de\/de\/","logo":{"@type":"ImageObject","inLanguage":"de","@id":"https:\/\/now-news.de\/de\/#\/schema\/logo\/image\/","url":"http:\/\/just-now.news\/de\/wp-content\/uploads\/sites\/3\/2022\/04\/logo500x500.jpg","contentUrl":"http:\/\/just-now.news\/de\/wp-content\/uploads\/sites\/3\/2022\/04\/logo500x500.jpg","width":500,"height":500,"caption":"Just Now News"},"image":{"@id":"https:\/\/now-news.de\/de\/#\/schema\/logo\/image\/"},"sameAs":["https:\/\/www.facebook.com\/wirmachenauf","https:\/\/x.com\/WirMachenAuf_de"]},{"@type":"Person","@id":"https:\/\/now-news.de\/de\/#\/schema\/person\/fb534a4e865501d8b3285208df34a9b5","name":"rtnews","image":{"@type":"ImageObject","inLanguage":"de","@id":"https:\/\/now-news.de\/de\/#\/schema\/person\/image\/","url":"https:\/\/secure.gravatar.com\/avatar\/82aafea7d8127119dd649515f56e2117?s=96&d=mm&r=g","contentUrl":"https:\/\/secure.gravatar.com\/avatar\/82aafea7d8127119dd649515f56e2117?s=96&d=mm&r=g","caption":"rtnews"},"url":"https:\/\/now-news.de\/de\/author\/rnews\/"}]}},"_links":{"self":[{"href":"https:\/\/now-news.de\/de\/wp-json\/wp\/v2\/posts\/25044"}],"collection":[{"href":"https:\/\/now-news.de\/de\/wp-json\/wp\/v2\/posts"}],"about":[{"href":"https:\/\/now-news.de\/de\/wp-json\/wp\/v2\/types\/post"}],"author":[{"embeddable":true,"href":"https:\/\/now-news.de\/de\/wp-json\/wp\/v2\/users\/3"}],"replies":[{"embeddable":true,"href":"https:\/\/now-news.de\/de\/wp-json\/wp\/v2\/comments?post=25044"}],"version-history":[{"count":0,"href":"https:\/\/now-news.de\/de\/wp-json\/wp\/v2\/posts\/25044\/revisions"}],"wp:featuredmedia":[{"embeddable":true,"href":"https:\/\/now-news.de\/de\/wp-json\/wp\/v2\/media\/25045"}],"wp:attachment":[{"href":"https:\/\/now-news.de\/de\/wp-json\/wp\/v2\/media?parent=25044"}],"wp:term":[{"taxonomy":"category","embeddable":true,"href":"https:\/\/now-news.de\/de\/wp-json\/wp\/v2\/categories?post=25044"},{"taxonomy":"post_tag","embeddable":true,"href":"https:\/\/now-news.de\/de\/wp-json\/wp\/v2\/tags?post=25044"}],"curies":[{"name":"wp","href":"https:\/\/api.w.org\/{rel}","templated":true}]}}