{"id":25019,"date":"2022-12-08T20:51:19","date_gmt":"2022-12-08T18:51:19","guid":{"rendered":"https:\/\/just-now.news\/de\/deutschland\/wichtiger-grund-fuer-die-krise-kinderarzt-gegen-maskenpflicht-fuer-kinder\/"},"modified":"2022-12-08T20:51:19","modified_gmt":"2022-12-08T18:51:19","slug":"wichtiger-grund-fuer-die-krise-kinderarzt-gegen-maskenpflicht-fuer-kinder","status":"publish","type":"post","link":"https:\/\/now-news.de\/de\/deutschland\/wichtiger-grund-fuer-die-krise-kinderarzt-gegen-maskenpflicht-fuer-kinder\/","title":{"rendered":"&quot;Wichtiger Grund f\u00fcr die Krise&quot;: Kinderarzt gegen Maskenpflicht f\u00fcr Kinder"},"content":{"rendered":"<p><img decoding=\"async\" src=\"http:\/\/just-now.news\/de\/wp-content\/uploads\/sites\/3\/2022\/12\/6391b818b480cc2e2e093e17.jpg\" \/><\/p>\n<div class=\"Text-root Text-type_1 \">\n                Derzeit rollt eine Welle der Atemwegserkrankungen bei Kindern durch Deutschland. Sowohl die Arztpraxen als auch die Kinderkliniken sind voll mit kleinen Patienten. Der Pr\u00e4sident des Berufsverbandes der Kinder- und Jugend\u00e4rzte sieht in der Maskenpflicht eine der Ursachen f\u00fcr die Krise.\n            <\/div>\n<p><\/p>\n<div class=\"Text-root Text-type_5 ArticleView-text ViewText-root \">\n<p>\u00dcberf\u00fcllte Wartezimmer in den Kinderarztpraxen,\u00a0Alarm von\u00a0Notfallmedizinern von Kinderstationen wegen \u00dcberf\u00fcllung: Deutschland erlebt gerade einen enormen Anstieg an Atemwegserkrankungen bei den kleinsten Patienten. Und Thomas Fischbach,\u00a0Pr\u00e4sident des Berufsverbandes der Kinder- und Jugend\u00e4rzte (BVKJ), sieht die Spitze der Infektionswelle noch nicht erreicht. Gegen\u00fcber der <em>Neuen Osnabr\u00fccker Zeitung\u00a0<\/em>erkl\u00e4rte der Mediziner, dass &#8220;normalerweise&#8221; erst Anfang Dezember die Erk\u00e4ltungssaison beginnt. Zugleich lehnte der Kinderarzt vehement die Forderung nach einer R\u00fcckkehr\u00a0zur Maskenpflicht bei den Kleinsten ab. So sagte er der Zeitung:\u00a0<\/p>\n<blockquote>\n<p><em>&#8220;Der Schrei nach Masken ist der \u00fcbliche Reflex der Politik. Dabei ist die Maskenpflicht der zur\u00fcckliegenden zwei Jahre ja ein wichtiger Grund f\u00fcr die aktuelle Krise.&#8221;<\/em><\/p>\n<\/blockquote>\n<p>Laut dem Mediziner seien wegen des Tragens des Mund-Nasen-Schutzes weder die Immunsysteme der Kinder noch der Eltern trainiert worden.<\/p>\n<p>Bereits Anfang des Jahres gab es eine Erkrankungswelle bei den Kleinsten und auch schon damals hatten Experten darauf hingewiesen, dass\u00a0wegen der\u00a0Corona-Ma\u00dfnahmen wie etwa der Maskenpflicht sowie den Abstandsregeln Infektionen bei Kindern, die wichtig f\u00fcr den Aufbau des Immunsystems seien, ausgeblieben sind und nun wohl nachgeholt werden. Die Kinder waren wieder in die Kitas und Schulen zur\u00fcckgekehrt, hatten wieder mehr Kontakt zu anderen au\u00dferhalb des eigenen Haushalts, was laut Experten zur schnelleren \u00dcbertragung zahlreicher Viruserkrankungen beigetragen hatte.<\/p>\n<p>Auch jetzt sind die Kleinsten erneut besonders von den Infektionen mit dem Respiratorischen Synzytial-Virus (RSV) betroffen, das f\u00fcr Babys gef\u00e4hrlich sein kann. Viele Kliniken warnten davor, dass sie bereits <a rel=\"nofollow noopener\" target=\"_blank\" href=\"https:\/\/pressefreiheit.rtde.tech\/kurzclips\/video\/156204-deutsches-gesundheitssystem-am-limit\/\">an ihre Belastungsgrenzen<\/a> gelangt\u00a0seien. Die enorme Erkrankungswelle trifft dabei auf den seit Jahren angeprangerten Personalmangel auf Kinderstationen.<\/p>\n<p>Laut der Deutschen Interdisziplin\u00e4ren Vereinigung f\u00fcr Intensiv- und Notfallmedizin (DIVI) k\u00f6nnten laut Resultaten aus einer Befragung von 110 Kliniken in Deutschland von insgesamt 607 aufstellbaren Betten nur 367 <a rel=\"nofollow noopener\" target=\"_blank\" href=\"https:\/\/www.n-tv.de\/panorama\/DIVI-Lage-auf-Kinderintensivstationen-katastrophal-article23756224.htmlhttps:\/\/pressefreiheit.rtde.tech\/inland\/156366-ueberfuellte-praxen-und-kliniken-kinderaerzte\/\">betrieben werden<\/a>.\u00a0J\u00fcngst k\u00fcndigte deshalb Bundesgesundheitsminister Karl Lauterbach an, dass man wegen der Erkrankungswelle bei Kindern\u00a0vor\u00fcbergehend Pflegekr\u00e4fte aus dem Erwachsenenbereich zur Unterst\u00fctzung in der\u00a0P\u00e4diatrie\u00a0 einsetzen will.<\/p>\n<p>Der\u00a0BVKJ-Pr\u00e4sident bezeichnete den Plan des SPD-Politikers als &#8220;irrwitzig&#8221;. Auch seitens der Pr\u00e4sidentin des Deutschen Pflegerates (DPR),\u00a0Christine Vogler, <a rel=\"nofollow noopener\" target=\"_blank\" href=\"https:\/\/www.rnd.de\/politik\/kinderstationen-pflegeverbaende-kritisieren-verlegungsplan-von-karl-lauterbach-R3TOY5OY6VFW5NOXFGOYNCKWJA.html\">kam Kritik<\/a> am Vorhaben von Lauterbach. Gegen\u00fcber dem <em>Redaktionsnetzwerk Deutschland (RND)\u00a0<\/em>bezeichnete sie Lauterbachs Verlegungsplan als &#8220;Verzweiflungstat&#8221;. Denn laut Vogler k\u00f6nne in den Kliniken &#8220;bereits jetzt nur die Minimalversorgung&#8221; gesichert werden. Sie erg\u00e4nzte:<\/p>\n<blockquote>\n<p><em>&#8220;Wir haben keine Station mehr, wo man Pflegepersonal abziehen kann.&#8221;<\/em><\/p>\n<\/blockquote>\n<p><strong>Mehr zum Thema<\/strong>\u00a0\u2013\u00a0<a rel=\"nofollow noopener\" target=\"_blank\" href=\"https:\/\/test.rtde.tech\/inland\/148297-aufatmen-in-schulen-amtsarzte-befurworten\/\">Aufatmen in Schulen? Amts\u00e4rzte bef\u00fcrworten Masken nur bei &#8220;gef\u00e4hrlichen&#8221; Corona-Varianten<\/a><\/p>\n<\/p>\n<\/div>\n<p><br \/>\n<br \/><a href=\"https:\/\/de.rt.com\/gesellschaft\/156670-wichtiger-grund-fuer-krise-kinderarzt\/\">Source link <\/a><\/p>\n","protected":false},"excerpt":{"rendered":"<p>Derzeit rollt eine Welle der Atemwegserkrankungen bei Kindern durch Deutschland. Sowohl die Arztpraxen als auch die Kinderkliniken sind voll mit kleinen Patienten. Der Pr\u00e4sident des Berufsverbandes der Kinder- und Jugend\u00e4rzte sieht in der Maskenpflicht eine der Ursachen f\u00fcr die Krise. \u00dcberf\u00fcllte Wartezimmer in den Kinderarztpraxen,\u00a0Alarm von\u00a0Notfallmedizinern von Kinderstationen wegen \u00dcberf\u00fcllung: Deutschland erlebt gerade einen enormen [&hellip;]<\/p>\n","protected":false},"author":3,"featured_media":25020,"comment_status":"open","ping_status":"open","sticky":false,"template":"","format":"standard","meta":{"_yoast_indexnow_last_ping":["1670527204"],"wp_automatic_camp":["217"],"448f5afc7ab03f31078c88dede7345da":["&quot;Wichtiger Grund f\u00fcr die Krise&quot;: Kinderarzt gegen Maskenpflicht f\u00fcr Kinder"],"original_link":["https:\/\/de.rt.com\/gesellschaft\/156670-wichtiger-grund-fuer-krise-kinderarzt\/"],"_thumbnail_id":["25020"],"_wptgpro_p2tg_sent2tg":["a:1:{i:23737;s:19:\"2022-12-08 21:21:16\";}"],"jnews_social_counter_last_update":["1777154959"]},"categories":[19,23],"tags":[45,221,278,9044,3567,19927,20155,2656,37215],"yoast_head":"<!-- This site is optimized with the Yoast SEO Premium plugin v22.7 (Yoast SEO v22.7) - https:\/\/yoast.com\/wordpress\/plugins\/seo\/ -->\n<title>&quot;Wichtiger Grund f\u00fcr die Krise&quot;: Kinderarzt gegen Maskenpflicht f\u00fcr Kinder - just-now.NEWS Deutschland<\/title>\n<meta name=\"robots\" content=\"index, follow, max-snippet:-1, max-image-preview:large, max-video-preview:-1\" \/>\n<link rel=\"canonical\" href=\"https:\/\/now-news.de\/de\/deutschland\/wichtiger-grund-fuer-die-krise-kinderarzt-gegen-maskenpflicht-fuer-kinder\/\" \/>\n<meta property=\"og:locale\" content=\"de_DE\" \/>\n<meta property=\"og:type\" content=\"article\" \/>\n<meta property=\"og:title\" content=\"&quot;Wichtiger Grund f\u00fcr die Krise&quot;: Kinderarzt gegen Maskenpflicht f\u00fcr Kinder\" \/>\n<meta property=\"og:description\" content=\"Derzeit rollt eine Welle der Atemwegserkrankungen bei Kindern durch Deutschland. Sowohl die Arztpraxen als auch die Kinderkliniken sind voll mit kleinen Patienten. Der Pr\u00e4sident des Berufsverbandes der Kinder- und Jugend\u00e4rzte sieht in der Maskenpflicht eine der Ursachen f\u00fcr die Krise. \u00dcberf\u00fcllte Wartezimmer in den Kinderarztpraxen,\u00a0Alarm von\u00a0Notfallmedizinern von Kinderstationen wegen \u00dcberf\u00fcllung: Deutschland erlebt gerade einen enormen [&hellip;]\" \/>\n<meta property=\"og:url\" content=\"https:\/\/now-news.de\/de\/deutschland\/wichtiger-grund-fuer-die-krise-kinderarzt-gegen-maskenpflicht-fuer-kinder\/\" \/>\n<meta property=\"og:site_name\" content=\"just-now.NEWS Deutschland\" \/>\n<meta property=\"article:publisher\" content=\"https:\/\/www.facebook.com\/wirmachenauf\" \/>\n<meta property=\"article:published_time\" content=\"2022-12-08T18:51:19+00:00\" \/>\n<meta property=\"og:image\" content=\"https:\/\/now-news.de\/de\/wp-content\/uploads\/sites\/3\/2022\/12\/quotWichtiger-Grund-fuer-die-Krisequot-Kinderarzt-gegen-Maskenpflicht-fuer-Kinder.jpg\" \/>\n\t<meta property=\"og:image:width\" content=\"460\" \/>\n\t<meta property=\"og:image:height\" content=\"259\" \/>\n\t<meta property=\"og:image:type\" content=\"image\/jpeg\" \/>\n<meta name=\"author\" content=\"rtnews\" \/>\n<meta name=\"twitter:card\" content=\"summary_large_image\" \/>\n<meta name=\"twitter:creator\" content=\"@WirMachenAuf_de\" \/>\n<meta name=\"twitter:site\" content=\"@WirMachenAuf_de\" \/>\n<meta name=\"twitter:label1\" content=\"Verfasst von\" \/>\n\t<meta name=\"twitter:data1\" content=\"rtnews\" \/>\n\t<meta name=\"twitter:label2\" content=\"Gesch\u00e4tzte Lesezeit\" \/>\n\t<meta name=\"twitter:data2\" content=\"2\u00a0Minuten\" \/>\n<script type=\"application\/ld+json\" class=\"yoast-schema-graph\">{\"@context\":\"https:\/\/schema.org\",\"@graph\":[{\"@type\":\"Article\",\"@id\":\"https:\/\/now-news.de\/de\/deutschland\/wichtiger-grund-fuer-die-krise-kinderarzt-gegen-maskenpflicht-fuer-kinder\/#article\",\"isPartOf\":{\"@id\":\"https:\/\/now-news.de\/de\/deutschland\/wichtiger-grund-fuer-die-krise-kinderarzt-gegen-maskenpflicht-fuer-kinder\/\"},\"author\":{\"name\":\"rtnews\",\"@id\":\"https:\/\/now-news.de\/de\/#\/schema\/person\/fb534a4e865501d8b3285208df34a9b5\"},\"headline\":\"&quot;Wichtiger Grund f\u00fcr die Krise&quot;: Kinderarzt gegen Maskenpflicht f\u00fcr Kinder\",\"datePublished\":\"2022-12-08T18:51:19+00:00\",\"dateModified\":\"2022-12-08T18:51:19+00:00\",\"mainEntityOfPage\":{\"@id\":\"https:\/\/now-news.de\/de\/deutschland\/wichtiger-grund-fuer-die-krise-kinderarzt-gegen-maskenpflicht-fuer-kinder\/\"},\"wordCount\":472,\"commentCount\":0,\"publisher\":{\"@id\":\"https:\/\/now-news.de\/de\/#organization\"},\"image\":{\"@id\":\"https:\/\/now-news.de\/de\/deutschland\/wichtiger-grund-fuer-die-krise-kinderarzt-gegen-maskenpflicht-fuer-kinder\/#primaryimage\"},\"thumbnailUrl\":\"https:\/\/now-news.de\/de\/wp-content\/uploads\/sites\/3\/2022\/12\/quotWichtiger-Grund-fuer-die-Krisequot-Kinderarzt-gegen-Maskenpflicht-fuer-Kinder.jpg\",\"keywords\":[\"die\",\"f\u00fcr\",\"gegen\",\"Grund\",\"Kinder\",\"Kinderarzt\",\"Krisequot\",\"maskenpflicht\",\"quotWichtiger\"],\"articleSection\":[\"Deutschland\",\"Russland\"],\"inLanguage\":\"de\",\"potentialAction\":[{\"@type\":\"CommentAction\",\"name\":\"Comment\",\"target\":[\"https:\/\/now-news.de\/de\/deutschland\/wichtiger-grund-fuer-die-krise-kinderarzt-gegen-maskenpflicht-fuer-kinder\/#respond\"]}]},{\"@type\":\"WebPage\",\"@id\":\"https:\/\/now-news.de\/de\/deutschland\/wichtiger-grund-fuer-die-krise-kinderarzt-gegen-maskenpflicht-fuer-kinder\/\",\"url\":\"https:\/\/now-news.de\/de\/deutschland\/wichtiger-grund-fuer-die-krise-kinderarzt-gegen-maskenpflicht-fuer-kinder\/\",\"name\":\"&quot;Wichtiger Grund f\u00fcr die Krise&quot;: Kinderarzt gegen Maskenpflicht f\u00fcr Kinder - just-now.NEWS Deutschland\",\"isPartOf\":{\"@id\":\"https:\/\/now-news.de\/de\/#website\"},\"primaryImageOfPage\":{\"@id\":\"https:\/\/now-news.de\/de\/deutschland\/wichtiger-grund-fuer-die-krise-kinderarzt-gegen-maskenpflicht-fuer-kinder\/#primaryimage\"},\"image\":{\"@id\":\"https:\/\/now-news.de\/de\/deutschland\/wichtiger-grund-fuer-die-krise-kinderarzt-gegen-maskenpflicht-fuer-kinder\/#primaryimage\"},\"thumbnailUrl\":\"https:\/\/now-news.de\/de\/wp-content\/uploads\/sites\/3\/2022\/12\/quotWichtiger-Grund-fuer-die-Krisequot-Kinderarzt-gegen-Maskenpflicht-fuer-Kinder.jpg\",\"datePublished\":\"2022-12-08T18:51:19+00:00\",\"dateModified\":\"2022-12-08T18:51:19+00:00\",\"breadcrumb\":{\"@id\":\"https:\/\/now-news.de\/de\/deutschland\/wichtiger-grund-fuer-die-krise-kinderarzt-gegen-maskenpflicht-fuer-kinder\/#breadcrumb\"},\"inLanguage\":\"de\",\"potentialAction\":[{\"@type\":\"ReadAction\",\"target\":[\"https:\/\/now-news.de\/de\/deutschland\/wichtiger-grund-fuer-die-krise-kinderarzt-gegen-maskenpflicht-fuer-kinder\/\"]}]},{\"@type\":\"ImageObject\",\"inLanguage\":\"de\",\"@id\":\"https:\/\/now-news.de\/de\/deutschland\/wichtiger-grund-fuer-die-krise-kinderarzt-gegen-maskenpflicht-fuer-kinder\/#primaryimage\",\"url\":\"https:\/\/now-news.de\/de\/wp-content\/uploads\/sites\/3\/2022\/12\/quotWichtiger-Grund-fuer-die-Krisequot-Kinderarzt-gegen-Maskenpflicht-fuer-Kinder.jpg\",\"contentUrl\":\"https:\/\/now-news.de\/de\/wp-content\/uploads\/sites\/3\/2022\/12\/quotWichtiger-Grund-fuer-die-Krisequot-Kinderarzt-gegen-Maskenpflicht-fuer-Kinder.jpg\",\"width\":460,\"height\":259,\"caption\":\"&quot;Wichtiger Grund f\u00fcr die Krise&quot;: Kinderarzt gegen Maskenpflicht f\u00fcr Kinder\"},{\"@type\":\"BreadcrumbList\",\"@id\":\"https:\/\/now-news.de\/de\/deutschland\/wichtiger-grund-fuer-die-krise-kinderarzt-gegen-maskenpflicht-fuer-kinder\/#breadcrumb\",\"itemListElement\":[{\"@type\":\"ListItem\",\"position\":1,\"name\":\"Home\",\"item\":\"https:\/\/now-news.de\/de\/\"},{\"@type\":\"ListItem\",\"position\":2,\"name\":\"&quot;Wichtiger Grund f\u00fcr die Krise&quot;: Kinderarzt gegen Maskenpflicht f\u00fcr Kinder\"}]},{\"@type\":\"WebSite\",\"@id\":\"https:\/\/now-news.de\/de\/#website\",\"url\":\"https:\/\/now-news.de\/de\/\",\"name\":\"just-now.NEWS Deutschland\",\"description\":\"Das Portal f\u00fcr unzensierte Nachrichten aus der Welt\",\"publisher\":{\"@id\":\"https:\/\/now-news.de\/de\/#organization\"},\"potentialAction\":[{\"@type\":\"SearchAction\",\"target\":{\"@type\":\"EntryPoint\",\"urlTemplate\":\"https:\/\/now-news.de\/de\/?s={search_term_string}\"},\"query-input\":\"required name=search_term_string\"}],\"inLanguage\":\"de\"},{\"@type\":\"Organization\",\"@id\":\"https:\/\/now-news.de\/de\/#organization\",\"name\":\"Just Now News\",\"url\":\"https:\/\/now-news.de\/de\/\",\"logo\":{\"@type\":\"ImageObject\",\"inLanguage\":\"de\",\"@id\":\"https:\/\/now-news.de\/de\/#\/schema\/logo\/image\/\",\"url\":\"http:\/\/just-now.news\/de\/wp-content\/uploads\/sites\/3\/2022\/04\/logo500x500.jpg\",\"contentUrl\":\"http:\/\/just-now.news\/de\/wp-content\/uploads\/sites\/3\/2022\/04\/logo500x500.jpg\",\"width\":500,\"height\":500,\"caption\":\"Just Now News\"},\"image\":{\"@id\":\"https:\/\/now-news.de\/de\/#\/schema\/logo\/image\/\"},\"sameAs\":[\"https:\/\/www.facebook.com\/wirmachenauf\",\"https:\/\/x.com\/WirMachenAuf_de\"]},{\"@type\":\"Person\",\"@id\":\"https:\/\/now-news.de\/de\/#\/schema\/person\/fb534a4e865501d8b3285208df34a9b5\",\"name\":\"rtnews\",\"image\":{\"@type\":\"ImageObject\",\"inLanguage\":\"de\",\"@id\":\"https:\/\/now-news.de\/de\/#\/schema\/person\/image\/\",\"url\":\"https:\/\/secure.gravatar.com\/avatar\/82aafea7d8127119dd649515f56e2117?s=96&d=mm&r=g\",\"contentUrl\":\"https:\/\/secure.gravatar.com\/avatar\/82aafea7d8127119dd649515f56e2117?s=96&d=mm&r=g\",\"caption\":\"rtnews\"},\"url\":\"https:\/\/now-news.de\/de\/author\/rnews\/\"}]}<\/script>\n<!-- \/ Yoast SEO Premium plugin. -->","yoast_head_json":{"title":"&quot;Wichtiger Grund f\u00fcr die Krise&quot;: Kinderarzt gegen Maskenpflicht f\u00fcr Kinder - just-now.NEWS Deutschland","robots":{"index":"index","follow":"follow","max-snippet":"max-snippet:-1","max-image-preview":"max-image-preview:large","max-video-preview":"max-video-preview:-1"},"canonical":"https:\/\/now-news.de\/de\/deutschland\/wichtiger-grund-fuer-die-krise-kinderarzt-gegen-maskenpflicht-fuer-kinder\/","og_locale":"de_DE","og_type":"article","og_title":"&quot;Wichtiger Grund f\u00fcr die Krise&quot;: Kinderarzt gegen Maskenpflicht f\u00fcr Kinder","og_description":"Derzeit rollt eine Welle der Atemwegserkrankungen bei Kindern durch Deutschland. Sowohl die Arztpraxen als auch die Kinderkliniken sind voll mit kleinen Patienten. Der Pr\u00e4sident des Berufsverbandes der Kinder- und Jugend\u00e4rzte sieht in der Maskenpflicht eine der Ursachen f\u00fcr die Krise. \u00dcberf\u00fcllte Wartezimmer in den Kinderarztpraxen,\u00a0Alarm von\u00a0Notfallmedizinern von Kinderstationen wegen \u00dcberf\u00fcllung: Deutschland erlebt gerade einen enormen [&hellip;]","og_url":"https:\/\/now-news.de\/de\/deutschland\/wichtiger-grund-fuer-die-krise-kinderarzt-gegen-maskenpflicht-fuer-kinder\/","og_site_name":"just-now.NEWS Deutschland","article_publisher":"https:\/\/www.facebook.com\/wirmachenauf","article_published_time":"2022-12-08T18:51:19+00:00","og_image":[{"width":460,"height":259,"url":"https:\/\/now-news.de\/de\/wp-content\/uploads\/sites\/3\/2022\/12\/quotWichtiger-Grund-fuer-die-Krisequot-Kinderarzt-gegen-Maskenpflicht-fuer-Kinder.jpg","type":"image\/jpeg"}],"author":"rtnews","twitter_card":"summary_large_image","twitter_creator":"@WirMachenAuf_de","twitter_site":"@WirMachenAuf_de","twitter_misc":{"Verfasst von":"rtnews","Gesch\u00e4tzte Lesezeit":"2\u00a0Minuten"},"schema":{"@context":"https:\/\/schema.org","@graph":[{"@type":"Article","@id":"https:\/\/now-news.de\/de\/deutschland\/wichtiger-grund-fuer-die-krise-kinderarzt-gegen-maskenpflicht-fuer-kinder\/#article","isPartOf":{"@id":"https:\/\/now-news.de\/de\/deutschland\/wichtiger-grund-fuer-die-krise-kinderarzt-gegen-maskenpflicht-fuer-kinder\/"},"author":{"name":"rtnews","@id":"https:\/\/now-news.de\/de\/#\/schema\/person\/fb534a4e865501d8b3285208df34a9b5"},"headline":"&quot;Wichtiger Grund f\u00fcr die Krise&quot;: Kinderarzt gegen Maskenpflicht f\u00fcr Kinder","datePublished":"2022-12-08T18:51:19+00:00","dateModified":"2022-12-08T18:51:19+00:00","mainEntityOfPage":{"@id":"https:\/\/now-news.de\/de\/deutschland\/wichtiger-grund-fuer-die-krise-kinderarzt-gegen-maskenpflicht-fuer-kinder\/"},"wordCount":472,"commentCount":0,"publisher":{"@id":"https:\/\/now-news.de\/de\/#organization"},"image":{"@id":"https:\/\/now-news.de\/de\/deutschland\/wichtiger-grund-fuer-die-krise-kinderarzt-gegen-maskenpflicht-fuer-kinder\/#primaryimage"},"thumbnailUrl":"https:\/\/now-news.de\/de\/wp-content\/uploads\/sites\/3\/2022\/12\/quotWichtiger-Grund-fuer-die-Krisequot-Kinderarzt-gegen-Maskenpflicht-fuer-Kinder.jpg","keywords":["die","f\u00fcr","gegen","Grund","Kinder","Kinderarzt","Krisequot","maskenpflicht","quotWichtiger"],"articleSection":["Deutschland","Russland"],"inLanguage":"de","potentialAction":[{"@type":"CommentAction","name":"Comment","target":["https:\/\/now-news.de\/de\/deutschland\/wichtiger-grund-fuer-die-krise-kinderarzt-gegen-maskenpflicht-fuer-kinder\/#respond"]}]},{"@type":"WebPage","@id":"https:\/\/now-news.de\/de\/deutschland\/wichtiger-grund-fuer-die-krise-kinderarzt-gegen-maskenpflicht-fuer-kinder\/","url":"https:\/\/now-news.de\/de\/deutschland\/wichtiger-grund-fuer-die-krise-kinderarzt-gegen-maskenpflicht-fuer-kinder\/","name":"&quot;Wichtiger Grund f\u00fcr die Krise&quot;: Kinderarzt gegen Maskenpflicht f\u00fcr Kinder - just-now.NEWS Deutschland","isPartOf":{"@id":"https:\/\/now-news.de\/de\/#website"},"primaryImageOfPage":{"@id":"https:\/\/now-news.de\/de\/deutschland\/wichtiger-grund-fuer-die-krise-kinderarzt-gegen-maskenpflicht-fuer-kinder\/#primaryimage"},"image":{"@id":"https:\/\/now-news.de\/de\/deutschland\/wichtiger-grund-fuer-die-krise-kinderarzt-gegen-maskenpflicht-fuer-kinder\/#primaryimage"},"thumbnailUrl":"https:\/\/now-news.de\/de\/wp-content\/uploads\/sites\/3\/2022\/12\/quotWichtiger-Grund-fuer-die-Krisequot-Kinderarzt-gegen-Maskenpflicht-fuer-Kinder.jpg","datePublished":"2022-12-08T18:51:19+00:00","dateModified":"2022-12-08T18:51:19+00:00","breadcrumb":{"@id":"https:\/\/now-news.de\/de\/deutschland\/wichtiger-grund-fuer-die-krise-kinderarzt-gegen-maskenpflicht-fuer-kinder\/#breadcrumb"},"inLanguage":"de","potentialAction":[{"@type":"ReadAction","target":["https:\/\/now-news.de\/de\/deutschland\/wichtiger-grund-fuer-die-krise-kinderarzt-gegen-maskenpflicht-fuer-kinder\/"]}]},{"@type":"ImageObject","inLanguage":"de","@id":"https:\/\/now-news.de\/de\/deutschland\/wichtiger-grund-fuer-die-krise-kinderarzt-gegen-maskenpflicht-fuer-kinder\/#primaryimage","url":"https:\/\/now-news.de\/de\/wp-content\/uploads\/sites\/3\/2022\/12\/quotWichtiger-Grund-fuer-die-Krisequot-Kinderarzt-gegen-Maskenpflicht-fuer-Kinder.jpg","contentUrl":"https:\/\/now-news.de\/de\/wp-content\/uploads\/sites\/3\/2022\/12\/quotWichtiger-Grund-fuer-die-Krisequot-Kinderarzt-gegen-Maskenpflicht-fuer-Kinder.jpg","width":460,"height":259,"caption":"&quot;Wichtiger Grund f\u00fcr die Krise&quot;: Kinderarzt gegen Maskenpflicht f\u00fcr Kinder"},{"@type":"BreadcrumbList","@id":"https:\/\/now-news.de\/de\/deutschland\/wichtiger-grund-fuer-die-krise-kinderarzt-gegen-maskenpflicht-fuer-kinder\/#breadcrumb","itemListElement":[{"@type":"ListItem","position":1,"name":"Home","item":"https:\/\/now-news.de\/de\/"},{"@type":"ListItem","position":2,"name":"&quot;Wichtiger Grund f\u00fcr die Krise&quot;: Kinderarzt gegen Maskenpflicht f\u00fcr Kinder"}]},{"@type":"WebSite","@id":"https:\/\/now-news.de\/de\/#website","url":"https:\/\/now-news.de\/de\/","name":"just-now.NEWS Deutschland","description":"Das Portal f\u00fcr unzensierte Nachrichten aus der Welt","publisher":{"@id":"https:\/\/now-news.de\/de\/#organization"},"potentialAction":[{"@type":"SearchAction","target":{"@type":"EntryPoint","urlTemplate":"https:\/\/now-news.de\/de\/?s={search_term_string}"},"query-input":"required name=search_term_string"}],"inLanguage":"de"},{"@type":"Organization","@id":"https:\/\/now-news.de\/de\/#organization","name":"Just Now News","url":"https:\/\/now-news.de\/de\/","logo":{"@type":"ImageObject","inLanguage":"de","@id":"https:\/\/now-news.de\/de\/#\/schema\/logo\/image\/","url":"http:\/\/just-now.news\/de\/wp-content\/uploads\/sites\/3\/2022\/04\/logo500x500.jpg","contentUrl":"http:\/\/just-now.news\/de\/wp-content\/uploads\/sites\/3\/2022\/04\/logo500x500.jpg","width":500,"height":500,"caption":"Just Now News"},"image":{"@id":"https:\/\/now-news.de\/de\/#\/schema\/logo\/image\/"},"sameAs":["https:\/\/www.facebook.com\/wirmachenauf","https:\/\/x.com\/WirMachenAuf_de"]},{"@type":"Person","@id":"https:\/\/now-news.de\/de\/#\/schema\/person\/fb534a4e865501d8b3285208df34a9b5","name":"rtnews","image":{"@type":"ImageObject","inLanguage":"de","@id":"https:\/\/now-news.de\/de\/#\/schema\/person\/image\/","url":"https:\/\/secure.gravatar.com\/avatar\/82aafea7d8127119dd649515f56e2117?s=96&d=mm&r=g","contentUrl":"https:\/\/secure.gravatar.com\/avatar\/82aafea7d8127119dd649515f56e2117?s=96&d=mm&r=g","caption":"rtnews"},"url":"https:\/\/now-news.de\/de\/author\/rnews\/"}]}},"_links":{"self":[{"href":"https:\/\/now-news.de\/de\/wp-json\/wp\/v2\/posts\/25019"}],"collection":[{"href":"https:\/\/now-news.de\/de\/wp-json\/wp\/v2\/posts"}],"about":[{"href":"https:\/\/now-news.de\/de\/wp-json\/wp\/v2\/types\/post"}],"author":[{"embeddable":true,"href":"https:\/\/now-news.de\/de\/wp-json\/wp\/v2\/users\/3"}],"replies":[{"embeddable":true,"href":"https:\/\/now-news.de\/de\/wp-json\/wp\/v2\/comments?post=25019"}],"version-history":[{"count":0,"href":"https:\/\/now-news.de\/de\/wp-json\/wp\/v2\/posts\/25019\/revisions"}],"wp:featuredmedia":[{"embeddable":true,"href":"https:\/\/now-news.de\/de\/wp-json\/wp\/v2\/media\/25020"}],"wp:attachment":[{"href":"https:\/\/now-news.de\/de\/wp-json\/wp\/v2\/media?parent=25019"}],"wp:term":[{"taxonomy":"category","embeddable":true,"href":"https:\/\/now-news.de\/de\/wp-json\/wp\/v2\/categories?post=25019"},{"taxonomy":"post_tag","embeddable":true,"href":"https:\/\/now-news.de\/de\/wp-json\/wp\/v2\/tags?post=25019"}],"curies":[{"name":"wp","href":"https:\/\/api.w.org\/{rel}","templated":true}]}}