{"id":25001,"date":"2022-12-08T18:28:59","date_gmt":"2022-12-08T16:28:59","guid":{"rendered":"http:\/\/just-now.news\/de\/deutschland\/razzia-in-reichsbuerger-szene-duerfte-erst-der-anfang-gewesen-sein\/"},"modified":"2022-12-08T18:28:59","modified_gmt":"2022-12-08T16:28:59","slug":"razzia-in-reichsbuerger-szene-duerfte-erst-der-anfang-gewesen-sein","status":"publish","type":"post","link":"https:\/\/now-news.de\/de\/deutschland\/razzia-in-reichsbuerger-szene-duerfte-erst-der-anfang-gewesen-sein\/","title":{"rendered":"Razzia in &quot;Reichsb\u00fcrger-Szene&quot; d\u00fcrfte erst der Anfang gewesen sein"},"content":{"rendered":"<p><img decoding=\"async\" src=\"http:\/\/just-now.news\/de\/wp-content\/uploads\/sites\/3\/2022\/12\/6391ec7ab480cc675a1ddc38.jpeg\" \/><\/p>\n<div class=\"Text-root Text-type_1 \">\n                25 M\u00e4nner und Frauen sind am Mittwoch festgenommen worden, weil sie nach Darstellung der Generalstaatsanwaltschaft einen &#8220;Umsturz des Staates&#8221; vorbereitet oder unterst\u00fctzt haben sollen. Einen Tag sp\u00e4ter drohen die Beh\u00f6rden mit weiteren Razzien und Festnahmen.\n            <\/div>\n<p><\/p>\n<div class=\"Text-root Text-type_5 ArticleView-text ViewText-root \">\n<p>Die Gro\u00dfrazzia gegen eine angebliche &#8220;Terrorgruppierung&#8221; in der sogenannten &#8220;Reichsb\u00fcrger-Szene&#8221; am Mittwoch d\u00fcrfte nur die erste in einer ganzen Reihe geplanter Aktionen dieser Art gewesen sein. Die Sicherheitsbeh\u00f6rden k\u00fcndigten am Donnerstag an, dass sie mit &#8220;weiteren Beschuldigten&#8221; und weiteren Durchsuchungen in den kommenden Tagen rechnen. Ziel der Ermittlungen sei unter anderem das Auffinden weiterer Waffen. Bislang konnten nur wenige, offensichtlich legale, Schusswaffen bei den Beschuldigten sichergestellt werden, was den erhobenen Vorwurf, die Gruppe habe den Bundestag &#8220;st\u00fcrmen&#8221; wollen, ins L\u00e4cherliche zieht. Ziel der Beh\u00f6rden wird es daher in den kommenden Tagen sein, Waffenarsenale zu finden, um die eigene Erz\u00e4hlung plausibler erscheinen zu lassen.\u00a0<\/p>\n<p>19 der 25 Festgenommenen sind seit Mittwoch in Untersuchungshaft, am Donnerstag gingen die Vorf\u00fchrungen bei den Ermittlungsrichtern am Bundesgerichtshof in Karlsruhe weiter.<\/p>\n<p>Die Bundesanwaltschaft hatte am Mittwoch bei einem der gr\u00f6\u00dften Polizeieins\u00e4tze in der Geschichte der Bundesrepublik in elf Bundesl\u00e4ndern sowie in Italien und \u00d6sterreich 25 Menschen festnehmen lassen. 22 von ihnen wirft sie vor, Mitglied einer &#8220;terroristischen Vereinigung&#8221; zu sein, &#8220;die das politische System st\u00fcrzen wollte&#8221;. Bei den drei anderen geht es um Unterst\u00fctzung. Bis auf eine Russin haben den Angaben zufolge alle die deutsche Staatsb\u00fcrgerschaft. Die russische Staatsangeh\u00f6rige wird beschuldigt, einem anderen Verd\u00e4chtigen Kontakt zu russischen Konsularmitarbeitern vermittelt zu haben. Die Bundesanwaltschaft sprach zudem von 27 weiteren Beschuldigten.<\/p>\n<p>Der Pr\u00e4sident des Bundeskriminalamts (BKA), Holger M\u00fcnch, nannte am Mittwochabend im <em>ZDF heute journal<\/em> die Zahl von mittlerweile 54 Beschuldigten und sprach von mehr als 150 Durchsuchungen. Er ging von weiteren Beschuldigten und Durchsuchungen in den n\u00e4chsten Tagen aus. Bei rund 50 Objekten seien auch Waffen festgestellt worden.<\/p>\n<p><strong>BKA-Chef M\u00fcnch fordert \u00dcberpr\u00fcfung von Polizeibeamten<\/strong><\/p>\n<p>Den Obleuten des Innenausschusses des Bundestages war mitgeteilt worden, bei der Razzia seien zwei Langwaffen, eine Kurzwaffe sowie Schwerter und Armbr\u00fcste, Schreckschuss- und Signalschusswaffen gefunden worden. Diese seien nur teilweise bei mutma\u00dflichen Mitgliedern der Gruppe gefunden worden, die eine waffenrechtliche Erlaubnis haben. Dem Vernehmen nach waren darunter auch Dienstwaffen.<\/p>\n<p>Im <em>ARD-Morgenmagazin<\/em> sprach sich BKA-Chef M\u00fcnch f\u00fcr eine genauere \u00dcberpr\u00fcfung von Sicherheitskr\u00e4ften aus: Man m\u00fcsse sich darauf verlassen k\u00f6nnen, &#8220;dass alle uneingeschr\u00e4nkt hinter der freiheitlich demokratischen Grundordnung stehen&#8221;. \u00c4hnlich \u00e4u\u00dferte sich der Pr\u00e4sident des Bundesamts f\u00fcr Verfassungsschutz, Thomas Haldenwang, in den <em>ARD-Tagesthemen<\/em>. Alle Personen, die in die Sicherheitsbeh\u00f6rden von Bund und L\u00e4ndern aufgenommen werden, sollten \u00fcberpr\u00fcft werden.<\/p>\n<p>Im BKA gebe es derartige Sicherheits\u00fcberpr\u00fcfungen schon lange, sagte M\u00fcnch. Er denkt, dass &#8220;dort, wo es noch nicht gemacht wird, wir das auch in absehbarer Zeit einf\u00fchren werden&#8221;. Die Arbeit lohne sich, da die Beh\u00f6rden so auch klarmachten, f\u00fcr welche Werte sie st\u00fcnden.<\/p>\n<p><strong>Sicherheitsbeh\u00f6rden rechtfertigen Zeitpunkt des Zugriffs<\/strong><\/p>\n<p>Laut Haldenwang hatten die Sicherheitsbeh\u00f6rden die angebliche Gruppierung seit dem Fr\u00fchjahr im Visier und einen recht klaren \u00dcberblick \u00fcber deren Pl\u00e4ne. Diese seien dann immer konkreter geworden, und es seien Waffen beschafft worden, sagte er in einem <em>ZDF-Spezial<\/em>. BKA-Chef M\u00fcnch sagte, man habe mit dem Zugriff nicht bis zum letzten Moment warten, sondern &#8220;genug Beweise&#8221; sammeln wollen, dass es sich um eine &#8220;terroristische Vereinigung&#8221; handele. Damit erh\u00e4rtet sich der von <em>RT<\/em>-Autorin Dagmar Henn ge\u00e4u\u00dferte Verdacht, dass die Beh\u00f6rden die Gruppe m\u00f6glicherweise unter Einsatz von V-Leuten &#8220;gef\u00fchrt&#8221; haben. Es wird daher mit besonderer Vorsicht zu betrachten sein, wieviele der angeblichen \u00c4u\u00dferungen auf die Beschuldigten selbst und wieviele auf Provokationen der beh\u00f6rdlichen V-Leute zur\u00fcckzuf\u00fchren sind.\u00a0<\/p>\n<p>\u00dcber den Zeitpunkt des angeblich geplanten Umsturzes haben die Ermittler keine Klarheit. Die Gruppe soll aber laut Narrativ der Ermittlungsbeh\u00f6rden einen milit\u00e4rischen Arm haben, der Waffen beschaffe. M\u00fcnch spekulierte zu diesem Punkt bei seinen Auftritten:<\/p>\n<blockquote>\n<p>&#8220;<em>Da warten sie nicht bis zum letzten Augenblick. Wenn das klar sei, hei\u00dfe es: Zuschlagen<\/em>.&#8221;<\/p>\n<\/blockquote>\n<p>Generalbundesanwalt Peter Frank sagte in einem <em>ARD-Brennpunkt<\/em>:<\/p>\n<blockquote>\n<p>&#8220;<em>Wir gehen davon aus, dass die Personen in der Vereinigung fest entschlossen und auch sicher waren, etwas zu tun<\/em>.&#8221;<\/p>\n<\/blockquote>\n<p>Was dieses &#8220;etwas&#8221; sei, konkretisierte er nicht.\u00a0<\/p>\n<p>Bundesinnenministerin <a rel=\"nofollow noopener\" target=\"_blank\" href=\"https:\/\/test.rtde.tech\/gesellschaft\/144551-krieg-ist-schick-kiewer-fotoshootings\/\">Nancy Faeser<\/a> (SPD) warnte davor, die Gruppierung zu untersch\u00e4tzen. Was sie &#8220;so gef\u00e4hrlich&#8221; mache, sei, so die Ministerin in der <em>ARD<\/em>-Sendung <em>Maischberger<\/em>, &#8220;<em>dass es einen milit\u00e4rischen Arm davon gab. Mit Menschen, die fr\u00fcher in der Bundeswehr waren, also auch mit Waffen umgehen k\u00f6nnen<\/em>&#8220;.<\/p>\n<p><strong>Gefahr durch &#8220;Reichsb\u00fcrger&#8221; wird ernst genommen<\/strong><\/p>\n<p>An der Gef\u00e4hrlichkeit der Gruppierung hegt &#8220;Terrorismusexperte&#8221; Peter Neumann keine Zweifel. Von sogenannten Reichsb\u00fcrgern gehe die gr\u00f6\u00dfte Gefahr terroristischer Gewalt aus, sagte Neumann dem Redaktionsnetzwerk Deutschland (RND) am Dienstag. Neumann spekulierte:\u00a0<\/p>\n<blockquote>\n<p>&#8220;<em>Sie sind f\u00e4hig und willig, schwere Terroranschl\u00e4ge gegen den Staat zu ver\u00fcben<\/em>.&#8221;<\/p>\n<\/blockquote>\n<p>&#8220;Reichsb\u00fcrger&#8221; sind Menschen, die die Bundesrepublik nicht als legitim anerkennen. Der Verfassungsschutz rechnet der Szene rund 21 000 Anh\u00e4nger zu.<\/p>\n<p>Seit den angeblichen Pl\u00e4nen zur Entf\u00fchrung von Bundesgesundheitsminister Karl Lauterbach (SPD) im April stehe das Thema aber auch in der Politik weit oben auf der Agenda, sagte &#8220;Extremismusexperte&#8221; Blumenthaler der <em>dpa<\/em>. Nach seiner Meinung &#8220;lacht heute eigentlich keiner mehr&#8221; dar\u00fcber.<\/p>\n<p><strong>Welche Rolle spielt die AfD?<\/strong><\/p>\n<p>Unter den Festgenommenen ist die Richterin und fr\u00fchere AfD-Bundestagsabgeordnete Birgit Malsack-Winkemann. Gegen sie l\u00e4uft inzwischen ein Disziplinarverfahren. Dieses habe das Landgericht Berlin eingeleitet, sagte Justizsenatorin Lena Kreck (Linke) am Donnerstag dem <em>rbb24<\/em>\u00a0<em>Inforadio<\/em>. Als ehemalige Abgeordnete hatte Malsack-Winkemann\u00a0\u2013 wie alle ausgeschiedenen Parlamentarier, die dies w\u00fcnschen\u00a0\u2013 Zugang zu den Geb\u00e4uden des Bundestages. Dem Bundesschiedsgericht der AfD geh\u00f6rt sie als Beisitzerin an. Die Festnahme habe &#8220;keine automatische Auswirkung auf Partei\u00e4mter&#8221;, sagte Parteivize Stephan Brandner.<\/p>\n<p>Th\u00fcringens Innenminister Georg Maier (SPD) spekulierte im <em>Deutschlandfunk,<\/em> die AfD habe sich immer weiter radikalisiert, &#8220;verbreite Verschw\u00f6rungsmythen und Umsturzfantasien&#8221;. Er fuhr fort:<\/p>\n<blockquote>\n<p>&#8220;<em>Aber schlimmer noch ist: letztendlich fungiert sie wie eine Organisationszentrale, eine Schnittstelle f\u00fcr die Vernetzung von rechtsextremen Organisationen. Und das ist das, was diese Partei immer gef\u00e4hrlicher macht<\/em>.&#8221;<\/p>\n<\/blockquote>\n<p><strong>Mehr zum Thema<\/strong>\u00a0\u2013\u00a0<a rel=\"nofollow noopener\" target=\"_blank\" href=\"https:\/\/test.rtde.tech\/meinung\/156611-graue-armee-fraktion-oder-kann\/\">Graue Armee Fraktion oder: kann man Verr\u00e4ter verraten?<\/a><\/p>\n<p><em>rt de \/ dpa<\/em><\/p>\n<\/div>\n<p><br \/>\n<br \/><a href=\"https:\/\/de.rt.com\/inland\/156693-razzia-in-reichsbuerger-szene-duerfte-erst-der-anfang-sein\/\">Source link <\/a><\/p>\n","protected":false},"excerpt":{"rendered":"<p>25 M\u00e4nner und Frauen sind am Mittwoch festgenommen worden, weil sie nach Darstellung der Generalstaatsanwaltschaft einen &#8220;Umsturz des Staates&#8221; vorbereitet oder unterst\u00fctzt haben sollen. Einen Tag sp\u00e4ter drohen die Beh\u00f6rden mit weiteren Razzien und Festnahmen. Die Gro\u00dfrazzia gegen eine angebliche &#8220;Terrorgruppierung&#8221; in der sogenannten &#8220;Reichsb\u00fcrger-Szene&#8221; am Mittwoch d\u00fcrfte nur die erste in einer ganzen Reihe [&hellip;]<\/p>\n","protected":false},"author":3,"featured_media":25002,"comment_status":"open","ping_status":"open","sticky":false,"template":"","format":"standard","meta":{"_yoast_indexnow_last_ping":["1670517404"],"wp_automatic_camp":["217"],"86ebc0326d1df10c65ebf988830aa63c":["Razzia in &quot;Reichsb\u00fcrger-Szene&quot; d\u00fcrfte erst der Anfang gewesen sein"],"original_link":["https:\/\/de.rt.com\/inland\/156693-razzia-in-reichsbuerger-szene-duerfte-erst-der-anfang-sein\/"],"_thumbnail_id":["25002"],"_wptgpro_p2tg_sent2tg":["a:1:{i:23737;s:19:\"2022-12-08 18:37:45\";}"],"jnews_social_counter_last_update":["1777446078"]},"categories":[19,23],"tags":[17657,82,37209,15674,24309,37208,1749,3950],"yoast_head":"<!-- This site is optimized with the Yoast SEO Premium plugin v22.7 (Yoast SEO v22.7) - https:\/\/yoast.com\/wordpress\/plugins\/seo\/ -->\n<title>Razzia in &quot;Reichsb\u00fcrger-Szene&quot; d\u00fcrfte erst der Anfang gewesen sein - just-now.NEWS Deutschland<\/title>\n<meta name=\"robots\" content=\"index, follow, max-snippet:-1, max-image-preview:large, max-video-preview:-1\" \/>\n<link rel=\"canonical\" href=\"https:\/\/now-news.de\/de\/deutschland\/razzia-in-reichsbuerger-szene-duerfte-erst-der-anfang-gewesen-sein\/\" \/>\n<meta property=\"og:locale\" content=\"de_DE\" \/>\n<meta property=\"og:type\" content=\"article\" \/>\n<meta property=\"og:title\" content=\"Razzia in &quot;Reichsb\u00fcrger-Szene&quot; d\u00fcrfte erst der Anfang gewesen sein\" \/>\n<meta property=\"og:description\" content=\"25 M\u00e4nner und Frauen sind am Mittwoch festgenommen worden, weil sie nach Darstellung der Generalstaatsanwaltschaft einen &#8220;Umsturz des Staates&#8221; vorbereitet oder unterst\u00fctzt haben sollen. Einen Tag sp\u00e4ter drohen die Beh\u00f6rden mit weiteren Razzien und Festnahmen. Die Gro\u00dfrazzia gegen eine angebliche &#8220;Terrorgruppierung&#8221; in der sogenannten &#8220;Reichsb\u00fcrger-Szene&#8221; am Mittwoch d\u00fcrfte nur die erste in einer ganzen Reihe [&hellip;]\" \/>\n<meta property=\"og:url\" content=\"https:\/\/now-news.de\/de\/deutschland\/razzia-in-reichsbuerger-szene-duerfte-erst-der-anfang-gewesen-sein\/\" \/>\n<meta property=\"og:site_name\" content=\"just-now.NEWS Deutschland\" \/>\n<meta property=\"article:publisher\" content=\"https:\/\/www.facebook.com\/wirmachenauf\" \/>\n<meta property=\"article:published_time\" content=\"2022-12-08T16:28:59+00:00\" \/>\n<meta property=\"og:image\" content=\"https:\/\/now-news.de\/de\/wp-content\/uploads\/sites\/3\/2022\/12\/Razzia-in-quotReichsbuerger-Szenequot-duerfte-erst-der-Anfang-gewesen-sein.jpeg\" \/>\n\t<meta property=\"og:image:width\" content=\"460\" \/>\n\t<meta property=\"og:image:height\" content=\"259\" \/>\n\t<meta property=\"og:image:type\" content=\"image\/jpeg\" \/>\n<meta name=\"author\" content=\"rtnews\" \/>\n<meta name=\"twitter:card\" content=\"summary_large_image\" \/>\n<meta name=\"twitter:creator\" content=\"@WirMachenAuf_de\" \/>\n<meta name=\"twitter:site\" content=\"@WirMachenAuf_de\" \/>\n<meta name=\"twitter:label1\" content=\"Verfasst von\" \/>\n\t<meta name=\"twitter:data1\" content=\"rtnews\" \/>\n\t<meta name=\"twitter:label2\" content=\"Gesch\u00e4tzte Lesezeit\" \/>\n\t<meta name=\"twitter:data2\" content=\"5\u00a0Minuten\" \/>\n<script type=\"application\/ld+json\" class=\"yoast-schema-graph\">{\"@context\":\"https:\/\/schema.org\",\"@graph\":[{\"@type\":\"Article\",\"@id\":\"https:\/\/now-news.de\/de\/deutschland\/razzia-in-reichsbuerger-szene-duerfte-erst-der-anfang-gewesen-sein\/#article\",\"isPartOf\":{\"@id\":\"https:\/\/now-news.de\/de\/deutschland\/razzia-in-reichsbuerger-szene-duerfte-erst-der-anfang-gewesen-sein\/\"},\"author\":{\"name\":\"rtnews\",\"@id\":\"https:\/\/now-news.de\/de\/#\/schema\/person\/fb534a4e865501d8b3285208df34a9b5\"},\"headline\":\"Razzia in &quot;Reichsb\u00fcrger-Szene&quot; d\u00fcrfte erst der Anfang gewesen sein\",\"datePublished\":\"2022-12-08T16:28:59+00:00\",\"dateModified\":\"2022-12-08T16:28:59+00:00\",\"mainEntityOfPage\":{\"@id\":\"https:\/\/now-news.de\/de\/deutschland\/razzia-in-reichsbuerger-szene-duerfte-erst-der-anfang-gewesen-sein\/\"},\"wordCount\":1047,\"commentCount\":0,\"publisher\":{\"@id\":\"https:\/\/now-news.de\/de\/#organization\"},\"image\":{\"@id\":\"https:\/\/now-news.de\/de\/deutschland\/razzia-in-reichsbuerger-szene-duerfte-erst-der-anfang-gewesen-sein\/#primaryimage\"},\"thumbnailUrl\":\"https:\/\/now-news.de\/de\/wp-content\/uploads\/sites\/3\/2022\/12\/Razzia-in-quotReichsbuerger-Szenequot-duerfte-erst-der-Anfang-gewesen-sein.jpeg\",\"keywords\":[\"Anfang\",\"der\",\"d\u00fcrfte\",\"erst\",\"gewesen\",\"quotReichsb\u00fcrgerSzenequot\",\"Razzia\",\"sein\"],\"articleSection\":[\"Deutschland\",\"Russland\"],\"inLanguage\":\"de\",\"potentialAction\":[{\"@type\":\"CommentAction\",\"name\":\"Comment\",\"target\":[\"https:\/\/now-news.de\/de\/deutschland\/razzia-in-reichsbuerger-szene-duerfte-erst-der-anfang-gewesen-sein\/#respond\"]}]},{\"@type\":\"WebPage\",\"@id\":\"https:\/\/now-news.de\/de\/deutschland\/razzia-in-reichsbuerger-szene-duerfte-erst-der-anfang-gewesen-sein\/\",\"url\":\"https:\/\/now-news.de\/de\/deutschland\/razzia-in-reichsbuerger-szene-duerfte-erst-der-anfang-gewesen-sein\/\",\"name\":\"Razzia in &quot;Reichsb\u00fcrger-Szene&quot; d\u00fcrfte erst der Anfang gewesen sein - just-now.NEWS Deutschland\",\"isPartOf\":{\"@id\":\"https:\/\/now-news.de\/de\/#website\"},\"primaryImageOfPage\":{\"@id\":\"https:\/\/now-news.de\/de\/deutschland\/razzia-in-reichsbuerger-szene-duerfte-erst-der-anfang-gewesen-sein\/#primaryimage\"},\"image\":{\"@id\":\"https:\/\/now-news.de\/de\/deutschland\/razzia-in-reichsbuerger-szene-duerfte-erst-der-anfang-gewesen-sein\/#primaryimage\"},\"thumbnailUrl\":\"https:\/\/now-news.de\/de\/wp-content\/uploads\/sites\/3\/2022\/12\/Razzia-in-quotReichsbuerger-Szenequot-duerfte-erst-der-Anfang-gewesen-sein.jpeg\",\"datePublished\":\"2022-12-08T16:28:59+00:00\",\"dateModified\":\"2022-12-08T16:28:59+00:00\",\"breadcrumb\":{\"@id\":\"https:\/\/now-news.de\/de\/deutschland\/razzia-in-reichsbuerger-szene-duerfte-erst-der-anfang-gewesen-sein\/#breadcrumb\"},\"inLanguage\":\"de\",\"potentialAction\":[{\"@type\":\"ReadAction\",\"target\":[\"https:\/\/now-news.de\/de\/deutschland\/razzia-in-reichsbuerger-szene-duerfte-erst-der-anfang-gewesen-sein\/\"]}]},{\"@type\":\"ImageObject\",\"inLanguage\":\"de\",\"@id\":\"https:\/\/now-news.de\/de\/deutschland\/razzia-in-reichsbuerger-szene-duerfte-erst-der-anfang-gewesen-sein\/#primaryimage\",\"url\":\"https:\/\/now-news.de\/de\/wp-content\/uploads\/sites\/3\/2022\/12\/Razzia-in-quotReichsbuerger-Szenequot-duerfte-erst-der-Anfang-gewesen-sein.jpeg\",\"contentUrl\":\"https:\/\/now-news.de\/de\/wp-content\/uploads\/sites\/3\/2022\/12\/Razzia-in-quotReichsbuerger-Szenequot-duerfte-erst-der-Anfang-gewesen-sein.jpeg\",\"width\":460,\"height\":259,\"caption\":\"Razzia in &quot;Reichsb\u00fcrger-Szene&quot; d\u00fcrfte erst der Anfang gewesen sein\"},{\"@type\":\"BreadcrumbList\",\"@id\":\"https:\/\/now-news.de\/de\/deutschland\/razzia-in-reichsbuerger-szene-duerfte-erst-der-anfang-gewesen-sein\/#breadcrumb\",\"itemListElement\":[{\"@type\":\"ListItem\",\"position\":1,\"name\":\"Home\",\"item\":\"https:\/\/now-news.de\/de\/\"},{\"@type\":\"ListItem\",\"position\":2,\"name\":\"Razzia in &quot;Reichsb\u00fcrger-Szene&quot; d\u00fcrfte erst der Anfang gewesen sein\"}]},{\"@type\":\"WebSite\",\"@id\":\"https:\/\/now-news.de\/de\/#website\",\"url\":\"https:\/\/now-news.de\/de\/\",\"name\":\"just-now.NEWS Deutschland\",\"description\":\"Das Portal f\u00fcr unzensierte Nachrichten aus der Welt\",\"publisher\":{\"@id\":\"https:\/\/now-news.de\/de\/#organization\"},\"potentialAction\":[{\"@type\":\"SearchAction\",\"target\":{\"@type\":\"EntryPoint\",\"urlTemplate\":\"https:\/\/now-news.de\/de\/?s={search_term_string}\"},\"query-input\":\"required name=search_term_string\"}],\"inLanguage\":\"de\"},{\"@type\":\"Organization\",\"@id\":\"https:\/\/now-news.de\/de\/#organization\",\"name\":\"Just Now News\",\"url\":\"https:\/\/now-news.de\/de\/\",\"logo\":{\"@type\":\"ImageObject\",\"inLanguage\":\"de\",\"@id\":\"https:\/\/now-news.de\/de\/#\/schema\/logo\/image\/\",\"url\":\"http:\/\/just-now.news\/de\/wp-content\/uploads\/sites\/3\/2022\/04\/logo500x500.jpg\",\"contentUrl\":\"http:\/\/just-now.news\/de\/wp-content\/uploads\/sites\/3\/2022\/04\/logo500x500.jpg\",\"width\":500,\"height\":500,\"caption\":\"Just Now News\"},\"image\":{\"@id\":\"https:\/\/now-news.de\/de\/#\/schema\/logo\/image\/\"},\"sameAs\":[\"https:\/\/www.facebook.com\/wirmachenauf\",\"https:\/\/x.com\/WirMachenAuf_de\"]},{\"@type\":\"Person\",\"@id\":\"https:\/\/now-news.de\/de\/#\/schema\/person\/fb534a4e865501d8b3285208df34a9b5\",\"name\":\"rtnews\",\"image\":{\"@type\":\"ImageObject\",\"inLanguage\":\"de\",\"@id\":\"https:\/\/now-news.de\/de\/#\/schema\/person\/image\/\",\"url\":\"https:\/\/secure.gravatar.com\/avatar\/82aafea7d8127119dd649515f56e2117?s=96&d=mm&r=g\",\"contentUrl\":\"https:\/\/secure.gravatar.com\/avatar\/82aafea7d8127119dd649515f56e2117?s=96&d=mm&r=g\",\"caption\":\"rtnews\"},\"url\":\"https:\/\/now-news.de\/de\/author\/rnews\/\"}]}<\/script>\n<!-- \/ Yoast SEO Premium plugin. -->","yoast_head_json":{"title":"Razzia in &quot;Reichsb\u00fcrger-Szene&quot; d\u00fcrfte erst der Anfang gewesen sein - just-now.NEWS Deutschland","robots":{"index":"index","follow":"follow","max-snippet":"max-snippet:-1","max-image-preview":"max-image-preview:large","max-video-preview":"max-video-preview:-1"},"canonical":"https:\/\/now-news.de\/de\/deutschland\/razzia-in-reichsbuerger-szene-duerfte-erst-der-anfang-gewesen-sein\/","og_locale":"de_DE","og_type":"article","og_title":"Razzia in &quot;Reichsb\u00fcrger-Szene&quot; d\u00fcrfte erst der Anfang gewesen sein","og_description":"25 M\u00e4nner und Frauen sind am Mittwoch festgenommen worden, weil sie nach Darstellung der Generalstaatsanwaltschaft einen &#8220;Umsturz des Staates&#8221; vorbereitet oder unterst\u00fctzt haben sollen. Einen Tag sp\u00e4ter drohen die Beh\u00f6rden mit weiteren Razzien und Festnahmen. Die Gro\u00dfrazzia gegen eine angebliche &#8220;Terrorgruppierung&#8221; in der sogenannten &#8220;Reichsb\u00fcrger-Szene&#8221; am Mittwoch d\u00fcrfte nur die erste in einer ganzen Reihe [&hellip;]","og_url":"https:\/\/now-news.de\/de\/deutschland\/razzia-in-reichsbuerger-szene-duerfte-erst-der-anfang-gewesen-sein\/","og_site_name":"just-now.NEWS Deutschland","article_publisher":"https:\/\/www.facebook.com\/wirmachenauf","article_published_time":"2022-12-08T16:28:59+00:00","og_image":[{"width":460,"height":259,"url":"https:\/\/now-news.de\/de\/wp-content\/uploads\/sites\/3\/2022\/12\/Razzia-in-quotReichsbuerger-Szenequot-duerfte-erst-der-Anfang-gewesen-sein.jpeg","type":"image\/jpeg"}],"author":"rtnews","twitter_card":"summary_large_image","twitter_creator":"@WirMachenAuf_de","twitter_site":"@WirMachenAuf_de","twitter_misc":{"Verfasst von":"rtnews","Gesch\u00e4tzte Lesezeit":"5\u00a0Minuten"},"schema":{"@context":"https:\/\/schema.org","@graph":[{"@type":"Article","@id":"https:\/\/now-news.de\/de\/deutschland\/razzia-in-reichsbuerger-szene-duerfte-erst-der-anfang-gewesen-sein\/#article","isPartOf":{"@id":"https:\/\/now-news.de\/de\/deutschland\/razzia-in-reichsbuerger-szene-duerfte-erst-der-anfang-gewesen-sein\/"},"author":{"name":"rtnews","@id":"https:\/\/now-news.de\/de\/#\/schema\/person\/fb534a4e865501d8b3285208df34a9b5"},"headline":"Razzia in &quot;Reichsb\u00fcrger-Szene&quot; d\u00fcrfte erst der Anfang gewesen sein","datePublished":"2022-12-08T16:28:59+00:00","dateModified":"2022-12-08T16:28:59+00:00","mainEntityOfPage":{"@id":"https:\/\/now-news.de\/de\/deutschland\/razzia-in-reichsbuerger-szene-duerfte-erst-der-anfang-gewesen-sein\/"},"wordCount":1047,"commentCount":0,"publisher":{"@id":"https:\/\/now-news.de\/de\/#organization"},"image":{"@id":"https:\/\/now-news.de\/de\/deutschland\/razzia-in-reichsbuerger-szene-duerfte-erst-der-anfang-gewesen-sein\/#primaryimage"},"thumbnailUrl":"https:\/\/now-news.de\/de\/wp-content\/uploads\/sites\/3\/2022\/12\/Razzia-in-quotReichsbuerger-Szenequot-duerfte-erst-der-Anfang-gewesen-sein.jpeg","keywords":["Anfang","der","d\u00fcrfte","erst","gewesen","quotReichsb\u00fcrgerSzenequot","Razzia","sein"],"articleSection":["Deutschland","Russland"],"inLanguage":"de","potentialAction":[{"@type":"CommentAction","name":"Comment","target":["https:\/\/now-news.de\/de\/deutschland\/razzia-in-reichsbuerger-szene-duerfte-erst-der-anfang-gewesen-sein\/#respond"]}]},{"@type":"WebPage","@id":"https:\/\/now-news.de\/de\/deutschland\/razzia-in-reichsbuerger-szene-duerfte-erst-der-anfang-gewesen-sein\/","url":"https:\/\/now-news.de\/de\/deutschland\/razzia-in-reichsbuerger-szene-duerfte-erst-der-anfang-gewesen-sein\/","name":"Razzia in &quot;Reichsb\u00fcrger-Szene&quot; d\u00fcrfte erst der Anfang gewesen sein - just-now.NEWS Deutschland","isPartOf":{"@id":"https:\/\/now-news.de\/de\/#website"},"primaryImageOfPage":{"@id":"https:\/\/now-news.de\/de\/deutschland\/razzia-in-reichsbuerger-szene-duerfte-erst-der-anfang-gewesen-sein\/#primaryimage"},"image":{"@id":"https:\/\/now-news.de\/de\/deutschland\/razzia-in-reichsbuerger-szene-duerfte-erst-der-anfang-gewesen-sein\/#primaryimage"},"thumbnailUrl":"https:\/\/now-news.de\/de\/wp-content\/uploads\/sites\/3\/2022\/12\/Razzia-in-quotReichsbuerger-Szenequot-duerfte-erst-der-Anfang-gewesen-sein.jpeg","datePublished":"2022-12-08T16:28:59+00:00","dateModified":"2022-12-08T16:28:59+00:00","breadcrumb":{"@id":"https:\/\/now-news.de\/de\/deutschland\/razzia-in-reichsbuerger-szene-duerfte-erst-der-anfang-gewesen-sein\/#breadcrumb"},"inLanguage":"de","potentialAction":[{"@type":"ReadAction","target":["https:\/\/now-news.de\/de\/deutschland\/razzia-in-reichsbuerger-szene-duerfte-erst-der-anfang-gewesen-sein\/"]}]},{"@type":"ImageObject","inLanguage":"de","@id":"https:\/\/now-news.de\/de\/deutschland\/razzia-in-reichsbuerger-szene-duerfte-erst-der-anfang-gewesen-sein\/#primaryimage","url":"https:\/\/now-news.de\/de\/wp-content\/uploads\/sites\/3\/2022\/12\/Razzia-in-quotReichsbuerger-Szenequot-duerfte-erst-der-Anfang-gewesen-sein.jpeg","contentUrl":"https:\/\/now-news.de\/de\/wp-content\/uploads\/sites\/3\/2022\/12\/Razzia-in-quotReichsbuerger-Szenequot-duerfte-erst-der-Anfang-gewesen-sein.jpeg","width":460,"height":259,"caption":"Razzia in &quot;Reichsb\u00fcrger-Szene&quot; d\u00fcrfte erst der Anfang gewesen sein"},{"@type":"BreadcrumbList","@id":"https:\/\/now-news.de\/de\/deutschland\/razzia-in-reichsbuerger-szene-duerfte-erst-der-anfang-gewesen-sein\/#breadcrumb","itemListElement":[{"@type":"ListItem","position":1,"name":"Home","item":"https:\/\/now-news.de\/de\/"},{"@type":"ListItem","position":2,"name":"Razzia in &quot;Reichsb\u00fcrger-Szene&quot; d\u00fcrfte erst der Anfang gewesen sein"}]},{"@type":"WebSite","@id":"https:\/\/now-news.de\/de\/#website","url":"https:\/\/now-news.de\/de\/","name":"just-now.NEWS Deutschland","description":"Das Portal f\u00fcr unzensierte Nachrichten aus der Welt","publisher":{"@id":"https:\/\/now-news.de\/de\/#organization"},"potentialAction":[{"@type":"SearchAction","target":{"@type":"EntryPoint","urlTemplate":"https:\/\/now-news.de\/de\/?s={search_term_string}"},"query-input":"required name=search_term_string"}],"inLanguage":"de"},{"@type":"Organization","@id":"https:\/\/now-news.de\/de\/#organization","name":"Just Now News","url":"https:\/\/now-news.de\/de\/","logo":{"@type":"ImageObject","inLanguage":"de","@id":"https:\/\/now-news.de\/de\/#\/schema\/logo\/image\/","url":"http:\/\/just-now.news\/de\/wp-content\/uploads\/sites\/3\/2022\/04\/logo500x500.jpg","contentUrl":"http:\/\/just-now.news\/de\/wp-content\/uploads\/sites\/3\/2022\/04\/logo500x500.jpg","width":500,"height":500,"caption":"Just Now News"},"image":{"@id":"https:\/\/now-news.de\/de\/#\/schema\/logo\/image\/"},"sameAs":["https:\/\/www.facebook.com\/wirmachenauf","https:\/\/x.com\/WirMachenAuf_de"]},{"@type":"Person","@id":"https:\/\/now-news.de\/de\/#\/schema\/person\/fb534a4e865501d8b3285208df34a9b5","name":"rtnews","image":{"@type":"ImageObject","inLanguage":"de","@id":"https:\/\/now-news.de\/de\/#\/schema\/person\/image\/","url":"https:\/\/secure.gravatar.com\/avatar\/82aafea7d8127119dd649515f56e2117?s=96&d=mm&r=g","contentUrl":"https:\/\/secure.gravatar.com\/avatar\/82aafea7d8127119dd649515f56e2117?s=96&d=mm&r=g","caption":"rtnews"},"url":"https:\/\/now-news.de\/de\/author\/rnews\/"}]}},"_links":{"self":[{"href":"https:\/\/now-news.de\/de\/wp-json\/wp\/v2\/posts\/25001"}],"collection":[{"href":"https:\/\/now-news.de\/de\/wp-json\/wp\/v2\/posts"}],"about":[{"href":"https:\/\/now-news.de\/de\/wp-json\/wp\/v2\/types\/post"}],"author":[{"embeddable":true,"href":"https:\/\/now-news.de\/de\/wp-json\/wp\/v2\/users\/3"}],"replies":[{"embeddable":true,"href":"https:\/\/now-news.de\/de\/wp-json\/wp\/v2\/comments?post=25001"}],"version-history":[{"count":0,"href":"https:\/\/now-news.de\/de\/wp-json\/wp\/v2\/posts\/25001\/revisions"}],"wp:featuredmedia":[{"embeddable":true,"href":"https:\/\/now-news.de\/de\/wp-json\/wp\/v2\/media\/25002"}],"wp:attachment":[{"href":"https:\/\/now-news.de\/de\/wp-json\/wp\/v2\/media?parent=25001"}],"wp:term":[{"taxonomy":"category","embeddable":true,"href":"https:\/\/now-news.de\/de\/wp-json\/wp\/v2\/categories?post=25001"},{"taxonomy":"post_tag","embeddable":true,"href":"https:\/\/now-news.de\/de\/wp-json\/wp\/v2\/tags?post=25001"}],"curies":[{"name":"wp","href":"https:\/\/api.w.org\/{rel}","templated":true}]}}