{"id":24876,"date":"2022-12-07T09:31:58","date_gmt":"2022-12-07T07:31:58","guid":{"rendered":"https:\/\/just-now.news\/de\/deutschland\/sonne-ist-treibende-kraft-hinter-wetter-und-klima-warum-dann-die-aufregung-ums-co%e2%82%82\/"},"modified":"2022-12-07T09:31:58","modified_gmt":"2022-12-07T07:31:58","slug":"sonne-ist-treibende-kraft-hinter-wetter-und-klima-warum-dann-die-aufregung-ums-co%e2%82%82","status":"publish","type":"post","link":"https:\/\/now-news.de\/de\/deutschland\/sonne-ist-treibende-kraft-hinter-wetter-und-klima-warum-dann-die-aufregung-ums-co%e2%82%82\/","title":{"rendered":"&quot;Sonne ist treibende Kraft hinter Wetter und Klima&quot; \u2013 Warum dann die Aufregung ums CO\u2082?"},"content":{"rendered":"<p><img decoding=\"async\" src=\"http:\/\/just-now.news\/de\/wp-content\/uploads\/sites\/3\/2022\/12\/638df767b480cc3aca2fb367.jpg\" \/><\/p>\n<div class=\"Text-root Text-type_1 \">\n                Bei einer kurzen Unterbrechung der Wettervorschau am Freitag erl\u00e4utert der ServusTV-Moderator kurz mal das Modell der unterschiedlichen Klimazonen auf der Erde. Dabei stellte er fest, dass prim\u00e4r die Sonne f\u00fcr das Klima auf unserem Planeten verantwortlich ist. Wenn das stimmen w\u00fcrde, wozu dann die Panik um den CO\u2082-Anstieg?\n            <\/div>\n<p><\/p>\n<div class=\"Text-root Text-type_5 ArticleView-text ViewText-root \">\n<p><em>Von Felicitas Rabe<\/em><\/p>\n<p>Von dem gro\u00dfen Hype um die Klima-Aktivistin Greta Thunberg, die in den vergangenen Jahren den <a rel=\"nofollow noopener\" target=\"_blank\" href=\"https:\/\/www.spiegel.de\/panorama\/gesellschaft\/greta-thunberg-trifft-papst-franziskus-aufforderung-zum-klima-streik-a-1263337.html\">Papst<\/a>, den <a rel=\"nofollow noopener\" target=\"_blank\" href=\"https:\/\/www.n-tv.de\/leute\/Prinz-Charles-outet-sich-als-Greta-Fan-article21526971.html\">Hochadel (zum Beispiel den damaligen Kronprinzen Charles) <\/a>und <a rel=\"nofollow noopener\" target=\"_blank\" href=\"https:\/\/www.welt.de\/politik\/ausland\/plus200539810\/Bill-Gates-Sorge-wegen-des-Klimawandels-Lob-fuer-Greta-Thunberg.html\">bedeutsame<\/a> politische <a rel=\"nofollow noopener\" target=\"_blank\" href=\"https:\/\/www.sueddeutsche.de\/politik\/trump-greta-davos-1.4765325\">Akteure (etwa beim WEF)<\/a> aufsuchte und als neuer Superstar die \u00a0politische und gesellschaftliche <a rel=\"nofollow noopener\" target=\"_blank\" href=\"https:\/\/www.gala.de\/stars\/starportraets\/greta-thunberg-22216732.html\">Prominenz<\/a> beehrte, ist nicht mehr viel zu h\u00f6ren. Auch die Massenproteste und &#8220;Klimastreiks&#8221; der FFF-Bewegung Fridays for Future sind zum Erliegen gekommen. Ein paar wenige, neue Aktivisten inszenieren daf\u00fcr umso gr\u00f6\u00dfere Spektakel im <a rel=\"nofollow noopener\" target=\"_blank\" href=\"https:\/\/www.bz-berlin.de\/welt\/klima-aktivisten-kleben-sich-an-goya-gemaelden-fest\">Kulturbetrieb<\/a> und im Stra\u00dfenverkehr.<\/p>\n<p>Am kalten Montagmorgen klebten sich die Aktivisten der &#8220;Letzten Generation&#8221; in ihrem speziellen Kampf gegen eine &#8220;menschengemachte Erderw\u00e4rmung&#8221; auf den Berliner Stra\u00dfen wieder auf den Asphalt. Dar\u00fcber <a rel=\"nofollow noopener\" target=\"_blank\" href=\"https:\/\/www.bz-berlin.de\/berlin\/mitte\/klima-kleber-starten-in-neue-blockade-welle\">berichtete<\/a> auch die Berliner Zeitung. Allerdings scheint die gesellschaftliche Akzeptanz f\u00fcr die Klimaaktivisten trotz des gro\u00dfen Medienrummels um das Anliegen der &#8220;Letzten Generation&#8221; merklich nachzulassen.<\/p>\n<p>Die Stra\u00dfenkleber werden nunmehr nicht mehr von Schulschw\u00e4nzern unterst\u00fctzt, und erhalten auch kaum Zuspruch von klimabesorgten Passanten. Stattdessen regen sich vielerorts <a rel=\"nofollow noopener\" target=\"_blank\" href=\"https:\/\/www.bz-berlin.de\/meinung\/klima-kleber-bringen-nur-arbeitende-menschen-gegen-sich-auf\">genervte Berufspendlern<\/a> auf. Kippt jetzt das Narrativ vom Katastrophenszenarium &#8220;Klimawandel&#8221;?<\/p>\n<p>V\u00f6llig unerwartet <a rel=\"nofollow noopener\" target=\"_blank\" href=\"https:\/\/www.servustv.com\/aktuelles\/v\/aalgb981jmdqu0l2l38m\/\">verbreitete<\/a> der Sender <em>ServusTV<\/em> zum letzten Wochenende eine anscheinend neue Erkenntnis. Mitten in der Ank\u00fcndigung des zu erwartenden Winterwetters f\u00fcr den n\u00e4chsten Tag unterbrach der Wettermoderator des Senders seinen Wetterbericht (ab Minute 2:22). Mit der \u00dcberleitung, er pers\u00f6nlich f\u00e4nde es schon faszinierend, wie verschieden das Klima sein k\u00f6nne, f\u00fcgte er dann unvermittelt seine Sicht auf das Klima ein:<\/p>\n<p>&#8220;Und da schauen wir doch gleich mal auf die gro\u00dfen Klimazonen der Erde.&#8221; Es folgte seine kurze Erl\u00e4uterung der Klimazoneneinteilung von der subtropischen bis zur polaren Zone,\u00a0so wie sie bereits der ber\u00fchmte deutsche Naturforscher Alexander von Humboldt als Erster <a rel=\"nofollow noopener\" target=\"_blank\" href=\"https:\/\/www.spektrum.de\/news\/wie-sich-humboldts-vegetationszonen-veraendert-haben\/1647876\">beschrieben<\/a> hatte. Wesentliche klimatischen Unterschiede verursachen die unterschiedlichen Winkel der Sonneneinstrahlung auf die Erde, erl\u00e4uterte der Wettermoderator das Klimazonenmodell in weniger als einer Minute Sendezeit. Dann fasste er zusammen:<\/p>\n<blockquote>\n<p><em>&#8220;Also ist die Sonne die treibende Kraft hinter Wetter und Klima.&#8221;<\/em><\/p>\n<\/blockquote>\n<p>Mit anderen Worten, nach der Auffassung beim <em>ServusTV<\/em> w\u00fcrden das Klima und die unterschiedlichen Klimazonen auf diesem Planeten Erde wesentlich durch die Sonne verursacht und nicht durch den CO\u2082-Aussto\u00df von Autos, Kohlekraftwerken und die speziellen &#8220;Ausd\u00fcnstungen&#8221; von K\u00fchen und Schweinen.<\/p>\n<p>Und im Politmagazin <em>Cicero<\/em>\u00a0<a rel=\"nofollow noopener\" target=\"_blank\" href=\"https:\/\/www.cicero.de\/innenpolitik\/weniger-al-gore-und-etwas-mehr-wissenschaft\/47506\">bezeichnete<\/a> der Wirtschaftsjournalist Wolf Lotter im Interviewbeitrag &#8220;Weniger Al Gore und etwas mehr Wissenschaft&#8221; die Klimaberichterstattung als &#8220;Untergangsterror&#8221; und fordert eine offene Debatte \u00fcber die Klimaforschung. Nach Lotters Auffassung werde die Diskussion auch von Wirtschaftsinteressen beeinflusst:<\/p>\n<blockquote>\n<p><em>&#8220;Es gibt da auch starke politische und \u00f6konomische Interessen, am Thema &#8216;Weltuntergang qua anthropogenem Treibhauseffekt&#8217; festzuhalten: Die Wohlstandsnationen haben nat\u00fcrlich wenig Interesse am Aufstieg der Schwellenl\u00e4nder.&#8221;, so Lotter im Interview.<\/em><\/p>\n<\/blockquote>\n<p>Im <a rel=\"nofollow noopener\" target=\"_blank\" href=\"https:\/\/eike-klima-energie.eu\/2021\/05\/21\/co2-zertifikate-handel-der-eu-treibt-kleine-firmen-in-den-bankrott\/\">Artikel<\/a> &#8221; CO\u2082-Zertifikate-Handel der EU treibt kleine Firmen in den Bankrott&#8221; spezifiziert Alex G\u00f6hring auf der Internetseite\u00a0<a rel=\"nofollow noopener\" target=\"_blank\" href=\"https:\/\/eike-klima-energie.eu\">https:\/\/eike-klima-energie.eu<\/a> die Interessenlagen.<\/p>\n<p>Nach G\u00f6hring diene die Theorie vom angeblich &#8220;menschengemachten&#8221; Klimawandel vorzugsweise der Spekulation mit sogenannten CO\u2082-Zertifikaten. Im s\u00e4chsischen Leipzig, Augustusplatz 9, befinde sich der Haupthandelsplatz f\u00fcr das Gesch\u00e4ft mit &#8220;Klimawandel-Aktien&#8221;. Bei der Leipziger &#8220;European Energy Exchange AG&#8221; w\u00fcrde man nach einem \u00e4hnlichen Schema wie dem Luftrechtehandel beim Bau von Wolkenkratzern agieren: Wer als Bauherr unter der maximal erlaubten Bauh\u00f6he baut, darf die eingesparten Meter als Rechte an den Nachbarn verkaufen, der dann entsprechend \u00fcber der\u00a0erlaubten H\u00f6he bauen darf.<\/p>\n<p>Dementsprechend w\u00fcrden Unternehmen, die sich zum Beispiel teure Investitionen und Filteranlagen leisten k\u00f6nnen, mit ihren damit eingesparten Emissionen handeln. Kleine und mittlere Unternehmen, f\u00fcr die solche Umbauten zu teuer sind, m\u00fcssen dann die &#8220;Verschmutzungsrechte&#8221; als CO\u2082-Zertifikate bei den Gro\u00dfkonzernen kaufen. Dass das lukrativ sein kann, zeige laut G\u00f6hring das Tesla-Gesch\u00e4ftsmodell von Elon Musk:<\/p>\n<blockquote>\n<p><em>&#8220;Seine Milliarden (&gt;100) kommen \u00fcberwiegend von eben jenen Verschmutzungsrechten, die ihm die Produzenten von Verbrennungsmotoren zahlen m\u00fcssen.&#8221;<\/em><\/p>\n<\/blockquote>\n<p>Dabei seien seine Tesla-Autos gar nicht CO\u2082-\u00e4rmer. Die Stromboliden w\u00fcrden bei der Herstellung der Akkus deutlich mehr Ressourcen und Energie verbrauchen als zum Beispiel ein deutscher Dieselmotor. Das k\u00f6nne sich erst nach l\u00e4ngerer Zeit amortisieren,\u00a0wenn der Ladestrom nur aus erneuerbaren Quellen k\u00e4me \u2013 was aber gar nicht m\u00f6glich sei. Der Zertifikate-Handel sei also eine Wettbewerbsverzerrung vorzugsweise f\u00fcr den Profit von Gro\u00dfkonzernen oder deren reiche Anleger.<\/p>\n<p>Kleben sich die &#8220;Klimaaktivisten&#8221; also letztlich etwa f\u00fcr den Profit reicher Aktion\u00e4re, deren CO\u2082-Gesch\u00e4fte in Leipzig gemanagt werden, an Kunstwerke und auf Stra\u00dfen?<\/p>\n<p><strong>Mehr zum Thema<\/strong> &#8211; <a rel=\"nofollow noopener\" target=\"_blank\" href=\"https:\/\/pressefreiheit.rtde.tech\/inland\/150306-blackrock-konferenz-in-potsdam-wie\/\">BlackRock-Konferenz in Potsdam \u2013 Wie Ausbeutung und Umverteilung weltweit gesteuert werden<\/a><\/p>\n<\/div>\n<p><br \/>\n<br \/><a href=\"https:\/\/de.rt.com\/meinung\/156358-servustv-sonne-ist-treibende-kraft\/\">Source link <\/a><\/p>\n","protected":false},"excerpt":{"rendered":"<p>Bei einer kurzen Unterbrechung der Wettervorschau am Freitag erl\u00e4utert der ServusTV-Moderator kurz mal das Modell der unterschiedlichen Klimazonen auf der Erde. Dabei stellte er fest, dass prim\u00e4r die Sonne f\u00fcr das Klima auf unserem Planeten verantwortlich ist. Wenn das stimmen w\u00fcrde, wozu dann die Panik um den CO\u2082-Anstieg? Von Felicitas Rabe Von dem gro\u00dfen Hype [&hellip;]<\/p>\n","protected":false},"author":3,"featured_media":24877,"comment_status":"open","ping_status":"open","sticky":false,"template":"","format":"standard","meta":{"_yoast_indexnow_last_ping":["1670398981"],"wp_automatic_camp":["217"],"f5de87d009f65dab8afe660bb79b5e91":["&quot;Sonne ist treibende Kraft hinter Wetter und Klima&quot; \u2013 Warum dann die Aufregung ums CO\u2082?"],"original_link":["https:\/\/de.rt.com\/meinung\/156358-servustv-sonne-ist-treibende-kraft\/"],"_thumbnail_id":["24877"],"jnews_social_counter_last_update":["1777644694"],"_wptgpro_p2tg_sent2tg":["a:1:{i:23737;s:19:\"2022-12-07 09:44:03\";}"]},"categories":[19,23],"tags":[18709,37125,4468,45,4440,414,37124,13722,25052,37123,20867,140,1289,8949],"yoast_head":"<!-- This site is optimized with the Yoast SEO Premium plugin v22.7 (Yoast SEO v22.7) - https:\/\/yoast.com\/wordpress\/plugins\/seo\/ -->\n<title>&quot;Sonne ist treibende Kraft hinter Wetter und Klima&quot; \u2013 Warum dann die Aufregung ums CO\u2082? - just-now.NEWS Deutschland<\/title>\n<meta name=\"robots\" content=\"index, follow, max-snippet:-1, max-image-preview:large, max-video-preview:-1\" \/>\n<link rel=\"canonical\" href=\"https:\/\/now-news.de\/de\/deutschland\/sonne-ist-treibende-kraft-hinter-wetter-und-klima-warum-dann-die-aufregung-ums-co\u2082\/\" \/>\n<meta property=\"og:locale\" content=\"de_DE\" \/>\n<meta property=\"og:type\" content=\"article\" \/>\n<meta property=\"og:title\" content=\"&quot;Sonne ist treibende Kraft hinter Wetter und Klima&quot; \u2013 Warum dann die Aufregung ums CO\u2082?\" \/>\n<meta property=\"og:description\" content=\"Bei einer kurzen Unterbrechung der Wettervorschau am Freitag erl\u00e4utert der ServusTV-Moderator kurz mal das Modell der unterschiedlichen Klimazonen auf der Erde. Dabei stellte er fest, dass prim\u00e4r die Sonne f\u00fcr das Klima auf unserem Planeten verantwortlich ist. Wenn das stimmen w\u00fcrde, wozu dann die Panik um den CO\u2082-Anstieg? Von Felicitas Rabe Von dem gro\u00dfen Hype [&hellip;]\" \/>\n<meta property=\"og:url\" content=\"https:\/\/now-news.de\/de\/deutschland\/sonne-ist-treibende-kraft-hinter-wetter-und-klima-warum-dann-die-aufregung-ums-co\u2082\/\" \/>\n<meta property=\"og:site_name\" content=\"just-now.NEWS Deutschland\" \/>\n<meta property=\"article:publisher\" content=\"https:\/\/www.facebook.com\/wirmachenauf\" \/>\n<meta property=\"article:published_time\" content=\"2022-12-07T07:31:58+00:00\" \/>\n<meta property=\"og:image\" content=\"https:\/\/now-news.de\/de\/wp-content\/uploads\/sites\/3\/2022\/12\/quotSonne-ist-treibende-Kraft-hinter-Wetter-und-Klimaquot-\u2013-Warum.jpg\" \/>\n\t<meta property=\"og:image:width\" content=\"460\" \/>\n\t<meta property=\"og:image:height\" content=\"259\" \/>\n\t<meta property=\"og:image:type\" content=\"image\/jpeg\" \/>\n<meta name=\"author\" content=\"rtnews\" \/>\n<meta name=\"twitter:card\" content=\"summary_large_image\" \/>\n<meta name=\"twitter:creator\" content=\"@WirMachenAuf_de\" \/>\n<meta name=\"twitter:site\" content=\"@WirMachenAuf_de\" \/>\n<meta name=\"twitter:label1\" content=\"Verfasst von\" \/>\n\t<meta name=\"twitter:data1\" content=\"rtnews\" \/>\n\t<meta name=\"twitter:label2\" content=\"Gesch\u00e4tzte Lesezeit\" \/>\n\t<meta name=\"twitter:data2\" content=\"4\u00a0Minuten\" \/>\n<script type=\"application\/ld+json\" class=\"yoast-schema-graph\">{\"@context\":\"https:\/\/schema.org\",\"@graph\":[{\"@type\":\"Article\",\"@id\":\"https:\/\/now-news.de\/de\/deutschland\/sonne-ist-treibende-kraft-hinter-wetter-und-klima-warum-dann-die-aufregung-ums-co%e2%82%82\/#article\",\"isPartOf\":{\"@id\":\"https:\/\/now-news.de\/de\/deutschland\/sonne-ist-treibende-kraft-hinter-wetter-und-klima-warum-dann-die-aufregung-ums-co%e2%82%82\/\"},\"author\":{\"name\":\"rtnews\",\"@id\":\"https:\/\/now-news.de\/de\/#\/schema\/person\/fb534a4e865501d8b3285208df34a9b5\"},\"headline\":\"&quot;Sonne ist treibende Kraft hinter Wetter und Klima&quot; \u2013 Warum dann die Aufregung ums CO\u2082?\",\"datePublished\":\"2022-12-07T07:31:58+00:00\",\"dateModified\":\"2022-12-07T07:31:58+00:00\",\"mainEntityOfPage\":{\"@id\":\"https:\/\/now-news.de\/de\/deutschland\/sonne-ist-treibende-kraft-hinter-wetter-und-klima-warum-dann-die-aufregung-ums-co%e2%82%82\/\"},\"wordCount\":819,\"commentCount\":0,\"publisher\":{\"@id\":\"https:\/\/now-news.de\/de\/#organization\"},\"image\":{\"@id\":\"https:\/\/now-news.de\/de\/deutschland\/sonne-ist-treibende-kraft-hinter-wetter-und-klima-warum-dann-die-aufregung-ums-co%e2%82%82\/#primaryimage\"},\"thumbnailUrl\":\"https:\/\/now-news.de\/de\/wp-content\/uploads\/sites\/3\/2022\/12\/quotSonne-ist-treibende-Kraft-hinter-Wetter-und-Klimaquot-\u2013-Warum.jpg\",\"keywords\":[\"Aufregung\",\"CO\u2082\",\"dann\",\"die\",\"hinter\",\"ist\",\"Klimaquot\",\"Kraft\",\"quotSonne\",\"treibende\",\"ums\",\"und\",\"Warum\",\"wetter\"],\"articleSection\":[\"Deutschland\",\"Russland\"],\"inLanguage\":\"de\",\"potentialAction\":[{\"@type\":\"CommentAction\",\"name\":\"Comment\",\"target\":[\"https:\/\/now-news.de\/de\/deutschland\/sonne-ist-treibende-kraft-hinter-wetter-und-klima-warum-dann-die-aufregung-ums-co%e2%82%82\/#respond\"]}]},{\"@type\":\"WebPage\",\"@id\":\"https:\/\/now-news.de\/de\/deutschland\/sonne-ist-treibende-kraft-hinter-wetter-und-klima-warum-dann-die-aufregung-ums-co%e2%82%82\/\",\"url\":\"https:\/\/now-news.de\/de\/deutschland\/sonne-ist-treibende-kraft-hinter-wetter-und-klima-warum-dann-die-aufregung-ums-co%e2%82%82\/\",\"name\":\"&quot;Sonne ist treibende Kraft hinter Wetter und Klima&quot; \u2013 Warum dann die Aufregung ums CO\u2082? - just-now.NEWS Deutschland\",\"isPartOf\":{\"@id\":\"https:\/\/now-news.de\/de\/#website\"},\"primaryImageOfPage\":{\"@id\":\"https:\/\/now-news.de\/de\/deutschland\/sonne-ist-treibende-kraft-hinter-wetter-und-klima-warum-dann-die-aufregung-ums-co%e2%82%82\/#primaryimage\"},\"image\":{\"@id\":\"https:\/\/now-news.de\/de\/deutschland\/sonne-ist-treibende-kraft-hinter-wetter-und-klima-warum-dann-die-aufregung-ums-co%e2%82%82\/#primaryimage\"},\"thumbnailUrl\":\"https:\/\/now-news.de\/de\/wp-content\/uploads\/sites\/3\/2022\/12\/quotSonne-ist-treibende-Kraft-hinter-Wetter-und-Klimaquot-\u2013-Warum.jpg\",\"datePublished\":\"2022-12-07T07:31:58+00:00\",\"dateModified\":\"2022-12-07T07:31:58+00:00\",\"breadcrumb\":{\"@id\":\"https:\/\/now-news.de\/de\/deutschland\/sonne-ist-treibende-kraft-hinter-wetter-und-klima-warum-dann-die-aufregung-ums-co%e2%82%82\/#breadcrumb\"},\"inLanguage\":\"de\",\"potentialAction\":[{\"@type\":\"ReadAction\",\"target\":[\"https:\/\/now-news.de\/de\/deutschland\/sonne-ist-treibende-kraft-hinter-wetter-und-klima-warum-dann-die-aufregung-ums-co%e2%82%82\/\"]}]},{\"@type\":\"ImageObject\",\"inLanguage\":\"de\",\"@id\":\"https:\/\/now-news.de\/de\/deutschland\/sonne-ist-treibende-kraft-hinter-wetter-und-klima-warum-dann-die-aufregung-ums-co%e2%82%82\/#primaryimage\",\"url\":\"https:\/\/now-news.de\/de\/wp-content\/uploads\/sites\/3\/2022\/12\/quotSonne-ist-treibende-Kraft-hinter-Wetter-und-Klimaquot-\u2013-Warum.jpg\",\"contentUrl\":\"https:\/\/now-news.de\/de\/wp-content\/uploads\/sites\/3\/2022\/12\/quotSonne-ist-treibende-Kraft-hinter-Wetter-und-Klimaquot-\u2013-Warum.jpg\",\"width\":460,\"height\":259,\"caption\":\"&quot;Sonne ist treibende Kraft hinter Wetter und Klima&quot; \u2013 Warum dann die Aufregung ums CO\u2082?\"},{\"@type\":\"BreadcrumbList\",\"@id\":\"https:\/\/now-news.de\/de\/deutschland\/sonne-ist-treibende-kraft-hinter-wetter-und-klima-warum-dann-die-aufregung-ums-co%e2%82%82\/#breadcrumb\",\"itemListElement\":[{\"@type\":\"ListItem\",\"position\":1,\"name\":\"Home\",\"item\":\"https:\/\/now-news.de\/de\/\"},{\"@type\":\"ListItem\",\"position\":2,\"name\":\"&quot;Sonne ist treibende Kraft hinter Wetter und Klima&quot; \u2013 Warum dann die Aufregung ums CO\u2082?\"}]},{\"@type\":\"WebSite\",\"@id\":\"https:\/\/now-news.de\/de\/#website\",\"url\":\"https:\/\/now-news.de\/de\/\",\"name\":\"just-now.NEWS Deutschland\",\"description\":\"Das Portal f\u00fcr unzensierte Nachrichten aus der Welt\",\"publisher\":{\"@id\":\"https:\/\/now-news.de\/de\/#organization\"},\"potentialAction\":[{\"@type\":\"SearchAction\",\"target\":{\"@type\":\"EntryPoint\",\"urlTemplate\":\"https:\/\/now-news.de\/de\/?s={search_term_string}\"},\"query-input\":\"required name=search_term_string\"}],\"inLanguage\":\"de\"},{\"@type\":\"Organization\",\"@id\":\"https:\/\/now-news.de\/de\/#organization\",\"name\":\"Just Now News\",\"url\":\"https:\/\/now-news.de\/de\/\",\"logo\":{\"@type\":\"ImageObject\",\"inLanguage\":\"de\",\"@id\":\"https:\/\/now-news.de\/de\/#\/schema\/logo\/image\/\",\"url\":\"http:\/\/just-now.news\/de\/wp-content\/uploads\/sites\/3\/2022\/04\/logo500x500.jpg\",\"contentUrl\":\"http:\/\/just-now.news\/de\/wp-content\/uploads\/sites\/3\/2022\/04\/logo500x500.jpg\",\"width\":500,\"height\":500,\"caption\":\"Just Now News\"},\"image\":{\"@id\":\"https:\/\/now-news.de\/de\/#\/schema\/logo\/image\/\"},\"sameAs\":[\"https:\/\/www.facebook.com\/wirmachenauf\",\"https:\/\/x.com\/WirMachenAuf_de\"]},{\"@type\":\"Person\",\"@id\":\"https:\/\/now-news.de\/de\/#\/schema\/person\/fb534a4e865501d8b3285208df34a9b5\",\"name\":\"rtnews\",\"image\":{\"@type\":\"ImageObject\",\"inLanguage\":\"de\",\"@id\":\"https:\/\/now-news.de\/de\/#\/schema\/person\/image\/\",\"url\":\"https:\/\/secure.gravatar.com\/avatar\/82aafea7d8127119dd649515f56e2117?s=96&d=mm&r=g\",\"contentUrl\":\"https:\/\/secure.gravatar.com\/avatar\/82aafea7d8127119dd649515f56e2117?s=96&d=mm&r=g\",\"caption\":\"rtnews\"},\"url\":\"https:\/\/now-news.de\/de\/author\/rnews\/\"}]}<\/script>\n<!-- \/ Yoast SEO Premium plugin. -->","yoast_head_json":{"title":"&quot;Sonne ist treibende Kraft hinter Wetter und Klima&quot; \u2013 Warum dann die Aufregung ums CO\u2082? - just-now.NEWS Deutschland","robots":{"index":"index","follow":"follow","max-snippet":"max-snippet:-1","max-image-preview":"max-image-preview:large","max-video-preview":"max-video-preview:-1"},"canonical":"https:\/\/now-news.de\/de\/deutschland\/sonne-ist-treibende-kraft-hinter-wetter-und-klima-warum-dann-die-aufregung-ums-co\u2082\/","og_locale":"de_DE","og_type":"article","og_title":"&quot;Sonne ist treibende Kraft hinter Wetter und Klima&quot; \u2013 Warum dann die Aufregung ums CO\u2082?","og_description":"Bei einer kurzen Unterbrechung der Wettervorschau am Freitag erl\u00e4utert der ServusTV-Moderator kurz mal das Modell der unterschiedlichen Klimazonen auf der Erde. Dabei stellte er fest, dass prim\u00e4r die Sonne f\u00fcr das Klima auf unserem Planeten verantwortlich ist. Wenn das stimmen w\u00fcrde, wozu dann die Panik um den CO\u2082-Anstieg? Von Felicitas Rabe Von dem gro\u00dfen Hype [&hellip;]","og_url":"https:\/\/now-news.de\/de\/deutschland\/sonne-ist-treibende-kraft-hinter-wetter-und-klima-warum-dann-die-aufregung-ums-co\u2082\/","og_site_name":"just-now.NEWS Deutschland","article_publisher":"https:\/\/www.facebook.com\/wirmachenauf","article_published_time":"2022-12-07T07:31:58+00:00","og_image":[{"width":460,"height":259,"url":"https:\/\/now-news.de\/de\/wp-content\/uploads\/sites\/3\/2022\/12\/quotSonne-ist-treibende-Kraft-hinter-Wetter-und-Klimaquot-\u2013-Warum.jpg","type":"image\/jpeg"}],"author":"rtnews","twitter_card":"summary_large_image","twitter_creator":"@WirMachenAuf_de","twitter_site":"@WirMachenAuf_de","twitter_misc":{"Verfasst von":"rtnews","Gesch\u00e4tzte Lesezeit":"4\u00a0Minuten"},"schema":{"@context":"https:\/\/schema.org","@graph":[{"@type":"Article","@id":"https:\/\/now-news.de\/de\/deutschland\/sonne-ist-treibende-kraft-hinter-wetter-und-klima-warum-dann-die-aufregung-ums-co%e2%82%82\/#article","isPartOf":{"@id":"https:\/\/now-news.de\/de\/deutschland\/sonne-ist-treibende-kraft-hinter-wetter-und-klima-warum-dann-die-aufregung-ums-co%e2%82%82\/"},"author":{"name":"rtnews","@id":"https:\/\/now-news.de\/de\/#\/schema\/person\/fb534a4e865501d8b3285208df34a9b5"},"headline":"&quot;Sonne ist treibende Kraft hinter Wetter und Klima&quot; \u2013 Warum dann die Aufregung ums CO\u2082?","datePublished":"2022-12-07T07:31:58+00:00","dateModified":"2022-12-07T07:31:58+00:00","mainEntityOfPage":{"@id":"https:\/\/now-news.de\/de\/deutschland\/sonne-ist-treibende-kraft-hinter-wetter-und-klima-warum-dann-die-aufregung-ums-co%e2%82%82\/"},"wordCount":819,"commentCount":0,"publisher":{"@id":"https:\/\/now-news.de\/de\/#organization"},"image":{"@id":"https:\/\/now-news.de\/de\/deutschland\/sonne-ist-treibende-kraft-hinter-wetter-und-klima-warum-dann-die-aufregung-ums-co%e2%82%82\/#primaryimage"},"thumbnailUrl":"https:\/\/now-news.de\/de\/wp-content\/uploads\/sites\/3\/2022\/12\/quotSonne-ist-treibende-Kraft-hinter-Wetter-und-Klimaquot-\u2013-Warum.jpg","keywords":["Aufregung","CO\u2082","dann","die","hinter","ist","Klimaquot","Kraft","quotSonne","treibende","ums","und","Warum","wetter"],"articleSection":["Deutschland","Russland"],"inLanguage":"de","potentialAction":[{"@type":"CommentAction","name":"Comment","target":["https:\/\/now-news.de\/de\/deutschland\/sonne-ist-treibende-kraft-hinter-wetter-und-klima-warum-dann-die-aufregung-ums-co%e2%82%82\/#respond"]}]},{"@type":"WebPage","@id":"https:\/\/now-news.de\/de\/deutschland\/sonne-ist-treibende-kraft-hinter-wetter-und-klima-warum-dann-die-aufregung-ums-co%e2%82%82\/","url":"https:\/\/now-news.de\/de\/deutschland\/sonne-ist-treibende-kraft-hinter-wetter-und-klima-warum-dann-die-aufregung-ums-co%e2%82%82\/","name":"&quot;Sonne ist treibende Kraft hinter Wetter und Klima&quot; \u2013 Warum dann die Aufregung ums CO\u2082? - just-now.NEWS Deutschland","isPartOf":{"@id":"https:\/\/now-news.de\/de\/#website"},"primaryImageOfPage":{"@id":"https:\/\/now-news.de\/de\/deutschland\/sonne-ist-treibende-kraft-hinter-wetter-und-klima-warum-dann-die-aufregung-ums-co%e2%82%82\/#primaryimage"},"image":{"@id":"https:\/\/now-news.de\/de\/deutschland\/sonne-ist-treibende-kraft-hinter-wetter-und-klima-warum-dann-die-aufregung-ums-co%e2%82%82\/#primaryimage"},"thumbnailUrl":"https:\/\/now-news.de\/de\/wp-content\/uploads\/sites\/3\/2022\/12\/quotSonne-ist-treibende-Kraft-hinter-Wetter-und-Klimaquot-\u2013-Warum.jpg","datePublished":"2022-12-07T07:31:58+00:00","dateModified":"2022-12-07T07:31:58+00:00","breadcrumb":{"@id":"https:\/\/now-news.de\/de\/deutschland\/sonne-ist-treibende-kraft-hinter-wetter-und-klima-warum-dann-die-aufregung-ums-co%e2%82%82\/#breadcrumb"},"inLanguage":"de","potentialAction":[{"@type":"ReadAction","target":["https:\/\/now-news.de\/de\/deutschland\/sonne-ist-treibende-kraft-hinter-wetter-und-klima-warum-dann-die-aufregung-ums-co%e2%82%82\/"]}]},{"@type":"ImageObject","inLanguage":"de","@id":"https:\/\/now-news.de\/de\/deutschland\/sonne-ist-treibende-kraft-hinter-wetter-und-klima-warum-dann-die-aufregung-ums-co%e2%82%82\/#primaryimage","url":"https:\/\/now-news.de\/de\/wp-content\/uploads\/sites\/3\/2022\/12\/quotSonne-ist-treibende-Kraft-hinter-Wetter-und-Klimaquot-\u2013-Warum.jpg","contentUrl":"https:\/\/now-news.de\/de\/wp-content\/uploads\/sites\/3\/2022\/12\/quotSonne-ist-treibende-Kraft-hinter-Wetter-und-Klimaquot-\u2013-Warum.jpg","width":460,"height":259,"caption":"&quot;Sonne ist treibende Kraft hinter Wetter und Klima&quot; \u2013 Warum dann die Aufregung ums CO\u2082?"},{"@type":"BreadcrumbList","@id":"https:\/\/now-news.de\/de\/deutschland\/sonne-ist-treibende-kraft-hinter-wetter-und-klima-warum-dann-die-aufregung-ums-co%e2%82%82\/#breadcrumb","itemListElement":[{"@type":"ListItem","position":1,"name":"Home","item":"https:\/\/now-news.de\/de\/"},{"@type":"ListItem","position":2,"name":"&quot;Sonne ist treibende Kraft hinter Wetter und Klima&quot; \u2013 Warum dann die Aufregung ums CO\u2082?"}]},{"@type":"WebSite","@id":"https:\/\/now-news.de\/de\/#website","url":"https:\/\/now-news.de\/de\/","name":"just-now.NEWS Deutschland","description":"Das Portal f\u00fcr unzensierte Nachrichten aus der Welt","publisher":{"@id":"https:\/\/now-news.de\/de\/#organization"},"potentialAction":[{"@type":"SearchAction","target":{"@type":"EntryPoint","urlTemplate":"https:\/\/now-news.de\/de\/?s={search_term_string}"},"query-input":"required name=search_term_string"}],"inLanguage":"de"},{"@type":"Organization","@id":"https:\/\/now-news.de\/de\/#organization","name":"Just Now News","url":"https:\/\/now-news.de\/de\/","logo":{"@type":"ImageObject","inLanguage":"de","@id":"https:\/\/now-news.de\/de\/#\/schema\/logo\/image\/","url":"http:\/\/just-now.news\/de\/wp-content\/uploads\/sites\/3\/2022\/04\/logo500x500.jpg","contentUrl":"http:\/\/just-now.news\/de\/wp-content\/uploads\/sites\/3\/2022\/04\/logo500x500.jpg","width":500,"height":500,"caption":"Just Now News"},"image":{"@id":"https:\/\/now-news.de\/de\/#\/schema\/logo\/image\/"},"sameAs":["https:\/\/www.facebook.com\/wirmachenauf","https:\/\/x.com\/WirMachenAuf_de"]},{"@type":"Person","@id":"https:\/\/now-news.de\/de\/#\/schema\/person\/fb534a4e865501d8b3285208df34a9b5","name":"rtnews","image":{"@type":"ImageObject","inLanguage":"de","@id":"https:\/\/now-news.de\/de\/#\/schema\/person\/image\/","url":"https:\/\/secure.gravatar.com\/avatar\/82aafea7d8127119dd649515f56e2117?s=96&d=mm&r=g","contentUrl":"https:\/\/secure.gravatar.com\/avatar\/82aafea7d8127119dd649515f56e2117?s=96&d=mm&r=g","caption":"rtnews"},"url":"https:\/\/now-news.de\/de\/author\/rnews\/"}]}},"_links":{"self":[{"href":"https:\/\/now-news.de\/de\/wp-json\/wp\/v2\/posts\/24876"}],"collection":[{"href":"https:\/\/now-news.de\/de\/wp-json\/wp\/v2\/posts"}],"about":[{"href":"https:\/\/now-news.de\/de\/wp-json\/wp\/v2\/types\/post"}],"author":[{"embeddable":true,"href":"https:\/\/now-news.de\/de\/wp-json\/wp\/v2\/users\/3"}],"replies":[{"embeddable":true,"href":"https:\/\/now-news.de\/de\/wp-json\/wp\/v2\/comments?post=24876"}],"version-history":[{"count":0,"href":"https:\/\/now-news.de\/de\/wp-json\/wp\/v2\/posts\/24876\/revisions"}],"wp:featuredmedia":[{"embeddable":true,"href":"https:\/\/now-news.de\/de\/wp-json\/wp\/v2\/media\/24877"}],"wp:attachment":[{"href":"https:\/\/now-news.de\/de\/wp-json\/wp\/v2\/media?parent=24876"}],"wp:term":[{"taxonomy":"category","embeddable":true,"href":"https:\/\/now-news.de\/de\/wp-json\/wp\/v2\/categories?post=24876"},{"taxonomy":"post_tag","embeddable":true,"href":"https:\/\/now-news.de\/de\/wp-json\/wp\/v2\/tags?post=24876"}],"curies":[{"name":"wp","href":"https:\/\/api.w.org\/{rel}","templated":true}]}}