{"id":24872,"date":"2022-12-07T08:08:00","date_gmt":"2022-12-07T06:08:00","guid":{"rendered":"http:\/\/just-now.news\/de\/deutschland\/liveticker-ukraine-krieg-who-mehr-als-17-000-zivilisten-seit-februar-in-der-ukraine-getoetet\/"},"modified":"2022-12-07T08:08:00","modified_gmt":"2022-12-07T06:08:00","slug":"liveticker-ukraine-krieg-who-mehr-als-17-000-zivilisten-seit-februar-in-der-ukraine-getoetet","status":"publish","type":"post","link":"https:\/\/now-news.de\/de\/deutschland\/liveticker-ukraine-krieg-who-mehr-als-17-000-zivilisten-seit-februar-in-der-ukraine-getoetet\/","title":{"rendered":"Liveticker Ukraine-Krieg \u2013 WHO: Mehr als 17.000 Zivilisten seit Februar in der Ukraine get\u00f6tet"},"content":{"rendered":"<div class=\"Text-root Text-type_1 \">\n                Russland f\u00fchrt gemeinsam mit den Streitkr\u00e4ften der Donbass-Republiken eine Milit\u00e4roperation in der Ukraine durch. Der Westen reagiert mit immer neuen Waffenlieferungen an die Ukraine und beispiellosen Sanktionen gegen Russland. Lesen Sie hier die neuesten Entwicklungen.\n            <\/div>\n<p><\/p>\n<div class=\"ArticleView-liveUpdates\">\n<div class=\"LiveUpdates-root\">\n<div class=\"LiveUpdates-content\">\n<ul class=\"LiveUpdates-list Listing-root\" data-listing=\"LiveUpdates\" data-count=\"10\">\n<li class=\"LiveUpdates-item Listing-item\">\n<div class=\"LiveUpdates-date\">\n<p class=\"HeaderNews-root HeaderNews-type_2 \">\n                7.12.2022 07:09 Uhr\n            <\/p>\n<\/div>\n<div class=\"LiveUpdate-root\">\n<div class=\"LiveUpdate-date\">\n<p class=\"HeaderNews-root HeaderNews-type_6 \">\n                07:09 Uhr\n            <\/p>\n<\/div>\n<div class=\"LiveUpdate-content\">\n<div class=\"LiveUpdate-text\">\n<div class=\"Text-root Text-type_5 ViewText-root\">\n<p><strong>Weltgesundheitsorganisation: Mehr als 17.000 Zivilisten seit Februar in der Ukraine get\u00f6tet<\/strong><\/p>\n<p>Die Zahl der in der Ukraine seit Februar get\u00f6teten Zivilisten hat 17.000 \u00fcberschritten. Unter den Get\u00f6teten sind mehr als 400 Kinder. Dies berichtete UN-Nothilfekoordinator Martin Griffiths am Dienstag vor dem UN-Sicherheitsrat. Er sagte:<\/p>\n<p><em>&#8220;Nach Angaben des B\u00fcros des Hohen Kommissars der Vereinten Nationen f\u00fcr Menschenrechte wurden seit dem 24. Februar 2022 bis zum 1. Dezember 17.023 Zivilisten get\u00f6tet, darunter 419 Kinder. Wir wissen jedoch, dass die tats\u00e4chliche Zahl weitaus gr\u00f6\u00dfer ist.&#8221;<\/em><\/p>\n<p>Dar\u00fcber hinaus habe die Weltgesundheitsorganisation mindestens 715 Angriffe auf das Gesundheitswesen im Land registriert. Insgesamt 630 Gesundheitseinrichtungen angegriffen geworden, in 61 F\u00e4llen seien Mitarbeiter betroffen gewesen.<\/p>\n<p>Laut Griffiths wurden mehr als 14 Millionen Menschen gewaltsam aus ihrer Heimat in der Ukraine vertrieben. Es gebe 6,5 Millionen Binnenvertriebene und mehr als 7,8 Millionen Fl\u00fcchtlinge aus der Ukraine verteilten sich \u00fcber ganz Europa. Die aktuelle kalte Jahreszeit stelle eine besondere Bedrohung f\u00fcr die Zivilbev\u00f6lkerung dar, so Griffiths weiter.<\/p>\n<\/div>\n<\/div>\n<\/div>\n<\/div>\n<\/li>\n<li class=\"LiveUpdates-item Listing-item\">\n<div class=\"LiveUpdates-date\">\n<p class=\"HeaderNews-root HeaderNews-type_2 \">\n                6.12.2022 23:00 Uhr\n            <\/p>\n<\/div>\n<div class=\"LiveUpdate-root\">\n<div class=\"LiveUpdate-date\">\n<p class=\"HeaderNews-root HeaderNews-type_6 \">\n                23:00 Uhr\n            <\/p>\n<\/div>\n<div class=\"LiveUpdate-content\">\n<div class=\"LiveUpdate-text\">\n<div class=\"Text-root Text-type_5 ViewText-root\">\n<p>Damit beenden wir f\u00fcr heute den Live-Ticker zur Lage im Ukraine-Konflikt. Morgen fr\u00fch ab 7 Uhr geht es mit der Berichterstattung weiter. Wir w\u00fcnschen unseren Lesern trotz aller Spannungen in der Welt eine gute Nacht!<\/p>\n<\/div>\n<\/div>\n<\/div>\n<\/div>\n<\/li>\n<li class=\"LiveUpdates-item Listing-item\">\n<div class=\"LiveUpdate-root\">\n<div class=\"LiveUpdate-date\">\n<p class=\"HeaderNews-root HeaderNews-type_6 \">\n                22:55 Uhr\n            <\/p>\n<\/div>\n<div class=\"LiveUpdate-content\">\n<div class=\"LiveUpdate-text\">\n<div class=\"Text-root Text-type_5 ViewText-root\">\n<p><strong>Neue Panzerabwehrkanonen f\u00fcr Polen<\/strong><\/p>\n<p>Der Telegram-Kanal <em>Wojennyj Oswedomitel<\/em>\u00a0<a rel=\"nofollow noopener\" target=\"_blank\" href=\"https:\/\/t.me\/milinfolive\/94132?single\">meldet<\/a> die Lieferung einer ersten Ladung von 24 koreanischen 155-Millimeter-Panzerabwehrkanonen vom Typ K9 Thunder.<\/p>\n<p>Die schweren Waffen seien im Hafen von Gdynia entladen worden.<\/p>\n<\/div>\n<\/div>\n<\/div>\n<\/div>\n<\/li>\n<li class=\"LiveUpdates-item Listing-item\">\n<div class=\"LiveUpdate-root\">\n<div class=\"LiveUpdate-date\">\n<p class=\"HeaderNews-root HeaderNews-type_6 \">\n                22:48 Uhr\n            <\/p>\n<\/div>\n<div class=\"LiveUpdate-content\">\n<div class=\"LiveUpdate-text\">\n<div class=\"Text-root Text-type_5 ViewText-root\">\n<p><strong>Polen will deutsches Flugabwehr-Angebot akzeptieren: keine Patriots in der Ukraine<\/strong><\/p>\n<figure class=\"RTImage-root\">\n<div class=\"RTImage-image RTImage-original\"><picture class=\"Picture-root Picture-original\"><!--[if IE 9]><video style=\"display: none;\"><![endif]--><source media=\"(-webkit-min-device-pixel-ratio: 2) and (min-resolution: 120dpi)\" data-srcset=\" \nhttp:\/\/just-now.news\/de\/wp-content\/uploads\/sites\/3\/2022\/12\/638fae0748fbef397d67816d.jpg 850w,\n                http:\/\/just-now.news\/de\/wp-content\/uploads\/sites\/3\/2022\/12\/638fae0748fbef397d67816d.jpg 1960w,\n            \" ><source data-srcset=\" \nhttp:\/\/just-now.news\/de\/wp-content\/uploads\/sites\/3\/2022\/12\/638fae0748fbef397d67816d.jpg 460w,\n              http:\/\/just-now.news\/de\/wp-content\/uploads\/sites\/3\/2022\/12\/638fae0748fbef397d67816d.jpg 980w,\n            \" ><!--[if IE 9]><\/video><![endif]--><img decoding=\"async\" data- src=\"data:image\/png;base64,iVBORw0KGgoAAAANSUhEUgAAABAAAAAJCAQAAACRI2S5AAAAEElEQVR42mNkIAAYRxWAAQAG9gAKqv6+AwAAAABJRU5ErkJggg==\" class=\"Picture-root Picture-original lazyload\" data-src=\"http:\/\/just-now.news\/de\/wp-content\/uploads\/sites\/3\/2022\/12\/638fae0748fbef397d67816d.jpg\" alt=\"\"><\/source><\/source><\/picture><!-- noscript pattern --><noscript><img decoding=\"async\" src=\"http:\/\/just-now.news\/de\/wp-content\/uploads\/sites\/3\/2022\/12\/638fae0748fbef397d67816d.jpg\" alt=\"\"><\/noscript><\/div><figcaption class=\"RTImage-footer\"><span class=\"RTImage-caption\"><span class=\"RTImage-captionItem\">Archivbild: Ein Patriot-Flugabwehrsystem der Bundeswehr.<\/span><\/span><span class=\"RTImage-source\"><span class=\"RTImage-captionItem\">BERND WUSTNECK<\/span><span class=\"RTImage-captionItem\"> \/ AFP<\/span><\/span><\/figcaption><\/figure>\n<p>Polen will die von Deutschland zur Verteidigung seines Luftraums angebotenen Patriot-Flugabwehrsysteme nun doch annehmen, meldet die\u00a0<em>Deutsche Presse-Agentur<\/em>. Man arbeite daran, die Patriots auf polnischem Gebiet zu stationieren und sie dem polnischen Kommandosystem zu unterstellen,\u00a0<a rel=\"nofollow noopener\" target=\"_blank\" href=\"https:\/\/twitter.com\/mblaszczak\/status\/1600189525401157635\">schrieb<\/a>\u00a0Polens Verteidigungsminister Mariusz Blaszczak auf Twitter.\u00a0<\/p>\n<p>Allerdings hatte Verteidigungsministerin Christine Lambrecht (SPD) bereits darauf bestanden, dass die deutschen Flugabwehrsysteme Teil der integrierten NATO-Luftverteidigung sind. Davon, die Waffensysteme einem polnischen Kommando zu unterstellen, war zun\u00e4chst keine Rede.<\/p>\n<p>Vor zwei Wochen hatte Lambrecht die Verlegung der Patriots nach Polen vorgeschlagen. Blaszczak nahm das Angebot zun\u00e4chst an. Einen Tag sp\u00e4ter schlug er jedoch \u00fcberraschend vor, die deutsche Flugabwehr statt in Polen auf ukrainischem Gebiet zu stationieren. Dies hatte in Berlin f\u00fcr Verstimmung gesorgt. Nun schrieb Blaszak hierzu:<\/p>\n<p><em>&#8220;Nach einer Diskussion mit dem deutschen Verteidigungsministerium war ich entt\u00e4uscht \u00fcber die Entscheidung, die Unterst\u00fctzung f\u00fcr die Ukraine abzulehnen. Die Stationierung von Patriots in der Westukraine w\u00fcrde die Sicherheit von Polen und Ukrainern erh\u00f6hen.&#8221;<\/em><\/p>\n<p>Inzwischen arbeite man daher daran, die Patriots in Polen zu stationieren.<\/p>\n<\/div>\n<\/div>\n<\/div>\n<\/div>\n<\/li>\n<li class=\"LiveUpdates-item Listing-item\">\n<div class=\"LiveUpdate-root\">\n<div class=\"LiveUpdate-date\">\n<p class=\"HeaderNews-root HeaderNews-type_6 \">\n                22:30 Uhr\n            <\/p>\n<\/div>\n<div class=\"LiveUpdate-content\">\n<div class=\"LiveUpdate-text\">\n<div class=\"Text-root Text-type_5 ViewText-root\">\n<p><strong>Luftalarm am Flughafen der Stadt Engels<\/strong><\/p>\n<p>Wie der Telegram-Kanal <em>Readovka<\/em>\u00a0<a rel=\"nofollow noopener\" target=\"_blank\" href=\"https:\/\/t.me\/readovkanews\/48384\">meldet<\/a>, haben Einwohner der Stadt Engels an der Wolga einen kurzen Videoclip ver\u00f6ffentlicht, der das Ert\u00f6nen einer Luftschutzsirene in der N\u00e4he jenes Flugplatzes zeigt, der gestern Ziel eines Drohnenangriffs geworden war.<\/p>\n<p>Es wird vermutet, der Alarm sei ausgel\u00f6st worden, um die Systeme zu testen.<\/p>\n<p>Nach Angaben von Anwohnern und Medienberichten aus Engels sei die Lage jetzt ruhig. Bei dem Alarm habe es sich lediglich um eine \u00dcbung gehandelt.<\/p>\n<\/div>\n<\/div>\n<\/div>\n<\/div>\n<\/li>\n<li class=\"LiveUpdates-item Listing-item\">\n<div class=\"LiveUpdate-root\">\n<div class=\"LiveUpdate-date\">\n<p class=\"HeaderNews-root HeaderNews-type_6 \">\n                22:05 Uhr\n            <\/p>\n<\/div>\n<div class=\"LiveUpdate-content\">\n<div class=\"LiveUpdate-text\">\n<div class=\"Text-root Text-type_5 ViewText-root\">\n<p><strong>UN-Botschafter Nebensja: Russland zu Verhandlungen \u00fcber eine L\u00f6sung der Ukraine-Frage bereit<\/strong><\/p>\n<figure class=\"RTImage-root\">\n<div class=\"RTImage-image RTImage-original\"><picture class=\"Picture-root Picture-original\"><!--[if IE 9]><video style=\"display: none;\"><![endif]--><source media=\"(-webkit-min-device-pixel-ratio: 2) and (min-resolution: 120dpi)\" data-srcset=\" \nhttp:\/\/just-now.news\/de\/wp-content\/uploads\/sites\/3\/2022\/12\/638fab33b480cc2da32db5bf.jpg 850w,\n                http:\/\/just-now.news\/de\/wp-content\/uploads\/sites\/3\/2022\/12\/638fab33b480cc2da32db5be.jpg 1960w,\n            \" ><source data-srcset=\" \nhttp:\/\/just-now.news\/de\/wp-content\/uploads\/sites\/3\/2022\/12\/638fab33b480cc2da32db5bf.jpg 460w,\n              http:\/\/just-now.news\/de\/wp-content\/uploads\/sites\/3\/2022\/12\/638fab33b480cc2da32db5be.jpg 980w,\n            \" ><!--[if IE 9]><\/video><![endif]--><img decoding=\"async\" data- src=\"data:image\/png;base64,iVBORw0KGgoAAAANSUhEUgAAABAAAAAJCAQAAACRI2S5AAAAEElEQVR42mNkIAAYRxWAAQAG9gAKqv6+AwAAAABJRU5ErkJggg==\" class=\"Picture-root Picture-original lazyload\" data-src=\"http:\/\/just-now.news\/de\/wp-content\/uploads\/sites\/3\/2022\/12\/638fab33b480cc2da32db5bf.jpg\" alt=\"\"><\/source><\/source><\/picture><!-- noscript pattern --><noscript><img decoding=\"async\" src=\"http:\/\/just-now.news\/de\/wp-content\/uploads\/sites\/3\/2022\/12\/638fab33b480cc2da32db5be.jpg\" alt=\"\"><\/noscript><\/div><figcaption class=\"RTImage-footer\"><span class=\"RTImage-caption\"><span class=\"RTImage-captionItem\">Russlands Botschafter bei der UNO, Wassili Nebensja, w\u00e4hrend seiner Rede vor der UN-Generalversammlung in New York, 10. Oktober 2022<\/span><\/span><span class=\"RTImage-source\"><span class=\"RTImage-captionItem\">Andrea RENAULT \/ AFP<\/span><span class=\"RTImage-captionItem\"> \/ AFP<\/span><\/span><\/figcaption><\/figure>\n<p>Wie\u00a0<em>TASS<\/em>\u00a0<a rel=\"nofollow noopener\" target=\"_blank\" href=\"https:\/\/tass.ru\/politika\/16517809\">meldet<\/a>, habe Russland seine Bereitschaft zu Verhandlungen bekr\u00e4ftigt, um jene Gr\u00fcnde zu beseitigen, die es zur Einleitung einer besonderen Milit\u00e4roperation in der Ukraine gezwungen haben. Dies erkl\u00e4rte der St\u00e4ndige Vertreter Russlands im UN-Sicherheitsrat, Wassili Nebensja, am Dienstag. Er sagte w\u00f6rtlich:<\/p>\n<p><em>&#8220;Bei den Debatten \u00fcber die Ukraine-Krise in der Generalversammlung haben wir das Interesse einer gro\u00dfen Mehrheit der Mitgliedstaaten an einer diplomatischen L\u00f6sung der Situation in der Ukraine festgestellt. Wir reagieren auf diese Signale mit aller Ernsthaftigkeit und bekr\u00e4ftigen unsere Bereitschaft zu Verhandlungen, um die Gr\u00fcnde zu beseitigen, die uns zu einer besonderen Milit\u00e4roperation in der Ukraine gezwungen haben.&#8221;<\/em><\/p>\n<p>Nebensja f\u00fcgte hinzu:<\/p>\n<p><em>&#8220;Diese Logik wird von fast allen Staaten verstanden, au\u00dfer von den L\u00e4ndern des kollektiven Westens und dem Kiewer Regime.&#8221;<\/em><\/p>\n<\/div>\n<\/div>\n<\/div>\n<\/div>\n<\/li>\n<li class=\"LiveUpdates-item Listing-item\">\n<div class=\"LiveUpdate-root\">\n<div class=\"LiveUpdate-date\">\n<p class=\"HeaderNews-root HeaderNews-type_6 \">\n                21:37 Uhr\n            <\/p>\n<\/div>\n<div class=\"LiveUpdate-content\">\n<div class=\"LiveUpdate-text\">\n<div class=\"Text-root Text-type_5 ViewText-root\">\n<p><strong>Russlands Menschenrechtsrat: Oberstes Gericht der Ukraine betreibt Rehabilitierung des Nazismus<\/strong><\/p>\n<figure class=\"RTImage-root\">\n<div class=\"RTImage-image RTImage-original\"><picture class=\"Picture-root Picture-original\"><!--[if IE 9]><video style=\"display: none;\"><![endif]--><source media=\"(-webkit-min-device-pixel-ratio: 2) and (min-resolution: 120dpi)\" data-srcset=\" \nhttp:\/\/just-now.news\/de\/wp-content\/uploads\/sites\/3\/2022\/12\/638fa48148fbef397d67815c.jpg 850w,\n                http:\/\/just-now.news\/de\/wp-content\/uploads\/sites\/3\/2022\/12\/638fa48148fbef397d67815c.jpg 1960w,\n            \" ><source data-srcset=\" \nhttp:\/\/just-now.news\/de\/wp-content\/uploads\/sites\/3\/2022\/12\/638fa48148fbef397d67815c.jpg 460w,\n              http:\/\/just-now.news\/de\/wp-content\/uploads\/sites\/3\/2022\/12\/638fa48148fbef397d67815c.jpg 980w,\n            \" ><!--[if IE 9]><\/video><![endif]--><img decoding=\"async\" data- src=\"data:image\/png;base64,iVBORw0KGgoAAAANSUhEUgAAABAAAAAJCAQAAACRI2S5AAAAEElEQVR42mNkIAAYRxWAAQAG9gAKqv6+AwAAAABJRU5ErkJggg==\" class=\"Picture-root Picture-original lazyload\" data-src=\"http:\/\/just-now.news\/de\/wp-content\/uploads\/sites\/3\/2022\/12\/638fa48148fbef397d67815c.jpg\" alt=\"\"><\/source><\/source><\/picture><!-- noscript pattern --><noscript><img decoding=\"async\" src=\"http:\/\/just-now.news\/de\/wp-content\/uploads\/sites\/3\/2022\/12\/638fa48148fbef397d67815c.jpg\" alt=\"\"><\/noscript><\/div><figcaption class=\"RTImage-footer\"><span class=\"RTImage-caption\"><span class=\"RTImage-captionItem\">Archivbild: Ukrainische Neonazis mit Abzeichen der Waffen-SS-Division Galizien.<\/span><\/span><span class=\"RTImage-source\"><span class=\"RTImage-captionItem\">Yuriy Dyachyshyn<\/span><span class=\"RTImage-captionItem\"> \/ AFP<\/span><\/span><\/figcaption><\/figure>\n<p>Der Beschluss des Obersten Gerichts der Ukraine, die Symbolik der Waffen-SS-Division Galizien nicht als nazistisch einzustufen, stelle eine Rehabilitierung des Nazismus dar. Dies erkl\u00e4rte nach Angaben der Nachrichtenagentur\u00a0<em>RIA Nowosti<\/em>\u00a0das Mitglied des Menschenrechtsrats beim Pr\u00e4sidenten der Russischen F\u00f6deration, Alexander Brod.<\/p>\n<p>Zuvor hatte das Oberste Gericht der Ukraine nach Angaben des Nachrichtenportals\u00a0<em>Strana.ua<\/em>\u00a0<a rel=\"nofollow noopener\" target=\"_blank\" href=\"https:\/\/t.me\/stranaua\/78892\">befunden<\/a>, dass das Emblem der SS-Division Galizien nicht zur nazistischen Symbolik z\u00e4hle. Brod erkl\u00e4rte diesbez\u00fcglich:<\/p>\n<p><em>&#8220;Vor zwei Jahren hatte Kiews administratives Gericht die Symbolik der SS-Division Galizien als nazistisch anerkannt. Daraufhin begann eine krampfhafte Kampagne, um diese Entscheidung zu kippen. Nun ist es vollbracht. Die heutigen ukrainischen Machthaber wollten nicht die T\u00e4tigkeit derjenigen ber\u00fcchtigten Organisation infrage stellen, auf deren Ged\u00e4chtnis und Ideologie sie sich in vielerlei Hinsicht selbst st\u00fctzen. Eine Rehabilitierung des Nazismus in ihrer ganzen Sch\u00f6nheit.&#8221;<\/em><\/p>\n<p>Die 14. Waffen-Grenadier-Division der SS (galizische Nr. 1) war am 28. April 1943 gegr\u00fcndet worden. Ihre Mitglieder ver\u00fcbten zahlreiche Kriegsverbrechen, darunter das Massaker von Huta Pieniacka, bei dem mindestens 500 polnische Zivilisten ermordet wurden. Der Internationale Milit\u00e4rgerichtshof in N\u00fcrnberg erkl\u00e4rte die Waffen-SS, deren Bestandteil die Division Galizien\u00a0war, zu einer verbrecherischen Organisation.<\/p>\n<\/div>\n<\/div>\n<\/div>\n<\/div>\n<\/li>\n<li class=\"LiveUpdates-item Listing-item\">\n<div class=\"LiveUpdate-root\">\n<div class=\"LiveUpdate-date\">\n<p class=\"HeaderNews-root HeaderNews-type_6 \">\n                20:54 Uhr\n            <\/p>\n<\/div>\n<div class=\"LiveUpdate-content\">\n<div class=\"LiveUpdate-text\">\n<div class=\"Text-root Text-type_5 ViewText-root\">\n<p><strong>Russischer UN-Botschafter Nebensja verl\u00e4sst vor Rede des Ukraine-Vertreters den UN-Sicherheitsrat<\/strong><\/p>\n<figure class=\"RTImage-root\">\n<div class=\"RTImage-image RTImage-original\"><picture class=\"Picture-root Picture-original\"><!--[if IE 9]><video style=\"display: none;\"><![endif]--><source media=\"(-webkit-min-device-pixel-ratio: 2) and (min-resolution: 120dpi)\" data-srcset=\" \nhttp:\/\/just-now.news\/de\/wp-content\/uploads\/sites\/3\/2022\/12\/638f9b2748fbef496b36b268.png 850w,\n                http:\/\/just-now.news\/de\/wp-content\/uploads\/sites\/3\/2022\/12\/638f9b2648fbef496b36b267.png 1960w,\n            \" ><source data-srcset=\" \nhttp:\/\/just-now.news\/de\/wp-content\/uploads\/sites\/3\/2022\/12\/638f9b2748fbef496b36b268.png 460w,\n              http:\/\/just-now.news\/de\/wp-content\/uploads\/sites\/3\/2022\/12\/638f9b2648fbef496b36b267.png 980w,\n            \" ><!--[if IE 9]><\/video><![endif]--><img decoding=\"async\" data- src=\"data:image\/png;base64,iVBORw0KGgoAAAANSUhEUgAAABAAAAAJCAQAAACRI2S5AAAAEElEQVR42mNkIAAYRxWAAQAG9gAKqv6+AwAAAABJRU5ErkJggg==\" class=\"Picture-root Picture-original lazyload\" data-src=\"http:\/\/just-now.news\/de\/wp-content\/uploads\/sites\/3\/2022\/12\/638f9b2748fbef496b36b268.png\" alt=\"\"><\/source><\/source><\/picture><!-- noscript pattern --><noscript><img decoding=\"async\" src=\"http:\/\/just-now.news\/de\/wp-content\/uploads\/sites\/3\/2022\/12\/638f9b2648fbef496b36b267.png\" alt=\"\"><\/noscript><\/div><figcaption class=\"RTImage-footer\"><span class=\"RTImage-caption\"><span class=\"RTImage-captionItem\">Der russische Vertreter bei der UNO verl\u00e4sst den Saal des Sicherheitsrats, 6. Dezember 2022 (Screenshot)<\/span><\/span><span class=\"RTImage-source\"><span class=\"RTImage-captionItem\">RIA Nowosti \/ https:\/\/t.me\/rian_ru\/187841<\/span><span class=\"RTImage-captionItem\"> \/ RT<\/span><\/span><\/figcaption><\/figure>\n<p>Der St\u00e4ndige Vertreter Russlands bei den Vereinten Nationen, Wassili Nebensja, wollte sich die &#8220;geh\u00e4ssige Eloquenz&#8221; des ukrainischen Missionschefs Sergei Kisliza nicht anh\u00f6ren und verlie\u00df den Saal des Sicherheitsrats, wie die Nachrichtenagentur\u00a0<em>RIA Nowosti<\/em>\u00a0<a rel=\"nofollow noopener\" target=\"_blank\" href=\"https:\/\/ria.ru\/20221206\/nebenzya-1836786545.html\">berichtet<\/a>. Er verabschiedete sich mit folgenden Worten aus der Sitzung:<\/p>\n<p><em>&#8220;Abschlie\u00dfend, Frau Vorsitzende, m\u00f6chte ich sagen, dass ich den h\u00e4mischen Worten des Vertreters des Kiewer Regimes nicht zuh\u00f6ren werde.&#8221;<\/em><\/p>\n<p>Nebensja erinnerte an Kislizas Twitter-Post, in dem jener \u00e4u\u00dferte, dem russischen Vertreter bei der UNO zuzuh\u00f6ren sei &#8220;eine seiner schrecklichsten Pflichten&#8221;. Der ukrainische Diplomat f\u00fcgte dem Beitrag ein Foto bei, auf dem er ein T-Shirt mit unfl\u00e4tigen Ausdr\u00fccken gegen\u00fcber der russischen F\u00fchrung trug und eine unanst\u00e4ndige Handbewegung machte.<\/p>\n<p><em>&#8220;Er [Kisliza \u2013 Anm. d. Red.] hat den vorletzten Freitag wieder einmal mit einem hervorragenden diplomatischen Tweet gefeiert. Denjenigen, die mit seinem Werk nicht vertraut sind, empfehle ich dringend, es zu lesen. Wie wir bereits sagten, ist dies ein Beweis f\u00fcr das &#8216;hohe&#8217; Niveau der ukrainischen Diplomatie&#8221;,\u00a0<\/em>f\u00fcgte der St\u00e4ndige Vertreter hinzu.<\/p>\n<\/div>\n<\/div>\n<\/div>\n<\/div>\n<\/li>\n<li class=\"LiveUpdates-item Listing-item\">\n<div class=\"LiveUpdate-root\">\n<div class=\"LiveUpdate-date\">\n<p class=\"HeaderNews-root HeaderNews-type_6 \">\n                20:14 Uhr\n            <\/p>\n<\/div>\n<div class=\"LiveUpdate-content\">\n<div class=\"LiveUpdate-text\">\n<div class=\"Text-root Text-type_5 ViewText-root\">\n<p><strong>Gebiet Kursk\u00a0stellt Volkswehr zum Schutz der Region auf<\/strong><\/p>\n<p>Im russischen Gebiet Kursk werden Freiwillige f\u00fcr die Volkswehr &#8220;Patriot&#8221; zum Schutz der Region angeworben. Dies k\u00fcndigte der Gouverneur des Gebiets, Roman Starowojt, an. In seinem Telegram-Kanal\u00a0<a rel=\"nofollow noopener\" target=\"_blank\" href=\"https:\/\/t.me\/gubernator_46\/2150\">schrieb<\/a>\u00a0er:<\/p>\n<p><em>&#8220;Nach einer\u00a0strengen Auslese und Kampfausbildung werden die Freiwilligen den Milit\u00e4rangeh\u00f6rigen helfen, das Gebiet der Region zu besch\u00fctzen.&#8221;<\/em><\/p>\n<p>Am heutigen Dienstag hatte auch das Gebiet Belgorod die Aufstellung von Einheiten f\u00fcr die territoriale Verteidigung angek\u00fcndigt (wir berichteten in diesem Ticker). Beide Regionen grenzen an die Ukraine und wurden seit dem Beginn der russischen Milit\u00e4roperation zum Ziel ukrainischer Angriffe.<\/p>\n<\/div>\n<\/div>\n<\/div>\n<\/div>\n<\/li>\n<li class=\"LiveUpdates-item Listing-item\">\n<div class=\"LiveUpdate-root\">\n<div class=\"LiveUpdate-date\">\n<p class=\"HeaderNews-root HeaderNews-type_6 \">\n                19:40 Uhr\n            <\/p>\n<\/div>\n<div class=\"LiveUpdate-content\">\n<div class=\"LiveUpdate-text\">\n<div class=\"Text-root Text-type_5 ViewText-root\">\n<p><strong>DVR: Parlamentsabgeordnete stirbt beim ukrainischen Beschuss<\/strong><\/p>\n<figure class=\"RTImage-root\">\n<div class=\"RTImage-image RTImage-original\"><picture class=\"Picture-root Picture-original\"><!--[if IE 9]><video style=\"display: none;\"><![endif]--><source media=\"(-webkit-min-device-pixel-ratio: 2) and (min-resolution: 120dpi)\" data-srcset=\" \nhttp:\/\/just-now.news\/de\/wp-content\/uploads\/sites\/3\/2022\/12\/638f773b48fbef38f47dee55.jpg 850w,\n                http:\/\/just-now.news\/de\/wp-content\/uploads\/sites\/3\/2022\/12\/638f773b48fbef38f47dee55.jpg 1960w,\n            \" ><source data-srcset=\" \nhttp:\/\/just-now.news\/de\/wp-content\/uploads\/sites\/3\/2022\/12\/638f773b48fbef38f47dee55.jpg 460w,\n              http:\/\/just-now.news\/de\/wp-content\/uploads\/sites\/3\/2022\/12\/638f773b48fbef38f47dee55.jpg 980w,\n            \" ><!--[if IE 9]><\/video><![endif]--><img decoding=\"async\" data- src=\"data:image\/png;base64,iVBORw0KGgoAAAANSUhEUgAAABAAAAAJCAQAAACRI2S5AAAAEElEQVR42mNkIAAYRxWAAQAG9gAKqv6+AwAAAABJRU5ErkJggg==\" class=\"Picture-root Picture-original lazyload\" data-src=\"http:\/\/just-now.news\/de\/wp-content\/uploads\/sites\/3\/2022\/12\/638f773b48fbef38f47dee55.jpg\" alt=\"\"><\/source><\/source><\/picture><!-- noscript pattern --><noscript><img decoding=\"async\" src=\"http:\/\/just-now.news\/de\/wp-content\/uploads\/sites\/3\/2022\/12\/638f773b48fbef38f47dee55.jpg\" alt=\"\"><\/noscript><\/div><figcaption class=\"RTImage-footer\"><span class=\"RTImage-caption\"><span class=\"RTImage-captionItem\">Archivbild: Maria Pirogowa<\/span><\/span><span class=\"RTImage-source\"><span class=\"RTImage-captionItem\">Donezker Nachrichtenagentur (DAN)<\/span><\/span><\/figcaption><\/figure>\n<p>Maria Pirogowa, eine Abgeordnete des Volksrats der Donezker Volksrepublik, ist am heutigen Dienstag im Alter von 29 Jahren beim ukrainischen Beschuss von Donezk gestorben. Dies\u00a0best\u00e4tigte der Pressedienst des Volksrats gegen\u00fcber der\u00a0<em>Donezker Nachrichtenagentur (DAN).<\/em><\/p>\n<p>Zum Zeitpunkt ihres Todes befand sich Pirogowa in der N\u00e4he des Zentralen Kaufhauses in Donezk, als die Stadt vom ukrainischen Milit\u00e4r mit BM-21-Mehrfachraketenwerfern unter Beschuss genommen wurde. Nach bisherigen Angaben\u00a0starben\u00a0dabei insgesamt sechs Zivilisten. Pirogowas Leiche wurde von ihren Angeh\u00f6rigen identifiziert.<\/p>\n<p>Maria Pirogowa wurde im Jahr 1993 in Donezk geboren. Seit 2018 war sie Abgeordnete des Volksrats der DVR und Sekret\u00e4rin des Komitees f\u00fcr Au\u00dfenpolitik, internationale Verbindungen, Informationspolitik und Informationstechnologien. Sie beteiligte sich au\u00dferdem als Volont\u00e4rin an humanit\u00e4ren Missionen in den St\u00e4dten des Donbass.<\/p>\n<\/div>\n<\/div>\n<\/div>\n<\/div>\n<\/li>\n<\/ul>\n<div class=\"Listing-isReact\" data-rtmodule=\"Listing\" onload=\"return {\n                page: '1',\n                limit: '10',\n                listing: '\/listing\/parent.6209f961b480cc2c7e35341b\/noprepare\/liveupdates\/10\/1',\n            };\"><\/div>\n<\/div>\n<\/div>\n<\/div>\n<p><script async src=\"https:\/\/platform.twitter.com\/widgets.js\" charset=\"utf-8\"><\/script><br \/>\n<br \/><br \/>\n<br \/><a href=\"https:\/\/de.rt.com\/international\/131481-liveticker-ukraine-krieg-who-mehr\/\">Source link <\/a><\/p>\n","protected":false},"excerpt":{"rendered":"<p>Russland f\u00fchrt gemeinsam mit den Streitkr\u00e4ften der Donbass-Republiken eine Milit\u00e4roperation in der Ukraine durch. Der Westen reagiert mit immer neuen Waffenlieferungen an die Ukraine und beispiellosen Sanktionen gegen Russland. Lesen Sie hier die neuesten Entwicklungen. 7.12.2022 07:09 Uhr 07:09 Uhr Weltgesundheitsorganisation: Mehr als 17.000 Zivilisten seit Februar in der Ukraine get\u00f6tet Die Zahl der in [&hellip;]<\/p>\n","protected":false},"author":3,"featured_media":24873,"comment_status":"open","ping_status":"open","sticky":false,"template":"","format":"standard","meta":{"_yoast_indexnow_last_ping":["1670394165"],"wp_automatic_camp":["217"],"e096cecee72556b9fee27e753eb85391":["Liveticker Ukraine-Krieg \u2013 WHO: Mehr als 17.000 Zivilisten seit Februar in der Ukraine get\u00f6tet"],"original_link":["https:\/\/de.rt.com\/international\/131481-liveticker-ukraine-krieg-who-mehr\/"],"_thumbnail_id":["24873"],"_wptgpro_p2tg_sent2tg":["a:1:{i:23737;s:19:\"2022-12-07 08:23:52\";}"],"jnews_social_counter_last_update":["1777619993"]},"categories":[19,23],"tags":[273,82,21377,367,564,2063,1829,127,566,7539],"yoast_head":"<!-- This site is optimized with the Yoast SEO Premium plugin v22.7 (Yoast SEO v22.7) - https:\/\/yoast.com\/wordpress\/plugins\/seo\/ -->\n<title>Liveticker Ukraine-Krieg \u2013 WHO: Mehr als 17.000 Zivilisten seit Februar in der Ukraine get\u00f6tet - just-now.NEWS Deutschland<\/title>\n<meta name=\"robots\" content=\"index, follow, max-snippet:-1, max-image-preview:large, max-video-preview:-1\" \/>\n<link rel=\"canonical\" href=\"https:\/\/now-news.de\/de\/deutschland\/liveticker-ukraine-krieg-who-mehr-als-17-000-zivilisten-seit-februar-in-der-ukraine-getoetet\/\" \/>\n<meta property=\"og:locale\" content=\"de_DE\" \/>\n<meta property=\"og:type\" content=\"article\" \/>\n<meta property=\"og:title\" content=\"Liveticker Ukraine-Krieg \u2013 WHO: Mehr als 17.000 Zivilisten seit Februar in der Ukraine get\u00f6tet\" \/>\n<meta property=\"og:description\" content=\"Russland f\u00fchrt gemeinsam mit den Streitkr\u00e4ften der Donbass-Republiken eine Milit\u00e4roperation in der Ukraine durch. Der Westen reagiert mit immer neuen Waffenlieferungen an die Ukraine und beispiellosen Sanktionen gegen Russland. Lesen Sie hier die neuesten Entwicklungen. 7.12.2022 07:09 Uhr 07:09 Uhr Weltgesundheitsorganisation: Mehr als 17.000 Zivilisten seit Februar in der Ukraine get\u00f6tet Die Zahl der in [&hellip;]\" \/>\n<meta property=\"og:url\" content=\"https:\/\/now-news.de\/de\/deutschland\/liveticker-ukraine-krieg-who-mehr-als-17-000-zivilisten-seit-februar-in-der-ukraine-getoetet\/\" \/>\n<meta property=\"og:site_name\" content=\"just-now.NEWS Deutschland\" \/>\n<meta property=\"article:publisher\" content=\"https:\/\/www.facebook.com\/wirmachenauf\" \/>\n<meta property=\"article:published_time\" content=\"2022-12-07T06:08:00+00:00\" \/>\n<meta property=\"og:image\" content=\"https:\/\/now-news.de\/de\/wp-content\/uploads\/sites\/3\/2022\/12\/Liveticker-Ukraine-Krieg-\u2013-WHO-Mehr-als-17000-Zivilisten-seit-Februar.jpg\" \/>\n\t<meta property=\"og:image:width\" content=\"1627\" \/>\n\t<meta property=\"og:image:height\" content=\"1080\" \/>\n\t<meta property=\"og:image:type\" content=\"image\/jpeg\" \/>\n<meta name=\"author\" content=\"rtnews\" \/>\n<meta name=\"twitter:card\" content=\"summary_large_image\" \/>\n<meta name=\"twitter:creator\" content=\"@WirMachenAuf_de\" \/>\n<meta name=\"twitter:site\" content=\"@WirMachenAuf_de\" \/>\n<meta name=\"twitter:label1\" content=\"Verfasst von\" \/>\n\t<meta name=\"twitter:data1\" content=\"rtnews\" \/>\n\t<meta name=\"twitter:label2\" content=\"Gesch\u00e4tzte Lesezeit\" \/>\n\t<meta name=\"twitter:data2\" content=\"7\u00a0Minuten\" \/>\n<script type=\"application\/ld+json\" class=\"yoast-schema-graph\">{\"@context\":\"https:\/\/schema.org\",\"@graph\":[{\"@type\":\"Article\",\"@id\":\"https:\/\/now-news.de\/de\/deutschland\/liveticker-ukraine-krieg-who-mehr-als-17-000-zivilisten-seit-februar-in-der-ukraine-getoetet\/#article\",\"isPartOf\":{\"@id\":\"https:\/\/now-news.de\/de\/deutschland\/liveticker-ukraine-krieg-who-mehr-als-17-000-zivilisten-seit-februar-in-der-ukraine-getoetet\/\"},\"author\":{\"name\":\"rtnews\",\"@id\":\"https:\/\/now-news.de\/de\/#\/schema\/person\/fb534a4e865501d8b3285208df34a9b5\"},\"headline\":\"Liveticker Ukraine-Krieg \u2013 WHO: Mehr als 17.000 Zivilisten seit Februar in der Ukraine get\u00f6tet\",\"datePublished\":\"2022-12-07T06:08:00+00:00\",\"dateModified\":\"2022-12-07T06:08:00+00:00\",\"mainEntityOfPage\":{\"@id\":\"https:\/\/now-news.de\/de\/deutschland\/liveticker-ukraine-krieg-who-mehr-als-17-000-zivilisten-seit-februar-in-der-ukraine-getoetet\/\"},\"wordCount\":1409,\"commentCount\":0,\"publisher\":{\"@id\":\"https:\/\/now-news.de\/de\/#organization\"},\"image\":{\"@id\":\"https:\/\/now-news.de\/de\/deutschland\/liveticker-ukraine-krieg-who-mehr-als-17-000-zivilisten-seit-februar-in-der-ukraine-getoetet\/#primaryimage\"},\"thumbnailUrl\":\"https:\/\/now-news.de\/de\/wp-content\/uploads\/sites\/3\/2022\/12\/Liveticker-Ukraine-Krieg-\u2013-WHO-Mehr-als-17000-Zivilisten-seit-Februar.jpg\",\"keywords\":[\"als\",\"der\",\"Februar\",\"get\u00f6tet\",\"Liveticker\",\"mehr\",\"seit\",\"ukraine\",\"UkraineKrieg\",\"Zivilisten\"],\"articleSection\":[\"Deutschland\",\"Russland\"],\"inLanguage\":\"de\",\"potentialAction\":[{\"@type\":\"CommentAction\",\"name\":\"Comment\",\"target\":[\"https:\/\/now-news.de\/de\/deutschland\/liveticker-ukraine-krieg-who-mehr-als-17-000-zivilisten-seit-februar-in-der-ukraine-getoetet\/#respond\"]}]},{\"@type\":\"WebPage\",\"@id\":\"https:\/\/now-news.de\/de\/deutschland\/liveticker-ukraine-krieg-who-mehr-als-17-000-zivilisten-seit-februar-in-der-ukraine-getoetet\/\",\"url\":\"https:\/\/now-news.de\/de\/deutschland\/liveticker-ukraine-krieg-who-mehr-als-17-000-zivilisten-seit-februar-in-der-ukraine-getoetet\/\",\"name\":\"Liveticker Ukraine-Krieg \u2013 WHO: Mehr als 17.000 Zivilisten seit Februar in der Ukraine get\u00f6tet - just-now.NEWS Deutschland\",\"isPartOf\":{\"@id\":\"https:\/\/now-news.de\/de\/#website\"},\"primaryImageOfPage\":{\"@id\":\"https:\/\/now-news.de\/de\/deutschland\/liveticker-ukraine-krieg-who-mehr-als-17-000-zivilisten-seit-februar-in-der-ukraine-getoetet\/#primaryimage\"},\"image\":{\"@id\":\"https:\/\/now-news.de\/de\/deutschland\/liveticker-ukraine-krieg-who-mehr-als-17-000-zivilisten-seit-februar-in-der-ukraine-getoetet\/#primaryimage\"},\"thumbnailUrl\":\"https:\/\/now-news.de\/de\/wp-content\/uploads\/sites\/3\/2022\/12\/Liveticker-Ukraine-Krieg-\u2013-WHO-Mehr-als-17000-Zivilisten-seit-Februar.jpg\",\"datePublished\":\"2022-12-07T06:08:00+00:00\",\"dateModified\":\"2022-12-07T06:08:00+00:00\",\"breadcrumb\":{\"@id\":\"https:\/\/now-news.de\/de\/deutschland\/liveticker-ukraine-krieg-who-mehr-als-17-000-zivilisten-seit-februar-in-der-ukraine-getoetet\/#breadcrumb\"},\"inLanguage\":\"de\",\"potentialAction\":[{\"@type\":\"ReadAction\",\"target\":[\"https:\/\/now-news.de\/de\/deutschland\/liveticker-ukraine-krieg-who-mehr-als-17-000-zivilisten-seit-februar-in-der-ukraine-getoetet\/\"]}]},{\"@type\":\"ImageObject\",\"inLanguage\":\"de\",\"@id\":\"https:\/\/now-news.de\/de\/deutschland\/liveticker-ukraine-krieg-who-mehr-als-17-000-zivilisten-seit-februar-in-der-ukraine-getoetet\/#primaryimage\",\"url\":\"https:\/\/now-news.de\/de\/wp-content\/uploads\/sites\/3\/2022\/12\/Liveticker-Ukraine-Krieg-\u2013-WHO-Mehr-als-17000-Zivilisten-seit-Februar.jpg\",\"contentUrl\":\"https:\/\/now-news.de\/de\/wp-content\/uploads\/sites\/3\/2022\/12\/Liveticker-Ukraine-Krieg-\u2013-WHO-Mehr-als-17000-Zivilisten-seit-Februar.jpg\",\"width\":1627,\"height\":1080,\"caption\":\"Liveticker Ukraine-Krieg \u2013 WHO: Mehr als 17.000 Zivilisten seit Februar in der Ukraine get\u00f6tet\"},{\"@type\":\"BreadcrumbList\",\"@id\":\"https:\/\/now-news.de\/de\/deutschland\/liveticker-ukraine-krieg-who-mehr-als-17-000-zivilisten-seit-februar-in-der-ukraine-getoetet\/#breadcrumb\",\"itemListElement\":[{\"@type\":\"ListItem\",\"position\":1,\"name\":\"Home\",\"item\":\"https:\/\/now-news.de\/de\/\"},{\"@type\":\"ListItem\",\"position\":2,\"name\":\"Liveticker Ukraine-Krieg \u2013 WHO: Mehr als 17.000 Zivilisten seit Februar in der Ukraine get\u00f6tet\"}]},{\"@type\":\"WebSite\",\"@id\":\"https:\/\/now-news.de\/de\/#website\",\"url\":\"https:\/\/now-news.de\/de\/\",\"name\":\"just-now.NEWS Deutschland\",\"description\":\"Das Portal f\u00fcr unzensierte Nachrichten aus der Welt\",\"publisher\":{\"@id\":\"https:\/\/now-news.de\/de\/#organization\"},\"potentialAction\":[{\"@type\":\"SearchAction\",\"target\":{\"@type\":\"EntryPoint\",\"urlTemplate\":\"https:\/\/now-news.de\/de\/?s={search_term_string}\"},\"query-input\":\"required name=search_term_string\"}],\"inLanguage\":\"de\"},{\"@type\":\"Organization\",\"@id\":\"https:\/\/now-news.de\/de\/#organization\",\"name\":\"Just Now News\",\"url\":\"https:\/\/now-news.de\/de\/\",\"logo\":{\"@type\":\"ImageObject\",\"inLanguage\":\"de\",\"@id\":\"https:\/\/now-news.de\/de\/#\/schema\/logo\/image\/\",\"url\":\"http:\/\/just-now.news\/de\/wp-content\/uploads\/sites\/3\/2022\/04\/logo500x500.jpg\",\"contentUrl\":\"http:\/\/just-now.news\/de\/wp-content\/uploads\/sites\/3\/2022\/04\/logo500x500.jpg\",\"width\":500,\"height\":500,\"caption\":\"Just Now News\"},\"image\":{\"@id\":\"https:\/\/now-news.de\/de\/#\/schema\/logo\/image\/\"},\"sameAs\":[\"https:\/\/www.facebook.com\/wirmachenauf\",\"https:\/\/x.com\/WirMachenAuf_de\"]},{\"@type\":\"Person\",\"@id\":\"https:\/\/now-news.de\/de\/#\/schema\/person\/fb534a4e865501d8b3285208df34a9b5\",\"name\":\"rtnews\",\"image\":{\"@type\":\"ImageObject\",\"inLanguage\":\"de\",\"@id\":\"https:\/\/now-news.de\/de\/#\/schema\/person\/image\/\",\"url\":\"https:\/\/secure.gravatar.com\/avatar\/82aafea7d8127119dd649515f56e2117?s=96&d=mm&r=g\",\"contentUrl\":\"https:\/\/secure.gravatar.com\/avatar\/82aafea7d8127119dd649515f56e2117?s=96&d=mm&r=g\",\"caption\":\"rtnews\"},\"url\":\"https:\/\/now-news.de\/de\/author\/rnews\/\"}]}<\/script>\n<!-- \/ Yoast SEO Premium plugin. -->","yoast_head_json":{"title":"Liveticker Ukraine-Krieg \u2013 WHO: Mehr als 17.000 Zivilisten seit Februar in der Ukraine get\u00f6tet - just-now.NEWS Deutschland","robots":{"index":"index","follow":"follow","max-snippet":"max-snippet:-1","max-image-preview":"max-image-preview:large","max-video-preview":"max-video-preview:-1"},"canonical":"https:\/\/now-news.de\/de\/deutschland\/liveticker-ukraine-krieg-who-mehr-als-17-000-zivilisten-seit-februar-in-der-ukraine-getoetet\/","og_locale":"de_DE","og_type":"article","og_title":"Liveticker Ukraine-Krieg \u2013 WHO: Mehr als 17.000 Zivilisten seit Februar in der Ukraine get\u00f6tet","og_description":"Russland f\u00fchrt gemeinsam mit den Streitkr\u00e4ften der Donbass-Republiken eine Milit\u00e4roperation in der Ukraine durch. Der Westen reagiert mit immer neuen Waffenlieferungen an die Ukraine und beispiellosen Sanktionen gegen Russland. Lesen Sie hier die neuesten Entwicklungen. 7.12.2022 07:09 Uhr 07:09 Uhr Weltgesundheitsorganisation: Mehr als 17.000 Zivilisten seit Februar in der Ukraine get\u00f6tet Die Zahl der in [&hellip;]","og_url":"https:\/\/now-news.de\/de\/deutschland\/liveticker-ukraine-krieg-who-mehr-als-17-000-zivilisten-seit-februar-in-der-ukraine-getoetet\/","og_site_name":"just-now.NEWS Deutschland","article_publisher":"https:\/\/www.facebook.com\/wirmachenauf","article_published_time":"2022-12-07T06:08:00+00:00","og_image":[{"width":1627,"height":1080,"url":"https:\/\/now-news.de\/de\/wp-content\/uploads\/sites\/3\/2022\/12\/Liveticker-Ukraine-Krieg-\u2013-WHO-Mehr-als-17000-Zivilisten-seit-Februar.jpg","type":"image\/jpeg"}],"author":"rtnews","twitter_card":"summary_large_image","twitter_creator":"@WirMachenAuf_de","twitter_site":"@WirMachenAuf_de","twitter_misc":{"Verfasst von":"rtnews","Gesch\u00e4tzte Lesezeit":"7\u00a0Minuten"},"schema":{"@context":"https:\/\/schema.org","@graph":[{"@type":"Article","@id":"https:\/\/now-news.de\/de\/deutschland\/liveticker-ukraine-krieg-who-mehr-als-17-000-zivilisten-seit-februar-in-der-ukraine-getoetet\/#article","isPartOf":{"@id":"https:\/\/now-news.de\/de\/deutschland\/liveticker-ukraine-krieg-who-mehr-als-17-000-zivilisten-seit-februar-in-der-ukraine-getoetet\/"},"author":{"name":"rtnews","@id":"https:\/\/now-news.de\/de\/#\/schema\/person\/fb534a4e865501d8b3285208df34a9b5"},"headline":"Liveticker Ukraine-Krieg \u2013 WHO: Mehr als 17.000 Zivilisten seit Februar in der Ukraine get\u00f6tet","datePublished":"2022-12-07T06:08:00+00:00","dateModified":"2022-12-07T06:08:00+00:00","mainEntityOfPage":{"@id":"https:\/\/now-news.de\/de\/deutschland\/liveticker-ukraine-krieg-who-mehr-als-17-000-zivilisten-seit-februar-in-der-ukraine-getoetet\/"},"wordCount":1409,"commentCount":0,"publisher":{"@id":"https:\/\/now-news.de\/de\/#organization"},"image":{"@id":"https:\/\/now-news.de\/de\/deutschland\/liveticker-ukraine-krieg-who-mehr-als-17-000-zivilisten-seit-februar-in-der-ukraine-getoetet\/#primaryimage"},"thumbnailUrl":"https:\/\/now-news.de\/de\/wp-content\/uploads\/sites\/3\/2022\/12\/Liveticker-Ukraine-Krieg-\u2013-WHO-Mehr-als-17000-Zivilisten-seit-Februar.jpg","keywords":["als","der","Februar","get\u00f6tet","Liveticker","mehr","seit","ukraine","UkraineKrieg","Zivilisten"],"articleSection":["Deutschland","Russland"],"inLanguage":"de","potentialAction":[{"@type":"CommentAction","name":"Comment","target":["https:\/\/now-news.de\/de\/deutschland\/liveticker-ukraine-krieg-who-mehr-als-17-000-zivilisten-seit-februar-in-der-ukraine-getoetet\/#respond"]}]},{"@type":"WebPage","@id":"https:\/\/now-news.de\/de\/deutschland\/liveticker-ukraine-krieg-who-mehr-als-17-000-zivilisten-seit-februar-in-der-ukraine-getoetet\/","url":"https:\/\/now-news.de\/de\/deutschland\/liveticker-ukraine-krieg-who-mehr-als-17-000-zivilisten-seit-februar-in-der-ukraine-getoetet\/","name":"Liveticker Ukraine-Krieg \u2013 WHO: Mehr als 17.000 Zivilisten seit Februar in der Ukraine get\u00f6tet - just-now.NEWS Deutschland","isPartOf":{"@id":"https:\/\/now-news.de\/de\/#website"},"primaryImageOfPage":{"@id":"https:\/\/now-news.de\/de\/deutschland\/liveticker-ukraine-krieg-who-mehr-als-17-000-zivilisten-seit-februar-in-der-ukraine-getoetet\/#primaryimage"},"image":{"@id":"https:\/\/now-news.de\/de\/deutschland\/liveticker-ukraine-krieg-who-mehr-als-17-000-zivilisten-seit-februar-in-der-ukraine-getoetet\/#primaryimage"},"thumbnailUrl":"https:\/\/now-news.de\/de\/wp-content\/uploads\/sites\/3\/2022\/12\/Liveticker-Ukraine-Krieg-\u2013-WHO-Mehr-als-17000-Zivilisten-seit-Februar.jpg","datePublished":"2022-12-07T06:08:00+00:00","dateModified":"2022-12-07T06:08:00+00:00","breadcrumb":{"@id":"https:\/\/now-news.de\/de\/deutschland\/liveticker-ukraine-krieg-who-mehr-als-17-000-zivilisten-seit-februar-in-der-ukraine-getoetet\/#breadcrumb"},"inLanguage":"de","potentialAction":[{"@type":"ReadAction","target":["https:\/\/now-news.de\/de\/deutschland\/liveticker-ukraine-krieg-who-mehr-als-17-000-zivilisten-seit-februar-in-der-ukraine-getoetet\/"]}]},{"@type":"ImageObject","inLanguage":"de","@id":"https:\/\/now-news.de\/de\/deutschland\/liveticker-ukraine-krieg-who-mehr-als-17-000-zivilisten-seit-februar-in-der-ukraine-getoetet\/#primaryimage","url":"https:\/\/now-news.de\/de\/wp-content\/uploads\/sites\/3\/2022\/12\/Liveticker-Ukraine-Krieg-\u2013-WHO-Mehr-als-17000-Zivilisten-seit-Februar.jpg","contentUrl":"https:\/\/now-news.de\/de\/wp-content\/uploads\/sites\/3\/2022\/12\/Liveticker-Ukraine-Krieg-\u2013-WHO-Mehr-als-17000-Zivilisten-seit-Februar.jpg","width":1627,"height":1080,"caption":"Liveticker Ukraine-Krieg \u2013 WHO: Mehr als 17.000 Zivilisten seit Februar in der Ukraine get\u00f6tet"},{"@type":"BreadcrumbList","@id":"https:\/\/now-news.de\/de\/deutschland\/liveticker-ukraine-krieg-who-mehr-als-17-000-zivilisten-seit-februar-in-der-ukraine-getoetet\/#breadcrumb","itemListElement":[{"@type":"ListItem","position":1,"name":"Home","item":"https:\/\/now-news.de\/de\/"},{"@type":"ListItem","position":2,"name":"Liveticker Ukraine-Krieg \u2013 WHO: Mehr als 17.000 Zivilisten seit Februar in der Ukraine get\u00f6tet"}]},{"@type":"WebSite","@id":"https:\/\/now-news.de\/de\/#website","url":"https:\/\/now-news.de\/de\/","name":"just-now.NEWS Deutschland","description":"Das Portal f\u00fcr unzensierte Nachrichten aus der Welt","publisher":{"@id":"https:\/\/now-news.de\/de\/#organization"},"potentialAction":[{"@type":"SearchAction","target":{"@type":"EntryPoint","urlTemplate":"https:\/\/now-news.de\/de\/?s={search_term_string}"},"query-input":"required name=search_term_string"}],"inLanguage":"de"},{"@type":"Organization","@id":"https:\/\/now-news.de\/de\/#organization","name":"Just Now News","url":"https:\/\/now-news.de\/de\/","logo":{"@type":"ImageObject","inLanguage":"de","@id":"https:\/\/now-news.de\/de\/#\/schema\/logo\/image\/","url":"http:\/\/just-now.news\/de\/wp-content\/uploads\/sites\/3\/2022\/04\/logo500x500.jpg","contentUrl":"http:\/\/just-now.news\/de\/wp-content\/uploads\/sites\/3\/2022\/04\/logo500x500.jpg","width":500,"height":500,"caption":"Just Now News"},"image":{"@id":"https:\/\/now-news.de\/de\/#\/schema\/logo\/image\/"},"sameAs":["https:\/\/www.facebook.com\/wirmachenauf","https:\/\/x.com\/WirMachenAuf_de"]},{"@type":"Person","@id":"https:\/\/now-news.de\/de\/#\/schema\/person\/fb534a4e865501d8b3285208df34a9b5","name":"rtnews","image":{"@type":"ImageObject","inLanguage":"de","@id":"https:\/\/now-news.de\/de\/#\/schema\/person\/image\/","url":"https:\/\/secure.gravatar.com\/avatar\/82aafea7d8127119dd649515f56e2117?s=96&d=mm&r=g","contentUrl":"https:\/\/secure.gravatar.com\/avatar\/82aafea7d8127119dd649515f56e2117?s=96&d=mm&r=g","caption":"rtnews"},"url":"https:\/\/now-news.de\/de\/author\/rnews\/"}]}},"_links":{"self":[{"href":"https:\/\/now-news.de\/de\/wp-json\/wp\/v2\/posts\/24872"}],"collection":[{"href":"https:\/\/now-news.de\/de\/wp-json\/wp\/v2\/posts"}],"about":[{"href":"https:\/\/now-news.de\/de\/wp-json\/wp\/v2\/types\/post"}],"author":[{"embeddable":true,"href":"https:\/\/now-news.de\/de\/wp-json\/wp\/v2\/users\/3"}],"replies":[{"embeddable":true,"href":"https:\/\/now-news.de\/de\/wp-json\/wp\/v2\/comments?post=24872"}],"version-history":[{"count":0,"href":"https:\/\/now-news.de\/de\/wp-json\/wp\/v2\/posts\/24872\/revisions"}],"wp:featuredmedia":[{"embeddable":true,"href":"https:\/\/now-news.de\/de\/wp-json\/wp\/v2\/media\/24873"}],"wp:attachment":[{"href":"https:\/\/now-news.de\/de\/wp-json\/wp\/v2\/media?parent=24872"}],"wp:term":[{"taxonomy":"category","embeddable":true,"href":"https:\/\/now-news.de\/de\/wp-json\/wp\/v2\/categories?post=24872"},{"taxonomy":"post_tag","embeddable":true,"href":"https:\/\/now-news.de\/de\/wp-json\/wp\/v2\/tags?post=24872"}],"curies":[{"name":"wp","href":"https:\/\/api.w.org\/{rel}","templated":true}]}}