{"id":24789,"date":"2022-12-06T12:20:16","date_gmt":"2022-12-06T10:20:16","guid":{"rendered":"https:\/\/just-now.news\/de\/deutschland\/top-geheimdienstler-in-israel-gewaltspirale-im-westjordanland-dreht-sich-ungebremst-weiter\/"},"modified":"2022-12-06T12:20:16","modified_gmt":"2022-12-06T10:20:16","slug":"top-geheimdienstler-in-israel-gewaltspirale-im-westjordanland-dreht-sich-ungebremst-weiter","status":"publish","type":"post","link":"https:\/\/now-news.de\/de\/deutschland\/top-geheimdienstler-in-israel-gewaltspirale-im-westjordanland-dreht-sich-ungebremst-weiter\/","title":{"rendered":"Top-Geheimdienstler in Israel: Gewaltspirale im Westjordanland dreht sich ungebremst weiter"},"content":{"rendered":"<p><img decoding=\"async\" src=\"http:\/\/just-now.news\/de\/wp-content\/uploads\/sites\/3\/2022\/12\/638f06aeb480cc27f0117861.jpg\" \/><\/p>\n<div class=\"Text-root Text-type_1 \">\n                Die Pal\u00e4stinensische Autonomiebeh\u00f6rde habe ihre Legitimit\u00e4t bei jungen Pal\u00e4stinensern verloren, und im Westjordanland sei der Zugang zu Schusswaffen leicht, warnt ein hochrangiger Beamter des israelischen Geheimdienstes vor k\u00fcnftigen Eskalationen im israelisch besetzten Westjordanland.\n            <\/div>\n<p><\/p>\n<div class=\"Text-root Text-type_5 ArticleView-text ViewText-root \">\n<p>Ein hochrangiger Beamter des israelischen Geheimdienstes <a rel=\"nofollow noopener\" target=\"_blank\" href=\"https:\/\/www.timesofisrael.com\/top-intel-officer-west-bank-violence-only-going-to-get-worse\/\">sagte<\/a> am Montag, er glaube, dass sich die eskalierende Situation im Westjordanland im kommenden Jahr nur noch verschlimmern werde und dass Israel nicht nur mit einer &#8220;Terrorwelle&#8221; konfrontiert sei.<\/p>\n<p>Der Brigadegeneral Amit Saar und Leiter der Forschungsabteilung des milit\u00e4rischen Nachrichtendienstes der israelischen Streitkr\u00e4fte sagte, die zunehmende Gewalt im Westjordanland werde 2023\u00a0neben dem Thema\u00a0&#8220;Iran&#8221; die zweitgr\u00f6\u00dfte Herausforderung f\u00fcr Israel darstellen: &#8220;Wir sehen, dass die Grundlagen, die es uns bislang erm\u00f6glicht haben, den Konflikt zu bew\u00e4ltigen, ins Wanken geraten. Wir sind weit davon entfernt, den Konflikt l\u00f6sen zu k\u00f6nnen.&#8221;\u00a0<\/p>\n<p>Saar vermutet, die Pal\u00e4stinensische Autonomiebeh\u00f6rde habe ihre Legitimit\u00e4t bei jungen Pal\u00e4stinensern verloren, und warnte, im Westjordanland sei der Zugang zu Schusswaffen leicht, was wiederholte Schie\u00dfattacken erm\u00f6gliche. Die israelischen Streitkr\u00e4fte (IDF) haben in diesem Jahr mindestens 281 Schie\u00dfereien und Schie\u00dfversuche gegen israelische Zivilisten und Soldaten im Westjordanland registriert, im Vergleich zu nur 91 im vorigen Jahr.<\/p>\n<p>Israelische Truppen sind im vergangenen Jahr bei Verhaftungsaktionen im Westjordanland wiederholt unter Beschuss geraten, vor allem in den St\u00e4dten Nablus und Dschenin, aber auch in anderen Gebieten.<\/p>\n<p>W\u00e4hrend der israelischen Operationen wurden nach Angaben der Pal\u00e4stinensischen Autonomiebeh\u00f6rde rund 150 Pal\u00e4stinenser durch israelischen Beschuss get\u00f6tet. Nach\u00a0Darstellung der IDF wurden angeblich viele von ihnen \u2013 wenn auch nicht alle \u2013 bei der Aus\u00fcbung von Anschl\u00e4gen oder bei heftigen Zusammenst\u00f6\u00dfen mit den Sicherheitskr\u00e4ften w\u00e4hrend n\u00e4chtlicher Razzien get\u00f6tet.<\/p>\n<p>Vor dem Hintergrund der Unruhe in Iran sagte Saar, dass das &#8220;iranische Regime&#8221; die anhaltenden Proteste im Lande \u00fcberleben werde. Teheran\u00a0habe sehr starke Instrumente entwickelt, um mit solchen Protesten umzugehen.<\/p>\n<p>Die Lage im besetzten\u00a0Westjordanland\u00a0ist seit Monaten sehr angespannt.\u00a0Dort erschoss letzte Woche ein israelischer Polizist einen Pal\u00e4stinenser aus n\u00e4chster N\u00e4he. Der Vorfall hat eine heftige Kontroverse in den sozialen Medien ausgel\u00f6st.\u00a0Die pal\u00e4stinensische Nachrichtenagentur <em>Wafa<\/em> schrieb, der Pal\u00e4stinenser sei von vier Kugeln getroffen worden und israelische Soldaten h\u00e4tten danach pal\u00e4stinensische Krankenwagen daran gehindert, zum Ort des Geschehens zu gelangen.<\/p>\n<p>In Iran beobachte man die Entwicklungen im israelisch besetzten Gebiete sehr aufmerksam und \u00fcberlege, wie man davon profitieren k\u00f6nne, kommentierte die israelische Zeitung\u00a0<em>Jerusalem Post<\/em> die Situation nach dem j\u00fcngsten Anschlag in Jerusalem: &#8220;So k\u00f6nnte Iran versuchen, weitere Spannungen zu sch\u00fcren oder den Islamischen Dschihad zu Anschl\u00e4gen zu ermutigen&#8221;, schrieb die <em>Jerusalem Post<\/em>. In den vergangenen\u00a0Wochen wurde Iran von einer Terrorserie in mehreren St\u00e4dten an der Grenze zu Irak und Pakistan heimgesucht. Teheran warf dem Westen und Israel vor, einen B\u00fcrgerkrieg in dem Land sch\u00fcren zu wollen.<\/p>\n<p><strong>Mehr zum Thema<\/strong> &#8211; <a rel=\"nofollow noopener\" target=\"_blank\" href=\"https:\/\/de.rt.com\/der-nahe-osten\/155328-ben-gvir-fordert-nach-anschlag\/\">Ben Gvir fordert nach Anschlag T\u00f6tungen von Pal\u00e4stinensern \u2013 Sicherheitskameras in Jerusalem gehackt<\/a><\/p>\n<div class=\"EmbedBlock-root EmbedBlock-externalVideo EmbedBlock-vk\">\n<div class=\"VkEmbed\"><iframe class=\"lazyload\" data-src=\"https:\/\/vk.com\/video_ext.php?oid=-134310637&amp;id=456260583&amp;hash=8c55fbb79aa687ad\" frameborder=\"0\" width=\"853\" height=\"480\" allowfullscreen><\/iframe><\/div>\n<\/div>\n<\/div>\n<p><br \/>\n<br \/><a href=\"https:\/\/de.rt.com\/der-nahe-osten\/156438-top-geheimdienstler-in-israel-gewaltspirale\/\">Source link <\/a><\/p>\n","protected":false},"excerpt":{"rendered":"<p>Die Pal\u00e4stinensische Autonomiebeh\u00f6rde habe ihre Legitimit\u00e4t bei jungen Pal\u00e4stinensern verloren, und im Westjordanland sei der Zugang zu Schusswaffen leicht, warnt ein hochrangiger Beamter des israelischen Geheimdienstes vor k\u00fcnftigen Eskalationen im israelisch besetzten Westjordanland. Ein hochrangiger Beamter des israelischen Geheimdienstes sagte am Montag, er glaube, dass sich die eskalierende Situation im Westjordanland im kommenden Jahr nur [&hellip;]<\/p>\n","protected":false},"author":3,"featured_media":24790,"comment_status":"open","ping_status":"open","sticky":false,"template":"","format":"standard","meta":{"_yoast_indexnow_last_ping":["1670322677"],"wp_automatic_camp":["217"],"f2a3ad05f9f6d8e9106641485f58b5d4":["Top-Geheimdienstler in Israel: Gewaltspirale im Westjordanland dreht sich ungebremst weiter"],"original_link":["https:\/\/de.rt.com\/der-nahe-osten\/156438-top-geheimdienstler-in-israel-gewaltspirale\/"],"_thumbnail_id":["24790"],"_wptgpro_p2tg_sent2tg":["a:1:{i:23737;s:19:\"2022-12-06 12:32:44\";}"],"jnews_social_counter_last_update":["1777194581"]},"categories":[19,23],"tags":[16694,37072,432,434,37071,37073,601,15698],"yoast_head":"<!-- This site is optimized with the Yoast SEO Premium plugin v22.7 (Yoast SEO v22.7) - https:\/\/yoast.com\/wordpress\/plugins\/seo\/ -->\n<title>Top-Geheimdienstler in Israel: Gewaltspirale im Westjordanland dreht sich ungebremst weiter - just-now.NEWS Deutschland<\/title>\n<meta name=\"robots\" content=\"index, follow, max-snippet:-1, max-image-preview:large, max-video-preview:-1\" \/>\n<link rel=\"canonical\" href=\"https:\/\/now-news.de\/de\/deutschland\/top-geheimdienstler-in-israel-gewaltspirale-im-westjordanland-dreht-sich-ungebremst-weiter\/\" \/>\n<meta property=\"og:locale\" content=\"de_DE\" \/>\n<meta property=\"og:type\" content=\"article\" \/>\n<meta property=\"og:title\" content=\"Top-Geheimdienstler in Israel: Gewaltspirale im Westjordanland dreht sich ungebremst weiter\" \/>\n<meta property=\"og:description\" content=\"Die Pal\u00e4stinensische Autonomiebeh\u00f6rde habe ihre Legitimit\u00e4t bei jungen Pal\u00e4stinensern verloren, und im Westjordanland sei der Zugang zu Schusswaffen leicht, warnt ein hochrangiger Beamter des israelischen Geheimdienstes vor k\u00fcnftigen Eskalationen im israelisch besetzten Westjordanland. Ein hochrangiger Beamter des israelischen Geheimdienstes sagte am Montag, er glaube, dass sich die eskalierende Situation im Westjordanland im kommenden Jahr nur [&hellip;]\" \/>\n<meta property=\"og:url\" content=\"https:\/\/now-news.de\/de\/deutschland\/top-geheimdienstler-in-israel-gewaltspirale-im-westjordanland-dreht-sich-ungebremst-weiter\/\" \/>\n<meta property=\"og:site_name\" content=\"just-now.NEWS Deutschland\" \/>\n<meta property=\"article:publisher\" content=\"https:\/\/www.facebook.com\/wirmachenauf\" \/>\n<meta property=\"article:published_time\" content=\"2022-12-06T10:20:16+00:00\" \/>\n<meta property=\"og:image\" content=\"https:\/\/now-news.de\/de\/wp-content\/uploads\/sites\/3\/2022\/12\/Top-Geheimdienstler-in-Israel-Gewaltspirale-im-Westjordanland-dreht-sich-ungebremst-weiter.jpg\" \/>\n\t<meta property=\"og:image:width\" content=\"460\" \/>\n\t<meta property=\"og:image:height\" content=\"259\" \/>\n\t<meta property=\"og:image:type\" content=\"image\/jpeg\" \/>\n<meta name=\"author\" content=\"rtnews\" \/>\n<meta name=\"twitter:card\" content=\"summary_large_image\" \/>\n<meta name=\"twitter:creator\" content=\"@WirMachenAuf_de\" \/>\n<meta name=\"twitter:site\" content=\"@WirMachenAuf_de\" \/>\n<meta name=\"twitter:label1\" content=\"Verfasst von\" \/>\n\t<meta name=\"twitter:data1\" content=\"rtnews\" \/>\n\t<meta name=\"twitter:label2\" content=\"Gesch\u00e4tzte Lesezeit\" \/>\n\t<meta name=\"twitter:data2\" content=\"3\u00a0Minuten\" \/>\n<script type=\"application\/ld+json\" class=\"yoast-schema-graph\">{\"@context\":\"https:\/\/schema.org\",\"@graph\":[{\"@type\":\"Article\",\"@id\":\"https:\/\/now-news.de\/de\/deutschland\/top-geheimdienstler-in-israel-gewaltspirale-im-westjordanland-dreht-sich-ungebremst-weiter\/#article\",\"isPartOf\":{\"@id\":\"https:\/\/now-news.de\/de\/deutschland\/top-geheimdienstler-in-israel-gewaltspirale-im-westjordanland-dreht-sich-ungebremst-weiter\/\"},\"author\":{\"name\":\"rtnews\",\"@id\":\"https:\/\/now-news.de\/de\/#\/schema\/person\/fb534a4e865501d8b3285208df34a9b5\"},\"headline\":\"Top-Geheimdienstler in Israel: Gewaltspirale im Westjordanland dreht sich ungebremst weiter\",\"datePublished\":\"2022-12-06T10:20:16+00:00\",\"dateModified\":\"2022-12-06T10:20:16+00:00\",\"mainEntityOfPage\":{\"@id\":\"https:\/\/now-news.de\/de\/deutschland\/top-geheimdienstler-in-israel-gewaltspirale-im-westjordanland-dreht-sich-ungebremst-weiter\/\"},\"wordCount\":514,\"commentCount\":0,\"publisher\":{\"@id\":\"https:\/\/now-news.de\/de\/#organization\"},\"image\":{\"@id\":\"https:\/\/now-news.de\/de\/deutschland\/top-geheimdienstler-in-israel-gewaltspirale-im-westjordanland-dreht-sich-ungebremst-weiter\/#primaryimage\"},\"thumbnailUrl\":\"https:\/\/now-news.de\/de\/wp-content\/uploads\/sites\/3\/2022\/12\/Top-Geheimdienstler-in-Israel-Gewaltspirale-im-Westjordanland-dreht-sich-ungebremst-weiter.jpg\",\"keywords\":[\"dreht\",\"Gewaltspirale\",\"Israel\",\"sich\",\"TopGeheimdienstler\",\"ungebremst\",\"weiter\",\"Westjordanland\"],\"articleSection\":[\"Deutschland\",\"Russland\"],\"inLanguage\":\"de\",\"potentialAction\":[{\"@type\":\"CommentAction\",\"name\":\"Comment\",\"target\":[\"https:\/\/now-news.de\/de\/deutschland\/top-geheimdienstler-in-israel-gewaltspirale-im-westjordanland-dreht-sich-ungebremst-weiter\/#respond\"]}]},{\"@type\":\"WebPage\",\"@id\":\"https:\/\/now-news.de\/de\/deutschland\/top-geheimdienstler-in-israel-gewaltspirale-im-westjordanland-dreht-sich-ungebremst-weiter\/\",\"url\":\"https:\/\/now-news.de\/de\/deutschland\/top-geheimdienstler-in-israel-gewaltspirale-im-westjordanland-dreht-sich-ungebremst-weiter\/\",\"name\":\"Top-Geheimdienstler in Israel: Gewaltspirale im Westjordanland dreht sich ungebremst weiter - just-now.NEWS Deutschland\",\"isPartOf\":{\"@id\":\"https:\/\/now-news.de\/de\/#website\"},\"primaryImageOfPage\":{\"@id\":\"https:\/\/now-news.de\/de\/deutschland\/top-geheimdienstler-in-israel-gewaltspirale-im-westjordanland-dreht-sich-ungebremst-weiter\/#primaryimage\"},\"image\":{\"@id\":\"https:\/\/now-news.de\/de\/deutschland\/top-geheimdienstler-in-israel-gewaltspirale-im-westjordanland-dreht-sich-ungebremst-weiter\/#primaryimage\"},\"thumbnailUrl\":\"https:\/\/now-news.de\/de\/wp-content\/uploads\/sites\/3\/2022\/12\/Top-Geheimdienstler-in-Israel-Gewaltspirale-im-Westjordanland-dreht-sich-ungebremst-weiter.jpg\",\"datePublished\":\"2022-12-06T10:20:16+00:00\",\"dateModified\":\"2022-12-06T10:20:16+00:00\",\"breadcrumb\":{\"@id\":\"https:\/\/now-news.de\/de\/deutschland\/top-geheimdienstler-in-israel-gewaltspirale-im-westjordanland-dreht-sich-ungebremst-weiter\/#breadcrumb\"},\"inLanguage\":\"de\",\"potentialAction\":[{\"@type\":\"ReadAction\",\"target\":[\"https:\/\/now-news.de\/de\/deutschland\/top-geheimdienstler-in-israel-gewaltspirale-im-westjordanland-dreht-sich-ungebremst-weiter\/\"]}]},{\"@type\":\"ImageObject\",\"inLanguage\":\"de\",\"@id\":\"https:\/\/now-news.de\/de\/deutschland\/top-geheimdienstler-in-israel-gewaltspirale-im-westjordanland-dreht-sich-ungebremst-weiter\/#primaryimage\",\"url\":\"https:\/\/now-news.de\/de\/wp-content\/uploads\/sites\/3\/2022\/12\/Top-Geheimdienstler-in-Israel-Gewaltspirale-im-Westjordanland-dreht-sich-ungebremst-weiter.jpg\",\"contentUrl\":\"https:\/\/now-news.de\/de\/wp-content\/uploads\/sites\/3\/2022\/12\/Top-Geheimdienstler-in-Israel-Gewaltspirale-im-Westjordanland-dreht-sich-ungebremst-weiter.jpg\",\"width\":460,\"height\":259,\"caption\":\"Top-Geheimdienstler in Israel: Gewaltspirale im Westjordanland dreht sich ungebremst weiter\"},{\"@type\":\"BreadcrumbList\",\"@id\":\"https:\/\/now-news.de\/de\/deutschland\/top-geheimdienstler-in-israel-gewaltspirale-im-westjordanland-dreht-sich-ungebremst-weiter\/#breadcrumb\",\"itemListElement\":[{\"@type\":\"ListItem\",\"position\":1,\"name\":\"Home\",\"item\":\"https:\/\/now-news.de\/de\/\"},{\"@type\":\"ListItem\",\"position\":2,\"name\":\"Top-Geheimdienstler in Israel: Gewaltspirale im Westjordanland dreht sich ungebremst weiter\"}]},{\"@type\":\"WebSite\",\"@id\":\"https:\/\/now-news.de\/de\/#website\",\"url\":\"https:\/\/now-news.de\/de\/\",\"name\":\"just-now.NEWS Deutschland\",\"description\":\"Das Portal f\u00fcr unzensierte Nachrichten aus der Welt\",\"publisher\":{\"@id\":\"https:\/\/now-news.de\/de\/#organization\"},\"potentialAction\":[{\"@type\":\"SearchAction\",\"target\":{\"@type\":\"EntryPoint\",\"urlTemplate\":\"https:\/\/now-news.de\/de\/?s={search_term_string}\"},\"query-input\":\"required name=search_term_string\"}],\"inLanguage\":\"de\"},{\"@type\":\"Organization\",\"@id\":\"https:\/\/now-news.de\/de\/#organization\",\"name\":\"Just Now News\",\"url\":\"https:\/\/now-news.de\/de\/\",\"logo\":{\"@type\":\"ImageObject\",\"inLanguage\":\"de\",\"@id\":\"https:\/\/now-news.de\/de\/#\/schema\/logo\/image\/\",\"url\":\"http:\/\/just-now.news\/de\/wp-content\/uploads\/sites\/3\/2022\/04\/logo500x500.jpg\",\"contentUrl\":\"http:\/\/just-now.news\/de\/wp-content\/uploads\/sites\/3\/2022\/04\/logo500x500.jpg\",\"width\":500,\"height\":500,\"caption\":\"Just Now News\"},\"image\":{\"@id\":\"https:\/\/now-news.de\/de\/#\/schema\/logo\/image\/\"},\"sameAs\":[\"https:\/\/www.facebook.com\/wirmachenauf\",\"https:\/\/x.com\/WirMachenAuf_de\"]},{\"@type\":\"Person\",\"@id\":\"https:\/\/now-news.de\/de\/#\/schema\/person\/fb534a4e865501d8b3285208df34a9b5\",\"name\":\"rtnews\",\"image\":{\"@type\":\"ImageObject\",\"inLanguage\":\"de\",\"@id\":\"https:\/\/now-news.de\/de\/#\/schema\/person\/image\/\",\"url\":\"https:\/\/secure.gravatar.com\/avatar\/82aafea7d8127119dd649515f56e2117?s=96&d=mm&r=g\",\"contentUrl\":\"https:\/\/secure.gravatar.com\/avatar\/82aafea7d8127119dd649515f56e2117?s=96&d=mm&r=g\",\"caption\":\"rtnews\"},\"url\":\"https:\/\/now-news.de\/de\/author\/rnews\/\"}]}<\/script>\n<!-- \/ Yoast SEO Premium plugin. -->","yoast_head_json":{"title":"Top-Geheimdienstler in Israel: Gewaltspirale im Westjordanland dreht sich ungebremst weiter - just-now.NEWS Deutschland","robots":{"index":"index","follow":"follow","max-snippet":"max-snippet:-1","max-image-preview":"max-image-preview:large","max-video-preview":"max-video-preview:-1"},"canonical":"https:\/\/now-news.de\/de\/deutschland\/top-geheimdienstler-in-israel-gewaltspirale-im-westjordanland-dreht-sich-ungebremst-weiter\/","og_locale":"de_DE","og_type":"article","og_title":"Top-Geheimdienstler in Israel: Gewaltspirale im Westjordanland dreht sich ungebremst weiter","og_description":"Die Pal\u00e4stinensische Autonomiebeh\u00f6rde habe ihre Legitimit\u00e4t bei jungen Pal\u00e4stinensern verloren, und im Westjordanland sei der Zugang zu Schusswaffen leicht, warnt ein hochrangiger Beamter des israelischen Geheimdienstes vor k\u00fcnftigen Eskalationen im israelisch besetzten Westjordanland. Ein hochrangiger Beamter des israelischen Geheimdienstes sagte am Montag, er glaube, dass sich die eskalierende Situation im Westjordanland im kommenden Jahr nur [&hellip;]","og_url":"https:\/\/now-news.de\/de\/deutschland\/top-geheimdienstler-in-israel-gewaltspirale-im-westjordanland-dreht-sich-ungebremst-weiter\/","og_site_name":"just-now.NEWS Deutschland","article_publisher":"https:\/\/www.facebook.com\/wirmachenauf","article_published_time":"2022-12-06T10:20:16+00:00","og_image":[{"width":460,"height":259,"url":"https:\/\/now-news.de\/de\/wp-content\/uploads\/sites\/3\/2022\/12\/Top-Geheimdienstler-in-Israel-Gewaltspirale-im-Westjordanland-dreht-sich-ungebremst-weiter.jpg","type":"image\/jpeg"}],"author":"rtnews","twitter_card":"summary_large_image","twitter_creator":"@WirMachenAuf_de","twitter_site":"@WirMachenAuf_de","twitter_misc":{"Verfasst von":"rtnews","Gesch\u00e4tzte Lesezeit":"3\u00a0Minuten"},"schema":{"@context":"https:\/\/schema.org","@graph":[{"@type":"Article","@id":"https:\/\/now-news.de\/de\/deutschland\/top-geheimdienstler-in-israel-gewaltspirale-im-westjordanland-dreht-sich-ungebremst-weiter\/#article","isPartOf":{"@id":"https:\/\/now-news.de\/de\/deutschland\/top-geheimdienstler-in-israel-gewaltspirale-im-westjordanland-dreht-sich-ungebremst-weiter\/"},"author":{"name":"rtnews","@id":"https:\/\/now-news.de\/de\/#\/schema\/person\/fb534a4e865501d8b3285208df34a9b5"},"headline":"Top-Geheimdienstler in Israel: Gewaltspirale im Westjordanland dreht sich ungebremst weiter","datePublished":"2022-12-06T10:20:16+00:00","dateModified":"2022-12-06T10:20:16+00:00","mainEntityOfPage":{"@id":"https:\/\/now-news.de\/de\/deutschland\/top-geheimdienstler-in-israel-gewaltspirale-im-westjordanland-dreht-sich-ungebremst-weiter\/"},"wordCount":514,"commentCount":0,"publisher":{"@id":"https:\/\/now-news.de\/de\/#organization"},"image":{"@id":"https:\/\/now-news.de\/de\/deutschland\/top-geheimdienstler-in-israel-gewaltspirale-im-westjordanland-dreht-sich-ungebremst-weiter\/#primaryimage"},"thumbnailUrl":"https:\/\/now-news.de\/de\/wp-content\/uploads\/sites\/3\/2022\/12\/Top-Geheimdienstler-in-Israel-Gewaltspirale-im-Westjordanland-dreht-sich-ungebremst-weiter.jpg","keywords":["dreht","Gewaltspirale","Israel","sich","TopGeheimdienstler","ungebremst","weiter","Westjordanland"],"articleSection":["Deutschland","Russland"],"inLanguage":"de","potentialAction":[{"@type":"CommentAction","name":"Comment","target":["https:\/\/now-news.de\/de\/deutschland\/top-geheimdienstler-in-israel-gewaltspirale-im-westjordanland-dreht-sich-ungebremst-weiter\/#respond"]}]},{"@type":"WebPage","@id":"https:\/\/now-news.de\/de\/deutschland\/top-geheimdienstler-in-israel-gewaltspirale-im-westjordanland-dreht-sich-ungebremst-weiter\/","url":"https:\/\/now-news.de\/de\/deutschland\/top-geheimdienstler-in-israel-gewaltspirale-im-westjordanland-dreht-sich-ungebremst-weiter\/","name":"Top-Geheimdienstler in Israel: Gewaltspirale im Westjordanland dreht sich ungebremst weiter - just-now.NEWS Deutschland","isPartOf":{"@id":"https:\/\/now-news.de\/de\/#website"},"primaryImageOfPage":{"@id":"https:\/\/now-news.de\/de\/deutschland\/top-geheimdienstler-in-israel-gewaltspirale-im-westjordanland-dreht-sich-ungebremst-weiter\/#primaryimage"},"image":{"@id":"https:\/\/now-news.de\/de\/deutschland\/top-geheimdienstler-in-israel-gewaltspirale-im-westjordanland-dreht-sich-ungebremst-weiter\/#primaryimage"},"thumbnailUrl":"https:\/\/now-news.de\/de\/wp-content\/uploads\/sites\/3\/2022\/12\/Top-Geheimdienstler-in-Israel-Gewaltspirale-im-Westjordanland-dreht-sich-ungebremst-weiter.jpg","datePublished":"2022-12-06T10:20:16+00:00","dateModified":"2022-12-06T10:20:16+00:00","breadcrumb":{"@id":"https:\/\/now-news.de\/de\/deutschland\/top-geheimdienstler-in-israel-gewaltspirale-im-westjordanland-dreht-sich-ungebremst-weiter\/#breadcrumb"},"inLanguage":"de","potentialAction":[{"@type":"ReadAction","target":["https:\/\/now-news.de\/de\/deutschland\/top-geheimdienstler-in-israel-gewaltspirale-im-westjordanland-dreht-sich-ungebremst-weiter\/"]}]},{"@type":"ImageObject","inLanguage":"de","@id":"https:\/\/now-news.de\/de\/deutschland\/top-geheimdienstler-in-israel-gewaltspirale-im-westjordanland-dreht-sich-ungebremst-weiter\/#primaryimage","url":"https:\/\/now-news.de\/de\/wp-content\/uploads\/sites\/3\/2022\/12\/Top-Geheimdienstler-in-Israel-Gewaltspirale-im-Westjordanland-dreht-sich-ungebremst-weiter.jpg","contentUrl":"https:\/\/now-news.de\/de\/wp-content\/uploads\/sites\/3\/2022\/12\/Top-Geheimdienstler-in-Israel-Gewaltspirale-im-Westjordanland-dreht-sich-ungebremst-weiter.jpg","width":460,"height":259,"caption":"Top-Geheimdienstler in Israel: Gewaltspirale im Westjordanland dreht sich ungebremst weiter"},{"@type":"BreadcrumbList","@id":"https:\/\/now-news.de\/de\/deutschland\/top-geheimdienstler-in-israel-gewaltspirale-im-westjordanland-dreht-sich-ungebremst-weiter\/#breadcrumb","itemListElement":[{"@type":"ListItem","position":1,"name":"Home","item":"https:\/\/now-news.de\/de\/"},{"@type":"ListItem","position":2,"name":"Top-Geheimdienstler in Israel: Gewaltspirale im Westjordanland dreht sich ungebremst weiter"}]},{"@type":"WebSite","@id":"https:\/\/now-news.de\/de\/#website","url":"https:\/\/now-news.de\/de\/","name":"just-now.NEWS Deutschland","description":"Das Portal f\u00fcr unzensierte Nachrichten aus der Welt","publisher":{"@id":"https:\/\/now-news.de\/de\/#organization"},"potentialAction":[{"@type":"SearchAction","target":{"@type":"EntryPoint","urlTemplate":"https:\/\/now-news.de\/de\/?s={search_term_string}"},"query-input":"required name=search_term_string"}],"inLanguage":"de"},{"@type":"Organization","@id":"https:\/\/now-news.de\/de\/#organization","name":"Just Now News","url":"https:\/\/now-news.de\/de\/","logo":{"@type":"ImageObject","inLanguage":"de","@id":"https:\/\/now-news.de\/de\/#\/schema\/logo\/image\/","url":"http:\/\/just-now.news\/de\/wp-content\/uploads\/sites\/3\/2022\/04\/logo500x500.jpg","contentUrl":"http:\/\/just-now.news\/de\/wp-content\/uploads\/sites\/3\/2022\/04\/logo500x500.jpg","width":500,"height":500,"caption":"Just Now News"},"image":{"@id":"https:\/\/now-news.de\/de\/#\/schema\/logo\/image\/"},"sameAs":["https:\/\/www.facebook.com\/wirmachenauf","https:\/\/x.com\/WirMachenAuf_de"]},{"@type":"Person","@id":"https:\/\/now-news.de\/de\/#\/schema\/person\/fb534a4e865501d8b3285208df34a9b5","name":"rtnews","image":{"@type":"ImageObject","inLanguage":"de","@id":"https:\/\/now-news.de\/de\/#\/schema\/person\/image\/","url":"https:\/\/secure.gravatar.com\/avatar\/82aafea7d8127119dd649515f56e2117?s=96&d=mm&r=g","contentUrl":"https:\/\/secure.gravatar.com\/avatar\/82aafea7d8127119dd649515f56e2117?s=96&d=mm&r=g","caption":"rtnews"},"url":"https:\/\/now-news.de\/de\/author\/rnews\/"}]}},"_links":{"self":[{"href":"https:\/\/now-news.de\/de\/wp-json\/wp\/v2\/posts\/24789"}],"collection":[{"href":"https:\/\/now-news.de\/de\/wp-json\/wp\/v2\/posts"}],"about":[{"href":"https:\/\/now-news.de\/de\/wp-json\/wp\/v2\/types\/post"}],"author":[{"embeddable":true,"href":"https:\/\/now-news.de\/de\/wp-json\/wp\/v2\/users\/3"}],"replies":[{"embeddable":true,"href":"https:\/\/now-news.de\/de\/wp-json\/wp\/v2\/comments?post=24789"}],"version-history":[{"count":0,"href":"https:\/\/now-news.de\/de\/wp-json\/wp\/v2\/posts\/24789\/revisions"}],"wp:featuredmedia":[{"embeddable":true,"href":"https:\/\/now-news.de\/de\/wp-json\/wp\/v2\/media\/24790"}],"wp:attachment":[{"href":"https:\/\/now-news.de\/de\/wp-json\/wp\/v2\/media?parent=24789"}],"wp:term":[{"taxonomy":"category","embeddable":true,"href":"https:\/\/now-news.de\/de\/wp-json\/wp\/v2\/categories?post=24789"},{"taxonomy":"post_tag","embeddable":true,"href":"https:\/\/now-news.de\/de\/wp-json\/wp\/v2\/tags?post=24789"}],"curies":[{"name":"wp","href":"https:\/\/api.w.org\/{rel}","templated":true}]}}