{"id":24685,"date":"2022-12-05T07:45:23","date_gmt":"2022-12-05T05:45:23","guid":{"rendered":"https:\/\/just-now.news\/de\/deutschland\/neues-narrativ-in-vorbereitung-corona-regeln-duerfen-beim-mdr-jetzt-vorsichtig-hinterfragt-werden\/"},"modified":"2022-12-05T07:45:23","modified_gmt":"2022-12-05T05:45:23","slug":"neues-narrativ-in-vorbereitung-corona-regeln-duerfen-beim-mdr-jetzt-vorsichtig-hinterfragt-werden","status":"publish","type":"post","link":"https:\/\/now-news.de\/de\/deutschland\/neues-narrativ-in-vorbereitung-corona-regeln-duerfen-beim-mdr-jetzt-vorsichtig-hinterfragt-werden\/","title":{"rendered":"Neues Narrativ in Vorbereitung? Corona-Regeln d\u00fcrfen beim MDR jetzt vorsichtig hinterfragt werden"},"content":{"rendered":"<p><img decoding=\"async\" src=\"http:\/\/just-now.news\/de\/wp-content\/uploads\/sites\/3\/2022\/12\/638a02cfb480cc1d2b388331.png\" \/><\/p>\n<div class=\"Text-root Text-type_1 \">\n                Immer mehr Medien wechseln vorsichtig ihr Narrativ: Das Unrecht gegen\u00fcber Kritikern der Corona-Ma\u00dfnahmen und -Impfungen m\u00fcsse aufgekl\u00e4rt werden, hei\u00dft es hier und da. Doch geht es dabei nur um die aktuelle Neuordnung des Emp\u00f6rungsmanagements oder will der Mainstream tats\u00e4chlich aufkl\u00e4ren, wie Big Pharma, deren Lobbyisten, die Regierung und nicht zuletzt Bill Gates gelogen haben?\n            <\/div>\n<p><\/p>\n<div class=\"Text-root Text-type_5 ArticleView-text ViewText-root \">\n<p><em>Eine Analyse von Felicitas Rabe<\/em><\/p>\n<p><strong>Mainstream als Anf\u00fchrer einer neuen Schwurbler-Avantgarde?<\/strong><\/p>\n<p>Nach zwei Jahren Impferpressung kommt die Unwirksamkeit der Corona-Impfung endlich auch im Mainstream an. Im <a rel=\"nofollow noopener\" target=\"_blank\" href=\"https:\/\/www.mdr.de\/nachrichten\/deutschland\/panorama\/corona-impfung-wirkung-kritik-ungeimpfte-100.html\">Beitrag<\/a> &#8220;Ungeimpfte zu Unrecht beschuldigt?&#8221; legte der <em>Mitteldeutsche Rundfunk (MDR)<\/em> in der letzten Woche sehr ausf\u00fchrlich dar, warum das &#8220;Mantra vieler Politiker, Wissenschaftler und Medien&#8221;, wonach die Impfung vor Ansteckung sch\u00fctze, nun (!) nicht mehr haltbar sei.<\/p>\n<p>Ausgel\u00f6st habe diese neuerdings zunehmende kritische Debatte \u00fcber die Corona-Impfung laut <em>MDR<\/em> und <a rel=\"nofollow noopener\" target=\"_blank\" href=\"https:\/\/www1.wdr.de\/nachrichten\/rheinland\/impfschaden-nach-corona-100.html\">anderen Medien<\/a> eine &#8220;Szene im europ\u00e4ischen Parlament&#8221;. <em>RT<\/em>\u00a0<a rel=\"nofollow noopener\" target=\"_blank\" href=\"https:\/\/pressefreiheit.rtde.tech\/international\/151347-nein-pfizer-vertreterin-vor-eu\/\">berichtete<\/a> im Detail \u00fcber den\u00a0&#8220;Sonderausschuss\u00a0zu den Erkenntnissen aus der COVID-19-Pandemie und Empfehlungen f\u00fcr die Zukunft&#8221; vom 10. Oktober im EU-Parlament in Stra\u00dfburg, auf den sich auch der <em>MDR<\/em> jetzt bezog.\u00a0<\/p>\n<p>Im betreffenden EU-Sonderausschuss befragte der niederl\u00e4ndische Abgeordnete Rob Roos die Pfizer-Managerin Janine Small. Roos wollte wissen, inwiefern vor der Marktzulassung gepr\u00fcft worden sei, ob der BioNTech-Pfizer-Impfstoff eine Corona-Infektion oder auch \u00dcbertragung der Erreger verhindern k\u00f6nne. Die Pfizer-Managerin Janine Small gab daraufhin zu, dass dem Pharmaunternehmen bei der Einf\u00fchrung des Impfstoffs nicht bekannt gewesen sei, ob die Infektion durch Erreger des Typs SARS-CoV-2 oder die \u00dcbertragung dieser Erreger durch die Impfung verhindert w\u00fcrde. Daf\u00fcr habe man keine Zeit gehabt. Sie sagte:<\/p>\n<blockquote>\n<p><em>&#8220;Was die Frage betrifft, ob wir von\u00a0einem \u00dcbertragungsschutz wussten, bevor\u00a0es auf den Markt kam \u2013 Nein. Wir mussten wirklich mit der Geschwindigkeit der Wissenschaft arbeiten, um wirklich zu verstehen, was auf dem Markt vor sich geht. Und unter diesem Gesichtspunkt mussten wir alles auf Risiko machen.&#8221;<\/em><\/p>\n<\/blockquote>\n<p><strong>EMA-Dokument belegt schon im Februar 2021: BioNTech-Impfstoff sch\u00fctzt nicht <\/strong><\/p>\n<p>Ihre Antwort habe Impfkritiker emp\u00f6rt, kommentiert der <em>MDR<\/em> das \u00f6ffentliche Eingest\u00e4ndnis der Pharma-Managerin. Dem Sender scheint eventuell entgangen zu sein, dass diese Erkenntnis nach der Ver\u00f6ffentlichung des offiziellen <a rel=\"nofollow noopener\" target=\"_blank\" href=\"https:\/\/www.ema.europa.eu\/en\/documents\/assessment-report\/comirnaty-epar-public-assessment-report_en.pdf\">Impfstoff-Zulassungsdokuments<\/a> der Europ\u00e4ischen Arzneimittelbeh\u00f6rde EMA schon seit Februar 2021 vorlag. Auf das <a rel=\"nofollow noopener\" target=\"_blank\" href=\"https:\/\/www.ema.europa.eu\/en\/documents\/assessment-report\/comirnaty-epar-public-assessment-report_en.pdf\">EMA-Dokument<\/a> machte die S\u00fcdtiroler Rechtsanw\u00e4ltin und Expertin f\u00fcr EU-Recht, <a rel=\"nofollow noopener\" target=\"_blank\" href=\"https:\/\/www.renate-holzeisen.eu\/\">Dr. Renate Holzeisen<\/a> unter anderem im <a rel=\"nofollow noopener\" target=\"_blank\" href=\"https:\/\/corona-ausschuss.de\/\">Corona-Ausschuss<\/a> im August 2021 im &#8220;Planspiel Basic Camp Tag 2&#8221; aufmerksam. Hierbei zitierte Dr. Holzeisen einen Absatz aus dem Kapitel 2.5.4 &#8220;Ergebnisse zur klinischen Wirksamkeit&#8221; (Conclusions on clinical efficacy) auf Seite 97 des EMA-Reports vom 19.02.2020:<\/p>\n<blockquote>\n<p><em>&#8220;Es ist wahrscheinlich, dass der Impfstoff auch gegen schwere Verl\u00e4ufe von COVID-19 sch\u00fctzt, allerdings traten diese in der Studie kaum auf, und so k\u00f6nnen keine statistisch sicheren Ergebnisse dazu gewonnen werden. Derzeit ist es unbekannt, ob der Impfstoff gegen asymptomatische Infektionen sch\u00fctzt, oder ob er einen Einfluss hat auf die virale Ansteckung. Die Dauer des Schutzes ist nicht bekannt.&#8221;<\/em><\/p>\n<\/blockquote>\n<p>Mit anderen Worten hei\u00dft das: Es ist der EMA nicht bekannt, ob der Impfstoff \u00fcberhaupt sowohl vor Infektionen als auch vor Ansteckungen sch\u00fctzt, und laut EMA g\u00e4be es auch keine gesicherten Erkenntnisse, ob die Impfung vor schweren Verl\u00e4ufen sch\u00fctze. Unter anderem von tausenden Zuschauern des Corona-Ausschusses wurde diese offizielle EMA-Information, wonach \u00fcber die Schutzwirkung des Impfstoffes nichts bekannt sei, seither weiter verbreitet und in alternativen Medien ver\u00f6ffentlicht.<\/p>\n<p>So bezog sich Holzeisen beispielsweise auch in einem <em>RT<\/em>-Interview \u00fcber die Macht der Pharmaindustrie in Italien auf den EMA-Zulassungsbericht. Den Impfkritikern \u2013 bislang von vielen Mainstream-Medien als &#8220;rechte Schwurbler&#8221; bezeichnet \u2013 war die Unwirksamkeit der Impfung schon lange bekannt und daher also kaum ein aktueller Emp\u00f6rungsgrund.<\/p>\n<p><strong>Neuordnung des Emp\u00f6rungsmanagements<\/strong><\/p>\n<p>Doch ganz pl\u00f6tzlich (und auch unerwartet), wo durch die hohe Zahl von Geimpften in den Krankenh\u00e4usern und das zunehmende Durchsickern von Berichten \u00fcber Impfsch\u00e4den der Mythos von der schutz- und nutzbringenden Impfung sowieso immer mehr ins Wanken ger\u00e4t, lancieren Mainstream-Journalisten verst\u00e4rkt eine kritische Debatte. Jetzt muss wohl auch das Emp\u00f6rungsmanagement neu geordnet werden: Hatte man sich medial bis zuletzt \u00fcber die Impfkritiker emp\u00f6rt \u2013 wird den Impfkritikern jetzt eine gewisse Emp\u00f6rung zugestanden.<\/p>\n<p>Derzeit l\u00e4sst sich wohl das falsche Narrativ vom &#8220;heilsbringenden Impfstoff&#8221; \u2013 in einer \u00f6ffentlich-rechtlichen Inszenierung von Bill Gates am Ostersonntag, dem 12. April 2020 <a rel=\"nofollow noopener\" target=\"_blank\" href=\"https:\/\/www.tagesschau.de\/ausland\/gates-corona-101.html\">verk\u00fcndigt<\/a> \u2013\u00a0trotz noch so teurer PR-Agenturen nicht mehr verkaufen.<\/p>\n<p>Nun k\u00f6nnen die Medien sicherlich nicht andererseits das Risiko eingehen, die zuvor so erfolgreich gegen die Impfkritiker aufgehetzten Teile dieser Gesellschaft wieder g\u00e4nzlich zu verlieren. Schlie\u00dflich haben sich nicht wenige Menschen w\u00e4hrend der erfolgreichen <a rel=\"nofollow noopener\" target=\"_blank\" href=\"https:\/\/www.focus.de\/gesundheit\/news\/impfskeptiker-in-der-familie-fuenf-fakten-die-sie-fuer-die-naechste-diskussion-kennen-sollten_id_20923657.html\">Medienkampagne<\/a> zur Diffamierung &#8220;asozialer Anti-Impf-Schwurbler&#8221; von Ungeimpften distanziert, selbst von bis dahin engen Freunden und Verwandten. Andere haben ihre ungeimpften Nachbarn bei der Polizei angezeigt, wenn diese sich unerlaubterweise mit anderen Menschen trafen. Sehr viele Mitb\u00fcrger haben sich am kollektiven Impfdruck auf ihre Eltern, ihre Geschwister, Freunde und Kollegen beteiligt. Ganz zu schweigen von denen, die als &#8220;renitent Ungeimpfte&#8221; nicht am gesellschaftlichen und kulturellen Leben teilhaben durften und in vielen F\u00e4llen sogar ihre Arbeit verloren.<\/p>\n<p>Nachdem sich der Wind bez\u00fcglich der Impfwut jetzt dreht, k\u00f6nnte mancher Journalist von seiner bisher &#8220;solidarisch&#8221; geimpften J\u00fcngerschaft vielleicht kritisch be\u00e4ugt werden. Da erinnert man sich auf einmal an die seit drei Jahren verbr\u00e4mte Debattenkultur. Auf einmal d\u00fcrfen, nein m\u00fcssen wohl sogar Fragen gestellt werden. Und so fragt der <em>MDR<\/em> schon im ersten Teil seines Beitrags pl\u00f6tzlich, auf welcher wissenschaftlichen Grundlage die bisherigen Ma\u00dfnahmen denn basierten.\u00a0<\/p>\n<p>Solche Fragen scheinen doch eigentlich aus dem tiefsten Schwurbler-Milieu zu stammen. War doch bislang jegliche Infragestellung von Ma\u00dfnahmen und Erpressung zur Impfung von den h\u00f6chsten Infektionsschutzinstanzen untersagt. Und von den Medien wurde bis dato stets <a rel=\"nofollow noopener\" target=\"_blank\" href=\"https:\/\/twitter.com\/aya_velazquez\/status\/1542866593956483072?lang=en\">klassisch treu<\/a> das oberste Gebot weitergegeben, welches der RKI-Pr\u00e4sident Lothar Wieler am 28. Juli 2020 auf einer Pressekonferenz <a rel=\"nofollow noopener\" target=\"_blank\" href=\"https:\/\/www.deutschlandfunk.de\/mehr-covid-19-faelle-in-deutschland-rki-praesident-die-100.html\">verk\u00fcndete<\/a>: &#8220;Diese Regeln d\u00fcrfen \u00fcberhaupt nie hinterfragt werden.&#8221;<\/p>\n<p><strong>Weg vom deutschen &#8220;Corona-Schwurbler&#8221;\u00a0 \u2013 \u00a0ab sofort Fokus auf &#8220;Freiheitsk\u00e4mpfer&#8221; in China <\/strong><\/p>\n<p>Wie schnell wird hier wom\u00f6glich der eigene Anteil an der medialen Hetze gegen\u00fcber Andersdenkenden vom <em>MDR<\/em> verleugnet? Genauso, wie man sich jetzt nicht mehr an die mediale und reale Hetzjagd auf impfkritische Demonstranten erinnern will \u2013 wobei zwei Demonstrationsteilnehmer im Zusammenhang mit Polizeima\u00dfnahmen auf impfkritischen Kundgebungen sogar ums Leben kamen. Lieber <a rel=\"nofollow noopener\" target=\"_blank\" href=\"https:\/\/www.3sat.de\/gesellschaft\/auslandsjournal-extra\/auslandsjournal-extra-444.html\">fokussiert<\/a> man sich jetzt \u2013 wie im <a rel=\"nofollow noopener\" target=\"_blank\" href=\"https:\/\/www.3sat.de\/gesellschaft\/auslandsjournal-extra\/auslandsjournal-extra-444.html\">Bericht<\/a> des <em>Auslandjournals<\/em> am 1. Dezember \u2013 auf die Repressionen gegen\u00fcber den &#8220;Freiheitsk\u00e4mpfern&#8221; in China, die dort gerade so tapfer gegen die Coronama\u00dfnahmen der Kommunistischen Partei k\u00e4mpfen.<\/p>\n<p>Ach, da sitzt der Gr\u00fcnder der Querdenker-Bewegung Michael Ballweg in Deutschland mittlerweile seit Monaten rechtswidrig in Haft und deutsche Medien und Politiker hetzen derweil gegen die Festnahmen unter Corona-Freiheitsk\u00e4mpfern in China.<\/p>\n<p><strong>Narrativwechsel \u2013 bevor einem die Impfsch\u00e4den um die Ohren fliegen<\/strong><\/p>\n<p>Man dreht nun hierzulande das Narrativ um und verliert dabei kein Wort mehr \u00fcber die mediale Verleumdung impfkritischer \u00c4rzte und Juristen \u2013\u00a0die doch nur das mitteilten, was seit Anfang 2021 offiziell bekannt war: Die Impfung sch\u00fctzt nicht, die Impfung ist gef\u00e4hrlich. F\u00fcr diesen Standpunkt erlebten einige \u00c4rzte und Juristen und kritische Wissenschaftler bis zuletzt Hausdurchsuchungskommandos, als seien sie bei Al Qaida aktiv. \u00a0\u00a0<\/p>\n<p>K\u00f6nnen sich Journalisten beim <em>MDR<\/em>, welche nun pl\u00f6tzlich feststellen, &#8220;die Impfung sch\u00fctzt weder vor \u00dcbertragung noch vor Infektion&#8221; wenigstens jetzt vorstellen, wie es wohl ist,\u00a0wenn man f\u00fcr solch eine \u00c4u\u00dferung als &#8220;schwurbelnder Rechtsradikaler&#8221; diffamiert und ausgegrenzt wird? Wie es sich anf\u00fchlt, als diffamierter Ungeimpfter nicht ins Schwimmbad, in kein Restaurant und noch nicht mal auf einen \u00f6ffentlichen Weihnachtsmarkt zu d\u00fcrfen? Ach, das wollen sie vermutlich auch heute lieber gar nicht wissen \u2013 stattdessen schnell Schwamm dr\u00fcber.<\/p>\n<p>Obendrein will sich der <em>MDR<\/em> einen Persilschein verschaffen, indem man nun &#8220;den Politikern&#8221; die Schuld in die Schuhe schiebt. Unter der \u00dcberschrift &#8220;Zu welchen Aussagen sich damals Politiker hinrei\u00dfen lie\u00dfen&#8221; und mit einer Auswahl von bekannten Spr\u00fcchen zur Diffamierung wie &#8220;Tyrannei der Ungeimpften&#8221; suggeriert der Sender heute, die Politiker tr\u00fcgen die Schuld an der Diffamierung der Ungeimpften. Von den WEF-Pandemietreibern, von PR-Leuten in der Pharmalobby und auch in der Wissenschaft, von den anonymen BlackRock-Aktion\u00e4ren oder gar von Bill Gates ist um Gottes Willen bis heute nicht die Rede, deren Reputation soll weiterhin unbescholten bleiben.<\/p>\n<p>Man k\u00f6nnte fast meinen, die Medien seien nun dazu angehalten, schnell noch die Spur zu wechseln, bevor ihnen die nicht mehr zu leugnenden Tatsachen von Impfsch\u00e4den und das nicht mehr aufzuhaltende Drehen des Windes der \u00f6ffentlichen Meinung um die Ohren fliegen.\u00a0\u00a0<\/p>\n<p>Ausgerechnet diejenigen Journalisten vom \u00f6ffentlich-rechtlichen Rundfunk, bei denen man in vorderster Reihe die Ausgrenzungs- und Diffamierungskampagnen gegen Impfgegner als Aluh\u00fcte, Anti-Semiten, Rechtsoffenen, Schwurblern, Asozialen zuschauen durfte, prangern jetzt nahtlos den \u00fcblen Umgang mit Impfkritikern an, wie zum Beispiel auch am 1. Dezember 2022 im <em>Auslandsjournal<\/em>. Dieselben Medien haben sich noch bis vor ein paar Tagen an Hetzkampagnen gegen\u00fcber jenen Medien beteiligten, die von Anfang an kritisch berichteten.<\/p>\n<p><strong>Die letzte Bastion f\u00e4llt: Impfung sch\u00fctzt angeblich vor schwerem Verlauf<\/strong><\/p>\n<p>Noch klammert man sich dabei an die letzte Bastion des Impfnutzens, wonach die Impfung angeblich vor schweren Verl\u00e4ufen gesch\u00fctzt habe \u2013 schlie\u00dflich kann man den Impfkritikern ja nicht direkt und komplett Recht geben. Daran h\u00e4lt auch der <em>MDR<\/em> fest und betont dies in seinem Beitrag gleich mehrfach, wie zum Beispiel hier:\u00a0<\/p>\n<p>&#8220;Nach wie vor sch\u00fctzte die Impfung zwar gut vor einem schweren Verlauf, doch die Behauptung, allein die Ungeimpften belasteten unser Gesundheitssystem, konnte so nicht stimmen.&#8221;<\/p>\n<p>Oder hier: &#8220;Geimpfte k\u00f6nnen sich und andere anstecken, sogar symptomatisch erkranken, auch dann, wenn sie geboostert [sind]. Lediglich der Schutz vor einem schweren Verlauf bestand nach wie vor.&#8221;<\/p>\n<p>Man k\u00f6nnte fast meinen, der ganze <em>MDR<\/em>-Beitrag diene zum Teil auch dazu darzustellen, inwiefern die Ma\u00dfnahmen trotz aller Pleiten, Pech und Pannen doch noch irgendwie zu rechtfertigen seien:<\/p>\n<ul>\n<li>zumindest sei das Virus bis zur Omikron-Variante ja wohl doch gef\u00e4hrlich gewesen,<\/li>\n<li>zumindest habe man ja bis vor kurzem\u00a0 \u2013 also bis Oktober 2022 \u2013 \u00a0ja gar nicht gewusst, dass die Impfung weder Infektion noch \u00dcbertragung verhindere,<\/li>\n<li>und zumindest habe man sich damit vor einem schweren Verlauf sch\u00fctzen k\u00f6nnen.<\/li>\n<\/ul>\n<p>Was f\u00fcr eine medizinische Sensation eine sogenannte &#8220;Impfung&#8221; mit lediglich einem spezifischen Schutz vor &#8220;besonders schwerem&#8221; Verlauf darstellt, wurde bisher gar nicht gew\u00fcrdigt. Es handelt sich um einen einmaligen Impfstoff, der ganz spezifisch so wirkt, dass er die \u00dcbertragung und Ansteckung mit einem Virus zwar nicht verhindert, aber die Wirkung des Virus im K\u00f6rper auf einen angeblich milden Verlauf eingrenzt? Was f\u00fcr eine wundersame &#8220;Impfung&#8221;! Das riecht doch schon verd\u00e4chtig nach einem Nobelpreis \u2013 oder gab&#8217;s so etwas schon mal?<\/p>\n<p><strong>Aufarbeitung durch die T\u00e4ter?<\/strong><\/p>\n<p>Und nun, so der <em>MDR<\/em>, m\u00fcsse man aufarbeiten: &#8220;Statt jede Kritik zur\u00fcckzuweisen, ist es vielmehr Zeit f\u00fcr eine Aufarbeitung.&#8221; Die medialen T\u00e4ter bestimmen also, wann aufgearbeitet wird. Oder hat man seitens der Politiker und der Medienmacher doch eher Angst, dass eigene Aufkl\u00e4rungsinitiativen der Opfer von Diffamierung und Impfung, \u2013 wie zum Beispiel die neue Aufkl\u00e4rungseinrichtung <a rel=\"nofollow noopener\" target=\"_blank\" href=\"https:\/\/zaavv.com\/de-de\/vision\">ZAAVV<\/a> \u2013 doch zu genau hinschauen k\u00f6nnten?<\/p>\n<p>Das ZAAVV (Zentrum zur Aufarbeitung, Aufkl\u00e4rung, juristischen Verfolgung und Verhinderung von Verbrechen gegen die Menschheit* aufgrund der Corona-Ma\u00dfnahmen; *angelehnt an Art. 7 des R\u00f6mischen Statuts f\u00fcr den Internationalen Strafgerichtshof) wurde von Juristen und Wissenschaftlern in\u00a0Form einer Stiftung gegr\u00fcndet. Es &#8220;soll gezielt die fachliche, \u00f6ffentliche und juristische Auseinandersetzung mit den Folgen der Ma\u00dfnahmen der Corona-Pandemie f\u00f6rdern. Unsere Vision ist die umfassende Aufarbeitung der Ursachen, Geschichte und Folgen der Corona-Pandemie sowie die Einrichtung eines Entsch\u00e4digungsfonds f\u00fcr die Opfer&#8221;.<\/p>\n<p>Vielleicht rei\u00dfen die Medien das Aufkl\u00e4rungszepter lieber ganz zuvorkommend an sich, bevor man eine echte juristische und gesellschaftliche Aufkl\u00e4rung erleben muss.<\/p>\n<p>Wer durch mediale und politische Hetze Freunde und Arbeit verloren hat, wird jetzt von den Marktschreiern der Pharmaindustrie \u2013 inklusive diesen Mainstream-Journalisten \u2013 zum Meinungswandel aufgefordert. Ob ungeimpfter Schwurbler oder Impfgesch\u00e4digter, ganz egal \u2013 jetzt soll man die Impfung hinterfragen. Bevor die gesellschaftliche Stimmung gegen das medizinische und pharmazeutische Establishment kippt, sollen es die Medien wieder richten. Schlie\u00dflich k\u00f6nnte man doch selbst jetzt vielleicht auch noch Profite mit angeblich wirksamen Medikamenten gegen Impfsch\u00e4den machen?<\/p>\n<p><strong>Mehr zum Thema<\/strong> &#8211; <a rel=\"nofollow noopener\" target=\"_blank\" href=\"https:\/\/pressefreiheit.rtde.tech\/meinung\/155796-deutsche-heuchelei-politik-und-medien\/\">Deutsche Heuchelei: Politik und Medien fordern von China Aufhebung der Corona-Ma\u00dfnahmen<\/a><\/p>\n<\/div>\n<p><script async src=\"https:\/\/platform.twitter.com\/widgets.js\" charset=\"utf-8\"><\/script><br \/>\n<br \/><br \/>\n<br \/><a href=\"https:\/\/de.rt.com\/inland\/156113-neues-narrativ-in-vorbereitung-corona\/\">Source link <\/a><\/p>\n","protected":false},"excerpt":{"rendered":"<p>Immer mehr Medien wechseln vorsichtig ihr Narrativ: Das Unrecht gegen\u00fcber Kritikern der Corona-Ma\u00dfnahmen und -Impfungen m\u00fcsse aufgekl\u00e4rt werden, hei\u00dft es hier und da. Doch geht es dabei nur um die aktuelle Neuordnung des Emp\u00f6rungsmanagements oder will der Mainstream tats\u00e4chlich aufkl\u00e4ren, wie Big Pharma, deren Lobbyisten, die Regierung und nicht zuletzt Bill Gates gelogen haben? Eine [&hellip;]<\/p>\n","protected":false},"author":3,"featured_media":24686,"comment_status":"open","ping_status":"open","sticky":false,"template":"","format":"standard","meta":{"_yoast_indexnow_last_ping":["1670220073"],"wp_automatic_camp":["217"],"30537c2564d8bed4aac7401a82c2a5e4":["Neues Narrativ in Vorbereitung? Corona-Regeln d\u00fcrfen beim MDR jetzt vorsichtig hinterfragt werden"],"original_link":["https:\/\/de.rt.com\/inland\/156113-neues-narrativ-in-vorbereitung-corona\/"],"_thumbnail_id":["24686"],"jnews_social_counter_last_update":["1777177716"],"_wptgpro_p2tg_sent2tg":["a:1:{i:23737;s:19:\"2022-12-05 08:02:27\";}"]},"categories":[19,23],"tags":[1814,21784,1486,26155,2731,31905,7543,5324,1020,35857,1040],"yoast_head":"<!-- This site is optimized with the Yoast SEO Premium plugin v22.7 (Yoast SEO v22.7) - https:\/\/yoast.com\/wordpress\/plugins\/seo\/ -->\n<title>Neues Narrativ in Vorbereitung? Corona-Regeln d\u00fcrfen beim MDR jetzt vorsichtig hinterfragt werden - just-now.NEWS Deutschland<\/title>\n<meta name=\"robots\" content=\"index, follow, max-snippet:-1, max-image-preview:large, max-video-preview:-1\" \/>\n<link rel=\"canonical\" href=\"https:\/\/now-news.de\/de\/deutschland\/neues-narrativ-in-vorbereitung-corona-regeln-duerfen-beim-mdr-jetzt-vorsichtig-hinterfragt-werden\/\" \/>\n<meta property=\"og:locale\" content=\"de_DE\" \/>\n<meta property=\"og:type\" content=\"article\" \/>\n<meta property=\"og:title\" content=\"Neues Narrativ in Vorbereitung? Corona-Regeln d\u00fcrfen beim MDR jetzt vorsichtig hinterfragt werden\" \/>\n<meta property=\"og:description\" content=\"Immer mehr Medien wechseln vorsichtig ihr Narrativ: Das Unrecht gegen\u00fcber Kritikern der Corona-Ma\u00dfnahmen und -Impfungen m\u00fcsse aufgekl\u00e4rt werden, hei\u00dft es hier und da. Doch geht es dabei nur um die aktuelle Neuordnung des Emp\u00f6rungsmanagements oder will der Mainstream tats\u00e4chlich aufkl\u00e4ren, wie Big Pharma, deren Lobbyisten, die Regierung und nicht zuletzt Bill Gates gelogen haben? Eine [&hellip;]\" \/>\n<meta property=\"og:url\" content=\"https:\/\/now-news.de\/de\/deutschland\/neues-narrativ-in-vorbereitung-corona-regeln-duerfen-beim-mdr-jetzt-vorsichtig-hinterfragt-werden\/\" \/>\n<meta property=\"og:site_name\" content=\"just-now.NEWS Deutschland\" \/>\n<meta property=\"article:publisher\" content=\"https:\/\/www.facebook.com\/wirmachenauf\" \/>\n<meta property=\"article:published_time\" content=\"2022-12-05T05:45:23+00:00\" \/>\n<meta property=\"og:image\" content=\"https:\/\/now-news.de\/de\/wp-content\/uploads\/sites\/3\/2022\/12\/Neues-Narrativ-in-Vorbereitung-Corona-Regeln-duerfen-beim-MDR-jetzt-vorsichtig.png\" \/>\n\t<meta property=\"og:image:width\" content=\"460\" \/>\n\t<meta property=\"og:image:height\" content=\"259\" \/>\n\t<meta property=\"og:image:type\" content=\"image\/png\" \/>\n<meta name=\"author\" content=\"rtnews\" \/>\n<meta name=\"twitter:card\" content=\"summary_large_image\" \/>\n<meta name=\"twitter:creator\" content=\"@WirMachenAuf_de\" \/>\n<meta name=\"twitter:site\" content=\"@WirMachenAuf_de\" \/>\n<meta name=\"twitter:label1\" content=\"Verfasst von\" \/>\n\t<meta name=\"twitter:data1\" content=\"rtnews\" \/>\n\t<meta name=\"twitter:label2\" content=\"Gesch\u00e4tzte Lesezeit\" \/>\n\t<meta name=\"twitter:data2\" content=\"10\u00a0Minuten\" \/>\n<script type=\"application\/ld+json\" class=\"yoast-schema-graph\">{\"@context\":\"https:\/\/schema.org\",\"@graph\":[{\"@type\":\"Article\",\"@id\":\"https:\/\/now-news.de\/de\/deutschland\/neues-narrativ-in-vorbereitung-corona-regeln-duerfen-beim-mdr-jetzt-vorsichtig-hinterfragt-werden\/#article\",\"isPartOf\":{\"@id\":\"https:\/\/now-news.de\/de\/deutschland\/neues-narrativ-in-vorbereitung-corona-regeln-duerfen-beim-mdr-jetzt-vorsichtig-hinterfragt-werden\/\"},\"author\":{\"name\":\"rtnews\",\"@id\":\"https:\/\/now-news.de\/de\/#\/schema\/person\/fb534a4e865501d8b3285208df34a9b5\"},\"headline\":\"Neues Narrativ in Vorbereitung? Corona-Regeln d\u00fcrfen beim MDR jetzt vorsichtig hinterfragt werden\",\"datePublished\":\"2022-12-05T05:45:23+00:00\",\"dateModified\":\"2022-12-05T05:45:23+00:00\",\"mainEntityOfPage\":{\"@id\":\"https:\/\/now-news.de\/de\/deutschland\/neues-narrativ-in-vorbereitung-corona-regeln-duerfen-beim-mdr-jetzt-vorsichtig-hinterfragt-werden\/\"},\"wordCount\":2042,\"commentCount\":0,\"publisher\":{\"@id\":\"https:\/\/now-news.de\/de\/#organization\"},\"image\":{\"@id\":\"https:\/\/now-news.de\/de\/deutschland\/neues-narrativ-in-vorbereitung-corona-regeln-duerfen-beim-mdr-jetzt-vorsichtig-hinterfragt-werden\/#primaryimage\"},\"thumbnailUrl\":\"https:\/\/now-news.de\/de\/wp-content\/uploads\/sites\/3\/2022\/12\/Neues-Narrativ-in-Vorbereitung-Corona-Regeln-duerfen-beim-MDR-jetzt-vorsichtig.png\",\"keywords\":[\"beim\",\"CoronaRegeln\",\"d\u00fcrfen\",\"hinterfragt\",\"Jetzt\",\"MDR\",\"Narrativ\",\"neues\",\"Vorbereitung\",\"vorsichtig\",\"Werden\"],\"articleSection\":[\"Deutschland\",\"Russland\"],\"inLanguage\":\"de\",\"potentialAction\":[{\"@type\":\"CommentAction\",\"name\":\"Comment\",\"target\":[\"https:\/\/now-news.de\/de\/deutschland\/neues-narrativ-in-vorbereitung-corona-regeln-duerfen-beim-mdr-jetzt-vorsichtig-hinterfragt-werden\/#respond\"]}]},{\"@type\":\"WebPage\",\"@id\":\"https:\/\/now-news.de\/de\/deutschland\/neues-narrativ-in-vorbereitung-corona-regeln-duerfen-beim-mdr-jetzt-vorsichtig-hinterfragt-werden\/\",\"url\":\"https:\/\/now-news.de\/de\/deutschland\/neues-narrativ-in-vorbereitung-corona-regeln-duerfen-beim-mdr-jetzt-vorsichtig-hinterfragt-werden\/\",\"name\":\"Neues Narrativ in Vorbereitung? Corona-Regeln d\u00fcrfen beim MDR jetzt vorsichtig hinterfragt werden - just-now.NEWS Deutschland\",\"isPartOf\":{\"@id\":\"https:\/\/now-news.de\/de\/#website\"},\"primaryImageOfPage\":{\"@id\":\"https:\/\/now-news.de\/de\/deutschland\/neues-narrativ-in-vorbereitung-corona-regeln-duerfen-beim-mdr-jetzt-vorsichtig-hinterfragt-werden\/#primaryimage\"},\"image\":{\"@id\":\"https:\/\/now-news.de\/de\/deutschland\/neues-narrativ-in-vorbereitung-corona-regeln-duerfen-beim-mdr-jetzt-vorsichtig-hinterfragt-werden\/#primaryimage\"},\"thumbnailUrl\":\"https:\/\/now-news.de\/de\/wp-content\/uploads\/sites\/3\/2022\/12\/Neues-Narrativ-in-Vorbereitung-Corona-Regeln-duerfen-beim-MDR-jetzt-vorsichtig.png\",\"datePublished\":\"2022-12-05T05:45:23+00:00\",\"dateModified\":\"2022-12-05T05:45:23+00:00\",\"breadcrumb\":{\"@id\":\"https:\/\/now-news.de\/de\/deutschland\/neues-narrativ-in-vorbereitung-corona-regeln-duerfen-beim-mdr-jetzt-vorsichtig-hinterfragt-werden\/#breadcrumb\"},\"inLanguage\":\"de\",\"potentialAction\":[{\"@type\":\"ReadAction\",\"target\":[\"https:\/\/now-news.de\/de\/deutschland\/neues-narrativ-in-vorbereitung-corona-regeln-duerfen-beim-mdr-jetzt-vorsichtig-hinterfragt-werden\/\"]}]},{\"@type\":\"ImageObject\",\"inLanguage\":\"de\",\"@id\":\"https:\/\/now-news.de\/de\/deutschland\/neues-narrativ-in-vorbereitung-corona-regeln-duerfen-beim-mdr-jetzt-vorsichtig-hinterfragt-werden\/#primaryimage\",\"url\":\"https:\/\/now-news.de\/de\/wp-content\/uploads\/sites\/3\/2022\/12\/Neues-Narrativ-in-Vorbereitung-Corona-Regeln-duerfen-beim-MDR-jetzt-vorsichtig.png\",\"contentUrl\":\"https:\/\/now-news.de\/de\/wp-content\/uploads\/sites\/3\/2022\/12\/Neues-Narrativ-in-Vorbereitung-Corona-Regeln-duerfen-beim-MDR-jetzt-vorsichtig.png\",\"width\":460,\"height\":259,\"caption\":\"Neues Narrativ in Vorbereitung? Corona-Regeln d\u00fcrfen beim MDR jetzt vorsichtig hinterfragt werden\"},{\"@type\":\"BreadcrumbList\",\"@id\":\"https:\/\/now-news.de\/de\/deutschland\/neues-narrativ-in-vorbereitung-corona-regeln-duerfen-beim-mdr-jetzt-vorsichtig-hinterfragt-werden\/#breadcrumb\",\"itemListElement\":[{\"@type\":\"ListItem\",\"position\":1,\"name\":\"Home\",\"item\":\"https:\/\/now-news.de\/de\/\"},{\"@type\":\"ListItem\",\"position\":2,\"name\":\"Neues Narrativ in Vorbereitung? Corona-Regeln d\u00fcrfen beim MDR jetzt vorsichtig hinterfragt werden\"}]},{\"@type\":\"WebSite\",\"@id\":\"https:\/\/now-news.de\/de\/#website\",\"url\":\"https:\/\/now-news.de\/de\/\",\"name\":\"just-now.NEWS Deutschland\",\"description\":\"Das Portal f\u00fcr unzensierte Nachrichten aus der Welt\",\"publisher\":{\"@id\":\"https:\/\/now-news.de\/de\/#organization\"},\"potentialAction\":[{\"@type\":\"SearchAction\",\"target\":{\"@type\":\"EntryPoint\",\"urlTemplate\":\"https:\/\/now-news.de\/de\/?s={search_term_string}\"},\"query-input\":\"required name=search_term_string\"}],\"inLanguage\":\"de\"},{\"@type\":\"Organization\",\"@id\":\"https:\/\/now-news.de\/de\/#organization\",\"name\":\"Just Now News\",\"url\":\"https:\/\/now-news.de\/de\/\",\"logo\":{\"@type\":\"ImageObject\",\"inLanguage\":\"de\",\"@id\":\"https:\/\/now-news.de\/de\/#\/schema\/logo\/image\/\",\"url\":\"http:\/\/just-now.news\/de\/wp-content\/uploads\/sites\/3\/2022\/04\/logo500x500.jpg\",\"contentUrl\":\"http:\/\/just-now.news\/de\/wp-content\/uploads\/sites\/3\/2022\/04\/logo500x500.jpg\",\"width\":500,\"height\":500,\"caption\":\"Just Now News\"},\"image\":{\"@id\":\"https:\/\/now-news.de\/de\/#\/schema\/logo\/image\/\"},\"sameAs\":[\"https:\/\/www.facebook.com\/wirmachenauf\",\"https:\/\/x.com\/WirMachenAuf_de\"]},{\"@type\":\"Person\",\"@id\":\"https:\/\/now-news.de\/de\/#\/schema\/person\/fb534a4e865501d8b3285208df34a9b5\",\"name\":\"rtnews\",\"image\":{\"@type\":\"ImageObject\",\"inLanguage\":\"de\",\"@id\":\"https:\/\/now-news.de\/de\/#\/schema\/person\/image\/\",\"url\":\"https:\/\/secure.gravatar.com\/avatar\/82aafea7d8127119dd649515f56e2117?s=96&d=mm&r=g\",\"contentUrl\":\"https:\/\/secure.gravatar.com\/avatar\/82aafea7d8127119dd649515f56e2117?s=96&d=mm&r=g\",\"caption\":\"rtnews\"},\"url\":\"https:\/\/now-news.de\/de\/author\/rnews\/\"}]}<\/script>\n<!-- \/ Yoast SEO Premium plugin. -->","yoast_head_json":{"title":"Neues Narrativ in Vorbereitung? Corona-Regeln d\u00fcrfen beim MDR jetzt vorsichtig hinterfragt werden - just-now.NEWS Deutschland","robots":{"index":"index","follow":"follow","max-snippet":"max-snippet:-1","max-image-preview":"max-image-preview:large","max-video-preview":"max-video-preview:-1"},"canonical":"https:\/\/now-news.de\/de\/deutschland\/neues-narrativ-in-vorbereitung-corona-regeln-duerfen-beim-mdr-jetzt-vorsichtig-hinterfragt-werden\/","og_locale":"de_DE","og_type":"article","og_title":"Neues Narrativ in Vorbereitung? Corona-Regeln d\u00fcrfen beim MDR jetzt vorsichtig hinterfragt werden","og_description":"Immer mehr Medien wechseln vorsichtig ihr Narrativ: Das Unrecht gegen\u00fcber Kritikern der Corona-Ma\u00dfnahmen und -Impfungen m\u00fcsse aufgekl\u00e4rt werden, hei\u00dft es hier und da. Doch geht es dabei nur um die aktuelle Neuordnung des Emp\u00f6rungsmanagements oder will der Mainstream tats\u00e4chlich aufkl\u00e4ren, wie Big Pharma, deren Lobbyisten, die Regierung und nicht zuletzt Bill Gates gelogen haben? Eine [&hellip;]","og_url":"https:\/\/now-news.de\/de\/deutschland\/neues-narrativ-in-vorbereitung-corona-regeln-duerfen-beim-mdr-jetzt-vorsichtig-hinterfragt-werden\/","og_site_name":"just-now.NEWS Deutschland","article_publisher":"https:\/\/www.facebook.com\/wirmachenauf","article_published_time":"2022-12-05T05:45:23+00:00","og_image":[{"width":460,"height":259,"url":"https:\/\/now-news.de\/de\/wp-content\/uploads\/sites\/3\/2022\/12\/Neues-Narrativ-in-Vorbereitung-Corona-Regeln-duerfen-beim-MDR-jetzt-vorsichtig.png","type":"image\/png"}],"author":"rtnews","twitter_card":"summary_large_image","twitter_creator":"@WirMachenAuf_de","twitter_site":"@WirMachenAuf_de","twitter_misc":{"Verfasst von":"rtnews","Gesch\u00e4tzte Lesezeit":"10\u00a0Minuten"},"schema":{"@context":"https:\/\/schema.org","@graph":[{"@type":"Article","@id":"https:\/\/now-news.de\/de\/deutschland\/neues-narrativ-in-vorbereitung-corona-regeln-duerfen-beim-mdr-jetzt-vorsichtig-hinterfragt-werden\/#article","isPartOf":{"@id":"https:\/\/now-news.de\/de\/deutschland\/neues-narrativ-in-vorbereitung-corona-regeln-duerfen-beim-mdr-jetzt-vorsichtig-hinterfragt-werden\/"},"author":{"name":"rtnews","@id":"https:\/\/now-news.de\/de\/#\/schema\/person\/fb534a4e865501d8b3285208df34a9b5"},"headline":"Neues Narrativ in Vorbereitung? Corona-Regeln d\u00fcrfen beim MDR jetzt vorsichtig hinterfragt werden","datePublished":"2022-12-05T05:45:23+00:00","dateModified":"2022-12-05T05:45:23+00:00","mainEntityOfPage":{"@id":"https:\/\/now-news.de\/de\/deutschland\/neues-narrativ-in-vorbereitung-corona-regeln-duerfen-beim-mdr-jetzt-vorsichtig-hinterfragt-werden\/"},"wordCount":2042,"commentCount":0,"publisher":{"@id":"https:\/\/now-news.de\/de\/#organization"},"image":{"@id":"https:\/\/now-news.de\/de\/deutschland\/neues-narrativ-in-vorbereitung-corona-regeln-duerfen-beim-mdr-jetzt-vorsichtig-hinterfragt-werden\/#primaryimage"},"thumbnailUrl":"https:\/\/now-news.de\/de\/wp-content\/uploads\/sites\/3\/2022\/12\/Neues-Narrativ-in-Vorbereitung-Corona-Regeln-duerfen-beim-MDR-jetzt-vorsichtig.png","keywords":["beim","CoronaRegeln","d\u00fcrfen","hinterfragt","Jetzt","MDR","Narrativ","neues","Vorbereitung","vorsichtig","Werden"],"articleSection":["Deutschland","Russland"],"inLanguage":"de","potentialAction":[{"@type":"CommentAction","name":"Comment","target":["https:\/\/now-news.de\/de\/deutschland\/neues-narrativ-in-vorbereitung-corona-regeln-duerfen-beim-mdr-jetzt-vorsichtig-hinterfragt-werden\/#respond"]}]},{"@type":"WebPage","@id":"https:\/\/now-news.de\/de\/deutschland\/neues-narrativ-in-vorbereitung-corona-regeln-duerfen-beim-mdr-jetzt-vorsichtig-hinterfragt-werden\/","url":"https:\/\/now-news.de\/de\/deutschland\/neues-narrativ-in-vorbereitung-corona-regeln-duerfen-beim-mdr-jetzt-vorsichtig-hinterfragt-werden\/","name":"Neues Narrativ in Vorbereitung? Corona-Regeln d\u00fcrfen beim MDR jetzt vorsichtig hinterfragt werden - just-now.NEWS Deutschland","isPartOf":{"@id":"https:\/\/now-news.de\/de\/#website"},"primaryImageOfPage":{"@id":"https:\/\/now-news.de\/de\/deutschland\/neues-narrativ-in-vorbereitung-corona-regeln-duerfen-beim-mdr-jetzt-vorsichtig-hinterfragt-werden\/#primaryimage"},"image":{"@id":"https:\/\/now-news.de\/de\/deutschland\/neues-narrativ-in-vorbereitung-corona-regeln-duerfen-beim-mdr-jetzt-vorsichtig-hinterfragt-werden\/#primaryimage"},"thumbnailUrl":"https:\/\/now-news.de\/de\/wp-content\/uploads\/sites\/3\/2022\/12\/Neues-Narrativ-in-Vorbereitung-Corona-Regeln-duerfen-beim-MDR-jetzt-vorsichtig.png","datePublished":"2022-12-05T05:45:23+00:00","dateModified":"2022-12-05T05:45:23+00:00","breadcrumb":{"@id":"https:\/\/now-news.de\/de\/deutschland\/neues-narrativ-in-vorbereitung-corona-regeln-duerfen-beim-mdr-jetzt-vorsichtig-hinterfragt-werden\/#breadcrumb"},"inLanguage":"de","potentialAction":[{"@type":"ReadAction","target":["https:\/\/now-news.de\/de\/deutschland\/neues-narrativ-in-vorbereitung-corona-regeln-duerfen-beim-mdr-jetzt-vorsichtig-hinterfragt-werden\/"]}]},{"@type":"ImageObject","inLanguage":"de","@id":"https:\/\/now-news.de\/de\/deutschland\/neues-narrativ-in-vorbereitung-corona-regeln-duerfen-beim-mdr-jetzt-vorsichtig-hinterfragt-werden\/#primaryimage","url":"https:\/\/now-news.de\/de\/wp-content\/uploads\/sites\/3\/2022\/12\/Neues-Narrativ-in-Vorbereitung-Corona-Regeln-duerfen-beim-MDR-jetzt-vorsichtig.png","contentUrl":"https:\/\/now-news.de\/de\/wp-content\/uploads\/sites\/3\/2022\/12\/Neues-Narrativ-in-Vorbereitung-Corona-Regeln-duerfen-beim-MDR-jetzt-vorsichtig.png","width":460,"height":259,"caption":"Neues Narrativ in Vorbereitung? Corona-Regeln d\u00fcrfen beim MDR jetzt vorsichtig hinterfragt werden"},{"@type":"BreadcrumbList","@id":"https:\/\/now-news.de\/de\/deutschland\/neues-narrativ-in-vorbereitung-corona-regeln-duerfen-beim-mdr-jetzt-vorsichtig-hinterfragt-werden\/#breadcrumb","itemListElement":[{"@type":"ListItem","position":1,"name":"Home","item":"https:\/\/now-news.de\/de\/"},{"@type":"ListItem","position":2,"name":"Neues Narrativ in Vorbereitung? Corona-Regeln d\u00fcrfen beim MDR jetzt vorsichtig hinterfragt werden"}]},{"@type":"WebSite","@id":"https:\/\/now-news.de\/de\/#website","url":"https:\/\/now-news.de\/de\/","name":"just-now.NEWS Deutschland","description":"Das Portal f\u00fcr unzensierte Nachrichten aus der Welt","publisher":{"@id":"https:\/\/now-news.de\/de\/#organization"},"potentialAction":[{"@type":"SearchAction","target":{"@type":"EntryPoint","urlTemplate":"https:\/\/now-news.de\/de\/?s={search_term_string}"},"query-input":"required name=search_term_string"}],"inLanguage":"de"},{"@type":"Organization","@id":"https:\/\/now-news.de\/de\/#organization","name":"Just Now News","url":"https:\/\/now-news.de\/de\/","logo":{"@type":"ImageObject","inLanguage":"de","@id":"https:\/\/now-news.de\/de\/#\/schema\/logo\/image\/","url":"http:\/\/just-now.news\/de\/wp-content\/uploads\/sites\/3\/2022\/04\/logo500x500.jpg","contentUrl":"http:\/\/just-now.news\/de\/wp-content\/uploads\/sites\/3\/2022\/04\/logo500x500.jpg","width":500,"height":500,"caption":"Just Now News"},"image":{"@id":"https:\/\/now-news.de\/de\/#\/schema\/logo\/image\/"},"sameAs":["https:\/\/www.facebook.com\/wirmachenauf","https:\/\/x.com\/WirMachenAuf_de"]},{"@type":"Person","@id":"https:\/\/now-news.de\/de\/#\/schema\/person\/fb534a4e865501d8b3285208df34a9b5","name":"rtnews","image":{"@type":"ImageObject","inLanguage":"de","@id":"https:\/\/now-news.de\/de\/#\/schema\/person\/image\/","url":"https:\/\/secure.gravatar.com\/avatar\/82aafea7d8127119dd649515f56e2117?s=96&d=mm&r=g","contentUrl":"https:\/\/secure.gravatar.com\/avatar\/82aafea7d8127119dd649515f56e2117?s=96&d=mm&r=g","caption":"rtnews"},"url":"https:\/\/now-news.de\/de\/author\/rnews\/"}]}},"_links":{"self":[{"href":"https:\/\/now-news.de\/de\/wp-json\/wp\/v2\/posts\/24685"}],"collection":[{"href":"https:\/\/now-news.de\/de\/wp-json\/wp\/v2\/posts"}],"about":[{"href":"https:\/\/now-news.de\/de\/wp-json\/wp\/v2\/types\/post"}],"author":[{"embeddable":true,"href":"https:\/\/now-news.de\/de\/wp-json\/wp\/v2\/users\/3"}],"replies":[{"embeddable":true,"href":"https:\/\/now-news.de\/de\/wp-json\/wp\/v2\/comments?post=24685"}],"version-history":[{"count":0,"href":"https:\/\/now-news.de\/de\/wp-json\/wp\/v2\/posts\/24685\/revisions"}],"wp:featuredmedia":[{"embeddable":true,"href":"https:\/\/now-news.de\/de\/wp-json\/wp\/v2\/media\/24686"}],"wp:attachment":[{"href":"https:\/\/now-news.de\/de\/wp-json\/wp\/v2\/media?parent=24685"}],"wp:term":[{"taxonomy":"category","embeddable":true,"href":"https:\/\/now-news.de\/de\/wp-json\/wp\/v2\/categories?post=24685"},{"taxonomy":"post_tag","embeddable":true,"href":"https:\/\/now-news.de\/de\/wp-json\/wp\/v2\/tags?post=24685"}],"curies":[{"name":"wp","href":"https:\/\/api.w.org\/{rel}","templated":true}]}}