{"id":24681,"date":"2022-12-05T06:59:00","date_gmt":"2022-12-05T04:59:00","guid":{"rendered":"https:\/\/just-now.news\/de\/china\/die-usa-bezeichnen-den-iran-und-china-als-laender-der-sorge-um-die-religionsfreiheit\/"},"modified":"2022-12-05T06:59:00","modified_gmt":"2022-12-05T04:59:00","slug":"die-usa-bezeichnen-den-iran-und-china-als-laender-der-sorge-um-die-religionsfreiheit","status":"publish","type":"post","link":"https:\/\/now-news.de\/de\/china\/die-usa-bezeichnen-den-iran-und-china-als-laender-der-sorge-um-die-religionsfreiheit\/","title":{"rendered":"Die USA bezeichnen den Iran und China als L\u00e4nder der Sorge um die Religionsfreiheit"},"content":{"rendered":"<p><\/p>\n<div>\n<p>WASHINGTON \u2013 Die Vereinigten Staaten haben am Freitag unter anderem China, den Iran und Russland als L\u00e4nder mit besonderer Besorgnis im Rahmen des Gesetzes \u00fcber die Religionsfreiheit wegen schwerer Verst\u00f6\u00dfe bezeichnet, sagte US-Au\u00dfenminister Antony Blinken.<\/p>\n<p>Blinken sagte in einer Erkl\u00e4rung, dass die als besonders besorgniserregend bezeichneten L\u00e4nder \u2013 zu denen auch Nordkorea und Burma (auch bekannt als Myanmar) geh\u00f6ren \u2013 schwere Verletzungen der Religionsfreiheit begangen oder toleriert h\u00e4tten.<\/p>\n<p>Algerien, die Zentralafrikanische Republik, die Komoren und Vietnam wurden auf die Beobachtungsliste gesetzt.<\/p>\n<p>Mehrere Gruppen, darunter die mit dem Kreml verbundene Wagner-Gruppe, eine private paramilit\u00e4rische Organisation, die in Syrien, Afrika und der Ukraine aktiv ist, wurden ebenfalls als besonders besorgniserregend bezeichnet.  Die Wagner-Gruppe wurde wegen ihrer Aktivit\u00e4ten in der Zentralafrikanischen Republik benannt, sagte Blinken.<\/p>\n<p>\u201eAuf der ganzen Welt bel\u00e4stigen, bedrohen, inhaftieren und t\u00f6ten Regierungen und nichtstaatliche Akteure Menschen aufgrund ihres Glaubens\u201c, sagte Blinken in der Erkl\u00e4rung.<\/p>\n<p>\u201eDie Vereinigten Staaten werden angesichts dieser Missbr\u00e4uche nicht tatenlos zusehen.\u201c<\/p>\n<p>Er f\u00fcgte hinzu, dass Washington die Gelegenheit begr\u00fc\u00dfen w\u00fcrde, sich mit allen Regierungen zu treffen, um konkrete Schritte zur Streichung von den Listen zu skizzieren.<\/p>\n<p>Washington hat den Druck auf den Iran wegen des brutalen Vorgehens gegen Demonstranten erh\u00f6ht.  Frauen haben w\u00e4hrend der Demonstrationen, die eine der k\u00fchnsten Herausforderungen f\u00fcr die Islamische Republik seit der Revolution von 1979 darstellen, Kopft\u00fccher geschwenkt und verbrannt \u2013 obligatorisch unter den strengen Kleidervorschriften des Iran.<\/p>\n<p>Die Vereinten Nationen sagen, dass bisher mehr als 300 Menschen get\u00f6tet und 14.000 bei Protesten festgenommen wurden, die nach dem Tod der 22-j\u00e4hrigen Kurdin Mahsa Amini am 16. September in Haft begannen, nachdem sie wegen \u201eunangemessener Kleidung\u201c festgenommen worden war.<\/p>\n<p>Experten der Vereinten Nationen haben auch den mehrheitlich schiitischen muslimischen Iran aufgefordert, die Verfolgung und Bel\u00e4stigung religi\u00f6ser Minderheiten einzustellen und den Gebrauch der Religion zur Einschr\u00e4nkung der Aus\u00fcbung von Grundrechten zu beenden.<\/p>\n<p>Die Bahai-Gemeinde geh\u00f6rt zu den am st\u00e4rksten verfolgten religi\u00f6sen Minderheiten im Iran, mit einem deutlichen Anstieg der Verhaftungen und Angriffe in diesem Jahr, Teil einer von den UN-Experten als umfassendere Politik bezeichneten Bek\u00e4mpfung abweichender \u00dcberzeugungen oder religi\u00f6ser Praktiken, einschlie\u00dflich christlicher Konvertiten und Atheisten.<\/p>\n<p>Die Vereinigten Staaten haben gro\u00dfe Besorgnis \u00fcber die Menschenrechte in der westchinesischen Region Xinjiang zum Ausdruck gebracht, in der 10 Millionen Uiguren leben.<\/p>\n<p>Menschenrechtsgruppen und westliche Regierungen werfen Peking seit langem Misshandlungen gegen die \u00fcberwiegend muslimische ethnische Minderheit vor, darunter Zwangsarbeit in Internierungslagern.<\/p>\n<p>Die Vereinigten Staaten haben die Kommunistische Partei Chinas (KPCh) des V\u00f6lkermords beschuldigt.  Die KPC bestreitet jeglichen Missbrauch.<\/p>\n<p>Die anderen als besonders besorgniserregend eingestuften L\u00e4nder waren Kuba, Eritrea, Nicaragua, Pakistan, Saudi-Arabien, Tadschikistan und Turkmenistan.<\/p>\n<p>Das US-Gesetz zur Religionsfreiheit von 1998 verpflichtet den Pr\u00e4sidenten \u2013 der die Funktion dem Au\u00dfenminister zuweist \u2013, Staaten als besonders besorgniserregende L\u00e4nder zu benennen, von denen angenommen wird, dass sie die Religionsfreiheit systematisch und kontinuierlich verletzen.<\/p>\n<p>Das Gesetz gibt Blinken eine Reihe von politischen Reaktionen, einschlie\u00dflich Sanktionen oder Verzichtserkl\u00e4rungen, aber sie sind nicht automatisch.<\/p>\n<p><em>Von Daphne Psaledakis und Jonathan Landay<\/em><\/p>\n<\/div>\n<p><br \/>\n<b> Text ist eine \u00dcbersetzung vom Epoch Times Artikel:<\/p>\n<p><a href=\"https:\/\/www.theepochtimes.com\/us-designates-iran-china-as-countries-of-concern-over-religious-freedom_4902023.html\">Source link <\/a><\/p>\n","protected":false},"excerpt":{"rendered":"<p>WASHINGTON \u2013 Die Vereinigten Staaten haben am Freitag unter anderem China, den Iran und Russland als L\u00e4nder mit besonderer Besorgnis im Rahmen des Gesetzes \u00fcber die Religionsfreiheit wegen schwerer Verst\u00f6\u00dfe bezeichnet, sagte US-Au\u00dfenminister Antony Blinken. Blinken sagte in einer Erkl\u00e4rung, dass die als besonders besorgniserregend bezeichneten L\u00e4nder \u2013 zu denen auch Nordkorea und Burma (auch [&hellip;]<\/p>\n","protected":false},"author":6,"featured_media":24682,"comment_status":"open","ping_status":"open","sticky":false,"template":"","format":"standard","meta":{"_yoast_indexnow_last_ping":["1670217949"],"wp_automatic_camp":["1164"],"845f4507ca86f1a18dc9dd2037503ec2":["Die USA bezeichnen den Iran und China als L\u00e4nder der Sorge um die Religionsfreiheit\n"],"original_link":["https:\/\/www.theepochtimes.com\/us-designates-iran-china-as-countries-of-concern-over-religious-freedom_4902023.html"],"_thumbnail_id":["24682"],"wp_automatic_remove_first_image":["yes"],"_wptgpro_p2tg_sent2tg":["a:0:{}"],"jnews_social_counter_last_update":["1777302249"]},"categories":[21],"tags":[273,26083,192,48,82,45,1786,10013,7286,13676,140,193],"yoast_head":"<!-- This site is optimized with the Yoast SEO Premium plugin v22.7 (Yoast SEO v22.7) - https:\/\/yoast.com\/wordpress\/plugins\/seo\/ -->\n<title>Die USA bezeichnen den Iran und China als L\u00e4nder der Sorge um die Religionsfreiheit - just-now.NEWS Deutschland<\/title>\n<meta name=\"robots\" content=\"index, follow, max-snippet:-1, max-image-preview:large, max-video-preview:-1\" \/>\n<link rel=\"canonical\" href=\"https:\/\/now-news.de\/de\/china\/die-usa-bezeichnen-den-iran-und-china-als-laender-der-sorge-um-die-religionsfreiheit\/\" \/>\n<meta property=\"og:locale\" content=\"de_DE\" \/>\n<meta property=\"og:type\" content=\"article\" \/>\n<meta property=\"og:title\" content=\"Die USA bezeichnen den Iran und China als L\u00e4nder der Sorge um die Religionsfreiheit\" \/>\n<meta property=\"og:description\" content=\"WASHINGTON \u2013 Die Vereinigten Staaten haben am Freitag unter anderem China, den Iran und Russland als L\u00e4nder mit besonderer Besorgnis im Rahmen des Gesetzes \u00fcber die Religionsfreiheit wegen schwerer Verst\u00f6\u00dfe bezeichnet, sagte US-Au\u00dfenminister Antony Blinken. Blinken sagte in einer Erkl\u00e4rung, dass die als besonders besorgniserregend bezeichneten L\u00e4nder \u2013 zu denen auch Nordkorea und Burma (auch [&hellip;]\" \/>\n<meta property=\"og:url\" content=\"https:\/\/now-news.de\/de\/china\/die-usa-bezeichnen-den-iran-und-china-als-laender-der-sorge-um-die-religionsfreiheit\/\" \/>\n<meta property=\"og:site_name\" content=\"just-now.NEWS Deutschland\" \/>\n<meta property=\"article:publisher\" content=\"https:\/\/www.facebook.com\/wirmachenauf\" \/>\n<meta property=\"article:published_time\" content=\"2022-12-05T04:59:00+00:00\" \/>\n<meta property=\"og:image\" content=\"https:\/\/now-news.de\/de\/wp-content\/uploads\/sites\/3\/2022\/12\/1670217950_Die-USA-bezeichnen-den-Iran-und-China-als-Laender-der.jpg\" \/>\n\t<meta property=\"og:image:width\" content=\"1200\" \/>\n\t<meta property=\"og:image:height\" content=\"800\" \/>\n\t<meta property=\"og:image:type\" content=\"image\/jpeg\" \/>\n<meta name=\"author\" content=\"epoch\" \/>\n<meta name=\"twitter:card\" content=\"summary_large_image\" \/>\n<meta name=\"twitter:creator\" content=\"@WirMachenAuf_de\" \/>\n<meta name=\"twitter:site\" content=\"@WirMachenAuf_de\" \/>\n<meta name=\"twitter:label1\" content=\"Verfasst von\" \/>\n\t<meta name=\"twitter:data1\" content=\"epoch\" \/>\n\t<meta name=\"twitter:label2\" content=\"Gesch\u00e4tzte Lesezeit\" \/>\n\t<meta name=\"twitter:data2\" content=\"3\u00a0Minuten\" \/>\n<script type=\"application\/ld+json\" class=\"yoast-schema-graph\">{\"@context\":\"https:\/\/schema.org\",\"@graph\":[{\"@type\":\"Article\",\"@id\":\"https:\/\/now-news.de\/de\/china\/die-usa-bezeichnen-den-iran-und-china-als-laender-der-sorge-um-die-religionsfreiheit\/#article\",\"isPartOf\":{\"@id\":\"https:\/\/now-news.de\/de\/china\/die-usa-bezeichnen-den-iran-und-china-als-laender-der-sorge-um-die-religionsfreiheit\/\"},\"author\":{\"name\":\"epoch\",\"@id\":\"https:\/\/now-news.de\/de\/#\/schema\/person\/c6dfcd35a72a074487761b9d49aef52f\"},\"headline\":\"Die USA bezeichnen den Iran und China als L\u00e4nder der Sorge um die Religionsfreiheit\",\"datePublished\":\"2022-12-05T04:59:00+00:00\",\"dateModified\":\"2022-12-05T04:59:00+00:00\",\"mainEntityOfPage\":{\"@id\":\"https:\/\/now-news.de\/de\/china\/die-usa-bezeichnen-den-iran-und-china-als-laender-der-sorge-um-die-religionsfreiheit\/\"},\"wordCount\":531,\"commentCount\":0,\"publisher\":{\"@id\":\"https:\/\/now-news.de\/de\/#organization\"},\"image\":{\"@id\":\"https:\/\/now-news.de\/de\/china\/die-usa-bezeichnen-den-iran-und-china-als-laender-der-sorge-um-die-religionsfreiheit\/#primaryimage\"},\"thumbnailUrl\":\"https:\/\/now-news.de\/de\/wp-content\/uploads\/sites\/3\/2022\/12\/1670217950_Die-USA-bezeichnen-den-Iran-und-China-als-Laender-der.jpg\",\"keywords\":[\"als\",\"bezeichnen\",\"China\",\"den\",\"der\",\"die\",\"Iran\",\"L\u00e4nder\",\"Religionsfreiheit\",\"Sorge\",\"und\",\"USA\"],\"articleSection\":[\"China\"],\"inLanguage\":\"de\",\"potentialAction\":[{\"@type\":\"CommentAction\",\"name\":\"Comment\",\"target\":[\"https:\/\/now-news.de\/de\/china\/die-usa-bezeichnen-den-iran-und-china-als-laender-der-sorge-um-die-religionsfreiheit\/#respond\"]}]},{\"@type\":\"WebPage\",\"@id\":\"https:\/\/now-news.de\/de\/china\/die-usa-bezeichnen-den-iran-und-china-als-laender-der-sorge-um-die-religionsfreiheit\/\",\"url\":\"https:\/\/now-news.de\/de\/china\/die-usa-bezeichnen-den-iran-und-china-als-laender-der-sorge-um-die-religionsfreiheit\/\",\"name\":\"Die USA bezeichnen den Iran und China als L\u00e4nder der Sorge um die Religionsfreiheit - just-now.NEWS Deutschland\",\"isPartOf\":{\"@id\":\"https:\/\/now-news.de\/de\/#website\"},\"primaryImageOfPage\":{\"@id\":\"https:\/\/now-news.de\/de\/china\/die-usa-bezeichnen-den-iran-und-china-als-laender-der-sorge-um-die-religionsfreiheit\/#primaryimage\"},\"image\":{\"@id\":\"https:\/\/now-news.de\/de\/china\/die-usa-bezeichnen-den-iran-und-china-als-laender-der-sorge-um-die-religionsfreiheit\/#primaryimage\"},\"thumbnailUrl\":\"https:\/\/now-news.de\/de\/wp-content\/uploads\/sites\/3\/2022\/12\/1670217950_Die-USA-bezeichnen-den-Iran-und-China-als-Laender-der.jpg\",\"datePublished\":\"2022-12-05T04:59:00+00:00\",\"dateModified\":\"2022-12-05T04:59:00+00:00\",\"breadcrumb\":{\"@id\":\"https:\/\/now-news.de\/de\/china\/die-usa-bezeichnen-den-iran-und-china-als-laender-der-sorge-um-die-religionsfreiheit\/#breadcrumb\"},\"inLanguage\":\"de\",\"potentialAction\":[{\"@type\":\"ReadAction\",\"target\":[\"https:\/\/now-news.de\/de\/china\/die-usa-bezeichnen-den-iran-und-china-als-laender-der-sorge-um-die-religionsfreiheit\/\"]}]},{\"@type\":\"ImageObject\",\"inLanguage\":\"de\",\"@id\":\"https:\/\/now-news.de\/de\/china\/die-usa-bezeichnen-den-iran-und-china-als-laender-der-sorge-um-die-religionsfreiheit\/#primaryimage\",\"url\":\"https:\/\/now-news.de\/de\/wp-content\/uploads\/sites\/3\/2022\/12\/1670217950_Die-USA-bezeichnen-den-Iran-und-China-als-Laender-der.jpg\",\"contentUrl\":\"https:\/\/now-news.de\/de\/wp-content\/uploads\/sites\/3\/2022\/12\/1670217950_Die-USA-bezeichnen-den-Iran-und-China-als-Laender-der.jpg\",\"width\":1200,\"height\":800},{\"@type\":\"BreadcrumbList\",\"@id\":\"https:\/\/now-news.de\/de\/china\/die-usa-bezeichnen-den-iran-und-china-als-laender-der-sorge-um-die-religionsfreiheit\/#breadcrumb\",\"itemListElement\":[{\"@type\":\"ListItem\",\"position\":1,\"name\":\"Home\",\"item\":\"https:\/\/now-news.de\/de\/\"},{\"@type\":\"ListItem\",\"position\":2,\"name\":\"Die USA bezeichnen den Iran und China als L\u00e4nder der Sorge um die Religionsfreiheit\"}]},{\"@type\":\"WebSite\",\"@id\":\"https:\/\/now-news.de\/de\/#website\",\"url\":\"https:\/\/now-news.de\/de\/\",\"name\":\"just-now.NEWS Deutschland\",\"description\":\"Das Portal f\u00fcr unzensierte Nachrichten aus der Welt\",\"publisher\":{\"@id\":\"https:\/\/now-news.de\/de\/#organization\"},\"potentialAction\":[{\"@type\":\"SearchAction\",\"target\":{\"@type\":\"EntryPoint\",\"urlTemplate\":\"https:\/\/now-news.de\/de\/?s={search_term_string}\"},\"query-input\":\"required name=search_term_string\"}],\"inLanguage\":\"de\"},{\"@type\":\"Organization\",\"@id\":\"https:\/\/now-news.de\/de\/#organization\",\"name\":\"Just Now News\",\"url\":\"https:\/\/now-news.de\/de\/\",\"logo\":{\"@type\":\"ImageObject\",\"inLanguage\":\"de\",\"@id\":\"https:\/\/now-news.de\/de\/#\/schema\/logo\/image\/\",\"url\":\"http:\/\/just-now.news\/de\/wp-content\/uploads\/sites\/3\/2022\/04\/logo500x500.jpg\",\"contentUrl\":\"http:\/\/just-now.news\/de\/wp-content\/uploads\/sites\/3\/2022\/04\/logo500x500.jpg\",\"width\":500,\"height\":500,\"caption\":\"Just Now News\"},\"image\":{\"@id\":\"https:\/\/now-news.de\/de\/#\/schema\/logo\/image\/\"},\"sameAs\":[\"https:\/\/www.facebook.com\/wirmachenauf\",\"https:\/\/x.com\/WirMachenAuf_de\"]},{\"@type\":\"Person\",\"@id\":\"https:\/\/now-news.de\/de\/#\/schema\/person\/c6dfcd35a72a074487761b9d49aef52f\",\"name\":\"epoch\",\"image\":{\"@type\":\"ImageObject\",\"inLanguage\":\"de\",\"@id\":\"https:\/\/now-news.de\/de\/#\/schema\/person\/image\/\",\"url\":\"https:\/\/secure.gravatar.com\/avatar\/56933836307948e61ef581cc4d100335?s=96&d=mm&r=g\",\"contentUrl\":\"https:\/\/secure.gravatar.com\/avatar\/56933836307948e61ef581cc4d100335?s=96&d=mm&r=g\",\"caption\":\"epoch\"},\"url\":\"https:\/\/now-news.de\/de\/author\/epoch\/\"}]}<\/script>\n<!-- \/ Yoast SEO Premium plugin. -->","yoast_head_json":{"title":"Die USA bezeichnen den Iran und China als L\u00e4nder der Sorge um die Religionsfreiheit - just-now.NEWS Deutschland","robots":{"index":"index","follow":"follow","max-snippet":"max-snippet:-1","max-image-preview":"max-image-preview:large","max-video-preview":"max-video-preview:-1"},"canonical":"https:\/\/now-news.de\/de\/china\/die-usa-bezeichnen-den-iran-und-china-als-laender-der-sorge-um-die-religionsfreiheit\/","og_locale":"de_DE","og_type":"article","og_title":"Die USA bezeichnen den Iran und China als L\u00e4nder der Sorge um die Religionsfreiheit","og_description":"WASHINGTON \u2013 Die Vereinigten Staaten haben am Freitag unter anderem China, den Iran und Russland als L\u00e4nder mit besonderer Besorgnis im Rahmen des Gesetzes \u00fcber die Religionsfreiheit wegen schwerer Verst\u00f6\u00dfe bezeichnet, sagte US-Au\u00dfenminister Antony Blinken. Blinken sagte in einer Erkl\u00e4rung, dass die als besonders besorgniserregend bezeichneten L\u00e4nder \u2013 zu denen auch Nordkorea und Burma (auch [&hellip;]","og_url":"https:\/\/now-news.de\/de\/china\/die-usa-bezeichnen-den-iran-und-china-als-laender-der-sorge-um-die-religionsfreiheit\/","og_site_name":"just-now.NEWS Deutschland","article_publisher":"https:\/\/www.facebook.com\/wirmachenauf","article_published_time":"2022-12-05T04:59:00+00:00","og_image":[{"width":1200,"height":800,"url":"https:\/\/now-news.de\/de\/wp-content\/uploads\/sites\/3\/2022\/12\/1670217950_Die-USA-bezeichnen-den-Iran-und-China-als-Laender-der.jpg","type":"image\/jpeg"}],"author":"epoch","twitter_card":"summary_large_image","twitter_creator":"@WirMachenAuf_de","twitter_site":"@WirMachenAuf_de","twitter_misc":{"Verfasst von":"epoch","Gesch\u00e4tzte Lesezeit":"3\u00a0Minuten"},"schema":{"@context":"https:\/\/schema.org","@graph":[{"@type":"Article","@id":"https:\/\/now-news.de\/de\/china\/die-usa-bezeichnen-den-iran-und-china-als-laender-der-sorge-um-die-religionsfreiheit\/#article","isPartOf":{"@id":"https:\/\/now-news.de\/de\/china\/die-usa-bezeichnen-den-iran-und-china-als-laender-der-sorge-um-die-religionsfreiheit\/"},"author":{"name":"epoch","@id":"https:\/\/now-news.de\/de\/#\/schema\/person\/c6dfcd35a72a074487761b9d49aef52f"},"headline":"Die USA bezeichnen den Iran und China als L\u00e4nder der Sorge um die Religionsfreiheit","datePublished":"2022-12-05T04:59:00+00:00","dateModified":"2022-12-05T04:59:00+00:00","mainEntityOfPage":{"@id":"https:\/\/now-news.de\/de\/china\/die-usa-bezeichnen-den-iran-und-china-als-laender-der-sorge-um-die-religionsfreiheit\/"},"wordCount":531,"commentCount":0,"publisher":{"@id":"https:\/\/now-news.de\/de\/#organization"},"image":{"@id":"https:\/\/now-news.de\/de\/china\/die-usa-bezeichnen-den-iran-und-china-als-laender-der-sorge-um-die-religionsfreiheit\/#primaryimage"},"thumbnailUrl":"https:\/\/now-news.de\/de\/wp-content\/uploads\/sites\/3\/2022\/12\/1670217950_Die-USA-bezeichnen-den-Iran-und-China-als-Laender-der.jpg","keywords":["als","bezeichnen","China","den","der","die","Iran","L\u00e4nder","Religionsfreiheit","Sorge","und","USA"],"articleSection":["China"],"inLanguage":"de","potentialAction":[{"@type":"CommentAction","name":"Comment","target":["https:\/\/now-news.de\/de\/china\/die-usa-bezeichnen-den-iran-und-china-als-laender-der-sorge-um-die-religionsfreiheit\/#respond"]}]},{"@type":"WebPage","@id":"https:\/\/now-news.de\/de\/china\/die-usa-bezeichnen-den-iran-und-china-als-laender-der-sorge-um-die-religionsfreiheit\/","url":"https:\/\/now-news.de\/de\/china\/die-usa-bezeichnen-den-iran-und-china-als-laender-der-sorge-um-die-religionsfreiheit\/","name":"Die USA bezeichnen den Iran und China als L\u00e4nder der Sorge um die Religionsfreiheit - just-now.NEWS Deutschland","isPartOf":{"@id":"https:\/\/now-news.de\/de\/#website"},"primaryImageOfPage":{"@id":"https:\/\/now-news.de\/de\/china\/die-usa-bezeichnen-den-iran-und-china-als-laender-der-sorge-um-die-religionsfreiheit\/#primaryimage"},"image":{"@id":"https:\/\/now-news.de\/de\/china\/die-usa-bezeichnen-den-iran-und-china-als-laender-der-sorge-um-die-religionsfreiheit\/#primaryimage"},"thumbnailUrl":"https:\/\/now-news.de\/de\/wp-content\/uploads\/sites\/3\/2022\/12\/1670217950_Die-USA-bezeichnen-den-Iran-und-China-als-Laender-der.jpg","datePublished":"2022-12-05T04:59:00+00:00","dateModified":"2022-12-05T04:59:00+00:00","breadcrumb":{"@id":"https:\/\/now-news.de\/de\/china\/die-usa-bezeichnen-den-iran-und-china-als-laender-der-sorge-um-die-religionsfreiheit\/#breadcrumb"},"inLanguage":"de","potentialAction":[{"@type":"ReadAction","target":["https:\/\/now-news.de\/de\/china\/die-usa-bezeichnen-den-iran-und-china-als-laender-der-sorge-um-die-religionsfreiheit\/"]}]},{"@type":"ImageObject","inLanguage":"de","@id":"https:\/\/now-news.de\/de\/china\/die-usa-bezeichnen-den-iran-und-china-als-laender-der-sorge-um-die-religionsfreiheit\/#primaryimage","url":"https:\/\/now-news.de\/de\/wp-content\/uploads\/sites\/3\/2022\/12\/1670217950_Die-USA-bezeichnen-den-Iran-und-China-als-Laender-der.jpg","contentUrl":"https:\/\/now-news.de\/de\/wp-content\/uploads\/sites\/3\/2022\/12\/1670217950_Die-USA-bezeichnen-den-Iran-und-China-als-Laender-der.jpg","width":1200,"height":800},{"@type":"BreadcrumbList","@id":"https:\/\/now-news.de\/de\/china\/die-usa-bezeichnen-den-iran-und-china-als-laender-der-sorge-um-die-religionsfreiheit\/#breadcrumb","itemListElement":[{"@type":"ListItem","position":1,"name":"Home","item":"https:\/\/now-news.de\/de\/"},{"@type":"ListItem","position":2,"name":"Die USA bezeichnen den Iran und China als L\u00e4nder der Sorge um die Religionsfreiheit"}]},{"@type":"WebSite","@id":"https:\/\/now-news.de\/de\/#website","url":"https:\/\/now-news.de\/de\/","name":"just-now.NEWS Deutschland","description":"Das Portal f\u00fcr unzensierte Nachrichten aus der Welt","publisher":{"@id":"https:\/\/now-news.de\/de\/#organization"},"potentialAction":[{"@type":"SearchAction","target":{"@type":"EntryPoint","urlTemplate":"https:\/\/now-news.de\/de\/?s={search_term_string}"},"query-input":"required name=search_term_string"}],"inLanguage":"de"},{"@type":"Organization","@id":"https:\/\/now-news.de\/de\/#organization","name":"Just Now News","url":"https:\/\/now-news.de\/de\/","logo":{"@type":"ImageObject","inLanguage":"de","@id":"https:\/\/now-news.de\/de\/#\/schema\/logo\/image\/","url":"http:\/\/just-now.news\/de\/wp-content\/uploads\/sites\/3\/2022\/04\/logo500x500.jpg","contentUrl":"http:\/\/just-now.news\/de\/wp-content\/uploads\/sites\/3\/2022\/04\/logo500x500.jpg","width":500,"height":500,"caption":"Just Now News"},"image":{"@id":"https:\/\/now-news.de\/de\/#\/schema\/logo\/image\/"},"sameAs":["https:\/\/www.facebook.com\/wirmachenauf","https:\/\/x.com\/WirMachenAuf_de"]},{"@type":"Person","@id":"https:\/\/now-news.de\/de\/#\/schema\/person\/c6dfcd35a72a074487761b9d49aef52f","name":"epoch","image":{"@type":"ImageObject","inLanguage":"de","@id":"https:\/\/now-news.de\/de\/#\/schema\/person\/image\/","url":"https:\/\/secure.gravatar.com\/avatar\/56933836307948e61ef581cc4d100335?s=96&d=mm&r=g","contentUrl":"https:\/\/secure.gravatar.com\/avatar\/56933836307948e61ef581cc4d100335?s=96&d=mm&r=g","caption":"epoch"},"url":"https:\/\/now-news.de\/de\/author\/epoch\/"}]}},"_links":{"self":[{"href":"https:\/\/now-news.de\/de\/wp-json\/wp\/v2\/posts\/24681"}],"collection":[{"href":"https:\/\/now-news.de\/de\/wp-json\/wp\/v2\/posts"}],"about":[{"href":"https:\/\/now-news.de\/de\/wp-json\/wp\/v2\/types\/post"}],"author":[{"embeddable":true,"href":"https:\/\/now-news.de\/de\/wp-json\/wp\/v2\/users\/6"}],"replies":[{"embeddable":true,"href":"https:\/\/now-news.de\/de\/wp-json\/wp\/v2\/comments?post=24681"}],"version-history":[{"count":0,"href":"https:\/\/now-news.de\/de\/wp-json\/wp\/v2\/posts\/24681\/revisions"}],"wp:featuredmedia":[{"embeddable":true,"href":"https:\/\/now-news.de\/de\/wp-json\/wp\/v2\/media\/24682"}],"wp:attachment":[{"href":"https:\/\/now-news.de\/de\/wp-json\/wp\/v2\/media?parent=24681"}],"wp:term":[{"taxonomy":"category","embeddable":true,"href":"https:\/\/now-news.de\/de\/wp-json\/wp\/v2\/categories?post=24681"},{"taxonomy":"post_tag","embeddable":true,"href":"https:\/\/now-news.de\/de\/wp-json\/wp\/v2\/tags?post=24681"}],"curies":[{"name":"wp","href":"https:\/\/api.w.org\/{rel}","templated":true}]}}