{"id":24670,"date":"2022-12-04T21:11:27","date_gmt":"2022-12-04T19:11:27","guid":{"rendered":"https:\/\/just-now.news\/de\/deutschland\/buergergeld-empoerung-eine-unwuerdige-debatte-um-den-oekonomischen-nutzen-lohnabhaengiger-menschen\/"},"modified":"2022-12-04T21:11:27","modified_gmt":"2022-12-04T19:11:27","slug":"buergergeld-empoerung-eine-unwuerdige-debatte-um-den-oekonomischen-nutzen-lohnabhaengiger-menschen","status":"publish","type":"post","link":"https:\/\/now-news.de\/de\/deutschland\/buergergeld-empoerung-eine-unwuerdige-debatte-um-den-oekonomischen-nutzen-lohnabhaengiger-menschen\/","title":{"rendered":"B\u00fcrgergeld-Emp\u00f6rung \u2013 Eine unw\u00fcrdige Debatte um den \u00f6konomischen Nutzen lohnabh\u00e4ngiger Menschen"},"content":{"rendered":"<p><img decoding=\"async\" src=\"https:\/\/mf.b37mrtl.ru\/deutsch\/images\/2022.11\/thumbnail\/63877ae748fbef0888592a9a.jpg\" \/><\/p>\n<div class=\"Text-root Text-type_1 \">\n                Die Emp\u00f6rung \u00fcber gut 50 Euro mehr Hartz IV alias &#8220;B\u00fcrgergeld&#8221; rei\u00dft auch in Teilen der Bev\u00f6lkerung nicht ab. Doch der oberfl\u00e4chlich um Faulheit, Flei\u00df und Gerechtigkeit kreisende Streit ist in Wahrheit eine Herrschaftsdebatte \u2013 um die wirtschaftliche Verwertbarkeit von Menschen.\n            <\/div>\n<p><\/p>\n<div class=\"Text-root Text-type_5 ArticleView-text ViewText-root \">\n<p><em>Von Susan Bonath<\/em><\/p>\n<p>Steinreiche Gro\u00dfaktion\u00e4re, die ihre Milliarden-Verm\u00f6gen ungez\u00e4hlten &#8220;Billigl\u00f6hnern&#8221; verdanken, Politiker mit teils siebenstelligen Nebeneink\u00fcnften im puren Luxus, die wenig f\u00fcrs gemeine Volk \u00fcbrig haben: Wer sich hierzulande exorbitanten Reichtum auf Kosten der Mehrheit anh\u00e4uft, d\u00fcrfte klar sein. Und doch zofft sich die Bev\u00f6lkerung um ein paar Euro mehr &#8220;Hunger-Hartz&#8221;, umbenannt in &#8220;B\u00fcrgergeld&#8221;, f\u00fcr &#8220;die da unten&#8221;, zus\u00e4tzlich getriggert diesmal vom CDU\/CSU-AfD-Gespann. Arbeiten lohne sich dann wohl nicht mehr, so deren Argument. Die in Krisen altbekannte, kapitalkonforme N\u00fctzlichkeitsdebatte kocht auf Hochtouren.<\/p>\n<p>Was weder Schwarz-Blau noch die bunte &#8220;Ampel&#8221; dabei erw\u00e4hnen: Rund acht Millionen Menschen arbeiten inzwischen in Deutschland im \u2013 vor allem durch die Einf\u00fchrung von Hartz IV \u2013 dauerboomenden Niedriglohnsektor. Angesichts der steigenden Inflation vor allem bei den Grundbedarfen Essen und Energie ist der Mindestlohn von (seit Oktober) zw\u00f6lf Euro pro Stunde ein Witz. Er reicht immer weniger, um die steigenden Lebenshaltungskosten zu decken. Viele Betroffene werden mit B\u00fcrgergeld aufstocken m\u00fcssen, sich vielleicht verschulden und so noch mehr verarmen \u2013 trotz Schufterei.<\/p>\n<p>Dies und die von Politikern entfachte Debatte um den \u00f6konomischen Nutzen von Menschen ist der eigentliche Skandal \u2013 und die geplanten 52 Euro mehr (f\u00fcr Alleinstehende) beim neuen &#8220;B\u00fcrgergeld&#8221;, die nicht einmal die Inflation abfedern, sind es ebenso.<\/p>\n<p><strong>&#8220;Erh\u00f6hung&#8221; ist in Wahrheit eine K\u00fcrzung<\/strong><\/p>\n<p>Konkret: Es geht um ein Hartz-IV-Plus von weniger als zw\u00f6lf Prozent \u2013 sowohl gegen\u00fcber den aktuellen S\u00e4tzen als auch gegen\u00fcber denen des vergangenen Jahres. Zum letzten Jahreswechsel stiegen die Bez\u00fcge n\u00e4mlich nur um knapp 0,7 Prozent. Dabei sind schon seit geraumer Zeit die Preise f\u00fcr Lebensmittel und Energie durch die Decke gegangen. Laut Statistischem Bundesamt <a rel=\"nofollow noopener\" target=\"_blank\" href=\"https:\/\/www.destatis.de\/DE\/Presse\/Pressemitteilungen\/2022\/11\/PD22_499_611.html\">sind erstere 21 Prozent teurer als vor einem Jahr<\/a>, letztere rund 40 Prozent. Fast die H\u00e4lfte des Hartz-Budgets ist daf\u00fcr ausgelegt.<\/p>\n<p>Doch auch das ist nur ein Teil der Wahrheit. Die Stadtwerke, von denen sich viele verschuldete Arme versorgen lassen m\u00fcssen, haben eine Verdoppelung der Strompreise \u2013 teils sogar noch mehr \u2013 ab Januar <a rel=\"nofollow noopener\" target=\"_blank\" href=\"https:\/\/www.handelsblatt.com\/unternehmen\/energie\/stadtwerke-erhoehen-preise-strom-und-gas-zum-jahreswechsel-bis-zu-110-prozent-teurer-\/28826220.html\">verk\u00fcndet<\/a>. Und in die Lebensmittelpreis-Berechnung der Statistiker sind ganz bestimmt eine Menge G\u00fcter eingeflossen, die sich Arme sowieso nicht leisten k\u00f6nnen. Insbesondere Grundnahrungsmittel in Billigdiscountern haben deutlich st\u00e4rker <a rel=\"nofollow noopener\" target=\"_blank\" href=\"https:\/\/www.focus.de\/finanzen\/news\/supermarkt-schock-70-prozent-mehr-aldi-lidl-rewe-und-co-heben-preise-fuer-lebensmittel-an_id_175463837.html\">zugelegt<\/a>. Und ein Ende dieser Inflation ist weiterhin gar nicht in Sicht.<\/p>\n<p>Real betrachtet, handelt es sich also nicht einmal um eine Erh\u00f6hung, sondern vielmehr um eine K\u00fcrzung, genauso wie beim Mindestlohn. Dieser lag von Juli bis Dezember 2021 bei 9,60 Euro pro Stunde, stieg Anfang dieses Jahres auf 9,85, wurde im Juli auf 10,45 Euro angehoben. Seit Oktober gibt es zw\u00f6lf Euro pro Stunde \u2013 das ergibt ein Monats-Netto von weniger als 1.500 Euro bei Steuerklasse 1 \u2013 und einen Anstieg binnen Jahresfrist um 25 Prozent. Davon m\u00fcssen Betroffene allerdings nicht nur nahezu doppelt so viel f\u00fcr Strom und Essen, sondern auch gro\u00dfteils verdreifachte Heizkosten berappen.<\/p>\n<p><strong>Niedrige Grundsicherung \u2013 niedrige L\u00f6hne<\/strong><\/p>\n<p>Zur Wahrheit geh\u00f6rt auch, dass Besch\u00e4ftigte immer mehr haben, als Bezieher von Hartz IV alias B\u00fcrgergeld bekommen. Denn sie k\u00f6nnen aufstocken, und dann gibt es Freibetr\u00e4ge auf das Einkommen von \u2013 je nach H\u00f6he \u2013 bis zu mehreren Hundert Euro. Exorbitant besser gestellt sind Niedrigl\u00f6hner jedoch auch damit nicht. Man kann sich nun dar\u00fcber aufregen, dass die Grundsicherung &#8220;zu hoch&#8221; sei und \u00fcber &#8220;Faulenzer&#8221; in einer &#8220;sozialen H\u00e4ngematte&#8221; fluchen, wie Schwarz-Blau es tut und es auch FDP, SPD und Gr\u00fcne schon zur Gen\u00fcge taten.<\/p>\n<p>Doch dies w\u00fcrde verdr\u00e4ngen, was wirklich passiert: Die herrschenden deutschen Politiker versch\u00e4rfen die Ausbeutung der Lohnabh\u00e4ngigen, also jener, auf deren Kosten sie und ein paar Tausend Superreiche leben, und zwar indem sie Mindestl\u00f6hne und Sozialleistungen nicht an die realen Lebenshaltungskosten anpassen. An deren Explosion sind sie zugleich beileibe nicht unschuldig. Genannt seien nur zwei Gr\u00fcnde: der hemmungslose Wirtschaftskrieg gegen Russland im Interesse der USA und die desastr\u00f6se Corona-Lockdown-Politik ab 2020.<\/p>\n<p>Den Zorn auf B\u00fcrgergeld-Bezieher zu fokussieren, hilft auch zu vermeiden, dass eine h\u00f6here Grundsicherung Druck auf die Festsetzung der untersten L\u00f6hne aus\u00fcben k\u00f6nnte. Denn um kein Heer aus vielen Millionen verarmten &#8220;Aufstockern&#8221; zu genieren oder gar massenhafte K\u00fcndigungen zu provozieren, m\u00fcssten Unternehmen wie Politiker den Mindestlohn ebenso anheben. Billigl\u00f6hne sind auch ein Produkt zu niedriger Grundsicherung \u2013 das eine bedingt das andere.<\/p>\n<p>Eine repressive, weiterhin sanktionsbewehrte, viel zu niedrige Grundsicherung zwingt Betroffene in den Niedriglohnsektor. Hartz IV war ein gewichtiger Motor f\u00fcr dessen Erbl\u00fchen ab 2005. Und das Instrument macht nicht nur den derzeitigen Beziehern Angst. Wer traut sich, gegen miserable Arbeitsbedingungen aufzubegehren, wenn ihm bei Entlassung der Gang zum Jobcenter droht? Es geht nicht zuletzt um Angst und Entrechtung.<\/p>\n<p><strong>Verelendung f\u00f6rdert Kriminalit\u00e4t<\/strong><\/p>\n<p>Laut Grundgesetz steht jedem Bewohner Deutschlands eine menschenw\u00fcrdige Existenz zu. Mit anderen Worten: Theoretisch darf die Regierung keinen Menschen, egal ob mit oder ohne Job, ohne Geld f\u00fcr Essen, Krankenversicherung und sonstige Grundbed\u00fcrfnisse unter der Br\u00fccke verrotten lassen. Dass es praktisch anders aussieht, kann jeder in den Bahnh\u00f6fen und Parks beliebiger deutscher Gro\u00dfst\u00e4dte mit eigenen Augen zunehmend selbst beobachten.<\/p>\n<p>Das Gebot der Menschenw\u00fcrde steht im Grundgesetz keineswegs aus purer Menschlichkeit an erster Stelle. Es betrifft letztlich alle: Wo die Verelendung w\u00e4chst, steigt die Kriminalit\u00e4t. Dort bl\u00fchen Drogenkonsum und -handel, Prostitution und Raub\u00fcberf\u00e4lle, Diebstahl und Bettelei, Krankheit, Depression und fr\u00fcher Tod \u2013 all das, was die Hardliner f\u00fcr solche wachsende Verarmung andererseits beklagen.<\/p>\n<p>Nun mag man einwerfen, dass diese Leute doch schlie\u00dflich einfach arbeiten gehen k\u00f6nnten. So einfach ist das aber nicht. Zig Studien belegen, dass viele Menschen ohne Arbeit, manchmal ohne Obdach, so viele Probleme haben, dass sie schlicht keiner regul\u00e4ren Arbeit nachgehen k\u00f6nnen. Es gibt Gr\u00fcnde, weshalb sie dort reingerutscht sind und aus dem Teufelskreis nicht wieder hinausfinden. Die sind immer auch zum Teil gesamtgesellschaftlicher Natur. Viele haben schwere Schicksalsschl\u00e4ge hinter sich, leiden unter physischen und psychischen Problemen, unter Sprachbarrieren, fehlender Ausbildung, Drogen- und Alkoholsucht und so weiter. Armut macht auch krank. Und nicht jeder ist den deutschen B\u00fcrokratiemonstern gegen\u00fcber gewachsen.<\/p>\n<p>Die Vorstellung, Betroffene mit Sanktionspeitsche und Hungerdrohung erfolgreich in den Arbeitsmarkt pr\u00fcgeln zu k\u00f6nnen, ist so realit\u00e4tsfern wie die Vorstellung der Regierung, Russland durch einen totalen Wirtschaftskrieg und das Aufr\u00fcsten ukrainischer Neonazi-Bataillone &#8220;besiegen&#8221; zu k\u00f6nnen.<\/p>\n<p>Somit stellt sich eine Frage: Was soll mit Menschen, die dem Arbeitsmarkt nicht dienen k\u00f6nnen, denn passieren? Ihre Verelendung mit all den Folgen in Kauf zu nehmen, kann keine L\u00f6sung f\u00fcr eine friedliche Gesellschaft sein. So gesehen, verst\u00f6\u00dft bereits das reale Elendsgeschehen, verkleidet in den Mythos &#8220;die wollen es doch so&#8221;, gegen das deutsche Grundgesetz.<\/p>\n<p><strong>Versto\u00df gegen das Grundgesetz<\/strong><\/p>\n<p>Apropos Grundgesetz: Auch die derzeitigen sowie die geplanten Grundsicherungss\u00e4tze versto\u00dfen ziemlich sicher dagegen. In einem <a rel=\"nofollow noopener\" target=\"_blank\" href=\"https:\/\/www.bundesverfassungsgericht.de\/SharedDocs\/Entscheidungen\/DE\/2014\/07\/ls20140723_1bvl001012.html\">Urteil von 2014<\/a> erkl\u00e4rte bereits das Bundesverfassungsgericht (BVerfG) die Regels\u00e4tze zwar f\u00fcr &#8220;gerade noch verfassungsgem\u00e4\u00df&#8221;. Allerdings f\u00fchrte es bez\u00fcglich schon damals steigender Stromkosten n\u00e4her aus:<\/p>\n<blockquote>\n<p><em>&#8220;Angesichts au\u00dfergew\u00f6hnlicher Preissteigerungen bei einer derart gewichtigen Ausgabeposition ist der Gesetzgeber allerdings verpflichtet, nicht nur den Index f\u00fcr die Fortschreibung der Regelbedarfe, sondern auch die grundlegenden Vorgaben f\u00fcr die Ermittlung des Bedarfs (&#8230;) zu \u00fcberpr\u00fcfen und, falls erforderlich, anzupassen.&#8221;<\/em><\/p>\n<\/blockquote>\n<p>Der Gesetzgeber m\u00fcsse, so hei\u00dft es dort anderer Stelle, daf\u00fcr sorgen, dass Grundbedarfe stets und sofort gedeckt werden k\u00f6nnten. Enorme Preisanstiege seien umgehend zu ber\u00fccksichtigen, um eine Unterdeckung zu vermeiden. Dies gebiete die im Artikel 1 des Grundgesetzes geforderte Menschenw\u00fcrde, so das Gericht.<\/p>\n<p>Die Regierung h\u00e4lt sich nicht daran. Gezielte Nachfragen der Autorin beantwortete das Bundesministerium f\u00fcr Arbeit und Soziales (BMAS) mit Allgemeinpl\u00e4tzen. Es machte keinerlei Angaben dazu, wie die realen Preisanstiege in die geplanten neuen Regels\u00e4tze einflie\u00dfen \u2013 offensichtlich wurde nichts berechnet.<\/p>\n<p><strong>Unw\u00fcrdige N\u00fctzlichkeitsdebatte<\/strong><\/p>\n<p>Auch die Frage, wer eine bedarfsdeckende Grundsicherung denn bezahlen solle, fokussiert eine Schim\u00e4re. Nat\u00fcrlich stammt jeder Realprofit, der den Unternehmen und dem Staat (in Form von Steuern) zuflie\u00dft, aus produktiver Arbeit. Wobei auch anzumerken ist, dass das kapitalistische System f\u00fcr seinen Hauptzweck, Profit zu generieren, einen Haufen Bullshit-Jobs hervorbringt, die keinem Normalb\u00fcrger dienen. Man blicke nur einmal in Richtung R\u00fcstungsindustrie, Finanzdienstleister und Beh\u00f6rden.<\/p>\n<p>Die technologische Entwicklung sorgt daf\u00fcr, dass immer mehr mit immer weniger Arbeitskr\u00e4ften produziert werden kann \u2013 mehr als genug f\u00fcr alle. Theoretisch k\u00f6nnte man die Produktion auf die Bed\u00fcrfnisse der Menschen ausrichten und zugleich die (weniger werdende) Arbeit auf viel mehr Schultern verlagern, damit die Arbeitszeiten radikal verk\u00fcrzen, was aber eine entsprechende Bildungs- und Sozialpolitik voraussetzt. Man tut es nicht. Stattdessen w\u00e4chst die Zahl der Arbeitslosen, die man verarmen l\u00e4sst und notd\u00fcrftig mit Steuern alimentiert, was wiederum die Kaufkraft senkt, \u00dcberproduktion und Wirtschaftskrisen befeuert. Derweil sammelt sich der Reichtum immer weiter oben an.<\/p>\n<p>Mit anderen Worten: Es ist genug da, aber enorm ungleich verteilt \u2013 im Sinne derer, die genug besitzen, um andere f\u00fcr sich arbeiten zu lassen. Das Problem ist hausgemacht, vom System selbst produziert.<\/p>\n<p>Somit geht es bei der ganzen Diskussion um die Mogelpackung &#8220;B\u00fcrgergeld&#8221; kein bisschen um Moral oder Gerechtigkeit, wie gerne vorgegaukelt wird. Es handelt sich vielmehr um ein altbekanntes Herrschaftsinstrument: Die Bewertung und Sortierung von lohnabh\u00e4ngigen Menschen nach ihrem \u00f6konomischen Nutzen f\u00fcr Kapital und Staat. Auf solchen &#8220;Werten&#8221; kann keine Gesellschaft basieren und funktionieren. Solch eine Debatte ist den Interessen aller Lohnabh\u00e4ngigen weder dienlich noch w\u00fcrdig.<\/p>\n<p><strong>Mehr zum Thema <\/strong>&#8211;\u00a0<a rel=\"nofollow noopener\" target=\"_blank\" href=\"https:\/\/test.rtde.tech\/meinung\/153677-burgergeld-wie-union-mit-fake\/\">B\u00fcrgergeld: Wie die Union mit Fake News Sozialneid sch\u00fcrt<\/a><\/p>\n<\/div>\n<p><br \/>\n<br \/><a href=\"https:\/\/de.rt.com\/meinung\/155904-buergergeld-empoerung-unwuerdige-debatte-um\/\">Source link <\/a><\/p>\n","protected":false},"excerpt":{"rendered":"<p>Die Emp\u00f6rung \u00fcber gut 50 Euro mehr Hartz IV alias &#8220;B\u00fcrgergeld&#8221; rei\u00dft auch in Teilen der Bev\u00f6lkerung nicht ab. Doch der oberfl\u00e4chlich um Faulheit, Flei\u00df und Gerechtigkeit kreisende Streit ist in Wahrheit eine Herrschaftsdebatte \u2013 um die wirtschaftliche Verwertbarkeit von Menschen. Von Susan Bonath Steinreiche Gro\u00dfaktion\u00e4re, die ihre Milliarden-Verm\u00f6gen ungez\u00e4hlten &#8220;Billigl\u00f6hnern&#8221; verdanken, Politiker mit teils [&hellip;]<\/p>\n","protected":false},"author":3,"featured_media":0,"comment_status":"open","ping_status":"open","sticky":false,"template":"","format":"standard","meta":{"_yoast_indexnow_last_ping":["1670181669"],"wp_automatic_camp":["217"],"0add900281eda3948693c460e9eab040":["B\u00fcrgergeld-Emp\u00f6rung \u2013 Eine unw\u00fcrdige Debatte um den \u00f6konomischen Nutzen lohnabh\u00e4ngiger Menschen"],"original_link":["https:\/\/de.rt.com\/meinung\/155904-buergergeld-empoerung-unwuerdige-debatte-um\/"],"_wptgpro_p2tg_sent2tg":["a:1:{i:23737;s:19:\"2022-12-04 21:21:43\";}"],"jnews_social_counter_last_update":["1777258195"]},"categories":[19,23],"tags":[36983,10423,48,275,36985,1378,2945,32623,36984],"yoast_head":"<!-- This site is optimized with the Yoast SEO Premium plugin v22.7 (Yoast SEO v22.7) - https:\/\/yoast.com\/wordpress\/plugins\/seo\/ -->\n<title>B\u00fcrgergeld-Emp\u00f6rung \u2013 Eine unw\u00fcrdige Debatte um den \u00f6konomischen Nutzen lohnabh\u00e4ngiger Menschen - just-now.NEWS Deutschland<\/title>\n<meta name=\"robots\" content=\"index, follow, max-snippet:-1, max-image-preview:large, max-video-preview:-1\" \/>\n<link rel=\"canonical\" href=\"https:\/\/now-news.de\/de\/deutschland\/buergergeld-empoerung-eine-unwuerdige-debatte-um-den-oekonomischen-nutzen-lohnabhaengiger-menschen\/\" \/>\n<meta property=\"og:locale\" content=\"de_DE\" \/>\n<meta property=\"og:type\" content=\"article\" \/>\n<meta property=\"og:title\" content=\"B\u00fcrgergeld-Emp\u00f6rung \u2013 Eine unw\u00fcrdige Debatte um den \u00f6konomischen Nutzen lohnabh\u00e4ngiger Menschen\" \/>\n<meta property=\"og:description\" content=\"Die Emp\u00f6rung \u00fcber gut 50 Euro mehr Hartz IV alias &#8220;B\u00fcrgergeld&#8221; rei\u00dft auch in Teilen der Bev\u00f6lkerung nicht ab. Doch der oberfl\u00e4chlich um Faulheit, Flei\u00df und Gerechtigkeit kreisende Streit ist in Wahrheit eine Herrschaftsdebatte \u2013 um die wirtschaftliche Verwertbarkeit von Menschen. Von Susan Bonath Steinreiche Gro\u00dfaktion\u00e4re, die ihre Milliarden-Verm\u00f6gen ungez\u00e4hlten &#8220;Billigl\u00f6hnern&#8221; verdanken, Politiker mit teils [&hellip;]\" \/>\n<meta property=\"og:url\" content=\"https:\/\/now-news.de\/de\/deutschland\/buergergeld-empoerung-eine-unwuerdige-debatte-um-den-oekonomischen-nutzen-lohnabhaengiger-menschen\/\" \/>\n<meta property=\"og:site_name\" content=\"just-now.NEWS Deutschland\" \/>\n<meta property=\"article:publisher\" content=\"https:\/\/www.facebook.com\/wirmachenauf\" \/>\n<meta property=\"article:published_time\" content=\"2022-12-04T19:11:27+00:00\" \/>\n<meta property=\"og:image\" content=\"https:\/\/mf.b37mrtl.ru\/deutsch\/images\/2022.11\/thumbnail\/63877ae748fbef0888592a9a.jpg\" \/>\n<meta name=\"author\" content=\"rtnews\" \/>\n<meta name=\"twitter:card\" content=\"summary_large_image\" \/>\n<meta name=\"twitter:creator\" content=\"@WirMachenAuf_de\" \/>\n<meta name=\"twitter:site\" content=\"@WirMachenAuf_de\" \/>\n<meta name=\"twitter:label1\" content=\"Verfasst von\" \/>\n\t<meta name=\"twitter:data1\" content=\"rtnews\" \/>\n\t<meta name=\"twitter:label2\" content=\"Gesch\u00e4tzte Lesezeit\" \/>\n\t<meta name=\"twitter:data2\" content=\"8\u00a0Minuten\" \/>\n<script type=\"application\/ld+json\" class=\"yoast-schema-graph\">{\"@context\":\"https:\/\/schema.org\",\"@graph\":[{\"@type\":\"Article\",\"@id\":\"https:\/\/now-news.de\/de\/deutschland\/buergergeld-empoerung-eine-unwuerdige-debatte-um-den-oekonomischen-nutzen-lohnabhaengiger-menschen\/#article\",\"isPartOf\":{\"@id\":\"https:\/\/now-news.de\/de\/deutschland\/buergergeld-empoerung-eine-unwuerdige-debatte-um-den-oekonomischen-nutzen-lohnabhaengiger-menschen\/\"},\"author\":{\"name\":\"rtnews\",\"@id\":\"https:\/\/now-news.de\/de\/#\/schema\/person\/fb534a4e865501d8b3285208df34a9b5\"},\"headline\":\"B\u00fcrgergeld-Emp\u00f6rung \u2013 Eine unw\u00fcrdige Debatte um den \u00f6konomischen Nutzen lohnabh\u00e4ngiger Menschen\",\"datePublished\":\"2022-12-04T19:11:27+00:00\",\"dateModified\":\"2022-12-04T19:11:27+00:00\",\"mainEntityOfPage\":{\"@id\":\"https:\/\/now-news.de\/de\/deutschland\/buergergeld-empoerung-eine-unwuerdige-debatte-um-den-oekonomischen-nutzen-lohnabhaengiger-menschen\/\"},\"wordCount\":1656,\"commentCount\":0,\"publisher\":{\"@id\":\"https:\/\/now-news.de\/de\/#organization\"},\"image\":{\"@id\":\"https:\/\/now-news.de\/de\/deutschland\/buergergeld-empoerung-eine-unwuerdige-debatte-um-den-oekonomischen-nutzen-lohnabhaengiger-menschen\/#primaryimage\"},\"thumbnailUrl\":\"https:\/\/mf.b37mrtl.ru\/deutsch\/images\/2022.11\/thumbnail\/63877ae748fbef0888592a9a.jpg\",\"keywords\":[\"B\u00fcrgergeldEmp\u00f6rung\",\"debatte\",\"den\",\"eine\",\"lohnabh\u00e4ngiger\",\"Menschen\",\"nutzen\",\"\u00f6konomischen\",\"unw\u00fcrdige\"],\"articleSection\":[\"Deutschland\",\"Russland\"],\"inLanguage\":\"de\",\"potentialAction\":[{\"@type\":\"CommentAction\",\"name\":\"Comment\",\"target\":[\"https:\/\/now-news.de\/de\/deutschland\/buergergeld-empoerung-eine-unwuerdige-debatte-um-den-oekonomischen-nutzen-lohnabhaengiger-menschen\/#respond\"]}]},{\"@type\":\"WebPage\",\"@id\":\"https:\/\/now-news.de\/de\/deutschland\/buergergeld-empoerung-eine-unwuerdige-debatte-um-den-oekonomischen-nutzen-lohnabhaengiger-menschen\/\",\"url\":\"https:\/\/now-news.de\/de\/deutschland\/buergergeld-empoerung-eine-unwuerdige-debatte-um-den-oekonomischen-nutzen-lohnabhaengiger-menschen\/\",\"name\":\"B\u00fcrgergeld-Emp\u00f6rung \u2013 Eine unw\u00fcrdige Debatte um den \u00f6konomischen Nutzen lohnabh\u00e4ngiger Menschen - just-now.NEWS Deutschland\",\"isPartOf\":{\"@id\":\"https:\/\/now-news.de\/de\/#website\"},\"primaryImageOfPage\":{\"@id\":\"https:\/\/now-news.de\/de\/deutschland\/buergergeld-empoerung-eine-unwuerdige-debatte-um-den-oekonomischen-nutzen-lohnabhaengiger-menschen\/#primaryimage\"},\"image\":{\"@id\":\"https:\/\/now-news.de\/de\/deutschland\/buergergeld-empoerung-eine-unwuerdige-debatte-um-den-oekonomischen-nutzen-lohnabhaengiger-menschen\/#primaryimage\"},\"thumbnailUrl\":\"https:\/\/mf.b37mrtl.ru\/deutsch\/images\/2022.11\/thumbnail\/63877ae748fbef0888592a9a.jpg\",\"datePublished\":\"2022-12-04T19:11:27+00:00\",\"dateModified\":\"2022-12-04T19:11:27+00:00\",\"breadcrumb\":{\"@id\":\"https:\/\/now-news.de\/de\/deutschland\/buergergeld-empoerung-eine-unwuerdige-debatte-um-den-oekonomischen-nutzen-lohnabhaengiger-menschen\/#breadcrumb\"},\"inLanguage\":\"de\",\"potentialAction\":[{\"@type\":\"ReadAction\",\"target\":[\"https:\/\/now-news.de\/de\/deutschland\/buergergeld-empoerung-eine-unwuerdige-debatte-um-den-oekonomischen-nutzen-lohnabhaengiger-menschen\/\"]}]},{\"@type\":\"ImageObject\",\"inLanguage\":\"de\",\"@id\":\"https:\/\/now-news.de\/de\/deutschland\/buergergeld-empoerung-eine-unwuerdige-debatte-um-den-oekonomischen-nutzen-lohnabhaengiger-menschen\/#primaryimage\",\"url\":\"https:\/\/mf.b37mrtl.ru\/deutsch\/images\/2022.11\/thumbnail\/63877ae748fbef0888592a9a.jpg\",\"contentUrl\":\"https:\/\/mf.b37mrtl.ru\/deutsch\/images\/2022.11\/thumbnail\/63877ae748fbef0888592a9a.jpg\"},{\"@type\":\"BreadcrumbList\",\"@id\":\"https:\/\/now-news.de\/de\/deutschland\/buergergeld-empoerung-eine-unwuerdige-debatte-um-den-oekonomischen-nutzen-lohnabhaengiger-menschen\/#breadcrumb\",\"itemListElement\":[{\"@type\":\"ListItem\",\"position\":1,\"name\":\"Home\",\"item\":\"https:\/\/now-news.de\/de\/\"},{\"@type\":\"ListItem\",\"position\":2,\"name\":\"B\u00fcrgergeld-Emp\u00f6rung \u2013 Eine unw\u00fcrdige Debatte um den \u00f6konomischen Nutzen lohnabh\u00e4ngiger Menschen\"}]},{\"@type\":\"WebSite\",\"@id\":\"https:\/\/now-news.de\/de\/#website\",\"url\":\"https:\/\/now-news.de\/de\/\",\"name\":\"just-now.NEWS Deutschland\",\"description\":\"Das Portal f\u00fcr unzensierte Nachrichten aus der Welt\",\"publisher\":{\"@id\":\"https:\/\/now-news.de\/de\/#organization\"},\"potentialAction\":[{\"@type\":\"SearchAction\",\"target\":{\"@type\":\"EntryPoint\",\"urlTemplate\":\"https:\/\/now-news.de\/de\/?s={search_term_string}\"},\"query-input\":\"required name=search_term_string\"}],\"inLanguage\":\"de\"},{\"@type\":\"Organization\",\"@id\":\"https:\/\/now-news.de\/de\/#organization\",\"name\":\"Just Now News\",\"url\":\"https:\/\/now-news.de\/de\/\",\"logo\":{\"@type\":\"ImageObject\",\"inLanguage\":\"de\",\"@id\":\"https:\/\/now-news.de\/de\/#\/schema\/logo\/image\/\",\"url\":\"http:\/\/just-now.news\/de\/wp-content\/uploads\/sites\/3\/2022\/04\/logo500x500.jpg\",\"contentUrl\":\"http:\/\/just-now.news\/de\/wp-content\/uploads\/sites\/3\/2022\/04\/logo500x500.jpg\",\"width\":500,\"height\":500,\"caption\":\"Just Now News\"},\"image\":{\"@id\":\"https:\/\/now-news.de\/de\/#\/schema\/logo\/image\/\"},\"sameAs\":[\"https:\/\/www.facebook.com\/wirmachenauf\",\"https:\/\/x.com\/WirMachenAuf_de\"]},{\"@type\":\"Person\",\"@id\":\"https:\/\/now-news.de\/de\/#\/schema\/person\/fb534a4e865501d8b3285208df34a9b5\",\"name\":\"rtnews\",\"image\":{\"@type\":\"ImageObject\",\"inLanguage\":\"de\",\"@id\":\"https:\/\/now-news.de\/de\/#\/schema\/person\/image\/\",\"url\":\"https:\/\/secure.gravatar.com\/avatar\/82aafea7d8127119dd649515f56e2117?s=96&d=mm&r=g\",\"contentUrl\":\"https:\/\/secure.gravatar.com\/avatar\/82aafea7d8127119dd649515f56e2117?s=96&d=mm&r=g\",\"caption\":\"rtnews\"},\"url\":\"https:\/\/now-news.de\/de\/author\/rnews\/\"}]}<\/script>\n<!-- \/ Yoast SEO Premium plugin. -->","yoast_head_json":{"title":"B\u00fcrgergeld-Emp\u00f6rung \u2013 Eine unw\u00fcrdige Debatte um den \u00f6konomischen Nutzen lohnabh\u00e4ngiger Menschen - just-now.NEWS Deutschland","robots":{"index":"index","follow":"follow","max-snippet":"max-snippet:-1","max-image-preview":"max-image-preview:large","max-video-preview":"max-video-preview:-1"},"canonical":"https:\/\/now-news.de\/de\/deutschland\/buergergeld-empoerung-eine-unwuerdige-debatte-um-den-oekonomischen-nutzen-lohnabhaengiger-menschen\/","og_locale":"de_DE","og_type":"article","og_title":"B\u00fcrgergeld-Emp\u00f6rung \u2013 Eine unw\u00fcrdige Debatte um den \u00f6konomischen Nutzen lohnabh\u00e4ngiger Menschen","og_description":"Die Emp\u00f6rung \u00fcber gut 50 Euro mehr Hartz IV alias &#8220;B\u00fcrgergeld&#8221; rei\u00dft auch in Teilen der Bev\u00f6lkerung nicht ab. Doch der oberfl\u00e4chlich um Faulheit, Flei\u00df und Gerechtigkeit kreisende Streit ist in Wahrheit eine Herrschaftsdebatte \u2013 um die wirtschaftliche Verwertbarkeit von Menschen. Von Susan Bonath Steinreiche Gro\u00dfaktion\u00e4re, die ihre Milliarden-Verm\u00f6gen ungez\u00e4hlten &#8220;Billigl\u00f6hnern&#8221; verdanken, Politiker mit teils [&hellip;]","og_url":"https:\/\/now-news.de\/de\/deutschland\/buergergeld-empoerung-eine-unwuerdige-debatte-um-den-oekonomischen-nutzen-lohnabhaengiger-menschen\/","og_site_name":"just-now.NEWS Deutschland","article_publisher":"https:\/\/www.facebook.com\/wirmachenauf","article_published_time":"2022-12-04T19:11:27+00:00","og_image":[{"url":"https:\/\/mf.b37mrtl.ru\/deutsch\/images\/2022.11\/thumbnail\/63877ae748fbef0888592a9a.jpg"}],"author":"rtnews","twitter_card":"summary_large_image","twitter_creator":"@WirMachenAuf_de","twitter_site":"@WirMachenAuf_de","twitter_misc":{"Verfasst von":"rtnews","Gesch\u00e4tzte Lesezeit":"8\u00a0Minuten"},"schema":{"@context":"https:\/\/schema.org","@graph":[{"@type":"Article","@id":"https:\/\/now-news.de\/de\/deutschland\/buergergeld-empoerung-eine-unwuerdige-debatte-um-den-oekonomischen-nutzen-lohnabhaengiger-menschen\/#article","isPartOf":{"@id":"https:\/\/now-news.de\/de\/deutschland\/buergergeld-empoerung-eine-unwuerdige-debatte-um-den-oekonomischen-nutzen-lohnabhaengiger-menschen\/"},"author":{"name":"rtnews","@id":"https:\/\/now-news.de\/de\/#\/schema\/person\/fb534a4e865501d8b3285208df34a9b5"},"headline":"B\u00fcrgergeld-Emp\u00f6rung \u2013 Eine unw\u00fcrdige Debatte um den \u00f6konomischen Nutzen lohnabh\u00e4ngiger Menschen","datePublished":"2022-12-04T19:11:27+00:00","dateModified":"2022-12-04T19:11:27+00:00","mainEntityOfPage":{"@id":"https:\/\/now-news.de\/de\/deutschland\/buergergeld-empoerung-eine-unwuerdige-debatte-um-den-oekonomischen-nutzen-lohnabhaengiger-menschen\/"},"wordCount":1656,"commentCount":0,"publisher":{"@id":"https:\/\/now-news.de\/de\/#organization"},"image":{"@id":"https:\/\/now-news.de\/de\/deutschland\/buergergeld-empoerung-eine-unwuerdige-debatte-um-den-oekonomischen-nutzen-lohnabhaengiger-menschen\/#primaryimage"},"thumbnailUrl":"https:\/\/mf.b37mrtl.ru\/deutsch\/images\/2022.11\/thumbnail\/63877ae748fbef0888592a9a.jpg","keywords":["B\u00fcrgergeldEmp\u00f6rung","debatte","den","eine","lohnabh\u00e4ngiger","Menschen","nutzen","\u00f6konomischen","unw\u00fcrdige"],"articleSection":["Deutschland","Russland"],"inLanguage":"de","potentialAction":[{"@type":"CommentAction","name":"Comment","target":["https:\/\/now-news.de\/de\/deutschland\/buergergeld-empoerung-eine-unwuerdige-debatte-um-den-oekonomischen-nutzen-lohnabhaengiger-menschen\/#respond"]}]},{"@type":"WebPage","@id":"https:\/\/now-news.de\/de\/deutschland\/buergergeld-empoerung-eine-unwuerdige-debatte-um-den-oekonomischen-nutzen-lohnabhaengiger-menschen\/","url":"https:\/\/now-news.de\/de\/deutschland\/buergergeld-empoerung-eine-unwuerdige-debatte-um-den-oekonomischen-nutzen-lohnabhaengiger-menschen\/","name":"B\u00fcrgergeld-Emp\u00f6rung \u2013 Eine unw\u00fcrdige Debatte um den \u00f6konomischen Nutzen lohnabh\u00e4ngiger Menschen - just-now.NEWS Deutschland","isPartOf":{"@id":"https:\/\/now-news.de\/de\/#website"},"primaryImageOfPage":{"@id":"https:\/\/now-news.de\/de\/deutschland\/buergergeld-empoerung-eine-unwuerdige-debatte-um-den-oekonomischen-nutzen-lohnabhaengiger-menschen\/#primaryimage"},"image":{"@id":"https:\/\/now-news.de\/de\/deutschland\/buergergeld-empoerung-eine-unwuerdige-debatte-um-den-oekonomischen-nutzen-lohnabhaengiger-menschen\/#primaryimage"},"thumbnailUrl":"https:\/\/mf.b37mrtl.ru\/deutsch\/images\/2022.11\/thumbnail\/63877ae748fbef0888592a9a.jpg","datePublished":"2022-12-04T19:11:27+00:00","dateModified":"2022-12-04T19:11:27+00:00","breadcrumb":{"@id":"https:\/\/now-news.de\/de\/deutschland\/buergergeld-empoerung-eine-unwuerdige-debatte-um-den-oekonomischen-nutzen-lohnabhaengiger-menschen\/#breadcrumb"},"inLanguage":"de","potentialAction":[{"@type":"ReadAction","target":["https:\/\/now-news.de\/de\/deutschland\/buergergeld-empoerung-eine-unwuerdige-debatte-um-den-oekonomischen-nutzen-lohnabhaengiger-menschen\/"]}]},{"@type":"ImageObject","inLanguage":"de","@id":"https:\/\/now-news.de\/de\/deutschland\/buergergeld-empoerung-eine-unwuerdige-debatte-um-den-oekonomischen-nutzen-lohnabhaengiger-menschen\/#primaryimage","url":"https:\/\/mf.b37mrtl.ru\/deutsch\/images\/2022.11\/thumbnail\/63877ae748fbef0888592a9a.jpg","contentUrl":"https:\/\/mf.b37mrtl.ru\/deutsch\/images\/2022.11\/thumbnail\/63877ae748fbef0888592a9a.jpg"},{"@type":"BreadcrumbList","@id":"https:\/\/now-news.de\/de\/deutschland\/buergergeld-empoerung-eine-unwuerdige-debatte-um-den-oekonomischen-nutzen-lohnabhaengiger-menschen\/#breadcrumb","itemListElement":[{"@type":"ListItem","position":1,"name":"Home","item":"https:\/\/now-news.de\/de\/"},{"@type":"ListItem","position":2,"name":"B\u00fcrgergeld-Emp\u00f6rung \u2013 Eine unw\u00fcrdige Debatte um den \u00f6konomischen Nutzen lohnabh\u00e4ngiger Menschen"}]},{"@type":"WebSite","@id":"https:\/\/now-news.de\/de\/#website","url":"https:\/\/now-news.de\/de\/","name":"just-now.NEWS Deutschland","description":"Das Portal f\u00fcr unzensierte Nachrichten aus der Welt","publisher":{"@id":"https:\/\/now-news.de\/de\/#organization"},"potentialAction":[{"@type":"SearchAction","target":{"@type":"EntryPoint","urlTemplate":"https:\/\/now-news.de\/de\/?s={search_term_string}"},"query-input":"required name=search_term_string"}],"inLanguage":"de"},{"@type":"Organization","@id":"https:\/\/now-news.de\/de\/#organization","name":"Just Now News","url":"https:\/\/now-news.de\/de\/","logo":{"@type":"ImageObject","inLanguage":"de","@id":"https:\/\/now-news.de\/de\/#\/schema\/logo\/image\/","url":"http:\/\/just-now.news\/de\/wp-content\/uploads\/sites\/3\/2022\/04\/logo500x500.jpg","contentUrl":"http:\/\/just-now.news\/de\/wp-content\/uploads\/sites\/3\/2022\/04\/logo500x500.jpg","width":500,"height":500,"caption":"Just Now News"},"image":{"@id":"https:\/\/now-news.de\/de\/#\/schema\/logo\/image\/"},"sameAs":["https:\/\/www.facebook.com\/wirmachenauf","https:\/\/x.com\/WirMachenAuf_de"]},{"@type":"Person","@id":"https:\/\/now-news.de\/de\/#\/schema\/person\/fb534a4e865501d8b3285208df34a9b5","name":"rtnews","image":{"@type":"ImageObject","inLanguage":"de","@id":"https:\/\/now-news.de\/de\/#\/schema\/person\/image\/","url":"https:\/\/secure.gravatar.com\/avatar\/82aafea7d8127119dd649515f56e2117?s=96&d=mm&r=g","contentUrl":"https:\/\/secure.gravatar.com\/avatar\/82aafea7d8127119dd649515f56e2117?s=96&d=mm&r=g","caption":"rtnews"},"url":"https:\/\/now-news.de\/de\/author\/rnews\/"}]}},"_links":{"self":[{"href":"https:\/\/now-news.de\/de\/wp-json\/wp\/v2\/posts\/24670"}],"collection":[{"href":"https:\/\/now-news.de\/de\/wp-json\/wp\/v2\/posts"}],"about":[{"href":"https:\/\/now-news.de\/de\/wp-json\/wp\/v2\/types\/post"}],"author":[{"embeddable":true,"href":"https:\/\/now-news.de\/de\/wp-json\/wp\/v2\/users\/3"}],"replies":[{"embeddable":true,"href":"https:\/\/now-news.de\/de\/wp-json\/wp\/v2\/comments?post=24670"}],"version-history":[{"count":0,"href":"https:\/\/now-news.de\/de\/wp-json\/wp\/v2\/posts\/24670\/revisions"}],"wp:attachment":[{"href":"https:\/\/now-news.de\/de\/wp-json\/wp\/v2\/media?parent=24670"}],"wp:term":[{"taxonomy":"category","embeddable":true,"href":"https:\/\/now-news.de\/de\/wp-json\/wp\/v2\/categories?post=24670"},{"taxonomy":"post_tag","embeddable":true,"href":"https:\/\/now-news.de\/de\/wp-json\/wp\/v2\/tags?post=24670"}],"curies":[{"name":"wp","href":"https:\/\/api.w.org\/{rel}","templated":true}]}}