{"id":24668,"date":"2022-12-04T20:26:32","date_gmt":"2022-12-04T18:26:32","guid":{"rendered":"https:\/\/just-now.news\/de\/deutschland\/protest-in-wien-gegen-energiesteuern-und-offene-grenzen\/"},"modified":"2022-12-04T20:26:32","modified_gmt":"2022-12-04T18:26:32","slug":"protest-in-wien-gegen-energiesteuern-und-offene-grenzen","status":"publish","type":"post","link":"https:\/\/now-news.de\/de\/deutschland\/protest-in-wien-gegen-energiesteuern-und-offene-grenzen\/","title":{"rendered":"Protest in Wien gegen Energiesteuern und offene Grenzen"},"content":{"rendered":"<p><img decoding=\"async\" src=\"http:\/\/just-now.news\/de\/wp-content\/uploads\/sites\/3\/2022\/12\/638ccff148fbef0ee93163e8.jpg\" \/><\/p>\n<div class=\"Text-root Text-type_1 \">\n                In der Wiener Innenstadt wurde heute vom Verein &#8220;direktdemokratisch&#8221; zu einer Demonstration aufgerufen, die sich gegen die hohen Steuers\u00e4tze auf Energie richten sollte, aber auch gegen die in \u00d6sterreich immer noch aktuellen Coronama\u00dfnahmen und die Bedrohung der \u00f6sterreichischen Neutralit\u00e4t,\n            <\/div>\n<p><\/p>\n<div class=\"Text-root Text-type_5 ArticleView-text ViewText-root \">\n<p>In Wien fand heute eine Demonstration statt, deren <a rel=\"nofollow noopener\" target=\"_blank\" href=\"https:\/\/www.direktdemokratisch.jetzt\/martin-rutter\/\">Anmelder<\/a> auch die gro\u00dfen Coronaproteste vor einem Jahr angemeldet hatte. Heute versammelten sich nur einige hundert Teilnehmer hinter der Forderung &#8220;Steuern runter \u2013 Grenzen dicht&#8221;. Mit aufgenommen wurden auch die Themen der letztj\u00e4hrigen Proteste sowie mit &#8220;&#8216;Industrieller und wirtschaftlicher Selbstmord&#8217; \u2013 Protest in Wien gegen Russland-Sanktionen&#8221; die Neutralit\u00e4t \u00d6sterreichs betont.<\/p>\n<div class=\"EmbedBlock-root EmbedBlock-twitter\">\n<div class=\"TwitterEmbed\">\n<blockquote class=\"twitter-tweet lazyload\" data-twitter=\"twitter-tweet\">\n<p lang=\"qme\" dir=\"ltr\"><a rel=\"nofollow noopener\" target=\"_blank\" href=\"https:\/\/twitter.com\/hashtag\/w0412?src=hash&amp;ref_src=twsrc%5Etfw\">#w0412<\/a><a rel=\"nofollow noopener\" target=\"_blank\" href=\"https:\/\/t.co\/tXL2hP1LlR\">pic.twitter.com\/tXL2hP1LlR<\/a><\/p>\n<p>\u2014 Lela (neue verpackung inhalt gleich) (@NotQuiteLela) <a rel=\"nofollow noopener\" target=\"_blank\" href=\"https:\/\/twitter.com\/NotQuiteLela\/status\/1599416706710896640?ref_src=twsrc%5Etfw\">December 4, 2022<\/a><\/p><\/blockquote>\n<\/div>\n<\/div>\n<p>Der auff\u00e4lligste Teil der Demonstration war eine Gruppe Schweizer, die mit Almglocken vor dem Zug gingen. Die Demonstration wurde zwar vor\u00fcbergehend von der Polizei angehalten, endete aber friedlich.<\/p>\n<div class=\"EmbedBlock-root EmbedBlock-twitter\">\n<div class=\"TwitterEmbed\">\n<blockquote class=\"twitter-tweet lazyload\" data-twitter=\"twitter-tweet\">\n<p lang=\"de\" dir=\"ltr\">Wer w\u00fcrde nicht aus der Schweiz nach Wien kommen, um Gl\u00f6ckner bei einer rechten Demo zu sein <a rel=\"nofollow noopener\" target=\"_blank\" href=\"https:\/\/twitter.com\/hashtag\/w0412?src=hash&amp;ref_src=twsrc%5Etfw\">#w0412<\/a><a rel=\"nofollow noopener\" target=\"_blank\" href=\"https:\/\/t.co\/poOoQYJPBu\">pic.twitter.com\/poOoQYJPBu<\/a><\/p>\n<p>\u2014 Markus Sulzbacher (@msulzbacher) <a rel=\"nofollow noopener\" target=\"_blank\" href=\"https:\/\/twitter.com\/msulzbacher\/status\/1599409662381723648?ref_src=twsrc%5Etfw\">December 4, 2022<\/a><\/p><\/blockquote>\n<\/div>\n<\/div>\n<p><strong>Mehr zum Thema<\/strong> &#8211; <a rel=\"nofollow noopener\" target=\"_blank\" href=\"https:\/\/pressefreiheit.rtde.tech\/kurzclips\/video\/155621-industrieller-und-wirtschaftlicher-selbstmord-protest\/\">&#8220;Industrieller und wirtschaftlicher Selbstmord&#8221; \u2013 Protest in Wien gegen Russland-Sanktionen <\/a><\/p>\n<\/div>\n<p><script async src=\"https:\/\/platform.twitter.com\/widgets.js\" charset=\"utf-8\"><\/script><br \/>\n<br \/><br \/>\n<br \/><a href=\"https:\/\/de.rt.com\/oesterreich\/156295-protest-in-wien-gegen-energiesteuern\/\">Source link <\/a><\/p>\n","protected":false},"excerpt":{"rendered":"<p>In der Wiener Innenstadt wurde heute vom Verein &#8220;direktdemokratisch&#8221; zu einer Demonstration aufgerufen, die sich gegen die hohen Steuers\u00e4tze auf Energie richten sollte, aber auch gegen die in \u00d6sterreich immer noch aktuellen Coronama\u00dfnahmen und die Bedrohung der \u00f6sterreichischen Neutralit\u00e4t, In Wien fand heute eine Demonstration statt, deren Anmelder auch die gro\u00dfen Coronaproteste vor einem Jahr [&hellip;]<\/p>\n","protected":false},"author":3,"featured_media":24669,"comment_status":"open","ping_status":"open","sticky":false,"template":"","format":"standard","meta":{"_yoast_indexnow_last_ping":["1670178535"],"wp_automatic_camp":["217"],"fdf55174276e914e1be83870a6ee0c50":["Protest in Wien gegen Energiesteuern und offene Grenzen"],"original_link":["https:\/\/de.rt.com\/oesterreich\/156295-protest-in-wien-gegen-energiesteuern\/"],"_thumbnail_id":["24669"],"_wptgpro_p2tg_sent2tg":["a:1:{i:23737;s:19:\"2022-12-04 20:30:15\";}"],"jnews_social_counter_last_update":["1777306813"]},"categories":[19,23],"tags":[3684,278,19745,4911,3823,140,22652],"yoast_head":"<!-- This site is optimized with the Yoast SEO Premium plugin v22.7 (Yoast SEO v22.7) - https:\/\/yoast.com\/wordpress\/plugins\/seo\/ -->\n<title>Protest in Wien gegen Energiesteuern und offene Grenzen - just-now.NEWS Deutschland<\/title>\n<meta name=\"robots\" content=\"index, follow, max-snippet:-1, max-image-preview:large, max-video-preview:-1\" \/>\n<link rel=\"canonical\" href=\"https:\/\/now-news.de\/de\/deutschland\/protest-in-wien-gegen-energiesteuern-und-offene-grenzen\/\" \/>\n<meta property=\"og:locale\" content=\"de_DE\" \/>\n<meta property=\"og:type\" content=\"article\" \/>\n<meta property=\"og:title\" content=\"Protest in Wien gegen Energiesteuern und offene Grenzen\" \/>\n<meta property=\"og:description\" content=\"In der Wiener Innenstadt wurde heute vom Verein &#8220;direktdemokratisch&#8221; zu einer Demonstration aufgerufen, die sich gegen die hohen Steuers\u00e4tze auf Energie richten sollte, aber auch gegen die in \u00d6sterreich immer noch aktuellen Coronama\u00dfnahmen und die Bedrohung der \u00f6sterreichischen Neutralit\u00e4t, In Wien fand heute eine Demonstration statt, deren Anmelder auch die gro\u00dfen Coronaproteste vor einem Jahr [&hellip;]\" \/>\n<meta property=\"og:url\" content=\"https:\/\/now-news.de\/de\/deutschland\/protest-in-wien-gegen-energiesteuern-und-offene-grenzen\/\" \/>\n<meta property=\"og:site_name\" content=\"just-now.NEWS Deutschland\" \/>\n<meta property=\"article:publisher\" content=\"https:\/\/www.facebook.com\/wirmachenauf\" \/>\n<meta property=\"article:published_time\" content=\"2022-12-04T18:26:32+00:00\" \/>\n<meta property=\"og:image\" content=\"https:\/\/now-news.de\/de\/wp-content\/uploads\/sites\/3\/2022\/12\/Protest-in-Wien-gegen-Energiesteuern-und-offene-Grenzen.jpg\" \/>\n\t<meta property=\"og:image:width\" content=\"460\" \/>\n\t<meta property=\"og:image:height\" content=\"259\" \/>\n\t<meta property=\"og:image:type\" content=\"image\/jpeg\" \/>\n<meta name=\"author\" content=\"rtnews\" \/>\n<meta name=\"twitter:card\" content=\"summary_large_image\" \/>\n<meta name=\"twitter:creator\" content=\"@WirMachenAuf_de\" \/>\n<meta name=\"twitter:site\" content=\"@WirMachenAuf_de\" \/>\n<meta name=\"twitter:label1\" content=\"Verfasst von\" \/>\n\t<meta name=\"twitter:data1\" content=\"rtnews\" \/>\n\t<meta name=\"twitter:label2\" content=\"Gesch\u00e4tzte Lesezeit\" \/>\n\t<meta name=\"twitter:data2\" content=\"1\u00a0Minute\" \/>\n<script type=\"application\/ld+json\" class=\"yoast-schema-graph\">{\"@context\":\"https:\/\/schema.org\",\"@graph\":[{\"@type\":\"Article\",\"@id\":\"https:\/\/now-news.de\/de\/deutschland\/protest-in-wien-gegen-energiesteuern-und-offene-grenzen\/#article\",\"isPartOf\":{\"@id\":\"https:\/\/now-news.de\/de\/deutschland\/protest-in-wien-gegen-energiesteuern-und-offene-grenzen\/\"},\"author\":{\"name\":\"rtnews\",\"@id\":\"https:\/\/now-news.de\/de\/#\/schema\/person\/fb534a4e865501d8b3285208df34a9b5\"},\"headline\":\"Protest in Wien gegen Energiesteuern und offene Grenzen\",\"datePublished\":\"2022-12-04T18:26:32+00:00\",\"dateModified\":\"2022-12-04T18:26:32+00:00\",\"mainEntityOfPage\":{\"@id\":\"https:\/\/now-news.de\/de\/deutschland\/protest-in-wien-gegen-energiesteuern-und-offene-grenzen\/\"},\"wordCount\":197,\"commentCount\":0,\"publisher\":{\"@id\":\"https:\/\/now-news.de\/de\/#organization\"},\"image\":{\"@id\":\"https:\/\/now-news.de\/de\/deutschland\/protest-in-wien-gegen-energiesteuern-und-offene-grenzen\/#primaryimage\"},\"thumbnailUrl\":\"https:\/\/now-news.de\/de\/wp-content\/uploads\/sites\/3\/2022\/12\/Protest-in-Wien-gegen-Energiesteuern-und-offene-Grenzen.jpg\",\"keywords\":[\"Energiesteuern\",\"gegen\",\"Grenzen\",\"offene\",\"Protest\",\"und\",\"Wien\"],\"articleSection\":[\"Deutschland\",\"Russland\"],\"inLanguage\":\"de\",\"potentialAction\":[{\"@type\":\"CommentAction\",\"name\":\"Comment\",\"target\":[\"https:\/\/now-news.de\/de\/deutschland\/protest-in-wien-gegen-energiesteuern-und-offene-grenzen\/#respond\"]}]},{\"@type\":\"WebPage\",\"@id\":\"https:\/\/now-news.de\/de\/deutschland\/protest-in-wien-gegen-energiesteuern-und-offene-grenzen\/\",\"url\":\"https:\/\/now-news.de\/de\/deutschland\/protest-in-wien-gegen-energiesteuern-und-offene-grenzen\/\",\"name\":\"Protest in Wien gegen Energiesteuern und offene Grenzen - just-now.NEWS Deutschland\",\"isPartOf\":{\"@id\":\"https:\/\/now-news.de\/de\/#website\"},\"primaryImageOfPage\":{\"@id\":\"https:\/\/now-news.de\/de\/deutschland\/protest-in-wien-gegen-energiesteuern-und-offene-grenzen\/#primaryimage\"},\"image\":{\"@id\":\"https:\/\/now-news.de\/de\/deutschland\/protest-in-wien-gegen-energiesteuern-und-offene-grenzen\/#primaryimage\"},\"thumbnailUrl\":\"https:\/\/now-news.de\/de\/wp-content\/uploads\/sites\/3\/2022\/12\/Protest-in-Wien-gegen-Energiesteuern-und-offene-Grenzen.jpg\",\"datePublished\":\"2022-12-04T18:26:32+00:00\",\"dateModified\":\"2022-12-04T18:26:32+00:00\",\"breadcrumb\":{\"@id\":\"https:\/\/now-news.de\/de\/deutschland\/protest-in-wien-gegen-energiesteuern-und-offene-grenzen\/#breadcrumb\"},\"inLanguage\":\"de\",\"potentialAction\":[{\"@type\":\"ReadAction\",\"target\":[\"https:\/\/now-news.de\/de\/deutschland\/protest-in-wien-gegen-energiesteuern-und-offene-grenzen\/\"]}]},{\"@type\":\"ImageObject\",\"inLanguage\":\"de\",\"@id\":\"https:\/\/now-news.de\/de\/deutschland\/protest-in-wien-gegen-energiesteuern-und-offene-grenzen\/#primaryimage\",\"url\":\"https:\/\/now-news.de\/de\/wp-content\/uploads\/sites\/3\/2022\/12\/Protest-in-Wien-gegen-Energiesteuern-und-offene-Grenzen.jpg\",\"contentUrl\":\"https:\/\/now-news.de\/de\/wp-content\/uploads\/sites\/3\/2022\/12\/Protest-in-Wien-gegen-Energiesteuern-und-offene-Grenzen.jpg\",\"width\":460,\"height\":259,\"caption\":\"Protest in Wien gegen Energiesteuern und offene Grenzen\"},{\"@type\":\"BreadcrumbList\",\"@id\":\"https:\/\/now-news.de\/de\/deutschland\/protest-in-wien-gegen-energiesteuern-und-offene-grenzen\/#breadcrumb\",\"itemListElement\":[{\"@type\":\"ListItem\",\"position\":1,\"name\":\"Home\",\"item\":\"https:\/\/now-news.de\/de\/\"},{\"@type\":\"ListItem\",\"position\":2,\"name\":\"Protest in Wien gegen Energiesteuern und offene Grenzen\"}]},{\"@type\":\"WebSite\",\"@id\":\"https:\/\/now-news.de\/de\/#website\",\"url\":\"https:\/\/now-news.de\/de\/\",\"name\":\"just-now.NEWS Deutschland\",\"description\":\"Das Portal f\u00fcr unzensierte Nachrichten aus der Welt\",\"publisher\":{\"@id\":\"https:\/\/now-news.de\/de\/#organization\"},\"potentialAction\":[{\"@type\":\"SearchAction\",\"target\":{\"@type\":\"EntryPoint\",\"urlTemplate\":\"https:\/\/now-news.de\/de\/?s={search_term_string}\"},\"query-input\":\"required name=search_term_string\"}],\"inLanguage\":\"de\"},{\"@type\":\"Organization\",\"@id\":\"https:\/\/now-news.de\/de\/#organization\",\"name\":\"Just Now News\",\"url\":\"https:\/\/now-news.de\/de\/\",\"logo\":{\"@type\":\"ImageObject\",\"inLanguage\":\"de\",\"@id\":\"https:\/\/now-news.de\/de\/#\/schema\/logo\/image\/\",\"url\":\"http:\/\/just-now.news\/de\/wp-content\/uploads\/sites\/3\/2022\/04\/logo500x500.jpg\",\"contentUrl\":\"http:\/\/just-now.news\/de\/wp-content\/uploads\/sites\/3\/2022\/04\/logo500x500.jpg\",\"width\":500,\"height\":500,\"caption\":\"Just Now News\"},\"image\":{\"@id\":\"https:\/\/now-news.de\/de\/#\/schema\/logo\/image\/\"},\"sameAs\":[\"https:\/\/www.facebook.com\/wirmachenauf\",\"https:\/\/x.com\/WirMachenAuf_de\"]},{\"@type\":\"Person\",\"@id\":\"https:\/\/now-news.de\/de\/#\/schema\/person\/fb534a4e865501d8b3285208df34a9b5\",\"name\":\"rtnews\",\"image\":{\"@type\":\"ImageObject\",\"inLanguage\":\"de\",\"@id\":\"https:\/\/now-news.de\/de\/#\/schema\/person\/image\/\",\"url\":\"https:\/\/secure.gravatar.com\/avatar\/82aafea7d8127119dd649515f56e2117?s=96&d=mm&r=g\",\"contentUrl\":\"https:\/\/secure.gravatar.com\/avatar\/82aafea7d8127119dd649515f56e2117?s=96&d=mm&r=g\",\"caption\":\"rtnews\"},\"url\":\"https:\/\/now-news.de\/de\/author\/rnews\/\"}]}<\/script>\n<!-- \/ Yoast SEO Premium plugin. -->","yoast_head_json":{"title":"Protest in Wien gegen Energiesteuern und offene Grenzen - just-now.NEWS Deutschland","robots":{"index":"index","follow":"follow","max-snippet":"max-snippet:-1","max-image-preview":"max-image-preview:large","max-video-preview":"max-video-preview:-1"},"canonical":"https:\/\/now-news.de\/de\/deutschland\/protest-in-wien-gegen-energiesteuern-und-offene-grenzen\/","og_locale":"de_DE","og_type":"article","og_title":"Protest in Wien gegen Energiesteuern und offene Grenzen","og_description":"In der Wiener Innenstadt wurde heute vom Verein &#8220;direktdemokratisch&#8221; zu einer Demonstration aufgerufen, die sich gegen die hohen Steuers\u00e4tze auf Energie richten sollte, aber auch gegen die in \u00d6sterreich immer noch aktuellen Coronama\u00dfnahmen und die Bedrohung der \u00f6sterreichischen Neutralit\u00e4t, In Wien fand heute eine Demonstration statt, deren Anmelder auch die gro\u00dfen Coronaproteste vor einem Jahr [&hellip;]","og_url":"https:\/\/now-news.de\/de\/deutschland\/protest-in-wien-gegen-energiesteuern-und-offene-grenzen\/","og_site_name":"just-now.NEWS Deutschland","article_publisher":"https:\/\/www.facebook.com\/wirmachenauf","article_published_time":"2022-12-04T18:26:32+00:00","og_image":[{"width":460,"height":259,"url":"https:\/\/now-news.de\/de\/wp-content\/uploads\/sites\/3\/2022\/12\/Protest-in-Wien-gegen-Energiesteuern-und-offene-Grenzen.jpg","type":"image\/jpeg"}],"author":"rtnews","twitter_card":"summary_large_image","twitter_creator":"@WirMachenAuf_de","twitter_site":"@WirMachenAuf_de","twitter_misc":{"Verfasst von":"rtnews","Gesch\u00e4tzte Lesezeit":"1\u00a0Minute"},"schema":{"@context":"https:\/\/schema.org","@graph":[{"@type":"Article","@id":"https:\/\/now-news.de\/de\/deutschland\/protest-in-wien-gegen-energiesteuern-und-offene-grenzen\/#article","isPartOf":{"@id":"https:\/\/now-news.de\/de\/deutschland\/protest-in-wien-gegen-energiesteuern-und-offene-grenzen\/"},"author":{"name":"rtnews","@id":"https:\/\/now-news.de\/de\/#\/schema\/person\/fb534a4e865501d8b3285208df34a9b5"},"headline":"Protest in Wien gegen Energiesteuern und offene Grenzen","datePublished":"2022-12-04T18:26:32+00:00","dateModified":"2022-12-04T18:26:32+00:00","mainEntityOfPage":{"@id":"https:\/\/now-news.de\/de\/deutschland\/protest-in-wien-gegen-energiesteuern-und-offene-grenzen\/"},"wordCount":197,"commentCount":0,"publisher":{"@id":"https:\/\/now-news.de\/de\/#organization"},"image":{"@id":"https:\/\/now-news.de\/de\/deutschland\/protest-in-wien-gegen-energiesteuern-und-offene-grenzen\/#primaryimage"},"thumbnailUrl":"https:\/\/now-news.de\/de\/wp-content\/uploads\/sites\/3\/2022\/12\/Protest-in-Wien-gegen-Energiesteuern-und-offene-Grenzen.jpg","keywords":["Energiesteuern","gegen","Grenzen","offene","Protest","und","Wien"],"articleSection":["Deutschland","Russland"],"inLanguage":"de","potentialAction":[{"@type":"CommentAction","name":"Comment","target":["https:\/\/now-news.de\/de\/deutschland\/protest-in-wien-gegen-energiesteuern-und-offene-grenzen\/#respond"]}]},{"@type":"WebPage","@id":"https:\/\/now-news.de\/de\/deutschland\/protest-in-wien-gegen-energiesteuern-und-offene-grenzen\/","url":"https:\/\/now-news.de\/de\/deutschland\/protest-in-wien-gegen-energiesteuern-und-offene-grenzen\/","name":"Protest in Wien gegen Energiesteuern und offene Grenzen - just-now.NEWS Deutschland","isPartOf":{"@id":"https:\/\/now-news.de\/de\/#website"},"primaryImageOfPage":{"@id":"https:\/\/now-news.de\/de\/deutschland\/protest-in-wien-gegen-energiesteuern-und-offene-grenzen\/#primaryimage"},"image":{"@id":"https:\/\/now-news.de\/de\/deutschland\/protest-in-wien-gegen-energiesteuern-und-offene-grenzen\/#primaryimage"},"thumbnailUrl":"https:\/\/now-news.de\/de\/wp-content\/uploads\/sites\/3\/2022\/12\/Protest-in-Wien-gegen-Energiesteuern-und-offene-Grenzen.jpg","datePublished":"2022-12-04T18:26:32+00:00","dateModified":"2022-12-04T18:26:32+00:00","breadcrumb":{"@id":"https:\/\/now-news.de\/de\/deutschland\/protest-in-wien-gegen-energiesteuern-und-offene-grenzen\/#breadcrumb"},"inLanguage":"de","potentialAction":[{"@type":"ReadAction","target":["https:\/\/now-news.de\/de\/deutschland\/protest-in-wien-gegen-energiesteuern-und-offene-grenzen\/"]}]},{"@type":"ImageObject","inLanguage":"de","@id":"https:\/\/now-news.de\/de\/deutschland\/protest-in-wien-gegen-energiesteuern-und-offene-grenzen\/#primaryimage","url":"https:\/\/now-news.de\/de\/wp-content\/uploads\/sites\/3\/2022\/12\/Protest-in-Wien-gegen-Energiesteuern-und-offene-Grenzen.jpg","contentUrl":"https:\/\/now-news.de\/de\/wp-content\/uploads\/sites\/3\/2022\/12\/Protest-in-Wien-gegen-Energiesteuern-und-offene-Grenzen.jpg","width":460,"height":259,"caption":"Protest in Wien gegen Energiesteuern und offene Grenzen"},{"@type":"BreadcrumbList","@id":"https:\/\/now-news.de\/de\/deutschland\/protest-in-wien-gegen-energiesteuern-und-offene-grenzen\/#breadcrumb","itemListElement":[{"@type":"ListItem","position":1,"name":"Home","item":"https:\/\/now-news.de\/de\/"},{"@type":"ListItem","position":2,"name":"Protest in Wien gegen Energiesteuern und offene Grenzen"}]},{"@type":"WebSite","@id":"https:\/\/now-news.de\/de\/#website","url":"https:\/\/now-news.de\/de\/","name":"just-now.NEWS Deutschland","description":"Das Portal f\u00fcr unzensierte Nachrichten aus der Welt","publisher":{"@id":"https:\/\/now-news.de\/de\/#organization"},"potentialAction":[{"@type":"SearchAction","target":{"@type":"EntryPoint","urlTemplate":"https:\/\/now-news.de\/de\/?s={search_term_string}"},"query-input":"required name=search_term_string"}],"inLanguage":"de"},{"@type":"Organization","@id":"https:\/\/now-news.de\/de\/#organization","name":"Just Now News","url":"https:\/\/now-news.de\/de\/","logo":{"@type":"ImageObject","inLanguage":"de","@id":"https:\/\/now-news.de\/de\/#\/schema\/logo\/image\/","url":"http:\/\/just-now.news\/de\/wp-content\/uploads\/sites\/3\/2022\/04\/logo500x500.jpg","contentUrl":"http:\/\/just-now.news\/de\/wp-content\/uploads\/sites\/3\/2022\/04\/logo500x500.jpg","width":500,"height":500,"caption":"Just Now News"},"image":{"@id":"https:\/\/now-news.de\/de\/#\/schema\/logo\/image\/"},"sameAs":["https:\/\/www.facebook.com\/wirmachenauf","https:\/\/x.com\/WirMachenAuf_de"]},{"@type":"Person","@id":"https:\/\/now-news.de\/de\/#\/schema\/person\/fb534a4e865501d8b3285208df34a9b5","name":"rtnews","image":{"@type":"ImageObject","inLanguage":"de","@id":"https:\/\/now-news.de\/de\/#\/schema\/person\/image\/","url":"https:\/\/secure.gravatar.com\/avatar\/82aafea7d8127119dd649515f56e2117?s=96&d=mm&r=g","contentUrl":"https:\/\/secure.gravatar.com\/avatar\/82aafea7d8127119dd649515f56e2117?s=96&d=mm&r=g","caption":"rtnews"},"url":"https:\/\/now-news.de\/de\/author\/rnews\/"}]}},"_links":{"self":[{"href":"https:\/\/now-news.de\/de\/wp-json\/wp\/v2\/posts\/24668"}],"collection":[{"href":"https:\/\/now-news.de\/de\/wp-json\/wp\/v2\/posts"}],"about":[{"href":"https:\/\/now-news.de\/de\/wp-json\/wp\/v2\/types\/post"}],"author":[{"embeddable":true,"href":"https:\/\/now-news.de\/de\/wp-json\/wp\/v2\/users\/3"}],"replies":[{"embeddable":true,"href":"https:\/\/now-news.de\/de\/wp-json\/wp\/v2\/comments?post=24668"}],"version-history":[{"count":0,"href":"https:\/\/now-news.de\/de\/wp-json\/wp\/v2\/posts\/24668\/revisions"}],"wp:featuredmedia":[{"embeddable":true,"href":"https:\/\/now-news.de\/de\/wp-json\/wp\/v2\/media\/24669"}],"wp:attachment":[{"href":"https:\/\/now-news.de\/de\/wp-json\/wp\/v2\/media?parent=24668"}],"wp:term":[{"taxonomy":"category","embeddable":true,"href":"https:\/\/now-news.de\/de\/wp-json\/wp\/v2\/categories?post=24668"},{"taxonomy":"post_tag","embeddable":true,"href":"https:\/\/now-news.de\/de\/wp-json\/wp\/v2\/tags?post=24668"}],"curies":[{"name":"wp","href":"https:\/\/api.w.org\/{rel}","templated":true}]}}