{"id":24637,"date":"2022-12-04T08:30:38","date_gmt":"2022-12-04T06:30:38","guid":{"rendered":"https:\/\/just-now.news\/de\/deutschland\/ein-us-neonazi-offenbart-die-verbrechen-seiner-ukrainischen-kollegen\/"},"modified":"2022-12-04T08:30:38","modified_gmt":"2022-12-04T06:30:38","slug":"ein-us-neonazi-offenbart-die-verbrechen-seiner-ukrainischen-kollegen","status":"publish","type":"post","link":"https:\/\/now-news.de\/de\/deutschland\/ein-us-neonazi-offenbart-die-verbrechen-seiner-ukrainischen-kollegen\/","title":{"rendered":"Ein US-Neonazi offenbart die Verbrechen seiner ukrainischen &quot;Kollegen&quot;"},"content":{"rendered":"<div class=\"Text-root Text-type_1 \">\n                Der ber\u00fcchtigte US-Neonazi Kent &#8220;Boneface&#8221; McLellan sagt in einem Interview, dass die US-Amerikaner \u00fcber den Ukraine-Konflikt falsch informiert werden. Und er sieht in diesem Konflikt zwei unterschiedliche Kriege, die stattfinden.\n            <\/div>\n<p><\/p>\n<div class=\"Text-root Text-type_5 ArticleView-text ViewText-root \">\n<p><em>Von Felix Livschitz<\/em><\/p>\n<p>Im vergangenen November ver\u00f6ffentlichte Juan Sinmiedo, der einen popul\u00e4ren Telegram-Kanal betreibt, auf dem er Menschenrechtsverletzungen in der Ukraine dokumentiert, ein explosives <a rel=\"nofollow noopener\" target=\"_blank\" href=\"https:\/\/telegra.ph\/INTERVIEW-WITH-BONEFACE---US-NEO-NAZI-EX-MEMBER-OF-AZOV-BATTALION-11-12\">Interview<\/a> mit &#8220;Boneface&#8221; (Knochengesicht) \u2013 einem US-Neonazi mit dem b\u00fcrgerlichen Namen Kent McLellan. Der 32-J\u00e4hrige aus Florida hatte sich bereits 2014 den faschistischen freiwilligen K\u00e4mpfern in der Ukraine angeschlossen und an der Seite des Rechten Sektors im Donbass gek\u00e4mpft. Im vergangenen Januar kehrte er aus den USA in die Ukraine zur\u00fcck, um erneut an der Seite des Bataillons Asow zu k\u00e4mpfen.<\/p>\n<p>Das Gespr\u00e4ch mit McLellan zerr\u00fcttet viele Mythen und offenbart viele L\u00fcgen, die \u00fcber den Regierungsumsturz auf dem Maidan, \u00fcber den aktuellen Konflikt in der Ukraine und den beunruhigend starken Einfluss nationalistischer Bewegungen in der Ukraine verbreitet wurden.<\/p>\n<p>McLellan, Sohn des S\u00e4ngers der Neonazi-Rockband &#8220;Brutal Attack&#8221;, hatte sich bereits als Teenager bei rechtsextremen Gruppierungen engagiert und zahlreiche Begegnungen mit den Strafverfolgungsbeh\u00f6rden wegen subversiven und rassistisch motivierten Aktivit\u00e4ten gehabt. Er und andere Mitglieder der rassistischen Organisation American Front waren im Mai 2012 vom FBI festgenommen worden, weil sie Terroranschl\u00e4ge gegen ethnische Minderheiten in Florida geplant hatten.<\/p>\n<p>Sein eindeutig rechtsnationaler Hintergrund motivierte ihn 2014, in die Ukraine zu reisen. Die faschistischen Kreise in den USA, in denen er sich damals bewegte, hatten direkte Verbindungen und regelm\u00e4\u00dfigen Kontakt zu nationalistischen Gruppen an der Spitze des Maidan, die damals fast t\u00e4glich gro\u00dfe \u00f6ffentliche Veranstaltungen in jeder Region der Ukraine organisierten, die sich noch nicht im Krieg befand. Auch Mitglieder vieler rechtsextremer Bewegungen aus anderen nahe der Ukraine nahe gelegenen L\u00e4nder machten sich damals auf den Weg in die Ukraine, darunter solche aus Finnland, Georgien und Lettland. &#8220;Falls sich die Welt fragt, was mit all den Skinheads passiert ist \u2013 sie sind alle in die Ukraine gegangen&#8221;, sagt McLellan.<\/p>\n<p>Es scheint, dass die US-Regierung damals die Ausreise McLellans und anderer Neonazis in die Ukraine billigte. McLellan behauptet zudem, er sei dabei erwischt worden \u2013 er macht jedoch nicht klar, von wem oder was \u2013, als er den Ukrainern Techniken des Cyberhackings beibrachte. Aber die Vertreter der US-Beh\u00f6rden &#8220;wollten einfach dazusitzen und helfen&#8221;.<\/p>\n<p>&#8220;Sie wollten keine Namen oder \u00c4hnliches, aber sie wollten die Situation beobachten. Ohne diese Unterst\u00fctzung w\u00e4re ich wohl wegen Verletzung des US-Neutralit\u00e4tsgesetzes angeklagt worden\u201c, behauptet McLellan weiter.<\/p>\n<p><strong>Unges\u00fchnte Kriegsverbrechen<\/strong><\/p>\n<p>Im Jahr 2015 machte ein absolut schreckliches Video in den sozialen Medien die Runde. Darin war zu sehen, wie angebliche Mitglieder des Bataillons Asow einen russischen Einwohner der Ostukraine . Etwa zur selben Zeit verbreitete sich ein weiteres Video mit dem Titel &#8220;Kanaken bekommen den Strick&#8221;. Darin sieht man, wie ein Mann und seine schwangere Ehefrau in einem Wald an einem Baum erh\u00e4ngt werden. Es wurde behauptet, die beiden Ungl\u00fccklichen seien Juden gewesen, die von K\u00e4mpfern des Bataillons Asow gelyncht worden seien.<\/p>\n<p>Aber mehrere von Kiew und westlichen Regierungen finanzierte sogenannte &#8220;Faktenchecker&#8221;, darunter das mit den Neonazis sympathisierende <a rel=\"nofollow noopener\" target=\"_blank\" href=\"https:\/\/medium.com\/@zaborona.media\/neo-nazi-links-of-a-facebook-fact-checker-exposed-d1215dae6c66\">StopFake<\/a>, erkl\u00e4rten die Videoaufnahmen f\u00fcr gef\u00e4lscht \u2013 und sie taten dies erneut unisono, als die grausamen Bilder nach dem 24. Februar 2022 online wieder auftauchten. Das Bataillon Asow hat wiederholt bestritten, dass seine K\u00e4mpfer f\u00fcr beide abscheulichen Taten verantwortlich seien, obwohl ihre Verteidigung nicht wirklich \u00fcberzeugend war. Asow wies lediglich darauf hin, dass das Logo des Bataillons auf den Uniformen der M\u00f6rder &#8220;viel gr\u00f6\u00dfer ist, als es sein sollte&#8221;.<\/p>\n<p>Die Aussage McLellans best\u00e4tigt jedoch, dass diese Videos sehr echt sind. Er selbst ist in den Aufnahmen der Kreuzigung zu sehen und hat die Fotos der Tornado-K\u00e4mpfer geschossen, die mit den Leichen des erh\u00e4ngten Ehepaares posieren. Obwohl die beiden keine Juden waren, war ihr ritueller Mord selbst f\u00fcr den gewaltt\u00e4tigen kranken Geist McLellans zu extrem. Im Interview sagt er, dass er diese Aktion nicht unterst\u00fctzt habe. Auf das Thema Tornado angesprochen, so beschreibt McLellan das faschistische und paramilit\u00e4rische Bataillon als &#8220;bei Weitem das Schrecklichste, was ich je in meinem Leben gesehen oder erlebt habe&#8221;.<\/p>\n<p>Untersuchungen westlicher Menschenrechtsgruppierungen kamen zu dem Schluss, dass die K\u00e4mpfer des Bataillons Tornado gefangene Separatisten und unschuldige Zivilisten im Donbass mit absoluter Brutalit\u00e4t gefoltert haben. Die Gefangenen wurden nackt ausgezogen, in Kellern festgehalten, und ihren Genitalien und anderen K\u00f6rperteile wurden mit Elektroschocks maltr\u00e4tiert. Einige H\u00e4ftlinge wurden unter Androhung des Todes gezwungen, einander zu vergewaltigen.<\/p>\n<p>McLellan war an einigen der brutalen &#8220;Verh\u00f6ren&#8221; bei Tornado beteiligt und deutet im Interview in Bezug auf die russischen Soldaten, die seit dem 24. Februar gefangen genommen wurden, an, dass &#8220;die Behandlung von Russen dieselbe sein wird, w\u00fcrde ich vermuten\u201c. Eine Reihe von K\u00e4mpfern des Bataillons Tornado wurde schlie\u00dflich von den ukrainischen Beh\u00f6rden verhaftet und vor Gericht gebracht. Aber trotz ihrer Taten \u2013 einschlie\u00dflich der Vergewaltigung von Kindern, Folter und kaltbl\u00fctigem Mord an Zivilisten \u2013 vermied man irgendwie Anklagen wegen Kriegsverbrechen und erteilte weitgehend milde Strafen. Zum Beispiel wurde der Gr\u00fcnder des Bataillons, Ruslan Onischenko, ein sadistischer P\u00e4dophiler, im Jahr 2017 zu nur elf Jahren Gef\u00e4ngnis verurteilt. Er ist einer von mehreren Tornado-K\u00e4mpfern, die seit Beginn des Konflikts auf Gehei\u00df von Pr\u00e4sident Wladimir Selenskij aus dem Gef\u00e4ngnis entlassen wurden und jetzt an den &#8220;hei\u00dfesten Schaupl\u00e4tzen&#8221; des Konflikts k\u00e4mpfen.<\/p>\n<p><strong>Zwei unterschiedliche Kriege<\/strong><\/p>\n<p>Nach seiner R\u00fcckkehr in die Ukraine Anfang dieses Jahres meldete sich McLennan beim Bataillon Asow und fand sich bald im Kampf um Mariupol wieder, was dazu f\u00fchrte, dass er &#8220;viel abscheulichen Schei\u00df&#8221; miterleben musste.<\/p>\n<p>Er beschreibt die Anfangsphase der Schlacht um Mariupol als &#8220;viel Schie\u00dfen auf absolut nichts und viele K\u00e4mpfer, die keine Ahnung haben, was sie tun sollen&#8221;. Zudem hatte er das Gef\u00fchl, dass die B\u00fcrger von Mariupol &#8220;stark gespalten waren in Bezug auf eine proukrainische und eine prorussische Haltung&#8221;. W\u00e4hrend dieser Zeit, so McLennan, stand Asow in Kontakt mit der CIA und dem Pentagon, die w\u00e4hrend des dortigen Kampfes Geheimdienstoperationen durchgef\u00fchrt h\u00e4tten.<\/p>\n<figure class=\"RTImage-root\">\n<div class=\"RTImage-image RTImage-original\"><picture class=\"Picture-root Picture-original\"><!--[if IE 9]><video style=\"display: none;\"><![endif]--><source media=\"(-webkit-min-device-pixel-ratio: 2) and (min-resolution: 120dpi)\" data-srcset=\" \nhttp:\/\/just-now.news\/de\/wp-content\/uploads\/sites\/3\/2022\/12\/638b5810b480cc3ba86f3e3d.jpg 850w,\n                http:\/\/just-now.news\/de\/wp-content\/uploads\/sites\/3\/2022\/12\/638b5810b480cc3ba86f3e3d.jpg 1960w,\n            \" ><source data-srcset=\" \nhttp:\/\/just-now.news\/de\/wp-content\/uploads\/sites\/3\/2022\/12\/638b5810b480cc3ba86f3e3d.jpg 460w,\n              http:\/\/just-now.news\/de\/wp-content\/uploads\/sites\/3\/2022\/12\/638b5810b480cc3ba86f3e3d.jpg 980w,\n            \" ><!--[if IE 9]><\/video><![endif]--><img decoding=\"async\" data- src=\"data:image\/png;base64,iVBORw0KGgoAAAANSUhEUgAAABAAAAAJCAQAAACRI2S5AAAAEElEQVR42mNkIAAYRxWAAQAG9gAKqv6+AwAAAABJRU5ErkJggg==\" class=\"Picture-root Picture-original lazyload\" data-src=\"http:\/\/just-now.news\/de\/wp-content\/uploads\/sites\/3\/2022\/12\/638b5810b480cc3ba86f3e3d.jpg\" alt=\"\"><\/source><\/source><\/picture><!-- noscript pattern --><noscript><img decoding=\"async\" src=\"http:\/\/just-now.news\/de\/wp-content\/uploads\/sites\/3\/2022\/12\/638b5810b480cc3ba86f3e3d.jpg\" alt=\"\"><\/noscript><\/div>\n<\/figure>\n<p>McLennan glaubt, dass es die &#8220;US-Einmischung in die Ukraine&#8221; war, die Russlands Invasion verursacht hat. Obwohl er Russland nicht als &#8220;Opfer&#8221; betrachtet, akzeptiert er, dass das Land von Kiew und dem Westen provoziert wurde. Er kritisiert seine Landsleute sehr daf\u00fcr, dass sie nicht wissen, dass Regionen wie Ossetien existieren und dass Georgien dort 2008 einmarschiert ist. &#8220;Sie glauben einfach, dass Russland ohne jeden Grund beschlie\u00dft, aus irgendwelchen Orten die Schei\u00dfe rauszubomben&#8221;, sagt McLennan im Interview.<\/p>\n<p>McLennan wurde schlie\u00dflich &#8220;auf Befehl&#8221; in die USA zur\u00fcckgeschickt, nachdem Mitarbeiter des ukrainischen Sicherheitsdienstes festgenommen worden waren, die geplant hatten, ihn in einem Krankenhaus in Kiew zu t\u00f6ten. Er unterst\u00fctzt Asow weiterhin &#8220;in vollem Umfang&#8221;, aber er steht weder aufseiten der EU noch der NATO und meint, wenn Letztere in den Konflikt einsteigt, &#8220;wird f\u00fcr einen Nationalisten nichts mehr \u00fcbrig bleiben, das es wert w\u00e4re, darum zu k\u00e4mpfen&#8221;. McLennan f\u00e4hrt fort: &#8220;Unter den Nationalisten wurde es massiv gefeiert, als der Ukraine die Aufnahme in die NATO verweigert wurde.&#8221;<\/p>\n<p>F\u00fcr ihn bedeutet dies, dass der Ukraine-Konflikt eigentlich zwei unterschiedliche Kriege vereint \u2013 den, den die Nationalisten f\u00fchren, sowie den, den der Staat f\u00fchrt, und beiden verfolgen &#8220;v\u00f6llig verschiedene Ziele&#8221;. Er sagt voraus, dass Asow und andere nationalistische Gruppen in Zukunft von Kiew fallen gelassen werden, &#8220;sobald ihre N\u00fctzlichkeit f\u00fcr das NATO-Regime ersch\u00f6pft ist&#8221;.<\/p>\n<p>In Anlehnung an die Worte des ermordeten Chefs des Rechten Sektors sagte McLennan: &#8220;Wir sind noch nicht fertig auf dem Maidan.&#8221; Und er schlie\u00dft mit den Worten: &#8220;Ich w\u00fcrde gerne sehen, dass Russland einfach nach Hause geht und w\u00e4hrend die Regierung in Kiew angeschlagen ist, eine weitere Maidan-Revolution ausbricht.&#8221;<\/p>\n<p><em>\u00dcbersetzt aus dem <a rel=\"nofollow noopener\" target=\"_blank\" href=\"https:\/\/www.rt.com\/news\/566826-western-neo-nazi-exposes-reality\/\">Englischen<\/a>.<\/em><\/p>\n<p><strong>Mehr zum Thema<\/strong> &#8211; <a rel=\"nofollow noopener\" target=\"_blank\" href=\"https:\/\/pressefreiheit.rtde.tech\/international\/146251-amerikanische-nazis-in-ukraine-auftrag-cia\/\">US-Nazis in der Ukraine: Russland vernichten im CIA-Auftrag?<em><\/em><\/a><\/p>\n<\/div>\n<p><br \/>\n<br \/><a href=\"https:\/\/de.rt.com\/international\/156216-ein-us-neonazi-offenbart-die-verbrechen-seiner-ukrainischen-kollegen\/\">Source link <\/a><\/p>\n","protected":false},"excerpt":{"rendered":"<p>Der ber\u00fcchtigte US-Neonazi Kent &#8220;Boneface&#8221; McLellan sagt in einem Interview, dass die US-Amerikaner \u00fcber den Ukraine-Konflikt falsch informiert werden. Und er sieht in diesem Konflikt zwei unterschiedliche Kriege, die stattfinden. Von Felix Livschitz Im vergangenen November ver\u00f6ffentlichte Juan Sinmiedo, der einen popul\u00e4ren Telegram-Kanal betreibt, auf dem er Menschenrechtsverletzungen in der Ukraine dokumentiert, ein explosives Interview [&hellip;]<\/p>\n","protected":false},"author":3,"featured_media":24638,"comment_status":"open","ping_status":"open","sticky":false,"template":"","format":"standard","meta":{"_yoast_indexnow_last_ping":["1670136079"],"wp_automatic_camp":["217"],"71d92dd5a6d69d0a5d6684ef5ff1c0eb":["Ein US-Neonazi offenbart die Verbrechen seiner ukrainischen &quot;Kollegen&quot;"],"original_link":["https:\/\/de.rt.com\/international\/156216-ein-us-neonazi-offenbart-die-verbrechen-seiner-ukrainischen-kollegen\/"],"_thumbnail_id":["24638"],"_wptgpro_p2tg_sent2tg":["a:1:{i:23737;s:19:\"2022-12-04 08:42:28\";}"],"jnews_social_counter_last_update":["1777162521"]},"categories":[19,23],"tags":[45,357,20463,36960,1607,2332,36959,4252],"yoast_head":"<!-- This site is optimized with the Yoast SEO Premium plugin v22.7 (Yoast SEO v22.7) - https:\/\/yoast.com\/wordpress\/plugins\/seo\/ -->\n<title>Ein US-Neonazi offenbart die Verbrechen seiner ukrainischen &quot;Kollegen&quot; - just-now.NEWS Deutschland<\/title>\n<meta name=\"robots\" content=\"index, follow, max-snippet:-1, max-image-preview:large, max-video-preview:-1\" \/>\n<link rel=\"canonical\" href=\"https:\/\/now-news.de\/de\/deutschland\/ein-us-neonazi-offenbart-die-verbrechen-seiner-ukrainischen-kollegen\/\" \/>\n<meta property=\"og:locale\" content=\"de_DE\" \/>\n<meta property=\"og:type\" content=\"article\" \/>\n<meta property=\"og:title\" content=\"Ein US-Neonazi offenbart die Verbrechen seiner ukrainischen &quot;Kollegen&quot;\" \/>\n<meta property=\"og:description\" content=\"Der ber\u00fcchtigte US-Neonazi Kent &#8220;Boneface&#8221; McLellan sagt in einem Interview, dass die US-Amerikaner \u00fcber den Ukraine-Konflikt falsch informiert werden. Und er sieht in diesem Konflikt zwei unterschiedliche Kriege, die stattfinden. Von Felix Livschitz Im vergangenen November ver\u00f6ffentlichte Juan Sinmiedo, der einen popul\u00e4ren Telegram-Kanal betreibt, auf dem er Menschenrechtsverletzungen in der Ukraine dokumentiert, ein explosives Interview [&hellip;]\" \/>\n<meta property=\"og:url\" content=\"https:\/\/now-news.de\/de\/deutschland\/ein-us-neonazi-offenbart-die-verbrechen-seiner-ukrainischen-kollegen\/\" \/>\n<meta property=\"og:site_name\" content=\"just-now.NEWS Deutschland\" \/>\n<meta property=\"article:publisher\" content=\"https:\/\/www.facebook.com\/wirmachenauf\" \/>\n<meta property=\"article:published_time\" content=\"2022-12-04T06:30:38+00:00\" \/>\n<meta property=\"og:image\" content=\"https:\/\/now-news.de\/de\/wp-content\/uploads\/sites\/3\/2022\/12\/Ein-US-Neonazi-offenbart-die-Verbrechen-seiner-ukrainischen-quotKollegenquot.jpg\" \/>\n\t<meta property=\"og:image:width\" content=\"980\" \/>\n\t<meta property=\"og:image:height\" content=\"551\" \/>\n\t<meta property=\"og:image:type\" content=\"image\/jpeg\" \/>\n<meta name=\"author\" content=\"rtnews\" \/>\n<meta name=\"twitter:card\" content=\"summary_large_image\" \/>\n<meta name=\"twitter:creator\" content=\"@WirMachenAuf_de\" \/>\n<meta name=\"twitter:site\" content=\"@WirMachenAuf_de\" \/>\n<meta name=\"twitter:label1\" content=\"Verfasst von\" \/>\n\t<meta name=\"twitter:data1\" content=\"rtnews\" \/>\n\t<meta name=\"twitter:label2\" content=\"Gesch\u00e4tzte Lesezeit\" \/>\n\t<meta name=\"twitter:data2\" content=\"7\u00a0Minuten\" \/>\n<script type=\"application\/ld+json\" class=\"yoast-schema-graph\">{\"@context\":\"https:\/\/schema.org\",\"@graph\":[{\"@type\":\"Article\",\"@id\":\"https:\/\/now-news.de\/de\/deutschland\/ein-us-neonazi-offenbart-die-verbrechen-seiner-ukrainischen-kollegen\/#article\",\"isPartOf\":{\"@id\":\"https:\/\/now-news.de\/de\/deutschland\/ein-us-neonazi-offenbart-die-verbrechen-seiner-ukrainischen-kollegen\/\"},\"author\":{\"name\":\"rtnews\",\"@id\":\"https:\/\/now-news.de\/de\/#\/schema\/person\/fb534a4e865501d8b3285208df34a9b5\"},\"headline\":\"Ein US-Neonazi offenbart die Verbrechen seiner ukrainischen &quot;Kollegen&quot;\",\"datePublished\":\"2022-12-04T06:30:38+00:00\",\"dateModified\":\"2022-12-04T06:30:38+00:00\",\"mainEntityOfPage\":{\"@id\":\"https:\/\/now-news.de\/de\/deutschland\/ein-us-neonazi-offenbart-die-verbrechen-seiner-ukrainischen-kollegen\/\"},\"wordCount\":1331,\"commentCount\":0,\"publisher\":{\"@id\":\"https:\/\/now-news.de\/de\/#organization\"},\"image\":{\"@id\":\"https:\/\/now-news.de\/de\/deutschland\/ein-us-neonazi-offenbart-die-verbrechen-seiner-ukrainischen-kollegen\/#primaryimage\"},\"thumbnailUrl\":\"https:\/\/now-news.de\/de\/wp-content\/uploads\/sites\/3\/2022\/12\/Ein-US-Neonazi-offenbart-die-Verbrechen-seiner-ukrainischen-quotKollegenquot.jpg\",\"keywords\":[\"die\",\"ein\",\"offenbart\",\"quotKollegenquot\",\"seiner\",\"ukrainischen\",\"USNeonazi\",\"Verbrechen\"],\"articleSection\":[\"Deutschland\",\"Russland\"],\"inLanguage\":\"de\",\"potentialAction\":[{\"@type\":\"CommentAction\",\"name\":\"Comment\",\"target\":[\"https:\/\/now-news.de\/de\/deutschland\/ein-us-neonazi-offenbart-die-verbrechen-seiner-ukrainischen-kollegen\/#respond\"]}]},{\"@type\":\"WebPage\",\"@id\":\"https:\/\/now-news.de\/de\/deutschland\/ein-us-neonazi-offenbart-die-verbrechen-seiner-ukrainischen-kollegen\/\",\"url\":\"https:\/\/now-news.de\/de\/deutschland\/ein-us-neonazi-offenbart-die-verbrechen-seiner-ukrainischen-kollegen\/\",\"name\":\"Ein US-Neonazi offenbart die Verbrechen seiner ukrainischen &quot;Kollegen&quot; - just-now.NEWS Deutschland\",\"isPartOf\":{\"@id\":\"https:\/\/now-news.de\/de\/#website\"},\"primaryImageOfPage\":{\"@id\":\"https:\/\/now-news.de\/de\/deutschland\/ein-us-neonazi-offenbart-die-verbrechen-seiner-ukrainischen-kollegen\/#primaryimage\"},\"image\":{\"@id\":\"https:\/\/now-news.de\/de\/deutschland\/ein-us-neonazi-offenbart-die-verbrechen-seiner-ukrainischen-kollegen\/#primaryimage\"},\"thumbnailUrl\":\"https:\/\/now-news.de\/de\/wp-content\/uploads\/sites\/3\/2022\/12\/Ein-US-Neonazi-offenbart-die-Verbrechen-seiner-ukrainischen-quotKollegenquot.jpg\",\"datePublished\":\"2022-12-04T06:30:38+00:00\",\"dateModified\":\"2022-12-04T06:30:38+00:00\",\"breadcrumb\":{\"@id\":\"https:\/\/now-news.de\/de\/deutschland\/ein-us-neonazi-offenbart-die-verbrechen-seiner-ukrainischen-kollegen\/#breadcrumb\"},\"inLanguage\":\"de\",\"potentialAction\":[{\"@type\":\"ReadAction\",\"target\":[\"https:\/\/now-news.de\/de\/deutschland\/ein-us-neonazi-offenbart-die-verbrechen-seiner-ukrainischen-kollegen\/\"]}]},{\"@type\":\"ImageObject\",\"inLanguage\":\"de\",\"@id\":\"https:\/\/now-news.de\/de\/deutschland\/ein-us-neonazi-offenbart-die-verbrechen-seiner-ukrainischen-kollegen\/#primaryimage\",\"url\":\"https:\/\/now-news.de\/de\/wp-content\/uploads\/sites\/3\/2022\/12\/Ein-US-Neonazi-offenbart-die-Verbrechen-seiner-ukrainischen-quotKollegenquot.jpg\",\"contentUrl\":\"https:\/\/now-news.de\/de\/wp-content\/uploads\/sites\/3\/2022\/12\/Ein-US-Neonazi-offenbart-die-Verbrechen-seiner-ukrainischen-quotKollegenquot.jpg\",\"width\":980,\"height\":551,\"caption\":\"Ein US-Neonazi offenbart die Verbrechen seiner ukrainischen &quot;Kollegen&quot;\"},{\"@type\":\"BreadcrumbList\",\"@id\":\"https:\/\/now-news.de\/de\/deutschland\/ein-us-neonazi-offenbart-die-verbrechen-seiner-ukrainischen-kollegen\/#breadcrumb\",\"itemListElement\":[{\"@type\":\"ListItem\",\"position\":1,\"name\":\"Home\",\"item\":\"https:\/\/now-news.de\/de\/\"},{\"@type\":\"ListItem\",\"position\":2,\"name\":\"Ein US-Neonazi offenbart die Verbrechen seiner ukrainischen &quot;Kollegen&quot;\"}]},{\"@type\":\"WebSite\",\"@id\":\"https:\/\/now-news.de\/de\/#website\",\"url\":\"https:\/\/now-news.de\/de\/\",\"name\":\"just-now.NEWS Deutschland\",\"description\":\"Das Portal f\u00fcr unzensierte Nachrichten aus der Welt\",\"publisher\":{\"@id\":\"https:\/\/now-news.de\/de\/#organization\"},\"potentialAction\":[{\"@type\":\"SearchAction\",\"target\":{\"@type\":\"EntryPoint\",\"urlTemplate\":\"https:\/\/now-news.de\/de\/?s={search_term_string}\"},\"query-input\":\"required name=search_term_string\"}],\"inLanguage\":\"de\"},{\"@type\":\"Organization\",\"@id\":\"https:\/\/now-news.de\/de\/#organization\",\"name\":\"Just Now News\",\"url\":\"https:\/\/now-news.de\/de\/\",\"logo\":{\"@type\":\"ImageObject\",\"inLanguage\":\"de\",\"@id\":\"https:\/\/now-news.de\/de\/#\/schema\/logo\/image\/\",\"url\":\"http:\/\/just-now.news\/de\/wp-content\/uploads\/sites\/3\/2022\/04\/logo500x500.jpg\",\"contentUrl\":\"http:\/\/just-now.news\/de\/wp-content\/uploads\/sites\/3\/2022\/04\/logo500x500.jpg\",\"width\":500,\"height\":500,\"caption\":\"Just Now News\"},\"image\":{\"@id\":\"https:\/\/now-news.de\/de\/#\/schema\/logo\/image\/\"},\"sameAs\":[\"https:\/\/www.facebook.com\/wirmachenauf\",\"https:\/\/x.com\/WirMachenAuf_de\"]},{\"@type\":\"Person\",\"@id\":\"https:\/\/now-news.de\/de\/#\/schema\/person\/fb534a4e865501d8b3285208df34a9b5\",\"name\":\"rtnews\",\"image\":{\"@type\":\"ImageObject\",\"inLanguage\":\"de\",\"@id\":\"https:\/\/now-news.de\/de\/#\/schema\/person\/image\/\",\"url\":\"https:\/\/secure.gravatar.com\/avatar\/82aafea7d8127119dd649515f56e2117?s=96&d=mm&r=g\",\"contentUrl\":\"https:\/\/secure.gravatar.com\/avatar\/82aafea7d8127119dd649515f56e2117?s=96&d=mm&r=g\",\"caption\":\"rtnews\"},\"url\":\"https:\/\/now-news.de\/de\/author\/rnews\/\"}]}<\/script>\n<!-- \/ Yoast SEO Premium plugin. -->","yoast_head_json":{"title":"Ein US-Neonazi offenbart die Verbrechen seiner ukrainischen &quot;Kollegen&quot; - just-now.NEWS Deutschland","robots":{"index":"index","follow":"follow","max-snippet":"max-snippet:-1","max-image-preview":"max-image-preview:large","max-video-preview":"max-video-preview:-1"},"canonical":"https:\/\/now-news.de\/de\/deutschland\/ein-us-neonazi-offenbart-die-verbrechen-seiner-ukrainischen-kollegen\/","og_locale":"de_DE","og_type":"article","og_title":"Ein US-Neonazi offenbart die Verbrechen seiner ukrainischen &quot;Kollegen&quot;","og_description":"Der ber\u00fcchtigte US-Neonazi Kent &#8220;Boneface&#8221; McLellan sagt in einem Interview, dass die US-Amerikaner \u00fcber den Ukraine-Konflikt falsch informiert werden. Und er sieht in diesem Konflikt zwei unterschiedliche Kriege, die stattfinden. Von Felix Livschitz Im vergangenen November ver\u00f6ffentlichte Juan Sinmiedo, der einen popul\u00e4ren Telegram-Kanal betreibt, auf dem er Menschenrechtsverletzungen in der Ukraine dokumentiert, ein explosives Interview [&hellip;]","og_url":"https:\/\/now-news.de\/de\/deutschland\/ein-us-neonazi-offenbart-die-verbrechen-seiner-ukrainischen-kollegen\/","og_site_name":"just-now.NEWS Deutschland","article_publisher":"https:\/\/www.facebook.com\/wirmachenauf","article_published_time":"2022-12-04T06:30:38+00:00","og_image":[{"width":980,"height":551,"url":"https:\/\/now-news.de\/de\/wp-content\/uploads\/sites\/3\/2022\/12\/Ein-US-Neonazi-offenbart-die-Verbrechen-seiner-ukrainischen-quotKollegenquot.jpg","type":"image\/jpeg"}],"author":"rtnews","twitter_card":"summary_large_image","twitter_creator":"@WirMachenAuf_de","twitter_site":"@WirMachenAuf_de","twitter_misc":{"Verfasst von":"rtnews","Gesch\u00e4tzte Lesezeit":"7\u00a0Minuten"},"schema":{"@context":"https:\/\/schema.org","@graph":[{"@type":"Article","@id":"https:\/\/now-news.de\/de\/deutschland\/ein-us-neonazi-offenbart-die-verbrechen-seiner-ukrainischen-kollegen\/#article","isPartOf":{"@id":"https:\/\/now-news.de\/de\/deutschland\/ein-us-neonazi-offenbart-die-verbrechen-seiner-ukrainischen-kollegen\/"},"author":{"name":"rtnews","@id":"https:\/\/now-news.de\/de\/#\/schema\/person\/fb534a4e865501d8b3285208df34a9b5"},"headline":"Ein US-Neonazi offenbart die Verbrechen seiner ukrainischen &quot;Kollegen&quot;","datePublished":"2022-12-04T06:30:38+00:00","dateModified":"2022-12-04T06:30:38+00:00","mainEntityOfPage":{"@id":"https:\/\/now-news.de\/de\/deutschland\/ein-us-neonazi-offenbart-die-verbrechen-seiner-ukrainischen-kollegen\/"},"wordCount":1331,"commentCount":0,"publisher":{"@id":"https:\/\/now-news.de\/de\/#organization"},"image":{"@id":"https:\/\/now-news.de\/de\/deutschland\/ein-us-neonazi-offenbart-die-verbrechen-seiner-ukrainischen-kollegen\/#primaryimage"},"thumbnailUrl":"https:\/\/now-news.de\/de\/wp-content\/uploads\/sites\/3\/2022\/12\/Ein-US-Neonazi-offenbart-die-Verbrechen-seiner-ukrainischen-quotKollegenquot.jpg","keywords":["die","ein","offenbart","quotKollegenquot","seiner","ukrainischen","USNeonazi","Verbrechen"],"articleSection":["Deutschland","Russland"],"inLanguage":"de","potentialAction":[{"@type":"CommentAction","name":"Comment","target":["https:\/\/now-news.de\/de\/deutschland\/ein-us-neonazi-offenbart-die-verbrechen-seiner-ukrainischen-kollegen\/#respond"]}]},{"@type":"WebPage","@id":"https:\/\/now-news.de\/de\/deutschland\/ein-us-neonazi-offenbart-die-verbrechen-seiner-ukrainischen-kollegen\/","url":"https:\/\/now-news.de\/de\/deutschland\/ein-us-neonazi-offenbart-die-verbrechen-seiner-ukrainischen-kollegen\/","name":"Ein US-Neonazi offenbart die Verbrechen seiner ukrainischen &quot;Kollegen&quot; - just-now.NEWS Deutschland","isPartOf":{"@id":"https:\/\/now-news.de\/de\/#website"},"primaryImageOfPage":{"@id":"https:\/\/now-news.de\/de\/deutschland\/ein-us-neonazi-offenbart-die-verbrechen-seiner-ukrainischen-kollegen\/#primaryimage"},"image":{"@id":"https:\/\/now-news.de\/de\/deutschland\/ein-us-neonazi-offenbart-die-verbrechen-seiner-ukrainischen-kollegen\/#primaryimage"},"thumbnailUrl":"https:\/\/now-news.de\/de\/wp-content\/uploads\/sites\/3\/2022\/12\/Ein-US-Neonazi-offenbart-die-Verbrechen-seiner-ukrainischen-quotKollegenquot.jpg","datePublished":"2022-12-04T06:30:38+00:00","dateModified":"2022-12-04T06:30:38+00:00","breadcrumb":{"@id":"https:\/\/now-news.de\/de\/deutschland\/ein-us-neonazi-offenbart-die-verbrechen-seiner-ukrainischen-kollegen\/#breadcrumb"},"inLanguage":"de","potentialAction":[{"@type":"ReadAction","target":["https:\/\/now-news.de\/de\/deutschland\/ein-us-neonazi-offenbart-die-verbrechen-seiner-ukrainischen-kollegen\/"]}]},{"@type":"ImageObject","inLanguage":"de","@id":"https:\/\/now-news.de\/de\/deutschland\/ein-us-neonazi-offenbart-die-verbrechen-seiner-ukrainischen-kollegen\/#primaryimage","url":"https:\/\/now-news.de\/de\/wp-content\/uploads\/sites\/3\/2022\/12\/Ein-US-Neonazi-offenbart-die-Verbrechen-seiner-ukrainischen-quotKollegenquot.jpg","contentUrl":"https:\/\/now-news.de\/de\/wp-content\/uploads\/sites\/3\/2022\/12\/Ein-US-Neonazi-offenbart-die-Verbrechen-seiner-ukrainischen-quotKollegenquot.jpg","width":980,"height":551,"caption":"Ein US-Neonazi offenbart die Verbrechen seiner ukrainischen &quot;Kollegen&quot;"},{"@type":"BreadcrumbList","@id":"https:\/\/now-news.de\/de\/deutschland\/ein-us-neonazi-offenbart-die-verbrechen-seiner-ukrainischen-kollegen\/#breadcrumb","itemListElement":[{"@type":"ListItem","position":1,"name":"Home","item":"https:\/\/now-news.de\/de\/"},{"@type":"ListItem","position":2,"name":"Ein US-Neonazi offenbart die Verbrechen seiner ukrainischen &quot;Kollegen&quot;"}]},{"@type":"WebSite","@id":"https:\/\/now-news.de\/de\/#website","url":"https:\/\/now-news.de\/de\/","name":"just-now.NEWS Deutschland","description":"Das Portal f\u00fcr unzensierte Nachrichten aus der Welt","publisher":{"@id":"https:\/\/now-news.de\/de\/#organization"},"potentialAction":[{"@type":"SearchAction","target":{"@type":"EntryPoint","urlTemplate":"https:\/\/now-news.de\/de\/?s={search_term_string}"},"query-input":"required name=search_term_string"}],"inLanguage":"de"},{"@type":"Organization","@id":"https:\/\/now-news.de\/de\/#organization","name":"Just Now News","url":"https:\/\/now-news.de\/de\/","logo":{"@type":"ImageObject","inLanguage":"de","@id":"https:\/\/now-news.de\/de\/#\/schema\/logo\/image\/","url":"http:\/\/just-now.news\/de\/wp-content\/uploads\/sites\/3\/2022\/04\/logo500x500.jpg","contentUrl":"http:\/\/just-now.news\/de\/wp-content\/uploads\/sites\/3\/2022\/04\/logo500x500.jpg","width":500,"height":500,"caption":"Just Now News"},"image":{"@id":"https:\/\/now-news.de\/de\/#\/schema\/logo\/image\/"},"sameAs":["https:\/\/www.facebook.com\/wirmachenauf","https:\/\/x.com\/WirMachenAuf_de"]},{"@type":"Person","@id":"https:\/\/now-news.de\/de\/#\/schema\/person\/fb534a4e865501d8b3285208df34a9b5","name":"rtnews","image":{"@type":"ImageObject","inLanguage":"de","@id":"https:\/\/now-news.de\/de\/#\/schema\/person\/image\/","url":"https:\/\/secure.gravatar.com\/avatar\/82aafea7d8127119dd649515f56e2117?s=96&d=mm&r=g","contentUrl":"https:\/\/secure.gravatar.com\/avatar\/82aafea7d8127119dd649515f56e2117?s=96&d=mm&r=g","caption":"rtnews"},"url":"https:\/\/now-news.de\/de\/author\/rnews\/"}]}},"_links":{"self":[{"href":"https:\/\/now-news.de\/de\/wp-json\/wp\/v2\/posts\/24637"}],"collection":[{"href":"https:\/\/now-news.de\/de\/wp-json\/wp\/v2\/posts"}],"about":[{"href":"https:\/\/now-news.de\/de\/wp-json\/wp\/v2\/types\/post"}],"author":[{"embeddable":true,"href":"https:\/\/now-news.de\/de\/wp-json\/wp\/v2\/users\/3"}],"replies":[{"embeddable":true,"href":"https:\/\/now-news.de\/de\/wp-json\/wp\/v2\/comments?post=24637"}],"version-history":[{"count":0,"href":"https:\/\/now-news.de\/de\/wp-json\/wp\/v2\/posts\/24637\/revisions"}],"wp:featuredmedia":[{"embeddable":true,"href":"https:\/\/now-news.de\/de\/wp-json\/wp\/v2\/media\/24638"}],"wp:attachment":[{"href":"https:\/\/now-news.de\/de\/wp-json\/wp\/v2\/media?parent=24637"}],"wp:term":[{"taxonomy":"category","embeddable":true,"href":"https:\/\/now-news.de\/de\/wp-json\/wp\/v2\/categories?post=24637"},{"taxonomy":"post_tag","embeddable":true,"href":"https:\/\/now-news.de\/de\/wp-json\/wp\/v2\/tags?post=24637"}],"curies":[{"name":"wp","href":"https:\/\/api.w.org\/{rel}","templated":true}]}}