{"id":24625,"date":"2022-12-03T20:30:00","date_gmt":"2022-12-03T18:30:00","guid":{"rendered":"https:\/\/just-now.news\/de\/deutschland\/liveticker-ukraine-krieg-kremlsprecher-peskow-putin-wird-donbass-besuchen\/"},"modified":"2022-12-03T20:30:00","modified_gmt":"2022-12-03T18:30:00","slug":"liveticker-ukraine-krieg-kremlsprecher-peskow-putin-wird-donbass-besuchen","status":"publish","type":"post","link":"https:\/\/now-news.de\/de\/deutschland\/liveticker-ukraine-krieg-kremlsprecher-peskow-putin-wird-donbass-besuchen\/","title":{"rendered":"Liveticker Ukraine-Krieg \u2013 Kremlsprecher Peskow: Putin wird Donbass besuchen"},"content":{"rendered":"<div class=\"Text-root Text-type_1 \">\n                Russland f\u00fchrt gemeinsam mit den Streitkr\u00e4ften der Donbass-Republiken eine Milit\u00e4roperation in der Ukraine durch. Der Westen reagiert mit immer neuen Waffenlieferungen an die Ukraine und beispiellosen Sanktionen gegen Russland. Hier lesen Sie die neuesten Entwicklungen.\n            <\/div>\n<p><\/p>\n<div class=\"ArticleView-liveUpdates\">\n<div class=\"LiveUpdates-root\">\n<div class=\"LiveUpdates-content\">\n<ul class=\"LiveUpdates-list Listing-root\" data-listing=\"LiveUpdates\" data-count=\"10\">\n<li class=\"LiveUpdates-item Listing-item\">\n<div class=\"LiveUpdates-date\">\n<p class=\"HeaderNews-root HeaderNews-type_2 \">\n                3.12.2022 19:03 Uhr\n            <\/p>\n<\/div>\n<div class=\"LiveUpdate-root\">\n<div class=\"LiveUpdate-date\">\n<p class=\"HeaderNews-root HeaderNews-type_6 \">\n                19:03 Uhr\n            <\/p>\n<\/div>\n<div class=\"LiveUpdate-content\">\n<div class=\"LiveUpdate-text\">\n<div class=\"Text-root Text-type_5 ViewText-root\">\n<p><strong>Rentnerin aus Nischni Nowgorod spendet ihre Ersparnisse f\u00fcr Quadrocopter f\u00fcr russische Streitkr\u00e4fte<\/strong><\/p>\n<p>Walentina Pawlowna aus dem Gebiet Nischni Nowgorod <a rel=\"nofollow noopener\" target=\"_blank\" href=\"https:\/\/rg.ru\/2022\/11\/30\/reg-pfo\/ptichka-s-maloj-rodiny.html?ysclid=lb87j5nyks243851529\">kaufte<\/a> Drohnen f\u00fcr die russische Armee mit 500.000 Rubel, die sie zur Seite gelegt hatte. Die Rentnerin \u00fcbergab das Geschenk pers\u00f6nlich an einen der russischen Milit\u00e4rs. Sie sagte:<strong><\/strong><\/p>\n<p><em>&#8220;Ich habe mich an meine Verwandten erinnert, die im Gro\u00dfen Vaterl\u00e4ndischen Krieg gek\u00e4mpft haben. Und ich denke, dass ich dieses Geld in erster Linie zum Gedenken an sie und um der Zukunft meiner Enkel und Urenkel willen spenden werde. Geld ist Geld, und es wird f\u00fcr die Jungs trotzdem eine sp\u00fcrbare Hilfe sein.&#8221;<\/em><\/p>\n<p>Jeder\u00a0der Quadrocopter tr\u00e4gt die Gravur &#8220;Schatrowez WP&#8221;. Die Frau erkl\u00e4rte, dass das Wort Schatrowez f\u00fcr ihr Heimatdorf Schatki stehe und WP ihr zweiter Vorname sei\u00a0\u2013 Walentina Pawlowna.<\/p>\n<\/div>\n<\/div>\n<\/div>\n<\/div>\n<\/li>\n<li class=\"LiveUpdates-item Listing-item\">\n<div class=\"LiveUpdate-root\">\n<div class=\"LiveUpdate-date\">\n<p class=\"HeaderNews-root HeaderNews-type_6 \">\n                18:12 Uhr\n            <\/p>\n<\/div>\n<div class=\"LiveUpdate-content\">\n<div class=\"LiveUpdate-text\">\n<div class=\"Text-root Text-type_5 ViewText-root\">\n<p><strong>Lukaschenko: Wei\u00dfrussische und russische Streitkr\u00e4fte trainieren als eine Armee<\/strong><\/p>\n<figure class=\"RTImage-root\">\n<div class=\"RTImage-image RTImage-original\"><picture class=\"Picture-root Picture-original\"><!--[if IE 9]><video style=\"display: none;\"><![endif]--><source media=\"(-webkit-min-device-pixel-ratio: 2) and (min-resolution: 120dpi)\" data-srcset=\" \nhttp:\/\/just-now.news\/de\/wp-content\/uploads\/sites\/3\/2022\/12\/638b8196b480cc46eb351955.jpg 850w,\n                http:\/\/just-now.news\/de\/wp-content\/uploads\/sites\/3\/2022\/12\/638b8195b480cc46eb351954.jpg 1960w,\n            \" ><source data-srcset=\" \nhttp:\/\/just-now.news\/de\/wp-content\/uploads\/sites\/3\/2022\/12\/638b8196b480cc46eb351955.jpg 460w,\n              http:\/\/just-now.news\/de\/wp-content\/uploads\/sites\/3\/2022\/12\/638b8195b480cc46eb351954.jpg 980w,\n            \" ><!--[if IE 9]><\/video><![endif]--><img decoding=\"async\" data- src=\"data:image\/png;base64,iVBORw0KGgoAAAANSUhEUgAAABAAAAAJCAQAAACRI2S5AAAAEElEQVR42mNkIAAYRxWAAQAG9gAKqv6+AwAAAABJRU5ErkJggg==\" class=\"Picture-root Picture-original lazyload\" data-src=\"http:\/\/just-now.news\/de\/wp-content\/uploads\/sites\/3\/2022\/12\/638b8196b480cc46eb351955.jpg\" alt=\"\"><\/source><\/source><\/picture><!-- noscript pattern --><noscript><img decoding=\"async\" src=\"http:\/\/just-now.news\/de\/wp-content\/uploads\/sites\/3\/2022\/12\/638b8195b480cc46eb351954.jpg\" alt=\"\"><\/noscript><\/div><figcaption class=\"RTImage-footer\"><span class=\"RTImage-caption\"><span class=\"RTImage-captionItem\">Archivbild: Gemeinsame russisch-wei\u00dfrussische \u00dcbung<\/span><\/span><span class=\"RTImage-source\"><span class=\"RTImage-captionItem\">Konstantin Morosow<\/span><span class=\"RTImage-captionItem\"> \/ Sputnik<\/span><\/span><\/figcaption><\/figure>\n<p>Bei einem Treffen mit dem russischen Verteidigungsminister Sergei Schoigu erkl\u00e4rte der wei\u00dfrussische Pr\u00e4sident Alexander Lukaschenko, dass das wei\u00dfrussische und das russische Milit\u00e4r in der Republik eine Kampfharmonisierung durchf\u00fchrten und sich als einheitliche Armee darauf vorbereiteten, jegliche Aggression abzuwehren. Lukaschenko sagte gegen\u00fcber Schoigu:<strong><\/strong><\/p>\n<p><em>&#8220;Ich denke, der wei\u00dfrussische<\/em>\u00a0<em>Verteidigungsminister hat Sie bereits \u00fcber die Situation in Wei\u00dfrussland, die Ausbildung und die Kampfharmonisierung der wei\u00dfrussische<\/em>n <em>und russischen Einheiten in Wei\u00dfrussland informiert. Ich muss sagen, dass wir das ernst genommen haben. Sowohl wei\u00dfrussische<\/em>\u00a0<em>als auch russische Offiziere werden ausgebildet. Damit unsere ersten Reihen \u2013 die Verteidiger des Unionsstaates \u2013 im Bedarfsfall in der Lage sind, jeden Angriff abzuwehren.&#8221;<\/em><\/p>\n<p>Ihm zufolge w\u00fcrden derzeit Fragen von der medizinischen Ausr\u00fcstung bis hin zu Uniformen und Waffen gekl\u00e4rt. Der Pr\u00e4sident sagte:<em><\/em><\/p>\n<p><em>&#8220;Wir machen uns heute als eine einzige Gruppierung, eine einzige Armee bereit.&#8221;<\/em><\/p>\n<p>Er betonte, dass alles so ablaufe, wie mit dem russischen Pr\u00e4sidenten vereinbart. Lukaschenko stellte fest:<\/p>\n<p><em>&#8220;Sie sind sich dessen nicht nur bewusst, sondern setzen es mit unserem Verteidigungsministerium auch um. Wir sind dabei, die diesbez\u00fcglichen Pl\u00e4ne zu erf\u00fcllen.&#8221;<\/em><\/p>\n<\/div>\n<\/div>\n<\/div>\n<\/div>\n<\/li>\n<li class=\"LiveUpdates-item Listing-item\">\n<div class=\"LiveUpdate-root\">\n<div class=\"LiveUpdate-date\">\n<p class=\"HeaderNews-root HeaderNews-type_6 \">\n                17:24 Uhr\n            <\/p>\n<\/div>\n<div class=\"LiveUpdate-content\">\n<div class=\"LiveUpdate-text\">\n<div class=\"Text-root Text-type_5 ViewText-root\">\n<p><strong>Schoigu: Wei\u00dfrussland ist zuverl\u00e4ssiger Partner Russlands<\/strong><strong><\/strong><\/p>\n<figure class=\"RTImage-root\">\n<div class=\"RTImage-image RTImage-original\"><picture class=\"Picture-root Picture-original\"><!--[if IE 9]><video style=\"display: none;\"><![endif]--><source media=\"(-webkit-min-device-pixel-ratio: 2) and (min-resolution: 120dpi)\" data-srcset=\" \nhttp:\/\/just-now.news\/de\/wp-content\/uploads\/sites\/3\/2022\/12\/638b768cb480cc46ae3ad429.jpg 850w,\n                http:\/\/just-now.news\/de\/wp-content\/uploads\/sites\/3\/2022\/12\/638b768bb480cc46ae3ad428.jpg 1960w,\n            \" ><source data-srcset=\" \nhttp:\/\/just-now.news\/de\/wp-content\/uploads\/sites\/3\/2022\/12\/638b768cb480cc46ae3ad429.jpg 460w,\n              http:\/\/just-now.news\/de\/wp-content\/uploads\/sites\/3\/2022\/12\/638b768bb480cc46ae3ad428.jpg 980w,\n            \" ><!--[if IE 9]><\/video><![endif]--><img decoding=\"async\" data- src=\"data:image\/png;base64,iVBORw0KGgoAAAANSUhEUgAAABAAAAAJCAQAAACRI2S5AAAAEElEQVR42mNkIAAYRxWAAQAG9gAKqv6+AwAAAABJRU5ErkJggg==\" class=\"Picture-root Picture-original lazyload\" data-src=\"http:\/\/just-now.news\/de\/wp-content\/uploads\/sites\/3\/2022\/12\/638b768cb480cc46ae3ad429.jpg\" alt=\"\"><\/source><\/source><\/picture><!-- noscript pattern --><noscript><img decoding=\"async\" src=\"http:\/\/just-now.news\/de\/wp-content\/uploads\/sites\/3\/2022\/12\/638b768bb480cc46ae3ad428.jpg\" alt=\"\"><\/noscript><\/div><figcaption class=\"RTImage-footer\"><span class=\"RTImage-caption\"><span class=\"RTImage-captionItem\">Archivbild: Der russische Verteidigungsminister Sergei Schoigu und der wei\u00dfrussische Verteidigungsminister Wiktor Chrenin bei einer Begr\u00fc\u00dfungszeremonie auf dem Flughafen von Minsk<\/span><\/span><span class=\"RTImage-source\"><span class=\"RTImage-captionItem\">Wadim Sawizki<\/span><span class=\"RTImage-captionItem\"> \/ Sputnik<\/span><\/span><\/figcaption><\/figure>\n<p>Die alliierten Beziehungen zu Wei\u00dfrussland haben angesichts des beispiellosen Drucks des Westens und seines unerkl\u00e4rten Krieges gegen den Unionsstaat besondere Bedeutung erlangt, so der russische Verteidigungsminister Sergei Schoigu. Bei Gespr\u00e4chen mit\u00a0seinem wei\u00dfrussischen\u00a0Amtskollegen, Wiktor Chrenin, am Samstag in Minsk sagte er:<strong><\/strong><\/p>\n<p><em>&#8220;Die Republik\u00a0Wei\u00dfrussland ist und bleibt unser zuverl\u00e4ssiger Partner. Dies ist heute besonders wichtig, in einer Zeit, in der der kollektive Druck des Westens und ein unerkl\u00e4rter Krieg gegen unsere L\u00e4nder beispiellos sind.&#8221;<\/em><\/p>\n<p>Der russische Milit\u00e4rchef lobte die Entschlossenheit Wei\u00dfrusslands, sich dem feindlichen Kurs der Vereinigten Staaten und ihrer Verb\u00fcndeten zu widersetzen, und die Bereitschaft, gemeinsam die milit\u00e4rische Sicherheit des Unionsstaates zu gew\u00e4hrleisten. Schoigu erinnerte auch daran, dass gem\u00e4\u00df dem Beschluss der Pr\u00e4sidenten der beiden L\u00e4nder russische und wei\u00dfrussische Truppenformationen und Milit\u00e4reinheiten, die dem regionalen Truppenverband zugeordnet sind, derzeit in Wei\u00dfrussland ausgebildet werden.<\/p>\n<\/div>\n<\/div>\n<\/div>\n<\/div>\n<\/li>\n<li class=\"LiveUpdates-item Listing-item\">\n<div class=\"LiveUpdate-root\">\n<div class=\"LiveUpdate-date\">\n<p class=\"HeaderNews-root HeaderNews-type_6 \">\n                16:51 Uhr\n            <\/p>\n<\/div>\n<div class=\"LiveUpdate-content\">\n<div class=\"LiveUpdate-text\">\n<div class=\"Text-root Text-type_5 ViewText-root\">\n<p><strong>Schoigu trifft zu Gespr\u00e4chen mit wei\u00dfrussischem Verteidigungsminister in Minsk ein<\/strong><\/p>\n<figure class=\"RTImage-root\">\n<div class=\"RTImage-image RTImage-original\"><picture class=\"Picture-root Picture-original\"><!--[if IE 9]><video style=\"display: none;\"><![endif]--><source media=\"(-webkit-min-device-pixel-ratio: 2) and (min-resolution: 120dpi)\" data-srcset=\" \nhttp:\/\/just-now.news\/de\/wp-content\/uploads\/sites\/3\/2022\/12\/638b662248fbef343c70ddc8.jpg 850w,\n                http:\/\/just-now.news\/de\/wp-content\/uploads\/sites\/3\/2022\/12\/638b662248fbef343c70ddc7.jpg 1960w,\n            \" ><source data-srcset=\" \nhttp:\/\/just-now.news\/de\/wp-content\/uploads\/sites\/3\/2022\/12\/638b662248fbef343c70ddc8.jpg 460w,\n              http:\/\/just-now.news\/de\/wp-content\/uploads\/sites\/3\/2022\/12\/638b662248fbef343c70ddc7.jpg 980w,\n            \" ><!--[if IE 9]><\/video><![endif]--><img decoding=\"async\" data- src=\"data:image\/png;base64,iVBORw0KGgoAAAANSUhEUgAAABAAAAAJCAQAAACRI2S5AAAAEElEQVR42mNkIAAYRxWAAQAG9gAKqv6+AwAAAABJRU5ErkJggg==\" class=\"Picture-root Picture-original lazyload\" data-src=\"http:\/\/just-now.news\/de\/wp-content\/uploads\/sites\/3\/2022\/12\/638b662248fbef343c70ddc8.jpg\" alt=\"\"><\/source><\/source><\/picture><!-- noscript pattern --><noscript><img decoding=\"async\" src=\"http:\/\/just-now.news\/de\/wp-content\/uploads\/sites\/3\/2022\/12\/638b662248fbef343c70ddc7.jpg\" alt=\"\"><\/noscript><\/div><figcaption class=\"RTImage-footer\"><span class=\"RTImage-caption\"><span class=\"RTImage-captionItem\">Archivbild: Sergei Schoigu<\/span><\/span><span class=\"RTImage-source\"><span class=\"RTImage-captionItem\">Sergei Gunejew<\/span><span class=\"RTImage-captionItem\"> \/ Sputnik<\/span><\/span><\/figcaption><\/figure>\n<p>Der russische Verteidigungsminister Sergei Schoigu ist zu Gespr\u00e4chen mit seinem Amtskollegen Wiktor Chrenin in Wei\u00dfrussland eingetroffen,\u00a0<a rel=\"nofollow noopener\" target=\"_blank\" href=\"https:\/\/sputnik.by\/20221203\/v-minske-zhdut-s-vizitom-glavu-minoborony-rf-shoygu-1069767026.html\">berichtet<\/a>\u00a0<em>Sputnik Belarus<\/em> unter Berufung auf den Leiter der Abteilung f\u00fcr internationale milit\u00e4rische Zusammenarbeit des Landes, Waleri Rewenko. Auf Twitter schrieb er:<strong><\/strong><\/p>\n<p><em>&#8220;Der Chef des russischen Verteidigungsministeriums, Armeegeneral Schoigu, kommt zu einem Arbeitsbesuch in die Republik Belarus.&#8221;<\/em><\/p>\n<p>Es wird darauf hingewiesen, dass das Flugzeug des russischen Milit\u00e4rchefs auf dem Flugplatz Matschulitschschi in der N\u00e4he von Minsk gelandet ist. Chrenin und Schoigu f\u00fchren in der wei\u00dfrussischen Hauptstadt Gespr\u00e4che \u00fcber aktuelle Fragen der Zusammenarbeit im milit\u00e4rischen und milit\u00e4rtechnischen Bereich.<\/p>\n<p>Im weiteren Verlauf des Treffens unterzeichneten die Minister ein Protokoll zum Abkommen \u00fcber die gemeinsame Gew\u00e4hrleistung der regionalen Sicherheit im milit\u00e4rischen Bereich vom 19. Dezember 1997.<\/p>\n<\/div>\n<\/div>\n<\/div>\n<\/div>\n<\/li>\n<li class=\"LiveUpdates-item Listing-item\">\n<div class=\"LiveUpdate-root\">\n<div class=\"LiveUpdate-date\">\n<p class=\"HeaderNews-root HeaderNews-type_6 \">\n                16:17 Uhr\n            <\/p>\n<\/div>\n<div class=\"LiveUpdate-content\">\n<div class=\"LiveUpdate-text\">\n<div class=\"Text-root Text-type_5 ViewText-root\">\n<p><strong>Peskow: Putin wird Donbass besuchen<\/strong><\/p>\n<figure class=\"RTImage-root\">\n<div class=\"RTImage-image RTImage-original\"><picture class=\"Picture-root Picture-original\"><!--[if IE 9]><video style=\"display: none;\"><![endif]--><source media=\"(-webkit-min-device-pixel-ratio: 2) and (min-resolution: 120dpi)\" data-srcset=\" \nhttp:\/\/just-now.news\/de\/wp-content\/uploads\/sites\/3\/2022\/12\/638b5a8448fbef317430c505.jpg 850w,\n                http:\/\/just-now.news\/de\/wp-content\/uploads\/sites\/3\/2022\/12\/638b5a8448fbef317430c504.jpg 1960w,\n            \" ><source data-srcset=\" \nhttp:\/\/just-now.news\/de\/wp-content\/uploads\/sites\/3\/2022\/12\/638b5a8448fbef317430c505.jpg 460w,\n              http:\/\/just-now.news\/de\/wp-content\/uploads\/sites\/3\/2022\/12\/638b5a8448fbef317430c504.jpg 980w,\n            \" ><!--[if IE 9]><\/video><![endif]--><img decoding=\"async\" data- src=\"data:image\/png;base64,iVBORw0KGgoAAAANSUhEUgAAABAAAAAJCAQAAACRI2S5AAAAEElEQVR42mNkIAAYRxWAAQAG9gAKqv6+AwAAAABJRU5ErkJggg==\" class=\"Picture-root Picture-original lazyload\" data-src=\"http:\/\/just-now.news\/de\/wp-content\/uploads\/sites\/3\/2022\/12\/638b5a8448fbef317430c505.jpg\" alt=\"\"><\/source><\/source><\/picture><!-- noscript pattern --><noscript><img decoding=\"async\" src=\"http:\/\/just-now.news\/de\/wp-content\/uploads\/sites\/3\/2022\/12\/638b5a8448fbef317430c504.jpg\" alt=\"\"><\/noscript><\/div><figcaption class=\"RTImage-footer\"><span class=\"RTImage-caption\"><span class=\"RTImage-captionItem\">(Symbolbild)<\/span><\/span><span class=\"RTImage-source\"><span class=\"RTImage-captionItem\">Alexander Wilf<\/span><span class=\"RTImage-captionItem\"> \/ Sputnik<\/span><\/span><\/figcaption><\/figure>\n<p>Der russische Pr\u00e4sident Wladimir Putin werde dem Donbass einen Besuch abstatten, wie Dmitri Peskow, Pressesprecher des russischen Pr\u00e4sidenten, mitteilte. Peskow sagte vor Reportern:<strong><\/strong><\/p>\n<p><em>&#8220;Mit der Zeit wird das nat\u00fcrlich passieren, es ist ein Gebiet der Russischen F\u00f6deration.&#8221;<\/em><\/p>\n<p>Ende September hielten die Volksrepubliken Donezk und Lugansk sowie die Gebiete Saporoschje und Cherson Referenden \u00fcber die Zugeh\u00f6rigkeit zu Russland ab, bei denen eine \u00fcberw\u00e4ltigende Mehrheit der Einwohner daf\u00fcr stimmte. Putin unterzeichnete die Gesetze \u00fcber die Aufnahme der Gebiete in das Land am 5. Oktober.<\/p>\n<\/div>\n<\/div>\n<\/div>\n<\/div>\n<\/li>\n<li class=\"LiveUpdates-item Listing-item\">\n<div class=\"LiveUpdate-root\">\n<div class=\"LiveUpdate-date\">\n<p class=\"HeaderNews-root HeaderNews-type_6 \">\n                15:54 Uhr\n            <\/p>\n<\/div>\n<div class=\"LiveUpdate-content\">\n<div class=\"LiveUpdate-text\">\n<div class=\"Text-root Text-type_5 ViewText-root\">\n<p><strong>Kreml: Russland wird keine Obergrenze f\u00fcr \u00d6lpreis akzeptieren<\/strong><\/p>\n<figure class=\"RTImage-root\">\n<div class=\"RTImage-image RTImage-original\"><picture class=\"Picture-root Picture-original\"><!--[if IE 9]><video style=\"display: none;\"><![endif]--><source media=\"(-webkit-min-device-pixel-ratio: 2) and (min-resolution: 120dpi)\" data-srcset=\" \nhttp:\/\/just-now.news\/de\/wp-content\/uploads\/sites\/3\/2022\/12\/638b593a48fbef317430c4ff.jpg 850w,\n                http:\/\/just-now.news\/de\/wp-content\/uploads\/sites\/3\/2022\/12\/638b593948fbef317430c4fe.jpg 1960w,\n            \" ><source data-srcset=\" \nhttp:\/\/just-now.news\/de\/wp-content\/uploads\/sites\/3\/2022\/12\/638b593a48fbef317430c4ff.jpg 460w,\n              http:\/\/just-now.news\/de\/wp-content\/uploads\/sites\/3\/2022\/12\/638b593948fbef317430c4fe.jpg 980w,\n            \" ><!--[if IE 9]><\/video><![endif]--><img decoding=\"async\" data- src=\"data:image\/png;base64,iVBORw0KGgoAAAANSUhEUgAAABAAAAAJCAQAAACRI2S5AAAAEElEQVR42mNkIAAYRxWAAQAG9gAKqv6+AwAAAABJRU5ErkJggg==\" class=\"Picture-root Picture-original lazyload\" data-src=\"http:\/\/just-now.news\/de\/wp-content\/uploads\/sites\/3\/2022\/12\/638b593a48fbef317430c4ff.jpg\" alt=\"\"><\/source><\/source><\/picture><!-- noscript pattern --><noscript><img decoding=\"async\" src=\"http:\/\/just-now.news\/de\/wp-content\/uploads\/sites\/3\/2022\/12\/638b593948fbef317430c4fe.jpg\" alt=\"\"><\/noscript><\/div><figcaption class=\"RTImage-footer\"><span class=\"RTImage-caption\"><span class=\"RTImage-captionItem\">(Symbolbild)<\/span><\/span><span class=\"RTImage-source\"><span class=\"RTImage-captionItem\">Maxim Bogodwid<\/span><span class=\"RTImage-captionItem\"> \/ Sputnik<\/span><\/span><\/figcaption><\/figure>\n<p>Russland wird eine Obergrenze f\u00fcr seine \u00d6lpreise nicht akzeptieren und f\u00fchrt eine &#8220;schnelle Analyse&#8221; weiterer Marktbewegungen durch, sagte Kremlsprecher Dmitri Peskow. Er erkl\u00e4rte:<strong><\/strong><\/p>\n<p><em>&#8220;Wir werden diese Obergrenze nicht akzeptieren. Und wie soll die Arbeit organisiert werden? Nach der Analyse, die rasch erfolgen wird, werden wir entsprechend berichten.&#8221;<\/em><\/p>\n<p>Nach Angaben des stellvertretenden Leiters der Pr\u00e4sidialverwaltung Russlands sind bestimmte Vorbereitungen f\u00fcr die Einf\u00fchrung von Preisbeschr\u00e4nkungen getroffen worden.<\/p>\n<\/div>\n<\/div>\n<\/div>\n<\/div>\n<\/li>\n<li class=\"LiveUpdates-item Listing-item\">\n<div class=\"LiveUpdate-root\">\n<div class=\"LiveUpdate-date\">\n<p class=\"HeaderNews-root HeaderNews-type_6 \">\n                15:36 Uhr\n            <\/p>\n<\/div>\n<div class=\"LiveUpdate-content\">\n<div class=\"LiveUpdate-text\">\n<div class=\"Text-root Text-type_5 ViewText-root\">\n<p><strong>Russlands st\u00e4ndiger Vertreter in Wien: Europa wird ab diesem Jahr ohne russisches \u00d6l leben<\/strong><strong><\/strong><\/p>\n<figure class=\"RTImage-root\">\n<div class=\"RTImage-image RTImage-original\"><picture class=\"Picture-root Picture-original\"><!--[if IE 9]><video style=\"display: none;\"><![endif]--><source media=\"(-webkit-min-device-pixel-ratio: 2) and (min-resolution: 120dpi)\" data-srcset=\" \nhttp:\/\/just-now.news\/de\/wp-content\/uploads\/sites\/3\/2022\/12\/638b4f7eb480cc473571ec8e.jpg 850w,\n                http:\/\/just-now.news\/de\/wp-content\/uploads\/sites\/3\/2022\/12\/638b4f7eb480cc473571ec8d.jpg 1960w,\n            \" ><source data-srcset=\" \nhttp:\/\/just-now.news\/de\/wp-content\/uploads\/sites\/3\/2022\/12\/638b4f7eb480cc473571ec8e.jpg 460w,\n              http:\/\/just-now.news\/de\/wp-content\/uploads\/sites\/3\/2022\/12\/638b4f7eb480cc473571ec8d.jpg 980w,\n            \" ><!--[if IE 9]><\/video><![endif]--><img decoding=\"async\" data- src=\"data:image\/png;base64,iVBORw0KGgoAAAANSUhEUgAAABAAAAAJCAQAAACRI2S5AAAAEElEQVR42mNkIAAYRxWAAQAG9gAKqv6+AwAAAABJRU5ErkJggg==\" class=\"Picture-root Picture-original lazyload\" data-src=\"http:\/\/just-now.news\/de\/wp-content\/uploads\/sites\/3\/2022\/12\/638b4f7eb480cc473571ec8e.jpg\" alt=\"\"><\/source><\/source><\/picture><!-- noscript pattern --><noscript><img decoding=\"async\" src=\"http:\/\/just-now.news\/de\/wp-content\/uploads\/sites\/3\/2022\/12\/638b4f7eb480cc473571ec8d.jpg\" alt=\"\"><\/noscript><\/div><figcaption class=\"RTImage-footer\"><span class=\"RTImage-caption\"><span class=\"RTImage-captionItem\">(Symbolbild)<\/span><\/span><span class=\"RTImage-source\"><span class=\"RTImage-captionItem\">Maxim Bogodwid<\/span><span class=\"RTImage-captionItem\"> \/ Sputnik<\/span><\/span><\/figcaption><\/figure>\n<p>Russland werde nicht mit L\u00e4ndern zusammenarbeiten, die das \u00d6lembargo unterst\u00fctzt haben, insbesondere Europa werde ohne russischen Treibstoff auskommen m\u00fcssen, sagt der st\u00e4ndige Vertreter Russlands bei internationalen Organisationen in Wien, Michail Uljanow. In einem Tweet schrieb er:<strong><\/strong><\/p>\n<p><em>&#8220;Ab diesem Jahr wird Europa ohne russisches \u00d6l auskommen m\u00fcssen. Moskau hat bereits deutlich gemacht, dass es kein \u00d6l an die L\u00e4nder liefern wird, die eine marktfeindliche Preisobergrenze unterst\u00fctzen. Warten Sie nur. Schon bald wird die EU Russland beschuldigen, \u00d6l als Waffe einzusetzen.&#8221;<\/em><\/p>\n<p>Am Vortag hatten sich die G7-L\u00e4nder und Australien auf eine Preisobergrenze f\u00fcr den Kauf von Erd\u00f6l russischer Herkunft von 60 US-Dollar pro Barrel geeinigt. Die sogenannte Obergrenze f\u00fcr den Preis der Seelieferungen von Erd\u00f6l wird am 5. Dezember, die f\u00fcr Erd\u00f6lerzeugnisse ab dem 5. Februar 2023 in Kraft treten,. Gleichzeitig erm\u00f6glichen die Sanktionen eine Anpassung der Marke.<em><\/em><\/p>\n<p>Pr\u00e4sident Wladimir Putin sagte zu der Initiative, dass Russland nichts ins Ausland liefern werde, was seinen Interessen schade. Der stellvertretende Ministerpr\u00e4sident Russlands Aleksander Nowak f\u00fcgte hinzu, dass Moskau kein \u00d6l in L\u00e4nder exportieren werde, die eine Preisobergrenze festlegen w\u00fcrden, weder bei 60 US-Dollar pro Barrel noch zu anderen Kosten. Ihm zufolge werde Russland mit denjenigen zusammenarbeiten, die bereit sind, unter Marktbedingungen zu kooperieren.<em><\/em><\/p>\n<\/div>\n<\/div>\n<\/div>\n<\/div>\n<\/li>\n<li class=\"LiveUpdates-item Listing-item\">\n<div class=\"LiveUpdate-root\">\n<div class=\"LiveUpdate-date\">\n<p class=\"HeaderNews-root HeaderNews-type_6 \">\n                15:05 Uhr\n            <\/p>\n<\/div>\n<div class=\"LiveUpdate-content\">\n<div class=\"LiveUpdate-text\">\n<div class=\"Text-root Text-type_5 ViewText-root\">\n<p><strong>IAEA-Chef Grossi: Abzug der Waffen aus dem AKW Saporoschje wird Teil der Vereinbarung zwischen Kiew und Moskau sein<\/strong><\/p>\n<figure class=\"RTImage-root\">\n<div class=\"RTImage-image RTImage-original\"><picture class=\"Picture-root Picture-original\"><!--[if IE 9]><video style=\"display: none;\"><![endif]--><source media=\"(-webkit-min-device-pixel-ratio: 2) and (min-resolution: 120dpi)\" data-srcset=\" \nhttp:\/\/just-now.news\/de\/wp-content\/uploads\/sites\/3\/2022\/12\/638b4170b480cc467a098627.jpg 850w,\n                http:\/\/just-now.news\/de\/wp-content\/uploads\/sites\/3\/2022\/12\/638b4170b480cc467a098626.jpg 1960w,\n            \" ><source data-srcset=\" \nhttp:\/\/just-now.news\/de\/wp-content\/uploads\/sites\/3\/2022\/12\/638b4170b480cc467a098627.jpg 460w,\n              http:\/\/just-now.news\/de\/wp-content\/uploads\/sites\/3\/2022\/12\/638b4170b480cc467a098626.jpg 980w,\n            \" ><!--[if IE 9]><\/video><![endif]--><img decoding=\"async\" data- src=\"data:image\/png;base64,iVBORw0KGgoAAAANSUhEUgAAABAAAAAJCAQAAACRI2S5AAAAEElEQVR42mNkIAAYRxWAAQAG9gAKqv6+AwAAAABJRU5ErkJggg==\" class=\"Picture-root Picture-original lazyload\" data-src=\"http:\/\/just-now.news\/de\/wp-content\/uploads\/sites\/3\/2022\/12\/638b4170b480cc467a098627.jpg\" alt=\"\"><\/source><\/source><\/picture><!-- noscript pattern --><noscript><img decoding=\"async\" src=\"http:\/\/just-now.news\/de\/wp-content\/uploads\/sites\/3\/2022\/12\/638b4170b480cc467a098626.jpg\" alt=\"\"><\/noscript><\/div><figcaption class=\"RTImage-footer\"><span class=\"RTImage-caption\"><span class=\"RTImage-captionItem\">Archivbild: Rafael Grossi<\/span><\/span><span class=\"RTImage-source\"><span class=\"RTImage-captionItem\">Maxym Marusenko<\/span><span class=\"RTImage-captionItem\"> \/ Gettyimages.ru<\/span><\/span><\/figcaption><\/figure>\n<p>Der Direktor der Internationalen Atomenergiebeh\u00f6rde (IAEA), Rafael Grossi, erkl\u00e4rte, dass der von der Ukraine geforderte Abzug der Waffen aus dem Atomkraftwerk Saporoschje Teil der Vereinbarung zwischen Kiew und Moskau mit der Beh\u00f6rde sein werde. Dies sagte er in einem <a rel=\"nofollow noopener\" target=\"_blank\" href=\"https:\/\/quotidiano.repubblica.it\/edicola\/home.jsp?ref=search\">Interview<\/a> mit der Zeitung <em>La Repubblica.<\/em><strong><\/strong><\/p>\n<p>Laut Grossi\u00a0h\u00e4tten sich beide Seiten grunds\u00e4tzlich darauf geeinigt, die Anlage nicht zu beschie\u00dfen oder von ihrem Gebiet aus zu feuern. Der IAEA-Chef stellte fest:<\/p>\n<p><em>&#8220;Russland ist nicht gegen das Abkommen und das Prinzip des Schutzes der Industrieanlage.&#8221;<\/em><\/p>\n<p>Zuvor hatte <em>Bloomberg<\/em> \u00fcber die Aussage von Rafael Grossi berichtet, dass Experten kurz vor einer akzeptablen Vereinbarung zwischen der Ukraine und Russland \u00fcber die Schaffung einer Sicherheitszone um das AKW st\u00fcnden. Dabei war festgestellt worden, dass die IAEA-Beobachter sich einem Abkommen zwischen den L\u00e4ndern n\u00e4hern.<\/p>\n<p>Der Leiter der Organisation hatte auch erkl\u00e4rt, die russische Seite habe die IAEA \u00fcber die Ernennung von Juri Tschernitschuk zum Direktor des AKWs Saporoschje informiert. Grossi wies zudem darauf hin, dass der ukrainische Betreiber Energoatom diese Ernennung abgelehnt und Dmitri Werbizki zum stellvertretenden Generaldirektor des Kraftwerks sowie Igor Muraschow zum Chefingenieur ernannt habe.<\/p>\n<\/div>\n<\/div>\n<\/div>\n<\/div>\n<\/li>\n<li class=\"LiveUpdates-item Listing-item\">\n<div class=\"LiveUpdate-root\">\n<div class=\"LiveUpdate-date\">\n<p class=\"HeaderNews-root HeaderNews-type_6 \">\n                14:38 Uhr\n            <\/p>\n<\/div>\n<div class=\"LiveUpdate-content\">\n<div class=\"LiveUpdate-text\">\n<div class=\"Text-root Text-type_5 ViewText-root\">\n<p><strong>Gr\u00fcne fordern konkrete Schritte f\u00fcr Aufnahme von Kriegsdienstverweigerern aus Russland<\/strong><\/p>\n<figure class=\"RTImage-root\">\n<div class=\"RTImage-image RTImage-original\"><picture class=\"Picture-root Picture-original\"><!--[if IE 9]><video style=\"display: none;\"><![endif]--><source media=\"(-webkit-min-device-pixel-ratio: 2) and (min-resolution: 120dpi)\" data-srcset=\" \nhttp:\/\/just-now.news\/de\/wp-content\/uploads\/sites\/3\/2022\/12\/638b449db480cc467a09862a.jpg 850w,\n                http:\/\/just-now.news\/de\/wp-content\/uploads\/sites\/3\/2022\/12\/638b449db480cc467a09862a.jpg 1960w,\n            \" ><source data-srcset=\" \nhttp:\/\/just-now.news\/de\/wp-content\/uploads\/sites\/3\/2022\/12\/638b449db480cc467a09862a.jpg 460w,\n              http:\/\/just-now.news\/de\/wp-content\/uploads\/sites\/3\/2022\/12\/638b449db480cc467a09862a.jpg 980w,\n            \" ><!--[if IE 9]><\/video><![endif]--><img decoding=\"async\" data- src=\"data:image\/png;base64,iVBORw0KGgoAAAANSUhEUgAAABAAAAAJCAQAAACRI2S5AAAAEElEQVR42mNkIAAYRxWAAQAG9gAKqv6+AwAAAABJRU5ErkJggg==\" class=\"Picture-root Picture-original lazyload\" data-src=\"http:\/\/just-now.news\/de\/wp-content\/uploads\/sites\/3\/2022\/12\/638b449db480cc467a09862a.jpg\" alt=\"\"><\/source><\/source><\/picture><!-- noscript pattern --><noscript><img decoding=\"async\" src=\"http:\/\/just-now.news\/de\/wp-content\/uploads\/sites\/3\/2022\/12\/638b449db480cc467a09862a.jpg\" alt=\"\"><\/noscript><\/div><figcaption class=\"RTImage-footer\"><span class=\"RTImage-caption\"><span class=\"RTImage-captionItem\">Archivbild: Konstantin von Notz, 18. November 2022.<\/span><\/span><span class=\"RTImage-source\"><span class=\"RTImage-captionItem\">IMAGO \/ Christian Spicker \/ www.imago-images.de<\/span><span class=\"RTImage-captionItem\"> \/ www.globallookpress.com<\/span><\/span><\/figcaption><\/figure>\n<p>Im Zusammenhang mit einer Teilmobilisierung in Russland haben die Gr\u00fcnen konkrete Schritte zur Aufnahme von Oppositionellen, Kriegsdienstverweigerern und Deserteuren aus Russland in Deutschland gefordert. Der Gr\u00fcnen-Fraktionsvize Konstantin von Notz sagte gegen\u00fcber\u00a0<em>Merkur.de<\/em>, Bundesinnenministerin Nancy Faeser und Bundesjustizminister Marco Buschmann haben zugesagt, dass Russen, die sich ihrem Pr\u00e4sidenten Wladimir Putin entgegenstellen, in Deutschland willkommen seien und hierzulande Schutz finden k\u00f6nnen.<\/p>\n<p><em>&#8220;Diesen Worten m\u00fcssen konkrete Schritte folgen.&#8221;<\/em><\/p>\n<p>Auch Deutschland m\u00fcsse seinen Anteil leisten, dass bedrohte Russen in EU-L\u00e4ndern Aufnahme finden, so von Notz weiter. Die Lage im Land sei f\u00fcr Betroffene durchaus bedrohlich und die Grenzen zu EU-Nachbarn h\u00e4ufig bereits geschlossen.<\/p>\n<p>Die baltischen Staaten und Polen lehnen die Aufnahme dieser Menschen hingegen strikt ab.<\/p>\n<\/div>\n<\/div>\n<\/div>\n<\/div>\n<\/li>\n<li class=\"LiveUpdates-item Listing-item\">\n<div class=\"LiveUpdate-root\">\n<div class=\"LiveUpdate-date\">\n<p class=\"HeaderNews-root HeaderNews-type_6 \">\n                14:02 Uhr\n            <\/p>\n<\/div>\n<div class=\"LiveUpdate-content\">\n<div class=\"LiveUpdate-text\">\n<div class=\"Text-root Text-type_5 ViewText-root\">\n<p><strong>Kiew will Russlands Wirtschaft zerst\u00f6rt sehen und verlangt niedrigeren Preisdeckel f\u00fcr russisches Erd\u00f6l<\/strong><\/p>\n<figure class=\"RTImage-root\">\n<div class=\"RTImage-image RTImage-original\"><picture class=\"Picture-root Picture-original\"><!--[if IE 9]><video style=\"display: none;\"><![endif]--><source media=\"(-webkit-min-device-pixel-ratio: 2) and (min-resolution: 120dpi)\" data-srcset=\" \nhttp:\/\/just-now.news\/de\/wp-content\/uploads\/sites\/3\/2022\/12\/638b2e9cb480cc72422b9712.jpg 850w,\n                http:\/\/just-now.news\/de\/wp-content\/uploads\/sites\/3\/2022\/12\/638b2e9cb480cc72422b9712.jpg 1960w,\n            \" ><source data-srcset=\" \nhttp:\/\/just-now.news\/de\/wp-content\/uploads\/sites\/3\/2022\/12\/638b2e9cb480cc72422b9712.jpg 460w,\n              http:\/\/just-now.news\/de\/wp-content\/uploads\/sites\/3\/2022\/12\/638b2e9cb480cc72422b9712.jpg 980w,\n            \" ><!--[if IE 9]><\/video><![endif]--><img decoding=\"async\" data- src=\"data:image\/png;base64,iVBORw0KGgoAAAANSUhEUgAAABAAAAAJCAQAAACRI2S5AAAAEElEQVR42mNkIAAYRxWAAQAG9gAKqv6+AwAAAABJRU5ErkJggg==\" class=\"Picture-root Picture-original lazyload\" data-src=\"http:\/\/just-now.news\/de\/wp-content\/uploads\/sites\/3\/2022\/12\/638b2e9cb480cc72422b9712.jpg\" alt=\"\"><\/source><\/source><\/picture><!-- noscript pattern --><noscript><img decoding=\"async\" src=\"http:\/\/just-now.news\/de\/wp-content\/uploads\/sites\/3\/2022\/12\/638b2e9cb480cc72422b9712.jpg\" alt=\"\"><\/noscript><\/div><figcaption class=\"RTImage-footer\"><span class=\"RTImage-caption\"><span class=\"RTImage-captionItem\">(Symbolbild)<\/span><\/span><span class=\"RTImage-source\"><span class=\"RTImage-captionItem\">Dmitrii Melnikov<\/span><span class=\"RTImage-captionItem\"> \/ Legion-media.ru<\/span><\/span><\/figcaption><\/figure>\n<p>Die Ukraine hat die vom Westen beschlossene Preisobergrenze f\u00fcr russisches Erd\u00f6l von 60 Dollar je Barrel als zu hoch bezeichnet. Um die Wirtschaft des Feindes schneller zu zerst\u00f6ren, sei es notwendig, den Preis auf 30 Dollar zu reduzieren, teilte der Chef des ukrainischen Pr\u00e4sidentenb\u00fcros, Andrei Jermak, am Samstag auf Telegram mit. Zugleich begr\u00fc\u00dfte er, dass die G7-Staaten und Australien diese Preisobergrenze f\u00fcr Erd\u00f6ltransporte auf dem Seeweg beschlossen haben.<\/p>\n<p><em>&#8220;Wir erreichen immer unser Ziel, und Russlands Wirtschaft wird dennoch zerst\u00f6rt werden.&#8221;<\/em><\/p>\n<p>Die G7, Australien und die EU-Staaten hatten sich zuvor auf die H\u00f6he eines Preisdeckels f\u00fcr russisches \u00d6l geeinigt. Die Ma\u00dfnahme soll am Montag in Kraft treten.<\/p>\n<\/div>\n<\/div>\n<\/div>\n<\/div>\n<\/li>\n<\/ul>\n<div class=\"Listing-isReact\" data-rtmodule=\"Listing\" onload=\"return {\n                page: '1',\n                limit: '10',\n                listing: '\/listing\/parent.6209f961b480cc2c7e35341b\/noprepare\/liveupdates\/10\/1',\n            };\"><\/div>\n<\/div>\n<\/div>\n<\/div>\n<p><br \/>\n<br \/><a href=\"https:\/\/de.rt.com\/international\/131481-liveticker-ukraine-krieg-kremlsprecher-peskow\/\">Source link <\/a><\/p>\n","protected":false},"excerpt":{"rendered":"<p>Russland f\u00fchrt gemeinsam mit den Streitkr\u00e4ften der Donbass-Republiken eine Milit\u00e4roperation in der Ukraine durch. Der Westen reagiert mit immer neuen Waffenlieferungen an die Ukraine und beispiellosen Sanktionen gegen Russland. Hier lesen Sie die neuesten Entwicklungen. 3.12.2022 19:03 Uhr 19:03 Uhr Rentnerin aus Nischni Nowgorod spendet ihre Ersparnisse f\u00fcr Quadrocopter f\u00fcr russische Streitkr\u00e4fte Walentina Pawlowna aus [&hellip;]<\/p>\n","protected":false},"author":3,"featured_media":24626,"comment_status":"open","ping_status":"open","sticky":false,"template":"","format":"standard","meta":{"_yoast_indexnow_last_ping":["1670092373"],"wp_automatic_camp":["217"],"1b6abac85f37d22ef9d914ec7a8b42ee":["Liveticker Ukraine-Krieg \u2013 Kremlsprecher Peskow: Putin wird Donbass besuchen"],"original_link":["https:\/\/de.rt.com\/international\/131481-liveticker-ukraine-krieg-kremlsprecher-peskow\/"],"_thumbnail_id":["24626"],"_wptgpro_p2tg_sent2tg":["a:1:{i:23737;s:19:\"2022-12-03 20:34:02\";}"],"jnews_social_counter_last_update":["1777256535"]},"categories":[19,23],"tags":[3527,818,18596,564,18597,125,566,374],"yoast_head":"<!-- This site is optimized with the Yoast SEO Premium plugin v22.7 (Yoast SEO v22.7) - https:\/\/yoast.com\/wordpress\/plugins\/seo\/ -->\n<title>Liveticker Ukraine-Krieg \u2013 Kremlsprecher Peskow: Putin wird Donbass besuchen - just-now.NEWS Deutschland<\/title>\n<meta name=\"robots\" content=\"index, follow, max-snippet:-1, max-image-preview:large, max-video-preview:-1\" \/>\n<link rel=\"canonical\" href=\"https:\/\/now-news.de\/de\/deutschland\/liveticker-ukraine-krieg-kremlsprecher-peskow-putin-wird-donbass-besuchen\/\" \/>\n<meta property=\"og:locale\" content=\"de_DE\" \/>\n<meta property=\"og:type\" content=\"article\" \/>\n<meta property=\"og:title\" content=\"Liveticker Ukraine-Krieg \u2013 Kremlsprecher Peskow: Putin wird Donbass besuchen\" \/>\n<meta property=\"og:description\" content=\"Russland f\u00fchrt gemeinsam mit den Streitkr\u00e4ften der Donbass-Republiken eine Milit\u00e4roperation in der Ukraine durch. Der Westen reagiert mit immer neuen Waffenlieferungen an die Ukraine und beispiellosen Sanktionen gegen Russland. Hier lesen Sie die neuesten Entwicklungen. 3.12.2022 19:03 Uhr 19:03 Uhr Rentnerin aus Nischni Nowgorod spendet ihre Ersparnisse f\u00fcr Quadrocopter f\u00fcr russische Streitkr\u00e4fte Walentina Pawlowna aus [&hellip;]\" \/>\n<meta property=\"og:url\" content=\"https:\/\/now-news.de\/de\/deutschland\/liveticker-ukraine-krieg-kremlsprecher-peskow-putin-wird-donbass-besuchen\/\" \/>\n<meta property=\"og:site_name\" content=\"just-now.NEWS Deutschland\" \/>\n<meta property=\"article:publisher\" content=\"https:\/\/www.facebook.com\/wirmachenauf\" \/>\n<meta property=\"article:published_time\" content=\"2022-12-03T18:30:00+00:00\" \/>\n<meta property=\"og:image\" content=\"https:\/\/now-news.de\/de\/wp-content\/uploads\/sites\/3\/2022\/12\/Liveticker-Ukraine-Krieg-\u2013-Kremlsprecher-Peskow-Putin-wird-Donbass-besuchen.jpg\" \/>\n\t<meta property=\"og:image:width\" content=\"460\" \/>\n\t<meta property=\"og:image:height\" content=\"259\" \/>\n\t<meta property=\"og:image:type\" content=\"image\/jpeg\" \/>\n<meta name=\"author\" content=\"rtnews\" \/>\n<meta name=\"twitter:card\" content=\"summary_large_image\" \/>\n<meta name=\"twitter:creator\" content=\"@WirMachenAuf_de\" \/>\n<meta name=\"twitter:site\" content=\"@WirMachenAuf_de\" \/>\n<meta name=\"twitter:label1\" content=\"Verfasst von\" \/>\n\t<meta name=\"twitter:data1\" content=\"rtnews\" \/>\n\t<meta name=\"twitter:label2\" content=\"Gesch\u00e4tzte Lesezeit\" \/>\n\t<meta name=\"twitter:data2\" content=\"8\u00a0Minuten\" \/>\n<script type=\"application\/ld+json\" class=\"yoast-schema-graph\">{\"@context\":\"https:\/\/schema.org\",\"@graph\":[{\"@type\":\"Article\",\"@id\":\"https:\/\/now-news.de\/de\/deutschland\/liveticker-ukraine-krieg-kremlsprecher-peskow-putin-wird-donbass-besuchen\/#article\",\"isPartOf\":{\"@id\":\"https:\/\/now-news.de\/de\/deutschland\/liveticker-ukraine-krieg-kremlsprecher-peskow-putin-wird-donbass-besuchen\/\"},\"author\":{\"name\":\"rtnews\",\"@id\":\"https:\/\/now-news.de\/de\/#\/schema\/person\/fb534a4e865501d8b3285208df34a9b5\"},\"headline\":\"Liveticker Ukraine-Krieg \u2013 Kremlsprecher Peskow: Putin wird Donbass besuchen\",\"datePublished\":\"2022-12-03T18:30:00+00:00\",\"dateModified\":\"2022-12-03T18:30:00+00:00\",\"mainEntityOfPage\":{\"@id\":\"https:\/\/now-news.de\/de\/deutschland\/liveticker-ukraine-krieg-kremlsprecher-peskow-putin-wird-donbass-besuchen\/\"},\"wordCount\":1664,\"commentCount\":0,\"publisher\":{\"@id\":\"https:\/\/now-news.de\/de\/#organization\"},\"image\":{\"@id\":\"https:\/\/now-news.de\/de\/deutschland\/liveticker-ukraine-krieg-kremlsprecher-peskow-putin-wird-donbass-besuchen\/#primaryimage\"},\"thumbnailUrl\":\"https:\/\/now-news.de\/de\/wp-content\/uploads\/sites\/3\/2022\/12\/Liveticker-Ukraine-Krieg-\u2013-Kremlsprecher-Peskow-Putin-wird-Donbass-besuchen.jpg\",\"keywords\":[\"Besuchen\",\"Donbass\",\"KremlSprecher\",\"Liveticker\",\"Peskow\",\"putin\",\"UkraineKrieg\",\"wird\"],\"articleSection\":[\"Deutschland\",\"Russland\"],\"inLanguage\":\"de\",\"potentialAction\":[{\"@type\":\"CommentAction\",\"name\":\"Comment\",\"target\":[\"https:\/\/now-news.de\/de\/deutschland\/liveticker-ukraine-krieg-kremlsprecher-peskow-putin-wird-donbass-besuchen\/#respond\"]}]},{\"@type\":\"WebPage\",\"@id\":\"https:\/\/now-news.de\/de\/deutschland\/liveticker-ukraine-krieg-kremlsprecher-peskow-putin-wird-donbass-besuchen\/\",\"url\":\"https:\/\/now-news.de\/de\/deutschland\/liveticker-ukraine-krieg-kremlsprecher-peskow-putin-wird-donbass-besuchen\/\",\"name\":\"Liveticker Ukraine-Krieg \u2013 Kremlsprecher Peskow: Putin wird Donbass besuchen - just-now.NEWS Deutschland\",\"isPartOf\":{\"@id\":\"https:\/\/now-news.de\/de\/#website\"},\"primaryImageOfPage\":{\"@id\":\"https:\/\/now-news.de\/de\/deutschland\/liveticker-ukraine-krieg-kremlsprecher-peskow-putin-wird-donbass-besuchen\/#primaryimage\"},\"image\":{\"@id\":\"https:\/\/now-news.de\/de\/deutschland\/liveticker-ukraine-krieg-kremlsprecher-peskow-putin-wird-donbass-besuchen\/#primaryimage\"},\"thumbnailUrl\":\"https:\/\/now-news.de\/de\/wp-content\/uploads\/sites\/3\/2022\/12\/Liveticker-Ukraine-Krieg-\u2013-Kremlsprecher-Peskow-Putin-wird-Donbass-besuchen.jpg\",\"datePublished\":\"2022-12-03T18:30:00+00:00\",\"dateModified\":\"2022-12-03T18:30:00+00:00\",\"breadcrumb\":{\"@id\":\"https:\/\/now-news.de\/de\/deutschland\/liveticker-ukraine-krieg-kremlsprecher-peskow-putin-wird-donbass-besuchen\/#breadcrumb\"},\"inLanguage\":\"de\",\"potentialAction\":[{\"@type\":\"ReadAction\",\"target\":[\"https:\/\/now-news.de\/de\/deutschland\/liveticker-ukraine-krieg-kremlsprecher-peskow-putin-wird-donbass-besuchen\/\"]}]},{\"@type\":\"ImageObject\",\"inLanguage\":\"de\",\"@id\":\"https:\/\/now-news.de\/de\/deutschland\/liveticker-ukraine-krieg-kremlsprecher-peskow-putin-wird-donbass-besuchen\/#primaryimage\",\"url\":\"https:\/\/now-news.de\/de\/wp-content\/uploads\/sites\/3\/2022\/12\/Liveticker-Ukraine-Krieg-\u2013-Kremlsprecher-Peskow-Putin-wird-Donbass-besuchen.jpg\",\"contentUrl\":\"https:\/\/now-news.de\/de\/wp-content\/uploads\/sites\/3\/2022\/12\/Liveticker-Ukraine-Krieg-\u2013-Kremlsprecher-Peskow-Putin-wird-Donbass-besuchen.jpg\",\"width\":460,\"height\":259,\"caption\":\"Liveticker Ukraine-Krieg \u2013 Kremlsprecher Peskow: Putin wird Donbass besuchen\"},{\"@type\":\"BreadcrumbList\",\"@id\":\"https:\/\/now-news.de\/de\/deutschland\/liveticker-ukraine-krieg-kremlsprecher-peskow-putin-wird-donbass-besuchen\/#breadcrumb\",\"itemListElement\":[{\"@type\":\"ListItem\",\"position\":1,\"name\":\"Home\",\"item\":\"https:\/\/now-news.de\/de\/\"},{\"@type\":\"ListItem\",\"position\":2,\"name\":\"Liveticker Ukraine-Krieg \u2013 Kremlsprecher Peskow: Putin wird Donbass besuchen\"}]},{\"@type\":\"WebSite\",\"@id\":\"https:\/\/now-news.de\/de\/#website\",\"url\":\"https:\/\/now-news.de\/de\/\",\"name\":\"just-now.NEWS Deutschland\",\"description\":\"Das Portal f\u00fcr unzensierte Nachrichten aus der Welt\",\"publisher\":{\"@id\":\"https:\/\/now-news.de\/de\/#organization\"},\"potentialAction\":[{\"@type\":\"SearchAction\",\"target\":{\"@type\":\"EntryPoint\",\"urlTemplate\":\"https:\/\/now-news.de\/de\/?s={search_term_string}\"},\"query-input\":\"required name=search_term_string\"}],\"inLanguage\":\"de\"},{\"@type\":\"Organization\",\"@id\":\"https:\/\/now-news.de\/de\/#organization\",\"name\":\"Just Now News\",\"url\":\"https:\/\/now-news.de\/de\/\",\"logo\":{\"@type\":\"ImageObject\",\"inLanguage\":\"de\",\"@id\":\"https:\/\/now-news.de\/de\/#\/schema\/logo\/image\/\",\"url\":\"http:\/\/just-now.news\/de\/wp-content\/uploads\/sites\/3\/2022\/04\/logo500x500.jpg\",\"contentUrl\":\"http:\/\/just-now.news\/de\/wp-content\/uploads\/sites\/3\/2022\/04\/logo500x500.jpg\",\"width\":500,\"height\":500,\"caption\":\"Just Now News\"},\"image\":{\"@id\":\"https:\/\/now-news.de\/de\/#\/schema\/logo\/image\/\"},\"sameAs\":[\"https:\/\/www.facebook.com\/wirmachenauf\",\"https:\/\/x.com\/WirMachenAuf_de\"]},{\"@type\":\"Person\",\"@id\":\"https:\/\/now-news.de\/de\/#\/schema\/person\/fb534a4e865501d8b3285208df34a9b5\",\"name\":\"rtnews\",\"image\":{\"@type\":\"ImageObject\",\"inLanguage\":\"de\",\"@id\":\"https:\/\/now-news.de\/de\/#\/schema\/person\/image\/\",\"url\":\"https:\/\/secure.gravatar.com\/avatar\/82aafea7d8127119dd649515f56e2117?s=96&d=mm&r=g\",\"contentUrl\":\"https:\/\/secure.gravatar.com\/avatar\/82aafea7d8127119dd649515f56e2117?s=96&d=mm&r=g\",\"caption\":\"rtnews\"},\"url\":\"https:\/\/now-news.de\/de\/author\/rnews\/\"}]}<\/script>\n<!-- \/ Yoast SEO Premium plugin. -->","yoast_head_json":{"title":"Liveticker Ukraine-Krieg \u2013 Kremlsprecher Peskow: Putin wird Donbass besuchen - just-now.NEWS Deutschland","robots":{"index":"index","follow":"follow","max-snippet":"max-snippet:-1","max-image-preview":"max-image-preview:large","max-video-preview":"max-video-preview:-1"},"canonical":"https:\/\/now-news.de\/de\/deutschland\/liveticker-ukraine-krieg-kremlsprecher-peskow-putin-wird-donbass-besuchen\/","og_locale":"de_DE","og_type":"article","og_title":"Liveticker Ukraine-Krieg \u2013 Kremlsprecher Peskow: Putin wird Donbass besuchen","og_description":"Russland f\u00fchrt gemeinsam mit den Streitkr\u00e4ften der Donbass-Republiken eine Milit\u00e4roperation in der Ukraine durch. Der Westen reagiert mit immer neuen Waffenlieferungen an die Ukraine und beispiellosen Sanktionen gegen Russland. Hier lesen Sie die neuesten Entwicklungen. 3.12.2022 19:03 Uhr 19:03 Uhr Rentnerin aus Nischni Nowgorod spendet ihre Ersparnisse f\u00fcr Quadrocopter f\u00fcr russische Streitkr\u00e4fte Walentina Pawlowna aus [&hellip;]","og_url":"https:\/\/now-news.de\/de\/deutschland\/liveticker-ukraine-krieg-kremlsprecher-peskow-putin-wird-donbass-besuchen\/","og_site_name":"just-now.NEWS Deutschland","article_publisher":"https:\/\/www.facebook.com\/wirmachenauf","article_published_time":"2022-12-03T18:30:00+00:00","og_image":[{"width":460,"height":259,"url":"https:\/\/now-news.de\/de\/wp-content\/uploads\/sites\/3\/2022\/12\/Liveticker-Ukraine-Krieg-\u2013-Kremlsprecher-Peskow-Putin-wird-Donbass-besuchen.jpg","type":"image\/jpeg"}],"author":"rtnews","twitter_card":"summary_large_image","twitter_creator":"@WirMachenAuf_de","twitter_site":"@WirMachenAuf_de","twitter_misc":{"Verfasst von":"rtnews","Gesch\u00e4tzte Lesezeit":"8\u00a0Minuten"},"schema":{"@context":"https:\/\/schema.org","@graph":[{"@type":"Article","@id":"https:\/\/now-news.de\/de\/deutschland\/liveticker-ukraine-krieg-kremlsprecher-peskow-putin-wird-donbass-besuchen\/#article","isPartOf":{"@id":"https:\/\/now-news.de\/de\/deutschland\/liveticker-ukraine-krieg-kremlsprecher-peskow-putin-wird-donbass-besuchen\/"},"author":{"name":"rtnews","@id":"https:\/\/now-news.de\/de\/#\/schema\/person\/fb534a4e865501d8b3285208df34a9b5"},"headline":"Liveticker Ukraine-Krieg \u2013 Kremlsprecher Peskow: Putin wird Donbass besuchen","datePublished":"2022-12-03T18:30:00+00:00","dateModified":"2022-12-03T18:30:00+00:00","mainEntityOfPage":{"@id":"https:\/\/now-news.de\/de\/deutschland\/liveticker-ukraine-krieg-kremlsprecher-peskow-putin-wird-donbass-besuchen\/"},"wordCount":1664,"commentCount":0,"publisher":{"@id":"https:\/\/now-news.de\/de\/#organization"},"image":{"@id":"https:\/\/now-news.de\/de\/deutschland\/liveticker-ukraine-krieg-kremlsprecher-peskow-putin-wird-donbass-besuchen\/#primaryimage"},"thumbnailUrl":"https:\/\/now-news.de\/de\/wp-content\/uploads\/sites\/3\/2022\/12\/Liveticker-Ukraine-Krieg-\u2013-Kremlsprecher-Peskow-Putin-wird-Donbass-besuchen.jpg","keywords":["Besuchen","Donbass","KremlSprecher","Liveticker","Peskow","putin","UkraineKrieg","wird"],"articleSection":["Deutschland","Russland"],"inLanguage":"de","potentialAction":[{"@type":"CommentAction","name":"Comment","target":["https:\/\/now-news.de\/de\/deutschland\/liveticker-ukraine-krieg-kremlsprecher-peskow-putin-wird-donbass-besuchen\/#respond"]}]},{"@type":"WebPage","@id":"https:\/\/now-news.de\/de\/deutschland\/liveticker-ukraine-krieg-kremlsprecher-peskow-putin-wird-donbass-besuchen\/","url":"https:\/\/now-news.de\/de\/deutschland\/liveticker-ukraine-krieg-kremlsprecher-peskow-putin-wird-donbass-besuchen\/","name":"Liveticker Ukraine-Krieg \u2013 Kremlsprecher Peskow: Putin wird Donbass besuchen - just-now.NEWS Deutschland","isPartOf":{"@id":"https:\/\/now-news.de\/de\/#website"},"primaryImageOfPage":{"@id":"https:\/\/now-news.de\/de\/deutschland\/liveticker-ukraine-krieg-kremlsprecher-peskow-putin-wird-donbass-besuchen\/#primaryimage"},"image":{"@id":"https:\/\/now-news.de\/de\/deutschland\/liveticker-ukraine-krieg-kremlsprecher-peskow-putin-wird-donbass-besuchen\/#primaryimage"},"thumbnailUrl":"https:\/\/now-news.de\/de\/wp-content\/uploads\/sites\/3\/2022\/12\/Liveticker-Ukraine-Krieg-\u2013-Kremlsprecher-Peskow-Putin-wird-Donbass-besuchen.jpg","datePublished":"2022-12-03T18:30:00+00:00","dateModified":"2022-12-03T18:30:00+00:00","breadcrumb":{"@id":"https:\/\/now-news.de\/de\/deutschland\/liveticker-ukraine-krieg-kremlsprecher-peskow-putin-wird-donbass-besuchen\/#breadcrumb"},"inLanguage":"de","potentialAction":[{"@type":"ReadAction","target":["https:\/\/now-news.de\/de\/deutschland\/liveticker-ukraine-krieg-kremlsprecher-peskow-putin-wird-donbass-besuchen\/"]}]},{"@type":"ImageObject","inLanguage":"de","@id":"https:\/\/now-news.de\/de\/deutschland\/liveticker-ukraine-krieg-kremlsprecher-peskow-putin-wird-donbass-besuchen\/#primaryimage","url":"https:\/\/now-news.de\/de\/wp-content\/uploads\/sites\/3\/2022\/12\/Liveticker-Ukraine-Krieg-\u2013-Kremlsprecher-Peskow-Putin-wird-Donbass-besuchen.jpg","contentUrl":"https:\/\/now-news.de\/de\/wp-content\/uploads\/sites\/3\/2022\/12\/Liveticker-Ukraine-Krieg-\u2013-Kremlsprecher-Peskow-Putin-wird-Donbass-besuchen.jpg","width":460,"height":259,"caption":"Liveticker Ukraine-Krieg \u2013 Kremlsprecher Peskow: Putin wird Donbass besuchen"},{"@type":"BreadcrumbList","@id":"https:\/\/now-news.de\/de\/deutschland\/liveticker-ukraine-krieg-kremlsprecher-peskow-putin-wird-donbass-besuchen\/#breadcrumb","itemListElement":[{"@type":"ListItem","position":1,"name":"Home","item":"https:\/\/now-news.de\/de\/"},{"@type":"ListItem","position":2,"name":"Liveticker Ukraine-Krieg \u2013 Kremlsprecher Peskow: Putin wird Donbass besuchen"}]},{"@type":"WebSite","@id":"https:\/\/now-news.de\/de\/#website","url":"https:\/\/now-news.de\/de\/","name":"just-now.NEWS Deutschland","description":"Das Portal f\u00fcr unzensierte Nachrichten aus der Welt","publisher":{"@id":"https:\/\/now-news.de\/de\/#organization"},"potentialAction":[{"@type":"SearchAction","target":{"@type":"EntryPoint","urlTemplate":"https:\/\/now-news.de\/de\/?s={search_term_string}"},"query-input":"required name=search_term_string"}],"inLanguage":"de"},{"@type":"Organization","@id":"https:\/\/now-news.de\/de\/#organization","name":"Just Now News","url":"https:\/\/now-news.de\/de\/","logo":{"@type":"ImageObject","inLanguage":"de","@id":"https:\/\/now-news.de\/de\/#\/schema\/logo\/image\/","url":"http:\/\/just-now.news\/de\/wp-content\/uploads\/sites\/3\/2022\/04\/logo500x500.jpg","contentUrl":"http:\/\/just-now.news\/de\/wp-content\/uploads\/sites\/3\/2022\/04\/logo500x500.jpg","width":500,"height":500,"caption":"Just Now News"},"image":{"@id":"https:\/\/now-news.de\/de\/#\/schema\/logo\/image\/"},"sameAs":["https:\/\/www.facebook.com\/wirmachenauf","https:\/\/x.com\/WirMachenAuf_de"]},{"@type":"Person","@id":"https:\/\/now-news.de\/de\/#\/schema\/person\/fb534a4e865501d8b3285208df34a9b5","name":"rtnews","image":{"@type":"ImageObject","inLanguage":"de","@id":"https:\/\/now-news.de\/de\/#\/schema\/person\/image\/","url":"https:\/\/secure.gravatar.com\/avatar\/82aafea7d8127119dd649515f56e2117?s=96&d=mm&r=g","contentUrl":"https:\/\/secure.gravatar.com\/avatar\/82aafea7d8127119dd649515f56e2117?s=96&d=mm&r=g","caption":"rtnews"},"url":"https:\/\/now-news.de\/de\/author\/rnews\/"}]}},"_links":{"self":[{"href":"https:\/\/now-news.de\/de\/wp-json\/wp\/v2\/posts\/24625"}],"collection":[{"href":"https:\/\/now-news.de\/de\/wp-json\/wp\/v2\/posts"}],"about":[{"href":"https:\/\/now-news.de\/de\/wp-json\/wp\/v2\/types\/post"}],"author":[{"embeddable":true,"href":"https:\/\/now-news.de\/de\/wp-json\/wp\/v2\/users\/3"}],"replies":[{"embeddable":true,"href":"https:\/\/now-news.de\/de\/wp-json\/wp\/v2\/comments?post=24625"}],"version-history":[{"count":0,"href":"https:\/\/now-news.de\/de\/wp-json\/wp\/v2\/posts\/24625\/revisions"}],"wp:featuredmedia":[{"embeddable":true,"href":"https:\/\/now-news.de\/de\/wp-json\/wp\/v2\/media\/24626"}],"wp:attachment":[{"href":"https:\/\/now-news.de\/de\/wp-json\/wp\/v2\/media?parent=24625"}],"wp:term":[{"taxonomy":"category","embeddable":true,"href":"https:\/\/now-news.de\/de\/wp-json\/wp\/v2\/categories?post=24625"},{"taxonomy":"post_tag","embeddable":true,"href":"https:\/\/now-news.de\/de\/wp-json\/wp\/v2\/tags?post=24625"}],"curies":[{"name":"wp","href":"https:\/\/api.w.org\/{rel}","templated":true}]}}