{"id":24620,"date":"2022-12-03T18:00:00","date_gmt":"2022-12-03T16:00:00","guid":{"rendered":"https:\/\/just-now.news\/de\/deutschland\/krisen-und-insolvenzticker-handwerksverband-energiepreisbremse-kommt-zu-spaet\/"},"modified":"2022-12-03T18:00:00","modified_gmt":"2022-12-03T16:00:00","slug":"krisen-und-insolvenzticker-handwerksverband-energiepreisbremse-kommt-zu-spaet","status":"publish","type":"post","link":"https:\/\/now-news.de\/de\/deutschland\/krisen-und-insolvenzticker-handwerksverband-energiepreisbremse-kommt-zu-spaet\/","title":{"rendered":"Krisen- und Insolvenzticker \u2013 Handwerksverband: Energiepreisbremse kommt zu sp\u00e4t"},"content":{"rendered":"<div class=\"Text-root Text-type_1 \">\n                Die deutsche Wirtschaft rutscht immer tiefer in die Krise. Unter dem Druck dramatisch steigender Energiekosten und anderer ung\u00fcnstiger Rahmenbedingungen sind allein in diesem Jahr tausende Unternehmen insolvent gegangen. Wir fassen in diesem Ticker die wichtigsten Entwicklungen und Neuigkeiten zusammen.\n            <\/div>\n<p><\/p>\n<div class=\"ArticleView-liveUpdates\">\n<div class=\"LiveUpdates-root\">\n<div class=\"LiveUpdates-content\">\n<ul class=\"LiveUpdates-list Listing-root\" data-listing=\"LiveUpdates\" data-count=\"10\">\n<li class=\"LiveUpdates-item Listing-item\">\n<div class=\"LiveUpdates-date\">\n<p class=\"HeaderNews-root HeaderNews-type_2 \">\n                3.12.2022 17:11 Uhr\n            <\/p>\n<\/div>\n<div class=\"LiveUpdate-root\">\n<div class=\"LiveUpdate-date\">\n<p class=\"HeaderNews-root HeaderNews-type_6 \">\n                17:11 Uhr\n            <\/p>\n<\/div>\n<div class=\"LiveUpdate-content\">\n<div class=\"LiveUpdate-text\">\n<div class=\"Text-root Text-type_5 ViewText-root\">\n<p><strong>Handwerksverband: Energiepreisbremse kommt zu sp\u00e4t<\/strong><\/p>\n<figure class=\"RTImage-root\">\n<div class=\"RTImage-image RTImage-original\"><picture class=\"Picture-root Picture-original\"><!--[if IE 9]><video style=\"display: none;\"><![endif]--><source media=\"(-webkit-min-device-pixel-ratio: 2) and (min-resolution: 120dpi)\" data-srcset=\" \nhttp:\/\/just-now.news\/de\/wp-content\/uploads\/sites\/3\/2022\/12\/638a56ecb480cc54cc3c2d24.jpg 850w,\n                http:\/\/just-now.news\/de\/wp-content\/uploads\/sites\/3\/2022\/12\/638a56ecb480cc54cc3c2d24.jpg 1960w,\n            \" ><source data-srcset=\" \nhttp:\/\/just-now.news\/de\/wp-content\/uploads\/sites\/3\/2022\/12\/638a56ecb480cc54cc3c2d24.jpg 460w,\n              http:\/\/just-now.news\/de\/wp-content\/uploads\/sites\/3\/2022\/12\/638a56ecb480cc54cc3c2d24.jpg 980w,\n            \" ><!--[if IE 9]><\/video><![endif]--><img decoding=\"async\" data- src=\"data:image\/png;base64,iVBORw0KGgoAAAANSUhEUgAAABAAAAAJCAQAAACRI2S5AAAAEElEQVR42mNkIAAYRxWAAQAG9gAKqv6+AwAAAABJRU5ErkJggg==\" class=\"Picture-root Picture-original lazyload\" data-src=\"http:\/\/just-now.news\/de\/wp-content\/uploads\/sites\/3\/2022\/12\/638a56ecb480cc54cc3c2d24.jpg\" alt=\"\"><\/source><\/source><\/picture><!-- noscript pattern --><noscript><img decoding=\"async\" src=\"http:\/\/just-now.news\/de\/wp-content\/uploads\/sites\/3\/2022\/12\/638a56ecb480cc54cc3c2d24.jpg\" alt=\"\"><\/noscript><\/div><figcaption class=\"RTImage-footer\"><span class=\"RTImage-caption\"><span class=\"RTImage-captionItem\">Symbolbild: Eine B\u00e4ckerei in Rittersgr\u00fcn (24. August 2021)<\/span><\/span><span class=\"RTImage-source\"><span class=\"RTImage-captionItem\">ERZ-Foto\/Georg Ulrich Dostmann v<\/span><span class=\"RTImage-captionItem\"> \/ www.globallookpress.com<\/span><\/span><\/figcaption><\/figure>\n<p>Der Zentralverband des Deutschen Handwerks (ZDH) <a rel=\"nofollow noopener\" target=\"_blank\" href=\"https:\/\/www.zdh.de\/presse\/veroeffentlichungen\/interviews-und-statements\/haertefallhilfen-vor-allem-fuer-energieintensive-betriebe-noetig\/\">fordert<\/a> zus\u00e4tzliche \u00dcberbr\u00fcckungshilfen f\u00fcr energieintensive Betriebe. Die Gas- und Strompreisbremse wirke erst im M\u00e4rz; die Betriebe k\u00f6nnten aber bereits davor Liquidit\u00e4tsprobleme haben.<\/p>\n<p>Bei der letzten Umfrage unter den Mitgliedsbetrieben erkl\u00e4rten 59 Prozent, unter Umsatzausf\u00e4llen zu leiden; die H\u00e4lfte davon f\u00fchrten sie auf Zur\u00fcckhaltung der Konsumenten zur\u00fcck, ein Viertel auf Stornierungen infolge h\u00f6herer Preise. Letzteres betraf vor allem das Bau- und das Kfz-Handwerk.<\/p>\n<p>F\u00fcr das kommende Jahr rechnet die Mehrheit der Befragten mit einem weiteren Umsatzr\u00fcckgang mit Folgen auch f\u00fcr die Besch\u00e4ftigung.<\/p>\n<p>Die Energiekosten sind im Lauf des Jahres bei den Handwerksbetrieben bisher durchschnittlich um 64 Prozent gestiegen; manche Branchen, wie Lebensmittel- und Kfz-Handwerk, erlitten aber Kostensteigerungen von \u00fcber 80 Prozent. Das sind beispielsweise Brauer, Metzger und B\u00e4cker, aber auch Fahrzeugbauer und -lackierer. In manchen dieser Branchen, wie z. B. bei den B\u00e4ckern, sind zus\u00e4tzlich noch die Rohstoffpreise deutlich gestiegen.<\/p>\n<p>26 Prozent der Betriebe berichteten, dass sie diese gestiegenen Kosten \u00fcberhaupt nicht weiterreichen konnten. Das betrifft beispielsweise Betriebe im Gesundheitsbereich, die oft langfristig mit den Krankenkassen festgelegte Preise haben. Auch mit \u00f6ffentlichen Auftr\u00e4gen gibt es Probleme, die per Ausschreibung vergeben werden und dann an solche Kostensteigerungen schwer angepasst werden k\u00f6nnen.<\/p>\n<p>Viele Handwerksbetriebe haben bisher erst die Ank\u00fcndigung von Preiserh\u00f6hungen erhalten bzw. die Vertr\u00e4ge von ihrem Energieversorger gek\u00fcndigt bekommen. Dadurch k\u00f6nnen sie zurzeit nicht verl\u00e4sslich kalkulieren. Ein Viertel der Betriebe, deren Vertr\u00e4ge gek\u00fcndigt wurden, hat nicht einmal ein neues Vertragsangebot erhalten. Jeder f\u00fcnfte Handwerksbetrieb befindet sich mittlerweile durch die Energiekosten in Liquidit\u00e4tsschwierigkeiten.<\/p>\n<p>Den energieintensiven Gewerken des Handwerks, so ZDH-Pr\u00e4sident Hans Peter Wollseifer, bleibe kaum mehr Spielraum, um den Betrieb wirtschaftlich rentabel zu f\u00fchren. &#8220;Diese Betriebe ben\u00f6tigen weiter eine H\u00e4rtefallbr\u00fccke, die sie bis zum M\u00e4rz tr\u00e4gt.&#8221;<\/p>\n<\/div>\n<\/div>\n<\/div>\n<\/div>\n<\/li>\n<li class=\"LiveUpdates-item Listing-item\">\n<div class=\"LiveUpdates-date\">\n<p class=\"HeaderNews-root HeaderNews-type_2 \">\n                2.12.2022 22:45 Uhr\n            <\/p>\n<\/div>\n<div class=\"LiveUpdate-root\">\n<div class=\"LiveUpdate-date\">\n<p class=\"HeaderNews-root HeaderNews-type_6 \">\n                22:45 Uhr\n            <\/p>\n<\/div>\n<div class=\"LiveUpdate-content\">\n<div class=\"LiveUpdate-text\">\n<div class=\"Text-root Text-type_5 ViewText-root\">\n<p><strong>F\u00fcllst\u00e4nde der Gasspeicher gehen weiter zur\u00fcck<\/strong><\/p>\n<figure class=\"RTImage-root\">\n<div class=\"RTImage-image RTImage-original\"><picture class=\"Picture-root Picture-original\"><!--[if IE 9]><video style=\"display: none;\"><![endif]--><source media=\"(-webkit-min-device-pixel-ratio: 2) and (min-resolution: 120dpi)\" data-srcset=\" \nhttp:\/\/just-now.news\/de\/wp-content\/uploads\/sites\/3\/2022\/12\/638a3c3c48fbef3a03001857.jpg 850w,\n                http:\/\/just-now.news\/de\/wp-content\/uploads\/sites\/3\/2022\/12\/638a3c3c48fbef3a03001857.jpg 1960w,\n            \" ><source data-srcset=\" \nhttp:\/\/just-now.news\/de\/wp-content\/uploads\/sites\/3\/2022\/12\/638a3c3c48fbef3a03001857.jpg 460w,\n              http:\/\/just-now.news\/de\/wp-content\/uploads\/sites\/3\/2022\/12\/638a3c3c48fbef3a03001857.jpg 980w,\n            \" ><!--[if IE 9]><\/video><![endif]--><img decoding=\"async\" data- src=\"data:image\/png;base64,iVBORw0KGgoAAAANSUhEUgAAABAAAAAJCAQAAACRI2S5AAAAEElEQVR42mNkIAAYRxWAAQAG9gAKqv6+AwAAAABJRU5ErkJggg==\" class=\"Picture-root Picture-original lazyload\" data-src=\"http:\/\/just-now.news\/de\/wp-content\/uploads\/sites\/3\/2022\/12\/638a3c3c48fbef3a03001857.jpg\" alt=\"\"><\/source><\/source><\/picture><!-- noscript pattern --><noscript><img decoding=\"async\" src=\"http:\/\/just-now.news\/de\/wp-content\/uploads\/sites\/3\/2022\/12\/638a3c3c48fbef3a03001857.jpg\" alt=\"\"><\/noscript><\/div><figcaption class=\"RTImage-footer\"><span class=\"RTImage-caption\"><span class=\"RTImage-captionItem\">Symbolbild.<\/span><\/span><span class=\"RTImage-source\"><span class=\"RTImage-captionItem\">IMAGO\/Frank Hoermann \/ SVEN SIMO<\/span><span class=\"RTImage-captionItem\"> \/ www.globallookpress.com<\/span><\/span><\/figcaption><\/figure>\n<p>Die F\u00fcllst\u00e4nde der deutschen Gasspeicher gehen mit den sinkenden Temperaturen weiter zur\u00fcck. Der Gesamtspeicherstand betr\u00e4gt laut Bundesnetzagentur derzeit 98,24 Prozent. Im aktuellen Lagebericht der Beh\u00f6rde hei\u00dft es: &#8220;Es wird \u00fcberwiegend ausgespeichert.&#8221; Auch der europ\u00e4ische Gasspeicherverband GIE meldete einen gesunkenen F\u00fcllstand.<\/p>\n<p>Die F\u00fcllst\u00e4nde werden immer mit Verz\u00f6gerung mitgeteilt. Aus Sicht der Bundesnetzagentur ist die Gasversorgung in Deutschland &#8220;im Moment stabil&#8221;. Die Versorgungssicherheit sei derzeit gew\u00e4hrleistet.<\/p>\n<p>Zu Beginn der Heizperiode im Herbst sind die Gasspeicher \u00fcblicherweise gut gef\u00fcllt, bis zum Fr\u00fchjahr nehmen die Gasspeicherf\u00fcllst\u00e4nde dann ab. Laut Energiewirtschaftsgesetz m\u00fcssen die F\u00fcllst\u00e4nde zum 1. Februar noch 40 Prozent betragen. Nach dem Wegfall russischer Gaslieferungen flie\u00dft weiter Gas durch Pipeline-Importe, vor allem aus Norwegen, den Niederlanden und Belgien, nach Deutschland. Insgesamt bewertet die Bundesnetzagentur in ihrem letzten Bericht vom 1. Dezember die Lage weiter als angespannt. Eine weitere Verschlechterung k\u00f6nne nicht ausgeschlossen werden. In der 47. Kalenderwoche habe der Gasverbrauch 21 Prozent unter dem Vorjahreswert gelegen, sei aber gegen\u00fcber der Vorwoche um 12 Prozent gestiegen.<\/p>\n<p>Angesichts der Wettervorhersagen sei mit einem steigenden Verbrauch zu rechnen. Wie es hei\u00dft, m\u00fcssen sich Unternehmen und Verbraucher weiterhin auf ein deutlich h\u00f6heres Preisniveau einstellen. Eine Gasmangellage im Winter k\u00f6nne laut Bundesnetzagentur nur vermieden werden, wenn mindestens 20 Prozent Gas eingespart werden und zum Jahresbeginn LNG-Terminals Fl\u00fcssiggas einspeisen.<\/p>\n<\/div>\n<\/div>\n<\/div>\n<\/div>\n<\/li>\n<li class=\"LiveUpdates-item Listing-item\">\n<div class=\"LiveUpdate-root\">\n<div class=\"LiveUpdate-date\">\n<p class=\"HeaderNews-root HeaderNews-type_6 \">\n                21:10 Uhr\n            <\/p>\n<\/div>\n<div class=\"LiveUpdate-content\">\n<div class=\"LiveUpdate-text\">\n<div class=\"Text-root Text-type_5 ViewText-root\">\n<p><strong>EU-Staaten wollen Preis f\u00fcr russisches \u00d6l auf 60 US-Dollar begrenzen<\/strong><\/p>\n<figure class=\"RTImage-root\">\n<div class=\"RTImage-image RTImage-original\"><picture class=\"Picture-root Picture-original\"><!--[if IE 9]><video style=\"display: none;\"><![endif]--><source media=\"(-webkit-min-device-pixel-ratio: 2) and (min-resolution: 120dpi)\" data-srcset=\" \nhttp:\/\/just-now.news\/de\/wp-content\/uploads\/sites\/3\/2022\/12\/638a4d1eb480cc54cc3c2d19.jpg 850w,\n                http:\/\/just-now.news\/de\/wp-content\/uploads\/sites\/3\/2022\/12\/638a4d1eb480cc54cc3c2d19.jpg 1960w,\n            \" ><source data-srcset=\" \nhttp:\/\/just-now.news\/de\/wp-content\/uploads\/sites\/3\/2022\/12\/638a4d1eb480cc54cc3c2d19.jpg 460w,\n              http:\/\/just-now.news\/de\/wp-content\/uploads\/sites\/3\/2022\/12\/638a4d1eb480cc54cc3c2d19.jpg 980w,\n            \" ><!--[if IE 9]><\/video><![endif]--><img decoding=\"async\" data- src=\"data:image\/png;base64,iVBORw0KGgoAAAANSUhEUgAAABAAAAAJCAQAAACRI2S5AAAAEElEQVR42mNkIAAYRxWAAQAG9gAKqv6+AwAAAABJRU5ErkJggg==\" class=\"Picture-root Picture-original lazyload\" data-src=\"http:\/\/just-now.news\/de\/wp-content\/uploads\/sites\/3\/2022\/12\/638a4d1eb480cc54cc3c2d19.jpg\" alt=\"\"><\/source><\/source><\/picture><!-- noscript pattern --><noscript><img decoding=\"async\" src=\"http:\/\/just-now.news\/de\/wp-content\/uploads\/sites\/3\/2022\/12\/638a4d1eb480cc54cc3c2d19.jpg\" alt=\"\"><\/noscript><\/div><figcaption class=\"RTImage-footer\"><span class=\"RTImage-caption\"><span class=\"RTImage-captionItem\">Der russische \u00d6ltanker BAVLY (Archivbild, 2018)<\/span><\/span><span class=\"RTImage-source\"><span class=\"RTImage-captionItem\">Michal Fludra\/ZUMAPRESS.com<\/span><span class=\"RTImage-captionItem\"> \/ www.globallookpress.com<\/span><\/span><\/figcaption><\/figure>\n<p>Die EU hat sich auf eine Preisobergrenze f\u00fcr russisches Erd\u00f6l geeinigt. Eine am Freitag von Regierungsvertretern erzielte Einigung sieht vor, zun\u00e4chst eine Preisobergrenze von 60 US-Dollar pro Barrel festzulegen, wie mehrere Diplomaten der <em>dpa<\/em> best\u00e4tigten. Zudem gibt es einen Anpassungsmechanismus, der die Grenze um f\u00fcnf Prozent unter dem von der Internationalen Energieagentur (IEA) ermittelten Marktpreis halten soll. Dazu ist vorgesehen, die Preisobergrenze etwa alle zwei Monate zu \u00fcberpr\u00fcfen und gegebenenfalls anzupassen, falls der \u00d6lpreis unter 60 US-Dollar je Barrel f\u00e4llt.<\/p>\n<p>Mit dem\u00a0Vorhaben soll ein fr\u00fcherer EU-Beschluss ersetzt werden, wonach ab Montag gar kein russisches \u00d6l mehr in EU-Staaten geliefert werden darf \u2013 mit Ausnahmeregelungen beispielsweise f\u00fcr Ungarn. Da Russland jedoch etwa zehn Prozent des weltweiten \u00d6ls produziert, w\u00fcrde dies den \u00d6lpreis in die H\u00f6he treiben. Westliche Reedereien k\u00f6nnten mit ihren Schiffen damit weiterhin russisches \u00d6l in Drittstaaten wie Indien transportieren. Die Regelung soll au\u00dferdem f\u00fcr andere wichtige Dienstleistungen wie Versicherungen, technische Hilfe sowie Finanzierungs- und Vermittlungsdienste gelten.<\/p>\n<p>Die EU-Regelung wurde mit der Absicht erstellt zu verhindern, dass Russland von den Preisanstiegen f\u00fcr \u00d6l profitiert. Polen und die baltischen L\u00e4nder hatten im Vorfeld eine noch niedrigere Preisgrenze gefordert. Insbesondere Warschau hatte lange mit sich gerungen, am Freitagabend jedoch zugestimmt.<\/p>\n<\/div>\n<\/div>\n<\/div>\n<\/div>\n<\/li>\n<li class=\"LiveUpdates-item Listing-item\">\n<div class=\"LiveUpdate-root\">\n<div class=\"LiveUpdate-date\">\n<p class=\"HeaderNews-root HeaderNews-type_6 \">\n                19:11 Uhr\n            <\/p>\n<\/div>\n<div class=\"LiveUpdate-content\">\n<div class=\"LiveUpdate-text\">\n<div class=\"Text-root Text-type_5 ViewText-root\">\n<p><strong>Italien verstaatlicht russische Lukoil-Raffinerie auf Sizilien<\/strong><\/p>\n<p>Italien hat eine vom russischen \u00d6lkonzern Lukoil betriebene Raffinerie unter staatliche Kontrolle gestellt. Die Regierung von Ministerpr\u00e4sidentin Giorgia Meloni verabschiedete am Donnerstagabend ein entsprechendes Dekret. Die italienische Regierung sah sich gezwungen, einzuschreiten, weil der ISAB-Raffinerie \u2013 einer der gr\u00f6\u00dften in Europa \u2013 das Aus drohte, da ab dem 5. Dezember ein Embargo f\u00fcr die Einfuhr von russischem \u00d6l auf dem Seeweg in Kraft tritt.<\/p>\n<p>Wie Meloni mitteilte, drohte dadurch etwa 1.000 Italienern der Jobverlust, wenn der Staat nicht eingegriffen h\u00e4tte. Die Zwangsma\u00dfnahme gilt vorerst f\u00fcr zw\u00f6lf Monate. Meloni erkl\u00e4rte weiter, ein Treuh\u00e4nder solle daf\u00fcr sorgen, &#8220;dass wir einen strategischen Energieknotenpunkt sch\u00fctzen und unverzichtbare Arbeiter f\u00fcr Sizilien und die ganze Nation in Sicherheit bringen&#8221;.<\/p>\n<\/div>\n<\/div>\n<\/div>\n<\/div>\n<\/li>\n<li class=\"LiveUpdates-item Listing-item\">\n<div class=\"LiveUpdate-root\">\n<div class=\"LiveUpdate-date\">\n<p class=\"HeaderNews-root HeaderNews-type_6 \">\n                17:53 Uhr\n            <\/p>\n<\/div>\n<div class=\"LiveUpdate-content\">\n<div class=\"LiveUpdate-text\">\n<div class=\"Text-root Text-type_5 ViewText-root\">\n<p><strong>PCK-Raffinerie in Schwedt soll Roh\u00f6l aus Polen bekommen<\/strong><\/p>\n<figure class=\"RTImage-root\">\n<div class=\"RTImage-image RTImage-original\"><picture class=\"Picture-root Picture-original\"><!--[if IE 9]><video style=\"display: none;\"><![endif]--><source media=\"(-webkit-min-device-pixel-ratio: 2) and (min-resolution: 120dpi)\" data-srcset=\" \nhttp:\/\/just-now.news\/de\/wp-content\/uploads\/sites\/3\/2022\/12\/638a230bb480cc54ee5f0d7e.jpg 850w,\n                http:\/\/just-now.news\/de\/wp-content\/uploads\/sites\/3\/2022\/12\/638a230bb480cc54ee5f0d7e.jpg 1960w,\n            \" ><source data-srcset=\" \nhttp:\/\/just-now.news\/de\/wp-content\/uploads\/sites\/3\/2022\/12\/638a230bb480cc54ee5f0d7e.jpg 460w,\n              http:\/\/just-now.news\/de\/wp-content\/uploads\/sites\/3\/2022\/12\/638a230bb480cc54ee5f0d7e.jpg 980w,\n            \" ><!--[if IE 9]><\/video><![endif]--><img decoding=\"async\" data- src=\"data:image\/png;base64,iVBORw0KGgoAAAANSUhEUgAAABAAAAAJCAQAAACRI2S5AAAAEElEQVR42mNkIAAYRxWAAQAG9gAKqv6+AwAAAABJRU5ErkJggg==\" class=\"Picture-root Picture-original lazyload\" data-src=\"http:\/\/just-now.news\/de\/wp-content\/uploads\/sites\/3\/2022\/12\/638a230bb480cc54ee5f0d7e.jpg\" alt=\"\"><\/source><\/source><\/picture><!-- noscript pattern --><noscript><img decoding=\"async\" src=\"http:\/\/just-now.news\/de\/wp-content\/uploads\/sites\/3\/2022\/12\/638a230bb480cc54ee5f0d7e.jpg\" alt=\"\"><\/noscript><\/div><figcaption class=\"RTImage-footer\"><span class=\"RTImage-caption\"><\/span><span class=\"RTImage-source\"><span class=\"RTImage-captionItem\">IMAGO\/Sascha Steinach<\/span><span class=\"RTImage-captionItem\"> \/ www.globallookpress.com<\/span><\/span><\/figcaption><\/figure>\n<p>Die PCK-Raffinerie im brandenburgischen Schwedt soll nach den Pl\u00e4nen des Bundeswirtschaftsministeriums k\u00fcnftig mit \u00d6l aus Polen beliefert werden. Damit sollen die Folgen\u00a0des Embargos auf russisches \u00d6l kompensiert werden. Bundeswirtschaftsminister Robert Habeck (B\u00fcndnis 90\/Die Gr\u00fcnen) und die polnische Klimaministerin Moskwa unterzeichneten am Donnerstag eine Absichtserkl\u00e4rung (&#8220;Memorandum of Understanding&#8221;).<\/p>\n<p>Konkrete Liefermengen finden sich in der Erkl\u00e4rung jedoch nicht\u00a0\u2212 diese sollen von den beteiligten Unternehmen ausgehandelt werden. Habeck sagte, dass Ziel sei, die Raffinerien beider L\u00e4nder mit ausreichend Roh\u00f6l zu versorgen. Sein Staatssekret\u00e4r werde am Montag zu &#8220;vertieften Gespr\u00e4chen&#8221; nach Warschau reisen.<\/p>\n<p>Die f\u00fcr die Versorgung Ostdeutschlands wichtige PCK-Raffinerie Schwedt wird bisher mit russischem \u00d6l aus der Druschba-Pipeline versorgt. Durch das von der\u00a0EU beschlossene Embargo f\u00fcr russisches \u00d6l werden dringend Alternativen gesucht, da die Raffinerie sonst vor dem Aus steht. Das Volumen einer Pipeline von Rostock nach Schwedt reicht nicht aus, daher versucht die Bundesregierung seit Monaten,\u00a0Polen dazu zu bewegen, \u00fcber Danzig \u00d6l nach Schwedt zu liefern. Auch Kasachstan als \u00d6llieferant ist im Gespr\u00e4ch.<\/p>\n<p>Sowohl Polen als auch Deutschland sagten nun zu, die Kapazit\u00e4ten der existierenden H\u00e4fen und Pipelines so schnell wie m\u00f6glich zu erh\u00f6hen. F\u00fcr die Bundesrepublik gilt dies f\u00fcr den Hafen Rostock und die Pipeline Rostock\u2212Schwedt, im Falle Polens f\u00fcr Danzig und die Pipeline durch Pommern.<\/p>\n<\/div>\n<\/div>\n<\/div>\n<\/div>\n<\/li>\n<li class=\"LiveUpdates-item Listing-item\">\n<div class=\"LiveUpdates-date\">\n<p class=\"HeaderNews-root HeaderNews-type_2 \">\n                1.12.2022 22:25 Uhr\n            <\/p>\n<\/div>\n<div class=\"LiveUpdate-root\">\n<div class=\"LiveUpdate-date\">\n<p class=\"HeaderNews-root HeaderNews-type_6 \">\n                22:25 Uhr\n            <\/p>\n<\/div>\n<div class=\"LiveUpdate-content\">\n<div class=\"LiveUpdate-text\">\n<div class=\"Text-root Text-type_5 ViewText-root\">\n<p><strong>Finnlands Wirtschaft schrumpft in eine Rezession<\/strong><\/p>\n<p>Laut der amtlichen Statistik schrumpfte die finnische Wirtschaft im dritten Quartal st\u00e4rker als in einer fr\u00fcheren Sch\u00e4tzung angegeben. Den Daten von Statistics Finland zufolge schrumpfte das finnische BIP im letzten Quartal um 0,3 Prozent gegen\u00fcber dem vorangegangenen Dreimonatszeitraum und beendete damit f\u00fcnf aufeinanderfolgende Wachstumsquartale. Im gesamten Jahr wuchs die Wirtschaft, bereinigt um die Zahl der Arbeitstage, um 1,0 Prozent.<\/p>\n<p>Der Wirtschaftsabschwung wird vor allem durch einen Einbruch der privaten Ausgaben bedingt. Da auch f\u00fcr das vierte Quartal ein R\u00fcckgang erwartet wird, stehe dem Land wohl eine Rezession bevor, wie der Chef\u00f6konom der Svenska Handelsbanken AB mit Sitz in Helsinki, Timo Hirvonen, auf Twitter schrieb.<\/p>\n<\/div>\n<\/div>\n<\/div>\n<\/div>\n<\/li>\n<li class=\"LiveUpdates-item Listing-item\">\n<div class=\"LiveUpdate-root\">\n<div class=\"LiveUpdate-date\">\n<p class=\"HeaderNews-root HeaderNews-type_6 \">\n                21:31 Uhr\n            <\/p>\n<\/div>\n<div class=\"LiveUpdate-content\">\n<div class=\"LiveUpdate-text\">\n<div class=\"Text-root Text-type_5 ViewText-root\">\n<p><strong>&#8220;Blackout&#8221; oder &#8220;Brownout&#8221;?<\/strong><\/p>\n<p>Inzwischen hat es das Risiko von Stromausf\u00e4llen in diesem Winter bis in die Tagesschau <a rel=\"nofollow noopener\" target=\"_blank\" href=\"https:\/\/www.tagesschau.de\/wirtschaft\/verbraucher\/stromausfall-brownout-energiekrise-netz-101.html\">geschafft<\/a>, allerdings nur in der beherrschten Variante, &#8220;Brownout&#8221; genannt. F\u00fcr den Stromkunden ebenfalls ein Stromausfall, der aber durch Abschaltung entsteht und nicht durch einen Schaden oder eine Netz\u00fcberlastung.<\/p>\n<p>Allerdings ist der befragte Mitarbeiter des Netzbetreibers Amprion, einem von vier in Deutschland t\u00e4tigen, \u00e4u\u00dferst vorsichtig. Er sagte in Bezug auf eine pl\u00f6tzlich steigende Nachfrage: &#8220;Wenn wir es absehen k\u00f6nnten, w\u00fcrden wir zu kontrollierten Lastabschaltungen f\u00fcr kurze Zeit greifen&#8221;, also Teile des Stromnetzes stilllegen \u2013 bis Nachfrage und Angebot wieder \u00fcbereinstimmen. Der Bericht der Tagesthemen ging in der Folge genau von dieser Annahme aus. Als Beispiel diente eine K\u00e4lteperiode in S\u00fcdfrankreich, und als L\u00f6sung wurde eine Stromabschaltung in einem Teil des Krefelder Netzes pr\u00e4sentiert. Diese Abschaltung erfolge ohne Vorwarnung, dauere aber nur h\u00f6chstens 90 Minuten. Mit Risiken, die auch in diesen F\u00e4llen auftreten k\u00f6nnen, beispielsweise Datenverluste, befasst sich der Beitrag nicht.<\/p>\n<p>Wie im vergangenen Jahr ist auch in diesem Winter nur ein Teil der franz\u00f6sischen Kernkraftwerke am Netz, weshalb ein h\u00f6heres Risiko besteht, dass die vorhandene Leistung nicht ausreicht. Die Menge des in Deutschland erzeugten Stroms liegt allerdings unter dem Wert des Vorjahrs, und bereits damals hatte der franz\u00f6sische Netzbetreiber Abschaltungen nicht ausgeschlossen.<\/p>\n<p>Wenn eine pl\u00f6tzlich steigende Nachfrage aber nicht absehbar ist, dann kommt es doch zu jener Art Stromausfall, der mit dem Wort &#8220;Blackout&#8221; bezeichnet wird; einem unkontrollierten Ausfall, dessen Behebung unter Umst\u00e4nden Wochen in Anspruch nehmen kann.<\/p>\n<p>&#8220;Wenn wir es absehen k\u00f6nnten&#8221; besagt jedoch nicht \u2013 im Gegensatz zur Darstellung der Tagesthemen, dass solche F\u00e4lle \u00fcblicherweise absehbar sind, sondern vielmehr, dass sie es in der Regel nicht sind.<\/p>\n<\/div>\n<\/div>\n<\/div>\n<\/div>\n<\/li>\n<li class=\"LiveUpdates-item Listing-item\">\n<div class=\"LiveUpdate-root\">\n<div class=\"LiveUpdate-date\">\n<p class=\"HeaderNews-root HeaderNews-type_6 \">\n                19:21 Uhr\n            <\/p>\n<\/div>\n<div class=\"LiveUpdate-content\">\n<div class=\"LiveUpdate-text\">\n<div class=\"Text-root Text-type_5 ViewText-root\">\n<p><strong>Bundestag beschlie\u00dft 200-Euro-Hilfe f\u00fcr Studenten<\/strong><\/p>\n<p>Der Bundestag hat die angek\u00fcndigte 200-Euro-Sonderzahlung f\u00fcr Studenten verabschiedet. F\u00fcr das Gesetz stimmten die Ampel-Parteien, die Union und Die Linke, die AfD enthielt sich. Im neuen Jahr sollen rund 3,4 Millionen Anspruchsberechtigte die 200 Euro bekommen, derzeit wird noch eine Antragsplattform daf\u00fcr im Internet aufgebaut.<\/p>\n<p>Anspruchsberechtigt sind alle, die am 1. Dezember dieses Jahres an einer Hochschule eingeschrieben oder zu diesem Zeitpunkt in einer Fachschulausbildung sind. Voraussetzung ist ein Wohnsitz oder &#8220;gew\u00f6hnlicher Aufenthalt&#8221; in Deutschland zum Stichtag. Auch Teilzeit-Studenten, Teilnehmer an einem Dualen Studium, ausl\u00e4ndische Studenten und Hochsch\u00fcler, die gerade ein Urlaubssemester machen, k\u00f6nnen von der Zahlung profitieren. Die Einmalzahlung ist Teil des von der Ampel-Koalition vereinbarten dritten Entlastungspakets zur Abfederung der Folgen der Energiekrise. Eine Zustimmung zu dem Gesetz im Bundesrat ist nicht notwendig. Kritik an der Umsetzung kam unter anderem von der Union: Lars Rohwer (CDU) sagte:<\/p>\n<p><em>&#8220;Sie haben einfach drei Monate vert\u00fcdelt.&#8221;<\/em><\/p>\n<p>Bis das Geld bei den Betroffenen ankommt, werde es noch weitere Monate dauern, da es bisher noch nicht einmal Antragsplattform gebe.<\/p>\n<\/div>\n<\/div>\n<\/div>\n<\/div>\n<\/li>\n<li class=\"LiveUpdates-item Listing-item\">\n<div class=\"LiveUpdate-root\">\n<div class=\"LiveUpdate-date\">\n<p class=\"HeaderNews-root HeaderNews-type_6 \">\n                17:49 Uhr\n            <\/p>\n<\/div>\n<div class=\"LiveUpdate-content\">\n<div class=\"LiveUpdate-text\">\n<div class=\"Text-root Text-type_5 ViewText-root\">\n<p><strong>EU einigt sich auf Obergrenze von 60 US-Dollar f\u00fcr russisches \u00d6l<\/strong><\/p>\n<p>Die EU-Staaten haben sich auf eine Preisobergrenze von 60 US-Dollar je Barrel f\u00fcr russisches \u00d6l geeinigt, das \u00fcber den Seeweg transportiert wird. Dies berichtet unter anderem das<em> Handelsblatt<\/em> unter Berufung auf Diplomaten. Bis zuletzt war eine Preisobergrenze umstritten. Polen und die baltischen L\u00e4nder forderten, den H\u00f6chstpreis noch niedriger anzusetzen, konnten sich damit jedoch nicht durchsetzen. Ein EU-Diplomat erkl\u00e4rte nun gegen\u00fcber der Nachrichtenagentur <em>Reuters<\/em>, dass die Obergrenze mit einem Anpassungsmechanismus bei f\u00fcnf Prozent unter dem Marktpreis gehalten werden soll.<\/p>\n<p>Polen muss der Vereinbarung noch zustimmen. Sofern dies geschieht, k\u00f6nnte die Einigung von allen EU-Regierungen in einem schriftlichen Verfahren bis Freitag genehmigt werde. Die Preisobergrenze soll das bereits im Mai beschlossene \u00d6lembargo erg\u00e4nzen, das am kommenden Montag in Kraft treten wird. Dabei gibt es Ausnahmen f\u00fcr per Pipeline geliefertes \u00d6l, was vor allem Ungarn zugutekommt.<\/p>\n<\/div>\n<\/div>\n<\/div>\n<\/div>\n<\/li>\n<li class=\"LiveUpdates-item Listing-item\">\n<div class=\"LiveUpdates-date\">\n<p class=\"HeaderNews-root HeaderNews-type_2 \">\n                30.11.2022 21:22 Uhr\n            <\/p>\n<\/div>\n<div class=\"LiveUpdate-root\">\n<div class=\"LiveUpdate-date\">\n<p class=\"HeaderNews-root HeaderNews-type_6 \">\n                21:22 Uhr\n            <\/p>\n<\/div>\n<div class=\"LiveUpdate-content\">\n<div class=\"LiveUpdate-text\">\n<div class=\"Text-root Text-type_5 ViewText-root\">\n<p><strong>Internationale Arbeitsorganisation warnt vor sozialen Unruhen wegen weltweit gesunkener Reall\u00f6hne<\/strong><\/p>\n<p>Nach einer Analyse der UN-Weltarbeitsorganisation (ILO) hat die steigende Inflation in vielen L\u00e4ndern zu einem eklatanten R\u00fcckgang der Reall\u00f6hne gef\u00fchrt. Laut einem am Mittwoch ver\u00f6ffentlichten Bericht sanken die monatlichen Reall\u00f6hne in der ersten Jahresh\u00e4lfte weltweit um 0,9 Prozent. Infolgedessen verringerte sich die Kaufkraft von Familien der Mittelschicht. Haushalte mit niedrigem Einkommen wurden besonders hart getroffen. Die Organisation betonte die dringende Notwendigkeit von Ma\u00dfnahmen zur Verhinderung weiterer Armut und Ungleichheit und warnte vor sozialen Unruhen. <\/p>\n<\/div>\n<\/div>\n<\/div>\n<\/div>\n<\/li>\n<\/ul>\n<div class=\"Listing-isReact\" data-rtmodule=\"Listing\" onload=\"return {\n                page: '1',\n                limit: '10',\n                listing: '\/listing\/parent.6337e74248fbef5b3c62f1db\/noprepare\/liveupdates\/10\/1',\n            };\"><\/div>\n<\/div>\n<\/div>\n<\/div>\n<p><br \/>\n<br \/><a href=\"https:\/\/de.rt.com\/wirtschaft\/150363-krisen-und-insolvenzticker-handwerksverband-energiepreisbremse\/\">Source link <\/a><\/p>\n","protected":false},"excerpt":{"rendered":"<p>Die deutsche Wirtschaft rutscht immer tiefer in die Krise. Unter dem Druck dramatisch steigender Energiekosten und anderer ung\u00fcnstiger Rahmenbedingungen sind allein in diesem Jahr tausende Unternehmen insolvent gegangen. Wir fassen in diesem Ticker die wichtigsten Entwicklungen und Neuigkeiten zusammen. 3.12.2022 17:11 Uhr 17:11 Uhr Handwerksverband: Energiepreisbremse kommt zu sp\u00e4t Symbolbild: Eine B\u00e4ckerei in Rittersgr\u00fcn (24. [&hellip;]<\/p>\n","protected":false},"author":3,"featured_media":24621,"comment_status":"open","ping_status":"open","sticky":false,"template":"","format":"standard","meta":{"_yoast_indexnow_last_ping":["1670085660"],"wp_automatic_camp":["217"],"725ca15be3c466cc1796e925f7d26ef7":["Krisen- und Insolvenzticker \u2013 Handwerksverband: Energiepreisbremse kommt zu sp\u00e4t"],"original_link":["https:\/\/de.rt.com\/wirtschaft\/150363-krisen-und-insolvenzticker-handwerksverband-energiepreisbremse\/"],"_thumbnail_id":["24621"],"jnews_social_counter_last_update":["1777321511"],"_wptgpro_p2tg_sent2tg":["a:1:{i:23737;s:19:\"2022-12-03 18:42:18\";}"]},"categories":[19,23],"tags":[36949,36948,33683,310,2667,12769,140],"yoast_head":"<!-- This site is optimized with the Yoast SEO Premium plugin v22.7 (Yoast SEO v22.7) - https:\/\/yoast.com\/wordpress\/plugins\/seo\/ -->\n<title>Krisen- und Insolvenzticker \u2013 Handwerksverband: Energiepreisbremse kommt zu sp\u00e4t - just-now.NEWS Deutschland<\/title>\n<meta name=\"robots\" content=\"index, follow, max-snippet:-1, max-image-preview:large, max-video-preview:-1\" \/>\n<link rel=\"canonical\" href=\"https:\/\/now-news.de\/de\/deutschland\/krisen-und-insolvenzticker-handwerksverband-energiepreisbremse-kommt-zu-spaet\/\" \/>\n<meta property=\"og:locale\" content=\"de_DE\" \/>\n<meta property=\"og:type\" content=\"article\" \/>\n<meta property=\"og:title\" content=\"Krisen- und Insolvenzticker \u2013 Handwerksverband: Energiepreisbremse kommt zu sp\u00e4t\" \/>\n<meta property=\"og:description\" content=\"Die deutsche Wirtschaft rutscht immer tiefer in die Krise. Unter dem Druck dramatisch steigender Energiekosten und anderer ung\u00fcnstiger Rahmenbedingungen sind allein in diesem Jahr tausende Unternehmen insolvent gegangen. Wir fassen in diesem Ticker die wichtigsten Entwicklungen und Neuigkeiten zusammen. 3.12.2022 17:11 Uhr 17:11 Uhr Handwerksverband: Energiepreisbremse kommt zu sp\u00e4t Symbolbild: Eine B\u00e4ckerei in Rittersgr\u00fcn (24. [&hellip;]\" \/>\n<meta property=\"og:url\" content=\"https:\/\/now-news.de\/de\/deutschland\/krisen-und-insolvenzticker-handwerksverband-energiepreisbremse-kommt-zu-spaet\/\" \/>\n<meta property=\"og:site_name\" content=\"just-now.NEWS Deutschland\" \/>\n<meta property=\"article:publisher\" content=\"https:\/\/www.facebook.com\/wirmachenauf\" \/>\n<meta property=\"article:published_time\" content=\"2022-12-03T16:00:00+00:00\" \/>\n<meta property=\"og:image\" content=\"https:\/\/now-news.de\/de\/wp-content\/uploads\/sites\/3\/2022\/12\/Krisen-und-Insolvenzticker-\u2013-Handwerksverband-Energiepreisbremse-kommt-zu-spaet.jpg\" \/>\n\t<meta property=\"og:image:width\" content=\"1620\" \/>\n\t<meta property=\"og:image:height\" content=\"1080\" \/>\n\t<meta property=\"og:image:type\" content=\"image\/jpeg\" \/>\n<meta name=\"author\" content=\"rtnews\" \/>\n<meta name=\"twitter:card\" content=\"summary_large_image\" \/>\n<meta name=\"twitter:creator\" content=\"@WirMachenAuf_de\" \/>\n<meta name=\"twitter:site\" content=\"@WirMachenAuf_de\" \/>\n<meta name=\"twitter:label1\" content=\"Verfasst von\" \/>\n\t<meta name=\"twitter:data1\" content=\"rtnews\" \/>\n\t<meta name=\"twitter:label2\" content=\"Gesch\u00e4tzte Lesezeit\" \/>\n\t<meta name=\"twitter:data2\" content=\"10\u00a0Minuten\" \/>\n<script type=\"application\/ld+json\" class=\"yoast-schema-graph\">{\"@context\":\"https:\/\/schema.org\",\"@graph\":[{\"@type\":\"Article\",\"@id\":\"https:\/\/now-news.de\/de\/deutschland\/krisen-und-insolvenzticker-handwerksverband-energiepreisbremse-kommt-zu-spaet\/#article\",\"isPartOf\":{\"@id\":\"https:\/\/now-news.de\/de\/deutschland\/krisen-und-insolvenzticker-handwerksverband-energiepreisbremse-kommt-zu-spaet\/\"},\"author\":{\"name\":\"rtnews\",\"@id\":\"https:\/\/now-news.de\/de\/#\/schema\/person\/fb534a4e865501d8b3285208df34a9b5\"},\"headline\":\"Krisen- und Insolvenzticker \u2013 Handwerksverband: Energiepreisbremse kommt zu sp\u00e4t\",\"datePublished\":\"2022-12-03T16:00:00+00:00\",\"dateModified\":\"2022-12-03T16:00:00+00:00\",\"mainEntityOfPage\":{\"@id\":\"https:\/\/now-news.de\/de\/deutschland\/krisen-und-insolvenzticker-handwerksverband-energiepreisbremse-kommt-zu-spaet\/\"},\"wordCount\":2087,\"commentCount\":0,\"publisher\":{\"@id\":\"https:\/\/now-news.de\/de\/#organization\"},\"image\":{\"@id\":\"https:\/\/now-news.de\/de\/deutschland\/krisen-und-insolvenzticker-handwerksverband-energiepreisbremse-kommt-zu-spaet\/#primaryimage\"},\"thumbnailUrl\":\"https:\/\/now-news.de\/de\/wp-content\/uploads\/sites\/3\/2022\/12\/Krisen-und-Insolvenzticker-\u2013-Handwerksverband-Energiepreisbremse-kommt-zu-spaet.jpg\",\"keywords\":[\"Energiepreisbremse\",\"Handwerksverband\",\"Insolvenzticker\",\"kommt\",\"Krisen\",\"sp\u00e4t\",\"und\"],\"articleSection\":[\"Deutschland\",\"Russland\"],\"inLanguage\":\"de\",\"potentialAction\":[{\"@type\":\"CommentAction\",\"name\":\"Comment\",\"target\":[\"https:\/\/now-news.de\/de\/deutschland\/krisen-und-insolvenzticker-handwerksverband-energiepreisbremse-kommt-zu-spaet\/#respond\"]}]},{\"@type\":\"WebPage\",\"@id\":\"https:\/\/now-news.de\/de\/deutschland\/krisen-und-insolvenzticker-handwerksverband-energiepreisbremse-kommt-zu-spaet\/\",\"url\":\"https:\/\/now-news.de\/de\/deutschland\/krisen-und-insolvenzticker-handwerksverband-energiepreisbremse-kommt-zu-spaet\/\",\"name\":\"Krisen- und Insolvenzticker \u2013 Handwerksverband: Energiepreisbremse kommt zu sp\u00e4t - just-now.NEWS Deutschland\",\"isPartOf\":{\"@id\":\"https:\/\/now-news.de\/de\/#website\"},\"primaryImageOfPage\":{\"@id\":\"https:\/\/now-news.de\/de\/deutschland\/krisen-und-insolvenzticker-handwerksverband-energiepreisbremse-kommt-zu-spaet\/#primaryimage\"},\"image\":{\"@id\":\"https:\/\/now-news.de\/de\/deutschland\/krisen-und-insolvenzticker-handwerksverband-energiepreisbremse-kommt-zu-spaet\/#primaryimage\"},\"thumbnailUrl\":\"https:\/\/now-news.de\/de\/wp-content\/uploads\/sites\/3\/2022\/12\/Krisen-und-Insolvenzticker-\u2013-Handwerksverband-Energiepreisbremse-kommt-zu-spaet.jpg\",\"datePublished\":\"2022-12-03T16:00:00+00:00\",\"dateModified\":\"2022-12-03T16:00:00+00:00\",\"breadcrumb\":{\"@id\":\"https:\/\/now-news.de\/de\/deutschland\/krisen-und-insolvenzticker-handwerksverband-energiepreisbremse-kommt-zu-spaet\/#breadcrumb\"},\"inLanguage\":\"de\",\"potentialAction\":[{\"@type\":\"ReadAction\",\"target\":[\"https:\/\/now-news.de\/de\/deutschland\/krisen-und-insolvenzticker-handwerksverband-energiepreisbremse-kommt-zu-spaet\/\"]}]},{\"@type\":\"ImageObject\",\"inLanguage\":\"de\",\"@id\":\"https:\/\/now-news.de\/de\/deutschland\/krisen-und-insolvenzticker-handwerksverband-energiepreisbremse-kommt-zu-spaet\/#primaryimage\",\"url\":\"https:\/\/now-news.de\/de\/wp-content\/uploads\/sites\/3\/2022\/12\/Krisen-und-Insolvenzticker-\u2013-Handwerksverband-Energiepreisbremse-kommt-zu-spaet.jpg\",\"contentUrl\":\"https:\/\/now-news.de\/de\/wp-content\/uploads\/sites\/3\/2022\/12\/Krisen-und-Insolvenzticker-\u2013-Handwerksverband-Energiepreisbremse-kommt-zu-spaet.jpg\",\"width\":1620,\"height\":1080,\"caption\":\"Krisen- und Insolvenzticker \u2013 Handwerksverband: Energiepreisbremse kommt zu sp\u00e4t\"},{\"@type\":\"BreadcrumbList\",\"@id\":\"https:\/\/now-news.de\/de\/deutschland\/krisen-und-insolvenzticker-handwerksverband-energiepreisbremse-kommt-zu-spaet\/#breadcrumb\",\"itemListElement\":[{\"@type\":\"ListItem\",\"position\":1,\"name\":\"Home\",\"item\":\"https:\/\/now-news.de\/de\/\"},{\"@type\":\"ListItem\",\"position\":2,\"name\":\"Krisen- und Insolvenzticker \u2013 Handwerksverband: Energiepreisbremse kommt zu sp\u00e4t\"}]},{\"@type\":\"WebSite\",\"@id\":\"https:\/\/now-news.de\/de\/#website\",\"url\":\"https:\/\/now-news.de\/de\/\",\"name\":\"just-now.NEWS Deutschland\",\"description\":\"Das Portal f\u00fcr unzensierte Nachrichten aus der Welt\",\"publisher\":{\"@id\":\"https:\/\/now-news.de\/de\/#organization\"},\"potentialAction\":[{\"@type\":\"SearchAction\",\"target\":{\"@type\":\"EntryPoint\",\"urlTemplate\":\"https:\/\/now-news.de\/de\/?s={search_term_string}\"},\"query-input\":\"required name=search_term_string\"}],\"inLanguage\":\"de\"},{\"@type\":\"Organization\",\"@id\":\"https:\/\/now-news.de\/de\/#organization\",\"name\":\"Just Now News\",\"url\":\"https:\/\/now-news.de\/de\/\",\"logo\":{\"@type\":\"ImageObject\",\"inLanguage\":\"de\",\"@id\":\"https:\/\/now-news.de\/de\/#\/schema\/logo\/image\/\",\"url\":\"http:\/\/just-now.news\/de\/wp-content\/uploads\/sites\/3\/2022\/04\/logo500x500.jpg\",\"contentUrl\":\"http:\/\/just-now.news\/de\/wp-content\/uploads\/sites\/3\/2022\/04\/logo500x500.jpg\",\"width\":500,\"height\":500,\"caption\":\"Just Now News\"},\"image\":{\"@id\":\"https:\/\/now-news.de\/de\/#\/schema\/logo\/image\/\"},\"sameAs\":[\"https:\/\/www.facebook.com\/wirmachenauf\",\"https:\/\/x.com\/WirMachenAuf_de\"]},{\"@type\":\"Person\",\"@id\":\"https:\/\/now-news.de\/de\/#\/schema\/person\/fb534a4e865501d8b3285208df34a9b5\",\"name\":\"rtnews\",\"image\":{\"@type\":\"ImageObject\",\"inLanguage\":\"de\",\"@id\":\"https:\/\/now-news.de\/de\/#\/schema\/person\/image\/\",\"url\":\"https:\/\/secure.gravatar.com\/avatar\/82aafea7d8127119dd649515f56e2117?s=96&d=mm&r=g\",\"contentUrl\":\"https:\/\/secure.gravatar.com\/avatar\/82aafea7d8127119dd649515f56e2117?s=96&d=mm&r=g\",\"caption\":\"rtnews\"},\"url\":\"https:\/\/now-news.de\/de\/author\/rnews\/\"}]}<\/script>\n<!-- \/ Yoast SEO Premium plugin. -->","yoast_head_json":{"title":"Krisen- und Insolvenzticker \u2013 Handwerksverband: Energiepreisbremse kommt zu sp\u00e4t - just-now.NEWS Deutschland","robots":{"index":"index","follow":"follow","max-snippet":"max-snippet:-1","max-image-preview":"max-image-preview:large","max-video-preview":"max-video-preview:-1"},"canonical":"https:\/\/now-news.de\/de\/deutschland\/krisen-und-insolvenzticker-handwerksverband-energiepreisbremse-kommt-zu-spaet\/","og_locale":"de_DE","og_type":"article","og_title":"Krisen- und Insolvenzticker \u2013 Handwerksverband: Energiepreisbremse kommt zu sp\u00e4t","og_description":"Die deutsche Wirtschaft rutscht immer tiefer in die Krise. Unter dem Druck dramatisch steigender Energiekosten und anderer ung\u00fcnstiger Rahmenbedingungen sind allein in diesem Jahr tausende Unternehmen insolvent gegangen. Wir fassen in diesem Ticker die wichtigsten Entwicklungen und Neuigkeiten zusammen. 3.12.2022 17:11 Uhr 17:11 Uhr Handwerksverband: Energiepreisbremse kommt zu sp\u00e4t Symbolbild: Eine B\u00e4ckerei in Rittersgr\u00fcn (24. [&hellip;]","og_url":"https:\/\/now-news.de\/de\/deutschland\/krisen-und-insolvenzticker-handwerksverband-energiepreisbremse-kommt-zu-spaet\/","og_site_name":"just-now.NEWS Deutschland","article_publisher":"https:\/\/www.facebook.com\/wirmachenauf","article_published_time":"2022-12-03T16:00:00+00:00","og_image":[{"width":1620,"height":1080,"url":"https:\/\/now-news.de\/de\/wp-content\/uploads\/sites\/3\/2022\/12\/Krisen-und-Insolvenzticker-\u2013-Handwerksverband-Energiepreisbremse-kommt-zu-spaet.jpg","type":"image\/jpeg"}],"author":"rtnews","twitter_card":"summary_large_image","twitter_creator":"@WirMachenAuf_de","twitter_site":"@WirMachenAuf_de","twitter_misc":{"Verfasst von":"rtnews","Gesch\u00e4tzte Lesezeit":"10\u00a0Minuten"},"schema":{"@context":"https:\/\/schema.org","@graph":[{"@type":"Article","@id":"https:\/\/now-news.de\/de\/deutschland\/krisen-und-insolvenzticker-handwerksverband-energiepreisbremse-kommt-zu-spaet\/#article","isPartOf":{"@id":"https:\/\/now-news.de\/de\/deutschland\/krisen-und-insolvenzticker-handwerksverband-energiepreisbremse-kommt-zu-spaet\/"},"author":{"name":"rtnews","@id":"https:\/\/now-news.de\/de\/#\/schema\/person\/fb534a4e865501d8b3285208df34a9b5"},"headline":"Krisen- und Insolvenzticker \u2013 Handwerksverband: Energiepreisbremse kommt zu sp\u00e4t","datePublished":"2022-12-03T16:00:00+00:00","dateModified":"2022-12-03T16:00:00+00:00","mainEntityOfPage":{"@id":"https:\/\/now-news.de\/de\/deutschland\/krisen-und-insolvenzticker-handwerksverband-energiepreisbremse-kommt-zu-spaet\/"},"wordCount":2087,"commentCount":0,"publisher":{"@id":"https:\/\/now-news.de\/de\/#organization"},"image":{"@id":"https:\/\/now-news.de\/de\/deutschland\/krisen-und-insolvenzticker-handwerksverband-energiepreisbremse-kommt-zu-spaet\/#primaryimage"},"thumbnailUrl":"https:\/\/now-news.de\/de\/wp-content\/uploads\/sites\/3\/2022\/12\/Krisen-und-Insolvenzticker-\u2013-Handwerksverband-Energiepreisbremse-kommt-zu-spaet.jpg","keywords":["Energiepreisbremse","Handwerksverband","Insolvenzticker","kommt","Krisen","sp\u00e4t","und"],"articleSection":["Deutschland","Russland"],"inLanguage":"de","potentialAction":[{"@type":"CommentAction","name":"Comment","target":["https:\/\/now-news.de\/de\/deutschland\/krisen-und-insolvenzticker-handwerksverband-energiepreisbremse-kommt-zu-spaet\/#respond"]}]},{"@type":"WebPage","@id":"https:\/\/now-news.de\/de\/deutschland\/krisen-und-insolvenzticker-handwerksverband-energiepreisbremse-kommt-zu-spaet\/","url":"https:\/\/now-news.de\/de\/deutschland\/krisen-und-insolvenzticker-handwerksverband-energiepreisbremse-kommt-zu-spaet\/","name":"Krisen- und Insolvenzticker \u2013 Handwerksverband: Energiepreisbremse kommt zu sp\u00e4t - just-now.NEWS Deutschland","isPartOf":{"@id":"https:\/\/now-news.de\/de\/#website"},"primaryImageOfPage":{"@id":"https:\/\/now-news.de\/de\/deutschland\/krisen-und-insolvenzticker-handwerksverband-energiepreisbremse-kommt-zu-spaet\/#primaryimage"},"image":{"@id":"https:\/\/now-news.de\/de\/deutschland\/krisen-und-insolvenzticker-handwerksverband-energiepreisbremse-kommt-zu-spaet\/#primaryimage"},"thumbnailUrl":"https:\/\/now-news.de\/de\/wp-content\/uploads\/sites\/3\/2022\/12\/Krisen-und-Insolvenzticker-\u2013-Handwerksverband-Energiepreisbremse-kommt-zu-spaet.jpg","datePublished":"2022-12-03T16:00:00+00:00","dateModified":"2022-12-03T16:00:00+00:00","breadcrumb":{"@id":"https:\/\/now-news.de\/de\/deutschland\/krisen-und-insolvenzticker-handwerksverband-energiepreisbremse-kommt-zu-spaet\/#breadcrumb"},"inLanguage":"de","potentialAction":[{"@type":"ReadAction","target":["https:\/\/now-news.de\/de\/deutschland\/krisen-und-insolvenzticker-handwerksverband-energiepreisbremse-kommt-zu-spaet\/"]}]},{"@type":"ImageObject","inLanguage":"de","@id":"https:\/\/now-news.de\/de\/deutschland\/krisen-und-insolvenzticker-handwerksverband-energiepreisbremse-kommt-zu-spaet\/#primaryimage","url":"https:\/\/now-news.de\/de\/wp-content\/uploads\/sites\/3\/2022\/12\/Krisen-und-Insolvenzticker-\u2013-Handwerksverband-Energiepreisbremse-kommt-zu-spaet.jpg","contentUrl":"https:\/\/now-news.de\/de\/wp-content\/uploads\/sites\/3\/2022\/12\/Krisen-und-Insolvenzticker-\u2013-Handwerksverband-Energiepreisbremse-kommt-zu-spaet.jpg","width":1620,"height":1080,"caption":"Krisen- und Insolvenzticker \u2013 Handwerksverband: Energiepreisbremse kommt zu sp\u00e4t"},{"@type":"BreadcrumbList","@id":"https:\/\/now-news.de\/de\/deutschland\/krisen-und-insolvenzticker-handwerksverband-energiepreisbremse-kommt-zu-spaet\/#breadcrumb","itemListElement":[{"@type":"ListItem","position":1,"name":"Home","item":"https:\/\/now-news.de\/de\/"},{"@type":"ListItem","position":2,"name":"Krisen- und Insolvenzticker \u2013 Handwerksverband: Energiepreisbremse kommt zu sp\u00e4t"}]},{"@type":"WebSite","@id":"https:\/\/now-news.de\/de\/#website","url":"https:\/\/now-news.de\/de\/","name":"just-now.NEWS Deutschland","description":"Das Portal f\u00fcr unzensierte Nachrichten aus der Welt","publisher":{"@id":"https:\/\/now-news.de\/de\/#organization"},"potentialAction":[{"@type":"SearchAction","target":{"@type":"EntryPoint","urlTemplate":"https:\/\/now-news.de\/de\/?s={search_term_string}"},"query-input":"required name=search_term_string"}],"inLanguage":"de"},{"@type":"Organization","@id":"https:\/\/now-news.de\/de\/#organization","name":"Just Now News","url":"https:\/\/now-news.de\/de\/","logo":{"@type":"ImageObject","inLanguage":"de","@id":"https:\/\/now-news.de\/de\/#\/schema\/logo\/image\/","url":"http:\/\/just-now.news\/de\/wp-content\/uploads\/sites\/3\/2022\/04\/logo500x500.jpg","contentUrl":"http:\/\/just-now.news\/de\/wp-content\/uploads\/sites\/3\/2022\/04\/logo500x500.jpg","width":500,"height":500,"caption":"Just Now News"},"image":{"@id":"https:\/\/now-news.de\/de\/#\/schema\/logo\/image\/"},"sameAs":["https:\/\/www.facebook.com\/wirmachenauf","https:\/\/x.com\/WirMachenAuf_de"]},{"@type":"Person","@id":"https:\/\/now-news.de\/de\/#\/schema\/person\/fb534a4e865501d8b3285208df34a9b5","name":"rtnews","image":{"@type":"ImageObject","inLanguage":"de","@id":"https:\/\/now-news.de\/de\/#\/schema\/person\/image\/","url":"https:\/\/secure.gravatar.com\/avatar\/82aafea7d8127119dd649515f56e2117?s=96&d=mm&r=g","contentUrl":"https:\/\/secure.gravatar.com\/avatar\/82aafea7d8127119dd649515f56e2117?s=96&d=mm&r=g","caption":"rtnews"},"url":"https:\/\/now-news.de\/de\/author\/rnews\/"}]}},"_links":{"self":[{"href":"https:\/\/now-news.de\/de\/wp-json\/wp\/v2\/posts\/24620"}],"collection":[{"href":"https:\/\/now-news.de\/de\/wp-json\/wp\/v2\/posts"}],"about":[{"href":"https:\/\/now-news.de\/de\/wp-json\/wp\/v2\/types\/post"}],"author":[{"embeddable":true,"href":"https:\/\/now-news.de\/de\/wp-json\/wp\/v2\/users\/3"}],"replies":[{"embeddable":true,"href":"https:\/\/now-news.de\/de\/wp-json\/wp\/v2\/comments?post=24620"}],"version-history":[{"count":0,"href":"https:\/\/now-news.de\/de\/wp-json\/wp\/v2\/posts\/24620\/revisions"}],"wp:featuredmedia":[{"embeddable":true,"href":"https:\/\/now-news.de\/de\/wp-json\/wp\/v2\/media\/24621"}],"wp:attachment":[{"href":"https:\/\/now-news.de\/de\/wp-json\/wp\/v2\/media?parent=24620"}],"wp:term":[{"taxonomy":"category","embeddable":true,"href":"https:\/\/now-news.de\/de\/wp-json\/wp\/v2\/categories?post=24620"},{"taxonomy":"post_tag","embeddable":true,"href":"https:\/\/now-news.de\/de\/wp-json\/wp\/v2\/tags?post=24620"}],"curies":[{"name":"wp","href":"https:\/\/api.w.org\/{rel}","templated":true}]}}