{"id":2460,"date":"2022-04-22T12:36:22","date_gmt":"2022-04-22T13:36:22","guid":{"rendered":"http:\/\/just-now.news\/de\/deutschland\/nach-einer-reihe-von-skandalen-sachsens-innenminister-roland-woeller-entlassen\/"},"modified":"2022-04-22T12:36:22","modified_gmt":"2022-04-22T13:36:22","slug":"nach-einer-reihe-von-skandalen-sachsens-innenminister-roland-woeller-entlassen","status":"publish","type":"post","link":"https:\/\/now-news.de\/de\/deutschland\/nach-einer-reihe-von-skandalen-sachsens-innenminister-roland-woeller-entlassen\/","title":{"rendered":"Nach einer Reihe von Skandalen: Sachsens Innenminister Roland W\u00f6ller entlassen"},"content":{"rendered":"<div class=\"Text-root Text-type_5 ArticleView-text ViewText-root \">\n<p>Der CDU-Politiker\u00a0Roland\u00a0W\u00f6ller\u00a0wird als Innenminister von Sachsen entlassen.\u00a0Regierungschef Michael Kretschmer (CDU) zieht damit Konsequenzen aus umstrittenen Personalentscheidungen W\u00f6llers und mehreren Skandalen bei der Polizei. W\u00f6ller\u00a0hat seine Entlassungsurkunde erhalten und soll bis Montag gesch\u00e4ftsf\u00fchrend im Amt bleiben.<\/p>\n<p>In den vergangenen Tagen hatte der Druck auf den s\u00e4chsischen Minister stark zugenommen. Polizeigewerkschaften entzogen ihm das Vertrauen und erneuerten selbst nach einem Krisengespr\u00e4ch ihre Forderungen nach einem R\u00fccktritt. Bis zuletzt lie\u00df\u00a0W\u00f6ller\u00a0aber nicht durchblicken, dem Folge leisten zu wollen.<\/p>\n<div class=\"ReadMore-root Section-root Section-is1to3-xs_is1to1\" data-widgets=\"ReadMore\" data-has-alias>\n<div class=\"Section-container Section-isRow-isTop-isWrap\">\n<article class=\"Card-root Card-is1to1 \">\n<div class=\"Card-imageWrap\">\n<div class=\"Card-picture\">\n<picture class=\"Picture-root Picture-default\"><!--[if IE 9]><video style=\"display: none;\"><![endif]--><source media=\"(-webkit-min-device-pixel-ratio: 2) and (min-resolution: 120dpi)\" data-srcset=\" \nhttps:\/\/cdni.russiatoday.com\/deutsch\/images\/2022.04\/thumbnail\/6260012d48fbef6ab05bbf94.jpg 850w,\n                https:\/\/cdni.russiatoday.com\/deutsch\/images\/2022.04\/article\/6260012d48fbef6ab05bbf93.jpg 1960w,\n            \" srcset=\"data:image\/png;base64,iVBORw0KGgoAAAANSUhEUgAAABAAAAAJCAQAAACRI2S5AAAAEElEQVR42mNkIAAYRxWAAQAG9gAKqv6+AwAAAABJRU5ErkJggg==\"><source data-srcset=\" \nhttps:\/\/cdni.russiatoday.com\/deutsch\/images\/2022.04\/thumbnail\/6260012d48fbef6ab05bbf94.jpg 460w,\n              https:\/\/cdni.russiatoday.com\/deutsch\/images\/2022.04\/article\/6260012d48fbef6ab05bbf93.jpg 980w,\n            \" srcset=\"data:image\/png;base64,iVBORw0KGgoAAAANSUhEUgAAABAAAAAJCAQAAACRI2S5AAAAEElEQVR42mNkIAAYRxWAAQAG9gAKqv6+AwAAAABJRU5ErkJggg==\"><!--[if IE 9]><\/video><![endif]--><\/source><\/source><\/picture><!-- noscript pattern --><noscript><img decoding=\"async\" src=\"https:\/\/cdni.russiatoday.com\/deutsch\/images\/2022.04\/article\/6260012d48fbef6ab05bbf93.jpg\" alt=\"Skiurlaub als Fortbildungsreise deklariert: Vorw\u00fcrfe gegen Mobiles Einsatzkommando aus Sachsen\"><\/noscript>    <\/div><\/div>\n<div class=\"Card-contentWrap\">\n<div class=\"Card-content\">\n<div class=\"Card-title\">\n<div class=\"HeaderNews-root HeaderNews-type_6 \">\n<p>            <a target=\"_blank\" href=\"https:\/\/de.rt.com\/inland\/136584-skiurlaub-als-fortbildungsreise-deklariert-vorwurfe\/\" class=\"Link-root Link-isFullCard \" rel=\"noopener\"><br \/>\n                Skiurlaub als Fortbildungsreise deklariert: Vorw\u00fcrfe gegen Mobiles Einsatzkommando aus Sachsen<br \/>\n            <\/a><\/p><\/div><\/div><\/div><\/div>\n<\/article>\n<\/div><\/div>\n<p>Sachsens Regierungschef begr\u00fcndete den Wechsel an der Spitze des Innenministeriums mit der Notwendigkeit eines Neuanfangs.\u00a0Es seien unter Ressortchef W\u00f6ller viele Dinge gut gelaufen, sagte Kretschmer am Freitag in Dresden und nannte dabei unter anderem das Polizeigesetz und den Stellenaufwuchs bei der Polizei. Zuletzt habe er aber das Gef\u00fchl gehabt, &#8220;wir reden nur noch \u00fcber vermeintliche oder tats\u00e4chliche Skandale&#8221;.<\/p>\n<p>Der 51-J\u00e4hrige stand unter anderem wegen umstrittener Personalentscheidungen in der Kritik. Zuletzt ging es um einen\u00a0Posten an der s\u00e4chsischen Polizeihochschule in Rothenburg im Landkreis G\u00f6rlitz. Dort soll etwa Manja Hussner neue Kanzlerin werden \u2013 eine fr\u00fchere Kommilitonin von W\u00f6llers Frau. Ihm wurde daraufhin Vetternwirtschaft vorgeworfen. Er wies das zur\u00fcck. Stellen w\u00fcrden allein auf Basis von Auswahlverfahren nach Eignung, Leistung und Bef\u00e4higung besetzt, entgegnete er seinen Kritikern.<\/p>\n<p>Erst diese Woche war eine neue Aff\u00e4re in der Polizei bekannt geworden. Das Mobile Einsatzkommando (MEK) Dresden soll einen Skiurlaub in einem Vier-Sterne-Hotel in den Alpen als &#8220;Fortbildungsreise&#8221; deklariert haben.\u00a0W\u00f6ller\u00a0zeigte sich &#8220;ersch\u00fcttert, aber nicht \u00fcberrascht&#8221;.<\/p>\n<p>Bereits Anfang April sorgte das Mobile Einsatzkommando Leipzig f\u00fcr Schlagzeilen. Laut Generalstaatsanwaltschaft Dresden stehen 23 Beamte und eine Polizei\u00e4rztin wegen eines verbotenen Aufnahmerituals im Fokus.\u00a0Im Dezember 2020 sollen in der Dienststelle in Leipzig auf Weisung eines Gruppenf\u00fchrers zwei neue Kommando-Angeh\u00f6rige von mehreren Sch\u00fcssen aus einer polizeilichen \u00dcbungswaffe mit Farbpatronen getroffen und verletzt worden sein.<\/p>\n<div class=\"ReadMore-root Section-root Section-is1to3-xs_is1to1\" data-widgets=\"ReadMore\" data-has-alias>\n<div class=\"Section-container Section-isRow-isTop-isWrap\">\n<article class=\"Card-root Card-is1to1 \">\n<div class=\"Card-imageWrap\">\n<div class=\"Card-picture\">\n<picture class=\"Picture-root Picture-default\"><!--[if IE 9]><video style=\"display: none;\"><![endif]--><source media=\"(-webkit-min-device-pixel-ratio: 2) and (min-resolution: 120dpi)\" data-srcset=\" \nhttps:\/\/cdni.russiatoday.com\/deutsch\/images\/2022.04\/thumbnail\/6257f962b480cc2d4a4803be.jpg 850w,\n                https:\/\/cdni.russiatoday.com\/deutsch\/images\/2022.04\/article\/6257f962b480cc2d4a4803be.jpg 1960w,\n            \" srcset=\"data:image\/png;base64,iVBORw0KGgoAAAANSUhEUgAAABAAAAAJCAQAAACRI2S5AAAAEElEQVR42mNkIAAYRxWAAQAG9gAKqv6+AwAAAABJRU5ErkJggg==\"><source data-srcset=\" \nhttps:\/\/cdni.russiatoday.com\/deutsch\/images\/2022.04\/thumbnail\/6257f962b480cc2d4a4803be.jpg 460w,\n              https:\/\/cdni.russiatoday.com\/deutsch\/images\/2022.04\/article\/6257f962b480cc2d4a4803be.jpg 980w,\n            \" srcset=\"data:image\/png;base64,iVBORw0KGgoAAAANSUhEUgAAABAAAAAJCAQAAACRI2S5AAAAEElEQVR42mNkIAAYRxWAAQAG9gAKqv6+AwAAAABJRU5ErkJggg==\"><!--[if IE 9]><\/video><![endif]--><img decoding=\"async\" data-sizes=\"auto\" src=\"data:image\/png;base64,iVBORw0KGgoAAAANSUhEUgAAABAAAAAJCAQAAACRI2S5AAAAEElEQVR42mNkIAAYRxWAAQAG9gAKqv6+AwAAAABJRU5ErkJggg==\" class=\"Picture-root Picture-default lazyload\" data-src=\"https:\/\/cdni.russiatoday.com\/deutsch\/images\/2022.04\/thumbnail\/6257f962b480cc2d4a4803be.jpg\" alt='\"D\u00fcrfen nicht Kriegspartei werden\": Kretschmer gegen Lieferung schwerer Waffen in die Ukraine'><\/source><\/source><\/picture><!-- noscript pattern --><noscript><img decoding=\"async\" src=\"https:\/\/cdni.russiatoday.com\/deutsch\/images\/2022.04\/article\/6257f962b480cc2d4a4803be.jpg\" alt='\"D\u00fcrfen nicht Kriegspartei werden\": Kretschmer gegen Lieferung schwerer Waffen in die Ukraine'><\/noscript>    <\/div><\/div>\n<div class=\"Card-contentWrap\">\n<div class=\"Card-content\">\n<div class=\"Card-title\">\n<div class=\"HeaderNews-root HeaderNews-type_6 \">\n<p>            <a target=\"_blank\" href=\"https:\/\/de.rt.com\/inland\/136212-durfen-nicht-kriegspartei-werden-kretschmer\/\" class=\"Link-root Link-isFullCard \" rel=\"noopener\"><br \/>\n                &#8220;D\u00fcrfen nicht Kriegspartei werden&#8221;: Kretschmer gegen Lieferung schwerer Waffen in die Ukraine<br \/>\n            <\/a><\/p><\/div><\/div><\/div><\/div>\n<\/article>\n<\/div><\/div>\n<p>Die beiden Vorf\u00e4lle kamen im Zuge der Ermittlungen zu dem sogenannten <a target=\"_blank\" href=\"https:\/\/www.mdr.de\/nachrichten\/sachsen\/polizei-landeskriminalamt-noch-mehr-munition-gestohlen-100.html\" rel=\"noopener noreferrer\">Munitionsskandal<\/a>\u00a0des MEK Dresden ans Licht, der schon seit rund einem Jahr Sachsens Beh\u00f6rden besch\u00e4ftigt.\u00a0Demnach h\u00e4tten Spezialkr\u00e4fte etwa 14.000 Patronen gestohlen und zumindest einen Teil davon als Zahlungsmittel auf einem privaten Schie\u00dftraining\u00a0in Mecklenburg-Vorpommern verwendet. Die Generalstaatsanwaltschaft hat inzwischen Anklage gegen drei Polizisten erhoben, gegen 14 weitere wird noch ermittelt.<\/p>\n<p>Eine weitere Aff\u00e4re betraf Korruptionsvorw\u00fcrfe bei der Polizei in Leipzig. Dort sollen Beamte illegal mit gestohlenen Fahrr\u00e4dern gehandelt haben. Der Fall sorgte unter dem Schlagwort &#8220;Fahrradgate&#8221; f\u00fcr Aufsehen. Inzwischen ist Anklage gegen die fr\u00fchere Leiterin der Asservatenkammer erhoben worden.<\/p>\n<p>W\u00f6llers Nachfolger soll Armin Schuster werden. Er ist CDU-Mitglied und\u00a0bisheriger\u00a0Chef des Bundesamts f\u00fcr Bev\u00f6lkerungsschutz und Katastrophenhilfe (BBK). Er soll nach Informationen der Nachrichtenagentur <em>dpa<\/em> seine Ernennungsurkunde am Montag erhalten. Schuster kommt urspr\u00fcnglich von der Bundespolizei und bringt Erfahrungen als Beh\u00f6rdenleiter mit. 2009 zog er f\u00fcr die CDU in den Bundestag ein, ging bei der Verteilung von Posten im Fraktionsvorstand aber immer leer aus. Der damalige Innenminister Horst Seehofer (CSU)\u00a0ernannte Schuster im November 2020 zum BBK-Leiter.<\/p>\n<p><strong>Mehr zum Thema<\/strong>\u00a0&#8211;\u00a0<a target=\"_blank\" href=\"https:\/\/de.rt.com\/inland\/98902-rechtsextreme-gruppe-nordkreuz-soll-sek-munition-besessen-haben\/\" rel=\"noopener\">Rechtsextreme Gruppe &#8220;Nordkreuz&#8221; soll SEK-Munition besessen haben<\/a><\/p>\n<p>(rt\/dpa)<\/p>\n<\/div>\n<p><br \/>\n<br \/><a href=\"https:\/\/de.rt.com\/inland\/136790-nach-reihe-von-skandalen-sachsens\/\">Source link <\/a><\/p>\n","protected":false},"excerpt":{"rendered":"<p>Der CDU-Politiker\u00a0Roland\u00a0W\u00f6ller\u00a0wird als Innenminister von Sachsen entlassen.\u00a0Regierungschef Michael Kretschmer (CDU) zieht damit Konsequenzen aus umstrittenen Personalentscheidungen W\u00f6llers und mehreren Skandalen bei der Polizei. W\u00f6ller\u00a0hat seine Entlassungsurkunde erhalten und soll bis Montag gesch\u00e4ftsf\u00fchrend im Amt bleiben. In den vergangenen Tagen hatte der Druck auf den s\u00e4chsischen Minister stark zugenommen. Polizeigewerkschaften entzogen ihm das Vertrauen und erneuerten [&hellip;]<\/p>\n","protected":false},"author":3,"featured_media":2461,"comment_status":"open","ping_status":"open","sticky":false,"template":"","format":"standard","meta":{"wp_automatic_camp":["217"],"9750d26a2f1605943f027504dab9acef":["Nach einer Reihe von Skandalen: Sachsens Innenminister Roland W\u00f6ller entlassen"],"original_link":["https:\/\/de.rt.com\/inland\/136790-nach-reihe-von-skandalen-sachsens\/"],"_thumbnail_id":["2461"],"wp_automatic_remove_first_image":["yes"],"_wptg_p2tg_sent2tg":["2022-04-22 12:40:16"],"jnews_social_counter_last_update":["1777637671"]},"categories":[19,23],"tags":[212,7142,7139,979,7136,7140,7138,7137,50,7141],"yoast_head":"<!-- This site is optimized with the Yoast SEO Premium plugin v22.7 (Yoast SEO v22.7) - https:\/\/yoast.com\/wordpress\/plugins\/seo\/ -->\n<title>Nach einer Reihe von Skandalen: Sachsens Innenminister Roland W\u00f6ller entlassen - just-now.NEWS Deutschland<\/title>\n<meta name=\"robots\" content=\"index, follow, max-snippet:-1, max-image-preview:large, max-video-preview:-1\" \/>\n<link rel=\"canonical\" href=\"https:\/\/now-news.de\/de\/deutschland\/nach-einer-reihe-von-skandalen-sachsens-innenminister-roland-woeller-entlassen\/\" \/>\n<meta property=\"og:locale\" content=\"de_DE\" \/>\n<meta property=\"og:type\" content=\"article\" \/>\n<meta property=\"og:title\" content=\"Nach einer Reihe von Skandalen: Sachsens Innenminister Roland W\u00f6ller entlassen\" \/>\n<meta property=\"og:description\" content=\"Der CDU-Politiker\u00a0Roland\u00a0W\u00f6ller\u00a0wird als Innenminister von Sachsen entlassen.\u00a0Regierungschef Michael Kretschmer (CDU) zieht damit Konsequenzen aus umstrittenen Personalentscheidungen W\u00f6llers und mehreren Skandalen bei der Polizei. W\u00f6ller\u00a0hat seine Entlassungsurkunde erhalten und soll bis Montag gesch\u00e4ftsf\u00fchrend im Amt bleiben. In den vergangenen Tagen hatte der Druck auf den s\u00e4chsischen Minister stark zugenommen. Polizeigewerkschaften entzogen ihm das Vertrauen und erneuerten [&hellip;]\" \/>\n<meta property=\"og:url\" content=\"https:\/\/now-news.de\/de\/deutschland\/nach-einer-reihe-von-skandalen-sachsens-innenminister-roland-woeller-entlassen\/\" \/>\n<meta property=\"og:site_name\" content=\"just-now.NEWS Deutschland\" \/>\n<meta property=\"article:publisher\" content=\"https:\/\/www.facebook.com\/wirmachenauf\" \/>\n<meta property=\"article:published_time\" content=\"2022-04-22T13:36:22+00:00\" \/>\n<meta property=\"og:image\" content=\"https:\/\/now-news.de\/de\/wp-content\/uploads\/sites\/3\/2022\/04\/Nach-einer-Reihe-von-Skandalen-Sachsens-Innenminister-Roland-Woeller-entlassen.jpg\" \/>\n\t<meta property=\"og:image:width\" content=\"1104\" \/>\n\t<meta property=\"og:image:height\" content=\"622\" \/>\n\t<meta property=\"og:image:type\" content=\"image\/jpeg\" \/>\n<meta name=\"author\" content=\"rtnews\" \/>\n<meta name=\"twitter:card\" content=\"summary_large_image\" \/>\n<meta name=\"twitter:creator\" content=\"@WirMachenAuf_de\" \/>\n<meta name=\"twitter:site\" content=\"@WirMachenAuf_de\" \/>\n<meta name=\"twitter:label1\" content=\"Verfasst von\" \/>\n\t<meta name=\"twitter:data1\" content=\"rtnews\" \/>\n\t<meta name=\"twitter:label2\" content=\"Gesch\u00e4tzte Lesezeit\" \/>\n\t<meta name=\"twitter:data2\" content=\"3\u00a0Minuten\" \/>\n<script type=\"application\/ld+json\" class=\"yoast-schema-graph\">{\"@context\":\"https:\/\/schema.org\",\"@graph\":[{\"@type\":\"Article\",\"@id\":\"https:\/\/now-news.de\/de\/deutschland\/nach-einer-reihe-von-skandalen-sachsens-innenminister-roland-woeller-entlassen\/#article\",\"isPartOf\":{\"@id\":\"https:\/\/now-news.de\/de\/deutschland\/nach-einer-reihe-von-skandalen-sachsens-innenminister-roland-woeller-entlassen\/\"},\"author\":{\"name\":\"rtnews\",\"@id\":\"https:\/\/now-news.de\/de\/#\/schema\/person\/fb534a4e865501d8b3285208df34a9b5\"},\"headline\":\"Nach einer Reihe von Skandalen: Sachsens Innenminister Roland W\u00f6ller entlassen\",\"datePublished\":\"2022-04-22T13:36:22+00:00\",\"dateModified\":\"2022-04-22T13:36:22+00:00\",\"mainEntityOfPage\":{\"@id\":\"https:\/\/now-news.de\/de\/deutschland\/nach-einer-reihe-von-skandalen-sachsens-innenminister-roland-woeller-entlassen\/\"},\"wordCount\":568,\"commentCount\":0,\"publisher\":{\"@id\":\"https:\/\/now-news.de\/de\/#organization\"},\"image\":{\"@id\":\"https:\/\/now-news.de\/de\/deutschland\/nach-einer-reihe-von-skandalen-sachsens-innenminister-roland-woeller-entlassen\/#primaryimage\"},\"thumbnailUrl\":\"https:\/\/now-news.de\/de\/wp-content\/uploads\/sites\/3\/2022\/04\/Nach-einer-Reihe-von-Skandalen-Sachsens-Innenminister-Roland-Woeller-entlassen.jpg\",\"keywords\":[\"einer\",\"entlassen\",\"Innenminister\",\"nach\",\"Reihe\",\"Roland\",\"Sachsens\",\"Skandalen\",\"von\",\"W\u00f6ller\"],\"articleSection\":[\"Deutschland\",\"Russland\"],\"inLanguage\":\"de\",\"potentialAction\":[{\"@type\":\"CommentAction\",\"name\":\"Comment\",\"target\":[\"https:\/\/now-news.de\/de\/deutschland\/nach-einer-reihe-von-skandalen-sachsens-innenminister-roland-woeller-entlassen\/#respond\"]}]},{\"@type\":\"WebPage\",\"@id\":\"https:\/\/now-news.de\/de\/deutschland\/nach-einer-reihe-von-skandalen-sachsens-innenminister-roland-woeller-entlassen\/\",\"url\":\"https:\/\/now-news.de\/de\/deutschland\/nach-einer-reihe-von-skandalen-sachsens-innenminister-roland-woeller-entlassen\/\",\"name\":\"Nach einer Reihe von Skandalen: Sachsens Innenminister Roland W\u00f6ller entlassen - just-now.NEWS Deutschland\",\"isPartOf\":{\"@id\":\"https:\/\/now-news.de\/de\/#website\"},\"primaryImageOfPage\":{\"@id\":\"https:\/\/now-news.de\/de\/deutschland\/nach-einer-reihe-von-skandalen-sachsens-innenminister-roland-woeller-entlassen\/#primaryimage\"},\"image\":{\"@id\":\"https:\/\/now-news.de\/de\/deutschland\/nach-einer-reihe-von-skandalen-sachsens-innenminister-roland-woeller-entlassen\/#primaryimage\"},\"thumbnailUrl\":\"https:\/\/now-news.de\/de\/wp-content\/uploads\/sites\/3\/2022\/04\/Nach-einer-Reihe-von-Skandalen-Sachsens-Innenminister-Roland-Woeller-entlassen.jpg\",\"datePublished\":\"2022-04-22T13:36:22+00:00\",\"dateModified\":\"2022-04-22T13:36:22+00:00\",\"breadcrumb\":{\"@id\":\"https:\/\/now-news.de\/de\/deutschland\/nach-einer-reihe-von-skandalen-sachsens-innenminister-roland-woeller-entlassen\/#breadcrumb\"},\"inLanguage\":\"de\",\"potentialAction\":[{\"@type\":\"ReadAction\",\"target\":[\"https:\/\/now-news.de\/de\/deutschland\/nach-einer-reihe-von-skandalen-sachsens-innenminister-roland-woeller-entlassen\/\"]}]},{\"@type\":\"ImageObject\",\"inLanguage\":\"de\",\"@id\":\"https:\/\/now-news.de\/de\/deutschland\/nach-einer-reihe-von-skandalen-sachsens-innenminister-roland-woeller-entlassen\/#primaryimage\",\"url\":\"https:\/\/now-news.de\/de\/wp-content\/uploads\/sites\/3\/2022\/04\/Nach-einer-Reihe-von-Skandalen-Sachsens-Innenminister-Roland-Woeller-entlassen.jpg\",\"contentUrl\":\"https:\/\/now-news.de\/de\/wp-content\/uploads\/sites\/3\/2022\/04\/Nach-einer-Reihe-von-Skandalen-Sachsens-Innenminister-Roland-Woeller-entlassen.jpg\",\"width\":1104,\"height\":622,\"caption\":\"Nach einer Reihe von Skandalen: Sachsens Innenminister Roland W\u00f6ller entlassen\"},{\"@type\":\"BreadcrumbList\",\"@id\":\"https:\/\/now-news.de\/de\/deutschland\/nach-einer-reihe-von-skandalen-sachsens-innenminister-roland-woeller-entlassen\/#breadcrumb\",\"itemListElement\":[{\"@type\":\"ListItem\",\"position\":1,\"name\":\"Home\",\"item\":\"https:\/\/now-news.de\/de\/\"},{\"@type\":\"ListItem\",\"position\":2,\"name\":\"Nach einer Reihe von Skandalen: Sachsens Innenminister Roland W\u00f6ller entlassen\"}]},{\"@type\":\"WebSite\",\"@id\":\"https:\/\/now-news.de\/de\/#website\",\"url\":\"https:\/\/now-news.de\/de\/\",\"name\":\"just-now.NEWS Deutschland\",\"description\":\"Das Portal f\u00fcr unzensierte Nachrichten aus der Welt\",\"publisher\":{\"@id\":\"https:\/\/now-news.de\/de\/#organization\"},\"potentialAction\":[{\"@type\":\"SearchAction\",\"target\":{\"@type\":\"EntryPoint\",\"urlTemplate\":\"https:\/\/now-news.de\/de\/?s={search_term_string}\"},\"query-input\":\"required name=search_term_string\"}],\"inLanguage\":\"de\"},{\"@type\":\"Organization\",\"@id\":\"https:\/\/now-news.de\/de\/#organization\",\"name\":\"Just Now News\",\"url\":\"https:\/\/now-news.de\/de\/\",\"logo\":{\"@type\":\"ImageObject\",\"inLanguage\":\"de\",\"@id\":\"https:\/\/now-news.de\/de\/#\/schema\/logo\/image\/\",\"url\":\"http:\/\/just-now.news\/de\/wp-content\/uploads\/sites\/3\/2022\/04\/logo500x500.jpg\",\"contentUrl\":\"http:\/\/just-now.news\/de\/wp-content\/uploads\/sites\/3\/2022\/04\/logo500x500.jpg\",\"width\":500,\"height\":500,\"caption\":\"Just Now News\"},\"image\":{\"@id\":\"https:\/\/now-news.de\/de\/#\/schema\/logo\/image\/\"},\"sameAs\":[\"https:\/\/www.facebook.com\/wirmachenauf\",\"https:\/\/x.com\/WirMachenAuf_de\"]},{\"@type\":\"Person\",\"@id\":\"https:\/\/now-news.de\/de\/#\/schema\/person\/fb534a4e865501d8b3285208df34a9b5\",\"name\":\"rtnews\",\"image\":{\"@type\":\"ImageObject\",\"inLanguage\":\"de\",\"@id\":\"https:\/\/now-news.de\/de\/#\/schema\/person\/image\/\",\"url\":\"https:\/\/secure.gravatar.com\/avatar\/82aafea7d8127119dd649515f56e2117?s=96&d=mm&r=g\",\"contentUrl\":\"https:\/\/secure.gravatar.com\/avatar\/82aafea7d8127119dd649515f56e2117?s=96&d=mm&r=g\",\"caption\":\"rtnews\"},\"url\":\"https:\/\/now-news.de\/de\/author\/rnews\/\"}]}<\/script>\n<!-- \/ Yoast SEO Premium plugin. -->","yoast_head_json":{"title":"Nach einer Reihe von Skandalen: Sachsens Innenminister Roland W\u00f6ller entlassen - just-now.NEWS Deutschland","robots":{"index":"index","follow":"follow","max-snippet":"max-snippet:-1","max-image-preview":"max-image-preview:large","max-video-preview":"max-video-preview:-1"},"canonical":"https:\/\/now-news.de\/de\/deutschland\/nach-einer-reihe-von-skandalen-sachsens-innenminister-roland-woeller-entlassen\/","og_locale":"de_DE","og_type":"article","og_title":"Nach einer Reihe von Skandalen: Sachsens Innenminister Roland W\u00f6ller entlassen","og_description":"Der CDU-Politiker\u00a0Roland\u00a0W\u00f6ller\u00a0wird als Innenminister von Sachsen entlassen.\u00a0Regierungschef Michael Kretschmer (CDU) zieht damit Konsequenzen aus umstrittenen Personalentscheidungen W\u00f6llers und mehreren Skandalen bei der Polizei. W\u00f6ller\u00a0hat seine Entlassungsurkunde erhalten und soll bis Montag gesch\u00e4ftsf\u00fchrend im Amt bleiben. In den vergangenen Tagen hatte der Druck auf den s\u00e4chsischen Minister stark zugenommen. Polizeigewerkschaften entzogen ihm das Vertrauen und erneuerten [&hellip;]","og_url":"https:\/\/now-news.de\/de\/deutschland\/nach-einer-reihe-von-skandalen-sachsens-innenminister-roland-woeller-entlassen\/","og_site_name":"just-now.NEWS Deutschland","article_publisher":"https:\/\/www.facebook.com\/wirmachenauf","article_published_time":"2022-04-22T13:36:22+00:00","og_image":[{"width":1104,"height":622,"url":"https:\/\/now-news.de\/de\/wp-content\/uploads\/sites\/3\/2022\/04\/Nach-einer-Reihe-von-Skandalen-Sachsens-Innenminister-Roland-Woeller-entlassen.jpg","type":"image\/jpeg"}],"author":"rtnews","twitter_card":"summary_large_image","twitter_creator":"@WirMachenAuf_de","twitter_site":"@WirMachenAuf_de","twitter_misc":{"Verfasst von":"rtnews","Gesch\u00e4tzte Lesezeit":"3\u00a0Minuten"},"schema":{"@context":"https:\/\/schema.org","@graph":[{"@type":"Article","@id":"https:\/\/now-news.de\/de\/deutschland\/nach-einer-reihe-von-skandalen-sachsens-innenminister-roland-woeller-entlassen\/#article","isPartOf":{"@id":"https:\/\/now-news.de\/de\/deutschland\/nach-einer-reihe-von-skandalen-sachsens-innenminister-roland-woeller-entlassen\/"},"author":{"name":"rtnews","@id":"https:\/\/now-news.de\/de\/#\/schema\/person\/fb534a4e865501d8b3285208df34a9b5"},"headline":"Nach einer Reihe von Skandalen: Sachsens Innenminister Roland W\u00f6ller entlassen","datePublished":"2022-04-22T13:36:22+00:00","dateModified":"2022-04-22T13:36:22+00:00","mainEntityOfPage":{"@id":"https:\/\/now-news.de\/de\/deutschland\/nach-einer-reihe-von-skandalen-sachsens-innenminister-roland-woeller-entlassen\/"},"wordCount":568,"commentCount":0,"publisher":{"@id":"https:\/\/now-news.de\/de\/#organization"},"image":{"@id":"https:\/\/now-news.de\/de\/deutschland\/nach-einer-reihe-von-skandalen-sachsens-innenminister-roland-woeller-entlassen\/#primaryimage"},"thumbnailUrl":"https:\/\/now-news.de\/de\/wp-content\/uploads\/sites\/3\/2022\/04\/Nach-einer-Reihe-von-Skandalen-Sachsens-Innenminister-Roland-Woeller-entlassen.jpg","keywords":["einer","entlassen","Innenminister","nach","Reihe","Roland","Sachsens","Skandalen","von","W\u00f6ller"],"articleSection":["Deutschland","Russland"],"inLanguage":"de","potentialAction":[{"@type":"CommentAction","name":"Comment","target":["https:\/\/now-news.de\/de\/deutschland\/nach-einer-reihe-von-skandalen-sachsens-innenminister-roland-woeller-entlassen\/#respond"]}]},{"@type":"WebPage","@id":"https:\/\/now-news.de\/de\/deutschland\/nach-einer-reihe-von-skandalen-sachsens-innenminister-roland-woeller-entlassen\/","url":"https:\/\/now-news.de\/de\/deutschland\/nach-einer-reihe-von-skandalen-sachsens-innenminister-roland-woeller-entlassen\/","name":"Nach einer Reihe von Skandalen: Sachsens Innenminister Roland W\u00f6ller entlassen - just-now.NEWS Deutschland","isPartOf":{"@id":"https:\/\/now-news.de\/de\/#website"},"primaryImageOfPage":{"@id":"https:\/\/now-news.de\/de\/deutschland\/nach-einer-reihe-von-skandalen-sachsens-innenminister-roland-woeller-entlassen\/#primaryimage"},"image":{"@id":"https:\/\/now-news.de\/de\/deutschland\/nach-einer-reihe-von-skandalen-sachsens-innenminister-roland-woeller-entlassen\/#primaryimage"},"thumbnailUrl":"https:\/\/now-news.de\/de\/wp-content\/uploads\/sites\/3\/2022\/04\/Nach-einer-Reihe-von-Skandalen-Sachsens-Innenminister-Roland-Woeller-entlassen.jpg","datePublished":"2022-04-22T13:36:22+00:00","dateModified":"2022-04-22T13:36:22+00:00","breadcrumb":{"@id":"https:\/\/now-news.de\/de\/deutschland\/nach-einer-reihe-von-skandalen-sachsens-innenminister-roland-woeller-entlassen\/#breadcrumb"},"inLanguage":"de","potentialAction":[{"@type":"ReadAction","target":["https:\/\/now-news.de\/de\/deutschland\/nach-einer-reihe-von-skandalen-sachsens-innenminister-roland-woeller-entlassen\/"]}]},{"@type":"ImageObject","inLanguage":"de","@id":"https:\/\/now-news.de\/de\/deutschland\/nach-einer-reihe-von-skandalen-sachsens-innenminister-roland-woeller-entlassen\/#primaryimage","url":"https:\/\/now-news.de\/de\/wp-content\/uploads\/sites\/3\/2022\/04\/Nach-einer-Reihe-von-Skandalen-Sachsens-Innenminister-Roland-Woeller-entlassen.jpg","contentUrl":"https:\/\/now-news.de\/de\/wp-content\/uploads\/sites\/3\/2022\/04\/Nach-einer-Reihe-von-Skandalen-Sachsens-Innenminister-Roland-Woeller-entlassen.jpg","width":1104,"height":622,"caption":"Nach einer Reihe von Skandalen: Sachsens Innenminister Roland W\u00f6ller entlassen"},{"@type":"BreadcrumbList","@id":"https:\/\/now-news.de\/de\/deutschland\/nach-einer-reihe-von-skandalen-sachsens-innenminister-roland-woeller-entlassen\/#breadcrumb","itemListElement":[{"@type":"ListItem","position":1,"name":"Home","item":"https:\/\/now-news.de\/de\/"},{"@type":"ListItem","position":2,"name":"Nach einer Reihe von Skandalen: Sachsens Innenminister Roland W\u00f6ller entlassen"}]},{"@type":"WebSite","@id":"https:\/\/now-news.de\/de\/#website","url":"https:\/\/now-news.de\/de\/","name":"just-now.NEWS Deutschland","description":"Das Portal f\u00fcr unzensierte Nachrichten aus der Welt","publisher":{"@id":"https:\/\/now-news.de\/de\/#organization"},"potentialAction":[{"@type":"SearchAction","target":{"@type":"EntryPoint","urlTemplate":"https:\/\/now-news.de\/de\/?s={search_term_string}"},"query-input":"required name=search_term_string"}],"inLanguage":"de"},{"@type":"Organization","@id":"https:\/\/now-news.de\/de\/#organization","name":"Just Now News","url":"https:\/\/now-news.de\/de\/","logo":{"@type":"ImageObject","inLanguage":"de","@id":"https:\/\/now-news.de\/de\/#\/schema\/logo\/image\/","url":"http:\/\/just-now.news\/de\/wp-content\/uploads\/sites\/3\/2022\/04\/logo500x500.jpg","contentUrl":"http:\/\/just-now.news\/de\/wp-content\/uploads\/sites\/3\/2022\/04\/logo500x500.jpg","width":500,"height":500,"caption":"Just Now News"},"image":{"@id":"https:\/\/now-news.de\/de\/#\/schema\/logo\/image\/"},"sameAs":["https:\/\/www.facebook.com\/wirmachenauf","https:\/\/x.com\/WirMachenAuf_de"]},{"@type":"Person","@id":"https:\/\/now-news.de\/de\/#\/schema\/person\/fb534a4e865501d8b3285208df34a9b5","name":"rtnews","image":{"@type":"ImageObject","inLanguage":"de","@id":"https:\/\/now-news.de\/de\/#\/schema\/person\/image\/","url":"https:\/\/secure.gravatar.com\/avatar\/82aafea7d8127119dd649515f56e2117?s=96&d=mm&r=g","contentUrl":"https:\/\/secure.gravatar.com\/avatar\/82aafea7d8127119dd649515f56e2117?s=96&d=mm&r=g","caption":"rtnews"},"url":"https:\/\/now-news.de\/de\/author\/rnews\/"}]}},"_links":{"self":[{"href":"https:\/\/now-news.de\/de\/wp-json\/wp\/v2\/posts\/2460"}],"collection":[{"href":"https:\/\/now-news.de\/de\/wp-json\/wp\/v2\/posts"}],"about":[{"href":"https:\/\/now-news.de\/de\/wp-json\/wp\/v2\/types\/post"}],"author":[{"embeddable":true,"href":"https:\/\/now-news.de\/de\/wp-json\/wp\/v2\/users\/3"}],"replies":[{"embeddable":true,"href":"https:\/\/now-news.de\/de\/wp-json\/wp\/v2\/comments?post=2460"}],"version-history":[{"count":0,"href":"https:\/\/now-news.de\/de\/wp-json\/wp\/v2\/posts\/2460\/revisions"}],"wp:featuredmedia":[{"embeddable":true,"href":"https:\/\/now-news.de\/de\/wp-json\/wp\/v2\/media\/2461"}],"wp:attachment":[{"href":"https:\/\/now-news.de\/de\/wp-json\/wp\/v2\/media?parent=2460"}],"wp:term":[{"taxonomy":"category","embeddable":true,"href":"https:\/\/now-news.de\/de\/wp-json\/wp\/v2\/categories?post=2460"},{"taxonomy":"post_tag","embeddable":true,"href":"https:\/\/now-news.de\/de\/wp-json\/wp\/v2\/tags?post=2460"}],"curies":[{"name":"wp","href":"https:\/\/api.w.org\/{rel}","templated":true}]}}