{"id":24597,"date":"2022-12-03T09:39:41","date_gmt":"2022-12-03T07:39:41","guid":{"rendered":"https:\/\/just-now.news\/de\/deutschland\/fata-morgana-fachkraeftemangel-politiker-ignorieren-arbeitssuchende-ebenso-wie-marktlogik\/"},"modified":"2022-12-03T09:39:41","modified_gmt":"2022-12-03T07:39:41","slug":"fata-morgana-fachkraeftemangel-politiker-ignorieren-arbeitssuchende-ebenso-wie-marktlogik","status":"publish","type":"post","link":"https:\/\/now-news.de\/de\/deutschland\/fata-morgana-fachkraeftemangel-politiker-ignorieren-arbeitssuchende-ebenso-wie-marktlogik\/","title":{"rendered":"&quot;Fata Morgana&quot; Fachkr\u00e4ftemangel: Politiker ignorieren Arbeitssuchende ebenso wie Marktlogik"},"content":{"rendered":"<p><img decoding=\"async\" src=\"http:\/\/just-now.news\/de\/wp-content\/uploads\/sites\/3\/2022\/12\/638a1d5bb480cc55287cf251.jpg\" \/><\/p>\n<div class=\"Text-root Text-type_1 \">\n                Aus entferntesten Teilen der Welt wollen Menschen nach Deutschland einwandern, wie eine aktuelle Studie zur Werbung f\u00fcr &#8220;Fachkr\u00e4fte aus dem Ausland&#8221; unterstreicht. W\u00e4hrend die argumentative Logik f\u00fcr die Anwerbung im Ausland l\u00f6chrig ist, werden zahlreiche problematische Aspekte ausgeblendet.\n            <\/div>\n<p><\/p>\n<div class=\"Text-root Text-type_5 ArticleView-text ViewText-root \">\n<p>Am Freitag konnte man erfahren, dass Deutschland wohl bald noch mehr als bisher in das Anwerben ausl\u00e4ndischer Arbeitskr\u00e4fte investieren wird. Denn zwar gebe es vielerorts Interesse am Einwandern, doch wurden auch Barrieren identifiziert. So w\u00fcrden sich Interessenten mehr Unterst\u00fctzung in der Frage w\u00fcnschen, wie sie mit Firmen Kontakt aufnehmen k\u00f6nnen, zeigt eine Befragung der Organisation f\u00fcr wirtschaftliche Zusammenarbeit und Entwicklung (OECD) im Auftrag des deutschen Bundesministeriums f\u00fcr Arbeit und Soziales.<\/p>\n<p>W\u00e4hrend die Kontaktaufnahme zu gro\u00dfen Unternehmen auch f\u00fcr Privatpersonen hierzulande \u2013 sowohl f\u00fcr Arbeitsinteressierte als auch f\u00fcr Verbraucher \u2013 schon schwierig ist, werden sich im Ausland sicherlich die bereits bestehenden \u00f6ffentlich gef\u00f6rderten Institutionen, wie beispielsweise die Deutsche Gesellschaft f\u00fcr Internationale Zusammenarbeit (GIZ), bei denen es um Kontaktaufnahme zu und Anwerbung von Arbeitnehmern f\u00fcr Deutschland als attraktivem Wohn- und Arbeitsort geht, sicherlich noch intensiver mit der nun identifizierten Aufgabe befassen. Bereits im Jahr 2015 hatte die GIZ als GmbH mit der Bundesrepublik Deutschland als alleiniger Gesellschafterin beispielsweise im Kosovo ein <a rel=\"nofollow noopener\" target=\"_blank\" href=\"https:\/\/www.giz.de\/de\/mediathek\/34575.html\">Informationsb\u00fcro<\/a> unterhalten, mit dem die Beratung zu Arbeits-, Ausbildungs- und Studienm\u00f6glichkeiten in Deutschland angeboten wurde.<\/p>\n<p>Aus der am Freitag ver\u00f6ffentlichten Befragung der OECD, f\u00fcr die f\u00fcr zwischen Anfang August und Mitte Oktober knapp 30.000 internationale Fachkr\u00e4fte interviewt wurden, geht hervor, dass sich auch Fachkr\u00e4fte aus Indien, Kolumbien und der T\u00fcrkei f\u00fcr ein Leben in Deutschland interessieren. Die meisten von ihnen hatten \u00fcber die Website &#8220;Make It In Germany&#8221; ihr Interesse am Einwandern zu Erwerbszwecken bekundet.<\/p>\n<p>Den Angaben zufolge haben 74 Prozent der Befragten einen Hochschulabschluss. 15 Prozent sind IT-Fachkr\u00e4fte. Neun Prozent sind weder Akademiker noch haben sie einen Berufsabschluss. 70 Prozent derjenigen, die angaben, sich f\u00fcr eine berufliche Zukunft in Deutschland zu interessieren, sind m\u00e4nnlich. Knapp die H\u00e4lfte der potenziellen Arbeitsmigranten ist alleinstehend. Von den \u00dcbrigen \u00e4u\u00dferten rund 80 Prozent die Absicht, ihre Familie nach Deutschland mitzubringen.<\/p>\n<p>Laut der Studie sind Inder mit 19 Prozent unter den Befragten mit Deutschland als Zielland die gr\u00f6\u00dfte Gruppe. Jeder Zehnte ist aus Kolumbien. Neun Prozent der Interessierten sind T\u00fcrken, f\u00fcnf Prozent philippinische Staatsb\u00fcrger. Drei von f\u00fcnf Teilnehmern der Studie erkl\u00e4rten, f\u00fcr sie sei eine positive Einstellung gegen\u00fcber Migranten im Zielland sehr wichtig. Nur die Qualit\u00e4t des Gesundheits-, Sozial- und Bildungssystem wurden noch h\u00e4ufiger als entscheidende Faktoren genannt.<\/p>\n<p>Das Bundeskabinett hat nun am Mittwoch einen Plan verabschiedet, mit dem mehr Arbeitskr\u00e4fte nach Deutschland gelockt werden sollen. Flankiert werden soll die geplante Gesetzes\u00e4nderung von Werbema\u00dfnahmen im Ausland, um Deutschland als m\u00f6gliches Zielland f\u00fcr Fachkr\u00e4fte noch bekannter zu machen. Au\u00dferdem sollen Ausl\u00e4nder, die zwar noch keinen Arbeitsvertrag haben, aber bestimmte andere Kriterien erf\u00fcllen, leichter nach Deutschland kommen k\u00f6nnen, um hier einen Job zu finden. Auch soll ihnen bei Bedarf die Ausbildung in Deutschland erleichtert werden.<\/p>\n<p>Dass allerdings der sogenannte Fachkr\u00e4ftemangel einerseits ein Mythos ist, mit dem Unternehmen einen bereits straffen, internationalisierten Wettbewerb unter verf\u00fcgbaren Arbeitskr\u00e4ften zu versch\u00e4rfen suchen, um so die Konditionen, also die Arbeitsbedingungen oder die Entlohnung noch weiter dr\u00fccken zu k\u00f6nnen, findet aktuell wie auch fr\u00fcher schon in der Debatte ebenso wenig Erw\u00e4hnung wie eine Reihe anderer Probleme.<\/p>\n<p>Als Fata Morgana hat der Arbeitsmarktexperte des Deutschen Instituts f\u00fcr Wirtschaftsforschung (DIW), Karl Brenke, sogar den angeblichen Fachkr\u00e4ftemangel bezeichnet, welcher in erster Linie die Tr\u00e4gheit der Arbeitskr\u00e4fte suchenden Unternehmen widerspiegele, wie er in einem Interview im Jahr 2013 gegen\u00fcber der <em>Computerwoche<\/em> sagte. Im Jahr 2017 wiederholte er in einem Artikel mit dem Titel &#8220;Der Fachkr\u00e4ftemangel ist ein Mythos&#8221; in der <em>Wirtschaftswoche<\/em>:<\/p>\n<blockquote>\n<p><em>&#8220;Von einem fl\u00e4chendeckenden Fachkr\u00e4ftemangel kann &#8230; keine Rede sein.&#8221;<\/em><\/p>\n<\/blockquote>\n<p>Dennoch bleibt diese These seit Jahren bestehen und wird immer wieder von Wirtschaftsinstituten ebenso wie von Personalvermittlern bekr\u00e4ftigt, teils mit schiefen Statistiken, teils als Botschaft an die Politiker und auch f\u00fcr die Personalvermittler zur Bekr\u00e4ftigung, dass deren Arbeit dringend ben\u00f6tigt werde. Angesprochen darauf, dass doch zahlreiche Bewerbungen eingehen w\u00fcrden, bem\u00e4ngeln Unternehmen nicht selten eine vermeintlich unzureichende Qualit\u00e4t der Bewerber, w\u00e4hrend in Ausschreibungen mit &#8220;Leistungen&#8221; der Firmen wie etwa Kaffeeautomaten und Obstschalen bis hin zu einer &#8220;freundlichen Atmosph\u00e4re&#8221; oder anderen Faktoren geworben wird, welche die sp\u00e4tere Rentenh\u00f6he wohl kaum tangierenden und objektiv schwer nachvollziehbar sind.<\/p>\n<p>Selbst hochqualifizierte MINT-Fachkr\u00e4fte, also aus dem mathematisch-naturwissenschaftlichen Bereich, haben schon festgestellt, dass sie unerwartet lange auf einem beruflichen Abstellgleis verweilen, weil Arbeitgeber absolut unrealistische Ideen gepaart mit massiven Diskrepanzen zwischen den verlangten F\u00e4higkeiten von Bewerbern einerseits und den Arbeitsbedingungen andererseits hegen, vor allem bei der H\u00f6he des angebotenen Gehalts. Ein arbeitssuchender berufserfahrener Ingenieur brachte es so auf den Punkt, wie man es auch aus zahlreichen anderen Branchen \u00fcber Unternehmen h\u00f6rt und bei einem Blick in die Stellenausschreibungen quer durch alle Branchen und in verschiedenen L\u00e4ndern feststellen kann:<\/p>\n<blockquote>\n<p><em>&#8220;Sie suchen nach der Eier legenden Wollmilchsau.&#8221;<\/em><\/p>\n<\/blockquote>\n<p>Also nach Arbeitskr\u00e4ften, die sich wohl von den eigenen Eiern auch noch ern\u00e4hren kann \u2013 denn gleichzeitig sollen Personalkosten unangemessen gering gehalten werden. So hat beispielsweise der zitierte Ingenieur wiederholt zu h\u00f6ren bekommen, er sei &#8220;\u00fcberqualifiziert&#8221;, was eher einer euphemistischen Umschreibung daf\u00fcr gleichkommt, dass die Unternehmen das eigentlich angemessene Gehalt nicht zahlen wollen, und zwar nicht einmal ann\u00e4hernd. Zwar h\u00e4tte der Ingenieur sich sogar von vormals 170.000 Euro Jahresgehalt auf 150.000 Euro herunterhandeln lassen. Doch es kam zu keinem Arbeitsverh\u00e4ltnis in seiner Branche, weil die interessierte Firma maximal 70.000 Euro Jahresgehalt zahlen wollten. Zwar sind dies Summen, von denen <a rel=\"nofollow noopener\" target=\"_blank\" href=\"https:\/\/fromrussiawithlove.rtde.world\/inland\/102899-schaffe-schaffe-flaschle-sammle-grossteil-verdient-unterdurchschnittlich\/\">sehr viele Arbeitskr\u00e4fte in anderen Branchen auch hierzulande nur tr\u00e4umen k\u00f6nnen<\/a>, doch ist sie nicht angemessen angesichts dessen, was verlangt wird. Und an dieser Kluft zwischen den an Arbeitssuchende gestellten Anforderungen und den Leistungen, die die Unternehmen anbieten, scheitern zahlreiche potenzielle Einstellungen von sehr gut und kostenaufwendig in Deutschland ausgebildeten Bewerbern.<\/p>\n<p>Die als Argumentation in der Fachkr\u00e4ftemangel-Debatte vorgebrachten Statistiken kalkulieren auch schon mal Arbeitslosenzahlen gegen\u00fcber der Zahl offener Stellen, obwohl dieser Vergleich nichtssagend bis irref\u00fchrend ist, denn Brenke erkl\u00e4rt: &#8220;Nicht jeder, der einen neuen Job sucht, ist arbeitslos gemeldet.&#8221; Und weiterhin werden auch \u00f6fter mal mehrere Stellenanzeigen f\u00fcr einen einzigen Arbeitsplatz durch Personalvermittler geschaltet, wie selbst die Bundesagentur f\u00fcr Arbeit best\u00e4tigt.<\/p>\n<p>Weitere Aspekte werden in der aktuellen Euphorie \u00fcber die vermeintliche L\u00f6sung eines eigentlich fragw\u00fcrdigen Problems durch das Anwerben im Ausland ausgeblendet. Zum einen k\u00f6nnen zwar Geld\u00fcberweisungen in \u00e4rmere L\u00e4nder durch im reicheren Ausland t\u00e4tige Arbeitskr\u00e4fte einen Unterschied f\u00fcr die so Beg\u00fcnstigten ausmachen. Zum anderen ist aber seit Jahren bekannt und auch in uns n\u00e4her liegenden Staaten wie Polen oder Griechenland sp\u00fcrbar, dass am Ende Fachkr\u00e4fte dort tats\u00e4chlich fehlen, weil sie in reichere L\u00e4nder abgeworben wurden. Dazu z\u00e4hlen auch in jedem Land existenziell ben\u00f6tigte Fachkr\u00e4fte wie etwa \u00c4rzte. Selbst \u00f6konomistische Analysen \u00fcber abwanderndes &#8220;Humankapital&#8221; zeigen, dass &#8220;die effektive Abwanderung von Fachkr\u00e4ften &#8230; in der \u00fcberwiegenden Mehrheit der Entwicklungsl\u00e4nder, insbesondere in Afrika s\u00fcdlich der Sahara, in Mittelamerika und in kleinen L\u00e4ndern, das einkommensmaximierende Niveau \u00fcbersteigt&#8221;. Das f\u00e4llt somit wom\u00f6glich auf die Entwicklungspolitik zur\u00fcck und muss wieder durch \u00f6ffentliche Investitionen \u2013 an denen sich hierzulande auch Besch\u00e4ftigte mit Mindestlohn beteiligen d\u00fcrfen \u2013 wie die des BMZ aufgefangen werden. Innerhalb der Europ\u00e4ischen Union ist diese Problematik durch die aktiv gef\u00f6rderte Arbeitnehmermobilit\u00e4t seit Jahren bekannt, die sich auch auf die Entwicklungsl\u00e4nder auswirkt. So hie\u00df es sogar in einer Publikation der EU, dass diese Freiheit in den &#8220;Senderegionen&#8221; zu einer erheblichen Abwanderung von hochqualifizierten Arbeitskr\u00e4ften gef\u00fchrt hat.<\/p>\n<p>Somit tragen also letztlich Gesellschaften in den Entsenderegionen die sozio\u00f6konomischen Auswirkungen des erheblichen Verlusts von Talenten durch den altbekannten &#8220;Braindrain&#8221;. Doch auch die aufnehmenden Gesellschaften, um in dem Jargon zu bleiben, haben einiges zu tragen, und zwar nicht nur die Anwerbema\u00dfnahmen, welche mit \u00f6ffentlichen Geldern und h\u00f6chstens mit einem begrenzten Anteil von den beg\u00fcnstigten Unternehmen getragen werden. Hinzu kommen wohl die Ausbildungsaufwendungen samt Sprachkursen. Jessica Tatti, arbeitsmarkt- und sozialpolitische Sprecherin der Fraktion Die Linke im Deutschen Bundestag, kritisierte zudem:<\/p>\n<blockquote>\n<p><em>&#8220;Die Bundesregierung kommt mit immer neuen Ank\u00fcndigungen um die Ecke, wie sie die Nachfrage nach neuen Arbeitskr\u00e4ften bedienen kann. Die Debatte versteift sich aber darauf, wie den Unternehmen m\u00f6glichst billig und unkompliziert ausgebildete Fachkr\u00e4fte aus dem Ausland zugef\u00fchrt werden k\u00f6nnen. Die Bundesregierung verdr\u00e4ngt offenbar v\u00f6llig, dass es immer noch sehr viele Arbeitslose gibt und sich immer noch viel zu viele Menschen in unfreiwilliger Teilzeit und prek\u00e4ren Besch\u00e4ftigungen finden. Die Ampel setzt aufs falsche Pferd.&#8221;<\/em><\/p>\n<\/blockquote>\n<p>Angesichts der Arbeitslosenquote von 5,3 Prozent d\u00fcrfe die Bundesregierung nicht weiter an der Aus- und Weiterbildung arbeitsloser Menschen sparen, vielmehr sollte die Bundesregierung demnach m\u00f6glichst Fachkr\u00e4fte aus diesem Bereich sch\u00f6pfen und hier die Weiterbildung besser f\u00f6rdern.<\/p>\n<p>Weiterhin geht es in der Fachkr\u00e4ftemangel-Debatte um den Arbeitsmarkt, der als ein &#8220;Markt&#8221; die Balance zwischen Angebot und Nachfrage durch Preise spiegeln sollte. So best\u00e4tigte der Arbeitsmarktexperte Brenke, dass der einzig zuverl\u00e4ssige Indikator, um Engp\u00e4sse am Arbeitsmarkt zu messen, die Lohnentwicklung sein m\u00fcsse.<\/p>\n<blockquote>\n<p><em>&#8220;G\u00e4be es tats\u00e4chlich einen Fachkr\u00e4ftemangel, m\u00fcssten die Reall\u00f6hne viel st\u00e4rker steigen.&#8221;<\/em><\/p>\n<\/blockquote>\n<p>Und das ist, wie wohl allen sp\u00e4testens seit dem <a rel=\"nofollow noopener\" target=\"_blank\" href=\"https:\/\/www.3sat.de\/gesellschaft\/makro\/mythos-fachkraeftemangel-ganze-sendung-100.html\">Pflegekr\u00e4fte<\/a>&#8211;<a rel=\"nofollow noopener\" target=\"_blank\" href=\"https:\/\/fromrussiawithlove.rtde.world\/inland\/129928-exodus-aus-der-altenpflege-befuerchtet\/\">Desaster<\/a> bekannt und immer deutlicher <a rel=\"nofollow noopener\" target=\"_blank\" href=\"https:\/\/fromrussiawithlove.rtde.world\/europa\/147651-grossbritannien-vom-sommer-streiks\/\">auch an Streiks<\/a>\u00a0<a rel=\"nofollow noopener\" target=\"_blank\" href=\"https:\/\/fromrussiawithlove.rtde.world\/inland\/video\/114902-war-zum-teil-arrogante-stimmung\/\">in unterschiedlichsten<\/a> Sektoren und mehreren L\u00e4ndern festzustellen ist, auch im Jahr 2022 oftmals eben nicht der Fall.<\/p>\n<p><strong>Mehr zum Thema\u00a0<\/strong>\u2013\u00a0<a rel=\"nofollow noopener\" target=\"_blank\" href=\"https:\/\/fromrussiawithlove.rtde.world\/wirtschaft\/136624-top-okonom-zu-inflation-anhebung-einkommen\/\">Top-\u00d6konom zu Inflation: Anhebung der Einkommen &#8220;absolut notwendig&#8221; <\/a><\/p>\n<div class=\"EmbedBlock-root EmbedBlock-externalVideo EmbedBlock-vk\">\n<div class=\"VkEmbed\"><iframe class=\"lazyload\" data-src=\"https:\/\/vk.com\/video_ext.php?oid=-134310637&amp;id=456260790&amp;hash=ad7a58fcfb570d12\" frameborder=\"0\" width=\"853\" height=\"480\" allowfullscreen><\/iframe><\/div>\n<\/div>\n<\/div>\n<p><br \/>\n<br \/><a href=\"https:\/\/de.rt.com\/inland\/156132-fata-morgana-fachkraeftemangel-politiker-ignorieren\/\">Source link <\/a><\/p>\n","protected":false},"excerpt":{"rendered":"<p>Aus entferntesten Teilen der Welt wollen Menschen nach Deutschland einwandern, wie eine aktuelle Studie zur Werbung f\u00fcr &#8220;Fachkr\u00e4fte aus dem Ausland&#8221; unterstreicht. W\u00e4hrend die argumentative Logik f\u00fcr die Anwerbung im Ausland l\u00f6chrig ist, werden zahlreiche problematische Aspekte ausgeblendet. Am Freitag konnte man erfahren, dass Deutschland wohl bald noch mehr als bisher in das Anwerben ausl\u00e4ndischer [&hellip;]<\/p>\n","protected":false},"author":3,"featured_media":24598,"comment_status":"open","ping_status":"open","sticky":false,"template":"","format":"standard","meta":{"_yoast_indexnow_last_ping":["1670053722"],"wp_automatic_camp":["217"],"e264db953d200e9194973f855b3225c0":["&quot;Fata Morgana&quot; Fachkr\u00e4ftemangel: Politiker ignorieren Arbeitssuchende ebenso wie Marktlogik"],"original_link":["https:\/\/de.rt.com\/inland\/156132-fata-morgana-fachkraeftemangel-politiker-ignorieren\/"],"_thumbnail_id":["24598"],"_wptgpro_p2tg_sent2tg":["a:1:{i:23737;s:19:\"2022-12-03 09:49:57\";}"],"jnews_social_counter_last_update":["1777611899"]},"categories":[19,23],"tags":[36934,36935,36933,20223,36936,36932,5679,36931,579],"yoast_head":"<!-- This site is optimized with the Yoast SEO Premium plugin v22.7 (Yoast SEO v22.7) - https:\/\/yoast.com\/wordpress\/plugins\/seo\/ -->\n<title>&quot;Fata Morgana&quot; Fachkr\u00e4ftemangel: Politiker ignorieren Arbeitssuchende ebenso wie Marktlogik - just-now.NEWS Deutschland<\/title>\n<meta name=\"robots\" content=\"index, follow, max-snippet:-1, max-image-preview:large, max-video-preview:-1\" \/>\n<link rel=\"canonical\" href=\"https:\/\/now-news.de\/de\/deutschland\/fata-morgana-fachkraeftemangel-politiker-ignorieren-arbeitssuchende-ebenso-wie-marktlogik\/\" \/>\n<meta property=\"og:locale\" content=\"de_DE\" \/>\n<meta property=\"og:type\" content=\"article\" \/>\n<meta property=\"og:title\" content=\"&quot;Fata Morgana&quot; Fachkr\u00e4ftemangel: Politiker ignorieren Arbeitssuchende ebenso wie Marktlogik\" \/>\n<meta property=\"og:description\" content=\"Aus entferntesten Teilen der Welt wollen Menschen nach Deutschland einwandern, wie eine aktuelle Studie zur Werbung f\u00fcr &#8220;Fachkr\u00e4fte aus dem Ausland&#8221; unterstreicht. W\u00e4hrend die argumentative Logik f\u00fcr die Anwerbung im Ausland l\u00f6chrig ist, werden zahlreiche problematische Aspekte ausgeblendet. Am Freitag konnte man erfahren, dass Deutschland wohl bald noch mehr als bisher in das Anwerben ausl\u00e4ndischer [&hellip;]\" \/>\n<meta property=\"og:url\" content=\"https:\/\/now-news.de\/de\/deutschland\/fata-morgana-fachkraeftemangel-politiker-ignorieren-arbeitssuchende-ebenso-wie-marktlogik\/\" \/>\n<meta property=\"og:site_name\" content=\"just-now.NEWS Deutschland\" \/>\n<meta property=\"article:publisher\" content=\"https:\/\/www.facebook.com\/wirmachenauf\" \/>\n<meta property=\"article:published_time\" content=\"2022-12-03T07:39:41+00:00\" \/>\n<meta property=\"og:image\" content=\"https:\/\/now-news.de\/de\/wp-content\/uploads\/sites\/3\/2022\/12\/quotFata-Morganaquot-Fachkraeftemangel-Politiker-ignorieren-Arbeitssuchende-ebenso-wie-Marktlogik.jpg\" \/>\n\t<meta property=\"og:image:width\" content=\"460\" \/>\n\t<meta property=\"og:image:height\" content=\"259\" \/>\n\t<meta property=\"og:image:type\" content=\"image\/jpeg\" \/>\n<meta name=\"author\" content=\"rtnews\" \/>\n<meta name=\"twitter:card\" content=\"summary_large_image\" \/>\n<meta name=\"twitter:creator\" content=\"@WirMachenAuf_de\" \/>\n<meta name=\"twitter:site\" content=\"@WirMachenAuf_de\" \/>\n<meta name=\"twitter:label1\" content=\"Verfasst von\" \/>\n\t<meta name=\"twitter:data1\" content=\"rtnews\" \/>\n\t<meta name=\"twitter:label2\" content=\"Gesch\u00e4tzte Lesezeit\" \/>\n\t<meta name=\"twitter:data2\" content=\"8\u00a0Minuten\" \/>\n<script type=\"application\/ld+json\" class=\"yoast-schema-graph\">{\"@context\":\"https:\/\/schema.org\",\"@graph\":[{\"@type\":\"Article\",\"@id\":\"https:\/\/now-news.de\/de\/deutschland\/fata-morgana-fachkraeftemangel-politiker-ignorieren-arbeitssuchende-ebenso-wie-marktlogik\/#article\",\"isPartOf\":{\"@id\":\"https:\/\/now-news.de\/de\/deutschland\/fata-morgana-fachkraeftemangel-politiker-ignorieren-arbeitssuchende-ebenso-wie-marktlogik\/\"},\"author\":{\"name\":\"rtnews\",\"@id\":\"https:\/\/now-news.de\/de\/#\/schema\/person\/fb534a4e865501d8b3285208df34a9b5\"},\"headline\":\"&quot;Fata Morgana&quot; Fachkr\u00e4ftemangel: Politiker ignorieren Arbeitssuchende ebenso wie Marktlogik\",\"datePublished\":\"2022-12-03T07:39:41+00:00\",\"dateModified\":\"2022-12-03T07:39:41+00:00\",\"mainEntityOfPage\":{\"@id\":\"https:\/\/now-news.de\/de\/deutschland\/fata-morgana-fachkraeftemangel-politiker-ignorieren-arbeitssuchende-ebenso-wie-marktlogik\/\"},\"wordCount\":1652,\"commentCount\":0,\"publisher\":{\"@id\":\"https:\/\/now-news.de\/de\/#organization\"},\"image\":{\"@id\":\"https:\/\/now-news.de\/de\/deutschland\/fata-morgana-fachkraeftemangel-politiker-ignorieren-arbeitssuchende-ebenso-wie-marktlogik\/#primaryimage\"},\"thumbnailUrl\":\"https:\/\/now-news.de\/de\/wp-content\/uploads\/sites\/3\/2022\/12\/quotFata-Morganaquot-Fachkraeftemangel-Politiker-ignorieren-Arbeitssuchende-ebenso-wie-Marktlogik.jpg\",\"keywords\":[\"Arbeitssuchende\",\"ebenso\",\"Fachkr\u00e4ftemangel\",\"ignorieren\",\"Marktlogik\",\"Morganaquot\",\"Politiker\",\"quotFata\",\"Wie\"],\"articleSection\":[\"Deutschland\",\"Russland\"],\"inLanguage\":\"de\",\"potentialAction\":[{\"@type\":\"CommentAction\",\"name\":\"Comment\",\"target\":[\"https:\/\/now-news.de\/de\/deutschland\/fata-morgana-fachkraeftemangel-politiker-ignorieren-arbeitssuchende-ebenso-wie-marktlogik\/#respond\"]}]},{\"@type\":\"WebPage\",\"@id\":\"https:\/\/now-news.de\/de\/deutschland\/fata-morgana-fachkraeftemangel-politiker-ignorieren-arbeitssuchende-ebenso-wie-marktlogik\/\",\"url\":\"https:\/\/now-news.de\/de\/deutschland\/fata-morgana-fachkraeftemangel-politiker-ignorieren-arbeitssuchende-ebenso-wie-marktlogik\/\",\"name\":\"&quot;Fata Morgana&quot; Fachkr\u00e4ftemangel: Politiker ignorieren Arbeitssuchende ebenso wie Marktlogik - just-now.NEWS Deutschland\",\"isPartOf\":{\"@id\":\"https:\/\/now-news.de\/de\/#website\"},\"primaryImageOfPage\":{\"@id\":\"https:\/\/now-news.de\/de\/deutschland\/fata-morgana-fachkraeftemangel-politiker-ignorieren-arbeitssuchende-ebenso-wie-marktlogik\/#primaryimage\"},\"image\":{\"@id\":\"https:\/\/now-news.de\/de\/deutschland\/fata-morgana-fachkraeftemangel-politiker-ignorieren-arbeitssuchende-ebenso-wie-marktlogik\/#primaryimage\"},\"thumbnailUrl\":\"https:\/\/now-news.de\/de\/wp-content\/uploads\/sites\/3\/2022\/12\/quotFata-Morganaquot-Fachkraeftemangel-Politiker-ignorieren-Arbeitssuchende-ebenso-wie-Marktlogik.jpg\",\"datePublished\":\"2022-12-03T07:39:41+00:00\",\"dateModified\":\"2022-12-03T07:39:41+00:00\",\"breadcrumb\":{\"@id\":\"https:\/\/now-news.de\/de\/deutschland\/fata-morgana-fachkraeftemangel-politiker-ignorieren-arbeitssuchende-ebenso-wie-marktlogik\/#breadcrumb\"},\"inLanguage\":\"de\",\"potentialAction\":[{\"@type\":\"ReadAction\",\"target\":[\"https:\/\/now-news.de\/de\/deutschland\/fata-morgana-fachkraeftemangel-politiker-ignorieren-arbeitssuchende-ebenso-wie-marktlogik\/\"]}]},{\"@type\":\"ImageObject\",\"inLanguage\":\"de\",\"@id\":\"https:\/\/now-news.de\/de\/deutschland\/fata-morgana-fachkraeftemangel-politiker-ignorieren-arbeitssuchende-ebenso-wie-marktlogik\/#primaryimage\",\"url\":\"https:\/\/now-news.de\/de\/wp-content\/uploads\/sites\/3\/2022\/12\/quotFata-Morganaquot-Fachkraeftemangel-Politiker-ignorieren-Arbeitssuchende-ebenso-wie-Marktlogik.jpg\",\"contentUrl\":\"https:\/\/now-news.de\/de\/wp-content\/uploads\/sites\/3\/2022\/12\/quotFata-Morganaquot-Fachkraeftemangel-Politiker-ignorieren-Arbeitssuchende-ebenso-wie-Marktlogik.jpg\",\"width\":460,\"height\":259,\"caption\":\"&quot;Fata Morgana&quot; Fachkr\u00e4ftemangel: Politiker ignorieren Arbeitssuchende ebenso wie Marktlogik\"},{\"@type\":\"BreadcrumbList\",\"@id\":\"https:\/\/now-news.de\/de\/deutschland\/fata-morgana-fachkraeftemangel-politiker-ignorieren-arbeitssuchende-ebenso-wie-marktlogik\/#breadcrumb\",\"itemListElement\":[{\"@type\":\"ListItem\",\"position\":1,\"name\":\"Home\",\"item\":\"https:\/\/now-news.de\/de\/\"},{\"@type\":\"ListItem\",\"position\":2,\"name\":\"&quot;Fata Morgana&quot; Fachkr\u00e4ftemangel: Politiker ignorieren Arbeitssuchende ebenso wie Marktlogik\"}]},{\"@type\":\"WebSite\",\"@id\":\"https:\/\/now-news.de\/de\/#website\",\"url\":\"https:\/\/now-news.de\/de\/\",\"name\":\"just-now.NEWS Deutschland\",\"description\":\"Das Portal f\u00fcr unzensierte Nachrichten aus der Welt\",\"publisher\":{\"@id\":\"https:\/\/now-news.de\/de\/#organization\"},\"potentialAction\":[{\"@type\":\"SearchAction\",\"target\":{\"@type\":\"EntryPoint\",\"urlTemplate\":\"https:\/\/now-news.de\/de\/?s={search_term_string}\"},\"query-input\":\"required name=search_term_string\"}],\"inLanguage\":\"de\"},{\"@type\":\"Organization\",\"@id\":\"https:\/\/now-news.de\/de\/#organization\",\"name\":\"Just Now News\",\"url\":\"https:\/\/now-news.de\/de\/\",\"logo\":{\"@type\":\"ImageObject\",\"inLanguage\":\"de\",\"@id\":\"https:\/\/now-news.de\/de\/#\/schema\/logo\/image\/\",\"url\":\"http:\/\/just-now.news\/de\/wp-content\/uploads\/sites\/3\/2022\/04\/logo500x500.jpg\",\"contentUrl\":\"http:\/\/just-now.news\/de\/wp-content\/uploads\/sites\/3\/2022\/04\/logo500x500.jpg\",\"width\":500,\"height\":500,\"caption\":\"Just Now News\"},\"image\":{\"@id\":\"https:\/\/now-news.de\/de\/#\/schema\/logo\/image\/\"},\"sameAs\":[\"https:\/\/www.facebook.com\/wirmachenauf\",\"https:\/\/x.com\/WirMachenAuf_de\"]},{\"@type\":\"Person\",\"@id\":\"https:\/\/now-news.de\/de\/#\/schema\/person\/fb534a4e865501d8b3285208df34a9b5\",\"name\":\"rtnews\",\"image\":{\"@type\":\"ImageObject\",\"inLanguage\":\"de\",\"@id\":\"https:\/\/now-news.de\/de\/#\/schema\/person\/image\/\",\"url\":\"https:\/\/secure.gravatar.com\/avatar\/82aafea7d8127119dd649515f56e2117?s=96&d=mm&r=g\",\"contentUrl\":\"https:\/\/secure.gravatar.com\/avatar\/82aafea7d8127119dd649515f56e2117?s=96&d=mm&r=g\",\"caption\":\"rtnews\"},\"url\":\"https:\/\/now-news.de\/de\/author\/rnews\/\"}]}<\/script>\n<!-- \/ Yoast SEO Premium plugin. -->","yoast_head_json":{"title":"&quot;Fata Morgana&quot; Fachkr\u00e4ftemangel: Politiker ignorieren Arbeitssuchende ebenso wie Marktlogik - just-now.NEWS Deutschland","robots":{"index":"index","follow":"follow","max-snippet":"max-snippet:-1","max-image-preview":"max-image-preview:large","max-video-preview":"max-video-preview:-1"},"canonical":"https:\/\/now-news.de\/de\/deutschland\/fata-morgana-fachkraeftemangel-politiker-ignorieren-arbeitssuchende-ebenso-wie-marktlogik\/","og_locale":"de_DE","og_type":"article","og_title":"&quot;Fata Morgana&quot; Fachkr\u00e4ftemangel: Politiker ignorieren Arbeitssuchende ebenso wie Marktlogik","og_description":"Aus entferntesten Teilen der Welt wollen Menschen nach Deutschland einwandern, wie eine aktuelle Studie zur Werbung f\u00fcr &#8220;Fachkr\u00e4fte aus dem Ausland&#8221; unterstreicht. W\u00e4hrend die argumentative Logik f\u00fcr die Anwerbung im Ausland l\u00f6chrig ist, werden zahlreiche problematische Aspekte ausgeblendet. Am Freitag konnte man erfahren, dass Deutschland wohl bald noch mehr als bisher in das Anwerben ausl\u00e4ndischer [&hellip;]","og_url":"https:\/\/now-news.de\/de\/deutschland\/fata-morgana-fachkraeftemangel-politiker-ignorieren-arbeitssuchende-ebenso-wie-marktlogik\/","og_site_name":"just-now.NEWS Deutschland","article_publisher":"https:\/\/www.facebook.com\/wirmachenauf","article_published_time":"2022-12-03T07:39:41+00:00","og_image":[{"width":460,"height":259,"url":"https:\/\/now-news.de\/de\/wp-content\/uploads\/sites\/3\/2022\/12\/quotFata-Morganaquot-Fachkraeftemangel-Politiker-ignorieren-Arbeitssuchende-ebenso-wie-Marktlogik.jpg","type":"image\/jpeg"}],"author":"rtnews","twitter_card":"summary_large_image","twitter_creator":"@WirMachenAuf_de","twitter_site":"@WirMachenAuf_de","twitter_misc":{"Verfasst von":"rtnews","Gesch\u00e4tzte Lesezeit":"8\u00a0Minuten"},"schema":{"@context":"https:\/\/schema.org","@graph":[{"@type":"Article","@id":"https:\/\/now-news.de\/de\/deutschland\/fata-morgana-fachkraeftemangel-politiker-ignorieren-arbeitssuchende-ebenso-wie-marktlogik\/#article","isPartOf":{"@id":"https:\/\/now-news.de\/de\/deutschland\/fata-morgana-fachkraeftemangel-politiker-ignorieren-arbeitssuchende-ebenso-wie-marktlogik\/"},"author":{"name":"rtnews","@id":"https:\/\/now-news.de\/de\/#\/schema\/person\/fb534a4e865501d8b3285208df34a9b5"},"headline":"&quot;Fata Morgana&quot; Fachkr\u00e4ftemangel: Politiker ignorieren Arbeitssuchende ebenso wie Marktlogik","datePublished":"2022-12-03T07:39:41+00:00","dateModified":"2022-12-03T07:39:41+00:00","mainEntityOfPage":{"@id":"https:\/\/now-news.de\/de\/deutschland\/fata-morgana-fachkraeftemangel-politiker-ignorieren-arbeitssuchende-ebenso-wie-marktlogik\/"},"wordCount":1652,"commentCount":0,"publisher":{"@id":"https:\/\/now-news.de\/de\/#organization"},"image":{"@id":"https:\/\/now-news.de\/de\/deutschland\/fata-morgana-fachkraeftemangel-politiker-ignorieren-arbeitssuchende-ebenso-wie-marktlogik\/#primaryimage"},"thumbnailUrl":"https:\/\/now-news.de\/de\/wp-content\/uploads\/sites\/3\/2022\/12\/quotFata-Morganaquot-Fachkraeftemangel-Politiker-ignorieren-Arbeitssuchende-ebenso-wie-Marktlogik.jpg","keywords":["Arbeitssuchende","ebenso","Fachkr\u00e4ftemangel","ignorieren","Marktlogik","Morganaquot","Politiker","quotFata","Wie"],"articleSection":["Deutschland","Russland"],"inLanguage":"de","potentialAction":[{"@type":"CommentAction","name":"Comment","target":["https:\/\/now-news.de\/de\/deutschland\/fata-morgana-fachkraeftemangel-politiker-ignorieren-arbeitssuchende-ebenso-wie-marktlogik\/#respond"]}]},{"@type":"WebPage","@id":"https:\/\/now-news.de\/de\/deutschland\/fata-morgana-fachkraeftemangel-politiker-ignorieren-arbeitssuchende-ebenso-wie-marktlogik\/","url":"https:\/\/now-news.de\/de\/deutschland\/fata-morgana-fachkraeftemangel-politiker-ignorieren-arbeitssuchende-ebenso-wie-marktlogik\/","name":"&quot;Fata Morgana&quot; Fachkr\u00e4ftemangel: Politiker ignorieren Arbeitssuchende ebenso wie Marktlogik - just-now.NEWS Deutschland","isPartOf":{"@id":"https:\/\/now-news.de\/de\/#website"},"primaryImageOfPage":{"@id":"https:\/\/now-news.de\/de\/deutschland\/fata-morgana-fachkraeftemangel-politiker-ignorieren-arbeitssuchende-ebenso-wie-marktlogik\/#primaryimage"},"image":{"@id":"https:\/\/now-news.de\/de\/deutschland\/fata-morgana-fachkraeftemangel-politiker-ignorieren-arbeitssuchende-ebenso-wie-marktlogik\/#primaryimage"},"thumbnailUrl":"https:\/\/now-news.de\/de\/wp-content\/uploads\/sites\/3\/2022\/12\/quotFata-Morganaquot-Fachkraeftemangel-Politiker-ignorieren-Arbeitssuchende-ebenso-wie-Marktlogik.jpg","datePublished":"2022-12-03T07:39:41+00:00","dateModified":"2022-12-03T07:39:41+00:00","breadcrumb":{"@id":"https:\/\/now-news.de\/de\/deutschland\/fata-morgana-fachkraeftemangel-politiker-ignorieren-arbeitssuchende-ebenso-wie-marktlogik\/#breadcrumb"},"inLanguage":"de","potentialAction":[{"@type":"ReadAction","target":["https:\/\/now-news.de\/de\/deutschland\/fata-morgana-fachkraeftemangel-politiker-ignorieren-arbeitssuchende-ebenso-wie-marktlogik\/"]}]},{"@type":"ImageObject","inLanguage":"de","@id":"https:\/\/now-news.de\/de\/deutschland\/fata-morgana-fachkraeftemangel-politiker-ignorieren-arbeitssuchende-ebenso-wie-marktlogik\/#primaryimage","url":"https:\/\/now-news.de\/de\/wp-content\/uploads\/sites\/3\/2022\/12\/quotFata-Morganaquot-Fachkraeftemangel-Politiker-ignorieren-Arbeitssuchende-ebenso-wie-Marktlogik.jpg","contentUrl":"https:\/\/now-news.de\/de\/wp-content\/uploads\/sites\/3\/2022\/12\/quotFata-Morganaquot-Fachkraeftemangel-Politiker-ignorieren-Arbeitssuchende-ebenso-wie-Marktlogik.jpg","width":460,"height":259,"caption":"&quot;Fata Morgana&quot; Fachkr\u00e4ftemangel: Politiker ignorieren Arbeitssuchende ebenso wie Marktlogik"},{"@type":"BreadcrumbList","@id":"https:\/\/now-news.de\/de\/deutschland\/fata-morgana-fachkraeftemangel-politiker-ignorieren-arbeitssuchende-ebenso-wie-marktlogik\/#breadcrumb","itemListElement":[{"@type":"ListItem","position":1,"name":"Home","item":"https:\/\/now-news.de\/de\/"},{"@type":"ListItem","position":2,"name":"&quot;Fata Morgana&quot; Fachkr\u00e4ftemangel: Politiker ignorieren Arbeitssuchende ebenso wie Marktlogik"}]},{"@type":"WebSite","@id":"https:\/\/now-news.de\/de\/#website","url":"https:\/\/now-news.de\/de\/","name":"just-now.NEWS Deutschland","description":"Das Portal f\u00fcr unzensierte Nachrichten aus der Welt","publisher":{"@id":"https:\/\/now-news.de\/de\/#organization"},"potentialAction":[{"@type":"SearchAction","target":{"@type":"EntryPoint","urlTemplate":"https:\/\/now-news.de\/de\/?s={search_term_string}"},"query-input":"required name=search_term_string"}],"inLanguage":"de"},{"@type":"Organization","@id":"https:\/\/now-news.de\/de\/#organization","name":"Just Now News","url":"https:\/\/now-news.de\/de\/","logo":{"@type":"ImageObject","inLanguage":"de","@id":"https:\/\/now-news.de\/de\/#\/schema\/logo\/image\/","url":"http:\/\/just-now.news\/de\/wp-content\/uploads\/sites\/3\/2022\/04\/logo500x500.jpg","contentUrl":"http:\/\/just-now.news\/de\/wp-content\/uploads\/sites\/3\/2022\/04\/logo500x500.jpg","width":500,"height":500,"caption":"Just Now News"},"image":{"@id":"https:\/\/now-news.de\/de\/#\/schema\/logo\/image\/"},"sameAs":["https:\/\/www.facebook.com\/wirmachenauf","https:\/\/x.com\/WirMachenAuf_de"]},{"@type":"Person","@id":"https:\/\/now-news.de\/de\/#\/schema\/person\/fb534a4e865501d8b3285208df34a9b5","name":"rtnews","image":{"@type":"ImageObject","inLanguage":"de","@id":"https:\/\/now-news.de\/de\/#\/schema\/person\/image\/","url":"https:\/\/secure.gravatar.com\/avatar\/82aafea7d8127119dd649515f56e2117?s=96&d=mm&r=g","contentUrl":"https:\/\/secure.gravatar.com\/avatar\/82aafea7d8127119dd649515f56e2117?s=96&d=mm&r=g","caption":"rtnews"},"url":"https:\/\/now-news.de\/de\/author\/rnews\/"}]}},"_links":{"self":[{"href":"https:\/\/now-news.de\/de\/wp-json\/wp\/v2\/posts\/24597"}],"collection":[{"href":"https:\/\/now-news.de\/de\/wp-json\/wp\/v2\/posts"}],"about":[{"href":"https:\/\/now-news.de\/de\/wp-json\/wp\/v2\/types\/post"}],"author":[{"embeddable":true,"href":"https:\/\/now-news.de\/de\/wp-json\/wp\/v2\/users\/3"}],"replies":[{"embeddable":true,"href":"https:\/\/now-news.de\/de\/wp-json\/wp\/v2\/comments?post=24597"}],"version-history":[{"count":0,"href":"https:\/\/now-news.de\/de\/wp-json\/wp\/v2\/posts\/24597\/revisions"}],"wp:featuredmedia":[{"embeddable":true,"href":"https:\/\/now-news.de\/de\/wp-json\/wp\/v2\/media\/24598"}],"wp:attachment":[{"href":"https:\/\/now-news.de\/de\/wp-json\/wp\/v2\/media?parent=24597"}],"wp:term":[{"taxonomy":"category","embeddable":true,"href":"https:\/\/now-news.de\/de\/wp-json\/wp\/v2\/categories?post=24597"},{"taxonomy":"post_tag","embeddable":true,"href":"https:\/\/now-news.de\/de\/wp-json\/wp\/v2\/tags?post=24597"}],"curies":[{"name":"wp","href":"https:\/\/api.w.org\/{rel}","templated":true}]}}