{"id":24575,"date":"2022-12-02T15:49:42","date_gmt":"2022-12-02T13:49:42","guid":{"rendered":"https:\/\/just-now.news\/de\/deutschland\/beteiligung-der-geheimdienste-an-hybrider-kriegsfuehrung-gegen-iran-hohe-opferzahl-bei-unruhen\/"},"modified":"2022-12-02T15:49:42","modified_gmt":"2022-12-02T13:49:42","slug":"beteiligung-der-geheimdienste-an-hybrider-kriegsfuehrung-gegen-iran-hohe-opferzahl-bei-unruhen","status":"publish","type":"post","link":"https:\/\/now-news.de\/de\/deutschland\/beteiligung-der-geheimdienste-an-hybrider-kriegsfuehrung-gegen-iran-hohe-opferzahl-bei-unruhen\/","title":{"rendered":"Beteiligung der Geheimdienste an hybrider Kriegsf\u00fchrung gegen Iran \u2013 hohe Opferzahl bei Unruhen"},"content":{"rendered":"<p><img decoding=\"async\" src=\"http:\/\/just-now.news\/de\/wp-content\/uploads\/sites\/3\/2022\/12\/6389e4dbb480cc1cb05db58b.jpg\" \/><\/p>\n<div class=\"Text-root Text-type_1 \">\n                Die j\u00fcngsten Unruhen in Iran haben mindestens 300 Tote gefordert, darunter Demonstranten, bewaffnete Randalierer und iranische Sicherheitskr\u00e4fte. Iran beschuldigte ausl\u00e4ndische M\u00e4chte, die Unruhen im Land angezettelt zu haben.\n            <\/div>\n<p><\/p>\n<div class=\"Text-root Text-type_5 ArticleView-text ViewText-root \">\n<p>Im Bericht\u00a0einer englischsprachigen Zeitung in Iran\u00a0wird ein ranghoher iranischer General mit den Worten zitiert, dass die &#8220;Feinde&#8221; der Islamischen Republik w\u00e4hrend der j\u00fcngsten Unruhen eine &#8220;hybride Kriegsf\u00fchrung&#8221; gegen das Land\u00a0gef\u00fchrt h\u00e4tten und dass Dutzende von ausl\u00e4ndischen Geheimdiensten daran beteiligt gewesen seien.<\/p>\n<p>General Gholamreza Soleimani, der\u00a0Kommandeur der <a rel=\"nofollow noopener\" target=\"_blank\" href=\"https:\/\/de.wikipedia.org\/wiki\/Basidsch-e_Mostaz%27afin\">Basidschmilizen<\/a>,\u00a0wurde von der <em><a rel=\"nofollow noopener\" target=\"_blank\" href=\"https:\/\/www.tehrantimes.com\/news\/479253\/47-spy-agencies-implicated-in-Iran-unrest-general\">Tehran Times<\/a><\/em>\u00a0mit den Worten zitiert,\u00a0die j\u00fcngsten Unruhen sollten eigentlich zu Beginn des akademischen Schuljahres in Iran beginnen, h\u00e4tten\u00a0dann aber doch fr\u00fcher stattgefunden.\u00a0<\/p>\n<p>Der Tod\u00a0der 22-j\u00e4hrigen Iranerin Mahsa Amini \u2013 angeblich\u00a0in Polizeigewahrsam \u2013 in Teheran\u00a0habe den ausl\u00e4ndischen Spionageagenturen den Vorwand gegeben, vorgezogene Unruhen in Iran anzustiften.\u00a0&#8220;47 Spionageagenturen haben einen hybriden Krieg gegen die Islamische Republik Iran gef\u00fchrt&#8221;,\u00a0erkl\u00e4rte der Chef der Basidsch.<\/p>\n<p>Iran hat ausl\u00e4ndische M\u00e4chte beschuldigt, die Unruhen im Land angezettelt zu haben.\u00a0Nach\u00a0dem Tod\u00a0Aminis am 16. September ersch\u00fctterten Proteste das Land, von denen sich viele\u00a0sp\u00e4ter zu gewaltt\u00e4tigen Ausschreitungen entwickelten.<\/p>\n<p>Die j\u00fcngsten Unruhen hatten Hunderte von Toten gefordert, darunter Demonstranten, bewaffnete Randalierer und iranische Sicherheitskr\u00e4fte, die entweder der Iranischen Revolutionsgarde (IRGC), ihren Hilfstruppen,\u00a0n\u00e4mlich der Basidsch, oder der Polizei angeh\u00f6ren. Vor Kurzem gab Teheran die erste aktualisierte Zahl der Toten seit Mitte September an.\u00a0<\/p>\n<p>General Amir-Ali Hadschisadeh, der Kommandeur der Luft- und Raumfahrtabteilung der Iranischen Revolutionsgarde, sprach in einer Rede von mindestens 300 Toten.\u00a0&#8220;Ich kenne die aktuellen Statistiken nicht, aber ich denke, dass seit diesem Vorfall &#8230; mehr als 300 M\u00e4rtyrer und Menschen in diesem Land get\u00f6tet worden sind, darunter Kinder&#8221;, f\u00fcgte er hinzu. Die Zahl umfasse Dutzende Sicherheitskr\u00e4fte, die bei den Zusammenst\u00f6\u00dfen mit Demonstranten get\u00f6tet worden seien, sagte der Revolutionsgardist.<\/p>\n<p>Mitte November wurde Iran von einer Terrorserie in mehreren St\u00e4dten \u00fcberschattet. Auf einem belebten Markt in der Kleinstadt\u00a0Izeh in der iranischen Provinz Chuzestan wurden sieben Menschen von bewaffneten Randalierern erschossen.<\/p>\n<p>Unter den Toten waren zwei Kinder, der neunj\u00e4hrige Kian Pir-Falak und der 13-j\u00e4hrige Abteen Rahmani. Nach dem Tod Kians beschuldigte die Mutter des Jungen umgehend die in der Gegend stationierten Basidsch-Kr\u00e4fte, die gegen bewaffnete Randalierer vorgingen. Die Basidsch ist eine als Freiwilligenmiliz organisierte Gruppe, die der Iranischen Revolutionsgarde untersteht.\u00a0Nun ist eine Videoaufzeichnung von diesem Tag aufgetaucht, auf der die <a rel=\"nofollow noopener\" target=\"_blank\" href=\"https:\/\/www.tasnimnews.com\/fa\/news\/1401\/08\/28\/2806590\/%D9%86%D8%AE%D8%B3%D8%AA%DB%8C%D9%86-%D9%81%DB%8C%D9%84%D9%85-%D8%A7%D8%B2-%D9%84%D8%AD%D8%B8%D9%87-%D8%AA%DB%8C%D8%B1%D8%A7%D9%86%D8%AF%D8%A7%D8%B2%DB%8C-%D8%AA%D8%B1%D9%88%D8%B1%DB%8C%D8%B3%D8%AA-%D9%87%D8%A7-%D8%AF%D8%B1-%D8%A7%DB%8C%D8%B0%D9%87-%D9%87%D8%B4%D8%AF%D8%A7%D8%B1-%D8%B5%D8%B1%DB%8C%D8%AD-%D9%85%D8%A3%D9%85%D9%88%D8%B1%D8%A7%D9%86-%D8%BA%DB%8C%D8%B1%D9%85%D8%B3%D9%84%D8%AD-%D8%A8%D9%87-%D9%85%D8%B1%D8%AF%D9%85-%D9%88-%D8%AE%D9%88%D8%AF%D8%B1%D9%88%D9%87%D8%A7%DB%8C-%D8%B9%D8%A8%D9%88%D8%B1%DB%8C\">Ereignisse<\/a> aufgezeichnet sind, die zur T\u00f6tung des Jungen f\u00fchrten.<\/p>\n<p>Auf dem Video sind Basidsch-Milizen zu h\u00f6ren, die um Hilfe schreien und erkl\u00e4ren, dass sie unbewaffnet\u00a0seien und dass mehrere ihrer Mitglieder erschossen worden seien. Die Regierung bezeichnete die Schie\u00dferei, bei der Kian get\u00f6tet wurde, sp\u00e4ter als &#8220;terroristischen Angriff&#8221;.<\/p>\n<p>Einem <a rel=\"nofollow noopener\" target=\"_blank\" href=\"https:\/\/www.jpost.com\/middle-east\/iran-news\/article-723822\">Dokument<\/a> zufolge, das von der Hackergruppe &#8220;Black Reward&#8221; ver\u00f6ffentlicht wurde, haben\u00a0iranische Beamte eine Reihe von Bedenken hinsichtlich der F\u00e4higkeit der Basidsch-Gruppen, auf die Unruhen zu reagieren, aufgef\u00fchrt. Zu diesen Bedenken geh\u00f6ren die angebliche Desorganisation der Basidsch und ihre &#8220;Unvorbereitetheit&#8221; auf Unruhen.<br \/>Sollte das durchgesickerte Dokument zutreffen, k\u00f6nnte sich die j\u00fcngste Erkl\u00e4rung der Regierung, die Sicherheitskr\u00e4fte h\u00e4tten noch keine scharfe Munition eingesetzt, als wahr erweisen.\u00a0<\/p>\n<p>Der ehemalige Nationale Sicherheitsberater der USA John Bolton r\u00e4umte\u00a0k\u00fcrzlich ein, dass die Protestierenden in Iran mit Waffen aus dem Nordirak beliefert werden. Iran\u00a0griff\u00a0den Nordirak Ende September mehrfach mit ballistischen Raketen und Kampfdrohnen an. In der nordirakischen Stadt Erbil sind auch US-Truppen stationiert.\u00a0Teheran zielte\u00a0mit diesen Luftschl\u00e4gen\u00a0auf kurdische Separatistengruppen, die im Nordirak aktiv sind, und beschuldigte sie, die\u00a0j\u00fcngsten Unruhen in Iran\u00a0herbeigef\u00fchrt zu haben.<\/p>\n<p><strong>Mehr zum Thema\u00a0<\/strong>&#8211; <a rel=\"nofollow noopener\" target=\"_blank\" href=\"https:\/\/meinungsfreiheit.rtde.life\/meinung\/151961-syrisierung-irans-beitrag-deutschen-leitmedien\/\">&#8220;Syrisierung&#8221; Irans: Der Beitrag der deutschen Leitmedien zur US-Strategie<\/a><\/p>\n<\/div>\n<p><br \/>\n<br \/><a href=\"https:\/\/de.rt.com\/der-nahe-osten\/156095-beteiligung-geheimdienste-an-hybriden-kriegsfuehrung\/\">Source link <\/a><\/p>\n","protected":false},"excerpt":{"rendered":"<p>Die j\u00fcngsten Unruhen in Iran haben mindestens 300 Tote gefordert, darunter Demonstranten, bewaffnete Randalierer und iranische Sicherheitskr\u00e4fte. Iran beschuldigte ausl\u00e4ndische M\u00e4chte, die Unruhen im Land angezettelt zu haben. Im Bericht\u00a0einer englischsprachigen Zeitung in Iran\u00a0wird ein ranghoher iranischer General mit den Worten zitiert, dass die &#8220;Feinde&#8221; der Islamischen Republik w\u00e4hrend der j\u00fcngsten Unruhen eine &#8220;hybride Kriegsf\u00fchrung&#8221; [&hellip;]<\/p>\n","protected":false},"author":3,"featured_media":24576,"comment_status":"open","ping_status":"open","sticky":false,"template":"","format":"standard","meta":{"_yoast_indexnow_last_ping":["1670011207"],"wp_automatic_camp":["217"],"82a88d0cbc62a18d77ea3893a03b9df3":["Beteiligung der Geheimdienste an hybrider Kriegsf\u00fchrung gegen Iran \u2013 hohe Opferzahl bei Unruhen"],"original_link":["https:\/\/de.rt.com\/der-nahe-osten\/156095-beteiligung-geheimdienste-an-hybriden-kriegsfuehrung\/"],"_thumbnail_id":["24576"],"_wptgpro_p2tg_sent2tg":["a:1:{i:23737;s:19:\"2022-12-02 22:00:52\";}"],"jnews_social_counter_last_update":["1777262744"]},"categories":[19,23],"tags":[363,4912,82,278,2558,1273,21191,1786,25526,36917,18809],"yoast_head":"<!-- This site is optimized with the Yoast SEO Premium plugin v22.7 (Yoast SEO v22.7) - https:\/\/yoast.com\/wordpress\/plugins\/seo\/ -->\n<title>Beteiligung der Geheimdienste an hybrider Kriegsf\u00fchrung gegen Iran \u2013 hohe Opferzahl bei Unruhen - just-now.NEWS Deutschland<\/title>\n<meta name=\"robots\" content=\"index, follow, max-snippet:-1, max-image-preview:large, max-video-preview:-1\" \/>\n<link rel=\"canonical\" href=\"https:\/\/now-news.de\/de\/deutschland\/beteiligung-der-geheimdienste-an-hybrider-kriegsfuehrung-gegen-iran-hohe-opferzahl-bei-unruhen\/\" \/>\n<meta property=\"og:locale\" content=\"de_DE\" \/>\n<meta property=\"og:type\" content=\"article\" \/>\n<meta property=\"og:title\" content=\"Beteiligung der Geheimdienste an hybrider Kriegsf\u00fchrung gegen Iran \u2013 hohe Opferzahl bei Unruhen\" \/>\n<meta property=\"og:description\" content=\"Die j\u00fcngsten Unruhen in Iran haben mindestens 300 Tote gefordert, darunter Demonstranten, bewaffnete Randalierer und iranische Sicherheitskr\u00e4fte. Iran beschuldigte ausl\u00e4ndische M\u00e4chte, die Unruhen im Land angezettelt zu haben. Im Bericht\u00a0einer englischsprachigen Zeitung in Iran\u00a0wird ein ranghoher iranischer General mit den Worten zitiert, dass die &#8220;Feinde&#8221; der Islamischen Republik w\u00e4hrend der j\u00fcngsten Unruhen eine &#8220;hybride Kriegsf\u00fchrung&#8221; [&hellip;]\" \/>\n<meta property=\"og:url\" content=\"https:\/\/now-news.de\/de\/deutschland\/beteiligung-der-geheimdienste-an-hybrider-kriegsfuehrung-gegen-iran-hohe-opferzahl-bei-unruhen\/\" \/>\n<meta property=\"og:site_name\" content=\"just-now.NEWS Deutschland\" \/>\n<meta property=\"article:publisher\" content=\"https:\/\/www.facebook.com\/wirmachenauf\" \/>\n<meta property=\"article:published_time\" content=\"2022-12-02T13:49:42+00:00\" \/>\n<meta property=\"og:image\" content=\"https:\/\/now-news.de\/de\/wp-content\/uploads\/sites\/3\/2022\/12\/Beteiligung-der-Geheimdienste-an-hybrider-Kriegsfuehrung-gegen-Iran-\u2013-hohe.jpg\" \/>\n\t<meta property=\"og:image:width\" content=\"460\" \/>\n\t<meta property=\"og:image:height\" content=\"259\" \/>\n\t<meta property=\"og:image:type\" content=\"image\/jpeg\" \/>\n<meta name=\"author\" content=\"rtnews\" \/>\n<meta name=\"twitter:card\" content=\"summary_large_image\" \/>\n<meta name=\"twitter:creator\" content=\"@WirMachenAuf_de\" \/>\n<meta name=\"twitter:site\" content=\"@WirMachenAuf_de\" \/>\n<meta name=\"twitter:label1\" content=\"Verfasst von\" \/>\n\t<meta name=\"twitter:data1\" content=\"rtnews\" \/>\n\t<meta name=\"twitter:label2\" content=\"Gesch\u00e4tzte Lesezeit\" \/>\n\t<meta name=\"twitter:data2\" content=\"3\u00a0Minuten\" \/>\n<script type=\"application\/ld+json\" class=\"yoast-schema-graph\">{\"@context\":\"https:\/\/schema.org\",\"@graph\":[{\"@type\":\"Article\",\"@id\":\"https:\/\/now-news.de\/de\/deutschland\/beteiligung-der-geheimdienste-an-hybrider-kriegsfuehrung-gegen-iran-hohe-opferzahl-bei-unruhen\/#article\",\"isPartOf\":{\"@id\":\"https:\/\/now-news.de\/de\/deutschland\/beteiligung-der-geheimdienste-an-hybrider-kriegsfuehrung-gegen-iran-hohe-opferzahl-bei-unruhen\/\"},\"author\":{\"name\":\"rtnews\",\"@id\":\"https:\/\/now-news.de\/de\/#\/schema\/person\/fb534a4e865501d8b3285208df34a9b5\"},\"headline\":\"Beteiligung der Geheimdienste an hybrider Kriegsf\u00fchrung gegen Iran \u2013 hohe Opferzahl bei Unruhen\",\"datePublished\":\"2022-12-02T13:49:42+00:00\",\"dateModified\":\"2022-12-02T13:49:42+00:00\",\"mainEntityOfPage\":{\"@id\":\"https:\/\/now-news.de\/de\/deutschland\/beteiligung-der-geheimdienste-an-hybrider-kriegsfuehrung-gegen-iran-hohe-opferzahl-bei-unruhen\/\"},\"wordCount\":646,\"commentCount\":0,\"publisher\":{\"@id\":\"https:\/\/now-news.de\/de\/#organization\"},\"image\":{\"@id\":\"https:\/\/now-news.de\/de\/deutschland\/beteiligung-der-geheimdienste-an-hybrider-kriegsfuehrung-gegen-iran-hohe-opferzahl-bei-unruhen\/#primaryimage\"},\"thumbnailUrl\":\"https:\/\/now-news.de\/de\/wp-content\/uploads\/sites\/3\/2022\/12\/Beteiligung-der-Geheimdienste-an-hybrider-Kriegsfuehrung-gegen-Iran-\u2013-hohe.jpg\",\"keywords\":[\"bei\",\"Beteiligung\",\"der\",\"gegen\",\"Geheimdienste\",\"hohe\",\"Hybrider\",\"Iran\",\"Kriegsf\u00fchrung\",\"Opferzahl\",\"Unruhen\"],\"articleSection\":[\"Deutschland\",\"Russland\"],\"inLanguage\":\"de\",\"potentialAction\":[{\"@type\":\"CommentAction\",\"name\":\"Comment\",\"target\":[\"https:\/\/now-news.de\/de\/deutschland\/beteiligung-der-geheimdienste-an-hybrider-kriegsfuehrung-gegen-iran-hohe-opferzahl-bei-unruhen\/#respond\"]}]},{\"@type\":\"WebPage\",\"@id\":\"https:\/\/now-news.de\/de\/deutschland\/beteiligung-der-geheimdienste-an-hybrider-kriegsfuehrung-gegen-iran-hohe-opferzahl-bei-unruhen\/\",\"url\":\"https:\/\/now-news.de\/de\/deutschland\/beteiligung-der-geheimdienste-an-hybrider-kriegsfuehrung-gegen-iran-hohe-opferzahl-bei-unruhen\/\",\"name\":\"Beteiligung der Geheimdienste an hybrider Kriegsf\u00fchrung gegen Iran \u2013 hohe Opferzahl bei Unruhen - just-now.NEWS Deutschland\",\"isPartOf\":{\"@id\":\"https:\/\/now-news.de\/de\/#website\"},\"primaryImageOfPage\":{\"@id\":\"https:\/\/now-news.de\/de\/deutschland\/beteiligung-der-geheimdienste-an-hybrider-kriegsfuehrung-gegen-iran-hohe-opferzahl-bei-unruhen\/#primaryimage\"},\"image\":{\"@id\":\"https:\/\/now-news.de\/de\/deutschland\/beteiligung-der-geheimdienste-an-hybrider-kriegsfuehrung-gegen-iran-hohe-opferzahl-bei-unruhen\/#primaryimage\"},\"thumbnailUrl\":\"https:\/\/now-news.de\/de\/wp-content\/uploads\/sites\/3\/2022\/12\/Beteiligung-der-Geheimdienste-an-hybrider-Kriegsfuehrung-gegen-Iran-\u2013-hohe.jpg\",\"datePublished\":\"2022-12-02T13:49:42+00:00\",\"dateModified\":\"2022-12-02T13:49:42+00:00\",\"breadcrumb\":{\"@id\":\"https:\/\/now-news.de\/de\/deutschland\/beteiligung-der-geheimdienste-an-hybrider-kriegsfuehrung-gegen-iran-hohe-opferzahl-bei-unruhen\/#breadcrumb\"},\"inLanguage\":\"de\",\"potentialAction\":[{\"@type\":\"ReadAction\",\"target\":[\"https:\/\/now-news.de\/de\/deutschland\/beteiligung-der-geheimdienste-an-hybrider-kriegsfuehrung-gegen-iran-hohe-opferzahl-bei-unruhen\/\"]}]},{\"@type\":\"ImageObject\",\"inLanguage\":\"de\",\"@id\":\"https:\/\/now-news.de\/de\/deutschland\/beteiligung-der-geheimdienste-an-hybrider-kriegsfuehrung-gegen-iran-hohe-opferzahl-bei-unruhen\/#primaryimage\",\"url\":\"https:\/\/now-news.de\/de\/wp-content\/uploads\/sites\/3\/2022\/12\/Beteiligung-der-Geheimdienste-an-hybrider-Kriegsfuehrung-gegen-Iran-\u2013-hohe.jpg\",\"contentUrl\":\"https:\/\/now-news.de\/de\/wp-content\/uploads\/sites\/3\/2022\/12\/Beteiligung-der-Geheimdienste-an-hybrider-Kriegsfuehrung-gegen-Iran-\u2013-hohe.jpg\",\"width\":460,\"height\":259,\"caption\":\"Beteiligung der Geheimdienste an hybrider Kriegsf\u00fchrung gegen Iran \u2013 hohe Opferzahl bei Unruhen\"},{\"@type\":\"BreadcrumbList\",\"@id\":\"https:\/\/now-news.de\/de\/deutschland\/beteiligung-der-geheimdienste-an-hybrider-kriegsfuehrung-gegen-iran-hohe-opferzahl-bei-unruhen\/#breadcrumb\",\"itemListElement\":[{\"@type\":\"ListItem\",\"position\":1,\"name\":\"Home\",\"item\":\"https:\/\/now-news.de\/de\/\"},{\"@type\":\"ListItem\",\"position\":2,\"name\":\"Beteiligung der Geheimdienste an hybrider Kriegsf\u00fchrung gegen Iran \u2013 hohe Opferzahl bei Unruhen\"}]},{\"@type\":\"WebSite\",\"@id\":\"https:\/\/now-news.de\/de\/#website\",\"url\":\"https:\/\/now-news.de\/de\/\",\"name\":\"just-now.NEWS Deutschland\",\"description\":\"Das Portal f\u00fcr unzensierte Nachrichten aus der Welt\",\"publisher\":{\"@id\":\"https:\/\/now-news.de\/de\/#organization\"},\"potentialAction\":[{\"@type\":\"SearchAction\",\"target\":{\"@type\":\"EntryPoint\",\"urlTemplate\":\"https:\/\/now-news.de\/de\/?s={search_term_string}\"},\"query-input\":\"required name=search_term_string\"}],\"inLanguage\":\"de\"},{\"@type\":\"Organization\",\"@id\":\"https:\/\/now-news.de\/de\/#organization\",\"name\":\"Just Now News\",\"url\":\"https:\/\/now-news.de\/de\/\",\"logo\":{\"@type\":\"ImageObject\",\"inLanguage\":\"de\",\"@id\":\"https:\/\/now-news.de\/de\/#\/schema\/logo\/image\/\",\"url\":\"http:\/\/just-now.news\/de\/wp-content\/uploads\/sites\/3\/2022\/04\/logo500x500.jpg\",\"contentUrl\":\"http:\/\/just-now.news\/de\/wp-content\/uploads\/sites\/3\/2022\/04\/logo500x500.jpg\",\"width\":500,\"height\":500,\"caption\":\"Just Now News\"},\"image\":{\"@id\":\"https:\/\/now-news.de\/de\/#\/schema\/logo\/image\/\"},\"sameAs\":[\"https:\/\/www.facebook.com\/wirmachenauf\",\"https:\/\/x.com\/WirMachenAuf_de\"]},{\"@type\":\"Person\",\"@id\":\"https:\/\/now-news.de\/de\/#\/schema\/person\/fb534a4e865501d8b3285208df34a9b5\",\"name\":\"rtnews\",\"image\":{\"@type\":\"ImageObject\",\"inLanguage\":\"de\",\"@id\":\"https:\/\/now-news.de\/de\/#\/schema\/person\/image\/\",\"url\":\"https:\/\/secure.gravatar.com\/avatar\/82aafea7d8127119dd649515f56e2117?s=96&d=mm&r=g\",\"contentUrl\":\"https:\/\/secure.gravatar.com\/avatar\/82aafea7d8127119dd649515f56e2117?s=96&d=mm&r=g\",\"caption\":\"rtnews\"},\"url\":\"https:\/\/now-news.de\/de\/author\/rnews\/\"}]}<\/script>\n<!-- \/ Yoast SEO Premium plugin. -->","yoast_head_json":{"title":"Beteiligung der Geheimdienste an hybrider Kriegsf\u00fchrung gegen Iran \u2013 hohe Opferzahl bei Unruhen - just-now.NEWS Deutschland","robots":{"index":"index","follow":"follow","max-snippet":"max-snippet:-1","max-image-preview":"max-image-preview:large","max-video-preview":"max-video-preview:-1"},"canonical":"https:\/\/now-news.de\/de\/deutschland\/beteiligung-der-geheimdienste-an-hybrider-kriegsfuehrung-gegen-iran-hohe-opferzahl-bei-unruhen\/","og_locale":"de_DE","og_type":"article","og_title":"Beteiligung der Geheimdienste an hybrider Kriegsf\u00fchrung gegen Iran \u2013 hohe Opferzahl bei Unruhen","og_description":"Die j\u00fcngsten Unruhen in Iran haben mindestens 300 Tote gefordert, darunter Demonstranten, bewaffnete Randalierer und iranische Sicherheitskr\u00e4fte. Iran beschuldigte ausl\u00e4ndische M\u00e4chte, die Unruhen im Land angezettelt zu haben. Im Bericht\u00a0einer englischsprachigen Zeitung in Iran\u00a0wird ein ranghoher iranischer General mit den Worten zitiert, dass die &#8220;Feinde&#8221; der Islamischen Republik w\u00e4hrend der j\u00fcngsten Unruhen eine &#8220;hybride Kriegsf\u00fchrung&#8221; [&hellip;]","og_url":"https:\/\/now-news.de\/de\/deutschland\/beteiligung-der-geheimdienste-an-hybrider-kriegsfuehrung-gegen-iran-hohe-opferzahl-bei-unruhen\/","og_site_name":"just-now.NEWS Deutschland","article_publisher":"https:\/\/www.facebook.com\/wirmachenauf","article_published_time":"2022-12-02T13:49:42+00:00","og_image":[{"width":460,"height":259,"url":"https:\/\/now-news.de\/de\/wp-content\/uploads\/sites\/3\/2022\/12\/Beteiligung-der-Geheimdienste-an-hybrider-Kriegsfuehrung-gegen-Iran-\u2013-hohe.jpg","type":"image\/jpeg"}],"author":"rtnews","twitter_card":"summary_large_image","twitter_creator":"@WirMachenAuf_de","twitter_site":"@WirMachenAuf_de","twitter_misc":{"Verfasst von":"rtnews","Gesch\u00e4tzte Lesezeit":"3\u00a0Minuten"},"schema":{"@context":"https:\/\/schema.org","@graph":[{"@type":"Article","@id":"https:\/\/now-news.de\/de\/deutschland\/beteiligung-der-geheimdienste-an-hybrider-kriegsfuehrung-gegen-iran-hohe-opferzahl-bei-unruhen\/#article","isPartOf":{"@id":"https:\/\/now-news.de\/de\/deutschland\/beteiligung-der-geheimdienste-an-hybrider-kriegsfuehrung-gegen-iran-hohe-opferzahl-bei-unruhen\/"},"author":{"name":"rtnews","@id":"https:\/\/now-news.de\/de\/#\/schema\/person\/fb534a4e865501d8b3285208df34a9b5"},"headline":"Beteiligung der Geheimdienste an hybrider Kriegsf\u00fchrung gegen Iran \u2013 hohe Opferzahl bei Unruhen","datePublished":"2022-12-02T13:49:42+00:00","dateModified":"2022-12-02T13:49:42+00:00","mainEntityOfPage":{"@id":"https:\/\/now-news.de\/de\/deutschland\/beteiligung-der-geheimdienste-an-hybrider-kriegsfuehrung-gegen-iran-hohe-opferzahl-bei-unruhen\/"},"wordCount":646,"commentCount":0,"publisher":{"@id":"https:\/\/now-news.de\/de\/#organization"},"image":{"@id":"https:\/\/now-news.de\/de\/deutschland\/beteiligung-der-geheimdienste-an-hybrider-kriegsfuehrung-gegen-iran-hohe-opferzahl-bei-unruhen\/#primaryimage"},"thumbnailUrl":"https:\/\/now-news.de\/de\/wp-content\/uploads\/sites\/3\/2022\/12\/Beteiligung-der-Geheimdienste-an-hybrider-Kriegsfuehrung-gegen-Iran-\u2013-hohe.jpg","keywords":["bei","Beteiligung","der","gegen","Geheimdienste","hohe","Hybrider","Iran","Kriegsf\u00fchrung","Opferzahl","Unruhen"],"articleSection":["Deutschland","Russland"],"inLanguage":"de","potentialAction":[{"@type":"CommentAction","name":"Comment","target":["https:\/\/now-news.de\/de\/deutschland\/beteiligung-der-geheimdienste-an-hybrider-kriegsfuehrung-gegen-iran-hohe-opferzahl-bei-unruhen\/#respond"]}]},{"@type":"WebPage","@id":"https:\/\/now-news.de\/de\/deutschland\/beteiligung-der-geheimdienste-an-hybrider-kriegsfuehrung-gegen-iran-hohe-opferzahl-bei-unruhen\/","url":"https:\/\/now-news.de\/de\/deutschland\/beteiligung-der-geheimdienste-an-hybrider-kriegsfuehrung-gegen-iran-hohe-opferzahl-bei-unruhen\/","name":"Beteiligung der Geheimdienste an hybrider Kriegsf\u00fchrung gegen Iran \u2013 hohe Opferzahl bei Unruhen - just-now.NEWS Deutschland","isPartOf":{"@id":"https:\/\/now-news.de\/de\/#website"},"primaryImageOfPage":{"@id":"https:\/\/now-news.de\/de\/deutschland\/beteiligung-der-geheimdienste-an-hybrider-kriegsfuehrung-gegen-iran-hohe-opferzahl-bei-unruhen\/#primaryimage"},"image":{"@id":"https:\/\/now-news.de\/de\/deutschland\/beteiligung-der-geheimdienste-an-hybrider-kriegsfuehrung-gegen-iran-hohe-opferzahl-bei-unruhen\/#primaryimage"},"thumbnailUrl":"https:\/\/now-news.de\/de\/wp-content\/uploads\/sites\/3\/2022\/12\/Beteiligung-der-Geheimdienste-an-hybrider-Kriegsfuehrung-gegen-Iran-\u2013-hohe.jpg","datePublished":"2022-12-02T13:49:42+00:00","dateModified":"2022-12-02T13:49:42+00:00","breadcrumb":{"@id":"https:\/\/now-news.de\/de\/deutschland\/beteiligung-der-geheimdienste-an-hybrider-kriegsfuehrung-gegen-iran-hohe-opferzahl-bei-unruhen\/#breadcrumb"},"inLanguage":"de","potentialAction":[{"@type":"ReadAction","target":["https:\/\/now-news.de\/de\/deutschland\/beteiligung-der-geheimdienste-an-hybrider-kriegsfuehrung-gegen-iran-hohe-opferzahl-bei-unruhen\/"]}]},{"@type":"ImageObject","inLanguage":"de","@id":"https:\/\/now-news.de\/de\/deutschland\/beteiligung-der-geheimdienste-an-hybrider-kriegsfuehrung-gegen-iran-hohe-opferzahl-bei-unruhen\/#primaryimage","url":"https:\/\/now-news.de\/de\/wp-content\/uploads\/sites\/3\/2022\/12\/Beteiligung-der-Geheimdienste-an-hybrider-Kriegsfuehrung-gegen-Iran-\u2013-hohe.jpg","contentUrl":"https:\/\/now-news.de\/de\/wp-content\/uploads\/sites\/3\/2022\/12\/Beteiligung-der-Geheimdienste-an-hybrider-Kriegsfuehrung-gegen-Iran-\u2013-hohe.jpg","width":460,"height":259,"caption":"Beteiligung der Geheimdienste an hybrider Kriegsf\u00fchrung gegen Iran \u2013 hohe Opferzahl bei Unruhen"},{"@type":"BreadcrumbList","@id":"https:\/\/now-news.de\/de\/deutschland\/beteiligung-der-geheimdienste-an-hybrider-kriegsfuehrung-gegen-iran-hohe-opferzahl-bei-unruhen\/#breadcrumb","itemListElement":[{"@type":"ListItem","position":1,"name":"Home","item":"https:\/\/now-news.de\/de\/"},{"@type":"ListItem","position":2,"name":"Beteiligung der Geheimdienste an hybrider Kriegsf\u00fchrung gegen Iran \u2013 hohe Opferzahl bei Unruhen"}]},{"@type":"WebSite","@id":"https:\/\/now-news.de\/de\/#website","url":"https:\/\/now-news.de\/de\/","name":"just-now.NEWS Deutschland","description":"Das Portal f\u00fcr unzensierte Nachrichten aus der Welt","publisher":{"@id":"https:\/\/now-news.de\/de\/#organization"},"potentialAction":[{"@type":"SearchAction","target":{"@type":"EntryPoint","urlTemplate":"https:\/\/now-news.de\/de\/?s={search_term_string}"},"query-input":"required name=search_term_string"}],"inLanguage":"de"},{"@type":"Organization","@id":"https:\/\/now-news.de\/de\/#organization","name":"Just Now News","url":"https:\/\/now-news.de\/de\/","logo":{"@type":"ImageObject","inLanguage":"de","@id":"https:\/\/now-news.de\/de\/#\/schema\/logo\/image\/","url":"http:\/\/just-now.news\/de\/wp-content\/uploads\/sites\/3\/2022\/04\/logo500x500.jpg","contentUrl":"http:\/\/just-now.news\/de\/wp-content\/uploads\/sites\/3\/2022\/04\/logo500x500.jpg","width":500,"height":500,"caption":"Just Now News"},"image":{"@id":"https:\/\/now-news.de\/de\/#\/schema\/logo\/image\/"},"sameAs":["https:\/\/www.facebook.com\/wirmachenauf","https:\/\/x.com\/WirMachenAuf_de"]},{"@type":"Person","@id":"https:\/\/now-news.de\/de\/#\/schema\/person\/fb534a4e865501d8b3285208df34a9b5","name":"rtnews","image":{"@type":"ImageObject","inLanguage":"de","@id":"https:\/\/now-news.de\/de\/#\/schema\/person\/image\/","url":"https:\/\/secure.gravatar.com\/avatar\/82aafea7d8127119dd649515f56e2117?s=96&d=mm&r=g","contentUrl":"https:\/\/secure.gravatar.com\/avatar\/82aafea7d8127119dd649515f56e2117?s=96&d=mm&r=g","caption":"rtnews"},"url":"https:\/\/now-news.de\/de\/author\/rnews\/"}]}},"_links":{"self":[{"href":"https:\/\/now-news.de\/de\/wp-json\/wp\/v2\/posts\/24575"}],"collection":[{"href":"https:\/\/now-news.de\/de\/wp-json\/wp\/v2\/posts"}],"about":[{"href":"https:\/\/now-news.de\/de\/wp-json\/wp\/v2\/types\/post"}],"author":[{"embeddable":true,"href":"https:\/\/now-news.de\/de\/wp-json\/wp\/v2\/users\/3"}],"replies":[{"embeddable":true,"href":"https:\/\/now-news.de\/de\/wp-json\/wp\/v2\/comments?post=24575"}],"version-history":[{"count":0,"href":"https:\/\/now-news.de\/de\/wp-json\/wp\/v2\/posts\/24575\/revisions"}],"wp:featuredmedia":[{"embeddable":true,"href":"https:\/\/now-news.de\/de\/wp-json\/wp\/v2\/media\/24576"}],"wp:attachment":[{"href":"https:\/\/now-news.de\/de\/wp-json\/wp\/v2\/media?parent=24575"}],"wp:term":[{"taxonomy":"category","embeddable":true,"href":"https:\/\/now-news.de\/de\/wp-json\/wp\/v2\/categories?post=24575"},{"taxonomy":"post_tag","embeddable":true,"href":"https:\/\/now-news.de\/de\/wp-json\/wp\/v2\/tags?post=24575"}],"curies":[{"name":"wp","href":"https:\/\/api.w.org\/{rel}","templated":true}]}}