{"id":24530,"date":"2022-12-02T16:19:54","date_gmt":"2022-12-02T14:19:54","guid":{"rendered":"http:\/\/just-now.news\/de\/deutschland\/un-nothilfekoordinator-martin-griffiths-setzt-auf-erweiterung-des-getreideabkommens\/"},"modified":"2022-12-02T16:19:54","modified_gmt":"2022-12-02T14:19:54","slug":"un-nothilfekoordinator-martin-griffiths-setzt-auf-erweiterung-des-getreideabkommens","status":"publish","type":"post","link":"https:\/\/now-news.de\/de\/deutschland\/un-nothilfekoordinator-martin-griffiths-setzt-auf-erweiterung-des-getreideabkommens\/","title":{"rendered":"UN-Nothilfekoordinator Martin Griffiths\u00a0setzt auf Erweiterung des Getreideabkommens"},"content":{"rendered":"<p><img decoding=\"async\" src=\"http:\/\/just-now.news\/de\/wp-content\/uploads\/sites\/3\/2022\/12\/6389c76048fbef583c70b4b2.jpg\" \/><\/p>\n<div class=\"Text-root Text-type_1 \">\n                Martin Griffiths, Leiter des B\u00fcros der Vereinten Nationen f\u00fcr die Koordinierung humanit\u00e4rer Angelegenheiten (OCHA), erwartet eine Erweiterung des Getreideabkommens mit Russland und der Ukraine. Ziel sei es, dass mehr D\u00fcngemittel direkt aus Russland exportiert werden.\n            <\/div>\n<p><\/p>\n<div class=\"Text-root Text-type_5 ArticleView-text ViewText-root \">\n<p>Da der Ukraine-Konflikt die Lieferketten gest\u00f6rt und die Ern\u00e4hrungssicherheit gef\u00e4hrdet habe, h\u00e4tten sich die Vereinten Nationen in vergangenen Monaten bem\u00fcht, die &#8220;Schwarzmeer-Getreideinitiative&#8221; um weitere vier Monate zu verl\u00e4ngern und Hindernisse f\u00fcr landwirtschaftliche Exporte aus Russland abzubauen, <a rel=\"nofollow noopener\" target=\"_blank\" href=\"https:\/\/reliefweb.int\/report\/world\/press-conference-launch-2023-global-humanitarian-overview-under-secretary-general-humanitarian-affairs-and-emergency-relief-coordinator-martin-griffiths-1-december-2022\">sagte<\/a> Martin Griffiths, Leiter des B\u00fcros der Vereinten Nationen f\u00fcr die Koordinierung humanit\u00e4rer Angelegenheiten (OCHA), auf einer Pressekonferenz am Donnerstag. Man wolle erreichen, dass unter anderem mehr D\u00fcngemittel direkt aus Russland exportiert werden, auch \u00fcber Europa, hie\u00df es. Die UN versuche zudem, dass Ammoniaklieferungen aus Russland \u00fcber die Ukraine wiederaufgenommen werden.<\/p>\n<p>Die D\u00fcngemittel-Lieferungen seien ein Schl\u00fcssel daf\u00fcr, Engp\u00e4sse und hohe Preise im kommenden Jahr zu bew\u00e4ltigen, sagte Griffiths unter Verweis auf das Weltern\u00e4hrungsprogramm und die UN-Ern\u00e4hrungs- und Landwirtschaftsorganisation (FAO). Er zeigte sich davon \u00fcberzeugt, dass es in vier Monaten weitere Verhandlungen \u00fcber das Getreideabkommen geben werde. Griffiths f\u00fcgte hinzu:<\/p>\n<blockquote>\n<p><em>&#8220;Ich hoffe, dass wir es eher erweitern als reduzieren.&#8221;<\/em><\/p>\n<\/blockquote>\n<p>Dank des Getreideabkommens und der russischen Exporte h\u00e4tten die Preise f\u00fcr Nahrungs- und D\u00fcngemittel gesenkt werden k\u00f6nnen, so der<strong>\u00a0<\/strong>UN-Nothilfekoordinator.<\/p>\n<p>Russlands Au\u00dfenminister Sergei Lawrow hat die Versuche der Vereinten Nationen begr\u00fc\u00dft, das Problem der Aufhebung der Beschr\u00e4nkungen f\u00fcr russische landwirtschaftliche Exporte zu l\u00f6sen. UN-Generalsekret\u00e4r Ant\u00f3nio Guterres setze sich zwar daf\u00fcr ein, die USA und die EU w\u00fcrden jedoch \u00e4u\u00dferst z\u00f6gerlich reagieren und die Ausnahmen w\u00fcrden buchst\u00e4blich &#8220;durch Druck herausgeschagen&#8221;, sagte Lawrow auf einer Pressekonferenz am Donnerstag. Aus dem Westen gebe es &#8220;wenig Respekt vor den Bem\u00fchungen&#8221; von Guterres.<\/p>\n<p>Lawrow betonte auch, dass die Behauptungen, es g\u00e4be keine Beschr\u00e4nkungen gegen russisches Getreide und D\u00fcngemittel vonseiten der EU, falsch seien. Die Sanktionen bestehen ihm zufolge weiterhin. Es gebe zwar keine Strafma\u00dfnahmen gegen &#8220;D\u00fcngemittel und Lebensmittel aus Russland&#8221;, daf\u00fcr aber ein Verbot f\u00fcr Bankgesch\u00e4fte der russischen Bank Rosselchosbank, die mehr als 90 Prozent der Transaktionen mit Bezug auf Lebensmittellieferungen aus Russland abwickeln. Die Sanktionen w\u00fcrden auch f\u00fcr Schiffscharter und Schiffsversicherungen gelten, sagte der Minister.<\/p>\n<p>Das Getreideabkommen, das am 22. Juli von Vertretern Russlands, der T\u00fcrkei, der Ukraine und der Vereinten Nationen unterzeichnet worden war, sieht die Ausfuhr des Getreides sowie von Lebens- und D\u00fcngemitteln von drei ukrainischen H\u00e4fen aus \u00fcber das Schwarze Meer vor, darunter aus Odessa. Der Vertrag, der am 18. November auslief, wurde automatisch um 120 Tage verl\u00e4ngert.\u00a0<\/p>\n<p><strong>Meht zum Thema<\/strong> &#8211; <a rel=\"nofollow noopener\" target=\"_blank\" href=\"https:\/\/de.rt.com\/europa\/155693-getreidedeal-zeigt-moeglichkeit-diplomatischer-loesung\/\">Erdo\u011fan: Getreidedeal zeigt Wege zu diplomatischer L\u00f6sung in der Ukraine\u00a0<\/a><\/p>\n<div class=\"EmbedBlock-root EmbedBlock-externalVideo EmbedBlock-vk\">\n<div class=\"VkEmbed\"><iframe class=\"lazyload\" data-src=\"https:\/\/vk.com\/video_ext.php?oid=-134310637&amp;id=456260874&amp;hash=60dbcb2922489e9b\" frameborder=\"0\" width=\"853\" height=\"480\" allowfullscreen><\/iframe><\/div>\n<\/div>\n<\/div>\n<p><br \/>\n<br \/><a href=\"https:\/\/de.rt.com\/international\/156094-un-nothilfekoordinator-martin-griffiths-setzt\/\">Source link <\/a><\/p>\n","protected":false},"excerpt":{"rendered":"<p>Martin Griffiths, Leiter des B\u00fcros der Vereinten Nationen f\u00fcr die Koordinierung humanit\u00e4rer Angelegenheiten (OCHA), erwartet eine Erweiterung des Getreideabkommens mit Russland und der Ukraine. Ziel sei es, dass mehr D\u00fcngemittel direkt aus Russland exportiert werden. Da der Ukraine-Konflikt die Lieferketten gest\u00f6rt und die Ern\u00e4hrungssicherheit gef\u00e4hrdet habe, h\u00e4tten sich die Vereinten Nationen in vergangenen Monaten bem\u00fcht, [&hellip;]<\/p>\n","protected":false},"author":3,"featured_media":24531,"comment_status":"open","ping_status":"open","sticky":false,"template":"","format":"standard","meta":{"_yoast_indexnow_last_ping":["1669990858"],"wp_automatic_camp":["217"],"2b78d7c5a6bca728cb50bb5821b0c735":["UN-Nothilfekoordinator Martin Griffiths\u00a0setzt auf Erweiterung des Getreideabkommens"],"original_link":["https:\/\/de.rt.com\/international\/156094-un-nothilfekoordinator-martin-griffiths-setzt\/"],"_thumbnail_id":["24531"],"_wptgpro_p2tg_sent2tg":["a:1:{i:23737;s:19:\"2022-12-02 16:21:47\";}"],"jnews_social_counter_last_update":["1777169966"]},"categories":[19,23],"tags":[133,583,18569,28885,36887,1187,36886],"yoast_head":"<!-- This site is optimized with the Yoast SEO Premium plugin v22.7 (Yoast SEO v22.7) - https:\/\/yoast.com\/wordpress\/plugins\/seo\/ -->\n<title>UN-Nothilfekoordinator Martin Griffiths\u00a0setzt auf Erweiterung des Getreideabkommens - just-now.NEWS Deutschland<\/title>\n<meta name=\"robots\" content=\"index, follow, max-snippet:-1, max-image-preview:large, max-video-preview:-1\" \/>\n<link rel=\"canonical\" href=\"https:\/\/now-news.de\/de\/deutschland\/un-nothilfekoordinator-martin-griffiths-setzt-auf-erweiterung-des-getreideabkommens\/\" \/>\n<meta property=\"og:locale\" content=\"de_DE\" \/>\n<meta property=\"og:type\" content=\"article\" \/>\n<meta property=\"og:title\" content=\"UN-Nothilfekoordinator Martin Griffiths\u00a0setzt auf Erweiterung des Getreideabkommens\" \/>\n<meta property=\"og:description\" content=\"Martin Griffiths, Leiter des B\u00fcros der Vereinten Nationen f\u00fcr die Koordinierung humanit\u00e4rer Angelegenheiten (OCHA), erwartet eine Erweiterung des Getreideabkommens mit Russland und der Ukraine. Ziel sei es, dass mehr D\u00fcngemittel direkt aus Russland exportiert werden. Da der Ukraine-Konflikt die Lieferketten gest\u00f6rt und die Ern\u00e4hrungssicherheit gef\u00e4hrdet habe, h\u00e4tten sich die Vereinten Nationen in vergangenen Monaten bem\u00fcht, [&hellip;]\" \/>\n<meta property=\"og:url\" content=\"https:\/\/now-news.de\/de\/deutschland\/un-nothilfekoordinator-martin-griffiths-setzt-auf-erweiterung-des-getreideabkommens\/\" \/>\n<meta property=\"og:site_name\" content=\"just-now.NEWS Deutschland\" \/>\n<meta property=\"article:publisher\" content=\"https:\/\/www.facebook.com\/wirmachenauf\" \/>\n<meta property=\"article:published_time\" content=\"2022-12-02T14:19:54+00:00\" \/>\n<meta property=\"og:image\" content=\"https:\/\/now-news.de\/de\/wp-content\/uploads\/sites\/3\/2022\/12\/UN-Nothilfekoordinator-Martin-Griffiths-setzt-auf-Erweiterung-des-Getreideabkommens.jpg\" \/>\n\t<meta property=\"og:image:width\" content=\"460\" \/>\n\t<meta property=\"og:image:height\" content=\"259\" \/>\n\t<meta property=\"og:image:type\" content=\"image\/jpeg\" \/>\n<meta name=\"author\" content=\"rtnews\" \/>\n<meta name=\"twitter:card\" content=\"summary_large_image\" \/>\n<meta name=\"twitter:creator\" content=\"@WirMachenAuf_de\" \/>\n<meta name=\"twitter:site\" content=\"@WirMachenAuf_de\" \/>\n<meta name=\"twitter:label1\" content=\"Verfasst von\" \/>\n\t<meta name=\"twitter:data1\" content=\"rtnews\" \/>\n\t<meta name=\"twitter:label2\" content=\"Gesch\u00e4tzte Lesezeit\" \/>\n\t<meta name=\"twitter:data2\" content=\"2\u00a0Minuten\" \/>\n<script type=\"application\/ld+json\" class=\"yoast-schema-graph\">{\"@context\":\"https:\/\/schema.org\",\"@graph\":[{\"@type\":\"Article\",\"@id\":\"https:\/\/now-news.de\/de\/deutschland\/un-nothilfekoordinator-martin-griffiths-setzt-auf-erweiterung-des-getreideabkommens\/#article\",\"isPartOf\":{\"@id\":\"https:\/\/now-news.de\/de\/deutschland\/un-nothilfekoordinator-martin-griffiths-setzt-auf-erweiterung-des-getreideabkommens\/\"},\"author\":{\"name\":\"rtnews\",\"@id\":\"https:\/\/now-news.de\/de\/#\/schema\/person\/fb534a4e865501d8b3285208df34a9b5\"},\"headline\":\"UN-Nothilfekoordinator Martin Griffiths\u00a0setzt auf Erweiterung des Getreideabkommens\",\"datePublished\":\"2022-12-02T14:19:54+00:00\",\"dateModified\":\"2022-12-02T14:19:54+00:00\",\"mainEntityOfPage\":{\"@id\":\"https:\/\/now-news.de\/de\/deutschland\/un-nothilfekoordinator-martin-griffiths-setzt-auf-erweiterung-des-getreideabkommens\/\"},\"wordCount\":474,\"commentCount\":0,\"publisher\":{\"@id\":\"https:\/\/now-news.de\/de\/#organization\"},\"image\":{\"@id\":\"https:\/\/now-news.de\/de\/deutschland\/un-nothilfekoordinator-martin-griffiths-setzt-auf-erweiterung-des-getreideabkommens\/#primaryimage\"},\"thumbnailUrl\":\"https:\/\/now-news.de\/de\/wp-content\/uploads\/sites\/3\/2022\/12\/UN-Nothilfekoordinator-Martin-Griffiths-setzt-auf-Erweiterung-des-Getreideabkommens.jpg\",\"keywords\":[\"AUF\",\"des\",\"Erweiterung\",\"Getreideabkommens\",\"Griffithssetzt\",\"Martin\",\"UNNothilfekoordinator\"],\"articleSection\":[\"Deutschland\",\"Russland\"],\"inLanguage\":\"de\",\"potentialAction\":[{\"@type\":\"CommentAction\",\"name\":\"Comment\",\"target\":[\"https:\/\/now-news.de\/de\/deutschland\/un-nothilfekoordinator-martin-griffiths-setzt-auf-erweiterung-des-getreideabkommens\/#respond\"]}]},{\"@type\":\"WebPage\",\"@id\":\"https:\/\/now-news.de\/de\/deutschland\/un-nothilfekoordinator-martin-griffiths-setzt-auf-erweiterung-des-getreideabkommens\/\",\"url\":\"https:\/\/now-news.de\/de\/deutschland\/un-nothilfekoordinator-martin-griffiths-setzt-auf-erweiterung-des-getreideabkommens\/\",\"name\":\"UN-Nothilfekoordinator Martin Griffiths\u00a0setzt auf Erweiterung des Getreideabkommens - just-now.NEWS Deutschland\",\"isPartOf\":{\"@id\":\"https:\/\/now-news.de\/de\/#website\"},\"primaryImageOfPage\":{\"@id\":\"https:\/\/now-news.de\/de\/deutschland\/un-nothilfekoordinator-martin-griffiths-setzt-auf-erweiterung-des-getreideabkommens\/#primaryimage\"},\"image\":{\"@id\":\"https:\/\/now-news.de\/de\/deutschland\/un-nothilfekoordinator-martin-griffiths-setzt-auf-erweiterung-des-getreideabkommens\/#primaryimage\"},\"thumbnailUrl\":\"https:\/\/now-news.de\/de\/wp-content\/uploads\/sites\/3\/2022\/12\/UN-Nothilfekoordinator-Martin-Griffiths-setzt-auf-Erweiterung-des-Getreideabkommens.jpg\",\"datePublished\":\"2022-12-02T14:19:54+00:00\",\"dateModified\":\"2022-12-02T14:19:54+00:00\",\"breadcrumb\":{\"@id\":\"https:\/\/now-news.de\/de\/deutschland\/un-nothilfekoordinator-martin-griffiths-setzt-auf-erweiterung-des-getreideabkommens\/#breadcrumb\"},\"inLanguage\":\"de\",\"potentialAction\":[{\"@type\":\"ReadAction\",\"target\":[\"https:\/\/now-news.de\/de\/deutschland\/un-nothilfekoordinator-martin-griffiths-setzt-auf-erweiterung-des-getreideabkommens\/\"]}]},{\"@type\":\"ImageObject\",\"inLanguage\":\"de\",\"@id\":\"https:\/\/now-news.de\/de\/deutschland\/un-nothilfekoordinator-martin-griffiths-setzt-auf-erweiterung-des-getreideabkommens\/#primaryimage\",\"url\":\"https:\/\/now-news.de\/de\/wp-content\/uploads\/sites\/3\/2022\/12\/UN-Nothilfekoordinator-Martin-Griffiths-setzt-auf-Erweiterung-des-Getreideabkommens.jpg\",\"contentUrl\":\"https:\/\/now-news.de\/de\/wp-content\/uploads\/sites\/3\/2022\/12\/UN-Nothilfekoordinator-Martin-Griffiths-setzt-auf-Erweiterung-des-Getreideabkommens.jpg\",\"width\":460,\"height\":259,\"caption\":\"UN-Nothilfekoordinator Martin Griffiths\u00a0setzt auf Erweiterung des Getreideabkommens\"},{\"@type\":\"BreadcrumbList\",\"@id\":\"https:\/\/now-news.de\/de\/deutschland\/un-nothilfekoordinator-martin-griffiths-setzt-auf-erweiterung-des-getreideabkommens\/#breadcrumb\",\"itemListElement\":[{\"@type\":\"ListItem\",\"position\":1,\"name\":\"Home\",\"item\":\"https:\/\/now-news.de\/de\/\"},{\"@type\":\"ListItem\",\"position\":2,\"name\":\"UN-Nothilfekoordinator Martin Griffiths\u00a0setzt auf Erweiterung des Getreideabkommens\"}]},{\"@type\":\"WebSite\",\"@id\":\"https:\/\/now-news.de\/de\/#website\",\"url\":\"https:\/\/now-news.de\/de\/\",\"name\":\"just-now.NEWS Deutschland\",\"description\":\"Das Portal f\u00fcr unzensierte Nachrichten aus der Welt\",\"publisher\":{\"@id\":\"https:\/\/now-news.de\/de\/#organization\"},\"potentialAction\":[{\"@type\":\"SearchAction\",\"target\":{\"@type\":\"EntryPoint\",\"urlTemplate\":\"https:\/\/now-news.de\/de\/?s={search_term_string}\"},\"query-input\":\"required name=search_term_string\"}],\"inLanguage\":\"de\"},{\"@type\":\"Organization\",\"@id\":\"https:\/\/now-news.de\/de\/#organization\",\"name\":\"Just Now News\",\"url\":\"https:\/\/now-news.de\/de\/\",\"logo\":{\"@type\":\"ImageObject\",\"inLanguage\":\"de\",\"@id\":\"https:\/\/now-news.de\/de\/#\/schema\/logo\/image\/\",\"url\":\"http:\/\/just-now.news\/de\/wp-content\/uploads\/sites\/3\/2022\/04\/logo500x500.jpg\",\"contentUrl\":\"http:\/\/just-now.news\/de\/wp-content\/uploads\/sites\/3\/2022\/04\/logo500x500.jpg\",\"width\":500,\"height\":500,\"caption\":\"Just Now News\"},\"image\":{\"@id\":\"https:\/\/now-news.de\/de\/#\/schema\/logo\/image\/\"},\"sameAs\":[\"https:\/\/www.facebook.com\/wirmachenauf\",\"https:\/\/x.com\/WirMachenAuf_de\"]},{\"@type\":\"Person\",\"@id\":\"https:\/\/now-news.de\/de\/#\/schema\/person\/fb534a4e865501d8b3285208df34a9b5\",\"name\":\"rtnews\",\"image\":{\"@type\":\"ImageObject\",\"inLanguage\":\"de\",\"@id\":\"https:\/\/now-news.de\/de\/#\/schema\/person\/image\/\",\"url\":\"https:\/\/secure.gravatar.com\/avatar\/82aafea7d8127119dd649515f56e2117?s=96&d=mm&r=g\",\"contentUrl\":\"https:\/\/secure.gravatar.com\/avatar\/82aafea7d8127119dd649515f56e2117?s=96&d=mm&r=g\",\"caption\":\"rtnews\"},\"url\":\"https:\/\/now-news.de\/de\/author\/rnews\/\"}]}<\/script>\n<!-- \/ Yoast SEO Premium plugin. -->","yoast_head_json":{"title":"UN-Nothilfekoordinator Martin Griffiths\u00a0setzt auf Erweiterung des Getreideabkommens - just-now.NEWS Deutschland","robots":{"index":"index","follow":"follow","max-snippet":"max-snippet:-1","max-image-preview":"max-image-preview:large","max-video-preview":"max-video-preview:-1"},"canonical":"https:\/\/now-news.de\/de\/deutschland\/un-nothilfekoordinator-martin-griffiths-setzt-auf-erweiterung-des-getreideabkommens\/","og_locale":"de_DE","og_type":"article","og_title":"UN-Nothilfekoordinator Martin Griffiths\u00a0setzt auf Erweiterung des Getreideabkommens","og_description":"Martin Griffiths, Leiter des B\u00fcros der Vereinten Nationen f\u00fcr die Koordinierung humanit\u00e4rer Angelegenheiten (OCHA), erwartet eine Erweiterung des Getreideabkommens mit Russland und der Ukraine. Ziel sei es, dass mehr D\u00fcngemittel direkt aus Russland exportiert werden. Da der Ukraine-Konflikt die Lieferketten gest\u00f6rt und die Ern\u00e4hrungssicherheit gef\u00e4hrdet habe, h\u00e4tten sich die Vereinten Nationen in vergangenen Monaten bem\u00fcht, [&hellip;]","og_url":"https:\/\/now-news.de\/de\/deutschland\/un-nothilfekoordinator-martin-griffiths-setzt-auf-erweiterung-des-getreideabkommens\/","og_site_name":"just-now.NEWS Deutschland","article_publisher":"https:\/\/www.facebook.com\/wirmachenauf","article_published_time":"2022-12-02T14:19:54+00:00","og_image":[{"width":460,"height":259,"url":"https:\/\/now-news.de\/de\/wp-content\/uploads\/sites\/3\/2022\/12\/UN-Nothilfekoordinator-Martin-Griffiths-setzt-auf-Erweiterung-des-Getreideabkommens.jpg","type":"image\/jpeg"}],"author":"rtnews","twitter_card":"summary_large_image","twitter_creator":"@WirMachenAuf_de","twitter_site":"@WirMachenAuf_de","twitter_misc":{"Verfasst von":"rtnews","Gesch\u00e4tzte Lesezeit":"2\u00a0Minuten"},"schema":{"@context":"https:\/\/schema.org","@graph":[{"@type":"Article","@id":"https:\/\/now-news.de\/de\/deutschland\/un-nothilfekoordinator-martin-griffiths-setzt-auf-erweiterung-des-getreideabkommens\/#article","isPartOf":{"@id":"https:\/\/now-news.de\/de\/deutschland\/un-nothilfekoordinator-martin-griffiths-setzt-auf-erweiterung-des-getreideabkommens\/"},"author":{"name":"rtnews","@id":"https:\/\/now-news.de\/de\/#\/schema\/person\/fb534a4e865501d8b3285208df34a9b5"},"headline":"UN-Nothilfekoordinator Martin Griffiths\u00a0setzt auf Erweiterung des Getreideabkommens","datePublished":"2022-12-02T14:19:54+00:00","dateModified":"2022-12-02T14:19:54+00:00","mainEntityOfPage":{"@id":"https:\/\/now-news.de\/de\/deutschland\/un-nothilfekoordinator-martin-griffiths-setzt-auf-erweiterung-des-getreideabkommens\/"},"wordCount":474,"commentCount":0,"publisher":{"@id":"https:\/\/now-news.de\/de\/#organization"},"image":{"@id":"https:\/\/now-news.de\/de\/deutschland\/un-nothilfekoordinator-martin-griffiths-setzt-auf-erweiterung-des-getreideabkommens\/#primaryimage"},"thumbnailUrl":"https:\/\/now-news.de\/de\/wp-content\/uploads\/sites\/3\/2022\/12\/UN-Nothilfekoordinator-Martin-Griffiths-setzt-auf-Erweiterung-des-Getreideabkommens.jpg","keywords":["AUF","des","Erweiterung","Getreideabkommens","Griffithssetzt","Martin","UNNothilfekoordinator"],"articleSection":["Deutschland","Russland"],"inLanguage":"de","potentialAction":[{"@type":"CommentAction","name":"Comment","target":["https:\/\/now-news.de\/de\/deutschland\/un-nothilfekoordinator-martin-griffiths-setzt-auf-erweiterung-des-getreideabkommens\/#respond"]}]},{"@type":"WebPage","@id":"https:\/\/now-news.de\/de\/deutschland\/un-nothilfekoordinator-martin-griffiths-setzt-auf-erweiterung-des-getreideabkommens\/","url":"https:\/\/now-news.de\/de\/deutschland\/un-nothilfekoordinator-martin-griffiths-setzt-auf-erweiterung-des-getreideabkommens\/","name":"UN-Nothilfekoordinator Martin Griffiths\u00a0setzt auf Erweiterung des Getreideabkommens - just-now.NEWS Deutschland","isPartOf":{"@id":"https:\/\/now-news.de\/de\/#website"},"primaryImageOfPage":{"@id":"https:\/\/now-news.de\/de\/deutschland\/un-nothilfekoordinator-martin-griffiths-setzt-auf-erweiterung-des-getreideabkommens\/#primaryimage"},"image":{"@id":"https:\/\/now-news.de\/de\/deutschland\/un-nothilfekoordinator-martin-griffiths-setzt-auf-erweiterung-des-getreideabkommens\/#primaryimage"},"thumbnailUrl":"https:\/\/now-news.de\/de\/wp-content\/uploads\/sites\/3\/2022\/12\/UN-Nothilfekoordinator-Martin-Griffiths-setzt-auf-Erweiterung-des-Getreideabkommens.jpg","datePublished":"2022-12-02T14:19:54+00:00","dateModified":"2022-12-02T14:19:54+00:00","breadcrumb":{"@id":"https:\/\/now-news.de\/de\/deutschland\/un-nothilfekoordinator-martin-griffiths-setzt-auf-erweiterung-des-getreideabkommens\/#breadcrumb"},"inLanguage":"de","potentialAction":[{"@type":"ReadAction","target":["https:\/\/now-news.de\/de\/deutschland\/un-nothilfekoordinator-martin-griffiths-setzt-auf-erweiterung-des-getreideabkommens\/"]}]},{"@type":"ImageObject","inLanguage":"de","@id":"https:\/\/now-news.de\/de\/deutschland\/un-nothilfekoordinator-martin-griffiths-setzt-auf-erweiterung-des-getreideabkommens\/#primaryimage","url":"https:\/\/now-news.de\/de\/wp-content\/uploads\/sites\/3\/2022\/12\/UN-Nothilfekoordinator-Martin-Griffiths-setzt-auf-Erweiterung-des-Getreideabkommens.jpg","contentUrl":"https:\/\/now-news.de\/de\/wp-content\/uploads\/sites\/3\/2022\/12\/UN-Nothilfekoordinator-Martin-Griffiths-setzt-auf-Erweiterung-des-Getreideabkommens.jpg","width":460,"height":259,"caption":"UN-Nothilfekoordinator Martin Griffiths\u00a0setzt auf Erweiterung des Getreideabkommens"},{"@type":"BreadcrumbList","@id":"https:\/\/now-news.de\/de\/deutschland\/un-nothilfekoordinator-martin-griffiths-setzt-auf-erweiterung-des-getreideabkommens\/#breadcrumb","itemListElement":[{"@type":"ListItem","position":1,"name":"Home","item":"https:\/\/now-news.de\/de\/"},{"@type":"ListItem","position":2,"name":"UN-Nothilfekoordinator Martin Griffiths\u00a0setzt auf Erweiterung des Getreideabkommens"}]},{"@type":"WebSite","@id":"https:\/\/now-news.de\/de\/#website","url":"https:\/\/now-news.de\/de\/","name":"just-now.NEWS Deutschland","description":"Das Portal f\u00fcr unzensierte Nachrichten aus der Welt","publisher":{"@id":"https:\/\/now-news.de\/de\/#organization"},"potentialAction":[{"@type":"SearchAction","target":{"@type":"EntryPoint","urlTemplate":"https:\/\/now-news.de\/de\/?s={search_term_string}"},"query-input":"required name=search_term_string"}],"inLanguage":"de"},{"@type":"Organization","@id":"https:\/\/now-news.de\/de\/#organization","name":"Just Now News","url":"https:\/\/now-news.de\/de\/","logo":{"@type":"ImageObject","inLanguage":"de","@id":"https:\/\/now-news.de\/de\/#\/schema\/logo\/image\/","url":"http:\/\/just-now.news\/de\/wp-content\/uploads\/sites\/3\/2022\/04\/logo500x500.jpg","contentUrl":"http:\/\/just-now.news\/de\/wp-content\/uploads\/sites\/3\/2022\/04\/logo500x500.jpg","width":500,"height":500,"caption":"Just Now News"},"image":{"@id":"https:\/\/now-news.de\/de\/#\/schema\/logo\/image\/"},"sameAs":["https:\/\/www.facebook.com\/wirmachenauf","https:\/\/x.com\/WirMachenAuf_de"]},{"@type":"Person","@id":"https:\/\/now-news.de\/de\/#\/schema\/person\/fb534a4e865501d8b3285208df34a9b5","name":"rtnews","image":{"@type":"ImageObject","inLanguage":"de","@id":"https:\/\/now-news.de\/de\/#\/schema\/person\/image\/","url":"https:\/\/secure.gravatar.com\/avatar\/82aafea7d8127119dd649515f56e2117?s=96&d=mm&r=g","contentUrl":"https:\/\/secure.gravatar.com\/avatar\/82aafea7d8127119dd649515f56e2117?s=96&d=mm&r=g","caption":"rtnews"},"url":"https:\/\/now-news.de\/de\/author\/rnews\/"}]}},"_links":{"self":[{"href":"https:\/\/now-news.de\/de\/wp-json\/wp\/v2\/posts\/24530"}],"collection":[{"href":"https:\/\/now-news.de\/de\/wp-json\/wp\/v2\/posts"}],"about":[{"href":"https:\/\/now-news.de\/de\/wp-json\/wp\/v2\/types\/post"}],"author":[{"embeddable":true,"href":"https:\/\/now-news.de\/de\/wp-json\/wp\/v2\/users\/3"}],"replies":[{"embeddable":true,"href":"https:\/\/now-news.de\/de\/wp-json\/wp\/v2\/comments?post=24530"}],"version-history":[{"count":0,"href":"https:\/\/now-news.de\/de\/wp-json\/wp\/v2\/posts\/24530\/revisions"}],"wp:featuredmedia":[{"embeddable":true,"href":"https:\/\/now-news.de\/de\/wp-json\/wp\/v2\/media\/24531"}],"wp:attachment":[{"href":"https:\/\/now-news.de\/de\/wp-json\/wp\/v2\/media?parent=24530"}],"wp:term":[{"taxonomy":"category","embeddable":true,"href":"https:\/\/now-news.de\/de\/wp-json\/wp\/v2\/categories?post=24530"},{"taxonomy":"post_tag","embeddable":true,"href":"https:\/\/now-news.de\/de\/wp-json\/wp\/v2\/tags?post=24530"}],"curies":[{"name":"wp","href":"https:\/\/api.w.org\/{rel}","templated":true}]}}