{"id":24477,"date":"2022-12-01T20:20:00","date_gmt":"2022-12-01T18:20:00","guid":{"rendered":"https:\/\/just-now.news\/de\/deutschland\/liveticker-ukraine-krieg-medwedew-nazistische-mistkerle-muessen-vernichtet-werden\/"},"modified":"2022-12-01T20:20:00","modified_gmt":"2022-12-01T18:20:00","slug":"liveticker-ukraine-krieg-medwedew-nazistische-mistkerle-muessen-vernichtet-werden","status":"publish","type":"post","link":"https:\/\/now-news.de\/de\/deutschland\/liveticker-ukraine-krieg-medwedew-nazistische-mistkerle-muessen-vernichtet-werden\/","title":{"rendered":"Liveticker Ukraine-Krieg \u2013 Medwedew: &quot;Nazistische Mistkerle&quot; m\u00fcssen vernichtet werden"},"content":{"rendered":"<div class=\"Text-root Text-type_1 \">\n                Russland f\u00fchrt gemeinsam mit den Streitkr\u00e4ften der Donbass-Republiken eine Milit\u00e4roperation in der Ukraine durch. Der Westen reagiert mit immer neuen Waffenlieferungen an die Ukraine und beispiellosen Sanktionen gegen Russland. Hier lesen Sie die neuesten Entwicklungen.\n            <\/div>\n<p><\/p>\n<div class=\"ArticleView-liveUpdates\">\n<div class=\"LiveUpdates-root\">\n<div class=\"LiveUpdates-content\">\n<ul class=\"LiveUpdates-list Listing-root\" data-listing=\"LiveUpdates\" data-count=\"10\">\n<li class=\"LiveUpdates-item Listing-item\">\n<div class=\"LiveUpdates-date\">\n<p class=\"HeaderNews-root HeaderNews-type_2 \">\n                1.12.2022 19:18 Uhr\n            <\/p>\n<\/div>\n<div class=\"LiveUpdate-root\">\n<div class=\"LiveUpdate-date\">\n<p class=\"HeaderNews-root HeaderNews-type_6 \">\n                19:18 Uhr\n            <\/p>\n<\/div>\n<div class=\"LiveUpdate-content\">\n<div class=\"LiveUpdate-text\">\n<div class=\"Text-root Text-type_5 ViewText-root\">\n<p><strong>Reaktion auf ukrainische Aussage: Russischer Ex-Pr\u00e4sident ruft zu Vernichtung der &#8220;Nazi-Mistkerle&#8221; auf<\/strong><\/p>\n<figure class=\"RTImage-root\">\n<div class=\"RTImage-image RTImage-original\"><picture class=\"Picture-root Picture-original\"><!--[if IE 9]><video style=\"display: none;\"><![endif]--><source media=\"(-webkit-min-device-pixel-ratio: 2) and (min-resolution: 120dpi)\" data-srcset=\" \nhttp:\/\/just-now.news\/de\/wp-content\/uploads\/sites\/3\/2022\/12\/6388ec73b480cc414c583c02.jpg 850w,\n                http:\/\/just-now.news\/de\/wp-content\/uploads\/sites\/3\/2022\/12\/6388ec72b480cc414c583c01.jpg 1960w,\n            \" ><source data-srcset=\" \nhttp:\/\/just-now.news\/de\/wp-content\/uploads\/sites\/3\/2022\/12\/6388ec73b480cc414c583c02.jpg 460w,\n              http:\/\/just-now.news\/de\/wp-content\/uploads\/sites\/3\/2022\/12\/6388ec72b480cc414c583c01.jpg 980w,\n            \" ><!--[if IE 9]><\/video><![endif]--><img decoding=\"async\" data- src=\"data:image\/png;base64,iVBORw0KGgoAAAANSUhEUgAAABAAAAAJCAQAAACRI2S5AAAAEElEQVR42mNkIAAYRxWAAQAG9gAKqv6+AwAAAABJRU5ErkJggg==\" class=\"Picture-root Picture-original lazyload\" data-src=\"http:\/\/just-now.news\/de\/wp-content\/uploads\/sites\/3\/2022\/12\/6388ec73b480cc414c583c02.jpg\" alt=\"\"><\/source><\/source><\/picture><!-- noscript pattern --><noscript><img decoding=\"async\" src=\"http:\/\/just-now.news\/de\/wp-content\/uploads\/sites\/3\/2022\/12\/6388ec72b480cc414c583c01.jpg\" alt=\"\"><\/noscript><\/div><figcaption class=\"RTImage-footer\"><span class=\"RTImage-caption\"><span class=\"RTImage-captionItem\">Archivbild: Der ehemalige russische Pr\u00e4sident Dmitri Medwedew<\/span><\/span><span class=\"RTImage-source\"><span class=\"RTImage-captionItem\">Michail Woskresenski<\/span><span class=\"RTImage-captionItem\"> \/ Sputnik<\/span><\/span><\/figcaption><\/figure>\n<p>Der ehemalige russische Pr\u00e4sident Dmitri Medwedew hat mit scharfen Worten auf eine \u00c4u\u00dferung des Sekret\u00e4rs des ukrainischen Nationalen Sicherheits- und Verteidigungsrates, Alexei Danilow, reagiert. Danilow hatte die Russen als Barbaren bezeichnet, mit denen es &#8220;f\u00fcr das ukrainische Volk unw\u00fcrdig ist&#8221;, sich an einen Tisch zu setzen. \u00dcberdies rief er zur Zerst\u00f6rung Russlands auf.<\/p>\n<p>Dmitri Medwedew brachte diesbez\u00fcglich seine Meinung zum Ausdruck:<\/p>\n<p><em>&#8220;Es hat keinen Sinn, auf diesen Unsinn symmetrisch zu reagieren,<\/em>\u00a0<em>geschweige denn etwas \u00fcber die Zerst\u00f6rung der Ukraine zu sagen. Wir sollten nazistische Mistkerle wie den, der das gesagt hat, einfach vernichten.&#8221;<\/em><\/p>\n<p>Auch die Sprecherin des russischen Au\u00dfenministeriums Maria Sacharowa kommentierte die Erkl\u00e4rung von Danilow auf ihrem Telegram-Kanal. Sie stichelte gegen ihn mit den Worten, dass &#8220;das ukrainische Volk es verdient, am Verhandlungstisch nicht von Barbaren vertreten zu werden&#8221;.<\/p>\n<\/div>\n<\/div>\n<\/div>\n<\/div>\n<\/li>\n<li class=\"LiveUpdates-item Listing-item\">\n<div class=\"LiveUpdate-root\">\n<div class=\"LiveUpdate-date\">\n<p class=\"HeaderNews-root HeaderNews-type_6 \">\n                18:55 Uhr\n            <\/p>\n<\/div>\n<div class=\"LiveUpdate-content\">\n<div class=\"LiveUpdate-text\">\n<div class=\"Text-root Text-type_5 ViewText-root\">\n<p><strong>Macron: Friedensverhandlungen zwischen Russland und der Ukraine noch m\u00f6glich<\/strong><\/p>\n<figure class=\"RTImage-root\">\n<div class=\"RTImage-image RTImage-original\"><picture class=\"Picture-root Picture-original\"><!--[if IE 9]><video style=\"display: none;\"><![endif]--><source media=\"(-webkit-min-device-pixel-ratio: 2) and (min-resolution: 120dpi)\" data-srcset=\" \nhttp:\/\/just-now.news\/de\/wp-content\/uploads\/sites\/3\/2022\/12\/6388bdd948fbef5877626703.jpg 850w,\n                http:\/\/just-now.news\/de\/wp-content\/uploads\/sites\/3\/2022\/12\/6388bdd848fbef5877626702.jpg 1960w,\n            \" ><source data-srcset=\" \nhttp:\/\/just-now.news\/de\/wp-content\/uploads\/sites\/3\/2022\/12\/6388bdd948fbef5877626703.jpg 460w,\n              http:\/\/just-now.news\/de\/wp-content\/uploads\/sites\/3\/2022\/12\/6388bdd848fbef5877626702.jpg 980w,\n            \" ><!--[if IE 9]><\/video><![endif]--><img decoding=\"async\" data- src=\"data:image\/png;base64,iVBORw0KGgoAAAANSUhEUgAAABAAAAAJCAQAAACRI2S5AAAAEElEQVR42mNkIAAYRxWAAQAG9gAKqv6+AwAAAABJRU5ErkJggg==\" class=\"Picture-root Picture-original lazyload\" data-src=\"http:\/\/just-now.news\/de\/wp-content\/uploads\/sites\/3\/2022\/12\/6388bdd948fbef5877626703.jpg\" alt=\"\"><\/source><\/source><\/picture><!-- noscript pattern --><noscript><img decoding=\"async\" src=\"http:\/\/just-now.news\/de\/wp-content\/uploads\/sites\/3\/2022\/12\/6388bdd848fbef5877626702.jpg\" alt=\"\"><\/noscript><\/div><figcaption class=\"RTImage-footer\"><span class=\"RTImage-caption\"><span class=\"RTImage-captionItem\">Archivbild: Staatspr\u00e4sident Frankreichs Emmanuel Macron und US-Pr\u00e4sident Joe Biden<\/span><\/span><span class=\"RTImage-source\"><span class=\"RTImage-captionItem\">BRENDAN SMIALOWSKI<\/span><span class=\"RTImage-captionItem\"> \/ AFP<\/span><\/span><\/figcaption><\/figure>\n<p>Dem franz\u00f6sischen Pr\u00e4sidenten Emmanuel Macron zufolge sei ein Friedensprozess im Ukraine-Konflikt noch m\u00f6glich. Im Interview mit dem US-amerikanischen TV-Sender <em>ABC<\/em> betonte der Staatschef unter anderem, dass die beiden Konfliktparteien sich auf ein Friedensabkommen einigen sollten. Der Ukraine d\u00fcrften dabei keine Bedingungen aufgezwungen werden. Ein gutes Abkommen solle fest und langfristig sein, damit keine der Parteien zuk\u00fcnftig darauf verzichten wolle, f\u00fcgte Macron hinzu.<\/p>\n<p>Macron ist derzeit zu einem Staatsbesuch in den USA. Ein Thema bei dem Treffen mit seinem Amtskollegen, dem US-Pr\u00e4sidenten Joe Biden, ist die Frage der Energiesicherheit in der Ukraine.<\/p>\n<\/div>\n<\/div>\n<\/div>\n<\/div>\n<\/li>\n<li class=\"LiveUpdates-item Listing-item\">\n<div class=\"LiveUpdate-root\">\n<div class=\"LiveUpdate-date\">\n<p class=\"HeaderNews-root HeaderNews-type_6 \">\n                18:31 Uhr\n            <\/p>\n<\/div>\n<div class=\"LiveUpdate-content\">\n<div class=\"LiveUpdate-text\">\n<div class=\"Text-root Text-type_5 ViewText-root\">\n<p><strong>Denkmal f\u00fcr den russischen Strategen Alexander Suworow in ukrainischer Stadt Ismail demontiert<\/strong><\/p>\n<p>Die Abrissmanie in der Ukraine ist im vollen Gang. An einem Tag sind nach den vorliegenden Informationen mindestens zwei Monumente abgerissen worden. Das eine war einst zu Ehren des Schriftstellers Nikolai Ostrowski in der Stadt Schepetowka im Gebiet Chmelnizki erbaut worden. Jetzt <a rel=\"nofollow noopener\" target=\"_blank\" href=\"https:\/\/t.me\/stranaua\/78083\">ist<\/a>\u00a0es weg.<\/p>\n<p>Ebenfalls am 1. Dezember <a rel=\"nofollow noopener\" target=\"_blank\" href=\"https:\/\/t.me\/bbbreaking\/142451\">wurde<\/a>\u00a0in der ukrainischen Stadt Ismail im Gebiet Odessa ein Denkmal f\u00fcr den russischen Strategen Alexander Suworow abgerissen. Die lokale Zeitung <em>Dumskaja<\/em> berichtete, dass das Monument auf das Gel\u00e4nde eines Versorgungsbetriebs verlegt werde.<\/p>\n<p>Am Vortag beschloss der Stadtrat von Ismail, die Denkm\u00e4ler der russischen Kaiserin Katharina der Gro\u00dfen sowie des Feldherrn Alexander Suworow abzubauen. Einwohner hatten die Denkm\u00e4ler wiederholt gesch\u00e4ndet: mit Farbe \u00fcbergossen und mit obsz\u00f6nen Aufschriften beschmiert.<\/p>\n<\/div>\n<\/div>\n<\/div>\n<\/div>\n<\/li>\n<li class=\"LiveUpdates-item Listing-item\">\n<div class=\"LiveUpdate-root\">\n<div class=\"LiveUpdate-date\">\n<p class=\"HeaderNews-root HeaderNews-type_6 \">\n                18:04 Uhr\n            <\/p>\n<\/div>\n<div class=\"LiveUpdate-content\">\n<div class=\"LiveUpdate-text\">\n<div class=\"Text-root Text-type_5 ViewText-root\">\n<p><strong>Wall Street Journal: EU hat keine Rechtsgrundlage f\u00fcr Beschlagnahme russischen Verm\u00f6gens<\/strong><\/p>\n<figure class=\"RTImage-root\">\n<div class=\"RTImage-image RTImage-original\"><picture class=\"Picture-root Picture-original\"><!--[if IE 9]><video style=\"display: none;\"><![endif]--><source media=\"(-webkit-min-device-pixel-ratio: 2) and (min-resolution: 120dpi)\" data-srcset=\" \nhttp:\/\/just-now.news\/de\/wp-content\/uploads\/sites\/3\/2022\/12\/63888e7048fbef709a4a4843.jpg 850w,\n                http:\/\/just-now.news\/de\/wp-content\/uploads\/sites\/3\/2022\/12\/63888e6f48fbef709a4a4842.jpg 1960w,\n            \" ><source data-srcset=\" \nhttp:\/\/just-now.news\/de\/wp-content\/uploads\/sites\/3\/2022\/12\/63888e7048fbef709a4a4843.jpg 460w,\n              http:\/\/just-now.news\/de\/wp-content\/uploads\/sites\/3\/2022\/12\/63888e6f48fbef709a4a4842.jpg 980w,\n            \" ><!--[if IE 9]><\/video><![endif]--><img decoding=\"async\" data- src=\"data:image\/png;base64,iVBORw0KGgoAAAANSUhEUgAAABAAAAAJCAQAAACRI2S5AAAAEElEQVR42mNkIAAYRxWAAQAG9gAKqv6+AwAAAABJRU5ErkJggg==\" class=\"Picture-root Picture-original lazyload\" data-src=\"http:\/\/just-now.news\/de\/wp-content\/uploads\/sites\/3\/2022\/12\/63888e7048fbef709a4a4843.jpg\" alt=\"\"><\/source><\/source><\/picture><!-- noscript pattern --><noscript><img decoding=\"async\" src=\"http:\/\/just-now.news\/de\/wp-content\/uploads\/sites\/3\/2022\/12\/63888e6f48fbef709a4a4842.jpg\" alt=\"\"><\/noscript><\/div><figcaption class=\"RTImage-footer\"><span class=\"RTImage-caption\"><span class=\"RTImage-captionItem\">(Symbolbild)<\/span><\/span><span class=\"RTImage-source\"><span class=\"RTImage-captionItem\">Pawel Lissizin<\/span><span class=\"RTImage-captionItem\"> \/ Sputnik<\/span><\/span><\/figcaption><\/figure>\n<p>Nach Angaben des <em>Wall Street Journal<\/em> haben die EU-Beh\u00f6rden bekannt gegeben, die EU sei rechtlich nicht in der Lage, die eingefrorenen Verm\u00f6genswerte der russischen Zentralbank zu beschlagnahmen. Einer m\u00f6glichen Konfiskation komme das internationale Prinzip der Staatenimmunit\u00e4t dazwischen. Laut <em>WSJ<\/em>-Bericht k\u00f6nne die EU nun einen Fond einrichten, um die liquiden Mittel der Verm\u00f6genswerte zu verwalten und Gewinne daraus f\u00fcr den Wiederaufbau der Ukraine zu nutzen.<\/p>\n<p>In den ersten Tagen des russischen Einmarsches in die Ukraine hatten die EU, die USA und ihre Partner weltweit Verm\u00f6genswerte der russischen Zentralbank in H\u00f6he von etwa 300 Millionen Euro eingefroren. Mehrere russische Staatsbeamte, darunter Ministerpr\u00e4sident Michail Mischustin, erkl\u00e4rten, eine Beschlagnahme des russischen Verm\u00f6gens im Ausland sei Willk\u00fcr und Diebstahl.<\/p>\n<\/div>\n<\/div>\n<\/div>\n<\/div>\n<\/li>\n<li class=\"LiveUpdates-item Listing-item\">\n<div class=\"LiveUpdate-root\">\n<div class=\"LiveUpdate-date\">\n<p class=\"HeaderNews-root HeaderNews-type_6 \">\n                17:42 Uhr\n            <\/p>\n<\/div>\n<div class=\"LiveUpdate-content\">\n<div class=\"LiveUpdate-text\">\n<div class=\"Text-root Text-type_5 ViewText-root\">\n<p><strong>Russisches Grenzdorf im Gebiet Belgorod unter Beschuss genommen \u2013 Ein Mann verletzt<\/strong><\/p>\n<figure class=\"RTImage-root\">\n<div class=\"RTImage-image RTImage-original\"><picture class=\"Picture-root Picture-original\"><!--[if IE 9]><video style=\"display: none;\"><![endif]--><source media=\"(-webkit-min-device-pixel-ratio: 2) and (min-resolution: 120dpi)\" data-srcset=\" \nhttp:\/\/just-now.news\/de\/wp-content\/uploads\/sites\/3\/2022\/12\/6388d322b480cc414f548f4c.jpg 850w,\n                http:\/\/just-now.news\/de\/wp-content\/uploads\/sites\/3\/2022\/12\/1669919628_184_6388d322b480cc414f548f4c.jpg 1960w,\n            \" ><source data-srcset=\" \nhttp:\/\/just-now.news\/de\/wp-content\/uploads\/sites\/3\/2022\/12\/6388d322b480cc414f548f4c.jpg 460w,\n              http:\/\/just-now.news\/de\/wp-content\/uploads\/sites\/3\/2022\/12\/1669919628_184_6388d322b480cc414f548f4c.jpg 980w,\n            \" ><!--[if IE 9]><\/video><![endif]--><img decoding=\"async\" data- src=\"data:image\/png;base64,iVBORw0KGgoAAAANSUhEUgAAABAAAAAJCAQAAACRI2S5AAAAEElEQVR42mNkIAAYRxWAAQAG9gAKqv6+AwAAAABJRU5ErkJggg==\" class=\"Picture-root Picture-original lazyload\" data-src=\"http:\/\/just-now.news\/de\/wp-content\/uploads\/sites\/3\/2022\/12\/6388d322b480cc414f548f4c.jpg\" alt=\"\"><\/source><\/source><\/picture><!-- noscript pattern --><noscript><img decoding=\"async\" src=\"http:\/\/just-now.news\/de\/wp-content\/uploads\/sites\/3\/2022\/12\/1669919628_184_6388d322b480cc414f548f4c.jpg\" alt=\"\"><\/noscript><\/div><figcaption class=\"RTImage-footer\"><span class=\"RTImage-caption\"><span class=\"RTImage-captionItem\">Archivbild: Ein Haus in der Stadt Tschebekino nach einem ukrainischen Beschuss<\/span><\/span><span class=\"RTImage-source\"><span class=\"RTImage-captionItem\">Pressedienst des Gouverneurs des Gebiets Belgorod<\/span><span class=\"RTImage-captionItem\"> \/ Sputnik<\/span><\/span><\/figcaption><\/figure>\n<p>Das an die Ukraine angrenzende Dorf Murom im Stadtbezirk Tschebekino <a rel=\"nofollow noopener\" target=\"_blank\" href=\"https:\/\/t.me\/vvgladkov\/1356\">ist<\/a>\u00a0nach Angaben des Gouverneurs des Gebiets Belgorod, Wjatscheslaw Gladkow, den ganzen Tag \u00fcber beschossen worden. Ein Zivilist sei infolge der Attacke ins Krankenhaus eingeliefert worden. Gladkow pr\u00e4zisierte:<\/p>\n<p><em>&#8220;Ein Mann mit Schrapnellwunden wurde in das Zentrale Bezirkskrankenhaus gebracht. Sein Zustand ist m\u00e4\u00dfig<\/em>\u00a0<em>schwer. Er wird entsprechend medizinisch versorgt.&#8221;<\/em><\/p>\n<p>\u00dcberdies seien zwei Privath\u00e4user und eine Stromleitung durch den Beschuss besch\u00e4digt worden, hie\u00df es weiter.<\/p>\n<\/div>\n<\/div>\n<\/div>\n<\/div>\n<\/li>\n<li class=\"LiveUpdates-item Listing-item\">\n<div class=\"LiveUpdate-root\">\n<div class=\"LiveUpdate-date\">\n<p class=\"HeaderNews-root HeaderNews-type_6 \">\n                17:14 Uhr\n            <\/p>\n<\/div>\n<div class=\"LiveUpdate-content\">\n<div class=\"LiveUpdate-text\">\n<div class=\"Text-root Text-type_5 ViewText-root\">\n<p><strong>Medwedew: Ukrainer sind Russen keine Feinde<\/strong><\/p>\n<figure class=\"RTImage-root\">\n<div class=\"RTImage-image RTImage-original\"><picture class=\"Picture-root Picture-original\"><!--[if IE 9]><video style=\"display: none;\"><![endif]--><source media=\"(-webkit-min-device-pixel-ratio: 2) and (min-resolution: 120dpi)\" data-srcset=\" \nhttp:\/\/just-now.news\/de\/wp-content\/uploads\/sites\/3\/2022\/12\/6388ad4548fbef709a4a487e.jpg 850w,\n                http:\/\/just-now.news\/de\/wp-content\/uploads\/sites\/3\/2022\/12\/6388ad4548fbef709a4a487d.jpg 1960w,\n            \" ><source data-srcset=\" \nhttp:\/\/just-now.news\/de\/wp-content\/uploads\/sites\/3\/2022\/12\/6388ad4548fbef709a4a487e.jpg 460w,\n              http:\/\/just-now.news\/de\/wp-content\/uploads\/sites\/3\/2022\/12\/6388ad4548fbef709a4a487d.jpg 980w,\n            \" ><!--[if IE 9]><\/video><![endif]--><img decoding=\"async\" data- src=\"data:image\/png;base64,iVBORw0KGgoAAAANSUhEUgAAABAAAAAJCAQAAACRI2S5AAAAEElEQVR42mNkIAAYRxWAAQAG9gAKqv6+AwAAAABJRU5ErkJggg==\" class=\"Picture-root Picture-original lazyload\" data-src=\"http:\/\/just-now.news\/de\/wp-content\/uploads\/sites\/3\/2022\/12\/6388ad4548fbef709a4a487e.jpg\" alt=\"\"><\/source><\/source><\/picture><!-- noscript pattern --><noscript><img decoding=\"async\" src=\"http:\/\/just-now.news\/de\/wp-content\/uploads\/sites\/3\/2022\/12\/6388ad4548fbef709a4a487d.jpg\" alt=\"\"><\/noscript><\/div><figcaption class=\"RTImage-footer\"><span class=\"RTImage-caption\"><span class=\"RTImage-captionItem\">Archivbild: Der stellvertretende Vorsitzende des russischen Sicherheitsrates Dmitri Medwedew<\/span><\/span><span class=\"RTImage-source\"><span class=\"RTImage-captionItem\">Michail Woskresenski<\/span><span class=\"RTImage-captionItem\"> \/ Sputnik<\/span><\/span><\/figcaption><\/figure>\n<p>Der stellvertretende Vorsitzende des russischen Sicherheitsrates Dmitri Medwedew glaubt, dass das ukrainische Volk kein Feind Russlands sei. Bei\u00a0einem Treffen mit ehrenamtlich T\u00e4tigen, Philanthropen, Unternehmern und Vertretern \u00f6ffentlicher Organisationen, die an humanit\u00e4ren Missionen im Donbass teilnehmen, erkl\u00e4rte er unter anderem, die Ukrainer st\u00fcnden dem russischen Volk nach wie vor nahe. Stattdessen h\u00e4tten sich als Gegner diejenigen herausgestellt, die der Ukraine die nazistische Ideologie aufzw\u00e4ngten. Dies gelang ihnen mit ziemlich gro\u00dfem Erfolg, bedauert Medwedew. In diesem Sinne sei es erforderlich, Projekte zu unterst\u00fctzen, die auch zuk\u00fcnftig zum Gedenken der aktuellen Ereignisse beitragen.<\/p>\n<\/div>\n<\/div>\n<\/div>\n<\/div>\n<\/li>\n<li class=\"LiveUpdates-item Listing-item\">\n<div class=\"LiveUpdate-root\">\n<div class=\"LiveUpdate-date\">\n<p class=\"HeaderNews-root HeaderNews-type_6 \">\n                16:51 Uhr\n            <\/p>\n<\/div>\n<div class=\"LiveUpdate-content\">\n<div class=\"LiveUpdate-text\">\n<div class=\"Text-root Text-type_5 ViewText-root\">\n<p><strong>Lukaschenko berichtet von Zunahme von Provokationen an Wei\u00dfrusslands Grenzen<\/strong><\/p>\n<figure class=\"RTImage-root\">\n<div class=\"RTImage-image RTImage-original\"><picture class=\"Picture-root Picture-original\"><!--[if IE 9]><video style=\"display: none;\"><![endif]--><source media=\"(-webkit-min-device-pixel-ratio: 2) and (min-resolution: 120dpi)\" data-srcset=\" \nhttp:\/\/just-now.news\/de\/wp-content\/uploads\/sites\/3\/2022\/12\/63888bceb480cc0c823ec2b3.jpg 850w,\n                http:\/\/just-now.news\/de\/wp-content\/uploads\/sites\/3\/2022\/12\/63888bceb480cc0c823ec2b3.jpg 1960w,\n            \" ><source data-srcset=\" \nhttp:\/\/just-now.news\/de\/wp-content\/uploads\/sites\/3\/2022\/12\/63888bceb480cc0c823ec2b3.jpg 460w,\n              http:\/\/just-now.news\/de\/wp-content\/uploads\/sites\/3\/2022\/12\/63888bceb480cc0c823ec2b3.jpg 980w,\n            \" ><!--[if IE 9]><\/video><![endif]--><img decoding=\"async\" data- src=\"data:image\/png;base64,iVBORw0KGgoAAAANSUhEUgAAABAAAAAJCAQAAACRI2S5AAAAEElEQVR42mNkIAAYRxWAAQAG9gAKqv6+AwAAAABJRU5ErkJggg==\" class=\"Picture-root Picture-original lazyload\" data-src=\"http:\/\/just-now.news\/de\/wp-content\/uploads\/sites\/3\/2022\/12\/63888bceb480cc0c823ec2b3.jpg\" alt=\"\"><\/source><\/source><\/picture><!-- noscript pattern --><noscript><img decoding=\"async\" src=\"http:\/\/just-now.news\/de\/wp-content\/uploads\/sites\/3\/2022\/12\/63888bceb480cc0c823ec2b3.jpg\" alt=\"\"><\/noscript><\/div><figcaption class=\"RTImage-footer\"><span class=\"RTImage-caption\"><span class=\"RTImage-captionItem\">Bewaffneter Mann an ukrainisch-wei\u00dfrussischer Grenze am 19. November.<\/span><\/span><span class=\"RTImage-source\"><span class=\"RTImage-captionItem\">Screenshot: Grenzschutzkomitee Wei\u00dfrusslands<\/span><\/span><\/figcaption><\/figure>\n<p>Die wei\u00dfrussischen Grenzschutzbeh\u00f6rden verzeichnen einen Anstieg von Provokationen an der Grenze zur Ukraine, erkl\u00e4rte Wei\u00dfrusslands Pr\u00e4sident Alexandr Lukaschenko. Nach <a rel=\"nofollow noopener\" target=\"_blank\" href=\"https:\/\/t.me\/pul_1\/7578\">Angaben<\/a> des regierungsnahen Telegramkanals\u00a0<em>Pul Perwogo <\/em>setzte er dies in einen Zusammenhang mit Kiews Eskalationsbestrebungen:<\/p>\n<p><em>&#8220;Die Ukraine versucht wahrscheinlich, unter beliebigem Vorwand, die Streitkr\u00e4fte der NATO-Mitgliedsstaaten in den Konflikt hineinzuziehen. Dies wird durch den j\u00fcngsten Raketeneinschlag auf polnischem Gebiet best\u00e4tigt.&#8221;<\/em><\/p>\n<p>Wei\u00dfrusslands Grenzschutz berichtet regelm\u00e4\u00dfig \u00fcber Provokationen von ukrainischer Seite. Unter anderem wurde am 19. November die Grenze nahe dem Kontrollpunkt Slowetschno von einem bewaffneten Mann <a rel=\"nofollow noopener\" target=\"_blank\" href=\"https:\/\/t.me\/gpkgovby\/2410\">\u00fcberquert<\/a>, der Foto- und Videoaufnahmen des Gel\u00e4ndes anfertigte und etwas im Schnee suchte oder dort ablegte.<\/p>\n<\/div>\n<\/div>\n<\/div>\n<\/div>\n<\/li>\n<li class=\"LiveUpdates-item Listing-item\">\n<div class=\"LiveUpdate-root\">\n<div class=\"LiveUpdate-date\">\n<p class=\"HeaderNews-root HeaderNews-type_6 \">\n                16:32 Uhr\n            <\/p>\n<\/div>\n<div class=\"LiveUpdate-content\">\n<div class=\"LiveUpdate-text\">\n<div class=\"Text-root Text-type_5 ViewText-root\">\n<p><strong>Fotos: Gruppe Wagner in den befreiten Siedlungen Osarjanowka und Kurdjumowka<\/strong><\/p>\n<p>K\u00e4mpfer der Gruppe Wagner haben in den sozialen Netzwerken Fotos aus den befreiten Siedlungen Osarjanowka<strong><\/strong>und Kurdjumowka s\u00fcdlich von Artjomowsk (ukrainisch Bachmut) <a rel=\"nofollow noopener\" target=\"_blank\" href=\"https:\/\/t.me\/voenacher\/34587\">ver\u00f6ffentlicht<\/a>. Das russische Verteidigungsministerium <a rel=\"nofollow noopener\" target=\"_blank\" href=\"https:\/\/t.me\/mod_russia\/22271\">best\u00e4tigt<\/a> die Befreiung dieser Siedlungen.<strong><\/strong><\/p>\n<\/div>\n<\/div>\n<\/div>\n<\/div>\n<\/li>\n<li class=\"LiveUpdates-item Listing-item\">\n<div class=\"LiveUpdate-root\">\n<div class=\"LiveUpdate-date\">\n<p class=\"HeaderNews-root HeaderNews-type_6 \">\n                16:26 Uhr\n            <\/p>\n<\/div>\n<div class=\"LiveUpdate-content\">\n<div class=\"LiveUpdate-text\">\n<div class=\"Text-root Text-type_5 ViewText-root\">\n<p><strong>Drei Zivilisten beim Beschuss von Donezk verwundet<\/strong><\/p>\n<p>Drei Zivilisten in Donezk sind verwundet worden, nachdem das ukrainische Milit\u00e4r am heutigen Donnerstag zehn Raketen aus einem BM-21-Mehrfachraketenwerfer gegen die Stadt abgefeuert hatte (wir berichteten in diesem Ticker). Wie die Vertretung der Donezker Volksrepublik beim gemeinsamen Zentrum f\u00fcr Kontrolle und Koordination \u00fcber Telegram <a rel=\"nofollow noopener\" target=\"_blank\" href=\"https:\/\/t.me\/DNR_SCKK\/12149\">meldete<\/a>, handele es sich bei den Verwundeten um zwei Frauen der Jahrg\u00e4nge 1940 und 1946 sowie um einen Mann des Jahrgangs 1952.<\/p>\n<p>Dar\u00fcber hinaus wurden Geb\u00e4ude zweier Kinderg\u00e4rten, eines Hotels sowie mehrerer Wohnh\u00e4user besch\u00e4digt, so die Meldung weiter.<\/p>\n<p>Die\u00a0<em>Donezker Nachrichtenagentur (DAN) <a rel=\"nofollow noopener\" target=\"_blank\" href=\"https:\/\/t.me\/dan_dnr\/7953\">ver\u00f6ffentlichte<\/a>\u00a0<\/em>Bilder aus einem der unter Beschuss geratenen Kinderg\u00e4rten.<\/p>\n<\/div>\n<\/div>\n<\/div>\n<\/div>\n<\/li>\n<li class=\"LiveUpdates-item Listing-item\">\n<div class=\"LiveUpdate-root\">\n<div class=\"LiveUpdate-date\">\n<p class=\"HeaderNews-root HeaderNews-type_6 \">\n                16:01 Uhr\n            <\/p>\n<\/div>\n<div class=\"LiveUpdate-content\">\n<div class=\"LiveUpdate-text\">\n<div class=\"Text-root Text-type_5 ViewText-root\">\n<p><strong>LVR-Expertin: Lugansk bekommt von Kiew Leichen seiner Soldaten mit zahlreichen Folterspuren<\/strong><\/p>\n<figure class=\"RTImage-root\">\n<div class=\"RTImage-image RTImage-original\"><picture class=\"Picture-root Picture-original\"><!--[if IE 9]><video style=\"display: none;\"><![endif]--><source media=\"(-webkit-min-device-pixel-ratio: 2) and (min-resolution: 120dpi)\" data-srcset=\" \nhttp:\/\/just-now.news\/de\/wp-content\/uploads\/sites\/3\/2022\/12\/6388b6f4b480cc414c583b8c.jpg 850w,\n                http:\/\/just-now.news\/de\/wp-content\/uploads\/sites\/3\/2022\/12\/6388b6f3b480cc414c583b8b.jpg 1960w,\n            \" ><source data-srcset=\" \nhttp:\/\/just-now.news\/de\/wp-content\/uploads\/sites\/3\/2022\/12\/6388b6f4b480cc414c583b8c.jpg 460w,\n              http:\/\/just-now.news\/de\/wp-content\/uploads\/sites\/3\/2022\/12\/6388b6f3b480cc414c583b8b.jpg 980w,\n            \" ><!--[if IE 9]><\/video><![endif]--><img decoding=\"async\" data- src=\"data:image\/png;base64,iVBORw0KGgoAAAANSUhEUgAAABAAAAAJCAQAAACRI2S5AAAAEElEQVR42mNkIAAYRxWAAQAG9gAKqv6+AwAAAABJRU5ErkJggg==\" class=\"Picture-root Picture-original lazyload\" data-src=\"http:\/\/just-now.news\/de\/wp-content\/uploads\/sites\/3\/2022\/12\/6388b6f4b480cc414c583b8c.jpg\" alt=\"\"><\/source><\/source><\/picture><!-- noscript pattern --><noscript><img decoding=\"async\" src=\"http:\/\/just-now.news\/de\/wp-content\/uploads\/sites\/3\/2022\/12\/6388b6f3b480cc414c583b8b.jpg\" alt=\"\"><\/noscript><\/div><figcaption class=\"RTImage-footer\"><span class=\"RTImage-caption\"><span class=\"RTImage-captionItem\">(Symbolbild)<\/span><\/span><span class=\"RTImage-source\"><span class=\"RTImage-captionItem\">Gettyimages.ru<\/span><\/span><\/figcaption><\/figure>\n<p>Die Leichen verstorbener Soldaten, die von der Ukraine der Volksrepublik Lugansk (LVR) \u00fcbergeben wurden, tr\u00fcgen Beweise f\u00fcr Folter und Misshandlung. Dies teilt Xenia Makarowa mit, Abteilungsleiterin der Beh\u00f6rde f\u00fcr gerichtsmedizinische Untersuchungen der Lugansker Volksrepublik (LVR). Zahlreiche Verletzungen, Wunden und Prellungen sowie deren Auspr\u00e4gung w\u00fcrden die Beh\u00f6rde vermuten lassen, dass den Soldaten l\u00e4nger und widerholt Sch\u00e4den zugef\u00fcgt worden seien. Au\u00dferdem h\u00e4tten einige Soldaten vermutlich \u00fcberleben k\u00f6nnen, wenn sie rechtzeitig medizinische Hilfe erhalten h\u00e4tten. Folterspuren und verschiedene Verletzungen wurden m\u00f6glicherweise zugef\u00fcgt, um Informationen zu erhalten, vielleicht auch zu einem anderen Zweck, f\u00fcgte Makarowa hinzu.<\/p>\n<p>Am Dienstag hatte Wiktorija Serdjukowa, die Ombudsfrau der LVR, bekannt gegeben, sie werde die Informationen \u00fcber Folterungen der Lugansker Soldaten w\u00e4hrend der ukrainischen Gefangenschaft den zust\u00e4ndigen Beh\u00f6rden und internationalen Organisationen \u00fcbermitteln.<\/p>\n<\/div>\n<\/div>\n<\/div>\n<\/div>\n<\/li>\n<\/ul>\n<div class=\"Listing-isReact\" data-rtmodule=\"Listing\" onload=\"return {\n                page: '1',\n                limit: '10',\n                listing: '\/listing\/parent.6209f961b480cc2c7e35341b\/noprepare\/liveupdates\/10\/1',\n            };\"><\/div>\n<\/div>\n<\/div>\n<\/div>\n<p><br \/>\n<br \/><a href=\"https:\/\/de.rt.com\/international\/131481-liveticker-ukraine-krieg-medwedew-nazistische\/\">Source link <\/a><\/p>\n","protected":false},"excerpt":{"rendered":"<p>Russland f\u00fchrt gemeinsam mit den Streitkr\u00e4ften der Donbass-Republiken eine Milit\u00e4roperation in der Ukraine durch. Der Westen reagiert mit immer neuen Waffenlieferungen an die Ukraine und beispiellosen Sanktionen gegen Russland. Hier lesen Sie die neuesten Entwicklungen. 1.12.2022 19:18 Uhr 19:18 Uhr Reaktion auf ukrainische Aussage: Russischer Ex-Pr\u00e4sident ruft zu Vernichtung der &#8220;Nazi-Mistkerle&#8221; auf Archivbild: Der ehemalige [&hellip;]<\/p>\n","protected":false},"author":3,"featured_media":24478,"comment_status":"open","ping_status":"open","sticky":false,"template":"","format":"standard","meta":{"_yoast_indexnow_last_ping":["1669919629"],"wp_automatic_camp":["217"],"07321fbc39b5e7e8c2e297c121afbede":["Liveticker Ukraine-Krieg \u2013 Medwedew: &quot;Nazistische Mistkerle&quot; m\u00fcssen vernichtet werden"],"original_link":["https:\/\/de.rt.com\/international\/131481-liveticker-ukraine-krieg-medwedew-nazistische\/"],"_thumbnail_id":["24478"],"_wptgpro_p2tg_sent2tg":["a:1:{i:23737;s:19:\"2022-12-01 20:34:58\";}"],"jnews_social_counter_last_update":["1777591997"]},"categories":[19,23],"tags":[564,20678,36841,10623,36840,566,20343,1040],"yoast_head":"<!-- This site is optimized with the Yoast SEO Premium plugin v22.7 (Yoast SEO v22.7) - https:\/\/yoast.com\/wordpress\/plugins\/seo\/ -->\n<title>Liveticker Ukraine-Krieg \u2013 Medwedew: &quot;Nazistische Mistkerle&quot; m\u00fcssen vernichtet werden - just-now.NEWS Deutschland<\/title>\n<meta name=\"robots\" content=\"index, follow, max-snippet:-1, max-image-preview:large, max-video-preview:-1\" \/>\n<link rel=\"canonical\" href=\"https:\/\/now-news.de\/de\/deutschland\/liveticker-ukraine-krieg-medwedew-nazistische-mistkerle-muessen-vernichtet-werden\/\" \/>\n<meta property=\"og:locale\" content=\"de_DE\" \/>\n<meta property=\"og:type\" content=\"article\" \/>\n<meta property=\"og:title\" content=\"Liveticker Ukraine-Krieg \u2013 Medwedew: &quot;Nazistische Mistkerle&quot; m\u00fcssen vernichtet werden\" \/>\n<meta property=\"og:description\" content=\"Russland f\u00fchrt gemeinsam mit den Streitkr\u00e4ften der Donbass-Republiken eine Milit\u00e4roperation in der Ukraine durch. Der Westen reagiert mit immer neuen Waffenlieferungen an die Ukraine und beispiellosen Sanktionen gegen Russland. Hier lesen Sie die neuesten Entwicklungen. 1.12.2022 19:18 Uhr 19:18 Uhr Reaktion auf ukrainische Aussage: Russischer Ex-Pr\u00e4sident ruft zu Vernichtung der &#8220;Nazi-Mistkerle&#8221; auf Archivbild: Der ehemalige [&hellip;]\" \/>\n<meta property=\"og:url\" content=\"https:\/\/now-news.de\/de\/deutschland\/liveticker-ukraine-krieg-medwedew-nazistische-mistkerle-muessen-vernichtet-werden\/\" \/>\n<meta property=\"og:site_name\" content=\"just-now.NEWS Deutschland\" \/>\n<meta property=\"article:publisher\" content=\"https:\/\/www.facebook.com\/wirmachenauf\" \/>\n<meta property=\"article:published_time\" content=\"2022-12-01T18:20:00+00:00\" \/>\n<meta property=\"og:image\" content=\"https:\/\/now-news.de\/de\/wp-content\/uploads\/sites\/3\/2022\/12\/Liveticker-Ukraine-Krieg-\u2013-Medwedew-quotNazistische-Mistkerlequot-muessen-vernichtet-werden.jpg\" \/>\n\t<meta property=\"og:image:width\" content=\"460\" \/>\n\t<meta property=\"og:image:height\" content=\"259\" \/>\n\t<meta property=\"og:image:type\" content=\"image\/jpeg\" \/>\n<meta name=\"author\" content=\"rtnews\" \/>\n<meta name=\"twitter:card\" content=\"summary_large_image\" \/>\n<meta name=\"twitter:creator\" content=\"@WirMachenAuf_de\" \/>\n<meta name=\"twitter:site\" content=\"@WirMachenAuf_de\" \/>\n<meta name=\"twitter:label1\" content=\"Verfasst von\" \/>\n\t<meta name=\"twitter:data1\" content=\"rtnews\" \/>\n\t<meta name=\"twitter:label2\" content=\"Gesch\u00e4tzte Lesezeit\" \/>\n\t<meta name=\"twitter:data2\" content=\"6\u00a0Minuten\" \/>\n<script type=\"application\/ld+json\" class=\"yoast-schema-graph\">{\"@context\":\"https:\/\/schema.org\",\"@graph\":[{\"@type\":\"Article\",\"@id\":\"https:\/\/now-news.de\/de\/deutschland\/liveticker-ukraine-krieg-medwedew-nazistische-mistkerle-muessen-vernichtet-werden\/#article\",\"isPartOf\":{\"@id\":\"https:\/\/now-news.de\/de\/deutschland\/liveticker-ukraine-krieg-medwedew-nazistische-mistkerle-muessen-vernichtet-werden\/\"},\"author\":{\"name\":\"rtnews\",\"@id\":\"https:\/\/now-news.de\/de\/#\/schema\/person\/fb534a4e865501d8b3285208df34a9b5\"},\"headline\":\"Liveticker Ukraine-Krieg \u2013 Medwedew: &quot;Nazistische Mistkerle&quot; m\u00fcssen vernichtet werden\",\"datePublished\":\"2022-12-01T18:20:00+00:00\",\"dateModified\":\"2022-12-01T18:20:00+00:00\",\"mainEntityOfPage\":{\"@id\":\"https:\/\/now-news.de\/de\/deutschland\/liveticker-ukraine-krieg-medwedew-nazistische-mistkerle-muessen-vernichtet-werden\/\"},\"wordCount\":1296,\"commentCount\":0,\"publisher\":{\"@id\":\"https:\/\/now-news.de\/de\/#organization\"},\"image\":{\"@id\":\"https:\/\/now-news.de\/de\/deutschland\/liveticker-ukraine-krieg-medwedew-nazistische-mistkerle-muessen-vernichtet-werden\/#primaryimage\"},\"thumbnailUrl\":\"https:\/\/now-news.de\/de\/wp-content\/uploads\/sites\/3\/2022\/12\/Liveticker-Ukraine-Krieg-\u2013-Medwedew-quotNazistische-Mistkerlequot-muessen-vernichtet-werden.jpg\",\"keywords\":[\"Liveticker\",\"Medwedew\",\"Mistkerlequot\",\"m\u00fcssen\",\"quotNazistische\",\"UkraineKrieg\",\"vernichtet\",\"Werden\"],\"articleSection\":[\"Deutschland\",\"Russland\"],\"inLanguage\":\"de\",\"potentialAction\":[{\"@type\":\"CommentAction\",\"name\":\"Comment\",\"target\":[\"https:\/\/now-news.de\/de\/deutschland\/liveticker-ukraine-krieg-medwedew-nazistische-mistkerle-muessen-vernichtet-werden\/#respond\"]}]},{\"@type\":\"WebPage\",\"@id\":\"https:\/\/now-news.de\/de\/deutschland\/liveticker-ukraine-krieg-medwedew-nazistische-mistkerle-muessen-vernichtet-werden\/\",\"url\":\"https:\/\/now-news.de\/de\/deutschland\/liveticker-ukraine-krieg-medwedew-nazistische-mistkerle-muessen-vernichtet-werden\/\",\"name\":\"Liveticker Ukraine-Krieg \u2013 Medwedew: &quot;Nazistische Mistkerle&quot; m\u00fcssen vernichtet werden - just-now.NEWS Deutschland\",\"isPartOf\":{\"@id\":\"https:\/\/now-news.de\/de\/#website\"},\"primaryImageOfPage\":{\"@id\":\"https:\/\/now-news.de\/de\/deutschland\/liveticker-ukraine-krieg-medwedew-nazistische-mistkerle-muessen-vernichtet-werden\/#primaryimage\"},\"image\":{\"@id\":\"https:\/\/now-news.de\/de\/deutschland\/liveticker-ukraine-krieg-medwedew-nazistische-mistkerle-muessen-vernichtet-werden\/#primaryimage\"},\"thumbnailUrl\":\"https:\/\/now-news.de\/de\/wp-content\/uploads\/sites\/3\/2022\/12\/Liveticker-Ukraine-Krieg-\u2013-Medwedew-quotNazistische-Mistkerlequot-muessen-vernichtet-werden.jpg\",\"datePublished\":\"2022-12-01T18:20:00+00:00\",\"dateModified\":\"2022-12-01T18:20:00+00:00\",\"breadcrumb\":{\"@id\":\"https:\/\/now-news.de\/de\/deutschland\/liveticker-ukraine-krieg-medwedew-nazistische-mistkerle-muessen-vernichtet-werden\/#breadcrumb\"},\"inLanguage\":\"de\",\"potentialAction\":[{\"@type\":\"ReadAction\",\"target\":[\"https:\/\/now-news.de\/de\/deutschland\/liveticker-ukraine-krieg-medwedew-nazistische-mistkerle-muessen-vernichtet-werden\/\"]}]},{\"@type\":\"ImageObject\",\"inLanguage\":\"de\",\"@id\":\"https:\/\/now-news.de\/de\/deutschland\/liveticker-ukraine-krieg-medwedew-nazistische-mistkerle-muessen-vernichtet-werden\/#primaryimage\",\"url\":\"https:\/\/now-news.de\/de\/wp-content\/uploads\/sites\/3\/2022\/12\/Liveticker-Ukraine-Krieg-\u2013-Medwedew-quotNazistische-Mistkerlequot-muessen-vernichtet-werden.jpg\",\"contentUrl\":\"https:\/\/now-news.de\/de\/wp-content\/uploads\/sites\/3\/2022\/12\/Liveticker-Ukraine-Krieg-\u2013-Medwedew-quotNazistische-Mistkerlequot-muessen-vernichtet-werden.jpg\",\"width\":460,\"height\":259,\"caption\":\"Liveticker Ukraine-Krieg \u2013 Medwedew: &quot;Nazistische Mistkerle&quot; m\u00fcssen vernichtet werden\"},{\"@type\":\"BreadcrumbList\",\"@id\":\"https:\/\/now-news.de\/de\/deutschland\/liveticker-ukraine-krieg-medwedew-nazistische-mistkerle-muessen-vernichtet-werden\/#breadcrumb\",\"itemListElement\":[{\"@type\":\"ListItem\",\"position\":1,\"name\":\"Home\",\"item\":\"https:\/\/now-news.de\/de\/\"},{\"@type\":\"ListItem\",\"position\":2,\"name\":\"Liveticker Ukraine-Krieg \u2013 Medwedew: &quot;Nazistische Mistkerle&quot; m\u00fcssen vernichtet werden\"}]},{\"@type\":\"WebSite\",\"@id\":\"https:\/\/now-news.de\/de\/#website\",\"url\":\"https:\/\/now-news.de\/de\/\",\"name\":\"just-now.NEWS Deutschland\",\"description\":\"Das Portal f\u00fcr unzensierte Nachrichten aus der Welt\",\"publisher\":{\"@id\":\"https:\/\/now-news.de\/de\/#organization\"},\"potentialAction\":[{\"@type\":\"SearchAction\",\"target\":{\"@type\":\"EntryPoint\",\"urlTemplate\":\"https:\/\/now-news.de\/de\/?s={search_term_string}\"},\"query-input\":\"required name=search_term_string\"}],\"inLanguage\":\"de\"},{\"@type\":\"Organization\",\"@id\":\"https:\/\/now-news.de\/de\/#organization\",\"name\":\"Just Now News\",\"url\":\"https:\/\/now-news.de\/de\/\",\"logo\":{\"@type\":\"ImageObject\",\"inLanguage\":\"de\",\"@id\":\"https:\/\/now-news.de\/de\/#\/schema\/logo\/image\/\",\"url\":\"http:\/\/just-now.news\/de\/wp-content\/uploads\/sites\/3\/2022\/04\/logo500x500.jpg\",\"contentUrl\":\"http:\/\/just-now.news\/de\/wp-content\/uploads\/sites\/3\/2022\/04\/logo500x500.jpg\",\"width\":500,\"height\":500,\"caption\":\"Just Now News\"},\"image\":{\"@id\":\"https:\/\/now-news.de\/de\/#\/schema\/logo\/image\/\"},\"sameAs\":[\"https:\/\/www.facebook.com\/wirmachenauf\",\"https:\/\/x.com\/WirMachenAuf_de\"]},{\"@type\":\"Person\",\"@id\":\"https:\/\/now-news.de\/de\/#\/schema\/person\/fb534a4e865501d8b3285208df34a9b5\",\"name\":\"rtnews\",\"image\":{\"@type\":\"ImageObject\",\"inLanguage\":\"de\",\"@id\":\"https:\/\/now-news.de\/de\/#\/schema\/person\/image\/\",\"url\":\"https:\/\/secure.gravatar.com\/avatar\/82aafea7d8127119dd649515f56e2117?s=96&d=mm&r=g\",\"contentUrl\":\"https:\/\/secure.gravatar.com\/avatar\/82aafea7d8127119dd649515f56e2117?s=96&d=mm&r=g\",\"caption\":\"rtnews\"},\"url\":\"https:\/\/now-news.de\/de\/author\/rnews\/\"}]}<\/script>\n<!-- \/ Yoast SEO Premium plugin. -->","yoast_head_json":{"title":"Liveticker Ukraine-Krieg \u2013 Medwedew: &quot;Nazistische Mistkerle&quot; m\u00fcssen vernichtet werden - just-now.NEWS Deutschland","robots":{"index":"index","follow":"follow","max-snippet":"max-snippet:-1","max-image-preview":"max-image-preview:large","max-video-preview":"max-video-preview:-1"},"canonical":"https:\/\/now-news.de\/de\/deutschland\/liveticker-ukraine-krieg-medwedew-nazistische-mistkerle-muessen-vernichtet-werden\/","og_locale":"de_DE","og_type":"article","og_title":"Liveticker Ukraine-Krieg \u2013 Medwedew: &quot;Nazistische Mistkerle&quot; m\u00fcssen vernichtet werden","og_description":"Russland f\u00fchrt gemeinsam mit den Streitkr\u00e4ften der Donbass-Republiken eine Milit\u00e4roperation in der Ukraine durch. Der Westen reagiert mit immer neuen Waffenlieferungen an die Ukraine und beispiellosen Sanktionen gegen Russland. Hier lesen Sie die neuesten Entwicklungen. 1.12.2022 19:18 Uhr 19:18 Uhr Reaktion auf ukrainische Aussage: Russischer Ex-Pr\u00e4sident ruft zu Vernichtung der &#8220;Nazi-Mistkerle&#8221; auf Archivbild: Der ehemalige [&hellip;]","og_url":"https:\/\/now-news.de\/de\/deutschland\/liveticker-ukraine-krieg-medwedew-nazistische-mistkerle-muessen-vernichtet-werden\/","og_site_name":"just-now.NEWS Deutschland","article_publisher":"https:\/\/www.facebook.com\/wirmachenauf","article_published_time":"2022-12-01T18:20:00+00:00","og_image":[{"width":460,"height":259,"url":"https:\/\/now-news.de\/de\/wp-content\/uploads\/sites\/3\/2022\/12\/Liveticker-Ukraine-Krieg-\u2013-Medwedew-quotNazistische-Mistkerlequot-muessen-vernichtet-werden.jpg","type":"image\/jpeg"}],"author":"rtnews","twitter_card":"summary_large_image","twitter_creator":"@WirMachenAuf_de","twitter_site":"@WirMachenAuf_de","twitter_misc":{"Verfasst von":"rtnews","Gesch\u00e4tzte Lesezeit":"6\u00a0Minuten"},"schema":{"@context":"https:\/\/schema.org","@graph":[{"@type":"Article","@id":"https:\/\/now-news.de\/de\/deutschland\/liveticker-ukraine-krieg-medwedew-nazistische-mistkerle-muessen-vernichtet-werden\/#article","isPartOf":{"@id":"https:\/\/now-news.de\/de\/deutschland\/liveticker-ukraine-krieg-medwedew-nazistische-mistkerle-muessen-vernichtet-werden\/"},"author":{"name":"rtnews","@id":"https:\/\/now-news.de\/de\/#\/schema\/person\/fb534a4e865501d8b3285208df34a9b5"},"headline":"Liveticker Ukraine-Krieg \u2013 Medwedew: &quot;Nazistische Mistkerle&quot; m\u00fcssen vernichtet werden","datePublished":"2022-12-01T18:20:00+00:00","dateModified":"2022-12-01T18:20:00+00:00","mainEntityOfPage":{"@id":"https:\/\/now-news.de\/de\/deutschland\/liveticker-ukraine-krieg-medwedew-nazistische-mistkerle-muessen-vernichtet-werden\/"},"wordCount":1296,"commentCount":0,"publisher":{"@id":"https:\/\/now-news.de\/de\/#organization"},"image":{"@id":"https:\/\/now-news.de\/de\/deutschland\/liveticker-ukraine-krieg-medwedew-nazistische-mistkerle-muessen-vernichtet-werden\/#primaryimage"},"thumbnailUrl":"https:\/\/now-news.de\/de\/wp-content\/uploads\/sites\/3\/2022\/12\/Liveticker-Ukraine-Krieg-\u2013-Medwedew-quotNazistische-Mistkerlequot-muessen-vernichtet-werden.jpg","keywords":["Liveticker","Medwedew","Mistkerlequot","m\u00fcssen","quotNazistische","UkraineKrieg","vernichtet","Werden"],"articleSection":["Deutschland","Russland"],"inLanguage":"de","potentialAction":[{"@type":"CommentAction","name":"Comment","target":["https:\/\/now-news.de\/de\/deutschland\/liveticker-ukraine-krieg-medwedew-nazistische-mistkerle-muessen-vernichtet-werden\/#respond"]}]},{"@type":"WebPage","@id":"https:\/\/now-news.de\/de\/deutschland\/liveticker-ukraine-krieg-medwedew-nazistische-mistkerle-muessen-vernichtet-werden\/","url":"https:\/\/now-news.de\/de\/deutschland\/liveticker-ukraine-krieg-medwedew-nazistische-mistkerle-muessen-vernichtet-werden\/","name":"Liveticker Ukraine-Krieg \u2013 Medwedew: &quot;Nazistische Mistkerle&quot; m\u00fcssen vernichtet werden - just-now.NEWS Deutschland","isPartOf":{"@id":"https:\/\/now-news.de\/de\/#website"},"primaryImageOfPage":{"@id":"https:\/\/now-news.de\/de\/deutschland\/liveticker-ukraine-krieg-medwedew-nazistische-mistkerle-muessen-vernichtet-werden\/#primaryimage"},"image":{"@id":"https:\/\/now-news.de\/de\/deutschland\/liveticker-ukraine-krieg-medwedew-nazistische-mistkerle-muessen-vernichtet-werden\/#primaryimage"},"thumbnailUrl":"https:\/\/now-news.de\/de\/wp-content\/uploads\/sites\/3\/2022\/12\/Liveticker-Ukraine-Krieg-\u2013-Medwedew-quotNazistische-Mistkerlequot-muessen-vernichtet-werden.jpg","datePublished":"2022-12-01T18:20:00+00:00","dateModified":"2022-12-01T18:20:00+00:00","breadcrumb":{"@id":"https:\/\/now-news.de\/de\/deutschland\/liveticker-ukraine-krieg-medwedew-nazistische-mistkerle-muessen-vernichtet-werden\/#breadcrumb"},"inLanguage":"de","potentialAction":[{"@type":"ReadAction","target":["https:\/\/now-news.de\/de\/deutschland\/liveticker-ukraine-krieg-medwedew-nazistische-mistkerle-muessen-vernichtet-werden\/"]}]},{"@type":"ImageObject","inLanguage":"de","@id":"https:\/\/now-news.de\/de\/deutschland\/liveticker-ukraine-krieg-medwedew-nazistische-mistkerle-muessen-vernichtet-werden\/#primaryimage","url":"https:\/\/now-news.de\/de\/wp-content\/uploads\/sites\/3\/2022\/12\/Liveticker-Ukraine-Krieg-\u2013-Medwedew-quotNazistische-Mistkerlequot-muessen-vernichtet-werden.jpg","contentUrl":"https:\/\/now-news.de\/de\/wp-content\/uploads\/sites\/3\/2022\/12\/Liveticker-Ukraine-Krieg-\u2013-Medwedew-quotNazistische-Mistkerlequot-muessen-vernichtet-werden.jpg","width":460,"height":259,"caption":"Liveticker Ukraine-Krieg \u2013 Medwedew: &quot;Nazistische Mistkerle&quot; m\u00fcssen vernichtet werden"},{"@type":"BreadcrumbList","@id":"https:\/\/now-news.de\/de\/deutschland\/liveticker-ukraine-krieg-medwedew-nazistische-mistkerle-muessen-vernichtet-werden\/#breadcrumb","itemListElement":[{"@type":"ListItem","position":1,"name":"Home","item":"https:\/\/now-news.de\/de\/"},{"@type":"ListItem","position":2,"name":"Liveticker Ukraine-Krieg \u2013 Medwedew: &quot;Nazistische Mistkerle&quot; m\u00fcssen vernichtet werden"}]},{"@type":"WebSite","@id":"https:\/\/now-news.de\/de\/#website","url":"https:\/\/now-news.de\/de\/","name":"just-now.NEWS Deutschland","description":"Das Portal f\u00fcr unzensierte Nachrichten aus der Welt","publisher":{"@id":"https:\/\/now-news.de\/de\/#organization"},"potentialAction":[{"@type":"SearchAction","target":{"@type":"EntryPoint","urlTemplate":"https:\/\/now-news.de\/de\/?s={search_term_string}"},"query-input":"required name=search_term_string"}],"inLanguage":"de"},{"@type":"Organization","@id":"https:\/\/now-news.de\/de\/#organization","name":"Just Now News","url":"https:\/\/now-news.de\/de\/","logo":{"@type":"ImageObject","inLanguage":"de","@id":"https:\/\/now-news.de\/de\/#\/schema\/logo\/image\/","url":"http:\/\/just-now.news\/de\/wp-content\/uploads\/sites\/3\/2022\/04\/logo500x500.jpg","contentUrl":"http:\/\/just-now.news\/de\/wp-content\/uploads\/sites\/3\/2022\/04\/logo500x500.jpg","width":500,"height":500,"caption":"Just Now News"},"image":{"@id":"https:\/\/now-news.de\/de\/#\/schema\/logo\/image\/"},"sameAs":["https:\/\/www.facebook.com\/wirmachenauf","https:\/\/x.com\/WirMachenAuf_de"]},{"@type":"Person","@id":"https:\/\/now-news.de\/de\/#\/schema\/person\/fb534a4e865501d8b3285208df34a9b5","name":"rtnews","image":{"@type":"ImageObject","inLanguage":"de","@id":"https:\/\/now-news.de\/de\/#\/schema\/person\/image\/","url":"https:\/\/secure.gravatar.com\/avatar\/82aafea7d8127119dd649515f56e2117?s=96&d=mm&r=g","contentUrl":"https:\/\/secure.gravatar.com\/avatar\/82aafea7d8127119dd649515f56e2117?s=96&d=mm&r=g","caption":"rtnews"},"url":"https:\/\/now-news.de\/de\/author\/rnews\/"}]}},"_links":{"self":[{"href":"https:\/\/now-news.de\/de\/wp-json\/wp\/v2\/posts\/24477"}],"collection":[{"href":"https:\/\/now-news.de\/de\/wp-json\/wp\/v2\/posts"}],"about":[{"href":"https:\/\/now-news.de\/de\/wp-json\/wp\/v2\/types\/post"}],"author":[{"embeddable":true,"href":"https:\/\/now-news.de\/de\/wp-json\/wp\/v2\/users\/3"}],"replies":[{"embeddable":true,"href":"https:\/\/now-news.de\/de\/wp-json\/wp\/v2\/comments?post=24477"}],"version-history":[{"count":0,"href":"https:\/\/now-news.de\/de\/wp-json\/wp\/v2\/posts\/24477\/revisions"}],"wp:featuredmedia":[{"embeddable":true,"href":"https:\/\/now-news.de\/de\/wp-json\/wp\/v2\/media\/24478"}],"wp:attachment":[{"href":"https:\/\/now-news.de\/de\/wp-json\/wp\/v2\/media?parent=24477"}],"wp:term":[{"taxonomy":"category","embeddable":true,"href":"https:\/\/now-news.de\/de\/wp-json\/wp\/v2\/categories?post=24477"},{"taxonomy":"post_tag","embeddable":true,"href":"https:\/\/now-news.de\/de\/wp-json\/wp\/v2\/tags?post=24477"}],"curies":[{"name":"wp","href":"https:\/\/api.w.org\/{rel}","templated":true}]}}