{"id":24361,"date":"2022-11-30T18:40:00","date_gmt":"2022-11-30T16:40:00","guid":{"rendered":"http:\/\/just-now.news\/de\/deutschland\/liveticker-ukraine-krieg-dvr-behoerde-russisches-militaer-befreit-siedlung-awdejewka\/"},"modified":"2022-11-30T18:40:00","modified_gmt":"2022-11-30T16:40:00","slug":"liveticker-ukraine-krieg-dvr-behoerde-russisches-militaer-befreit-siedlung-awdejewka","status":"publish","type":"post","link":"https:\/\/now-news.de\/de\/deutschland\/liveticker-ukraine-krieg-dvr-behoerde-russisches-militaer-befreit-siedlung-awdejewka\/","title":{"rendered":"Liveticker Ukraine-Krieg \u2013 DVR-Beh\u00f6rde: Russisches Milit\u00e4r befreit Siedlung Awdejewka"},"content":{"rendered":"<div class=\"Text-root Text-type_1 \">\n                Russland f\u00fchrt gemeinsam mit den Streitkr\u00e4ften der Donbass-Republiken eine Milit\u00e4roperation in der Ukraine durch. Der Westen reagiert mit immer neuen Waffenlieferungen an die Ukraine und beispiellosen Sanktionen gegen Russland. Hier lesen Sie die neuesten Entwicklungen.\n            <\/div>\n<p><\/p>\n<div class=\"ArticleView-liveUpdates\">\n<div class=\"LiveUpdates-root\">\n<div class=\"LiveUpdates-content\">\n<ul class=\"LiveUpdates-list Listing-root\" data-listing=\"LiveUpdates\" data-count=\"10\">\n<li class=\"LiveUpdates-item Listing-item\">\n<div class=\"LiveUpdates-date\">\n<p class=\"HeaderNews-root HeaderNews-type_2 \">\n                30.11.2022 17:34 Uhr\n            <\/p>\n<\/div>\n<div class=\"LiveUpdate-root\">\n<div class=\"LiveUpdate-date\">\n<p class=\"HeaderNews-root HeaderNews-type_6 \">\n                17:34 Uhr\n            <\/p>\n<\/div>\n<div class=\"LiveUpdate-content\">\n<div class=\"LiveUpdate-text\">\n<div class=\"Text-root Text-type_5 ViewText-root\">\n<p><strong>DVR-Chef: Befreiung von Kurdjumowka und Persche Trawnja unterbricht ukrainische Nachschubwege<\/strong><strong><\/strong><\/p>\n<figure class=\"RTImage-root\">\n<div class=\"RTImage-image RTImage-original\"><picture class=\"Picture-root Picture-original\"><!--[if IE 9]><video style=\"display: none;\"><![endif]--><source media=\"(-webkit-min-device-pixel-ratio: 2) and (min-resolution: 120dpi)\" data-srcset=\" \nhttp:\/\/just-now.news\/de\/wp-content\/uploads\/sites\/3\/2022\/11\/63878096b480cc259d7b9902.jpg 850w,\n                http:\/\/just-now.news\/de\/wp-content\/uploads\/sites\/3\/2022\/11\/63878096b480cc259d7b9901.jpg 1960w,\n            \" ><source data-srcset=\" \nhttp:\/\/just-now.news\/de\/wp-content\/uploads\/sites\/3\/2022\/11\/63878096b480cc259d7b9902.jpg 460w,\n              http:\/\/just-now.news\/de\/wp-content\/uploads\/sites\/3\/2022\/11\/63878096b480cc259d7b9901.jpg 980w,\n            \" ><!--[if IE 9]><\/video><![endif]--><img decoding=\"async\" data- src=\"data:image\/png;base64,iVBORw0KGgoAAAANSUhEUgAAABAAAAAJCAQAAACRI2S5AAAAEElEQVR42mNkIAAYRxWAAQAG9gAKqv6+AwAAAABJRU5ErkJggg==\" class=\"Picture-root Picture-original lazyload\" data-src=\"http:\/\/just-now.news\/de\/wp-content\/uploads\/sites\/3\/2022\/11\/63878096b480cc259d7b9902.jpg\" alt=\"\"><\/source><\/source><\/picture><!-- noscript pattern --><noscript><img decoding=\"async\" src=\"http:\/\/just-now.news\/de\/wp-content\/uploads\/sites\/3\/2022\/11\/63878096b480cc259d7b9901.jpg\" alt=\"\"><\/noscript><\/div><figcaption class=\"RTImage-footer\"><span class=\"RTImage-caption\"><span class=\"RTImage-captionItem\">Archivbild: Denis Puschilin, der Interimspr\u00e4sident der Donezker Volksrepublik<\/span><\/span><span class=\"RTImage-source\"><span class=\"RTImage-captionItem\">Maksim Konstantinov<\/span><span class=\"RTImage-captionItem\"> \/ Gettyimages.ru<\/span><\/span><\/figcaption><\/figure>\n<p>Die Befreiung der Siedlungen Andrejewka, Kurdjumowka und Persche Trawnja in der Donezker Volksrepublik erm\u00f6glicht es, die Nachschubwege der ukrainischen Streitkr\u00e4fte vollst\u00e4ndig zu blockieren. Dies erkl\u00e4rte Denis Puschilin, das kommissarische Oberhaupt der Donezker Volksrepublik. Im Fernsehsender <em>Rossija 24<\/em> sagte er:<strong><\/strong><\/p>\n<p><em>&#8220;Die Siedlungen Persche Trawnja und Andrejewka liegen am Rande von Artjomowsk, und diese Siedlungen sind nat\u00fcrlich \u00e4u\u00dferst wichtig, da mit der endg\u00fcltigen S\u00e4uberung von Kurdjumowka ein vollst\u00e4ndiger Zugang zur Autobahn nach Artjomowsk besteht beziehungsweise die Nachschubwege f\u00fcr die ukrainische Hauptgruppe blockiert werden.&#8221;<\/em><\/p>\n<p>Zuvor hatte der B\u00fcrgermeister von Gorlowka, Iwan Prichodko, am Mittwoch die Befreiung von Kurdjumowka<em><\/em>angek\u00fcndigt, das n\u00f6rdlich von Donezk und Gorlowka und s\u00fcdlich von Artjomowsk liegt. Ihm zufolge haben die alliierten Streitkr\u00e4fte damit die volle Kontrolle \u00fcber die Autobahn von Gorlowka nach Artjomowsk. Am 29. November hatte das Hauptquartier der Territorialen Verteidigung der Donezker Volksrepublik mitgeteilt, dass die alliierten Streitkr\u00e4fte die Siedlungen Persche Trawnja und Andrejewka unter ihre Kontrolle gebracht h\u00e4tten.<\/p>\n<\/div>\n<\/div>\n<\/div>\n<\/div>\n<\/li>\n<li class=\"LiveUpdates-item Listing-item\">\n<div class=\"LiveUpdate-root\">\n<div class=\"LiveUpdate-date\">\n<p class=\"HeaderNews-root HeaderNews-type_6 \">\n                17:02 Uhr\n            <\/p>\n<\/div>\n<div class=\"LiveUpdate-content\">\n<div class=\"LiveUpdate-text\">\n<div class=\"Text-root Text-type_5 ViewText-root\">\n<p><strong>Russisches Milit\u00e4r befreit\u00a0Awdejewka\u00a0in der DVR<\/strong><\/p>\n<figure class=\"RTImage-root\">\n<div class=\"RTImage-image RTImage-original\"><picture class=\"Picture-root Picture-original\"><!--[if IE 9]><video style=\"display: none;\"><![endif]--><source media=\"(-webkit-min-device-pixel-ratio: 2) and (min-resolution: 120dpi)\" data-srcset=\" \nhttp:\/\/just-now.news\/de\/wp-content\/uploads\/sites\/3\/2022\/11\/63876bfa48fbef082f1eeeb7.jpg 850w,\n                http:\/\/just-now.news\/de\/wp-content\/uploads\/sites\/3\/2022\/11\/63876bf948fbef082f1eeeb6.jpg 1960w,\n            \" ><source data-srcset=\" \nhttp:\/\/just-now.news\/de\/wp-content\/uploads\/sites\/3\/2022\/11\/63876bfa48fbef082f1eeeb7.jpg 460w,\n              http:\/\/just-now.news\/de\/wp-content\/uploads\/sites\/3\/2022\/11\/63876bf948fbef082f1eeeb6.jpg 980w,\n            \" ><!--[if IE 9]><\/video><![endif]--><img decoding=\"async\" data- src=\"data:image\/png;base64,iVBORw0KGgoAAAANSUhEUgAAABAAAAAJCAQAAACRI2S5AAAAEElEQVR42mNkIAAYRxWAAQAG9gAKqv6+AwAAAABJRU5ErkJggg==\" class=\"Picture-root Picture-original lazyload\" data-src=\"http:\/\/just-now.news\/de\/wp-content\/uploads\/sites\/3\/2022\/11\/63876bfa48fbef082f1eeeb7.jpg\" alt=\"\"><\/source><\/source><\/picture><!-- noscript pattern --><noscript><img decoding=\"async\" src=\"http:\/\/just-now.news\/de\/wp-content\/uploads\/sites\/3\/2022\/11\/63876bf948fbef082f1eeeb6.jpg\" alt=\"\"><\/noscript><\/div><figcaption class=\"RTImage-footer\"><span class=\"RTImage-caption\"><span class=\"RTImage-captionItem\">(Symbolbild)<\/span><\/span><span class=\"RTImage-source\"><span class=\"RTImage-captionItem\">Ilja Pitalew<\/span><span class=\"RTImage-captionItem\"> \/ Sputnik<\/span><\/span><\/figcaption><\/figure>\n<p>Die russischen Streitkr\u00e4fte haben die Siedlung Awdejewka in der Volksrepublik Donezk (DVR) v\u00f6llig befreit. Laut dem Verteidigungsministerium setze die russische Armee ihre Offensive Richtung der Siedlung Wodjanoje in der DVR fort.<\/p>\n<p>Zuvor hatte das Verteidigungsministerium \u00fcber die Befreiung von Siedlungen Belogorowka und Persche Trawnja berichtet.<\/p>\n<\/div>\n<\/div>\n<\/div>\n<\/div>\n<\/li>\n<li class=\"LiveUpdates-item Listing-item\">\n<div class=\"LiveUpdate-root\">\n<div class=\"LiveUpdate-date\">\n<p class=\"HeaderNews-root HeaderNews-type_6 \">\n                16:28 Uhr\n            <\/p>\n<\/div>\n<div class=\"LiveUpdate-content\">\n<div class=\"LiveUpdate-text\">\n<div class=\"Text-root Text-type_5 ViewText-root\">\n<p><strong>Gro\u00dfbritannien setzt weitere 22 russische Amtstr\u00e4ger auf Sanktionsliste<\/strong><\/p>\n<p>Gro\u00dfbritannien hat am Mittwoch weitere 22 hochrangige Beamte aus Russland mit Strafma\u00dfnahmen belegt. Auf der aktualisierten <a rel=\"nofollow noopener\" target=\"_blank\" href=\"https:\/\/www.gov.uk\/government\/news\/uk-sanctions-russian-officials-behind-conscription-mobilisation-and-criminal-mercenaries\">Sanktionsliste<\/a> stehen nun auch der Industrie- und Handelsminister Denis Manturow, der Leiter der Strafvollzugsbeh\u00f6rde Arkadi Gostew, die Vorsitzende der Zentralen Wahlkommission Ella Pamfilowa sowie zehn Gouverneure und f\u00fcnf regionale Milit\u00e4rkommissare.<\/p>\n<p>In dem Dokument steht, dass die Gouverneure der Gebiete Rostow, Omsk, Murmansk, Belgorod, Magadan, Archangelsk, der Chef der Region Krasnodar, die Oberh\u00e4upter der russischen Teilrepubliken Inguschetien, Dagestan und Kalm\u00fcckien sowie die f\u00fcnf Milit\u00e4rkommissare wegen der Teilmobilisierung in Russland, die sich gegen die territoriale Integrit\u00e4t, Souver\u00e4nit\u00e4t und Unabh\u00e4ngigkeit der Ukraine richte, bestraft worden seien.<\/p>\n<p>Den betroffenen Personen ist die Einreise nach Gro\u00dfbritannien untersagt. Ihre Verm\u00f6genswerte sollen im K\u00f6nigreich eingefroren werden, wenn solche vorhanden sind.<\/p>\n<\/div>\n<\/div>\n<\/div>\n<\/div>\n<\/li>\n<li class=\"LiveUpdates-item Listing-item\">\n<div class=\"LiveUpdate-root\">\n<div class=\"LiveUpdate-date\">\n<p class=\"HeaderNews-root HeaderNews-type_6 \">\n                16:02 Uhr\n            <\/p>\n<\/div>\n<div class=\"LiveUpdate-content\">\n<div class=\"LiveUpdate-text\">\n<div class=\"Text-root Text-type_5 ViewText-root\">\n<p><strong>Mehr als 200.000 ukrainische Kinder und Jugendliche an Schulen in Deutschland angemeldet<\/strong><\/p>\n<figure class=\"RTImage-root\">\n<div class=\"RTImage-image RTImage-original\"><picture class=\"Picture-root Picture-original\"><!--[if IE 9]><video style=\"display: none;\"><![endif]--><source media=\"(-webkit-min-device-pixel-ratio: 2) and (min-resolution: 120dpi)\" data-srcset=\" \nhttp:\/\/just-now.news\/de\/wp-content\/uploads\/sites\/3\/2022\/11\/638742c348fbef0888592a1f.jpg 850w,\n                http:\/\/just-now.news\/de\/wp-content\/uploads\/sites\/3\/2022\/11\/638742c348fbef0888592a1f.jpg 1960w,\n            \" ><source data-srcset=\" \nhttp:\/\/just-now.news\/de\/wp-content\/uploads\/sites\/3\/2022\/11\/638742c348fbef0888592a1f.jpg 460w,\n              http:\/\/just-now.news\/de\/wp-content\/uploads\/sites\/3\/2022\/11\/638742c348fbef0888592a1f.jpg 980w,\n            \" ><!--[if IE 9]><\/video><![endif]--><img decoding=\"async\" data- src=\"data:image\/png;base64,iVBORw0KGgoAAAANSUhEUgAAABAAAAAJCAQAAACRI2S5AAAAEElEQVR42mNkIAAYRxWAAQAG9gAKqv6+AwAAAABJRU5ErkJggg==\" class=\"Picture-root Picture-original lazyload\" data-src=\"http:\/\/just-now.news\/de\/wp-content\/uploads\/sites\/3\/2022\/11\/638742c348fbef0888592a1f.jpg\" alt=\"\"><\/source><\/source><\/picture><!-- noscript pattern --><noscript><img decoding=\"async\" src=\"http:\/\/just-now.news\/de\/wp-content\/uploads\/sites\/3\/2022\/11\/638742c348fbef0888592a1f.jpg\" alt=\"\"><\/noscript><\/div><figcaption class=\"RTImage-footer\"><span class=\"RTImage-caption\"><span class=\"RTImage-captionItem\">(Symbolbild)<\/span><\/span><span class=\"RTImage-source\"><span class=\"RTImage-captionItem\">XFotostandx \/ XGelhotx \/ Fotostand<\/span><span class=\"RTImage-captionItem\"> \/ Legion-media.ru<\/span><\/span><\/figcaption><\/figure>\n<p>Nach Angaben der Kultusministerkonferenz (KMK) von Mittwoch sind inzwischen 200.944 Sch\u00fclerinnen und Sch\u00fcler aus der Ukraine an den Schulen in Deutschland <a rel=\"nofollow noopener\" target=\"_blank\" href=\"https:\/\/www.kmk.org\/fileadmin\/Dateien\/pdf\/Statistik\/Ukraine\/AW_Ukraine_KW_47.pdf\">registriert<\/a>. Die Zahl hat sich nach einem starken Anstieg zu Beginn des neuen Schuljahrs zuletzt nur noch geringf\u00fcgig erh\u00f6ht. Der Kennwert bewegte sich seit mehreren Wochen in kleinen Schritten auf die 200.000er-Marke zu, die schlie\u00dflich in der 46. Kalenderwoche vom 14. bis 20. November \u00fcberschritten wurde. Die meisten ukrainischen Sch\u00fcler kamen bisher in Nordrhein-Westfalen (38.145), Bayern (29.374) und Baden-W\u00fcrttemberg (28.301) unter.<\/p>\n<p>Insgesamt gibt es in Deutschland etwa elf Millionen Sch\u00fclerinnen und Sch\u00fcler. Der Zuwachs um rund 200.000 Sch\u00fcler innerhalb weniger Monate stellt das durch Lehrkr\u00e4ftemangel belastete Schulsystem vor gro\u00dfe Herausforderungen, wie Bildungsgewerkschaften und Lehrerverb\u00e4nde bereits Anfang Oktober best\u00e4tigt haben.<\/p>\n<\/div>\n<\/div>\n<\/div>\n<\/div>\n<\/li>\n<li class=\"LiveUpdates-item Listing-item\">\n<div class=\"LiveUpdate-root\">\n<div class=\"LiveUpdate-date\">\n<p class=\"HeaderNews-root HeaderNews-type_6 \">\n                15:35 Uhr\n            <\/p>\n<\/div>\n<div class=\"LiveUpdate-content\">\n<div class=\"LiveUpdate-text\">\n<div class=\"Text-root Text-type_5 ViewText-root\">\n<p><strong>Waffen gegen Geld: Estland erh\u00e4lt weitere 21 Millionen Euro f\u00fcr Waffenlieferungen an die Ukraine<\/strong><\/p>\n<figure class=\"RTImage-root\">\n<div class=\"RTImage-image RTImage-original\"><picture class=\"Picture-root Picture-original\"><!--[if IE 9]><video style=\"display: none;\"><![endif]--><source media=\"(-webkit-min-device-pixel-ratio: 2) and (min-resolution: 120dpi)\" data-srcset=\" \nhttp:\/\/just-now.news\/de\/wp-content\/uploads\/sites\/3\/2022\/11\/63873d5848fbef0659604e2a.jpg 850w,\n                http:\/\/just-now.news\/de\/wp-content\/uploads\/sites\/3\/2022\/11\/63873d5748fbef0659604e29.jpg 1960w,\n            \" ><source data-srcset=\" \nhttp:\/\/just-now.news\/de\/wp-content\/uploads\/sites\/3\/2022\/11\/63873d5848fbef0659604e2a.jpg 460w,\n              http:\/\/just-now.news\/de\/wp-content\/uploads\/sites\/3\/2022\/11\/63873d5748fbef0659604e29.jpg 980w,\n            \" ><!--[if IE 9]><\/video><![endif]--><img decoding=\"async\" data- src=\"data:image\/png;base64,iVBORw0KGgoAAAANSUhEUgAAABAAAAAJCAQAAACRI2S5AAAAEElEQVR42mNkIAAYRxWAAQAG9gAKqv6+AwAAAABJRU5ErkJggg==\" class=\"Picture-root Picture-original lazyload\" data-src=\"http:\/\/just-now.news\/de\/wp-content\/uploads\/sites\/3\/2022\/11\/63873d5848fbef0659604e2a.jpg\" alt=\"\"><\/source><\/source><\/picture><!-- noscript pattern --><noscript><img decoding=\"async\" src=\"http:\/\/just-now.news\/de\/wp-content\/uploads\/sites\/3\/2022\/11\/63873d5748fbef0659604e29.jpg\" alt=\"\"><\/noscript><\/div><figcaption class=\"RTImage-footer\"><span class=\"RTImage-caption\"><span class=\"RTImage-captionItem\">(Symbolbild)<\/span><\/span><span class=\"RTImage-source\"><span class=\"RTImage-captionItem\">Witali Belousow<\/span><span class=\"RTImage-captionItem\"> \/ Sputnik<\/span><\/span><\/figcaption><\/figure>\n<p>Dem Sprecher des estnischen Verteidigungsministeriums, Thomas Mell, zufolge erhalte das Land von der EU weitere 21 Millionen Euro zum Ausgleich der Waffenlieferungen an die Ukraine. Zuvor hatte die EU versprochen, 135 Millionen Euro an Estland f\u00fcr die gelieferten Waffen\u00a0zu zahlen. Mit der zus\u00e4tzlichen Transaktion von 21 Millionen Euro bekommt Estland insgesamt 156 Millionen Euro. Der Pressedienst betonte dabei, das Land k\u00f6nne diese Finanzmittel zum Wiederaufbau seiner milit\u00e4rischen F\u00e4higkeiten nutzen.<\/p>\n<p>Nach Angaben des Verteidigungsministeriums betrage die Gesamtsumme der Milit\u00e4rhilfe, die Estland der Ukraine bisher zur Verf\u00fcgung gestellt habe, fast 300 Millionen Euro.<\/p>\n<\/div>\n<\/div>\n<\/div>\n<\/div>\n<\/li>\n<li class=\"LiveUpdates-item Listing-item\">\n<div class=\"LiveUpdate-root\">\n<div class=\"LiveUpdate-date\">\n<p class=\"HeaderNews-root HeaderNews-type_6 \">\n                15:10 Uhr\n            <\/p>\n<\/div>\n<div class=\"LiveUpdate-content\">\n<div class=\"LiveUpdate-text\">\n<div class=\"Text-root Text-type_5 ViewText-root\">\n<p><strong>Chef des russischen Auslandsgeheimdienstes: Polen will Referenden in der Westukraine abhalten<\/strong><\/p>\n<figure class=\"RTImage-root\">\n<div class=\"RTImage-image RTImage-original\"><picture class=\"Picture-root Picture-original\"><!--[if IE 9]><video style=\"display: none;\"><![endif]--><source media=\"(-webkit-min-device-pixel-ratio: 2) and (min-resolution: 120dpi)\" data-srcset=\" \nhttp:\/\/just-now.news\/de\/wp-content\/uploads\/sites\/3\/2022\/11\/63875e8d48fbef06540f90d1.jpg 850w,\n                http:\/\/just-now.news\/de\/wp-content\/uploads\/sites\/3\/2022\/11\/63875e8c48fbef06540f90d0.jpg 1960w,\n            \" ><source data-srcset=\" \nhttp:\/\/just-now.news\/de\/wp-content\/uploads\/sites\/3\/2022\/11\/63875e8d48fbef06540f90d1.jpg 460w,\n              http:\/\/just-now.news\/de\/wp-content\/uploads\/sites\/3\/2022\/11\/63875e8c48fbef06540f90d0.jpg 980w,\n            \" ><!--[if IE 9]><\/video><![endif]--><img decoding=\"async\" data- src=\"data:image\/png;base64,iVBORw0KGgoAAAANSUhEUgAAABAAAAAJCAQAAACRI2S5AAAAEElEQVR42mNkIAAYRxWAAQAG9gAKqv6+AwAAAABJRU5ErkJggg==\" class=\"Picture-root Picture-original lazyload\" data-src=\"http:\/\/just-now.news\/de\/wp-content\/uploads\/sites\/3\/2022\/11\/63875e8d48fbef06540f90d1.jpg\" alt=\"\"><\/source><\/source><\/picture><!-- noscript pattern --><noscript><img decoding=\"async\" src=\"http:\/\/just-now.news\/de\/wp-content\/uploads\/sites\/3\/2022\/11\/63875e8c48fbef06540f90d0.jpg\" alt=\"\"><\/noscript><\/div><figcaption class=\"RTImage-footer\"><span class=\"RTImage-caption\"><span class=\"RTImage-captionItem\">Archivbild: Sergei Naryschkin, Chef des russischen Auslandsgeheimdienstes<\/span><\/span><span class=\"RTImage-source\"><span class=\"RTImage-captionItem\">Sergey Mihailicenko\/Anadolu Agency<\/span><span class=\"RTImage-captionItem\"> \/ Gettyimages.ru<\/span><\/span><\/figcaption><\/figure>\n<p>Polen habe vor,\u00a0Referenden in der Westukraine abzuhalten, um ihre Anspr\u00fcche auf ukrainische Gebiete zu rechtfertigen, sagte der Direktor des russischen Auslandsgeheimdienstes, Sergei Naryschkin, in einem Interview mit der Nachrichtenagentur\u00a0<em>RIA Nowosti<\/em>.\u00a0Ihm zufolge beschleunigen Polens Beh\u00f6rden die Vorbereitungen zur Annexion der ukrainischen Gebiete Lwow, Iwano-Frankowsk und Ternopol. Naryschkin sagte:<strong><\/strong><\/p>\n<p><em>&#8220;Polens Pr\u00e4sident Andrzej Duda hat die zust\u00e4ndigen Dienststellen angewiesen, innerhalb kurzer Zeit eine offizielle Begr\u00fcndung f\u00fcr die polnischen Anspr\u00fcche auf die Westukraine vorzubereiten.&#8221;<\/em><\/p>\n<p>Demnach wolle man in Polen\u00a0proaktiv handeln,\u00a0da man\u00a0bef\u00fcrchte, dass hochrangige NATO-Partner kommenden Winter versuchen werden, mit Moskau zu verhandeln und dabei die Interessen der Ukrainer und die der Polen zu missachten.<\/p>\n<p>Nach Angaben von Naryschkin soll das Massaker in Wolhynien und Ostgalizien im Jahr 1943 der Ausgangspunkt f\u00fcr die laufenden Archivrecherchen gewesen sein. Der Beh\u00f6rdenleiter erkl\u00e4rte:<\/p>\n<p><em>&#8220;Warschau ist zuversichtlich, dass die in den Staatsarchiven vorhandenen Informationen ausreichen, um einen starken R\u00fcckgabeanspruch gegen\u00fcber Kiew geltend zu machen.&#8221;<\/em><\/p>\n<\/div>\n<\/div>\n<\/div>\n<\/div>\n<\/li>\n<li class=\"LiveUpdates-item Listing-item\">\n<div class=\"LiveUpdate-root\">\n<div class=\"LiveUpdate-date\">\n<p class=\"HeaderNews-root HeaderNews-type_6 \">\n                14:43 Uhr\n            <\/p>\n<\/div>\n<div class=\"LiveUpdate-content\">\n<div class=\"LiveUpdate-text\">\n<div class=\"Text-root Text-type_5 ViewText-root\">\n<p><strong>Pressedienst der EU-Kommission: Angaben \u00fcber Verluste der Ukraine entfernt<\/strong><\/p>\n<figure class=\"RTImage-root\">\n<div class=\"RTImage-image RTImage-original\"><picture class=\"Picture-root Picture-original\"><!--[if IE 9]><video style=\"display: none;\"><![endif]--><source media=\"(-webkit-min-device-pixel-ratio: 2) and (min-resolution: 120dpi)\" data-srcset=\" \nhttp:\/\/just-now.news\/de\/wp-content\/uploads\/sites\/3\/2022\/11\/6387535348fbef06540f90ab.jpg 850w,\n                http:\/\/just-now.news\/de\/wp-content\/uploads\/sites\/3\/2022\/11\/6387535248fbef06540f90aa.jpg 1960w,\n            \" ><source data-srcset=\" \nhttp:\/\/just-now.news\/de\/wp-content\/uploads\/sites\/3\/2022\/11\/6387535348fbef06540f90ab.jpg 460w,\n              http:\/\/just-now.news\/de\/wp-content\/uploads\/sites\/3\/2022\/11\/6387535248fbef06540f90aa.jpg 980w,\n            \" ><!--[if IE 9]><\/video><![endif]--><img decoding=\"async\" data- src=\"data:image\/png;base64,iVBORw0KGgoAAAANSUhEUgAAABAAAAAJCAQAAACRI2S5AAAAEElEQVR42mNkIAAYRxWAAQAG9gAKqv6+AwAAAABJRU5ErkJggg==\" class=\"Picture-root Picture-original lazyload\" data-src=\"http:\/\/just-now.news\/de\/wp-content\/uploads\/sites\/3\/2022\/11\/6387535348fbef06540f90ab.jpg\" alt=\"\"><\/source><\/source><\/picture><!-- noscript pattern --><noscript><img decoding=\"async\" src=\"http:\/\/just-now.news\/de\/wp-content\/uploads\/sites\/3\/2022\/11\/6387535248fbef06540f90aa.jpg\" alt=\"\"><\/noscript><\/div><figcaption class=\"RTImage-footer\"><span class=\"RTImage-caption\"><span class=\"RTImage-captionItem\">Archivbild: Vorsitzende der EU-Kommission Ursula von der Leyen<\/span><\/span><span class=\"RTImage-source\"><span class=\"RTImage-captionItem\">Rodion Proka<\/span><span class=\"RTImage-captionItem\"> \/ Sputnik<\/span><\/span><\/figcaption><\/figure>\n<p>Die Vorsitzende der EU-Kommission Ursula von der Leyen hat in ihrer Rede Verluste der ukrainischen Streitkr\u00e4fte auf \u00fcber 100.000 Soldaten gesch\u00e4tzt. Ferner wurden die entsprechenden Informationen aus dem Text sowie aus der Videoaufnahme der Rede entfernt. Nun best\u00e4tigt der Pressedienst der EU-Kommission offiziell, dass die entsprechenden Abschnitte gel\u00f6scht wurden.<\/p>\n<p>Dana Spinant, Pressesprecherin der EU-Kommission, <a rel=\"nofollow noopener\" target=\"_blank\" href=\"https:\/\/twitter.com\/danaspinant\/status\/1597895208582381569?s=46&amp;t=BHWFqjELYJn3mFkyMA0E7A\">gab<\/a>\u00a0auf ihrem Twitter die Ungenauigkeit der Daten zu und dankte allen, die darauf hingewiesen hatten. Ihr zufolge sei die verwendete Einsch\u00e4tzung aus externen Quellen entstanden. Von der Leyen habe in ihrer Rede sowohl von Opfern als auch von Verletzten gesprochen. Au\u00dferdem haben die Zahlen die Brutalit\u00e4t Russlands demonstrieren sollen.<\/p>\n<p>Der Pressesprecher des ukrainischen Pr\u00e4sidenten Sergei Nikiforow betonte seinerseits, von der Leyen h\u00e4tte die Angaben \u00fcber Verluste der ukrainischen Streitkr\u00e4fte nicht bekannt geben sollen. Diese d\u00fcrfen nur vom Pr\u00e4sidenten und dem Verteidigungsminister Alexei Resnikow kommen.<\/p>\n<p>Hier ist der kurze <a rel=\"nofollow noopener\" target=\"_blank\" href=\"https:\/\/t.me\/SolovievLive\/142598\">Abschnitt<\/a> aus der Rede von Ursula von der Leyen.<\/p>\n<\/div>\n<\/div>\n<\/div>\n<\/div>\n<\/li>\n<li class=\"LiveUpdates-item Listing-item\">\n<div class=\"LiveUpdate-root\">\n<div class=\"LiveUpdate-date\">\n<p class=\"HeaderNews-root HeaderNews-type_6 \">\n                14:17 Uhr\n            <\/p>\n<\/div>\n<div class=\"LiveUpdate-content\">\n<div class=\"LiveUpdate-text\">\n<div class=\"Text-root Text-type_5 ViewText-root\">\n<p><strong>Konaschenkow: Russisches Milit\u00e4r befreit Belogorowka und Persche Trawnja in der DVR<\/strong><\/p>\n<p>Der Sprecher des russischen Verteidigungsministeriums, Generalleutnant Igor Konaschenkow, hat sich in seinem t\u00e4glichen Briefing zu den Fortschritten der russischen milit\u00e4rischen Sonderoperation in der Ukraine <a rel=\"nofollow noopener\" target=\"_blank\" href=\"https:\/\/t.me\/mod_russia\/22225\">ge\u00e4u\u00dfert<\/a>. Als Ergebnis der Offensivaktionen in Richtung Donezk h\u00e4tten die russischen Truppen die Siedlungen Belogorowka und Persche Trawnja in der Donezker Volksrepublik vollst\u00e4ndig befreit. Bei den K\u00e4mpfen seien bis zu f\u00fcnfzig ukrainische Soldaten, vier gepanzerte Kampffahrzeuge, drei selbstfahrende Artillerieeinheiten und sechs Fahrzeuge zerst\u00f6rt worden.<strong><\/strong><\/p>\n<p>Das russische Verteidigungsministerium berichtete zudem, dass russische Truppen ukrainische Angriffe in den Richtungen Kupjansk, Krasny-Liman und S\u00fcd-Donezk zur\u00fcckgeschlagen haben. Infolgedessen seien mehr als hundertvierzig ukrainische Soldaten, elf Panzer, sieben Sch\u00fctzenpanzer, vier gepanzerte Mannschaftstransporter, ein gepanzertes Fahrzeug, eine selbstfahrende Artillerieeinheit, f\u00fcnf Fahrzeuge, ein leichter Mehrzwecktransporter und ein Munitionsfahrzeug vernichtet worden.<\/p>\n<p>Konaschenkow <a rel=\"nofollow noopener\" target=\"_blank\" href=\"https:\/\/t.me\/mod_russia\/22226\">f\u00fcgte<\/a> hinzu, dass die russischen Luftstreitkr\u00e4fte, Raketentruppen und die Artillerie insgesamt 97 Artillerieeinheiten der ukrainischen Streitkr\u00e4fte zerst\u00f6rt haben. Au\u00dferdem h\u00e4tten sie ein gro\u00dfes ukrainisches Raketen- und Artilleriewaffendepot zerst\u00f6rt, in dem Munition f\u00fcr Mehrfachraketenwerfer der Typen HIMARS, MLRS und Uragan sowie Sperrmunition gelagert waren. Des Weiteren wurden zwei AN\/TPQ-37-Batterieabwehrradarstationen der USA, ein Kommandoposten und ein Kommunikationszentrum der ukrainischen Streitkr\u00e4fte, ein Zug von M777-Artilleriesystemen der USA und ein Munitionslager vernichtet.<\/p>\n<p>Die russischen Luftabwehrkr\u00e4fte h\u00e4tten innerhalb eines Tages ein Flugzeug der ukrainischen Luftwaffe vom Typ Su-25 abgeschossen und acht ukrainische unbemannte Flugger\u00e4te eliminiert. \u00dcberdies seien acht Raketen des Mehrfachraketensystems HIMARS sowie eine Olcha-Rakete abgefangen worden.<\/p>\n<p>Seit Beginn der russischen Milit\u00e4roperation seien insgesamt 334 Flugzeuge, 177 Hubschrauber, 2.589 unbemannte Luftfahrzeuge, 391 Boden-Luft-Raketensysteme, 6.903 Panzer und andere gepanzerte Kampffahrzeuge, 904 Fahrzeuge mit Mehrfachraketenwerfern, 3.634 Feldartillerie- und M\u00f6rsergesch\u00fctze und 7.424 milit\u00e4rische Spezialfahrzeuge der ukrainischen Streitkr\u00e4fte <a rel=\"nofollow noopener\" target=\"_blank\" href=\"https:\/\/t.me\/mod_russia\/22227\">zerst\u00f6rt<\/a> worden, so Konaschenkow.<\/p>\n<\/div>\n<\/div>\n<\/div>\n<\/div>\n<\/li>\n<li class=\"LiveUpdates-item Listing-item\">\n<div class=\"LiveUpdate-root\">\n<div class=\"LiveUpdate-date\">\n<p class=\"HeaderNews-root HeaderNews-type_6 \">\n                13:52 Uhr\n            <\/p>\n<\/div>\n<div class=\"LiveUpdate-content\">\n<div class=\"LiveUpdate-text\">\n<div class=\"Text-root Text-type_5 ViewText-root\">\n<p><strong>Aufkl\u00e4rungsdaten: Kiew plant Provokation unter Mitwirkung westlicher MH17-&#8220;Ermittler&#8221; und gr\u00e4bt daf\u00fcr Leichen aus<\/strong><\/p>\n<p>Die Kiewer Beh\u00f6rden lie\u00dfen vom Friedhof der Stadt Kupjansk exhumierte Leichen in die Leichenhalle von Losowoje bringen und f\u00fcgten ihnen Wunden zu, um die russischen Streitkr\u00e4fte eines Massenmordes und der Massenfolter w\u00e4hrend ihrer Pr\u00e4senz in Kupjansk, Gebiet Charkow, zu beschuldigen. Dies <a rel=\"nofollow noopener\" target=\"_blank\" href=\"https:\/\/t.me\/millnr\/9813\">berichtet<\/a> Major Filiponenko, ein offizieller Vertreter der Volksmiliz der LVR, mit Verweis auf Aufkl\u00e4rungsdaten:<\/p>\n<p><em>&#8220;In der Leichenhalle wurde inszeniertes Videomaterial aufgenommen und im Interesse der Aufnahmen wurden an den Leichen zus\u00e4tzlich Verst\u00fcmmelungen vorgenommen.&#8221;<\/em><\/p>\n<p>Filiponenko zufolge handelt es sich bei den Toten um Menschen, die im Sommer 2022 begraben wurden.<\/p>\n<p>Die Verbringung der Leichen nach Losowoje fand vergangene Woche in Begleitung von Vertretern des ukrainischen Innenministeriums statt. Neben diesen wurden laut Zeugen auch Spezialisten aus den Niederlanden gesehen, die an der Untersuchung des Absturzes von Flug MH17 beteiligt waren.<\/p>\n<\/div>\n<\/div>\n<\/div>\n<\/div>\n<\/li>\n<li class=\"LiveUpdates-item Listing-item\">\n<div class=\"LiveUpdate-root\">\n<div class=\"LiveUpdate-date\">\n<p class=\"HeaderNews-root HeaderNews-type_6 \">\n                13:28 Uhr\n            <\/p>\n<\/div>\n<div class=\"LiveUpdate-content\">\n<div class=\"LiveUpdate-text\">\n<div class=\"Text-root Text-type_5 ViewText-root\">\n<p><strong>Russisches Verteidigungsministerium:\u00a0Ausbildung von mehr als 300.000 Reservisten beendet<\/strong><\/p>\n<figure class=\"RTImage-root\">\n<div class=\"RTImage-image RTImage-original\"><picture class=\"Picture-root Picture-original\"><!--[if IE 9]><video style=\"display: none;\"><![endif]--><source media=\"(-webkit-min-device-pixel-ratio: 2) and (min-resolution: 120dpi)\" data-srcset=\" \nhttp:\/\/just-now.news\/de\/wp-content\/uploads\/sites\/3\/2022\/11\/6387361048fbef06540f906c.jpg 850w,\n                http:\/\/just-now.news\/de\/wp-content\/uploads\/sites\/3\/2022\/11\/6387360f48fbef06540f906b.jpg 1960w,\n            \" ><source data-srcset=\" \nhttp:\/\/just-now.news\/de\/wp-content\/uploads\/sites\/3\/2022\/11\/6387361048fbef06540f906c.jpg 460w,\n              http:\/\/just-now.news\/de\/wp-content\/uploads\/sites\/3\/2022\/11\/6387360f48fbef06540f906b.jpg 980w,\n            \" ><!--[if IE 9]><\/video><![endif]--><img decoding=\"async\" data- src=\"data:image\/png;base64,iVBORw0KGgoAAAANSUhEUgAAABAAAAAJCAQAAACRI2S5AAAAEElEQVR42mNkIAAYRxWAAQAG9gAKqv6+AwAAAABJRU5ErkJggg==\" class=\"Picture-root Picture-original lazyload\" data-src=\"http:\/\/just-now.news\/de\/wp-content\/uploads\/sites\/3\/2022\/11\/6387361048fbef06540f906c.jpg\" alt=\"\"><\/source><\/source><\/picture><!-- noscript pattern --><noscript><img decoding=\"async\" src=\"http:\/\/just-now.news\/de\/wp-content\/uploads\/sites\/3\/2022\/11\/6387360f48fbef06540f906b.jpg\" alt=\"\"><\/noscript><\/div><figcaption class=\"RTImage-footer\"><span class=\"RTImage-caption\"><span class=\"RTImage-captionItem\">Archivbild: Mobilisierte Reservisten bei der Ausbildung<\/span><\/span><span class=\"RTImage-source\"><span class=\"RTImage-captionItem\">Alexander Melnikow<\/span><span class=\"RTImage-captionItem\"> \/ Sputnik<\/span><\/span><\/figcaption><\/figure>\n<p>Der russische Verteidigungsminister Sergei Schoigu hat erkl\u00e4rt, dass im Rahmen der Teilmobilmachung in zwei Monaten mehr als 300.000 Reservisten, darunter auch Freiwillige, ausgebildet worden seien. Etwa 3.000 Ausbilder auf mehr als 100 Truppen\u00fcbungspl\u00e4tzen in Russland und Wei\u00dfrussland seien daf\u00fcr zum Einsatz gekommen.<\/p>\n<p>Nach der erfolgreichen Ausbildung st\u00fcnden der Armee etwa 8.000 Besatzungen f\u00fcr Kampffahrzeuge und Panzer, Artilleriesysteme, Luftabwehr und unbemannte Flugsysteme zur Verf\u00fcgung, so Schoigu. Ebenfalls beendet sei die Vorbereitung der Kr\u00e4fte f\u00fcr die elektronische Kampff\u00fchrung.<\/p>\n<\/div>\n<\/div>\n<\/div>\n<\/div>\n<\/li>\n<\/ul>\n<div class=\"Listing-isReact\" data-rtmodule=\"Listing\" onload=\"return {\n                page: '1',\n                limit: '10',\n                listing: '\/listing\/parent.6209f961b480cc2c7e35341b\/noprepare\/liveupdates\/10\/1',\n            };\"><\/div>\n<\/div>\n<\/div>\n<\/div>\n<p><script async src=\"https:\/\/platform.twitter.com\/widgets.js\" charset=\"utf-8\"><\/script><br \/>\n<br \/><br \/>\n<br \/><a href=\"https:\/\/de.rt.com\/international\/131481-liveticker-ukraine-krieg-dvr-behoerde\/\">Source link <\/a><\/p>\n","protected":false},"excerpt":{"rendered":"<p>Russland f\u00fchrt gemeinsam mit den Streitkr\u00e4ften der Donbass-Republiken eine Milit\u00e4roperation in der Ukraine durch. Der Westen reagiert mit immer neuen Waffenlieferungen an die Ukraine und beispiellosen Sanktionen gegen Russland. Hier lesen Sie die neuesten Entwicklungen. 30.11.2022 17:34 Uhr 17:34 Uhr DVR-Chef: Befreiung von Kurdjumowka und Persche Trawnja unterbricht ukrainische Nachschubwege Archivbild: Denis Puschilin, der Interimspr\u00e4sident [&hellip;]<\/p>\n","protected":false},"author":3,"featured_media":24362,"comment_status":"open","ping_status":"open","sticky":false,"template":"","format":"standard","meta":{"_yoast_indexnow_last_ping":["1669826632"],"wp_automatic_camp":["217"],"8eeecc4a754c92bd48ccdefa93368c4e":["Liveticker Ukraine-Krieg \u2013 DVR-Beh\u00f6rde: Russisches Milit\u00e4r befreit Siedlung Awdejewka"],"original_link":["https:\/\/de.rt.com\/international\/131481-liveticker-ukraine-krieg-dvr-behoerde\/"],"_thumbnail_id":["24362"],"_wptgpro_p2tg_sent2tg":["a:1:{i:23737;s:19:\"2022-11-30 18:45:32\";}"],"jnews_social_counter_last_update":["1777187797"]},"categories":[19,23],"tags":[30951,5674,36747,564,4029,795,1816,566],"yoast_head":"<!-- This site is optimized with the Yoast SEO Premium plugin v22.7 (Yoast SEO v22.7) - https:\/\/yoast.com\/wordpress\/plugins\/seo\/ -->\n<title>Liveticker Ukraine-Krieg \u2013 DVR-Beh\u00f6rde: Russisches Milit\u00e4r befreit Siedlung Awdejewka - just-now.NEWS Deutschland<\/title>\n<meta name=\"robots\" content=\"index, follow, max-snippet:-1, max-image-preview:large, max-video-preview:-1\" \/>\n<link rel=\"canonical\" href=\"https:\/\/now-news.de\/de\/deutschland\/liveticker-ukraine-krieg-dvr-behoerde-russisches-militaer-befreit-siedlung-awdejewka\/\" \/>\n<meta property=\"og:locale\" content=\"de_DE\" \/>\n<meta property=\"og:type\" content=\"article\" \/>\n<meta property=\"og:title\" content=\"Liveticker Ukraine-Krieg \u2013 DVR-Beh\u00f6rde: Russisches Milit\u00e4r befreit Siedlung Awdejewka\" \/>\n<meta property=\"og:description\" content=\"Russland f\u00fchrt gemeinsam mit den Streitkr\u00e4ften der Donbass-Republiken eine Milit\u00e4roperation in der Ukraine durch. Der Westen reagiert mit immer neuen Waffenlieferungen an die Ukraine und beispiellosen Sanktionen gegen Russland. Hier lesen Sie die neuesten Entwicklungen. 30.11.2022 17:34 Uhr 17:34 Uhr DVR-Chef: Befreiung von Kurdjumowka und Persche Trawnja unterbricht ukrainische Nachschubwege Archivbild: Denis Puschilin, der Interimspr\u00e4sident [&hellip;]\" \/>\n<meta property=\"og:url\" content=\"https:\/\/now-news.de\/de\/deutschland\/liveticker-ukraine-krieg-dvr-behoerde-russisches-militaer-befreit-siedlung-awdejewka\/\" \/>\n<meta property=\"og:site_name\" content=\"just-now.NEWS Deutschland\" \/>\n<meta property=\"article:publisher\" content=\"https:\/\/www.facebook.com\/wirmachenauf\" \/>\n<meta property=\"article:published_time\" content=\"2022-11-30T16:40:00+00:00\" \/>\n<meta property=\"og:image\" content=\"https:\/\/now-news.de\/de\/wp-content\/uploads\/sites\/3\/2022\/11\/Liveticker-Ukraine-Krieg-\u2013-DVR-Behoerde-Russisches-Militaer-befreit-Siedlung-Awdejewka.jpg\" \/>\n\t<meta property=\"og:image:width\" content=\"460\" \/>\n\t<meta property=\"og:image:height\" content=\"259\" \/>\n\t<meta property=\"og:image:type\" content=\"image\/jpeg\" \/>\n<meta name=\"author\" content=\"rtnews\" \/>\n<meta name=\"twitter:card\" content=\"summary_large_image\" \/>\n<meta name=\"twitter:creator\" content=\"@WirMachenAuf_de\" \/>\n<meta name=\"twitter:site\" content=\"@WirMachenAuf_de\" \/>\n<meta name=\"twitter:label1\" content=\"Verfasst von\" \/>\n\t<meta name=\"twitter:data1\" content=\"rtnews\" \/>\n\t<meta name=\"twitter:label2\" content=\"Gesch\u00e4tzte Lesezeit\" \/>\n\t<meta name=\"twitter:data2\" content=\"8\u00a0Minuten\" \/>\n<script type=\"application\/ld+json\" class=\"yoast-schema-graph\">{\"@context\":\"https:\/\/schema.org\",\"@graph\":[{\"@type\":\"Article\",\"@id\":\"https:\/\/now-news.de\/de\/deutschland\/liveticker-ukraine-krieg-dvr-behoerde-russisches-militaer-befreit-siedlung-awdejewka\/#article\",\"isPartOf\":{\"@id\":\"https:\/\/now-news.de\/de\/deutschland\/liveticker-ukraine-krieg-dvr-behoerde-russisches-militaer-befreit-siedlung-awdejewka\/\"},\"author\":{\"name\":\"rtnews\",\"@id\":\"https:\/\/now-news.de\/de\/#\/schema\/person\/fb534a4e865501d8b3285208df34a9b5\"},\"headline\":\"Liveticker Ukraine-Krieg \u2013 DVR-Beh\u00f6rde: Russisches Milit\u00e4r befreit Siedlung Awdejewka\",\"datePublished\":\"2022-11-30T16:40:00+00:00\",\"dateModified\":\"2022-11-30T16:40:00+00:00\",\"mainEntityOfPage\":{\"@id\":\"https:\/\/now-news.de\/de\/deutschland\/liveticker-ukraine-krieg-dvr-behoerde-russisches-militaer-befreit-siedlung-awdejewka\/\"},\"wordCount\":1634,\"commentCount\":0,\"publisher\":{\"@id\":\"https:\/\/now-news.de\/de\/#organization\"},\"image\":{\"@id\":\"https:\/\/now-news.de\/de\/deutschland\/liveticker-ukraine-krieg-dvr-behoerde-russisches-militaer-befreit-siedlung-awdejewka\/#primaryimage\"},\"thumbnailUrl\":\"https:\/\/now-news.de\/de\/wp-content\/uploads\/sites\/3\/2022\/11\/Liveticker-Ukraine-Krieg-\u2013-DVR-Behoerde-Russisches-Militaer-befreit-Siedlung-Awdejewka.jpg\",\"keywords\":[\"Awdejewka\",\"befreit\",\"DVRBeh\u00f6rde\",\"Liveticker\",\"Milit\u00e4r\",\"Russisches\",\"Siedlung\",\"UkraineKrieg\"],\"articleSection\":[\"Deutschland\",\"Russland\"],\"inLanguage\":\"de\",\"potentialAction\":[{\"@type\":\"CommentAction\",\"name\":\"Comment\",\"target\":[\"https:\/\/now-news.de\/de\/deutschland\/liveticker-ukraine-krieg-dvr-behoerde-russisches-militaer-befreit-siedlung-awdejewka\/#respond\"]}]},{\"@type\":\"WebPage\",\"@id\":\"https:\/\/now-news.de\/de\/deutschland\/liveticker-ukraine-krieg-dvr-behoerde-russisches-militaer-befreit-siedlung-awdejewka\/\",\"url\":\"https:\/\/now-news.de\/de\/deutschland\/liveticker-ukraine-krieg-dvr-behoerde-russisches-militaer-befreit-siedlung-awdejewka\/\",\"name\":\"Liveticker Ukraine-Krieg \u2013 DVR-Beh\u00f6rde: Russisches Milit\u00e4r befreit Siedlung Awdejewka - just-now.NEWS Deutschland\",\"isPartOf\":{\"@id\":\"https:\/\/now-news.de\/de\/#website\"},\"primaryImageOfPage\":{\"@id\":\"https:\/\/now-news.de\/de\/deutschland\/liveticker-ukraine-krieg-dvr-behoerde-russisches-militaer-befreit-siedlung-awdejewka\/#primaryimage\"},\"image\":{\"@id\":\"https:\/\/now-news.de\/de\/deutschland\/liveticker-ukraine-krieg-dvr-behoerde-russisches-militaer-befreit-siedlung-awdejewka\/#primaryimage\"},\"thumbnailUrl\":\"https:\/\/now-news.de\/de\/wp-content\/uploads\/sites\/3\/2022\/11\/Liveticker-Ukraine-Krieg-\u2013-DVR-Behoerde-Russisches-Militaer-befreit-Siedlung-Awdejewka.jpg\",\"datePublished\":\"2022-11-30T16:40:00+00:00\",\"dateModified\":\"2022-11-30T16:40:00+00:00\",\"breadcrumb\":{\"@id\":\"https:\/\/now-news.de\/de\/deutschland\/liveticker-ukraine-krieg-dvr-behoerde-russisches-militaer-befreit-siedlung-awdejewka\/#breadcrumb\"},\"inLanguage\":\"de\",\"potentialAction\":[{\"@type\":\"ReadAction\",\"target\":[\"https:\/\/now-news.de\/de\/deutschland\/liveticker-ukraine-krieg-dvr-behoerde-russisches-militaer-befreit-siedlung-awdejewka\/\"]}]},{\"@type\":\"ImageObject\",\"inLanguage\":\"de\",\"@id\":\"https:\/\/now-news.de\/de\/deutschland\/liveticker-ukraine-krieg-dvr-behoerde-russisches-militaer-befreit-siedlung-awdejewka\/#primaryimage\",\"url\":\"https:\/\/now-news.de\/de\/wp-content\/uploads\/sites\/3\/2022\/11\/Liveticker-Ukraine-Krieg-\u2013-DVR-Behoerde-Russisches-Militaer-befreit-Siedlung-Awdejewka.jpg\",\"contentUrl\":\"https:\/\/now-news.de\/de\/wp-content\/uploads\/sites\/3\/2022\/11\/Liveticker-Ukraine-Krieg-\u2013-DVR-Behoerde-Russisches-Militaer-befreit-Siedlung-Awdejewka.jpg\",\"width\":460,\"height\":259,\"caption\":\"Liveticker Ukraine-Krieg \u2013 DVR-Beh\u00f6rde: Russisches Milit\u00e4r befreit Siedlung Awdejewka\"},{\"@type\":\"BreadcrumbList\",\"@id\":\"https:\/\/now-news.de\/de\/deutschland\/liveticker-ukraine-krieg-dvr-behoerde-russisches-militaer-befreit-siedlung-awdejewka\/#breadcrumb\",\"itemListElement\":[{\"@type\":\"ListItem\",\"position\":1,\"name\":\"Home\",\"item\":\"https:\/\/now-news.de\/de\/\"},{\"@type\":\"ListItem\",\"position\":2,\"name\":\"Liveticker Ukraine-Krieg \u2013 DVR-Beh\u00f6rde: Russisches Milit\u00e4r befreit Siedlung Awdejewka\"}]},{\"@type\":\"WebSite\",\"@id\":\"https:\/\/now-news.de\/de\/#website\",\"url\":\"https:\/\/now-news.de\/de\/\",\"name\":\"just-now.NEWS Deutschland\",\"description\":\"Das Portal f\u00fcr unzensierte Nachrichten aus der Welt\",\"publisher\":{\"@id\":\"https:\/\/now-news.de\/de\/#organization\"},\"potentialAction\":[{\"@type\":\"SearchAction\",\"target\":{\"@type\":\"EntryPoint\",\"urlTemplate\":\"https:\/\/now-news.de\/de\/?s={search_term_string}\"},\"query-input\":\"required name=search_term_string\"}],\"inLanguage\":\"de\"},{\"@type\":\"Organization\",\"@id\":\"https:\/\/now-news.de\/de\/#organization\",\"name\":\"Just Now News\",\"url\":\"https:\/\/now-news.de\/de\/\",\"logo\":{\"@type\":\"ImageObject\",\"inLanguage\":\"de\",\"@id\":\"https:\/\/now-news.de\/de\/#\/schema\/logo\/image\/\",\"url\":\"http:\/\/just-now.news\/de\/wp-content\/uploads\/sites\/3\/2022\/04\/logo500x500.jpg\",\"contentUrl\":\"http:\/\/just-now.news\/de\/wp-content\/uploads\/sites\/3\/2022\/04\/logo500x500.jpg\",\"width\":500,\"height\":500,\"caption\":\"Just Now News\"},\"image\":{\"@id\":\"https:\/\/now-news.de\/de\/#\/schema\/logo\/image\/\"},\"sameAs\":[\"https:\/\/www.facebook.com\/wirmachenauf\",\"https:\/\/x.com\/WirMachenAuf_de\"]},{\"@type\":\"Person\",\"@id\":\"https:\/\/now-news.de\/de\/#\/schema\/person\/fb534a4e865501d8b3285208df34a9b5\",\"name\":\"rtnews\",\"image\":{\"@type\":\"ImageObject\",\"inLanguage\":\"de\",\"@id\":\"https:\/\/now-news.de\/de\/#\/schema\/person\/image\/\",\"url\":\"https:\/\/secure.gravatar.com\/avatar\/82aafea7d8127119dd649515f56e2117?s=96&d=mm&r=g\",\"contentUrl\":\"https:\/\/secure.gravatar.com\/avatar\/82aafea7d8127119dd649515f56e2117?s=96&d=mm&r=g\",\"caption\":\"rtnews\"},\"url\":\"https:\/\/now-news.de\/de\/author\/rnews\/\"}]}<\/script>\n<!-- \/ Yoast SEO Premium plugin. -->","yoast_head_json":{"title":"Liveticker Ukraine-Krieg \u2013 DVR-Beh\u00f6rde: Russisches Milit\u00e4r befreit Siedlung Awdejewka - just-now.NEWS Deutschland","robots":{"index":"index","follow":"follow","max-snippet":"max-snippet:-1","max-image-preview":"max-image-preview:large","max-video-preview":"max-video-preview:-1"},"canonical":"https:\/\/now-news.de\/de\/deutschland\/liveticker-ukraine-krieg-dvr-behoerde-russisches-militaer-befreit-siedlung-awdejewka\/","og_locale":"de_DE","og_type":"article","og_title":"Liveticker Ukraine-Krieg \u2013 DVR-Beh\u00f6rde: Russisches Milit\u00e4r befreit Siedlung Awdejewka","og_description":"Russland f\u00fchrt gemeinsam mit den Streitkr\u00e4ften der Donbass-Republiken eine Milit\u00e4roperation in der Ukraine durch. Der Westen reagiert mit immer neuen Waffenlieferungen an die Ukraine und beispiellosen Sanktionen gegen Russland. Hier lesen Sie die neuesten Entwicklungen. 30.11.2022 17:34 Uhr 17:34 Uhr DVR-Chef: Befreiung von Kurdjumowka und Persche Trawnja unterbricht ukrainische Nachschubwege Archivbild: Denis Puschilin, der Interimspr\u00e4sident [&hellip;]","og_url":"https:\/\/now-news.de\/de\/deutschland\/liveticker-ukraine-krieg-dvr-behoerde-russisches-militaer-befreit-siedlung-awdejewka\/","og_site_name":"just-now.NEWS Deutschland","article_publisher":"https:\/\/www.facebook.com\/wirmachenauf","article_published_time":"2022-11-30T16:40:00+00:00","og_image":[{"width":460,"height":259,"url":"https:\/\/now-news.de\/de\/wp-content\/uploads\/sites\/3\/2022\/11\/Liveticker-Ukraine-Krieg-\u2013-DVR-Behoerde-Russisches-Militaer-befreit-Siedlung-Awdejewka.jpg","type":"image\/jpeg"}],"author":"rtnews","twitter_card":"summary_large_image","twitter_creator":"@WirMachenAuf_de","twitter_site":"@WirMachenAuf_de","twitter_misc":{"Verfasst von":"rtnews","Gesch\u00e4tzte Lesezeit":"8\u00a0Minuten"},"schema":{"@context":"https:\/\/schema.org","@graph":[{"@type":"Article","@id":"https:\/\/now-news.de\/de\/deutschland\/liveticker-ukraine-krieg-dvr-behoerde-russisches-militaer-befreit-siedlung-awdejewka\/#article","isPartOf":{"@id":"https:\/\/now-news.de\/de\/deutschland\/liveticker-ukraine-krieg-dvr-behoerde-russisches-militaer-befreit-siedlung-awdejewka\/"},"author":{"name":"rtnews","@id":"https:\/\/now-news.de\/de\/#\/schema\/person\/fb534a4e865501d8b3285208df34a9b5"},"headline":"Liveticker Ukraine-Krieg \u2013 DVR-Beh\u00f6rde: Russisches Milit\u00e4r befreit Siedlung Awdejewka","datePublished":"2022-11-30T16:40:00+00:00","dateModified":"2022-11-30T16:40:00+00:00","mainEntityOfPage":{"@id":"https:\/\/now-news.de\/de\/deutschland\/liveticker-ukraine-krieg-dvr-behoerde-russisches-militaer-befreit-siedlung-awdejewka\/"},"wordCount":1634,"commentCount":0,"publisher":{"@id":"https:\/\/now-news.de\/de\/#organization"},"image":{"@id":"https:\/\/now-news.de\/de\/deutschland\/liveticker-ukraine-krieg-dvr-behoerde-russisches-militaer-befreit-siedlung-awdejewka\/#primaryimage"},"thumbnailUrl":"https:\/\/now-news.de\/de\/wp-content\/uploads\/sites\/3\/2022\/11\/Liveticker-Ukraine-Krieg-\u2013-DVR-Behoerde-Russisches-Militaer-befreit-Siedlung-Awdejewka.jpg","keywords":["Awdejewka","befreit","DVRBeh\u00f6rde","Liveticker","Milit\u00e4r","Russisches","Siedlung","UkraineKrieg"],"articleSection":["Deutschland","Russland"],"inLanguage":"de","potentialAction":[{"@type":"CommentAction","name":"Comment","target":["https:\/\/now-news.de\/de\/deutschland\/liveticker-ukraine-krieg-dvr-behoerde-russisches-militaer-befreit-siedlung-awdejewka\/#respond"]}]},{"@type":"WebPage","@id":"https:\/\/now-news.de\/de\/deutschland\/liveticker-ukraine-krieg-dvr-behoerde-russisches-militaer-befreit-siedlung-awdejewka\/","url":"https:\/\/now-news.de\/de\/deutschland\/liveticker-ukraine-krieg-dvr-behoerde-russisches-militaer-befreit-siedlung-awdejewka\/","name":"Liveticker Ukraine-Krieg \u2013 DVR-Beh\u00f6rde: Russisches Milit\u00e4r befreit Siedlung Awdejewka - just-now.NEWS Deutschland","isPartOf":{"@id":"https:\/\/now-news.de\/de\/#website"},"primaryImageOfPage":{"@id":"https:\/\/now-news.de\/de\/deutschland\/liveticker-ukraine-krieg-dvr-behoerde-russisches-militaer-befreit-siedlung-awdejewka\/#primaryimage"},"image":{"@id":"https:\/\/now-news.de\/de\/deutschland\/liveticker-ukraine-krieg-dvr-behoerde-russisches-militaer-befreit-siedlung-awdejewka\/#primaryimage"},"thumbnailUrl":"https:\/\/now-news.de\/de\/wp-content\/uploads\/sites\/3\/2022\/11\/Liveticker-Ukraine-Krieg-\u2013-DVR-Behoerde-Russisches-Militaer-befreit-Siedlung-Awdejewka.jpg","datePublished":"2022-11-30T16:40:00+00:00","dateModified":"2022-11-30T16:40:00+00:00","breadcrumb":{"@id":"https:\/\/now-news.de\/de\/deutschland\/liveticker-ukraine-krieg-dvr-behoerde-russisches-militaer-befreit-siedlung-awdejewka\/#breadcrumb"},"inLanguage":"de","potentialAction":[{"@type":"ReadAction","target":["https:\/\/now-news.de\/de\/deutschland\/liveticker-ukraine-krieg-dvr-behoerde-russisches-militaer-befreit-siedlung-awdejewka\/"]}]},{"@type":"ImageObject","inLanguage":"de","@id":"https:\/\/now-news.de\/de\/deutschland\/liveticker-ukraine-krieg-dvr-behoerde-russisches-militaer-befreit-siedlung-awdejewka\/#primaryimage","url":"https:\/\/now-news.de\/de\/wp-content\/uploads\/sites\/3\/2022\/11\/Liveticker-Ukraine-Krieg-\u2013-DVR-Behoerde-Russisches-Militaer-befreit-Siedlung-Awdejewka.jpg","contentUrl":"https:\/\/now-news.de\/de\/wp-content\/uploads\/sites\/3\/2022\/11\/Liveticker-Ukraine-Krieg-\u2013-DVR-Behoerde-Russisches-Militaer-befreit-Siedlung-Awdejewka.jpg","width":460,"height":259,"caption":"Liveticker Ukraine-Krieg \u2013 DVR-Beh\u00f6rde: Russisches Milit\u00e4r befreit Siedlung Awdejewka"},{"@type":"BreadcrumbList","@id":"https:\/\/now-news.de\/de\/deutschland\/liveticker-ukraine-krieg-dvr-behoerde-russisches-militaer-befreit-siedlung-awdejewka\/#breadcrumb","itemListElement":[{"@type":"ListItem","position":1,"name":"Home","item":"https:\/\/now-news.de\/de\/"},{"@type":"ListItem","position":2,"name":"Liveticker Ukraine-Krieg \u2013 DVR-Beh\u00f6rde: Russisches Milit\u00e4r befreit Siedlung Awdejewka"}]},{"@type":"WebSite","@id":"https:\/\/now-news.de\/de\/#website","url":"https:\/\/now-news.de\/de\/","name":"just-now.NEWS Deutschland","description":"Das Portal f\u00fcr unzensierte Nachrichten aus der Welt","publisher":{"@id":"https:\/\/now-news.de\/de\/#organization"},"potentialAction":[{"@type":"SearchAction","target":{"@type":"EntryPoint","urlTemplate":"https:\/\/now-news.de\/de\/?s={search_term_string}"},"query-input":"required name=search_term_string"}],"inLanguage":"de"},{"@type":"Organization","@id":"https:\/\/now-news.de\/de\/#organization","name":"Just Now News","url":"https:\/\/now-news.de\/de\/","logo":{"@type":"ImageObject","inLanguage":"de","@id":"https:\/\/now-news.de\/de\/#\/schema\/logo\/image\/","url":"http:\/\/just-now.news\/de\/wp-content\/uploads\/sites\/3\/2022\/04\/logo500x500.jpg","contentUrl":"http:\/\/just-now.news\/de\/wp-content\/uploads\/sites\/3\/2022\/04\/logo500x500.jpg","width":500,"height":500,"caption":"Just Now News"},"image":{"@id":"https:\/\/now-news.de\/de\/#\/schema\/logo\/image\/"},"sameAs":["https:\/\/www.facebook.com\/wirmachenauf","https:\/\/x.com\/WirMachenAuf_de"]},{"@type":"Person","@id":"https:\/\/now-news.de\/de\/#\/schema\/person\/fb534a4e865501d8b3285208df34a9b5","name":"rtnews","image":{"@type":"ImageObject","inLanguage":"de","@id":"https:\/\/now-news.de\/de\/#\/schema\/person\/image\/","url":"https:\/\/secure.gravatar.com\/avatar\/82aafea7d8127119dd649515f56e2117?s=96&d=mm&r=g","contentUrl":"https:\/\/secure.gravatar.com\/avatar\/82aafea7d8127119dd649515f56e2117?s=96&d=mm&r=g","caption":"rtnews"},"url":"https:\/\/now-news.de\/de\/author\/rnews\/"}]}},"_links":{"self":[{"href":"https:\/\/now-news.de\/de\/wp-json\/wp\/v2\/posts\/24361"}],"collection":[{"href":"https:\/\/now-news.de\/de\/wp-json\/wp\/v2\/posts"}],"about":[{"href":"https:\/\/now-news.de\/de\/wp-json\/wp\/v2\/types\/post"}],"author":[{"embeddable":true,"href":"https:\/\/now-news.de\/de\/wp-json\/wp\/v2\/users\/3"}],"replies":[{"embeddable":true,"href":"https:\/\/now-news.de\/de\/wp-json\/wp\/v2\/comments?post=24361"}],"version-history":[{"count":0,"href":"https:\/\/now-news.de\/de\/wp-json\/wp\/v2\/posts\/24361\/revisions"}],"wp:featuredmedia":[{"embeddable":true,"href":"https:\/\/now-news.de\/de\/wp-json\/wp\/v2\/media\/24362"}],"wp:attachment":[{"href":"https:\/\/now-news.de\/de\/wp-json\/wp\/v2\/media?parent=24361"}],"wp:term":[{"taxonomy":"category","embeddable":true,"href":"https:\/\/now-news.de\/de\/wp-json\/wp\/v2\/categories?post=24361"},{"taxonomy":"post_tag","embeddable":true,"href":"https:\/\/now-news.de\/de\/wp-json\/wp\/v2\/tags?post=24361"}],"curies":[{"name":"wp","href":"https:\/\/api.w.org\/{rel}","templated":true}]}}