{"id":2435,"date":"2022-04-22T10:51:40","date_gmt":"2022-04-22T11:51:40","guid":{"rendered":"http:\/\/just-now.news\/de\/deutschland\/wuerzburg-prozessbeginn-zehn-monate-nach-messerattacke-taeter-schuldunfaehig\/"},"modified":"2022-04-22T10:51:40","modified_gmt":"2022-04-22T11:51:40","slug":"wuerzburg-prozessbeginn-zehn-monate-nach-messerattacke-taeter-schuldunfaehig","status":"publish","type":"post","link":"https:\/\/now-news.de\/de\/deutschland\/wuerzburg-prozessbeginn-zehn-monate-nach-messerattacke-taeter-schuldunfaehig\/","title":{"rendered":"W\u00fcrzburg: Prozessbeginn zehn Monate nach Messerattacke \u2013 T\u00e4ter schuldunf\u00e4hig"},"content":{"rendered":"<p><\/p>\n<p>Am Freitag hat der Prozess um den t\u00f6dlichen Messerangriff auf mehrere Menschen in W\u00fcrzburg begonnen. Das Landgericht verhandelt bis in den Sp\u00e4tsommer. Fast 30 Verhandlungstage sind angesetzt, es gibt 13 Nebenkl\u00e4ger. Als T\u00e4ter gilt ein Mann aus Somalia, der am sp\u00e4ten Nachmittag des 25. Juni 2021 in der Innenstadt von W\u00fcrzburg mit einem Messer zahlreiche Menschen angegriffen hatte.\u00a0Drei Frauen im Alter von 24, 49 und 82 Jahren wurden\u00a0get\u00f6tet, neun weitere Menschen verletzt. Sechs davon schwer.\u00a0Das j\u00fcngste Opfer war ein 11-j\u00e4hriges M\u00e4dchen, das beim Angriff schwere Verletzungen erlitt.<\/p>\n<p>Die Generalstaatsanwaltschaft wirft dem Mann dreifachen Mord vor, au\u00dferdem versuchten Mord in elf F\u00e4llen. Er soll sich laut Schilderungen von Augenzeugen zun\u00e4chst in der Kaufhauskette Woolworth aus der Auslage ein K\u00fcchenmesser mit einer Klingenl\u00e4nge von rund 30 Zentimetern geschnappt und dann damit begonnen haben, wahllos Menschen zu attackieren. Die meisten seiner Opfer waren Frauen.<\/p>\n<p>Die Generalstaatsanwaltschaft M\u00fcnchen geht davon aus, dass der Fl\u00fcchtling bei der Attacke schuldunf\u00e4hig war. Daher gibt es in dem Fall keine Anklage, sondern eine sogenannte Antragsschrift auf ein Sicherungsverfahren. An dessen Ende k\u00f6nnte die dauerhafte Unterbringung des Somaliers in einer Psychiatrie stehen. Als Motiv vermutet die Generalstaatsanwaltschaft Hass auf Deutschland durch eine als ungerecht empfundene Behandlung.<\/p>\n<p>W\u00e4hrend der Attacke soll er mindestens zweimal den Ausruf &#8220;Allahu Akbar&#8221; (&#8220;Gott ist gro\u00df&#8221;) gerufen haben. Wie der <em>Bayerische Rundfunk<\/em> berichtet, <a target=\"_blank\" href=\"https:\/\/www.br.de\/nachrichten\/bayern\/wie-wuerzburg-die-messerattacke-verhandelt-prozessauftakt,T3ZH5pF\" rel=\"noopener noreferrer\">schlie\u00dfen<\/a> die Ermittler jedoch ein islamistisches Motiv aus.<\/p>\n<p>Die T\u00e4terschaft des Mannes gilt als erwiesen. Der mutma\u00dflich 33-J\u00e4hrige \u2013 sein\u00a0Geburtsdatum ist nicht sicher bekannt \u2013 kam 2015 offenbar ohne Pass als Fl\u00fcchtling nach Deutschland. Seither fiel er mehrmals wegen psychischer Probleme auf. Bis zum Tattag hatten die Beh\u00f6rden aber nach eigenen Angaben keine Hinweise darauf, dass der Mann andere Menschen gef\u00e4hrden k\u00f6nnte.\u00a0Gutachtern zufolge soll der Somalier paranoid schizophren sein.<\/p>\n<p>Zum Prozessauftakt \u00e4u\u00dferte sich der Mann zun\u00e4chst nur zu seinem Geburtsdatum. Demnach sei er 1989 geboren.\u00a0Auf die Frage des Vorsitzenden Richters, an welchem Tag dies gewesen sei, sagte der 33-J\u00e4hrige mit Hilfe einer \u00dcbersetzerin: &#8220;Ich meine, mich zu erinnern, dass meine Mutter gesagt hat, im Dezember.&#8221;<\/p>\n<p>Nach Worten seines Verteidigers habe sich der mutma\u00dflich 33-J\u00e4hrige f\u00fcr seine Tat entschuldigt und sein Mitgef\u00fchl ausgedr\u00fcckt. &#8220;Er bedauert das Leid, das er vor allem den Opfern und den Angeh\u00f6rigen zugef\u00fcgt hat&#8221;, sagte Anwalt Hans-Jochen Schrepfer am Freitag zu Prozessauftakt vor dem Landgericht\u00a0W\u00fcrzburg.<\/p>\n<p><strong>Mehr zum Thema &#8211;<\/strong>\u00a0<a target=\"_blank\" href=\"https:\/\/de.rt.com\/inland\/121031-messerstecher-von-wuerzburg-psychiatrie-statt-gefaengnis\/\" rel=\"noopener noreferrer\">Messerstecher von W\u00fcrzburg: Psychiatrie statt Gef\u00e4ngnis<\/a><\/p>\n<p>(rt\/dpa)<\/p>\n<p><br \/>\n<br \/><a href=\"https:\/\/de.rt.com\/inland\/136781-wurzburg-prozessbeginn-zehn-monate-nach\/\">Source link <\/a><\/p>\n","protected":false},"excerpt":{"rendered":"<p>Am Freitag hat der Prozess um den t\u00f6dlichen Messerangriff auf mehrere Menschen in W\u00fcrzburg begonnen. Das Landgericht verhandelt bis in den Sp\u00e4tsommer. Fast 30 Verhandlungstage sind angesetzt, es gibt 13 Nebenkl\u00e4ger. Als T\u00e4ter gilt ein Mann aus Somalia, der am sp\u00e4ten Nachmittag des 25. Juni 2021 in der Innenstadt von W\u00fcrzburg mit einem Messer zahlreiche [&hellip;]<\/p>\n","protected":false},"author":3,"featured_media":2436,"comment_status":"open","ping_status":"open","sticky":false,"template":"","format":"standard","meta":{"wp_automatic_camp":["217"],"11360b754d024426e8127621fbd3ad9f":["W\u00fcrzburg: Prozessbeginn zehn Monate nach Messerattacke \u2013 T\u00e4ter schuldunf\u00e4hig"],"original_link":["https:\/\/de.rt.com\/inland\/136781-wurzburg-prozessbeginn-zehn-monate-nach\/"],"_thumbnail_id":["2436"],"wp_automatic_remove_first_image":["yes"],"_wptg_p2tg_sent2tg":["2022-04-22 10:55:21"],"jnews_social_counter_last_update":["1777285285"]},"categories":[19,23],"tags":[7078,7077,979,7075,7080,7079,7074,7076],"yoast_head":"<!-- This site is optimized with the Yoast SEO Premium plugin v22.7 (Yoast SEO v22.7) - https:\/\/yoast.com\/wordpress\/plugins\/seo\/ -->\n<title>W\u00fcrzburg: Prozessbeginn zehn Monate nach Messerattacke \u2013 T\u00e4ter schuldunf\u00e4hig - just-now.NEWS Deutschland<\/title>\n<meta name=\"robots\" content=\"index, follow, max-snippet:-1, max-image-preview:large, max-video-preview:-1\" \/>\n<link rel=\"canonical\" href=\"https:\/\/now-news.de\/de\/deutschland\/wuerzburg-prozessbeginn-zehn-monate-nach-messerattacke-taeter-schuldunfaehig\/\" \/>\n<meta property=\"og:locale\" content=\"de_DE\" \/>\n<meta property=\"og:type\" content=\"article\" \/>\n<meta property=\"og:title\" content=\"W\u00fcrzburg: Prozessbeginn zehn Monate nach Messerattacke \u2013 T\u00e4ter schuldunf\u00e4hig\" \/>\n<meta property=\"og:description\" content=\"Am Freitag hat der Prozess um den t\u00f6dlichen Messerangriff auf mehrere Menschen in W\u00fcrzburg begonnen. Das Landgericht verhandelt bis in den Sp\u00e4tsommer. Fast 30 Verhandlungstage sind angesetzt, es gibt 13 Nebenkl\u00e4ger. Als T\u00e4ter gilt ein Mann aus Somalia, der am sp\u00e4ten Nachmittag des 25. Juni 2021 in der Innenstadt von W\u00fcrzburg mit einem Messer zahlreiche [&hellip;]\" \/>\n<meta property=\"og:url\" content=\"https:\/\/now-news.de\/de\/deutschland\/wuerzburg-prozessbeginn-zehn-monate-nach-messerattacke-taeter-schuldunfaehig\/\" \/>\n<meta property=\"og:site_name\" content=\"just-now.NEWS Deutschland\" \/>\n<meta property=\"article:publisher\" content=\"https:\/\/www.facebook.com\/wirmachenauf\" \/>\n<meta property=\"article:published_time\" content=\"2022-04-22T11:51:40+00:00\" \/>\n<meta property=\"og:image\" content=\"https:\/\/now-news.de\/de\/wp-content\/uploads\/sites\/3\/2022\/04\/Wuerzburg-Prozessbeginn-zehn-Monate-nach-Messerattacke-\u2013-Taeter-schuldunfaehig.jpg\" \/>\n\t<meta property=\"og:image:width\" content=\"460\" \/>\n\t<meta property=\"og:image:height\" content=\"259\" \/>\n\t<meta property=\"og:image:type\" content=\"image\/jpeg\" \/>\n<meta name=\"author\" content=\"rtnews\" \/>\n<meta name=\"twitter:card\" content=\"summary_large_image\" \/>\n<meta name=\"twitter:creator\" content=\"@WirMachenAuf_de\" \/>\n<meta name=\"twitter:site\" content=\"@WirMachenAuf_de\" \/>\n<meta name=\"twitter:label1\" content=\"Verfasst von\" \/>\n\t<meta name=\"twitter:data1\" content=\"rtnews\" \/>\n\t<meta name=\"twitter:label2\" content=\"Gesch\u00e4tzte Lesezeit\" \/>\n\t<meta name=\"twitter:data2\" content=\"2\u00a0Minuten\" \/>\n<script type=\"application\/ld+json\" class=\"yoast-schema-graph\">{\"@context\":\"https:\/\/schema.org\",\"@graph\":[{\"@type\":\"Article\",\"@id\":\"https:\/\/now-news.de\/de\/deutschland\/wuerzburg-prozessbeginn-zehn-monate-nach-messerattacke-taeter-schuldunfaehig\/#article\",\"isPartOf\":{\"@id\":\"https:\/\/now-news.de\/de\/deutschland\/wuerzburg-prozessbeginn-zehn-monate-nach-messerattacke-taeter-schuldunfaehig\/\"},\"author\":{\"name\":\"rtnews\",\"@id\":\"https:\/\/now-news.de\/de\/#\/schema\/person\/fb534a4e865501d8b3285208df34a9b5\"},\"headline\":\"W\u00fcrzburg: Prozessbeginn zehn Monate nach Messerattacke \u2013 T\u00e4ter schuldunf\u00e4hig\",\"datePublished\":\"2022-04-22T11:51:40+00:00\",\"dateModified\":\"2022-04-22T11:51:40+00:00\",\"mainEntityOfPage\":{\"@id\":\"https:\/\/now-news.de\/de\/deutschland\/wuerzburg-prozessbeginn-zehn-monate-nach-messerattacke-taeter-schuldunfaehig\/\"},\"wordCount\":439,\"commentCount\":0,\"publisher\":{\"@id\":\"https:\/\/now-news.de\/de\/#organization\"},\"image\":{\"@id\":\"https:\/\/now-news.de\/de\/deutschland\/wuerzburg-prozessbeginn-zehn-monate-nach-messerattacke-taeter-schuldunfaehig\/#primaryimage\"},\"thumbnailUrl\":\"https:\/\/now-news.de\/de\/wp-content\/uploads\/sites\/3\/2022\/04\/Wuerzburg-Prozessbeginn-zehn-Monate-nach-Messerattacke-\u2013-Taeter-schuldunfaehig.jpg\",\"keywords\":[\"Messerattacke\",\"Monate\",\"nach\",\"Prozessbeginn\",\"schuldunf\u00e4hig\",\"T\u00e4ter\",\"W\u00fcrzburg\",\"zehn\"],\"articleSection\":[\"Deutschland\",\"Russland\"],\"inLanguage\":\"de\",\"potentialAction\":[{\"@type\":\"CommentAction\",\"name\":\"Comment\",\"target\":[\"https:\/\/now-news.de\/de\/deutschland\/wuerzburg-prozessbeginn-zehn-monate-nach-messerattacke-taeter-schuldunfaehig\/#respond\"]}]},{\"@type\":\"WebPage\",\"@id\":\"https:\/\/now-news.de\/de\/deutschland\/wuerzburg-prozessbeginn-zehn-monate-nach-messerattacke-taeter-schuldunfaehig\/\",\"url\":\"https:\/\/now-news.de\/de\/deutschland\/wuerzburg-prozessbeginn-zehn-monate-nach-messerattacke-taeter-schuldunfaehig\/\",\"name\":\"W\u00fcrzburg: Prozessbeginn zehn Monate nach Messerattacke \u2013 T\u00e4ter schuldunf\u00e4hig - just-now.NEWS Deutschland\",\"isPartOf\":{\"@id\":\"https:\/\/now-news.de\/de\/#website\"},\"primaryImageOfPage\":{\"@id\":\"https:\/\/now-news.de\/de\/deutschland\/wuerzburg-prozessbeginn-zehn-monate-nach-messerattacke-taeter-schuldunfaehig\/#primaryimage\"},\"image\":{\"@id\":\"https:\/\/now-news.de\/de\/deutschland\/wuerzburg-prozessbeginn-zehn-monate-nach-messerattacke-taeter-schuldunfaehig\/#primaryimage\"},\"thumbnailUrl\":\"https:\/\/now-news.de\/de\/wp-content\/uploads\/sites\/3\/2022\/04\/Wuerzburg-Prozessbeginn-zehn-Monate-nach-Messerattacke-\u2013-Taeter-schuldunfaehig.jpg\",\"datePublished\":\"2022-04-22T11:51:40+00:00\",\"dateModified\":\"2022-04-22T11:51:40+00:00\",\"breadcrumb\":{\"@id\":\"https:\/\/now-news.de\/de\/deutschland\/wuerzburg-prozessbeginn-zehn-monate-nach-messerattacke-taeter-schuldunfaehig\/#breadcrumb\"},\"inLanguage\":\"de\",\"potentialAction\":[{\"@type\":\"ReadAction\",\"target\":[\"https:\/\/now-news.de\/de\/deutschland\/wuerzburg-prozessbeginn-zehn-monate-nach-messerattacke-taeter-schuldunfaehig\/\"]}]},{\"@type\":\"ImageObject\",\"inLanguage\":\"de\",\"@id\":\"https:\/\/now-news.de\/de\/deutschland\/wuerzburg-prozessbeginn-zehn-monate-nach-messerattacke-taeter-schuldunfaehig\/#primaryimage\",\"url\":\"https:\/\/now-news.de\/de\/wp-content\/uploads\/sites\/3\/2022\/04\/Wuerzburg-Prozessbeginn-zehn-Monate-nach-Messerattacke-\u2013-Taeter-schuldunfaehig.jpg\",\"contentUrl\":\"https:\/\/now-news.de\/de\/wp-content\/uploads\/sites\/3\/2022\/04\/Wuerzburg-Prozessbeginn-zehn-Monate-nach-Messerattacke-\u2013-Taeter-schuldunfaehig.jpg\",\"width\":460,\"height\":259},{\"@type\":\"BreadcrumbList\",\"@id\":\"https:\/\/now-news.de\/de\/deutschland\/wuerzburg-prozessbeginn-zehn-monate-nach-messerattacke-taeter-schuldunfaehig\/#breadcrumb\",\"itemListElement\":[{\"@type\":\"ListItem\",\"position\":1,\"name\":\"Home\",\"item\":\"https:\/\/now-news.de\/de\/\"},{\"@type\":\"ListItem\",\"position\":2,\"name\":\"W\u00fcrzburg: Prozessbeginn zehn Monate nach Messerattacke \u2013 T\u00e4ter schuldunf\u00e4hig\"}]},{\"@type\":\"WebSite\",\"@id\":\"https:\/\/now-news.de\/de\/#website\",\"url\":\"https:\/\/now-news.de\/de\/\",\"name\":\"just-now.NEWS Deutschland\",\"description\":\"Das Portal f\u00fcr unzensierte Nachrichten aus der Welt\",\"publisher\":{\"@id\":\"https:\/\/now-news.de\/de\/#organization\"},\"potentialAction\":[{\"@type\":\"SearchAction\",\"target\":{\"@type\":\"EntryPoint\",\"urlTemplate\":\"https:\/\/now-news.de\/de\/?s={search_term_string}\"},\"query-input\":\"required name=search_term_string\"}],\"inLanguage\":\"de\"},{\"@type\":\"Organization\",\"@id\":\"https:\/\/now-news.de\/de\/#organization\",\"name\":\"Just Now News\",\"url\":\"https:\/\/now-news.de\/de\/\",\"logo\":{\"@type\":\"ImageObject\",\"inLanguage\":\"de\",\"@id\":\"https:\/\/now-news.de\/de\/#\/schema\/logo\/image\/\",\"url\":\"http:\/\/just-now.news\/de\/wp-content\/uploads\/sites\/3\/2022\/04\/logo500x500.jpg\",\"contentUrl\":\"http:\/\/just-now.news\/de\/wp-content\/uploads\/sites\/3\/2022\/04\/logo500x500.jpg\",\"width\":500,\"height\":500,\"caption\":\"Just Now News\"},\"image\":{\"@id\":\"https:\/\/now-news.de\/de\/#\/schema\/logo\/image\/\"},\"sameAs\":[\"https:\/\/www.facebook.com\/wirmachenauf\",\"https:\/\/x.com\/WirMachenAuf_de\"]},{\"@type\":\"Person\",\"@id\":\"https:\/\/now-news.de\/de\/#\/schema\/person\/fb534a4e865501d8b3285208df34a9b5\",\"name\":\"rtnews\",\"image\":{\"@type\":\"ImageObject\",\"inLanguage\":\"de\",\"@id\":\"https:\/\/now-news.de\/de\/#\/schema\/person\/image\/\",\"url\":\"https:\/\/secure.gravatar.com\/avatar\/82aafea7d8127119dd649515f56e2117?s=96&d=mm&r=g\",\"contentUrl\":\"https:\/\/secure.gravatar.com\/avatar\/82aafea7d8127119dd649515f56e2117?s=96&d=mm&r=g\",\"caption\":\"rtnews\"},\"url\":\"https:\/\/now-news.de\/de\/author\/rnews\/\"}]}<\/script>\n<!-- \/ Yoast SEO Premium plugin. -->","yoast_head_json":{"title":"W\u00fcrzburg: Prozessbeginn zehn Monate nach Messerattacke \u2013 T\u00e4ter schuldunf\u00e4hig - just-now.NEWS Deutschland","robots":{"index":"index","follow":"follow","max-snippet":"max-snippet:-1","max-image-preview":"max-image-preview:large","max-video-preview":"max-video-preview:-1"},"canonical":"https:\/\/now-news.de\/de\/deutschland\/wuerzburg-prozessbeginn-zehn-monate-nach-messerattacke-taeter-schuldunfaehig\/","og_locale":"de_DE","og_type":"article","og_title":"W\u00fcrzburg: Prozessbeginn zehn Monate nach Messerattacke \u2013 T\u00e4ter schuldunf\u00e4hig","og_description":"Am Freitag hat der Prozess um den t\u00f6dlichen Messerangriff auf mehrere Menschen in W\u00fcrzburg begonnen. Das Landgericht verhandelt bis in den Sp\u00e4tsommer. Fast 30 Verhandlungstage sind angesetzt, es gibt 13 Nebenkl\u00e4ger. Als T\u00e4ter gilt ein Mann aus Somalia, der am sp\u00e4ten Nachmittag des 25. Juni 2021 in der Innenstadt von W\u00fcrzburg mit einem Messer zahlreiche [&hellip;]","og_url":"https:\/\/now-news.de\/de\/deutschland\/wuerzburg-prozessbeginn-zehn-monate-nach-messerattacke-taeter-schuldunfaehig\/","og_site_name":"just-now.NEWS Deutschland","article_publisher":"https:\/\/www.facebook.com\/wirmachenauf","article_published_time":"2022-04-22T11:51:40+00:00","og_image":[{"width":460,"height":259,"url":"https:\/\/now-news.de\/de\/wp-content\/uploads\/sites\/3\/2022\/04\/Wuerzburg-Prozessbeginn-zehn-Monate-nach-Messerattacke-\u2013-Taeter-schuldunfaehig.jpg","type":"image\/jpeg"}],"author":"rtnews","twitter_card":"summary_large_image","twitter_creator":"@WirMachenAuf_de","twitter_site":"@WirMachenAuf_de","twitter_misc":{"Verfasst von":"rtnews","Gesch\u00e4tzte Lesezeit":"2\u00a0Minuten"},"schema":{"@context":"https:\/\/schema.org","@graph":[{"@type":"Article","@id":"https:\/\/now-news.de\/de\/deutschland\/wuerzburg-prozessbeginn-zehn-monate-nach-messerattacke-taeter-schuldunfaehig\/#article","isPartOf":{"@id":"https:\/\/now-news.de\/de\/deutschland\/wuerzburg-prozessbeginn-zehn-monate-nach-messerattacke-taeter-schuldunfaehig\/"},"author":{"name":"rtnews","@id":"https:\/\/now-news.de\/de\/#\/schema\/person\/fb534a4e865501d8b3285208df34a9b5"},"headline":"W\u00fcrzburg: Prozessbeginn zehn Monate nach Messerattacke \u2013 T\u00e4ter schuldunf\u00e4hig","datePublished":"2022-04-22T11:51:40+00:00","dateModified":"2022-04-22T11:51:40+00:00","mainEntityOfPage":{"@id":"https:\/\/now-news.de\/de\/deutschland\/wuerzburg-prozessbeginn-zehn-monate-nach-messerattacke-taeter-schuldunfaehig\/"},"wordCount":439,"commentCount":0,"publisher":{"@id":"https:\/\/now-news.de\/de\/#organization"},"image":{"@id":"https:\/\/now-news.de\/de\/deutschland\/wuerzburg-prozessbeginn-zehn-monate-nach-messerattacke-taeter-schuldunfaehig\/#primaryimage"},"thumbnailUrl":"https:\/\/now-news.de\/de\/wp-content\/uploads\/sites\/3\/2022\/04\/Wuerzburg-Prozessbeginn-zehn-Monate-nach-Messerattacke-\u2013-Taeter-schuldunfaehig.jpg","keywords":["Messerattacke","Monate","nach","Prozessbeginn","schuldunf\u00e4hig","T\u00e4ter","W\u00fcrzburg","zehn"],"articleSection":["Deutschland","Russland"],"inLanguage":"de","potentialAction":[{"@type":"CommentAction","name":"Comment","target":["https:\/\/now-news.de\/de\/deutschland\/wuerzburg-prozessbeginn-zehn-monate-nach-messerattacke-taeter-schuldunfaehig\/#respond"]}]},{"@type":"WebPage","@id":"https:\/\/now-news.de\/de\/deutschland\/wuerzburg-prozessbeginn-zehn-monate-nach-messerattacke-taeter-schuldunfaehig\/","url":"https:\/\/now-news.de\/de\/deutschland\/wuerzburg-prozessbeginn-zehn-monate-nach-messerattacke-taeter-schuldunfaehig\/","name":"W\u00fcrzburg: Prozessbeginn zehn Monate nach Messerattacke \u2013 T\u00e4ter schuldunf\u00e4hig - just-now.NEWS Deutschland","isPartOf":{"@id":"https:\/\/now-news.de\/de\/#website"},"primaryImageOfPage":{"@id":"https:\/\/now-news.de\/de\/deutschland\/wuerzburg-prozessbeginn-zehn-monate-nach-messerattacke-taeter-schuldunfaehig\/#primaryimage"},"image":{"@id":"https:\/\/now-news.de\/de\/deutschland\/wuerzburg-prozessbeginn-zehn-monate-nach-messerattacke-taeter-schuldunfaehig\/#primaryimage"},"thumbnailUrl":"https:\/\/now-news.de\/de\/wp-content\/uploads\/sites\/3\/2022\/04\/Wuerzburg-Prozessbeginn-zehn-Monate-nach-Messerattacke-\u2013-Taeter-schuldunfaehig.jpg","datePublished":"2022-04-22T11:51:40+00:00","dateModified":"2022-04-22T11:51:40+00:00","breadcrumb":{"@id":"https:\/\/now-news.de\/de\/deutschland\/wuerzburg-prozessbeginn-zehn-monate-nach-messerattacke-taeter-schuldunfaehig\/#breadcrumb"},"inLanguage":"de","potentialAction":[{"@type":"ReadAction","target":["https:\/\/now-news.de\/de\/deutschland\/wuerzburg-prozessbeginn-zehn-monate-nach-messerattacke-taeter-schuldunfaehig\/"]}]},{"@type":"ImageObject","inLanguage":"de","@id":"https:\/\/now-news.de\/de\/deutschland\/wuerzburg-prozessbeginn-zehn-monate-nach-messerattacke-taeter-schuldunfaehig\/#primaryimage","url":"https:\/\/now-news.de\/de\/wp-content\/uploads\/sites\/3\/2022\/04\/Wuerzburg-Prozessbeginn-zehn-Monate-nach-Messerattacke-\u2013-Taeter-schuldunfaehig.jpg","contentUrl":"https:\/\/now-news.de\/de\/wp-content\/uploads\/sites\/3\/2022\/04\/Wuerzburg-Prozessbeginn-zehn-Monate-nach-Messerattacke-\u2013-Taeter-schuldunfaehig.jpg","width":460,"height":259},{"@type":"BreadcrumbList","@id":"https:\/\/now-news.de\/de\/deutschland\/wuerzburg-prozessbeginn-zehn-monate-nach-messerattacke-taeter-schuldunfaehig\/#breadcrumb","itemListElement":[{"@type":"ListItem","position":1,"name":"Home","item":"https:\/\/now-news.de\/de\/"},{"@type":"ListItem","position":2,"name":"W\u00fcrzburg: Prozessbeginn zehn Monate nach Messerattacke \u2013 T\u00e4ter schuldunf\u00e4hig"}]},{"@type":"WebSite","@id":"https:\/\/now-news.de\/de\/#website","url":"https:\/\/now-news.de\/de\/","name":"just-now.NEWS Deutschland","description":"Das Portal f\u00fcr unzensierte Nachrichten aus der Welt","publisher":{"@id":"https:\/\/now-news.de\/de\/#organization"},"potentialAction":[{"@type":"SearchAction","target":{"@type":"EntryPoint","urlTemplate":"https:\/\/now-news.de\/de\/?s={search_term_string}"},"query-input":"required name=search_term_string"}],"inLanguage":"de"},{"@type":"Organization","@id":"https:\/\/now-news.de\/de\/#organization","name":"Just Now News","url":"https:\/\/now-news.de\/de\/","logo":{"@type":"ImageObject","inLanguage":"de","@id":"https:\/\/now-news.de\/de\/#\/schema\/logo\/image\/","url":"http:\/\/just-now.news\/de\/wp-content\/uploads\/sites\/3\/2022\/04\/logo500x500.jpg","contentUrl":"http:\/\/just-now.news\/de\/wp-content\/uploads\/sites\/3\/2022\/04\/logo500x500.jpg","width":500,"height":500,"caption":"Just Now News"},"image":{"@id":"https:\/\/now-news.de\/de\/#\/schema\/logo\/image\/"},"sameAs":["https:\/\/www.facebook.com\/wirmachenauf","https:\/\/x.com\/WirMachenAuf_de"]},{"@type":"Person","@id":"https:\/\/now-news.de\/de\/#\/schema\/person\/fb534a4e865501d8b3285208df34a9b5","name":"rtnews","image":{"@type":"ImageObject","inLanguage":"de","@id":"https:\/\/now-news.de\/de\/#\/schema\/person\/image\/","url":"https:\/\/secure.gravatar.com\/avatar\/82aafea7d8127119dd649515f56e2117?s=96&d=mm&r=g","contentUrl":"https:\/\/secure.gravatar.com\/avatar\/82aafea7d8127119dd649515f56e2117?s=96&d=mm&r=g","caption":"rtnews"},"url":"https:\/\/now-news.de\/de\/author\/rnews\/"}]}},"_links":{"self":[{"href":"https:\/\/now-news.de\/de\/wp-json\/wp\/v2\/posts\/2435"}],"collection":[{"href":"https:\/\/now-news.de\/de\/wp-json\/wp\/v2\/posts"}],"about":[{"href":"https:\/\/now-news.de\/de\/wp-json\/wp\/v2\/types\/post"}],"author":[{"embeddable":true,"href":"https:\/\/now-news.de\/de\/wp-json\/wp\/v2\/users\/3"}],"replies":[{"embeddable":true,"href":"https:\/\/now-news.de\/de\/wp-json\/wp\/v2\/comments?post=2435"}],"version-history":[{"count":0,"href":"https:\/\/now-news.de\/de\/wp-json\/wp\/v2\/posts\/2435\/revisions"}],"wp:featuredmedia":[{"embeddable":true,"href":"https:\/\/now-news.de\/de\/wp-json\/wp\/v2\/media\/2436"}],"wp:attachment":[{"href":"https:\/\/now-news.de\/de\/wp-json\/wp\/v2\/media?parent=2435"}],"wp:term":[{"taxonomy":"category","embeddable":true,"href":"https:\/\/now-news.de\/de\/wp-json\/wp\/v2\/categories?post=2435"},{"taxonomy":"post_tag","embeddable":true,"href":"https:\/\/now-news.de\/de\/wp-json\/wp\/v2\/tags?post=2435"}],"curies":[{"name":"wp","href":"https:\/\/api.w.org\/{rel}","templated":true}]}}