{"id":24267,"date":"2022-11-29T17:03:45","date_gmt":"2022-11-29T15:03:45","guid":{"rendered":"https:\/\/just-now.news\/de\/deutschland\/infanterieschule-in-hammelburg-bundeswehr-offizier-kollabiert-und-stirbt\/"},"modified":"2022-11-29T17:03:45","modified_gmt":"2022-11-29T15:03:45","slug":"infanterieschule-in-hammelburg-bundeswehr-offizier-kollabiert-und-stirbt","status":"publish","type":"post","link":"https:\/\/now-news.de\/de\/deutschland\/infanterieschule-in-hammelburg-bundeswehr-offizier-kollabiert-und-stirbt\/","title":{"rendered":"Infanterieschule in Hammelburg: Bundeswehr-Offizier kollabiert und stirbt"},"content":{"rendered":"<p><img decoding=\"async\" src=\"http:\/\/just-now.news\/de\/wp-content\/uploads\/sites\/3\/2022\/11\/63861477b480cc75b663fe71.jpg\" \/><\/p>\n<div class=\"Text-root Text-type_1 \">\n                Am Freitag ist ein Bundeswehr-Offizier im Krankenhaus verstorben. Zuvor war der Mann in der Infanterieschule des Heeres in Hammelburg kollabiert. Die Bundeswehr h\u00e4lt sich bisher zu dem Vorfall bedeckt, die Untersuchungen laufen.\n            <\/div>\n<p><\/p>\n<div class=\"Text-root Text-type_5 ArticleView-text ViewText-root \">\n<p>Ein Bundeswehr-Offizier ist am Freitag im Krankenhaus verstorben. Der Mann war zuvor in der Infanterieschule im bayerischen Hammelburg kollabiert. Das Deutsche Heer erkl\u00e4rte am Dienstag auf Twitter:<\/p>\n<blockquote>\n<p><em>&#8220;Ein Offizier des Deutschen <a rel=\"nofollow noopener\" target=\"_blank\" href=\"https:\/\/twitter.com\/hashtag\/Heer?src=hashtag_click\">#Heer<\/a>|es ist am Freitagnachmittag im Krankenhaus verstorben. Er war w\u00e4hrend eines Lehrgangs an der Infanterieschule in Hammelburg kollabiert. Unsere Gedanken sind bei den Hinterbliebenen des Verstorbenen.&#8221;<\/em><\/p>\n<\/blockquote>\n<div class=\"EmbedBlock-root EmbedBlock-twitter\">\n<div class=\"TwitterEmbed\">\n<blockquote class=\"twitter-tweet lazyload\" data-twitter=\"twitter-tweet\">\n<p lang=\"de\" dir=\"ltr\">Ein Offizier des Deutschen <a rel=\"nofollow noopener\" target=\"_blank\" href=\"https:\/\/twitter.com\/hashtag\/Heer?src=hash&amp;ref_src=twsrc%5Etfw\">#Heer<\/a>|es ist am Freitagnachmittag im Krankenhaus verstorben. Er war w\u00e4hrend eines Lehrgangs an der Infanterieschule in Hammelburg kollabiert. Unsere Gedanken sind bei den Hinterbliebenen des Verstorbenen. <a rel=\"nofollow noopener\" target=\"_blank\" href=\"https:\/\/t.co\/Cvu1HShIfz\">pic.twitter.com\/Cvu1HShIfz<\/a><\/p>\n<p>\u2014 Heer (@Deutsches_Heer) <a rel=\"nofollow noopener\" target=\"_blank\" href=\"https:\/\/twitter.com\/Deutsches_Heer\/status\/1597272726309601281?ref_src=twsrc%5Etfw\">November 28, 2022<\/a><\/p><\/blockquote>\n<\/div>\n<\/div>\n<p>Auch Oberstleutnant Timo Schmidt best\u00e4tigte auf Anfrage von <em>Focus Online<\/em> den Todesfall. Die Bundeswehr h\u00e4lt sich zu dem Vorfall bisher jedoch bedeckt. Im Moment laufen &#8220;Untersuchungen&#8221;, es sei &#8220;etwas Schlimmes passiert&#8221;, und zwar &#8220;unabh\u00e4ngig, ob im Alltag oder im Dienst&#8221;, so Schmidt. Im Heer seien viele Menschen von dem Vorfall betroffen.<\/p>\n<p>Eine genaue\u00a0Erkl\u00e4rung zu dem Todesfall wollte Schmidt jedoch nicht geben.\u00a0Solange keine Untersuchungsergebnisse vorl\u00e4gen, sei es &#8220;reine Spekulation&#8221;. Es sei zu fr\u00fch, um R\u00fcckschl\u00fcsse zu ziehen, so Schmidt. Der Bundeswehr sei es zudem wichtig, Pers\u00f6nlichkeitsrechte zu wahren. Somit bleibt weiterhin unklar, warum der Offizier im Dienst kollabierte.<\/p>\n<p>In den vergangenen Jahren kam es immer wieder zu \u00e4hnlichen Vorf\u00e4llen bei der Bundeswehr. Erst am 20. Juli sackten 28 Soldaten bei einer Gedenkveranstaltung zusammen, da sie Kreislaufprobleme hatten und sich bei \u00fcber 30 Grad in der Sonne nicht mehr auf den Beinen halten konnten.<\/p>\n<p>Im Jahr 2017 starb ein Soldat bei einem Fu\u00dfmarsch in Munster. Der 21-j\u00e4hrige Soldat und drei weitere Offiziersanw\u00e4rter waren damals w\u00e4hrend der Ausbildung bei Hitze kollabiert. Die M\u00e4nner mussten ins Krankenhaus, der 21-J\u00e4hrige starb kurze Zeit sp\u00e4ter. Eine Bundeswehr-Ausbilderin musste daraufhin im Jahr 2019 nach einem Verfahren am Amtsgericht Soltau eine Geldstrafe wegen fahrl\u00e4ssiger K\u00f6rperverletzung zahlen.<\/p>\n<p><strong>Mehr zum Thema &#8211;<\/strong>\u00a0<a rel=\"nofollow noopener\" target=\"_blank\" href=\"https:\/\/test.rtde.tech\/inland\/71994-fahrlaessige-keorperverletzung-bei-bundeswehr-hitzeschlag\/\">Strafmarsch mit Todesfolge bei Bundeswehr: Staatsanwaltschaft ermittelt wegen K\u00f6rperverletzung<\/a><\/p>\n<\/p>\n<\/div>\n<p><script async src=\"https:\/\/platform.twitter.com\/widgets.js\" charset=\"utf-8\"><\/script><br \/>\n<br \/><br \/>\n<br \/><a href=\"https:\/\/de.rt.com\/inland\/155802-infanterieschule-in-hammelburg-bundeswehr-offizier\/\">Source link <\/a><\/p>\n","protected":false},"excerpt":{"rendered":"<p>Am Freitag ist ein Bundeswehr-Offizier im Krankenhaus verstorben. Zuvor war der Mann in der Infanterieschule des Heeres in Hammelburg kollabiert. Die Bundeswehr h\u00e4lt sich bisher zu dem Vorfall bedeckt, die Untersuchungen laufen. Ein Bundeswehr-Offizier ist am Freitag im Krankenhaus verstorben. Der Mann war zuvor in der Infanterieschule im bayerischen Hammelburg kollabiert. Das Deutsche Heer erkl\u00e4rte [&hellip;]<\/p>\n","protected":false},"author":3,"featured_media":24268,"comment_status":"open","ping_status":"open","sticky":false,"template":"","format":"standard","meta":{"_yoast_indexnow_last_ping":["1669735041"],"wp_automatic_camp":["217"],"ea45df598bc34eeb0dbd43c897c89e0a":["Infanterieschule in Hammelburg: Bundeswehr-Offizier kollabiert und stirbt"],"original_link":["https:\/\/de.rt.com\/inland\/155802-infanterieschule-in-hammelburg-bundeswehr-offizier\/"],"_thumbnail_id":["24268"],"_wptgpro_p2tg_sent2tg":["a:1:{i:23737;s:19:\"2022-11-29 17:18:50\";}"],"jnews_social_counter_last_update":["1777255877"]},"categories":[19,23],"tags":[28075,36672,36671,36673,6143,140],"yoast_head":"<!-- This site is optimized with the Yoast SEO Premium plugin v22.7 (Yoast SEO v22.7) - https:\/\/yoast.com\/wordpress\/plugins\/seo\/ -->\n<title>Infanterieschule in Hammelburg: Bundeswehr-Offizier kollabiert und stirbt - just-now.NEWS Deutschland<\/title>\n<meta name=\"robots\" content=\"index, follow, max-snippet:-1, max-image-preview:large, max-video-preview:-1\" \/>\n<link rel=\"canonical\" href=\"https:\/\/now-news.de\/de\/deutschland\/infanterieschule-in-hammelburg-bundeswehr-offizier-kollabiert-und-stirbt\/\" \/>\n<meta property=\"og:locale\" content=\"de_DE\" \/>\n<meta property=\"og:type\" content=\"article\" \/>\n<meta property=\"og:title\" content=\"Infanterieschule in Hammelburg: Bundeswehr-Offizier kollabiert und stirbt\" \/>\n<meta property=\"og:description\" content=\"Am Freitag ist ein Bundeswehr-Offizier im Krankenhaus verstorben. Zuvor war der Mann in der Infanterieschule des Heeres in Hammelburg kollabiert. Die Bundeswehr h\u00e4lt sich bisher zu dem Vorfall bedeckt, die Untersuchungen laufen. Ein Bundeswehr-Offizier ist am Freitag im Krankenhaus verstorben. Der Mann war zuvor in der Infanterieschule im bayerischen Hammelburg kollabiert. Das Deutsche Heer erkl\u00e4rte [&hellip;]\" \/>\n<meta property=\"og:url\" content=\"https:\/\/now-news.de\/de\/deutschland\/infanterieschule-in-hammelburg-bundeswehr-offizier-kollabiert-und-stirbt\/\" \/>\n<meta property=\"og:site_name\" content=\"just-now.NEWS Deutschland\" \/>\n<meta property=\"article:publisher\" content=\"https:\/\/www.facebook.com\/wirmachenauf\" \/>\n<meta property=\"article:published_time\" content=\"2022-11-29T15:03:45+00:00\" \/>\n<meta property=\"og:image\" content=\"https:\/\/now-news.de\/de\/wp-content\/uploads\/sites\/3\/2022\/11\/Infanterieschule-in-Hammelburg-Bundeswehr-Offizier-kollabiert-und-stirbt.jpg\" \/>\n\t<meta property=\"og:image:width\" content=\"460\" \/>\n\t<meta property=\"og:image:height\" content=\"259\" \/>\n\t<meta property=\"og:image:type\" content=\"image\/jpeg\" \/>\n<meta name=\"author\" content=\"rtnews\" \/>\n<meta name=\"twitter:card\" content=\"summary_large_image\" \/>\n<meta name=\"twitter:creator\" content=\"@WirMachenAuf_de\" \/>\n<meta name=\"twitter:site\" content=\"@WirMachenAuf_de\" \/>\n<meta name=\"twitter:label1\" content=\"Verfasst von\" \/>\n\t<meta name=\"twitter:data1\" content=\"rtnews\" \/>\n\t<meta name=\"twitter:label2\" content=\"Gesch\u00e4tzte Lesezeit\" \/>\n\t<meta name=\"twitter:data2\" content=\"2\u00a0Minuten\" \/>\n<script type=\"application\/ld+json\" class=\"yoast-schema-graph\">{\"@context\":\"https:\/\/schema.org\",\"@graph\":[{\"@type\":\"Article\",\"@id\":\"https:\/\/now-news.de\/de\/deutschland\/infanterieschule-in-hammelburg-bundeswehr-offizier-kollabiert-und-stirbt\/#article\",\"isPartOf\":{\"@id\":\"https:\/\/now-news.de\/de\/deutschland\/infanterieschule-in-hammelburg-bundeswehr-offizier-kollabiert-und-stirbt\/\"},\"author\":{\"name\":\"rtnews\",\"@id\":\"https:\/\/now-news.de\/de\/#\/schema\/person\/fb534a4e865501d8b3285208df34a9b5\"},\"headline\":\"Infanterieschule in Hammelburg: Bundeswehr-Offizier kollabiert und stirbt\",\"datePublished\":\"2022-11-29T15:03:45+00:00\",\"dateModified\":\"2022-11-29T15:03:45+00:00\",\"mainEntityOfPage\":{\"@id\":\"https:\/\/now-news.de\/de\/deutschland\/infanterieschule-in-hammelburg-bundeswehr-offizier-kollabiert-und-stirbt\/\"},\"wordCount\":372,\"commentCount\":0,\"publisher\":{\"@id\":\"https:\/\/now-news.de\/de\/#organization\"},\"image\":{\"@id\":\"https:\/\/now-news.de\/de\/deutschland\/infanterieschule-in-hammelburg-bundeswehr-offizier-kollabiert-und-stirbt\/#primaryimage\"},\"thumbnailUrl\":\"https:\/\/now-news.de\/de\/wp-content\/uploads\/sites\/3\/2022\/11\/Infanterieschule-in-Hammelburg-Bundeswehr-Offizier-kollabiert-und-stirbt.jpg\",\"keywords\":[\"Bundeswehroffizier\",\"Hammelburg\",\"Infanterieschule\",\"kollabiert\",\"stirbt\",\"und\"],\"articleSection\":[\"Deutschland\",\"Russland\"],\"inLanguage\":\"de\",\"potentialAction\":[{\"@type\":\"CommentAction\",\"name\":\"Comment\",\"target\":[\"https:\/\/now-news.de\/de\/deutschland\/infanterieschule-in-hammelburg-bundeswehr-offizier-kollabiert-und-stirbt\/#respond\"]}]},{\"@type\":\"WebPage\",\"@id\":\"https:\/\/now-news.de\/de\/deutschland\/infanterieschule-in-hammelburg-bundeswehr-offizier-kollabiert-und-stirbt\/\",\"url\":\"https:\/\/now-news.de\/de\/deutschland\/infanterieschule-in-hammelburg-bundeswehr-offizier-kollabiert-und-stirbt\/\",\"name\":\"Infanterieschule in Hammelburg: Bundeswehr-Offizier kollabiert und stirbt - just-now.NEWS Deutschland\",\"isPartOf\":{\"@id\":\"https:\/\/now-news.de\/de\/#website\"},\"primaryImageOfPage\":{\"@id\":\"https:\/\/now-news.de\/de\/deutschland\/infanterieschule-in-hammelburg-bundeswehr-offizier-kollabiert-und-stirbt\/#primaryimage\"},\"image\":{\"@id\":\"https:\/\/now-news.de\/de\/deutschland\/infanterieschule-in-hammelburg-bundeswehr-offizier-kollabiert-und-stirbt\/#primaryimage\"},\"thumbnailUrl\":\"https:\/\/now-news.de\/de\/wp-content\/uploads\/sites\/3\/2022\/11\/Infanterieschule-in-Hammelburg-Bundeswehr-Offizier-kollabiert-und-stirbt.jpg\",\"datePublished\":\"2022-11-29T15:03:45+00:00\",\"dateModified\":\"2022-11-29T15:03:45+00:00\",\"breadcrumb\":{\"@id\":\"https:\/\/now-news.de\/de\/deutschland\/infanterieschule-in-hammelburg-bundeswehr-offizier-kollabiert-und-stirbt\/#breadcrumb\"},\"inLanguage\":\"de\",\"potentialAction\":[{\"@type\":\"ReadAction\",\"target\":[\"https:\/\/now-news.de\/de\/deutschland\/infanterieschule-in-hammelburg-bundeswehr-offizier-kollabiert-und-stirbt\/\"]}]},{\"@type\":\"ImageObject\",\"inLanguage\":\"de\",\"@id\":\"https:\/\/now-news.de\/de\/deutschland\/infanterieschule-in-hammelburg-bundeswehr-offizier-kollabiert-und-stirbt\/#primaryimage\",\"url\":\"https:\/\/now-news.de\/de\/wp-content\/uploads\/sites\/3\/2022\/11\/Infanterieschule-in-Hammelburg-Bundeswehr-Offizier-kollabiert-und-stirbt.jpg\",\"contentUrl\":\"https:\/\/now-news.de\/de\/wp-content\/uploads\/sites\/3\/2022\/11\/Infanterieschule-in-Hammelburg-Bundeswehr-Offizier-kollabiert-und-stirbt.jpg\",\"width\":460,\"height\":259,\"caption\":\"Infanterieschule in Hammelburg: Bundeswehr-Offizier kollabiert und stirbt\"},{\"@type\":\"BreadcrumbList\",\"@id\":\"https:\/\/now-news.de\/de\/deutschland\/infanterieschule-in-hammelburg-bundeswehr-offizier-kollabiert-und-stirbt\/#breadcrumb\",\"itemListElement\":[{\"@type\":\"ListItem\",\"position\":1,\"name\":\"Home\",\"item\":\"https:\/\/now-news.de\/de\/\"},{\"@type\":\"ListItem\",\"position\":2,\"name\":\"Infanterieschule in Hammelburg: Bundeswehr-Offizier kollabiert und stirbt\"}]},{\"@type\":\"WebSite\",\"@id\":\"https:\/\/now-news.de\/de\/#website\",\"url\":\"https:\/\/now-news.de\/de\/\",\"name\":\"just-now.NEWS Deutschland\",\"description\":\"Das Portal f\u00fcr unzensierte Nachrichten aus der Welt\",\"publisher\":{\"@id\":\"https:\/\/now-news.de\/de\/#organization\"},\"potentialAction\":[{\"@type\":\"SearchAction\",\"target\":{\"@type\":\"EntryPoint\",\"urlTemplate\":\"https:\/\/now-news.de\/de\/?s={search_term_string}\"},\"query-input\":\"required name=search_term_string\"}],\"inLanguage\":\"de\"},{\"@type\":\"Organization\",\"@id\":\"https:\/\/now-news.de\/de\/#organization\",\"name\":\"Just Now News\",\"url\":\"https:\/\/now-news.de\/de\/\",\"logo\":{\"@type\":\"ImageObject\",\"inLanguage\":\"de\",\"@id\":\"https:\/\/now-news.de\/de\/#\/schema\/logo\/image\/\",\"url\":\"http:\/\/just-now.news\/de\/wp-content\/uploads\/sites\/3\/2022\/04\/logo500x500.jpg\",\"contentUrl\":\"http:\/\/just-now.news\/de\/wp-content\/uploads\/sites\/3\/2022\/04\/logo500x500.jpg\",\"width\":500,\"height\":500,\"caption\":\"Just Now News\"},\"image\":{\"@id\":\"https:\/\/now-news.de\/de\/#\/schema\/logo\/image\/\"},\"sameAs\":[\"https:\/\/www.facebook.com\/wirmachenauf\",\"https:\/\/x.com\/WirMachenAuf_de\"]},{\"@type\":\"Person\",\"@id\":\"https:\/\/now-news.de\/de\/#\/schema\/person\/fb534a4e865501d8b3285208df34a9b5\",\"name\":\"rtnews\",\"image\":{\"@type\":\"ImageObject\",\"inLanguage\":\"de\",\"@id\":\"https:\/\/now-news.de\/de\/#\/schema\/person\/image\/\",\"url\":\"https:\/\/secure.gravatar.com\/avatar\/82aafea7d8127119dd649515f56e2117?s=96&d=mm&r=g\",\"contentUrl\":\"https:\/\/secure.gravatar.com\/avatar\/82aafea7d8127119dd649515f56e2117?s=96&d=mm&r=g\",\"caption\":\"rtnews\"},\"url\":\"https:\/\/now-news.de\/de\/author\/rnews\/\"}]}<\/script>\n<!-- \/ Yoast SEO Premium plugin. -->","yoast_head_json":{"title":"Infanterieschule in Hammelburg: Bundeswehr-Offizier kollabiert und stirbt - just-now.NEWS Deutschland","robots":{"index":"index","follow":"follow","max-snippet":"max-snippet:-1","max-image-preview":"max-image-preview:large","max-video-preview":"max-video-preview:-1"},"canonical":"https:\/\/now-news.de\/de\/deutschland\/infanterieschule-in-hammelburg-bundeswehr-offizier-kollabiert-und-stirbt\/","og_locale":"de_DE","og_type":"article","og_title":"Infanterieschule in Hammelburg: Bundeswehr-Offizier kollabiert und stirbt","og_description":"Am Freitag ist ein Bundeswehr-Offizier im Krankenhaus verstorben. Zuvor war der Mann in der Infanterieschule des Heeres in Hammelburg kollabiert. Die Bundeswehr h\u00e4lt sich bisher zu dem Vorfall bedeckt, die Untersuchungen laufen. Ein Bundeswehr-Offizier ist am Freitag im Krankenhaus verstorben. Der Mann war zuvor in der Infanterieschule im bayerischen Hammelburg kollabiert. Das Deutsche Heer erkl\u00e4rte [&hellip;]","og_url":"https:\/\/now-news.de\/de\/deutschland\/infanterieschule-in-hammelburg-bundeswehr-offizier-kollabiert-und-stirbt\/","og_site_name":"just-now.NEWS Deutschland","article_publisher":"https:\/\/www.facebook.com\/wirmachenauf","article_published_time":"2022-11-29T15:03:45+00:00","og_image":[{"width":460,"height":259,"url":"https:\/\/now-news.de\/de\/wp-content\/uploads\/sites\/3\/2022\/11\/Infanterieschule-in-Hammelburg-Bundeswehr-Offizier-kollabiert-und-stirbt.jpg","type":"image\/jpeg"}],"author":"rtnews","twitter_card":"summary_large_image","twitter_creator":"@WirMachenAuf_de","twitter_site":"@WirMachenAuf_de","twitter_misc":{"Verfasst von":"rtnews","Gesch\u00e4tzte Lesezeit":"2\u00a0Minuten"},"schema":{"@context":"https:\/\/schema.org","@graph":[{"@type":"Article","@id":"https:\/\/now-news.de\/de\/deutschland\/infanterieschule-in-hammelburg-bundeswehr-offizier-kollabiert-und-stirbt\/#article","isPartOf":{"@id":"https:\/\/now-news.de\/de\/deutschland\/infanterieschule-in-hammelburg-bundeswehr-offizier-kollabiert-und-stirbt\/"},"author":{"name":"rtnews","@id":"https:\/\/now-news.de\/de\/#\/schema\/person\/fb534a4e865501d8b3285208df34a9b5"},"headline":"Infanterieschule in Hammelburg: Bundeswehr-Offizier kollabiert und stirbt","datePublished":"2022-11-29T15:03:45+00:00","dateModified":"2022-11-29T15:03:45+00:00","mainEntityOfPage":{"@id":"https:\/\/now-news.de\/de\/deutschland\/infanterieschule-in-hammelburg-bundeswehr-offizier-kollabiert-und-stirbt\/"},"wordCount":372,"commentCount":0,"publisher":{"@id":"https:\/\/now-news.de\/de\/#organization"},"image":{"@id":"https:\/\/now-news.de\/de\/deutschland\/infanterieschule-in-hammelburg-bundeswehr-offizier-kollabiert-und-stirbt\/#primaryimage"},"thumbnailUrl":"https:\/\/now-news.de\/de\/wp-content\/uploads\/sites\/3\/2022\/11\/Infanterieschule-in-Hammelburg-Bundeswehr-Offizier-kollabiert-und-stirbt.jpg","keywords":["Bundeswehroffizier","Hammelburg","Infanterieschule","kollabiert","stirbt","und"],"articleSection":["Deutschland","Russland"],"inLanguage":"de","potentialAction":[{"@type":"CommentAction","name":"Comment","target":["https:\/\/now-news.de\/de\/deutschland\/infanterieschule-in-hammelburg-bundeswehr-offizier-kollabiert-und-stirbt\/#respond"]}]},{"@type":"WebPage","@id":"https:\/\/now-news.de\/de\/deutschland\/infanterieschule-in-hammelburg-bundeswehr-offizier-kollabiert-und-stirbt\/","url":"https:\/\/now-news.de\/de\/deutschland\/infanterieschule-in-hammelburg-bundeswehr-offizier-kollabiert-und-stirbt\/","name":"Infanterieschule in Hammelburg: Bundeswehr-Offizier kollabiert und stirbt - just-now.NEWS Deutschland","isPartOf":{"@id":"https:\/\/now-news.de\/de\/#website"},"primaryImageOfPage":{"@id":"https:\/\/now-news.de\/de\/deutschland\/infanterieschule-in-hammelburg-bundeswehr-offizier-kollabiert-und-stirbt\/#primaryimage"},"image":{"@id":"https:\/\/now-news.de\/de\/deutschland\/infanterieschule-in-hammelburg-bundeswehr-offizier-kollabiert-und-stirbt\/#primaryimage"},"thumbnailUrl":"https:\/\/now-news.de\/de\/wp-content\/uploads\/sites\/3\/2022\/11\/Infanterieschule-in-Hammelburg-Bundeswehr-Offizier-kollabiert-und-stirbt.jpg","datePublished":"2022-11-29T15:03:45+00:00","dateModified":"2022-11-29T15:03:45+00:00","breadcrumb":{"@id":"https:\/\/now-news.de\/de\/deutschland\/infanterieschule-in-hammelburg-bundeswehr-offizier-kollabiert-und-stirbt\/#breadcrumb"},"inLanguage":"de","potentialAction":[{"@type":"ReadAction","target":["https:\/\/now-news.de\/de\/deutschland\/infanterieschule-in-hammelburg-bundeswehr-offizier-kollabiert-und-stirbt\/"]}]},{"@type":"ImageObject","inLanguage":"de","@id":"https:\/\/now-news.de\/de\/deutschland\/infanterieschule-in-hammelburg-bundeswehr-offizier-kollabiert-und-stirbt\/#primaryimage","url":"https:\/\/now-news.de\/de\/wp-content\/uploads\/sites\/3\/2022\/11\/Infanterieschule-in-Hammelburg-Bundeswehr-Offizier-kollabiert-und-stirbt.jpg","contentUrl":"https:\/\/now-news.de\/de\/wp-content\/uploads\/sites\/3\/2022\/11\/Infanterieschule-in-Hammelburg-Bundeswehr-Offizier-kollabiert-und-stirbt.jpg","width":460,"height":259,"caption":"Infanterieschule in Hammelburg: Bundeswehr-Offizier kollabiert und stirbt"},{"@type":"BreadcrumbList","@id":"https:\/\/now-news.de\/de\/deutschland\/infanterieschule-in-hammelburg-bundeswehr-offizier-kollabiert-und-stirbt\/#breadcrumb","itemListElement":[{"@type":"ListItem","position":1,"name":"Home","item":"https:\/\/now-news.de\/de\/"},{"@type":"ListItem","position":2,"name":"Infanterieschule in Hammelburg: Bundeswehr-Offizier kollabiert und stirbt"}]},{"@type":"WebSite","@id":"https:\/\/now-news.de\/de\/#website","url":"https:\/\/now-news.de\/de\/","name":"just-now.NEWS Deutschland","description":"Das Portal f\u00fcr unzensierte Nachrichten aus der Welt","publisher":{"@id":"https:\/\/now-news.de\/de\/#organization"},"potentialAction":[{"@type":"SearchAction","target":{"@type":"EntryPoint","urlTemplate":"https:\/\/now-news.de\/de\/?s={search_term_string}"},"query-input":"required name=search_term_string"}],"inLanguage":"de"},{"@type":"Organization","@id":"https:\/\/now-news.de\/de\/#organization","name":"Just Now News","url":"https:\/\/now-news.de\/de\/","logo":{"@type":"ImageObject","inLanguage":"de","@id":"https:\/\/now-news.de\/de\/#\/schema\/logo\/image\/","url":"http:\/\/just-now.news\/de\/wp-content\/uploads\/sites\/3\/2022\/04\/logo500x500.jpg","contentUrl":"http:\/\/just-now.news\/de\/wp-content\/uploads\/sites\/3\/2022\/04\/logo500x500.jpg","width":500,"height":500,"caption":"Just Now News"},"image":{"@id":"https:\/\/now-news.de\/de\/#\/schema\/logo\/image\/"},"sameAs":["https:\/\/www.facebook.com\/wirmachenauf","https:\/\/x.com\/WirMachenAuf_de"]},{"@type":"Person","@id":"https:\/\/now-news.de\/de\/#\/schema\/person\/fb534a4e865501d8b3285208df34a9b5","name":"rtnews","image":{"@type":"ImageObject","inLanguage":"de","@id":"https:\/\/now-news.de\/de\/#\/schema\/person\/image\/","url":"https:\/\/secure.gravatar.com\/avatar\/82aafea7d8127119dd649515f56e2117?s=96&d=mm&r=g","contentUrl":"https:\/\/secure.gravatar.com\/avatar\/82aafea7d8127119dd649515f56e2117?s=96&d=mm&r=g","caption":"rtnews"},"url":"https:\/\/now-news.de\/de\/author\/rnews\/"}]}},"_links":{"self":[{"href":"https:\/\/now-news.de\/de\/wp-json\/wp\/v2\/posts\/24267"}],"collection":[{"href":"https:\/\/now-news.de\/de\/wp-json\/wp\/v2\/posts"}],"about":[{"href":"https:\/\/now-news.de\/de\/wp-json\/wp\/v2\/types\/post"}],"author":[{"embeddable":true,"href":"https:\/\/now-news.de\/de\/wp-json\/wp\/v2\/users\/3"}],"replies":[{"embeddable":true,"href":"https:\/\/now-news.de\/de\/wp-json\/wp\/v2\/comments?post=24267"}],"version-history":[{"count":0,"href":"https:\/\/now-news.de\/de\/wp-json\/wp\/v2\/posts\/24267\/revisions"}],"wp:featuredmedia":[{"embeddable":true,"href":"https:\/\/now-news.de\/de\/wp-json\/wp\/v2\/media\/24268"}],"wp:attachment":[{"href":"https:\/\/now-news.de\/de\/wp-json\/wp\/v2\/media?parent=24267"}],"wp:term":[{"taxonomy":"category","embeddable":true,"href":"https:\/\/now-news.de\/de\/wp-json\/wp\/v2\/categories?post=24267"},{"taxonomy":"post_tag","embeddable":true,"href":"https:\/\/now-news.de\/de\/wp-json\/wp\/v2\/tags?post=24267"}],"curies":[{"name":"wp","href":"https:\/\/api.w.org\/{rel}","templated":true}]}}