{"id":24245,"date":"2022-11-29T10:12:14","date_gmt":"2022-11-29T08:12:14","guid":{"rendered":"http:\/\/just-now.news\/de\/deutschland\/belgrad-bagdad-kiew-die-heuchelei-des-westens\/"},"modified":"2022-11-29T10:12:14","modified_gmt":"2022-11-29T08:12:14","slug":"belgrad-bagdad-kiew-die-heuchelei-des-westens","status":"publish","type":"post","link":"https:\/\/now-news.de\/de\/deutschland\/belgrad-bagdad-kiew-die-heuchelei-des-westens\/","title":{"rendered":"Belgrad, Bagdad, Kiew: Die Heuchelei des Westens"},"content":{"rendered":"<p><img decoding=\"async\" src=\"http:\/\/just-now.news\/de\/wp-content\/uploads\/sites\/3\/2022\/11\/6384e0d2b480cc7f260c47a2.jpg\" \/><\/p>\n<div class=\"Text-root Text-type_1 \">\n                Die Bilanz der Kriege des Westens verdeutlichen die Heuchelei der USA und der Europ\u00e4ischen Union, die sich schnell als Verteidiger der ukrainischen Witwen und Waisen sowie der nationalen Integrit\u00e4t und Souver\u00e4nit\u00e4t aufspielen, meint Pierre L\u00e9vy.\n            <\/div>\n<p><\/p>\n<div class=\"Text-root Text-type_5 ArticleView-text ViewText-root \">\n<p><em>Von Pierre L\u00e9vy<\/em><\/p>\n<p>Mittwoch, 24. M\u00e4rz 1999. Eine Lufthorde der NATO st\u00fcrmt auf Belgrad zu. Der Bombenhagel, der auf Serbien niedergeht, dauert\u00a078 Tage lang. Das Land wird schlie\u00dflich gezwungen, die Abspaltung des Kosovo zuzulassen, was den Auftakt zur Ausrufung der Unabh\u00e4ngigkeit dieser historischen serbischen Provinz bildet, in der ein riesiger US-amerikanischer Milit\u00e4rst\u00fctzpunkt errichtet wird. Slobodan Milo\u0161evi\u0107, den der Westen zu st\u00fcrzen geschworen hatte, wurde im darauffolgenden Jahr \u00fcberrollt. Die Zahl der Todesopfer sowie die Zerst\u00f6rung der Infrastruktur und der Industrie sind erschreckend. Heute sind einige der ehemaligen jugoslawischen Republiken von der EU verschluckt, w\u00e4hrend andere zu Konfetti gebrechlicher Staaten reduziert und an das atlantische Lager angedockt wurden. Nur Serbien versucht, sich dem st\u00e4rker werdenden Druck ein wenig zu widersetzen.<\/p>\n<p>Donnerstag, 20. M\u00e4rz 2003. Bagdad wird von einem Hagelsturm aus\u00a0Stahl und Feuer heimgesucht. In einer Nacht fallen auf die irakische Hauptstadt mehr Bomben und Raketen als auf die Ukraine in den ersten zwei Monaten des Krieges. Im Visier der US-Amerikaner und ihrer Verb\u00fcndeten \u2013 au\u00dfer Frankreich und Deutschland \u2013 stand Saddam Hussein. Der Vorwand war das Vorhandensein von &#8220;Massenvernichtungswaffen&#8221;, von denen heute feststeht, dass sie nie existiert haben. Der &#8220;Zweite Irakkrieg&#8221; dauerte mehr als acht Jahre und erf\u00fcllte beinahe den Wunsch von US-Au\u00dfenminister James Baker aus dem Jahr 1991, das Land &#8220;in die Steinzeit&#8221; zur\u00fcckzuversetzen. Dabei hatte das Martyrium des Landes bereits ein Jahrzehnt zuvor mit einem Embargo begonnen, das schreckliche Folgen hatte. Als die\u00a0ehemalige US-Au\u00dfenministerin Madeleine Albright einige Jahre sp\u00e4ter auf die 500.000 Kinder angesprochen wurde, die wegen fehlender medizinischer Versorgung und Nahrung starben, sagte sie: &#8220;Ja, es war den Preis wert.&#8221;<\/p>\n<p>Der Krieg und die Besatzung brachten\u00a0den sogenannten Islamischen Staat hervor. Der Irak ist heute ein wirtschaftlich ruinierter und politisch gescheiterter Staat. Der Zustand Afghanistans, das nach der Invasion von 2001 zwanzig Jahre lang unter westlicher Knute stand, ist noch katastrophaler. Auch Syrien stand im Visier des Westens, der davon getr\u00e4umt hatte, Baschar al-Assad zu st\u00fcrzen. Da dieses Ziel nicht erreicht wurde, strangulierte man das Land nun wirtschaftlich. Und was ist mit Libyen, das 2011 Luftangriffen ausgesetzt wurde, um Oberst Ghaddafi loszuwerden? Es ist nun ein &#8220;failed state&#8221; (gescheiterter Staat), in dem sich mehr als zehn Jahre sp\u00e4ter Clans bek\u00e4mpfen, ohne dass eine legitime Macht entsteht, und dies ebenfalls vor dem Hintergrund einer zerr\u00fctteten Wirtschaft.<\/p>\n<p>Diese aufschlussreiche Bilanz bedeutet nicht, dass man jede kritische Haltung gegen\u00fcber dem\u00a0russischen Einmarsch\u00a0am 24. Februar\u00a0aufgeben muss. Sie verdeutlicht jedoch die Heuchelei der USA und der Europ\u00e4ischen Union, die sich schnell als Verteidiger der ukrainischen Witwen und Waisen sowie der nationalen Integrit\u00e4t und Souver\u00e4nit\u00e4t aufspielen. Vor allem aber unterstreicht sie die Nichtigkeit des von westlichen Politikern st\u00e4ndig wiederholten Mantras, wonach Moskau durch seine Aggression die &#8220;regelbasierte internationale Ordnung, die nach dem Ende des Zweiten Weltkriegs entstanden ist&#8221;, zerst\u00f6rt habe. Die Realit\u00e4t ist eigentlich, dass das atlantische Lager nach der Ausl\u00f6schung der UdSSR davon \u00fcberzeugt war, ihm sei alles erlaubt.<\/p>\n<p>Zu den Folgen der westlichen Kriege geh\u00f6rt die Entstehung massiver Auswanderungswellen. Nach einem H\u00f6hepunkt in den Jahren 2015 und 2016 ist die heute bevorstehende Migrationswelle eine Quelle der Angst f\u00fcr die EU-Staats- und Regierungschefs, denn sie bef\u00fcrchten einen weiteren Anstieg des &#8220;Populismus&#8221;. Nach der Aufhebung der Corona-Beschr\u00e4nkungen ist die Zahl der Migranten, die \u00fcber die westlichen (Marokko), zentralen (Libyen) oder \u00f6stlichen (T\u00fcrkei, Balkan) Mittelmeerrouten ankommen, dabei, sich zu verdoppeln oder sogar zu verdreifachen. Doch trotz jahrelanger Verhandlungen sind sich die 27 Mitgliedstaaten weiterhin uneins \u00fcber Asylverfahren und die &#8220;Lastenverteilung&#8221;.<\/p>\n<p>Dies hat bereits zu einer diplomatischen Krise zwischen Paris und Rom gef\u00fchrt und k\u00f6nnte nun, nach der Energie- und Wirtschaftskrise \u2013 allesamt Themen, die die Auseinandersetzungen zwischen den Mitgliedstaaten n\u00e4hren \u2013 ein neues, explosives Thema f\u00fcr Konfrontationen darstellen. W\u00e4hrend Kroatien beispielsweise auf dem Weg ist, dem Schengen-Raum beizutreten,\u00a0k\u00f6nnte seine Nordgrenze von Slowenien abgeschottet werden, das wiederum auf die restriktiven Ma\u00dfnahmen \u00d6sterreichs reagiert \u2013 und so weiter und so fort. Dadurch wird die Freiz\u00fcgigkeit, einst Stolz der europ\u00e4ischen Integration, in St\u00fccke gerissen. Das geht so weit, dass einige in Br\u00fcssel den Beginn einer Desintegration bef\u00fcrchten.<\/p>\n<p>Das w\u00e4re doch nur eine gerechte und verdiente Konsequenz.<\/p>\n<p><strong>Mehr zum Thema &#8211;<\/strong>\u00a0<a rel=\"nofollow noopener\" target=\"_blank\" href=\"https:\/\/test.rtde.life\/meinung\/140422-usa-und-eu-als-kriegsparteien-und-kriegsverbrecher\/\">Keine &#8220;Wei\u00dfe Weste&#8221;: USA und EU als Kriegsparteien<\/a><\/p>\n<\/p>\n<\/div>\n<p><br \/>\n<br \/><a href=\"https:\/\/de.rt.com\/meinung\/155643-westens-heuchelei\/\">Source link <\/a><\/p>\n","protected":false},"excerpt":{"rendered":"<p>Die Bilanz der Kriege des Westens verdeutlichen die Heuchelei der USA und der Europ\u00e4ischen Union, die sich schnell als Verteidiger der ukrainischen Witwen und Waisen sowie der nationalen Integrit\u00e4t und Souver\u00e4nit\u00e4t aufspielen, meint Pierre L\u00e9vy. Von Pierre L\u00e9vy Mittwoch, 24. M\u00e4rz 1999. Eine Lufthorde der NATO st\u00fcrmt auf Belgrad zu. Der Bombenhagel, der auf Serbien [&hellip;]<\/p>\n","protected":false},"author":3,"featured_media":24246,"comment_status":"open","ping_status":"open","sticky":false,"template":"","format":"standard","meta":{"_yoast_indexnow_last_ping":["1669709885"],"wp_automatic_camp":["217"],"e263c43d3e1f8b47841484aa8342f201":["Belgrad, Bagdad, Kiew: Die Heuchelei des Westens"],"original_link":["https:\/\/de.rt.com\/meinung\/155643-westens-heuchelei\/"],"_thumbnail_id":["24246"],"_wptgpro_p2tg_sent2tg":["a:1:{i:23737;s:19:\"2022-11-29 10:19:06\";}"],"jnews_social_counter_last_update":["1777285993"]},"categories":[19,23],"tags":[3674,967,583,45,25784,1025,3117],"yoast_head":"<!-- This site is optimized with the Yoast SEO Premium plugin v22.7 (Yoast SEO v22.7) - https:\/\/yoast.com\/wordpress\/plugins\/seo\/ -->\n<title>Belgrad, Bagdad, Kiew: Die Heuchelei des Westens - just-now.NEWS Deutschland<\/title>\n<meta name=\"robots\" content=\"index, follow, max-snippet:-1, max-image-preview:large, max-video-preview:-1\" \/>\n<link rel=\"canonical\" href=\"https:\/\/now-news.de\/de\/deutschland\/belgrad-bagdad-kiew-die-heuchelei-des-westens\/\" \/>\n<meta property=\"og:locale\" content=\"de_DE\" \/>\n<meta property=\"og:type\" content=\"article\" \/>\n<meta property=\"og:title\" content=\"Belgrad, Bagdad, Kiew: Die Heuchelei des Westens\" \/>\n<meta property=\"og:description\" content=\"Die Bilanz der Kriege des Westens verdeutlichen die Heuchelei der USA und der Europ\u00e4ischen Union, die sich schnell als Verteidiger der ukrainischen Witwen und Waisen sowie der nationalen Integrit\u00e4t und Souver\u00e4nit\u00e4t aufspielen, meint Pierre L\u00e9vy. Von Pierre L\u00e9vy Mittwoch, 24. M\u00e4rz 1999. Eine Lufthorde der NATO st\u00fcrmt auf Belgrad zu. Der Bombenhagel, der auf Serbien [&hellip;]\" \/>\n<meta property=\"og:url\" content=\"https:\/\/now-news.de\/de\/deutschland\/belgrad-bagdad-kiew-die-heuchelei-des-westens\/\" \/>\n<meta property=\"og:site_name\" content=\"just-now.NEWS Deutschland\" \/>\n<meta property=\"article:publisher\" content=\"https:\/\/www.facebook.com\/wirmachenauf\" \/>\n<meta property=\"article:published_time\" content=\"2022-11-29T08:12:14+00:00\" \/>\n<meta property=\"og:image\" content=\"https:\/\/now-news.de\/de\/wp-content\/uploads\/sites\/3\/2022\/11\/Belgrad-Bagdad-Kiew-Die-Heuchelei-des-Westens.jpg\" \/>\n\t<meta property=\"og:image:width\" content=\"460\" \/>\n\t<meta property=\"og:image:height\" content=\"259\" \/>\n\t<meta property=\"og:image:type\" content=\"image\/jpeg\" \/>\n<meta name=\"author\" content=\"rtnews\" \/>\n<meta name=\"twitter:card\" content=\"summary_large_image\" \/>\n<meta name=\"twitter:creator\" content=\"@WirMachenAuf_de\" \/>\n<meta name=\"twitter:site\" content=\"@WirMachenAuf_de\" \/>\n<meta name=\"twitter:label1\" content=\"Verfasst von\" \/>\n\t<meta name=\"twitter:data1\" content=\"rtnews\" \/>\n\t<meta name=\"twitter:label2\" content=\"Gesch\u00e4tzte Lesezeit\" \/>\n\t<meta name=\"twitter:data2\" content=\"4\u00a0Minuten\" \/>\n<script type=\"application\/ld+json\" class=\"yoast-schema-graph\">{\"@context\":\"https:\/\/schema.org\",\"@graph\":[{\"@type\":\"Article\",\"@id\":\"https:\/\/now-news.de\/de\/deutschland\/belgrad-bagdad-kiew-die-heuchelei-des-westens\/#article\",\"isPartOf\":{\"@id\":\"https:\/\/now-news.de\/de\/deutschland\/belgrad-bagdad-kiew-die-heuchelei-des-westens\/\"},\"author\":{\"name\":\"rtnews\",\"@id\":\"https:\/\/now-news.de\/de\/#\/schema\/person\/fb534a4e865501d8b3285208df34a9b5\"},\"headline\":\"Belgrad, Bagdad, Kiew: Die Heuchelei des Westens\",\"datePublished\":\"2022-11-29T08:12:14+00:00\",\"dateModified\":\"2022-11-29T08:12:14+00:00\",\"mainEntityOfPage\":{\"@id\":\"https:\/\/now-news.de\/de\/deutschland\/belgrad-bagdad-kiew-die-heuchelei-des-westens\/\"},\"wordCount\":772,\"commentCount\":0,\"publisher\":{\"@id\":\"https:\/\/now-news.de\/de\/#organization\"},\"image\":{\"@id\":\"https:\/\/now-news.de\/de\/deutschland\/belgrad-bagdad-kiew-die-heuchelei-des-westens\/#primaryimage\"},\"thumbnailUrl\":\"https:\/\/now-news.de\/de\/wp-content\/uploads\/sites\/3\/2022\/11\/Belgrad-Bagdad-Kiew-Die-Heuchelei-des-Westens.jpg\",\"keywords\":[\"Bagdad\",\"Belgrad\",\"des\",\"die\",\"Heuchelei\",\"Kiew\",\"Westens\"],\"articleSection\":[\"Deutschland\",\"Russland\"],\"inLanguage\":\"de\",\"potentialAction\":[{\"@type\":\"CommentAction\",\"name\":\"Comment\",\"target\":[\"https:\/\/now-news.de\/de\/deutschland\/belgrad-bagdad-kiew-die-heuchelei-des-westens\/#respond\"]}]},{\"@type\":\"WebPage\",\"@id\":\"https:\/\/now-news.de\/de\/deutschland\/belgrad-bagdad-kiew-die-heuchelei-des-westens\/\",\"url\":\"https:\/\/now-news.de\/de\/deutschland\/belgrad-bagdad-kiew-die-heuchelei-des-westens\/\",\"name\":\"Belgrad, Bagdad, Kiew: Die Heuchelei des Westens - just-now.NEWS Deutschland\",\"isPartOf\":{\"@id\":\"https:\/\/now-news.de\/de\/#website\"},\"primaryImageOfPage\":{\"@id\":\"https:\/\/now-news.de\/de\/deutschland\/belgrad-bagdad-kiew-die-heuchelei-des-westens\/#primaryimage\"},\"image\":{\"@id\":\"https:\/\/now-news.de\/de\/deutschland\/belgrad-bagdad-kiew-die-heuchelei-des-westens\/#primaryimage\"},\"thumbnailUrl\":\"https:\/\/now-news.de\/de\/wp-content\/uploads\/sites\/3\/2022\/11\/Belgrad-Bagdad-Kiew-Die-Heuchelei-des-Westens.jpg\",\"datePublished\":\"2022-11-29T08:12:14+00:00\",\"dateModified\":\"2022-11-29T08:12:14+00:00\",\"breadcrumb\":{\"@id\":\"https:\/\/now-news.de\/de\/deutschland\/belgrad-bagdad-kiew-die-heuchelei-des-westens\/#breadcrumb\"},\"inLanguage\":\"de\",\"potentialAction\":[{\"@type\":\"ReadAction\",\"target\":[\"https:\/\/now-news.de\/de\/deutschland\/belgrad-bagdad-kiew-die-heuchelei-des-westens\/\"]}]},{\"@type\":\"ImageObject\",\"inLanguage\":\"de\",\"@id\":\"https:\/\/now-news.de\/de\/deutschland\/belgrad-bagdad-kiew-die-heuchelei-des-westens\/#primaryimage\",\"url\":\"https:\/\/now-news.de\/de\/wp-content\/uploads\/sites\/3\/2022\/11\/Belgrad-Bagdad-Kiew-Die-Heuchelei-des-Westens.jpg\",\"contentUrl\":\"https:\/\/now-news.de\/de\/wp-content\/uploads\/sites\/3\/2022\/11\/Belgrad-Bagdad-Kiew-Die-Heuchelei-des-Westens.jpg\",\"width\":460,\"height\":259,\"caption\":\"Belgrad, Bagdad, Kiew: Die Heuchelei des Westens\"},{\"@type\":\"BreadcrumbList\",\"@id\":\"https:\/\/now-news.de\/de\/deutschland\/belgrad-bagdad-kiew-die-heuchelei-des-westens\/#breadcrumb\",\"itemListElement\":[{\"@type\":\"ListItem\",\"position\":1,\"name\":\"Home\",\"item\":\"https:\/\/now-news.de\/de\/\"},{\"@type\":\"ListItem\",\"position\":2,\"name\":\"Belgrad, Bagdad, Kiew: Die Heuchelei des Westens\"}]},{\"@type\":\"WebSite\",\"@id\":\"https:\/\/now-news.de\/de\/#website\",\"url\":\"https:\/\/now-news.de\/de\/\",\"name\":\"just-now.NEWS Deutschland\",\"description\":\"Das Portal f\u00fcr unzensierte Nachrichten aus der Welt\",\"publisher\":{\"@id\":\"https:\/\/now-news.de\/de\/#organization\"},\"potentialAction\":[{\"@type\":\"SearchAction\",\"target\":{\"@type\":\"EntryPoint\",\"urlTemplate\":\"https:\/\/now-news.de\/de\/?s={search_term_string}\"},\"query-input\":\"required name=search_term_string\"}],\"inLanguage\":\"de\"},{\"@type\":\"Organization\",\"@id\":\"https:\/\/now-news.de\/de\/#organization\",\"name\":\"Just Now News\",\"url\":\"https:\/\/now-news.de\/de\/\",\"logo\":{\"@type\":\"ImageObject\",\"inLanguage\":\"de\",\"@id\":\"https:\/\/now-news.de\/de\/#\/schema\/logo\/image\/\",\"url\":\"http:\/\/just-now.news\/de\/wp-content\/uploads\/sites\/3\/2022\/04\/logo500x500.jpg\",\"contentUrl\":\"http:\/\/just-now.news\/de\/wp-content\/uploads\/sites\/3\/2022\/04\/logo500x500.jpg\",\"width\":500,\"height\":500,\"caption\":\"Just Now News\"},\"image\":{\"@id\":\"https:\/\/now-news.de\/de\/#\/schema\/logo\/image\/\"},\"sameAs\":[\"https:\/\/www.facebook.com\/wirmachenauf\",\"https:\/\/x.com\/WirMachenAuf_de\"]},{\"@type\":\"Person\",\"@id\":\"https:\/\/now-news.de\/de\/#\/schema\/person\/fb534a4e865501d8b3285208df34a9b5\",\"name\":\"rtnews\",\"image\":{\"@type\":\"ImageObject\",\"inLanguage\":\"de\",\"@id\":\"https:\/\/now-news.de\/de\/#\/schema\/person\/image\/\",\"url\":\"https:\/\/secure.gravatar.com\/avatar\/82aafea7d8127119dd649515f56e2117?s=96&d=mm&r=g\",\"contentUrl\":\"https:\/\/secure.gravatar.com\/avatar\/82aafea7d8127119dd649515f56e2117?s=96&d=mm&r=g\",\"caption\":\"rtnews\"},\"url\":\"https:\/\/now-news.de\/de\/author\/rnews\/\"}]}<\/script>\n<!-- \/ Yoast SEO Premium plugin. -->","yoast_head_json":{"title":"Belgrad, Bagdad, Kiew: Die Heuchelei des Westens - just-now.NEWS Deutschland","robots":{"index":"index","follow":"follow","max-snippet":"max-snippet:-1","max-image-preview":"max-image-preview:large","max-video-preview":"max-video-preview:-1"},"canonical":"https:\/\/now-news.de\/de\/deutschland\/belgrad-bagdad-kiew-die-heuchelei-des-westens\/","og_locale":"de_DE","og_type":"article","og_title":"Belgrad, Bagdad, Kiew: Die Heuchelei des Westens","og_description":"Die Bilanz der Kriege des Westens verdeutlichen die Heuchelei der USA und der Europ\u00e4ischen Union, die sich schnell als Verteidiger der ukrainischen Witwen und Waisen sowie der nationalen Integrit\u00e4t und Souver\u00e4nit\u00e4t aufspielen, meint Pierre L\u00e9vy. Von Pierre L\u00e9vy Mittwoch, 24. M\u00e4rz 1999. Eine Lufthorde der NATO st\u00fcrmt auf Belgrad zu. Der Bombenhagel, der auf Serbien [&hellip;]","og_url":"https:\/\/now-news.de\/de\/deutschland\/belgrad-bagdad-kiew-die-heuchelei-des-westens\/","og_site_name":"just-now.NEWS Deutschland","article_publisher":"https:\/\/www.facebook.com\/wirmachenauf","article_published_time":"2022-11-29T08:12:14+00:00","og_image":[{"width":460,"height":259,"url":"https:\/\/now-news.de\/de\/wp-content\/uploads\/sites\/3\/2022\/11\/Belgrad-Bagdad-Kiew-Die-Heuchelei-des-Westens.jpg","type":"image\/jpeg"}],"author":"rtnews","twitter_card":"summary_large_image","twitter_creator":"@WirMachenAuf_de","twitter_site":"@WirMachenAuf_de","twitter_misc":{"Verfasst von":"rtnews","Gesch\u00e4tzte Lesezeit":"4\u00a0Minuten"},"schema":{"@context":"https:\/\/schema.org","@graph":[{"@type":"Article","@id":"https:\/\/now-news.de\/de\/deutschland\/belgrad-bagdad-kiew-die-heuchelei-des-westens\/#article","isPartOf":{"@id":"https:\/\/now-news.de\/de\/deutschland\/belgrad-bagdad-kiew-die-heuchelei-des-westens\/"},"author":{"name":"rtnews","@id":"https:\/\/now-news.de\/de\/#\/schema\/person\/fb534a4e865501d8b3285208df34a9b5"},"headline":"Belgrad, Bagdad, Kiew: Die Heuchelei des Westens","datePublished":"2022-11-29T08:12:14+00:00","dateModified":"2022-11-29T08:12:14+00:00","mainEntityOfPage":{"@id":"https:\/\/now-news.de\/de\/deutschland\/belgrad-bagdad-kiew-die-heuchelei-des-westens\/"},"wordCount":772,"commentCount":0,"publisher":{"@id":"https:\/\/now-news.de\/de\/#organization"},"image":{"@id":"https:\/\/now-news.de\/de\/deutschland\/belgrad-bagdad-kiew-die-heuchelei-des-westens\/#primaryimage"},"thumbnailUrl":"https:\/\/now-news.de\/de\/wp-content\/uploads\/sites\/3\/2022\/11\/Belgrad-Bagdad-Kiew-Die-Heuchelei-des-Westens.jpg","keywords":["Bagdad","Belgrad","des","die","Heuchelei","Kiew","Westens"],"articleSection":["Deutschland","Russland"],"inLanguage":"de","potentialAction":[{"@type":"CommentAction","name":"Comment","target":["https:\/\/now-news.de\/de\/deutschland\/belgrad-bagdad-kiew-die-heuchelei-des-westens\/#respond"]}]},{"@type":"WebPage","@id":"https:\/\/now-news.de\/de\/deutschland\/belgrad-bagdad-kiew-die-heuchelei-des-westens\/","url":"https:\/\/now-news.de\/de\/deutschland\/belgrad-bagdad-kiew-die-heuchelei-des-westens\/","name":"Belgrad, Bagdad, Kiew: Die Heuchelei des Westens - just-now.NEWS Deutschland","isPartOf":{"@id":"https:\/\/now-news.de\/de\/#website"},"primaryImageOfPage":{"@id":"https:\/\/now-news.de\/de\/deutschland\/belgrad-bagdad-kiew-die-heuchelei-des-westens\/#primaryimage"},"image":{"@id":"https:\/\/now-news.de\/de\/deutschland\/belgrad-bagdad-kiew-die-heuchelei-des-westens\/#primaryimage"},"thumbnailUrl":"https:\/\/now-news.de\/de\/wp-content\/uploads\/sites\/3\/2022\/11\/Belgrad-Bagdad-Kiew-Die-Heuchelei-des-Westens.jpg","datePublished":"2022-11-29T08:12:14+00:00","dateModified":"2022-11-29T08:12:14+00:00","breadcrumb":{"@id":"https:\/\/now-news.de\/de\/deutschland\/belgrad-bagdad-kiew-die-heuchelei-des-westens\/#breadcrumb"},"inLanguage":"de","potentialAction":[{"@type":"ReadAction","target":["https:\/\/now-news.de\/de\/deutschland\/belgrad-bagdad-kiew-die-heuchelei-des-westens\/"]}]},{"@type":"ImageObject","inLanguage":"de","@id":"https:\/\/now-news.de\/de\/deutschland\/belgrad-bagdad-kiew-die-heuchelei-des-westens\/#primaryimage","url":"https:\/\/now-news.de\/de\/wp-content\/uploads\/sites\/3\/2022\/11\/Belgrad-Bagdad-Kiew-Die-Heuchelei-des-Westens.jpg","contentUrl":"https:\/\/now-news.de\/de\/wp-content\/uploads\/sites\/3\/2022\/11\/Belgrad-Bagdad-Kiew-Die-Heuchelei-des-Westens.jpg","width":460,"height":259,"caption":"Belgrad, Bagdad, Kiew: Die Heuchelei des Westens"},{"@type":"BreadcrumbList","@id":"https:\/\/now-news.de\/de\/deutschland\/belgrad-bagdad-kiew-die-heuchelei-des-westens\/#breadcrumb","itemListElement":[{"@type":"ListItem","position":1,"name":"Home","item":"https:\/\/now-news.de\/de\/"},{"@type":"ListItem","position":2,"name":"Belgrad, Bagdad, Kiew: Die Heuchelei des Westens"}]},{"@type":"WebSite","@id":"https:\/\/now-news.de\/de\/#website","url":"https:\/\/now-news.de\/de\/","name":"just-now.NEWS Deutschland","description":"Das Portal f\u00fcr unzensierte Nachrichten aus der Welt","publisher":{"@id":"https:\/\/now-news.de\/de\/#organization"},"potentialAction":[{"@type":"SearchAction","target":{"@type":"EntryPoint","urlTemplate":"https:\/\/now-news.de\/de\/?s={search_term_string}"},"query-input":"required name=search_term_string"}],"inLanguage":"de"},{"@type":"Organization","@id":"https:\/\/now-news.de\/de\/#organization","name":"Just Now News","url":"https:\/\/now-news.de\/de\/","logo":{"@type":"ImageObject","inLanguage":"de","@id":"https:\/\/now-news.de\/de\/#\/schema\/logo\/image\/","url":"http:\/\/just-now.news\/de\/wp-content\/uploads\/sites\/3\/2022\/04\/logo500x500.jpg","contentUrl":"http:\/\/just-now.news\/de\/wp-content\/uploads\/sites\/3\/2022\/04\/logo500x500.jpg","width":500,"height":500,"caption":"Just Now News"},"image":{"@id":"https:\/\/now-news.de\/de\/#\/schema\/logo\/image\/"},"sameAs":["https:\/\/www.facebook.com\/wirmachenauf","https:\/\/x.com\/WirMachenAuf_de"]},{"@type":"Person","@id":"https:\/\/now-news.de\/de\/#\/schema\/person\/fb534a4e865501d8b3285208df34a9b5","name":"rtnews","image":{"@type":"ImageObject","inLanguage":"de","@id":"https:\/\/now-news.de\/de\/#\/schema\/person\/image\/","url":"https:\/\/secure.gravatar.com\/avatar\/82aafea7d8127119dd649515f56e2117?s=96&d=mm&r=g","contentUrl":"https:\/\/secure.gravatar.com\/avatar\/82aafea7d8127119dd649515f56e2117?s=96&d=mm&r=g","caption":"rtnews"},"url":"https:\/\/now-news.de\/de\/author\/rnews\/"}]}},"_links":{"self":[{"href":"https:\/\/now-news.de\/de\/wp-json\/wp\/v2\/posts\/24245"}],"collection":[{"href":"https:\/\/now-news.de\/de\/wp-json\/wp\/v2\/posts"}],"about":[{"href":"https:\/\/now-news.de\/de\/wp-json\/wp\/v2\/types\/post"}],"author":[{"embeddable":true,"href":"https:\/\/now-news.de\/de\/wp-json\/wp\/v2\/users\/3"}],"replies":[{"embeddable":true,"href":"https:\/\/now-news.de\/de\/wp-json\/wp\/v2\/comments?post=24245"}],"version-history":[{"count":0,"href":"https:\/\/now-news.de\/de\/wp-json\/wp\/v2\/posts\/24245\/revisions"}],"wp:featuredmedia":[{"embeddable":true,"href":"https:\/\/now-news.de\/de\/wp-json\/wp\/v2\/media\/24246"}],"wp:attachment":[{"href":"https:\/\/now-news.de\/de\/wp-json\/wp\/v2\/media?parent=24245"}],"wp:term":[{"taxonomy":"category","embeddable":true,"href":"https:\/\/now-news.de\/de\/wp-json\/wp\/v2\/categories?post=24245"},{"taxonomy":"post_tag","embeddable":true,"href":"https:\/\/now-news.de\/de\/wp-json\/wp\/v2\/tags?post=24245"}],"curies":[{"name":"wp","href":"https:\/\/api.w.org\/{rel}","templated":true}]}}