{"id":24233,"date":"2022-11-28T23:18:34","date_gmt":"2022-11-28T21:18:34","guid":{"rendered":"https:\/\/just-now.news\/de\/deutschland\/steinmeier-ruft-zur-achtung-der-demonstrationsfreiheit-auf-in-china\/"},"modified":"2022-11-28T23:18:34","modified_gmt":"2022-11-28T21:18:34","slug":"steinmeier-ruft-zur-achtung-der-demonstrationsfreiheit-auf-in-china","status":"publish","type":"post","link":"https:\/\/now-news.de\/de\/deutschland\/steinmeier-ruft-zur-achtung-der-demonstrationsfreiheit-auf-in-china\/","title":{"rendered":"Steinmeier ruft zur Achtung der Demonstrationsfreiheit auf \u2013 in China"},"content":{"rendered":"<p><img decoding=\"async\" src=\"http:\/\/just-now.news\/de\/wp-content\/uploads\/sites\/3\/2022\/11\/63852593b480cc4fd35364b9.jpg\" \/><\/p>\n<div class=\"Text-root Text-type_1 \">\n                Bundespr\u00e4sident Frank-Walter Steinmeier hat im Interview mit der Deutschen Welle sein Verst\u00e4ndnis f\u00fcr die Proteste gegen die Corona-Ma\u00dfnahmen in China ausgedr\u00fcckt. In den sozialen Medien warfen ihm nun zahlreiche Nutzer Doppelmoral und Heuchelei vor.\n            <\/div>\n<p><\/p>\n<div class=\"Text-root Text-type_5 ArticleView-text ViewText-root \">\n<p>Bundespr\u00e4sident Frank-Walter Steinmeier hat Verst\u00e4ndnis f\u00fcr die Proteste in China wegen der scharfen Corona-Beschr\u00e4nkungen gezeigt. In einem Interview mit der <em>Deutschen Welle<\/em> appellierte er am Montag zugleich an die Regierung in Peking, die Demonstrationen zuzulassen. Alle erinnerten sich noch daran, &#8220;wie sehr die Ma\u00dfnahmen im Kampf gegen Corona auch in Deutschland viele Menschen belastet&#8221; h\u00e4tten, erkl\u00e4rte Steinmeier.<\/p>\n<blockquote>\n<p><em>&#8220;Wir k\u00f6nnen nur erahnen, wie gro\u00df die Last f\u00fcr die Menschen in China ist, in der die Ma\u00dfnahmen ja viel strikter, viel langanhaltender sind, bis heute reichen. Und deshalb habe ich Verst\u00e4ndnis daf\u00fcr, dass die Menschen ihre Ungeduld und ihre Klage auf den Stra\u00dfen zeigen.&#8221;<\/em><\/p>\n<\/blockquote>\n<p>Steinmeier betonte, als &#8220;Demokrat&#8221; k\u00f6nne er nur sagen, &#8220;dass die Freiheit der Meinungs\u00e4u\u00dferung ein wichtiges Gut sei&#8221;.<\/p>\n<blockquote>\n<p><em>&#8220;Und ich kann das, was wir sehen, nur mit der Hoffnung verbinden, dass die staatlichen Beh\u00f6rden in China dieses Recht der freien Meinungs\u00e4u\u00dferung, der Demonstrationsfreiheit achten.&#8221;<\/em><\/p>\n<\/blockquote>\n<p>Au\u00dferdem hoffe er, dass die Demonstrationen friedlich bleiben. Weiterhin sagte Steinmeier, die Einordnung der Vorg\u00e4nge in China sei wegen der wenigen vorliegenden Informationen noch sehr schwer.<\/p>\n<blockquote>\n<p><em>&#8220;Aber nat\u00fcrlich verfolge ich das intensiv, und die Bilder, die uns aus Peking und mehreren chinesischen St\u00e4dten erreichen, bewegen mich.&#8221;<\/em><\/p>\n<\/blockquote>\n<p>In den sozialen Medien kam Steinmeiers Sorge um das Demonstrationsrecht allerdings nicht so gut an: Zahlreiche Nutzer warfen Steinmeier und auch der <em>Deutschen Welle<\/em> Doppelmoral in Bezug auf Proteste gegen die Corona-Ma\u00dfnahmen in der Bundesrepublik vor. So schrieb die <em>Deutsche Welle<\/em>, dass entsprechende Demonstrationen im Januar 2022 in Deutschland oft unerlaubt waren, w\u00e4hrend Steinmeier im Interview nun fordert, die Demonstrationsfreiheit zu achten.<\/p>\n<div class=\"EmbedBlock-root EmbedBlock-twitter\">\n<div class=\"TwitterEmbed\">\n<blockquote class=\"twitter-tweet lazyload\" data-twitter=\"twitter-tweet\">\n<p lang=\"de\" dir=\"ltr\">Bundespr\u00e4sident Steinmeier w\u00fcnscht sich, dass China das Recht auf Demonstrationsfreiheit achtet. Januar 2022 in Deutschland waren solche Versammlungen seit Monaten oft unerlaubt.Beides schreibt dieselbe Deutsche Welle. <a rel=\"nofollow noopener\" target=\"_blank\" href=\"https:\/\/t.co\/yzksomZtZp\">https:\/\/t.co\/yzksomZtZp<\/a><a rel=\"nofollow noopener\" target=\"_blank\" href=\"https:\/\/t.co\/u4eNi60VX2\">pic.twitter.com\/u4eNi60VX2<\/a><\/p>\n<p>\u2014 Muh (@MeowMuhCow) <a rel=\"nofollow noopener\" target=\"_blank\" href=\"https:\/\/twitter.com\/MeowMuhCow\/status\/1597254768006942720?ref_src=twsrc%5Etfw\">November 28, 2022<\/a><\/p><\/blockquote>\n<\/div>\n<\/div>\n<p>Andere Nutzer erinnerten an andere \u00c4u\u00dferungen Steinmeiers in der Corona-Krise, etwa, als er behauptete, dass Ungeimpfte &#8220;uns alle gef\u00e4hrden&#8221;, oder daran, dass er die Demonstranten kritisierte und sagte, die Spazierg\u00e4nge h\u00e4tten &#8220;ihre Unschuld verloren&#8221;.<\/p>\n<div class=\"EmbedBlock-root EmbedBlock-twitter\">\n<div class=\"TwitterEmbed\">\n<blockquote class=\"twitter-tweet lazyload\" data-twitter=\"twitter-tweet\">\n<p lang=\"qme\" dir=\"ltr\"><a rel=\"nofollow noopener\" target=\"_blank\" href=\"https:\/\/t.co\/Tf1l7owVsp\">pic.twitter.com\/Tf1l7owVsp<\/a><\/p>\n<p>\u2014 Josch. feat. Frank. (@chefofmembers) <a rel=\"nofollow noopener\" target=\"_blank\" href=\"https:\/\/twitter.com\/chefofmembers\/status\/1597248377645043712?ref_src=twsrc%5Etfw\">November 28, 2022<\/a><\/p><\/blockquote>\n<\/div>\n<\/div>\n<p>Der <em>Welt<\/em>-Journalist Tim R\u00f6hn verglich die Situation allgemein und schrieb ironisch:<\/p>\n<blockquote>\n<p><em>&#8220;Unsolidarische, rechtsextreme und wissenschaftsfeindliche Querdenker gef\u00e4hrden mit ihren Demonstrationen, bei denen brandgef\u00e4hrliche Aerosole freigesetzt werden, den Erfolg von Xi Jinping und seinem Team Vorsicht im Kampf gegen <a rel=\"nofollow noopener\" target=\"_blank\" href=\"https:\/\/twitter.com\/hashtag\/Corona?src=hashtag_click\">#Corona<\/a>. <a rel=\"nofollow noopener\" target=\"_blank\" href=\"https:\/\/twitter.com\/hashtag\/ZeroCovid?src=hashtag_click\">#ZeroCovid<\/a> ist eine \u00d6ffnungsstrategie.&#8221;<\/em><\/p>\n<\/blockquote>\n<div class=\"EmbedBlock-root EmbedBlock-twitter\">\n<div class=\"TwitterEmbed\">\n<blockquote class=\"twitter-tweet lazyload\" data-twitter=\"twitter-tweet\">\n<p lang=\"de\" dir=\"ltr\">Unsolidarische, rechtsextreme und wissenschaftsfeindliche Querdenker gef\u00e4hrden mit ihren Demonstrationen, bei denen brandgef\u00e4hrliche Aerosole freigesetzt werden, den Erfolg von Xi Jinping und seinem Team Vorsicht im Kampf gegen <a rel=\"nofollow noopener\" target=\"_blank\" href=\"https:\/\/twitter.com\/hashtag\/Corona?src=hash&amp;ref_src=twsrc%5Etfw\">#Corona<\/a>. <a rel=\"nofollow noopener\" target=\"_blank\" href=\"https:\/\/twitter.com\/hashtag\/ZeroCovid?src=hash&amp;ref_src=twsrc%5Etfw\">#ZeroCovid<\/a> ist eine \u00d6ffnungsstrategie.<\/p>\n<p>\u2014 Tim R\u00f6hn (@Tim_Roehn) <a rel=\"nofollow noopener\" target=\"_blank\" href=\"https:\/\/twitter.com\/Tim_Roehn\/status\/1597221846403133443?ref_src=twsrc%5Etfw\">November 28, 2022<\/a><\/p><\/blockquote>\n<\/div>\n<\/div>\n<p><strong>Mehr zum Thema &#8211;<\/strong>\u00a0<a rel=\"nofollow noopener\" target=\"_blank\" href=\"http:\/\/test.rtde.life\/international\/155703-ganz-im-ernst-berlin-empfiehlt\/\">Ganz im Ernst: Berlin empfiehlt China BioNTech-Impfung als &#8220;Kriseninstrument&#8221;<\/a><\/p>\n<\/p>\n<\/div>\n<p><script async src=\"https:\/\/platform.twitter.com\/widgets.js\" charset=\"utf-8\"><\/script><br \/>\n<br \/><br \/>\n<br \/><a href=\"https:\/\/de.rt.com\/inland\/155730-nur-fuer-china-steinmeier-ruft-zur-achtung-der-demonstrationsfreiheit-auf\/\">Source link <\/a><\/p>\n","protected":false},"excerpt":{"rendered":"<p>Bundespr\u00e4sident Frank-Walter Steinmeier hat im Interview mit der Deutschen Welle sein Verst\u00e4ndnis f\u00fcr die Proteste gegen die Corona-Ma\u00dfnahmen in China ausgedr\u00fcckt. In den sozialen Medien warfen ihm nun zahlreiche Nutzer Doppelmoral und Heuchelei vor. Bundespr\u00e4sident Frank-Walter Steinmeier hat Verst\u00e4ndnis f\u00fcr die Proteste in China wegen der scharfen Corona-Beschr\u00e4nkungen gezeigt. In einem Interview mit der Deutschen [&hellip;]<\/p>\n","protected":false},"author":3,"featured_media":24234,"comment_status":"open","ping_status":"open","sticky":false,"template":"","format":"standard","meta":{"_yoast_indexnow_last_ping":["1669671182"],"wp_automatic_camp":["217"],"e6fbddd9e3619c4a1c32c47a3aa0aff8":["Steinmeier ruft zur Achtung der Demonstrationsfreiheit auf \u2013 in China"],"original_link":["https:\/\/de.rt.com\/inland\/155730-nur-fuer-china-steinmeier-ruft-zur-achtung-der-demonstrationsfreiheit-auf\/"],"_thumbnail_id":["24234"],"_wptgpro_p2tg_sent2tg":["a:1:{i:23737;s:19:\"2022-11-28 23:35:27\";}"],"jnews_social_counter_last_update":["1777267476"]},"categories":[19,23],"tags":[16549,133,192,36641,82,6183,1723,581],"yoast_head":"<!-- This site is optimized with the Yoast SEO Premium plugin v22.7 (Yoast SEO v22.7) - https:\/\/yoast.com\/wordpress\/plugins\/seo\/ -->\n<title>Steinmeier ruft zur Achtung der Demonstrationsfreiheit auf \u2013 in China - just-now.NEWS Deutschland<\/title>\n<meta name=\"robots\" content=\"index, follow, max-snippet:-1, max-image-preview:large, max-video-preview:-1\" \/>\n<link rel=\"canonical\" href=\"https:\/\/now-news.de\/de\/deutschland\/steinmeier-ruft-zur-achtung-der-demonstrationsfreiheit-auf-in-china\/\" \/>\n<meta property=\"og:locale\" content=\"de_DE\" \/>\n<meta property=\"og:type\" content=\"article\" \/>\n<meta property=\"og:title\" content=\"Steinmeier ruft zur Achtung der Demonstrationsfreiheit auf \u2013 in China\" \/>\n<meta property=\"og:description\" content=\"Bundespr\u00e4sident Frank-Walter Steinmeier hat im Interview mit der Deutschen Welle sein Verst\u00e4ndnis f\u00fcr die Proteste gegen die Corona-Ma\u00dfnahmen in China ausgedr\u00fcckt. In den sozialen Medien warfen ihm nun zahlreiche Nutzer Doppelmoral und Heuchelei vor. Bundespr\u00e4sident Frank-Walter Steinmeier hat Verst\u00e4ndnis f\u00fcr die Proteste in China wegen der scharfen Corona-Beschr\u00e4nkungen gezeigt. In einem Interview mit der Deutschen [&hellip;]\" \/>\n<meta property=\"og:url\" content=\"https:\/\/now-news.de\/de\/deutschland\/steinmeier-ruft-zur-achtung-der-demonstrationsfreiheit-auf-in-china\/\" \/>\n<meta property=\"og:site_name\" content=\"just-now.NEWS Deutschland\" \/>\n<meta property=\"article:publisher\" content=\"https:\/\/www.facebook.com\/wirmachenauf\" \/>\n<meta property=\"article:published_time\" content=\"2022-11-28T21:18:34+00:00\" \/>\n<meta property=\"og:image\" content=\"https:\/\/now-news.de\/de\/wp-content\/uploads\/sites\/3\/2022\/11\/Steinmeier-ruft-zur-Achtung-der-Demonstrationsfreiheit-auf-\u2013-in-China.jpg\" \/>\n\t<meta property=\"og:image:width\" content=\"460\" \/>\n\t<meta property=\"og:image:height\" content=\"259\" \/>\n\t<meta property=\"og:image:type\" content=\"image\/jpeg\" \/>\n<meta name=\"author\" content=\"rtnews\" \/>\n<meta name=\"twitter:card\" content=\"summary_large_image\" \/>\n<meta name=\"twitter:creator\" content=\"@WirMachenAuf_de\" \/>\n<meta name=\"twitter:site\" content=\"@WirMachenAuf_de\" \/>\n<meta name=\"twitter:label1\" content=\"Verfasst von\" \/>\n\t<meta name=\"twitter:data1\" content=\"rtnews\" \/>\n\t<meta name=\"twitter:label2\" content=\"Gesch\u00e4tzte Lesezeit\" \/>\n\t<meta name=\"twitter:data2\" content=\"3\u00a0Minuten\" \/>\n<script type=\"application\/ld+json\" class=\"yoast-schema-graph\">{\"@context\":\"https:\/\/schema.org\",\"@graph\":[{\"@type\":\"Article\",\"@id\":\"https:\/\/now-news.de\/de\/deutschland\/steinmeier-ruft-zur-achtung-der-demonstrationsfreiheit-auf-in-china\/#article\",\"isPartOf\":{\"@id\":\"https:\/\/now-news.de\/de\/deutschland\/steinmeier-ruft-zur-achtung-der-demonstrationsfreiheit-auf-in-china\/\"},\"author\":{\"name\":\"rtnews\",\"@id\":\"https:\/\/now-news.de\/de\/#\/schema\/person\/fb534a4e865501d8b3285208df34a9b5\"},\"headline\":\"Steinmeier ruft zur Achtung der Demonstrationsfreiheit auf \u2013 in China\",\"datePublished\":\"2022-11-28T21:18:34+00:00\",\"dateModified\":\"2022-11-28T21:18:34+00:00\",\"mainEntityOfPage\":{\"@id\":\"https:\/\/now-news.de\/de\/deutschland\/steinmeier-ruft-zur-achtung-der-demonstrationsfreiheit-auf-in-china\/\"},\"wordCount\":517,\"commentCount\":0,\"publisher\":{\"@id\":\"https:\/\/now-news.de\/de\/#organization\"},\"image\":{\"@id\":\"https:\/\/now-news.de\/de\/deutschland\/steinmeier-ruft-zur-achtung-der-demonstrationsfreiheit-auf-in-china\/#primaryimage\"},\"thumbnailUrl\":\"https:\/\/now-news.de\/de\/wp-content\/uploads\/sites\/3\/2022\/11\/Steinmeier-ruft-zur-Achtung-der-Demonstrationsfreiheit-auf-\u2013-in-China.jpg\",\"keywords\":[\"Achtung\",\"AUF\",\"China\",\"Demonstrationsfreiheit\",\"der\",\"ruft\",\"Steinmeier\",\"zur\"],\"articleSection\":[\"Deutschland\",\"Russland\"],\"inLanguage\":\"de\",\"potentialAction\":[{\"@type\":\"CommentAction\",\"name\":\"Comment\",\"target\":[\"https:\/\/now-news.de\/de\/deutschland\/steinmeier-ruft-zur-achtung-der-demonstrationsfreiheit-auf-in-china\/#respond\"]}]},{\"@type\":\"WebPage\",\"@id\":\"https:\/\/now-news.de\/de\/deutschland\/steinmeier-ruft-zur-achtung-der-demonstrationsfreiheit-auf-in-china\/\",\"url\":\"https:\/\/now-news.de\/de\/deutschland\/steinmeier-ruft-zur-achtung-der-demonstrationsfreiheit-auf-in-china\/\",\"name\":\"Steinmeier ruft zur Achtung der Demonstrationsfreiheit auf \u2013 in China - just-now.NEWS Deutschland\",\"isPartOf\":{\"@id\":\"https:\/\/now-news.de\/de\/#website\"},\"primaryImageOfPage\":{\"@id\":\"https:\/\/now-news.de\/de\/deutschland\/steinmeier-ruft-zur-achtung-der-demonstrationsfreiheit-auf-in-china\/#primaryimage\"},\"image\":{\"@id\":\"https:\/\/now-news.de\/de\/deutschland\/steinmeier-ruft-zur-achtung-der-demonstrationsfreiheit-auf-in-china\/#primaryimage\"},\"thumbnailUrl\":\"https:\/\/now-news.de\/de\/wp-content\/uploads\/sites\/3\/2022\/11\/Steinmeier-ruft-zur-Achtung-der-Demonstrationsfreiheit-auf-\u2013-in-China.jpg\",\"datePublished\":\"2022-11-28T21:18:34+00:00\",\"dateModified\":\"2022-11-28T21:18:34+00:00\",\"breadcrumb\":{\"@id\":\"https:\/\/now-news.de\/de\/deutschland\/steinmeier-ruft-zur-achtung-der-demonstrationsfreiheit-auf-in-china\/#breadcrumb\"},\"inLanguage\":\"de\",\"potentialAction\":[{\"@type\":\"ReadAction\",\"target\":[\"https:\/\/now-news.de\/de\/deutschland\/steinmeier-ruft-zur-achtung-der-demonstrationsfreiheit-auf-in-china\/\"]}]},{\"@type\":\"ImageObject\",\"inLanguage\":\"de\",\"@id\":\"https:\/\/now-news.de\/de\/deutschland\/steinmeier-ruft-zur-achtung-der-demonstrationsfreiheit-auf-in-china\/#primaryimage\",\"url\":\"https:\/\/now-news.de\/de\/wp-content\/uploads\/sites\/3\/2022\/11\/Steinmeier-ruft-zur-Achtung-der-Demonstrationsfreiheit-auf-\u2013-in-China.jpg\",\"contentUrl\":\"https:\/\/now-news.de\/de\/wp-content\/uploads\/sites\/3\/2022\/11\/Steinmeier-ruft-zur-Achtung-der-Demonstrationsfreiheit-auf-\u2013-in-China.jpg\",\"width\":460,\"height\":259,\"caption\":\"Steinmeier ruft zur Achtung der Demonstrationsfreiheit auf \u2013 in China\"},{\"@type\":\"BreadcrumbList\",\"@id\":\"https:\/\/now-news.de\/de\/deutschland\/steinmeier-ruft-zur-achtung-der-demonstrationsfreiheit-auf-in-china\/#breadcrumb\",\"itemListElement\":[{\"@type\":\"ListItem\",\"position\":1,\"name\":\"Home\",\"item\":\"https:\/\/now-news.de\/de\/\"},{\"@type\":\"ListItem\",\"position\":2,\"name\":\"Steinmeier ruft zur Achtung der Demonstrationsfreiheit auf \u2013 in China\"}]},{\"@type\":\"WebSite\",\"@id\":\"https:\/\/now-news.de\/de\/#website\",\"url\":\"https:\/\/now-news.de\/de\/\",\"name\":\"just-now.NEWS Deutschland\",\"description\":\"Das Portal f\u00fcr unzensierte Nachrichten aus der Welt\",\"publisher\":{\"@id\":\"https:\/\/now-news.de\/de\/#organization\"},\"potentialAction\":[{\"@type\":\"SearchAction\",\"target\":{\"@type\":\"EntryPoint\",\"urlTemplate\":\"https:\/\/now-news.de\/de\/?s={search_term_string}\"},\"query-input\":\"required name=search_term_string\"}],\"inLanguage\":\"de\"},{\"@type\":\"Organization\",\"@id\":\"https:\/\/now-news.de\/de\/#organization\",\"name\":\"Just Now News\",\"url\":\"https:\/\/now-news.de\/de\/\",\"logo\":{\"@type\":\"ImageObject\",\"inLanguage\":\"de\",\"@id\":\"https:\/\/now-news.de\/de\/#\/schema\/logo\/image\/\",\"url\":\"http:\/\/just-now.news\/de\/wp-content\/uploads\/sites\/3\/2022\/04\/logo500x500.jpg\",\"contentUrl\":\"http:\/\/just-now.news\/de\/wp-content\/uploads\/sites\/3\/2022\/04\/logo500x500.jpg\",\"width\":500,\"height\":500,\"caption\":\"Just Now News\"},\"image\":{\"@id\":\"https:\/\/now-news.de\/de\/#\/schema\/logo\/image\/\"},\"sameAs\":[\"https:\/\/www.facebook.com\/wirmachenauf\",\"https:\/\/x.com\/WirMachenAuf_de\"]},{\"@type\":\"Person\",\"@id\":\"https:\/\/now-news.de\/de\/#\/schema\/person\/fb534a4e865501d8b3285208df34a9b5\",\"name\":\"rtnews\",\"image\":{\"@type\":\"ImageObject\",\"inLanguage\":\"de\",\"@id\":\"https:\/\/now-news.de\/de\/#\/schema\/person\/image\/\",\"url\":\"https:\/\/secure.gravatar.com\/avatar\/82aafea7d8127119dd649515f56e2117?s=96&d=mm&r=g\",\"contentUrl\":\"https:\/\/secure.gravatar.com\/avatar\/82aafea7d8127119dd649515f56e2117?s=96&d=mm&r=g\",\"caption\":\"rtnews\"},\"url\":\"https:\/\/now-news.de\/de\/author\/rnews\/\"}]}<\/script>\n<!-- \/ Yoast SEO Premium plugin. -->","yoast_head_json":{"title":"Steinmeier ruft zur Achtung der Demonstrationsfreiheit auf \u2013 in China - just-now.NEWS Deutschland","robots":{"index":"index","follow":"follow","max-snippet":"max-snippet:-1","max-image-preview":"max-image-preview:large","max-video-preview":"max-video-preview:-1"},"canonical":"https:\/\/now-news.de\/de\/deutschland\/steinmeier-ruft-zur-achtung-der-demonstrationsfreiheit-auf-in-china\/","og_locale":"de_DE","og_type":"article","og_title":"Steinmeier ruft zur Achtung der Demonstrationsfreiheit auf \u2013 in China","og_description":"Bundespr\u00e4sident Frank-Walter Steinmeier hat im Interview mit der Deutschen Welle sein Verst\u00e4ndnis f\u00fcr die Proteste gegen die Corona-Ma\u00dfnahmen in China ausgedr\u00fcckt. In den sozialen Medien warfen ihm nun zahlreiche Nutzer Doppelmoral und Heuchelei vor. Bundespr\u00e4sident Frank-Walter Steinmeier hat Verst\u00e4ndnis f\u00fcr die Proteste in China wegen der scharfen Corona-Beschr\u00e4nkungen gezeigt. In einem Interview mit der Deutschen [&hellip;]","og_url":"https:\/\/now-news.de\/de\/deutschland\/steinmeier-ruft-zur-achtung-der-demonstrationsfreiheit-auf-in-china\/","og_site_name":"just-now.NEWS Deutschland","article_publisher":"https:\/\/www.facebook.com\/wirmachenauf","article_published_time":"2022-11-28T21:18:34+00:00","og_image":[{"width":460,"height":259,"url":"https:\/\/now-news.de\/de\/wp-content\/uploads\/sites\/3\/2022\/11\/Steinmeier-ruft-zur-Achtung-der-Demonstrationsfreiheit-auf-\u2013-in-China.jpg","type":"image\/jpeg"}],"author":"rtnews","twitter_card":"summary_large_image","twitter_creator":"@WirMachenAuf_de","twitter_site":"@WirMachenAuf_de","twitter_misc":{"Verfasst von":"rtnews","Gesch\u00e4tzte Lesezeit":"3\u00a0Minuten"},"schema":{"@context":"https:\/\/schema.org","@graph":[{"@type":"Article","@id":"https:\/\/now-news.de\/de\/deutschland\/steinmeier-ruft-zur-achtung-der-demonstrationsfreiheit-auf-in-china\/#article","isPartOf":{"@id":"https:\/\/now-news.de\/de\/deutschland\/steinmeier-ruft-zur-achtung-der-demonstrationsfreiheit-auf-in-china\/"},"author":{"name":"rtnews","@id":"https:\/\/now-news.de\/de\/#\/schema\/person\/fb534a4e865501d8b3285208df34a9b5"},"headline":"Steinmeier ruft zur Achtung der Demonstrationsfreiheit auf \u2013 in China","datePublished":"2022-11-28T21:18:34+00:00","dateModified":"2022-11-28T21:18:34+00:00","mainEntityOfPage":{"@id":"https:\/\/now-news.de\/de\/deutschland\/steinmeier-ruft-zur-achtung-der-demonstrationsfreiheit-auf-in-china\/"},"wordCount":517,"commentCount":0,"publisher":{"@id":"https:\/\/now-news.de\/de\/#organization"},"image":{"@id":"https:\/\/now-news.de\/de\/deutschland\/steinmeier-ruft-zur-achtung-der-demonstrationsfreiheit-auf-in-china\/#primaryimage"},"thumbnailUrl":"https:\/\/now-news.de\/de\/wp-content\/uploads\/sites\/3\/2022\/11\/Steinmeier-ruft-zur-Achtung-der-Demonstrationsfreiheit-auf-\u2013-in-China.jpg","keywords":["Achtung","AUF","China","Demonstrationsfreiheit","der","ruft","Steinmeier","zur"],"articleSection":["Deutschland","Russland"],"inLanguage":"de","potentialAction":[{"@type":"CommentAction","name":"Comment","target":["https:\/\/now-news.de\/de\/deutschland\/steinmeier-ruft-zur-achtung-der-demonstrationsfreiheit-auf-in-china\/#respond"]}]},{"@type":"WebPage","@id":"https:\/\/now-news.de\/de\/deutschland\/steinmeier-ruft-zur-achtung-der-demonstrationsfreiheit-auf-in-china\/","url":"https:\/\/now-news.de\/de\/deutschland\/steinmeier-ruft-zur-achtung-der-demonstrationsfreiheit-auf-in-china\/","name":"Steinmeier ruft zur Achtung der Demonstrationsfreiheit auf \u2013 in China - just-now.NEWS Deutschland","isPartOf":{"@id":"https:\/\/now-news.de\/de\/#website"},"primaryImageOfPage":{"@id":"https:\/\/now-news.de\/de\/deutschland\/steinmeier-ruft-zur-achtung-der-demonstrationsfreiheit-auf-in-china\/#primaryimage"},"image":{"@id":"https:\/\/now-news.de\/de\/deutschland\/steinmeier-ruft-zur-achtung-der-demonstrationsfreiheit-auf-in-china\/#primaryimage"},"thumbnailUrl":"https:\/\/now-news.de\/de\/wp-content\/uploads\/sites\/3\/2022\/11\/Steinmeier-ruft-zur-Achtung-der-Demonstrationsfreiheit-auf-\u2013-in-China.jpg","datePublished":"2022-11-28T21:18:34+00:00","dateModified":"2022-11-28T21:18:34+00:00","breadcrumb":{"@id":"https:\/\/now-news.de\/de\/deutschland\/steinmeier-ruft-zur-achtung-der-demonstrationsfreiheit-auf-in-china\/#breadcrumb"},"inLanguage":"de","potentialAction":[{"@type":"ReadAction","target":["https:\/\/now-news.de\/de\/deutschland\/steinmeier-ruft-zur-achtung-der-demonstrationsfreiheit-auf-in-china\/"]}]},{"@type":"ImageObject","inLanguage":"de","@id":"https:\/\/now-news.de\/de\/deutschland\/steinmeier-ruft-zur-achtung-der-demonstrationsfreiheit-auf-in-china\/#primaryimage","url":"https:\/\/now-news.de\/de\/wp-content\/uploads\/sites\/3\/2022\/11\/Steinmeier-ruft-zur-Achtung-der-Demonstrationsfreiheit-auf-\u2013-in-China.jpg","contentUrl":"https:\/\/now-news.de\/de\/wp-content\/uploads\/sites\/3\/2022\/11\/Steinmeier-ruft-zur-Achtung-der-Demonstrationsfreiheit-auf-\u2013-in-China.jpg","width":460,"height":259,"caption":"Steinmeier ruft zur Achtung der Demonstrationsfreiheit auf \u2013 in China"},{"@type":"BreadcrumbList","@id":"https:\/\/now-news.de\/de\/deutschland\/steinmeier-ruft-zur-achtung-der-demonstrationsfreiheit-auf-in-china\/#breadcrumb","itemListElement":[{"@type":"ListItem","position":1,"name":"Home","item":"https:\/\/now-news.de\/de\/"},{"@type":"ListItem","position":2,"name":"Steinmeier ruft zur Achtung der Demonstrationsfreiheit auf \u2013 in China"}]},{"@type":"WebSite","@id":"https:\/\/now-news.de\/de\/#website","url":"https:\/\/now-news.de\/de\/","name":"just-now.NEWS Deutschland","description":"Das Portal f\u00fcr unzensierte Nachrichten aus der Welt","publisher":{"@id":"https:\/\/now-news.de\/de\/#organization"},"potentialAction":[{"@type":"SearchAction","target":{"@type":"EntryPoint","urlTemplate":"https:\/\/now-news.de\/de\/?s={search_term_string}"},"query-input":"required name=search_term_string"}],"inLanguage":"de"},{"@type":"Organization","@id":"https:\/\/now-news.de\/de\/#organization","name":"Just Now News","url":"https:\/\/now-news.de\/de\/","logo":{"@type":"ImageObject","inLanguage":"de","@id":"https:\/\/now-news.de\/de\/#\/schema\/logo\/image\/","url":"http:\/\/just-now.news\/de\/wp-content\/uploads\/sites\/3\/2022\/04\/logo500x500.jpg","contentUrl":"http:\/\/just-now.news\/de\/wp-content\/uploads\/sites\/3\/2022\/04\/logo500x500.jpg","width":500,"height":500,"caption":"Just Now News"},"image":{"@id":"https:\/\/now-news.de\/de\/#\/schema\/logo\/image\/"},"sameAs":["https:\/\/www.facebook.com\/wirmachenauf","https:\/\/x.com\/WirMachenAuf_de"]},{"@type":"Person","@id":"https:\/\/now-news.de\/de\/#\/schema\/person\/fb534a4e865501d8b3285208df34a9b5","name":"rtnews","image":{"@type":"ImageObject","inLanguage":"de","@id":"https:\/\/now-news.de\/de\/#\/schema\/person\/image\/","url":"https:\/\/secure.gravatar.com\/avatar\/82aafea7d8127119dd649515f56e2117?s=96&d=mm&r=g","contentUrl":"https:\/\/secure.gravatar.com\/avatar\/82aafea7d8127119dd649515f56e2117?s=96&d=mm&r=g","caption":"rtnews"},"url":"https:\/\/now-news.de\/de\/author\/rnews\/"}]}},"_links":{"self":[{"href":"https:\/\/now-news.de\/de\/wp-json\/wp\/v2\/posts\/24233"}],"collection":[{"href":"https:\/\/now-news.de\/de\/wp-json\/wp\/v2\/posts"}],"about":[{"href":"https:\/\/now-news.de\/de\/wp-json\/wp\/v2\/types\/post"}],"author":[{"embeddable":true,"href":"https:\/\/now-news.de\/de\/wp-json\/wp\/v2\/users\/3"}],"replies":[{"embeddable":true,"href":"https:\/\/now-news.de\/de\/wp-json\/wp\/v2\/comments?post=24233"}],"version-history":[{"count":0,"href":"https:\/\/now-news.de\/de\/wp-json\/wp\/v2\/posts\/24233\/revisions"}],"wp:featuredmedia":[{"embeddable":true,"href":"https:\/\/now-news.de\/de\/wp-json\/wp\/v2\/media\/24234"}],"wp:attachment":[{"href":"https:\/\/now-news.de\/de\/wp-json\/wp\/v2\/media?parent=24233"}],"wp:term":[{"taxonomy":"category","embeddable":true,"href":"https:\/\/now-news.de\/de\/wp-json\/wp\/v2\/categories?post=24233"},{"taxonomy":"post_tag","embeddable":true,"href":"https:\/\/now-news.de\/de\/wp-json\/wp\/v2\/tags?post=24233"}],"curies":[{"name":"wp","href":"https:\/\/api.w.org\/{rel}","templated":true}]}}