{"id":24231,"date":"2022-11-28T22:35:03","date_gmt":"2022-11-28T20:35:03","guid":{"rendered":"https:\/\/just-now.news\/de\/china\/die-gedaempfte-reaktion-des-weissen-hauses-auf-chinas-covid-massenproteste-fordert-eine-staerkere-reaktion-der-usa\/"},"modified":"2022-11-28T22:35:03","modified_gmt":"2022-11-28T20:35:03","slug":"die-gedaempfte-reaktion-des-weissen-hauses-auf-chinas-covid-massenproteste-fordert-eine-staerkere-reaktion-der-usa","status":"publish","type":"post","link":"https:\/\/now-news.de\/de\/china\/die-gedaempfte-reaktion-des-weissen-hauses-auf-chinas-covid-massenproteste-fordert-eine-staerkere-reaktion-der-usa\/","title":{"rendered":"Die ged\u00e4mpfte Reaktion des Wei\u00dfen Hauses auf Chinas COVID-Massenproteste fordert eine st\u00e4rkere Reaktion der USA"},"content":{"rendered":"<div>\n<p>Die Vereinigten Staaten zielten am 28. November auf Pekings strenge COVID-19-Bordsteine, nachdem am Wochenende landesweit Massenproteste ausgebrochen waren, und sagten, die Politik sei langfristig nicht nachhaltig.<\/p>\n<p>Aber einige Republikaner haben die Reaktion des Wei\u00dfen Hauses kritisiert, da sie der Kommunistischen Partei Chinas keine ausreichend starke Botschaft \u00fcbermittelt.<\/p>\n<p>\u201e[W]Wir denken, dass es f\u00fcr die Volksrepublik China sehr schwierig sein wird, dieses Virus durch ihre Null-COVID-Strategie einzud\u00e4mmen\u201c, sagte ein Sprecher des Nationalen Sicherheitsrates des Wei\u00dfen Hauses gegen\u00fcber The Epoch Times.<\/p>\n<p>In den letzten Tagen sind in mindestens 10 chinesischen St\u00e4dten von Peking bis Shanghai Massenproteste ausgebrochen, die die gr\u00f6\u00dfte Demonstration zivilen Ungehorsams darstellen, die das streng kontrollierte kommunistische Land seit Jahrzehnten erlebt hat.<\/p>\n<p>Die Demonstranten forderten ein Ende der \u201eNull-COVID\u201c-Politik Pekings, einer harten Eind\u00e4mmungsstrategie mit Abriegelungen, strengen Quarant\u00e4nema\u00dfnahmen und Massentests, w\u00e4hrend einige auch den R\u00fccktritt des regierenden chinesischen F\u00fchrers Xi Jinping forderten.<\/p>\n<p>\u201eUnsere Botschaft an friedliche Demonstranten auf der ganzen Welt ist dieselbe und konsequent: Menschen sollte das Recht einger\u00e4umt werden, sich zu versammeln und friedlich gegen Richtlinien oder Gesetze oder Diktate zu protestieren, mit denen sie sich auseinandersetzen\u201c, John Kirby, Koordinator f\u00fcr Strategie des Nationalen Sicherheitsrates Kommunikation, sagte in einer Pressekonferenz am Montag.<\/p>\n<p>Die Proteste wurden ausgel\u00f6st, nachdem ein t\u00f6dliches Feuer in einem Wohnhochhaus in Urumqi, der Hauptstadt der Region Xinjiang im \u00e4u\u00dfersten Westen, von der Teile seit l\u00e4ngerer Zeit gesperrt waren, zehn Menschen t\u00f6tete und neun verletzte.  Viele Chinesen beschuldigten die COVID-Bordsteine, die Bewohner daran gehindert zu haben, dem Brand zu entkommen, und die Rettungsbem\u00fchungen verz\u00f6gert.<\/p>\n<p>In den letzten drei Jahren kam es in Dutzenden von chinesischen St\u00e4dten und Regionen zu anhaltenden Sperren, von denen Hunderte Millionen B\u00fcrger betroffen waren.  Dies hat zu weit verbreiteten Leidensberichten gef\u00fchrt, die von der Verweigerung des Zugangs zu medizinischer Versorgung und Nahrungsmittelversorgung bis hin zu Todesf\u00e4llen unter strengen Quarant\u00e4nebedingungen reichen.<\/p>\n<p>W\u00e4hrend viele westliche L\u00e4nder, darunter ein Gro\u00dfteil der Vereinigten Staaten, in der Anfangsphase der Pandemie Sperrma\u00dfnahmen nach chinesischem Vorbild einf\u00fchrten, ist der gr\u00f6\u00dfte Teil der Welt seitdem weitergezogen und hat sich daf\u00fcr entschieden, stattdessen mit dem Virus zu leben.<\/p>\n<figure id=\"attachment_4888811\" style=\"width: 640px\" class=\"wp-caption alignnone\"> Polizisten konfrontieren einen Mann, als sie am 27. November 2022 die Wulumuqi-Stra\u00dfe in Shanghai blockieren. (HECTOR RETAMAL\/AFP via Getty Images)<\/figure>\n<p>Der Sprecher des Nationalen Sicherheitsrates sagte, die Vereinigten Staaten verfolgen keine solchen Eind\u00e4mmungsma\u00dfnahmen, sondern konzentrieren sich stattdessen auf \u201ewas funktioniert\u201c, einschlie\u00dflich Impfungen und zug\u00e4nglicher Tests und Behandlungen.<\/p>\n<p>Inmitten der beispiellosen \u00f6ffentlichen Unruhen sind China-Beobachter in den Vereinigten Staaten und anderswo aufmerksam geworden.<\/p>\n<p>\u201eSehen Sie nicht, was wir in den USA haben\u201c, schrieb der Abgeordnete Jim Jordan (R-Ohio) am 28. November auf Twitter.<\/p>\n<p>Weder Pr\u00e4sident Joe Biden noch Au\u00dfenminister Antony Blinken haben sich \u00f6ffentlich zu den Protesten ge\u00e4u\u00dfert, und mindestens eine Senatorin, die Republikanerin Marsha Blackburn aus Tennessee, hat Biden aufgefordert, die Demonstranten nachdr\u00fccklicher zu unterst\u00fctzen.<\/p>\n<p>\u201eChinesische B\u00fcrger verschaffen sich Geh\u00f6r und sprechen sich gegen den Kommunismus aus\u201c, schrieb sie am Montag in einem Twitter-Beitrag und f\u00fcgte hinzu, dass Biden die chinesischen Beh\u00f6rden davon abhalten m\u00fcsse, als Reaktion darauf Gewalt anzuwenden.  \u201eDie Vereinigten Staaten m\u00fcssen diese Freiheitsk\u00e4mpfer unterst\u00fctzen.\u201c<\/p>\n<p>Einige andere Republikaner kritisierten die Reaktion der Biden-Regierung, wobei Senator Ted Cruz (R-Texas) sie als \u201eschlimmer als erwartet\u201c beschrieb.<\/p>\n<p>\u201eDie KPCh sollte wissen, dass die Vereinigten Staaten in den kommenden Monaten oder Jahren auf die eine oder andere Weise jeden einzelnen KPCh-Beamten zur Rechenschaft ziehen werden, der f\u00fcr Gr\u00e4ueltaten gegen diese Demonstranten verantwortlich ist\u201c, sagte er in einer am 28. November ver\u00f6ffentlichten Erkl\u00e4rung Twitter.<\/p>\n<p>Die Vereinten Nationen haben China unterdessen aufgefordert, bei der Reaktion auf die Proteste im Einklang mit internationalen Menschenrechtsgesetzen und -standards Zur\u00fcckhaltung zu \u00fcben.<\/p>\n<p>\u201eNiemand sollte willk\u00fcrlich inhaftiert werden, weil er friedlich seine Meinung ge\u00e4u\u00dfert hat\u201c, sagte Jeremy Laurence, ein Sprecher des UN-Menschenrechtsb\u00fcros, am Montag gegen\u00fcber Reportern.<\/p>\n<p>Unter Berufung auf die \u201ebedauerlichen Todesf\u00e4lle und Verletzungen\u201c in Xinjiang betonte Laurence die Notwendigkeit von \u201eTransparenz bei der Reaktion auf die Bedenken der \u00d6ffentlichkeit und um Lehren aus der Trag\u00f6die zu ziehen\u201c.<\/p>\n<p>\u201eAlle restriktiven Ma\u00dfnahmen m\u00fcssen zeitlich begrenzt sein, und es sollte Sicherheitsvorkehrungen und Mechanismen geben, durch die die Menschen ihre Bedenken kanalisieren und Abhilfe schaffen k\u00f6nnen\u201c, sagte er.<\/p>\n<\/div>\n<p><br \/>\n<b> Text ist eine \u00dcbersetzung vom Epoch Times Artikel:<\/p>\n<p><a href=\"https:\/\/www.theepochtimes.com\/white-house-reacts-to-chinas-mass-covid-protests-as-senators-calls-for-stronger-us-response_4890554.html\">Source link <\/a><\/p>\n","protected":false},"excerpt":{"rendered":"<p>Die Vereinigten Staaten zielten am 28. November auf Pekings strenge COVID-19-Bordsteine, nachdem am Wochenende landesweit Massenproteste ausgebrochen waren, und sagten, die Politik sei langfristig nicht nachhaltig. Aber einige Republikaner haben die Reaktion des Wei\u00dfen Hauses kritisiert, da sie der Kommunistischen Partei Chinas keine ausreichend starke Botschaft \u00fcbermittelt. \u201e[W]Wir denken, dass es f\u00fcr die Volksrepublik China [&hellip;]<\/p>\n","protected":false},"author":6,"featured_media":24232,"comment_status":"open","ping_status":"open","sticky":false,"template":"","format":"standard","meta":{"_yoast_indexnow_last_ping":["1669668541"],"wp_automatic_camp":["1164"],"c5741df099710b7bc3276a692ba38e30":["Die ged\u00e4mpfte Reaktion des Wei\u00dfen Hauses auf Chinas COVID-Massenproteste fordert eine st\u00e4rkere Reaktion der USA\n"],"original_link":["https:\/\/www.theepochtimes.com\/white-house-reacts-to-chinas-mass-covid-protests-as-senators-calls-for-stronger-us-response_4890554.html"],"_thumbnail_id":["24232"],"wp_automatic_remove_first_image":["yes"],"_wptgpro_p2tg_sent2tg":["a:0:{}"],"jnews_social_counter_last_update":["1777603967"]},"categories":[21],"tags":[133,3313,36640,82,583,45,275,355,36639,3307,158,35357,193,3306],"yoast_head":"<!-- This site is optimized with the Yoast SEO Premium plugin v22.7 (Yoast SEO v22.7) - https:\/\/yoast.com\/wordpress\/plugins\/seo\/ -->\n<title>Die ged\u00e4mpfte Reaktion des Wei\u00dfen Hauses auf Chinas COVID-Massenproteste fordert eine st\u00e4rkere Reaktion der USA - just-now.NEWS Deutschland<\/title>\n<meta name=\"robots\" content=\"index, follow, max-snippet:-1, max-image-preview:large, max-video-preview:-1\" \/>\n<link rel=\"canonical\" href=\"https:\/\/now-news.de\/de\/china\/die-gedaempfte-reaktion-des-weissen-hauses-auf-chinas-covid-massenproteste-fordert-eine-staerkere-reaktion-der-usa\/\" \/>\n<meta property=\"og:locale\" content=\"de_DE\" \/>\n<meta property=\"og:type\" content=\"article\" \/>\n<meta property=\"og:title\" content=\"Die ged\u00e4mpfte Reaktion des Wei\u00dfen Hauses auf Chinas COVID-Massenproteste fordert eine st\u00e4rkere Reaktion der USA\" \/>\n<meta property=\"og:description\" content=\"Die Vereinigten Staaten zielten am 28. November auf Pekings strenge COVID-19-Bordsteine, nachdem am Wochenende landesweit Massenproteste ausgebrochen waren, und sagten, die Politik sei langfristig nicht nachhaltig. Aber einige Republikaner haben die Reaktion des Wei\u00dfen Hauses kritisiert, da sie der Kommunistischen Partei Chinas keine ausreichend starke Botschaft \u00fcbermittelt. \u201e[W]Wir denken, dass es f\u00fcr die Volksrepublik China [&hellip;]\" \/>\n<meta property=\"og:url\" content=\"https:\/\/now-news.de\/de\/china\/die-gedaempfte-reaktion-des-weissen-hauses-auf-chinas-covid-massenproteste-fordert-eine-staerkere-reaktion-der-usa\/\" \/>\n<meta property=\"og:site_name\" content=\"just-now.NEWS Deutschland\" \/>\n<meta property=\"article:publisher\" content=\"https:\/\/www.facebook.com\/wirmachenauf\" \/>\n<meta property=\"article:published_time\" content=\"2022-11-28T20:35:03+00:00\" \/>\n<meta property=\"og:image\" content=\"https:\/\/now-news.de\/de\/wp-content\/uploads\/sites\/3\/2022\/11\/1669668541_Die-gedaempfte-Reaktion-des-Weissen-Hauses-auf-Chinas-COVID-Massenproteste-fordert.jpg\" \/>\n\t<meta property=\"og:image:width\" content=\"1200\" \/>\n\t<meta property=\"og:image:height\" content=\"802\" \/>\n\t<meta property=\"og:image:type\" content=\"image\/jpeg\" \/>\n<meta name=\"author\" content=\"epoch\" \/>\n<meta name=\"twitter:card\" content=\"summary_large_image\" \/>\n<meta name=\"twitter:creator\" content=\"@WirMachenAuf_de\" \/>\n<meta name=\"twitter:site\" content=\"@WirMachenAuf_de\" \/>\n<meta name=\"twitter:label1\" content=\"Verfasst von\" \/>\n\t<meta name=\"twitter:data1\" content=\"epoch\" \/>\n\t<meta name=\"twitter:label2\" content=\"Gesch\u00e4tzte Lesezeit\" \/>\n\t<meta name=\"twitter:data2\" content=\"4\u00a0Minuten\" \/>\n<script type=\"application\/ld+json\" class=\"yoast-schema-graph\">{\"@context\":\"https:\/\/schema.org\",\"@graph\":[{\"@type\":\"Article\",\"@id\":\"https:\/\/now-news.de\/de\/china\/die-gedaempfte-reaktion-des-weissen-hauses-auf-chinas-covid-massenproteste-fordert-eine-staerkere-reaktion-der-usa\/#article\",\"isPartOf\":{\"@id\":\"https:\/\/now-news.de\/de\/china\/die-gedaempfte-reaktion-des-weissen-hauses-auf-chinas-covid-massenproteste-fordert-eine-staerkere-reaktion-der-usa\/\"},\"author\":{\"name\":\"epoch\",\"@id\":\"https:\/\/now-news.de\/de\/#\/schema\/person\/c6dfcd35a72a074487761b9d49aef52f\"},\"headline\":\"Die ged\u00e4mpfte Reaktion des Wei\u00dfen Hauses auf Chinas COVID-Massenproteste fordert eine st\u00e4rkere Reaktion der USA\",\"datePublished\":\"2022-11-28T20:35:03+00:00\",\"dateModified\":\"2022-11-28T20:35:03+00:00\",\"mainEntityOfPage\":{\"@id\":\"https:\/\/now-news.de\/de\/china\/die-gedaempfte-reaktion-des-weissen-hauses-auf-chinas-covid-massenproteste-fordert-eine-staerkere-reaktion-der-usa\/\"},\"wordCount\":756,\"commentCount\":0,\"publisher\":{\"@id\":\"https:\/\/now-news.de\/de\/#organization\"},\"image\":{\"@id\":\"https:\/\/now-news.de\/de\/china\/die-gedaempfte-reaktion-des-weissen-hauses-auf-chinas-covid-massenproteste-fordert-eine-staerkere-reaktion-der-usa\/#primaryimage\"},\"thumbnailUrl\":\"https:\/\/now-news.de\/de\/wp-content\/uploads\/sites\/3\/2022\/11\/1669668541_Die-gedaempfte-Reaktion-des-Weissen-Hauses-auf-Chinas-COVID-Massenproteste-fordert.jpg\",\"keywords\":[\"AUF\",\"Chinas\",\"COVIDMassenproteste\",\"der\",\"des\",\"die\",\"eine\",\"fordert\",\"ged\u00e4mpfte\",\"Hauses\",\"reaktion\",\"st\u00e4rkere\",\"USA\",\"Wei\u00dfen\"],\"articleSection\":[\"China\"],\"inLanguage\":\"de\",\"potentialAction\":[{\"@type\":\"CommentAction\",\"name\":\"Comment\",\"target\":[\"https:\/\/now-news.de\/de\/china\/die-gedaempfte-reaktion-des-weissen-hauses-auf-chinas-covid-massenproteste-fordert-eine-staerkere-reaktion-der-usa\/#respond\"]}]},{\"@type\":\"WebPage\",\"@id\":\"https:\/\/now-news.de\/de\/china\/die-gedaempfte-reaktion-des-weissen-hauses-auf-chinas-covid-massenproteste-fordert-eine-staerkere-reaktion-der-usa\/\",\"url\":\"https:\/\/now-news.de\/de\/china\/die-gedaempfte-reaktion-des-weissen-hauses-auf-chinas-covid-massenproteste-fordert-eine-staerkere-reaktion-der-usa\/\",\"name\":\"Die ged\u00e4mpfte Reaktion des Wei\u00dfen Hauses auf Chinas COVID-Massenproteste fordert eine st\u00e4rkere Reaktion der USA - just-now.NEWS Deutschland\",\"isPartOf\":{\"@id\":\"https:\/\/now-news.de\/de\/#website\"},\"primaryImageOfPage\":{\"@id\":\"https:\/\/now-news.de\/de\/china\/die-gedaempfte-reaktion-des-weissen-hauses-auf-chinas-covid-massenproteste-fordert-eine-staerkere-reaktion-der-usa\/#primaryimage\"},\"image\":{\"@id\":\"https:\/\/now-news.de\/de\/china\/die-gedaempfte-reaktion-des-weissen-hauses-auf-chinas-covid-massenproteste-fordert-eine-staerkere-reaktion-der-usa\/#primaryimage\"},\"thumbnailUrl\":\"https:\/\/now-news.de\/de\/wp-content\/uploads\/sites\/3\/2022\/11\/1669668541_Die-gedaempfte-Reaktion-des-Weissen-Hauses-auf-Chinas-COVID-Massenproteste-fordert.jpg\",\"datePublished\":\"2022-11-28T20:35:03+00:00\",\"dateModified\":\"2022-11-28T20:35:03+00:00\",\"breadcrumb\":{\"@id\":\"https:\/\/now-news.de\/de\/china\/die-gedaempfte-reaktion-des-weissen-hauses-auf-chinas-covid-massenproteste-fordert-eine-staerkere-reaktion-der-usa\/#breadcrumb\"},\"inLanguage\":\"de\",\"potentialAction\":[{\"@type\":\"ReadAction\",\"target\":[\"https:\/\/now-news.de\/de\/china\/die-gedaempfte-reaktion-des-weissen-hauses-auf-chinas-covid-massenproteste-fordert-eine-staerkere-reaktion-der-usa\/\"]}]},{\"@type\":\"ImageObject\",\"inLanguage\":\"de\",\"@id\":\"https:\/\/now-news.de\/de\/china\/die-gedaempfte-reaktion-des-weissen-hauses-auf-chinas-covid-massenproteste-fordert-eine-staerkere-reaktion-der-usa\/#primaryimage\",\"url\":\"https:\/\/now-news.de\/de\/wp-content\/uploads\/sites\/3\/2022\/11\/1669668541_Die-gedaempfte-Reaktion-des-Weissen-Hauses-auf-Chinas-COVID-Massenproteste-fordert.jpg\",\"contentUrl\":\"https:\/\/now-news.de\/de\/wp-content\/uploads\/sites\/3\/2022\/11\/1669668541_Die-gedaempfte-Reaktion-des-Weissen-Hauses-auf-Chinas-COVID-Massenproteste-fordert.jpg\",\"width\":1200,\"height\":802},{\"@type\":\"BreadcrumbList\",\"@id\":\"https:\/\/now-news.de\/de\/china\/die-gedaempfte-reaktion-des-weissen-hauses-auf-chinas-covid-massenproteste-fordert-eine-staerkere-reaktion-der-usa\/#breadcrumb\",\"itemListElement\":[{\"@type\":\"ListItem\",\"position\":1,\"name\":\"Home\",\"item\":\"https:\/\/now-news.de\/de\/\"},{\"@type\":\"ListItem\",\"position\":2,\"name\":\"Die ged\u00e4mpfte Reaktion des Wei\u00dfen Hauses auf Chinas COVID-Massenproteste fordert eine st\u00e4rkere Reaktion der USA\"}]},{\"@type\":\"WebSite\",\"@id\":\"https:\/\/now-news.de\/de\/#website\",\"url\":\"https:\/\/now-news.de\/de\/\",\"name\":\"just-now.NEWS Deutschland\",\"description\":\"Das Portal f\u00fcr unzensierte Nachrichten aus der Welt\",\"publisher\":{\"@id\":\"https:\/\/now-news.de\/de\/#organization\"},\"potentialAction\":[{\"@type\":\"SearchAction\",\"target\":{\"@type\":\"EntryPoint\",\"urlTemplate\":\"https:\/\/now-news.de\/de\/?s={search_term_string}\"},\"query-input\":\"required name=search_term_string\"}],\"inLanguage\":\"de\"},{\"@type\":\"Organization\",\"@id\":\"https:\/\/now-news.de\/de\/#organization\",\"name\":\"Just Now News\",\"url\":\"https:\/\/now-news.de\/de\/\",\"logo\":{\"@type\":\"ImageObject\",\"inLanguage\":\"de\",\"@id\":\"https:\/\/now-news.de\/de\/#\/schema\/logo\/image\/\",\"url\":\"http:\/\/just-now.news\/de\/wp-content\/uploads\/sites\/3\/2022\/04\/logo500x500.jpg\",\"contentUrl\":\"http:\/\/just-now.news\/de\/wp-content\/uploads\/sites\/3\/2022\/04\/logo500x500.jpg\",\"width\":500,\"height\":500,\"caption\":\"Just Now News\"},\"image\":{\"@id\":\"https:\/\/now-news.de\/de\/#\/schema\/logo\/image\/\"},\"sameAs\":[\"https:\/\/www.facebook.com\/wirmachenauf\",\"https:\/\/x.com\/WirMachenAuf_de\"]},{\"@type\":\"Person\",\"@id\":\"https:\/\/now-news.de\/de\/#\/schema\/person\/c6dfcd35a72a074487761b9d49aef52f\",\"name\":\"epoch\",\"image\":{\"@type\":\"ImageObject\",\"inLanguage\":\"de\",\"@id\":\"https:\/\/now-news.de\/de\/#\/schema\/person\/image\/\",\"url\":\"https:\/\/secure.gravatar.com\/avatar\/56933836307948e61ef581cc4d100335?s=96&d=mm&r=g\",\"contentUrl\":\"https:\/\/secure.gravatar.com\/avatar\/56933836307948e61ef581cc4d100335?s=96&d=mm&r=g\",\"caption\":\"epoch\"},\"url\":\"https:\/\/now-news.de\/de\/author\/epoch\/\"}]}<\/script>\n<!-- \/ Yoast SEO Premium plugin. -->","yoast_head_json":{"title":"Die ged\u00e4mpfte Reaktion des Wei\u00dfen Hauses auf Chinas COVID-Massenproteste fordert eine st\u00e4rkere Reaktion der USA - just-now.NEWS Deutschland","robots":{"index":"index","follow":"follow","max-snippet":"max-snippet:-1","max-image-preview":"max-image-preview:large","max-video-preview":"max-video-preview:-1"},"canonical":"https:\/\/now-news.de\/de\/china\/die-gedaempfte-reaktion-des-weissen-hauses-auf-chinas-covid-massenproteste-fordert-eine-staerkere-reaktion-der-usa\/","og_locale":"de_DE","og_type":"article","og_title":"Die ged\u00e4mpfte Reaktion des Wei\u00dfen Hauses auf Chinas COVID-Massenproteste fordert eine st\u00e4rkere Reaktion der USA","og_description":"Die Vereinigten Staaten zielten am 28. November auf Pekings strenge COVID-19-Bordsteine, nachdem am Wochenende landesweit Massenproteste ausgebrochen waren, und sagten, die Politik sei langfristig nicht nachhaltig. Aber einige Republikaner haben die Reaktion des Wei\u00dfen Hauses kritisiert, da sie der Kommunistischen Partei Chinas keine ausreichend starke Botschaft \u00fcbermittelt. \u201e[W]Wir denken, dass es f\u00fcr die Volksrepublik China [&hellip;]","og_url":"https:\/\/now-news.de\/de\/china\/die-gedaempfte-reaktion-des-weissen-hauses-auf-chinas-covid-massenproteste-fordert-eine-staerkere-reaktion-der-usa\/","og_site_name":"just-now.NEWS Deutschland","article_publisher":"https:\/\/www.facebook.com\/wirmachenauf","article_published_time":"2022-11-28T20:35:03+00:00","og_image":[{"width":1200,"height":802,"url":"https:\/\/now-news.de\/de\/wp-content\/uploads\/sites\/3\/2022\/11\/1669668541_Die-gedaempfte-Reaktion-des-Weissen-Hauses-auf-Chinas-COVID-Massenproteste-fordert.jpg","type":"image\/jpeg"}],"author":"epoch","twitter_card":"summary_large_image","twitter_creator":"@WirMachenAuf_de","twitter_site":"@WirMachenAuf_de","twitter_misc":{"Verfasst von":"epoch","Gesch\u00e4tzte Lesezeit":"4\u00a0Minuten"},"schema":{"@context":"https:\/\/schema.org","@graph":[{"@type":"Article","@id":"https:\/\/now-news.de\/de\/china\/die-gedaempfte-reaktion-des-weissen-hauses-auf-chinas-covid-massenproteste-fordert-eine-staerkere-reaktion-der-usa\/#article","isPartOf":{"@id":"https:\/\/now-news.de\/de\/china\/die-gedaempfte-reaktion-des-weissen-hauses-auf-chinas-covid-massenproteste-fordert-eine-staerkere-reaktion-der-usa\/"},"author":{"name":"epoch","@id":"https:\/\/now-news.de\/de\/#\/schema\/person\/c6dfcd35a72a074487761b9d49aef52f"},"headline":"Die ged\u00e4mpfte Reaktion des Wei\u00dfen Hauses auf Chinas COVID-Massenproteste fordert eine st\u00e4rkere Reaktion der USA","datePublished":"2022-11-28T20:35:03+00:00","dateModified":"2022-11-28T20:35:03+00:00","mainEntityOfPage":{"@id":"https:\/\/now-news.de\/de\/china\/die-gedaempfte-reaktion-des-weissen-hauses-auf-chinas-covid-massenproteste-fordert-eine-staerkere-reaktion-der-usa\/"},"wordCount":756,"commentCount":0,"publisher":{"@id":"https:\/\/now-news.de\/de\/#organization"},"image":{"@id":"https:\/\/now-news.de\/de\/china\/die-gedaempfte-reaktion-des-weissen-hauses-auf-chinas-covid-massenproteste-fordert-eine-staerkere-reaktion-der-usa\/#primaryimage"},"thumbnailUrl":"https:\/\/now-news.de\/de\/wp-content\/uploads\/sites\/3\/2022\/11\/1669668541_Die-gedaempfte-Reaktion-des-Weissen-Hauses-auf-Chinas-COVID-Massenproteste-fordert.jpg","keywords":["AUF","Chinas","COVIDMassenproteste","der","des","die","eine","fordert","ged\u00e4mpfte","Hauses","reaktion","st\u00e4rkere","USA","Wei\u00dfen"],"articleSection":["China"],"inLanguage":"de","potentialAction":[{"@type":"CommentAction","name":"Comment","target":["https:\/\/now-news.de\/de\/china\/die-gedaempfte-reaktion-des-weissen-hauses-auf-chinas-covid-massenproteste-fordert-eine-staerkere-reaktion-der-usa\/#respond"]}]},{"@type":"WebPage","@id":"https:\/\/now-news.de\/de\/china\/die-gedaempfte-reaktion-des-weissen-hauses-auf-chinas-covid-massenproteste-fordert-eine-staerkere-reaktion-der-usa\/","url":"https:\/\/now-news.de\/de\/china\/die-gedaempfte-reaktion-des-weissen-hauses-auf-chinas-covid-massenproteste-fordert-eine-staerkere-reaktion-der-usa\/","name":"Die ged\u00e4mpfte Reaktion des Wei\u00dfen Hauses auf Chinas COVID-Massenproteste fordert eine st\u00e4rkere Reaktion der USA - just-now.NEWS Deutschland","isPartOf":{"@id":"https:\/\/now-news.de\/de\/#website"},"primaryImageOfPage":{"@id":"https:\/\/now-news.de\/de\/china\/die-gedaempfte-reaktion-des-weissen-hauses-auf-chinas-covid-massenproteste-fordert-eine-staerkere-reaktion-der-usa\/#primaryimage"},"image":{"@id":"https:\/\/now-news.de\/de\/china\/die-gedaempfte-reaktion-des-weissen-hauses-auf-chinas-covid-massenproteste-fordert-eine-staerkere-reaktion-der-usa\/#primaryimage"},"thumbnailUrl":"https:\/\/now-news.de\/de\/wp-content\/uploads\/sites\/3\/2022\/11\/1669668541_Die-gedaempfte-Reaktion-des-Weissen-Hauses-auf-Chinas-COVID-Massenproteste-fordert.jpg","datePublished":"2022-11-28T20:35:03+00:00","dateModified":"2022-11-28T20:35:03+00:00","breadcrumb":{"@id":"https:\/\/now-news.de\/de\/china\/die-gedaempfte-reaktion-des-weissen-hauses-auf-chinas-covid-massenproteste-fordert-eine-staerkere-reaktion-der-usa\/#breadcrumb"},"inLanguage":"de","potentialAction":[{"@type":"ReadAction","target":["https:\/\/now-news.de\/de\/china\/die-gedaempfte-reaktion-des-weissen-hauses-auf-chinas-covid-massenproteste-fordert-eine-staerkere-reaktion-der-usa\/"]}]},{"@type":"ImageObject","inLanguage":"de","@id":"https:\/\/now-news.de\/de\/china\/die-gedaempfte-reaktion-des-weissen-hauses-auf-chinas-covid-massenproteste-fordert-eine-staerkere-reaktion-der-usa\/#primaryimage","url":"https:\/\/now-news.de\/de\/wp-content\/uploads\/sites\/3\/2022\/11\/1669668541_Die-gedaempfte-Reaktion-des-Weissen-Hauses-auf-Chinas-COVID-Massenproteste-fordert.jpg","contentUrl":"https:\/\/now-news.de\/de\/wp-content\/uploads\/sites\/3\/2022\/11\/1669668541_Die-gedaempfte-Reaktion-des-Weissen-Hauses-auf-Chinas-COVID-Massenproteste-fordert.jpg","width":1200,"height":802},{"@type":"BreadcrumbList","@id":"https:\/\/now-news.de\/de\/china\/die-gedaempfte-reaktion-des-weissen-hauses-auf-chinas-covid-massenproteste-fordert-eine-staerkere-reaktion-der-usa\/#breadcrumb","itemListElement":[{"@type":"ListItem","position":1,"name":"Home","item":"https:\/\/now-news.de\/de\/"},{"@type":"ListItem","position":2,"name":"Die ged\u00e4mpfte Reaktion des Wei\u00dfen Hauses auf Chinas COVID-Massenproteste fordert eine st\u00e4rkere Reaktion der USA"}]},{"@type":"WebSite","@id":"https:\/\/now-news.de\/de\/#website","url":"https:\/\/now-news.de\/de\/","name":"just-now.NEWS Deutschland","description":"Das Portal f\u00fcr unzensierte Nachrichten aus der Welt","publisher":{"@id":"https:\/\/now-news.de\/de\/#organization"},"potentialAction":[{"@type":"SearchAction","target":{"@type":"EntryPoint","urlTemplate":"https:\/\/now-news.de\/de\/?s={search_term_string}"},"query-input":"required name=search_term_string"}],"inLanguage":"de"},{"@type":"Organization","@id":"https:\/\/now-news.de\/de\/#organization","name":"Just Now News","url":"https:\/\/now-news.de\/de\/","logo":{"@type":"ImageObject","inLanguage":"de","@id":"https:\/\/now-news.de\/de\/#\/schema\/logo\/image\/","url":"http:\/\/just-now.news\/de\/wp-content\/uploads\/sites\/3\/2022\/04\/logo500x500.jpg","contentUrl":"http:\/\/just-now.news\/de\/wp-content\/uploads\/sites\/3\/2022\/04\/logo500x500.jpg","width":500,"height":500,"caption":"Just Now News"},"image":{"@id":"https:\/\/now-news.de\/de\/#\/schema\/logo\/image\/"},"sameAs":["https:\/\/www.facebook.com\/wirmachenauf","https:\/\/x.com\/WirMachenAuf_de"]},{"@type":"Person","@id":"https:\/\/now-news.de\/de\/#\/schema\/person\/c6dfcd35a72a074487761b9d49aef52f","name":"epoch","image":{"@type":"ImageObject","inLanguage":"de","@id":"https:\/\/now-news.de\/de\/#\/schema\/person\/image\/","url":"https:\/\/secure.gravatar.com\/avatar\/56933836307948e61ef581cc4d100335?s=96&d=mm&r=g","contentUrl":"https:\/\/secure.gravatar.com\/avatar\/56933836307948e61ef581cc4d100335?s=96&d=mm&r=g","caption":"epoch"},"url":"https:\/\/now-news.de\/de\/author\/epoch\/"}]}},"_links":{"self":[{"href":"https:\/\/now-news.de\/de\/wp-json\/wp\/v2\/posts\/24231"}],"collection":[{"href":"https:\/\/now-news.de\/de\/wp-json\/wp\/v2\/posts"}],"about":[{"href":"https:\/\/now-news.de\/de\/wp-json\/wp\/v2\/types\/post"}],"author":[{"embeddable":true,"href":"https:\/\/now-news.de\/de\/wp-json\/wp\/v2\/users\/6"}],"replies":[{"embeddable":true,"href":"https:\/\/now-news.de\/de\/wp-json\/wp\/v2\/comments?post=24231"}],"version-history":[{"count":0,"href":"https:\/\/now-news.de\/de\/wp-json\/wp\/v2\/posts\/24231\/revisions"}],"wp:featuredmedia":[{"embeddable":true,"href":"https:\/\/now-news.de\/de\/wp-json\/wp\/v2\/media\/24232"}],"wp:attachment":[{"href":"https:\/\/now-news.de\/de\/wp-json\/wp\/v2\/media?parent=24231"}],"wp:term":[{"taxonomy":"category","embeddable":true,"href":"https:\/\/now-news.de\/de\/wp-json\/wp\/v2\/categories?post=24231"},{"taxonomy":"post_tag","embeddable":true,"href":"https:\/\/now-news.de\/de\/wp-json\/wp\/v2\/tags?post=24231"}],"curies":[{"name":"wp","href":"https:\/\/api.w.org\/{rel}","templated":true}]}}