{"id":24229,"date":"2022-11-28T22:33:08","date_gmt":"2022-11-28T20:33:08","guid":{"rendered":"https:\/\/just-now.news\/de\/deutschland\/holodomor-ein-angeblicher-genozid-als-instrument-zum-aushebeln-der-demokratie\/"},"modified":"2022-11-28T22:33:08","modified_gmt":"2022-11-28T20:33:08","slug":"holodomor-ein-angeblicher-genozid-als-instrument-zum-aushebeln-der-demokratie","status":"publish","type":"post","link":"https:\/\/now-news.de\/de\/deutschland\/holodomor-ein-angeblicher-genozid-als-instrument-zum-aushebeln-der-demokratie\/","title":{"rendered":"Holodomor: Ein angeblicher &quot;Genozid&quot; als Instrument zum Aushebeln der Demokratie"},"content":{"rendered":"<p><img decoding=\"async\" src=\"http:\/\/just-now.news\/de\/wp-content\/uploads\/sites\/3\/2022\/11\/63851afc48fbef56830bd2d0.jpg\" \/><\/p>\n<div class=\"Text-root Text-type_1 \">\n                Der Deutsche Bundestag plant die Anerkennung einer Hungersnot in der Sowjetunion vor 90 Jahren als Genozid an Ukrainern. Diese Sichtweise ist sehr umstritten. Jedem, der sich ihr nicht anschlie\u00dft, droht eine Freiheitsstrafe, denn k\u00fcrzlich wurde bereits das Leugnen von V\u00f6lkermord unter versch\u00e4rfte Strafe gestellt.\n            <\/div>\n<p><\/p>\n<div class=\"Text-root Text-type_5 ArticleView-text ViewText-root \">\n<p><em>Von Gert Ewen Ungar<\/em><\/p>\n<p>Die Bundesregierung plant f\u00fcr diese Woche, die Hungersnot in der Sowjetunion in den drei\u00dfiger Jahren des zwanzigsten Jahrhunderts durch den Deutschen Bundestag offiziell als V\u00f6lkermord an der ukrainischen Bev\u00f6lkerung anzuerkennen. Die gr\u00f6\u00dfte Oppositionspartei, die Unionsfraktion von CDU\/CSU schlie\u00dft sich dieser Sicht an. Die Annahme des Antrags steht daher nicht in Frage.<\/p>\n<p>Unter Historikern gilt die Frage, ob es sich bei den damaligen Vorg\u00e4ngen in der Sowjetunion tats\u00e4chlich um einen V\u00f6lkermord handelt, als umstritten. Die Wissenschaftlichen Dienste des Deutschen Bundestages haben in einem <a rel=\"nofollow noopener\" target=\"_blank\" href=\"https:\/\/www.bundestag.de\/resource\/blob\/411750\/6631dd7f4c04c6a13165e33295b62733\/WD-1-065-08-pdf-data.pdf\">Dossier<\/a> bereits 2008 die unterschiedlichen Argumente zu den historischen Vorg\u00e4ngen zusammengetragen. Der Argumentation, die Hungersnot sei gezielt ausgel\u00f6st worden und habe sich angeblich gegen Autonomiebestrebungen der Ukraine gerichtet, sollte daher also direkt und absichtlich &#8220;das ukrainische Volk&#8221; treffen, stehen zahlreiche Fakten gegen\u00fcber, die in andere Deutungen wahrscheinlich machen.<\/p>\n<p>Beispielsweise war diese Hungersnot in der Sowjetunion keineswegs auf die Ukraine begrenzt, sondern traf die gesamte UdSSR, wenn auch in unterschiedlicher H\u00e4rte und besonders stark auch die Ukraine. Ihre Ursache lag in der rigorosen und kurzfristig durchgesetzten zwangsweisen Kollektivierung der Landwirtschaft und einem dadurch verursachten R\u00fcckgang der Produktion landwirtschaftlicher Ertr\u00e4ge. Auch dieses Ph\u00e4nomen war nicht territorial gegrenzt und etwa nur auf die Ukraine gerichtet. Die Ma\u00dfnahme hatte zudem keineswegs bestimmte Ethnien im Fokus, sondern richtete sich gegen wohlhabende Bauern und Grundbesitzer. Folgt man den Recherchen der Wissenschaftlichen Dienste des hiesigen Bundestages, so ist die Qualifizierung als ein Genozid nicht begr\u00fcndet. Die Zweifel daran sind vielmehr erheblich. Die politischen Auswirkungen in der aktuellen Weltlage sind dagegen absehbar umfassend. Russland wird diesen Schritt von deutscher Seite als (eine weitere) Provokation werten \u2013 was er ja faktisch auch ist.<\/p>\n<p>Bisher hat lediglich eine Minderzahl von 16 L\u00e4ndern weltweit diese Hungerstrag\u00f6die in der Ukraine als Genozid anerkannt. Dazu geh\u00f6ren neben dem Vatikan auch die \u00fcblichen, russophoben Verd\u00e4chtigen: Polen, Litauen, Estland und Lettland. In diese Au\u00dfenseiterposition m\u00f6chte die Bundesregierung Deutschland nun einreihen und das deutsch-russische Verh\u00e4ltnis weiter besch\u00e4digen.\u00a0<\/p>\n<p>Aber es geht bei der offiziellen Deklaration als Genozid nicht nur um einen aggressiven Akt gegen\u00fcber Russland. Der Vorgang hat auch innenpolitische Auswirkungen, denn er schr\u00e4nkt hierzulande die Meinungsfreiheit weiter ein.\u00a0 \u00a0<\/p>\n<p><strong>Historiker protestieren<\/strong><\/p>\n<p>Brisanz erh\u00e4lt das Vorhaben vor dem Hintergrund der unl\u00e4ngst erfolgten Versch\u00e4rfung des Paragraphen 130 des Strafgesetzbuchs. Urspr\u00fcnglich stellte dieser Paragraph gezielt jegliche Leugnung des Holocaust unter Strafe. Der Geltungsbereich des Paragraphen wurde verborgen in einer unspektakul\u00e4ren Gesetzesnovellierung ohne parlamentarische\u00a0Debatte kurzerhand inhaltlich ausgeweitet. Er stellt jetzt ganz allgemein die Leugnung von V\u00f6lkermord unter Strafe. Der Paragraph sieht daf\u00fcr eine Freiheitsstrafe von bis zu drei Jahren vor.<\/p>\n<p>Die unter Historikern umstrittene Anerkennung der Geschehnisse in der Ukraine vor 90 Jahren als Genozid ist zusammen mit der Strafrechtsversch\u00e4rfung eine gef\u00e4hrliche Entwicklung. Die herrschende deutsche Politik entfernt sich damit immer weiter vom Geist der Aufkl\u00e4rung, von demokratischen Grundprinzipien und selbst von ihrer eigenen Floskel, wertebasiert zu sein.<\/p>\n<p>Schon vor der Forderung der Anerkennung des Genozids in der Ukraine\u00a0<a rel=\"nofollow noopener\" target=\"_blank\" href=\"https:\/\/www.presseportal.de\/pm\/58964\/5371769\">kritisierten<\/a>\u00a0deutsche Historiker unabh\u00e4ngig davon die erw\u00e4hnte Versch\u00e4rfung des Paragraphen 130. Sie sahen vermutlich diese Entwicklung voraus. Vor dem Hintergrund der Anerkennung der Hungersnot in der Sowjetunion als Genozid an den Ukrainern wird die Problematik dieser Entwicklung nun auch deutlich. Es ist zu bef\u00fcrchten, dass jede weitere Forschung zum Thema schon aus Angst unterbleibt, damit nicht nur gegen vorherrschende offizielle Darstellungen, sondern sogar gegen geltendes Recht zu versto\u00dfen.\u00a0<\/p>\n<p>Das allerdings passt in das Bild einer immer weitergehenden Abkehr deutscher Regierungspolitik von grundlegenden Prinzipien moderner, offener, aufgekl\u00e4rter Gesellschaften. W\u00e4hrend herrschende deutsche Politiker behaupten, Deutschland befinde sich in einem &#8220;Systemkonflikt&#8221; mit &#8220;autorit\u00e4ren Regimen&#8221;, wird die Politik in Deutschland selbst immer autorit\u00e4rer und reaktion\u00e4rer.<\/p>\n<p>Der R\u00fcckfall ins Reaktion\u00e4re nimmt mit der Anerkennung der Hungersnot in der Sowjetunion als Genozid gemeinsam mit der Strafrechtsversch\u00e4rfung in Deutschland weiter an Fahrt auf. Bereits w\u00e4hrend der Corona-Pandemie wurden einschl\u00e4gig qualifizierte Wissenschaftler, die eine abweichende Position vertraten, unter Druck gesetzt, von ihren beruflichen Verpflichtungen entbunden, zum Schweigen gebracht oder einfach rausgeworfen. Allerdings ging dieser Rechtsruck und die Abkehr von grundlegenden Prinzipien freier Wissenschaft in Deutschland mit dem Auslaufen der Corona-Pandemie keinem Ende entgegen. Der reaktion\u00e4re Geist ist aus der Flasche entwichen. Und er kehrt bekanntlich freiwillig nicht dorthin zur\u00fcck.\u00a0<\/p>\n<p>Dieser Ungeist trifft inzwischen all jene, die sich \u00f6ffentlich f\u00fcr Verhandlungen mit Russland einsetzen und Waffenlieferungen in das Kriegsgebiet f\u00fcr kein geeignetes Mittel halten, den geopolitischen Konflikt, der milit\u00e4risch in der Ukraine ausgetragen wird, zu beenden. Man verliert mit dieser v\u00f6llig begr\u00fcndbaren, rationalen und aufgekl\u00e4rten Position in Deutschland seine Reputation, unter Umst\u00e4nden seine Existenz und muss damit rechnen, \u00f6ffentlich und medial an den Pranger gestellt zu werden.\u00a0<\/p>\n<p><strong>Repression auf dem Vormarsch<\/strong><\/p>\n<p>Auch gegen\u00fcber Journalisten und Medien wird in der Bundesrepublik zum gro\u00dfen Rundumschlag ausgeholt. Bankkonten werden ohne Begr\u00fcndung gek\u00fcndigt, Kan\u00e4le auf sozialen Plattformen zensiert oder g\u00e4nzlich gel\u00f6scht, die Gemeinn\u00fctzigkeit wird unabh\u00e4ngigen Organisationen und Vereinigungen kurzerhand aberkannt, es wird also systematisch versucht, unabh\u00e4ngigen Medien und Journalisten die Existenzgrundlage und Verbreitungsm\u00f6glichkeit zu zerst\u00f6ren. Man mag einwenden, die K\u00fcndigung eines Kontos obliege der Bank und habe ja &#8220;mit Politik&#8221; nichts zu tun. Auffallend ist dabei allerdings, dass es immer die kritischen Journalisten mit einer relativ gro\u00dfen Reichweite waren, die von solch einer Ma\u00dfnahme getroffen wurden. Ohne politische Einflussnahme oder vorauseilenden Gehorsam l\u00e4sst sich solche H\u00e4ufung nicht erkl\u00e4ren. Anders l\u00e4sst sich auch nicht die Schwierigkeit erkl\u00e4ren, die solche Journalisten und Medien in der Regel hatten, bei einer anderen Bank ein neues Gesch\u00e4ftskonto zu er\u00f6ffnen.<\/p>\n<p>In diese Entwicklung f\u00fcgt sich die Deklaration eines Genozids an der Ukraine als passender Mosaikstein ein. Es ist ein historisch-wissenschaftlich zwar umstrittener Standpunkt, der in Deutschland nun jedoch per Gesetz in den Stand einer nicht weiter diskussionsf\u00e4higen &#8220;Wahrheit&#8221; erhoben wird.\u00a0<\/p>\n<p>Es braucht keine gro\u00dfen seherischen F\u00e4higkeiten, um vorhersagen zu k\u00f6nnen, dass die Anerkennung als Genozid von einer nochmals gesteigerten antirussischen Kampagne begleitet werden wird, welche diese dann als Genozid anerkannte Hungersnot nutzt, um das Feindbild Russland m\u00f6glichst noch tiefer in der deutschen Gesellschaft zu verankern. Eine offene Diskussion wird nicht m\u00f6glich sein, da jeder, der das Narrativ infrage stellt, jetzt schon mit Strafverfolgung rechnen muss. Es ist in diesem Zusammenhang sogar zu erwarten und zu bef\u00fcrchten, dass notfalls daf\u00fcr Exempel statuiert werden.\u00a0<\/p>\n<p>Es wird wieder dunkel in Deutschland. Es entsteht ein immer umfassenderes Klima der Angst und der Repression. Diskussionen \u00fcber unterschiedliche Sichtweisen werden unm\u00f6glich gemacht. Ein groteskes Beispiel f\u00fcr die Richtigkeit dieser These geben f\u00fchrende deutsche Politiker. Im Habeck-Ministerium f\u00fcr Wirtschaft und Klimaschutz werden langj\u00e4hrige Staatsdiener und Experten, welche sachliche Kritik an Habecks &#8220;Energiepolitik&#8221; \u00e4u\u00dfern, verd\u00e4chtigt, wom\u00f6glich russische Spione zu sein, gefolgt von einer \u00dcberpr\u00fcfung durch den Verfassungsschutz. Auch Katrin G\u00f6ring-Eckardt, Bundestagsabgeordnete von B\u00fcndnis 90\/Die Gr\u00fcnen, h\u00e4lt jeden, der ihr nachweist, dass ihre eigenen \u00f6ffentlich verbreiteten antirussischen Behauptungen durch nichts belegt werden k\u00f6nnen, entweder f\u00fcr Opfer russischer Propaganda oder selbst f\u00fcr einen von Russland bezahlten Einflussagenten. Die Belege f\u00fcr ihre Behauptungen fehlen noch immer und werden durch neue Attacken auf die Fragesteller ersetzt. Das hat mit Demokratie und Diskussionskultur nichts mehr zu tun. Noch nicht einmal mit einfachen Formen von Anstand.<\/p>\n<p>Das Verhalten von G\u00f6ring-Eckardt und Habeck ist nicht nur einfach geistig schlicht, es ist f\u00fcr das Bewahren und Funktionieren einer Demokratie hochproblematisch. Werden Positionen aufgrund ihrer angeblichen Herkunft als zul\u00e4ssige Argumente ausgeschlossen oder einfach verboten, dann ist das Fundament jedes aufgekl\u00e4rten, rationalen Diskurses zerst\u00f6rt. Die heutigen &#8220;Gr\u00fcnen&#8221; sind daf\u00fcr offenbar besonders anf\u00e4llig, aber auch die anderen im Deutschen Bundestag vertretenen Parteien f\u00f6rdern die Abkehr von demokratischen Prinzipien, wie sich in der Breite der Bef\u00fcrworter zeigt, welche die Hungersnot in der Sowjetunion als Genozid an den Ukrainern anerkennen wollen. Dazu z\u00e4hlt neben der Regierungskoalition auch noch die Unionsfraktion von CDU\/CSU.\u00a0\u00a0<\/p>\n<p>Es steht schlecht um Deutschland, schlecht um grundlegende Freiheiten wie Presse- und Meinungsfreiheit. Man muss wohl k\u00fcnftig wieder sehr aufpassen, welche Themen man in welchem Rahmen mit wem bespricht. Politisch motivierte Freiheitsstrafen f\u00fcr eine zwar begr\u00fcndete, aber per Gesetz verbotene Meinung lassen sich k\u00fcnftig nicht mehr ausschlie\u00dfen.<\/p>\n<p><strong>Mehr zum Thema\u00a0\u2013 <\/strong><a rel=\"nofollow noopener\" target=\"_blank\" href=\"https:\/\/test.rtde.me\/inland\/155655-oskar-lafontaine-baerbock-vermutlich-wirklich\/\">Oskar Lafontaine: Baerbock &#8220;vermutlich wirklich so einf\u00e4ltig&#8221; \u2013 Habeck &#8220;komplett \u00fcberfordert&#8221;<\/a><\/p>\n<\/div>\n<p><br \/>\n<br \/><a href=\"https:\/\/de.rt.com\/meinung\/155704-holodomor-angeblicher-genozid-als-instrument-gegen-demokratie-in-deutschland\/\">Source link <\/a><\/p>\n","protected":false},"excerpt":{"rendered":"<p>Der Deutsche Bundestag plant die Anerkennung einer Hungersnot in der Sowjetunion vor 90 Jahren als Genozid an Ukrainern. Diese Sichtweise ist sehr umstritten. Jedem, der sich ihr nicht anschlie\u00dft, droht eine Freiheitsstrafe, denn k\u00fcrzlich wurde bereits das Leugnen von V\u00f6lkermord unter versch\u00e4rfte Strafe gestellt. Von Gert Ewen Ungar Die Bundesregierung plant f\u00fcr diese Woche, die [&hellip;]<\/p>\n","protected":false},"author":3,"featured_media":24230,"comment_status":"open","ping_status":"open","sticky":false,"template":"","format":"standard","meta":{"_yoast_indexnow_last_ping":["1669668300"],"wp_automatic_camp":["217"],"83a908d60b5ad378ff3529d501afc6df":["Holodomor: Ein angeblicher &quot;Genozid&quot; als Instrument zum Aushebeln der Demokratie"],"original_link":["https:\/\/de.rt.com\/meinung\/155704-holodomor-angeblicher-genozid-als-instrument-gegen-demokratie-in-deutschland\/"],"_thumbnail_id":["24230"],"_wptgpro_p2tg_sent2tg":["a:1:{i:23737;s:19:\"2022-11-28 22:46:07\";}"],"jnews_social_counter_last_update":["1777207043"]},"categories":[19,23],"tags":[273,6471,36638,2570,82,357,36636,2956,36637,565],"yoast_head":"<!-- This site is optimized with the Yoast SEO Premium plugin v22.7 (Yoast SEO v22.7) - https:\/\/yoast.com\/wordpress\/plugins\/seo\/ -->\n<title>Holodomor: Ein angeblicher &quot;Genozid&quot; als Instrument zum Aushebeln der Demokratie - just-now.NEWS Deutschland<\/title>\n<meta name=\"robots\" content=\"index, follow, max-snippet:-1, max-image-preview:large, max-video-preview:-1\" \/>\n<link rel=\"canonical\" href=\"https:\/\/now-news.de\/de\/deutschland\/holodomor-ein-angeblicher-genozid-als-instrument-zum-aushebeln-der-demokratie\/\" \/>\n<meta property=\"og:locale\" content=\"de_DE\" \/>\n<meta property=\"og:type\" content=\"article\" \/>\n<meta property=\"og:title\" content=\"Holodomor: Ein angeblicher &quot;Genozid&quot; als Instrument zum Aushebeln der Demokratie\" \/>\n<meta property=\"og:description\" content=\"Der Deutsche Bundestag plant die Anerkennung einer Hungersnot in der Sowjetunion vor 90 Jahren als Genozid an Ukrainern. Diese Sichtweise ist sehr umstritten. Jedem, der sich ihr nicht anschlie\u00dft, droht eine Freiheitsstrafe, denn k\u00fcrzlich wurde bereits das Leugnen von V\u00f6lkermord unter versch\u00e4rfte Strafe gestellt. Von Gert Ewen Ungar Die Bundesregierung plant f\u00fcr diese Woche, die [&hellip;]\" \/>\n<meta property=\"og:url\" content=\"https:\/\/now-news.de\/de\/deutschland\/holodomor-ein-angeblicher-genozid-als-instrument-zum-aushebeln-der-demokratie\/\" \/>\n<meta property=\"og:site_name\" content=\"just-now.NEWS Deutschland\" \/>\n<meta property=\"article:publisher\" content=\"https:\/\/www.facebook.com\/wirmachenauf\" \/>\n<meta property=\"article:published_time\" content=\"2022-11-28T20:33:08+00:00\" \/>\n<meta property=\"og:image\" content=\"https:\/\/now-news.de\/de\/wp-content\/uploads\/sites\/3\/2022\/11\/Holodomor-Ein-angeblicher-quotGenozidquot-als-Instrument-zum-Aushebeln-der-Demokratie.jpg\" \/>\n\t<meta property=\"og:image:width\" content=\"460\" \/>\n\t<meta property=\"og:image:height\" content=\"259\" \/>\n\t<meta property=\"og:image:type\" content=\"image\/jpeg\" \/>\n<meta name=\"author\" content=\"rtnews\" \/>\n<meta name=\"twitter:card\" content=\"summary_large_image\" \/>\n<meta name=\"twitter:creator\" content=\"@WirMachenAuf_de\" \/>\n<meta name=\"twitter:site\" content=\"@WirMachenAuf_de\" \/>\n<meta name=\"twitter:label1\" content=\"Verfasst von\" \/>\n\t<meta name=\"twitter:data1\" content=\"rtnews\" \/>\n\t<meta name=\"twitter:label2\" content=\"Gesch\u00e4tzte Lesezeit\" \/>\n\t<meta name=\"twitter:data2\" content=\"7\u00a0Minuten\" \/>\n<script type=\"application\/ld+json\" class=\"yoast-schema-graph\">{\"@context\":\"https:\/\/schema.org\",\"@graph\":[{\"@type\":\"Article\",\"@id\":\"https:\/\/now-news.de\/de\/deutschland\/holodomor-ein-angeblicher-genozid-als-instrument-zum-aushebeln-der-demokratie\/#article\",\"isPartOf\":{\"@id\":\"https:\/\/now-news.de\/de\/deutschland\/holodomor-ein-angeblicher-genozid-als-instrument-zum-aushebeln-der-demokratie\/\"},\"author\":{\"name\":\"rtnews\",\"@id\":\"https:\/\/now-news.de\/de\/#\/schema\/person\/fb534a4e865501d8b3285208df34a9b5\"},\"headline\":\"Holodomor: Ein angeblicher &quot;Genozid&quot; als Instrument zum Aushebeln der Demokratie\",\"datePublished\":\"2022-11-28T20:33:08+00:00\",\"dateModified\":\"2022-11-28T20:33:08+00:00\",\"mainEntityOfPage\":{\"@id\":\"https:\/\/now-news.de\/de\/deutschland\/holodomor-ein-angeblicher-genozid-als-instrument-zum-aushebeln-der-demokratie\/\"},\"wordCount\":1482,\"commentCount\":0,\"publisher\":{\"@id\":\"https:\/\/now-news.de\/de\/#organization\"},\"image\":{\"@id\":\"https:\/\/now-news.de\/de\/deutschland\/holodomor-ein-angeblicher-genozid-als-instrument-zum-aushebeln-der-demokratie\/#primaryimage\"},\"thumbnailUrl\":\"https:\/\/now-news.de\/de\/wp-content\/uploads\/sites\/3\/2022\/11\/Holodomor-Ein-angeblicher-quotGenozidquot-als-Instrument-zum-Aushebeln-der-Demokratie.jpg\",\"keywords\":[\"als\",\"angeblicher\",\"Aushebeln\",\"Demokratie\",\"der\",\"ein\",\"Holodomor\",\"Instrument\",\"quotGenozidquot\",\"zum\"],\"articleSection\":[\"Deutschland\",\"Russland\"],\"inLanguage\":\"de\",\"potentialAction\":[{\"@type\":\"CommentAction\",\"name\":\"Comment\",\"target\":[\"https:\/\/now-news.de\/de\/deutschland\/holodomor-ein-angeblicher-genozid-als-instrument-zum-aushebeln-der-demokratie\/#respond\"]}]},{\"@type\":\"WebPage\",\"@id\":\"https:\/\/now-news.de\/de\/deutschland\/holodomor-ein-angeblicher-genozid-als-instrument-zum-aushebeln-der-demokratie\/\",\"url\":\"https:\/\/now-news.de\/de\/deutschland\/holodomor-ein-angeblicher-genozid-als-instrument-zum-aushebeln-der-demokratie\/\",\"name\":\"Holodomor: Ein angeblicher &quot;Genozid&quot; als Instrument zum Aushebeln der Demokratie - just-now.NEWS Deutschland\",\"isPartOf\":{\"@id\":\"https:\/\/now-news.de\/de\/#website\"},\"primaryImageOfPage\":{\"@id\":\"https:\/\/now-news.de\/de\/deutschland\/holodomor-ein-angeblicher-genozid-als-instrument-zum-aushebeln-der-demokratie\/#primaryimage\"},\"image\":{\"@id\":\"https:\/\/now-news.de\/de\/deutschland\/holodomor-ein-angeblicher-genozid-als-instrument-zum-aushebeln-der-demokratie\/#primaryimage\"},\"thumbnailUrl\":\"https:\/\/now-news.de\/de\/wp-content\/uploads\/sites\/3\/2022\/11\/Holodomor-Ein-angeblicher-quotGenozidquot-als-Instrument-zum-Aushebeln-der-Demokratie.jpg\",\"datePublished\":\"2022-11-28T20:33:08+00:00\",\"dateModified\":\"2022-11-28T20:33:08+00:00\",\"breadcrumb\":{\"@id\":\"https:\/\/now-news.de\/de\/deutschland\/holodomor-ein-angeblicher-genozid-als-instrument-zum-aushebeln-der-demokratie\/#breadcrumb\"},\"inLanguage\":\"de\",\"potentialAction\":[{\"@type\":\"ReadAction\",\"target\":[\"https:\/\/now-news.de\/de\/deutschland\/holodomor-ein-angeblicher-genozid-als-instrument-zum-aushebeln-der-demokratie\/\"]}]},{\"@type\":\"ImageObject\",\"inLanguage\":\"de\",\"@id\":\"https:\/\/now-news.de\/de\/deutschland\/holodomor-ein-angeblicher-genozid-als-instrument-zum-aushebeln-der-demokratie\/#primaryimage\",\"url\":\"https:\/\/now-news.de\/de\/wp-content\/uploads\/sites\/3\/2022\/11\/Holodomor-Ein-angeblicher-quotGenozidquot-als-Instrument-zum-Aushebeln-der-Demokratie.jpg\",\"contentUrl\":\"https:\/\/now-news.de\/de\/wp-content\/uploads\/sites\/3\/2022\/11\/Holodomor-Ein-angeblicher-quotGenozidquot-als-Instrument-zum-Aushebeln-der-Demokratie.jpg\",\"width\":460,\"height\":259,\"caption\":\"Holodomor: Ein angeblicher &quot;Genozid&quot; als Instrument zum Aushebeln der Demokratie\"},{\"@type\":\"BreadcrumbList\",\"@id\":\"https:\/\/now-news.de\/de\/deutschland\/holodomor-ein-angeblicher-genozid-als-instrument-zum-aushebeln-der-demokratie\/#breadcrumb\",\"itemListElement\":[{\"@type\":\"ListItem\",\"position\":1,\"name\":\"Home\",\"item\":\"https:\/\/now-news.de\/de\/\"},{\"@type\":\"ListItem\",\"position\":2,\"name\":\"Holodomor: Ein angeblicher &quot;Genozid&quot; als Instrument zum Aushebeln der Demokratie\"}]},{\"@type\":\"WebSite\",\"@id\":\"https:\/\/now-news.de\/de\/#website\",\"url\":\"https:\/\/now-news.de\/de\/\",\"name\":\"just-now.NEWS Deutschland\",\"description\":\"Das Portal f\u00fcr unzensierte Nachrichten aus der Welt\",\"publisher\":{\"@id\":\"https:\/\/now-news.de\/de\/#organization\"},\"potentialAction\":[{\"@type\":\"SearchAction\",\"target\":{\"@type\":\"EntryPoint\",\"urlTemplate\":\"https:\/\/now-news.de\/de\/?s={search_term_string}\"},\"query-input\":\"required name=search_term_string\"}],\"inLanguage\":\"de\"},{\"@type\":\"Organization\",\"@id\":\"https:\/\/now-news.de\/de\/#organization\",\"name\":\"Just Now News\",\"url\":\"https:\/\/now-news.de\/de\/\",\"logo\":{\"@type\":\"ImageObject\",\"inLanguage\":\"de\",\"@id\":\"https:\/\/now-news.de\/de\/#\/schema\/logo\/image\/\",\"url\":\"http:\/\/just-now.news\/de\/wp-content\/uploads\/sites\/3\/2022\/04\/logo500x500.jpg\",\"contentUrl\":\"http:\/\/just-now.news\/de\/wp-content\/uploads\/sites\/3\/2022\/04\/logo500x500.jpg\",\"width\":500,\"height\":500,\"caption\":\"Just Now News\"},\"image\":{\"@id\":\"https:\/\/now-news.de\/de\/#\/schema\/logo\/image\/\"},\"sameAs\":[\"https:\/\/www.facebook.com\/wirmachenauf\",\"https:\/\/x.com\/WirMachenAuf_de\"]},{\"@type\":\"Person\",\"@id\":\"https:\/\/now-news.de\/de\/#\/schema\/person\/fb534a4e865501d8b3285208df34a9b5\",\"name\":\"rtnews\",\"image\":{\"@type\":\"ImageObject\",\"inLanguage\":\"de\",\"@id\":\"https:\/\/now-news.de\/de\/#\/schema\/person\/image\/\",\"url\":\"https:\/\/secure.gravatar.com\/avatar\/82aafea7d8127119dd649515f56e2117?s=96&d=mm&r=g\",\"contentUrl\":\"https:\/\/secure.gravatar.com\/avatar\/82aafea7d8127119dd649515f56e2117?s=96&d=mm&r=g\",\"caption\":\"rtnews\"},\"url\":\"https:\/\/now-news.de\/de\/author\/rnews\/\"}]}<\/script>\n<!-- \/ Yoast SEO Premium plugin. -->","yoast_head_json":{"title":"Holodomor: Ein angeblicher &quot;Genozid&quot; als Instrument zum Aushebeln der Demokratie - just-now.NEWS Deutschland","robots":{"index":"index","follow":"follow","max-snippet":"max-snippet:-1","max-image-preview":"max-image-preview:large","max-video-preview":"max-video-preview:-1"},"canonical":"https:\/\/now-news.de\/de\/deutschland\/holodomor-ein-angeblicher-genozid-als-instrument-zum-aushebeln-der-demokratie\/","og_locale":"de_DE","og_type":"article","og_title":"Holodomor: Ein angeblicher &quot;Genozid&quot; als Instrument zum Aushebeln der Demokratie","og_description":"Der Deutsche Bundestag plant die Anerkennung einer Hungersnot in der Sowjetunion vor 90 Jahren als Genozid an Ukrainern. Diese Sichtweise ist sehr umstritten. Jedem, der sich ihr nicht anschlie\u00dft, droht eine Freiheitsstrafe, denn k\u00fcrzlich wurde bereits das Leugnen von V\u00f6lkermord unter versch\u00e4rfte Strafe gestellt. Von Gert Ewen Ungar Die Bundesregierung plant f\u00fcr diese Woche, die [&hellip;]","og_url":"https:\/\/now-news.de\/de\/deutschland\/holodomor-ein-angeblicher-genozid-als-instrument-zum-aushebeln-der-demokratie\/","og_site_name":"just-now.NEWS Deutschland","article_publisher":"https:\/\/www.facebook.com\/wirmachenauf","article_published_time":"2022-11-28T20:33:08+00:00","og_image":[{"width":460,"height":259,"url":"https:\/\/now-news.de\/de\/wp-content\/uploads\/sites\/3\/2022\/11\/Holodomor-Ein-angeblicher-quotGenozidquot-als-Instrument-zum-Aushebeln-der-Demokratie.jpg","type":"image\/jpeg"}],"author":"rtnews","twitter_card":"summary_large_image","twitter_creator":"@WirMachenAuf_de","twitter_site":"@WirMachenAuf_de","twitter_misc":{"Verfasst von":"rtnews","Gesch\u00e4tzte Lesezeit":"7\u00a0Minuten"},"schema":{"@context":"https:\/\/schema.org","@graph":[{"@type":"Article","@id":"https:\/\/now-news.de\/de\/deutschland\/holodomor-ein-angeblicher-genozid-als-instrument-zum-aushebeln-der-demokratie\/#article","isPartOf":{"@id":"https:\/\/now-news.de\/de\/deutschland\/holodomor-ein-angeblicher-genozid-als-instrument-zum-aushebeln-der-demokratie\/"},"author":{"name":"rtnews","@id":"https:\/\/now-news.de\/de\/#\/schema\/person\/fb534a4e865501d8b3285208df34a9b5"},"headline":"Holodomor: Ein angeblicher &quot;Genozid&quot; als Instrument zum Aushebeln der Demokratie","datePublished":"2022-11-28T20:33:08+00:00","dateModified":"2022-11-28T20:33:08+00:00","mainEntityOfPage":{"@id":"https:\/\/now-news.de\/de\/deutschland\/holodomor-ein-angeblicher-genozid-als-instrument-zum-aushebeln-der-demokratie\/"},"wordCount":1482,"commentCount":0,"publisher":{"@id":"https:\/\/now-news.de\/de\/#organization"},"image":{"@id":"https:\/\/now-news.de\/de\/deutschland\/holodomor-ein-angeblicher-genozid-als-instrument-zum-aushebeln-der-demokratie\/#primaryimage"},"thumbnailUrl":"https:\/\/now-news.de\/de\/wp-content\/uploads\/sites\/3\/2022\/11\/Holodomor-Ein-angeblicher-quotGenozidquot-als-Instrument-zum-Aushebeln-der-Demokratie.jpg","keywords":["als","angeblicher","Aushebeln","Demokratie","der","ein","Holodomor","Instrument","quotGenozidquot","zum"],"articleSection":["Deutschland","Russland"],"inLanguage":"de","potentialAction":[{"@type":"CommentAction","name":"Comment","target":["https:\/\/now-news.de\/de\/deutschland\/holodomor-ein-angeblicher-genozid-als-instrument-zum-aushebeln-der-demokratie\/#respond"]}]},{"@type":"WebPage","@id":"https:\/\/now-news.de\/de\/deutschland\/holodomor-ein-angeblicher-genozid-als-instrument-zum-aushebeln-der-demokratie\/","url":"https:\/\/now-news.de\/de\/deutschland\/holodomor-ein-angeblicher-genozid-als-instrument-zum-aushebeln-der-demokratie\/","name":"Holodomor: Ein angeblicher &quot;Genozid&quot; als Instrument zum Aushebeln der Demokratie - just-now.NEWS Deutschland","isPartOf":{"@id":"https:\/\/now-news.de\/de\/#website"},"primaryImageOfPage":{"@id":"https:\/\/now-news.de\/de\/deutschland\/holodomor-ein-angeblicher-genozid-als-instrument-zum-aushebeln-der-demokratie\/#primaryimage"},"image":{"@id":"https:\/\/now-news.de\/de\/deutschland\/holodomor-ein-angeblicher-genozid-als-instrument-zum-aushebeln-der-demokratie\/#primaryimage"},"thumbnailUrl":"https:\/\/now-news.de\/de\/wp-content\/uploads\/sites\/3\/2022\/11\/Holodomor-Ein-angeblicher-quotGenozidquot-als-Instrument-zum-Aushebeln-der-Demokratie.jpg","datePublished":"2022-11-28T20:33:08+00:00","dateModified":"2022-11-28T20:33:08+00:00","breadcrumb":{"@id":"https:\/\/now-news.de\/de\/deutschland\/holodomor-ein-angeblicher-genozid-als-instrument-zum-aushebeln-der-demokratie\/#breadcrumb"},"inLanguage":"de","potentialAction":[{"@type":"ReadAction","target":["https:\/\/now-news.de\/de\/deutschland\/holodomor-ein-angeblicher-genozid-als-instrument-zum-aushebeln-der-demokratie\/"]}]},{"@type":"ImageObject","inLanguage":"de","@id":"https:\/\/now-news.de\/de\/deutschland\/holodomor-ein-angeblicher-genozid-als-instrument-zum-aushebeln-der-demokratie\/#primaryimage","url":"https:\/\/now-news.de\/de\/wp-content\/uploads\/sites\/3\/2022\/11\/Holodomor-Ein-angeblicher-quotGenozidquot-als-Instrument-zum-Aushebeln-der-Demokratie.jpg","contentUrl":"https:\/\/now-news.de\/de\/wp-content\/uploads\/sites\/3\/2022\/11\/Holodomor-Ein-angeblicher-quotGenozidquot-als-Instrument-zum-Aushebeln-der-Demokratie.jpg","width":460,"height":259,"caption":"Holodomor: Ein angeblicher &quot;Genozid&quot; als Instrument zum Aushebeln der Demokratie"},{"@type":"BreadcrumbList","@id":"https:\/\/now-news.de\/de\/deutschland\/holodomor-ein-angeblicher-genozid-als-instrument-zum-aushebeln-der-demokratie\/#breadcrumb","itemListElement":[{"@type":"ListItem","position":1,"name":"Home","item":"https:\/\/now-news.de\/de\/"},{"@type":"ListItem","position":2,"name":"Holodomor: Ein angeblicher &quot;Genozid&quot; als Instrument zum Aushebeln der Demokratie"}]},{"@type":"WebSite","@id":"https:\/\/now-news.de\/de\/#website","url":"https:\/\/now-news.de\/de\/","name":"just-now.NEWS Deutschland","description":"Das Portal f\u00fcr unzensierte Nachrichten aus der Welt","publisher":{"@id":"https:\/\/now-news.de\/de\/#organization"},"potentialAction":[{"@type":"SearchAction","target":{"@type":"EntryPoint","urlTemplate":"https:\/\/now-news.de\/de\/?s={search_term_string}"},"query-input":"required name=search_term_string"}],"inLanguage":"de"},{"@type":"Organization","@id":"https:\/\/now-news.de\/de\/#organization","name":"Just Now News","url":"https:\/\/now-news.de\/de\/","logo":{"@type":"ImageObject","inLanguage":"de","@id":"https:\/\/now-news.de\/de\/#\/schema\/logo\/image\/","url":"http:\/\/just-now.news\/de\/wp-content\/uploads\/sites\/3\/2022\/04\/logo500x500.jpg","contentUrl":"http:\/\/just-now.news\/de\/wp-content\/uploads\/sites\/3\/2022\/04\/logo500x500.jpg","width":500,"height":500,"caption":"Just Now News"},"image":{"@id":"https:\/\/now-news.de\/de\/#\/schema\/logo\/image\/"},"sameAs":["https:\/\/www.facebook.com\/wirmachenauf","https:\/\/x.com\/WirMachenAuf_de"]},{"@type":"Person","@id":"https:\/\/now-news.de\/de\/#\/schema\/person\/fb534a4e865501d8b3285208df34a9b5","name":"rtnews","image":{"@type":"ImageObject","inLanguage":"de","@id":"https:\/\/now-news.de\/de\/#\/schema\/person\/image\/","url":"https:\/\/secure.gravatar.com\/avatar\/82aafea7d8127119dd649515f56e2117?s=96&d=mm&r=g","contentUrl":"https:\/\/secure.gravatar.com\/avatar\/82aafea7d8127119dd649515f56e2117?s=96&d=mm&r=g","caption":"rtnews"},"url":"https:\/\/now-news.de\/de\/author\/rnews\/"}]}},"_links":{"self":[{"href":"https:\/\/now-news.de\/de\/wp-json\/wp\/v2\/posts\/24229"}],"collection":[{"href":"https:\/\/now-news.de\/de\/wp-json\/wp\/v2\/posts"}],"about":[{"href":"https:\/\/now-news.de\/de\/wp-json\/wp\/v2\/types\/post"}],"author":[{"embeddable":true,"href":"https:\/\/now-news.de\/de\/wp-json\/wp\/v2\/users\/3"}],"replies":[{"embeddable":true,"href":"https:\/\/now-news.de\/de\/wp-json\/wp\/v2\/comments?post=24229"}],"version-history":[{"count":0,"href":"https:\/\/now-news.de\/de\/wp-json\/wp\/v2\/posts\/24229\/revisions"}],"wp:featuredmedia":[{"embeddable":true,"href":"https:\/\/now-news.de\/de\/wp-json\/wp\/v2\/media\/24230"}],"wp:attachment":[{"href":"https:\/\/now-news.de\/de\/wp-json\/wp\/v2\/media?parent=24229"}],"wp:term":[{"taxonomy":"category","embeddable":true,"href":"https:\/\/now-news.de\/de\/wp-json\/wp\/v2\/categories?post=24229"},{"taxonomy":"post_tag","embeddable":true,"href":"https:\/\/now-news.de\/de\/wp-json\/wp\/v2\/tags?post=24229"}],"curies":[{"name":"wp","href":"https:\/\/api.w.org\/{rel}","templated":true}]}}