{"id":24225,"date":"2022-11-28T21:31:29","date_gmt":"2022-11-28T19:31:29","guid":{"rendered":"https:\/\/just-now.news\/de\/deutschland\/oberst-reisner-bekennt-im-zdf-wir-haben-russland-unterschaetzt\/"},"modified":"2022-11-28T21:31:29","modified_gmt":"2022-11-28T19:31:29","slug":"oberst-reisner-bekennt-im-zdf-wir-haben-russland-unterschaetzt","status":"publish","type":"post","link":"https:\/\/now-news.de\/de\/deutschland\/oberst-reisner-bekennt-im-zdf-wir-haben-russland-unterschaetzt\/","title":{"rendered":"Oberst Reisner bekennt im ZDF: &quot;Wir haben Russland untersch\u00e4tzt&quot;"},"content":{"rendered":"<p><img decoding=\"async\" src=\"http:\/\/just-now.news\/de\/wp-content\/uploads\/sites\/3\/2022\/11\/6384e373b480cc097073b3b3.jpg\" \/><\/p>\n<div class=\"Text-root Text-type_1 \">\n                Oberst Dr. Markus Reisner vom \u00d6sterreichischen Bundesheer sieht Russland als jene Seite im milit\u00e4rischen Konflikt, die jederzeit souver\u00e4n die Kampfhandlungen dominieren kann. Einzelne Erfolge der Ukraine w\u00fcrden daran nichts \u00e4ndern. &#8220;Die Ukrainer sitzen zwar in Cherson, aber im Dunkeln.&#8221;\n            <\/div>\n<p><\/p>\n<div class=\"Text-root Text-type_5 ArticleView-text ViewText-root \">\n<p>In einem <a rel=\"nofollow noopener\" target=\"_blank\" href=\"https:\/\/www.zdf.de\/nachrichten\/politik\/flugabwehr-infrastruktur-reisner-ukraine-krieg-russland-100.html\">Interview<\/a> mit dem <em>ZDF<\/em> bekennt mittlerweile selbst Oberst Dr. Markus Reisner von der Theresianischen Milit\u00e4rakademie des \u00d6sterreichischen Bundesheeres, dass man im Westen (und er selbst in seinen regelm\u00e4\u00dfigen YouTube-Analysen) die milit\u00e4rischen F\u00e4higkeiten Russlands lange untersch\u00e4tzt habe.\u00a0<\/p>\n<p>Russland sei immer noch in der Lage, die Kontrolle \u00fcber die milit\u00e4rische Entwicklung zu behalten und k\u00f6nne auch nach neun Monaten milit\u00e4rischer Konfrontation noch immer nach Belieben jeden Punkt in der Ukraine angreifen.<\/p>\n<p>Es habe zwar einzelne milit\u00e4rische Erfolge der Ukraine gegeben. Diese w\u00fcrden aber mit den Angriffen Russlands auf ukrainische Infrastruktur neutralisiert. &#8220;Die Ukrainer sitzen zwar in Cherson, aber im Dunkeln&#8221;, wird Reisner vom <em>ZDF<\/em> zitiert.<\/p>\n<p>Gleichzeitig seien die europ\u00e4ischen Vorr\u00e4te an Waffen weitgehend ersch\u00f6pft, w\u00e4hrend Russland deutlich besser vorbereitet sei. Reisner hebt hervor, dass die schiere Gr\u00f6\u00dfe der Ukraine ein Problem f\u00fcr die Verteidigung darstelle. Russland sei es zu Beginn des Konflikts gelungen, ein Drittel der ukrainischen Flugabwehr auszuschalten. Die Lieferungen aus dem Westen konnten das bisher nicht kompensieren. Das Land sei zu gro\u00df, um die gesamte systemrelevante Infrastruktur effektiv sch\u00fctzen zu k\u00f6nnen. Es gebe zu viele Objekte, die es zu sch\u00fctzen gelte. Um der Ukraine die notwendige Ausr\u00fcstung liefern zu k\u00f6nnen, m\u00fcssten die entsprechenden Kapazit\u00e4ten erst aufgebaut werden.\u00a0<\/p>\n<p>Skeptisch sieht der Oberst auch die Berichte des britischen Geheimdienstes, der immer wieder von angeblichen gro\u00dfen Schw\u00e4chen der russischen Seite berichtet. Bereits seit Beginn der Spezialoperation h\u00f6re man von dort immer wieder, dass Russland Schwierigkeiten habe, sagt Reisner. Aber faktisch habe Russland dar\u00fcber die volle Souver\u00e4nit\u00e4t zu entscheiden, wann es wo angreift. Diese Berichte seien daher eher dem medialen Krieg im Informationsraum zuzuschreiben.\u00a0<\/p>\n<p>Implizit bedeuten die j\u00fcngsten \u00c4u\u00dferungen von Reisner auch, dass die Pl\u00e4ne, \u00fcber das Sanktionsregime den Verlauf der Kampfhandlungen beeinflussen zu k\u00f6nnen, letztlich gescheitert sind.<\/p>\n<p><strong>Mehr zum Thema\u00a0<\/strong>\u2013 <a rel=\"nofollow noopener\" target=\"_blank\" href=\"https:\/\/test.rtde.me\/europa\/155527-ueberlastete-defekte-us-haubitzen-werden\/\">\u00dcberlastete, defekte US-Haubitzen werden f\u00fcr das Pentagon und die ukrainische Armee zum Problem<\/a><\/p>\n<\/div>\n<p><br \/>\n<br \/><a href=\"https:\/\/de.rt.com\/europa\/155720-oberst-reisner-anerkennt-im-zdf-russlands-dominanz-im-ukraine-konflikt\/\">Source link <\/a><\/p>\n","protected":false},"excerpt":{"rendered":"<p>Oberst Dr. Markus Reisner vom \u00d6sterreichischen Bundesheer sieht Russland als jene Seite im milit\u00e4rischen Konflikt, die jederzeit souver\u00e4n die Kampfhandlungen dominieren kann. Einzelne Erfolge der Ukraine w\u00fcrden daran nichts \u00e4ndern. &#8220;Die Ukrainer sitzen zwar in Cherson, aber im Dunkeln.&#8221; In einem Interview mit dem ZDF bekennt mittlerweile selbst Oberst Dr. Markus Reisner von der Theresianischen [&hellip;]<\/p>\n","protected":false},"author":3,"featured_media":24226,"comment_status":"open","ping_status":"open","sticky":false,"template":"","format":"standard","meta":{"_yoast_indexnow_last_ping":["1669664458"],"wp_automatic_camp":["217"],"a1b28ecca42fcfab64fdc8348b10c0c8":["Oberst Reisner bekennt im ZDF: &quot;Wir haben Russland untersch\u00e4tzt&quot;"],"original_link":["https:\/\/de.rt.com\/europa\/155720-oberst-reisner-anerkennt-im-zdf-russlands-dominanz-im-ukraine-konflikt\/"],"_thumbnail_id":["24226"],"_wptgpro_p2tg_sent2tg":["a:1:{i:23737;s:19:\"2022-11-28 21:42:01\";}"],"jnews_social_counter_last_update":["1777171367"]},"categories":[19,23],"tags":[19106,771,28090,5451,36631,126,36632,3812],"yoast_head":"<!-- This site is optimized with the Yoast SEO Premium plugin v22.7 (Yoast SEO v22.7) - https:\/\/yoast.com\/wordpress\/plugins\/seo\/ -->\n<title>Oberst Reisner bekennt im ZDF: &quot;Wir haben Russland untersch\u00e4tzt&quot; - just-now.NEWS Deutschland<\/title>\n<meta name=\"robots\" content=\"index, follow, max-snippet:-1, max-image-preview:large, max-video-preview:-1\" \/>\n<link rel=\"canonical\" href=\"https:\/\/now-news.de\/de\/deutschland\/oberst-reisner-bekennt-im-zdf-wir-haben-russland-unterschaetzt\/\" \/>\n<meta property=\"og:locale\" content=\"de_DE\" \/>\n<meta property=\"og:type\" content=\"article\" \/>\n<meta property=\"og:title\" content=\"Oberst Reisner bekennt im ZDF: &quot;Wir haben Russland untersch\u00e4tzt&quot;\" \/>\n<meta property=\"og:description\" content=\"Oberst Dr. Markus Reisner vom \u00d6sterreichischen Bundesheer sieht Russland als jene Seite im milit\u00e4rischen Konflikt, die jederzeit souver\u00e4n die Kampfhandlungen dominieren kann. Einzelne Erfolge der Ukraine w\u00fcrden daran nichts \u00e4ndern. &#8220;Die Ukrainer sitzen zwar in Cherson, aber im Dunkeln.&#8221; In einem Interview mit dem ZDF bekennt mittlerweile selbst Oberst Dr. Markus Reisner von der Theresianischen [&hellip;]\" \/>\n<meta property=\"og:url\" content=\"https:\/\/now-news.de\/de\/deutschland\/oberst-reisner-bekennt-im-zdf-wir-haben-russland-unterschaetzt\/\" \/>\n<meta property=\"og:site_name\" content=\"just-now.NEWS Deutschland\" \/>\n<meta property=\"article:publisher\" content=\"https:\/\/www.facebook.com\/wirmachenauf\" \/>\n<meta property=\"article:published_time\" content=\"2022-11-28T19:31:29+00:00\" \/>\n<meta property=\"og:image\" content=\"https:\/\/now-news.de\/de\/wp-content\/uploads\/sites\/3\/2022\/11\/Oberst-Reisner-bekennt-im-ZDF-quotWir-haben-Russland-unterschaetztquot.jpg\" \/>\n\t<meta property=\"og:image:width\" content=\"460\" \/>\n\t<meta property=\"og:image:height\" content=\"259\" \/>\n\t<meta property=\"og:image:type\" content=\"image\/jpeg\" \/>\n<meta name=\"author\" content=\"rtnews\" \/>\n<meta name=\"twitter:card\" content=\"summary_large_image\" \/>\n<meta name=\"twitter:creator\" content=\"@WirMachenAuf_de\" \/>\n<meta name=\"twitter:site\" content=\"@WirMachenAuf_de\" \/>\n<meta name=\"twitter:label1\" content=\"Verfasst von\" \/>\n\t<meta name=\"twitter:data1\" content=\"rtnews\" \/>\n\t<meta name=\"twitter:label2\" content=\"Gesch\u00e4tzte Lesezeit\" \/>\n\t<meta name=\"twitter:data2\" content=\"2\u00a0Minuten\" \/>\n<script type=\"application\/ld+json\" class=\"yoast-schema-graph\">{\"@context\":\"https:\/\/schema.org\",\"@graph\":[{\"@type\":\"Article\",\"@id\":\"https:\/\/now-news.de\/de\/deutschland\/oberst-reisner-bekennt-im-zdf-wir-haben-russland-unterschaetzt\/#article\",\"isPartOf\":{\"@id\":\"https:\/\/now-news.de\/de\/deutschland\/oberst-reisner-bekennt-im-zdf-wir-haben-russland-unterschaetzt\/\"},\"author\":{\"name\":\"rtnews\",\"@id\":\"https:\/\/now-news.de\/de\/#\/schema\/person\/fb534a4e865501d8b3285208df34a9b5\"},\"headline\":\"Oberst Reisner bekennt im ZDF: &quot;Wir haben Russland untersch\u00e4tzt&quot;\",\"datePublished\":\"2022-11-28T19:31:29+00:00\",\"dateModified\":\"2022-11-28T19:31:29+00:00\",\"mainEntityOfPage\":{\"@id\":\"https:\/\/now-news.de\/de\/deutschland\/oberst-reisner-bekennt-im-zdf-wir-haben-russland-unterschaetzt\/\"},\"wordCount\":393,\"commentCount\":0,\"publisher\":{\"@id\":\"https:\/\/now-news.de\/de\/#organization\"},\"image\":{\"@id\":\"https:\/\/now-news.de\/de\/deutschland\/oberst-reisner-bekennt-im-zdf-wir-haben-russland-unterschaetzt\/#primaryimage\"},\"thumbnailUrl\":\"https:\/\/now-news.de\/de\/wp-content\/uploads\/sites\/3\/2022\/11\/Oberst-Reisner-bekennt-im-ZDF-quotWir-haben-Russland-unterschaetztquot.jpg\",\"keywords\":[\"bekennt\",\"haben\",\"Oberst\",\"quotWir\",\"Reisner\",\"russland\",\"untersch\u00e4tztquot\",\"ZDF\"],\"articleSection\":[\"Deutschland\",\"Russland\"],\"inLanguage\":\"de\",\"potentialAction\":[{\"@type\":\"CommentAction\",\"name\":\"Comment\",\"target\":[\"https:\/\/now-news.de\/de\/deutschland\/oberst-reisner-bekennt-im-zdf-wir-haben-russland-unterschaetzt\/#respond\"]}]},{\"@type\":\"WebPage\",\"@id\":\"https:\/\/now-news.de\/de\/deutschland\/oberst-reisner-bekennt-im-zdf-wir-haben-russland-unterschaetzt\/\",\"url\":\"https:\/\/now-news.de\/de\/deutschland\/oberst-reisner-bekennt-im-zdf-wir-haben-russland-unterschaetzt\/\",\"name\":\"Oberst Reisner bekennt im ZDF: &quot;Wir haben Russland untersch\u00e4tzt&quot; - just-now.NEWS Deutschland\",\"isPartOf\":{\"@id\":\"https:\/\/now-news.de\/de\/#website\"},\"primaryImageOfPage\":{\"@id\":\"https:\/\/now-news.de\/de\/deutschland\/oberst-reisner-bekennt-im-zdf-wir-haben-russland-unterschaetzt\/#primaryimage\"},\"image\":{\"@id\":\"https:\/\/now-news.de\/de\/deutschland\/oberst-reisner-bekennt-im-zdf-wir-haben-russland-unterschaetzt\/#primaryimage\"},\"thumbnailUrl\":\"https:\/\/now-news.de\/de\/wp-content\/uploads\/sites\/3\/2022\/11\/Oberst-Reisner-bekennt-im-ZDF-quotWir-haben-Russland-unterschaetztquot.jpg\",\"datePublished\":\"2022-11-28T19:31:29+00:00\",\"dateModified\":\"2022-11-28T19:31:29+00:00\",\"breadcrumb\":{\"@id\":\"https:\/\/now-news.de\/de\/deutschland\/oberst-reisner-bekennt-im-zdf-wir-haben-russland-unterschaetzt\/#breadcrumb\"},\"inLanguage\":\"de\",\"potentialAction\":[{\"@type\":\"ReadAction\",\"target\":[\"https:\/\/now-news.de\/de\/deutschland\/oberst-reisner-bekennt-im-zdf-wir-haben-russland-unterschaetzt\/\"]}]},{\"@type\":\"ImageObject\",\"inLanguage\":\"de\",\"@id\":\"https:\/\/now-news.de\/de\/deutschland\/oberst-reisner-bekennt-im-zdf-wir-haben-russland-unterschaetzt\/#primaryimage\",\"url\":\"https:\/\/now-news.de\/de\/wp-content\/uploads\/sites\/3\/2022\/11\/Oberst-Reisner-bekennt-im-ZDF-quotWir-haben-Russland-unterschaetztquot.jpg\",\"contentUrl\":\"https:\/\/now-news.de\/de\/wp-content\/uploads\/sites\/3\/2022\/11\/Oberst-Reisner-bekennt-im-ZDF-quotWir-haben-Russland-unterschaetztquot.jpg\",\"width\":460,\"height\":259,\"caption\":\"Oberst Reisner bekennt im ZDF: &quot;Wir haben Russland untersch\u00e4tzt&quot;\"},{\"@type\":\"BreadcrumbList\",\"@id\":\"https:\/\/now-news.de\/de\/deutschland\/oberst-reisner-bekennt-im-zdf-wir-haben-russland-unterschaetzt\/#breadcrumb\",\"itemListElement\":[{\"@type\":\"ListItem\",\"position\":1,\"name\":\"Home\",\"item\":\"https:\/\/now-news.de\/de\/\"},{\"@type\":\"ListItem\",\"position\":2,\"name\":\"Oberst Reisner bekennt im ZDF: &quot;Wir haben Russland untersch\u00e4tzt&quot;\"}]},{\"@type\":\"WebSite\",\"@id\":\"https:\/\/now-news.de\/de\/#website\",\"url\":\"https:\/\/now-news.de\/de\/\",\"name\":\"just-now.NEWS Deutschland\",\"description\":\"Das Portal f\u00fcr unzensierte Nachrichten aus der Welt\",\"publisher\":{\"@id\":\"https:\/\/now-news.de\/de\/#organization\"},\"potentialAction\":[{\"@type\":\"SearchAction\",\"target\":{\"@type\":\"EntryPoint\",\"urlTemplate\":\"https:\/\/now-news.de\/de\/?s={search_term_string}\"},\"query-input\":\"required name=search_term_string\"}],\"inLanguage\":\"de\"},{\"@type\":\"Organization\",\"@id\":\"https:\/\/now-news.de\/de\/#organization\",\"name\":\"Just Now News\",\"url\":\"https:\/\/now-news.de\/de\/\",\"logo\":{\"@type\":\"ImageObject\",\"inLanguage\":\"de\",\"@id\":\"https:\/\/now-news.de\/de\/#\/schema\/logo\/image\/\",\"url\":\"http:\/\/just-now.news\/de\/wp-content\/uploads\/sites\/3\/2022\/04\/logo500x500.jpg\",\"contentUrl\":\"http:\/\/just-now.news\/de\/wp-content\/uploads\/sites\/3\/2022\/04\/logo500x500.jpg\",\"width\":500,\"height\":500,\"caption\":\"Just Now News\"},\"image\":{\"@id\":\"https:\/\/now-news.de\/de\/#\/schema\/logo\/image\/\"},\"sameAs\":[\"https:\/\/www.facebook.com\/wirmachenauf\",\"https:\/\/x.com\/WirMachenAuf_de\"]},{\"@type\":\"Person\",\"@id\":\"https:\/\/now-news.de\/de\/#\/schema\/person\/fb534a4e865501d8b3285208df34a9b5\",\"name\":\"rtnews\",\"image\":{\"@type\":\"ImageObject\",\"inLanguage\":\"de\",\"@id\":\"https:\/\/now-news.de\/de\/#\/schema\/person\/image\/\",\"url\":\"https:\/\/secure.gravatar.com\/avatar\/82aafea7d8127119dd649515f56e2117?s=96&d=mm&r=g\",\"contentUrl\":\"https:\/\/secure.gravatar.com\/avatar\/82aafea7d8127119dd649515f56e2117?s=96&d=mm&r=g\",\"caption\":\"rtnews\"},\"url\":\"https:\/\/now-news.de\/de\/author\/rnews\/\"}]}<\/script>\n<!-- \/ Yoast SEO Premium plugin. -->","yoast_head_json":{"title":"Oberst Reisner bekennt im ZDF: &quot;Wir haben Russland untersch\u00e4tzt&quot; - just-now.NEWS Deutschland","robots":{"index":"index","follow":"follow","max-snippet":"max-snippet:-1","max-image-preview":"max-image-preview:large","max-video-preview":"max-video-preview:-1"},"canonical":"https:\/\/now-news.de\/de\/deutschland\/oberst-reisner-bekennt-im-zdf-wir-haben-russland-unterschaetzt\/","og_locale":"de_DE","og_type":"article","og_title":"Oberst Reisner bekennt im ZDF: &quot;Wir haben Russland untersch\u00e4tzt&quot;","og_description":"Oberst Dr. Markus Reisner vom \u00d6sterreichischen Bundesheer sieht Russland als jene Seite im milit\u00e4rischen Konflikt, die jederzeit souver\u00e4n die Kampfhandlungen dominieren kann. Einzelne Erfolge der Ukraine w\u00fcrden daran nichts \u00e4ndern. &#8220;Die Ukrainer sitzen zwar in Cherson, aber im Dunkeln.&#8221; In einem Interview mit dem ZDF bekennt mittlerweile selbst Oberst Dr. Markus Reisner von der Theresianischen [&hellip;]","og_url":"https:\/\/now-news.de\/de\/deutschland\/oberst-reisner-bekennt-im-zdf-wir-haben-russland-unterschaetzt\/","og_site_name":"just-now.NEWS Deutschland","article_publisher":"https:\/\/www.facebook.com\/wirmachenauf","article_published_time":"2022-11-28T19:31:29+00:00","og_image":[{"width":460,"height":259,"url":"https:\/\/now-news.de\/de\/wp-content\/uploads\/sites\/3\/2022\/11\/Oberst-Reisner-bekennt-im-ZDF-quotWir-haben-Russland-unterschaetztquot.jpg","type":"image\/jpeg"}],"author":"rtnews","twitter_card":"summary_large_image","twitter_creator":"@WirMachenAuf_de","twitter_site":"@WirMachenAuf_de","twitter_misc":{"Verfasst von":"rtnews","Gesch\u00e4tzte Lesezeit":"2\u00a0Minuten"},"schema":{"@context":"https:\/\/schema.org","@graph":[{"@type":"Article","@id":"https:\/\/now-news.de\/de\/deutschland\/oberst-reisner-bekennt-im-zdf-wir-haben-russland-unterschaetzt\/#article","isPartOf":{"@id":"https:\/\/now-news.de\/de\/deutschland\/oberst-reisner-bekennt-im-zdf-wir-haben-russland-unterschaetzt\/"},"author":{"name":"rtnews","@id":"https:\/\/now-news.de\/de\/#\/schema\/person\/fb534a4e865501d8b3285208df34a9b5"},"headline":"Oberst Reisner bekennt im ZDF: &quot;Wir haben Russland untersch\u00e4tzt&quot;","datePublished":"2022-11-28T19:31:29+00:00","dateModified":"2022-11-28T19:31:29+00:00","mainEntityOfPage":{"@id":"https:\/\/now-news.de\/de\/deutschland\/oberst-reisner-bekennt-im-zdf-wir-haben-russland-unterschaetzt\/"},"wordCount":393,"commentCount":0,"publisher":{"@id":"https:\/\/now-news.de\/de\/#organization"},"image":{"@id":"https:\/\/now-news.de\/de\/deutschland\/oberst-reisner-bekennt-im-zdf-wir-haben-russland-unterschaetzt\/#primaryimage"},"thumbnailUrl":"https:\/\/now-news.de\/de\/wp-content\/uploads\/sites\/3\/2022\/11\/Oberst-Reisner-bekennt-im-ZDF-quotWir-haben-Russland-unterschaetztquot.jpg","keywords":["bekennt","haben","Oberst","quotWir","Reisner","russland","untersch\u00e4tztquot","ZDF"],"articleSection":["Deutschland","Russland"],"inLanguage":"de","potentialAction":[{"@type":"CommentAction","name":"Comment","target":["https:\/\/now-news.de\/de\/deutschland\/oberst-reisner-bekennt-im-zdf-wir-haben-russland-unterschaetzt\/#respond"]}]},{"@type":"WebPage","@id":"https:\/\/now-news.de\/de\/deutschland\/oberst-reisner-bekennt-im-zdf-wir-haben-russland-unterschaetzt\/","url":"https:\/\/now-news.de\/de\/deutschland\/oberst-reisner-bekennt-im-zdf-wir-haben-russland-unterschaetzt\/","name":"Oberst Reisner bekennt im ZDF: &quot;Wir haben Russland untersch\u00e4tzt&quot; - just-now.NEWS Deutschland","isPartOf":{"@id":"https:\/\/now-news.de\/de\/#website"},"primaryImageOfPage":{"@id":"https:\/\/now-news.de\/de\/deutschland\/oberst-reisner-bekennt-im-zdf-wir-haben-russland-unterschaetzt\/#primaryimage"},"image":{"@id":"https:\/\/now-news.de\/de\/deutschland\/oberst-reisner-bekennt-im-zdf-wir-haben-russland-unterschaetzt\/#primaryimage"},"thumbnailUrl":"https:\/\/now-news.de\/de\/wp-content\/uploads\/sites\/3\/2022\/11\/Oberst-Reisner-bekennt-im-ZDF-quotWir-haben-Russland-unterschaetztquot.jpg","datePublished":"2022-11-28T19:31:29+00:00","dateModified":"2022-11-28T19:31:29+00:00","breadcrumb":{"@id":"https:\/\/now-news.de\/de\/deutschland\/oberst-reisner-bekennt-im-zdf-wir-haben-russland-unterschaetzt\/#breadcrumb"},"inLanguage":"de","potentialAction":[{"@type":"ReadAction","target":["https:\/\/now-news.de\/de\/deutschland\/oberst-reisner-bekennt-im-zdf-wir-haben-russland-unterschaetzt\/"]}]},{"@type":"ImageObject","inLanguage":"de","@id":"https:\/\/now-news.de\/de\/deutschland\/oberst-reisner-bekennt-im-zdf-wir-haben-russland-unterschaetzt\/#primaryimage","url":"https:\/\/now-news.de\/de\/wp-content\/uploads\/sites\/3\/2022\/11\/Oberst-Reisner-bekennt-im-ZDF-quotWir-haben-Russland-unterschaetztquot.jpg","contentUrl":"https:\/\/now-news.de\/de\/wp-content\/uploads\/sites\/3\/2022\/11\/Oberst-Reisner-bekennt-im-ZDF-quotWir-haben-Russland-unterschaetztquot.jpg","width":460,"height":259,"caption":"Oberst Reisner bekennt im ZDF: &quot;Wir haben Russland untersch\u00e4tzt&quot;"},{"@type":"BreadcrumbList","@id":"https:\/\/now-news.de\/de\/deutschland\/oberst-reisner-bekennt-im-zdf-wir-haben-russland-unterschaetzt\/#breadcrumb","itemListElement":[{"@type":"ListItem","position":1,"name":"Home","item":"https:\/\/now-news.de\/de\/"},{"@type":"ListItem","position":2,"name":"Oberst Reisner bekennt im ZDF: &quot;Wir haben Russland untersch\u00e4tzt&quot;"}]},{"@type":"WebSite","@id":"https:\/\/now-news.de\/de\/#website","url":"https:\/\/now-news.de\/de\/","name":"just-now.NEWS Deutschland","description":"Das Portal f\u00fcr unzensierte Nachrichten aus der Welt","publisher":{"@id":"https:\/\/now-news.de\/de\/#organization"},"potentialAction":[{"@type":"SearchAction","target":{"@type":"EntryPoint","urlTemplate":"https:\/\/now-news.de\/de\/?s={search_term_string}"},"query-input":"required name=search_term_string"}],"inLanguage":"de"},{"@type":"Organization","@id":"https:\/\/now-news.de\/de\/#organization","name":"Just Now News","url":"https:\/\/now-news.de\/de\/","logo":{"@type":"ImageObject","inLanguage":"de","@id":"https:\/\/now-news.de\/de\/#\/schema\/logo\/image\/","url":"http:\/\/just-now.news\/de\/wp-content\/uploads\/sites\/3\/2022\/04\/logo500x500.jpg","contentUrl":"http:\/\/just-now.news\/de\/wp-content\/uploads\/sites\/3\/2022\/04\/logo500x500.jpg","width":500,"height":500,"caption":"Just Now News"},"image":{"@id":"https:\/\/now-news.de\/de\/#\/schema\/logo\/image\/"},"sameAs":["https:\/\/www.facebook.com\/wirmachenauf","https:\/\/x.com\/WirMachenAuf_de"]},{"@type":"Person","@id":"https:\/\/now-news.de\/de\/#\/schema\/person\/fb534a4e865501d8b3285208df34a9b5","name":"rtnews","image":{"@type":"ImageObject","inLanguage":"de","@id":"https:\/\/now-news.de\/de\/#\/schema\/person\/image\/","url":"https:\/\/secure.gravatar.com\/avatar\/82aafea7d8127119dd649515f56e2117?s=96&d=mm&r=g","contentUrl":"https:\/\/secure.gravatar.com\/avatar\/82aafea7d8127119dd649515f56e2117?s=96&d=mm&r=g","caption":"rtnews"},"url":"https:\/\/now-news.de\/de\/author\/rnews\/"}]}},"_links":{"self":[{"href":"https:\/\/now-news.de\/de\/wp-json\/wp\/v2\/posts\/24225"}],"collection":[{"href":"https:\/\/now-news.de\/de\/wp-json\/wp\/v2\/posts"}],"about":[{"href":"https:\/\/now-news.de\/de\/wp-json\/wp\/v2\/types\/post"}],"author":[{"embeddable":true,"href":"https:\/\/now-news.de\/de\/wp-json\/wp\/v2\/users\/3"}],"replies":[{"embeddable":true,"href":"https:\/\/now-news.de\/de\/wp-json\/wp\/v2\/comments?post=24225"}],"version-history":[{"count":0,"href":"https:\/\/now-news.de\/de\/wp-json\/wp\/v2\/posts\/24225\/revisions"}],"wp:featuredmedia":[{"embeddable":true,"href":"https:\/\/now-news.de\/de\/wp-json\/wp\/v2\/media\/24226"}],"wp:attachment":[{"href":"https:\/\/now-news.de\/de\/wp-json\/wp\/v2\/media?parent=24225"}],"wp:term":[{"taxonomy":"category","embeddable":true,"href":"https:\/\/now-news.de\/de\/wp-json\/wp\/v2\/categories?post=24225"},{"taxonomy":"post_tag","embeddable":true,"href":"https:\/\/now-news.de\/de\/wp-json\/wp\/v2\/tags?post=24225"}],"curies":[{"name":"wp","href":"https:\/\/api.w.org\/{rel}","templated":true}]}}