{"id":24159,"date":"2022-11-27T22:13:40","date_gmt":"2022-11-27T20:13:40","guid":{"rendered":"https:\/\/just-now.news\/de\/deutschland\/nach-rt-de-bericht-katrin-goering-eckhardt-beklagt-sich-ueber-pro-russische-propaganda\/"},"modified":"2022-11-27T22:13:40","modified_gmt":"2022-11-27T20:13:40","slug":"nach-rt-de-bericht-katrin-goering-eckhardt-beklagt-sich-ueber-pro-russische-propaganda","status":"publish","type":"post","link":"https:\/\/now-news.de\/de\/deutschland\/nach-rt-de-bericht-katrin-goering-eckhardt-beklagt-sich-ueber-pro-russische-propaganda\/","title":{"rendered":"Nach RT DE-Bericht: Katrin G\u00f6ring-Eckhardt beklagt sich \u00fcber &quot;pro-russische Propaganda&quot;"},"content":{"rendered":"<p><img decoding=\"async\" src=\"http:\/\/just-now.news\/de\/wp-content\/uploads\/sites\/3\/2022\/11\/6383afcb48fbef1b8f62c19d.jpg\" \/><\/p>\n<div class=\"Text-root Text-type_1 \">\n                Die gr\u00fcne Bundestagsabgeordnete Katrin G\u00f6ring-Eckardt hatte im Oktober behauptet, Putin wolle &#8220;die ukrainische Sprache und Kultur zerst\u00f6ren&#8221;, ohne dies zu belegen. RT DE berichtete \u00fcber G\u00f6ring-Eckardts \u00c4u\u00dferung. Nun beschwerte sich die Gr\u00fcnen-Politikerin \u00fcber &#8220;pro-russische Propaganda&#8221;.\n            <\/div>\n<p><\/p>\n<div class=\"Text-root Text-type_5 ArticleView-text ViewText-root \">\n<p>Am 26. Oktober hatte <em>RT DE<\/em> \u00fcber ein Treffen der gr\u00fcnen Bundestagsabgeordneten Katrin G\u00f6ring-Eckardt und Ricarda Lang mit dem ukrainischen Ministerpr\u00e4sidenten Denis Schmygal <a rel=\"nofollow noopener\" target=\"_blank\" href=\"https:\/\/de.rt.com\/international\/152642-goring-eckardt-putin-will-ukrainische\/\">berichtet<\/a>. G\u00f6ring-Eckardt behauptete nach dem Treffen, dass der russische Pr\u00e4sident Wladimir Putin die &#8220;ukrainische Sprache und Kultur zerst\u00f6ren&#8221; wolle, ohne dies zu belegen. G\u00f6ring-Eckardts Aussagen stehen im deutlichen Widerspruch zur Realit\u00e4t, da Putin bereits am 14. Oktober erkl\u00e4rte, dass ein Verbot der ukrainischen Sprache sogar rechtswidrig sei, da die ukrainische Sprache eine offizielle Amtssprache auf der Krim darstelle.<\/p>\n<p>Nun beschwerte sich G\u00f6ring-Eckhardt auf Twitter dar\u00fcber, dass ihre faktenfreie Behauptung f\u00fcr &#8220;pro-russische Propaganda&#8221; missbraucht wurde. Im <a rel=\"nofollow noopener\" target=\"_blank\" href=\"https:\/\/twitter.com\/GoeringEckardt\/status\/1596409858214936576\">Thread<\/a> &#8220;Wie einer meiner Tweets f\u00fcr pro-russische Propaganda missbraucht wurde&#8221; erkl\u00e4rte die Gr\u00fcnen-Politikerin zun\u00e4chst, dass die Zahl der Deutschen, die russischen Positionen beziehungsweise &#8220;pro-russischer Desinformation&#8221;, wie es G\u00f6ring-Eckardt ausdr\u00fcckte, folgen, laut einer <a rel=\"nofollow noopener\" target=\"_blank\" href=\"https:\/\/de.rt.com\/meinung\/153230-von-verschworungsmythen-und-meinungsfreiheit-wie\/\">Umfrage<\/a> wachse. Des Weiteren schreibt G\u00f6ring-Eckardt:<\/p>\n<blockquote>\n<p><em>&#8220;Einen Tag sp\u00e4ter greift <\/em><em><a rel=\"nofollow noopener\" target=\"_blank\" href=\"https:\/\/twitter.com\/hashtag\/RTDeutsch?src=hashtag_click\">#RTDeutsch<\/a><\/em><em> meinen Tweet samt Bild auf. Trotz Verbots betreibt der russische Staatssender eine deutschsprachige, offen zug\u00e4ngliche Website. Scheinargumente werden in dem Artikel meinen Aussage gegen\u00fcber gestellt.&#8221;<\/em><em><\/em><\/p>\n<\/blockquote>\n<div class=\"EmbedBlock-root EmbedBlock-twitter\">\n<div class=\"TwitterEmbed\">\n<blockquote class=\"twitter-tweet lazyload\" data-twitter=\"twitter-tweet\">\n<p lang=\"de\" dir=\"ltr\">Einen Tag sp\u00e4ter greift <a rel=\"nofollow noopener\" target=\"_blank\" href=\"https:\/\/twitter.com\/hashtag\/RTDeutsch?src=hash&amp;ref_src=twsrc%5Etfw\">#RTDeutsch<\/a> meinen Tweet samt Bild auf. Trotz Verbots betreibt der russische Staatssender eine deutschsprachige, offen zug\u00e4ngliche Website. Scheinargumente werden in dem Artikel meinen Aussage gegen\u00fcber gestellt. 5\/13 <a rel=\"nofollow noopener\" target=\"_blank\" href=\"https:\/\/t.co\/7GRnFGgPBW\">pic.twitter.com\/7GRnFGgPBW<\/a><\/p>\n<p>\u2014 Katrin G\u00f6ring-Eckardt (@GoeringEckardt) <a rel=\"nofollow noopener\" target=\"_blank\" href=\"https:\/\/twitter.com\/GoeringEckardt\/status\/1596409868142919680?ref_src=twsrc%5Etfw\">November 26, 2022<\/a><\/p><\/blockquote>\n<\/div>\n<\/div>\n<p>Worin die &#8220;Scheinargumente&#8221; bestehen sollen, erkl\u00e4rt die Gr\u00fcnen-Politikerin jedoch nicht. Die &#8220;pro-russische Argumentation&#8221; verfange jedoch: Auf verschiedenen Kan\u00e4len finden sich Kommentare und Reaktionen auf den Artikel.<\/p>\n<blockquote>\n<p><em>&#8220;Auf Twitter, Facebook, Telegram wird der Text von RT teils 1:1 wiedergegeben.&#8221;<\/em><\/p>\n<\/blockquote>\n<p>Auch \u00fcber mehrere Websites, die &#8220;Nachrichtenseiten t\u00e4uschend \u00e4hnlich sehen&#8221;, werden identische Meldungen ausgespielt. G\u00f6ring-Eckardt schreibt auch, dass sie ihre (nicht durch Fakten belegte) Aussage mehr als eine Woche sp\u00e4ter wiederholt habe. Anschlie\u00dfend verweist sie auf die Bundeszentrale f\u00fcr politische Bildung und sogenannte &#8220;Faktenchecker&#8221; zur Aufkl\u00e4rung \u00fcber vermeintliche &#8220;Fake News&#8221;.<\/p>\n<p>In den sozialen Medien erfuhr G\u00f6ring-Eckardts Tweet \u00fcberwiegend Kritik. Oft wurde darauf verwiesen, dass die gr\u00fcne Politikerin weiterhin keine Belege f\u00fcr ihre Behauptung anf\u00fchrte:<\/p>\n<blockquote>\n<p><em>&#8220;Ich sehe mir kein RT an, doch Ihr tweet: &#8216;er will die ukrainische Sprache &amp; Kultur zerst\u00f6ren&#8217; ist fake news. Ich kenne keine einzige Putin Rede in der das als Ziel deklariert wurde. Ironisch, denn es ist Ihre Ukraine, die russische Sprache, Kultur &amp; Geschichte verbietet.&#8221;<\/em><em><\/em><\/p>\n<\/blockquote>\n<div class=\"EmbedBlock-root EmbedBlock-twitter\">\n<div class=\"TwitterEmbed\">\n<blockquote class=\"twitter-tweet lazyload\" data-twitter=\"twitter-tweet\">\n<p lang=\"de\" dir=\"ltr\">Ich sehe mir kein RT an, doch Ihr tweet:&#8221;er will die ukrainische Sprache &amp; Kultur zerst\u00f6ren&#8221;ist fake news.Ich kenne keine einzige Putin Rede in der das als Ziel deklariert wurde.Ironisch, denn es ist Ihre Ukraine, die russische Sprache, Kultur &amp; Geschichte verbietet.<\/p>\n<p>\u2014 ralf (@ralf00652823) <a rel=\"nofollow noopener\" target=\"_blank\" href=\"https:\/\/twitter.com\/ralf00652823\/status\/1596416955774287872?ref_src=twsrc%5Etfw\">November 26, 2022<\/a><\/p><\/blockquote>\n<\/div>\n<\/div>\n<p>Der Nutzer Matthias Priebe schrieb:<\/p>\n<blockquote>\n<p><em>&#8220;\u00c4hm, Katrin? Diese Menschen wollen nur wissen, woher du deine Informationen beziehst. Was soll daran russische Propaganda sein? Dein Tweet ist ziemlich entlarvend.&#8221;<\/em><em><\/em><\/p>\n<\/blockquote>\n<div class=\"EmbedBlock-root EmbedBlock-twitter\">\n<div class=\"TwitterEmbed\">\n<blockquote class=\"twitter-tweet lazyload\" data-twitter=\"twitter-tweet\">\n<p lang=\"de\" dir=\"ltr\">\u00c4hm, Katrin? Diese Menschen wollen nur wissen, woher du deine Informationen beziehst. Was soll daran russische Propaganda sein? Dein Tweet ist ziemlich entlarvend.<\/p>\n<p>\u2014 Mathias Priebe #Priebshow (@MathiasPriebe) <a rel=\"nofollow noopener\" target=\"_blank\" href=\"https:\/\/twitter.com\/MathiasPriebe\/status\/1596479387712438275?ref_src=twsrc%5Etfw\">November 26, 2022<\/a><\/p><\/blockquote>\n<\/div>\n<\/div>\n<p>Priebe erwiderte auf G\u00f6ring-Eckardts \u00c4u\u00dferung, dass &#8220;pro-russische Propaganda und Desinformation Informations- und Sicherheitsprobleme&#8221; seien:<\/p>\n<blockquote>\n<p><em>&#8220;Definiere &#8216;pro-russisch&#8217;! Es dr\u00e4ngt sich n\u00e4mlich der Eindruck auf, dass NATO-kritische oder Gr\u00fcnen-gegnerische Stimmen als pro-russisch diffamiert werden sollen.&#8221;<\/em><em><\/em><\/p>\n<\/blockquote>\n<p>Er verwies zudem darauf, dass der Gr\u00fcnen-Politiker Joschka Fischer &#8220;das ganze Land auf Basis von Fake News in einen Krieg hineingezogen hatte&#8221;. Ein anderer Nutzer meinte, solange G\u00f6ring-Eckardt ab und zu bei <em>RT <\/em>vorbeischaue, gebe es noch Hoffnung f\u00fcr sie. Ein anderer schrieb:<\/p>\n<blockquote>\n<p><em>&#8220;Der RT-Artikel ist \u00fcberzeugender, als das was Sie schreiben. Danke f\u00fcr den Lesetipp, ich wusste gar nicht, dass es RT in deutsch noch gibt!&#8221;<\/em><\/p>\n<\/blockquote>\n<div class=\"EmbedBlock-root EmbedBlock-twitter\">\n<div class=\"TwitterEmbed\">\n<blockquote class=\"twitter-tweet lazyload\" data-twitter=\"twitter-tweet\">\n<p lang=\"de\" dir=\"ltr\">Der RT-Artikel ist \u00fcberzeugender, als das was Sie schreiben. Danke f\u00fcr den Lesetipp, ich wusste gar nicht, dass es RT in deutsch noch gibt!<\/p>\n<p>\u2014 Wahrheitsminister (@Wahrheitsmister) <a rel=\"nofollow noopener\" target=\"_blank\" href=\"https:\/\/twitter.com\/Wahrheitsmister\/status\/1596470420299042818?ref_src=twsrc%5Etfw\">November 26, 2022<\/a><\/p><\/blockquote>\n<\/div>\n<\/div>\n<p>Ein anderer Twitter-Nutzer schrieb:<\/p>\n<blockquote>\n<p><em>&#8220;Nat\u00fcrlich wird dem Deutschen B\u00fcrger von Gr\u00fcner Seite mal jede Art von selbstst\u00e4ndigen Denken aberkannt. Alles b\u00f6se Russenpropaganda. Wer was anderes behauptet macht sich strafbar.&#8221;<\/em><\/p>\n<\/blockquote>\n<p>Einige Nutzer sahen noch andere Probleme:<\/p>\n<blockquote>\n<p><em>&#8220;Die einzige Gefahr die ich in der Sache sehe ist, dass die Russen Sie versehentlich als Politiker aufwerten.&#8221;<\/em><em><\/em><\/p>\n<\/blockquote>\n<p><strong>Mehr zum Thema &#8211;<\/strong>\u00a0<a rel=\"nofollow noopener\" target=\"_blank\" href=\"https:\/\/de.rt.com\/international\/152642-goring-eckardt-putin-will-ukrainische\/\">G\u00f6ring-Eckardt: Putin will &#8220;ukrainische Sprache und Kultur zerst\u00f6ren&#8221;<\/a><\/p>\n<\/p>\n<\/div>\n<p><script async src=\"https:\/\/platform.twitter.com\/widgets.js\" charset=\"utf-8\"><\/script><br \/>\n<br \/><br \/>\n<br \/><a href=\"https:\/\/de.rt.com\/inland\/155620-nach-rt-de-bericht-katrin\/\">Source link <\/a><\/p>\n","protected":false},"excerpt":{"rendered":"<p>Die gr\u00fcne Bundestagsabgeordnete Katrin G\u00f6ring-Eckardt hatte im Oktober behauptet, Putin wolle &#8220;die ukrainische Sprache und Kultur zerst\u00f6ren&#8221;, ohne dies zu belegen. RT DE berichtete \u00fcber G\u00f6ring-Eckardts \u00c4u\u00dferung. Nun beschwerte sich die Gr\u00fcnen-Politikerin \u00fcber &#8220;pro-russische Propaganda&#8221;. Am 26. Oktober hatte RT DE \u00fcber ein Treffen der gr\u00fcnen Bundestagsabgeordneten Katrin G\u00f6ring-Eckardt und Ricarda Lang mit dem ukrainischen [&hellip;]<\/p>\n","protected":false},"author":3,"featured_media":24160,"comment_status":"open","ping_status":"open","sticky":false,"template":"","format":"standard","meta":{"_yoast_indexnow_last_ping":["1669580546"],"wp_automatic_camp":["217"],"ac9b3393deed5d3b77d3d257520e404c":["Nach RT DE-Bericht: Katrin G\u00f6ring-Eckhardt beklagt sich \u00fcber &quot;pro-russische Propaganda&quot;"],"original_link":["https:\/\/de.rt.com\/inland\/155620-nach-rt-de-bericht-katrin\/"],"_thumbnail_id":["24160"],"jnews_social_counter_last_update":["1777219706"]},"categories":[19,23],"tags":[7317,36579,36581,36580,979,19188,36582,434,139],"yoast_head":"<!-- This site is optimized with the Yoast SEO Premium plugin v22.7 (Yoast SEO v22.7) - https:\/\/yoast.com\/wordpress\/plugins\/seo\/ -->\n<title>Nach RT DE-Bericht: Katrin G\u00f6ring-Eckhardt beklagt sich \u00fcber &quot;pro-russische Propaganda&quot; - just-now.NEWS Deutschland<\/title>\n<meta name=\"robots\" content=\"index, follow, max-snippet:-1, max-image-preview:large, max-video-preview:-1\" \/>\n<link rel=\"canonical\" href=\"https:\/\/now-news.de\/de\/deutschland\/nach-rt-de-bericht-katrin-goering-eckhardt-beklagt-sich-ueber-pro-russische-propaganda\/\" \/>\n<meta property=\"og:locale\" content=\"de_DE\" \/>\n<meta property=\"og:type\" content=\"article\" \/>\n<meta property=\"og:title\" content=\"Nach RT DE-Bericht: Katrin G\u00f6ring-Eckhardt beklagt sich \u00fcber &quot;pro-russische Propaganda&quot;\" \/>\n<meta property=\"og:description\" content=\"Die gr\u00fcne Bundestagsabgeordnete Katrin G\u00f6ring-Eckardt hatte im Oktober behauptet, Putin wolle &#8220;die ukrainische Sprache und Kultur zerst\u00f6ren&#8221;, ohne dies zu belegen. RT DE berichtete \u00fcber G\u00f6ring-Eckardts \u00c4u\u00dferung. Nun beschwerte sich die Gr\u00fcnen-Politikerin \u00fcber &#8220;pro-russische Propaganda&#8221;. Am 26. Oktober hatte RT DE \u00fcber ein Treffen der gr\u00fcnen Bundestagsabgeordneten Katrin G\u00f6ring-Eckardt und Ricarda Lang mit dem ukrainischen [&hellip;]\" \/>\n<meta property=\"og:url\" content=\"https:\/\/now-news.de\/de\/deutschland\/nach-rt-de-bericht-katrin-goering-eckhardt-beklagt-sich-ueber-pro-russische-propaganda\/\" \/>\n<meta property=\"og:site_name\" content=\"just-now.NEWS Deutschland\" \/>\n<meta property=\"article:publisher\" content=\"https:\/\/www.facebook.com\/wirmachenauf\" \/>\n<meta property=\"article:published_time\" content=\"2022-11-27T20:13:40+00:00\" \/>\n<meta property=\"og:image\" content=\"https:\/\/now-news.de\/de\/wp-content\/uploads\/sites\/3\/2022\/11\/Nach-RT-DE-Bericht-Katrin-Goering-Eckhardt-beklagt-sich-ueber-quotpro-russische-Propagandaquot.jpg\" \/>\n\t<meta property=\"og:image:width\" content=\"460\" \/>\n\t<meta property=\"og:image:height\" content=\"259\" \/>\n\t<meta property=\"og:image:type\" content=\"image\/jpeg\" \/>\n<meta name=\"author\" content=\"rtnews\" \/>\n<meta name=\"twitter:card\" content=\"summary_large_image\" \/>\n<meta name=\"twitter:creator\" content=\"@WirMachenAuf_de\" \/>\n<meta name=\"twitter:site\" content=\"@WirMachenAuf_de\" \/>\n<meta name=\"twitter:label1\" content=\"Verfasst von\" \/>\n\t<meta name=\"twitter:data1\" content=\"rtnews\" \/>\n\t<meta name=\"twitter:label2\" content=\"Gesch\u00e4tzte Lesezeit\" \/>\n\t<meta name=\"twitter:data2\" content=\"4\u00a0Minuten\" \/>\n<script type=\"application\/ld+json\" class=\"yoast-schema-graph\">{\"@context\":\"https:\/\/schema.org\",\"@graph\":[{\"@type\":\"Article\",\"@id\":\"https:\/\/now-news.de\/de\/deutschland\/nach-rt-de-bericht-katrin-goering-eckhardt-beklagt-sich-ueber-pro-russische-propaganda\/#article\",\"isPartOf\":{\"@id\":\"https:\/\/now-news.de\/de\/deutschland\/nach-rt-de-bericht-katrin-goering-eckhardt-beklagt-sich-ueber-pro-russische-propaganda\/\"},\"author\":{\"name\":\"rtnews\",\"@id\":\"https:\/\/now-news.de\/de\/#\/schema\/person\/fb534a4e865501d8b3285208df34a9b5\"},\"headline\":\"Nach RT DE-Bericht: Katrin G\u00f6ring-Eckhardt beklagt sich \u00fcber &quot;pro-russische Propaganda&quot;\",\"datePublished\":\"2022-11-27T20:13:40+00:00\",\"dateModified\":\"2022-11-27T20:13:40+00:00\",\"mainEntityOfPage\":{\"@id\":\"https:\/\/now-news.de\/de\/deutschland\/nach-rt-de-bericht-katrin-goering-eckhardt-beklagt-sich-ueber-pro-russische-propaganda\/\"},\"wordCount\":770,\"commentCount\":0,\"publisher\":{\"@id\":\"https:\/\/now-news.de\/de\/#organization\"},\"image\":{\"@id\":\"https:\/\/now-news.de\/de\/deutschland\/nach-rt-de-bericht-katrin-goering-eckhardt-beklagt-sich-ueber-pro-russische-propaganda\/#primaryimage\"},\"thumbnailUrl\":\"https:\/\/now-news.de\/de\/wp-content\/uploads\/sites\/3\/2022\/11\/Nach-RT-DE-Bericht-Katrin-Goering-Eckhardt-beklagt-sich-ueber-quotpro-russische-Propagandaquot.jpg\",\"keywords\":[\"beklagt\",\"DEBericht\",\"G\u00f6ringEckhardt\",\"Katrin\",\"nach\",\"Propagandaquot\",\"quotprorussische\",\"sich\",\"\u00fcber\"],\"articleSection\":[\"Deutschland\",\"Russland\"],\"inLanguage\":\"de\",\"potentialAction\":[{\"@type\":\"CommentAction\",\"name\":\"Comment\",\"target\":[\"https:\/\/now-news.de\/de\/deutschland\/nach-rt-de-bericht-katrin-goering-eckhardt-beklagt-sich-ueber-pro-russische-propaganda\/#respond\"]}]},{\"@type\":\"WebPage\",\"@id\":\"https:\/\/now-news.de\/de\/deutschland\/nach-rt-de-bericht-katrin-goering-eckhardt-beklagt-sich-ueber-pro-russische-propaganda\/\",\"url\":\"https:\/\/now-news.de\/de\/deutschland\/nach-rt-de-bericht-katrin-goering-eckhardt-beklagt-sich-ueber-pro-russische-propaganda\/\",\"name\":\"Nach RT DE-Bericht: Katrin G\u00f6ring-Eckhardt beklagt sich \u00fcber &quot;pro-russische Propaganda&quot; - just-now.NEWS Deutschland\",\"isPartOf\":{\"@id\":\"https:\/\/now-news.de\/de\/#website\"},\"primaryImageOfPage\":{\"@id\":\"https:\/\/now-news.de\/de\/deutschland\/nach-rt-de-bericht-katrin-goering-eckhardt-beklagt-sich-ueber-pro-russische-propaganda\/#primaryimage\"},\"image\":{\"@id\":\"https:\/\/now-news.de\/de\/deutschland\/nach-rt-de-bericht-katrin-goering-eckhardt-beklagt-sich-ueber-pro-russische-propaganda\/#primaryimage\"},\"thumbnailUrl\":\"https:\/\/now-news.de\/de\/wp-content\/uploads\/sites\/3\/2022\/11\/Nach-RT-DE-Bericht-Katrin-Goering-Eckhardt-beklagt-sich-ueber-quotpro-russische-Propagandaquot.jpg\",\"datePublished\":\"2022-11-27T20:13:40+00:00\",\"dateModified\":\"2022-11-27T20:13:40+00:00\",\"breadcrumb\":{\"@id\":\"https:\/\/now-news.de\/de\/deutschland\/nach-rt-de-bericht-katrin-goering-eckhardt-beklagt-sich-ueber-pro-russische-propaganda\/#breadcrumb\"},\"inLanguage\":\"de\",\"potentialAction\":[{\"@type\":\"ReadAction\",\"target\":[\"https:\/\/now-news.de\/de\/deutschland\/nach-rt-de-bericht-katrin-goering-eckhardt-beklagt-sich-ueber-pro-russische-propaganda\/\"]}]},{\"@type\":\"ImageObject\",\"inLanguage\":\"de\",\"@id\":\"https:\/\/now-news.de\/de\/deutschland\/nach-rt-de-bericht-katrin-goering-eckhardt-beklagt-sich-ueber-pro-russische-propaganda\/#primaryimage\",\"url\":\"https:\/\/now-news.de\/de\/wp-content\/uploads\/sites\/3\/2022\/11\/Nach-RT-DE-Bericht-Katrin-Goering-Eckhardt-beklagt-sich-ueber-quotpro-russische-Propagandaquot.jpg\",\"contentUrl\":\"https:\/\/now-news.de\/de\/wp-content\/uploads\/sites\/3\/2022\/11\/Nach-RT-DE-Bericht-Katrin-Goering-Eckhardt-beklagt-sich-ueber-quotpro-russische-Propagandaquot.jpg\",\"width\":460,\"height\":259,\"caption\":\"Nach RT DE-Bericht: Katrin G\u00f6ring-Eckhardt beklagt sich \u00fcber &quot;pro-russische Propaganda&quot;\"},{\"@type\":\"BreadcrumbList\",\"@id\":\"https:\/\/now-news.de\/de\/deutschland\/nach-rt-de-bericht-katrin-goering-eckhardt-beklagt-sich-ueber-pro-russische-propaganda\/#breadcrumb\",\"itemListElement\":[{\"@type\":\"ListItem\",\"position\":1,\"name\":\"Home\",\"item\":\"https:\/\/now-news.de\/de\/\"},{\"@type\":\"ListItem\",\"position\":2,\"name\":\"Nach RT DE-Bericht: Katrin G\u00f6ring-Eckhardt beklagt sich \u00fcber &quot;pro-russische Propaganda&quot;\"}]},{\"@type\":\"WebSite\",\"@id\":\"https:\/\/now-news.de\/de\/#website\",\"url\":\"https:\/\/now-news.de\/de\/\",\"name\":\"just-now.NEWS Deutschland\",\"description\":\"Das Portal f\u00fcr unzensierte Nachrichten aus der Welt\",\"publisher\":{\"@id\":\"https:\/\/now-news.de\/de\/#organization\"},\"potentialAction\":[{\"@type\":\"SearchAction\",\"target\":{\"@type\":\"EntryPoint\",\"urlTemplate\":\"https:\/\/now-news.de\/de\/?s={search_term_string}\"},\"query-input\":\"required name=search_term_string\"}],\"inLanguage\":\"de\"},{\"@type\":\"Organization\",\"@id\":\"https:\/\/now-news.de\/de\/#organization\",\"name\":\"Just Now News\",\"url\":\"https:\/\/now-news.de\/de\/\",\"logo\":{\"@type\":\"ImageObject\",\"inLanguage\":\"de\",\"@id\":\"https:\/\/now-news.de\/de\/#\/schema\/logo\/image\/\",\"url\":\"http:\/\/just-now.news\/de\/wp-content\/uploads\/sites\/3\/2022\/04\/logo500x500.jpg\",\"contentUrl\":\"http:\/\/just-now.news\/de\/wp-content\/uploads\/sites\/3\/2022\/04\/logo500x500.jpg\",\"width\":500,\"height\":500,\"caption\":\"Just Now News\"},\"image\":{\"@id\":\"https:\/\/now-news.de\/de\/#\/schema\/logo\/image\/\"},\"sameAs\":[\"https:\/\/www.facebook.com\/wirmachenauf\",\"https:\/\/x.com\/WirMachenAuf_de\"]},{\"@type\":\"Person\",\"@id\":\"https:\/\/now-news.de\/de\/#\/schema\/person\/fb534a4e865501d8b3285208df34a9b5\",\"name\":\"rtnews\",\"image\":{\"@type\":\"ImageObject\",\"inLanguage\":\"de\",\"@id\":\"https:\/\/now-news.de\/de\/#\/schema\/person\/image\/\",\"url\":\"https:\/\/secure.gravatar.com\/avatar\/82aafea7d8127119dd649515f56e2117?s=96&d=mm&r=g\",\"contentUrl\":\"https:\/\/secure.gravatar.com\/avatar\/82aafea7d8127119dd649515f56e2117?s=96&d=mm&r=g\",\"caption\":\"rtnews\"},\"url\":\"https:\/\/now-news.de\/de\/author\/rnews\/\"}]}<\/script>\n<!-- \/ Yoast SEO Premium plugin. -->","yoast_head_json":{"title":"Nach RT DE-Bericht: Katrin G\u00f6ring-Eckhardt beklagt sich \u00fcber &quot;pro-russische Propaganda&quot; - just-now.NEWS Deutschland","robots":{"index":"index","follow":"follow","max-snippet":"max-snippet:-1","max-image-preview":"max-image-preview:large","max-video-preview":"max-video-preview:-1"},"canonical":"https:\/\/now-news.de\/de\/deutschland\/nach-rt-de-bericht-katrin-goering-eckhardt-beklagt-sich-ueber-pro-russische-propaganda\/","og_locale":"de_DE","og_type":"article","og_title":"Nach RT DE-Bericht: Katrin G\u00f6ring-Eckhardt beklagt sich \u00fcber &quot;pro-russische Propaganda&quot;","og_description":"Die gr\u00fcne Bundestagsabgeordnete Katrin G\u00f6ring-Eckardt hatte im Oktober behauptet, Putin wolle &#8220;die ukrainische Sprache und Kultur zerst\u00f6ren&#8221;, ohne dies zu belegen. RT DE berichtete \u00fcber G\u00f6ring-Eckardts \u00c4u\u00dferung. Nun beschwerte sich die Gr\u00fcnen-Politikerin \u00fcber &#8220;pro-russische Propaganda&#8221;. Am 26. Oktober hatte RT DE \u00fcber ein Treffen der gr\u00fcnen Bundestagsabgeordneten Katrin G\u00f6ring-Eckardt und Ricarda Lang mit dem ukrainischen [&hellip;]","og_url":"https:\/\/now-news.de\/de\/deutschland\/nach-rt-de-bericht-katrin-goering-eckhardt-beklagt-sich-ueber-pro-russische-propaganda\/","og_site_name":"just-now.NEWS Deutschland","article_publisher":"https:\/\/www.facebook.com\/wirmachenauf","article_published_time":"2022-11-27T20:13:40+00:00","og_image":[{"width":460,"height":259,"url":"https:\/\/now-news.de\/de\/wp-content\/uploads\/sites\/3\/2022\/11\/Nach-RT-DE-Bericht-Katrin-Goering-Eckhardt-beklagt-sich-ueber-quotpro-russische-Propagandaquot.jpg","type":"image\/jpeg"}],"author":"rtnews","twitter_card":"summary_large_image","twitter_creator":"@WirMachenAuf_de","twitter_site":"@WirMachenAuf_de","twitter_misc":{"Verfasst von":"rtnews","Gesch\u00e4tzte Lesezeit":"4\u00a0Minuten"},"schema":{"@context":"https:\/\/schema.org","@graph":[{"@type":"Article","@id":"https:\/\/now-news.de\/de\/deutschland\/nach-rt-de-bericht-katrin-goering-eckhardt-beklagt-sich-ueber-pro-russische-propaganda\/#article","isPartOf":{"@id":"https:\/\/now-news.de\/de\/deutschland\/nach-rt-de-bericht-katrin-goering-eckhardt-beklagt-sich-ueber-pro-russische-propaganda\/"},"author":{"name":"rtnews","@id":"https:\/\/now-news.de\/de\/#\/schema\/person\/fb534a4e865501d8b3285208df34a9b5"},"headline":"Nach RT DE-Bericht: Katrin G\u00f6ring-Eckhardt beklagt sich \u00fcber &quot;pro-russische Propaganda&quot;","datePublished":"2022-11-27T20:13:40+00:00","dateModified":"2022-11-27T20:13:40+00:00","mainEntityOfPage":{"@id":"https:\/\/now-news.de\/de\/deutschland\/nach-rt-de-bericht-katrin-goering-eckhardt-beklagt-sich-ueber-pro-russische-propaganda\/"},"wordCount":770,"commentCount":0,"publisher":{"@id":"https:\/\/now-news.de\/de\/#organization"},"image":{"@id":"https:\/\/now-news.de\/de\/deutschland\/nach-rt-de-bericht-katrin-goering-eckhardt-beklagt-sich-ueber-pro-russische-propaganda\/#primaryimage"},"thumbnailUrl":"https:\/\/now-news.de\/de\/wp-content\/uploads\/sites\/3\/2022\/11\/Nach-RT-DE-Bericht-Katrin-Goering-Eckhardt-beklagt-sich-ueber-quotpro-russische-Propagandaquot.jpg","keywords":["beklagt","DEBericht","G\u00f6ringEckhardt","Katrin","nach","Propagandaquot","quotprorussische","sich","\u00fcber"],"articleSection":["Deutschland","Russland"],"inLanguage":"de","potentialAction":[{"@type":"CommentAction","name":"Comment","target":["https:\/\/now-news.de\/de\/deutschland\/nach-rt-de-bericht-katrin-goering-eckhardt-beklagt-sich-ueber-pro-russische-propaganda\/#respond"]}]},{"@type":"WebPage","@id":"https:\/\/now-news.de\/de\/deutschland\/nach-rt-de-bericht-katrin-goering-eckhardt-beklagt-sich-ueber-pro-russische-propaganda\/","url":"https:\/\/now-news.de\/de\/deutschland\/nach-rt-de-bericht-katrin-goering-eckhardt-beklagt-sich-ueber-pro-russische-propaganda\/","name":"Nach RT DE-Bericht: Katrin G\u00f6ring-Eckhardt beklagt sich \u00fcber &quot;pro-russische Propaganda&quot; - just-now.NEWS Deutschland","isPartOf":{"@id":"https:\/\/now-news.de\/de\/#website"},"primaryImageOfPage":{"@id":"https:\/\/now-news.de\/de\/deutschland\/nach-rt-de-bericht-katrin-goering-eckhardt-beklagt-sich-ueber-pro-russische-propaganda\/#primaryimage"},"image":{"@id":"https:\/\/now-news.de\/de\/deutschland\/nach-rt-de-bericht-katrin-goering-eckhardt-beklagt-sich-ueber-pro-russische-propaganda\/#primaryimage"},"thumbnailUrl":"https:\/\/now-news.de\/de\/wp-content\/uploads\/sites\/3\/2022\/11\/Nach-RT-DE-Bericht-Katrin-Goering-Eckhardt-beklagt-sich-ueber-quotpro-russische-Propagandaquot.jpg","datePublished":"2022-11-27T20:13:40+00:00","dateModified":"2022-11-27T20:13:40+00:00","breadcrumb":{"@id":"https:\/\/now-news.de\/de\/deutschland\/nach-rt-de-bericht-katrin-goering-eckhardt-beklagt-sich-ueber-pro-russische-propaganda\/#breadcrumb"},"inLanguage":"de","potentialAction":[{"@type":"ReadAction","target":["https:\/\/now-news.de\/de\/deutschland\/nach-rt-de-bericht-katrin-goering-eckhardt-beklagt-sich-ueber-pro-russische-propaganda\/"]}]},{"@type":"ImageObject","inLanguage":"de","@id":"https:\/\/now-news.de\/de\/deutschland\/nach-rt-de-bericht-katrin-goering-eckhardt-beklagt-sich-ueber-pro-russische-propaganda\/#primaryimage","url":"https:\/\/now-news.de\/de\/wp-content\/uploads\/sites\/3\/2022\/11\/Nach-RT-DE-Bericht-Katrin-Goering-Eckhardt-beklagt-sich-ueber-quotpro-russische-Propagandaquot.jpg","contentUrl":"https:\/\/now-news.de\/de\/wp-content\/uploads\/sites\/3\/2022\/11\/Nach-RT-DE-Bericht-Katrin-Goering-Eckhardt-beklagt-sich-ueber-quotpro-russische-Propagandaquot.jpg","width":460,"height":259,"caption":"Nach RT DE-Bericht: Katrin G\u00f6ring-Eckhardt beklagt sich \u00fcber &quot;pro-russische Propaganda&quot;"},{"@type":"BreadcrumbList","@id":"https:\/\/now-news.de\/de\/deutschland\/nach-rt-de-bericht-katrin-goering-eckhardt-beklagt-sich-ueber-pro-russische-propaganda\/#breadcrumb","itemListElement":[{"@type":"ListItem","position":1,"name":"Home","item":"https:\/\/now-news.de\/de\/"},{"@type":"ListItem","position":2,"name":"Nach RT DE-Bericht: Katrin G\u00f6ring-Eckhardt beklagt sich \u00fcber &quot;pro-russische Propaganda&quot;"}]},{"@type":"WebSite","@id":"https:\/\/now-news.de\/de\/#website","url":"https:\/\/now-news.de\/de\/","name":"just-now.NEWS Deutschland","description":"Das Portal f\u00fcr unzensierte Nachrichten aus der Welt","publisher":{"@id":"https:\/\/now-news.de\/de\/#organization"},"potentialAction":[{"@type":"SearchAction","target":{"@type":"EntryPoint","urlTemplate":"https:\/\/now-news.de\/de\/?s={search_term_string}"},"query-input":"required name=search_term_string"}],"inLanguage":"de"},{"@type":"Organization","@id":"https:\/\/now-news.de\/de\/#organization","name":"Just Now News","url":"https:\/\/now-news.de\/de\/","logo":{"@type":"ImageObject","inLanguage":"de","@id":"https:\/\/now-news.de\/de\/#\/schema\/logo\/image\/","url":"http:\/\/just-now.news\/de\/wp-content\/uploads\/sites\/3\/2022\/04\/logo500x500.jpg","contentUrl":"http:\/\/just-now.news\/de\/wp-content\/uploads\/sites\/3\/2022\/04\/logo500x500.jpg","width":500,"height":500,"caption":"Just Now News"},"image":{"@id":"https:\/\/now-news.de\/de\/#\/schema\/logo\/image\/"},"sameAs":["https:\/\/www.facebook.com\/wirmachenauf","https:\/\/x.com\/WirMachenAuf_de"]},{"@type":"Person","@id":"https:\/\/now-news.de\/de\/#\/schema\/person\/fb534a4e865501d8b3285208df34a9b5","name":"rtnews","image":{"@type":"ImageObject","inLanguage":"de","@id":"https:\/\/now-news.de\/de\/#\/schema\/person\/image\/","url":"https:\/\/secure.gravatar.com\/avatar\/82aafea7d8127119dd649515f56e2117?s=96&d=mm&r=g","contentUrl":"https:\/\/secure.gravatar.com\/avatar\/82aafea7d8127119dd649515f56e2117?s=96&d=mm&r=g","caption":"rtnews"},"url":"https:\/\/now-news.de\/de\/author\/rnews\/"}]}},"_links":{"self":[{"href":"https:\/\/now-news.de\/de\/wp-json\/wp\/v2\/posts\/24159"}],"collection":[{"href":"https:\/\/now-news.de\/de\/wp-json\/wp\/v2\/posts"}],"about":[{"href":"https:\/\/now-news.de\/de\/wp-json\/wp\/v2\/types\/post"}],"author":[{"embeddable":true,"href":"https:\/\/now-news.de\/de\/wp-json\/wp\/v2\/users\/3"}],"replies":[{"embeddable":true,"href":"https:\/\/now-news.de\/de\/wp-json\/wp\/v2\/comments?post=24159"}],"version-history":[{"count":0,"href":"https:\/\/now-news.de\/de\/wp-json\/wp\/v2\/posts\/24159\/revisions"}],"wp:featuredmedia":[{"embeddable":true,"href":"https:\/\/now-news.de\/de\/wp-json\/wp\/v2\/media\/24160"}],"wp:attachment":[{"href":"https:\/\/now-news.de\/de\/wp-json\/wp\/v2\/media?parent=24159"}],"wp:term":[{"taxonomy":"category","embeddable":true,"href":"https:\/\/now-news.de\/de\/wp-json\/wp\/v2\/categories?post=24159"},{"taxonomy":"post_tag","embeddable":true,"href":"https:\/\/now-news.de\/de\/wp-json\/wp\/v2\/tags?post=24159"}],"curies":[{"name":"wp","href":"https:\/\/api.w.org\/{rel}","templated":true}]}}