{"id":24157,"date":"2022-11-27T21:16:58","date_gmt":"2022-11-27T19:16:58","guid":{"rendered":"https:\/\/just-now.news\/de\/deutschland\/nach-marokkos-wm-sieg-ueber-belgien-randale-in-belgien-und-den-niederlanden\/"},"modified":"2022-11-27T21:16:58","modified_gmt":"2022-11-27T19:16:58","slug":"nach-marokkos-wm-sieg-ueber-belgien-randale-in-belgien-und-den-niederlanden","status":"publish","type":"post","link":"https:\/\/now-news.de\/de\/deutschland\/nach-marokkos-wm-sieg-ueber-belgien-randale-in-belgien-und-den-niederlanden\/","title":{"rendered":"Nach Marokkos WM-Sieg \u00fcber Belgien: Randale in Belgien und den Niederlanden"},"content":{"rendered":"<p><img decoding=\"async\" src=\"http:\/\/just-now.news\/de\/wp-content\/uploads\/sites\/3\/2022\/11\/6383b7a6b480cc1b3c715a83.jpg\" \/><\/p>\n<div class=\"Text-root Text-type_1 \">\n                Nach dem Sieg der marokkanischen Nationalmannschaft \u00fcber Belgien ist es in der belgischen Hauptstadt zu gewaltt\u00e4tigen Ausschreitungen von Jugendlichen mit Migrationshintergrund gekommen. Die Polizei setzte Wasserwerfer ein, der Nahverkehr wurde teilweise eingestellt.\n            <\/div>\n<p><\/p>\n<div class=\"Text-root Text-type_5 ArticleView-text ViewText-root \">\n<p>In der belgischen Hauptstadt Br\u00fcssel ist es nach der 0:2-Niederlage des Nationalteams gegen Marokko im zweiten Gruppenspiel der Fu\u00dfball-Weltmeisterschaft zu Ausschreitungen gekommen. Rund 100 Polizisten mit Wasserwerfern mussten gegen\u00a0Jugendliche vorgehen, die Stadtmobiliar zerst\u00f6rten und die Beamten mit Gegenst\u00e4nden bewarfen, berichtete die Nachrichtenagentur <em>Belga<\/em> am Sonntagnachmittag.<\/p>\n<div class=\"EmbedBlock-root EmbedBlock-twitter\">\n<div class=\"TwitterEmbed\">\n<blockquote class=\"twitter-tweet lazyload\" data-twitter=\"twitter-tweet\">\n<p lang=\"en\" dir=\"ltr\">Riots have broken out in Brussels, Belgium following the 2-0 defeat against Morocco. Hundreds of police officers have responded. Widespread destruction reported &#8211; De Standaard <a rel=\"nofollow noopener\" target=\"_blank\" href=\"https:\/\/t.co\/tfSgwJJl0y\">pic.twitter.com\/tfSgwJJl0y<\/a><\/p>\n<p>\u2014 Faytuks News \u0394 (@Faytuks) <a rel=\"nofollow noopener\" target=\"_blank\" href=\"https:\/\/twitter.com\/Faytuks\/status\/1596893937788231681?ref_src=twsrc%5Etfw\">November 27, 2022<\/a><\/p><\/blockquote>\n<\/div>\n<\/div>\n<p>Auch in den\u00a0Niederlanden kam es Berichten zufolge zu Ausschreitungen. Zur Identit\u00e4t der Randalierer gab es zun\u00e4chst keine Angaben. In Videos, die in sozialen Netzwerken kursieren und Teile der Ausschreitungen zeigen sollen, sind Menschen ausl\u00e4ndischer Herkunft zu sehen, die zum Teil Marokko-Fanutensilien mit sich f\u00fchren.<\/p>\n<p>Die Br\u00fcsseler Polizei forderte die Menschen \u00fcber Twitter dazu auf, den Boulevard du Midi und angrenzende Stra\u00dfen im Zentrum der Stadt zu meiden. &#8220;Die Polizei hat bereits energisch eingegriffen. Ich rate daher allen Fans davon ab, in das Stadtzentrum zu kommen&#8221;, schrieb Br\u00fcssels B\u00fcrgermeister Philippe Close auf Twitter. Er habe angewiesen, Unruhestifter festzunehmen. Auf Verlangen der Polizei wurde der Nahverkehr in Br\u00fcssel teilweise eingestellt, wie der \u00f6rtliche Verkehrsbetrieb ebenfalls auf Twitter mitteilte.<\/p>\n<div class=\"EmbedBlock-root EmbedBlock-twitter\">\n<div class=\"TwitterEmbed\">\n<blockquote class=\"twitter-tweet lazyload\" data-twitter=\"twitter-tweet\">\n<p lang=\"nl\" dir=\"ltr\">Ik veroordeel ten strengste de incidenten die zich deze namiddag hebben voorgedaan. De politie is al hard opgetreden. Ik raad supporters dus af om naar het centrum te komen. De politie doet er alles aan om de openbare orde te bewaren. (1\/2)<\/p>\n<p>\u2014 Philippe Close (@PhilippeClose) <a rel=\"nofollow noopener\" target=\"_blank\" href=\"https:\/\/twitter.com\/PhilippeClose\/status\/1596886263403249665?ref_src=twsrc%5Etfw\">November 27, 2022<\/a><\/p><\/blockquote>\n<\/div>\n<\/div>\n<p>Laut einer Polizeisprecherin hatten gegen 15.20 Uhr Dutzende Personen die Konfrontation mit den Ordnungskr\u00e4ften gesucht. Dabei sei unter anderem Pyrotechnik eingesetzt und Feuer auf Stra\u00dfen gelegt worden. Belgiens Premier Alexander De Croo kritisierte die\u00a0Gewalt und sagte laut\u00a0<em>Belga<\/em>: &#8220;Fu\u00dfball muss ein Fest sein.&#8221;<\/p>\n<p>Auch in den\u00a0Niederlanden kam es zu Unruhen &#8211; unter anderem in Rotterdam, Amsterdam und Den Haag, wie die niederl\u00e4ndische Nachrichtenagentur <em>ANP<\/em> berichtete. Die Polizei sch\u00e4tzte die Gruppe der Unruhestifter in\u00a0Rotterdam den\u00a0Angaben zufolge auf 500 Menschen. Es seien Feuerwerksk\u00f6rper und Glas auf die Polizei geworfen worden.<\/p>\n<div class=\"EmbedBlock-root EmbedBlock-twitter\">\n<div class=\"TwitterEmbed\">\n<blockquote class=\"twitter-tweet lazyload\" data-twitter=\"twitter-tweet\">\n<p lang=\"fr\" dir=\"ltr\">Au Maroc \u00e7a c\u00e9l\u00e8bre la victoire dans la joie et la bonne humeur alors que ici \u00e0 Bruxelles des jeunes sortes en villes pour tout casser c&#8217;est trop grave \ud83d\udc80 <a rel=\"nofollow noopener\" target=\"_blank\" href=\"https:\/\/t.co\/bD1gGZVmGe\">pic.twitter.com\/bD1gGZVmGe<\/a><\/p>\n<p>\u2014 Sabriiiioche \ud83e\udee1 (@Sabriiiiioche) <a rel=\"nofollow noopener\" target=\"_blank\" href=\"https:\/\/twitter.com\/Sabriiiiioche\/status\/1596889323290259456?ref_src=twsrc%5Etfw\">November 27, 2022<\/a><\/p><\/blockquote>\n<\/div>\n<\/div>\n<p>In Marokko wurde der \u00fcberraschende Sieg anders als in Belgien und den Niederlanden offenbar friedlich und ausgelassen gefeiert.<\/p>\n<p><strong>Mehr zum Thema<\/strong> &#8211; <a rel=\"nofollow noopener\" target=\"_blank\" href=\"https:\/\/de.rt.com\/meinung\/155085-kampagne-gegen-wm-gastgeber-warum\/\">Kampagne gegen WM-Gastgeber: Warum wird Katar im Westen angefeindet?<\/a><\/p>\n<p><em>rt\/dpa<\/em><\/p>\n<\/div>\n<p><script async src=\"https:\/\/platform.twitter.com\/widgets.js\" charset=\"utf-8\"><\/script><br \/>\n<br \/><br \/>\n<br \/><a href=\"https:\/\/de.rt.com\/europa\/155623-nach-marokkos-wm-sieg-ueber\/\">Source link <\/a><\/p>\n","protected":false},"excerpt":{"rendered":"<p>Nach dem Sieg der marokkanischen Nationalmannschaft \u00fcber Belgien ist es in der belgischen Hauptstadt zu gewaltt\u00e4tigen Ausschreitungen von Jugendlichen mit Migrationshintergrund gekommen. Die Polizei setzte Wasserwerfer ein, der Nahverkehr wurde teilweise eingestellt. In der belgischen Hauptstadt Br\u00fcssel ist es nach der 0:2-Niederlage des Nationalteams gegen Marokko im zweiten Gruppenspiel der Fu\u00dfball-Weltmeisterschaft zu Ausschreitungen gekommen. Rund [&hellip;]<\/p>\n","protected":false},"author":3,"featured_media":24158,"comment_status":"open","ping_status":"open","sticky":false,"template":"","format":"standard","meta":{"_yoast_indexnow_last_ping":["1669576682"],"wp_automatic_camp":["217"],"60a179b8f6c5d970b6fb43fcfcef419a":["Nach Marokkos WM-Sieg \u00fcber Belgien: Randale in Belgien und den Niederlanden"],"original_link":["https:\/\/de.rt.com\/europa\/155623-nach-marokkos-wm-sieg-ueber\/"],"_thumbnail_id":["24158"],"jnews_social_counter_last_update":["1777586117"]},"categories":[19,23],"tags":[21433,48,5693,979,26318,36578,139,140,36577],"yoast_head":"<!-- This site is optimized with the Yoast SEO Premium plugin v22.7 (Yoast SEO v22.7) - https:\/\/yoast.com\/wordpress\/plugins\/seo\/ -->\n<title>Nach Marokkos WM-Sieg \u00fcber Belgien: Randale in Belgien und den Niederlanden - just-now.NEWS Deutschland<\/title>\n<meta name=\"robots\" content=\"index, follow, max-snippet:-1, max-image-preview:large, max-video-preview:-1\" \/>\n<link rel=\"canonical\" href=\"https:\/\/now-news.de\/de\/deutschland\/nach-marokkos-wm-sieg-ueber-belgien-randale-in-belgien-und-den-niederlanden\/\" \/>\n<meta property=\"og:locale\" content=\"de_DE\" \/>\n<meta property=\"og:type\" content=\"article\" \/>\n<meta property=\"og:title\" content=\"Nach Marokkos WM-Sieg \u00fcber Belgien: Randale in Belgien und den Niederlanden\" \/>\n<meta property=\"og:description\" content=\"Nach dem Sieg der marokkanischen Nationalmannschaft \u00fcber Belgien ist es in der belgischen Hauptstadt zu gewaltt\u00e4tigen Ausschreitungen von Jugendlichen mit Migrationshintergrund gekommen. Die Polizei setzte Wasserwerfer ein, der Nahverkehr wurde teilweise eingestellt. In der belgischen Hauptstadt Br\u00fcssel ist es nach der 0:2-Niederlage des Nationalteams gegen Marokko im zweiten Gruppenspiel der Fu\u00dfball-Weltmeisterschaft zu Ausschreitungen gekommen. Rund [&hellip;]\" \/>\n<meta property=\"og:url\" content=\"https:\/\/now-news.de\/de\/deutschland\/nach-marokkos-wm-sieg-ueber-belgien-randale-in-belgien-und-den-niederlanden\/\" \/>\n<meta property=\"og:site_name\" content=\"just-now.NEWS Deutschland\" \/>\n<meta property=\"article:publisher\" content=\"https:\/\/www.facebook.com\/wirmachenauf\" \/>\n<meta property=\"article:published_time\" content=\"2022-11-27T19:16:58+00:00\" \/>\n<meta property=\"og:image\" content=\"https:\/\/now-news.de\/de\/wp-content\/uploads\/sites\/3\/2022\/11\/Nach-Marokkos-WM-Sieg-ueber-Belgien-Randale-in-Belgien-und-den.jpg\" \/>\n\t<meta property=\"og:image:width\" content=\"460\" \/>\n\t<meta property=\"og:image:height\" content=\"259\" \/>\n\t<meta property=\"og:image:type\" content=\"image\/jpeg\" \/>\n<meta name=\"author\" content=\"rtnews\" \/>\n<meta name=\"twitter:card\" content=\"summary_large_image\" \/>\n<meta name=\"twitter:creator\" content=\"@WirMachenAuf_de\" \/>\n<meta name=\"twitter:site\" content=\"@WirMachenAuf_de\" \/>\n<meta name=\"twitter:label1\" content=\"Verfasst von\" \/>\n\t<meta name=\"twitter:data1\" content=\"rtnews\" \/>\n\t<meta name=\"twitter:label2\" content=\"Gesch\u00e4tzte Lesezeit\" \/>\n\t<meta name=\"twitter:data2\" content=\"2\u00a0Minuten\" \/>\n<script type=\"application\/ld+json\" class=\"yoast-schema-graph\">{\"@context\":\"https:\/\/schema.org\",\"@graph\":[{\"@type\":\"Article\",\"@id\":\"https:\/\/now-news.de\/de\/deutschland\/nach-marokkos-wm-sieg-ueber-belgien-randale-in-belgien-und-den-niederlanden\/#article\",\"isPartOf\":{\"@id\":\"https:\/\/now-news.de\/de\/deutschland\/nach-marokkos-wm-sieg-ueber-belgien-randale-in-belgien-und-den-niederlanden\/\"},\"author\":{\"name\":\"rtnews\",\"@id\":\"https:\/\/now-news.de\/de\/#\/schema\/person\/fb534a4e865501d8b3285208df34a9b5\"},\"headline\":\"Nach Marokkos WM-Sieg \u00fcber Belgien: Randale in Belgien und den Niederlanden\",\"datePublished\":\"2022-11-27T19:16:58+00:00\",\"dateModified\":\"2022-11-27T19:16:58+00:00\",\"mainEntityOfPage\":{\"@id\":\"https:\/\/now-news.de\/de\/deutschland\/nach-marokkos-wm-sieg-ueber-belgien-randale-in-belgien-und-den-niederlanden\/\"},\"wordCount\":469,\"commentCount\":0,\"publisher\":{\"@id\":\"https:\/\/now-news.de\/de\/#organization\"},\"image\":{\"@id\":\"https:\/\/now-news.de\/de\/deutschland\/nach-marokkos-wm-sieg-ueber-belgien-randale-in-belgien-und-den-niederlanden\/#primaryimage\"},\"thumbnailUrl\":\"https:\/\/now-news.de\/de\/wp-content\/uploads\/sites\/3\/2022\/11\/Nach-Marokkos-WM-Sieg-ueber-Belgien-Randale-in-Belgien-und-den.jpg\",\"keywords\":[\"Belgien\",\"den\",\"Marokkos\",\"nach\",\"Niederlanden\",\"Randale\",\"\u00fcber\",\"und\",\"WMSieg\"],\"articleSection\":[\"Deutschland\",\"Russland\"],\"inLanguage\":\"de\",\"potentialAction\":[{\"@type\":\"CommentAction\",\"name\":\"Comment\",\"target\":[\"https:\/\/now-news.de\/de\/deutschland\/nach-marokkos-wm-sieg-ueber-belgien-randale-in-belgien-und-den-niederlanden\/#respond\"]}]},{\"@type\":\"WebPage\",\"@id\":\"https:\/\/now-news.de\/de\/deutschland\/nach-marokkos-wm-sieg-ueber-belgien-randale-in-belgien-und-den-niederlanden\/\",\"url\":\"https:\/\/now-news.de\/de\/deutschland\/nach-marokkos-wm-sieg-ueber-belgien-randale-in-belgien-und-den-niederlanden\/\",\"name\":\"Nach Marokkos WM-Sieg \u00fcber Belgien: Randale in Belgien und den Niederlanden - just-now.NEWS Deutschland\",\"isPartOf\":{\"@id\":\"https:\/\/now-news.de\/de\/#website\"},\"primaryImageOfPage\":{\"@id\":\"https:\/\/now-news.de\/de\/deutschland\/nach-marokkos-wm-sieg-ueber-belgien-randale-in-belgien-und-den-niederlanden\/#primaryimage\"},\"image\":{\"@id\":\"https:\/\/now-news.de\/de\/deutschland\/nach-marokkos-wm-sieg-ueber-belgien-randale-in-belgien-und-den-niederlanden\/#primaryimage\"},\"thumbnailUrl\":\"https:\/\/now-news.de\/de\/wp-content\/uploads\/sites\/3\/2022\/11\/Nach-Marokkos-WM-Sieg-ueber-Belgien-Randale-in-Belgien-und-den.jpg\",\"datePublished\":\"2022-11-27T19:16:58+00:00\",\"dateModified\":\"2022-11-27T19:16:58+00:00\",\"breadcrumb\":{\"@id\":\"https:\/\/now-news.de\/de\/deutschland\/nach-marokkos-wm-sieg-ueber-belgien-randale-in-belgien-und-den-niederlanden\/#breadcrumb\"},\"inLanguage\":\"de\",\"potentialAction\":[{\"@type\":\"ReadAction\",\"target\":[\"https:\/\/now-news.de\/de\/deutschland\/nach-marokkos-wm-sieg-ueber-belgien-randale-in-belgien-und-den-niederlanden\/\"]}]},{\"@type\":\"ImageObject\",\"inLanguage\":\"de\",\"@id\":\"https:\/\/now-news.de\/de\/deutschland\/nach-marokkos-wm-sieg-ueber-belgien-randale-in-belgien-und-den-niederlanden\/#primaryimage\",\"url\":\"https:\/\/now-news.de\/de\/wp-content\/uploads\/sites\/3\/2022\/11\/Nach-Marokkos-WM-Sieg-ueber-Belgien-Randale-in-Belgien-und-den.jpg\",\"contentUrl\":\"https:\/\/now-news.de\/de\/wp-content\/uploads\/sites\/3\/2022\/11\/Nach-Marokkos-WM-Sieg-ueber-Belgien-Randale-in-Belgien-und-den.jpg\",\"width\":460,\"height\":259,\"caption\":\"Nach Marokkos WM-Sieg \u00fcber Belgien: Randale in Belgien und den Niederlanden\"},{\"@type\":\"BreadcrumbList\",\"@id\":\"https:\/\/now-news.de\/de\/deutschland\/nach-marokkos-wm-sieg-ueber-belgien-randale-in-belgien-und-den-niederlanden\/#breadcrumb\",\"itemListElement\":[{\"@type\":\"ListItem\",\"position\":1,\"name\":\"Home\",\"item\":\"https:\/\/now-news.de\/de\/\"},{\"@type\":\"ListItem\",\"position\":2,\"name\":\"Nach Marokkos WM-Sieg \u00fcber Belgien: Randale in Belgien und den Niederlanden\"}]},{\"@type\":\"WebSite\",\"@id\":\"https:\/\/now-news.de\/de\/#website\",\"url\":\"https:\/\/now-news.de\/de\/\",\"name\":\"just-now.NEWS Deutschland\",\"description\":\"Das Portal f\u00fcr unzensierte Nachrichten aus der Welt\",\"publisher\":{\"@id\":\"https:\/\/now-news.de\/de\/#organization\"},\"potentialAction\":[{\"@type\":\"SearchAction\",\"target\":{\"@type\":\"EntryPoint\",\"urlTemplate\":\"https:\/\/now-news.de\/de\/?s={search_term_string}\"},\"query-input\":\"required name=search_term_string\"}],\"inLanguage\":\"de\"},{\"@type\":\"Organization\",\"@id\":\"https:\/\/now-news.de\/de\/#organization\",\"name\":\"Just Now News\",\"url\":\"https:\/\/now-news.de\/de\/\",\"logo\":{\"@type\":\"ImageObject\",\"inLanguage\":\"de\",\"@id\":\"https:\/\/now-news.de\/de\/#\/schema\/logo\/image\/\",\"url\":\"http:\/\/just-now.news\/de\/wp-content\/uploads\/sites\/3\/2022\/04\/logo500x500.jpg\",\"contentUrl\":\"http:\/\/just-now.news\/de\/wp-content\/uploads\/sites\/3\/2022\/04\/logo500x500.jpg\",\"width\":500,\"height\":500,\"caption\":\"Just Now News\"},\"image\":{\"@id\":\"https:\/\/now-news.de\/de\/#\/schema\/logo\/image\/\"},\"sameAs\":[\"https:\/\/www.facebook.com\/wirmachenauf\",\"https:\/\/x.com\/WirMachenAuf_de\"]},{\"@type\":\"Person\",\"@id\":\"https:\/\/now-news.de\/de\/#\/schema\/person\/fb534a4e865501d8b3285208df34a9b5\",\"name\":\"rtnews\",\"image\":{\"@type\":\"ImageObject\",\"inLanguage\":\"de\",\"@id\":\"https:\/\/now-news.de\/de\/#\/schema\/person\/image\/\",\"url\":\"https:\/\/secure.gravatar.com\/avatar\/82aafea7d8127119dd649515f56e2117?s=96&d=mm&r=g\",\"contentUrl\":\"https:\/\/secure.gravatar.com\/avatar\/82aafea7d8127119dd649515f56e2117?s=96&d=mm&r=g\",\"caption\":\"rtnews\"},\"url\":\"https:\/\/now-news.de\/de\/author\/rnews\/\"}]}<\/script>\n<!-- \/ Yoast SEO Premium plugin. -->","yoast_head_json":{"title":"Nach Marokkos WM-Sieg \u00fcber Belgien: Randale in Belgien und den Niederlanden - just-now.NEWS Deutschland","robots":{"index":"index","follow":"follow","max-snippet":"max-snippet:-1","max-image-preview":"max-image-preview:large","max-video-preview":"max-video-preview:-1"},"canonical":"https:\/\/now-news.de\/de\/deutschland\/nach-marokkos-wm-sieg-ueber-belgien-randale-in-belgien-und-den-niederlanden\/","og_locale":"de_DE","og_type":"article","og_title":"Nach Marokkos WM-Sieg \u00fcber Belgien: Randale in Belgien und den Niederlanden","og_description":"Nach dem Sieg der marokkanischen Nationalmannschaft \u00fcber Belgien ist es in der belgischen Hauptstadt zu gewaltt\u00e4tigen Ausschreitungen von Jugendlichen mit Migrationshintergrund gekommen. Die Polizei setzte Wasserwerfer ein, der Nahverkehr wurde teilweise eingestellt. In der belgischen Hauptstadt Br\u00fcssel ist es nach der 0:2-Niederlage des Nationalteams gegen Marokko im zweiten Gruppenspiel der Fu\u00dfball-Weltmeisterschaft zu Ausschreitungen gekommen. Rund [&hellip;]","og_url":"https:\/\/now-news.de\/de\/deutschland\/nach-marokkos-wm-sieg-ueber-belgien-randale-in-belgien-und-den-niederlanden\/","og_site_name":"just-now.NEWS Deutschland","article_publisher":"https:\/\/www.facebook.com\/wirmachenauf","article_published_time":"2022-11-27T19:16:58+00:00","og_image":[{"width":460,"height":259,"url":"https:\/\/now-news.de\/de\/wp-content\/uploads\/sites\/3\/2022\/11\/Nach-Marokkos-WM-Sieg-ueber-Belgien-Randale-in-Belgien-und-den.jpg","type":"image\/jpeg"}],"author":"rtnews","twitter_card":"summary_large_image","twitter_creator":"@WirMachenAuf_de","twitter_site":"@WirMachenAuf_de","twitter_misc":{"Verfasst von":"rtnews","Gesch\u00e4tzte Lesezeit":"2\u00a0Minuten"},"schema":{"@context":"https:\/\/schema.org","@graph":[{"@type":"Article","@id":"https:\/\/now-news.de\/de\/deutschland\/nach-marokkos-wm-sieg-ueber-belgien-randale-in-belgien-und-den-niederlanden\/#article","isPartOf":{"@id":"https:\/\/now-news.de\/de\/deutschland\/nach-marokkos-wm-sieg-ueber-belgien-randale-in-belgien-und-den-niederlanden\/"},"author":{"name":"rtnews","@id":"https:\/\/now-news.de\/de\/#\/schema\/person\/fb534a4e865501d8b3285208df34a9b5"},"headline":"Nach Marokkos WM-Sieg \u00fcber Belgien: Randale in Belgien und den Niederlanden","datePublished":"2022-11-27T19:16:58+00:00","dateModified":"2022-11-27T19:16:58+00:00","mainEntityOfPage":{"@id":"https:\/\/now-news.de\/de\/deutschland\/nach-marokkos-wm-sieg-ueber-belgien-randale-in-belgien-und-den-niederlanden\/"},"wordCount":469,"commentCount":0,"publisher":{"@id":"https:\/\/now-news.de\/de\/#organization"},"image":{"@id":"https:\/\/now-news.de\/de\/deutschland\/nach-marokkos-wm-sieg-ueber-belgien-randale-in-belgien-und-den-niederlanden\/#primaryimage"},"thumbnailUrl":"https:\/\/now-news.de\/de\/wp-content\/uploads\/sites\/3\/2022\/11\/Nach-Marokkos-WM-Sieg-ueber-Belgien-Randale-in-Belgien-und-den.jpg","keywords":["Belgien","den","Marokkos","nach","Niederlanden","Randale","\u00fcber","und","WMSieg"],"articleSection":["Deutschland","Russland"],"inLanguage":"de","potentialAction":[{"@type":"CommentAction","name":"Comment","target":["https:\/\/now-news.de\/de\/deutschland\/nach-marokkos-wm-sieg-ueber-belgien-randale-in-belgien-und-den-niederlanden\/#respond"]}]},{"@type":"WebPage","@id":"https:\/\/now-news.de\/de\/deutschland\/nach-marokkos-wm-sieg-ueber-belgien-randale-in-belgien-und-den-niederlanden\/","url":"https:\/\/now-news.de\/de\/deutschland\/nach-marokkos-wm-sieg-ueber-belgien-randale-in-belgien-und-den-niederlanden\/","name":"Nach Marokkos WM-Sieg \u00fcber Belgien: Randale in Belgien und den Niederlanden - just-now.NEWS Deutschland","isPartOf":{"@id":"https:\/\/now-news.de\/de\/#website"},"primaryImageOfPage":{"@id":"https:\/\/now-news.de\/de\/deutschland\/nach-marokkos-wm-sieg-ueber-belgien-randale-in-belgien-und-den-niederlanden\/#primaryimage"},"image":{"@id":"https:\/\/now-news.de\/de\/deutschland\/nach-marokkos-wm-sieg-ueber-belgien-randale-in-belgien-und-den-niederlanden\/#primaryimage"},"thumbnailUrl":"https:\/\/now-news.de\/de\/wp-content\/uploads\/sites\/3\/2022\/11\/Nach-Marokkos-WM-Sieg-ueber-Belgien-Randale-in-Belgien-und-den.jpg","datePublished":"2022-11-27T19:16:58+00:00","dateModified":"2022-11-27T19:16:58+00:00","breadcrumb":{"@id":"https:\/\/now-news.de\/de\/deutschland\/nach-marokkos-wm-sieg-ueber-belgien-randale-in-belgien-und-den-niederlanden\/#breadcrumb"},"inLanguage":"de","potentialAction":[{"@type":"ReadAction","target":["https:\/\/now-news.de\/de\/deutschland\/nach-marokkos-wm-sieg-ueber-belgien-randale-in-belgien-und-den-niederlanden\/"]}]},{"@type":"ImageObject","inLanguage":"de","@id":"https:\/\/now-news.de\/de\/deutschland\/nach-marokkos-wm-sieg-ueber-belgien-randale-in-belgien-und-den-niederlanden\/#primaryimage","url":"https:\/\/now-news.de\/de\/wp-content\/uploads\/sites\/3\/2022\/11\/Nach-Marokkos-WM-Sieg-ueber-Belgien-Randale-in-Belgien-und-den.jpg","contentUrl":"https:\/\/now-news.de\/de\/wp-content\/uploads\/sites\/3\/2022\/11\/Nach-Marokkos-WM-Sieg-ueber-Belgien-Randale-in-Belgien-und-den.jpg","width":460,"height":259,"caption":"Nach Marokkos WM-Sieg \u00fcber Belgien: Randale in Belgien und den Niederlanden"},{"@type":"BreadcrumbList","@id":"https:\/\/now-news.de\/de\/deutschland\/nach-marokkos-wm-sieg-ueber-belgien-randale-in-belgien-und-den-niederlanden\/#breadcrumb","itemListElement":[{"@type":"ListItem","position":1,"name":"Home","item":"https:\/\/now-news.de\/de\/"},{"@type":"ListItem","position":2,"name":"Nach Marokkos WM-Sieg \u00fcber Belgien: Randale in Belgien und den Niederlanden"}]},{"@type":"WebSite","@id":"https:\/\/now-news.de\/de\/#website","url":"https:\/\/now-news.de\/de\/","name":"just-now.NEWS Deutschland","description":"Das Portal f\u00fcr unzensierte Nachrichten aus der Welt","publisher":{"@id":"https:\/\/now-news.de\/de\/#organization"},"potentialAction":[{"@type":"SearchAction","target":{"@type":"EntryPoint","urlTemplate":"https:\/\/now-news.de\/de\/?s={search_term_string}"},"query-input":"required name=search_term_string"}],"inLanguage":"de"},{"@type":"Organization","@id":"https:\/\/now-news.de\/de\/#organization","name":"Just Now News","url":"https:\/\/now-news.de\/de\/","logo":{"@type":"ImageObject","inLanguage":"de","@id":"https:\/\/now-news.de\/de\/#\/schema\/logo\/image\/","url":"http:\/\/just-now.news\/de\/wp-content\/uploads\/sites\/3\/2022\/04\/logo500x500.jpg","contentUrl":"http:\/\/just-now.news\/de\/wp-content\/uploads\/sites\/3\/2022\/04\/logo500x500.jpg","width":500,"height":500,"caption":"Just Now News"},"image":{"@id":"https:\/\/now-news.de\/de\/#\/schema\/logo\/image\/"},"sameAs":["https:\/\/www.facebook.com\/wirmachenauf","https:\/\/x.com\/WirMachenAuf_de"]},{"@type":"Person","@id":"https:\/\/now-news.de\/de\/#\/schema\/person\/fb534a4e865501d8b3285208df34a9b5","name":"rtnews","image":{"@type":"ImageObject","inLanguage":"de","@id":"https:\/\/now-news.de\/de\/#\/schema\/person\/image\/","url":"https:\/\/secure.gravatar.com\/avatar\/82aafea7d8127119dd649515f56e2117?s=96&d=mm&r=g","contentUrl":"https:\/\/secure.gravatar.com\/avatar\/82aafea7d8127119dd649515f56e2117?s=96&d=mm&r=g","caption":"rtnews"},"url":"https:\/\/now-news.de\/de\/author\/rnews\/"}]}},"_links":{"self":[{"href":"https:\/\/now-news.de\/de\/wp-json\/wp\/v2\/posts\/24157"}],"collection":[{"href":"https:\/\/now-news.de\/de\/wp-json\/wp\/v2\/posts"}],"about":[{"href":"https:\/\/now-news.de\/de\/wp-json\/wp\/v2\/types\/post"}],"author":[{"embeddable":true,"href":"https:\/\/now-news.de\/de\/wp-json\/wp\/v2\/users\/3"}],"replies":[{"embeddable":true,"href":"https:\/\/now-news.de\/de\/wp-json\/wp\/v2\/comments?post=24157"}],"version-history":[{"count":0,"href":"https:\/\/now-news.de\/de\/wp-json\/wp\/v2\/posts\/24157\/revisions"}],"wp:featuredmedia":[{"embeddable":true,"href":"https:\/\/now-news.de\/de\/wp-json\/wp\/v2\/media\/24158"}],"wp:attachment":[{"href":"https:\/\/now-news.de\/de\/wp-json\/wp\/v2\/media?parent=24157"}],"wp:term":[{"taxonomy":"category","embeddable":true,"href":"https:\/\/now-news.de\/de\/wp-json\/wp\/v2\/categories?post=24157"},{"taxonomy":"post_tag","embeddable":true,"href":"https:\/\/now-news.de\/de\/wp-json\/wp\/v2\/tags?post=24157"}],"curies":[{"name":"wp","href":"https:\/\/api.w.org\/{rel}","templated":true}]}}