{"id":24155,"date":"2022-11-27T20:21:39","date_gmt":"2022-11-27T18:21:39","guid":{"rendered":"https:\/\/just-now.news\/de\/deutschland\/die-nato-und-ihre-beteiligung-am-krieg-in-der-ukraine\/"},"modified":"2022-11-27T20:21:39","modified_gmt":"2022-11-27T18:21:39","slug":"die-nato-und-ihre-beteiligung-am-krieg-in-der-ukraine","status":"publish","type":"post","link":"https:\/\/now-news.de\/de\/deutschland\/die-nato-und-ihre-beteiligung-am-krieg-in-der-ukraine\/","title":{"rendered":"Die NATO und ihre Beteiligung am Krieg in der Ukraine"},"content":{"rendered":"<div class=\"Text-root Text-type_1 \">\n                Hier geht es einmal nicht um die Frage, wie der Westen den Krieg in der Ukraine gestiftet hat, sondern wie er ihn heute weiter betreibt. Man muss einen Blick auf ver\u00f6ffentlichte Dokumente werfen, um zu erkennen, wie weit diese Beteiligung geht.\n            <\/div>\n<p><\/p>\n<div class=\"Text-root Text-type_5 ArticleView-text ViewText-root \">\n<p><em>Von Dagmar Henn<\/em><\/p>\n<p>Nach wie vor wird in Deutschland eisern behauptet, die NATO w\u00fcrde der Ukraine nur ein bisschen helfen,\u00a0und wer behaupte, sie sei l\u00e4ngst am Krieg beteiligt, verbreite einen Verschw\u00f6rungsmythos. Aber die NATO, vor allem die USA, sind l\u00e4ngst nicht nur beteiligt; ohne sie w\u00e4re dieser Krieg l\u00e4ngst vor\u00fcber. Nun ist es eine Sache, das abstrakt zu wissen, aber eine ganz andere, konkrete Beispiele vorgef\u00fchrt zu bekommen, wie weit diese Beteiligung geht.<\/p>\n<p>Es gibt nette Menschen, die haben eine Reihe von Memos <a rel=\"nofollow noopener\" target=\"_blank\" href=\"https:\/\/telegra.ph\/NATO-dayot-VSU-koordinaty-celej-CHast-2-11-24\">ver\u00f6ffentlicht<\/a>, die in den vergangenen Monaten der ukrainischen Seite zugingen. Und man kann wirklich nicht behaupten, es handle sich dabei um ein paar nicht ganz so wichtige Daten. Hier ein paar Beispiele.<\/p>\n<figure class=\"RTImage-root\">\n<div class=\"RTImage-image RTImage-original\"><picture class=\"Picture-root Picture-original\"><!--[if IE 9]><video style=\"display: none;\"><![endif]--><source media=\"(-webkit-min-device-pixel-ratio: 2) and (min-resolution: 120dpi)\" data-srcset=\" \nhttp:\/\/just-now.news\/de\/wp-content\/uploads\/sites\/3\/2022\/11\/6380eb85b480cc76be638b19.jpg 850w,\n                http:\/\/just-now.news\/de\/wp-content\/uploads\/sites\/3\/2022\/11\/6380eb85b480cc76be638b19.jpg 1960w,\n            \" ><source data-srcset=\" \nhttp:\/\/just-now.news\/de\/wp-content\/uploads\/sites\/3\/2022\/11\/6380eb85b480cc76be638b19.jpg 460w,\n              http:\/\/just-now.news\/de\/wp-content\/uploads\/sites\/3\/2022\/11\/6380eb85b480cc76be638b19.jpg 980w,\n            \" ><!--[if IE 9]><\/video><![endif]--><img decoding=\"async\" data- src=\"data:image\/png;base64,iVBORw0KGgoAAAANSUhEUgAAABAAAAAJCAQAAACRI2S5AAAAEElEQVR42mNkIAAYRxWAAQAG9gAKqv6+AwAAAABJRU5ErkJggg==\" class=\"Picture-root Picture-original lazyload\" data-src=\"http:\/\/just-now.news\/de\/wp-content\/uploads\/sites\/3\/2022\/11\/6380eb85b480cc76be638b19.jpg\" alt=\"\"><\/source><\/source><\/picture><!-- noscript pattern --><noscript><img decoding=\"async\" src=\"http:\/\/just-now.news\/de\/wp-content\/uploads\/sites\/3\/2022\/11\/6380eb85b480cc76be638b19.jpg\" alt=\"\"><\/noscript><\/div>\n<\/figure>\n<p>Wie man sieht, eine Karte vom 3. Juli, die die Positionen russischer Truppeneinheiten anzeigt. Das ist so ungef\u00e4hr das, was man sich unter solcher Unterst\u00fctzung vorstellt. \u00dcbrigens, wenn man in dem etwas unsortierten Paket dieser Ver\u00f6ffentlichung anschaut, wie sich die Menge der weitergereichten Daten entwickelt, sieht man von M\u00e4rz bis Juli eine deutliche Ver\u00e4nderung: Sie werden immer detaillierter; im Juli sind sie bereits so detailliert, dass es einer direkten Beteiligung gleichkommt.<\/p>\n<figure class=\"RTImage-root\">\n<div class=\"RTImage-image RTImage-original\"><picture class=\"Picture-root Picture-original\"><!--[if IE 9]><video style=\"display: none;\"><![endif]--><source media=\"(-webkit-min-device-pixel-ratio: 2) and (min-resolution: 120dpi)\" data-srcset=\" \nhttp:\/\/just-now.news\/de\/wp-content\/uploads\/sites\/3\/2022\/11\/6380ebae48fbef746c10ad70.jpg 850w,\n                http:\/\/just-now.news\/de\/wp-content\/uploads\/sites\/3\/2022\/11\/6380ebae48fbef746c10ad70.jpg 1960w,\n            \" ><source data-srcset=\" \nhttp:\/\/just-now.news\/de\/wp-content\/uploads\/sites\/3\/2022\/11\/6380ebae48fbef746c10ad70.jpg 460w,\n              http:\/\/just-now.news\/de\/wp-content\/uploads\/sites\/3\/2022\/11\/6380ebae48fbef746c10ad70.jpg 980w,\n            \" ><!--[if IE 9]><\/video><![endif]--><img decoding=\"async\" data- src=\"data:image\/png;base64,iVBORw0KGgoAAAANSUhEUgAAABAAAAAJCAQAAACRI2S5AAAAEElEQVR42mNkIAAYRxWAAQAG9gAKqv6+AwAAAABJRU5ErkJggg==\" class=\"Picture-root Picture-original lazyload\" data-src=\"http:\/\/just-now.news\/de\/wp-content\/uploads\/sites\/3\/2022\/11\/6380ebae48fbef746c10ad70.jpg\" alt=\"\"><\/source><\/source><\/picture><!-- noscript pattern --><noscript><img decoding=\"async\" src=\"http:\/\/just-now.news\/de\/wp-content\/uploads\/sites\/3\/2022\/11\/6380ebae48fbef746c10ad70.jpg\" alt=\"\"><\/noscript><\/div>\n<\/figure>\n<p>Das ist ein Memo vom 4. Juli. Darin findet sich ein Reparaturdepot im Gebiet Cherson, 18,7 km nord\u00f6stlich der Stadt, in dem sich \u00fcber 25 gepanzerte Mannschaftstransporter und \u00fcber 15 Unterst\u00fctzungsfahrzeuge befunden haben sollen.<\/p>\n<p>Au\u00dferdem werden Luftabwehrgesch\u00fctze und Radare im Gebiet Lugansk aufgelistet; hier sieht man schon sehr pr\u00e4zise Angaben. Die Koordinaten kann man sich herauskopieren und auf Google Maps selbst finden.<\/p>\n<p>Aber es geht noch ein St\u00fcck genauer, und das ist bereits etwas, was man in der Wirtschaft Mikromanagement nennt. So sehen Listen aus, die t\u00e4glich an das ukrainische Milit\u00e4r gehen:<\/p>\n<figure class=\"RTImage-root\">\n<div class=\"RTImage-image RTImage-original\"><picture class=\"Picture-root Picture-original\"><!--[if IE 9]><video style=\"display: none;\"><![endif]--><source media=\"(-webkit-min-device-pixel-ratio: 2) and (min-resolution: 120dpi)\" data-srcset=\" \nhttp:\/\/just-now.news\/de\/wp-content\/uploads\/sites\/3\/2022\/11\/6380ebd848fbef746a7b8af9.jpg 850w,\n                http:\/\/just-now.news\/de\/wp-content\/uploads\/sites\/3\/2022\/11\/6380ebd848fbef746a7b8af9.jpg 1960w,\n            \" ><source data-srcset=\" \nhttp:\/\/just-now.news\/de\/wp-content\/uploads\/sites\/3\/2022\/11\/6380ebd848fbef746a7b8af9.jpg 460w,\n              http:\/\/just-now.news\/de\/wp-content\/uploads\/sites\/3\/2022\/11\/6380ebd848fbef746a7b8af9.jpg 980w,\n            \" ><!--[if IE 9]><\/video><![endif]--><img decoding=\"async\" data- src=\"data:image\/png;base64,iVBORw0KGgoAAAANSUhEUgAAABAAAAAJCAQAAACRI2S5AAAAEElEQVR42mNkIAAYRxWAAQAG9gAKqv6+AwAAAABJRU5ErkJggg==\" class=\"Picture-root Picture-original lazyload\" data-src=\"http:\/\/just-now.news\/de\/wp-content\/uploads\/sites\/3\/2022\/11\/6380ebd848fbef746a7b8af9.jpg\" alt=\"\"><\/source><\/source><\/picture><!-- noscript pattern --><noscript><img decoding=\"async\" src=\"http:\/\/just-now.news\/de\/wp-content\/uploads\/sites\/3\/2022\/11\/6380ebd848fbef746a7b8af9.jpg\" alt=\"\"><\/noscript><\/div>\n<\/figure>\n<p>Es\u00a0sind Listen mit genauen Zielkoordinaten, die so, wie sie da stehen, umgesetzt werden k\u00f6nnen. Ist das, in dieser Detailgenauigkeit, noch Unterst\u00fctzung, wenn die Mannschaften einzelner Gesch\u00fctze im Grunde bereits unmittelbar unter NATO-Kommando arbeiten?<\/p>\n<p>Dabei muss man ins Ged\u00e4chtnis rufen, dass die Ukraine kein Mitglied dieser Milit\u00e4rallianz ist und sie noch nicht einmal Beistandsvertr\u00e4ge mit irgendeinem der Staaten besitzt, die sich nun so eifrig einmischen. Es ist inzwischen in vielen F\u00e4llen (wie bei den HIMARS-Raketenwerfern) sogar fraglich, ob \u00fcberhaupt noch Ukrainer diese Ger\u00e4tschaften bedienen, und es nicht l\u00e4ngst &#8220;Freiwillige&#8221; aus NATO-Armeen sind.<\/p>\n<p>Wie ist es denn zu werten, wenn eine deutsche Panzerhaubitze\u00a0\u2013 bedient von, sagen wir einmal, polnischen S\u00f6ldnern\u00a0\u2013 anhand einer solchen von der NATO gelieferten Zielliste ein russisches Ziel beschie\u00dft? Ist das immer noch keine Beteiligung? Oder wer ist da beteiligt, nur der Staat, aus dem die Bedienmannschaft stammt, der Staat, der das Gesch\u00fctz, oder der Staat, der die Koordinaten liefert? Momentan ist es wom\u00f6glich nur der Staat, auf dessen Boden das Gesch\u00fctz steht&#8230;<\/p>\n<p>Tats\u00e4chlich wird hier der zweite Grund sichtbar, aus dem die USA die Ukraine als Schauplatz ihres Krieges gegen Russland gew\u00e4hlt haben. Der erste war die noch vorhandene sowjetische R\u00fcstung, die zumindest am Anfang das ganze Unternehmen f\u00fcr die NATO sehr kosteng\u00fcnstig gestaltete (von der Tatsache ganz zu schweigen, dass sie diese Mengen Material schon nicht h\u00e4tte aufbringen k\u00f6nnen). Der zweite aber ergibt sich einzig aus der Tatsache, dass die Ukraine nicht Mitglied der NATO ist.<\/p>\n<p>W\u00e4re sie es bereits, w\u00e4re dies ein offen gef\u00fchrter Krieg der NATO gegen Russland, w\u00e4ren auch die technischen Aufkl\u00e4rungsmittel der NATO Ziele, und die Menge der Daten, die an die ukrainischen Truppen (oder welche auch immer) weitergereicht werden k\u00f6nnten, ginge deutlich zur\u00fcck. So wird ein Land, dessen eigene milit\u00e4rische Kapazit\u00e4ten deutlich geringer sind, mit F\u00e4higkeiten ausgestattet, wie sie nur ein hoch technisiertes Land besitzt. W\u00e4hrend gleichzeitig die &#8220;Spender&#8221; dieser Daten ihre H\u00e4nde in Unschuld waschen.<\/p>\n<p>Wie gesagt, die ver\u00f6ffentlichten Dokumente erwecken zumindest den Eindruck, dass Volumen und Genauigkeit der Daten seit Anfang des Konflikts deutlich zugenommen haben. Das mag allerdings t\u00e4uschen, weil sie immer nur von einzelnen Tagen stammen. Klar ist aber: Mit eigenen Mitteln h\u00e4tte die Ukraine nur einen Bruchteil dieser Zielliste erstellen k\u00f6nnen, und nur unter betr\u00e4chtlichem Aufwand.<\/p>\n<p>Der Krieg in der Ukraine w\u00e4re ohne diese Beteiligung l\u00e4ngst vor\u00fcber. Und selbst diejenigen in Westeuropa, die auf ihrer &#8220;Solidarit\u00e4t mit der Ukraine&#8221; bestehen, sollten irgendwann dar\u00fcber nachdenken, ob ein fr\u00fches Ende nicht besser gewesen w\u00e4re. Nicht nur, weil es die ukrainische Souver\u00e4nit\u00e4t, die sie angeblich zu verteidigen w\u00fcnschen, gar nicht gibt, weil das Land auch jetzt von au\u00dfen regiert wird; schlie\u00dflich wurde selbst im Westen inzwischen best\u00e4tigt, dass die Verhandlungen im M\u00e4rz in Istanbul ohne das Eingreifen von Boris Johnson erfolgreich gewesen w\u00e4ren.<\/p>\n<p>Nein, es wird so getan, als habe die Misere, in der sich die Ukraine inzwischen befindet, rein gar nichts mit dieser westlichen Unterst\u00fctzung zu tun. Ohne die zus\u00e4tzlichen Waffen und \u2013 vor allem \u2013 die zus\u00e4tzlichen Daten w\u00e4re der Krieg vor\u00fcber gewesen, ehe die Infrastruktur gr\u00f6\u00dferen Schaden gelitten h\u00e4tte. Es w\u00e4re nicht zur freundlichen Sprengung der Nord-Stream-Pipelines gekommen und ein gro\u00dfer Teil der Fl\u00fcchtlinge w\u00e4re bereits wieder zur\u00fcckgekehrt. Zehntausende junger ukrainischer M\u00e4nner w\u00e4ren noch am Leben. Und Europa w\u00fcrde nicht deindustrialisiert.<\/p>\n<p>Aber erst vor wenigen Tagen hielt es die Bundesregierung sogar f\u00fcr erforderlich, die Aussage von Boris Johnson in einem Interview mit dem kanadischen <em>CNN,<\/em> die Deutschen seien f\u00fcr ein schnelles Ende gewesen, hochoffiziell zu dementieren. Als w\u00e4re der schlimmste Vorwurf, den man ihr machen k\u00f6nnte, der, einen Anflug von Vernunft zu zeigen. Stattdessen <a rel=\"nofollow noopener\" target=\"_blank\" href=\"https:\/\/www.n-tv.de\/politik\/Russland-muss-verlieren-lernen-wie-Deutschland-1945-article23741918.html\">fordert<\/a> der CDU-Au\u00dfenpolitiker Roderich Kiesewetter, man solle endlich Leopard-Panzer an die Ukraine liefern.<\/p>\n<p>Dahinter verbirgt sich ein grenzenloses Vertrauen darauf, dass Russland den Schein weiter wahrt und zwar davon redet, es handele sich um einen Krieg gegen die NATO, aber nicht danach handelt. Tats\u00e4chlich wird die zutiefst unmoralische Verl\u00e4ngerung des Krieges den europ\u00e4ischen Bev\u00f6lkerungen als von Werten geleitete Handlung verkauft. W\u00e4hrend das von wirklichen Werten geleitete Vorgehen der russischen Armee, die Aufwand treibt, um zivile Opfer zu vermeiden, als &#8220;Vernichtungskrieg&#8221; etikettiert wird. Das ist ein Akt der Heimt\u00fccke sowohl Russland als auch den eigenen Bev\u00f6lkerungen gegen\u00fcber, deren Verarmung als unvermeidliche Folge einer vermeintlich edlen Unterst\u00fctzung der vermeintlich unschuldigen Ukraine dargestellt wird.<\/p>\n<p>Dabei sollten sich die Politiker des Westens dar\u00fcber klar sein, dass die russische Zur\u00fcckhaltung\u00a0\u2013 die darin besteht, auf diese Beteiligung nur rhetorisch, aber nicht milit\u00e4risch zu reagieren\u00a0\u2013 ein Vorteil von begrenzter Dauer sein kann. Nicht nur, weil solche halb verdeckten Beteiligungen an Kriegen historisch eine fatale Tendenz haben, doch zu offenen Beteiligungen zu werden \u2013 das kann man in der Geschichte des Vietnamkriegs nachlesen. Nein, auch, weil gerade, wenn diese halb verdeckte Beteiligung ihr angestrebtes Ziel erreichen sollte, die Kosten f\u00fcr Russland in die H\u00f6he zu treiben, irgendwann der Punkt erreicht ist, an dem diese Zur\u00fcckhaltung keinen Sinn mehr macht, weil die dadurch in Kauf genommenen Nachteile zu gro\u00df werden.<\/p>\n<p>Man kann eine ganze Reihe von Gr\u00fcnden f\u00fcr diese Zur\u00fcckhaltung anf\u00fchren. Dass die Verb\u00fcndeten der Entwicklung folgen k\u00f6nnen m\u00fcssen, beispielsweise; wie wichtig dieser Punkt ist, zeigte sich daran, dass die Teilmobilisierung erst nach dem Treffen in Samarkand erkl\u00e4rt wurde. Dass zumindest Russland das Risiko einer nuklearen Eskalation so weit wie m\u00f6glich begrenzen will. Dass vielleicht irgendwo doch noch auf einen Sieg der Vernunft in Westeuropa gesetzt wird.<\/p>\n<p>Aber inzwischen d\u00fcrfte au\u00dferhalb der westlichen Blase jedem klar sein, wer da wirklich gegen wen k\u00e4mpft, so dass der erste Punkt an Bedeutung verliert. Die Hoffnung auf Vernunft im Westen schrumpft von Tag zu Tag, und Erkl\u00e4rungen wie jene, Russland sei ein Staat, der den Terrorismus f\u00f6rdert (eine unglaubliche Dreistigkeit seitens einer EU, die nach wie vor syrische Terroristen finanziert), tragen bestens dazu bei, diesen Prozess zu beschleunigen. Und Provokationen wie jene mit der ukrainischen Rakete, die auf Polen abgeschossen wurde, lassen an der Wirksamkeit dieser Selbstbeschr\u00e4nkung zweifeln.<\/p>\n<p>Es ist ein geradezu unglaublich infantiles Verhalten, zu glauben, man k\u00f6nne seinem Gegen\u00fcber unbegrenzt gegen das Schienbein treten, nur weil es unter dem Tisch passiert. Diese Dokumente zeigen, dass die NATO bereits mindestens bis zur Halskrause im Krieg in der Ukraine steckt, wenn nicht bereits bis zu den Augenbrauen. Es mag sein, dass sich Russland das noch lange gefallen l\u00e4sst; immerhin ist es eine recht bequeme Methode, die NATO zu demilitarisieren, indem man sie ihre Ausr\u00fcstung gewisserma\u00dfen vor die Haust\u00fcr bringen l\u00e4sst. Aber die ganze Politik auf dieser Erwartung aufzubauen, immer noch eins draufzulegen und keinen Gedanken daran zu verschwenden, wie man anders als mit einer v\u00f6lligen eigenen Niederlage aus dieser Nummer wieder herauskommt, das ist Hybris von wahrhaft weltgeschichtlichem Ausma\u00df.<\/p>\n<p><strong>Mehr zum Thema<\/strong> &#8211; &#8220;<a rel=\"nofollow noopener\" target=\"_blank\" href=\"https:\/\/pressefreiheit.rtde.tech\/europa\/154896-mehr-oel-in-brennofen-hasses\/\">Mehr \u00d6l in den Brennofen des Hasses&#8221; \u2013 Reaktionen auf Massenmord an Kriegsgefangenen<\/a>\u00a0<\/p>\n<\/p>\n<\/div>\n<p><br \/>\n<br \/><a href=\"https:\/\/de.rt.com\/meinung\/155472-nato-und-ihre-beteiligung-am\/\">Source link <\/a><\/p>\n","protected":false},"excerpt":{"rendered":"<p>Hier geht es einmal nicht um die Frage, wie der Westen den Krieg in der Ukraine gestiftet hat, sondern wie er ihn heute weiter betreibt. Man muss einen Blick auf ver\u00f6ffentlichte Dokumente werfen, um zu erkennen, wie weit diese Beteiligung geht. Von Dagmar Henn Nach wie vor wird in Deutschland eisern behauptet, die NATO w\u00fcrde [&hellip;]<\/p>\n","protected":false},"author":3,"featured_media":24156,"comment_status":"open","ping_status":"open","sticky":false,"template":"","format":"standard","meta":{"_yoast_indexnow_last_ping":["1669573745"],"wp_automatic_camp":["217"],"7b26f746eb8e9a7e51633162c85e1fea":["Die NATO und ihre Beteiligung am Krieg in der Ukraine"],"original_link":["https:\/\/de.rt.com\/meinung\/155472-nato-und-ihre-beteiligung-am\/"],"_thumbnail_id":["24156"],"jnews_social_counter_last_update":["1777180086"]},"categories":[19,23],"tags":[4912,82,45,1908,130,2697,127,140],"yoast_head":"<!-- This site is optimized with the Yoast SEO Premium plugin v22.7 (Yoast SEO v22.7) - https:\/\/yoast.com\/wordpress\/plugins\/seo\/ -->\n<title>Die NATO und ihre Beteiligung am Krieg in der Ukraine - just-now.NEWS Deutschland<\/title>\n<meta name=\"robots\" content=\"index, follow, max-snippet:-1, max-image-preview:large, max-video-preview:-1\" \/>\n<link rel=\"canonical\" href=\"https:\/\/now-news.de\/de\/deutschland\/die-nato-und-ihre-beteiligung-am-krieg-in-der-ukraine\/\" \/>\n<meta property=\"og:locale\" content=\"de_DE\" \/>\n<meta property=\"og:type\" content=\"article\" \/>\n<meta property=\"og:title\" content=\"Die NATO und ihre Beteiligung am Krieg in der Ukraine\" \/>\n<meta property=\"og:description\" content=\"Hier geht es einmal nicht um die Frage, wie der Westen den Krieg in der Ukraine gestiftet hat, sondern wie er ihn heute weiter betreibt. Man muss einen Blick auf ver\u00f6ffentlichte Dokumente werfen, um zu erkennen, wie weit diese Beteiligung geht. Von Dagmar Henn Nach wie vor wird in Deutschland eisern behauptet, die NATO w\u00fcrde [&hellip;]\" \/>\n<meta property=\"og:url\" content=\"https:\/\/now-news.de\/de\/deutschland\/die-nato-und-ihre-beteiligung-am-krieg-in-der-ukraine\/\" \/>\n<meta property=\"og:site_name\" content=\"just-now.NEWS Deutschland\" \/>\n<meta property=\"article:publisher\" content=\"https:\/\/www.facebook.com\/wirmachenauf\" \/>\n<meta property=\"article:published_time\" content=\"2022-11-27T18:21:39+00:00\" \/>\n<meta property=\"og:image\" content=\"https:\/\/now-news.de\/de\/wp-content\/uploads\/sites\/3\/2022\/11\/Die-NATO-und-ihre-Beteiligung-am-Krieg-in-der-Ukraine.jpg\" \/>\n\t<meta property=\"og:image:width\" content=\"686\" \/>\n\t<meta property=\"og:image:height\" content=\"532\" \/>\n\t<meta property=\"og:image:type\" content=\"image\/jpeg\" \/>\n<meta name=\"author\" content=\"rtnews\" \/>\n<meta name=\"twitter:card\" content=\"summary_large_image\" \/>\n<meta name=\"twitter:creator\" content=\"@WirMachenAuf_de\" \/>\n<meta name=\"twitter:site\" content=\"@WirMachenAuf_de\" \/>\n<meta name=\"twitter:label1\" content=\"Verfasst von\" \/>\n\t<meta name=\"twitter:data1\" content=\"rtnews\" \/>\n\t<meta name=\"twitter:label2\" content=\"Gesch\u00e4tzte Lesezeit\" \/>\n\t<meta name=\"twitter:data2\" content=\"8\u00a0Minuten\" \/>\n<script type=\"application\/ld+json\" class=\"yoast-schema-graph\">{\"@context\":\"https:\/\/schema.org\",\"@graph\":[{\"@type\":\"Article\",\"@id\":\"https:\/\/now-news.de\/de\/deutschland\/die-nato-und-ihre-beteiligung-am-krieg-in-der-ukraine\/#article\",\"isPartOf\":{\"@id\":\"https:\/\/now-news.de\/de\/deutschland\/die-nato-und-ihre-beteiligung-am-krieg-in-der-ukraine\/\"},\"author\":{\"name\":\"rtnews\",\"@id\":\"https:\/\/now-news.de\/de\/#\/schema\/person\/fb534a4e865501d8b3285208df34a9b5\"},\"headline\":\"Die NATO und ihre Beteiligung am Krieg in der Ukraine\",\"datePublished\":\"2022-11-27T18:21:39+00:00\",\"dateModified\":\"2022-11-27T18:21:39+00:00\",\"mainEntityOfPage\":{\"@id\":\"https:\/\/now-news.de\/de\/deutschland\/die-nato-und-ihre-beteiligung-am-krieg-in-der-ukraine\/\"},\"wordCount\":1560,\"commentCount\":0,\"publisher\":{\"@id\":\"https:\/\/now-news.de\/de\/#organization\"},\"image\":{\"@id\":\"https:\/\/now-news.de\/de\/deutschland\/die-nato-und-ihre-beteiligung-am-krieg-in-der-ukraine\/#primaryimage\"},\"thumbnailUrl\":\"https:\/\/now-news.de\/de\/wp-content\/uploads\/sites\/3\/2022\/11\/Die-NATO-und-ihre-Beteiligung-am-Krieg-in-der-Ukraine.jpg\",\"keywords\":[\"Beteiligung\",\"der\",\"die\",\"ihre\",\"krieg\",\"nato\",\"ukraine\",\"und\"],\"articleSection\":[\"Deutschland\",\"Russland\"],\"inLanguage\":\"de\",\"potentialAction\":[{\"@type\":\"CommentAction\",\"name\":\"Comment\",\"target\":[\"https:\/\/now-news.de\/de\/deutschland\/die-nato-und-ihre-beteiligung-am-krieg-in-der-ukraine\/#respond\"]}]},{\"@type\":\"WebPage\",\"@id\":\"https:\/\/now-news.de\/de\/deutschland\/die-nato-und-ihre-beteiligung-am-krieg-in-der-ukraine\/\",\"url\":\"https:\/\/now-news.de\/de\/deutschland\/die-nato-und-ihre-beteiligung-am-krieg-in-der-ukraine\/\",\"name\":\"Die NATO und ihre Beteiligung am Krieg in der Ukraine - just-now.NEWS Deutschland\",\"isPartOf\":{\"@id\":\"https:\/\/now-news.de\/de\/#website\"},\"primaryImageOfPage\":{\"@id\":\"https:\/\/now-news.de\/de\/deutschland\/die-nato-und-ihre-beteiligung-am-krieg-in-der-ukraine\/#primaryimage\"},\"image\":{\"@id\":\"https:\/\/now-news.de\/de\/deutschland\/die-nato-und-ihre-beteiligung-am-krieg-in-der-ukraine\/#primaryimage\"},\"thumbnailUrl\":\"https:\/\/now-news.de\/de\/wp-content\/uploads\/sites\/3\/2022\/11\/Die-NATO-und-ihre-Beteiligung-am-Krieg-in-der-Ukraine.jpg\",\"datePublished\":\"2022-11-27T18:21:39+00:00\",\"dateModified\":\"2022-11-27T18:21:39+00:00\",\"breadcrumb\":{\"@id\":\"https:\/\/now-news.de\/de\/deutschland\/die-nato-und-ihre-beteiligung-am-krieg-in-der-ukraine\/#breadcrumb\"},\"inLanguage\":\"de\",\"potentialAction\":[{\"@type\":\"ReadAction\",\"target\":[\"https:\/\/now-news.de\/de\/deutschland\/die-nato-und-ihre-beteiligung-am-krieg-in-der-ukraine\/\"]}]},{\"@type\":\"ImageObject\",\"inLanguage\":\"de\",\"@id\":\"https:\/\/now-news.de\/de\/deutschland\/die-nato-und-ihre-beteiligung-am-krieg-in-der-ukraine\/#primaryimage\",\"url\":\"https:\/\/now-news.de\/de\/wp-content\/uploads\/sites\/3\/2022\/11\/Die-NATO-und-ihre-Beteiligung-am-Krieg-in-der-Ukraine.jpg\",\"contentUrl\":\"https:\/\/now-news.de\/de\/wp-content\/uploads\/sites\/3\/2022\/11\/Die-NATO-und-ihre-Beteiligung-am-Krieg-in-der-Ukraine.jpg\",\"width\":686,\"height\":532,\"caption\":\"Die NATO und ihre Beteiligung am Krieg in der Ukraine\"},{\"@type\":\"BreadcrumbList\",\"@id\":\"https:\/\/now-news.de\/de\/deutschland\/die-nato-und-ihre-beteiligung-am-krieg-in-der-ukraine\/#breadcrumb\",\"itemListElement\":[{\"@type\":\"ListItem\",\"position\":1,\"name\":\"Home\",\"item\":\"https:\/\/now-news.de\/de\/\"},{\"@type\":\"ListItem\",\"position\":2,\"name\":\"Die NATO und ihre Beteiligung am Krieg in der Ukraine\"}]},{\"@type\":\"WebSite\",\"@id\":\"https:\/\/now-news.de\/de\/#website\",\"url\":\"https:\/\/now-news.de\/de\/\",\"name\":\"just-now.NEWS Deutschland\",\"description\":\"Das Portal f\u00fcr unzensierte Nachrichten aus der Welt\",\"publisher\":{\"@id\":\"https:\/\/now-news.de\/de\/#organization\"},\"potentialAction\":[{\"@type\":\"SearchAction\",\"target\":{\"@type\":\"EntryPoint\",\"urlTemplate\":\"https:\/\/now-news.de\/de\/?s={search_term_string}\"},\"query-input\":\"required name=search_term_string\"}],\"inLanguage\":\"de\"},{\"@type\":\"Organization\",\"@id\":\"https:\/\/now-news.de\/de\/#organization\",\"name\":\"Just Now News\",\"url\":\"https:\/\/now-news.de\/de\/\",\"logo\":{\"@type\":\"ImageObject\",\"inLanguage\":\"de\",\"@id\":\"https:\/\/now-news.de\/de\/#\/schema\/logo\/image\/\",\"url\":\"http:\/\/just-now.news\/de\/wp-content\/uploads\/sites\/3\/2022\/04\/logo500x500.jpg\",\"contentUrl\":\"http:\/\/just-now.news\/de\/wp-content\/uploads\/sites\/3\/2022\/04\/logo500x500.jpg\",\"width\":500,\"height\":500,\"caption\":\"Just Now News\"},\"image\":{\"@id\":\"https:\/\/now-news.de\/de\/#\/schema\/logo\/image\/\"},\"sameAs\":[\"https:\/\/www.facebook.com\/wirmachenauf\",\"https:\/\/x.com\/WirMachenAuf_de\"]},{\"@type\":\"Person\",\"@id\":\"https:\/\/now-news.de\/de\/#\/schema\/person\/fb534a4e865501d8b3285208df34a9b5\",\"name\":\"rtnews\",\"image\":{\"@type\":\"ImageObject\",\"inLanguage\":\"de\",\"@id\":\"https:\/\/now-news.de\/de\/#\/schema\/person\/image\/\",\"url\":\"https:\/\/secure.gravatar.com\/avatar\/82aafea7d8127119dd649515f56e2117?s=96&d=mm&r=g\",\"contentUrl\":\"https:\/\/secure.gravatar.com\/avatar\/82aafea7d8127119dd649515f56e2117?s=96&d=mm&r=g\",\"caption\":\"rtnews\"},\"url\":\"https:\/\/now-news.de\/de\/author\/rnews\/\"}]}<\/script>\n<!-- \/ Yoast SEO Premium plugin. -->","yoast_head_json":{"title":"Die NATO und ihre Beteiligung am Krieg in der Ukraine - just-now.NEWS Deutschland","robots":{"index":"index","follow":"follow","max-snippet":"max-snippet:-1","max-image-preview":"max-image-preview:large","max-video-preview":"max-video-preview:-1"},"canonical":"https:\/\/now-news.de\/de\/deutschland\/die-nato-und-ihre-beteiligung-am-krieg-in-der-ukraine\/","og_locale":"de_DE","og_type":"article","og_title":"Die NATO und ihre Beteiligung am Krieg in der Ukraine","og_description":"Hier geht es einmal nicht um die Frage, wie der Westen den Krieg in der Ukraine gestiftet hat, sondern wie er ihn heute weiter betreibt. Man muss einen Blick auf ver\u00f6ffentlichte Dokumente werfen, um zu erkennen, wie weit diese Beteiligung geht. Von Dagmar Henn Nach wie vor wird in Deutschland eisern behauptet, die NATO w\u00fcrde [&hellip;]","og_url":"https:\/\/now-news.de\/de\/deutschland\/die-nato-und-ihre-beteiligung-am-krieg-in-der-ukraine\/","og_site_name":"just-now.NEWS Deutschland","article_publisher":"https:\/\/www.facebook.com\/wirmachenauf","article_published_time":"2022-11-27T18:21:39+00:00","og_image":[{"width":686,"height":532,"url":"https:\/\/now-news.de\/de\/wp-content\/uploads\/sites\/3\/2022\/11\/Die-NATO-und-ihre-Beteiligung-am-Krieg-in-der-Ukraine.jpg","type":"image\/jpeg"}],"author":"rtnews","twitter_card":"summary_large_image","twitter_creator":"@WirMachenAuf_de","twitter_site":"@WirMachenAuf_de","twitter_misc":{"Verfasst von":"rtnews","Gesch\u00e4tzte Lesezeit":"8\u00a0Minuten"},"schema":{"@context":"https:\/\/schema.org","@graph":[{"@type":"Article","@id":"https:\/\/now-news.de\/de\/deutschland\/die-nato-und-ihre-beteiligung-am-krieg-in-der-ukraine\/#article","isPartOf":{"@id":"https:\/\/now-news.de\/de\/deutschland\/die-nato-und-ihre-beteiligung-am-krieg-in-der-ukraine\/"},"author":{"name":"rtnews","@id":"https:\/\/now-news.de\/de\/#\/schema\/person\/fb534a4e865501d8b3285208df34a9b5"},"headline":"Die NATO und ihre Beteiligung am Krieg in der Ukraine","datePublished":"2022-11-27T18:21:39+00:00","dateModified":"2022-11-27T18:21:39+00:00","mainEntityOfPage":{"@id":"https:\/\/now-news.de\/de\/deutschland\/die-nato-und-ihre-beteiligung-am-krieg-in-der-ukraine\/"},"wordCount":1560,"commentCount":0,"publisher":{"@id":"https:\/\/now-news.de\/de\/#organization"},"image":{"@id":"https:\/\/now-news.de\/de\/deutschland\/die-nato-und-ihre-beteiligung-am-krieg-in-der-ukraine\/#primaryimage"},"thumbnailUrl":"https:\/\/now-news.de\/de\/wp-content\/uploads\/sites\/3\/2022\/11\/Die-NATO-und-ihre-Beteiligung-am-Krieg-in-der-Ukraine.jpg","keywords":["Beteiligung","der","die","ihre","krieg","nato","ukraine","und"],"articleSection":["Deutschland","Russland"],"inLanguage":"de","potentialAction":[{"@type":"CommentAction","name":"Comment","target":["https:\/\/now-news.de\/de\/deutschland\/die-nato-und-ihre-beteiligung-am-krieg-in-der-ukraine\/#respond"]}]},{"@type":"WebPage","@id":"https:\/\/now-news.de\/de\/deutschland\/die-nato-und-ihre-beteiligung-am-krieg-in-der-ukraine\/","url":"https:\/\/now-news.de\/de\/deutschland\/die-nato-und-ihre-beteiligung-am-krieg-in-der-ukraine\/","name":"Die NATO und ihre Beteiligung am Krieg in der Ukraine - just-now.NEWS Deutschland","isPartOf":{"@id":"https:\/\/now-news.de\/de\/#website"},"primaryImageOfPage":{"@id":"https:\/\/now-news.de\/de\/deutschland\/die-nato-und-ihre-beteiligung-am-krieg-in-der-ukraine\/#primaryimage"},"image":{"@id":"https:\/\/now-news.de\/de\/deutschland\/die-nato-und-ihre-beteiligung-am-krieg-in-der-ukraine\/#primaryimage"},"thumbnailUrl":"https:\/\/now-news.de\/de\/wp-content\/uploads\/sites\/3\/2022\/11\/Die-NATO-und-ihre-Beteiligung-am-Krieg-in-der-Ukraine.jpg","datePublished":"2022-11-27T18:21:39+00:00","dateModified":"2022-11-27T18:21:39+00:00","breadcrumb":{"@id":"https:\/\/now-news.de\/de\/deutschland\/die-nato-und-ihre-beteiligung-am-krieg-in-der-ukraine\/#breadcrumb"},"inLanguage":"de","potentialAction":[{"@type":"ReadAction","target":["https:\/\/now-news.de\/de\/deutschland\/die-nato-und-ihre-beteiligung-am-krieg-in-der-ukraine\/"]}]},{"@type":"ImageObject","inLanguage":"de","@id":"https:\/\/now-news.de\/de\/deutschland\/die-nato-und-ihre-beteiligung-am-krieg-in-der-ukraine\/#primaryimage","url":"https:\/\/now-news.de\/de\/wp-content\/uploads\/sites\/3\/2022\/11\/Die-NATO-und-ihre-Beteiligung-am-Krieg-in-der-Ukraine.jpg","contentUrl":"https:\/\/now-news.de\/de\/wp-content\/uploads\/sites\/3\/2022\/11\/Die-NATO-und-ihre-Beteiligung-am-Krieg-in-der-Ukraine.jpg","width":686,"height":532,"caption":"Die NATO und ihre Beteiligung am Krieg in der Ukraine"},{"@type":"BreadcrumbList","@id":"https:\/\/now-news.de\/de\/deutschland\/die-nato-und-ihre-beteiligung-am-krieg-in-der-ukraine\/#breadcrumb","itemListElement":[{"@type":"ListItem","position":1,"name":"Home","item":"https:\/\/now-news.de\/de\/"},{"@type":"ListItem","position":2,"name":"Die NATO und ihre Beteiligung am Krieg in der Ukraine"}]},{"@type":"WebSite","@id":"https:\/\/now-news.de\/de\/#website","url":"https:\/\/now-news.de\/de\/","name":"just-now.NEWS Deutschland","description":"Das Portal f\u00fcr unzensierte Nachrichten aus der Welt","publisher":{"@id":"https:\/\/now-news.de\/de\/#organization"},"potentialAction":[{"@type":"SearchAction","target":{"@type":"EntryPoint","urlTemplate":"https:\/\/now-news.de\/de\/?s={search_term_string}"},"query-input":"required name=search_term_string"}],"inLanguage":"de"},{"@type":"Organization","@id":"https:\/\/now-news.de\/de\/#organization","name":"Just Now News","url":"https:\/\/now-news.de\/de\/","logo":{"@type":"ImageObject","inLanguage":"de","@id":"https:\/\/now-news.de\/de\/#\/schema\/logo\/image\/","url":"http:\/\/just-now.news\/de\/wp-content\/uploads\/sites\/3\/2022\/04\/logo500x500.jpg","contentUrl":"http:\/\/just-now.news\/de\/wp-content\/uploads\/sites\/3\/2022\/04\/logo500x500.jpg","width":500,"height":500,"caption":"Just Now News"},"image":{"@id":"https:\/\/now-news.de\/de\/#\/schema\/logo\/image\/"},"sameAs":["https:\/\/www.facebook.com\/wirmachenauf","https:\/\/x.com\/WirMachenAuf_de"]},{"@type":"Person","@id":"https:\/\/now-news.de\/de\/#\/schema\/person\/fb534a4e865501d8b3285208df34a9b5","name":"rtnews","image":{"@type":"ImageObject","inLanguage":"de","@id":"https:\/\/now-news.de\/de\/#\/schema\/person\/image\/","url":"https:\/\/secure.gravatar.com\/avatar\/82aafea7d8127119dd649515f56e2117?s=96&d=mm&r=g","contentUrl":"https:\/\/secure.gravatar.com\/avatar\/82aafea7d8127119dd649515f56e2117?s=96&d=mm&r=g","caption":"rtnews"},"url":"https:\/\/now-news.de\/de\/author\/rnews\/"}]}},"_links":{"self":[{"href":"https:\/\/now-news.de\/de\/wp-json\/wp\/v2\/posts\/24155"}],"collection":[{"href":"https:\/\/now-news.de\/de\/wp-json\/wp\/v2\/posts"}],"about":[{"href":"https:\/\/now-news.de\/de\/wp-json\/wp\/v2\/types\/post"}],"author":[{"embeddable":true,"href":"https:\/\/now-news.de\/de\/wp-json\/wp\/v2\/users\/3"}],"replies":[{"embeddable":true,"href":"https:\/\/now-news.de\/de\/wp-json\/wp\/v2\/comments?post=24155"}],"version-history":[{"count":0,"href":"https:\/\/now-news.de\/de\/wp-json\/wp\/v2\/posts\/24155\/revisions"}],"wp:featuredmedia":[{"embeddable":true,"href":"https:\/\/now-news.de\/de\/wp-json\/wp\/v2\/media\/24156"}],"wp:attachment":[{"href":"https:\/\/now-news.de\/de\/wp-json\/wp\/v2\/media?parent=24155"}],"wp:term":[{"taxonomy":"category","embeddable":true,"href":"https:\/\/now-news.de\/de\/wp-json\/wp\/v2\/categories?post=24155"},{"taxonomy":"post_tag","embeddable":true,"href":"https:\/\/now-news.de\/de\/wp-json\/wp\/v2\/tags?post=24155"}],"curies":[{"name":"wp","href":"https:\/\/api.w.org\/{rel}","templated":true}]}}