{"id":24153,"date":"2022-11-27T19:21:12","date_gmt":"2022-11-27T17:21:12","guid":{"rendered":"https:\/\/just-now.news\/de\/deutschland\/mainstream-berichtet-ueber-differenzen-zwischen-selenskij-und-klitschko\/"},"modified":"2022-11-27T19:21:12","modified_gmt":"2022-11-27T17:21:12","slug":"mainstream-berichtet-ueber-differenzen-zwischen-selenskij-und-klitschko","status":"publish","type":"post","link":"https:\/\/now-news.de\/de\/deutschland\/mainstream-berichtet-ueber-differenzen-zwischen-selenskij-und-klitschko\/","title":{"rendered":"Mainstream berichtet \u00fcber Differenzen zwischen Selenskij und Klitschko"},"content":{"rendered":"<p><img decoding=\"async\" src=\"http:\/\/just-now.news\/de\/wp-content\/uploads\/sites\/3\/2022\/11\/6383845848fbef1b8f62c187.jpg\" \/><\/p>\n<div class=\"Text-root Text-type_1 \">\n                Was ist da los? Der deutsche Mainstream berichtet offen \u00fcber Differenzen in der Kiewer F\u00fchrung. Demnach kritisierte Pr\u00e4sident Selenskij den Kiewer B\u00fcrgermeister Klitschko f\u00fcr dessen Krisenmanagement bei der Energieversorgung.\n            <\/div>\n<p><\/p>\n<div class=\"Text-root Text-type_5 ArticleView-text ViewText-root \">\n<p><em>In einer von zahlreichen deutschen Mainstreammedien aufgegriffenen Meldung der Nachrichtenagentur dpa wird von Differenzen innerhalb der ukrainischen F\u00fchrung berichtet. Derartige Berichte waren seit Beginn der russischen Milit\u00e4roperation im Februar 2022 in deutschen Medien un\u00fcblich. Konkret geht es um die Kritik des ukrainischen Pr\u00e4sidenten Wladimir Selenskij, der als &#8220;Ex-Schauspieler&#8221; bezeichnet wird, am Kiewer B\u00fcrgermeister, dem Ex-Boxer Witali Klitschko. <\/em><\/p>\n<p><em>Der unter anderem von der deutschen Konrad-Adenauer-Stiftung gef\u00f6rderte Klitschko war im Zuge des Maidan-Putsches von den EU-Staaten f\u00fcr F\u00fchrungspositionen in der neuen Regierung vorgesehen worden, was von der US-Vertreterin Victoria Nuland mit dem ber\u00fchmt gewordenen Zitat &#8220;Fuck the EU&#8221; abgeb\u00fcgelt wurde. Selenskij war zuletzt\u00a0anl\u00e4sslich\u00a0der von ihm verbreiteten Falschmeldung \u00fcber einen angeblichen russischen Raketenangriff auf Polen im Westen in die Kritik geraten. Hier die Meldung im Wortlaut:<\/em><\/p>\n<p>Seit Beginn des russischen Einmarschs in die Ukraine vor neun Monaten galt in Kiew ein stillschweigend vereinbarter Burgfrieden. Solange die Armee von Kremlchef Wladimir Putin im Land steht, sollte innenpolitischer Zwist in den Hintergrund r\u00fccken und dort auch bleiben. Nun aber wurde dieser Konsens aufgek\u00fcndigt\u00a0\u2212 ausgerechnet von Pr\u00e4sident Wladimir Selenskij. Der Ex-Schauspieler r\u00fcgte \u00f6ffentlich die Stadtverwaltung von Kiew unter B\u00fcrgermeister Witali\u00a0Klitschko, der seit seiner Box-Karriere auch in Deutschland sehr prominent ist.<\/p>\n<p>Vorausgegangen war eine weitere russische Raketenattacke auf die Energieversorgungssysteme der Hauptstadt und anderer Orte. Dadurch kam es praktisch \u00fcberall in der Ukraine zu massiven Stromausf\u00e4llen, die nur langsam behoben werden. Selenskij suchte sich jedoch allein die Hauptstadt f\u00fcr \u00f6ffentliche Schelte aus. &#8220;Viele Kiewer waren \u00fcber 20 oder sogar 30 Stunden ohne Strom&#8221;, bem\u00e4ngelte der Staatschef per Video. Er erwarte vom Rathaus eine bessere Arbeit. Namen nannte er keine. Auch so wurde klar, wen er meinte:\u00a0Klitschko.<\/p>\n<p>In der Hauptstadt seien nach Tagen immer noch 600.000 Haushalte ohne Strom, sagte Selenskij bei dem Auftritt am Freitagabend. Im schwarzen Kapuzenpullover verwies er auf ein von ihm pers\u00f6nlich angek\u00fcndigtes Projekt, die &#8220;Punkte der Unbesiegbarkeit&#8221;. An diesen Stellen in der Stadt soll sich jeder w\u00e4rmen und mit Strom und Internet versorgen k\u00f6nnen. &#8220;Faktisch sind nur diejenigen Punkte normal ausgestattet, die vom Katastrophenschutz und am Bahnhof aufgebaut wurden&#8221;, tadelte Selenskij jedoch. Der Rest sei in miserablem Zustand.<\/p>\n<p>Um seine Aussage zu belegen, schickte der 44-J\u00e4hrige Abgeordnete seiner Partei &#8220;Diener des Volkes&#8221; zum Heizstellen-Check. Fraktionschef David Arachamija rapportierte sp\u00e4ter, dass mehr als 360 Aufw\u00e4rmpunkte gepr\u00fcft worden seien. In Schulen und Kinderg\u00e4rten h\u00e4tten Mitarbeiter auf eigene Kosten Tee und Geb\u00e4ck mitgebracht. &#8220;Doch hat die Stadtregierung den Crashtest nur mit &#8216;schlecht&#8217; bestanden und bisher keine Schlussfolgerungen gezogen.&#8221; Zugleich lobte Arachamija das Management der ukrainischen Bahn: &#8220;Sie haben 200 &#8216;Waggons der Unbesiegbarkeit&#8217; und eine ganze Festung&#8221;, womit er den Hauptbahnhof in Kiew meinte.<\/p>\n<p>Da\u00a0Klitschko\u00a0in der Ukraine nur eingeschr\u00e4nkt medienwirksame M\u00f6glichkeiten zur Verteidigung hat, bediente sich der ehemalige Box-Weltmeister seiner Kontakte im Ausland. \u00dcber die <em>Bild am Sonntag<\/em> rief der 51-J\u00e4hrige seine Landsleute angesichts der russischen Invasion noch einmal zur Einigkeit auf. &#8220;Wir m\u00fcssen weiter gemeinsam daf\u00fcr sorgen, das Land zu verteidigen und die Infrastruktur zu sch\u00fctzen.&#8221; Klitschko\u00a0versicherte, dass es in der Stadt wieder Wasser und Heizung gebe. Nun gelte es, die Stromversorgung wieder herzustellen.<\/p>\n<p>Dazu zeigte sich der 51-J\u00e4hrige mit wei\u00dfem Helm in einem der Heizkraftwerke von Kiew. Vor sowjetischen Armaturen sch\u00fcttelte er H\u00e4nde und bedankte sich bei den Mitarbeitern des Unternehmens Kievteploenergo. &#8220;Mehr als 3.000 Menschen haben Tag und Nacht daf\u00fcr gearbeitet, damit wir sagen k\u00f6nnen, dass fast 98 Prozent der H\u00e4user unserer Stadt mit Fernheizung versorgt sind&#8221;, sagte\u00a0Klitschko. Gleichzeitig gestand das Stadtoberhaupt jedoch, dass weiterhin gut ein Viertel der Kiewer ohne Strom auskommen m\u00fcsse.<\/p>\n<p>Am Sonntagmorgen dann kam die erl\u00f6sende Nachricht der Kiewer Milit\u00e4rverwaltung: Fast \u00fcberall in der Drei-Millionen-Stadt gab es wieder Strom. Auch Wasser, W\u00e4rme und Mobilnetz seien nahezu vollst\u00e4ndig wiederhergestellt.<\/p>\n<p>Es ist nicht das erste Mal, dass Selenskij und seine Administration gegen\u00a0Klitschko\u00a0schweres Gesch\u00fctz in Stellung bringen. Bereits nach Selenskijs Amtsantritt 2019 forderte der damalige Chef des Pr\u00e4sidentenb\u00fcros, Andrei Bogdan, den R\u00fccktritt des Hauptstadtb\u00fcrgermeisters, der seit 2014 im Amt ist. &#8220;Er hat die Kontrolle \u00fcber die Situation in der Stadt im Verlaufe der letzten f\u00fcnf Jahre verloren&#8221;, t\u00f6nte Bogdan damals.<\/p>\n<p>Damals galt fast als ausgemacht, dass Selenskij\u00a0Klitschko\u00a0zumindest kaltstellen werde. So sollte das Amt des gew\u00e4hlten B\u00fcrgermeisters vom Posten des Chefs der Stadtverwaltung getrennt werden.\u00a0Klitschko\u00a0w\u00e4re damit zu einer Art Gr\u00fc\u00dfaugust geworden. Doch es kam anders. Medienberichten zufolge gelang es\u00a0Klitschko, \u00fcber Kontakte zum Selenskij-Vertrauten Andrei Jermak seine Degradierung zu verhindern. Inzwischen leitet Jermak das Pr\u00e4sidentenb\u00fcro.<\/p>\n<p>Nach Meinung mancher Beobachter scheint Selenskij nun einen zweiten Anlauf nehmen zu wollen, um\u00a0Klitschko\u00a0als potenziellen Gegner bei der 2024 anstehenden Pr\u00e4sidentenwahl auszuschalten. Allein: Bis dahin gilt es zum einen, den Krieg zu beenden. Und zum anderen, den Krieg zu \u00fcberleben.<\/p>\n<p><strong>Mehr zum Thema<\/strong> &#8211; <a rel=\"nofollow noopener\" target=\"_blank\" href=\"https:\/\/de.rt.com\/europa\/154809-russisches-verteidigungsministerium-verurteit-kiew-und\/\">Russisches Verteidigungsministerium verurteilt Kiew und Westen f\u00fcr Massenmord an Kriegsgefangenen<\/a><\/p>\n<p><em>rt\/dpa<\/em><\/p>\n<\/div>\n<p><br \/>\n<br \/><a href=\"https:\/\/de.rt.com\/europa\/155612-mainstream-berichtet-ueber-differenzen-zwischen\/\">Source link <\/a><\/p>\n","protected":false},"excerpt":{"rendered":"<p>Was ist da los? Der deutsche Mainstream berichtet offen \u00fcber Differenzen in der Kiewer F\u00fchrung. Demnach kritisierte Pr\u00e4sident Selenskij den Kiewer B\u00fcrgermeister Klitschko f\u00fcr dessen Krisenmanagement bei der Energieversorgung. In einer von zahlreichen deutschen Mainstreammedien aufgegriffenen Meldung der Nachrichtenagentur dpa wird von Differenzen innerhalb der ukrainischen F\u00fchrung berichtet. Derartige Berichte waren seit Beginn der russischen [&hellip;]<\/p>\n","protected":false},"author":3,"featured_media":24154,"comment_status":"open","ping_status":"open","sticky":false,"template":"","format":"standard","meta":{"_yoast_indexnow_last_ping":["1669569914"],"wp_automatic_camp":["217"],"b30b71a4a2e693d531e62059f46ebeb7":["Mainstream berichtet \u00fcber Differenzen zwischen Selenskij und Klitschko"],"original_link":["https:\/\/de.rt.com\/europa\/155612-mainstream-berichtet-ueber-differenzen-zwischen\/"],"_thumbnail_id":["24154"],"jnews_social_counter_last_update":["1777322586"]},"categories":[19,23],"tags":[313,32780,26754,24689,6158,139,140,436],"yoast_head":"<!-- This site is optimized with the Yoast SEO Premium plugin v22.7 (Yoast SEO v22.7) - https:\/\/yoast.com\/wordpress\/plugins\/seo\/ -->\n<title>Mainstream berichtet \u00fcber Differenzen zwischen Selenskij und Klitschko - just-now.NEWS Deutschland<\/title>\n<meta name=\"robots\" content=\"index, follow, max-snippet:-1, max-image-preview:large, max-video-preview:-1\" \/>\n<link rel=\"canonical\" href=\"https:\/\/now-news.de\/de\/deutschland\/mainstream-berichtet-ueber-differenzen-zwischen-selenskij-und-klitschko\/\" \/>\n<meta property=\"og:locale\" content=\"de_DE\" \/>\n<meta property=\"og:type\" content=\"article\" \/>\n<meta property=\"og:title\" content=\"Mainstream berichtet \u00fcber Differenzen zwischen Selenskij und Klitschko\" \/>\n<meta property=\"og:description\" content=\"Was ist da los? Der deutsche Mainstream berichtet offen \u00fcber Differenzen in der Kiewer F\u00fchrung. Demnach kritisierte Pr\u00e4sident Selenskij den Kiewer B\u00fcrgermeister Klitschko f\u00fcr dessen Krisenmanagement bei der Energieversorgung. In einer von zahlreichen deutschen Mainstreammedien aufgegriffenen Meldung der Nachrichtenagentur dpa wird von Differenzen innerhalb der ukrainischen F\u00fchrung berichtet. Derartige Berichte waren seit Beginn der russischen [&hellip;]\" \/>\n<meta property=\"og:url\" content=\"https:\/\/now-news.de\/de\/deutschland\/mainstream-berichtet-ueber-differenzen-zwischen-selenskij-und-klitschko\/\" \/>\n<meta property=\"og:site_name\" content=\"just-now.NEWS Deutschland\" \/>\n<meta property=\"article:publisher\" content=\"https:\/\/www.facebook.com\/wirmachenauf\" \/>\n<meta property=\"article:published_time\" content=\"2022-11-27T17:21:12+00:00\" \/>\n<meta property=\"og:image\" content=\"https:\/\/now-news.de\/de\/wp-content\/uploads\/sites\/3\/2022\/11\/Mainstream-berichtet-ueber-Differenzen-zwischen-Selenskij-und-Klitschko.jpg\" \/>\n\t<meta property=\"og:image:width\" content=\"460\" \/>\n\t<meta property=\"og:image:height\" content=\"259\" \/>\n\t<meta property=\"og:image:type\" content=\"image\/jpeg\" \/>\n<meta name=\"author\" content=\"rtnews\" \/>\n<meta name=\"twitter:card\" content=\"summary_large_image\" \/>\n<meta name=\"twitter:creator\" content=\"@WirMachenAuf_de\" \/>\n<meta name=\"twitter:site\" content=\"@WirMachenAuf_de\" \/>\n<meta name=\"twitter:label1\" content=\"Verfasst von\" \/>\n\t<meta name=\"twitter:data1\" content=\"rtnews\" \/>\n\t<meta name=\"twitter:label2\" content=\"Gesch\u00e4tzte Lesezeit\" \/>\n\t<meta name=\"twitter:data2\" content=\"4\u00a0Minuten\" \/>\n<script type=\"application\/ld+json\" class=\"yoast-schema-graph\">{\"@context\":\"https:\/\/schema.org\",\"@graph\":[{\"@type\":\"Article\",\"@id\":\"https:\/\/now-news.de\/de\/deutschland\/mainstream-berichtet-ueber-differenzen-zwischen-selenskij-und-klitschko\/#article\",\"isPartOf\":{\"@id\":\"https:\/\/now-news.de\/de\/deutschland\/mainstream-berichtet-ueber-differenzen-zwischen-selenskij-und-klitschko\/\"},\"author\":{\"name\":\"rtnews\",\"@id\":\"https:\/\/now-news.de\/de\/#\/schema\/person\/fb534a4e865501d8b3285208df34a9b5\"},\"headline\":\"Mainstream berichtet \u00fcber Differenzen zwischen Selenskij und Klitschko\",\"datePublished\":\"2022-11-27T17:21:12+00:00\",\"dateModified\":\"2022-11-27T17:21:12+00:00\",\"mainEntityOfPage\":{\"@id\":\"https:\/\/now-news.de\/de\/deutschland\/mainstream-berichtet-ueber-differenzen-zwischen-selenskij-und-klitschko\/\"},\"wordCount\":879,\"commentCount\":0,\"publisher\":{\"@id\":\"https:\/\/now-news.de\/de\/#organization\"},\"image\":{\"@id\":\"https:\/\/now-news.de\/de\/deutschland\/mainstream-berichtet-ueber-differenzen-zwischen-selenskij-und-klitschko\/#primaryimage\"},\"thumbnailUrl\":\"https:\/\/now-news.de\/de\/wp-content\/uploads\/sites\/3\/2022\/11\/Mainstream-berichtet-ueber-Differenzen-zwischen-Selenskij-und-Klitschko.jpg\",\"keywords\":[\"berichtet\",\"Differenzen\",\"Klitschko\",\"Mainstream\",\"Selenskij\",\"\u00fcber\",\"und\",\"zwischen\"],\"articleSection\":[\"Deutschland\",\"Russland\"],\"inLanguage\":\"de\",\"potentialAction\":[{\"@type\":\"CommentAction\",\"name\":\"Comment\",\"target\":[\"https:\/\/now-news.de\/de\/deutschland\/mainstream-berichtet-ueber-differenzen-zwischen-selenskij-und-klitschko\/#respond\"]}]},{\"@type\":\"WebPage\",\"@id\":\"https:\/\/now-news.de\/de\/deutschland\/mainstream-berichtet-ueber-differenzen-zwischen-selenskij-und-klitschko\/\",\"url\":\"https:\/\/now-news.de\/de\/deutschland\/mainstream-berichtet-ueber-differenzen-zwischen-selenskij-und-klitschko\/\",\"name\":\"Mainstream berichtet \u00fcber Differenzen zwischen Selenskij und Klitschko - just-now.NEWS Deutschland\",\"isPartOf\":{\"@id\":\"https:\/\/now-news.de\/de\/#website\"},\"primaryImageOfPage\":{\"@id\":\"https:\/\/now-news.de\/de\/deutschland\/mainstream-berichtet-ueber-differenzen-zwischen-selenskij-und-klitschko\/#primaryimage\"},\"image\":{\"@id\":\"https:\/\/now-news.de\/de\/deutschland\/mainstream-berichtet-ueber-differenzen-zwischen-selenskij-und-klitschko\/#primaryimage\"},\"thumbnailUrl\":\"https:\/\/now-news.de\/de\/wp-content\/uploads\/sites\/3\/2022\/11\/Mainstream-berichtet-ueber-Differenzen-zwischen-Selenskij-und-Klitschko.jpg\",\"datePublished\":\"2022-11-27T17:21:12+00:00\",\"dateModified\":\"2022-11-27T17:21:12+00:00\",\"breadcrumb\":{\"@id\":\"https:\/\/now-news.de\/de\/deutschland\/mainstream-berichtet-ueber-differenzen-zwischen-selenskij-und-klitschko\/#breadcrumb\"},\"inLanguage\":\"de\",\"potentialAction\":[{\"@type\":\"ReadAction\",\"target\":[\"https:\/\/now-news.de\/de\/deutschland\/mainstream-berichtet-ueber-differenzen-zwischen-selenskij-und-klitschko\/\"]}]},{\"@type\":\"ImageObject\",\"inLanguage\":\"de\",\"@id\":\"https:\/\/now-news.de\/de\/deutschland\/mainstream-berichtet-ueber-differenzen-zwischen-selenskij-und-klitschko\/#primaryimage\",\"url\":\"https:\/\/now-news.de\/de\/wp-content\/uploads\/sites\/3\/2022\/11\/Mainstream-berichtet-ueber-Differenzen-zwischen-Selenskij-und-Klitschko.jpg\",\"contentUrl\":\"https:\/\/now-news.de\/de\/wp-content\/uploads\/sites\/3\/2022\/11\/Mainstream-berichtet-ueber-Differenzen-zwischen-Selenskij-und-Klitschko.jpg\",\"width\":460,\"height\":259,\"caption\":\"Mainstream berichtet \u00fcber Differenzen zwischen Selenskij und Klitschko\"},{\"@type\":\"BreadcrumbList\",\"@id\":\"https:\/\/now-news.de\/de\/deutschland\/mainstream-berichtet-ueber-differenzen-zwischen-selenskij-und-klitschko\/#breadcrumb\",\"itemListElement\":[{\"@type\":\"ListItem\",\"position\":1,\"name\":\"Home\",\"item\":\"https:\/\/now-news.de\/de\/\"},{\"@type\":\"ListItem\",\"position\":2,\"name\":\"Mainstream berichtet \u00fcber Differenzen zwischen Selenskij und Klitschko\"}]},{\"@type\":\"WebSite\",\"@id\":\"https:\/\/now-news.de\/de\/#website\",\"url\":\"https:\/\/now-news.de\/de\/\",\"name\":\"just-now.NEWS Deutschland\",\"description\":\"Das Portal f\u00fcr unzensierte Nachrichten aus der Welt\",\"publisher\":{\"@id\":\"https:\/\/now-news.de\/de\/#organization\"},\"potentialAction\":[{\"@type\":\"SearchAction\",\"target\":{\"@type\":\"EntryPoint\",\"urlTemplate\":\"https:\/\/now-news.de\/de\/?s={search_term_string}\"},\"query-input\":\"required name=search_term_string\"}],\"inLanguage\":\"de\"},{\"@type\":\"Organization\",\"@id\":\"https:\/\/now-news.de\/de\/#organization\",\"name\":\"Just Now News\",\"url\":\"https:\/\/now-news.de\/de\/\",\"logo\":{\"@type\":\"ImageObject\",\"inLanguage\":\"de\",\"@id\":\"https:\/\/now-news.de\/de\/#\/schema\/logo\/image\/\",\"url\":\"http:\/\/just-now.news\/de\/wp-content\/uploads\/sites\/3\/2022\/04\/logo500x500.jpg\",\"contentUrl\":\"http:\/\/just-now.news\/de\/wp-content\/uploads\/sites\/3\/2022\/04\/logo500x500.jpg\",\"width\":500,\"height\":500,\"caption\":\"Just Now News\"},\"image\":{\"@id\":\"https:\/\/now-news.de\/de\/#\/schema\/logo\/image\/\"},\"sameAs\":[\"https:\/\/www.facebook.com\/wirmachenauf\",\"https:\/\/x.com\/WirMachenAuf_de\"]},{\"@type\":\"Person\",\"@id\":\"https:\/\/now-news.de\/de\/#\/schema\/person\/fb534a4e865501d8b3285208df34a9b5\",\"name\":\"rtnews\",\"image\":{\"@type\":\"ImageObject\",\"inLanguage\":\"de\",\"@id\":\"https:\/\/now-news.de\/de\/#\/schema\/person\/image\/\",\"url\":\"https:\/\/secure.gravatar.com\/avatar\/82aafea7d8127119dd649515f56e2117?s=96&d=mm&r=g\",\"contentUrl\":\"https:\/\/secure.gravatar.com\/avatar\/82aafea7d8127119dd649515f56e2117?s=96&d=mm&r=g\",\"caption\":\"rtnews\"},\"url\":\"https:\/\/now-news.de\/de\/author\/rnews\/\"}]}<\/script>\n<!-- \/ Yoast SEO Premium plugin. -->","yoast_head_json":{"title":"Mainstream berichtet \u00fcber Differenzen zwischen Selenskij und Klitschko - just-now.NEWS Deutschland","robots":{"index":"index","follow":"follow","max-snippet":"max-snippet:-1","max-image-preview":"max-image-preview:large","max-video-preview":"max-video-preview:-1"},"canonical":"https:\/\/now-news.de\/de\/deutschland\/mainstream-berichtet-ueber-differenzen-zwischen-selenskij-und-klitschko\/","og_locale":"de_DE","og_type":"article","og_title":"Mainstream berichtet \u00fcber Differenzen zwischen Selenskij und Klitschko","og_description":"Was ist da los? Der deutsche Mainstream berichtet offen \u00fcber Differenzen in der Kiewer F\u00fchrung. Demnach kritisierte Pr\u00e4sident Selenskij den Kiewer B\u00fcrgermeister Klitschko f\u00fcr dessen Krisenmanagement bei der Energieversorgung. In einer von zahlreichen deutschen Mainstreammedien aufgegriffenen Meldung der Nachrichtenagentur dpa wird von Differenzen innerhalb der ukrainischen F\u00fchrung berichtet. Derartige Berichte waren seit Beginn der russischen [&hellip;]","og_url":"https:\/\/now-news.de\/de\/deutschland\/mainstream-berichtet-ueber-differenzen-zwischen-selenskij-und-klitschko\/","og_site_name":"just-now.NEWS Deutschland","article_publisher":"https:\/\/www.facebook.com\/wirmachenauf","article_published_time":"2022-11-27T17:21:12+00:00","og_image":[{"width":460,"height":259,"url":"https:\/\/now-news.de\/de\/wp-content\/uploads\/sites\/3\/2022\/11\/Mainstream-berichtet-ueber-Differenzen-zwischen-Selenskij-und-Klitschko.jpg","type":"image\/jpeg"}],"author":"rtnews","twitter_card":"summary_large_image","twitter_creator":"@WirMachenAuf_de","twitter_site":"@WirMachenAuf_de","twitter_misc":{"Verfasst von":"rtnews","Gesch\u00e4tzte Lesezeit":"4\u00a0Minuten"},"schema":{"@context":"https:\/\/schema.org","@graph":[{"@type":"Article","@id":"https:\/\/now-news.de\/de\/deutschland\/mainstream-berichtet-ueber-differenzen-zwischen-selenskij-und-klitschko\/#article","isPartOf":{"@id":"https:\/\/now-news.de\/de\/deutschland\/mainstream-berichtet-ueber-differenzen-zwischen-selenskij-und-klitschko\/"},"author":{"name":"rtnews","@id":"https:\/\/now-news.de\/de\/#\/schema\/person\/fb534a4e865501d8b3285208df34a9b5"},"headline":"Mainstream berichtet \u00fcber Differenzen zwischen Selenskij und Klitschko","datePublished":"2022-11-27T17:21:12+00:00","dateModified":"2022-11-27T17:21:12+00:00","mainEntityOfPage":{"@id":"https:\/\/now-news.de\/de\/deutschland\/mainstream-berichtet-ueber-differenzen-zwischen-selenskij-und-klitschko\/"},"wordCount":879,"commentCount":0,"publisher":{"@id":"https:\/\/now-news.de\/de\/#organization"},"image":{"@id":"https:\/\/now-news.de\/de\/deutschland\/mainstream-berichtet-ueber-differenzen-zwischen-selenskij-und-klitschko\/#primaryimage"},"thumbnailUrl":"https:\/\/now-news.de\/de\/wp-content\/uploads\/sites\/3\/2022\/11\/Mainstream-berichtet-ueber-Differenzen-zwischen-Selenskij-und-Klitschko.jpg","keywords":["berichtet","Differenzen","Klitschko","Mainstream","Selenskij","\u00fcber","und","zwischen"],"articleSection":["Deutschland","Russland"],"inLanguage":"de","potentialAction":[{"@type":"CommentAction","name":"Comment","target":["https:\/\/now-news.de\/de\/deutschland\/mainstream-berichtet-ueber-differenzen-zwischen-selenskij-und-klitschko\/#respond"]}]},{"@type":"WebPage","@id":"https:\/\/now-news.de\/de\/deutschland\/mainstream-berichtet-ueber-differenzen-zwischen-selenskij-und-klitschko\/","url":"https:\/\/now-news.de\/de\/deutschland\/mainstream-berichtet-ueber-differenzen-zwischen-selenskij-und-klitschko\/","name":"Mainstream berichtet \u00fcber Differenzen zwischen Selenskij und Klitschko - just-now.NEWS Deutschland","isPartOf":{"@id":"https:\/\/now-news.de\/de\/#website"},"primaryImageOfPage":{"@id":"https:\/\/now-news.de\/de\/deutschland\/mainstream-berichtet-ueber-differenzen-zwischen-selenskij-und-klitschko\/#primaryimage"},"image":{"@id":"https:\/\/now-news.de\/de\/deutschland\/mainstream-berichtet-ueber-differenzen-zwischen-selenskij-und-klitschko\/#primaryimage"},"thumbnailUrl":"https:\/\/now-news.de\/de\/wp-content\/uploads\/sites\/3\/2022\/11\/Mainstream-berichtet-ueber-Differenzen-zwischen-Selenskij-und-Klitschko.jpg","datePublished":"2022-11-27T17:21:12+00:00","dateModified":"2022-11-27T17:21:12+00:00","breadcrumb":{"@id":"https:\/\/now-news.de\/de\/deutschland\/mainstream-berichtet-ueber-differenzen-zwischen-selenskij-und-klitschko\/#breadcrumb"},"inLanguage":"de","potentialAction":[{"@type":"ReadAction","target":["https:\/\/now-news.de\/de\/deutschland\/mainstream-berichtet-ueber-differenzen-zwischen-selenskij-und-klitschko\/"]}]},{"@type":"ImageObject","inLanguage":"de","@id":"https:\/\/now-news.de\/de\/deutschland\/mainstream-berichtet-ueber-differenzen-zwischen-selenskij-und-klitschko\/#primaryimage","url":"https:\/\/now-news.de\/de\/wp-content\/uploads\/sites\/3\/2022\/11\/Mainstream-berichtet-ueber-Differenzen-zwischen-Selenskij-und-Klitschko.jpg","contentUrl":"https:\/\/now-news.de\/de\/wp-content\/uploads\/sites\/3\/2022\/11\/Mainstream-berichtet-ueber-Differenzen-zwischen-Selenskij-und-Klitschko.jpg","width":460,"height":259,"caption":"Mainstream berichtet \u00fcber Differenzen zwischen Selenskij und Klitschko"},{"@type":"BreadcrumbList","@id":"https:\/\/now-news.de\/de\/deutschland\/mainstream-berichtet-ueber-differenzen-zwischen-selenskij-und-klitschko\/#breadcrumb","itemListElement":[{"@type":"ListItem","position":1,"name":"Home","item":"https:\/\/now-news.de\/de\/"},{"@type":"ListItem","position":2,"name":"Mainstream berichtet \u00fcber Differenzen zwischen Selenskij und Klitschko"}]},{"@type":"WebSite","@id":"https:\/\/now-news.de\/de\/#website","url":"https:\/\/now-news.de\/de\/","name":"just-now.NEWS Deutschland","description":"Das Portal f\u00fcr unzensierte Nachrichten aus der Welt","publisher":{"@id":"https:\/\/now-news.de\/de\/#organization"},"potentialAction":[{"@type":"SearchAction","target":{"@type":"EntryPoint","urlTemplate":"https:\/\/now-news.de\/de\/?s={search_term_string}"},"query-input":"required name=search_term_string"}],"inLanguage":"de"},{"@type":"Organization","@id":"https:\/\/now-news.de\/de\/#organization","name":"Just Now News","url":"https:\/\/now-news.de\/de\/","logo":{"@type":"ImageObject","inLanguage":"de","@id":"https:\/\/now-news.de\/de\/#\/schema\/logo\/image\/","url":"http:\/\/just-now.news\/de\/wp-content\/uploads\/sites\/3\/2022\/04\/logo500x500.jpg","contentUrl":"http:\/\/just-now.news\/de\/wp-content\/uploads\/sites\/3\/2022\/04\/logo500x500.jpg","width":500,"height":500,"caption":"Just Now News"},"image":{"@id":"https:\/\/now-news.de\/de\/#\/schema\/logo\/image\/"},"sameAs":["https:\/\/www.facebook.com\/wirmachenauf","https:\/\/x.com\/WirMachenAuf_de"]},{"@type":"Person","@id":"https:\/\/now-news.de\/de\/#\/schema\/person\/fb534a4e865501d8b3285208df34a9b5","name":"rtnews","image":{"@type":"ImageObject","inLanguage":"de","@id":"https:\/\/now-news.de\/de\/#\/schema\/person\/image\/","url":"https:\/\/secure.gravatar.com\/avatar\/82aafea7d8127119dd649515f56e2117?s=96&d=mm&r=g","contentUrl":"https:\/\/secure.gravatar.com\/avatar\/82aafea7d8127119dd649515f56e2117?s=96&d=mm&r=g","caption":"rtnews"},"url":"https:\/\/now-news.de\/de\/author\/rnews\/"}]}},"_links":{"self":[{"href":"https:\/\/now-news.de\/de\/wp-json\/wp\/v2\/posts\/24153"}],"collection":[{"href":"https:\/\/now-news.de\/de\/wp-json\/wp\/v2\/posts"}],"about":[{"href":"https:\/\/now-news.de\/de\/wp-json\/wp\/v2\/types\/post"}],"author":[{"embeddable":true,"href":"https:\/\/now-news.de\/de\/wp-json\/wp\/v2\/users\/3"}],"replies":[{"embeddable":true,"href":"https:\/\/now-news.de\/de\/wp-json\/wp\/v2\/comments?post=24153"}],"version-history":[{"count":0,"href":"https:\/\/now-news.de\/de\/wp-json\/wp\/v2\/posts\/24153\/revisions"}],"wp:featuredmedia":[{"embeddable":true,"href":"https:\/\/now-news.de\/de\/wp-json\/wp\/v2\/media\/24154"}],"wp:attachment":[{"href":"https:\/\/now-news.de\/de\/wp-json\/wp\/v2\/media?parent=24153"}],"wp:term":[{"taxonomy":"category","embeddable":true,"href":"https:\/\/now-news.de\/de\/wp-json\/wp\/v2\/categories?post=24153"},{"taxonomy":"post_tag","embeddable":true,"href":"https:\/\/now-news.de\/de\/wp-json\/wp\/v2\/tags?post=24153"}],"curies":[{"name":"wp","href":"https:\/\/api.w.org\/{rel}","templated":true}]}}