{"id":24129,"date":"2022-11-27T09:05:37","date_gmt":"2022-11-27T07:05:37","guid":{"rendered":"https:\/\/just-now.news\/de\/deutschland\/der-weg-zum-krieg-%e2%88%92-wie-die-eu-den-maidan-ausloeste\/"},"modified":"2022-11-27T09:05:37","modified_gmt":"2022-11-27T07:05:37","slug":"der-weg-zum-krieg-%e2%88%92-wie-die-eu-den-maidan-ausloeste","status":"publish","type":"post","link":"https:\/\/now-news.de\/de\/deutschland\/der-weg-zum-krieg-%e2%88%92-wie-die-eu-den-maidan-ausloeste\/","title":{"rendered":"Der Weg zum Krieg \u2212 wie die EU den Maidan ausl\u00f6ste"},"content":{"rendered":"<p><img decoding=\"async\" src=\"http:\/\/just-now.news\/de\/wp-content\/uploads\/sites\/3\/2022\/11\/637e19dcb480cc34114eb8eb.jpg\" \/><\/p>\n<div class=\"Text-root Text-type_1 \">\n                Diese Woche liegt es neun Jahre zur\u00fcck, dass die Probleme der Ukraine einger\u00fchrt wurden. Der Hauptkoch dabei nannte sich EU, und heute wird so getan, als w\u00e4re da nichts gewesen. Doch ohne das Ultimatum der EU w\u00fcrde die Ukraine bis heute im Frieden leben.\n            <\/div>\n<p><\/p>\n<div class=\"Text-root Text-type_5 ArticleView-text ViewText-root \">\n<p><em>Von Dagmar Henn<\/em><\/p>\n<p>Der Maidan, die Dauerdemonstration in der Innenstadt von Kiew, die Ende November 2013 begann und das Vorspiel zum Putsch im Februar des folgenden Jahres darstellte, fiel nicht vom Himmel. Die demokratisch gew\u00e4hlte Regierung Janukowitsch hatte bereits seit l\u00e4ngerem mit der EU \u00fcber ein Assoziierungsabkommen verhandelt, wollte aber nachverhandeln. Dies wiederum verweigerte die EU und stellte im Fr\u00fchjahr 2013 ein <a rel=\"nofollow noopener\" target=\"_blank\" href=\"https:\/\/www.derstandard.at\/story\/1361241226412\/eu-stellt-ukraine-vor-die-wahl\">Ultimatum<\/a>, die ukrainische Regierung m\u00fcsse sich entscheiden.<\/p>\n<p>Es war nachvollziehbar, warum die Ukraine nachverhandeln wollte. Nachdem von russischer Seite klar war, dass ukrainische Waren nicht l\u00e4nger zollfrei importiert w\u00fcrden, sobald EU-Waren zollfrei in die Ukraine gelangen, begriff die Regierung Janukowitsch, dass unter diesen Bedingungen die Assoziierung den \u00f6konomischen Ruin bedeuten w\u00fcrde.<\/p>\n<p>Schlie\u00dflich w\u00e4re f\u00fcr den Export ukrainischer Produkte in die EU erforderlich, dass sie die EU-Normen erf\u00fcllen (richtig, diese Vorschriften \u00fcber den Kr\u00fcmmungsgrad von Gurken etc.). In den meisten F\u00e4llen h\u00e4tte das aber Investitionen bedeutet, die die Hersteller nicht bew\u00e4ltigen konnten. Folglich w\u00e4ren mit Russland der halbe Exportmarkt und die damit verbundenen Einnahmen weggefallen.<\/p>\n<p>Die EU w\u00fcrzte ihr Ultimatum noch mit einer zus\u00e4tzlichen Bedingung, die im Grunde unerf\u00fcllbar war: Sie forderte die Freilassung von Julia Timoschenko, die in der Ukraine wegen Korruption in Haft sa\u00df. Timoschenko war eine der Hauptfiguren der ersten, der Orangenen Farbrevolution in der Ukraine gewesen, also eine etablierte Vertreterin westlicher Interessen. Korrupt war sie allerdings tats\u00e4chlich, und man h\u00e4tte zwar fordern k\u00f6nnen, die Haftanstalten mit vielen weiteren ihrer Kollegen zu best\u00fccken, aber die Forderung nach ihrer Freilassung hatte nicht wirklich viel mit rechtsstaatlichen Grunds\u00e4tzen zu tun.<\/p>\n<p>Angela Merkel sollte Timoschenko nach ihrer Freilassung in Berlin begr\u00fc\u00dfen. Die Dame verbrachte dann einige Tage in der Charit\u00e9, angeblich wegen eines Bandscheibenvorfalls. Aufnahmen ihrer Freilassung und sp\u00e4terer Auftritte legen aber nahe, dass ein Lifting zumindest Teil des Behandlungsprogramms war.<\/p>\n<p>Die Regierung Juschtschenko,\u00a0deren Mitglied Timoschenko zuvor gewesen war, hatte \u00fcbrigens bereits Stepan Bandera zum ukrainischen Nationalhelden erkl\u00e4rt und die zugeh\u00f6rige Ideologie gef\u00f6rdert. Janukowitsch hatte diesen Schritt r\u00fcckg\u00e4ngig gemacht, die Putschregierung stellte den Nazi-Kollaborateur dann wieder aufs Podest. Es war also bereits vor 2014 erkennbar, in welche Richtung sich eine &#8220;pro-europ\u00e4ische&#8221; Ukraine entwickeln w\u00fcrde. Das hat aber die EU-Vertreter nie davon abgehalten, dieses politische Personal in der Ukraine zu f\u00f6rdern.<\/p>\n<p>Timoschenko wurde geradezu zur demokratischen Heldin stilisiert, obwohl sie sich an der Gasversorgung um Milliarden bereichert hatte. Wie demokratisch die Gesinnung der Gasprinzessin wirklich ist, zeigte sie nach dem Massaker von Odessa, als sie die T\u00e4ter daf\u00fcr lobte, sie h\u00e4tten erfolgreich die Besetzung eines \u00f6ffentlichen Geb\u00e4udes verhindert.<\/p>\n<p>\u00d6konomisch wie politisch war ein Kurs zwischen Russland und der EU f\u00fcr die Ukraine der vern\u00fcnftigste. Aber die EU hatte bereits vor 2014 die Assoziierung massiv beworben, unter Beteiligung s\u00e4mtlicher deutscher Parteistiftungen. Die Konrad-Adenauer-Stiftung beispielsweise finanzierte und f\u00f6rderte nicht nur Klitschkos Partei &#8220;Udar&#8221;, sie schulte auch Funktion\u00e4re von Swoboda\u00a0\u2212 einer Partei, die unverkennbare Nazibez\u00fcge hatte. Auch die Stiftung der Gr\u00fcnen war in der Ukraine besonders aktiv. Insbesondere in den Jugendlichen der Hauptstadt galt es, die Illusion zu wecken, mit einer Mitgliedschaft der Ukraine in der EU beg\u00e4nne f\u00fcr sie ein besseres Leben.<\/p>\n<p>Die Erz\u00e4hlung, die dar\u00fcber in der EU gesponnen wurde, l\u00e4sst sich ganz gut einem <a rel=\"nofollow noopener\" target=\"_blank\" href=\"https:\/\/www.deutschlandfunk.de\/ukraine-eine-niederlage-fuer-die-eu-100.html\">Interview<\/a>\u00a0entnehmen, welches der damalige Vorsitzende der sozialdemokratischen Fraktion im Europaparlament, Hannes Swoboda, dem <em>Deutschlandfunk<\/em> gab.<\/p>\n<p>&#8220;Dort, wo Putin sagt, ihr m\u00fcsst entweder mir folgen oder nach Br\u00fcssel, das ist die Alternative, da sehen wir ja, dass der Einfluss, der negative Einfluss und vor allem auch die M\u00f6glichkeit, hier etwas f\u00fcr die Menschen zu tun, nat\u00fcrlich schwindet. Nochmals: Putin hat ja nicht ein Interesse, die Lebensbedingungen in der Ukraine zu ver\u00e4ndern, die Wirtschaft zu modernisieren, die Rechtsstaatlichkeit zu st\u00e4rken. Das ist ja nicht in Putins wesentlichem Interesse.&#8221;<\/p>\n<p>Noch einmal f\u00fcr die \u00f6konomisch Begriffsstutzigen: F\u00fcr Russland w\u00e4re eine offene Grenze f\u00fcr die Waren aus der EU eine wirtschaftliche Katastrophe gewesen. Mit der Assoziierung der Ukraine und der damit einhergehenden Zollfreiheit zwischen der Ukraine und der EU war also die Errichtung von Zollgrenzen zur Ukraine eine Notwendigkeit. Das wusste jeder der Beteiligten.<\/p>\n<p>Das sind \u00f6konomische Tatsachen, auf die jede russische Regierung h\u00e4tte reagieren m\u00fcssen. Daraus etwas wie &#8220;Putins Interesse&#8221; zu spinnen, zeigt, wie tief die politische Kommunikation bereits damals gesunken war. Die EU-B\u00fcrokraten wussten auch genau, dass das die ukrainische Wirtschaft ihren wichtigsten Markt kosten w\u00fcrde, und zwar ersatzlos.<\/p>\n<p>Selbstverst\u00e4ndlich h\u00e4tte es M\u00f6glichkeiten gegeben, dieses wirtschaftliche Problem zumindest zu verringern, etwa indem die Anwendung der EU-Normen auf ukrainische Exportprodukte erst nach einer \u00dcbergangszeit in Kraft getreten w\u00e4re. Die EU wollte aber keine Kompromisse eingehen und setzte lieber auf einen Sturz der Regierung Janukowitsch. Die Freilassung Timoschenkos, die eine politische Unterwerfungsgeste war, wurde sogar zur unabdingbaren Voraussetzung jeglicher Gespr\u00e4che erkl\u00e4rt.<\/p>\n<p>Interessant an dem Interview von Hannes Swoboda ist seine Behauptung, Russland habe der Ukraine das Gas zu teuer verkauft. Tats\u00e4chlich war es stets unter Marktpreisen verkauft worden. Daf\u00fcr war es dann eine der ersten Forderungen des IWF an die Putschregierung, die Gaspreise f\u00fcr die ukrainischen B\u00fcrger auf das europ\u00e4ische Marktniveau heraufzusetzen, was sie vervielfachte und die Armut massiv erh\u00f6hte, \u00e4hnlich, wie es im Gefolge der Sanktionen nun in Europa selbst geschieht.<\/p>\n<p>Swoboda gab in diesem Interview sogar zu, dass Timoschenko mitnichten der Unschuldsengel war, f\u00fcr den man sie ausgab: &#8220;Die Konzentration allein auf eine Person, von deren Unschuld eigentlich wenige wirklich \u00fcberzeugt sind, das war sicherlich ein Fehler.&#8221; Dennoch, die monatelange Berichterstattung, die in den deutschen Fernsehsendern mit einer Maidan-Sondersendung nach der anderen geradezu monstr\u00f6se Ausma\u00dfe annahm, betonte immer, bei Julia Timoschenko handele es sich um ein armes, unschuldiges Opfer des nach Russland orientierten Pr\u00e4sidenten Janukowitsch.<\/p>\n<p>Die Demonstrationen, die als Euromaidan bekannt wurden, begannen, nachdem Janukowitsch Mitte November erkl\u00e4rt hatte, auf das Ultimatum der EU nicht einzugehen, und waren durch einige Eigenartigkeiten gekennzeichnet. Es gab Unmengen von EU-Fahnen, die irgendwoher kommen mussten; es gab eine gigantische B\u00fchne mit entsprechender Lautsprecheranlage; Details, die belegen, dass von Anfang an Geld geflossen sein muss, um diese Proteste zu f\u00f6rdern.<\/p>\n<p>Seitens der Regierung wurde es lange zugelassen, dass Demonstranten auf dem zentralen Platz kampierten, K\u00fcchen einrichteten, dass sie Verwaltungsgeb\u00e4ude belagerten oder erst\u00fcrmten. Erst auf die zunehmende Gewalt reagierte sie mit dem Versuch, das Demonstrationsrecht zu versch\u00e4rfen, indem beispielsweise ein Vermummungsverbot eingef\u00fchrt werden sollte. Etwas, das in so gut wie allen EU-L\u00e4ndern Gesetz ist, aber, als es in der Ukraine eingef\u00fchrt werden sollte, sofort als undemokratisch verdammt wurde.<\/p>\n<p>Erste Berichte \u00fcber die prominente Rolle, die ukrainische Nazis bei diesen Protesten spielten, <a rel=\"nofollow noopener\" target=\"_blank\" href=\"https:\/\/www.heise.de\/tp\/features\/Hass-auf-Moskauer-Juden-und-andere-Unreine-3362837.html\">gab<\/a> es bereits 2013. Kurz nach dem Putsch im Februar gab es sogar noch eine Dokumentation der <em>BBC<\/em>, in der erw\u00e4hnt wurde, dass die Truppen des Rechten Sektors, die sich auf dem Maidan mit besonderer Brutalit\u00e4t hervorgetan hatten, im von ihnen besetzten Kiewer Gewerkschaftshaus einen Folterkeller eingerichtet hatten.<\/p>\n<p>Victoria Nuland, die US-Au\u00dfenpolitikerin, die durch das Verteilen von Keksen auf dem Maidan bekannt wurde, hatte im Februar 2014 \u00f6ffentlich erkl\u00e4rt, man habe 5 Milliarden Dollar in den Umsturz in der Ukraine gesteckt. Der Betrag d\u00fcrfte nicht ganz reichen, denn neben den US-Stiftungen, den \u00fcblichen Verd\u00e4chtigen, wie US-AID und National Endowment for Democracy, waren auch noch viele Organisationen aus EU-L\u00e4ndern engagiert, wie die oben erw\u00e4hnten deutschen Parteistiftungen. Dass ein solches Engagement im Gegenzug dann dazu f\u00fchrte, dass der Charakter der mitausgel\u00f6sten Proteste verzerrt dargestellt und die Rolle ukrainischer Nazis verschwiegen wurde, ist dann die direkte logische Konsequenz.<\/p>\n<p>Welches Ausma\u00df die Gewalt seitens der &#8220;friedliebenden pro-europ\u00e4ischen Demonstranten&#8221; hatte, wurde in hunderten Stunden Sondersendungen nicht gezeigt. Dass die ukrainische Polizei nach dem damals g\u00fcltigen Polizeirecht nicht einmal zur Verteidigung des eigenen Lebens Gewalt einsetzen durfte, ohne einen Befehl dazu erhalten zu haben\u00a0\u2212 ein solcher Befehl aber nicht erging \u2212, wurde nie berichtet. Schon gar nicht, dass diese Umst\u00e4nde viele Polizisten das Leben kosteten, die mit Molotow-Cocktails mit einer Napalm-\u00e4hnlichen Mischung beworfen wurden.<\/p>\n<p>Im Gegenteil. Die Berichterstattung setzte darauf, dass sich das westliche Publikum zu Helm und Schild Pfefferspray und Pistole dazudenken w\u00fcrde und so eine Polizeigewalt sehen w\u00fcrde, die es nicht gab. &#8220;Die Ma\u00dfnahmen der Polizei gegen die fanatischen Swoboda-Militanten wirken hilflos und unentschlossen&#8221;,\u00a0<a rel=\"nofollow noopener\" target=\"_blank\" href=\"https:\/\/www.heise.de\/tp\/features\/Schlittert-die-Ukraine-ins-Chaos-3363462.html\">berichtete<\/a> damals Ulrich Heyden. Wenige Tage vor dem Putsch hatte die Partei Swoboda ihre Mitglieder aufgefordert, mit Schusswaffen zu erscheinen&#8230;<\/p>\n<p>Am Wochenende vor dem Putsch gab es ein weiteres Ereignis, das h\u00e4tte aufhorchen lassen m\u00fcssen\u00a0\u2212 den \u00dcberfall von Swoboda- und Udar-Anh\u00e4ngern auf Busse von Anti-Maidan-Demonstranten von der Krim. Diese Gegendemonstrationen wurden im Westen verschwiegen, vor dem Putsch wie danach.<\/p>\n<p>An diesem Tag wurden die Busse auf der Autobahn angehalten. Es gibt Videos, die zeigen, wie die Demonstranten, die aus den Bussen geholt wurden, vor diesen auf den Scherben der zerschlagenen Fenster knien und gedem\u00fctigt werden. Dieser \u00dcberfall forderte mehrere Todesopfer und hatte gewaltigen Einfluss auf die weitere Entwicklung auf der Krim. Auch dieses Ereignis muss in den Entscheidungszentralen der EU bekannt gewesen sein, ehe die Putschregierung anerkannt wurde.<\/p>\n<p>Nichts von alledem, nicht der Maidan, nicht der Putsch, nicht der B\u00fcrgerkrieg, h\u00e4tte stattgefunden, h\u00e4tte die EU nicht dieses Ultimatum gestellt. Jeder Beteiligte wusste, dass die Ukraine ein gespaltenes Land war\u00a0\u2212 das zeigte sich bei jeder Wahl erneut. Statt einen Weg zu suchen, diese Spaltung zu \u00fcberwinden, schuf die EU eine Situation, in der eine Seite die andere unterwerfen sollte.<\/p>\n<p>Diese Strategie war zuvor bereits im Umgang mit den baltischen L\u00e4ndern genutzt worden, in denen entgegen der eigentlich in der EU f\u00fcr den Umgang mit Minderheiten geltenden Regeln ein minderwertiger Status f\u00fcr B\u00fcrger russischer Abstammung akzeptiert wurde. Aber die baltischen L\u00e4nder sind klein; selbst wenn diese Politik zu heftigeren Auseinandersetzungen gef\u00fchrt h\u00e4tte, w\u00e4ren sie im Format einer Wirtshausschl\u00e4gerei geblieben. In der Ukraine aber ging es um die H\u00e4lfte eines Landes mit vielleicht 40 Millionen Einwohnern. Es muss in Br\u00fcssel wie in Berlin klar gewesen sein, dass damit die Lunte an einen B\u00fcrgerkrieg gelegt wurde.<\/p>\n<p><strong>Mehr zum Thema<\/strong> &#8211; <a rel=\"nofollow noopener\" target=\"_blank\" href=\"https:\/\/pressefreiheit.rtde.tech\/meinung\/152102-ukraine-seit-acht-jahren-bruderkrieg\/\">Ukraine: Seit acht Jahren ist Bruderkrieg \u2013 &#8220;Die Welt&#8221; entdeckt ihn heute<\/a><\/p>\n<\/p>\n<\/div>\n<p><br \/>\n<br \/><a href=\"https:\/\/de.rt.com\/meinung\/155233-weg-zum-krieg-wie-eu\/\">Source link <\/a><\/p>\n","protected":false},"excerpt":{"rendered":"<p>Diese Woche liegt es neun Jahre zur\u00fcck, dass die Probleme der Ukraine einger\u00fchrt wurden. Der Hauptkoch dabei nannte sich EU, und heute wird so getan, als w\u00e4re da nichts gewesen. Doch ohne das Ultimatum der EU w\u00fcrde die Ukraine bis heute im Frieden leben. Von Dagmar Henn Der Maidan, die Dauerdemonstration in der Innenstadt von [&hellip;]<\/p>\n","protected":false},"author":3,"featured_media":24130,"comment_status":"open","ping_status":"open","sticky":false,"template":"","format":"standard","meta":{"_yoast_indexnow_last_ping":["1669533209"],"wp_automatic_camp":["217"],"328fc4bc53de7850bcd48965cf6a6544":["Der Weg zum Krieg \u2212 wie die EU den Maidan ausl\u00f6ste"],"original_link":["https:\/\/de.rt.com\/meinung\/155233-weg-zum-krieg-wie-eu\/"],"_thumbnail_id":["24130"],"jnews_social_counter_last_update":["1777635889"]},"categories":[19,23],"tags":[36559,48,82,45,130,36558,2404,579,565],"yoast_head":"<!-- This site is optimized with the Yoast SEO Premium plugin v22.7 (Yoast SEO v22.7) - https:\/\/yoast.com\/wordpress\/plugins\/seo\/ -->\n<title>Der Weg zum Krieg \u2212 wie die EU den Maidan ausl\u00f6ste - just-now.NEWS Deutschland<\/title>\n<meta name=\"robots\" content=\"index, follow, max-snippet:-1, max-image-preview:large, max-video-preview:-1\" \/>\n<link rel=\"canonical\" href=\"https:\/\/now-news.de\/de\/deutschland\/der-weg-zum-krieg-\u2212-wie-die-eu-den-maidan-ausloeste\/\" \/>\n<meta property=\"og:locale\" content=\"de_DE\" \/>\n<meta property=\"og:type\" content=\"article\" \/>\n<meta property=\"og:title\" content=\"Der Weg zum Krieg \u2212 wie die EU den Maidan ausl\u00f6ste\" \/>\n<meta property=\"og:description\" content=\"Diese Woche liegt es neun Jahre zur\u00fcck, dass die Probleme der Ukraine einger\u00fchrt wurden. Der Hauptkoch dabei nannte sich EU, und heute wird so getan, als w\u00e4re da nichts gewesen. Doch ohne das Ultimatum der EU w\u00fcrde die Ukraine bis heute im Frieden leben. Von Dagmar Henn Der Maidan, die Dauerdemonstration in der Innenstadt von [&hellip;]\" \/>\n<meta property=\"og:url\" content=\"https:\/\/now-news.de\/de\/deutschland\/der-weg-zum-krieg-\u2212-wie-die-eu-den-maidan-ausloeste\/\" \/>\n<meta property=\"og:site_name\" content=\"just-now.NEWS Deutschland\" \/>\n<meta property=\"article:publisher\" content=\"https:\/\/www.facebook.com\/wirmachenauf\" \/>\n<meta property=\"article:published_time\" content=\"2022-11-27T07:05:37+00:00\" \/>\n<meta property=\"og:image\" content=\"https:\/\/now-news.de\/de\/wp-content\/uploads\/sites\/3\/2022\/11\/Der-Weg-zum-Krieg-\u2212-wie-die-EU-den-Maidan.jpg\" \/>\n\t<meta property=\"og:image:width\" content=\"460\" \/>\n\t<meta property=\"og:image:height\" content=\"259\" \/>\n\t<meta property=\"og:image:type\" content=\"image\/jpeg\" \/>\n<meta name=\"author\" content=\"rtnews\" \/>\n<meta name=\"twitter:card\" content=\"summary_large_image\" \/>\n<meta name=\"twitter:creator\" content=\"@WirMachenAuf_de\" \/>\n<meta name=\"twitter:site\" content=\"@WirMachenAuf_de\" \/>\n<meta name=\"twitter:label1\" content=\"Verfasst von\" \/>\n\t<meta name=\"twitter:data1\" content=\"rtnews\" \/>\n\t<meta name=\"twitter:label2\" content=\"Gesch\u00e4tzte Lesezeit\" \/>\n\t<meta name=\"twitter:data2\" content=\"9\u00a0Minuten\" \/>\n<script type=\"application\/ld+json\" class=\"yoast-schema-graph\">{\"@context\":\"https:\/\/schema.org\",\"@graph\":[{\"@type\":\"Article\",\"@id\":\"https:\/\/now-news.de\/de\/deutschland\/der-weg-zum-krieg-%e2%88%92-wie-die-eu-den-maidan-ausloeste\/#article\",\"isPartOf\":{\"@id\":\"https:\/\/now-news.de\/de\/deutschland\/der-weg-zum-krieg-%e2%88%92-wie-die-eu-den-maidan-ausloeste\/\"},\"author\":{\"name\":\"rtnews\",\"@id\":\"https:\/\/now-news.de\/de\/#\/schema\/person\/fb534a4e865501d8b3285208df34a9b5\"},\"headline\":\"Der Weg zum Krieg \u2212 wie die EU den Maidan ausl\u00f6ste\",\"datePublished\":\"2022-11-27T07:05:37+00:00\",\"dateModified\":\"2022-11-27T07:05:37+00:00\",\"mainEntityOfPage\":{\"@id\":\"https:\/\/now-news.de\/de\/deutschland\/der-weg-zum-krieg-%e2%88%92-wie-die-eu-den-maidan-ausloeste\/\"},\"wordCount\":1785,\"commentCount\":3,\"publisher\":{\"@id\":\"https:\/\/now-news.de\/de\/#organization\"},\"image\":{\"@id\":\"https:\/\/now-news.de\/de\/deutschland\/der-weg-zum-krieg-%e2%88%92-wie-die-eu-den-maidan-ausloeste\/#primaryimage\"},\"thumbnailUrl\":\"https:\/\/now-news.de\/de\/wp-content\/uploads\/sites\/3\/2022\/11\/Der-Weg-zum-Krieg-\u2212-wie-die-EU-den-Maidan.jpg\",\"keywords\":[\"ausl\u00f6ste\",\"den\",\"der\",\"die\",\"krieg\",\"Maidan\",\"Weg\",\"Wie\",\"zum\"],\"articleSection\":[\"Deutschland\",\"Russland\"],\"inLanguage\":\"de\",\"potentialAction\":[{\"@type\":\"CommentAction\",\"name\":\"Comment\",\"target\":[\"https:\/\/now-news.de\/de\/deutschland\/der-weg-zum-krieg-%e2%88%92-wie-die-eu-den-maidan-ausloeste\/#respond\"]}]},{\"@type\":\"WebPage\",\"@id\":\"https:\/\/now-news.de\/de\/deutschland\/der-weg-zum-krieg-%e2%88%92-wie-die-eu-den-maidan-ausloeste\/\",\"url\":\"https:\/\/now-news.de\/de\/deutschland\/der-weg-zum-krieg-%e2%88%92-wie-die-eu-den-maidan-ausloeste\/\",\"name\":\"Der Weg zum Krieg \u2212 wie die EU den Maidan ausl\u00f6ste - just-now.NEWS Deutschland\",\"isPartOf\":{\"@id\":\"https:\/\/now-news.de\/de\/#website\"},\"primaryImageOfPage\":{\"@id\":\"https:\/\/now-news.de\/de\/deutschland\/der-weg-zum-krieg-%e2%88%92-wie-die-eu-den-maidan-ausloeste\/#primaryimage\"},\"image\":{\"@id\":\"https:\/\/now-news.de\/de\/deutschland\/der-weg-zum-krieg-%e2%88%92-wie-die-eu-den-maidan-ausloeste\/#primaryimage\"},\"thumbnailUrl\":\"https:\/\/now-news.de\/de\/wp-content\/uploads\/sites\/3\/2022\/11\/Der-Weg-zum-Krieg-\u2212-wie-die-EU-den-Maidan.jpg\",\"datePublished\":\"2022-11-27T07:05:37+00:00\",\"dateModified\":\"2022-11-27T07:05:37+00:00\",\"breadcrumb\":{\"@id\":\"https:\/\/now-news.de\/de\/deutschland\/der-weg-zum-krieg-%e2%88%92-wie-die-eu-den-maidan-ausloeste\/#breadcrumb\"},\"inLanguage\":\"de\",\"potentialAction\":[{\"@type\":\"ReadAction\",\"target\":[\"https:\/\/now-news.de\/de\/deutschland\/der-weg-zum-krieg-%e2%88%92-wie-die-eu-den-maidan-ausloeste\/\"]}]},{\"@type\":\"ImageObject\",\"inLanguage\":\"de\",\"@id\":\"https:\/\/now-news.de\/de\/deutschland\/der-weg-zum-krieg-%e2%88%92-wie-die-eu-den-maidan-ausloeste\/#primaryimage\",\"url\":\"https:\/\/now-news.de\/de\/wp-content\/uploads\/sites\/3\/2022\/11\/Der-Weg-zum-Krieg-\u2212-wie-die-EU-den-Maidan.jpg\",\"contentUrl\":\"https:\/\/now-news.de\/de\/wp-content\/uploads\/sites\/3\/2022\/11\/Der-Weg-zum-Krieg-\u2212-wie-die-EU-den-Maidan.jpg\",\"width\":460,\"height\":259,\"caption\":\"Der Weg zum Krieg \u2212 wie die EU den Maidan ausl\u00f6ste\"},{\"@type\":\"BreadcrumbList\",\"@id\":\"https:\/\/now-news.de\/de\/deutschland\/der-weg-zum-krieg-%e2%88%92-wie-die-eu-den-maidan-ausloeste\/#breadcrumb\",\"itemListElement\":[{\"@type\":\"ListItem\",\"position\":1,\"name\":\"Home\",\"item\":\"https:\/\/now-news.de\/de\/\"},{\"@type\":\"ListItem\",\"position\":2,\"name\":\"Der Weg zum Krieg \u2212 wie die EU den Maidan ausl\u00f6ste\"}]},{\"@type\":\"WebSite\",\"@id\":\"https:\/\/now-news.de\/de\/#website\",\"url\":\"https:\/\/now-news.de\/de\/\",\"name\":\"just-now.NEWS Deutschland\",\"description\":\"Das Portal f\u00fcr unzensierte Nachrichten aus der Welt\",\"publisher\":{\"@id\":\"https:\/\/now-news.de\/de\/#organization\"},\"potentialAction\":[{\"@type\":\"SearchAction\",\"target\":{\"@type\":\"EntryPoint\",\"urlTemplate\":\"https:\/\/now-news.de\/de\/?s={search_term_string}\"},\"query-input\":\"required name=search_term_string\"}],\"inLanguage\":\"de\"},{\"@type\":\"Organization\",\"@id\":\"https:\/\/now-news.de\/de\/#organization\",\"name\":\"Just Now News\",\"url\":\"https:\/\/now-news.de\/de\/\",\"logo\":{\"@type\":\"ImageObject\",\"inLanguage\":\"de\",\"@id\":\"https:\/\/now-news.de\/de\/#\/schema\/logo\/image\/\",\"url\":\"http:\/\/just-now.news\/de\/wp-content\/uploads\/sites\/3\/2022\/04\/logo500x500.jpg\",\"contentUrl\":\"http:\/\/just-now.news\/de\/wp-content\/uploads\/sites\/3\/2022\/04\/logo500x500.jpg\",\"width\":500,\"height\":500,\"caption\":\"Just Now News\"},\"image\":{\"@id\":\"https:\/\/now-news.de\/de\/#\/schema\/logo\/image\/\"},\"sameAs\":[\"https:\/\/www.facebook.com\/wirmachenauf\",\"https:\/\/x.com\/WirMachenAuf_de\"]},{\"@type\":\"Person\",\"@id\":\"https:\/\/now-news.de\/de\/#\/schema\/person\/fb534a4e865501d8b3285208df34a9b5\",\"name\":\"rtnews\",\"image\":{\"@type\":\"ImageObject\",\"inLanguage\":\"de\",\"@id\":\"https:\/\/now-news.de\/de\/#\/schema\/person\/image\/\",\"url\":\"https:\/\/secure.gravatar.com\/avatar\/82aafea7d8127119dd649515f56e2117?s=96&d=mm&r=g\",\"contentUrl\":\"https:\/\/secure.gravatar.com\/avatar\/82aafea7d8127119dd649515f56e2117?s=96&d=mm&r=g\",\"caption\":\"rtnews\"},\"url\":\"https:\/\/now-news.de\/de\/author\/rnews\/\"}]}<\/script>\n<!-- \/ Yoast SEO Premium plugin. -->","yoast_head_json":{"title":"Der Weg zum Krieg \u2212 wie die EU den Maidan ausl\u00f6ste - just-now.NEWS Deutschland","robots":{"index":"index","follow":"follow","max-snippet":"max-snippet:-1","max-image-preview":"max-image-preview:large","max-video-preview":"max-video-preview:-1"},"canonical":"https:\/\/now-news.de\/de\/deutschland\/der-weg-zum-krieg-\u2212-wie-die-eu-den-maidan-ausloeste\/","og_locale":"de_DE","og_type":"article","og_title":"Der Weg zum Krieg \u2212 wie die EU den Maidan ausl\u00f6ste","og_description":"Diese Woche liegt es neun Jahre zur\u00fcck, dass die Probleme der Ukraine einger\u00fchrt wurden. Der Hauptkoch dabei nannte sich EU, und heute wird so getan, als w\u00e4re da nichts gewesen. Doch ohne das Ultimatum der EU w\u00fcrde die Ukraine bis heute im Frieden leben. Von Dagmar Henn Der Maidan, die Dauerdemonstration in der Innenstadt von [&hellip;]","og_url":"https:\/\/now-news.de\/de\/deutschland\/der-weg-zum-krieg-\u2212-wie-die-eu-den-maidan-ausloeste\/","og_site_name":"just-now.NEWS Deutschland","article_publisher":"https:\/\/www.facebook.com\/wirmachenauf","article_published_time":"2022-11-27T07:05:37+00:00","og_image":[{"width":460,"height":259,"url":"https:\/\/now-news.de\/de\/wp-content\/uploads\/sites\/3\/2022\/11\/Der-Weg-zum-Krieg-\u2212-wie-die-EU-den-Maidan.jpg","type":"image\/jpeg"}],"author":"rtnews","twitter_card":"summary_large_image","twitter_creator":"@WirMachenAuf_de","twitter_site":"@WirMachenAuf_de","twitter_misc":{"Verfasst von":"rtnews","Gesch\u00e4tzte Lesezeit":"9\u00a0Minuten"},"schema":{"@context":"https:\/\/schema.org","@graph":[{"@type":"Article","@id":"https:\/\/now-news.de\/de\/deutschland\/der-weg-zum-krieg-%e2%88%92-wie-die-eu-den-maidan-ausloeste\/#article","isPartOf":{"@id":"https:\/\/now-news.de\/de\/deutschland\/der-weg-zum-krieg-%e2%88%92-wie-die-eu-den-maidan-ausloeste\/"},"author":{"name":"rtnews","@id":"https:\/\/now-news.de\/de\/#\/schema\/person\/fb534a4e865501d8b3285208df34a9b5"},"headline":"Der Weg zum Krieg \u2212 wie die EU den Maidan ausl\u00f6ste","datePublished":"2022-11-27T07:05:37+00:00","dateModified":"2022-11-27T07:05:37+00:00","mainEntityOfPage":{"@id":"https:\/\/now-news.de\/de\/deutschland\/der-weg-zum-krieg-%e2%88%92-wie-die-eu-den-maidan-ausloeste\/"},"wordCount":1785,"commentCount":3,"publisher":{"@id":"https:\/\/now-news.de\/de\/#organization"},"image":{"@id":"https:\/\/now-news.de\/de\/deutschland\/der-weg-zum-krieg-%e2%88%92-wie-die-eu-den-maidan-ausloeste\/#primaryimage"},"thumbnailUrl":"https:\/\/now-news.de\/de\/wp-content\/uploads\/sites\/3\/2022\/11\/Der-Weg-zum-Krieg-\u2212-wie-die-EU-den-Maidan.jpg","keywords":["ausl\u00f6ste","den","der","die","krieg","Maidan","Weg","Wie","zum"],"articleSection":["Deutschland","Russland"],"inLanguage":"de","potentialAction":[{"@type":"CommentAction","name":"Comment","target":["https:\/\/now-news.de\/de\/deutschland\/der-weg-zum-krieg-%e2%88%92-wie-die-eu-den-maidan-ausloeste\/#respond"]}]},{"@type":"WebPage","@id":"https:\/\/now-news.de\/de\/deutschland\/der-weg-zum-krieg-%e2%88%92-wie-die-eu-den-maidan-ausloeste\/","url":"https:\/\/now-news.de\/de\/deutschland\/der-weg-zum-krieg-%e2%88%92-wie-die-eu-den-maidan-ausloeste\/","name":"Der Weg zum Krieg \u2212 wie die EU den Maidan ausl\u00f6ste - just-now.NEWS Deutschland","isPartOf":{"@id":"https:\/\/now-news.de\/de\/#website"},"primaryImageOfPage":{"@id":"https:\/\/now-news.de\/de\/deutschland\/der-weg-zum-krieg-%e2%88%92-wie-die-eu-den-maidan-ausloeste\/#primaryimage"},"image":{"@id":"https:\/\/now-news.de\/de\/deutschland\/der-weg-zum-krieg-%e2%88%92-wie-die-eu-den-maidan-ausloeste\/#primaryimage"},"thumbnailUrl":"https:\/\/now-news.de\/de\/wp-content\/uploads\/sites\/3\/2022\/11\/Der-Weg-zum-Krieg-\u2212-wie-die-EU-den-Maidan.jpg","datePublished":"2022-11-27T07:05:37+00:00","dateModified":"2022-11-27T07:05:37+00:00","breadcrumb":{"@id":"https:\/\/now-news.de\/de\/deutschland\/der-weg-zum-krieg-%e2%88%92-wie-die-eu-den-maidan-ausloeste\/#breadcrumb"},"inLanguage":"de","potentialAction":[{"@type":"ReadAction","target":["https:\/\/now-news.de\/de\/deutschland\/der-weg-zum-krieg-%e2%88%92-wie-die-eu-den-maidan-ausloeste\/"]}]},{"@type":"ImageObject","inLanguage":"de","@id":"https:\/\/now-news.de\/de\/deutschland\/der-weg-zum-krieg-%e2%88%92-wie-die-eu-den-maidan-ausloeste\/#primaryimage","url":"https:\/\/now-news.de\/de\/wp-content\/uploads\/sites\/3\/2022\/11\/Der-Weg-zum-Krieg-\u2212-wie-die-EU-den-Maidan.jpg","contentUrl":"https:\/\/now-news.de\/de\/wp-content\/uploads\/sites\/3\/2022\/11\/Der-Weg-zum-Krieg-\u2212-wie-die-EU-den-Maidan.jpg","width":460,"height":259,"caption":"Der Weg zum Krieg \u2212 wie die EU den Maidan ausl\u00f6ste"},{"@type":"BreadcrumbList","@id":"https:\/\/now-news.de\/de\/deutschland\/der-weg-zum-krieg-%e2%88%92-wie-die-eu-den-maidan-ausloeste\/#breadcrumb","itemListElement":[{"@type":"ListItem","position":1,"name":"Home","item":"https:\/\/now-news.de\/de\/"},{"@type":"ListItem","position":2,"name":"Der Weg zum Krieg \u2212 wie die EU den Maidan ausl\u00f6ste"}]},{"@type":"WebSite","@id":"https:\/\/now-news.de\/de\/#website","url":"https:\/\/now-news.de\/de\/","name":"just-now.NEWS Deutschland","description":"Das Portal f\u00fcr unzensierte Nachrichten aus der Welt","publisher":{"@id":"https:\/\/now-news.de\/de\/#organization"},"potentialAction":[{"@type":"SearchAction","target":{"@type":"EntryPoint","urlTemplate":"https:\/\/now-news.de\/de\/?s={search_term_string}"},"query-input":"required name=search_term_string"}],"inLanguage":"de"},{"@type":"Organization","@id":"https:\/\/now-news.de\/de\/#organization","name":"Just Now News","url":"https:\/\/now-news.de\/de\/","logo":{"@type":"ImageObject","inLanguage":"de","@id":"https:\/\/now-news.de\/de\/#\/schema\/logo\/image\/","url":"http:\/\/just-now.news\/de\/wp-content\/uploads\/sites\/3\/2022\/04\/logo500x500.jpg","contentUrl":"http:\/\/just-now.news\/de\/wp-content\/uploads\/sites\/3\/2022\/04\/logo500x500.jpg","width":500,"height":500,"caption":"Just Now News"},"image":{"@id":"https:\/\/now-news.de\/de\/#\/schema\/logo\/image\/"},"sameAs":["https:\/\/www.facebook.com\/wirmachenauf","https:\/\/x.com\/WirMachenAuf_de"]},{"@type":"Person","@id":"https:\/\/now-news.de\/de\/#\/schema\/person\/fb534a4e865501d8b3285208df34a9b5","name":"rtnews","image":{"@type":"ImageObject","inLanguage":"de","@id":"https:\/\/now-news.de\/de\/#\/schema\/person\/image\/","url":"https:\/\/secure.gravatar.com\/avatar\/82aafea7d8127119dd649515f56e2117?s=96&d=mm&r=g","contentUrl":"https:\/\/secure.gravatar.com\/avatar\/82aafea7d8127119dd649515f56e2117?s=96&d=mm&r=g","caption":"rtnews"},"url":"https:\/\/now-news.de\/de\/author\/rnews\/"}]}},"_links":{"self":[{"href":"https:\/\/now-news.de\/de\/wp-json\/wp\/v2\/posts\/24129"}],"collection":[{"href":"https:\/\/now-news.de\/de\/wp-json\/wp\/v2\/posts"}],"about":[{"href":"https:\/\/now-news.de\/de\/wp-json\/wp\/v2\/types\/post"}],"author":[{"embeddable":true,"href":"https:\/\/now-news.de\/de\/wp-json\/wp\/v2\/users\/3"}],"replies":[{"embeddable":true,"href":"https:\/\/now-news.de\/de\/wp-json\/wp\/v2\/comments?post=24129"}],"version-history":[{"count":0,"href":"https:\/\/now-news.de\/de\/wp-json\/wp\/v2\/posts\/24129\/revisions"}],"wp:featuredmedia":[{"embeddable":true,"href":"https:\/\/now-news.de\/de\/wp-json\/wp\/v2\/media\/24130"}],"wp:attachment":[{"href":"https:\/\/now-news.de\/de\/wp-json\/wp\/v2\/media?parent=24129"}],"wp:term":[{"taxonomy":"category","embeddable":true,"href":"https:\/\/now-news.de\/de\/wp-json\/wp\/v2\/categories?post=24129"},{"taxonomy":"post_tag","embeddable":true,"href":"https:\/\/now-news.de\/de\/wp-json\/wp\/v2\/tags?post=24129"}],"curies":[{"name":"wp","href":"https:\/\/api.w.org\/{rel}","templated":true}]}}