{"id":24095,"date":"2022-11-26T16:56:56","date_gmt":"2022-11-26T14:56:56","guid":{"rendered":"https:\/\/just-now.news\/de\/deutschland\/trudeau-verteidigt-notstandsbefugnisse-bei-trucker-protesten-gegen-corona-regeln-als-notwendig\/"},"modified":"2022-11-26T16:56:56","modified_gmt":"2022-11-26T14:56:56","slug":"trudeau-verteidigt-notstandsbefugnisse-bei-trucker-protesten-gegen-corona-regeln-als-notwendig","status":"publish","type":"post","link":"https:\/\/now-news.de\/de\/deutschland\/trudeau-verteidigt-notstandsbefugnisse-bei-trucker-protesten-gegen-corona-regeln-als-notwendig\/","title":{"rendered":"Trudeau verteidigt Notstandsbefugnisse bei Trucker-Protesten gegen Corona-Regeln als notwendig"},"content":{"rendered":"<p><img decoding=\"async\" src=\"http:\/\/just-now.news\/de\/wp-content\/uploads\/sites\/3\/2022\/11\/6381d81eb480cc05b0788756.jpg\" \/><\/p>\n<div class=\"Text-root Text-type_1 \">\n                Der kanadische Premierminister Trudeau stand Rede und Antwort zu den Ereignissen und politischen Reaktionen rund um ma\u00dfnahmenkritische Trucker-Proteste zu Jahresbeginn in Kanada. Laut seiner Wahrnehmung h\u00e4tte er kritische B\u00fcrger nie beschimpft.\n            <\/div>\n<p><\/p>\n<div class=\"Text-root Text-type_5 ArticleView-text ViewText-root \">\n<p>Die &#8220;Freedom Convoy&#8221;-Demonstrationen kanadischer B\u00fcrger, als Protestform gegen die rigiden Regierungsma\u00dfnahmen im Bereich des \u00f6ffentlichen Gesundheitswesens, darunter Impfvorschriften und daraus resultierende Verbote in Bereichen der Gesellschaft, legten die Hauptstadt Ottawa im Januar und Februar 2022 wochenlang lahm.<\/p>\n<p>Kanadas Premier Justin Trudeau reagierte dabei nicht nur verbal in extremer Form, sondern war verantwortlich f\u00fcr die historische Ausrufung der Anwendung von Notstandsbefugnissen. Diese waren laut seiner Aussage am 25. November auf der Anh\u00f6rung der &#8220;Kommission f\u00fcr den Notstand der \u00f6ffentlichen Ordnung in Ottawa&#8221; f\u00fcr ihn unvermeidlich und notwendig. Zur Begr\u00fcndung seiner politischen Reaktion auf die Trucker-Proteste <a rel=\"nofollow noopener\" target=\"_blank\" href=\"https:\/\/www.reuters.com\/world\/americas\/trudeau-tells-hearing-police-failed-keep-freedom-convoy-protests-check-2022-11-25\/\">erkl\u00e4rte<\/a> er den anwesenden Kommissionsmitgliedern:<\/p>\n<blockquote>\n<p><em>&#8220;Es ging nicht darum, dass sie nur geh\u00f6rt werden wollten. Sie wollten, dass man ihnen gehorcht.&#8221;<\/em><\/p>\n<\/blockquote>\n<p>Auf die vorgetragene Kritik und die unmittelbare Konfrontation mit nachweislichen Aussagen im Rahmen der Ereignisse\u00a0<a rel=\"nofollow noopener\" target=\"_blank\" href=\"https:\/\/www.nytimes.com\/2022\/11\/25\/world\/canada\/trudeau-trucker-hearings-canada.html\">erwiderte<\/a> Trudeau vor der Kommission:<\/p>\n<blockquote>\n<p><em>&#8220;Ich bin absolut, absolut gelassen und zuversichtlich, dass ich die richtige Wahl getroffen habe.&#8221;<\/em><\/p>\n<\/blockquote>\n<p>Trudeau r\u00e4umte zumindest ein, dass die Inkraftsetzung des Gesetzes &#8220;ein bedeutender Schritt gewesen sei, der Bedenken hinsichtlich der b\u00fcrgerlichen Freiheiten aufgeworfen habe&#8221;. Die Entscheidung zur Ausrufung der Notstandsbefugnisse erfolgte, nachdem rund 17 Tage lang Blockaden und andere Solidarit\u00e4tsdemonstrationen nicht nur die Hauptstadt, sondern auch drei Grenz\u00fcberg\u00e4nge geschlossen hatten.<\/p>\n<p>Viele Kanadier, aber auch die Au\u00dfenwahrnehmung im Ausland, empfanden die Inkraftsetzung des Gesetzes\u00a0als\u00a0provozierte \u00dcberschreitung und Missbrauch der Befugnisse der Regierung Trudeau. Weitere Rechtfertigungen des Premiers bei der Anh\u00f6rung lauteten:<\/p>\n<blockquote>\n<p><em>&#8220;Was w\u00e4re, wenn in den folgenden Tagen das Schlimmste passiert w\u00e4re, wenn jemand verletzt worden w\u00e4re. Die Verantwortung eines Premierministers ist es, harte Entscheidungen zu treffen und f\u00fcr die Sicherheit der Menschen zu sorgen.&#8221;<\/em><\/p>\n<\/blockquote>\n<p>Diese &#8220;Sicherheit der Menschen&#8221; empfanden viele kanadische B\u00fcrger im Rahmen der kanadischen Corona-Ma\u00dfnahmen als \u00fcberzogen und lebenseinschr\u00e4nkend. Trudeau reagierte auf protestierende B\u00fcrger in dieser Zeit mit aggressiver und beleidigender Wortwahl. So bezeichnete er Teile der Demonstranten in Ottawa wiederholt <a rel=\"nofollow noopener\" target=\"_blank\" href=\"https:\/\/rtde.site\/international\/131918-israelische-experten-und-professoren-verurteilen-trudeaus-nazikampagne\/\">als Nazis<\/a>, in Interviews zudem auch als frauenfeindliche Rassisten. Vor der Kommission behauptete er demgegen\u00fcber:<\/p>\n<blockquote>\n<p><em>&#8220;Ich habe Menschen, die nicht geimpft waren, nicht beschimpft.&#8221;<\/em><\/p>\n<\/blockquote>\n<div class=\"EmbedBlock-root EmbedBlock-twitter\">\n<div class=\"TwitterEmbed\">\n<blockquote class=\"twitter-tweet lazyload\" data-twitter=\"twitter-tweet\">\n<p lang=\"de\" dir=\"ltr\"><a rel=\"nofollow noopener\" target=\"_blank\" href=\"https:\/\/twitter.com\/hashtag\/Trudeau?src=hash&amp;ref_src=twsrc%5Etfw\">#Trudeau<\/a><a rel=\"nofollow noopener\" target=\"_blank\" href=\"https:\/\/twitter.com\/hashtag\/lies?src=hash&amp;ref_src=twsrc%5Etfw\">#lies<\/a> under <a rel=\"nofollow noopener\" target=\"_blank\" href=\"https:\/\/twitter.com\/hashtag\/oath?src=hash&amp;ref_src=twsrc%5Etfw\">#oath<\/a>, &#8220;I did not call people who were unvaccinated names.&#8221; Trudeau <a rel=\"nofollow noopener\" target=\"_blank\" href=\"https:\/\/twitter.com\/hashtag\/l%C3%BCgt?src=hash&amp;ref_src=twsrc%5Etfw\">#l\u00fcgt<\/a> unter <a rel=\"nofollow noopener\" target=\"_blank\" href=\"https:\/\/twitter.com\/hashtag\/Eid?src=hash&amp;ref_src=twsrc%5Etfw\">#Eid<\/a>: &#8220;Ich habe Menschen, die nicht geimpft sind, nicht beschimpft&#8221;. <a rel=\"nofollow noopener\" target=\"_blank\" href=\"https:\/\/t.co\/EY1NIkv7Yk\">pic.twitter.com\/EY1NIkv7Yk<\/a><\/p>\n<p>\u2014 Don_Virus (@Don_Virus_1) <a rel=\"nofollow noopener\" target=\"_blank\" href=\"https:\/\/twitter.com\/Don_Virus_1\/status\/1596317648933031936?ref_src=twsrc%5Etfw\">November 26, 2022<\/a><\/p><\/blockquote>\n<\/div>\n<\/div>\n<p>&#8220;Wir waren nicht dort, um die Bewohner der Stadt zu st\u00f6ren, wir waren da, um geh\u00f6rt zu werden&#8221;, so eine beteiligte Truckerin bei ihrer <a rel=\"nofollow noopener\" target=\"_blank\" href=\"https:\/\/www.voanews.com\/a\/trudeau-testifies-on-emergency-powers-use-against-canada-trucker-protests\/6850165.html\">Anh\u00f6rung<\/a> vor der Kommission.<\/p>\n<p>Als weitere harte Reaktion auf die Proteste fror die kanadische Regierung die Bankkonten von rund 280 Demonstranten ein, verbot \u00f6ffentliche Versammlungen an bestimmten Orten, zwang widerstrebende Abschleppunternehmer zur Zusammenarbeit mit der Polizei und erm\u00f6glichte es der Bundespolizei, den Kr\u00e4ften der Provinzen und Gemeinden bei der R\u00e4umung der Stra\u00dfen zu helfen. Die Polizei griff laut Notstandsverordnung ein und schleppte die gro\u00dfen Lastwagen in einer Razzia, bei der fast 200 Personen festgenommen wurden, aus Ottawa ab.<\/p>\n<p>Trudeaus Aussage vor der Kommission bildete den Abschluss der sechsw\u00f6chigen Anh\u00f6rungen zu der historischen Ausrufung von Notstandsbefugnissen in Kanada. Die Kommission hatte beteiligte Beamte, leitende Verantwortliche der Proteste\u00a0sowie betroffene Anwohner von Ottawa geladen und angeh\u00f6rt.<\/p>\n<p><strong>Mehr zum Thema <\/strong>&#8211;\u00a0<a rel=\"nofollow noopener\" target=\"_blank\" href=\"https:\/\/rtde.site\/international\/155492-medienberichte-biden-uebte-druck-auf\/\">Medienbericht: Biden \u00fcbte auf Trudeau Druck aus, Trucker-Proteste zu beenden <\/a><\/p>\n<\/div>\n<p><script async src=\"https:\/\/platform.twitter.com\/widgets.js\" charset=\"utf-8\"><\/script><br \/>\n<br \/><br \/>\n<br \/><a href=\"https:\/\/de.rt.com\/international\/155515-trudeau-verteidigt-notstandsbefugnisse-bei-trucker\/\">Source link <\/a><\/p>\n","protected":false},"excerpt":{"rendered":"<p>Der kanadische Premierminister Trudeau stand Rede und Antwort zu den Ereignissen und politischen Reaktionen rund um ma\u00dfnahmenkritische Trucker-Proteste zu Jahresbeginn in Kanada. Laut seiner Wahrnehmung h\u00e4tte er kritische B\u00fcrger nie beschimpft. Die &#8220;Freedom Convoy&#8221;-Demonstrationen kanadischer B\u00fcrger, als Protestform gegen die rigiden Regierungsma\u00dfnahmen im Bereich des \u00f6ffentlichen Gesundheitswesens, darunter Impfvorschriften und daraus resultierende Verbote in Bereichen [&hellip;]<\/p>\n","protected":false},"author":3,"featured_media":24096,"comment_status":"open","ping_status":"open","sticky":false,"template":"","format":"standard","meta":{"_yoast_indexnow_last_ping":["1669475039"],"wp_automatic_camp":["217"],"9a35ac9cbe09b96ded6d3e0c73c11a7b":["Trudeau verteidigt Notstandsbefugnisse bei Trucker-Protesten gegen Corona-Regeln als notwendig"],"original_link":["https:\/\/de.rt.com\/international\/155515-trudeau-verteidigt-notstandsbefugnisse-bei-trucker\/"],"_thumbnail_id":["24096"],"_wptgpro_p2tg_sent2tg":["a:1:{i:23737;s:19:\"2022-11-26 17:05:11\";}"],"jnews_social_counter_last_update":["1777290692"]},"categories":[19,23],"tags":[273,363,21784,278,36525,22209,36526,4453,4753],"yoast_head":"<!-- This site is optimized with the Yoast SEO Premium plugin v22.7 (Yoast SEO v22.7) - https:\/\/yoast.com\/wordpress\/plugins\/seo\/ -->\n<title>Trudeau verteidigt Notstandsbefugnisse bei Trucker-Protesten gegen Corona-Regeln als notwendig - just-now.NEWS Deutschland<\/title>\n<meta name=\"robots\" content=\"index, follow, max-snippet:-1, max-image-preview:large, max-video-preview:-1\" \/>\n<link rel=\"canonical\" href=\"https:\/\/now-news.de\/de\/deutschland\/trudeau-verteidigt-notstandsbefugnisse-bei-trucker-protesten-gegen-corona-regeln-als-notwendig\/\" \/>\n<meta property=\"og:locale\" content=\"de_DE\" \/>\n<meta property=\"og:type\" content=\"article\" \/>\n<meta property=\"og:title\" content=\"Trudeau verteidigt Notstandsbefugnisse bei Trucker-Protesten gegen Corona-Regeln als notwendig\" \/>\n<meta property=\"og:description\" content=\"Der kanadische Premierminister Trudeau stand Rede und Antwort zu den Ereignissen und politischen Reaktionen rund um ma\u00dfnahmenkritische Trucker-Proteste zu Jahresbeginn in Kanada. Laut seiner Wahrnehmung h\u00e4tte er kritische B\u00fcrger nie beschimpft. Die &#8220;Freedom Convoy&#8221;-Demonstrationen kanadischer B\u00fcrger, als Protestform gegen die rigiden Regierungsma\u00dfnahmen im Bereich des \u00f6ffentlichen Gesundheitswesens, darunter Impfvorschriften und daraus resultierende Verbote in Bereichen [&hellip;]\" \/>\n<meta property=\"og:url\" content=\"https:\/\/now-news.de\/de\/deutschland\/trudeau-verteidigt-notstandsbefugnisse-bei-trucker-protesten-gegen-corona-regeln-als-notwendig\/\" \/>\n<meta property=\"og:site_name\" content=\"just-now.NEWS Deutschland\" \/>\n<meta property=\"article:publisher\" content=\"https:\/\/www.facebook.com\/wirmachenauf\" \/>\n<meta property=\"article:published_time\" content=\"2022-11-26T14:56:56+00:00\" \/>\n<meta property=\"og:image\" content=\"https:\/\/now-news.de\/de\/wp-content\/uploads\/sites\/3\/2022\/11\/Trudeau-verteidigt-Notstandsbefugnisse-bei-Trucker-Protesten-gegen-Corona-Regeln-als-notwendig.jpg\" \/>\n\t<meta property=\"og:image:width\" content=\"460\" \/>\n\t<meta property=\"og:image:height\" content=\"259\" \/>\n\t<meta property=\"og:image:type\" content=\"image\/jpeg\" \/>\n<meta name=\"author\" content=\"rtnews\" \/>\n<meta name=\"twitter:card\" content=\"summary_large_image\" \/>\n<meta name=\"twitter:creator\" content=\"@WirMachenAuf_de\" \/>\n<meta name=\"twitter:site\" content=\"@WirMachenAuf_de\" \/>\n<meta name=\"twitter:label1\" content=\"Verfasst von\" \/>\n\t<meta name=\"twitter:data1\" content=\"rtnews\" \/>\n\t<meta name=\"twitter:label2\" content=\"Gesch\u00e4tzte Lesezeit\" \/>\n\t<meta name=\"twitter:data2\" content=\"3\u00a0Minuten\" \/>\n<script type=\"application\/ld+json\" class=\"yoast-schema-graph\">{\"@context\":\"https:\/\/schema.org\",\"@graph\":[{\"@type\":\"Article\",\"@id\":\"https:\/\/now-news.de\/de\/deutschland\/trudeau-verteidigt-notstandsbefugnisse-bei-trucker-protesten-gegen-corona-regeln-als-notwendig\/#article\",\"isPartOf\":{\"@id\":\"https:\/\/now-news.de\/de\/deutschland\/trudeau-verteidigt-notstandsbefugnisse-bei-trucker-protesten-gegen-corona-regeln-als-notwendig\/\"},\"author\":{\"name\":\"rtnews\",\"@id\":\"https:\/\/now-news.de\/de\/#\/schema\/person\/fb534a4e865501d8b3285208df34a9b5\"},\"headline\":\"Trudeau verteidigt Notstandsbefugnisse bei Trucker-Protesten gegen Corona-Regeln als notwendig\",\"datePublished\":\"2022-11-26T14:56:56+00:00\",\"dateModified\":\"2022-11-26T14:56:56+00:00\",\"mainEntityOfPage\":{\"@id\":\"https:\/\/now-news.de\/de\/deutschland\/trudeau-verteidigt-notstandsbefugnisse-bei-trucker-protesten-gegen-corona-regeln-als-notwendig\/\"},\"wordCount\":593,\"commentCount\":0,\"publisher\":{\"@id\":\"https:\/\/now-news.de\/de\/#organization\"},\"image\":{\"@id\":\"https:\/\/now-news.de\/de\/deutschland\/trudeau-verteidigt-notstandsbefugnisse-bei-trucker-protesten-gegen-corona-regeln-als-notwendig\/#primaryimage\"},\"thumbnailUrl\":\"https:\/\/now-news.de\/de\/wp-content\/uploads\/sites\/3\/2022\/11\/Trudeau-verteidigt-Notstandsbefugnisse-bei-Trucker-Protesten-gegen-Corona-Regeln-als-notwendig.jpg\",\"keywords\":[\"als\",\"bei\",\"CoronaRegeln\",\"gegen\",\"Notstandsbefugnisse\",\"notwendig\",\"TruckerProtesten\",\"trudeau\",\"verteidigt\"],\"articleSection\":[\"Deutschland\",\"Russland\"],\"inLanguage\":\"de\",\"potentialAction\":[{\"@type\":\"CommentAction\",\"name\":\"Comment\",\"target\":[\"https:\/\/now-news.de\/de\/deutschland\/trudeau-verteidigt-notstandsbefugnisse-bei-trucker-protesten-gegen-corona-regeln-als-notwendig\/#respond\"]}]},{\"@type\":\"WebPage\",\"@id\":\"https:\/\/now-news.de\/de\/deutschland\/trudeau-verteidigt-notstandsbefugnisse-bei-trucker-protesten-gegen-corona-regeln-als-notwendig\/\",\"url\":\"https:\/\/now-news.de\/de\/deutschland\/trudeau-verteidigt-notstandsbefugnisse-bei-trucker-protesten-gegen-corona-regeln-als-notwendig\/\",\"name\":\"Trudeau verteidigt Notstandsbefugnisse bei Trucker-Protesten gegen Corona-Regeln als notwendig - just-now.NEWS Deutschland\",\"isPartOf\":{\"@id\":\"https:\/\/now-news.de\/de\/#website\"},\"primaryImageOfPage\":{\"@id\":\"https:\/\/now-news.de\/de\/deutschland\/trudeau-verteidigt-notstandsbefugnisse-bei-trucker-protesten-gegen-corona-regeln-als-notwendig\/#primaryimage\"},\"image\":{\"@id\":\"https:\/\/now-news.de\/de\/deutschland\/trudeau-verteidigt-notstandsbefugnisse-bei-trucker-protesten-gegen-corona-regeln-als-notwendig\/#primaryimage\"},\"thumbnailUrl\":\"https:\/\/now-news.de\/de\/wp-content\/uploads\/sites\/3\/2022\/11\/Trudeau-verteidigt-Notstandsbefugnisse-bei-Trucker-Protesten-gegen-Corona-Regeln-als-notwendig.jpg\",\"datePublished\":\"2022-11-26T14:56:56+00:00\",\"dateModified\":\"2022-11-26T14:56:56+00:00\",\"breadcrumb\":{\"@id\":\"https:\/\/now-news.de\/de\/deutschland\/trudeau-verteidigt-notstandsbefugnisse-bei-trucker-protesten-gegen-corona-regeln-als-notwendig\/#breadcrumb\"},\"inLanguage\":\"de\",\"potentialAction\":[{\"@type\":\"ReadAction\",\"target\":[\"https:\/\/now-news.de\/de\/deutschland\/trudeau-verteidigt-notstandsbefugnisse-bei-trucker-protesten-gegen-corona-regeln-als-notwendig\/\"]}]},{\"@type\":\"ImageObject\",\"inLanguage\":\"de\",\"@id\":\"https:\/\/now-news.de\/de\/deutschland\/trudeau-verteidigt-notstandsbefugnisse-bei-trucker-protesten-gegen-corona-regeln-als-notwendig\/#primaryimage\",\"url\":\"https:\/\/now-news.de\/de\/wp-content\/uploads\/sites\/3\/2022\/11\/Trudeau-verteidigt-Notstandsbefugnisse-bei-Trucker-Protesten-gegen-Corona-Regeln-als-notwendig.jpg\",\"contentUrl\":\"https:\/\/now-news.de\/de\/wp-content\/uploads\/sites\/3\/2022\/11\/Trudeau-verteidigt-Notstandsbefugnisse-bei-Trucker-Protesten-gegen-Corona-Regeln-als-notwendig.jpg\",\"width\":460,\"height\":259,\"caption\":\"Trudeau verteidigt Notstandsbefugnisse bei Trucker-Protesten gegen Corona-Regeln als notwendig\"},{\"@type\":\"BreadcrumbList\",\"@id\":\"https:\/\/now-news.de\/de\/deutschland\/trudeau-verteidigt-notstandsbefugnisse-bei-trucker-protesten-gegen-corona-regeln-als-notwendig\/#breadcrumb\",\"itemListElement\":[{\"@type\":\"ListItem\",\"position\":1,\"name\":\"Home\",\"item\":\"https:\/\/now-news.de\/de\/\"},{\"@type\":\"ListItem\",\"position\":2,\"name\":\"Trudeau verteidigt Notstandsbefugnisse bei Trucker-Protesten gegen Corona-Regeln als notwendig\"}]},{\"@type\":\"WebSite\",\"@id\":\"https:\/\/now-news.de\/de\/#website\",\"url\":\"https:\/\/now-news.de\/de\/\",\"name\":\"just-now.NEWS Deutschland\",\"description\":\"Das Portal f\u00fcr unzensierte Nachrichten aus der Welt\",\"publisher\":{\"@id\":\"https:\/\/now-news.de\/de\/#organization\"},\"potentialAction\":[{\"@type\":\"SearchAction\",\"target\":{\"@type\":\"EntryPoint\",\"urlTemplate\":\"https:\/\/now-news.de\/de\/?s={search_term_string}\"},\"query-input\":\"required name=search_term_string\"}],\"inLanguage\":\"de\"},{\"@type\":\"Organization\",\"@id\":\"https:\/\/now-news.de\/de\/#organization\",\"name\":\"Just Now News\",\"url\":\"https:\/\/now-news.de\/de\/\",\"logo\":{\"@type\":\"ImageObject\",\"inLanguage\":\"de\",\"@id\":\"https:\/\/now-news.de\/de\/#\/schema\/logo\/image\/\",\"url\":\"http:\/\/just-now.news\/de\/wp-content\/uploads\/sites\/3\/2022\/04\/logo500x500.jpg\",\"contentUrl\":\"http:\/\/just-now.news\/de\/wp-content\/uploads\/sites\/3\/2022\/04\/logo500x500.jpg\",\"width\":500,\"height\":500,\"caption\":\"Just Now News\"},\"image\":{\"@id\":\"https:\/\/now-news.de\/de\/#\/schema\/logo\/image\/\"},\"sameAs\":[\"https:\/\/www.facebook.com\/wirmachenauf\",\"https:\/\/x.com\/WirMachenAuf_de\"]},{\"@type\":\"Person\",\"@id\":\"https:\/\/now-news.de\/de\/#\/schema\/person\/fb534a4e865501d8b3285208df34a9b5\",\"name\":\"rtnews\",\"image\":{\"@type\":\"ImageObject\",\"inLanguage\":\"de\",\"@id\":\"https:\/\/now-news.de\/de\/#\/schema\/person\/image\/\",\"url\":\"https:\/\/secure.gravatar.com\/avatar\/82aafea7d8127119dd649515f56e2117?s=96&d=mm&r=g\",\"contentUrl\":\"https:\/\/secure.gravatar.com\/avatar\/82aafea7d8127119dd649515f56e2117?s=96&d=mm&r=g\",\"caption\":\"rtnews\"},\"url\":\"https:\/\/now-news.de\/de\/author\/rnews\/\"}]}<\/script>\n<!-- \/ Yoast SEO Premium plugin. -->","yoast_head_json":{"title":"Trudeau verteidigt Notstandsbefugnisse bei Trucker-Protesten gegen Corona-Regeln als notwendig - just-now.NEWS Deutschland","robots":{"index":"index","follow":"follow","max-snippet":"max-snippet:-1","max-image-preview":"max-image-preview:large","max-video-preview":"max-video-preview:-1"},"canonical":"https:\/\/now-news.de\/de\/deutschland\/trudeau-verteidigt-notstandsbefugnisse-bei-trucker-protesten-gegen-corona-regeln-als-notwendig\/","og_locale":"de_DE","og_type":"article","og_title":"Trudeau verteidigt Notstandsbefugnisse bei Trucker-Protesten gegen Corona-Regeln als notwendig","og_description":"Der kanadische Premierminister Trudeau stand Rede und Antwort zu den Ereignissen und politischen Reaktionen rund um ma\u00dfnahmenkritische Trucker-Proteste zu Jahresbeginn in Kanada. Laut seiner Wahrnehmung h\u00e4tte er kritische B\u00fcrger nie beschimpft. Die &#8220;Freedom Convoy&#8221;-Demonstrationen kanadischer B\u00fcrger, als Protestform gegen die rigiden Regierungsma\u00dfnahmen im Bereich des \u00f6ffentlichen Gesundheitswesens, darunter Impfvorschriften und daraus resultierende Verbote in Bereichen [&hellip;]","og_url":"https:\/\/now-news.de\/de\/deutschland\/trudeau-verteidigt-notstandsbefugnisse-bei-trucker-protesten-gegen-corona-regeln-als-notwendig\/","og_site_name":"just-now.NEWS Deutschland","article_publisher":"https:\/\/www.facebook.com\/wirmachenauf","article_published_time":"2022-11-26T14:56:56+00:00","og_image":[{"width":460,"height":259,"url":"https:\/\/now-news.de\/de\/wp-content\/uploads\/sites\/3\/2022\/11\/Trudeau-verteidigt-Notstandsbefugnisse-bei-Trucker-Protesten-gegen-Corona-Regeln-als-notwendig.jpg","type":"image\/jpeg"}],"author":"rtnews","twitter_card":"summary_large_image","twitter_creator":"@WirMachenAuf_de","twitter_site":"@WirMachenAuf_de","twitter_misc":{"Verfasst von":"rtnews","Gesch\u00e4tzte Lesezeit":"3\u00a0Minuten"},"schema":{"@context":"https:\/\/schema.org","@graph":[{"@type":"Article","@id":"https:\/\/now-news.de\/de\/deutschland\/trudeau-verteidigt-notstandsbefugnisse-bei-trucker-protesten-gegen-corona-regeln-als-notwendig\/#article","isPartOf":{"@id":"https:\/\/now-news.de\/de\/deutschland\/trudeau-verteidigt-notstandsbefugnisse-bei-trucker-protesten-gegen-corona-regeln-als-notwendig\/"},"author":{"name":"rtnews","@id":"https:\/\/now-news.de\/de\/#\/schema\/person\/fb534a4e865501d8b3285208df34a9b5"},"headline":"Trudeau verteidigt Notstandsbefugnisse bei Trucker-Protesten gegen Corona-Regeln als notwendig","datePublished":"2022-11-26T14:56:56+00:00","dateModified":"2022-11-26T14:56:56+00:00","mainEntityOfPage":{"@id":"https:\/\/now-news.de\/de\/deutschland\/trudeau-verteidigt-notstandsbefugnisse-bei-trucker-protesten-gegen-corona-regeln-als-notwendig\/"},"wordCount":593,"commentCount":0,"publisher":{"@id":"https:\/\/now-news.de\/de\/#organization"},"image":{"@id":"https:\/\/now-news.de\/de\/deutschland\/trudeau-verteidigt-notstandsbefugnisse-bei-trucker-protesten-gegen-corona-regeln-als-notwendig\/#primaryimage"},"thumbnailUrl":"https:\/\/now-news.de\/de\/wp-content\/uploads\/sites\/3\/2022\/11\/Trudeau-verteidigt-Notstandsbefugnisse-bei-Trucker-Protesten-gegen-Corona-Regeln-als-notwendig.jpg","keywords":["als","bei","CoronaRegeln","gegen","Notstandsbefugnisse","notwendig","TruckerProtesten","trudeau","verteidigt"],"articleSection":["Deutschland","Russland"],"inLanguage":"de","potentialAction":[{"@type":"CommentAction","name":"Comment","target":["https:\/\/now-news.de\/de\/deutschland\/trudeau-verteidigt-notstandsbefugnisse-bei-trucker-protesten-gegen-corona-regeln-als-notwendig\/#respond"]}]},{"@type":"WebPage","@id":"https:\/\/now-news.de\/de\/deutschland\/trudeau-verteidigt-notstandsbefugnisse-bei-trucker-protesten-gegen-corona-regeln-als-notwendig\/","url":"https:\/\/now-news.de\/de\/deutschland\/trudeau-verteidigt-notstandsbefugnisse-bei-trucker-protesten-gegen-corona-regeln-als-notwendig\/","name":"Trudeau verteidigt Notstandsbefugnisse bei Trucker-Protesten gegen Corona-Regeln als notwendig - just-now.NEWS Deutschland","isPartOf":{"@id":"https:\/\/now-news.de\/de\/#website"},"primaryImageOfPage":{"@id":"https:\/\/now-news.de\/de\/deutschland\/trudeau-verteidigt-notstandsbefugnisse-bei-trucker-protesten-gegen-corona-regeln-als-notwendig\/#primaryimage"},"image":{"@id":"https:\/\/now-news.de\/de\/deutschland\/trudeau-verteidigt-notstandsbefugnisse-bei-trucker-protesten-gegen-corona-regeln-als-notwendig\/#primaryimage"},"thumbnailUrl":"https:\/\/now-news.de\/de\/wp-content\/uploads\/sites\/3\/2022\/11\/Trudeau-verteidigt-Notstandsbefugnisse-bei-Trucker-Protesten-gegen-Corona-Regeln-als-notwendig.jpg","datePublished":"2022-11-26T14:56:56+00:00","dateModified":"2022-11-26T14:56:56+00:00","breadcrumb":{"@id":"https:\/\/now-news.de\/de\/deutschland\/trudeau-verteidigt-notstandsbefugnisse-bei-trucker-protesten-gegen-corona-regeln-als-notwendig\/#breadcrumb"},"inLanguage":"de","potentialAction":[{"@type":"ReadAction","target":["https:\/\/now-news.de\/de\/deutschland\/trudeau-verteidigt-notstandsbefugnisse-bei-trucker-protesten-gegen-corona-regeln-als-notwendig\/"]}]},{"@type":"ImageObject","inLanguage":"de","@id":"https:\/\/now-news.de\/de\/deutschland\/trudeau-verteidigt-notstandsbefugnisse-bei-trucker-protesten-gegen-corona-regeln-als-notwendig\/#primaryimage","url":"https:\/\/now-news.de\/de\/wp-content\/uploads\/sites\/3\/2022\/11\/Trudeau-verteidigt-Notstandsbefugnisse-bei-Trucker-Protesten-gegen-Corona-Regeln-als-notwendig.jpg","contentUrl":"https:\/\/now-news.de\/de\/wp-content\/uploads\/sites\/3\/2022\/11\/Trudeau-verteidigt-Notstandsbefugnisse-bei-Trucker-Protesten-gegen-Corona-Regeln-als-notwendig.jpg","width":460,"height":259,"caption":"Trudeau verteidigt Notstandsbefugnisse bei Trucker-Protesten gegen Corona-Regeln als notwendig"},{"@type":"BreadcrumbList","@id":"https:\/\/now-news.de\/de\/deutschland\/trudeau-verteidigt-notstandsbefugnisse-bei-trucker-protesten-gegen-corona-regeln-als-notwendig\/#breadcrumb","itemListElement":[{"@type":"ListItem","position":1,"name":"Home","item":"https:\/\/now-news.de\/de\/"},{"@type":"ListItem","position":2,"name":"Trudeau verteidigt Notstandsbefugnisse bei Trucker-Protesten gegen Corona-Regeln als notwendig"}]},{"@type":"WebSite","@id":"https:\/\/now-news.de\/de\/#website","url":"https:\/\/now-news.de\/de\/","name":"just-now.NEWS Deutschland","description":"Das Portal f\u00fcr unzensierte Nachrichten aus der Welt","publisher":{"@id":"https:\/\/now-news.de\/de\/#organization"},"potentialAction":[{"@type":"SearchAction","target":{"@type":"EntryPoint","urlTemplate":"https:\/\/now-news.de\/de\/?s={search_term_string}"},"query-input":"required name=search_term_string"}],"inLanguage":"de"},{"@type":"Organization","@id":"https:\/\/now-news.de\/de\/#organization","name":"Just Now News","url":"https:\/\/now-news.de\/de\/","logo":{"@type":"ImageObject","inLanguage":"de","@id":"https:\/\/now-news.de\/de\/#\/schema\/logo\/image\/","url":"http:\/\/just-now.news\/de\/wp-content\/uploads\/sites\/3\/2022\/04\/logo500x500.jpg","contentUrl":"http:\/\/just-now.news\/de\/wp-content\/uploads\/sites\/3\/2022\/04\/logo500x500.jpg","width":500,"height":500,"caption":"Just Now News"},"image":{"@id":"https:\/\/now-news.de\/de\/#\/schema\/logo\/image\/"},"sameAs":["https:\/\/www.facebook.com\/wirmachenauf","https:\/\/x.com\/WirMachenAuf_de"]},{"@type":"Person","@id":"https:\/\/now-news.de\/de\/#\/schema\/person\/fb534a4e865501d8b3285208df34a9b5","name":"rtnews","image":{"@type":"ImageObject","inLanguage":"de","@id":"https:\/\/now-news.de\/de\/#\/schema\/person\/image\/","url":"https:\/\/secure.gravatar.com\/avatar\/82aafea7d8127119dd649515f56e2117?s=96&d=mm&r=g","contentUrl":"https:\/\/secure.gravatar.com\/avatar\/82aafea7d8127119dd649515f56e2117?s=96&d=mm&r=g","caption":"rtnews"},"url":"https:\/\/now-news.de\/de\/author\/rnews\/"}]}},"_links":{"self":[{"href":"https:\/\/now-news.de\/de\/wp-json\/wp\/v2\/posts\/24095"}],"collection":[{"href":"https:\/\/now-news.de\/de\/wp-json\/wp\/v2\/posts"}],"about":[{"href":"https:\/\/now-news.de\/de\/wp-json\/wp\/v2\/types\/post"}],"author":[{"embeddable":true,"href":"https:\/\/now-news.de\/de\/wp-json\/wp\/v2\/users\/3"}],"replies":[{"embeddable":true,"href":"https:\/\/now-news.de\/de\/wp-json\/wp\/v2\/comments?post=24095"}],"version-history":[{"count":0,"href":"https:\/\/now-news.de\/de\/wp-json\/wp\/v2\/posts\/24095\/revisions"}],"wp:featuredmedia":[{"embeddable":true,"href":"https:\/\/now-news.de\/de\/wp-json\/wp\/v2\/media\/24096"}],"wp:attachment":[{"href":"https:\/\/now-news.de\/de\/wp-json\/wp\/v2\/media?parent=24095"}],"wp:term":[{"taxonomy":"category","embeddable":true,"href":"https:\/\/now-news.de\/de\/wp-json\/wp\/v2\/categories?post=24095"},{"taxonomy":"post_tag","embeddable":true,"href":"https:\/\/now-news.de\/de\/wp-json\/wp\/v2\/tags?post=24095"}],"curies":[{"name":"wp","href":"https:\/\/api.w.org\/{rel}","templated":true}]}}