{"id":24055,"date":"2022-11-25T22:17:06","date_gmt":"2022-11-25T20:17:06","guid":{"rendered":"http:\/\/just-now.news\/de\/deutschland\/bundestag-will-hungersnot-von-1932-33-als-genozid-an-ukrainern-anerkennen\/"},"modified":"2022-11-25T22:17:06","modified_gmt":"2022-11-25T20:17:06","slug":"bundestag-will-hungersnot-von-1932-33-als-genozid-an-ukrainern-anerkennen","status":"publish","type":"post","link":"https:\/\/now-news.de\/de\/deutschland\/bundestag-will-hungersnot-von-1932-33-als-genozid-an-ukrainern-anerkennen\/","title":{"rendered":"Bundestag will Hungersnot von 1932\/33 als Genozid an Ukrainern anerkennen"},"content":{"rendered":"<p><img decoding=\"async\" src=\"http:\/\/just-now.news\/de\/wp-content\/uploads\/sites\/3\/2022\/11\/6380c172b480cc77d86d832e.jpg\" \/><\/p>\n<div class=\"Text-root Text-type_1 \">\n                Der Bundestag will den Forderungen der Ukraine entsprechend die Hungersnot der Jahre 1932\/33 in der UdSSR als Genozid an Ukrainern anerkennen. Putin stehe in der Tradition Stalins, behauptet der Initiator des Antrags Robin Wagener (Die Gr\u00fcnen).\n            <\/div>\n<p><\/p>\n<div class=\"Text-root Text-type_5 ArticleView-text ViewText-root \">\n<p>Der Bundestag will die Hungersnot in der Sowjetunion in den Jahren 1932\/33 als Genozid am ukrainischen Volk anerkennen. Dies berichtete am Freitag die <em>Frankfurter Allgemeine Zeitung (FAZ) <\/em>unter Verweis auf einen gemeinsamen Antrag von SPD, den Gr\u00fcnen, FDP und CDU\/CSU. Die in der Ukraine als Holodomor (ukrainisch: T\u00f6tung durch Hunger) bezeichnete Hungerkatastrophe sei &#8220;Teil unserer gemeinsamen Geschichte als Europ\u00e4erinnen und Europ\u00e4er&#8221;, sei aber in Deutschland und der Europ\u00e4ischen Union bisher wenig bekannt, hei\u00dft es in der Resolution. Die Bundesregierung solle nun das Wissen \u00fcber den Holodomor verbreiten und zum Gedenken an\u00a0dessen Opfer beitragen.<\/p>\n<p>Bemerkenswerterweise hatte der Bundestag sich noch im Jahr 2019 <a rel=\"nofollow noopener\" target=\"_blank\" href=\"https:\/\/www.bundestag.de\/dokumente\/textarchiv\/2019\/kw43-pa-petitionen-662210\">geweigert<\/a>, die Hungersnot von 1932\/33 als Genozid am ukrainischen Volk einzuordnen. Damals erkl\u00e4rte der Staatsminister im Ausw\u00e4rtigen Amt, Michael Roth (SPD), dass es sich um eine &#8220;grauenvolle, schreckliche Hungerkatastrophe, die von Menschen zu verantworten ist und die zu Millionen von Hungertoten gef\u00fchrt hat&#8221;, handele. Es gebe aber einen Unterschied zwischen der politischen und der v\u00f6lkerrechtlichen Bewertung. Roth erkl\u00e4rte, dass es eine Definition des Genozids im V\u00f6lkerstrafrecht erst seit 1948 gebe, und sagte:<\/p>\n<blockquote>\n<p><em>&#8220;Die Bundesregierung macht es sich nicht zu eigen, dass Ereignisse, die vor 1948 stattgefunden haben, v\u00f6lkerrechtlich als Genozid bezeichnet werden k\u00f6nnen.&#8221;<\/em><\/p>\n<\/blockquote>\n<p>Mit der diesj\u00e4hrigen Anerkennung der Hungerkatastrophe von 1932\/33 als Genozid solle indessen ein &#8220;Signal der Mahnung&#8221; gesetzt werden. Der Initiator des Antrags, der Vorsitzende der deutsch-ukrainischen Parlamentariergruppe im Bundestag Robin Wagener (Die Gr\u00fcnen), r\u00e4umte dabei selbst indirekt eine Instrumentalisierung der Geschichte f\u00fcr aktuelle politische Entwicklungen ein. Die <em>FAZ <\/em>zitierte ihn wie folgt:<\/p>\n<blockquote>\n<p><em>&#8220;Putin steht in der grausamen und verbrecherischen Tradition Stalins. Heute wird die Ukraine erneut mit russischem Terror \u00fcberzogen. Erneut sollen durch Gewalt und Terror der Ukraine die Lebensgrundlagen entzogen, das gesamte Land unterworfen werden.&#8221;<\/em><\/p>\n<\/blockquote>\n<p>Der Holodomor war vom ukrainischen Parlament im Jahr 2006 unter der Pr\u00e4sidentschaft von Wiktor Juschtschenko als Genozid am ukrainischen Volk eingeordnet worden. Noch im\u00a0selben Jahr fand in Kiew ein internationales Forum statt, das eine vors\u00e4tzliche Organisation der Katastrophe durch die &#8220;j\u00fcdisch-bolschewistische Regierung der UdSSR&#8221; <a rel=\"nofollow noopener\" target=\"_blank\" href=\"http:\/\/www.personal-plus.net\/ru\/199\/155.html\">deklarierte<\/a>. Seitdem fordert die Ukraine international eine Anerkennung des Holodomors als Genozid.<\/p>\n<p>Die Einordnung der Hungersnot von 1932\/33 als V\u00f6lkermord an Ukrainern wird indessen von zahlreichen Spezialisten nicht nur in Russland, sondern auch im Westen nicht geteilt. Sie verweisen auf historische Quellen, die dieser These widersprechen. Der Professor der Universit\u00e4t Pensa, Dr. Wiktor Kondraschin, f\u00fchrte dabei folgende Argumente an: Erstens lasse sich eine Absicht der damaligen sowjetischen Regierung zur Vernichtung der Ukrainer durch keine Quellen belegen. Dagegen k\u00f6nne ein Zusammenhang zwischen Industrialisierung und Hunger nicht nur in den Jahren 1932\/33, sondern auch an anderen historischen Beispielen hergestellt werden. Zweitens widerspreche das Verhalten der F\u00fchrung der UdSSR der Logik eines V\u00f6lkermords. So w\u00fcrden in zahlreichen Dokumenten, darunter von Stalin pers\u00f6nlich unterzeichneten, Lebensmittellieferungen in die Hungergebiete der Ukraine angeordnet. Drittens belege die demografische Statistik, dass neben der Ukraine zahlreiche andere Regionen, darunter der Nordkaukasus, das Wolga-Gebiet, Westsibirien und Kasachstan, vom Hunger betroffen waren.<\/p>\n<p>Insgesamt betonen die Gegner des Konzepts des Holodomor als Genozid\u00a0am ukrainischen Volk, dass die Hungerkatastrophe von 1932\/33 zwar durch politische Entscheidungen herbeigef\u00fchrt, aber nicht vors\u00e4tzlich geplant worden sei. Unter den Opfern, deren Anzahl auf\u00a0zwei bis acht Millionen gesch\u00e4tzt wird, befanden sich nicht nur Ukrainer, sondern Angeh\u00f6rige zahlreicher anderer V\u00f6lker der Sowjetunion.<\/p>\n<p><strong>Mehr zum Thema<\/strong> &#8211; <a rel=\"nofollow noopener\" target=\"_blank\" href=\"https:\/\/test.rtde.tech\/europa\/103891-die-theorie-vom-ukrainischen-holocaust-ihre-urheber-deutsche-unterstuetzer\/\">Die Theorie vom &#8220;ukrainischen Holocaust&#8221;, ihre Urheber und ihre deutschen Unterst\u00fctzer<\/a><\/p>\n<\/div>\n<p><br \/>\n<br \/><a href=\"https:\/\/de.rt.com\/europa\/155445-bundestag-will-hungersnot-von-193233\/\">Source link <\/a><\/p>\n","protected":false},"excerpt":{"rendered":"<p>Der Bundestag will den Forderungen der Ukraine entsprechend die Hungersnot der Jahre 1932\/33 in der UdSSR als Genozid an Ukrainern anerkennen. Putin stehe in der Tradition Stalins, behauptet der Initiator des Antrags Robin Wagener (Die Gr\u00fcnen). Der Bundestag will die Hungersnot in der Sowjetunion in den Jahren 1932\/33 als Genozid am ukrainischen Volk anerkennen. Dies [&hellip;]<\/p>\n","protected":false},"author":3,"featured_media":24056,"comment_status":"open","ping_status":"open","sticky":false,"template":"","format":"standard","meta":{"_yoast_indexnow_last_ping":["1669410900"],"wp_automatic_camp":["217"],"78aeedb7475505262aeb9bedded4fa21":["Bundestag will Hungersnot von 1932\/33 als Genozid an Ukrainern anerkennen"],"original_link":["https:\/\/de.rt.com\/europa\/155445-bundestag-will-hungersnot-von-193233\/"],"_thumbnail_id":["24056"],"_wptgpro_p2tg_sent2tg":["a:1:{i:23737;s:19:\"2022-11-25 23:16:01\";}"],"jnews_social_counter_last_update":["1777629829"]},"categories":[19,23],"tags":[273,28353,2105,36493,8369,27705,50],"yoast_head":"<!-- This site is optimized with the Yoast SEO Premium plugin v22.7 (Yoast SEO v22.7) - https:\/\/yoast.com\/wordpress\/plugins\/seo\/ -->\n<title>Bundestag will Hungersnot von 1932\/33 als Genozid an Ukrainern anerkennen - just-now.NEWS Deutschland<\/title>\n<meta name=\"robots\" content=\"index, follow, max-snippet:-1, max-image-preview:large, max-video-preview:-1\" \/>\n<link rel=\"canonical\" href=\"https:\/\/now-news.de\/de\/deutschland\/bundestag-will-hungersnot-von-1932-33-als-genozid-an-ukrainern-anerkennen\/\" \/>\n<meta property=\"og:locale\" content=\"de_DE\" \/>\n<meta property=\"og:type\" content=\"article\" \/>\n<meta property=\"og:title\" content=\"Bundestag will Hungersnot von 1932\/33 als Genozid an Ukrainern anerkennen\" \/>\n<meta property=\"og:description\" content=\"Der Bundestag will den Forderungen der Ukraine entsprechend die Hungersnot der Jahre 1932\/33 in der UdSSR als Genozid an Ukrainern anerkennen. Putin stehe in der Tradition Stalins, behauptet der Initiator des Antrags Robin Wagener (Die Gr\u00fcnen). Der Bundestag will die Hungersnot in der Sowjetunion in den Jahren 1932\/33 als Genozid am ukrainischen Volk anerkennen. Dies [&hellip;]\" \/>\n<meta property=\"og:url\" content=\"https:\/\/now-news.de\/de\/deutschland\/bundestag-will-hungersnot-von-1932-33-als-genozid-an-ukrainern-anerkennen\/\" \/>\n<meta property=\"og:site_name\" content=\"just-now.NEWS Deutschland\" \/>\n<meta property=\"article:publisher\" content=\"https:\/\/www.facebook.com\/wirmachenauf\" \/>\n<meta property=\"article:published_time\" content=\"2022-11-25T20:17:06+00:00\" \/>\n<meta property=\"og:image\" content=\"https:\/\/now-news.de\/de\/wp-content\/uploads\/sites\/3\/2022\/11\/Bundestag-will-Hungersnot-von-193233-als-Genozid-an-Ukrainern-anerkennen.jpg\" \/>\n\t<meta property=\"og:image:width\" content=\"460\" \/>\n\t<meta property=\"og:image:height\" content=\"259\" \/>\n\t<meta property=\"og:image:type\" content=\"image\/jpeg\" \/>\n<meta name=\"author\" content=\"rtnews\" \/>\n<meta name=\"twitter:card\" content=\"summary_large_image\" \/>\n<meta name=\"twitter:creator\" content=\"@WirMachenAuf_de\" \/>\n<meta name=\"twitter:site\" content=\"@WirMachenAuf_de\" \/>\n<meta name=\"twitter:label1\" content=\"Verfasst von\" \/>\n\t<meta name=\"twitter:data1\" content=\"rtnews\" \/>\n\t<meta name=\"twitter:label2\" content=\"Gesch\u00e4tzte Lesezeit\" \/>\n\t<meta name=\"twitter:data2\" content=\"3\u00a0Minuten\" \/>\n<script type=\"application\/ld+json\" class=\"yoast-schema-graph\">{\"@context\":\"https:\/\/schema.org\",\"@graph\":[{\"@type\":\"Article\",\"@id\":\"https:\/\/now-news.de\/de\/deutschland\/bundestag-will-hungersnot-von-1932-33-als-genozid-an-ukrainern-anerkennen\/#article\",\"isPartOf\":{\"@id\":\"https:\/\/now-news.de\/de\/deutschland\/bundestag-will-hungersnot-von-1932-33-als-genozid-an-ukrainern-anerkennen\/\"},\"author\":{\"name\":\"rtnews\",\"@id\":\"https:\/\/now-news.de\/de\/#\/schema\/person\/fb534a4e865501d8b3285208df34a9b5\"},\"headline\":\"Bundestag will Hungersnot von 1932\/33 als Genozid an Ukrainern anerkennen\",\"datePublished\":\"2022-11-25T20:17:06+00:00\",\"dateModified\":\"2022-11-25T20:17:06+00:00\",\"mainEntityOfPage\":{\"@id\":\"https:\/\/now-news.de\/de\/deutschland\/bundestag-will-hungersnot-von-1932-33-als-genozid-an-ukrainern-anerkennen\/\"},\"wordCount\":620,\"commentCount\":0,\"publisher\":{\"@id\":\"https:\/\/now-news.de\/de\/#organization\"},\"image\":{\"@id\":\"https:\/\/now-news.de\/de\/deutschland\/bundestag-will-hungersnot-von-1932-33-als-genozid-an-ukrainern-anerkennen\/#primaryimage\"},\"thumbnailUrl\":\"https:\/\/now-news.de\/de\/wp-content\/uploads\/sites\/3\/2022\/11\/Bundestag-will-Hungersnot-von-193233-als-Genozid-an-Ukrainern-anerkennen.jpg\",\"keywords\":[\"als\",\"anerkennen\",\"Bundestag\",\"Genozid\",\"Hungersnot\",\"Ukrainern\",\"von\"],\"articleSection\":[\"Deutschland\",\"Russland\"],\"inLanguage\":\"de\",\"potentialAction\":[{\"@type\":\"CommentAction\",\"name\":\"Comment\",\"target\":[\"https:\/\/now-news.de\/de\/deutschland\/bundestag-will-hungersnot-von-1932-33-als-genozid-an-ukrainern-anerkennen\/#respond\"]}]},{\"@type\":\"WebPage\",\"@id\":\"https:\/\/now-news.de\/de\/deutschland\/bundestag-will-hungersnot-von-1932-33-als-genozid-an-ukrainern-anerkennen\/\",\"url\":\"https:\/\/now-news.de\/de\/deutschland\/bundestag-will-hungersnot-von-1932-33-als-genozid-an-ukrainern-anerkennen\/\",\"name\":\"Bundestag will Hungersnot von 1932\/33 als Genozid an Ukrainern anerkennen - just-now.NEWS Deutschland\",\"isPartOf\":{\"@id\":\"https:\/\/now-news.de\/de\/#website\"},\"primaryImageOfPage\":{\"@id\":\"https:\/\/now-news.de\/de\/deutschland\/bundestag-will-hungersnot-von-1932-33-als-genozid-an-ukrainern-anerkennen\/#primaryimage\"},\"image\":{\"@id\":\"https:\/\/now-news.de\/de\/deutschland\/bundestag-will-hungersnot-von-1932-33-als-genozid-an-ukrainern-anerkennen\/#primaryimage\"},\"thumbnailUrl\":\"https:\/\/now-news.de\/de\/wp-content\/uploads\/sites\/3\/2022\/11\/Bundestag-will-Hungersnot-von-193233-als-Genozid-an-Ukrainern-anerkennen.jpg\",\"datePublished\":\"2022-11-25T20:17:06+00:00\",\"dateModified\":\"2022-11-25T20:17:06+00:00\",\"breadcrumb\":{\"@id\":\"https:\/\/now-news.de\/de\/deutschland\/bundestag-will-hungersnot-von-1932-33-als-genozid-an-ukrainern-anerkennen\/#breadcrumb\"},\"inLanguage\":\"de\",\"potentialAction\":[{\"@type\":\"ReadAction\",\"target\":[\"https:\/\/now-news.de\/de\/deutschland\/bundestag-will-hungersnot-von-1932-33-als-genozid-an-ukrainern-anerkennen\/\"]}]},{\"@type\":\"ImageObject\",\"inLanguage\":\"de\",\"@id\":\"https:\/\/now-news.de\/de\/deutschland\/bundestag-will-hungersnot-von-1932-33-als-genozid-an-ukrainern-anerkennen\/#primaryimage\",\"url\":\"https:\/\/now-news.de\/de\/wp-content\/uploads\/sites\/3\/2022\/11\/Bundestag-will-Hungersnot-von-193233-als-Genozid-an-Ukrainern-anerkennen.jpg\",\"contentUrl\":\"https:\/\/now-news.de\/de\/wp-content\/uploads\/sites\/3\/2022\/11\/Bundestag-will-Hungersnot-von-193233-als-Genozid-an-Ukrainern-anerkennen.jpg\",\"width\":460,\"height\":259,\"caption\":\"Bundestag will Hungersnot von 1932\/33 als Genozid an Ukrainern anerkennen\"},{\"@type\":\"BreadcrumbList\",\"@id\":\"https:\/\/now-news.de\/de\/deutschland\/bundestag-will-hungersnot-von-1932-33-als-genozid-an-ukrainern-anerkennen\/#breadcrumb\",\"itemListElement\":[{\"@type\":\"ListItem\",\"position\":1,\"name\":\"Home\",\"item\":\"https:\/\/now-news.de\/de\/\"},{\"@type\":\"ListItem\",\"position\":2,\"name\":\"Bundestag will Hungersnot von 1932\/33 als Genozid an Ukrainern anerkennen\"}]},{\"@type\":\"WebSite\",\"@id\":\"https:\/\/now-news.de\/de\/#website\",\"url\":\"https:\/\/now-news.de\/de\/\",\"name\":\"just-now.NEWS Deutschland\",\"description\":\"Das Portal f\u00fcr unzensierte Nachrichten aus der Welt\",\"publisher\":{\"@id\":\"https:\/\/now-news.de\/de\/#organization\"},\"potentialAction\":[{\"@type\":\"SearchAction\",\"target\":{\"@type\":\"EntryPoint\",\"urlTemplate\":\"https:\/\/now-news.de\/de\/?s={search_term_string}\"},\"query-input\":\"required name=search_term_string\"}],\"inLanguage\":\"de\"},{\"@type\":\"Organization\",\"@id\":\"https:\/\/now-news.de\/de\/#organization\",\"name\":\"Just Now News\",\"url\":\"https:\/\/now-news.de\/de\/\",\"logo\":{\"@type\":\"ImageObject\",\"inLanguage\":\"de\",\"@id\":\"https:\/\/now-news.de\/de\/#\/schema\/logo\/image\/\",\"url\":\"http:\/\/just-now.news\/de\/wp-content\/uploads\/sites\/3\/2022\/04\/logo500x500.jpg\",\"contentUrl\":\"http:\/\/just-now.news\/de\/wp-content\/uploads\/sites\/3\/2022\/04\/logo500x500.jpg\",\"width\":500,\"height\":500,\"caption\":\"Just Now News\"},\"image\":{\"@id\":\"https:\/\/now-news.de\/de\/#\/schema\/logo\/image\/\"},\"sameAs\":[\"https:\/\/www.facebook.com\/wirmachenauf\",\"https:\/\/x.com\/WirMachenAuf_de\"]},{\"@type\":\"Person\",\"@id\":\"https:\/\/now-news.de\/de\/#\/schema\/person\/fb534a4e865501d8b3285208df34a9b5\",\"name\":\"rtnews\",\"image\":{\"@type\":\"ImageObject\",\"inLanguage\":\"de\",\"@id\":\"https:\/\/now-news.de\/de\/#\/schema\/person\/image\/\",\"url\":\"https:\/\/secure.gravatar.com\/avatar\/82aafea7d8127119dd649515f56e2117?s=96&d=mm&r=g\",\"contentUrl\":\"https:\/\/secure.gravatar.com\/avatar\/82aafea7d8127119dd649515f56e2117?s=96&d=mm&r=g\",\"caption\":\"rtnews\"},\"url\":\"https:\/\/now-news.de\/de\/author\/rnews\/\"}]}<\/script>\n<!-- \/ Yoast SEO Premium plugin. -->","yoast_head_json":{"title":"Bundestag will Hungersnot von 1932\/33 als Genozid an Ukrainern anerkennen - just-now.NEWS Deutschland","robots":{"index":"index","follow":"follow","max-snippet":"max-snippet:-1","max-image-preview":"max-image-preview:large","max-video-preview":"max-video-preview:-1"},"canonical":"https:\/\/now-news.de\/de\/deutschland\/bundestag-will-hungersnot-von-1932-33-als-genozid-an-ukrainern-anerkennen\/","og_locale":"de_DE","og_type":"article","og_title":"Bundestag will Hungersnot von 1932\/33 als Genozid an Ukrainern anerkennen","og_description":"Der Bundestag will den Forderungen der Ukraine entsprechend die Hungersnot der Jahre 1932\/33 in der UdSSR als Genozid an Ukrainern anerkennen. Putin stehe in der Tradition Stalins, behauptet der Initiator des Antrags Robin Wagener (Die Gr\u00fcnen). Der Bundestag will die Hungersnot in der Sowjetunion in den Jahren 1932\/33 als Genozid am ukrainischen Volk anerkennen. Dies [&hellip;]","og_url":"https:\/\/now-news.de\/de\/deutschland\/bundestag-will-hungersnot-von-1932-33-als-genozid-an-ukrainern-anerkennen\/","og_site_name":"just-now.NEWS Deutschland","article_publisher":"https:\/\/www.facebook.com\/wirmachenauf","article_published_time":"2022-11-25T20:17:06+00:00","og_image":[{"width":460,"height":259,"url":"https:\/\/now-news.de\/de\/wp-content\/uploads\/sites\/3\/2022\/11\/Bundestag-will-Hungersnot-von-193233-als-Genozid-an-Ukrainern-anerkennen.jpg","type":"image\/jpeg"}],"author":"rtnews","twitter_card":"summary_large_image","twitter_creator":"@WirMachenAuf_de","twitter_site":"@WirMachenAuf_de","twitter_misc":{"Verfasst von":"rtnews","Gesch\u00e4tzte Lesezeit":"3\u00a0Minuten"},"schema":{"@context":"https:\/\/schema.org","@graph":[{"@type":"Article","@id":"https:\/\/now-news.de\/de\/deutschland\/bundestag-will-hungersnot-von-1932-33-als-genozid-an-ukrainern-anerkennen\/#article","isPartOf":{"@id":"https:\/\/now-news.de\/de\/deutschland\/bundestag-will-hungersnot-von-1932-33-als-genozid-an-ukrainern-anerkennen\/"},"author":{"name":"rtnews","@id":"https:\/\/now-news.de\/de\/#\/schema\/person\/fb534a4e865501d8b3285208df34a9b5"},"headline":"Bundestag will Hungersnot von 1932\/33 als Genozid an Ukrainern anerkennen","datePublished":"2022-11-25T20:17:06+00:00","dateModified":"2022-11-25T20:17:06+00:00","mainEntityOfPage":{"@id":"https:\/\/now-news.de\/de\/deutschland\/bundestag-will-hungersnot-von-1932-33-als-genozid-an-ukrainern-anerkennen\/"},"wordCount":620,"commentCount":0,"publisher":{"@id":"https:\/\/now-news.de\/de\/#organization"},"image":{"@id":"https:\/\/now-news.de\/de\/deutschland\/bundestag-will-hungersnot-von-1932-33-als-genozid-an-ukrainern-anerkennen\/#primaryimage"},"thumbnailUrl":"https:\/\/now-news.de\/de\/wp-content\/uploads\/sites\/3\/2022\/11\/Bundestag-will-Hungersnot-von-193233-als-Genozid-an-Ukrainern-anerkennen.jpg","keywords":["als","anerkennen","Bundestag","Genozid","Hungersnot","Ukrainern","von"],"articleSection":["Deutschland","Russland"],"inLanguage":"de","potentialAction":[{"@type":"CommentAction","name":"Comment","target":["https:\/\/now-news.de\/de\/deutschland\/bundestag-will-hungersnot-von-1932-33-als-genozid-an-ukrainern-anerkennen\/#respond"]}]},{"@type":"WebPage","@id":"https:\/\/now-news.de\/de\/deutschland\/bundestag-will-hungersnot-von-1932-33-als-genozid-an-ukrainern-anerkennen\/","url":"https:\/\/now-news.de\/de\/deutschland\/bundestag-will-hungersnot-von-1932-33-als-genozid-an-ukrainern-anerkennen\/","name":"Bundestag will Hungersnot von 1932\/33 als Genozid an Ukrainern anerkennen - just-now.NEWS Deutschland","isPartOf":{"@id":"https:\/\/now-news.de\/de\/#website"},"primaryImageOfPage":{"@id":"https:\/\/now-news.de\/de\/deutschland\/bundestag-will-hungersnot-von-1932-33-als-genozid-an-ukrainern-anerkennen\/#primaryimage"},"image":{"@id":"https:\/\/now-news.de\/de\/deutschland\/bundestag-will-hungersnot-von-1932-33-als-genozid-an-ukrainern-anerkennen\/#primaryimage"},"thumbnailUrl":"https:\/\/now-news.de\/de\/wp-content\/uploads\/sites\/3\/2022\/11\/Bundestag-will-Hungersnot-von-193233-als-Genozid-an-Ukrainern-anerkennen.jpg","datePublished":"2022-11-25T20:17:06+00:00","dateModified":"2022-11-25T20:17:06+00:00","breadcrumb":{"@id":"https:\/\/now-news.de\/de\/deutschland\/bundestag-will-hungersnot-von-1932-33-als-genozid-an-ukrainern-anerkennen\/#breadcrumb"},"inLanguage":"de","potentialAction":[{"@type":"ReadAction","target":["https:\/\/now-news.de\/de\/deutschland\/bundestag-will-hungersnot-von-1932-33-als-genozid-an-ukrainern-anerkennen\/"]}]},{"@type":"ImageObject","inLanguage":"de","@id":"https:\/\/now-news.de\/de\/deutschland\/bundestag-will-hungersnot-von-1932-33-als-genozid-an-ukrainern-anerkennen\/#primaryimage","url":"https:\/\/now-news.de\/de\/wp-content\/uploads\/sites\/3\/2022\/11\/Bundestag-will-Hungersnot-von-193233-als-Genozid-an-Ukrainern-anerkennen.jpg","contentUrl":"https:\/\/now-news.de\/de\/wp-content\/uploads\/sites\/3\/2022\/11\/Bundestag-will-Hungersnot-von-193233-als-Genozid-an-Ukrainern-anerkennen.jpg","width":460,"height":259,"caption":"Bundestag will Hungersnot von 1932\/33 als Genozid an Ukrainern anerkennen"},{"@type":"BreadcrumbList","@id":"https:\/\/now-news.de\/de\/deutschland\/bundestag-will-hungersnot-von-1932-33-als-genozid-an-ukrainern-anerkennen\/#breadcrumb","itemListElement":[{"@type":"ListItem","position":1,"name":"Home","item":"https:\/\/now-news.de\/de\/"},{"@type":"ListItem","position":2,"name":"Bundestag will Hungersnot von 1932\/33 als Genozid an Ukrainern anerkennen"}]},{"@type":"WebSite","@id":"https:\/\/now-news.de\/de\/#website","url":"https:\/\/now-news.de\/de\/","name":"just-now.NEWS Deutschland","description":"Das Portal f\u00fcr unzensierte Nachrichten aus der Welt","publisher":{"@id":"https:\/\/now-news.de\/de\/#organization"},"potentialAction":[{"@type":"SearchAction","target":{"@type":"EntryPoint","urlTemplate":"https:\/\/now-news.de\/de\/?s={search_term_string}"},"query-input":"required name=search_term_string"}],"inLanguage":"de"},{"@type":"Organization","@id":"https:\/\/now-news.de\/de\/#organization","name":"Just Now News","url":"https:\/\/now-news.de\/de\/","logo":{"@type":"ImageObject","inLanguage":"de","@id":"https:\/\/now-news.de\/de\/#\/schema\/logo\/image\/","url":"http:\/\/just-now.news\/de\/wp-content\/uploads\/sites\/3\/2022\/04\/logo500x500.jpg","contentUrl":"http:\/\/just-now.news\/de\/wp-content\/uploads\/sites\/3\/2022\/04\/logo500x500.jpg","width":500,"height":500,"caption":"Just Now News"},"image":{"@id":"https:\/\/now-news.de\/de\/#\/schema\/logo\/image\/"},"sameAs":["https:\/\/www.facebook.com\/wirmachenauf","https:\/\/x.com\/WirMachenAuf_de"]},{"@type":"Person","@id":"https:\/\/now-news.de\/de\/#\/schema\/person\/fb534a4e865501d8b3285208df34a9b5","name":"rtnews","image":{"@type":"ImageObject","inLanguage":"de","@id":"https:\/\/now-news.de\/de\/#\/schema\/person\/image\/","url":"https:\/\/secure.gravatar.com\/avatar\/82aafea7d8127119dd649515f56e2117?s=96&d=mm&r=g","contentUrl":"https:\/\/secure.gravatar.com\/avatar\/82aafea7d8127119dd649515f56e2117?s=96&d=mm&r=g","caption":"rtnews"},"url":"https:\/\/now-news.de\/de\/author\/rnews\/"}]}},"_links":{"self":[{"href":"https:\/\/now-news.de\/de\/wp-json\/wp\/v2\/posts\/24055"}],"collection":[{"href":"https:\/\/now-news.de\/de\/wp-json\/wp\/v2\/posts"}],"about":[{"href":"https:\/\/now-news.de\/de\/wp-json\/wp\/v2\/types\/post"}],"author":[{"embeddable":true,"href":"https:\/\/now-news.de\/de\/wp-json\/wp\/v2\/users\/3"}],"replies":[{"embeddable":true,"href":"https:\/\/now-news.de\/de\/wp-json\/wp\/v2\/comments?post=24055"}],"version-history":[{"count":0,"href":"https:\/\/now-news.de\/de\/wp-json\/wp\/v2\/posts\/24055\/revisions"}],"wp:featuredmedia":[{"embeddable":true,"href":"https:\/\/now-news.de\/de\/wp-json\/wp\/v2\/media\/24056"}],"wp:attachment":[{"href":"https:\/\/now-news.de\/de\/wp-json\/wp\/v2\/media?parent=24055"}],"wp:term":[{"taxonomy":"category","embeddable":true,"href":"https:\/\/now-news.de\/de\/wp-json\/wp\/v2\/categories?post=24055"},{"taxonomy":"post_tag","embeddable":true,"href":"https:\/\/now-news.de\/de\/wp-json\/wp\/v2\/tags?post=24055"}],"curies":[{"name":"wp","href":"https:\/\/api.w.org\/{rel}","templated":true}]}}