{"id":24005,"date":"2022-11-25T15:04:23","date_gmt":"2022-11-25T13:04:23","guid":{"rendered":"https:\/\/just-now.news\/de\/deutschland\/warum-grossungarn-auf-viktor-orbans-schal-die-ukraine-und-rumaenien-so-nervoes-macht\/"},"modified":"2022-11-25T15:04:23","modified_gmt":"2022-11-25T13:04:23","slug":"warum-grossungarn-auf-viktor-orbans-schal-die-ukraine-und-rumaenien-so-nervoes-macht","status":"publish","type":"post","link":"https:\/\/now-news.de\/de\/deutschland\/warum-grossungarn-auf-viktor-orbans-schal-die-ukraine-und-rumaenien-so-nervoes-macht\/","title":{"rendered":"Warum Gro\u00dfungarn auf Viktor Orb\u00e1ns Schal die Ukraine und Rum\u00e4nien so nerv\u00f6s macht"},"content":{"rendered":"<p><img decoding=\"async\" src=\"http:\/\/just-now.news\/de\/wp-content\/uploads\/sites\/3\/2022\/11\/637fb2ba48fbef0373376bba.jpg\" \/><\/p>\n<div class=\"Text-root Text-type_1 \">\n                Ist Gro\u00dfungarn, also das historische Gebiet der Ungarn in seiner maximalen Ausdehnung im 19. Jahrhunderts, eine Chim\u00e4re der ungarischen Nationalisten oder ein zukunftsf\u00e4higes politisches Projekt? Diese stellt sich nun, nachdem der ungarische Ministerpr\u00e4sident Viktor Orb\u00e1n sich mit einem bedeutungsschweren Schal blicken lie\u00df.\n            <\/div>\n<p><\/p>\n<div class=\"Text-root Text-type_5 ArticleView-text ViewText-root \">\n<p><em>Von Daria Wolkowa<\/em><\/p>\n<p>Viktor Orb\u00e1ns Geste zur Unterst\u00fctzung der ungarischen Fu\u00dfballnationalmannschaft wurde zu einem internationalen Skandal. Die Ukraine und Rum\u00e4nien waren emp\u00f6rt dar\u00fcber, dass Orb\u00e1n zu dem Spiel mit einem Schal erschienen war, auf dem die Grenzen von &#8220;Gro\u00dfungarn&#8221; abgebildet waren. Was sind die wahren Gr\u00fcnde f\u00fcr eine solche Reaktion, und welche Folgen k\u00f6nnte Orb\u00e1ns Geste f\u00fcr die Beziehungen Ungarns zu seinen Nachbarn haben?<\/p>\n<p>Das ukrainische Au\u00dfenministerium hat den ungarischen Botschafter &#8220;auf den Teppich&#8221; geholt. Der Grund daf\u00fcr war, dass Orb\u00e1n ein Fu\u00dfballspiel der ungarischen Nationalmannschaft gegen Griechenland besucht und dabei einen Schal getragen hatte, auf dem &#8220;Gro\u00dfungarn&#8221; abgebildet war \u2013 das Land in seinen Grenzen vor 1920. Damals hatte der ungarische Staat Gebiete umfasst, die heute zur Slowakei, \u00d6sterreich, Kroatien, Rum\u00e4nien und der Ukraine geh\u00f6ren.<\/p>\n<p>Von den Nachbarn reagierte nicht nur Kiew scharf auf den &#8220;provokativen&#8221; Schal (es betrachtete ihn als &#8220;Propaganda des Revisionismus&#8221;), sondern auch in Rum\u00e4nien gab es eine scharfe Reaktion \u2013 das rum\u00e4nische Au\u00dfenministerium hat bereits gegen\u00fcber dem ungarischen Botschafter in Bukarest seine Missbilligung zum Ausdruck gebracht. Gleichzeitig ist Orb\u00e1n selbst der Meinung, dass &#8220;Fu\u00dfball keine Politik ist&#8221;: &#8220;Wir sollten nicht sehen, was nicht da ist. Die ungarische Nationalmannschaft ist die Mannschaft aller Ungarn, ganz gleich, wo sie leben!&#8221;<\/p>\n<p>Sowohl in Budapest als auch in benachbarten Hauptst\u00e4dten wird jedoch angenommen, dass die Demonstration der Grenzen von &#8220;Gro\u00dfungarn&#8221; mit einem bedeutenden Teil der ungarischen Ideologie und Mythologie zu tun hat, wenn nicht mit der aktuellen Politik.<\/p>\n<p>&#8220;Seit 1990 nutzen die Nationalisten das Bild der Grenzen des K\u00f6nigreichs Ungarn f\u00fcr ihre politischen Zwecke&#8221;, sagte L\u00e1szl\u00f3 Kem\u00e9ny, Professor f\u00fcr Politikwissenschaft an der Universit\u00e4t Budapest, der Zeitung <em>Wsgliad<\/em>. &#8220;F\u00fcr sie ist Ungarn mehr als ein Staat, denn die Ungarn leben nicht nur innerhalb der Landesgrenzen, sondern \u00fcberall im Ausland.&#8221;<\/p>\n<p>Im Fr\u00fchjahr hatte es Vorschl\u00e4ge gegeben, dass Orb\u00e1n im Falle eines Zusammenbruchs der ukrainischen Staatlichkeit die in der Region Transkarpatien lebenden Ungarn unter seinen Schutz stellen sollte. &#8220;Die meisten von ihnen haben schon seit Langem die ungarische Staatsb\u00fcrgerschaft&#8221;, so Kem\u00e9ny. &#8220;Es sind jedoch nur noch alte Menschen und Kinder dort, w\u00e4hrend der Rest nach Europa gegangen ist, um dort zu arbeiten.&#8221;<\/p>\n<p>Anfang November erinnerte Pr\u00e4sident Wladimir Putin daran, dass als Folge des Zweiten Weltkriegs eine Reihe von Gebieten in der Westukraine von Polen, Rum\u00e4nien und Ungarn gewaltsam abgetrennt wurden. Aus der Sicht der ungarischen nationalen Geschichtsschreibung hat Ungarn seine angestammten Gebiete jedoch schon fr\u00fcher verloren, n\u00e4mlich 1920.<\/p>\n<p>Die Magyaren (Selbstbezeichnung der Ungarn), die um die Wende vom 9. zum 10. Jahrhundert aus den Steppen des heutigen S\u00fcdrusslands und des Urals in die osteurop\u00e4ische Pannonische Ebene kamen, begannen sofort, die umliegenden V\u00f6lker zu erobern. Der erste christliche K\u00f6nig Istv\u00e1n der Heilige (Anfang des XI. Jahrhunderts) entriss Polen die slowakischen Gebiete und errichtete die ungarische Macht in Uschgorod. Zu Beginn des XII. Jahrhunderts annektierte das ungarische K\u00f6nigreich Kroatien und nahm Dalmatien an der Adriak\u00fcste von den Venezianern in Besitz.<\/p>\n<p>Dann erlebte Ungarn harte Zeiten: Im 16. und 17. Jahrhundert wurde der zentrale Teil des Landes vom Osmanischen Reich besetzt. Nach einer Reihe von Kriegen und niedergeschlagenen Aufst\u00e4nden kamen die historischen ungarischen L\u00e4nder dauerhaft unter die Herrschaft der Habsburger. Aber auch innerhalb der \u00f6sterreichischen Monarchie behielten die Ungarn viele ihrer alten Rechte und Privilegien \u2013 insbesondere die Vorherrschaft \u00fcber Kroatien. Au\u00dferdem brachte die antihabsburgische Revolution von 1848\/49 den Ungarn fast die Unabh\u00e4ngigkeit und die Vorherrschaft \u00fcber ihre Nachbarn zur\u00fcck.<\/p>\n<p>1867 teilte ein Abkommen zwischen \u00d6sterreich-Deutschen und Ungarn das Kaiserreich in zwei H\u00e4lften. Franz-Joseph I. aus dem Haus Habsburg-Lothringen wurde Herrscher eines zweigeteilten \u00d6sterreich-Ungarns, Kaiser von \u00d6sterreich und K\u00f6nig von Ungarn. Das Reich wurde als Flickenteppich bezeichnet, was in Bezug auf seine ethnische Zusammensetzung auch stimmte \u2013 aber politisch war die Macht streng in zwei H\u00e4lften geteilt. &#8220;Transleithanien&#8221; oder die magyarische H\u00e4lfte des Reiches bestand aus dem K\u00f6nigreich Ungarn (zu dem die Slowakei, Siebenb\u00fcrgen, die serbische Wojwodina und sogar das heutige \u00f6sterreichische Burgenland geh\u00f6rten) sowie dem K\u00f6nigreich Kroatien und Slawonien.<\/p>\n<p>Dadurch hatte das ungarische K\u00f6nigreich Zugang zur Adria \u2013 und damit zum Mittelmeer. Es ist bezeichnend, dass der sp\u00e4tere Herrscher des unabh\u00e4ngigen Landes, Mikl\u00f3s Horthy, in der kaiserlichen und k\u00f6niglichen Marine zum Vizeadmiral aufstieg \u2013 ein Rang, den er auch dann nicht aufgab, als Ungarn seinen Zugang zur See verlor.<\/p>\n<p>Im Ersten Weltkrieg waren \u00d6sterreich-Ungarn und Deutschland Verb\u00fcndete \u2013 und sie verloren gemeinsam. Am 4. Juni 1920 wurde im Gro\u00dfen Trianon-Palast von Versailles ein Abkommen unterzeichnet, nach dem Ungarn, das von \u00d6sterreich abgefallen war, den Verlust der Slowakei und der Karpatenukraine (an die Tschechoslowakische Republik), Kroatien und der Wojwodina (die an das K\u00f6nigreich der Serben, Kroaten und Slowenen abgetreten wurden \u2013 das k\u00fcnftige Jugoslawien) und den Verlust Siebenb\u00fcrgens an Rum\u00e4nien akzeptierte.<\/p>\n<p>Die &#8220;Trianon&#8221;-Grenzen haben dem Land den gr\u00f6\u00dften Teil seiner nat\u00fcrlichen Ressourcen entzogen, 72 Prozent seines Territoriums und 64 Prozent seiner Bev\u00f6lkerung. Fast drei Millionen ethnische Ungarn blieben hinter der neuen Grenze \u2013 in der S\u00fcdslowakei, im Westen Transkarpatiens, in der Wojwodina und in der rum\u00e4nischen Region Szeklerland.<\/p>\n<p>Das Regime von Admiralregent Horthy, der sich Ende der 1930er-Jahre mit dem Dritten Reich verb\u00fcndet hatte, r\u00e4chte sich eine Zeit lang territorial f\u00fcr die &#8220;Trianon-Schande&#8221;. Nach dem M\u00fcnchner Abkommen \u00fcber die Teilung der Tschechoslowakei hielten Nazideutschland und das faschistische Italien am 29. September 1938 den Ersten Wiener Schiedsverfahren ab. Entlang der S\u00fcdslowakei und der s\u00fcdwestliche Teil des Karpatenvorlandes (Transkarpatien) mit Uschgorod fielen von der Tschechoslowakei nach Ungarn.<\/p>\n<p>Im M\u00e4rz 1939 besiegten Horthys Truppen in etwa einem Tag die lokalen ukrainischen Nationalisten im verbliebenen Teil Transkarpatiens, die versuchten, einen &#8220;Staat Karpatenukraine unter dem Schutz des Deutschen Reiches&#8221; auszurufen. Horthy gewann schlie\u00dflich die Kontrolle \u00fcber Nordsiebenb\u00fcrgen und die Wojwodina.<\/p>\n<p>Nach dem Zweiten Weltkrieg beschlossen die L\u00e4nder der Antihitlerkoalition jedoch, Ungarn in die Grenzen des Vertrags von Trianon zur\u00fcckzuf\u00fchren, was mit dem Pariser Abkommen von 1947 geschah. Josef Stalin und Wjatscheslaw Molotow ermutigten die Tschechoslowakei, Transkarpatien an die Ukrainische SSR abzutreten. Innerhalb des sozialistischen Lagers und des Warschauer Paktes wurde in der Zeit nach dem Kommunismus niemals eine Revision der Nachkriegsgrenzen in Osteuropa diskutiert.<\/p>\n<p>Es sei daran erinnert, dass in Rum\u00e4nien noch 1,2 bis 1,4 Millionen ethnische Ungarn leben, in der S\u00fcdslowakei mindestens 450.000, im Norden Serbiens mehr als 250.000 und in den Transkarpatien mehr als 150.000. Im Jahr 2010 erkl\u00e4rte die rechtskonservative Regierung von Orb\u00e1n den 4. Juni (den Tag der Unterzeichnung des &#8220;sch\u00e4ndlichen&#8221; Vertrags von Trianon) zum Tag der nationalen Einheit. Zehn Jahre sp\u00e4ter, im Mai 2020, ver\u00f6ffentlichte Orb\u00e1n auf einer Social-Media-Seite eine Karte von &#8220;Gro\u00dfungarn&#8221;, was den Unmut der Pr\u00e4sidenten Kroatiens und Rum\u00e4niens ausl\u00f6ste.<\/p>\n<p>&#8220;Ministerpr\u00e4sident Orb\u00e1n hat mehrfach offen \u00fcber die Ungerechtigkeit der derzeitigen Grenzen des Landes gesprochen&#8221;, sagte Wadim <a>Truchatschew, <\/a>au\u00dferordentlicher Professor an der Abteilung f\u00fcr ausl\u00e4ndische Regionalstudien und Au\u00dfenpolitik an der Russischen Staatlichen Universit\u00e4t f\u00fcr Wissenschaft und Technologie. &#8220;Und als Ungarn die EU-Ratspr\u00e4sidentschaft innehatte, brachte Orb\u00e1n sogar eine alte Karte des ungarischen K\u00f6nigreichs mit nach Br\u00fcssel, die das gesamte Gebiet der heutigen Slowakei, Westrum\u00e4niens, Transkarpatiens, Nordserbiens und Ost\u00f6sterreichs umfasste.&#8221;<\/p>\n<p>Im derzeitigen ungarischen Parlament sitzen mindestens zwei nationalistische Parteien \u2013 Orb\u00e1ns Partei Fidesz und die weitaus radikalere Partei Mi Haz\u00e1nk (Unsere Heimat) von L\u00e1szl\u00f3 Tor\u00f3czk\u00e1i. Die Partei Jobbik, die Teil der linksliberalen Oppositionskoalition ist, bezeichnet sich heute als moderat-zentristisch, doch Mitte der 2010er-Jahre galt sie als rechtsextrem und ver\u00f6ffentlichte auch aktiv Karten der &#8220;verlorenen L\u00e4nder Gro\u00dfungarns&#8221;.<\/p>\n<p>&#8220;Das, was Orb\u00e1n heute getan hat, ist also nichts Neues&#8221;, stellt Truchatschew fest. &#8220;Ebenso wenig ist es neu, dass Rum\u00e4nien dagegen protestiert. Die Slowakei wird wahrscheinlich dagegen protestieren. Was die Ukraine betrifft, so ist der Protest hier am l\u00e4cherlichsten. Im Gegensatz zu Rum\u00e4nien, wo die Situation der Ungarn nicht ideal ist, sie aber das Recht auf Bildung in ihrer Muttersprache und auf eine eigene Partei haben, werden den Ungarn in der Ukraine praktisch alle Rechte vorenthalten.&#8221;<\/p>\n<p>Andererseits s\u00e4hen die Proteste und Beschwerden Rum\u00e4niens auch l\u00e4cherlich aus, da es selbst versucht, Moldawien zu absorbieren \u2013 und das sei f\u00fcr seine Verh\u00e4ltnisse normal. &#8220;Gleichzeitig gef\u00e4llt es ihnen nicht, dass die Ungarn Anspruch auf ihr Land erheben. Doppelmoral in den schillerndsten Farben&#8221;, betonte er.<\/p>\n<p>&#8220;Die Ungarn h\u00e4tten ganz aus der Slowakei vertrieben werden m\u00fcssen. Aber aufgrund des guten Willens der Sowjetunion und der F\u00fchrung der Tschechoslowakei geschah dies nicht. Daher haben die Ungarn in Bezug auf die Slowakei wahrscheinlich die geringsten Chancen auf eine offene Konfrontation&#8221;, glaubt der Experte.<\/p>\n<p>&#8220;Was Rum\u00e4nien betrifft: Wenn es beginnt, Moldawien zu absorbieren, kann Ungarn dies ausnutzen und seine territorialen Anspr\u00fcche auf Bukarest motivieren. Aber es wird hier keinen Krieg geben. Anders sieht es in den Transkarpatien aus. In Anbetracht der Tatsache, dass in der Ukraine alles m\u00f6glich ist, bis hin zu einem Massaker an Ungarn, k\u00f6nnte Ungarn auch Truppen dorthin entsenden&#8221;, argumentiert Truchatschew.<\/p>\n<p>Russland sollte in einer solchen Situation die m\u00f6glichen Ma\u00dfnahmen Ungarns gelassen hinnehmen, aber nur, solange Budapest keinen Anspruch auf die serbische Wojwodina erhebt, meint der Experte. &#8220;Was Transkarpatien betrifft, so k\u00f6nnen wir Ungarn hier nur willkommen hei\u00dfen&#8221;, schloss der Politikwissenschaftler.<\/p>\n<p>Gleichzeitig ist Prof. Kem\u00e9ny der Ansicht, dass es praktisch unm\u00f6glich ist, die territorialen Streitigkeiten zu l\u00f6sen. &#8220;Jetzt sind die Slowakei, Rum\u00e4nien und Kroatien Mitglieder der EU. Serbien scheint die EU-Mitgliedschaft anzustreben. Die dort lebenden Ungarn haben jedoch nicht nur die nationale, sondern auch die ungarische Staatsb\u00fcrgerschaft. Dies wird zu einem gro\u00dfen Problem f\u00fcr die Ungarn in Ungarn selbst, da B\u00fcrger, die nicht im Land leben, an den Kommunalwahlen teilnehmen und oft in einer Weise abstimmen, die vielen nicht gef\u00e4llt.&#8221;<\/p>\n<p>Der Politologe f\u00fcgte hinzu, dass &#8220;der Vorfall und die territoriale Frage die russisch-ungarischen Beziehungen kaum beeintr\u00e4chtigen werden&#8221;: &#8220;Ungarn unterh\u00e4lt im Gegensatz zu den meisten europ\u00e4ischen L\u00e4ndern herzliche Beziehungen zu Russland, und ich denke, dass diese Ann\u00e4herung an Moskau auch in Zukunft fortgesetzt wird.&#8221;<\/p>\n<p><em>\u00dcbersetzung aus dem <a rel=\"nofollow noopener\" target=\"_blank\" href=\"https:\/\/vz.ru\/world\/2022\/11\/22\/1187824.html\">Russischen<\/a>, zuerst ver\u00f6ffentlicht in Wsgljad.<\/em><\/p>\n<p><strong>Mehr zum Thema<\/strong> &#8211;\u00a0<a rel=\"nofollow noopener\" target=\"_blank\" href=\"https:\/\/meinungsfreiheit.rtde.life\/europa\/134485-ukraine-beschuldigt-ungarn-territoriale-anspruche\/\">Ukraine unterstellt Ungarn territoriale Anspr\u00fcche <\/a><\/p>\n<div class=\"EmbedBlock-root EmbedBlock-externalVideo EmbedBlock-vk\">\n<div class=\"VkEmbed\"><iframe class=\"lazyload\" data-src=\"https:\/\/vk.com\/video_ext.php?oid=-134310637&amp;id=456259340&amp;hash=b71e6775b58c54de\" frameborder=\"0\" width=\"853\" height=\"480\" allowfullscreen><\/iframe><\/div>\n<\/div>\n<\/div>\n<p><br \/>\n<br \/><a href=\"https:\/\/de.rt.com\/europa\/155382-warum-grossungarn-viktor-orbans-schal-die-ukraine-und-rumaenien-so-nervoes-macht\/\">Source link <\/a><\/p>\n","protected":false},"excerpt":{"rendered":"<p>Ist Gro\u00dfungarn, also das historische Gebiet der Ungarn in seiner maximalen Ausdehnung im 19. Jahrhunderts, eine Chim\u00e4re der ungarischen Nationalisten oder ein zukunftsf\u00e4higes politisches Projekt? Diese stellt sich nun, nachdem der ungarische Ministerpr\u00e4sident Viktor Orb\u00e1n sich mit einem bedeutungsschweren Schal blicken lie\u00df. Von Daria Wolkowa Viktor Orb\u00e1ns Geste zur Unterst\u00fctzung der ungarischen Fu\u00dfballnationalmannschaft wurde zu [&hellip;]<\/p>\n","protected":false},"author":3,"featured_media":24006,"comment_status":"open","ping_status":"open","sticky":false,"template":"","format":"standard","meta":{"_yoast_indexnow_last_ping":["1669381825"],"wp_automatic_camp":["217"],"fd15def404b1361296feda4f3b9bbc81":["Warum Gro\u00dfungarn auf Viktor Orb\u00e1ns Schal die Ukraine und Rum\u00e4nien so nerv\u00f6s macht"],"original_link":["https:\/\/de.rt.com\/europa\/155382-warum-grossungarn-viktor-orbans-schal-die-ukraine-und-rumaenien-so-nervoes-macht\/"],"_thumbnail_id":["24006"],"_wptgpro_p2tg_sent2tg":["a:1:{i:23737;s:19:\"2022-11-25 15:13:12\";}"],"jnews_social_counter_last_update":["1777233077"]},"categories":[19,23],"tags":[133,45,36464,4847,24211,36291,24443,36465,127,140,29570,1289],"yoast_head":"<!-- This site is optimized with the Yoast SEO Premium plugin v22.7 (Yoast SEO v22.7) - https:\/\/yoast.com\/wordpress\/plugins\/seo\/ -->\n<title>Warum Gro\u00dfungarn auf Viktor Orb\u00e1ns Schal die Ukraine und Rum\u00e4nien so nerv\u00f6s macht - just-now.NEWS Deutschland<\/title>\n<meta name=\"robots\" content=\"index, follow, max-snippet:-1, max-image-preview:large, max-video-preview:-1\" \/>\n<link rel=\"canonical\" href=\"https:\/\/now-news.de\/de\/deutschland\/warum-grossungarn-auf-viktor-orbans-schal-die-ukraine-und-rumaenien-so-nervoes-macht\/\" \/>\n<meta property=\"og:locale\" content=\"de_DE\" \/>\n<meta property=\"og:type\" content=\"article\" \/>\n<meta property=\"og:title\" content=\"Warum Gro\u00dfungarn auf Viktor Orb\u00e1ns Schal die Ukraine und Rum\u00e4nien so nerv\u00f6s macht\" \/>\n<meta property=\"og:description\" content=\"Ist Gro\u00dfungarn, also das historische Gebiet der Ungarn in seiner maximalen Ausdehnung im 19. Jahrhunderts, eine Chim\u00e4re der ungarischen Nationalisten oder ein zukunftsf\u00e4higes politisches Projekt? Diese stellt sich nun, nachdem der ungarische Ministerpr\u00e4sident Viktor Orb\u00e1n sich mit einem bedeutungsschweren Schal blicken lie\u00df. Von Daria Wolkowa Viktor Orb\u00e1ns Geste zur Unterst\u00fctzung der ungarischen Fu\u00dfballnationalmannschaft wurde zu [&hellip;]\" \/>\n<meta property=\"og:url\" content=\"https:\/\/now-news.de\/de\/deutschland\/warum-grossungarn-auf-viktor-orbans-schal-die-ukraine-und-rumaenien-so-nervoes-macht\/\" \/>\n<meta property=\"og:site_name\" content=\"just-now.NEWS Deutschland\" \/>\n<meta property=\"article:publisher\" content=\"https:\/\/www.facebook.com\/wirmachenauf\" \/>\n<meta property=\"article:published_time\" content=\"2022-11-25T13:04:23+00:00\" \/>\n<meta property=\"og:image\" content=\"https:\/\/now-news.de\/de\/wp-content\/uploads\/sites\/3\/2022\/11\/Warum-Grossungarn-auf-Viktor-Orbans-Schal-die-Ukraine-und-Rumaenien.jpg\" \/>\n\t<meta property=\"og:image:width\" content=\"460\" \/>\n\t<meta property=\"og:image:height\" content=\"259\" \/>\n\t<meta property=\"og:image:type\" content=\"image\/jpeg\" \/>\n<meta name=\"author\" content=\"rtnews\" \/>\n<meta name=\"twitter:card\" content=\"summary_large_image\" \/>\n<meta name=\"twitter:creator\" content=\"@WirMachenAuf_de\" \/>\n<meta name=\"twitter:site\" content=\"@WirMachenAuf_de\" \/>\n<meta name=\"twitter:label1\" content=\"Verfasst von\" \/>\n\t<meta name=\"twitter:data1\" content=\"rtnews\" \/>\n\t<meta name=\"twitter:label2\" content=\"Gesch\u00e4tzte Lesezeit\" \/>\n\t<meta name=\"twitter:data2\" content=\"9\u00a0Minuten\" \/>\n<script type=\"application\/ld+json\" class=\"yoast-schema-graph\">{\"@context\":\"https:\/\/schema.org\",\"@graph\":[{\"@type\":\"Article\",\"@id\":\"https:\/\/now-news.de\/de\/deutschland\/warum-grossungarn-auf-viktor-orbans-schal-die-ukraine-und-rumaenien-so-nervoes-macht\/#article\",\"isPartOf\":{\"@id\":\"https:\/\/now-news.de\/de\/deutschland\/warum-grossungarn-auf-viktor-orbans-schal-die-ukraine-und-rumaenien-so-nervoes-macht\/\"},\"author\":{\"name\":\"rtnews\",\"@id\":\"https:\/\/now-news.de\/de\/#\/schema\/person\/fb534a4e865501d8b3285208df34a9b5\"},\"headline\":\"Warum Gro\u00dfungarn auf Viktor Orb\u00e1ns Schal die Ukraine und Rum\u00e4nien so nerv\u00f6s macht\",\"datePublished\":\"2022-11-25T13:04:23+00:00\",\"dateModified\":\"2022-11-25T13:04:23+00:00\",\"mainEntityOfPage\":{\"@id\":\"https:\/\/now-news.de\/de\/deutschland\/warum-grossungarn-auf-viktor-orbans-schal-die-ukraine-und-rumaenien-so-nervoes-macht\/\"},\"wordCount\":1791,\"commentCount\":0,\"publisher\":{\"@id\":\"https:\/\/now-news.de\/de\/#organization\"},\"image\":{\"@id\":\"https:\/\/now-news.de\/de\/deutschland\/warum-grossungarn-auf-viktor-orbans-schal-die-ukraine-und-rumaenien-so-nervoes-macht\/#primaryimage\"},\"thumbnailUrl\":\"https:\/\/now-news.de\/de\/wp-content\/uploads\/sites\/3\/2022\/11\/Warum-Grossungarn-auf-Viktor-Orbans-Schal-die-Ukraine-und-Rumaenien.jpg\",\"keywords\":[\"AUF\",\"die\",\"Gro\u00dfungarn\",\"Macht\",\"nerv\u00f6s\",\"Orb\u00e1ns\",\"Rum\u00e4nien\",\"Schal\",\"ukraine\",\"und\",\"Viktor\",\"Warum\"],\"articleSection\":[\"Deutschland\",\"Russland\"],\"inLanguage\":\"de\",\"potentialAction\":[{\"@type\":\"CommentAction\",\"name\":\"Comment\",\"target\":[\"https:\/\/now-news.de\/de\/deutschland\/warum-grossungarn-auf-viktor-orbans-schal-die-ukraine-und-rumaenien-so-nervoes-macht\/#respond\"]}]},{\"@type\":\"WebPage\",\"@id\":\"https:\/\/now-news.de\/de\/deutschland\/warum-grossungarn-auf-viktor-orbans-schal-die-ukraine-und-rumaenien-so-nervoes-macht\/\",\"url\":\"https:\/\/now-news.de\/de\/deutschland\/warum-grossungarn-auf-viktor-orbans-schal-die-ukraine-und-rumaenien-so-nervoes-macht\/\",\"name\":\"Warum Gro\u00dfungarn auf Viktor Orb\u00e1ns Schal die Ukraine und Rum\u00e4nien so nerv\u00f6s macht - just-now.NEWS Deutschland\",\"isPartOf\":{\"@id\":\"https:\/\/now-news.de\/de\/#website\"},\"primaryImageOfPage\":{\"@id\":\"https:\/\/now-news.de\/de\/deutschland\/warum-grossungarn-auf-viktor-orbans-schal-die-ukraine-und-rumaenien-so-nervoes-macht\/#primaryimage\"},\"image\":{\"@id\":\"https:\/\/now-news.de\/de\/deutschland\/warum-grossungarn-auf-viktor-orbans-schal-die-ukraine-und-rumaenien-so-nervoes-macht\/#primaryimage\"},\"thumbnailUrl\":\"https:\/\/now-news.de\/de\/wp-content\/uploads\/sites\/3\/2022\/11\/Warum-Grossungarn-auf-Viktor-Orbans-Schal-die-Ukraine-und-Rumaenien.jpg\",\"datePublished\":\"2022-11-25T13:04:23+00:00\",\"dateModified\":\"2022-11-25T13:04:23+00:00\",\"breadcrumb\":{\"@id\":\"https:\/\/now-news.de\/de\/deutschland\/warum-grossungarn-auf-viktor-orbans-schal-die-ukraine-und-rumaenien-so-nervoes-macht\/#breadcrumb\"},\"inLanguage\":\"de\",\"potentialAction\":[{\"@type\":\"ReadAction\",\"target\":[\"https:\/\/now-news.de\/de\/deutschland\/warum-grossungarn-auf-viktor-orbans-schal-die-ukraine-und-rumaenien-so-nervoes-macht\/\"]}]},{\"@type\":\"ImageObject\",\"inLanguage\":\"de\",\"@id\":\"https:\/\/now-news.de\/de\/deutschland\/warum-grossungarn-auf-viktor-orbans-schal-die-ukraine-und-rumaenien-so-nervoes-macht\/#primaryimage\",\"url\":\"https:\/\/now-news.de\/de\/wp-content\/uploads\/sites\/3\/2022\/11\/Warum-Grossungarn-auf-Viktor-Orbans-Schal-die-Ukraine-und-Rumaenien.jpg\",\"contentUrl\":\"https:\/\/now-news.de\/de\/wp-content\/uploads\/sites\/3\/2022\/11\/Warum-Grossungarn-auf-Viktor-Orbans-Schal-die-Ukraine-und-Rumaenien.jpg\",\"width\":460,\"height\":259,\"caption\":\"Warum Gro\u00dfungarn auf Viktor Orb\u00e1ns Schal die Ukraine und Rum\u00e4nien so nerv\u00f6s macht\"},{\"@type\":\"BreadcrumbList\",\"@id\":\"https:\/\/now-news.de\/de\/deutschland\/warum-grossungarn-auf-viktor-orbans-schal-die-ukraine-und-rumaenien-so-nervoes-macht\/#breadcrumb\",\"itemListElement\":[{\"@type\":\"ListItem\",\"position\":1,\"name\":\"Home\",\"item\":\"https:\/\/now-news.de\/de\/\"},{\"@type\":\"ListItem\",\"position\":2,\"name\":\"Warum Gro\u00dfungarn auf Viktor Orb\u00e1ns Schal die Ukraine und Rum\u00e4nien so nerv\u00f6s macht\"}]},{\"@type\":\"WebSite\",\"@id\":\"https:\/\/now-news.de\/de\/#website\",\"url\":\"https:\/\/now-news.de\/de\/\",\"name\":\"just-now.NEWS Deutschland\",\"description\":\"Das Portal f\u00fcr unzensierte Nachrichten aus der Welt\",\"publisher\":{\"@id\":\"https:\/\/now-news.de\/de\/#organization\"},\"potentialAction\":[{\"@type\":\"SearchAction\",\"target\":{\"@type\":\"EntryPoint\",\"urlTemplate\":\"https:\/\/now-news.de\/de\/?s={search_term_string}\"},\"query-input\":\"required name=search_term_string\"}],\"inLanguage\":\"de\"},{\"@type\":\"Organization\",\"@id\":\"https:\/\/now-news.de\/de\/#organization\",\"name\":\"Just Now News\",\"url\":\"https:\/\/now-news.de\/de\/\",\"logo\":{\"@type\":\"ImageObject\",\"inLanguage\":\"de\",\"@id\":\"https:\/\/now-news.de\/de\/#\/schema\/logo\/image\/\",\"url\":\"http:\/\/just-now.news\/de\/wp-content\/uploads\/sites\/3\/2022\/04\/logo500x500.jpg\",\"contentUrl\":\"http:\/\/just-now.news\/de\/wp-content\/uploads\/sites\/3\/2022\/04\/logo500x500.jpg\",\"width\":500,\"height\":500,\"caption\":\"Just Now News\"},\"image\":{\"@id\":\"https:\/\/now-news.de\/de\/#\/schema\/logo\/image\/\"},\"sameAs\":[\"https:\/\/www.facebook.com\/wirmachenauf\",\"https:\/\/x.com\/WirMachenAuf_de\"]},{\"@type\":\"Person\",\"@id\":\"https:\/\/now-news.de\/de\/#\/schema\/person\/fb534a4e865501d8b3285208df34a9b5\",\"name\":\"rtnews\",\"image\":{\"@type\":\"ImageObject\",\"inLanguage\":\"de\",\"@id\":\"https:\/\/now-news.de\/de\/#\/schema\/person\/image\/\",\"url\":\"https:\/\/secure.gravatar.com\/avatar\/82aafea7d8127119dd649515f56e2117?s=96&d=mm&r=g\",\"contentUrl\":\"https:\/\/secure.gravatar.com\/avatar\/82aafea7d8127119dd649515f56e2117?s=96&d=mm&r=g\",\"caption\":\"rtnews\"},\"url\":\"https:\/\/now-news.de\/de\/author\/rnews\/\"}]}<\/script>\n<!-- \/ Yoast SEO Premium plugin. -->","yoast_head_json":{"title":"Warum Gro\u00dfungarn auf Viktor Orb\u00e1ns Schal die Ukraine und Rum\u00e4nien so nerv\u00f6s macht - just-now.NEWS Deutschland","robots":{"index":"index","follow":"follow","max-snippet":"max-snippet:-1","max-image-preview":"max-image-preview:large","max-video-preview":"max-video-preview:-1"},"canonical":"https:\/\/now-news.de\/de\/deutschland\/warum-grossungarn-auf-viktor-orbans-schal-die-ukraine-und-rumaenien-so-nervoes-macht\/","og_locale":"de_DE","og_type":"article","og_title":"Warum Gro\u00dfungarn auf Viktor Orb\u00e1ns Schal die Ukraine und Rum\u00e4nien so nerv\u00f6s macht","og_description":"Ist Gro\u00dfungarn, also das historische Gebiet der Ungarn in seiner maximalen Ausdehnung im 19. Jahrhunderts, eine Chim\u00e4re der ungarischen Nationalisten oder ein zukunftsf\u00e4higes politisches Projekt? Diese stellt sich nun, nachdem der ungarische Ministerpr\u00e4sident Viktor Orb\u00e1n sich mit einem bedeutungsschweren Schal blicken lie\u00df. Von Daria Wolkowa Viktor Orb\u00e1ns Geste zur Unterst\u00fctzung der ungarischen Fu\u00dfballnationalmannschaft wurde zu [&hellip;]","og_url":"https:\/\/now-news.de\/de\/deutschland\/warum-grossungarn-auf-viktor-orbans-schal-die-ukraine-und-rumaenien-so-nervoes-macht\/","og_site_name":"just-now.NEWS Deutschland","article_publisher":"https:\/\/www.facebook.com\/wirmachenauf","article_published_time":"2022-11-25T13:04:23+00:00","og_image":[{"width":460,"height":259,"url":"https:\/\/now-news.de\/de\/wp-content\/uploads\/sites\/3\/2022\/11\/Warum-Grossungarn-auf-Viktor-Orbans-Schal-die-Ukraine-und-Rumaenien.jpg","type":"image\/jpeg"}],"author":"rtnews","twitter_card":"summary_large_image","twitter_creator":"@WirMachenAuf_de","twitter_site":"@WirMachenAuf_de","twitter_misc":{"Verfasst von":"rtnews","Gesch\u00e4tzte Lesezeit":"9\u00a0Minuten"},"schema":{"@context":"https:\/\/schema.org","@graph":[{"@type":"Article","@id":"https:\/\/now-news.de\/de\/deutschland\/warum-grossungarn-auf-viktor-orbans-schal-die-ukraine-und-rumaenien-so-nervoes-macht\/#article","isPartOf":{"@id":"https:\/\/now-news.de\/de\/deutschland\/warum-grossungarn-auf-viktor-orbans-schal-die-ukraine-und-rumaenien-so-nervoes-macht\/"},"author":{"name":"rtnews","@id":"https:\/\/now-news.de\/de\/#\/schema\/person\/fb534a4e865501d8b3285208df34a9b5"},"headline":"Warum Gro\u00dfungarn auf Viktor Orb\u00e1ns Schal die Ukraine und Rum\u00e4nien so nerv\u00f6s macht","datePublished":"2022-11-25T13:04:23+00:00","dateModified":"2022-11-25T13:04:23+00:00","mainEntityOfPage":{"@id":"https:\/\/now-news.de\/de\/deutschland\/warum-grossungarn-auf-viktor-orbans-schal-die-ukraine-und-rumaenien-so-nervoes-macht\/"},"wordCount":1791,"commentCount":0,"publisher":{"@id":"https:\/\/now-news.de\/de\/#organization"},"image":{"@id":"https:\/\/now-news.de\/de\/deutschland\/warum-grossungarn-auf-viktor-orbans-schal-die-ukraine-und-rumaenien-so-nervoes-macht\/#primaryimage"},"thumbnailUrl":"https:\/\/now-news.de\/de\/wp-content\/uploads\/sites\/3\/2022\/11\/Warum-Grossungarn-auf-Viktor-Orbans-Schal-die-Ukraine-und-Rumaenien.jpg","keywords":["AUF","die","Gro\u00dfungarn","Macht","nerv\u00f6s","Orb\u00e1ns","Rum\u00e4nien","Schal","ukraine","und","Viktor","Warum"],"articleSection":["Deutschland","Russland"],"inLanguage":"de","potentialAction":[{"@type":"CommentAction","name":"Comment","target":["https:\/\/now-news.de\/de\/deutschland\/warum-grossungarn-auf-viktor-orbans-schal-die-ukraine-und-rumaenien-so-nervoes-macht\/#respond"]}]},{"@type":"WebPage","@id":"https:\/\/now-news.de\/de\/deutschland\/warum-grossungarn-auf-viktor-orbans-schal-die-ukraine-und-rumaenien-so-nervoes-macht\/","url":"https:\/\/now-news.de\/de\/deutschland\/warum-grossungarn-auf-viktor-orbans-schal-die-ukraine-und-rumaenien-so-nervoes-macht\/","name":"Warum Gro\u00dfungarn auf Viktor Orb\u00e1ns Schal die Ukraine und Rum\u00e4nien so nerv\u00f6s macht - just-now.NEWS Deutschland","isPartOf":{"@id":"https:\/\/now-news.de\/de\/#website"},"primaryImageOfPage":{"@id":"https:\/\/now-news.de\/de\/deutschland\/warum-grossungarn-auf-viktor-orbans-schal-die-ukraine-und-rumaenien-so-nervoes-macht\/#primaryimage"},"image":{"@id":"https:\/\/now-news.de\/de\/deutschland\/warum-grossungarn-auf-viktor-orbans-schal-die-ukraine-und-rumaenien-so-nervoes-macht\/#primaryimage"},"thumbnailUrl":"https:\/\/now-news.de\/de\/wp-content\/uploads\/sites\/3\/2022\/11\/Warum-Grossungarn-auf-Viktor-Orbans-Schal-die-Ukraine-und-Rumaenien.jpg","datePublished":"2022-11-25T13:04:23+00:00","dateModified":"2022-11-25T13:04:23+00:00","breadcrumb":{"@id":"https:\/\/now-news.de\/de\/deutschland\/warum-grossungarn-auf-viktor-orbans-schal-die-ukraine-und-rumaenien-so-nervoes-macht\/#breadcrumb"},"inLanguage":"de","potentialAction":[{"@type":"ReadAction","target":["https:\/\/now-news.de\/de\/deutschland\/warum-grossungarn-auf-viktor-orbans-schal-die-ukraine-und-rumaenien-so-nervoes-macht\/"]}]},{"@type":"ImageObject","inLanguage":"de","@id":"https:\/\/now-news.de\/de\/deutschland\/warum-grossungarn-auf-viktor-orbans-schal-die-ukraine-und-rumaenien-so-nervoes-macht\/#primaryimage","url":"https:\/\/now-news.de\/de\/wp-content\/uploads\/sites\/3\/2022\/11\/Warum-Grossungarn-auf-Viktor-Orbans-Schal-die-Ukraine-und-Rumaenien.jpg","contentUrl":"https:\/\/now-news.de\/de\/wp-content\/uploads\/sites\/3\/2022\/11\/Warum-Grossungarn-auf-Viktor-Orbans-Schal-die-Ukraine-und-Rumaenien.jpg","width":460,"height":259,"caption":"Warum Gro\u00dfungarn auf Viktor Orb\u00e1ns Schal die Ukraine und Rum\u00e4nien so nerv\u00f6s macht"},{"@type":"BreadcrumbList","@id":"https:\/\/now-news.de\/de\/deutschland\/warum-grossungarn-auf-viktor-orbans-schal-die-ukraine-und-rumaenien-so-nervoes-macht\/#breadcrumb","itemListElement":[{"@type":"ListItem","position":1,"name":"Home","item":"https:\/\/now-news.de\/de\/"},{"@type":"ListItem","position":2,"name":"Warum Gro\u00dfungarn auf Viktor Orb\u00e1ns Schal die Ukraine und Rum\u00e4nien so nerv\u00f6s macht"}]},{"@type":"WebSite","@id":"https:\/\/now-news.de\/de\/#website","url":"https:\/\/now-news.de\/de\/","name":"just-now.NEWS Deutschland","description":"Das Portal f\u00fcr unzensierte Nachrichten aus der Welt","publisher":{"@id":"https:\/\/now-news.de\/de\/#organization"},"potentialAction":[{"@type":"SearchAction","target":{"@type":"EntryPoint","urlTemplate":"https:\/\/now-news.de\/de\/?s={search_term_string}"},"query-input":"required name=search_term_string"}],"inLanguage":"de"},{"@type":"Organization","@id":"https:\/\/now-news.de\/de\/#organization","name":"Just Now News","url":"https:\/\/now-news.de\/de\/","logo":{"@type":"ImageObject","inLanguage":"de","@id":"https:\/\/now-news.de\/de\/#\/schema\/logo\/image\/","url":"http:\/\/just-now.news\/de\/wp-content\/uploads\/sites\/3\/2022\/04\/logo500x500.jpg","contentUrl":"http:\/\/just-now.news\/de\/wp-content\/uploads\/sites\/3\/2022\/04\/logo500x500.jpg","width":500,"height":500,"caption":"Just Now News"},"image":{"@id":"https:\/\/now-news.de\/de\/#\/schema\/logo\/image\/"},"sameAs":["https:\/\/www.facebook.com\/wirmachenauf","https:\/\/x.com\/WirMachenAuf_de"]},{"@type":"Person","@id":"https:\/\/now-news.de\/de\/#\/schema\/person\/fb534a4e865501d8b3285208df34a9b5","name":"rtnews","image":{"@type":"ImageObject","inLanguage":"de","@id":"https:\/\/now-news.de\/de\/#\/schema\/person\/image\/","url":"https:\/\/secure.gravatar.com\/avatar\/82aafea7d8127119dd649515f56e2117?s=96&d=mm&r=g","contentUrl":"https:\/\/secure.gravatar.com\/avatar\/82aafea7d8127119dd649515f56e2117?s=96&d=mm&r=g","caption":"rtnews"},"url":"https:\/\/now-news.de\/de\/author\/rnews\/"}]}},"_links":{"self":[{"href":"https:\/\/now-news.de\/de\/wp-json\/wp\/v2\/posts\/24005"}],"collection":[{"href":"https:\/\/now-news.de\/de\/wp-json\/wp\/v2\/posts"}],"about":[{"href":"https:\/\/now-news.de\/de\/wp-json\/wp\/v2\/types\/post"}],"author":[{"embeddable":true,"href":"https:\/\/now-news.de\/de\/wp-json\/wp\/v2\/users\/3"}],"replies":[{"embeddable":true,"href":"https:\/\/now-news.de\/de\/wp-json\/wp\/v2\/comments?post=24005"}],"version-history":[{"count":0,"href":"https:\/\/now-news.de\/de\/wp-json\/wp\/v2\/posts\/24005\/revisions"}],"wp:featuredmedia":[{"embeddable":true,"href":"https:\/\/now-news.de\/de\/wp-json\/wp\/v2\/media\/24006"}],"wp:attachment":[{"href":"https:\/\/now-news.de\/de\/wp-json\/wp\/v2\/media?parent=24005"}],"wp:term":[{"taxonomy":"category","embeddable":true,"href":"https:\/\/now-news.de\/de\/wp-json\/wp\/v2\/categories?post=24005"},{"taxonomy":"post_tag","embeddable":true,"href":"https:\/\/now-news.de\/de\/wp-json\/wp\/v2\/tags?post=24005"}],"curies":[{"name":"wp","href":"https:\/\/api.w.org\/{rel}","templated":true}]}}