{"id":23977,"date":"2022-11-24T23:00:21","date_gmt":"2022-11-24T21:00:21","guid":{"rendered":"http:\/\/just-now.news\/de\/deutschland\/cavusoglu-ueber-ausgang-des-ukraine-konflikts-so-oder-so-wird-er-am-verhandlungstisch-enden\/"},"modified":"2022-11-24T23:00:21","modified_gmt":"2022-11-24T21:00:21","slug":"cavusoglu-ueber-ausgang-des-ukraine-konflikts-so-oder-so-wird-er-am-verhandlungstisch-enden","status":"publish","type":"post","link":"https:\/\/now-news.de\/de\/deutschland\/cavusoglu-ueber-ausgang-des-ukraine-konflikts-so-oder-so-wird-er-am-verhandlungstisch-enden\/","title":{"rendered":"\u00c7avu\u015fo\u011flu \u00fcber Ausgang des Ukraine-Konflikts: &quot;So oder so wird er am Verhandlungstisch enden&quot;"},"content":{"rendered":"<p><img decoding=\"async\" src=\"http:\/\/just-now.news\/de\/wp-content\/uploads\/sites\/3\/2022\/11\/637f354b48fbef186c3273ae.jpg\" \/><\/p>\n<div class=\"Text-root Text-type_1 \">\n                Moskau und Kiew werden sich unbedingt an den Verhandlungstisch setzen m\u00fcssen, sagte der t\u00fcrkische Au\u00dfenminister Mevl\u00fct \u00c7avu\u015fo\u011flu. Sonst w\u00fcrden die Kampfhandlungen in der Ukraine jahrzehntelang andauern.\n            <\/div>\n<p><\/p>\n<div class=\"Text-root Text-type_5 ArticleView-text ViewText-root \">\n<p>Der t\u00fcrkische Au\u00dfenminister Mevl\u00fct \u00c7avu\u015fo\u011flu hat auf einer Veranstaltung in Ankara vor der &#8220;Gefahr eines jahrzehntelangen Krieges&#8221; in der Ukraine gewarnt. Dazu werde es kommen, wenn keine Gespr\u00e4che zwischen Moskau und Kiew stattfinden w\u00fcrden, sagte der Minister bei einem Auftritt an der Bilkent-Universit\u00e4t in Ankara.\u00a0 \u00a0\u00a0<\/p>\n<blockquote>\n<p><em>&#8220;Auf die eine oder andere Weise wird dieser Krieg am Verhandlungstisch enden. Wir glauben nicht, dass es mit milit\u00e4rischen\u00a0Vorteilen vor Ort enden wird.&#8221;<\/em><\/p>\n<\/blockquote>\n<p>\u00c7avu\u015fo\u011flu gab auch an, bei Gespr\u00e4chen in Istanbul im Fr\u00fchjahr seien Russland und die Ukraine &#8220;sehr nahe an einem Waffenstillstand&#8221; gewesen, bevor sie sich vom Verhandlungstisch wegbewegten. Seitdem gab es keine Verhandlungen zwischen den Konfliktparteien. Die Realit\u00e4t sei komplexer geworden, r\u00e4umte \u00c7avu\u015fo\u011flu ein. Ankara wolle sich weiter um eine diplomatische L\u00f6sung bem\u00fchen.<\/p>\n<p>&#8220;Ein NATO-Staat zu sein bedeutet nicht, dass wir keine Treffen mit Russland oder anderen Staaten veranstalten k\u00f6nnen&#8221;, erkl\u00e4rte der t\u00fcrkische Au\u00dfenminister. In dieser Hinsicht m\u00fcsse sein Land das Gleichgewicht halten. Die moderne Gegenwart bezeichnete er als ein &#8220;Zeitalter der Ungewissheit&#8221;. Ein nach dem Zusammenbruch der Sowjetunion entstandenes &#8220;unipolares System&#8221; habe sich als kurzlebig erwiesen. Eine &#8220;rasche Entwicklung\u00a0hin\u00a0zu einer\u00a0multipolaren\u00a0Welt&#8221; habe begonnen. \u00c7avu\u015fo\u011flu sprach dabei von einer globalen Suche nach einer Systemidentit\u00e4t.\u00a0<\/p>\n<p>Der russische Pr\u00e4sident Wladimir Putin hatte mehrmals erkl\u00e4rt, Russland sei f\u00fcr Verhandlungen mit der Ukraine ohne jegliche Vorbedingungen bereit. Kiew hat inzwischen Gespr\u00e4che mit dem russischen Staatschef jedoch verboten. Pr\u00e4sident Selenskij hatte Anfang Oktober ein entsprechendes Dekret unterzeichnet. Damit reagierte Kiew auf die Aufnahme der Gebiete Cherson und Saporoschje sowie der Volksrepubliken Donezk und Lugansk in die Russische F\u00f6deration. In den vergangenen Tagen hat es viele Spekulationen \u00fcber Vorbedingungen f\u00fcr Friedensgespr\u00e4che im Ukraine-Konflikt gegeben. Moskau betont stets seine Bereitschaft zum Dialog, aber ohne jegliche Vorbedingungen.<\/p>\n<p><strong>Mehr zum Thema<\/strong> &#8211; <a rel=\"nofollow noopener\" target=\"_blank\" href=\"https:\/\/de.rt.com\/russland\/155247-medwedew-erteilt-hoffnungen-auf-erschoepfung\/\">Medwedew erteilt Hoffnungen auf Ersch\u00f6pfung russischer Waffenbest\u00e4nde eine klare Absage<\/a><\/p>\n<div class=\"EmbedBlock-root EmbedBlock-externalVideo EmbedBlock-vk\">\n<div class=\"VkEmbed\"><iframe class=\"lazyload\" data-src=\"https:\/\/vk.com\/video_ext.php?oid=-134310637&amp;id=456260580&amp;hash=c8d26169c39a239f\" frameborder=\"0\" width=\"853\" height=\"480\" allowfullscreen><\/iframe><\/div>\n<\/div>\n<\/div>\n<p><br \/>\n<br \/><a href=\"https:\/\/de.rt.com\/international\/155310-cavusoglu-ueber-ausgang-ukraine-konflikts\/\">Source link <\/a><\/p>\n","protected":false},"excerpt":{"rendered":"<p>Moskau und Kiew werden sich unbedingt an den Verhandlungstisch setzen m\u00fcssen, sagte der t\u00fcrkische Au\u00dfenminister Mevl\u00fct \u00c7avu\u015fo\u011flu. Sonst w\u00fcrden die Kampfhandlungen in der Ukraine jahrzehntelang andauern. Der t\u00fcrkische Au\u00dfenminister Mevl\u00fct \u00c7avu\u015fo\u011flu hat auf einer Veranstaltung in Ankara vor der &#8220;Gefahr eines jahrzehntelangen Krieges&#8221; in der Ukraine gewarnt. Dazu werde es kommen, wenn keine Gespr\u00e4che zwischen [&hellip;]<\/p>\n","protected":false},"author":3,"featured_media":23978,"comment_status":"open","ping_status":"open","sticky":false,"template":"","format":"standard","meta":{"_yoast_indexnow_last_ping":["1669323778"],"wp_automatic_camp":["217"],"c2a1d097e16e95057f5b1e8074e0947e":["\u00c7avu\u015fo\u011flu \u00fcber Ausgang des Ukraine-Konflikts: &quot;So oder so wird er am Verhandlungstisch enden&quot;"],"original_link":["https:\/\/de.rt.com\/international\/155310-cavusoglu-ueber-ausgang-ukraine-konflikts\/"],"_thumbnail_id":["23978"],"_wptgpro_p2tg_sent2tg":["a:1:{i:23737;s:19:\"2022-11-24 23:04:01\";}"],"jnews_social_counter_last_update":["1777796903"]},"categories":[19,23],"tags":[23211,30909,583,36443,268,25071,139,26440,35326,374],"yoast_head":"<!-- This site is optimized with the Yoast SEO Premium plugin v22.7 (Yoast SEO v22.7) - https:\/\/yoast.com\/wordpress\/plugins\/seo\/ -->\n<title>\u00c7avu\u015fo\u011flu \u00fcber Ausgang des Ukraine-Konflikts: &quot;So oder so wird er am Verhandlungstisch enden&quot; - just-now.NEWS Deutschland<\/title>\n<meta name=\"robots\" content=\"index, follow, max-snippet:-1, max-image-preview:large, max-video-preview:-1\" \/>\n<link rel=\"canonical\" href=\"https:\/\/now-news.de\/de\/deutschland\/cavusoglu-ueber-ausgang-des-ukraine-konflikts-so-oder-so-wird-er-am-verhandlungstisch-enden\/\" \/>\n<meta property=\"og:locale\" content=\"de_DE\" \/>\n<meta property=\"og:type\" content=\"article\" \/>\n<meta property=\"og:title\" content=\"\u00c7avu\u015fo\u011flu \u00fcber Ausgang des Ukraine-Konflikts: &quot;So oder so wird er am Verhandlungstisch enden&quot;\" \/>\n<meta property=\"og:description\" content=\"Moskau und Kiew werden sich unbedingt an den Verhandlungstisch setzen m\u00fcssen, sagte der t\u00fcrkische Au\u00dfenminister Mevl\u00fct \u00c7avu\u015fo\u011flu. Sonst w\u00fcrden die Kampfhandlungen in der Ukraine jahrzehntelang andauern. Der t\u00fcrkische Au\u00dfenminister Mevl\u00fct \u00c7avu\u015fo\u011flu hat auf einer Veranstaltung in Ankara vor der &#8220;Gefahr eines jahrzehntelangen Krieges&#8221; in der Ukraine gewarnt. Dazu werde es kommen, wenn keine Gespr\u00e4che zwischen [&hellip;]\" \/>\n<meta property=\"og:url\" content=\"https:\/\/now-news.de\/de\/deutschland\/cavusoglu-ueber-ausgang-des-ukraine-konflikts-so-oder-so-wird-er-am-verhandlungstisch-enden\/\" \/>\n<meta property=\"og:site_name\" content=\"just-now.NEWS Deutschland\" \/>\n<meta property=\"article:publisher\" content=\"https:\/\/www.facebook.com\/wirmachenauf\" \/>\n<meta property=\"article:published_time\" content=\"2022-11-24T21:00:21+00:00\" \/>\n<meta property=\"og:image\" content=\"https:\/\/now-news.de\/de\/wp-content\/uploads\/sites\/3\/2022\/11\/Cavusoglu-ueber-Ausgang-des-Ukraine-Konflikts-quotSo-oder-so-wird-er.jpg\" \/>\n\t<meta property=\"og:image:width\" content=\"460\" \/>\n\t<meta property=\"og:image:height\" content=\"259\" \/>\n\t<meta property=\"og:image:type\" content=\"image\/jpeg\" \/>\n<meta name=\"author\" content=\"rtnews\" \/>\n<meta name=\"twitter:card\" content=\"summary_large_image\" \/>\n<meta name=\"twitter:creator\" content=\"@WirMachenAuf_de\" \/>\n<meta name=\"twitter:site\" content=\"@WirMachenAuf_de\" \/>\n<meta name=\"twitter:label1\" content=\"Verfasst von\" \/>\n\t<meta name=\"twitter:data1\" content=\"rtnews\" \/>\n\t<meta name=\"twitter:label2\" content=\"Gesch\u00e4tzte Lesezeit\" \/>\n\t<meta name=\"twitter:data2\" content=\"2\u00a0Minuten\" \/>\n<script type=\"application\/ld+json\" class=\"yoast-schema-graph\">{\"@context\":\"https:\/\/schema.org\",\"@graph\":[{\"@type\":\"Article\",\"@id\":\"https:\/\/now-news.de\/de\/deutschland\/cavusoglu-ueber-ausgang-des-ukraine-konflikts-so-oder-so-wird-er-am-verhandlungstisch-enden\/#article\",\"isPartOf\":{\"@id\":\"https:\/\/now-news.de\/de\/deutschland\/cavusoglu-ueber-ausgang-des-ukraine-konflikts-so-oder-so-wird-er-am-verhandlungstisch-enden\/\"},\"author\":{\"name\":\"rtnews\",\"@id\":\"https:\/\/now-news.de\/de\/#\/schema\/person\/fb534a4e865501d8b3285208df34a9b5\"},\"headline\":\"\u00c7avu\u015fo\u011flu \u00fcber Ausgang des Ukraine-Konflikts: &quot;So oder so wird er am Verhandlungstisch enden&quot;\",\"datePublished\":\"2022-11-24T21:00:21+00:00\",\"dateModified\":\"2022-11-24T21:00:21+00:00\",\"mainEntityOfPage\":{\"@id\":\"https:\/\/now-news.de\/de\/deutschland\/cavusoglu-ueber-ausgang-des-ukraine-konflikts-so-oder-so-wird-er-am-verhandlungstisch-enden\/\"},\"wordCount\":384,\"commentCount\":0,\"publisher\":{\"@id\":\"https:\/\/now-news.de\/de\/#organization\"},\"image\":{\"@id\":\"https:\/\/now-news.de\/de\/deutschland\/cavusoglu-ueber-ausgang-des-ukraine-konflikts-so-oder-so-wird-er-am-verhandlungstisch-enden\/#primaryimage\"},\"thumbnailUrl\":\"https:\/\/now-news.de\/de\/wp-content\/uploads\/sites\/3\/2022\/11\/Cavusoglu-ueber-Ausgang-des-Ukraine-Konflikts-quotSo-oder-so-wird-er.jpg\",\"keywords\":[\"Ausgang\",\"\u00c7avu\u015fo\u011flu\",\"des\",\"endenquot\",\"oder\",\"quotSo\",\"\u00fcber\",\"UkraineKonflikts\",\"Verhandlungstisch\",\"wird\"],\"articleSection\":[\"Deutschland\",\"Russland\"],\"inLanguage\":\"de\",\"potentialAction\":[{\"@type\":\"CommentAction\",\"name\":\"Comment\",\"target\":[\"https:\/\/now-news.de\/de\/deutschland\/cavusoglu-ueber-ausgang-des-ukraine-konflikts-so-oder-so-wird-er-am-verhandlungstisch-enden\/#respond\"]}]},{\"@type\":\"WebPage\",\"@id\":\"https:\/\/now-news.de\/de\/deutschland\/cavusoglu-ueber-ausgang-des-ukraine-konflikts-so-oder-so-wird-er-am-verhandlungstisch-enden\/\",\"url\":\"https:\/\/now-news.de\/de\/deutschland\/cavusoglu-ueber-ausgang-des-ukraine-konflikts-so-oder-so-wird-er-am-verhandlungstisch-enden\/\",\"name\":\"\u00c7avu\u015fo\u011flu \u00fcber Ausgang des Ukraine-Konflikts: &quot;So oder so wird er am Verhandlungstisch enden&quot; - just-now.NEWS Deutschland\",\"isPartOf\":{\"@id\":\"https:\/\/now-news.de\/de\/#website\"},\"primaryImageOfPage\":{\"@id\":\"https:\/\/now-news.de\/de\/deutschland\/cavusoglu-ueber-ausgang-des-ukraine-konflikts-so-oder-so-wird-er-am-verhandlungstisch-enden\/#primaryimage\"},\"image\":{\"@id\":\"https:\/\/now-news.de\/de\/deutschland\/cavusoglu-ueber-ausgang-des-ukraine-konflikts-so-oder-so-wird-er-am-verhandlungstisch-enden\/#primaryimage\"},\"thumbnailUrl\":\"https:\/\/now-news.de\/de\/wp-content\/uploads\/sites\/3\/2022\/11\/Cavusoglu-ueber-Ausgang-des-Ukraine-Konflikts-quotSo-oder-so-wird-er.jpg\",\"datePublished\":\"2022-11-24T21:00:21+00:00\",\"dateModified\":\"2022-11-24T21:00:21+00:00\",\"breadcrumb\":{\"@id\":\"https:\/\/now-news.de\/de\/deutschland\/cavusoglu-ueber-ausgang-des-ukraine-konflikts-so-oder-so-wird-er-am-verhandlungstisch-enden\/#breadcrumb\"},\"inLanguage\":\"de\",\"potentialAction\":[{\"@type\":\"ReadAction\",\"target\":[\"https:\/\/now-news.de\/de\/deutschland\/cavusoglu-ueber-ausgang-des-ukraine-konflikts-so-oder-so-wird-er-am-verhandlungstisch-enden\/\"]}]},{\"@type\":\"ImageObject\",\"inLanguage\":\"de\",\"@id\":\"https:\/\/now-news.de\/de\/deutschland\/cavusoglu-ueber-ausgang-des-ukraine-konflikts-so-oder-so-wird-er-am-verhandlungstisch-enden\/#primaryimage\",\"url\":\"https:\/\/now-news.de\/de\/wp-content\/uploads\/sites\/3\/2022\/11\/Cavusoglu-ueber-Ausgang-des-Ukraine-Konflikts-quotSo-oder-so-wird-er.jpg\",\"contentUrl\":\"https:\/\/now-news.de\/de\/wp-content\/uploads\/sites\/3\/2022\/11\/Cavusoglu-ueber-Ausgang-des-Ukraine-Konflikts-quotSo-oder-so-wird-er.jpg\",\"width\":460,\"height\":259,\"caption\":\"\u00c7avu\u015fo\u011flu \u00fcber Ausgang des Ukraine-Konflikts: &quot;So oder so wird er am Verhandlungstisch enden&quot;\"},{\"@type\":\"BreadcrumbList\",\"@id\":\"https:\/\/now-news.de\/de\/deutschland\/cavusoglu-ueber-ausgang-des-ukraine-konflikts-so-oder-so-wird-er-am-verhandlungstisch-enden\/#breadcrumb\",\"itemListElement\":[{\"@type\":\"ListItem\",\"position\":1,\"name\":\"Home\",\"item\":\"https:\/\/now-news.de\/de\/\"},{\"@type\":\"ListItem\",\"position\":2,\"name\":\"\u00c7avu\u015fo\u011flu \u00fcber Ausgang des Ukraine-Konflikts: &quot;So oder so wird er am Verhandlungstisch enden&quot;\"}]},{\"@type\":\"WebSite\",\"@id\":\"https:\/\/now-news.de\/de\/#website\",\"url\":\"https:\/\/now-news.de\/de\/\",\"name\":\"just-now.NEWS Deutschland\",\"description\":\"Das Portal f\u00fcr unzensierte Nachrichten aus der Welt\",\"publisher\":{\"@id\":\"https:\/\/now-news.de\/de\/#organization\"},\"potentialAction\":[{\"@type\":\"SearchAction\",\"target\":{\"@type\":\"EntryPoint\",\"urlTemplate\":\"https:\/\/now-news.de\/de\/?s={search_term_string}\"},\"query-input\":\"required name=search_term_string\"}],\"inLanguage\":\"de\"},{\"@type\":\"Organization\",\"@id\":\"https:\/\/now-news.de\/de\/#organization\",\"name\":\"Just Now News\",\"url\":\"https:\/\/now-news.de\/de\/\",\"logo\":{\"@type\":\"ImageObject\",\"inLanguage\":\"de\",\"@id\":\"https:\/\/now-news.de\/de\/#\/schema\/logo\/image\/\",\"url\":\"http:\/\/just-now.news\/de\/wp-content\/uploads\/sites\/3\/2022\/04\/logo500x500.jpg\",\"contentUrl\":\"http:\/\/just-now.news\/de\/wp-content\/uploads\/sites\/3\/2022\/04\/logo500x500.jpg\",\"width\":500,\"height\":500,\"caption\":\"Just Now News\"},\"image\":{\"@id\":\"https:\/\/now-news.de\/de\/#\/schema\/logo\/image\/\"},\"sameAs\":[\"https:\/\/www.facebook.com\/wirmachenauf\",\"https:\/\/x.com\/WirMachenAuf_de\"]},{\"@type\":\"Person\",\"@id\":\"https:\/\/now-news.de\/de\/#\/schema\/person\/fb534a4e865501d8b3285208df34a9b5\",\"name\":\"rtnews\",\"image\":{\"@type\":\"ImageObject\",\"inLanguage\":\"de\",\"@id\":\"https:\/\/now-news.de\/de\/#\/schema\/person\/image\/\",\"url\":\"https:\/\/secure.gravatar.com\/avatar\/82aafea7d8127119dd649515f56e2117?s=96&d=mm&r=g\",\"contentUrl\":\"https:\/\/secure.gravatar.com\/avatar\/82aafea7d8127119dd649515f56e2117?s=96&d=mm&r=g\",\"caption\":\"rtnews\"},\"url\":\"https:\/\/now-news.de\/de\/author\/rnews\/\"}]}<\/script>\n<!-- \/ Yoast SEO Premium plugin. -->","yoast_head_json":{"title":"\u00c7avu\u015fo\u011flu \u00fcber Ausgang des Ukraine-Konflikts: &quot;So oder so wird er am Verhandlungstisch enden&quot; - just-now.NEWS Deutschland","robots":{"index":"index","follow":"follow","max-snippet":"max-snippet:-1","max-image-preview":"max-image-preview:large","max-video-preview":"max-video-preview:-1"},"canonical":"https:\/\/now-news.de\/de\/deutschland\/cavusoglu-ueber-ausgang-des-ukraine-konflikts-so-oder-so-wird-er-am-verhandlungstisch-enden\/","og_locale":"de_DE","og_type":"article","og_title":"\u00c7avu\u015fo\u011flu \u00fcber Ausgang des Ukraine-Konflikts: &quot;So oder so wird er am Verhandlungstisch enden&quot;","og_description":"Moskau und Kiew werden sich unbedingt an den Verhandlungstisch setzen m\u00fcssen, sagte der t\u00fcrkische Au\u00dfenminister Mevl\u00fct \u00c7avu\u015fo\u011flu. Sonst w\u00fcrden die Kampfhandlungen in der Ukraine jahrzehntelang andauern. Der t\u00fcrkische Au\u00dfenminister Mevl\u00fct \u00c7avu\u015fo\u011flu hat auf einer Veranstaltung in Ankara vor der &#8220;Gefahr eines jahrzehntelangen Krieges&#8221; in der Ukraine gewarnt. Dazu werde es kommen, wenn keine Gespr\u00e4che zwischen [&hellip;]","og_url":"https:\/\/now-news.de\/de\/deutschland\/cavusoglu-ueber-ausgang-des-ukraine-konflikts-so-oder-so-wird-er-am-verhandlungstisch-enden\/","og_site_name":"just-now.NEWS Deutschland","article_publisher":"https:\/\/www.facebook.com\/wirmachenauf","article_published_time":"2022-11-24T21:00:21+00:00","og_image":[{"width":460,"height":259,"url":"https:\/\/now-news.de\/de\/wp-content\/uploads\/sites\/3\/2022\/11\/Cavusoglu-ueber-Ausgang-des-Ukraine-Konflikts-quotSo-oder-so-wird-er.jpg","type":"image\/jpeg"}],"author":"rtnews","twitter_card":"summary_large_image","twitter_creator":"@WirMachenAuf_de","twitter_site":"@WirMachenAuf_de","twitter_misc":{"Verfasst von":"rtnews","Gesch\u00e4tzte Lesezeit":"2\u00a0Minuten"},"schema":{"@context":"https:\/\/schema.org","@graph":[{"@type":"Article","@id":"https:\/\/now-news.de\/de\/deutschland\/cavusoglu-ueber-ausgang-des-ukraine-konflikts-so-oder-so-wird-er-am-verhandlungstisch-enden\/#article","isPartOf":{"@id":"https:\/\/now-news.de\/de\/deutschland\/cavusoglu-ueber-ausgang-des-ukraine-konflikts-so-oder-so-wird-er-am-verhandlungstisch-enden\/"},"author":{"name":"rtnews","@id":"https:\/\/now-news.de\/de\/#\/schema\/person\/fb534a4e865501d8b3285208df34a9b5"},"headline":"\u00c7avu\u015fo\u011flu \u00fcber Ausgang des Ukraine-Konflikts: &quot;So oder so wird er am Verhandlungstisch enden&quot;","datePublished":"2022-11-24T21:00:21+00:00","dateModified":"2022-11-24T21:00:21+00:00","mainEntityOfPage":{"@id":"https:\/\/now-news.de\/de\/deutschland\/cavusoglu-ueber-ausgang-des-ukraine-konflikts-so-oder-so-wird-er-am-verhandlungstisch-enden\/"},"wordCount":384,"commentCount":0,"publisher":{"@id":"https:\/\/now-news.de\/de\/#organization"},"image":{"@id":"https:\/\/now-news.de\/de\/deutschland\/cavusoglu-ueber-ausgang-des-ukraine-konflikts-so-oder-so-wird-er-am-verhandlungstisch-enden\/#primaryimage"},"thumbnailUrl":"https:\/\/now-news.de\/de\/wp-content\/uploads\/sites\/3\/2022\/11\/Cavusoglu-ueber-Ausgang-des-Ukraine-Konflikts-quotSo-oder-so-wird-er.jpg","keywords":["Ausgang","\u00c7avu\u015fo\u011flu","des","endenquot","oder","quotSo","\u00fcber","UkraineKonflikts","Verhandlungstisch","wird"],"articleSection":["Deutschland","Russland"],"inLanguage":"de","potentialAction":[{"@type":"CommentAction","name":"Comment","target":["https:\/\/now-news.de\/de\/deutschland\/cavusoglu-ueber-ausgang-des-ukraine-konflikts-so-oder-so-wird-er-am-verhandlungstisch-enden\/#respond"]}]},{"@type":"WebPage","@id":"https:\/\/now-news.de\/de\/deutschland\/cavusoglu-ueber-ausgang-des-ukraine-konflikts-so-oder-so-wird-er-am-verhandlungstisch-enden\/","url":"https:\/\/now-news.de\/de\/deutschland\/cavusoglu-ueber-ausgang-des-ukraine-konflikts-so-oder-so-wird-er-am-verhandlungstisch-enden\/","name":"\u00c7avu\u015fo\u011flu \u00fcber Ausgang des Ukraine-Konflikts: &quot;So oder so wird er am Verhandlungstisch enden&quot; - just-now.NEWS Deutschland","isPartOf":{"@id":"https:\/\/now-news.de\/de\/#website"},"primaryImageOfPage":{"@id":"https:\/\/now-news.de\/de\/deutschland\/cavusoglu-ueber-ausgang-des-ukraine-konflikts-so-oder-so-wird-er-am-verhandlungstisch-enden\/#primaryimage"},"image":{"@id":"https:\/\/now-news.de\/de\/deutschland\/cavusoglu-ueber-ausgang-des-ukraine-konflikts-so-oder-so-wird-er-am-verhandlungstisch-enden\/#primaryimage"},"thumbnailUrl":"https:\/\/now-news.de\/de\/wp-content\/uploads\/sites\/3\/2022\/11\/Cavusoglu-ueber-Ausgang-des-Ukraine-Konflikts-quotSo-oder-so-wird-er.jpg","datePublished":"2022-11-24T21:00:21+00:00","dateModified":"2022-11-24T21:00:21+00:00","breadcrumb":{"@id":"https:\/\/now-news.de\/de\/deutschland\/cavusoglu-ueber-ausgang-des-ukraine-konflikts-so-oder-so-wird-er-am-verhandlungstisch-enden\/#breadcrumb"},"inLanguage":"de","potentialAction":[{"@type":"ReadAction","target":["https:\/\/now-news.de\/de\/deutschland\/cavusoglu-ueber-ausgang-des-ukraine-konflikts-so-oder-so-wird-er-am-verhandlungstisch-enden\/"]}]},{"@type":"ImageObject","inLanguage":"de","@id":"https:\/\/now-news.de\/de\/deutschland\/cavusoglu-ueber-ausgang-des-ukraine-konflikts-so-oder-so-wird-er-am-verhandlungstisch-enden\/#primaryimage","url":"https:\/\/now-news.de\/de\/wp-content\/uploads\/sites\/3\/2022\/11\/Cavusoglu-ueber-Ausgang-des-Ukraine-Konflikts-quotSo-oder-so-wird-er.jpg","contentUrl":"https:\/\/now-news.de\/de\/wp-content\/uploads\/sites\/3\/2022\/11\/Cavusoglu-ueber-Ausgang-des-Ukraine-Konflikts-quotSo-oder-so-wird-er.jpg","width":460,"height":259,"caption":"\u00c7avu\u015fo\u011flu \u00fcber Ausgang des Ukraine-Konflikts: &quot;So oder so wird er am Verhandlungstisch enden&quot;"},{"@type":"BreadcrumbList","@id":"https:\/\/now-news.de\/de\/deutschland\/cavusoglu-ueber-ausgang-des-ukraine-konflikts-so-oder-so-wird-er-am-verhandlungstisch-enden\/#breadcrumb","itemListElement":[{"@type":"ListItem","position":1,"name":"Home","item":"https:\/\/now-news.de\/de\/"},{"@type":"ListItem","position":2,"name":"\u00c7avu\u015fo\u011flu \u00fcber Ausgang des Ukraine-Konflikts: &quot;So oder so wird er am Verhandlungstisch enden&quot;"}]},{"@type":"WebSite","@id":"https:\/\/now-news.de\/de\/#website","url":"https:\/\/now-news.de\/de\/","name":"just-now.NEWS Deutschland","description":"Das Portal f\u00fcr unzensierte Nachrichten aus der Welt","publisher":{"@id":"https:\/\/now-news.de\/de\/#organization"},"potentialAction":[{"@type":"SearchAction","target":{"@type":"EntryPoint","urlTemplate":"https:\/\/now-news.de\/de\/?s={search_term_string}"},"query-input":"required name=search_term_string"}],"inLanguage":"de"},{"@type":"Organization","@id":"https:\/\/now-news.de\/de\/#organization","name":"Just Now News","url":"https:\/\/now-news.de\/de\/","logo":{"@type":"ImageObject","inLanguage":"de","@id":"https:\/\/now-news.de\/de\/#\/schema\/logo\/image\/","url":"http:\/\/just-now.news\/de\/wp-content\/uploads\/sites\/3\/2022\/04\/logo500x500.jpg","contentUrl":"http:\/\/just-now.news\/de\/wp-content\/uploads\/sites\/3\/2022\/04\/logo500x500.jpg","width":500,"height":500,"caption":"Just Now News"},"image":{"@id":"https:\/\/now-news.de\/de\/#\/schema\/logo\/image\/"},"sameAs":["https:\/\/www.facebook.com\/wirmachenauf","https:\/\/x.com\/WirMachenAuf_de"]},{"@type":"Person","@id":"https:\/\/now-news.de\/de\/#\/schema\/person\/fb534a4e865501d8b3285208df34a9b5","name":"rtnews","image":{"@type":"ImageObject","inLanguage":"de","@id":"https:\/\/now-news.de\/de\/#\/schema\/person\/image\/","url":"https:\/\/secure.gravatar.com\/avatar\/82aafea7d8127119dd649515f56e2117?s=96&d=mm&r=g","contentUrl":"https:\/\/secure.gravatar.com\/avatar\/82aafea7d8127119dd649515f56e2117?s=96&d=mm&r=g","caption":"rtnews"},"url":"https:\/\/now-news.de\/de\/author\/rnews\/"}]}},"_links":{"self":[{"href":"https:\/\/now-news.de\/de\/wp-json\/wp\/v2\/posts\/23977"}],"collection":[{"href":"https:\/\/now-news.de\/de\/wp-json\/wp\/v2\/posts"}],"about":[{"href":"https:\/\/now-news.de\/de\/wp-json\/wp\/v2\/types\/post"}],"author":[{"embeddable":true,"href":"https:\/\/now-news.de\/de\/wp-json\/wp\/v2\/users\/3"}],"replies":[{"embeddable":true,"href":"https:\/\/now-news.de\/de\/wp-json\/wp\/v2\/comments?post=23977"}],"version-history":[{"count":0,"href":"https:\/\/now-news.de\/de\/wp-json\/wp\/v2\/posts\/23977\/revisions"}],"wp:featuredmedia":[{"embeddable":true,"href":"https:\/\/now-news.de\/de\/wp-json\/wp\/v2\/media\/23978"}],"wp:attachment":[{"href":"https:\/\/now-news.de\/de\/wp-json\/wp\/v2\/media?parent=23977"}],"wp:term":[{"taxonomy":"category","embeddable":true,"href":"https:\/\/now-news.de\/de\/wp-json\/wp\/v2\/categories?post=23977"},{"taxonomy":"post_tag","embeddable":true,"href":"https:\/\/now-news.de\/de\/wp-json\/wp\/v2\/tags?post=23977"}],"curies":[{"name":"wp","href":"https:\/\/api.w.org\/{rel}","templated":true}]}}