{"id":23928,"date":"2022-11-24T15:55:00","date_gmt":"2022-11-24T13:55:00","guid":{"rendered":"https:\/\/just-now.news\/de\/deutschland\/liveticker-ukraine-krieg-ukrainische-sicherheitsbehoerden-nehmen-evakuierungshelfer-aus-cherson-fest\/"},"modified":"2022-11-24T15:55:00","modified_gmt":"2022-11-24T13:55:00","slug":"liveticker-ukraine-krieg-ukrainische-sicherheitsbehoerden-nehmen-evakuierungshelfer-aus-cherson-fest","status":"publish","type":"post","link":"https:\/\/now-news.de\/de\/deutschland\/liveticker-ukraine-krieg-ukrainische-sicherheitsbehoerden-nehmen-evakuierungshelfer-aus-cherson-fest\/","title":{"rendered":"Liveticker Ukraine-Krieg: Ukrainische Sicherheitsbeh\u00f6rden nehmen Evakuierungshelfer aus Cherson fest"},"content":{"rendered":"<div class=\"Text-root Text-type_1 \">\n                Russland f\u00fchrt gemeinsam mit den Streitkr\u00e4ften der Donbass-Republiken eine Milit\u00e4roperation in der Ukraine durch. Der Westen reagiert mit immer neuen Waffenlieferungen an die Ukraine und beispiellosen Sanktionen gegen Russland. Hier lesen Sie die neuesten Entwicklungen.\n            <\/div>\n<p><\/p>\n<div class=\"ArticleView-liveUpdates\">\n<div class=\"LiveUpdates-root\">\n<div class=\"LiveUpdates-content\">\n<ul class=\"LiveUpdates-list Listing-root\" data-listing=\"LiveUpdates\" data-count=\"10\">\n<li class=\"LiveUpdates-item Listing-item\">\n<div class=\"LiveUpdates-date\">\n<p class=\"HeaderNews-root HeaderNews-type_2 \">\n                24.11.2022 14:57 Uhr\n            <\/p>\n<\/div>\n<div class=\"LiveUpdate-root\">\n<div class=\"LiveUpdate-date\">\n<p class=\"HeaderNews-root HeaderNews-type_6 \">\n                14:57 Uhr\n            <\/p>\n<\/div>\n<div class=\"LiveUpdate-content\">\n<div class=\"LiveUpdate-text\">\n<div class=\"Text-root Text-type_5 ViewText-root\">\n<p><strong>Klitschko\u00a0meldet Wiederherstellung der Wasserversorgung in Kiew<\/strong><\/p>\n<figure class=\"RTImage-root\">\n<div class=\"RTImage-image RTImage-original\"><picture class=\"Picture-root Picture-original\"><!--[if IE 9]><video style=\"display: none;\"><![endif]--><source media=\"(-webkit-min-device-pixel-ratio: 2) and (min-resolution: 120dpi)\" data-srcset=\" \nhttp:\/\/just-now.news\/de\/wp-content\/uploads\/sites\/3\/2022\/11\/637f644f48fbef2780452e72.jpg 850w,\n                http:\/\/just-now.news\/de\/wp-content\/uploads\/sites\/3\/2022\/11\/637f644e48fbef2780452e71.jpg 1960w,\n            \" ><source data-srcset=\" \nhttp:\/\/just-now.news\/de\/wp-content\/uploads\/sites\/3\/2022\/11\/637f644f48fbef2780452e72.jpg 460w,\n              http:\/\/just-now.news\/de\/wp-content\/uploads\/sites\/3\/2022\/11\/637f644e48fbef2780452e71.jpg 980w,\n            \" ><!--[if IE 9]><\/video><![endif]--><img decoding=\"async\" data- src=\"data:image\/png;base64,iVBORw0KGgoAAAANSUhEUgAAABAAAAAJCAQAAACRI2S5AAAAEElEQVR42mNkIAAYRxWAAQAG9gAKqv6+AwAAAABJRU5ErkJggg==\" class=\"Picture-root Picture-original lazyload\" data-src=\"http:\/\/just-now.news\/de\/wp-content\/uploads\/sites\/3\/2022\/11\/637f644f48fbef2780452e72.jpg\" alt=\"\"><\/source><\/source><\/picture><!-- noscript pattern --><noscript><img decoding=\"async\" src=\"http:\/\/just-now.news\/de\/wp-content\/uploads\/sites\/3\/2022\/11\/637f644e48fbef2780452e71.jpg\" alt=\"\"><\/noscript><\/div><figcaption class=\"RTImage-footer\"><span class=\"RTImage-caption\"><span class=\"RTImage-captionItem\">(Symbolbild)<\/span><\/span><span class=\"RTImage-source\"><span class=\"RTImage-captionItem\">Maxim Bogodwid<\/span><span class=\"RTImage-captionItem\"> \/ Sputnik<\/span><\/span><\/figcaption><\/figure>\n<p>Die Wasserversorgung sei in allen Bezirken Kiews wiederhergestellt, aber es brauche Zeit, um die Systeme mit Wasser zu f\u00fcllen, sagte B\u00fcrgermeister Witali Klitschko. Auf seinem Telegram-Kanal <a rel=\"nofollow noopener\" target=\"_blank\" href=\"https:\/\/t.me\/vitaliy_klitschko\/1638\">schrieb<\/a> er:<strong><\/strong><\/p>\n<p><em>&#8220;Die Wasserversorgung wurde in allen Bezirken der Hauptstadt wiederhergestellt. Es wird jedoch noch einige Zeit dauern, bis das Wasserversorgungssystem mit voller Kapazit\u00e4t arbeitet. Nun kann es sein, dass einige Verbraucher immer noch einen niedrigen Wasserdruck im System haben. Vor allem f\u00fcr die Kiewer, die in den oberen Etagen von Hochh\u00e4usern wohnen.&#8221;<\/em><\/p>\n<p>Klitschko f\u00fcgte hinzu, dass die Spezialisten des Kiewer Wasserversorgungsunternehmens Kiewwodokanal alles tun w\u00fcrden, um die Situation so schnell wie m\u00f6glich zu stabilisieren.<\/p>\n<p>Zuvor war berichtet worden, dass 25 Prozent des Wohnungsbestands in Kiew im Notabschaltungsmodus ohne Strom sei.<\/p>\n<\/div>\n<\/div>\n<\/div>\n<\/div>\n<\/li>\n<li class=\"LiveUpdates-item Listing-item\">\n<div class=\"LiveUpdate-root\">\n<div class=\"LiveUpdate-date\">\n<p class=\"HeaderNews-root HeaderNews-type_6 \">\n                14:30 Uhr\n            <\/p>\n<\/div>\n<div class=\"LiveUpdate-content\">\n<div class=\"LiveUpdate-text\">\n<div class=\"Text-root Text-type_5 ViewText-root\">\n<p><strong>DVR-Chef Puschilin k\u00fcndigt Gefangenenaustausch im Format 50 gegen 50 an<\/strong><\/p>\n<p>Der kommissarische Chef der Donezker Volksrepublik, Denis Puschilin, hat f\u00fcr den 24. November einen weiteren Gefangenenaustausch mit der Ukraine angek\u00fcndigt. Der Politiker <a rel=\"nofollow noopener\" target=\"_blank\" href=\"https:\/\/t.me\/pushilindenis\/2934\">ver\u00f6ffentlichte<\/a>\u00a0Informationen dar\u00fcber auf seinem Telegram-Kanal:<\/p>\n<p><em>&#8220;Heute bringen wir 50 unserer russischen K\u00e4mpfer aus den ukrainischen Folterkammern zur\u00fcck. Die gleiche Zahl geben wir der Ukraine frei.&#8221;<\/em><\/p>\n<p>Am Vortag hatte es ebenfalls einen Gefangenenaustausch mit Kiew gegeben \u2013 nach der Formel 35 gegen 35. Ein Video mit den zur\u00fcckkehrenden russischen Milit\u00e4rangeh\u00f6rigen <a rel=\"nofollow noopener\" target=\"_blank\" href=\"https:\/\/t.me\/saraliev\/975\">wurde<\/a>\u00a0gestern von dem Staatsduma-Abgeordneten Schamsail Saralijew\u00a0verbreitet.<\/p>\n<p>Noch vor Puschilins Meldung <a rel=\"nofollow noopener\" target=\"_blank\" href=\"https:\/\/t.me\/readovkanews\/47582\">hatte<\/a>\u00a0heute das russische Nachrichtenportal <em>Readovka <\/em>mitgeteilt,<em><\/em>dass Russland und die Ukraine einen Gefangenenaustausch diskutiert h\u00e4tten. An den Gespr\u00e4chen seien auf ukrainischer Seite Vertreter der US-Geheimdienste beteiligt gewesen, hie\u00df es.<\/p>\n<\/div>\n<\/div>\n<\/div>\n<\/div>\n<\/li>\n<li class=\"LiveUpdates-item Listing-item\">\n<div class=\"LiveUpdate-root\">\n<div class=\"LiveUpdate-date\">\n<p class=\"HeaderNews-root HeaderNews-type_6 \">\n                13:56 Uhr\n            <\/p>\n<\/div>\n<div class=\"LiveUpdate-content\">\n<div class=\"LiveUpdate-text\">\n<div class=\"Text-root Text-type_5 ViewText-root\">\n<p><strong>SBU nimmt Besitzer einer Bootsstation fest, der Menschen zum linken Dnjepr-Ufer \u00fcberf\u00fchrte<\/strong><\/p>\n<p>Der ukrainische Sicherheitsdienst (SBU) teilte mit, dass der Besitzer einer Bootsstation in Cherson, mit deren Hilfe die Bewohner w\u00e4hrend der Evakuierung an das linke Ufer des Dnjepr gelangten, festgenommen wurde. Auf dem <a rel=\"nofollow noopener\" target=\"_blank\" href=\"https:\/\/t.me\/SBUkr\/5880\">Telegram<\/a>-Kanal des SBU hie\u00df es:<strong><\/strong><\/p>\n<p><em>&#8220;Der Sicherheitsdienst hat bei Stabilisierungsma\u00dfnahmen im befreiten Cherson einen weiteren Komplizen der Besatzer enttarnt. Es stellte sich heraus, dass es sich um den Besitzer einer \u00f6rtlichen Sportbootstation handelte, der den Angreifern bei der Flucht vor einem Gegenangriff der Verteidigungskr\u00e4fte im S\u00fcden geholfen hatte. Zu diesem Zweck \u00fcbergab er den Angreifern freiwillig sechs Sportboote mit einer Kapazit\u00e4t von jeweils 30 Passagierpl\u00e4tzen.&#8221;<\/em><\/p>\n<p>Nach Angaben der Beh\u00f6rde wurde gegen den Mann ein Strafverfahren wegen &#8220;Beihilfe f\u00fcr den\u00a0Aggressorstaat&#8221; eingeleitet. Der Artikel sieht eine Strafe von bis zu zw\u00f6lf Jahren Gef\u00e4ngnis vor.<\/p>\n<\/div>\n<\/div>\n<\/div>\n<\/div>\n<\/li>\n<li class=\"LiveUpdates-item Listing-item\">\n<div class=\"LiveUpdate-root\">\n<div class=\"LiveUpdate-date\">\n<p class=\"HeaderNews-root HeaderNews-type_6 \">\n                13:29 Uhr\n            <\/p>\n<\/div>\n<div class=\"LiveUpdate-content\">\n<div class=\"LiveUpdate-text\">\n<div class=\"Text-root Text-type_5 ViewText-root\">\n<p><strong>Russisches Verteidigungsministerium weist Vorw\u00fcrfe der gestrigen Raketenangriffe auf Kiew zur\u00fcck<\/strong><\/p>\n<figure class=\"RTImage-root\">\n<div class=\"RTImage-image RTImage-original\"><picture class=\"Picture-root Picture-original\"><!--[if IE 9]><video style=\"display: none;\"><![endif]--><source media=\"(-webkit-min-device-pixel-ratio: 2) and (min-resolution: 120dpi)\" data-srcset=\" \nhttp:\/\/just-now.news\/de\/wp-content\/uploads\/sites\/3\/2022\/11\/637f5ab3b480cc594e209172.jpg 850w,\n                http:\/\/just-now.news\/de\/wp-content\/uploads\/sites\/3\/2022\/11\/637f5ab2b480cc594e209171.jpg 1960w,\n            \" ><source data-srcset=\" \nhttp:\/\/just-now.news\/de\/wp-content\/uploads\/sites\/3\/2022\/11\/637f5ab3b480cc594e209172.jpg 460w,\n              http:\/\/just-now.news\/de\/wp-content\/uploads\/sites\/3\/2022\/11\/637f5ab2b480cc594e209171.jpg 980w,\n            \" ><!--[if IE 9]><\/video><![endif]--><img decoding=\"async\" data- src=\"data:image\/png;base64,iVBORw0KGgoAAAANSUhEUgAAABAAAAAJCAQAAACRI2S5AAAAEElEQVR42mNkIAAYRxWAAQAG9gAKqv6+AwAAAABJRU5ErkJggg==\" class=\"Picture-root Picture-original lazyload\" data-src=\"http:\/\/just-now.news\/de\/wp-content\/uploads\/sites\/3\/2022\/11\/637f5ab3b480cc594e209172.jpg\" alt=\"\"><\/source><\/source><\/picture><!-- noscript pattern --><noscript><img decoding=\"async\" src=\"http:\/\/just-now.news\/de\/wp-content\/uploads\/sites\/3\/2022\/11\/637f5ab2b480cc594e209171.jpg\" alt=\"\"><\/noscript><\/div><figcaption class=\"RTImage-footer\"><span class=\"RTImage-caption\"><span class=\"RTImage-captionItem\">Archivbild: Siedlung Borodjanka, Gebiet Kiew<\/span><\/span><span class=\"RTImage-source\"><span class=\"RTImage-captionItem\">Genya SAVILOV<\/span><span class=\"RTImage-captionItem\"> \/ AFP<\/span><\/span><\/figcaption><\/figure>\n<p>Der Pressesprecher des russischen Verteidigungsministeriums, Igor Konaschenkow,\u00a0<a rel=\"nofollow noopener\" target=\"_blank\" href=\"https:\/\/t.me\/mod_russia\/22024\">hat<\/a>\u00a0bei seinem t\u00e4glichen Briefing erkl\u00e4rt, dass Russland am 23. November keine Ziele in Kiew angegriffen habe. Konaschenkow w\u00f6rtlich:<\/p>\n<p><em>&#8220;Kein einziger Schlag wurde gegen Ziele innerhalb Kiews gef\u00fchrt, und alle vom Kiewer Regime angegebenen Zerst\u00f6rungen in der Stadt waren das Ergebnis des Einschlags ausl\u00e4ndischer und ukrainischer Flugabwehrraketen.&#8221;<\/em><\/p>\n<p>Nach Angaben des Milit\u00e4rressorts wurde am 23. November ein massiver Angriff auf das ukrainische Milit\u00e4rverwaltungssystem und die damit zusammenh\u00e4ngenden Energieanlagen durchgef\u00fchrt, wobei alle vorgesehenen Einrichtungen getroffen wurden.<\/p>\n<p>Auch Russlands st\u00e4ndiger Vertreter bei den Vereinten Nationen, Wassili Nebensja, wies darauf hin, dass Sch\u00e4den an Wohnh\u00e4usern und zivile Opfer von der ukrainischen Luftabwehr verursacht w\u00fcrden.<\/p>\n<p>Gestern\u00a0hatten\u00a0ukrainische Medien berichtet, dass eine russische Rakete angeblich in ein Kiewer Wohnhaus eingeschlagen sei. In diesem Zusammenhang\u00a0<a rel=\"nofollow noopener\" target=\"_blank\" href=\"https:\/\/t.me\/rt_russian\/137861\">tauchten<\/a>\u00a0in\u00a0ukrainischen Telegram-Kan\u00e4len Fotos auf, die offensichtlich ein Fragment einer NASAMS-Flugabwehrrakete <a rel=\"nofollow noopener\" target=\"_blank\" href=\"https:\/\/t.me\/boris_rozhin\/71094\">zeigen<\/a>. Diese Flugabwehrraketen werden von den Vereinigten Staaten an die Ukraine geliefert.<\/p>\n<\/div>\n<\/div>\n<\/div>\n<\/div>\n<\/li>\n<li class=\"LiveUpdates-item Listing-item\">\n<div class=\"LiveUpdate-root\">\n<div class=\"LiveUpdate-date\">\n<p class=\"HeaderNews-root HeaderNews-type_6 \">\n                12:58 Uhr\n            <\/p>\n<\/div>\n<div class=\"LiveUpdate-content\">\n<div class=\"LiveUpdate-text\">\n<div class=\"Text-root Text-type_5 ViewText-root\">\n<p><strong>Konaschenkow: Russisches Milit\u00e4r t\u00f6tet \u00fcber 110 ukrainische Soldaten binnen 24 Stunden<\/strong><\/p>\n<p>Generalleutnant Igor Konaschenkow, der Sprecher des russischen Verteidigungsministeriums, hat sein t\u00e4gliches <a rel=\"nofollow noopener\" target=\"_blank\" href=\"https:\/\/t.me\/mod_russia\/22022\">Briefing<\/a> zum Stand der milit\u00e4rischen Sonderoperation Russlands in der Ukraine gegeben. In Richtung Kupjansk habe das russische Milit\u00e4r eine Offensive der ukrainischen Streitkr\u00e4fte zur\u00fcckgeschlagen, sagte er. Russische Artillerie und Flugzeuge h\u00e4tten bis zu 60 ukrainische Soldaten get\u00f6tet und ein gepanzertes Kampffahrzeug\u00a0sowie zwei Pickup-Lkws zerst\u00f6rt.<strong><\/strong><\/p>\n<p>Das russische Verteidigungsministerium teilte weiter mit, dass die russische Armee Angriffe des ukrainischen Milit\u00e4rs in den Richtungen Krasny-Liman und S\u00fcd-Donezk sowie in Richtung der Siedlung Lewadnoje im Gebiet Saporoschje zur\u00fcckgeschlagen habe. Dabei seien \u00fcber 65 ukrainische Soldaten get\u00f6tet worden; ein Panzer, sechs gepanzerte Kampffahrzeuge, ein Sch\u00fctzenpanzer, ein M\u00f6rserteam und sechs Fahrzeuge wurden zerst\u00f6rt.<\/p>\n<p>Konaschenkow erkl\u00e4rte au\u00dferdem, dass russische Flugzeuge, Raketentruppen und Artillerie zwei Kommandoposten der ukrainischen Streitkr\u00e4fte sowie 63 Artillerieeinheiten zerst\u00f6rt h\u00e4tten. Auch ein Grad-Mehrfachraketenwerfer sei getroffen worden. Eine AN\/TPQ-50 und zwei AN\/TPQ-36-Batterieabwehrradarstationen aus US-Produktion seien w\u00e4hrend des Gefechts zerst\u00f6rt worden. Der Pressesprecher f\u00fcgte hinzu, dass russische Luftabwehrkr\u00e4fte im Laufe des Tages vier unbemannte Flugzeuge der ukrainischen Streitkr\u00e4fte abgeschossen h\u00e4tten.<\/p>\n<p>Seit Beginn der russischen milit\u00e4rischen Sonderoperation in der Ukraine seien insgesamt 333 Flugzeuge, 177 Hubschrauber, 2.558 unbemannte Luftfahrzeuge, 390 Boden-Luft-Raketensysteme, 6.791 Panzer und andere gepanzerte Kampffahrzeuge, 902 Mehrfachraketenwerfer, 3.616 Feldartilleriegesch\u00fctze und M\u00f6rser sowie 7.340 milit\u00e4rische Spezialfahrzeuge <a rel=\"nofollow noopener\" target=\"_blank\" href=\"https:\/\/t.me\/mod_russia\/22023\">zerst\u00f6rt<\/a> worden, so Konaschenkow.<\/p>\n<\/div>\n<\/div>\n<\/div>\n<\/div>\n<\/li>\n<li class=\"LiveUpdates-item Listing-item\">\n<div class=\"LiveUpdate-root\">\n<div class=\"LiveUpdate-date\">\n<p class=\"HeaderNews-root HeaderNews-type_6 \">\n                12:21 Uhr\n            <\/p>\n<\/div>\n<div class=\"LiveUpdate-content\">\n<div class=\"LiveUpdate-text\">\n<div class=\"Text-root Text-type_5 ViewText-root\">\n<p><strong>Schweiz verbietet Waffenlieferungen an Russland \u2013 Teilverbot f\u00fcr die Ukraine<\/strong><\/p>\n<figure class=\"RTImage-root\">\n<div class=\"RTImage-image RTImage-original\"><picture class=\"Picture-root Picture-original\"><!--[if IE 9]><video style=\"display: none;\"><![endif]--><source media=\"(-webkit-min-device-pixel-ratio: 2) and (min-resolution: 120dpi)\" data-srcset=\" \nhttp:\/\/just-now.news\/de\/wp-content\/uploads\/sites\/3\/2022\/11\/637f4ad548fbef186c3273dc.jpg 850w,\n                http:\/\/just-now.news\/de\/wp-content\/uploads\/sites\/3\/2022\/11\/1669298700_724_637f4ad548fbef186c3273dc.jpg 1960w,\n            \" ><source data-srcset=\" \nhttp:\/\/just-now.news\/de\/wp-content\/uploads\/sites\/3\/2022\/11\/637f4ad548fbef186c3273dc.jpg 460w,\n              http:\/\/just-now.news\/de\/wp-content\/uploads\/sites\/3\/2022\/11\/1669298700_724_637f4ad548fbef186c3273dc.jpg 980w,\n            \" ><!--[if IE 9]><\/video><![endif]--><img decoding=\"async\" data- src=\"data:image\/png;base64,iVBORw0KGgoAAAANSUhEUgAAABAAAAAJCAQAAACRI2S5AAAAEElEQVR42mNkIAAYRxWAAQAG9gAKqv6+AwAAAABJRU5ErkJggg==\" class=\"Picture-root Picture-original lazyload\" data-src=\"http:\/\/just-now.news\/de\/wp-content\/uploads\/sites\/3\/2022\/11\/637f4ad548fbef186c3273dc.jpg\" alt=\"\"><\/source><\/source><\/picture><!-- noscript pattern --><noscript><img decoding=\"async\" src=\"http:\/\/just-now.news\/de\/wp-content\/uploads\/sites\/3\/2022\/11\/1669298700_724_637f4ad548fbef186c3273dc.jpg\" alt=\"\"><\/noscript><\/div><figcaption class=\"RTImage-footer\"><span class=\"RTImage-caption\"><span class=\"RTImage-captionItem\">Archivbild: Ein Schweizer Reservist im Vordergrund, im Hintergrund die Flagge der Schweiz<\/span><\/span><span class=\"RTImage-source\"><span class=\"RTImage-captionItem\">Fabrice COFFRINI<\/span><span class=\"RTImage-captionItem\"> \/ AFP<\/span><\/span><\/figcaption><\/figure>\n<p>Die Schweiz hat das achte EU-Sanktionspaket gegen Russland vor dem Hintergrund der russischen Milit\u00e4roperation in der Ukraine umgesetzt. \u00dcberdies verh\u00e4ngte die Schweiz ein Verbot f\u00fcr Waffenexporte nach Russland und ein Teilverbot f\u00fcr die Ukraine. In einer Erkl\u00e4rung des Staatssekretariats f\u00fcr Wirtschaft<a><\/a>SECO <a rel=\"nofollow noopener\" target=\"_blank\" href=\"https:\/\/www.seco.admin.ch\/seco\/de\/home\/seco\/nsb-news.msg-id-91875.html\">hei\u00dft<\/a> es diesbez\u00fcglich:<\/p>\n<p><em>&#8220;Neben der \u00dcbernahme der Ma\u00dfnahmen des achten Sanktionspakets der EU hat der Bundesrat ebenfalls ein R\u00fcstungsg\u00fcterembargo gegen\u00fcber Russland erlassen, welches aus Gr\u00fcnden der schweizerischen Neutralit\u00e4t teilweise auch auf die Ukraine ausgedehnt wird.&#8221;<\/em><\/p>\n<p>\u00dcberdies verbieten die j\u00fcngsten Sanktionen die Erbringung von IT-, Ingenieur-, Architektur- und Rechtsdienstleistungen f\u00fcr die russische Regierung und russische Unternehmen. Auch der Sitz in Leitungsgremien bestimmter staatseigener russischer Unternehmen ist nun illegal. Das Staatssekretariat f\u00fcr Wirtschaft hebt hervor:<\/p>\n<p><em>&#8220;Die Schweiz stellt dabei sicher, dass der Zugang zum Schweizer Recht gewahrt und die Rechtsstaatlichkeit vollst\u00e4ndig gew\u00e4hrleistet wird. Dies war die Bedingung des Bundesrates f\u00fcr die \u00dcbernahme dieser neuen Verbote.&#8221;<\/em>\u00a0<\/p>\n<\/div>\n<\/div>\n<\/div>\n<\/div>\n<\/li>\n<li class=\"LiveUpdates-item Listing-item\">\n<div class=\"LiveUpdate-root\">\n<div class=\"LiveUpdate-date\">\n<p class=\"HeaderNews-root HeaderNews-type_6 \">\n                11:46 Uhr\n            <\/p>\n<\/div>\n<div class=\"LiveUpdate-content\">\n<div class=\"LiveUpdate-text\">\n<div class=\"Text-root Text-type_5 ViewText-root\">\n<p><strong>Russisches Verteidigungsministerium: Kiew bereitet Einsatz von Biowaffen vor<\/strong><strong><\/strong><\/p>\n<figure class=\"RTImage-root\">\n<div class=\"RTImage-image RTImage-original\"><picture class=\"Picture-root Picture-original\"><!--[if IE 9]><video style=\"display: none;\"><![endif]--><source media=\"(-webkit-min-device-pixel-ratio: 2) and (min-resolution: 120dpi)\" data-srcset=\" \nhttp:\/\/just-now.news\/de\/wp-content\/uploads\/sites\/3\/2022\/11\/637f42b9b480cc143777526e.jpg 850w,\n                http:\/\/just-now.news\/de\/wp-content\/uploads\/sites\/3\/2022\/11\/637f42b8b480cc143777526d.jpg 1960w,\n            \" ><source data-srcset=\" \nhttp:\/\/just-now.news\/de\/wp-content\/uploads\/sites\/3\/2022\/11\/637f42b9b480cc143777526e.jpg 460w,\n              http:\/\/just-now.news\/de\/wp-content\/uploads\/sites\/3\/2022\/11\/637f42b8b480cc143777526d.jpg 980w,\n            \" ><!--[if IE 9]><\/video><![endif]--><img decoding=\"async\" data- src=\"data:image\/png;base64,iVBORw0KGgoAAAANSUhEUgAAABAAAAAJCAQAAACRI2S5AAAAEElEQVR42mNkIAAYRxWAAQAG9gAKqv6+AwAAAABJRU5ErkJggg==\" class=\"Picture-root Picture-original lazyload\" data-src=\"http:\/\/just-now.news\/de\/wp-content\/uploads\/sites\/3\/2022\/11\/637f42b9b480cc143777526e.jpg\" alt=\"\"><\/source><\/source><\/picture><!-- noscript pattern --><noscript><img decoding=\"async\" src=\"http:\/\/just-now.news\/de\/wp-content\/uploads\/sites\/3\/2022\/11\/637f42b8b480cc143777526d.jpg\" alt=\"\"><\/noscript><\/div><figcaption class=\"RTImage-footer\"><span class=\"RTImage-caption\"><span class=\"RTImage-captionItem\">(Symbolbild)<\/span><\/span><span class=\"RTImage-source\"><span class=\"RTImage-captionItem\">Alexander Galperin<\/span><span class=\"RTImage-captionItem\"> \/ Sputnik<\/span><\/span><\/figcaption><\/figure>\n<p>Dokumente, die w\u00e4hrend der russischen speziellen Milit\u00e4roperation in der Ukraine sichergestellt wurden, best\u00e4tigen, dass das Land den Einsatz biologischer Waffen vorbereitet. Dies sagte am Donnerstag Dmitri Poklonski, der Leiter des Forschungszentrums f\u00fcr chemische und biologische Bedrohungen des russischen Verteidigungsministeriums. Er erkl\u00e4rte:<strong><\/strong><\/p>\n<p><em>&#8220;Es sind Inspektionsberichte \u00fcber die Sammlung von Mikroorganismen eingegangen, die die Anh\u00e4ufung von pathogenem Material in unangemessenen Mengen zeigen. Es liegen Dokumente vor, die das Interesse an der Beschaffung unbemannter Tr\u00e4gerfahrzeuge best\u00e4tigen, die f\u00fcr biologische Waffen eingesetzt werden k\u00f6nnten. Angesichts der intransparenten Arbeit und des Fehlens einer begr\u00fcndeten Antwort seitens der USA und der Ukraine betrachten wir die erhaltenen Dokumente nat\u00fcrlich als Beweis f\u00fcr einen Versto\u00df gegen Artikel 1.4 der Biowaffenkonvention.&#8221;<\/em><\/p>\n<p>Poklonski sagte, dass die Dokumente, die w\u00e4hrend der Sonderoperation vorgefunden wurden, einschlie\u00dflich der Berichte des B\u00fcros f\u00fcr Bedrohungsreduzierung des US-Verteidigungsministeriums, zeigten, dass die Art der dort durchgef\u00fchrten Arbeiten oft nicht mit den tats\u00e4chlichen Gesundheitsproblemen \u00fcbereinstimmte. Er f\u00fcgte hinzu:<\/p>\n<p><em>&#8220;In mehreren F\u00e4llen wurden Erreger von Infektionskrankheiten untersucht, die in der Ukraine noch nie festgestellt worden waren.&#8221;<\/em><\/p>\n<p>Weiter betonte der Experte, dass die Tatsache, dass es in der Ukraine vom US-Milit\u00e4r finanzierte Biolaboratorien gibt, weder von Washington noch von Kiew bestritten werde. Poklonski stellte fest:<\/p>\n<p><em>&#8220;Diese Tatsache wird durch eine Vereinbarung zwischen dem US-Verteidigungsministerium und dem ukrainischen Gesundheitsministerium aus dem Jahr 2005 best\u00e4tigt. Viel mehr Fragen wirft die Art der Forschung auf, die in diesen Biolaboratorien durchgef\u00fchrt wird, und wie diese Forschung mit den Anforderungen der Konvention zusammenh\u00e4ngt.&#8221;<\/em><\/p>\n<\/div>\n<\/div>\n<\/div>\n<\/div>\n<\/li>\n<li class=\"LiveUpdates-item Listing-item\">\n<div class=\"LiveUpdate-root\">\n<div class=\"LiveUpdate-date\">\n<p class=\"HeaderNews-root HeaderNews-type_6 \">\n                11:10 Uhr\n            <\/p>\n<\/div>\n<div class=\"LiveUpdate-content\">\n<div class=\"LiveUpdate-text\">\n<div class=\"Text-root Text-type_5 ViewText-root\">\n<p><strong>Medien: Im September schlug fehlgelenkte ukrainische Rakete aus US-Produktion in Wohnhaus in Kramatorsk ein<\/strong><\/p>\n<figure class=\"RTImage-root\">\n<div class=\"RTImage-image RTImage-original\"><picture class=\"Picture-root Picture-original\"><!--[if IE 9]><video style=\"display: none;\"><![endif]--><source media=\"(-webkit-min-device-pixel-ratio: 2) and (min-resolution: 120dpi)\" data-srcset=\" \nhttp:\/\/just-now.news\/de\/wp-content\/uploads\/sites\/3\/2022\/11\/637f387db480cc125d2c379b.jpg 850w,\n                http:\/\/just-now.news\/de\/wp-content\/uploads\/sites\/3\/2022\/11\/637f387cb480cc125d2c379a.jpg 1960w,\n            \" ><source data-srcset=\" \nhttp:\/\/just-now.news\/de\/wp-content\/uploads\/sites\/3\/2022\/11\/637f387db480cc125d2c379b.jpg 460w,\n              http:\/\/just-now.news\/de\/wp-content\/uploads\/sites\/3\/2022\/11\/637f387cb480cc125d2c379a.jpg 980w,\n            \" ><!--[if IE 9]><\/video><![endif]--><img decoding=\"async\" data- src=\"data:image\/png;base64,iVBORw0KGgoAAAANSUhEUgAAABAAAAAJCAQAAACRI2S5AAAAEElEQVR42mNkIAAYRxWAAQAG9gAKqv6+AwAAAABJRU5ErkJggg==\" class=\"Picture-root Picture-original lazyload\" data-src=\"http:\/\/just-now.news\/de\/wp-content\/uploads\/sites\/3\/2022\/11\/637f387db480cc125d2c379b.jpg\" alt=\"\"><\/source><\/source><\/picture><!-- noscript pattern --><noscript><img decoding=\"async\" src=\"http:\/\/just-now.news\/de\/wp-content\/uploads\/sites\/3\/2022\/11\/637f387cb480cc125d2c379a.jpg\" alt=\"\"><\/noscript><\/div><figcaption class=\"RTImage-footer\"><span class=\"RTImage-caption\"><span class=\"RTImage-captionItem\">Archivbild: Raketen des Typs AGM-88 HARM<\/span><\/span><span class=\"RTImage-source\"><span class=\"RTImage-captionItem\">Carsten Rehder\/picture alliance<\/span><span class=\"RTImage-captionItem\"> \/ Gettyimages.ru<\/span><\/span><\/figcaption><\/figure>\n<p>Eine von den ukrainischen Streitkr\u00e4ften abgefeuerte Rakete vom Typ AGM-88 HARM aus US-amerikanischer Produktion verfehlte im September ihr Ziel und schlug in einem Wohnhaus im von Kiew kontrollierten Kramatorsk ein. Hierbei wurden drei Menschen verletzt,\u00a0<a rel=\"nofollow noopener\" target=\"_blank\" href=\"https:\/\/www.nytimes.com\/2022\/11\/24\/world\/europe\/ukraine-american-missile.html\">berichtet<\/a>\u00a0<em>The New York Times<\/em>.<strong><\/strong><\/p>\n<p>Dem Bericht zufolge geschah dies am 26. September gegen 18 Uhr. Es wurde festgestellt, dass die Rakete vom Kurs abgekommen war. Die Anwohnerin Olga Wassiljewna sagte der Zeitung:<\/p>\n<p><em>&#8220;Es sollen drei Personen verletzt worden sein. Es gab keine Verletzten. Die Rakete traf eine Wohnung, in der niemand wohnt, und in der Wohnung nebenan wurden Menschen verletzt.&#8221;<\/em><\/p>\n<p>Ein nicht namentlich genannter US-Soldat sagte der Nachrichtenagentur, dass die Rakete, die das Wohnhaus traf, &#8220;mit ziemlicher Sicherheit&#8221; aus dem Altbestand des Pentagons stammte.<\/p>\n<\/div>\n<\/div>\n<\/div>\n<\/div>\n<\/li>\n<li class=\"LiveUpdates-item Listing-item\">\n<div class=\"LiveUpdate-root\">\n<div class=\"LiveUpdate-date\">\n<p class=\"HeaderNews-root HeaderNews-type_6 \">\n                10:39 Uhr\n            <\/p>\n<\/div>\n<div class=\"LiveUpdate-content\">\n<div class=\"LiveUpdate-text\">\n<div class=\"Text-root Text-type_5 ViewText-root\">\n<p><strong>Ukrainer lancieren Petition zur Umbenennung Russlands in Moskowien<br \/><\/strong><\/p>\n<figure class=\"RTImage-root\">\n<div class=\"RTImage-image RTImage-original\"><picture class=\"Picture-root Picture-original\"><!--[if IE 9]><video style=\"display: none;\"><![endif]--><source media=\"(-webkit-min-device-pixel-ratio: 2) and (min-resolution: 120dpi)\" data-srcset=\" \nhttp:\/\/just-now.news\/de\/wp-content\/uploads\/sites\/3\/2022\/11\/637f38cb48fbef18be021f6e.jpg 850w,\n                http:\/\/just-now.news\/de\/wp-content\/uploads\/sites\/3\/2022\/11\/1669283025_58_637f38cb48fbef18be021f6e.jpg 1960w,\n            \" ><source data-srcset=\" \nhttp:\/\/just-now.news\/de\/wp-content\/uploads\/sites\/3\/2022\/11\/637f38cb48fbef18be021f6e.jpg 460w,\n              http:\/\/just-now.news\/de\/wp-content\/uploads\/sites\/3\/2022\/11\/1669283025_58_637f38cb48fbef18be021f6e.jpg 980w,\n            \" ><!--[if IE 9]><\/video><![endif]--><img decoding=\"async\" data- src=\"data:image\/png;base64,iVBORw0KGgoAAAANSUhEUgAAABAAAAAJCAQAAACRI2S5AAAAEElEQVR42mNkIAAYRxWAAQAG9gAKqv6+AwAAAABJRU5ErkJggg==\" class=\"Picture-root Picture-original lazyload\" data-src=\"http:\/\/just-now.news\/de\/wp-content\/uploads\/sites\/3\/2022\/11\/637f38cb48fbef18be021f6e.jpg\" alt=\"\"><\/source><\/source><\/picture><!-- noscript pattern --><noscript><img decoding=\"async\" src=\"http:\/\/just-now.news\/de\/wp-content\/uploads\/sites\/3\/2022\/11\/1669283025_58_637f38cb48fbef18be021f6e.jpg\" alt=\"\"><\/noscript><\/div><figcaption class=\"RTImage-footer\"><span class=\"RTImage-caption\"><span class=\"RTImage-captionItem\">Archivbild: Wladimir Selenskij<\/span><\/span><span class=\"RTImage-source\"><span class=\"RTImage-captionItem\">UKRAINIAN PRESIDENTIAL PRESS SERVICE<\/span><span class=\"RTImage-captionItem\"> \/ AFP<\/span><\/span><\/figcaption><\/figure>\n<p>Auf der Webseite von Wladimir Selenskijs Pr\u00e4sidialb\u00fcro ist eine Petition eingereicht worden, in der die Umbenennung Russlands in Moskowien gefordert wird. In der Petition wird vorgeschlagen:<\/p>\n<p><em>&#8220;Offiziell die Bezeichnung Russland durch Moskowien zu ersetzen. Den Begriff russisch durch moskauisch, Russische F\u00f6deration durch Moskauer F\u00f6deration zu ersetzen.&#8221;<\/em><\/p>\n<p>Die Petition wurde am 23. November eingebracht und z\u00e4hlt bisher rund 50 von 25.000 ben\u00f6tigten Unterst\u00fctzern, um Selenskij Anlass zum Handlen zu geben. Die auf der Webseite angegebene Frist f\u00fcr die Stimmabgabe l\u00e4uft noch 92 Tage.<\/p>\n<p>Moskowien ist ein abwertender Begriff, der zum Ausdruck bringen soll, dass Russland angeblich nur das Territorium der Stadt Moskau besitzen darf.<\/p>\n<p>Mehr zum Thema &#8211; <a rel=\"nofollow noopener\" target=\"_blank\" href=\"https:\/\/kurz.rt.com\/2rmt\">&#8220;Asiatische Moskwiny&#8221; \u2013 Ukrainischer Gebietsrat will Russen mit rassistischer Begr\u00fcndung umbenennen<\/a><\/p>\n<\/div>\n<\/div>\n<\/div>\n<\/div>\n<\/li>\n<li class=\"LiveUpdates-item Listing-item\">\n<div class=\"LiveUpdate-root\">\n<div class=\"LiveUpdate-date\">\n<p class=\"HeaderNews-root HeaderNews-type_6 \">\n                10:16 Uhr\n            <\/p>\n<\/div>\n<div class=\"LiveUpdate-content\">\n<div class=\"LiveUpdate-text\">\n<div class=\"Text-root Text-type_5 ViewText-root\">\n<p><strong>Drei ukrainische Staatsangeh\u00f6rige wegen Terrorismusverdachts in Moskau in Untersuchungshaft<br \/><\/strong><\/p>\n<p>Das Moskauer Gericht in Lefortowo hat drei ukrainische Staatsb\u00fcrger, zwei M\u00e4nner und eine Frau, wegen des Verdachts der Vorbereitung eines terroristischen Akts und des illegalen Waffenbesitzes in Untersuchungshaft genommen. Dies <a rel=\"nofollow noopener\" target=\"_blank\" href=\"https:\/\/tass.ru\/proisshestviya\/16413971?ysclid=lauquvwxkq891637960\">erkl\u00e4rte<\/a> der Pressedienst der Beh\u00f6rde am Donnerstag gegen\u00fcber <em>TASS<\/em>. Aus einer Erkl\u00e4rung geht hervor:<strong><\/strong><\/p>\n<p><em>&#8220;Mit einem Beschluss des Moskauer Bezirksgerichts Lefortowo vom 23. November 2022 wurde gegen Akulowa Janina Petrowna, Schukowski Anton Nikolajewitsch und Sergejew Dmitri Sergejewitsch eine Freiheitsstrafe von zwei Monaten, das hei\u00dft bis zum 23. Januar 2023, verh\u00e4ngt. Alle drei sind B\u00fcrger der Ukraine.&#8221;<\/em><\/p>\n<p>Wie der Pressedienst des Gerichts bekanntgab, wird den Inhaftierten zur Last gelegt, mit der Vorbereitung eines terroristischen Akts durch eine organisierte Gruppe von Personen, die illegale Lagerung von Waffen durch eine organisierte Gruppe sowie die illegale Lagerung von Sprengstoff durch eine organisierte Gruppe Straftaten begangen zu haben. Vor Gericht wurden keine weiteren Einzelheiten zu dem Fall genannt.<\/p>\n<\/div>\n<\/div>\n<\/div>\n<\/div>\n<\/li>\n<\/ul>\n<div class=\"Listing-isReact\" data-rtmodule=\"Listing\" onload=\"return {\n                page: '1',\n                limit: '10',\n                listing: '\/listing\/parent.6209f961b480cc2c7e35341b\/noprepare\/liveupdates\/10\/1',\n            };\"><\/div>\n<\/div>\n<\/div>\n<\/div>\n<p><br \/>\n<br \/><a href=\"https:\/\/de.rt.com\/international\/131481-liveticker-ukraine-krieg-ukrainische-sicherheitsbehoerden\/\">Source link <\/a><\/p>\n","protected":false},"excerpt":{"rendered":"<p>Russland f\u00fchrt gemeinsam mit den Streitkr\u00e4ften der Donbass-Republiken eine Milit\u00e4roperation in der Ukraine durch. Der Westen reagiert mit immer neuen Waffenlieferungen an die Ukraine und beispiellosen Sanktionen gegen Russland. Hier lesen Sie die neuesten Entwicklungen. 24.11.2022 14:57 Uhr 14:57 Uhr Klitschko\u00a0meldet Wiederherstellung der Wasserversorgung in Kiew (Symbolbild)Maxim Bogodwid \/ Sputnik Die Wasserversorgung sei in allen [&hellip;]<\/p>\n","protected":false},"author":3,"featured_media":23929,"comment_status":"open","ping_status":"open","sticky":false,"template":"","format":"standard","meta":{"_yoast_indexnow_last_ping":["1669298701"],"wp_automatic_camp":["217"],"f53017b1af3ab52ca3c2e9b682d73395":["Liveticker Ukraine-Krieg: Ukrainische Sicherheitsbeh\u00f6rden nehmen Evakuierungshelfer aus Cherson fest"],"original_link":["https:\/\/de.rt.com\/international\/131481-liveticker-ukraine-krieg-ukrainische-sicherheitsbehoerden\/"],"_thumbnail_id":["23929"],"_wptgpro_p2tg_sent2tg":["a:1:{i:23737;s:19:\"2022-11-24 16:06:07\";}"],"jnews_social_counter_last_update":["1777377562"]},"categories":[19,23],"tags":[679,5186,36398,19054,564,7299,30559,566,905],"yoast_head":"<!-- This site is optimized with the Yoast SEO Premium plugin v22.7 (Yoast SEO v22.7) - https:\/\/yoast.com\/wordpress\/plugins\/seo\/ -->\n<title>Liveticker Ukraine-Krieg: Ukrainische Sicherheitsbeh\u00f6rden nehmen Evakuierungshelfer aus Cherson fest - just-now.NEWS Deutschland<\/title>\n<meta name=\"robots\" content=\"index, follow, max-snippet:-1, max-image-preview:large, max-video-preview:-1\" \/>\n<link rel=\"canonical\" href=\"https:\/\/now-news.de\/de\/deutschland\/liveticker-ukraine-krieg-ukrainische-sicherheitsbehoerden-nehmen-evakuierungshelfer-aus-cherson-fest\/\" \/>\n<meta property=\"og:locale\" content=\"de_DE\" \/>\n<meta property=\"og:type\" content=\"article\" \/>\n<meta property=\"og:title\" content=\"Liveticker Ukraine-Krieg: Ukrainische Sicherheitsbeh\u00f6rden nehmen Evakuierungshelfer aus Cherson fest\" \/>\n<meta property=\"og:description\" content=\"Russland f\u00fchrt gemeinsam mit den Streitkr\u00e4ften der Donbass-Republiken eine Milit\u00e4roperation in der Ukraine durch. Der Westen reagiert mit immer neuen Waffenlieferungen an die Ukraine und beispiellosen Sanktionen gegen Russland. Hier lesen Sie die neuesten Entwicklungen. 24.11.2022 14:57 Uhr 14:57 Uhr Klitschko\u00a0meldet Wiederherstellung der Wasserversorgung in Kiew (Symbolbild)Maxim Bogodwid \/ Sputnik Die Wasserversorgung sei in allen [&hellip;]\" \/>\n<meta property=\"og:url\" content=\"https:\/\/now-news.de\/de\/deutschland\/liveticker-ukraine-krieg-ukrainische-sicherheitsbehoerden-nehmen-evakuierungshelfer-aus-cherson-fest\/\" \/>\n<meta property=\"og:site_name\" content=\"just-now.NEWS Deutschland\" \/>\n<meta property=\"article:publisher\" content=\"https:\/\/www.facebook.com\/wirmachenauf\" \/>\n<meta property=\"article:published_time\" content=\"2022-11-24T13:55:00+00:00\" \/>\n<meta property=\"og:image\" content=\"https:\/\/now-news.de\/de\/wp-content\/uploads\/sites\/3\/2022\/11\/Liveticker-Ukraine-Krieg-Ukrainische-Sicherheitsbehoerden-nehmen-Evakuierungshelfer-aus-Cherson-fest.jpg\" \/>\n\t<meta property=\"og:image:width\" content=\"460\" \/>\n\t<meta property=\"og:image:height\" content=\"259\" \/>\n\t<meta property=\"og:image:type\" content=\"image\/jpeg\" \/>\n<meta name=\"author\" content=\"rtnews\" \/>\n<meta name=\"twitter:card\" content=\"summary_large_image\" \/>\n<meta name=\"twitter:creator\" content=\"@WirMachenAuf_de\" \/>\n<meta name=\"twitter:site\" content=\"@WirMachenAuf_de\" \/>\n<meta name=\"twitter:label1\" content=\"Verfasst von\" \/>\n\t<meta name=\"twitter:data1\" content=\"rtnews\" \/>\n\t<meta name=\"twitter:label2\" content=\"Gesch\u00e4tzte Lesezeit\" \/>\n\t<meta name=\"twitter:data2\" content=\"9\u00a0Minuten\" \/>\n<script type=\"application\/ld+json\" class=\"yoast-schema-graph\">{\"@context\":\"https:\/\/schema.org\",\"@graph\":[{\"@type\":\"Article\",\"@id\":\"https:\/\/now-news.de\/de\/deutschland\/liveticker-ukraine-krieg-ukrainische-sicherheitsbehoerden-nehmen-evakuierungshelfer-aus-cherson-fest\/#article\",\"isPartOf\":{\"@id\":\"https:\/\/now-news.de\/de\/deutschland\/liveticker-ukraine-krieg-ukrainische-sicherheitsbehoerden-nehmen-evakuierungshelfer-aus-cherson-fest\/\"},\"author\":{\"name\":\"rtnews\",\"@id\":\"https:\/\/now-news.de\/de\/#\/schema\/person\/fb534a4e865501d8b3285208df34a9b5\"},\"headline\":\"Liveticker Ukraine-Krieg: Ukrainische Sicherheitsbeh\u00f6rden nehmen Evakuierungshelfer aus Cherson fest\",\"datePublished\":\"2022-11-24T13:55:00+00:00\",\"dateModified\":\"2022-11-24T13:55:00+00:00\",\"mainEntityOfPage\":{\"@id\":\"https:\/\/now-news.de\/de\/deutschland\/liveticker-ukraine-krieg-ukrainische-sicherheitsbehoerden-nehmen-evakuierungshelfer-aus-cherson-fest\/\"},\"wordCount\":1801,\"commentCount\":0,\"publisher\":{\"@id\":\"https:\/\/now-news.de\/de\/#organization\"},\"image\":{\"@id\":\"https:\/\/now-news.de\/de\/deutschland\/liveticker-ukraine-krieg-ukrainische-sicherheitsbehoerden-nehmen-evakuierungshelfer-aus-cherson-fest\/#primaryimage\"},\"thumbnailUrl\":\"https:\/\/now-news.de\/de\/wp-content\/uploads\/sites\/3\/2022\/11\/Liveticker-Ukraine-Krieg-Ukrainische-Sicherheitsbehoerden-nehmen-Evakuierungshelfer-aus-Cherson-fest.jpg\",\"keywords\":[\"aus\",\"Cherson\",\"Evakuierungshelfer\",\"fest\",\"Liveticker\",\"nehmen\",\"Sicherheitsbeh\u00f6rden\",\"UkraineKrieg\",\"Ukrainische\"],\"articleSection\":[\"Deutschland\",\"Russland\"],\"inLanguage\":\"de\",\"potentialAction\":[{\"@type\":\"CommentAction\",\"name\":\"Comment\",\"target\":[\"https:\/\/now-news.de\/de\/deutschland\/liveticker-ukraine-krieg-ukrainische-sicherheitsbehoerden-nehmen-evakuierungshelfer-aus-cherson-fest\/#respond\"]}]},{\"@type\":\"WebPage\",\"@id\":\"https:\/\/now-news.de\/de\/deutschland\/liveticker-ukraine-krieg-ukrainische-sicherheitsbehoerden-nehmen-evakuierungshelfer-aus-cherson-fest\/\",\"url\":\"https:\/\/now-news.de\/de\/deutschland\/liveticker-ukraine-krieg-ukrainische-sicherheitsbehoerden-nehmen-evakuierungshelfer-aus-cherson-fest\/\",\"name\":\"Liveticker Ukraine-Krieg: Ukrainische Sicherheitsbeh\u00f6rden nehmen Evakuierungshelfer aus Cherson fest - just-now.NEWS Deutschland\",\"isPartOf\":{\"@id\":\"https:\/\/now-news.de\/de\/#website\"},\"primaryImageOfPage\":{\"@id\":\"https:\/\/now-news.de\/de\/deutschland\/liveticker-ukraine-krieg-ukrainische-sicherheitsbehoerden-nehmen-evakuierungshelfer-aus-cherson-fest\/#primaryimage\"},\"image\":{\"@id\":\"https:\/\/now-news.de\/de\/deutschland\/liveticker-ukraine-krieg-ukrainische-sicherheitsbehoerden-nehmen-evakuierungshelfer-aus-cherson-fest\/#primaryimage\"},\"thumbnailUrl\":\"https:\/\/now-news.de\/de\/wp-content\/uploads\/sites\/3\/2022\/11\/Liveticker-Ukraine-Krieg-Ukrainische-Sicherheitsbehoerden-nehmen-Evakuierungshelfer-aus-Cherson-fest.jpg\",\"datePublished\":\"2022-11-24T13:55:00+00:00\",\"dateModified\":\"2022-11-24T13:55:00+00:00\",\"breadcrumb\":{\"@id\":\"https:\/\/now-news.de\/de\/deutschland\/liveticker-ukraine-krieg-ukrainische-sicherheitsbehoerden-nehmen-evakuierungshelfer-aus-cherson-fest\/#breadcrumb\"},\"inLanguage\":\"de\",\"potentialAction\":[{\"@type\":\"ReadAction\",\"target\":[\"https:\/\/now-news.de\/de\/deutschland\/liveticker-ukraine-krieg-ukrainische-sicherheitsbehoerden-nehmen-evakuierungshelfer-aus-cherson-fest\/\"]}]},{\"@type\":\"ImageObject\",\"inLanguage\":\"de\",\"@id\":\"https:\/\/now-news.de\/de\/deutschland\/liveticker-ukraine-krieg-ukrainische-sicherheitsbehoerden-nehmen-evakuierungshelfer-aus-cherson-fest\/#primaryimage\",\"url\":\"https:\/\/now-news.de\/de\/wp-content\/uploads\/sites\/3\/2022\/11\/Liveticker-Ukraine-Krieg-Ukrainische-Sicherheitsbehoerden-nehmen-Evakuierungshelfer-aus-Cherson-fest.jpg\",\"contentUrl\":\"https:\/\/now-news.de\/de\/wp-content\/uploads\/sites\/3\/2022\/11\/Liveticker-Ukraine-Krieg-Ukrainische-Sicherheitsbehoerden-nehmen-Evakuierungshelfer-aus-Cherson-fest.jpg\",\"width\":460,\"height\":259,\"caption\":\"Liveticker Ukraine-Krieg: Ukrainische Sicherheitsbeh\u00f6rden nehmen Evakuierungshelfer aus Cherson fest\"},{\"@type\":\"BreadcrumbList\",\"@id\":\"https:\/\/now-news.de\/de\/deutschland\/liveticker-ukraine-krieg-ukrainische-sicherheitsbehoerden-nehmen-evakuierungshelfer-aus-cherson-fest\/#breadcrumb\",\"itemListElement\":[{\"@type\":\"ListItem\",\"position\":1,\"name\":\"Home\",\"item\":\"https:\/\/now-news.de\/de\/\"},{\"@type\":\"ListItem\",\"position\":2,\"name\":\"Liveticker Ukraine-Krieg: Ukrainische Sicherheitsbeh\u00f6rden nehmen Evakuierungshelfer aus Cherson fest\"}]},{\"@type\":\"WebSite\",\"@id\":\"https:\/\/now-news.de\/de\/#website\",\"url\":\"https:\/\/now-news.de\/de\/\",\"name\":\"just-now.NEWS Deutschland\",\"description\":\"Das Portal f\u00fcr unzensierte Nachrichten aus der Welt\",\"publisher\":{\"@id\":\"https:\/\/now-news.de\/de\/#organization\"},\"potentialAction\":[{\"@type\":\"SearchAction\",\"target\":{\"@type\":\"EntryPoint\",\"urlTemplate\":\"https:\/\/now-news.de\/de\/?s={search_term_string}\"},\"query-input\":\"required name=search_term_string\"}],\"inLanguage\":\"de\"},{\"@type\":\"Organization\",\"@id\":\"https:\/\/now-news.de\/de\/#organization\",\"name\":\"Just Now News\",\"url\":\"https:\/\/now-news.de\/de\/\",\"logo\":{\"@type\":\"ImageObject\",\"inLanguage\":\"de\",\"@id\":\"https:\/\/now-news.de\/de\/#\/schema\/logo\/image\/\",\"url\":\"http:\/\/just-now.news\/de\/wp-content\/uploads\/sites\/3\/2022\/04\/logo500x500.jpg\",\"contentUrl\":\"http:\/\/just-now.news\/de\/wp-content\/uploads\/sites\/3\/2022\/04\/logo500x500.jpg\",\"width\":500,\"height\":500,\"caption\":\"Just Now News\"},\"image\":{\"@id\":\"https:\/\/now-news.de\/de\/#\/schema\/logo\/image\/\"},\"sameAs\":[\"https:\/\/www.facebook.com\/wirmachenauf\",\"https:\/\/x.com\/WirMachenAuf_de\"]},{\"@type\":\"Person\",\"@id\":\"https:\/\/now-news.de\/de\/#\/schema\/person\/fb534a4e865501d8b3285208df34a9b5\",\"name\":\"rtnews\",\"image\":{\"@type\":\"ImageObject\",\"inLanguage\":\"de\",\"@id\":\"https:\/\/now-news.de\/de\/#\/schema\/person\/image\/\",\"url\":\"https:\/\/secure.gravatar.com\/avatar\/82aafea7d8127119dd649515f56e2117?s=96&d=mm&r=g\",\"contentUrl\":\"https:\/\/secure.gravatar.com\/avatar\/82aafea7d8127119dd649515f56e2117?s=96&d=mm&r=g\",\"caption\":\"rtnews\"},\"url\":\"https:\/\/now-news.de\/de\/author\/rnews\/\"}]}<\/script>\n<!-- \/ Yoast SEO Premium plugin. -->","yoast_head_json":{"title":"Liveticker Ukraine-Krieg: Ukrainische Sicherheitsbeh\u00f6rden nehmen Evakuierungshelfer aus Cherson fest - just-now.NEWS Deutschland","robots":{"index":"index","follow":"follow","max-snippet":"max-snippet:-1","max-image-preview":"max-image-preview:large","max-video-preview":"max-video-preview:-1"},"canonical":"https:\/\/now-news.de\/de\/deutschland\/liveticker-ukraine-krieg-ukrainische-sicherheitsbehoerden-nehmen-evakuierungshelfer-aus-cherson-fest\/","og_locale":"de_DE","og_type":"article","og_title":"Liveticker Ukraine-Krieg: Ukrainische Sicherheitsbeh\u00f6rden nehmen Evakuierungshelfer aus Cherson fest","og_description":"Russland f\u00fchrt gemeinsam mit den Streitkr\u00e4ften der Donbass-Republiken eine Milit\u00e4roperation in der Ukraine durch. Der Westen reagiert mit immer neuen Waffenlieferungen an die Ukraine und beispiellosen Sanktionen gegen Russland. Hier lesen Sie die neuesten Entwicklungen. 24.11.2022 14:57 Uhr 14:57 Uhr Klitschko\u00a0meldet Wiederherstellung der Wasserversorgung in Kiew (Symbolbild)Maxim Bogodwid \/ Sputnik Die Wasserversorgung sei in allen [&hellip;]","og_url":"https:\/\/now-news.de\/de\/deutschland\/liveticker-ukraine-krieg-ukrainische-sicherheitsbehoerden-nehmen-evakuierungshelfer-aus-cherson-fest\/","og_site_name":"just-now.NEWS Deutschland","article_publisher":"https:\/\/www.facebook.com\/wirmachenauf","article_published_time":"2022-11-24T13:55:00+00:00","og_image":[{"width":460,"height":259,"url":"https:\/\/now-news.de\/de\/wp-content\/uploads\/sites\/3\/2022\/11\/Liveticker-Ukraine-Krieg-Ukrainische-Sicherheitsbehoerden-nehmen-Evakuierungshelfer-aus-Cherson-fest.jpg","type":"image\/jpeg"}],"author":"rtnews","twitter_card":"summary_large_image","twitter_creator":"@WirMachenAuf_de","twitter_site":"@WirMachenAuf_de","twitter_misc":{"Verfasst von":"rtnews","Gesch\u00e4tzte Lesezeit":"9\u00a0Minuten"},"schema":{"@context":"https:\/\/schema.org","@graph":[{"@type":"Article","@id":"https:\/\/now-news.de\/de\/deutschland\/liveticker-ukraine-krieg-ukrainische-sicherheitsbehoerden-nehmen-evakuierungshelfer-aus-cherson-fest\/#article","isPartOf":{"@id":"https:\/\/now-news.de\/de\/deutschland\/liveticker-ukraine-krieg-ukrainische-sicherheitsbehoerden-nehmen-evakuierungshelfer-aus-cherson-fest\/"},"author":{"name":"rtnews","@id":"https:\/\/now-news.de\/de\/#\/schema\/person\/fb534a4e865501d8b3285208df34a9b5"},"headline":"Liveticker Ukraine-Krieg: Ukrainische Sicherheitsbeh\u00f6rden nehmen Evakuierungshelfer aus Cherson fest","datePublished":"2022-11-24T13:55:00+00:00","dateModified":"2022-11-24T13:55:00+00:00","mainEntityOfPage":{"@id":"https:\/\/now-news.de\/de\/deutschland\/liveticker-ukraine-krieg-ukrainische-sicherheitsbehoerden-nehmen-evakuierungshelfer-aus-cherson-fest\/"},"wordCount":1801,"commentCount":0,"publisher":{"@id":"https:\/\/now-news.de\/de\/#organization"},"image":{"@id":"https:\/\/now-news.de\/de\/deutschland\/liveticker-ukraine-krieg-ukrainische-sicherheitsbehoerden-nehmen-evakuierungshelfer-aus-cherson-fest\/#primaryimage"},"thumbnailUrl":"https:\/\/now-news.de\/de\/wp-content\/uploads\/sites\/3\/2022\/11\/Liveticker-Ukraine-Krieg-Ukrainische-Sicherheitsbehoerden-nehmen-Evakuierungshelfer-aus-Cherson-fest.jpg","keywords":["aus","Cherson","Evakuierungshelfer","fest","Liveticker","nehmen","Sicherheitsbeh\u00f6rden","UkraineKrieg","Ukrainische"],"articleSection":["Deutschland","Russland"],"inLanguage":"de","potentialAction":[{"@type":"CommentAction","name":"Comment","target":["https:\/\/now-news.de\/de\/deutschland\/liveticker-ukraine-krieg-ukrainische-sicherheitsbehoerden-nehmen-evakuierungshelfer-aus-cherson-fest\/#respond"]}]},{"@type":"WebPage","@id":"https:\/\/now-news.de\/de\/deutschland\/liveticker-ukraine-krieg-ukrainische-sicherheitsbehoerden-nehmen-evakuierungshelfer-aus-cherson-fest\/","url":"https:\/\/now-news.de\/de\/deutschland\/liveticker-ukraine-krieg-ukrainische-sicherheitsbehoerden-nehmen-evakuierungshelfer-aus-cherson-fest\/","name":"Liveticker Ukraine-Krieg: Ukrainische Sicherheitsbeh\u00f6rden nehmen Evakuierungshelfer aus Cherson fest - just-now.NEWS Deutschland","isPartOf":{"@id":"https:\/\/now-news.de\/de\/#website"},"primaryImageOfPage":{"@id":"https:\/\/now-news.de\/de\/deutschland\/liveticker-ukraine-krieg-ukrainische-sicherheitsbehoerden-nehmen-evakuierungshelfer-aus-cherson-fest\/#primaryimage"},"image":{"@id":"https:\/\/now-news.de\/de\/deutschland\/liveticker-ukraine-krieg-ukrainische-sicherheitsbehoerden-nehmen-evakuierungshelfer-aus-cherson-fest\/#primaryimage"},"thumbnailUrl":"https:\/\/now-news.de\/de\/wp-content\/uploads\/sites\/3\/2022\/11\/Liveticker-Ukraine-Krieg-Ukrainische-Sicherheitsbehoerden-nehmen-Evakuierungshelfer-aus-Cherson-fest.jpg","datePublished":"2022-11-24T13:55:00+00:00","dateModified":"2022-11-24T13:55:00+00:00","breadcrumb":{"@id":"https:\/\/now-news.de\/de\/deutschland\/liveticker-ukraine-krieg-ukrainische-sicherheitsbehoerden-nehmen-evakuierungshelfer-aus-cherson-fest\/#breadcrumb"},"inLanguage":"de","potentialAction":[{"@type":"ReadAction","target":["https:\/\/now-news.de\/de\/deutschland\/liveticker-ukraine-krieg-ukrainische-sicherheitsbehoerden-nehmen-evakuierungshelfer-aus-cherson-fest\/"]}]},{"@type":"ImageObject","inLanguage":"de","@id":"https:\/\/now-news.de\/de\/deutschland\/liveticker-ukraine-krieg-ukrainische-sicherheitsbehoerden-nehmen-evakuierungshelfer-aus-cherson-fest\/#primaryimage","url":"https:\/\/now-news.de\/de\/wp-content\/uploads\/sites\/3\/2022\/11\/Liveticker-Ukraine-Krieg-Ukrainische-Sicherheitsbehoerden-nehmen-Evakuierungshelfer-aus-Cherson-fest.jpg","contentUrl":"https:\/\/now-news.de\/de\/wp-content\/uploads\/sites\/3\/2022\/11\/Liveticker-Ukraine-Krieg-Ukrainische-Sicherheitsbehoerden-nehmen-Evakuierungshelfer-aus-Cherson-fest.jpg","width":460,"height":259,"caption":"Liveticker Ukraine-Krieg: Ukrainische Sicherheitsbeh\u00f6rden nehmen Evakuierungshelfer aus Cherson fest"},{"@type":"BreadcrumbList","@id":"https:\/\/now-news.de\/de\/deutschland\/liveticker-ukraine-krieg-ukrainische-sicherheitsbehoerden-nehmen-evakuierungshelfer-aus-cherson-fest\/#breadcrumb","itemListElement":[{"@type":"ListItem","position":1,"name":"Home","item":"https:\/\/now-news.de\/de\/"},{"@type":"ListItem","position":2,"name":"Liveticker Ukraine-Krieg: Ukrainische Sicherheitsbeh\u00f6rden nehmen Evakuierungshelfer aus Cherson fest"}]},{"@type":"WebSite","@id":"https:\/\/now-news.de\/de\/#website","url":"https:\/\/now-news.de\/de\/","name":"just-now.NEWS Deutschland","description":"Das Portal f\u00fcr unzensierte Nachrichten aus der Welt","publisher":{"@id":"https:\/\/now-news.de\/de\/#organization"},"potentialAction":[{"@type":"SearchAction","target":{"@type":"EntryPoint","urlTemplate":"https:\/\/now-news.de\/de\/?s={search_term_string}"},"query-input":"required name=search_term_string"}],"inLanguage":"de"},{"@type":"Organization","@id":"https:\/\/now-news.de\/de\/#organization","name":"Just Now News","url":"https:\/\/now-news.de\/de\/","logo":{"@type":"ImageObject","inLanguage":"de","@id":"https:\/\/now-news.de\/de\/#\/schema\/logo\/image\/","url":"http:\/\/just-now.news\/de\/wp-content\/uploads\/sites\/3\/2022\/04\/logo500x500.jpg","contentUrl":"http:\/\/just-now.news\/de\/wp-content\/uploads\/sites\/3\/2022\/04\/logo500x500.jpg","width":500,"height":500,"caption":"Just Now News"},"image":{"@id":"https:\/\/now-news.de\/de\/#\/schema\/logo\/image\/"},"sameAs":["https:\/\/www.facebook.com\/wirmachenauf","https:\/\/x.com\/WirMachenAuf_de"]},{"@type":"Person","@id":"https:\/\/now-news.de\/de\/#\/schema\/person\/fb534a4e865501d8b3285208df34a9b5","name":"rtnews","image":{"@type":"ImageObject","inLanguage":"de","@id":"https:\/\/now-news.de\/de\/#\/schema\/person\/image\/","url":"https:\/\/secure.gravatar.com\/avatar\/82aafea7d8127119dd649515f56e2117?s=96&d=mm&r=g","contentUrl":"https:\/\/secure.gravatar.com\/avatar\/82aafea7d8127119dd649515f56e2117?s=96&d=mm&r=g","caption":"rtnews"},"url":"https:\/\/now-news.de\/de\/author\/rnews\/"}]}},"_links":{"self":[{"href":"https:\/\/now-news.de\/de\/wp-json\/wp\/v2\/posts\/23928"}],"collection":[{"href":"https:\/\/now-news.de\/de\/wp-json\/wp\/v2\/posts"}],"about":[{"href":"https:\/\/now-news.de\/de\/wp-json\/wp\/v2\/types\/post"}],"author":[{"embeddable":true,"href":"https:\/\/now-news.de\/de\/wp-json\/wp\/v2\/users\/3"}],"replies":[{"embeddable":true,"href":"https:\/\/now-news.de\/de\/wp-json\/wp\/v2\/comments?post=23928"}],"version-history":[{"count":0,"href":"https:\/\/now-news.de\/de\/wp-json\/wp\/v2\/posts\/23928\/revisions"}],"wp:featuredmedia":[{"embeddable":true,"href":"https:\/\/now-news.de\/de\/wp-json\/wp\/v2\/media\/23929"}],"wp:attachment":[{"href":"https:\/\/now-news.de\/de\/wp-json\/wp\/v2\/media?parent=23928"}],"wp:term":[{"taxonomy":"category","embeddable":true,"href":"https:\/\/now-news.de\/de\/wp-json\/wp\/v2\/categories?post=23928"},{"taxonomy":"post_tag","embeddable":true,"href":"https:\/\/now-news.de\/de\/wp-json\/wp\/v2\/tags?post=23928"}],"curies":[{"name":"wp","href":"https:\/\/api.w.org\/{rel}","templated":true}]}}