{"id":23873,"date":"2022-11-23T19:59:38","date_gmt":"2022-11-23T17:59:38","guid":{"rendered":"https:\/\/just-now.news\/de\/deutschland\/nein-des-praesidenten-gegen-ja-des-premiers-disput-um-ausbildung-ukrainischer-soldaten-in-kroatien\/"},"modified":"2022-11-23T19:59:38","modified_gmt":"2022-11-23T17:59:38","slug":"nein-des-praesidenten-gegen-ja-des-premiers-disput-um-ausbildung-ukrainischer-soldaten-in-kroatien","status":"publish","type":"post","link":"https:\/\/now-news.de\/de\/deutschland\/nein-des-praesidenten-gegen-ja-des-premiers-disput-um-ausbildung-ukrainischer-soldaten-in-kroatien\/","title":{"rendered":"Nein des Pr\u00e4sidenten gegen Ja des Premiers: Disput um Ausbildung ukrainischer Soldaten in Kroatien"},"content":{"rendered":"<p><img decoding=\"async\" src=\"http:\/\/just-now.news\/de\/wp-content\/uploads\/sites\/3\/2022\/11\/637e2044b480cc353137058f.jpg\" \/><\/p>\n<div class=\"Text-root Text-type_1 \">\n                In mehreren EU-L\u00e4ndern, darunter auch Deutschland, soll demn\u00e4chst die Ausbildung von etwa 15.000 ukrainischen Soldaten auf Milit\u00e4rst\u00fctzpunkten starten. In Kroatien wird seit Wochen zwischen dem Pr\u00e4sidenten und der Regierung ein offener Streit \u00fcber eine Teilnahme am Vorhaben ausgetragen.\n            <\/div>\n<p><\/p>\n<div class=\"Text-root Text-type_5 ArticleView-text ViewText-root \">\n<p><em>Eine Analyse von Marinko U\u010dur<\/em><\/p>\n<p>&#8220;Als Oberbefehlshaber der kroatischen Streitkr\u00e4fte werde ich keinen Antr\u00e4gen zustimmen, die darauf abzielen, ukrainischen Soldaten die Ausbildung in unserem Land zu erm\u00f6glichen&#8221;, sagte Kroatiens Pr\u00e4sident\u00a0Zoran Milanovi\u0107 bereits vor einem Monat in Anspielung auf die h\u00e4ufigeren seinem Land gestellten Antr\u00e4ge, sich mehreren NATO-Staaten anzuschlie\u00dfen, die ihre Bereitschaft bekundet haben, die Ukraine auf diese Weise zu unterst\u00fctzen.<\/p>\n<p>Doch einige &#8220;Falken&#8221;<em>\u00a0<\/em>der regierenden Kroatischen Demokratischen Union (HDZ) unter F\u00fchrung von Ministerpr\u00e4sident Andrej Plenkovi\u0107 ignorierten die energische Haltung von Pr\u00e4sident Milanovi\u0107 und bestehen beharrlich darauf, dass der kleine Balkanstaat im aktuellen Konflikt, den Moskau als &#8220;Sondermilit\u00e4roperation&#8221; bezeichnet, noch energischer Partei ergreifen soll. Diesmal wurde es offiziell vom Verteidigungsminister in der Regierung von Plenkovi\u0107, Mario Bano\u017ei\u0107, durchgef\u00fchrt, der Milanovi\u0107s Zustimmung erbat, ukrainische Soldaten zu beherbergen, um sie f\u00fcr den Kampf gegen Russland auszubilden.<\/p>\n<p>Milanovi\u0107 blieb jedoch unbeirrt in seiner Entscheidung, da die Voraussetzungen f\u00fcr eine Ber\u00fccksichtigung des Antrags des Ministers \u00fcberhaupt nicht geschaffen worden waren, und erkl\u00e4rte, dass er aus mehreren Gr\u00fcnden im Widerspruch zur Verfassung stehe. Milanovi\u0107 sei nicht klar, welche Aktivit\u00e4ten Vertreter der ukrainischen Streitkr\u00e4fte\u00a0als Nicht-NATO-Mitglied auf dem Territorium seines Landes durchf\u00fchren w\u00fcrden. Mit anderen Worten, damit eine ausl\u00e4ndische Armee kroatischen Boden betreten k\u00f6nnte, m\u00fcssten zwei Bedingungen erf\u00fcllt sein \u2013 entweder, dass es sich um Streitkr\u00e4fte eines verb\u00fcndeten Landes handelt oder dass der Eintritt und Einsatz solcher Streitkr\u00e4fte im Einklang mit abgeschlossenen internationalen \u00dcbereinkommen ist. Und dies ist demach hier nicht der Fall.<\/p>\n<p>Milanovi\u0107 hat auch in der Vergangenheit seine Vorbehalte gegen\u00fcber der Parteinahme Kroatiens f\u00fcr die Ukraine ge\u00e4u\u00dfert. Er war deutlich h\u00f6rbar, indem er den Stopp mit der Russophobie aus Br\u00fcssel und Washington forderte und daf\u00fcr kritisiert wurde. Bei mehreren Gelegenheiten \u00e4u\u00dferte er sich offen gegen die Pl\u00e4ne einer Ausbildung ukrainischer Streitkr\u00e4fte auf kroatischem Boden, weil dies eine mehr als n\u00f6tige Beteiligung Kroatiens am Krieg bedeuten w\u00fcrde. So erkl\u00e4rte Milanovi\u0107 bei einer Gelegenheit:<\/p>\n<blockquote>\n<p><em>&#8220;Ich unterst\u00fctze diese Idee nicht, weil ich eine mehr als n\u00f6tige Einmischung Kroatiens in diesen Krieg nicht mehr bef\u00fcrworte. Das ist das Ankommen des Krieges auf kroatischem Boden. Wir sind korrekt, zeigen uns solidarisch, und das reicht. Die NATO ist zu hundert Prozent am Krieg in der Ukraine beteiligt. Das ist Tatsache.&#8221;<\/em><\/p>\n<\/blockquote>\n<p>Der Verteidigungsminister, der im Namen der rechten Regierung von Plenkovi\u0107 formaler Initiator dieser Idee ist, hofft, dass das Parlament am Ende \u00fcber diese M\u00f6glichkeit eine Entscheidung treffen und eine Zweidrittelmehrheit der Abgeordneten den Pr\u00e4sidenten &#8220;\u00fcberstimmen&#8221; wird. Der m\u00fcsste sich in diesem Fall dann mit den Absichten des offiziellen Zagreb, seine Unterw\u00fcrfigkeit gegen\u00fcber der NATO und Br\u00fcssel zu zeigen, abfinden. Bano\u017ei\u0107, ebenfalls Mitglied in der Partei des verstorbenen kroatischen Pr\u00e4sidenten Franjo Tu\u0111man, der nach Ansicht vieler einer der Schuldigen f\u00fcr den tragischen und blutigen Zusammenbruch des ehemaligen Jugoslawien war, sagte j\u00fcngst:\u00a0 \u00a0 \u00a0 \u00a0<\/p>\n<blockquote>\n<p><em>&#8220;Mit dieser Weigerung entzieht sich der Pr\u00e4sident der Verantwortung, und ich bin von einer Zweidrittelmehrheit jener Abgeordneten des Parlaments \u00fcberzeugt, die zutiefst sp\u00fcren, was in der Ukraine passiert, was auf dem Boden Europas passiert, was nicht nur Europa, sondern die ganze Welt bedrohen kann.&#8221;<\/em><\/p>\n<\/blockquote>\n<p>Sini\u0161a Hajda\u0161 Don\u010di\u0107 von der Sozialdemokratischen Partei (SDP) betonte, dass &#8220;Russland der Aggressor ist und der Ukraine geholfen werden sollte, aber durch einen Konsens aller EU- und NATO-Mitglieder. Es besteht keine Notwendigkeit, dass einzelne L\u00e4nder aus diesem Konsens herausragen&#8221;.<\/p>\n<p>Stipe Mlinari\u0107 von der Bewegung Heimatland erkl\u00e4rte unterdessen, dass ukrainische Soldaten seiner Meinung nach &#8220;nicht kommen sollten&#8221;. Demnach sei er \u00fcberzeugt, dass sich Ministerpr\u00e4sident Plenkovi\u0107 nicht die Unterst\u00fctzung von\u00a0zwei Dritteln der Abgeordneten sichern kann, sofern der Vorschlag dem Parlament vorgelegt wird. So fragte\u00a0Mlinari\u0107:<\/p>\n<blockquote>\n<p><em>&#8220;Wozu sollten ukrainische Soldaten zu uns kommen? Warum entsenden wir unsere Offiziere nicht in die Ukraine, um dort ukrainische Soldaten auszubilden.&#8221;<\/em><\/p>\n<\/blockquote>\n<p>Derweil warnte der kroatische Parlamentsabgeordnete \u017deljko Sa\u010di\u0107 von der Partei der Kroatischen Souver\u00e4nisten, dass das kroatische Volk &#8220;auf das Risiko vorbereitet sein sollte, dort ein legales milit\u00e4risches Ziel russischer Drohnen zu werden, wo das Training stattfinden w\u00fcrde&#8221;. Er erg\u00e4nzte:<\/p>\n<blockquote>\n<p><em>&#8220;Die Russen befinden sich im Krieg mit der Ukraine und sie haben das Recht, \u00fcberall gegen die ukrainische Armee zu k\u00e4mpfen, auch in Kroatien, und das w\u00e4re kein Kriegsverbrechen.&#8221;<\/em><\/p>\n<\/blockquote>\n<p>Man gewinnt den Eindruck, dass die kroatische \u00d6ffentlichkeit die gem\u00e4\u00dfigte Position des Pr\u00e4sidenten des Landes ma\u00dfgeblich unterst\u00fctzt. Egal, wie sehr sich die offizielle Regierung f\u00fcr die Unterst\u00fctzung von Kiew einsetzt, was im Kontext der Politik der Europ\u00e4ischen Union ist, sind sich die B\u00fcrger dennoch bewusst, dass es f\u00fcr ihr Land am besten w\u00e4re, sich vom Konflikt fernzuhalten. Schlie\u00dflich ist Kroatien ein kleines Land, und sein Handeln kann das Handeln von Berlin, Br\u00fcssel, London oder Washington ohnehin nicht ma\u00dfgeblich beeinflussen.<\/p>\n<p><strong>Meh zum Thema<\/strong> &#8211;\u00a0<a rel=\"nofollow noopener\" target=\"_blank\" href=\"https:\/\/test.rtde.tech\/international\/153424-medienbericht-britischer-geheimdienst-soll-verdeckte-terrorarmee-in-ukraine-aufbauen\/\">Medienbericht: Britischer Geheimdienst soll verdeckte Terrorarmee in Ukraine aufbauen<\/a><\/p>\n<div class=\"EmbedBlock-root EmbedBlock-externalVideo EmbedBlock-vk\">\n<div class=\"VkEmbed\"><iframe class=\"lazyload\" data-src=\"https:\/\/vk.com\/video_ext.php?oid=-134310637&amp;id=456260274&amp;hash=e3017e23e1af1833\" frameborder=\"0\" width=\"853\" height=\"480\" allowfullscreen><\/iframe><\/div>\n<\/div>\n<\/div>\n<p><br \/>\n<br \/><a href=\"https:\/\/de.rt.com\/international\/155209-nein-praesidenten-gegen-ja-premiers\/\">Source link <\/a><\/p>\n","protected":false},"excerpt":{"rendered":"<p>In mehreren EU-L\u00e4ndern, darunter auch Deutschland, soll demn\u00e4chst die Ausbildung von etwa 15.000 ukrainischen Soldaten auf Milit\u00e4rst\u00fctzpunkten starten. In Kroatien wird seit Wochen zwischen dem Pr\u00e4sidenten und der Regierung ein offener Streit \u00fcber eine Teilnahme am Vorhaben ausgetragen. Eine Analyse von Marinko U\u010dur &#8220;Als Oberbefehlshaber der kroatischen Streitkr\u00e4fte werde ich keinen Antr\u00e4gen zustimmen, die darauf [&hellip;]<\/p>\n","protected":false},"author":3,"featured_media":23874,"comment_status":"open","ping_status":"open","sticky":false,"template":"","format":"standard","meta":{"_yoast_indexnow_last_ping":["1669228726"],"wp_automatic_camp":["217"],"ddfca1acdc9301a1f5daf7cd3ae25885":["Nein des Pr\u00e4sidenten gegen Ja des Premiers: Disput um Ausbildung ukrainischer Soldaten in Kroatien"],"original_link":["https:\/\/de.rt.com\/international\/155209-nein-praesidenten-gegen-ja-premiers\/"],"_thumbnail_id":["23874"],"_wptgpro_p2tg_sent2tg":["a:1:{i:23737;s:19:\"2022-11-23 20:40:27\";}"],"jnews_social_counter_last_update":["1776854041"]},"categories":[19,23],"tags":[16877,583,16753,278,11591,5968,8462,36366,2333,488],"yoast_head":"<!-- This site is optimized with the Yoast SEO Premium plugin v22.7 (Yoast SEO v22.7) - https:\/\/yoast.com\/wordpress\/plugins\/seo\/ -->\n<title>Nein des Pr\u00e4sidenten gegen Ja des Premiers: Disput um Ausbildung ukrainischer Soldaten in Kroatien - just-now.NEWS Deutschland<\/title>\n<meta name=\"robots\" content=\"index, follow, max-snippet:-1, max-image-preview:large, max-video-preview:-1\" \/>\n<link rel=\"canonical\" href=\"https:\/\/now-news.de\/de\/deutschland\/nein-des-praesidenten-gegen-ja-des-premiers-disput-um-ausbildung-ukrainischer-soldaten-in-kroatien\/\" \/>\n<meta property=\"og:locale\" content=\"de_DE\" \/>\n<meta property=\"og:type\" content=\"article\" \/>\n<meta property=\"og:title\" content=\"Nein des Pr\u00e4sidenten gegen Ja des Premiers: Disput um Ausbildung ukrainischer Soldaten in Kroatien\" \/>\n<meta property=\"og:description\" content=\"In mehreren EU-L\u00e4ndern, darunter auch Deutschland, soll demn\u00e4chst die Ausbildung von etwa 15.000 ukrainischen Soldaten auf Milit\u00e4rst\u00fctzpunkten starten. In Kroatien wird seit Wochen zwischen dem Pr\u00e4sidenten und der Regierung ein offener Streit \u00fcber eine Teilnahme am Vorhaben ausgetragen. Eine Analyse von Marinko U\u010dur &#8220;Als Oberbefehlshaber der kroatischen Streitkr\u00e4fte werde ich keinen Antr\u00e4gen zustimmen, die darauf [&hellip;]\" \/>\n<meta property=\"og:url\" content=\"https:\/\/now-news.de\/de\/deutschland\/nein-des-praesidenten-gegen-ja-des-premiers-disput-um-ausbildung-ukrainischer-soldaten-in-kroatien\/\" \/>\n<meta property=\"og:site_name\" content=\"just-now.NEWS Deutschland\" \/>\n<meta property=\"article:publisher\" content=\"https:\/\/www.facebook.com\/wirmachenauf\" \/>\n<meta property=\"article:published_time\" content=\"2022-11-23T17:59:38+00:00\" \/>\n<meta property=\"og:image\" content=\"https:\/\/now-news.de\/de\/wp-content\/uploads\/sites\/3\/2022\/11\/Nein-des-Praesidenten-gegen-Ja-des-Premiers-Disput-um-Ausbildung.jpg\" \/>\n\t<meta property=\"og:image:width\" content=\"460\" \/>\n\t<meta property=\"og:image:height\" content=\"259\" \/>\n\t<meta property=\"og:image:type\" content=\"image\/jpeg\" \/>\n<meta name=\"author\" content=\"rtnews\" \/>\n<meta name=\"twitter:card\" content=\"summary_large_image\" \/>\n<meta name=\"twitter:creator\" content=\"@WirMachenAuf_de\" \/>\n<meta name=\"twitter:site\" content=\"@WirMachenAuf_de\" \/>\n<meta name=\"twitter:label1\" content=\"Verfasst von\" \/>\n\t<meta name=\"twitter:data1\" content=\"rtnews\" \/>\n\t<meta name=\"twitter:label2\" content=\"Gesch\u00e4tzte Lesezeit\" \/>\n\t<meta name=\"twitter:data2\" content=\"4\u00a0Minuten\" \/>\n<script type=\"application\/ld+json\" class=\"yoast-schema-graph\">{\"@context\":\"https:\/\/schema.org\",\"@graph\":[{\"@type\":\"Article\",\"@id\":\"https:\/\/now-news.de\/de\/deutschland\/nein-des-praesidenten-gegen-ja-des-premiers-disput-um-ausbildung-ukrainischer-soldaten-in-kroatien\/#article\",\"isPartOf\":{\"@id\":\"https:\/\/now-news.de\/de\/deutschland\/nein-des-praesidenten-gegen-ja-des-premiers-disput-um-ausbildung-ukrainischer-soldaten-in-kroatien\/\"},\"author\":{\"name\":\"rtnews\",\"@id\":\"https:\/\/now-news.de\/de\/#\/schema\/person\/fb534a4e865501d8b3285208df34a9b5\"},\"headline\":\"Nein des Pr\u00e4sidenten gegen Ja des Premiers: Disput um Ausbildung ukrainischer Soldaten in Kroatien\",\"datePublished\":\"2022-11-23T17:59:38+00:00\",\"dateModified\":\"2022-11-23T17:59:38+00:00\",\"mainEntityOfPage\":{\"@id\":\"https:\/\/now-news.de\/de\/deutschland\/nein-des-praesidenten-gegen-ja-des-premiers-disput-um-ausbildung-ukrainischer-soldaten-in-kroatien\/\"},\"wordCount\":905,\"commentCount\":0,\"publisher\":{\"@id\":\"https:\/\/now-news.de\/de\/#organization\"},\"image\":{\"@id\":\"https:\/\/now-news.de\/de\/deutschland\/nein-des-praesidenten-gegen-ja-des-premiers-disput-um-ausbildung-ukrainischer-soldaten-in-kroatien\/#primaryimage\"},\"thumbnailUrl\":\"https:\/\/now-news.de\/de\/wp-content\/uploads\/sites\/3\/2022\/11\/Nein-des-Praesidenten-gegen-Ja-des-Premiers-Disput-um-Ausbildung.jpg\",\"keywords\":[\"Ausbildung\",\"des\",\"Disput\",\"gegen\",\"Kroatien\",\"Nein\",\"Pr\u00e4sidenten\",\"Premiers\",\"Soldaten\",\"Ukrainischer\"],\"articleSection\":[\"Deutschland\",\"Russland\"],\"inLanguage\":\"de\",\"potentialAction\":[{\"@type\":\"CommentAction\",\"name\":\"Comment\",\"target\":[\"https:\/\/now-news.de\/de\/deutschland\/nein-des-praesidenten-gegen-ja-des-premiers-disput-um-ausbildung-ukrainischer-soldaten-in-kroatien\/#respond\"]}]},{\"@type\":\"WebPage\",\"@id\":\"https:\/\/now-news.de\/de\/deutschland\/nein-des-praesidenten-gegen-ja-des-premiers-disput-um-ausbildung-ukrainischer-soldaten-in-kroatien\/\",\"url\":\"https:\/\/now-news.de\/de\/deutschland\/nein-des-praesidenten-gegen-ja-des-premiers-disput-um-ausbildung-ukrainischer-soldaten-in-kroatien\/\",\"name\":\"Nein des Pr\u00e4sidenten gegen Ja des Premiers: Disput um Ausbildung ukrainischer Soldaten in Kroatien - just-now.NEWS Deutschland\",\"isPartOf\":{\"@id\":\"https:\/\/now-news.de\/de\/#website\"},\"primaryImageOfPage\":{\"@id\":\"https:\/\/now-news.de\/de\/deutschland\/nein-des-praesidenten-gegen-ja-des-premiers-disput-um-ausbildung-ukrainischer-soldaten-in-kroatien\/#primaryimage\"},\"image\":{\"@id\":\"https:\/\/now-news.de\/de\/deutschland\/nein-des-praesidenten-gegen-ja-des-premiers-disput-um-ausbildung-ukrainischer-soldaten-in-kroatien\/#primaryimage\"},\"thumbnailUrl\":\"https:\/\/now-news.de\/de\/wp-content\/uploads\/sites\/3\/2022\/11\/Nein-des-Praesidenten-gegen-Ja-des-Premiers-Disput-um-Ausbildung.jpg\",\"datePublished\":\"2022-11-23T17:59:38+00:00\",\"dateModified\":\"2022-11-23T17:59:38+00:00\",\"breadcrumb\":{\"@id\":\"https:\/\/now-news.de\/de\/deutschland\/nein-des-praesidenten-gegen-ja-des-premiers-disput-um-ausbildung-ukrainischer-soldaten-in-kroatien\/#breadcrumb\"},\"inLanguage\":\"de\",\"potentialAction\":[{\"@type\":\"ReadAction\",\"target\":[\"https:\/\/now-news.de\/de\/deutschland\/nein-des-praesidenten-gegen-ja-des-premiers-disput-um-ausbildung-ukrainischer-soldaten-in-kroatien\/\"]}]},{\"@type\":\"ImageObject\",\"inLanguage\":\"de\",\"@id\":\"https:\/\/now-news.de\/de\/deutschland\/nein-des-praesidenten-gegen-ja-des-premiers-disput-um-ausbildung-ukrainischer-soldaten-in-kroatien\/#primaryimage\",\"url\":\"https:\/\/now-news.de\/de\/wp-content\/uploads\/sites\/3\/2022\/11\/Nein-des-Praesidenten-gegen-Ja-des-Premiers-Disput-um-Ausbildung.jpg\",\"contentUrl\":\"https:\/\/now-news.de\/de\/wp-content\/uploads\/sites\/3\/2022\/11\/Nein-des-Praesidenten-gegen-Ja-des-Premiers-Disput-um-Ausbildung.jpg\",\"width\":460,\"height\":259,\"caption\":\"Nein des Pr\u00e4sidenten gegen Ja des Premiers: Disput um Ausbildung ukrainischer Soldaten in Kroatien\"},{\"@type\":\"BreadcrumbList\",\"@id\":\"https:\/\/now-news.de\/de\/deutschland\/nein-des-praesidenten-gegen-ja-des-premiers-disput-um-ausbildung-ukrainischer-soldaten-in-kroatien\/#breadcrumb\",\"itemListElement\":[{\"@type\":\"ListItem\",\"position\":1,\"name\":\"Home\",\"item\":\"https:\/\/now-news.de\/de\/\"},{\"@type\":\"ListItem\",\"position\":2,\"name\":\"Nein des Pr\u00e4sidenten gegen Ja des Premiers: Disput um Ausbildung ukrainischer Soldaten in Kroatien\"}]},{\"@type\":\"WebSite\",\"@id\":\"https:\/\/now-news.de\/de\/#website\",\"url\":\"https:\/\/now-news.de\/de\/\",\"name\":\"just-now.NEWS Deutschland\",\"description\":\"Das Portal f\u00fcr unzensierte Nachrichten aus der Welt\",\"publisher\":{\"@id\":\"https:\/\/now-news.de\/de\/#organization\"},\"potentialAction\":[{\"@type\":\"SearchAction\",\"target\":{\"@type\":\"EntryPoint\",\"urlTemplate\":\"https:\/\/now-news.de\/de\/?s={search_term_string}\"},\"query-input\":\"required name=search_term_string\"}],\"inLanguage\":\"de\"},{\"@type\":\"Organization\",\"@id\":\"https:\/\/now-news.de\/de\/#organization\",\"name\":\"Just Now News\",\"url\":\"https:\/\/now-news.de\/de\/\",\"logo\":{\"@type\":\"ImageObject\",\"inLanguage\":\"de\",\"@id\":\"https:\/\/now-news.de\/de\/#\/schema\/logo\/image\/\",\"url\":\"http:\/\/just-now.news\/de\/wp-content\/uploads\/sites\/3\/2022\/04\/logo500x500.jpg\",\"contentUrl\":\"http:\/\/just-now.news\/de\/wp-content\/uploads\/sites\/3\/2022\/04\/logo500x500.jpg\",\"width\":500,\"height\":500,\"caption\":\"Just Now News\"},\"image\":{\"@id\":\"https:\/\/now-news.de\/de\/#\/schema\/logo\/image\/\"},\"sameAs\":[\"https:\/\/www.facebook.com\/wirmachenauf\",\"https:\/\/x.com\/WirMachenAuf_de\"]},{\"@type\":\"Person\",\"@id\":\"https:\/\/now-news.de\/de\/#\/schema\/person\/fb534a4e865501d8b3285208df34a9b5\",\"name\":\"rtnews\",\"image\":{\"@type\":\"ImageObject\",\"inLanguage\":\"de\",\"@id\":\"https:\/\/now-news.de\/de\/#\/schema\/person\/image\/\",\"url\":\"https:\/\/secure.gravatar.com\/avatar\/82aafea7d8127119dd649515f56e2117?s=96&d=mm&r=g\",\"contentUrl\":\"https:\/\/secure.gravatar.com\/avatar\/82aafea7d8127119dd649515f56e2117?s=96&d=mm&r=g\",\"caption\":\"rtnews\"},\"url\":\"https:\/\/now-news.de\/de\/author\/rnews\/\"}]}<\/script>\n<!-- \/ Yoast SEO Premium plugin. -->","yoast_head_json":{"title":"Nein des Pr\u00e4sidenten gegen Ja des Premiers: Disput um Ausbildung ukrainischer Soldaten in Kroatien - just-now.NEWS Deutschland","robots":{"index":"index","follow":"follow","max-snippet":"max-snippet:-1","max-image-preview":"max-image-preview:large","max-video-preview":"max-video-preview:-1"},"canonical":"https:\/\/now-news.de\/de\/deutschland\/nein-des-praesidenten-gegen-ja-des-premiers-disput-um-ausbildung-ukrainischer-soldaten-in-kroatien\/","og_locale":"de_DE","og_type":"article","og_title":"Nein des Pr\u00e4sidenten gegen Ja des Premiers: Disput um Ausbildung ukrainischer Soldaten in Kroatien","og_description":"In mehreren EU-L\u00e4ndern, darunter auch Deutschland, soll demn\u00e4chst die Ausbildung von etwa 15.000 ukrainischen Soldaten auf Milit\u00e4rst\u00fctzpunkten starten. In Kroatien wird seit Wochen zwischen dem Pr\u00e4sidenten und der Regierung ein offener Streit \u00fcber eine Teilnahme am Vorhaben ausgetragen. Eine Analyse von Marinko U\u010dur &#8220;Als Oberbefehlshaber der kroatischen Streitkr\u00e4fte werde ich keinen Antr\u00e4gen zustimmen, die darauf [&hellip;]","og_url":"https:\/\/now-news.de\/de\/deutschland\/nein-des-praesidenten-gegen-ja-des-premiers-disput-um-ausbildung-ukrainischer-soldaten-in-kroatien\/","og_site_name":"just-now.NEWS Deutschland","article_publisher":"https:\/\/www.facebook.com\/wirmachenauf","article_published_time":"2022-11-23T17:59:38+00:00","og_image":[{"width":460,"height":259,"url":"https:\/\/now-news.de\/de\/wp-content\/uploads\/sites\/3\/2022\/11\/Nein-des-Praesidenten-gegen-Ja-des-Premiers-Disput-um-Ausbildung.jpg","type":"image\/jpeg"}],"author":"rtnews","twitter_card":"summary_large_image","twitter_creator":"@WirMachenAuf_de","twitter_site":"@WirMachenAuf_de","twitter_misc":{"Verfasst von":"rtnews","Gesch\u00e4tzte Lesezeit":"4\u00a0Minuten"},"schema":{"@context":"https:\/\/schema.org","@graph":[{"@type":"Article","@id":"https:\/\/now-news.de\/de\/deutschland\/nein-des-praesidenten-gegen-ja-des-premiers-disput-um-ausbildung-ukrainischer-soldaten-in-kroatien\/#article","isPartOf":{"@id":"https:\/\/now-news.de\/de\/deutschland\/nein-des-praesidenten-gegen-ja-des-premiers-disput-um-ausbildung-ukrainischer-soldaten-in-kroatien\/"},"author":{"name":"rtnews","@id":"https:\/\/now-news.de\/de\/#\/schema\/person\/fb534a4e865501d8b3285208df34a9b5"},"headline":"Nein des Pr\u00e4sidenten gegen Ja des Premiers: Disput um Ausbildung ukrainischer Soldaten in Kroatien","datePublished":"2022-11-23T17:59:38+00:00","dateModified":"2022-11-23T17:59:38+00:00","mainEntityOfPage":{"@id":"https:\/\/now-news.de\/de\/deutschland\/nein-des-praesidenten-gegen-ja-des-premiers-disput-um-ausbildung-ukrainischer-soldaten-in-kroatien\/"},"wordCount":905,"commentCount":0,"publisher":{"@id":"https:\/\/now-news.de\/de\/#organization"},"image":{"@id":"https:\/\/now-news.de\/de\/deutschland\/nein-des-praesidenten-gegen-ja-des-premiers-disput-um-ausbildung-ukrainischer-soldaten-in-kroatien\/#primaryimage"},"thumbnailUrl":"https:\/\/now-news.de\/de\/wp-content\/uploads\/sites\/3\/2022\/11\/Nein-des-Praesidenten-gegen-Ja-des-Premiers-Disput-um-Ausbildung.jpg","keywords":["Ausbildung","des","Disput","gegen","Kroatien","Nein","Pr\u00e4sidenten","Premiers","Soldaten","Ukrainischer"],"articleSection":["Deutschland","Russland"],"inLanguage":"de","potentialAction":[{"@type":"CommentAction","name":"Comment","target":["https:\/\/now-news.de\/de\/deutschland\/nein-des-praesidenten-gegen-ja-des-premiers-disput-um-ausbildung-ukrainischer-soldaten-in-kroatien\/#respond"]}]},{"@type":"WebPage","@id":"https:\/\/now-news.de\/de\/deutschland\/nein-des-praesidenten-gegen-ja-des-premiers-disput-um-ausbildung-ukrainischer-soldaten-in-kroatien\/","url":"https:\/\/now-news.de\/de\/deutschland\/nein-des-praesidenten-gegen-ja-des-premiers-disput-um-ausbildung-ukrainischer-soldaten-in-kroatien\/","name":"Nein des Pr\u00e4sidenten gegen Ja des Premiers: Disput um Ausbildung ukrainischer Soldaten in Kroatien - just-now.NEWS Deutschland","isPartOf":{"@id":"https:\/\/now-news.de\/de\/#website"},"primaryImageOfPage":{"@id":"https:\/\/now-news.de\/de\/deutschland\/nein-des-praesidenten-gegen-ja-des-premiers-disput-um-ausbildung-ukrainischer-soldaten-in-kroatien\/#primaryimage"},"image":{"@id":"https:\/\/now-news.de\/de\/deutschland\/nein-des-praesidenten-gegen-ja-des-premiers-disput-um-ausbildung-ukrainischer-soldaten-in-kroatien\/#primaryimage"},"thumbnailUrl":"https:\/\/now-news.de\/de\/wp-content\/uploads\/sites\/3\/2022\/11\/Nein-des-Praesidenten-gegen-Ja-des-Premiers-Disput-um-Ausbildung.jpg","datePublished":"2022-11-23T17:59:38+00:00","dateModified":"2022-11-23T17:59:38+00:00","breadcrumb":{"@id":"https:\/\/now-news.de\/de\/deutschland\/nein-des-praesidenten-gegen-ja-des-premiers-disput-um-ausbildung-ukrainischer-soldaten-in-kroatien\/#breadcrumb"},"inLanguage":"de","potentialAction":[{"@type":"ReadAction","target":["https:\/\/now-news.de\/de\/deutschland\/nein-des-praesidenten-gegen-ja-des-premiers-disput-um-ausbildung-ukrainischer-soldaten-in-kroatien\/"]}]},{"@type":"ImageObject","inLanguage":"de","@id":"https:\/\/now-news.de\/de\/deutschland\/nein-des-praesidenten-gegen-ja-des-premiers-disput-um-ausbildung-ukrainischer-soldaten-in-kroatien\/#primaryimage","url":"https:\/\/now-news.de\/de\/wp-content\/uploads\/sites\/3\/2022\/11\/Nein-des-Praesidenten-gegen-Ja-des-Premiers-Disput-um-Ausbildung.jpg","contentUrl":"https:\/\/now-news.de\/de\/wp-content\/uploads\/sites\/3\/2022\/11\/Nein-des-Praesidenten-gegen-Ja-des-Premiers-Disput-um-Ausbildung.jpg","width":460,"height":259,"caption":"Nein des Pr\u00e4sidenten gegen Ja des Premiers: Disput um Ausbildung ukrainischer Soldaten in Kroatien"},{"@type":"BreadcrumbList","@id":"https:\/\/now-news.de\/de\/deutschland\/nein-des-praesidenten-gegen-ja-des-premiers-disput-um-ausbildung-ukrainischer-soldaten-in-kroatien\/#breadcrumb","itemListElement":[{"@type":"ListItem","position":1,"name":"Home","item":"https:\/\/now-news.de\/de\/"},{"@type":"ListItem","position":2,"name":"Nein des Pr\u00e4sidenten gegen Ja des Premiers: Disput um Ausbildung ukrainischer Soldaten in Kroatien"}]},{"@type":"WebSite","@id":"https:\/\/now-news.de\/de\/#website","url":"https:\/\/now-news.de\/de\/","name":"just-now.NEWS Deutschland","description":"Das Portal f\u00fcr unzensierte Nachrichten aus der Welt","publisher":{"@id":"https:\/\/now-news.de\/de\/#organization"},"potentialAction":[{"@type":"SearchAction","target":{"@type":"EntryPoint","urlTemplate":"https:\/\/now-news.de\/de\/?s={search_term_string}"},"query-input":"required name=search_term_string"}],"inLanguage":"de"},{"@type":"Organization","@id":"https:\/\/now-news.de\/de\/#organization","name":"Just Now News","url":"https:\/\/now-news.de\/de\/","logo":{"@type":"ImageObject","inLanguage":"de","@id":"https:\/\/now-news.de\/de\/#\/schema\/logo\/image\/","url":"http:\/\/just-now.news\/de\/wp-content\/uploads\/sites\/3\/2022\/04\/logo500x500.jpg","contentUrl":"http:\/\/just-now.news\/de\/wp-content\/uploads\/sites\/3\/2022\/04\/logo500x500.jpg","width":500,"height":500,"caption":"Just Now News"},"image":{"@id":"https:\/\/now-news.de\/de\/#\/schema\/logo\/image\/"},"sameAs":["https:\/\/www.facebook.com\/wirmachenauf","https:\/\/x.com\/WirMachenAuf_de"]},{"@type":"Person","@id":"https:\/\/now-news.de\/de\/#\/schema\/person\/fb534a4e865501d8b3285208df34a9b5","name":"rtnews","image":{"@type":"ImageObject","inLanguage":"de","@id":"https:\/\/now-news.de\/de\/#\/schema\/person\/image\/","url":"https:\/\/secure.gravatar.com\/avatar\/82aafea7d8127119dd649515f56e2117?s=96&d=mm&r=g","contentUrl":"https:\/\/secure.gravatar.com\/avatar\/82aafea7d8127119dd649515f56e2117?s=96&d=mm&r=g","caption":"rtnews"},"url":"https:\/\/now-news.de\/de\/author\/rnews\/"}]}},"_links":{"self":[{"href":"https:\/\/now-news.de\/de\/wp-json\/wp\/v2\/posts\/23873"}],"collection":[{"href":"https:\/\/now-news.de\/de\/wp-json\/wp\/v2\/posts"}],"about":[{"href":"https:\/\/now-news.de\/de\/wp-json\/wp\/v2\/types\/post"}],"author":[{"embeddable":true,"href":"https:\/\/now-news.de\/de\/wp-json\/wp\/v2\/users\/3"}],"replies":[{"embeddable":true,"href":"https:\/\/now-news.de\/de\/wp-json\/wp\/v2\/comments?post=23873"}],"version-history":[{"count":0,"href":"https:\/\/now-news.de\/de\/wp-json\/wp\/v2\/posts\/23873\/revisions"}],"wp:featuredmedia":[{"embeddable":true,"href":"https:\/\/now-news.de\/de\/wp-json\/wp\/v2\/media\/23874"}],"wp:attachment":[{"href":"https:\/\/now-news.de\/de\/wp-json\/wp\/v2\/media?parent=23873"}],"wp:term":[{"taxonomy":"category","embeddable":true,"href":"https:\/\/now-news.de\/de\/wp-json\/wp\/v2\/categories?post=23873"},{"taxonomy":"post_tag","embeddable":true,"href":"https:\/\/now-news.de\/de\/wp-json\/wp\/v2\/tags?post=23873"}],"curies":[{"name":"wp","href":"https:\/\/api.w.org\/{rel}","templated":true}]}}