{"id":2373,"date":"2022-04-22T06:01:14","date_gmt":"2022-04-22T07:01:14","guid":{"rendered":"http:\/\/just-now.news\/de\/deutschland\/die-dreistigkeit-der-bellizisten\/"},"modified":"2022-04-22T06:01:14","modified_gmt":"2022-04-22T07:01:14","slug":"die-dreistigkeit-der-bellizisten","status":"publish","type":"post","link":"https:\/\/now-news.de\/de\/deutschland\/die-dreistigkeit-der-bellizisten\/","title":{"rendered":"Die Dreistigkeit der Bellizisten"},"content":{"rendered":"<p><\/p>\n<p><em>Von Wolfgang Bittner<\/em><\/p>\n<p>Milliarden und Abermilliarden f\u00fcr den Krieg, immer mehr Waffen und immer mehr Propaganda. Zu welchem Ende kann das f\u00fchren? Aber diese Frage scheinen sich in Politik und Medien nur sehr Wenige zu stellen. Stattdessen wird gegen Russland gehetzt und aufger\u00fcstet. Schon wer nach den Ursachen des Krieges in der Ukraine und deren gesellschaftlicher Entwicklung seit dem Regime Change im Jahr 2014 fragt, macht sich verd\u00e4chtig, wird diskriminiert und ist von Existenzentziehung bedroht. So sieht es im &#8220;Land der Dichter und Denker&#8221; schon seit einigen Jahren und ins Ma\u00dflose \u00fcbersteigert seit einigen Monaten aus.<\/p>\n<p>Ministerpr\u00e4sidentin Manuela Schwesig wollte die Gasversorgung f\u00fcr Deutschland sicherstellen und Arbeitspl\u00e4tze in Mecklenburg-Vorpommern schaffen. Daf\u00fcr wurde sie von der Bev\u00f6lkerung gew\u00e4hlt, und insofern hat sie genau das getan, was ihre Aufgabe war. Dass sie jetzt im Rahmen der Kriegshetze gegen Russland <a target=\"_blank\" href=\"https:\/\/www.ndr.de\/nachrichten\/mecklenburg-vorpommern\/Gruene-fordern-Aufarbeitung-von-Schwesigs-Rolle-bei-Nord-Stream-2,schwesig1170.html\" rel=\"noopener noreferrer\">angefeindet<\/a> wird, entspricht den Vorgaben, die US-affine Politikerinnen und Politiker vom Hegemon aus Washington erhalten und umsetzen.<\/p>\n<p>Es sind groteske Vorg\u00e4nge, die sich abspielen. So <a target=\"_blank\" href=\"https:\/\/www.ndr.de\/nachrichten\/mecklenburg-vorpommern\/Gruene-fordern-Aufarbeitung-von-Schwesigs-Rolle-bei-Nord-Stream-2,schwesig1170.html\" rel=\"noopener noreferrer\">sprach<\/a> der CDU-Au\u00dfenpolitiker Norbert R\u00f6ttgen von &#8220;Verflechtungen mit Moskau&#8221; und legte Schwesig den R\u00fccktritt nahe. Und der Vorsitzende des Europaausschusses im Bundestag, Anton Hofreiter (B\u00fcndnis 90\/Die Gr\u00fcnen), forderte, Schwesig solle sich jetzt f\u00fcr ein \u00d6l-Embargo und die Lieferung schwerer Waffen an die Ukraine einsetzen. Auch gegen weitere SPD-Politiker wird wegen eines angeblich zu kooperativen Verhaltens zu Russland polemisiert, unter anderem gegen den ehemaligen Vizekanzler und Bundesau\u00dfenminister Sigmar Gabriel. Als ob es ein Vergehen w\u00e4re, mit anderen Regierungen diplomatische Beziehungen oder mit Gesch\u00e4ftspartnern Kontakte zu unterhalten.<\/p>\n<p>Die Hetze steigerte sich ins Absurde, als Bundespr\u00e4sident Frank-Walter Steinmeier von Agitatoren des Krieges eine zu gro\u00dfe N\u00e4he zu Russland vorgeworfen wurde. Deswegen sei Steinmeier, der &#8220;aus Solidarit\u00e4t&#8221; in die Ukraine reisen wollte, dort unerw\u00fcnscht, hie\u00df es aus Kiew. Und der sich seit Monaten als Einpeitscher aufspielende ukrainische Botschafter Andrei Melnyk <a target=\"_blank\" href=\"https:\/\/www.n-tv.de\/politik\/Gabriel-wirft-Melnyk-Verschwoerungstheorien-vor-article23272841.html\" rel=\"noopener noreferrer\">sprach<\/a> von &#8220;gedanklicher N\u00e4he&#8221; zu Putin und einem &#8220;Spinnennetz&#8221; von Russland-Kontakten. Er <a target=\"_blank\" href=\"https:\/\/www.tagesschau.de\/multimedia\/sendung\/bab\/bab-melnyk-101.html\" rel=\"noopener noreferrer\">verstieg<\/a> sich sogar zu der Behauptung: &#8220;F\u00fcr Steinmeier war und bleibt das Verh\u00e4ltnis zu Russland etwas Fundamentales, ja Heiliges, egal was geschieht. Auch der Angriffskrieg spielt da keine gro\u00dfe Rolle.&#8221; Dabei ist sp\u00e4testens seit dem Besuch Steinmeiers in Montenegro im September 2016 erwiesen, dass Steinmeier ein NATO-Propagandist reinsten Wassers ist.<\/p>\n<p>Agitatoren und Marionetten US-amerikanischer Imperialpolitik f\u00fchren das gro\u00dfe Wort und bestimmen die deutsche Sicherheitspolitik. Vermutungen \u00fcber angebliche Gr\u00e4ueltaten russischer Soldaten werden zum Anlass genommen, immer h\u00e4rtere Sanktionen gegen Russland und die Lieferung schwerer Waffen f\u00fcr die Ukraine zu fordern, ohne \u00fcber die Konsequenzen nachzudenken. Nach mehrmaligen Wiederholungen wird ein Verdacht als Tatsache dargestellt, auch wenn Russland dementiert. So gilt inzwischen als erwiesen, dass die Kriegsverbrechen in Butscha und anderen ukrainischen St\u00e4dten von russischen Soldaten begangen wurden, obwohl sie nach russischer Darstellung erst nach Abzug ihrer Truppen geschehen sind. Es sind Verbrechen im Verlauf des Krieges, die aufgekl\u00e4rt werden m\u00fcssen, bevor ein Urteil gef\u00e4llt werden kann.<\/p>\n<p>Der ehemalige NATO-Milit\u00e4ranalyst und Buchautor Jacques Baud <a target=\"_blank\" href=\"http:\/\/sicht-vom-hochblauen.de\/ehemaliger-nato-militaeranalyst-entlarvt-westliches-invasionsnarrativ-in-der-ukraine\/\" rel=\"noopener noreferrer\">schreibt<\/a> zu Recht, es gehe darum zu verstehen, was zu dem Krieg gef\u00fchrt hat. Er stellt fest, &#8220;dass die &#8216;Experten&#8217;, die sich im Fernsehen abwechseln, die Situation auf der Grundlage zweifelhafter Informationen analysieren&#8221;, zumeist von Hypothesen ausgehen, &#8220;die in Fakten umgewandelt werden, sodass es uns nicht mehr gelingt zu verstehen, was geschieht&#8221;. So schaffe man Panik.<\/p>\n<p>Die deutsche Gesellschaft wird mehr und mehr chaotisiert und entdemokratisiert. Die Armut der ohnehin schon armen Bev\u00f6lkerungsgruppen und von Teilen des Mittelstandes nimmt erschreckend zu. Einzelne Wirtschaftszweige stehen vor dem Ruin. Wenn die wohlfeilen Aufforderungen der Ukraine, Polens und der baltischen Staaten, Deutschland solle auf Gas und \u00d6l aus Russland verzichten, von deutschen Politikerinnen und Politikern beflissen \u00fcbernommen werden, zeugt das von absoluter Missachtung der Interessen der eigenen Bev\u00f6lkerung. Es ist ein Bruch des Amtseides, den diese &#8220;Volksvertreter&#8221; geleistet haben, der da lautet, dem Wohle des deutschen Volkes zu dienen und Schaden von ihm abzuwenden.<\/p>\n<p><em>Erstver\u00f6ffentlichung auf den <a target=\"_blank\" href=\"https:\/\/www.nachdenkseiten.de\/?p=83152\" rel=\"noopener noreferrer\">Nachdenkseiten<\/a>.<\/em><\/p>\n<p><em>Der Schriftsteller und Publizist <\/em><em>Dr. jur. <strong>Wolfgang Bittner<\/strong><\/em><em> lebt in G\u00f6ttingen. Von ihm erschienen 2014 &#8220;Die Eroberung Europas durch die USA&#8221;, 2019 &#8220;Die Heimat, der Krieg und der Goldene Westen&#8221; sowie &#8220;Der neue West-Ost-Konflikt&#8221; und 2021 &#8220;Deutschland \u2013 verraten und verkauft. Hintergr\u00fcnde und Analysen&#8221;.<\/em><\/p>\n<p><strong>Mehr zum Thema<\/strong> &#8211; <a target=\"_blank\" href=\"https:\/\/de.rt.com\/meinung\/136396-beten-wir-dass-der-kalte-krieg-zwischen-usa-und-russland-nicht-heiss-wird\/\" rel=\"noopener noreferrer\">Beten wir, dass der &#8216;Kalte Krieg&#8217; zwischen den USA und Russland nicht hei\u00df wird<\/a><\/p>\n<\/p>\n<p><br \/>\n<br \/><a href=\"https:\/\/de.rt.com\/meinung\/136729-dreistigkeit-bellizisten\/\">Source link <\/a><\/p>\n","protected":false},"excerpt":{"rendered":"<p>Von Wolfgang Bittner Milliarden und Abermilliarden f\u00fcr den Krieg, immer mehr Waffen und immer mehr Propaganda. Zu welchem Ende kann das f\u00fchren? Aber diese Frage scheinen sich in Politik und Medien nur sehr Wenige zu stellen. Stattdessen wird gegen Russland gehetzt und aufger\u00fcstet. Schon wer nach den Ursachen des Krieges in der Ukraine und deren [&hellip;]<\/p>\n","protected":false},"author":3,"featured_media":2374,"comment_status":"open","ping_status":"open","sticky":false,"template":"","format":"standard","meta":{"wp_automatic_camp":["217"],"1ec1c7be139c7b4fc9e28dacacff467a":["Die Dreistigkeit der Bellizisten"],"original_link":["https:\/\/de.rt.com\/meinung\/136729-dreistigkeit-bellizisten\/"],"_thumbnail_id":["2374"],"wp_automatic_remove_first_image":["yes"],"_wptg_p2tg_sent2tg":["2022-04-22 06:05:11"],"jnews_social_counter_last_update":["1776923557"]},"categories":[19,23],"tags":[6890,82,45,6889],"yoast_head":"<!-- This site is optimized with the Yoast SEO Premium plugin v22.7 (Yoast SEO v22.7) - https:\/\/yoast.com\/wordpress\/plugins\/seo\/ -->\n<title>Die Dreistigkeit der Bellizisten - just-now.NEWS Deutschland<\/title>\n<meta name=\"robots\" content=\"index, follow, max-snippet:-1, max-image-preview:large, max-video-preview:-1\" \/>\n<link rel=\"canonical\" href=\"https:\/\/now-news.de\/de\/deutschland\/die-dreistigkeit-der-bellizisten\/\" \/>\n<meta property=\"og:locale\" content=\"de_DE\" \/>\n<meta property=\"og:type\" content=\"article\" \/>\n<meta property=\"og:title\" content=\"Die Dreistigkeit der Bellizisten\" \/>\n<meta property=\"og:description\" content=\"Von Wolfgang Bittner Milliarden und Abermilliarden f\u00fcr den Krieg, immer mehr Waffen und immer mehr Propaganda. Zu welchem Ende kann das f\u00fchren? Aber diese Frage scheinen sich in Politik und Medien nur sehr Wenige zu stellen. Stattdessen wird gegen Russland gehetzt und aufger\u00fcstet. Schon wer nach den Ursachen des Krieges in der Ukraine und deren [&hellip;]\" \/>\n<meta property=\"og:url\" content=\"https:\/\/now-news.de\/de\/deutschland\/die-dreistigkeit-der-bellizisten\/\" \/>\n<meta property=\"og:site_name\" content=\"just-now.NEWS Deutschland\" \/>\n<meta property=\"article:publisher\" content=\"https:\/\/www.facebook.com\/wirmachenauf\" \/>\n<meta property=\"article:published_time\" content=\"2022-04-22T07:01:14+00:00\" \/>\n<meta property=\"og:image\" content=\"https:\/\/now-news.de\/de\/wp-content\/uploads\/sites\/3\/2022\/04\/Die-Dreistigkeit-der-Bellizisten.jpg\" \/>\n\t<meta property=\"og:image:width\" content=\"460\" \/>\n\t<meta property=\"og:image:height\" content=\"259\" \/>\n\t<meta property=\"og:image:type\" content=\"image\/jpeg\" \/>\n<meta name=\"author\" content=\"rtnews\" \/>\n<meta name=\"twitter:card\" content=\"summary_large_image\" \/>\n<meta name=\"twitter:creator\" content=\"@WirMachenAuf_de\" \/>\n<meta name=\"twitter:site\" content=\"@WirMachenAuf_de\" \/>\n<meta name=\"twitter:label1\" content=\"Verfasst von\" \/>\n\t<meta name=\"twitter:data1\" content=\"rtnews\" \/>\n\t<meta name=\"twitter:label2\" content=\"Gesch\u00e4tzte Lesezeit\" \/>\n\t<meta name=\"twitter:data2\" content=\"4\u00a0Minuten\" \/>\n<script type=\"application\/ld+json\" class=\"yoast-schema-graph\">{\"@context\":\"https:\/\/schema.org\",\"@graph\":[{\"@type\":\"Article\",\"@id\":\"https:\/\/now-news.de\/de\/deutschland\/die-dreistigkeit-der-bellizisten\/#article\",\"isPartOf\":{\"@id\":\"https:\/\/now-news.de\/de\/deutschland\/die-dreistigkeit-der-bellizisten\/\"},\"author\":{\"name\":\"rtnews\",\"@id\":\"https:\/\/now-news.de\/de\/#\/schema\/person\/fb534a4e865501d8b3285208df34a9b5\"},\"headline\":\"Die Dreistigkeit der Bellizisten\",\"datePublished\":\"2022-04-22T07:01:14+00:00\",\"dateModified\":\"2022-04-22T07:01:14+00:00\",\"mainEntityOfPage\":{\"@id\":\"https:\/\/now-news.de\/de\/deutschland\/die-dreistigkeit-der-bellizisten\/\"},\"wordCount\":737,\"commentCount\":0,\"publisher\":{\"@id\":\"https:\/\/now-news.de\/de\/#organization\"},\"image\":{\"@id\":\"https:\/\/now-news.de\/de\/deutschland\/die-dreistigkeit-der-bellizisten\/#primaryimage\"},\"thumbnailUrl\":\"https:\/\/now-news.de\/de\/wp-content\/uploads\/sites\/3\/2022\/04\/Die-Dreistigkeit-der-Bellizisten.jpg\",\"keywords\":[\"Bellizisten\",\"der\",\"die\",\"Dreistigkeit\"],\"articleSection\":[\"Deutschland\",\"Russland\"],\"inLanguage\":\"de\",\"potentialAction\":[{\"@type\":\"CommentAction\",\"name\":\"Comment\",\"target\":[\"https:\/\/now-news.de\/de\/deutschland\/die-dreistigkeit-der-bellizisten\/#respond\"]}]},{\"@type\":\"WebPage\",\"@id\":\"https:\/\/now-news.de\/de\/deutschland\/die-dreistigkeit-der-bellizisten\/\",\"url\":\"https:\/\/now-news.de\/de\/deutschland\/die-dreistigkeit-der-bellizisten\/\",\"name\":\"Die Dreistigkeit der Bellizisten - just-now.NEWS Deutschland\",\"isPartOf\":{\"@id\":\"https:\/\/now-news.de\/de\/#website\"},\"primaryImageOfPage\":{\"@id\":\"https:\/\/now-news.de\/de\/deutschland\/die-dreistigkeit-der-bellizisten\/#primaryimage\"},\"image\":{\"@id\":\"https:\/\/now-news.de\/de\/deutschland\/die-dreistigkeit-der-bellizisten\/#primaryimage\"},\"thumbnailUrl\":\"https:\/\/now-news.de\/de\/wp-content\/uploads\/sites\/3\/2022\/04\/Die-Dreistigkeit-der-Bellizisten.jpg\",\"datePublished\":\"2022-04-22T07:01:14+00:00\",\"dateModified\":\"2022-04-22T07:01:14+00:00\",\"breadcrumb\":{\"@id\":\"https:\/\/now-news.de\/de\/deutschland\/die-dreistigkeit-der-bellizisten\/#breadcrumb\"},\"inLanguage\":\"de\",\"potentialAction\":[{\"@type\":\"ReadAction\",\"target\":[\"https:\/\/now-news.de\/de\/deutschland\/die-dreistigkeit-der-bellizisten\/\"]}]},{\"@type\":\"ImageObject\",\"inLanguage\":\"de\",\"@id\":\"https:\/\/now-news.de\/de\/deutschland\/die-dreistigkeit-der-bellizisten\/#primaryimage\",\"url\":\"https:\/\/now-news.de\/de\/wp-content\/uploads\/sites\/3\/2022\/04\/Die-Dreistigkeit-der-Bellizisten.jpg\",\"contentUrl\":\"https:\/\/now-news.de\/de\/wp-content\/uploads\/sites\/3\/2022\/04\/Die-Dreistigkeit-der-Bellizisten.jpg\",\"width\":460,\"height\":259},{\"@type\":\"BreadcrumbList\",\"@id\":\"https:\/\/now-news.de\/de\/deutschland\/die-dreistigkeit-der-bellizisten\/#breadcrumb\",\"itemListElement\":[{\"@type\":\"ListItem\",\"position\":1,\"name\":\"Home\",\"item\":\"https:\/\/now-news.de\/de\/\"},{\"@type\":\"ListItem\",\"position\":2,\"name\":\"Die Dreistigkeit der Bellizisten\"}]},{\"@type\":\"WebSite\",\"@id\":\"https:\/\/now-news.de\/de\/#website\",\"url\":\"https:\/\/now-news.de\/de\/\",\"name\":\"just-now.NEWS Deutschland\",\"description\":\"Das Portal f\u00fcr unzensierte Nachrichten aus der Welt\",\"publisher\":{\"@id\":\"https:\/\/now-news.de\/de\/#organization\"},\"potentialAction\":[{\"@type\":\"SearchAction\",\"target\":{\"@type\":\"EntryPoint\",\"urlTemplate\":\"https:\/\/now-news.de\/de\/?s={search_term_string}\"},\"query-input\":\"required name=search_term_string\"}],\"inLanguage\":\"de\"},{\"@type\":\"Organization\",\"@id\":\"https:\/\/now-news.de\/de\/#organization\",\"name\":\"Just Now News\",\"url\":\"https:\/\/now-news.de\/de\/\",\"logo\":{\"@type\":\"ImageObject\",\"inLanguage\":\"de\",\"@id\":\"https:\/\/now-news.de\/de\/#\/schema\/logo\/image\/\",\"url\":\"http:\/\/just-now.news\/de\/wp-content\/uploads\/sites\/3\/2022\/04\/logo500x500.jpg\",\"contentUrl\":\"http:\/\/just-now.news\/de\/wp-content\/uploads\/sites\/3\/2022\/04\/logo500x500.jpg\",\"width\":500,\"height\":500,\"caption\":\"Just Now News\"},\"image\":{\"@id\":\"https:\/\/now-news.de\/de\/#\/schema\/logo\/image\/\"},\"sameAs\":[\"https:\/\/www.facebook.com\/wirmachenauf\",\"https:\/\/x.com\/WirMachenAuf_de\"]},{\"@type\":\"Person\",\"@id\":\"https:\/\/now-news.de\/de\/#\/schema\/person\/fb534a4e865501d8b3285208df34a9b5\",\"name\":\"rtnews\",\"image\":{\"@type\":\"ImageObject\",\"inLanguage\":\"de\",\"@id\":\"https:\/\/now-news.de\/de\/#\/schema\/person\/image\/\",\"url\":\"https:\/\/secure.gravatar.com\/avatar\/82aafea7d8127119dd649515f56e2117?s=96&d=mm&r=g\",\"contentUrl\":\"https:\/\/secure.gravatar.com\/avatar\/82aafea7d8127119dd649515f56e2117?s=96&d=mm&r=g\",\"caption\":\"rtnews\"},\"url\":\"https:\/\/now-news.de\/de\/author\/rnews\/\"}]}<\/script>\n<!-- \/ Yoast SEO Premium plugin. -->","yoast_head_json":{"title":"Die Dreistigkeit der Bellizisten - just-now.NEWS Deutschland","robots":{"index":"index","follow":"follow","max-snippet":"max-snippet:-1","max-image-preview":"max-image-preview:large","max-video-preview":"max-video-preview:-1"},"canonical":"https:\/\/now-news.de\/de\/deutschland\/die-dreistigkeit-der-bellizisten\/","og_locale":"de_DE","og_type":"article","og_title":"Die Dreistigkeit der Bellizisten","og_description":"Von Wolfgang Bittner Milliarden und Abermilliarden f\u00fcr den Krieg, immer mehr Waffen und immer mehr Propaganda. Zu welchem Ende kann das f\u00fchren? Aber diese Frage scheinen sich in Politik und Medien nur sehr Wenige zu stellen. Stattdessen wird gegen Russland gehetzt und aufger\u00fcstet. Schon wer nach den Ursachen des Krieges in der Ukraine und deren [&hellip;]","og_url":"https:\/\/now-news.de\/de\/deutschland\/die-dreistigkeit-der-bellizisten\/","og_site_name":"just-now.NEWS Deutschland","article_publisher":"https:\/\/www.facebook.com\/wirmachenauf","article_published_time":"2022-04-22T07:01:14+00:00","og_image":[{"width":460,"height":259,"url":"https:\/\/now-news.de\/de\/wp-content\/uploads\/sites\/3\/2022\/04\/Die-Dreistigkeit-der-Bellizisten.jpg","type":"image\/jpeg"}],"author":"rtnews","twitter_card":"summary_large_image","twitter_creator":"@WirMachenAuf_de","twitter_site":"@WirMachenAuf_de","twitter_misc":{"Verfasst von":"rtnews","Gesch\u00e4tzte Lesezeit":"4\u00a0Minuten"},"schema":{"@context":"https:\/\/schema.org","@graph":[{"@type":"Article","@id":"https:\/\/now-news.de\/de\/deutschland\/die-dreistigkeit-der-bellizisten\/#article","isPartOf":{"@id":"https:\/\/now-news.de\/de\/deutschland\/die-dreistigkeit-der-bellizisten\/"},"author":{"name":"rtnews","@id":"https:\/\/now-news.de\/de\/#\/schema\/person\/fb534a4e865501d8b3285208df34a9b5"},"headline":"Die Dreistigkeit der Bellizisten","datePublished":"2022-04-22T07:01:14+00:00","dateModified":"2022-04-22T07:01:14+00:00","mainEntityOfPage":{"@id":"https:\/\/now-news.de\/de\/deutschland\/die-dreistigkeit-der-bellizisten\/"},"wordCount":737,"commentCount":0,"publisher":{"@id":"https:\/\/now-news.de\/de\/#organization"},"image":{"@id":"https:\/\/now-news.de\/de\/deutschland\/die-dreistigkeit-der-bellizisten\/#primaryimage"},"thumbnailUrl":"https:\/\/now-news.de\/de\/wp-content\/uploads\/sites\/3\/2022\/04\/Die-Dreistigkeit-der-Bellizisten.jpg","keywords":["Bellizisten","der","die","Dreistigkeit"],"articleSection":["Deutschland","Russland"],"inLanguage":"de","potentialAction":[{"@type":"CommentAction","name":"Comment","target":["https:\/\/now-news.de\/de\/deutschland\/die-dreistigkeit-der-bellizisten\/#respond"]}]},{"@type":"WebPage","@id":"https:\/\/now-news.de\/de\/deutschland\/die-dreistigkeit-der-bellizisten\/","url":"https:\/\/now-news.de\/de\/deutschland\/die-dreistigkeit-der-bellizisten\/","name":"Die Dreistigkeit der Bellizisten - just-now.NEWS Deutschland","isPartOf":{"@id":"https:\/\/now-news.de\/de\/#website"},"primaryImageOfPage":{"@id":"https:\/\/now-news.de\/de\/deutschland\/die-dreistigkeit-der-bellizisten\/#primaryimage"},"image":{"@id":"https:\/\/now-news.de\/de\/deutschland\/die-dreistigkeit-der-bellizisten\/#primaryimage"},"thumbnailUrl":"https:\/\/now-news.de\/de\/wp-content\/uploads\/sites\/3\/2022\/04\/Die-Dreistigkeit-der-Bellizisten.jpg","datePublished":"2022-04-22T07:01:14+00:00","dateModified":"2022-04-22T07:01:14+00:00","breadcrumb":{"@id":"https:\/\/now-news.de\/de\/deutschland\/die-dreistigkeit-der-bellizisten\/#breadcrumb"},"inLanguage":"de","potentialAction":[{"@type":"ReadAction","target":["https:\/\/now-news.de\/de\/deutschland\/die-dreistigkeit-der-bellizisten\/"]}]},{"@type":"ImageObject","inLanguage":"de","@id":"https:\/\/now-news.de\/de\/deutschland\/die-dreistigkeit-der-bellizisten\/#primaryimage","url":"https:\/\/now-news.de\/de\/wp-content\/uploads\/sites\/3\/2022\/04\/Die-Dreistigkeit-der-Bellizisten.jpg","contentUrl":"https:\/\/now-news.de\/de\/wp-content\/uploads\/sites\/3\/2022\/04\/Die-Dreistigkeit-der-Bellizisten.jpg","width":460,"height":259},{"@type":"BreadcrumbList","@id":"https:\/\/now-news.de\/de\/deutschland\/die-dreistigkeit-der-bellizisten\/#breadcrumb","itemListElement":[{"@type":"ListItem","position":1,"name":"Home","item":"https:\/\/now-news.de\/de\/"},{"@type":"ListItem","position":2,"name":"Die Dreistigkeit der Bellizisten"}]},{"@type":"WebSite","@id":"https:\/\/now-news.de\/de\/#website","url":"https:\/\/now-news.de\/de\/","name":"just-now.NEWS Deutschland","description":"Das Portal f\u00fcr unzensierte Nachrichten aus der Welt","publisher":{"@id":"https:\/\/now-news.de\/de\/#organization"},"potentialAction":[{"@type":"SearchAction","target":{"@type":"EntryPoint","urlTemplate":"https:\/\/now-news.de\/de\/?s={search_term_string}"},"query-input":"required name=search_term_string"}],"inLanguage":"de"},{"@type":"Organization","@id":"https:\/\/now-news.de\/de\/#organization","name":"Just Now News","url":"https:\/\/now-news.de\/de\/","logo":{"@type":"ImageObject","inLanguage":"de","@id":"https:\/\/now-news.de\/de\/#\/schema\/logo\/image\/","url":"http:\/\/just-now.news\/de\/wp-content\/uploads\/sites\/3\/2022\/04\/logo500x500.jpg","contentUrl":"http:\/\/just-now.news\/de\/wp-content\/uploads\/sites\/3\/2022\/04\/logo500x500.jpg","width":500,"height":500,"caption":"Just Now News"},"image":{"@id":"https:\/\/now-news.de\/de\/#\/schema\/logo\/image\/"},"sameAs":["https:\/\/www.facebook.com\/wirmachenauf","https:\/\/x.com\/WirMachenAuf_de"]},{"@type":"Person","@id":"https:\/\/now-news.de\/de\/#\/schema\/person\/fb534a4e865501d8b3285208df34a9b5","name":"rtnews","image":{"@type":"ImageObject","inLanguage":"de","@id":"https:\/\/now-news.de\/de\/#\/schema\/person\/image\/","url":"https:\/\/secure.gravatar.com\/avatar\/82aafea7d8127119dd649515f56e2117?s=96&d=mm&r=g","contentUrl":"https:\/\/secure.gravatar.com\/avatar\/82aafea7d8127119dd649515f56e2117?s=96&d=mm&r=g","caption":"rtnews"},"url":"https:\/\/now-news.de\/de\/author\/rnews\/"}]}},"_links":{"self":[{"href":"https:\/\/now-news.de\/de\/wp-json\/wp\/v2\/posts\/2373"}],"collection":[{"href":"https:\/\/now-news.de\/de\/wp-json\/wp\/v2\/posts"}],"about":[{"href":"https:\/\/now-news.de\/de\/wp-json\/wp\/v2\/types\/post"}],"author":[{"embeddable":true,"href":"https:\/\/now-news.de\/de\/wp-json\/wp\/v2\/users\/3"}],"replies":[{"embeddable":true,"href":"https:\/\/now-news.de\/de\/wp-json\/wp\/v2\/comments?post=2373"}],"version-history":[{"count":0,"href":"https:\/\/now-news.de\/de\/wp-json\/wp\/v2\/posts\/2373\/revisions"}],"wp:featuredmedia":[{"embeddable":true,"href":"https:\/\/now-news.de\/de\/wp-json\/wp\/v2\/media\/2374"}],"wp:attachment":[{"href":"https:\/\/now-news.de\/de\/wp-json\/wp\/v2\/media?parent=2373"}],"wp:term":[{"taxonomy":"category","embeddable":true,"href":"https:\/\/now-news.de\/de\/wp-json\/wp\/v2\/categories?post=2373"},{"taxonomy":"post_tag","embeddable":true,"href":"https:\/\/now-news.de\/de\/wp-json\/wp\/v2\/tags?post=2373"}],"curies":[{"name":"wp","href":"https:\/\/api.w.org\/{rel}","templated":true}]}}