{"id":23705,"date":"2022-11-21T16:50:05","date_gmt":"2022-11-21T14:50:05","guid":{"rendered":"http:\/\/just-now.news\/de\/deutschland\/hoelle-auf-erden-serbischer-praesident-warnt-vor-eskalation-im-kosovo\/"},"modified":"2022-11-21T16:50:05","modified_gmt":"2022-11-21T14:50:05","slug":"hoelle-auf-erden-serbischer-praesident-warnt-vor-eskalation-im-kosovo","status":"publish","type":"post","link":"https:\/\/now-news.de\/de\/deutschland\/hoelle-auf-erden-serbischer-praesident-warnt-vor-eskalation-im-kosovo\/","title":{"rendered":"&quot;H\u00f6lle auf Erden&quot;: Serbischer Pr\u00e4sident warnt vor Eskalation im Kosovo"},"content":{"rendered":"<p><img decoding=\"async\" src=\"http:\/\/just-now.news\/de\/wp-content\/uploads\/sites\/3\/2022\/11\/637b493648fbef6c5726e6c6.jpg\" \/><\/p>\n<div class=\"Text-root Text-type_1 \">\n                Der Streit zwischen Belgrad und dessen abtr\u00fcnnigen Provinz Kosovo um Autokennzeichen schwelt weiter und droht, erneut zu eskalieren. Pristina plant, die von Serbien ausgestellten Nummernschilder abzuschaffen. Serbiens Pr\u00e4sident Vu\u010di\u0107 warnt nun vor einem Ausbruch der Feindseligkeiten.\n            <\/div>\n<p><\/p>\n<div class=\"Text-root Text-type_5 ArticleView-text ViewText-root \">\n<p>Die Situation in der abtr\u00fcnnigen serbischen Provinz Kosovo k\u00f6nnte sich zu einer &#8220;H\u00f6lle auf Erden&#8221; entwickeln, wenn die lokalen Beh\u00f6rden ihren Plan, serbische Nummernschilder zu verbieten, nicht r\u00fcckg\u00e4ngig machen. Dies erkl\u00e4rte der serbische Pr\u00e4sident Aleksandar Vu\u010di\u0107 am Sonntag in einem Fernsehinterview. Seine warnenden Worte kamen\u00a0einen Tag, bevor jene Verordnung in Kosovo in Kraft tritt, wonach jene Autofahrer, die dort noch alte, von Serbien ausgestellte Autokennzeichen verwenden, mit Geldstrafen von 150 Euro belegt werden.<\/p>\n<p>Kosovo hatte sich 2008 einseitig f\u00fcr unabh\u00e4ngig erkl\u00e4rt. Belgrad erkennt das bis heute nicht an. In der abtr\u00fcnnigen Provinz leben heute noch rund 100.000 Serben. Vor allem im Norden befinden sich viele Orte, in denen die serbische Bev\u00f6lkerung eine Mehrheit hat.\u00a0<\/p>\n<p>Bis Ende Oktober mussten laut einer Verordnung in Pristina alle Nummernschilder, die von Serbien ausgestellt wurden, in sogenannte kosovarische umgewandelt werden. Drei Wochen wurden als \u00dcbergangszeit einger\u00e4umt, doch ab dem 21. November sollen dann Geldstrafen folgen.<\/p>\n<p>Am heutigen Montag treffen sich der serbische Pr\u00e4sident und der kosovarische Premierminister Albin Kurti in Br\u00fcssel. Bei einem seitens der Europ\u00e4ischen Union vermittelten Gespr\u00e4ch soll ein\u00a0letzter Versuch unternommen werden, eine drohende Krise abzuwenden.\u00a0<\/p>\n<p>Der serbische Pr\u00e4sident betonte in dem Interview, dass\u00a0die kosovarischen Beh\u00f6rden f\u00fcr die Situation vor Ort verantwortlich seien. Pristina h\u00e4tte, so\u00a0Vu\u010di\u0107, die Entscheidung \u00fcber die Kfz-Kennzeichen bereits verschoben, wenn es wirklich gewollt h\u00e4tte. Aber der kosovo-albanische Premierminister Kurti habe\u00a0gezeigt, &#8220;dass er keine Serben im Kosovo und in Metochien haben will&#8221;.\u00a0<\/p>\n<p>Vu\u010di\u0107 wies in dem Interview vor allem darauf hin, dass die\u00a0Kosovo-Spezialkr\u00e4fte (ROSU) in den von Serben bewohnten Teilen im Nordkosovo nichts zu suchen h\u00e4tten. Bereits in der Vergangenheit hatte das Vorgehen\u00a0dieser Spezialeinheit der kosovarischen Polizei f\u00fcr Unmut in der serbischen Bev\u00f6lkerung gesorgt. Es kam mehrmals zu gewaltt\u00e4tigen Auseinandersetzungen zwischen den lokalen Serben und den Sicherheitskr\u00e4ften, die von Pristina wegen bestimmter Polizeiaktionen in die Orte geschickt wurden. So k\u00f6nnten die ROSU-Kr\u00e4fte nun auch f\u00fcr die Durchsetzung der Autokennzeichen-Verordnung zum Einsatz kommen. Kurz vor der Reise nach Br\u00fcssel\u00a0erkl\u00e4rte Vu\u010di\u0107 gegen\u00fcber dem Sender <em>TV Prva:\u00a0<\/em><\/p>\n<blockquote>\n<p><em>&#8220;Wir haben alles unternommen, um einen Krieg zu verhindern, aber es h\u00e4ngt nicht von uns ab.&#8221;<\/em><\/p>\n<\/blockquote>\n<p>Es k\u00f6nnte zu einer &#8220;H\u00f6lle vor Ort&#8221; kommen, so der serbische Pr\u00e4sident.\u00a0&#8220;In einem solchen Fall wird Serbien an der Seite seines Volkes stehen, und die Serben werden ihre H\u00e4user verteidigen&#8221;, f\u00fcgte\u00a0Vu\u010di\u0107 hinzu.<\/p>\n<p><strong>Besonderes Misstrauen gegen\u00fcber &#8220;Deutschen&#8221;<\/strong><\/p>\n<p>Der Frieden in der abtr\u00fcnnigen Provinz h\u00e4nge laut dem serbischen Politiker vor allem vom &#8220;Druck des Westens&#8221; auf Pristina ab. Die westlichen Staaten sollen Kurti zum Verhandeln mit Serbien bringen, <a rel=\"nofollow noopener\" target=\"_blank\" href=\"https:\/\/www.kosovo-online.com\/vesti\/politika\/vucic-idem-u-brisel-ali-nisam-optimista-nemcima-ne-verujem-nista-oko-kosova-21-11\">so\u00a0Vu\u010di\u0107<\/a>. Einige wie etwa die USA w\u00fcrden dies tun, weil sie keinen Konflikt wollten.\u00a0Doch allen anderen, &#8220;besonders den Deutschen&#8221;, glaube er nichts, wenn es um das Thema Kosovo gehe, betonte der serbische Pr\u00e4sident.<\/p>\n<p>Der umstrittene Plan des Kosovo, die serbischen Kfz-Kennzeichen schrittweise abzuschaffen, sorgt schon seit Monaten f\u00fcr st\u00e4ndige Spannungen zwischen Belgrad und Pristina.\u00a0Der Plan, von dem rund 10.000 Autofahrer in der Region betroffen sein sollen, sieht vor, dass die Nummernschilder bis sp\u00e4testens 21. April n\u00e4chsten Jahres durch solche aus dem Kosovo ersetzt werden m\u00fcssen.<\/p>\n<p>Jene Fahrzeugf\u00fchrer, die sich nicht an die Vorschriften halten, erhalten ein Bu\u00dfgeld in H\u00f6he von 150 Euro, und bei einem weiteren Verweigern werden schlie\u00dflich die Nummernschilder und Fahrzeuge beschlagnahmt.<\/p>\n<p>Ein Versuch, die Verordnung bereits im Juli durchzusetzen, sorgte f\u00fcr eine der gr\u00f6\u00dften Krisen der letzten Jahre in der Region. Diplomaten aus der EU sowie aus den USA konnten eine vor\u00fcbergehende <a rel=\"nofollow noopener\" target=\"_blank\" href=\"https:\/\/test.rtde.tech\/europa\/125072-serbien-und-kosovo-erlangen-einigung\/\">L\u00f6sung vermitteln<\/a>. Jene sah vor, dass beim Grenzverkehr mithilfe von Aufklebern sowohl bei den serbischen als auch den kosovarischen Nummernschildern die Nationalit\u00e4tszeichen verdeckt werden.\u00a0Die beiden Seiten sollten zudem weiter verhandeln. Doch Anfang November traten Dutzende serbischst\u00e4mmige Regierungsangestellte im Kosovo von ihren \u00c4mtern zur\u00fcck, nachdem ein lokaler Polizeichef von Pristina entlassen worden war, weil er sich geweigert hatte, die Nummernschild-Ma\u00dfnahmen umzusetzen.<\/p>\n<p>Serbien und die abtr\u00fcnnige Provinz Kosovo, die von der UNO nicht als unabh\u00e4ngiger Staat anerkannt wird, streben einen EU-Beitritt an. Ihre Ziele schlie\u00dfen sich jedoch gegenseitig aus, da Pristina den Beitritt als unabh\u00e4ngiger Staat plant, w\u00e4hrend Belgrad den Kosovo als integralen Bestandteil Serbiens betrachtet.<\/p>\n<p>Der als Hardliner bekannte Premierminister Kurti versucht seit Monaten, mit enormem Druck Belgrad dazu zu bewegen, die Unabh\u00e4ngigkeit des Kosovo anzuerkennen. Auf Unterst\u00fctzung st\u00f6\u00dft der kosovo-albanische Ultranationalist vor allem in Berlin.<\/p>\n<p><strong>Mehr zum Thema<\/strong> &#8211; <a rel=\"nofollow noopener\" target=\"_blank\" href=\"https:\/\/test.rtde.tech\/europa\/118661-kosovo-frage-druck-auf-serbien\/\">Die Kosovo-Frage: Der Druck auf Serbien steigt, doch Belgrad z\u00f6gert mit der Anerkennung<\/a><\/p>\n<\/div>\n<p><br \/>\n<br \/><a href=\"https:\/\/de.rt.com\/europa\/154998-hoelle-auf-erden-serbischer-praesident\/\">Source link <\/a><\/p>\n","protected":false},"excerpt":{"rendered":"<p>Der Streit zwischen Belgrad und dessen abtr\u00fcnnigen Provinz Kosovo um Autokennzeichen schwelt weiter und droht, erneut zu eskalieren. Pristina plant, die von Serbien ausgestellten Nummernschilder abzuschaffen. Serbiens Pr\u00e4sident Vu\u010di\u0107 warnt nun vor einem Ausbruch der Feindseligkeiten. Die Situation in der abtr\u00fcnnigen serbischen Provinz Kosovo k\u00f6nnte sich zu einer &#8220;H\u00f6lle auf Erden&#8221; entwickeln, wenn die lokalen [&hellip;]<\/p>\n","protected":false},"author":3,"featured_media":23706,"comment_status":"open","ping_status":"open","sticky":false,"template":"","format":"standard","meta":{"wp_automatic_camp":["217"],"a84df504917de1e8d47d840bb6ab4284":["&quot;H\u00f6lle auf Erden&quot;: Serbischer Pr\u00e4sident warnt vor Eskalation im Kosovo"],"original_link":["https:\/\/de.rt.com\/europa\/154998-hoelle-auf-erden-serbischer-praesident\/"],"_thumbnail_id":["23706"],"jnews_social_counter_last_update":["1777159620"]},"categories":[19,23],"tags":[133,36245,582,2681,3464,36244,31500,320,912],"yoast_head":"<!-- This site is optimized with the Yoast SEO Premium plugin v22.7 (Yoast SEO v22.7) - https:\/\/yoast.com\/wordpress\/plugins\/seo\/ -->\n<title>&quot;H\u00f6lle auf Erden&quot;: Serbischer Pr\u00e4sident warnt vor Eskalation im Kosovo - just-now.NEWS Deutschland<\/title>\n<meta name=\"robots\" content=\"index, follow, max-snippet:-1, max-image-preview:large, max-video-preview:-1\" \/>\n<link rel=\"canonical\" href=\"https:\/\/now-news.de\/de\/deutschland\/hoelle-auf-erden-serbischer-praesident-warnt-vor-eskalation-im-kosovo\/\" \/>\n<meta property=\"og:locale\" content=\"de_DE\" \/>\n<meta property=\"og:type\" content=\"article\" \/>\n<meta property=\"og:title\" content=\"&quot;H\u00f6lle auf Erden&quot;: Serbischer Pr\u00e4sident warnt vor Eskalation im Kosovo\" \/>\n<meta property=\"og:description\" content=\"Der Streit zwischen Belgrad und dessen abtr\u00fcnnigen Provinz Kosovo um Autokennzeichen schwelt weiter und droht, erneut zu eskalieren. Pristina plant, die von Serbien ausgestellten Nummernschilder abzuschaffen. Serbiens Pr\u00e4sident Vu\u010di\u0107 warnt nun vor einem Ausbruch der Feindseligkeiten. Die Situation in der abtr\u00fcnnigen serbischen Provinz Kosovo k\u00f6nnte sich zu einer &#8220;H\u00f6lle auf Erden&#8221; entwickeln, wenn die lokalen [&hellip;]\" \/>\n<meta property=\"og:url\" content=\"https:\/\/now-news.de\/de\/deutschland\/hoelle-auf-erden-serbischer-praesident-warnt-vor-eskalation-im-kosovo\/\" \/>\n<meta property=\"og:site_name\" content=\"just-now.NEWS Deutschland\" \/>\n<meta property=\"article:publisher\" content=\"https:\/\/www.facebook.com\/wirmachenauf\" \/>\n<meta property=\"article:published_time\" content=\"2022-11-21T14:50:05+00:00\" \/>\n<meta property=\"og:image\" content=\"https:\/\/now-news.de\/de\/wp-content\/uploads\/sites\/3\/2022\/11\/quotHoelle-auf-Erdenquot-Serbischer-Praesident-warnt-vor-Eskalation-im-Kosovo.jpg\" \/>\n\t<meta property=\"og:image:width\" content=\"460\" \/>\n\t<meta property=\"og:image:height\" content=\"259\" \/>\n\t<meta property=\"og:image:type\" content=\"image\/jpeg\" \/>\n<meta name=\"author\" content=\"rtnews\" \/>\n<meta name=\"twitter:card\" content=\"summary_large_image\" \/>\n<meta name=\"twitter:creator\" content=\"@WirMachenAuf_de\" \/>\n<meta name=\"twitter:site\" content=\"@WirMachenAuf_de\" \/>\n<meta name=\"twitter:label1\" content=\"Verfasst von\" \/>\n\t<meta name=\"twitter:data1\" content=\"rtnews\" \/>\n\t<meta name=\"twitter:label2\" content=\"Gesch\u00e4tzte Lesezeit\" \/>\n\t<meta name=\"twitter:data2\" content=\"4\u00a0Minuten\" \/>\n<script type=\"application\/ld+json\" class=\"yoast-schema-graph\">{\"@context\":\"https:\/\/schema.org\",\"@graph\":[{\"@type\":\"Article\",\"@id\":\"https:\/\/now-news.de\/de\/deutschland\/hoelle-auf-erden-serbischer-praesident-warnt-vor-eskalation-im-kosovo\/#article\",\"isPartOf\":{\"@id\":\"https:\/\/now-news.de\/de\/deutschland\/hoelle-auf-erden-serbischer-praesident-warnt-vor-eskalation-im-kosovo\/\"},\"author\":{\"name\":\"rtnews\",\"@id\":\"https:\/\/now-news.de\/de\/#\/schema\/person\/fb534a4e865501d8b3285208df34a9b5\"},\"headline\":\"&quot;H\u00f6lle auf Erden&quot;: Serbischer Pr\u00e4sident warnt vor Eskalation im Kosovo\",\"datePublished\":\"2022-11-21T14:50:05+00:00\",\"dateModified\":\"2022-11-21T14:50:05+00:00\",\"mainEntityOfPage\":{\"@id\":\"https:\/\/now-news.de\/de\/deutschland\/hoelle-auf-erden-serbischer-praesident-warnt-vor-eskalation-im-kosovo\/\"},\"wordCount\":844,\"commentCount\":0,\"publisher\":{\"@id\":\"https:\/\/now-news.de\/de\/#organization\"},\"image\":{\"@id\":\"https:\/\/now-news.de\/de\/deutschland\/hoelle-auf-erden-serbischer-praesident-warnt-vor-eskalation-im-kosovo\/#primaryimage\"},\"thumbnailUrl\":\"https:\/\/now-news.de\/de\/wp-content\/uploads\/sites\/3\/2022\/11\/quotHoelle-auf-Erdenquot-Serbischer-Praesident-warnt-vor-Eskalation-im-Kosovo.jpg\",\"keywords\":[\"AUF\",\"Erdenquot\",\"Eskalation\",\"Kosovo\",\"Pr\u00e4sident\",\"quotH\u00f6lle\",\"serbischer\",\"vor\",\"warnt\"],\"articleSection\":[\"Deutschland\",\"Russland\"],\"inLanguage\":\"de\",\"potentialAction\":[{\"@type\":\"CommentAction\",\"name\":\"Comment\",\"target\":[\"https:\/\/now-news.de\/de\/deutschland\/hoelle-auf-erden-serbischer-praesident-warnt-vor-eskalation-im-kosovo\/#respond\"]}]},{\"@type\":\"WebPage\",\"@id\":\"https:\/\/now-news.de\/de\/deutschland\/hoelle-auf-erden-serbischer-praesident-warnt-vor-eskalation-im-kosovo\/\",\"url\":\"https:\/\/now-news.de\/de\/deutschland\/hoelle-auf-erden-serbischer-praesident-warnt-vor-eskalation-im-kosovo\/\",\"name\":\"&quot;H\u00f6lle auf Erden&quot;: Serbischer Pr\u00e4sident warnt vor Eskalation im Kosovo - just-now.NEWS Deutschland\",\"isPartOf\":{\"@id\":\"https:\/\/now-news.de\/de\/#website\"},\"primaryImageOfPage\":{\"@id\":\"https:\/\/now-news.de\/de\/deutschland\/hoelle-auf-erden-serbischer-praesident-warnt-vor-eskalation-im-kosovo\/#primaryimage\"},\"image\":{\"@id\":\"https:\/\/now-news.de\/de\/deutschland\/hoelle-auf-erden-serbischer-praesident-warnt-vor-eskalation-im-kosovo\/#primaryimage\"},\"thumbnailUrl\":\"https:\/\/now-news.de\/de\/wp-content\/uploads\/sites\/3\/2022\/11\/quotHoelle-auf-Erdenquot-Serbischer-Praesident-warnt-vor-Eskalation-im-Kosovo.jpg\",\"datePublished\":\"2022-11-21T14:50:05+00:00\",\"dateModified\":\"2022-11-21T14:50:05+00:00\",\"breadcrumb\":{\"@id\":\"https:\/\/now-news.de\/de\/deutschland\/hoelle-auf-erden-serbischer-praesident-warnt-vor-eskalation-im-kosovo\/#breadcrumb\"},\"inLanguage\":\"de\",\"potentialAction\":[{\"@type\":\"ReadAction\",\"target\":[\"https:\/\/now-news.de\/de\/deutschland\/hoelle-auf-erden-serbischer-praesident-warnt-vor-eskalation-im-kosovo\/\"]}]},{\"@type\":\"ImageObject\",\"inLanguage\":\"de\",\"@id\":\"https:\/\/now-news.de\/de\/deutschland\/hoelle-auf-erden-serbischer-praesident-warnt-vor-eskalation-im-kosovo\/#primaryimage\",\"url\":\"https:\/\/now-news.de\/de\/wp-content\/uploads\/sites\/3\/2022\/11\/quotHoelle-auf-Erdenquot-Serbischer-Praesident-warnt-vor-Eskalation-im-Kosovo.jpg\",\"contentUrl\":\"https:\/\/now-news.de\/de\/wp-content\/uploads\/sites\/3\/2022\/11\/quotHoelle-auf-Erdenquot-Serbischer-Praesident-warnt-vor-Eskalation-im-Kosovo.jpg\",\"width\":460,\"height\":259,\"caption\":\"&quot;H\u00f6lle auf Erden&quot;: Serbischer Pr\u00e4sident warnt vor Eskalation im Kosovo\"},{\"@type\":\"BreadcrumbList\",\"@id\":\"https:\/\/now-news.de\/de\/deutschland\/hoelle-auf-erden-serbischer-praesident-warnt-vor-eskalation-im-kosovo\/#breadcrumb\",\"itemListElement\":[{\"@type\":\"ListItem\",\"position\":1,\"name\":\"Home\",\"item\":\"https:\/\/now-news.de\/de\/\"},{\"@type\":\"ListItem\",\"position\":2,\"name\":\"&quot;H\u00f6lle auf Erden&quot;: Serbischer Pr\u00e4sident warnt vor Eskalation im Kosovo\"}]},{\"@type\":\"WebSite\",\"@id\":\"https:\/\/now-news.de\/de\/#website\",\"url\":\"https:\/\/now-news.de\/de\/\",\"name\":\"just-now.NEWS Deutschland\",\"description\":\"Das Portal f\u00fcr unzensierte Nachrichten aus der Welt\",\"publisher\":{\"@id\":\"https:\/\/now-news.de\/de\/#organization\"},\"potentialAction\":[{\"@type\":\"SearchAction\",\"target\":{\"@type\":\"EntryPoint\",\"urlTemplate\":\"https:\/\/now-news.de\/de\/?s={search_term_string}\"},\"query-input\":\"required name=search_term_string\"}],\"inLanguage\":\"de\"},{\"@type\":\"Organization\",\"@id\":\"https:\/\/now-news.de\/de\/#organization\",\"name\":\"Just Now News\",\"url\":\"https:\/\/now-news.de\/de\/\",\"logo\":{\"@type\":\"ImageObject\",\"inLanguage\":\"de\",\"@id\":\"https:\/\/now-news.de\/de\/#\/schema\/logo\/image\/\",\"url\":\"http:\/\/just-now.news\/de\/wp-content\/uploads\/sites\/3\/2022\/04\/logo500x500.jpg\",\"contentUrl\":\"http:\/\/just-now.news\/de\/wp-content\/uploads\/sites\/3\/2022\/04\/logo500x500.jpg\",\"width\":500,\"height\":500,\"caption\":\"Just Now News\"},\"image\":{\"@id\":\"https:\/\/now-news.de\/de\/#\/schema\/logo\/image\/\"},\"sameAs\":[\"https:\/\/www.facebook.com\/wirmachenauf\",\"https:\/\/x.com\/WirMachenAuf_de\"]},{\"@type\":\"Person\",\"@id\":\"https:\/\/now-news.de\/de\/#\/schema\/person\/fb534a4e865501d8b3285208df34a9b5\",\"name\":\"rtnews\",\"image\":{\"@type\":\"ImageObject\",\"inLanguage\":\"de\",\"@id\":\"https:\/\/now-news.de\/de\/#\/schema\/person\/image\/\",\"url\":\"https:\/\/secure.gravatar.com\/avatar\/82aafea7d8127119dd649515f56e2117?s=96&d=mm&r=g\",\"contentUrl\":\"https:\/\/secure.gravatar.com\/avatar\/82aafea7d8127119dd649515f56e2117?s=96&d=mm&r=g\",\"caption\":\"rtnews\"},\"url\":\"https:\/\/now-news.de\/de\/author\/rnews\/\"}]}<\/script>\n<!-- \/ Yoast SEO Premium plugin. -->","yoast_head_json":{"title":"&quot;H\u00f6lle auf Erden&quot;: Serbischer Pr\u00e4sident warnt vor Eskalation im Kosovo - just-now.NEWS Deutschland","robots":{"index":"index","follow":"follow","max-snippet":"max-snippet:-1","max-image-preview":"max-image-preview:large","max-video-preview":"max-video-preview:-1"},"canonical":"https:\/\/now-news.de\/de\/deutschland\/hoelle-auf-erden-serbischer-praesident-warnt-vor-eskalation-im-kosovo\/","og_locale":"de_DE","og_type":"article","og_title":"&quot;H\u00f6lle auf Erden&quot;: Serbischer Pr\u00e4sident warnt vor Eskalation im Kosovo","og_description":"Der Streit zwischen Belgrad und dessen abtr\u00fcnnigen Provinz Kosovo um Autokennzeichen schwelt weiter und droht, erneut zu eskalieren. Pristina plant, die von Serbien ausgestellten Nummernschilder abzuschaffen. Serbiens Pr\u00e4sident Vu\u010di\u0107 warnt nun vor einem Ausbruch der Feindseligkeiten. Die Situation in der abtr\u00fcnnigen serbischen Provinz Kosovo k\u00f6nnte sich zu einer &#8220;H\u00f6lle auf Erden&#8221; entwickeln, wenn die lokalen [&hellip;]","og_url":"https:\/\/now-news.de\/de\/deutschland\/hoelle-auf-erden-serbischer-praesident-warnt-vor-eskalation-im-kosovo\/","og_site_name":"just-now.NEWS Deutschland","article_publisher":"https:\/\/www.facebook.com\/wirmachenauf","article_published_time":"2022-11-21T14:50:05+00:00","og_image":[{"width":460,"height":259,"url":"https:\/\/now-news.de\/de\/wp-content\/uploads\/sites\/3\/2022\/11\/quotHoelle-auf-Erdenquot-Serbischer-Praesident-warnt-vor-Eskalation-im-Kosovo.jpg","type":"image\/jpeg"}],"author":"rtnews","twitter_card":"summary_large_image","twitter_creator":"@WirMachenAuf_de","twitter_site":"@WirMachenAuf_de","twitter_misc":{"Verfasst von":"rtnews","Gesch\u00e4tzte Lesezeit":"4\u00a0Minuten"},"schema":{"@context":"https:\/\/schema.org","@graph":[{"@type":"Article","@id":"https:\/\/now-news.de\/de\/deutschland\/hoelle-auf-erden-serbischer-praesident-warnt-vor-eskalation-im-kosovo\/#article","isPartOf":{"@id":"https:\/\/now-news.de\/de\/deutschland\/hoelle-auf-erden-serbischer-praesident-warnt-vor-eskalation-im-kosovo\/"},"author":{"name":"rtnews","@id":"https:\/\/now-news.de\/de\/#\/schema\/person\/fb534a4e865501d8b3285208df34a9b5"},"headline":"&quot;H\u00f6lle auf Erden&quot;: Serbischer Pr\u00e4sident warnt vor Eskalation im Kosovo","datePublished":"2022-11-21T14:50:05+00:00","dateModified":"2022-11-21T14:50:05+00:00","mainEntityOfPage":{"@id":"https:\/\/now-news.de\/de\/deutschland\/hoelle-auf-erden-serbischer-praesident-warnt-vor-eskalation-im-kosovo\/"},"wordCount":844,"commentCount":0,"publisher":{"@id":"https:\/\/now-news.de\/de\/#organization"},"image":{"@id":"https:\/\/now-news.de\/de\/deutschland\/hoelle-auf-erden-serbischer-praesident-warnt-vor-eskalation-im-kosovo\/#primaryimage"},"thumbnailUrl":"https:\/\/now-news.de\/de\/wp-content\/uploads\/sites\/3\/2022\/11\/quotHoelle-auf-Erdenquot-Serbischer-Praesident-warnt-vor-Eskalation-im-Kosovo.jpg","keywords":["AUF","Erdenquot","Eskalation","Kosovo","Pr\u00e4sident","quotH\u00f6lle","serbischer","vor","warnt"],"articleSection":["Deutschland","Russland"],"inLanguage":"de","potentialAction":[{"@type":"CommentAction","name":"Comment","target":["https:\/\/now-news.de\/de\/deutschland\/hoelle-auf-erden-serbischer-praesident-warnt-vor-eskalation-im-kosovo\/#respond"]}]},{"@type":"WebPage","@id":"https:\/\/now-news.de\/de\/deutschland\/hoelle-auf-erden-serbischer-praesident-warnt-vor-eskalation-im-kosovo\/","url":"https:\/\/now-news.de\/de\/deutschland\/hoelle-auf-erden-serbischer-praesident-warnt-vor-eskalation-im-kosovo\/","name":"&quot;H\u00f6lle auf Erden&quot;: Serbischer Pr\u00e4sident warnt vor Eskalation im Kosovo - just-now.NEWS Deutschland","isPartOf":{"@id":"https:\/\/now-news.de\/de\/#website"},"primaryImageOfPage":{"@id":"https:\/\/now-news.de\/de\/deutschland\/hoelle-auf-erden-serbischer-praesident-warnt-vor-eskalation-im-kosovo\/#primaryimage"},"image":{"@id":"https:\/\/now-news.de\/de\/deutschland\/hoelle-auf-erden-serbischer-praesident-warnt-vor-eskalation-im-kosovo\/#primaryimage"},"thumbnailUrl":"https:\/\/now-news.de\/de\/wp-content\/uploads\/sites\/3\/2022\/11\/quotHoelle-auf-Erdenquot-Serbischer-Praesident-warnt-vor-Eskalation-im-Kosovo.jpg","datePublished":"2022-11-21T14:50:05+00:00","dateModified":"2022-11-21T14:50:05+00:00","breadcrumb":{"@id":"https:\/\/now-news.de\/de\/deutschland\/hoelle-auf-erden-serbischer-praesident-warnt-vor-eskalation-im-kosovo\/#breadcrumb"},"inLanguage":"de","potentialAction":[{"@type":"ReadAction","target":["https:\/\/now-news.de\/de\/deutschland\/hoelle-auf-erden-serbischer-praesident-warnt-vor-eskalation-im-kosovo\/"]}]},{"@type":"ImageObject","inLanguage":"de","@id":"https:\/\/now-news.de\/de\/deutschland\/hoelle-auf-erden-serbischer-praesident-warnt-vor-eskalation-im-kosovo\/#primaryimage","url":"https:\/\/now-news.de\/de\/wp-content\/uploads\/sites\/3\/2022\/11\/quotHoelle-auf-Erdenquot-Serbischer-Praesident-warnt-vor-Eskalation-im-Kosovo.jpg","contentUrl":"https:\/\/now-news.de\/de\/wp-content\/uploads\/sites\/3\/2022\/11\/quotHoelle-auf-Erdenquot-Serbischer-Praesident-warnt-vor-Eskalation-im-Kosovo.jpg","width":460,"height":259,"caption":"&quot;H\u00f6lle auf Erden&quot;: Serbischer Pr\u00e4sident warnt vor Eskalation im Kosovo"},{"@type":"BreadcrumbList","@id":"https:\/\/now-news.de\/de\/deutschland\/hoelle-auf-erden-serbischer-praesident-warnt-vor-eskalation-im-kosovo\/#breadcrumb","itemListElement":[{"@type":"ListItem","position":1,"name":"Home","item":"https:\/\/now-news.de\/de\/"},{"@type":"ListItem","position":2,"name":"&quot;H\u00f6lle auf Erden&quot;: Serbischer Pr\u00e4sident warnt vor Eskalation im Kosovo"}]},{"@type":"WebSite","@id":"https:\/\/now-news.de\/de\/#website","url":"https:\/\/now-news.de\/de\/","name":"just-now.NEWS Deutschland","description":"Das Portal f\u00fcr unzensierte Nachrichten aus der Welt","publisher":{"@id":"https:\/\/now-news.de\/de\/#organization"},"potentialAction":[{"@type":"SearchAction","target":{"@type":"EntryPoint","urlTemplate":"https:\/\/now-news.de\/de\/?s={search_term_string}"},"query-input":"required name=search_term_string"}],"inLanguage":"de"},{"@type":"Organization","@id":"https:\/\/now-news.de\/de\/#organization","name":"Just Now News","url":"https:\/\/now-news.de\/de\/","logo":{"@type":"ImageObject","inLanguage":"de","@id":"https:\/\/now-news.de\/de\/#\/schema\/logo\/image\/","url":"http:\/\/just-now.news\/de\/wp-content\/uploads\/sites\/3\/2022\/04\/logo500x500.jpg","contentUrl":"http:\/\/just-now.news\/de\/wp-content\/uploads\/sites\/3\/2022\/04\/logo500x500.jpg","width":500,"height":500,"caption":"Just Now News"},"image":{"@id":"https:\/\/now-news.de\/de\/#\/schema\/logo\/image\/"},"sameAs":["https:\/\/www.facebook.com\/wirmachenauf","https:\/\/x.com\/WirMachenAuf_de"]},{"@type":"Person","@id":"https:\/\/now-news.de\/de\/#\/schema\/person\/fb534a4e865501d8b3285208df34a9b5","name":"rtnews","image":{"@type":"ImageObject","inLanguage":"de","@id":"https:\/\/now-news.de\/de\/#\/schema\/person\/image\/","url":"https:\/\/secure.gravatar.com\/avatar\/82aafea7d8127119dd649515f56e2117?s=96&d=mm&r=g","contentUrl":"https:\/\/secure.gravatar.com\/avatar\/82aafea7d8127119dd649515f56e2117?s=96&d=mm&r=g","caption":"rtnews"},"url":"https:\/\/now-news.de\/de\/author\/rnews\/"}]}},"_links":{"self":[{"href":"https:\/\/now-news.de\/de\/wp-json\/wp\/v2\/posts\/23705"}],"collection":[{"href":"https:\/\/now-news.de\/de\/wp-json\/wp\/v2\/posts"}],"about":[{"href":"https:\/\/now-news.de\/de\/wp-json\/wp\/v2\/types\/post"}],"author":[{"embeddable":true,"href":"https:\/\/now-news.de\/de\/wp-json\/wp\/v2\/users\/3"}],"replies":[{"embeddable":true,"href":"https:\/\/now-news.de\/de\/wp-json\/wp\/v2\/comments?post=23705"}],"version-history":[{"count":0,"href":"https:\/\/now-news.de\/de\/wp-json\/wp\/v2\/posts\/23705\/revisions"}],"wp:featuredmedia":[{"embeddable":true,"href":"https:\/\/now-news.de\/de\/wp-json\/wp\/v2\/media\/23706"}],"wp:attachment":[{"href":"https:\/\/now-news.de\/de\/wp-json\/wp\/v2\/media?parent=23705"}],"wp:term":[{"taxonomy":"category","embeddable":true,"href":"https:\/\/now-news.de\/de\/wp-json\/wp\/v2\/categories?post=23705"},{"taxonomy":"post_tag","embeddable":true,"href":"https:\/\/now-news.de\/de\/wp-json\/wp\/v2\/tags?post=23705"}],"curies":[{"name":"wp","href":"https:\/\/api.w.org\/{rel}","templated":true}]}}