{"id":23685,"date":"2022-11-21T11:45:47","date_gmt":"2022-11-21T09:45:47","guid":{"rendered":"http:\/\/just-now.news\/de\/deutschland\/dokumente-freigegeben-neue-namen-in-der-epstein-affaere\/"},"modified":"2022-11-21T11:45:47","modified_gmt":"2022-11-21T09:45:47","slug":"dokumente-freigegeben-neue-namen-in-der-epstein-affaere","status":"publish","type":"post","link":"https:\/\/now-news.de\/de\/deutschland\/dokumente-freigegeben-neue-namen-in-der-epstein-affaere\/","title":{"rendered":"Dokumente freigegeben: Neue Namen in der Epstein-Aff\u00e4re"},"content":{"rendered":"<p><img decoding=\"async\" src=\"http:\/\/just-now.news\/de\/wp-content\/uploads\/sites\/3\/2022\/11\/637b47be48fbef688b7a17ec.jpg\" \/><\/p>\n<div class=\"Text-root Text-type_1 \">\n                Ein Bundesrichter in New York hat neue Dokumente im Fall Epstein freigegeben. In diesen tauchen acht weitere Personen auf, darunter Mitarbeiter und mutma\u00dfliche Opfer. Epstein verstarb 2019 unter dubiosen Umst\u00e4nden in seiner Gef\u00e4ngniszelle.\n            <\/div>\n<p><\/p>\n<div class=\"Text-root Text-type_5 ArticleView-text ViewText-root \">\n<p>Ein Bundesrichter in New York hat am vergangenen Freitag die Freigabe einer Reihe von Dokumenten angeordnet, in denen die Namen von Mitarbeitern des verstorbenen Sexualstraft\u00e4ters Jeffrey Epstein und dessen langj\u00e4hrigen Freundin Ghislaine Maxwell genannt werden. Maxwell verb\u00fc\u00dft wegen Sexualverbrechen an Minderj\u00e4hrigen derzeit eine 20-j\u00e4hrige Haftstrafe.<\/p>\n<p>Die Dokumente wurden bereits 2016 in einem Verleumdungsprozess gegen Maxwell von dem mutma\u00dflichen Opfer Virginia Roberts Giuffre eingereicht. Der Fall wurde sp\u00e4ter au\u00dfergerichtlich beigelegt, ebenso wie Giuffres 2021 eingereichte Klage gegen Prince Andrew.<\/p>\n<p>Die Bundesrichterin Loretta Preska entschied, dass die Dokumente, in denen acht &#8220;John Does&#8221; genannt werden, freigegeben werden k\u00f6nnen und dass das \u00f6ffentliche Interesse die Datenschutzrechte dieser anonymen Personen \u00fcberwiegt, berichtete <em>Fox News<\/em>. John Doe, weibliches Pendant Jane Doe oder Jane Roe, ist ein englischer Platzhaltername f\u00fcr fiktive oder nicht identifizierte Personen.<\/p>\n<p>Zwei der in den Dokumenten genannten Personen sind mutma\u00dfliche Opfer von Epstein, die bereits mit ihren Anschuldigungen an die \u00d6ffentlichkeit gegangen sind. Die eine, Emmy Taylor, reichte diesen Sommer eine Klage gegen einen Journalisten ein, der sie als &#8220;Mitverschw\u00f6rerin&#8221; von Epstein und Maxwell bezeichnete. Die andere, Sarah Ransome, ver\u00f6ffentlichte ein Buch \u00fcber ihre Erfahrungen als &#8220;Sexspielzeug&#8221; auf Epsteins ber\u00fcchtigter Privatinsel.<\/p>\n<p>In den Dokumenten findet sich auch Tom Pritzker, ein milliardenschwerer Hotelmagnat und Cousin des demokratischen Gouverneurs von Illinois, J.B. Pritzker. W\u00e4hrend Pritzker klagte, um die Ver\u00f6ffentlichung seines Namens zu verhindern, argumentierte Preska, dass ihm keine &#8220;b\u00f6swilligen Handlungen&#8221; vorgeworfen w\u00fcrden und ordnete laut <em>Fox News<\/em> die Ver\u00f6ffentlichung an.<\/p>\n<p><strong>Giuffre und\u00a0Dershowitz einigen sich<\/strong><\/p>\n<p>Giuffre hatte zuvor behauptet, sie sei von Epstein und Maxwell zum Sex mit Pritzker gezwungen worden, was der Milliard\u00e4r bestritt. Giuffre beschuldigte auch Epsteins Anwalt, Alan Dershowitz, sie vergewaltigt zu haben, als sie minderj\u00e4hrig war. Dershowitz bestritt diese Anschuldigung und verklagte Giuffre wegen Verleumdung. Die beiden haben sich Anfang des Monats au\u00dfergerichtlich geeinigt, wobei Giuffre ihre Vergewaltigungsbehauptung zur\u00fcckzog.<\/p>\n<p>Epstein wurde am 6. Juli 2019 am Flughafen Teterboro in New Jersey verhaftet und ins Metropolitan Correctional Center in Manhattan gebracht. Laut Anklage soll er zwischen 2002 und 2005 in New York und Florida einen Ring zur sexuellen Ausbeutung von Kindern und Jugendlichen betrieben haben.<\/p>\n<p>Demnach soll er gemeinsam mit Ghislaine Maxwell hunderten minderj\u00e4hrigen M\u00e4dchen sexuelle Gewalt angetan und sie zur Prostitution verleitet sowie Menschenhandel zur sexuellen Ausbeutung betrieben haben. Der Prozessauftakt wurde auf Anfang Juni 2020 festgelegt.<\/p>\n<p>Am 10. August 2019 wurde Epstein in seiner Zelle nicht ansprechbar aufgefunden. Im Krankenhaus wurde sein Tod festgestellt. Dieser wurde offiziell als Selbstmord eingestuft.<\/p>\n<p><strong>Mehr zum Thema<\/strong>\u00a0&#8211;\u00a0<a rel=\"nofollow noopener\" target=\"_blank\" href=\"https:\/\/de.rt.com\/international\/145765-durchsuchung-bei-trump-verantwortlicher-richter\/\">Durchsuchung bei Trump: Verantwortlicher Richter war Jeffrey Epsteins Anwalt<\/a><\/p>\n<\/div>\n<p><br \/>\n<br \/><a href=\"https:\/\/de.rt.com\/nordamerika\/154997-neue-namen-in-epstein-affaere\/\">Source link <\/a><\/p>\n","protected":false},"excerpt":{"rendered":"<p>Ein Bundesrichter in New York hat neue Dokumente im Fall Epstein freigegeben. In diesen tauchen acht weitere Personen auf, darunter Mitarbeiter und mutma\u00dfliche Opfer. Epstein verstarb 2019 unter dubiosen Umst\u00e4nden in seiner Gef\u00e4ngniszelle. Ein Bundesrichter in New York hat am vergangenen Freitag die Freigabe einer Reihe von Dokumenten angeordnet, in denen die Namen von Mitarbeitern [&hellip;]<\/p>\n","protected":false},"author":3,"featured_media":23686,"comment_status":"open","ping_status":"open","sticky":false,"template":"","format":"standard","meta":{"wp_automatic_camp":["217"],"ad0c11f645d128f5920d157a4075c072":["Dokumente freigegeben: Neue Namen in der Epstein-Aff\u00e4re"],"original_link":["https:\/\/de.rt.com\/nordamerika\/154997-neue-namen-in-epstein-affaere\/"],"_thumbnail_id":["23686"],"jnews_social_counter_last_update":["1777323044"]},"categories":[19,23],"tags":[82,1019,36230,36229,24220,1227],"yoast_head":"<!-- This site is optimized with the Yoast SEO Premium plugin v22.7 (Yoast SEO v22.7) - https:\/\/yoast.com\/wordpress\/plugins\/seo\/ -->\n<title>Dokumente freigegeben: Neue Namen in der Epstein-Aff\u00e4re - just-now.NEWS Deutschland<\/title>\n<meta name=\"robots\" content=\"index, follow, max-snippet:-1, max-image-preview:large, max-video-preview:-1\" \/>\n<link rel=\"canonical\" href=\"https:\/\/now-news.de\/de\/deutschland\/dokumente-freigegeben-neue-namen-in-der-epstein-affaere\/\" \/>\n<meta property=\"og:locale\" content=\"de_DE\" \/>\n<meta property=\"og:type\" content=\"article\" \/>\n<meta property=\"og:title\" content=\"Dokumente freigegeben: Neue Namen in der Epstein-Aff\u00e4re\" \/>\n<meta property=\"og:description\" content=\"Ein Bundesrichter in New York hat neue Dokumente im Fall Epstein freigegeben. In diesen tauchen acht weitere Personen auf, darunter Mitarbeiter und mutma\u00dfliche Opfer. Epstein verstarb 2019 unter dubiosen Umst\u00e4nden in seiner Gef\u00e4ngniszelle. Ein Bundesrichter in New York hat am vergangenen Freitag die Freigabe einer Reihe von Dokumenten angeordnet, in denen die Namen von Mitarbeitern [&hellip;]\" \/>\n<meta property=\"og:url\" content=\"https:\/\/now-news.de\/de\/deutschland\/dokumente-freigegeben-neue-namen-in-der-epstein-affaere\/\" \/>\n<meta property=\"og:site_name\" content=\"just-now.NEWS Deutschland\" \/>\n<meta property=\"article:publisher\" content=\"https:\/\/www.facebook.com\/wirmachenauf\" \/>\n<meta property=\"article:published_time\" content=\"2022-11-21T09:45:47+00:00\" \/>\n<meta property=\"og:image\" content=\"https:\/\/now-news.de\/de\/wp-content\/uploads\/sites\/3\/2022\/11\/Dokumente-freigegeben-Neue-Namen-in-der-Epstein-Affaere.jpg\" \/>\n\t<meta property=\"og:image:width\" content=\"460\" \/>\n\t<meta property=\"og:image:height\" content=\"259\" \/>\n\t<meta property=\"og:image:type\" content=\"image\/jpeg\" \/>\n<meta name=\"author\" content=\"rtnews\" \/>\n<meta name=\"twitter:card\" content=\"summary_large_image\" \/>\n<meta name=\"twitter:creator\" content=\"@WirMachenAuf_de\" \/>\n<meta name=\"twitter:site\" content=\"@WirMachenAuf_de\" \/>\n<meta name=\"twitter:label1\" content=\"Verfasst von\" \/>\n\t<meta name=\"twitter:data1\" content=\"rtnews\" \/>\n\t<meta name=\"twitter:label2\" content=\"Gesch\u00e4tzte Lesezeit\" \/>\n\t<meta name=\"twitter:data2\" content=\"2\u00a0Minuten\" \/>\n<script type=\"application\/ld+json\" class=\"yoast-schema-graph\">{\"@context\":\"https:\/\/schema.org\",\"@graph\":[{\"@type\":\"Article\",\"@id\":\"https:\/\/now-news.de\/de\/deutschland\/dokumente-freigegeben-neue-namen-in-der-epstein-affaere\/#article\",\"isPartOf\":{\"@id\":\"https:\/\/now-news.de\/de\/deutschland\/dokumente-freigegeben-neue-namen-in-der-epstein-affaere\/\"},\"author\":{\"name\":\"rtnews\",\"@id\":\"https:\/\/now-news.de\/de\/#\/schema\/person\/fb534a4e865501d8b3285208df34a9b5\"},\"headline\":\"Dokumente freigegeben: Neue Namen in der Epstein-Aff\u00e4re\",\"datePublished\":\"2022-11-21T09:45:47+00:00\",\"dateModified\":\"2022-11-21T09:45:47+00:00\",\"mainEntityOfPage\":{\"@id\":\"https:\/\/now-news.de\/de\/deutschland\/dokumente-freigegeben-neue-namen-in-der-epstein-affaere\/\"},\"wordCount\":477,\"commentCount\":0,\"publisher\":{\"@id\":\"https:\/\/now-news.de\/de\/#organization\"},\"image\":{\"@id\":\"https:\/\/now-news.de\/de\/deutschland\/dokumente-freigegeben-neue-namen-in-der-epstein-affaere\/#primaryimage\"},\"thumbnailUrl\":\"https:\/\/now-news.de\/de\/wp-content\/uploads\/sites\/3\/2022\/11\/Dokumente-freigegeben-Neue-Namen-in-der-Epstein-Affaere.jpg\",\"keywords\":[\"der\",\"Dokumente\",\"EpsteinAff\u00e4re\",\"freigegeben\",\"Namen\",\"NEUE\"],\"articleSection\":[\"Deutschland\",\"Russland\"],\"inLanguage\":\"de\",\"potentialAction\":[{\"@type\":\"CommentAction\",\"name\":\"Comment\",\"target\":[\"https:\/\/now-news.de\/de\/deutschland\/dokumente-freigegeben-neue-namen-in-der-epstein-affaere\/#respond\"]}]},{\"@type\":\"WebPage\",\"@id\":\"https:\/\/now-news.de\/de\/deutschland\/dokumente-freigegeben-neue-namen-in-der-epstein-affaere\/\",\"url\":\"https:\/\/now-news.de\/de\/deutschland\/dokumente-freigegeben-neue-namen-in-der-epstein-affaere\/\",\"name\":\"Dokumente freigegeben: Neue Namen in der Epstein-Aff\u00e4re - just-now.NEWS Deutschland\",\"isPartOf\":{\"@id\":\"https:\/\/now-news.de\/de\/#website\"},\"primaryImageOfPage\":{\"@id\":\"https:\/\/now-news.de\/de\/deutschland\/dokumente-freigegeben-neue-namen-in-der-epstein-affaere\/#primaryimage\"},\"image\":{\"@id\":\"https:\/\/now-news.de\/de\/deutschland\/dokumente-freigegeben-neue-namen-in-der-epstein-affaere\/#primaryimage\"},\"thumbnailUrl\":\"https:\/\/now-news.de\/de\/wp-content\/uploads\/sites\/3\/2022\/11\/Dokumente-freigegeben-Neue-Namen-in-der-Epstein-Affaere.jpg\",\"datePublished\":\"2022-11-21T09:45:47+00:00\",\"dateModified\":\"2022-11-21T09:45:47+00:00\",\"breadcrumb\":{\"@id\":\"https:\/\/now-news.de\/de\/deutschland\/dokumente-freigegeben-neue-namen-in-der-epstein-affaere\/#breadcrumb\"},\"inLanguage\":\"de\",\"potentialAction\":[{\"@type\":\"ReadAction\",\"target\":[\"https:\/\/now-news.de\/de\/deutschland\/dokumente-freigegeben-neue-namen-in-der-epstein-affaere\/\"]}]},{\"@type\":\"ImageObject\",\"inLanguage\":\"de\",\"@id\":\"https:\/\/now-news.de\/de\/deutschland\/dokumente-freigegeben-neue-namen-in-der-epstein-affaere\/#primaryimage\",\"url\":\"https:\/\/now-news.de\/de\/wp-content\/uploads\/sites\/3\/2022\/11\/Dokumente-freigegeben-Neue-Namen-in-der-Epstein-Affaere.jpg\",\"contentUrl\":\"https:\/\/now-news.de\/de\/wp-content\/uploads\/sites\/3\/2022\/11\/Dokumente-freigegeben-Neue-Namen-in-der-Epstein-Affaere.jpg\",\"width\":460,\"height\":259,\"caption\":\"Dokumente freigegeben: Neue Namen in der Epstein-Aff\u00e4re\"},{\"@type\":\"BreadcrumbList\",\"@id\":\"https:\/\/now-news.de\/de\/deutschland\/dokumente-freigegeben-neue-namen-in-der-epstein-affaere\/#breadcrumb\",\"itemListElement\":[{\"@type\":\"ListItem\",\"position\":1,\"name\":\"Home\",\"item\":\"https:\/\/now-news.de\/de\/\"},{\"@type\":\"ListItem\",\"position\":2,\"name\":\"Dokumente freigegeben: Neue Namen in der Epstein-Aff\u00e4re\"}]},{\"@type\":\"WebSite\",\"@id\":\"https:\/\/now-news.de\/de\/#website\",\"url\":\"https:\/\/now-news.de\/de\/\",\"name\":\"just-now.NEWS Deutschland\",\"description\":\"Das Portal f\u00fcr unzensierte Nachrichten aus der Welt\",\"publisher\":{\"@id\":\"https:\/\/now-news.de\/de\/#organization\"},\"potentialAction\":[{\"@type\":\"SearchAction\",\"target\":{\"@type\":\"EntryPoint\",\"urlTemplate\":\"https:\/\/now-news.de\/de\/?s={search_term_string}\"},\"query-input\":\"required name=search_term_string\"}],\"inLanguage\":\"de\"},{\"@type\":\"Organization\",\"@id\":\"https:\/\/now-news.de\/de\/#organization\",\"name\":\"Just Now News\",\"url\":\"https:\/\/now-news.de\/de\/\",\"logo\":{\"@type\":\"ImageObject\",\"inLanguage\":\"de\",\"@id\":\"https:\/\/now-news.de\/de\/#\/schema\/logo\/image\/\",\"url\":\"http:\/\/just-now.news\/de\/wp-content\/uploads\/sites\/3\/2022\/04\/logo500x500.jpg\",\"contentUrl\":\"http:\/\/just-now.news\/de\/wp-content\/uploads\/sites\/3\/2022\/04\/logo500x500.jpg\",\"width\":500,\"height\":500,\"caption\":\"Just Now News\"},\"image\":{\"@id\":\"https:\/\/now-news.de\/de\/#\/schema\/logo\/image\/\"},\"sameAs\":[\"https:\/\/www.facebook.com\/wirmachenauf\",\"https:\/\/x.com\/WirMachenAuf_de\"]},{\"@type\":\"Person\",\"@id\":\"https:\/\/now-news.de\/de\/#\/schema\/person\/fb534a4e865501d8b3285208df34a9b5\",\"name\":\"rtnews\",\"image\":{\"@type\":\"ImageObject\",\"inLanguage\":\"de\",\"@id\":\"https:\/\/now-news.de\/de\/#\/schema\/person\/image\/\",\"url\":\"https:\/\/secure.gravatar.com\/avatar\/82aafea7d8127119dd649515f56e2117?s=96&d=mm&r=g\",\"contentUrl\":\"https:\/\/secure.gravatar.com\/avatar\/82aafea7d8127119dd649515f56e2117?s=96&d=mm&r=g\",\"caption\":\"rtnews\"},\"url\":\"https:\/\/now-news.de\/de\/author\/rnews\/\"}]}<\/script>\n<!-- \/ Yoast SEO Premium plugin. -->","yoast_head_json":{"title":"Dokumente freigegeben: Neue Namen in der Epstein-Aff\u00e4re - just-now.NEWS Deutschland","robots":{"index":"index","follow":"follow","max-snippet":"max-snippet:-1","max-image-preview":"max-image-preview:large","max-video-preview":"max-video-preview:-1"},"canonical":"https:\/\/now-news.de\/de\/deutschland\/dokumente-freigegeben-neue-namen-in-der-epstein-affaere\/","og_locale":"de_DE","og_type":"article","og_title":"Dokumente freigegeben: Neue Namen in der Epstein-Aff\u00e4re","og_description":"Ein Bundesrichter in New York hat neue Dokumente im Fall Epstein freigegeben. In diesen tauchen acht weitere Personen auf, darunter Mitarbeiter und mutma\u00dfliche Opfer. Epstein verstarb 2019 unter dubiosen Umst\u00e4nden in seiner Gef\u00e4ngniszelle. Ein Bundesrichter in New York hat am vergangenen Freitag die Freigabe einer Reihe von Dokumenten angeordnet, in denen die Namen von Mitarbeitern [&hellip;]","og_url":"https:\/\/now-news.de\/de\/deutschland\/dokumente-freigegeben-neue-namen-in-der-epstein-affaere\/","og_site_name":"just-now.NEWS Deutschland","article_publisher":"https:\/\/www.facebook.com\/wirmachenauf","article_published_time":"2022-11-21T09:45:47+00:00","og_image":[{"width":460,"height":259,"url":"https:\/\/now-news.de\/de\/wp-content\/uploads\/sites\/3\/2022\/11\/Dokumente-freigegeben-Neue-Namen-in-der-Epstein-Affaere.jpg","type":"image\/jpeg"}],"author":"rtnews","twitter_card":"summary_large_image","twitter_creator":"@WirMachenAuf_de","twitter_site":"@WirMachenAuf_de","twitter_misc":{"Verfasst von":"rtnews","Gesch\u00e4tzte Lesezeit":"2\u00a0Minuten"},"schema":{"@context":"https:\/\/schema.org","@graph":[{"@type":"Article","@id":"https:\/\/now-news.de\/de\/deutschland\/dokumente-freigegeben-neue-namen-in-der-epstein-affaere\/#article","isPartOf":{"@id":"https:\/\/now-news.de\/de\/deutschland\/dokumente-freigegeben-neue-namen-in-der-epstein-affaere\/"},"author":{"name":"rtnews","@id":"https:\/\/now-news.de\/de\/#\/schema\/person\/fb534a4e865501d8b3285208df34a9b5"},"headline":"Dokumente freigegeben: Neue Namen in der Epstein-Aff\u00e4re","datePublished":"2022-11-21T09:45:47+00:00","dateModified":"2022-11-21T09:45:47+00:00","mainEntityOfPage":{"@id":"https:\/\/now-news.de\/de\/deutschland\/dokumente-freigegeben-neue-namen-in-der-epstein-affaere\/"},"wordCount":477,"commentCount":0,"publisher":{"@id":"https:\/\/now-news.de\/de\/#organization"},"image":{"@id":"https:\/\/now-news.de\/de\/deutschland\/dokumente-freigegeben-neue-namen-in-der-epstein-affaere\/#primaryimage"},"thumbnailUrl":"https:\/\/now-news.de\/de\/wp-content\/uploads\/sites\/3\/2022\/11\/Dokumente-freigegeben-Neue-Namen-in-der-Epstein-Affaere.jpg","keywords":["der","Dokumente","EpsteinAff\u00e4re","freigegeben","Namen","NEUE"],"articleSection":["Deutschland","Russland"],"inLanguage":"de","potentialAction":[{"@type":"CommentAction","name":"Comment","target":["https:\/\/now-news.de\/de\/deutschland\/dokumente-freigegeben-neue-namen-in-der-epstein-affaere\/#respond"]}]},{"@type":"WebPage","@id":"https:\/\/now-news.de\/de\/deutschland\/dokumente-freigegeben-neue-namen-in-der-epstein-affaere\/","url":"https:\/\/now-news.de\/de\/deutschland\/dokumente-freigegeben-neue-namen-in-der-epstein-affaere\/","name":"Dokumente freigegeben: Neue Namen in der Epstein-Aff\u00e4re - just-now.NEWS Deutschland","isPartOf":{"@id":"https:\/\/now-news.de\/de\/#website"},"primaryImageOfPage":{"@id":"https:\/\/now-news.de\/de\/deutschland\/dokumente-freigegeben-neue-namen-in-der-epstein-affaere\/#primaryimage"},"image":{"@id":"https:\/\/now-news.de\/de\/deutschland\/dokumente-freigegeben-neue-namen-in-der-epstein-affaere\/#primaryimage"},"thumbnailUrl":"https:\/\/now-news.de\/de\/wp-content\/uploads\/sites\/3\/2022\/11\/Dokumente-freigegeben-Neue-Namen-in-der-Epstein-Affaere.jpg","datePublished":"2022-11-21T09:45:47+00:00","dateModified":"2022-11-21T09:45:47+00:00","breadcrumb":{"@id":"https:\/\/now-news.de\/de\/deutschland\/dokumente-freigegeben-neue-namen-in-der-epstein-affaere\/#breadcrumb"},"inLanguage":"de","potentialAction":[{"@type":"ReadAction","target":["https:\/\/now-news.de\/de\/deutschland\/dokumente-freigegeben-neue-namen-in-der-epstein-affaere\/"]}]},{"@type":"ImageObject","inLanguage":"de","@id":"https:\/\/now-news.de\/de\/deutschland\/dokumente-freigegeben-neue-namen-in-der-epstein-affaere\/#primaryimage","url":"https:\/\/now-news.de\/de\/wp-content\/uploads\/sites\/3\/2022\/11\/Dokumente-freigegeben-Neue-Namen-in-der-Epstein-Affaere.jpg","contentUrl":"https:\/\/now-news.de\/de\/wp-content\/uploads\/sites\/3\/2022\/11\/Dokumente-freigegeben-Neue-Namen-in-der-Epstein-Affaere.jpg","width":460,"height":259,"caption":"Dokumente freigegeben: Neue Namen in der Epstein-Aff\u00e4re"},{"@type":"BreadcrumbList","@id":"https:\/\/now-news.de\/de\/deutschland\/dokumente-freigegeben-neue-namen-in-der-epstein-affaere\/#breadcrumb","itemListElement":[{"@type":"ListItem","position":1,"name":"Home","item":"https:\/\/now-news.de\/de\/"},{"@type":"ListItem","position":2,"name":"Dokumente freigegeben: Neue Namen in der Epstein-Aff\u00e4re"}]},{"@type":"WebSite","@id":"https:\/\/now-news.de\/de\/#website","url":"https:\/\/now-news.de\/de\/","name":"just-now.NEWS Deutschland","description":"Das Portal f\u00fcr unzensierte Nachrichten aus der Welt","publisher":{"@id":"https:\/\/now-news.de\/de\/#organization"},"potentialAction":[{"@type":"SearchAction","target":{"@type":"EntryPoint","urlTemplate":"https:\/\/now-news.de\/de\/?s={search_term_string}"},"query-input":"required name=search_term_string"}],"inLanguage":"de"},{"@type":"Organization","@id":"https:\/\/now-news.de\/de\/#organization","name":"Just Now News","url":"https:\/\/now-news.de\/de\/","logo":{"@type":"ImageObject","inLanguage":"de","@id":"https:\/\/now-news.de\/de\/#\/schema\/logo\/image\/","url":"http:\/\/just-now.news\/de\/wp-content\/uploads\/sites\/3\/2022\/04\/logo500x500.jpg","contentUrl":"http:\/\/just-now.news\/de\/wp-content\/uploads\/sites\/3\/2022\/04\/logo500x500.jpg","width":500,"height":500,"caption":"Just Now News"},"image":{"@id":"https:\/\/now-news.de\/de\/#\/schema\/logo\/image\/"},"sameAs":["https:\/\/www.facebook.com\/wirmachenauf","https:\/\/x.com\/WirMachenAuf_de"]},{"@type":"Person","@id":"https:\/\/now-news.de\/de\/#\/schema\/person\/fb534a4e865501d8b3285208df34a9b5","name":"rtnews","image":{"@type":"ImageObject","inLanguage":"de","@id":"https:\/\/now-news.de\/de\/#\/schema\/person\/image\/","url":"https:\/\/secure.gravatar.com\/avatar\/82aafea7d8127119dd649515f56e2117?s=96&d=mm&r=g","contentUrl":"https:\/\/secure.gravatar.com\/avatar\/82aafea7d8127119dd649515f56e2117?s=96&d=mm&r=g","caption":"rtnews"},"url":"https:\/\/now-news.de\/de\/author\/rnews\/"}]}},"_links":{"self":[{"href":"https:\/\/now-news.de\/de\/wp-json\/wp\/v2\/posts\/23685"}],"collection":[{"href":"https:\/\/now-news.de\/de\/wp-json\/wp\/v2\/posts"}],"about":[{"href":"https:\/\/now-news.de\/de\/wp-json\/wp\/v2\/types\/post"}],"author":[{"embeddable":true,"href":"https:\/\/now-news.de\/de\/wp-json\/wp\/v2\/users\/3"}],"replies":[{"embeddable":true,"href":"https:\/\/now-news.de\/de\/wp-json\/wp\/v2\/comments?post=23685"}],"version-history":[{"count":0,"href":"https:\/\/now-news.de\/de\/wp-json\/wp\/v2\/posts\/23685\/revisions"}],"wp:featuredmedia":[{"embeddable":true,"href":"https:\/\/now-news.de\/de\/wp-json\/wp\/v2\/media\/23686"}],"wp:attachment":[{"href":"https:\/\/now-news.de\/de\/wp-json\/wp\/v2\/media?parent=23685"}],"wp:term":[{"taxonomy":"category","embeddable":true,"href":"https:\/\/now-news.de\/de\/wp-json\/wp\/v2\/categories?post=23685"},{"taxonomy":"post_tag","embeddable":true,"href":"https:\/\/now-news.de\/de\/wp-json\/wp\/v2\/tags?post=23685"}],"curies":[{"name":"wp","href":"https:\/\/api.w.org\/{rel}","templated":true}]}}