{"id":23665,"date":"2022-11-20T23:33:25","date_gmt":"2022-11-20T21:33:25","guid":{"rendered":"http:\/\/just-now.news\/de\/deutschland\/ein-jahr-nach-einfuehrung-der-3g-noetigung-das-bmg-beharrt-auf-seiner-maskenpolitik\/"},"modified":"2022-11-20T23:33:25","modified_gmt":"2022-11-20T21:33:25","slug":"ein-jahr-nach-einfuehrung-der-3g-noetigung-das-bmg-beharrt-auf-seiner-maskenpolitik","status":"publish","type":"post","link":"https:\/\/now-news.de\/de\/deutschland\/ein-jahr-nach-einfuehrung-der-3g-noetigung-das-bmg-beharrt-auf-seiner-maskenpolitik\/","title":{"rendered":"Ein Jahr nach Einf\u00fchrung der 3G-N\u00f6tigung \u2013 Das BMG beharrt auf seiner Maskenpolitik"},"content":{"rendered":"<div class=\"Text-root Text-type_1 \">\n                In einem aktuellen Twitter-Beitrag schreibt das BMG, dass es weiterhin sinnvoll sei, in Bus und Bahn eine Maske zu tragen. Eine SWR-Doku verdeutlicht, dass die Schuld am ungekl\u00e4rten Maskenskandal eindeutig bei Jens Spahn liege. Am 18. November 2021 wurde im Bundestag die 3G-Regelung im Infektions\u00adschutzkatalog verankert.\n            <\/div>\n<p><\/p>\n<div class=\"Text-root Text-type_5 ArticleView-text ViewText-root \">\n<p><em>Von Bernhard Leyon<\/em><\/p>\n<p>Wo bleibt sie nur, die Zeit? Viele Menschen befinden sich aufgrund der zehrenden Umst\u00e4nde der Corona-Krise in dem gef\u00fcrchteten Routinetunnel. F\u00fcr manch&#8217; B\u00fcrger dunkel und be\u00e4ngstigend. F\u00fcr andere mit dem ein oder anderen T\u00fcrchen oder zumindest Fensterchen, um sprichw\u00f6rtlich mal nach Luft zu schnappen.<\/p>\n<p>Diese wichtige menschliche Grundlage des Luftholens, das Grundbed\u00fcrfnis des freien Atmens, des Durchatmens, war und ist aufgrund rein politischer Ma\u00dfnahmen-Verordnungen der Jahre 2020 bis in die Gegenwart Abermillionen B\u00fcrgern sehr oft nicht verg\u00f6nnt. Mutwillig, durch eine kontrovers wahrgenommene Diskussion, um den Sinn und eine vermeidliche Wirkung durch die N\u00f6tigung einer Maskenpflicht. Irritierend ab Tag eins, zum vermeintlichen Wohl und Schutz der Menschen, wird ein Produkt der (Arbeits-)Schutzausr\u00fcstung \u2013 die FFP2-Maske \u2013 mit klar definierter <a rel=\"nofollow noopener\" target=\"_blank\" href=\"https:\/\/www.baua.de\/DE\/Themen\/Arbeitsgestaltung-im-Betrieb\/Coronavirus\/FAQ\/PSA-FAQ-24.html\">Nutzungs<\/a>anleitung\u00a0kurzum nachweislich kontraproduktiv umdefiniert und aufgen\u00f6tigt. Um die bekannte Thematik abzuk\u00fcrzen, folgt das Zitat einer <em>Tagesschau<\/em>&#8211;<a rel=\"nofollow noopener\" target=\"_blank\" href=\"https:\/\/www.tagesschau.de\/inland\/oepnv-studie-corona-ansteckung-101.html\">Meldung<\/a> vom 10. Mai 2021:<\/p>\n<blockquote>\n<p><em>&#8220;\u00d6ffentlicher Nahverkehr: Studie sieht kein erh\u00f6htes Risiko in Bus und Bahn \u2013 Die regelm\u00e4\u00dfige Nutzung \u00f6ffentlicher Verkehrsmittel birgt kein erh\u00f6htes Risiko einer Coronainfektion. Zu diesem Ergebnis kommt eine \u00d6PNV-Studie.&#8221;<\/em><\/p>\n<\/blockquote>\n<p>Der Ordnung halber muss erw\u00e4hnt werden, dass die <em>Tagesschau<\/em>-Redaktion im Text des dazugeh\u00f6rigen Artikels sofort darauf hinweist, dass es an der Studie &#8220;jedoch Zweifel gibt&#8221;. Zweifel waren in den vergangenen knapp drei Jahren vonseiten der Medien nur dann angebracht, wenn vorliegende Ergebnisse oder Argumente den politischen Vorstellungen und Vorgaben nicht dienlich waren. Eine Diskussion wurde dabei nicht gew\u00fcnscht. Kontr\u00e4ren Meinungen z\u00fcgig die Luft genommen. Der Luftraum der mehr als eingeschr\u00e4nkten Deutungshoheit wurde zum medial-politischen Sperrgebiet.<\/p>\n<p>Der 18. November ist in zweierlei Hinsicht ein Datum f\u00fcr die privaten Archive. Das\u00a0Bundesgesundheitsministerium (BMG) ver\u00f6ffentlichte eines der regelm\u00e4\u00dfigen animierten Twitter-Videos. Das Thema lautet Maskentragen in Bahn und Bus und der vermeintliche Sinn dieser Aktion. Die B\u00fcrger sind m\u00fcde, unwillig, regelrecht bockig bei diesem Thema geworden. Studien wie auch pers\u00f6nliche Erfahrungswerte haben den Menschen im Land gezeigt, es wird nicht alles so hei\u00df gegessen, wie es gekocht wird. Das Vertrauen in die Politik und zu Gro\u00dfteilen in die Medien ist aufgebraucht. Die Luft der Glaubw\u00fcrdigkeit vollends entwichen aus einem mittlerweile schlaff wirkenden Argumentations-Luftballon.<\/p>\n<p>So behauptet das BMG in dem Beitrag:<\/p>\n<blockquote>\n<p><em>&#8220;Das Coronavirus wird \u00fcber Tr\u00f6pfchen und Aerosole \u00fcbertragen. Um sich und andere vor einer Ansteckung zu sch\u00fctzen, ist es weiterhin sinnvoll, in Bus und Bahn eine Maske zu tragen. So sch\u00fctzen Sie sich und Ihre Mitmenschen.&#8221;<\/em><\/p>\n<\/blockquote>\n<div class=\"EmbedBlock-root EmbedBlock-twitter\">\n<div class=\"TwitterEmbed\">\n<blockquote class=\"twitter-tweet lazyload\" data-twitter=\"twitter-tweet\">\n<p lang=\"de\" dir=\"ltr\">Das <a rel=\"nofollow noopener\" target=\"_blank\" href=\"https:\/\/twitter.com\/hashtag\/Coronavirus?src=hash&amp;ref_src=twsrc%5Etfw\">#Coronavirus<\/a> wird \u00fcber Tr\u00f6pfchen und Aerosole \u00fcbertragen. Um sich und andere vor einer Ansteckung zu sch\u00fctzen, ist es weiterhin sinnvoll, in Bus und Bahn eine <a rel=\"nofollow noopener\" target=\"_blank\" href=\"https:\/\/twitter.com\/hashtag\/Maske?src=hash&amp;ref_src=twsrc%5Etfw\">#Maske<\/a> zu tragen. So sch\u00fctzen Sie sich und Ihre Mitmenschen. <a rel=\"nofollow noopener\" target=\"_blank\" href=\"https:\/\/t.co\/xQYejy1dbm\">pic.twitter.com\/xQYejy1dbm<\/a><\/p>\n<p>\u2014 Bundesgesundheitsministerium (@BMG_Bund) <a rel=\"nofollow noopener\" target=\"_blank\" href=\"https:\/\/twitter.com\/BMG_Bund\/status\/1593510901260361729?ref_src=twsrc%5Etfw\">November 18, 2022<\/a><\/p><\/blockquote>\n<\/div>\n<\/div>\n<p>Nat\u00fcrlich wissen die Macher und Verantwortlichen, dass in dieser Aussage sehr viele fragw\u00fcrdige, zumindest diskussionsw\u00fcrdige Formulierungen eingearbeitet wurden. Jedem kritischen B\u00fcrger fallen umgehend mindestens drei &#8220;Aber&#8221; ein. Stichworte: &#8220;Ansteckung&#8221;, &#8220;Sinn&#8221; und &#8220;Schutz&#8221;. In dem folgenden Video aus dem Jahr 2020 findet sich eine ehemals dementsprechende Best\u00e4tigung durch den Charit\u00e9-Charmeur Christian Drosten, der seit Wochen doch auff\u00e4llig abgetaucht ist. F\u00fcr den Sunny-Boy und Medien-Darling der Jahre 2020 und 2021 ist die Luft etwas d\u00fcnner geworden. Er wird es ohne gr\u00f6\u00dfere Sch\u00e4den \u00fcberleben. Viele Menschen in diesem Land hatten dahin gehend, auch aufgrund der von ihm eingeforderten Ma\u00dfnahmen, nachweislich weniger Gl\u00fcck:<\/p>\n<div class=\"EmbedBlock-root EmbedBlock-twitter\">\n<div class=\"TwitterEmbed\">\n<blockquote class=\"twitter-tweet lazyload\" data-twitter=\"twitter-tweet\">\n<p lang=\"de\" dir=\"ltr\">Und die Schafe tragen weiter freiwillig die Maske. H\u00e4ttet Ihr mal alle auf Drosten geh\u00f6rt. <a rel=\"nofollow noopener\" target=\"_blank\" href=\"https:\/\/twitter.com\/hashtag\/Maskenpflicht?src=hash&amp;ref_src=twsrc%5Etfw\">#Maskenpflicht<\/a><a rel=\"nofollow noopener\" target=\"_blank\" href=\"https:\/\/twitter.com\/hashtag\/Wirhabenmitgemacht?src=hash&amp;ref_src=twsrc%5Etfw\">#Wirhabenmitgemacht<\/a><a rel=\"nofollow noopener\" target=\"_blank\" href=\"https:\/\/t.co\/6o4ZEtt6el\">pic.twitter.com\/6o4ZEtt6el<\/a><\/p>\n<p>\u2014 Marcel (@ElliotStabler92) <a rel=\"nofollow noopener\" target=\"_blank\" href=\"https:\/\/twitter.com\/ElliotStabler92\/status\/1590724921793318913?ref_src=twsrc%5Etfw\">November 10, 2022<\/a><\/p><\/blockquote>\n<\/div>\n<\/div>\n<p>Am Ende geht es aktuell nur noch um die Diskussion, wann Politik und zuarbeitende Medien den B\u00fcrgern das Recht auf die urspr\u00fcnglich selbstverst\u00e4ndliche Eigenverantwortung zu vollen 100 Prozent wieder gestatten\u00a0\u2013 wieder in die eigenen H\u00e4nde legen.<\/p>\n<figure class=\"RTImage-root\">\n<div class=\"RTImage-image RTImage-original\"><picture class=\"Picture-root Picture-original\"><!--[if IE 9]><video style=\"display: none;\"><![endif]--><source media=\"(-webkit-min-device-pixel-ratio: 2) and (min-resolution: 120dpi)\" data-srcset=\" \nhttp:\/\/just-now.news\/de\/wp-content\/uploads\/sites\/3\/2022\/11\/637785b5b480cc317c401d67.jpg 850w,\n                http:\/\/just-now.news\/de\/wp-content\/uploads\/sites\/3\/2022\/11\/637785b5b480cc317c401d67.jpg 1960w,\n            \" ><source data-srcset=\" \nhttp:\/\/just-now.news\/de\/wp-content\/uploads\/sites\/3\/2022\/11\/637785b5b480cc317c401d67.jpg 460w,\n              http:\/\/just-now.news\/de\/wp-content\/uploads\/sites\/3\/2022\/11\/637785b5b480cc317c401d67.jpg 980w,\n            \" ><!--[if IE 9]><\/video><![endif]--><img decoding=\"async\" data- src=\"data:image\/png;base64,iVBORw0KGgoAAAANSUhEUgAAABAAAAAJCAQAAACRI2S5AAAAEElEQVR42mNkIAAYRxWAAQAG9gAKqv6+AwAAAABJRU5ErkJggg==\" class=\"Picture-root Picture-original lazyload\" data-src=\"http:\/\/just-now.news\/de\/wp-content\/uploads\/sites\/3\/2022\/11\/637785b5b480cc317c401d67.jpg\" alt=\"\"><\/source><\/source><\/picture><!-- noscript pattern --><noscript><img decoding=\"async\" src=\"http:\/\/just-now.news\/de\/wp-content\/uploads\/sites\/3\/2022\/11\/637785b5b480cc317c401d67.jpg\" alt=\"\"><\/noscript><\/div><figcaption class=\"RTImage-footer\"><span class=\"RTImage-caption\"><span class=\"RTImage-captionItem\">Berliner Bushaltestelle im November 2022.<\/span><\/span><span class=\"RTImage-source\"><span class=\"RTImage-captionItem\">\u00a9 B.Loyen<\/span><\/span><\/figcaption><\/figure>\n<p>Die Motivation des BMG-Infobeitrags k\u00f6nnte nat\u00fcrlich auch mit der Tatsache zusammenh\u00e4ngen, dass in diversen Lagerungsst\u00e4tten noch Abermillionen von \u00fcberfl\u00fcssigen Masken unterschiedlichen Typus vor sich hin stauben. Zu diesem Thema kl\u00e4rt eine wirklich erkenntnisreiche, also empfehlenswerte <a rel=\"nofollow noopener\" target=\"_blank\" href=\"https:\/\/www.ardmediathek.de\/video\/plusminus\/maskendeals-millionen-abgelaufene-masken-sollen-verbrannt-werden\/das-erste\/Y3JpZDovL2Rhc2Vyc3RlLmRlL3BsdXNtaW51cy8wMmJkMDBlZi00M2VhLTRiYTEtODRlMC1lMmUyYzA1OGFkZDI\">Dokumentation<\/a> des <em>SWR<\/em> auf. Der Titel lautet: &#8220;Maskendeal \u2013 Millionen abgelaufene Masken sollen verbrannt werden!&#8221; Worum geht es?:<\/p>\n<blockquote>\n<p><em>&#8220;Im M\u00e4rz 2020 als Schutzmasken knapp waren, beschaffte das Bundesgesundheitsministerium Schutzmasken im Wert von ca. 6,3 Milliarden Euro. W\u00e4hrend Maskenlieferanten weiterhin auf ihr Geld warten, sind noch Millionen von mittlerweile abgelaufenen Masken eingelagert. Den Steuerzahlern kommen die Maskengesch\u00e4fte immer teurer zu stehen, denn nun sollen diese Masken energetisch verwertet werden!&#8221;<\/em><\/p>\n<\/blockquote>\n<p>Energetisch bedeutet, sie werden fr\u00fcher oder sp\u00e4ter verbrannt werden m\u00fcssen. Milliarden von Steuer-Euro werden also in die Luft geblasen. Da bekommt manch&#8217; B\u00fcrger, ob mit oder ohne Maske, direkt eine bedenkliche Schnappatmung. So viel sei aus dem Inhalt der Dokumentation verraten, der sich aktuell sehr unangenehm um Verzeihung\u00a0anbiedernde Vorg\u00e4nger von Karl Lauterbach, Jens Spahn, kommt in dem Beitrag nicht sehr gut weg. Berechtigterweise\u00a0\u2013 auch hier nur die Stichworte &#8220;Maskengate&#8221; und &#8220;Vetternwirtschaft der alten Schule&#8221;.<\/p>\n<p>Genau vor einem Jahr, am 18. November 2021, votierten 398 Abgeordnete des Deutschen Bundestags f\u00fcr eine Versch\u00e4rfung der Lebensumst\u00e4nde von rund 83 Millionen Menschen im Land. Dazu hei\u00dft es auf der <a rel=\"nofollow noopener\" target=\"_blank\" href=\"https:\/\/www.tagesschau.de\/inland\/oepnv-studie-corona-ansteckung-101.html\">Bundestagsseite<\/a>:<\/p>\n<blockquote>\n<p><em>&#8220;Beschlossen wurde\u00a0die Einf\u00fcgung eines bundeseinheitlich anwendbaren Katalogs m\u00f6glicher Schutzvorkehrungen in Paragraf 28a des Infektionsschutzgesetzes (&#8230;). Genannt werden die Anordnung eines Abstandsgebots, die Maskenpflicht, die Vorlage von Impf-, Genesenen- oder Testnachweisen, verpflichtende Hygienekonzepte, Auflagen f\u00fcr den Betrieb von Gemeinschaftseinrichtungen wie Hochschulen oder Einrichtungen der Erwachsenenbildung sowie die Verarbeitung von Kontaktdaten von Kunden, G\u00e4sten oder Teilnehmern einer Veranstaltung.&#8221;<\/em><\/p>\n<\/blockquote>\n<p>Schlichter formuliert, f\u00fcr sehr viele Menschen kam es zu Erfahrungen, die sie zuvor nur aus Geschichtsb\u00fcchern kannten. Gesellschaftliche \u00c4chtung und Ausgrenzung durch die 3G-Regelung. Es wurde beschimpft, verbal wie k\u00f6rperlich gespuckt. Familien entzweiten sich. Freundschaften nach Jahrzehnten zerst\u00f6rt. Hunderttausende Kinderseelen nachhaltig gesch\u00e4digt. Hunderttausenden alten Menschen der Lebenswille reduziert oder brutal genommen. Ja, es gab Menschen, die einsam gestorben sind, aufgrund dieser unmenschlichen und aufgezwungenen 3G-Regelung.<\/p>\n<p>Zwei Beispiele aus eigener Erfahrung. Verwandte sprachen von mir nur noch in dritter Person: &#8220;Mit so jemandem wollen wir nichts mehr zu tun haben.&#8221; Eine Oma starb. Der Sohn durfte nicht ins Heim, da pro Tag nur ein Angeh\u00f6riger nach negativem PCR-Bescheid \u2013 und nat\u00fcrlich nur mit FFP2-Maske \u2013 in das Geb\u00e4ude durfte. Am Tag des Ablebens durfte er nicht zu seiner Mutter, da er ja schon am Vortag da war. Er konnte keinen Abschied nehmen. Die Sachen wurden Tage sp\u00e4ter in Kisten vor das Heim gestellt\u00a0\u2013 &#8220;Er m\u00fcsse ja nicht unbedingt reinkommen&#8221;.\u00a0<\/p>\n<p>Stefan Aust, Chefredakteur von <em>Welt24,\u00a0<\/em>erkannte sehr fr\u00fch in dieser epochalen Gesellschaftskrise zum Thema Masken:<\/p>\n<blockquote>\n<p><em>&#8220;Die Maske muss der Maske wegen getragen werden. Als Symbol f\u00fcr Gehorsam den Ma\u00dfnahmen der Regierung gegen\u00fcber.&#8221;<\/em><\/p>\n<\/blockquote>\n<p>Mehr muss man dann auch nicht zum Thema Masken-Irrsinn res\u00fcmieren. \u00dcber diesen Satz des Herrn Aust sollten auch die Damen und Herren im BMG noch einmal nachdenken, bevor sie solche Filmchen in Auftrag geben. Bei Herrn Lauterbach liegen die Probleme mit dem inhaltlichen Reflektieren, einer m\u00f6glichen Einsicht zu politischen Fehlern und Fehldeutungen auf einer ganz anderen, tieferen Ebene. Die Forderung der B\u00fcrger lautet daher weiterhin aktuell ganz schlicht \u2013 bitte etwas mehr Vertrauen seitens der Politik in die Eigenverantwortung der Menschen im Land.<\/p>\n<p><strong>Mehr zum Thema &#8211;<\/strong>\u00a0<a rel=\"nofollow noopener\" target=\"_blank\" href=\"https:\/\/pressefreiheit.rtde.tech\/meinung\/153163-universitaet-bonn-und-causa-guerot\/\">B\u00fcrgerlicher Stalinismus: Die Universit\u00e4t Bonn und die Causa Gu\u00e9rot<\/a><\/p>\n<\/p>\n<\/div>\n<p><script async src=\"https:\/\/platform.twitter.com\/widgets.js\" charset=\"utf-8\"><\/script><br \/>\n<br \/><br \/>\n<br \/><a href=\"https:\/\/de.rt.com\/meinung\/154783-bmg-beharrt-auf-seine-maskenpolitik\/\">Source link <\/a><\/p>\n","protected":false},"excerpt":{"rendered":"<p>In einem aktuellen Twitter-Beitrag schreibt das BMG, dass es weiterhin sinnvoll sei, in Bus und Bahn eine Maske zu tragen. Eine SWR-Doku verdeutlicht, dass die Schuld am ungekl\u00e4rten Maskenskandal eindeutig bei Jens Spahn liege. Am 18. November 2021 wurde im Bundestag die 3G-Regelung im Infektions\u00adschutzkatalog verankert. Von Bernhard Leyon Wo bleibt sie nur, die Zeit? [&hellip;]<\/p>\n","protected":false},"author":3,"featured_media":23666,"comment_status":"open","ping_status":"open","sticky":false,"template":"","format":"standard","meta":{"wp_automatic_camp":["217"],"7405d318a73e4aea947af7aec92620dc":["Ein Jahr nach Einf\u00fchrung der 3G-N\u00f6tigung \u2013 Das BMG beharrt auf seiner Maskenpolitik"],"original_link":["https:\/\/de.rt.com\/meinung\/154783-bmg-beharrt-auf-seine-maskenpolitik\/"],"_thumbnail_id":["23666"],"jnews_social_counter_last_update":["1777655999"]},"categories":[19,23],"tags":[36218,133,20611,36219,427,82,357,930,1615,36220,979,1607],"yoast_head":"<!-- This site is optimized with the Yoast SEO Premium plugin v22.7 (Yoast SEO v22.7) - https:\/\/yoast.com\/wordpress\/plugins\/seo\/ -->\n<title>Ein Jahr nach Einf\u00fchrung der 3G-N\u00f6tigung \u2013 Das BMG beharrt auf seiner Maskenpolitik - just-now.NEWS Deutschland<\/title>\n<meta name=\"robots\" content=\"index, follow, max-snippet:-1, max-image-preview:large, max-video-preview:-1\" \/>\n<link rel=\"canonical\" href=\"https:\/\/now-news.de\/de\/deutschland\/ein-jahr-nach-einfuehrung-der-3g-noetigung-das-bmg-beharrt-auf-seiner-maskenpolitik\/\" \/>\n<meta property=\"og:locale\" content=\"de_DE\" \/>\n<meta property=\"og:type\" content=\"article\" \/>\n<meta property=\"og:title\" content=\"Ein Jahr nach Einf\u00fchrung der 3G-N\u00f6tigung \u2013 Das BMG beharrt auf seiner Maskenpolitik\" \/>\n<meta property=\"og:description\" content=\"In einem aktuellen Twitter-Beitrag schreibt das BMG, dass es weiterhin sinnvoll sei, in Bus und Bahn eine Maske zu tragen. Eine SWR-Doku verdeutlicht, dass die Schuld am ungekl\u00e4rten Maskenskandal eindeutig bei Jens Spahn liege. Am 18. November 2021 wurde im Bundestag die 3G-Regelung im Infektions\u00adschutzkatalog verankert. Von Bernhard Leyon Wo bleibt sie nur, die Zeit? [&hellip;]\" \/>\n<meta property=\"og:url\" content=\"https:\/\/now-news.de\/de\/deutschland\/ein-jahr-nach-einfuehrung-der-3g-noetigung-das-bmg-beharrt-auf-seiner-maskenpolitik\/\" \/>\n<meta property=\"og:site_name\" content=\"just-now.NEWS Deutschland\" \/>\n<meta property=\"article:publisher\" content=\"https:\/\/www.facebook.com\/wirmachenauf\" \/>\n<meta property=\"article:published_time\" content=\"2022-11-20T21:33:25+00:00\" \/>\n<meta property=\"og:image\" content=\"https:\/\/now-news.de\/de\/wp-content\/uploads\/sites\/3\/2022\/11\/Ein-Jahr-nach-Einfuehrung-der-3G-Noetigung-\u2013-Das-BMG-beharrt.jpg\" \/>\n\t<meta property=\"og:image:width\" content=\"903\" \/>\n\t<meta property=\"og:image:height\" content=\"631\" \/>\n\t<meta property=\"og:image:type\" content=\"image\/jpeg\" \/>\n<meta name=\"author\" content=\"rtnews\" \/>\n<meta name=\"twitter:card\" content=\"summary_large_image\" \/>\n<meta name=\"twitter:creator\" content=\"@WirMachenAuf_de\" \/>\n<meta name=\"twitter:site\" content=\"@WirMachenAuf_de\" \/>\n<meta name=\"twitter:label1\" content=\"Verfasst von\" \/>\n\t<meta name=\"twitter:data1\" content=\"rtnews\" \/>\n\t<meta name=\"twitter:label2\" content=\"Gesch\u00e4tzte Lesezeit\" \/>\n\t<meta name=\"twitter:data2\" content=\"6\u00a0Minuten\" \/>\n<script type=\"application\/ld+json\" class=\"yoast-schema-graph\">{\"@context\":\"https:\/\/schema.org\",\"@graph\":[{\"@type\":\"Article\",\"@id\":\"https:\/\/now-news.de\/de\/deutschland\/ein-jahr-nach-einfuehrung-der-3g-noetigung-das-bmg-beharrt-auf-seiner-maskenpolitik\/#article\",\"isPartOf\":{\"@id\":\"https:\/\/now-news.de\/de\/deutschland\/ein-jahr-nach-einfuehrung-der-3g-noetigung-das-bmg-beharrt-auf-seiner-maskenpolitik\/\"},\"author\":{\"name\":\"rtnews\",\"@id\":\"https:\/\/now-news.de\/de\/#\/schema\/person\/fb534a4e865501d8b3285208df34a9b5\"},\"headline\":\"Ein Jahr nach Einf\u00fchrung der 3G-N\u00f6tigung \u2013 Das BMG beharrt auf seiner Maskenpolitik\",\"datePublished\":\"2022-11-20T21:33:25+00:00\",\"dateModified\":\"2022-11-20T21:33:25+00:00\",\"mainEntityOfPage\":{\"@id\":\"https:\/\/now-news.de\/de\/deutschland\/ein-jahr-nach-einfuehrung-der-3g-noetigung-das-bmg-beharrt-auf-seiner-maskenpolitik\/\"},\"wordCount\":1292,\"commentCount\":0,\"publisher\":{\"@id\":\"https:\/\/now-news.de\/de\/#organization\"},\"image\":{\"@id\":\"https:\/\/now-news.de\/de\/deutschland\/ein-jahr-nach-einfuehrung-der-3g-noetigung-das-bmg-beharrt-auf-seiner-maskenpolitik\/#primaryimage\"},\"thumbnailUrl\":\"https:\/\/now-news.de\/de\/wp-content\/uploads\/sites\/3\/2022\/11\/Ein-Jahr-nach-Einfuehrung-der-3G-Noetigung-\u2013-Das-BMG-beharrt.jpg\",\"keywords\":[\"3GN\u00f6tigung\",\"AUF\",\"beharrt\",\"BMG\",\"das\",\"der\",\"ein\",\"Einf\u00fchrung\",\"Jahr\",\"Maskenpolitik\",\"nach\",\"seiner\"],\"articleSection\":[\"Deutschland\",\"Russland\"],\"inLanguage\":\"de\",\"potentialAction\":[{\"@type\":\"CommentAction\",\"name\":\"Comment\",\"target\":[\"https:\/\/now-news.de\/de\/deutschland\/ein-jahr-nach-einfuehrung-der-3g-noetigung-das-bmg-beharrt-auf-seiner-maskenpolitik\/#respond\"]}]},{\"@type\":\"WebPage\",\"@id\":\"https:\/\/now-news.de\/de\/deutschland\/ein-jahr-nach-einfuehrung-der-3g-noetigung-das-bmg-beharrt-auf-seiner-maskenpolitik\/\",\"url\":\"https:\/\/now-news.de\/de\/deutschland\/ein-jahr-nach-einfuehrung-der-3g-noetigung-das-bmg-beharrt-auf-seiner-maskenpolitik\/\",\"name\":\"Ein Jahr nach Einf\u00fchrung der 3G-N\u00f6tigung \u2013 Das BMG beharrt auf seiner Maskenpolitik - just-now.NEWS Deutschland\",\"isPartOf\":{\"@id\":\"https:\/\/now-news.de\/de\/#website\"},\"primaryImageOfPage\":{\"@id\":\"https:\/\/now-news.de\/de\/deutschland\/ein-jahr-nach-einfuehrung-der-3g-noetigung-das-bmg-beharrt-auf-seiner-maskenpolitik\/#primaryimage\"},\"image\":{\"@id\":\"https:\/\/now-news.de\/de\/deutschland\/ein-jahr-nach-einfuehrung-der-3g-noetigung-das-bmg-beharrt-auf-seiner-maskenpolitik\/#primaryimage\"},\"thumbnailUrl\":\"https:\/\/now-news.de\/de\/wp-content\/uploads\/sites\/3\/2022\/11\/Ein-Jahr-nach-Einfuehrung-der-3G-Noetigung-\u2013-Das-BMG-beharrt.jpg\",\"datePublished\":\"2022-11-20T21:33:25+00:00\",\"dateModified\":\"2022-11-20T21:33:25+00:00\",\"breadcrumb\":{\"@id\":\"https:\/\/now-news.de\/de\/deutschland\/ein-jahr-nach-einfuehrung-der-3g-noetigung-das-bmg-beharrt-auf-seiner-maskenpolitik\/#breadcrumb\"},\"inLanguage\":\"de\",\"potentialAction\":[{\"@type\":\"ReadAction\",\"target\":[\"https:\/\/now-news.de\/de\/deutschland\/ein-jahr-nach-einfuehrung-der-3g-noetigung-das-bmg-beharrt-auf-seiner-maskenpolitik\/\"]}]},{\"@type\":\"ImageObject\",\"inLanguage\":\"de\",\"@id\":\"https:\/\/now-news.de\/de\/deutschland\/ein-jahr-nach-einfuehrung-der-3g-noetigung-das-bmg-beharrt-auf-seiner-maskenpolitik\/#primaryimage\",\"url\":\"https:\/\/now-news.de\/de\/wp-content\/uploads\/sites\/3\/2022\/11\/Ein-Jahr-nach-Einfuehrung-der-3G-Noetigung-\u2013-Das-BMG-beharrt.jpg\",\"contentUrl\":\"https:\/\/now-news.de\/de\/wp-content\/uploads\/sites\/3\/2022\/11\/Ein-Jahr-nach-Einfuehrung-der-3G-Noetigung-\u2013-Das-BMG-beharrt.jpg\",\"width\":903,\"height\":631,\"caption\":\"Ein Jahr nach Einf\u00fchrung der 3G-N\u00f6tigung \u2013 Das BMG beharrt auf seiner Maskenpolitik\"},{\"@type\":\"BreadcrumbList\",\"@id\":\"https:\/\/now-news.de\/de\/deutschland\/ein-jahr-nach-einfuehrung-der-3g-noetigung-das-bmg-beharrt-auf-seiner-maskenpolitik\/#breadcrumb\",\"itemListElement\":[{\"@type\":\"ListItem\",\"position\":1,\"name\":\"Home\",\"item\":\"https:\/\/now-news.de\/de\/\"},{\"@type\":\"ListItem\",\"position\":2,\"name\":\"Ein Jahr nach Einf\u00fchrung der 3G-N\u00f6tigung \u2013 Das BMG beharrt auf seiner Maskenpolitik\"}]},{\"@type\":\"WebSite\",\"@id\":\"https:\/\/now-news.de\/de\/#website\",\"url\":\"https:\/\/now-news.de\/de\/\",\"name\":\"just-now.NEWS Deutschland\",\"description\":\"Das Portal f\u00fcr unzensierte Nachrichten aus der Welt\",\"publisher\":{\"@id\":\"https:\/\/now-news.de\/de\/#organization\"},\"potentialAction\":[{\"@type\":\"SearchAction\",\"target\":{\"@type\":\"EntryPoint\",\"urlTemplate\":\"https:\/\/now-news.de\/de\/?s={search_term_string}\"},\"query-input\":\"required name=search_term_string\"}],\"inLanguage\":\"de\"},{\"@type\":\"Organization\",\"@id\":\"https:\/\/now-news.de\/de\/#organization\",\"name\":\"Just Now News\",\"url\":\"https:\/\/now-news.de\/de\/\",\"logo\":{\"@type\":\"ImageObject\",\"inLanguage\":\"de\",\"@id\":\"https:\/\/now-news.de\/de\/#\/schema\/logo\/image\/\",\"url\":\"http:\/\/just-now.news\/de\/wp-content\/uploads\/sites\/3\/2022\/04\/logo500x500.jpg\",\"contentUrl\":\"http:\/\/just-now.news\/de\/wp-content\/uploads\/sites\/3\/2022\/04\/logo500x500.jpg\",\"width\":500,\"height\":500,\"caption\":\"Just Now News\"},\"image\":{\"@id\":\"https:\/\/now-news.de\/de\/#\/schema\/logo\/image\/\"},\"sameAs\":[\"https:\/\/www.facebook.com\/wirmachenauf\",\"https:\/\/x.com\/WirMachenAuf_de\"]},{\"@type\":\"Person\",\"@id\":\"https:\/\/now-news.de\/de\/#\/schema\/person\/fb534a4e865501d8b3285208df34a9b5\",\"name\":\"rtnews\",\"image\":{\"@type\":\"ImageObject\",\"inLanguage\":\"de\",\"@id\":\"https:\/\/now-news.de\/de\/#\/schema\/person\/image\/\",\"url\":\"https:\/\/secure.gravatar.com\/avatar\/82aafea7d8127119dd649515f56e2117?s=96&d=mm&r=g\",\"contentUrl\":\"https:\/\/secure.gravatar.com\/avatar\/82aafea7d8127119dd649515f56e2117?s=96&d=mm&r=g\",\"caption\":\"rtnews\"},\"url\":\"https:\/\/now-news.de\/de\/author\/rnews\/\"}]}<\/script>\n<!-- \/ Yoast SEO Premium plugin. -->","yoast_head_json":{"title":"Ein Jahr nach Einf\u00fchrung der 3G-N\u00f6tigung \u2013 Das BMG beharrt auf seiner Maskenpolitik - just-now.NEWS Deutschland","robots":{"index":"index","follow":"follow","max-snippet":"max-snippet:-1","max-image-preview":"max-image-preview:large","max-video-preview":"max-video-preview:-1"},"canonical":"https:\/\/now-news.de\/de\/deutschland\/ein-jahr-nach-einfuehrung-der-3g-noetigung-das-bmg-beharrt-auf-seiner-maskenpolitik\/","og_locale":"de_DE","og_type":"article","og_title":"Ein Jahr nach Einf\u00fchrung der 3G-N\u00f6tigung \u2013 Das BMG beharrt auf seiner Maskenpolitik","og_description":"In einem aktuellen Twitter-Beitrag schreibt das BMG, dass es weiterhin sinnvoll sei, in Bus und Bahn eine Maske zu tragen. Eine SWR-Doku verdeutlicht, dass die Schuld am ungekl\u00e4rten Maskenskandal eindeutig bei Jens Spahn liege. Am 18. November 2021 wurde im Bundestag die 3G-Regelung im Infektions\u00adschutzkatalog verankert. Von Bernhard Leyon Wo bleibt sie nur, die Zeit? [&hellip;]","og_url":"https:\/\/now-news.de\/de\/deutschland\/ein-jahr-nach-einfuehrung-der-3g-noetigung-das-bmg-beharrt-auf-seiner-maskenpolitik\/","og_site_name":"just-now.NEWS Deutschland","article_publisher":"https:\/\/www.facebook.com\/wirmachenauf","article_published_time":"2022-11-20T21:33:25+00:00","og_image":[{"width":903,"height":631,"url":"https:\/\/now-news.de\/de\/wp-content\/uploads\/sites\/3\/2022\/11\/Ein-Jahr-nach-Einfuehrung-der-3G-Noetigung-\u2013-Das-BMG-beharrt.jpg","type":"image\/jpeg"}],"author":"rtnews","twitter_card":"summary_large_image","twitter_creator":"@WirMachenAuf_de","twitter_site":"@WirMachenAuf_de","twitter_misc":{"Verfasst von":"rtnews","Gesch\u00e4tzte Lesezeit":"6\u00a0Minuten"},"schema":{"@context":"https:\/\/schema.org","@graph":[{"@type":"Article","@id":"https:\/\/now-news.de\/de\/deutschland\/ein-jahr-nach-einfuehrung-der-3g-noetigung-das-bmg-beharrt-auf-seiner-maskenpolitik\/#article","isPartOf":{"@id":"https:\/\/now-news.de\/de\/deutschland\/ein-jahr-nach-einfuehrung-der-3g-noetigung-das-bmg-beharrt-auf-seiner-maskenpolitik\/"},"author":{"name":"rtnews","@id":"https:\/\/now-news.de\/de\/#\/schema\/person\/fb534a4e865501d8b3285208df34a9b5"},"headline":"Ein Jahr nach Einf\u00fchrung der 3G-N\u00f6tigung \u2013 Das BMG beharrt auf seiner Maskenpolitik","datePublished":"2022-11-20T21:33:25+00:00","dateModified":"2022-11-20T21:33:25+00:00","mainEntityOfPage":{"@id":"https:\/\/now-news.de\/de\/deutschland\/ein-jahr-nach-einfuehrung-der-3g-noetigung-das-bmg-beharrt-auf-seiner-maskenpolitik\/"},"wordCount":1292,"commentCount":0,"publisher":{"@id":"https:\/\/now-news.de\/de\/#organization"},"image":{"@id":"https:\/\/now-news.de\/de\/deutschland\/ein-jahr-nach-einfuehrung-der-3g-noetigung-das-bmg-beharrt-auf-seiner-maskenpolitik\/#primaryimage"},"thumbnailUrl":"https:\/\/now-news.de\/de\/wp-content\/uploads\/sites\/3\/2022\/11\/Ein-Jahr-nach-Einfuehrung-der-3G-Noetigung-\u2013-Das-BMG-beharrt.jpg","keywords":["3GN\u00f6tigung","AUF","beharrt","BMG","das","der","ein","Einf\u00fchrung","Jahr","Maskenpolitik","nach","seiner"],"articleSection":["Deutschland","Russland"],"inLanguage":"de","potentialAction":[{"@type":"CommentAction","name":"Comment","target":["https:\/\/now-news.de\/de\/deutschland\/ein-jahr-nach-einfuehrung-der-3g-noetigung-das-bmg-beharrt-auf-seiner-maskenpolitik\/#respond"]}]},{"@type":"WebPage","@id":"https:\/\/now-news.de\/de\/deutschland\/ein-jahr-nach-einfuehrung-der-3g-noetigung-das-bmg-beharrt-auf-seiner-maskenpolitik\/","url":"https:\/\/now-news.de\/de\/deutschland\/ein-jahr-nach-einfuehrung-der-3g-noetigung-das-bmg-beharrt-auf-seiner-maskenpolitik\/","name":"Ein Jahr nach Einf\u00fchrung der 3G-N\u00f6tigung \u2013 Das BMG beharrt auf seiner Maskenpolitik - just-now.NEWS Deutschland","isPartOf":{"@id":"https:\/\/now-news.de\/de\/#website"},"primaryImageOfPage":{"@id":"https:\/\/now-news.de\/de\/deutschland\/ein-jahr-nach-einfuehrung-der-3g-noetigung-das-bmg-beharrt-auf-seiner-maskenpolitik\/#primaryimage"},"image":{"@id":"https:\/\/now-news.de\/de\/deutschland\/ein-jahr-nach-einfuehrung-der-3g-noetigung-das-bmg-beharrt-auf-seiner-maskenpolitik\/#primaryimage"},"thumbnailUrl":"https:\/\/now-news.de\/de\/wp-content\/uploads\/sites\/3\/2022\/11\/Ein-Jahr-nach-Einfuehrung-der-3G-Noetigung-\u2013-Das-BMG-beharrt.jpg","datePublished":"2022-11-20T21:33:25+00:00","dateModified":"2022-11-20T21:33:25+00:00","breadcrumb":{"@id":"https:\/\/now-news.de\/de\/deutschland\/ein-jahr-nach-einfuehrung-der-3g-noetigung-das-bmg-beharrt-auf-seiner-maskenpolitik\/#breadcrumb"},"inLanguage":"de","potentialAction":[{"@type":"ReadAction","target":["https:\/\/now-news.de\/de\/deutschland\/ein-jahr-nach-einfuehrung-der-3g-noetigung-das-bmg-beharrt-auf-seiner-maskenpolitik\/"]}]},{"@type":"ImageObject","inLanguage":"de","@id":"https:\/\/now-news.de\/de\/deutschland\/ein-jahr-nach-einfuehrung-der-3g-noetigung-das-bmg-beharrt-auf-seiner-maskenpolitik\/#primaryimage","url":"https:\/\/now-news.de\/de\/wp-content\/uploads\/sites\/3\/2022\/11\/Ein-Jahr-nach-Einfuehrung-der-3G-Noetigung-\u2013-Das-BMG-beharrt.jpg","contentUrl":"https:\/\/now-news.de\/de\/wp-content\/uploads\/sites\/3\/2022\/11\/Ein-Jahr-nach-Einfuehrung-der-3G-Noetigung-\u2013-Das-BMG-beharrt.jpg","width":903,"height":631,"caption":"Ein Jahr nach Einf\u00fchrung der 3G-N\u00f6tigung \u2013 Das BMG beharrt auf seiner Maskenpolitik"},{"@type":"BreadcrumbList","@id":"https:\/\/now-news.de\/de\/deutschland\/ein-jahr-nach-einfuehrung-der-3g-noetigung-das-bmg-beharrt-auf-seiner-maskenpolitik\/#breadcrumb","itemListElement":[{"@type":"ListItem","position":1,"name":"Home","item":"https:\/\/now-news.de\/de\/"},{"@type":"ListItem","position":2,"name":"Ein Jahr nach Einf\u00fchrung der 3G-N\u00f6tigung \u2013 Das BMG beharrt auf seiner Maskenpolitik"}]},{"@type":"WebSite","@id":"https:\/\/now-news.de\/de\/#website","url":"https:\/\/now-news.de\/de\/","name":"just-now.NEWS Deutschland","description":"Das Portal f\u00fcr unzensierte Nachrichten aus der Welt","publisher":{"@id":"https:\/\/now-news.de\/de\/#organization"},"potentialAction":[{"@type":"SearchAction","target":{"@type":"EntryPoint","urlTemplate":"https:\/\/now-news.de\/de\/?s={search_term_string}"},"query-input":"required name=search_term_string"}],"inLanguage":"de"},{"@type":"Organization","@id":"https:\/\/now-news.de\/de\/#organization","name":"Just Now News","url":"https:\/\/now-news.de\/de\/","logo":{"@type":"ImageObject","inLanguage":"de","@id":"https:\/\/now-news.de\/de\/#\/schema\/logo\/image\/","url":"http:\/\/just-now.news\/de\/wp-content\/uploads\/sites\/3\/2022\/04\/logo500x500.jpg","contentUrl":"http:\/\/just-now.news\/de\/wp-content\/uploads\/sites\/3\/2022\/04\/logo500x500.jpg","width":500,"height":500,"caption":"Just Now News"},"image":{"@id":"https:\/\/now-news.de\/de\/#\/schema\/logo\/image\/"},"sameAs":["https:\/\/www.facebook.com\/wirmachenauf","https:\/\/x.com\/WirMachenAuf_de"]},{"@type":"Person","@id":"https:\/\/now-news.de\/de\/#\/schema\/person\/fb534a4e865501d8b3285208df34a9b5","name":"rtnews","image":{"@type":"ImageObject","inLanguage":"de","@id":"https:\/\/now-news.de\/de\/#\/schema\/person\/image\/","url":"https:\/\/secure.gravatar.com\/avatar\/82aafea7d8127119dd649515f56e2117?s=96&d=mm&r=g","contentUrl":"https:\/\/secure.gravatar.com\/avatar\/82aafea7d8127119dd649515f56e2117?s=96&d=mm&r=g","caption":"rtnews"},"url":"https:\/\/now-news.de\/de\/author\/rnews\/"}]}},"_links":{"self":[{"href":"https:\/\/now-news.de\/de\/wp-json\/wp\/v2\/posts\/23665"}],"collection":[{"href":"https:\/\/now-news.de\/de\/wp-json\/wp\/v2\/posts"}],"about":[{"href":"https:\/\/now-news.de\/de\/wp-json\/wp\/v2\/types\/post"}],"author":[{"embeddable":true,"href":"https:\/\/now-news.de\/de\/wp-json\/wp\/v2\/users\/3"}],"replies":[{"embeddable":true,"href":"https:\/\/now-news.de\/de\/wp-json\/wp\/v2\/comments?post=23665"}],"version-history":[{"count":0,"href":"https:\/\/now-news.de\/de\/wp-json\/wp\/v2\/posts\/23665\/revisions"}],"wp:featuredmedia":[{"embeddable":true,"href":"https:\/\/now-news.de\/de\/wp-json\/wp\/v2\/media\/23666"}],"wp:attachment":[{"href":"https:\/\/now-news.de\/de\/wp-json\/wp\/v2\/media?parent=23665"}],"wp:term":[{"taxonomy":"category","embeddable":true,"href":"https:\/\/now-news.de\/de\/wp-json\/wp\/v2\/categories?post=23665"},{"taxonomy":"post_tag","embeddable":true,"href":"https:\/\/now-news.de\/de\/wp-json\/wp\/v2\/tags?post=23665"}],"curies":[{"name":"wp","href":"https:\/\/api.w.org\/{rel}","templated":true}]}}