{"id":23605,"date":"2022-11-19T19:44:51","date_gmt":"2022-11-19T17:44:51","guid":{"rendered":"http:\/\/just-now.news\/de\/deutschland\/hat-ioc-chef-thomas-bach-seine-meinung-zum-ausschluss-russischer-sportler-von-olympia-geaendert\/"},"modified":"2022-11-19T19:44:51","modified_gmt":"2022-11-19T17:44:51","slug":"hat-ioc-chef-thomas-bach-seine-meinung-zum-ausschluss-russischer-sportler-von-olympia-geaendert","status":"publish","type":"post","link":"https:\/\/now-news.de\/de\/deutschland\/hat-ioc-chef-thomas-bach-seine-meinung-zum-ausschluss-russischer-sportler-von-olympia-geaendert\/","title":{"rendered":"Hat IOC-Chef Thomas Bach seine Meinung zum Ausschluss russischer Sportler von Olympia ge\u00e4ndert?"},"content":{"rendered":"<p><img decoding=\"async\" src=\"http:\/\/just-now.news\/de\/wp-content\/uploads\/sites\/3\/2022\/11\/63766d1e48fbef0ded5ac9df.jpg\" \/><\/p>\n<div class=\"Text-root Text-type_1 \">\n                Ist der IOC-Chef ein Heuchler und Opportunist oder ein Mann, der endlich eine Erleuchtung hatte? In Russland gehen die Meinungen \u00fcber die fast schon sensationelle \u00c4u\u00dferung von Thomas Bach als Vorsitzender des Internationalen Olympischen Komitees weit auseinander. Seine Erkl\u00e4rung auf dem G20-Gipfel k\u00f6nnte jedoch das k\u00fcnftige Schicksal der russischen Sportler sehr direkt beeinflussen.\n            <\/div>\n<p><\/p>\n<div class=\"Text-root Text-type_5 ArticleView-text ViewText-root \">\n<p>Auf dem G20-Gipfel in Indonesien machte IOC-Pr\u00e4sident Thomas Bach eine \u00fcberraschende Ank\u00fcndigung \u00fcber die Notwendigkeit einer neutralen Haltung gegen\u00fcber dem Sport, der eine verbindende Kraft in der Welt ist. Dies k\u00f6nnte unter anderem die R\u00fcckkehr russischer Athleten auf die Weltb\u00fchne bedeuten.<\/p>\n<p>In seiner Rede vor den Staats- und Regierungschefs auf den G20-Gipfeltreffen sagte der Chef des Internationalen Olympischen Komitees (IOC) Thomas Bach: &#8220;Die Olympischen Spiele in Tokio und Peking, die mitten in einer Pandemie stattfanden, gaben der Welt Hoffnung. Die Olympischen Spiele k\u00f6nnen nur dann die ganze Welt zusammenbringen, wenn Athleten aus der ganzen Welt teilnehmen&#8221;. Der IOC-Chef weiter:<\/p>\n<p>&#8220;Im Gegensatz zu anderen Konflikten zwischen L\u00e4ndern in der Vergangenheit begannen diesmal einige Regierungen zu entscheiden, welche Athleten zur Teilnahme an internationalen Sportwettbewerben berechtigt sind und welche nicht. Sie taten und tun dies ausschlie\u00dflich aus politischen Gr\u00fcnden. Und sie wollen entscheiden, welche Athleten ausgew\u00e4hlt werden und schlie\u00dflich an den Olympischen Spielen 2024 in Paris teilnehmen k\u00f6nnen.<\/p>\n<blockquote>\n<p><em>&#8220;Wenn der Sport dadurch nur zu einem weiteren Werkzeug wird, um politische Ziele zu erreichen, wird der internationale Sport auseinanderfallen.&#8221;<\/em><\/p>\n<\/blockquote>\n<p>&#8220;Das Wesen des Sports besteht darin, dass Entscheidungen auf der Grundlage der Leistung und nicht auf der Grundlage anderer Faktoren getroffen werden sollten. Wenn diese Politisierung des Sports zur Norm wird, k\u00f6nnen die Olympischen und Paralympischen Spiele nicht l\u00e4nger eine verbindende Kraft sein.<\/p>\n<p>Es ist wichtig, dass alle Athleten, die sich an die Regeln halten, an den Olympischen Spielen teilnehmen, auch \u2013 oder gerade \u2013 wenn ihre L\u00e4nder in einen Konflikt verwickelt sind. Wenn nur verb\u00fcndete L\u00e4nder teilnehmen, werden die Olympischen Spiele kein echtes Friedenssymbol sein.&#8221;<\/p>\n<blockquote>\n<p><em>&#8220;Ich appelliere an Sie, die Staats- und Regierungschefs der G20, meinen Aufruf zum Frieden zu h\u00f6ren und ihm eine Chance zu geben. Bitte nehmen Sie Ihre neutrale Position zum Sport in die gemeinsame Erkl\u00e4rung am Ende des Gipfels auf. Die Menschheit hat nicht viele Gelegenheiten, zusammenzukommen&#8221;, <\/em>schloss Thomas Bach.<\/p>\n<\/blockquote>\n<p>Es sei allerdings zugleich daran erinnert, dass das Internationale Olympische Komitee unter dem Vorsitz von jenem Thomas Bach die Suspendierung russischer und wei\u00dfrussischer Athleten von internationalen Wettk\u00e4mpfen im Fr\u00fchjahr 2022 veranlasst hatte. Daraufhin gab das IOC eine besondere Empfehlung an die internationalen Sportverb\u00e4nde ab, die Russen und Wei\u00dfrussen zu suspendieren.<\/p>\n<p>Die Empfehlung lautete jedoch, dass die Sportler dennoch in einem &#8220;neutralen Status&#8221; antreten d\u00fcrften. So konnten zum Beispiel die russischen Tennis- und Schachspieler weiterhin an Wettk\u00e4mpfen teilnehmen. Die meisten Sportverb\u00e4nde haben jedoch f\u00fcr ihre Disziplinen kurzerhand ein totales Auftrittsverbot f\u00fcr russische Sportler verh\u00e4ngt.<\/p>\n<p>Bachs j\u00fcngste \u00c4u\u00dferung und Aufforderung l\u00f6ste in russischen Sportlerkreisen \u00e4u\u00dferst gemischte Reaktionen aus. Die Eiskunstlauflegende und Spitzentrainerin Tatjana Tarassowa ist beispielsweise der Meinung, dass man Bachs Worten keinen Glauben schenken darf oder sie \u00fcberhaupt nicht beachten sollte: &#8220;Was Thomas Bach macht, nennt man Populismus. Wer glaubt ihm denn \u00fcberhaupt?&#8221;<\/p>\n<p>Der russische Schachspieler Sergei Karjakin, der wegen seiner \u00f6ffentlichen Unterst\u00fctzung der Sonderoperation in der Ukraine suspendiert wurde, schloss sich ihr an. &#8220;Seine [Bachs] \u00c4u\u00dferung ist eine weitere Heuchelei. Er sagt, dass Sport jenseits der Politik ist, aber gleichzeitig wird Russland komplett von internationalen Sportwettbewerben ausgeschlossen, und wir m\u00fcssen unter einer neutralen Flagge und ohne Hymne antreten. Ich werde nicht in einem solchen Format antreten&#8221;, sagte der Gro\u00dfmeister.<\/p>\n<p>Die dreimalige Olympiasiegerin und Duma-Abgeordnete Irina Rodnina sieht das \u00e4hnlich: &#8220;Thomas Bach hat schon so viel gesagt, dass seine Worte nicht mehr glaubw\u00fcrdig sind. Er ist ein absoluter Opportunist.&#8221;<\/p>\n<p>Bach hat im Laufe der Jahre in der Tat eine Menge verschiedener Dinge gesagt. Von seiner Behauptung, er habe empfohlen, die Russen und Wei\u00dfrussen &#8220;zu ihrer Sicherheit&#8221; zu suspendieren, bis hin zu seinem j\u00fcngsten Vorschlag, dass diejenigen Russen, die \u00f6ffentlich ihre Ablehnung am russischen Vorgehen in der Ukraine zum Ausdruck bringen, an Wettbewerben teilnehmen d\u00fcrfen. Mit anderen Worten, man m\u00fcsse im Grunde seinem eigenen Land ablehnend gegen\u00fcberstehen. Es ist klar, dass nach solchen Vorschl\u00e4gen jeder in Russland die Erkl\u00e4rungen des IOC-Chefs \u00e4u\u00dferst skeptisch zur Kenntnis nimmt.<\/p>\n<p>Es ist allerdings nicht zu \u00fcbersehen, dass derartig klare Aussagen noch nie zuvor abgegeben wurden. Das Internationale Olympische Komitee (oder zumindest dessen Chef) hat sich seit Jahrzehnten nicht mehr auf so hoher Ebene so positiv ge\u00e4u\u00dfert. Die Meinung des IOC (oder zumindest seines Vorsitzenden) werden die Staats- und Regierungschefs der G20, die sich in Indonesien trafen, wohl kaum v\u00f6llig ignorieren k\u00f6nnen.<\/p>\n<p>&#8220;Ich kann weder meinen Ohren noch meinen Augen trauen, dass Bach endlich eine Erleuchtung hatte! Alles, was er auf dem G20-Gipfel gesagt hat, ist richtig und fair. Sport war schon immer ein Mittel zur Vereinigung von L\u00e4ndern und V\u00f6lkern und sollte es auch bleiben&#8221;, sagte Jelena Wjalbe, Pr\u00e4sidentin des russischen Skilanglaufverbands.<\/p>\n<p>Sie deutete auch an, dass Bachs Rhetorikwechsel auch wirtschaftliche Gr\u00fcnden haben k\u00f6nnte: &#8220;Ich m\u00f6chte wirklich glauben, dass das, was er sagte, das ist, was er wirklich dachte, und nicht, weil er und die internationalen Verb\u00e4nde durch den Ausschluss Russlands gro\u00dfe [finanzielle] Verluste machen. Die Leute verlieren das Interesse, es gibt keinen Wettbewerb.&#8221; Auf jeden Fall scheint es nach dieser Ank\u00fcndigung m\u00f6glich, dass sich f\u00fcr die russischen Athleten bald doch noch etwas zum Besseren wendet.<\/p>\n<p>&#8220;Ich w\u00fcrde mir w\u00fcnschen, dass dieser Erkl\u00e4rung auch Taten folgen&#8221;, sagt die Olympiasiegerin und Duma-Abgeordnete Swetlana Schurowa. &#8220;Zum Beispiel eine au\u00dferordentliche Sitzung der IOC-Mitglieder, die in der Regel \u00fcber solche Beschl\u00fcsse abstimmen. Vielleicht will Thomas Bach auf diese Weise absch\u00e4tzen, wie die Presse, die Bev\u00f6lkerung, die Fans und die Sportler reagieren werden. Und berufen sie auf dieser Grundlage eine au\u00dferordentliche Sitzung ein, damit unsere Sportler Zeit haben, sich f\u00fcr die Olympischen Spiele in Paris zu qualifizieren.&#8221;<\/p>\n<p>Russlands Regierungsvertreter sehen allerdings keinen Grund zur Hoffnung, dass Bachs \u00c4u\u00dferung eine Wende in der Politik des IOC der willk\u00fcrlichen Suspendierungen einleiten k\u00f6nnte.<\/p>\n<p>&#8220;Die Erkl\u00e4rung des IOC-Pr\u00e4sidenten Thomas Bach w\u00e4hrend des G20-Treffens, dass der internationale Sport kein Instrument zur Erreichung politischer Ziele werden sollte, ist alles andere als aufrichtig&#8221;, kommentierte der stellvertretende russische Ministerpr\u00e4sident f\u00fcr Tourismus, Sport, Kultur und Kommunikation, Dmitri Tschernyschenko.<\/p>\n<p>Bachs Auftritt sei nicht mehr als eine Fassade, ein Versuch, laufende und eindeutig politisch motivierte Aktionen des IOC zu verschleiern. &#8220;Das Fehlen von konkreten IOC-Vorschl\u00e4gen, um die Anwendung dieser Forderung w\u00e4hrend des G20-Treffens sicherzustellen, ist ein direkter Beweis daf\u00fcr&#8221;, f\u00fcgte der Minister hinzu.<\/p>\n<p><em>Mit Verwendung von <a rel=\"nofollow noopener\" target=\"_blank\" href=\"https:\/\/vz.ru\/sport\/2022\/11\/16\/1186872.html\">Materialien<\/a> der Zeitung\u00a0Wsgljad. <\/em><\/p>\n<p><strong>Mehr zum Thema<\/strong> &#8211; <a rel=\"nofollow noopener\" target=\"_blank\" href=\"https:\/\/meinungsfreiheit.rtde.life\/russland\/144381-russische-olympiasiegerin-lassizkene-zu-staatsburgerschaftswechsel\/\">Russische Olympiasiegerin Lassizkene zu Staatsb\u00fcrgerschaftswechsel: &#8220;Bin zu alt daf\u00fcr&#8221;<\/a><\/p>\n<div class=\"EmbedBlock-root EmbedBlock-externalVideo EmbedBlock-vk\">\n<div class=\"VkEmbed\"><iframe class=\"lazyload\" data-src=\"https:\/\/vk.com\/video_ext.php?oid=-134310637&amp;id=456251601&amp;hash=4d74acc9d12b158b\" frameborder=\"0\" width=\"853\" height=\"480\" allowfullscreen><\/iframe><\/div>\n<\/div>\n<\/div>\n<p><br \/>\n<br \/><a href=\"https:\/\/de.rt.com\/international\/154707-hat-ioc-chef-thomas-bach\/\">Source link <\/a><\/p>\n","protected":false},"excerpt":{"rendered":"<p>Ist der IOC-Chef ein Heuchler und Opportunist oder ein Mann, der endlich eine Erleuchtung hatte? In Russland gehen die Meinungen \u00fcber die fast schon sensationelle \u00c4u\u00dferung von Thomas Bach als Vorsitzender des Internationalen Olympischen Komitees weit auseinander. Seine Erkl\u00e4rung auf dem G20-Gipfel k\u00f6nnte jedoch das k\u00fcnftige Schicksal der russischen Sportler sehr direkt beeinflussen. Auf dem [&hellip;]<\/p>\n","protected":false},"author":3,"featured_media":23606,"comment_status":"open","ping_status":"open","sticky":false,"template":"","format":"standard","meta":{"wp_automatic_camp":["217"],"f9cc93151b59e4a98674f4b228f8617a":["Hat IOC-Chef Thomas Bach seine Meinung zum Ausschluss russischer Sportler von Olympia ge\u00e4ndert?"],"original_link":["https:\/\/de.rt.com\/international\/154707-hat-ioc-chef-thomas-bach\/"],"_thumbnail_id":["23606"],"jnews_social_counter_last_update":["1777557370"]},"categories":[19,23],"tags":[5913,36175,14505,423,36174,6658,33844,793,265,5915,1171,50,565],"yoast_head":"<!-- This site is optimized with the Yoast SEO Premium plugin v22.7 (Yoast SEO v22.7) - https:\/\/yoast.com\/wordpress\/plugins\/seo\/ -->\n<title>Hat IOC-Chef Thomas Bach seine Meinung zum Ausschluss russischer Sportler von Olympia ge\u00e4ndert? - just-now.NEWS Deutschland<\/title>\n<meta name=\"robots\" content=\"index, follow, max-snippet:-1, max-image-preview:large, max-video-preview:-1\" \/>\n<link rel=\"canonical\" href=\"https:\/\/now-news.de\/de\/deutschland\/hat-ioc-chef-thomas-bach-seine-meinung-zum-ausschluss-russischer-sportler-von-olympia-geaendert\/\" \/>\n<meta property=\"og:locale\" content=\"de_DE\" \/>\n<meta property=\"og:type\" content=\"article\" \/>\n<meta property=\"og:title\" content=\"Hat IOC-Chef Thomas Bach seine Meinung zum Ausschluss russischer Sportler von Olympia ge\u00e4ndert?\" \/>\n<meta property=\"og:description\" content=\"Ist der IOC-Chef ein Heuchler und Opportunist oder ein Mann, der endlich eine Erleuchtung hatte? In Russland gehen die Meinungen \u00fcber die fast schon sensationelle \u00c4u\u00dferung von Thomas Bach als Vorsitzender des Internationalen Olympischen Komitees weit auseinander. Seine Erkl\u00e4rung auf dem G20-Gipfel k\u00f6nnte jedoch das k\u00fcnftige Schicksal der russischen Sportler sehr direkt beeinflussen. Auf dem [&hellip;]\" \/>\n<meta property=\"og:url\" content=\"https:\/\/now-news.de\/de\/deutschland\/hat-ioc-chef-thomas-bach-seine-meinung-zum-ausschluss-russischer-sportler-von-olympia-geaendert\/\" \/>\n<meta property=\"og:site_name\" content=\"just-now.NEWS Deutschland\" \/>\n<meta property=\"article:publisher\" content=\"https:\/\/www.facebook.com\/wirmachenauf\" \/>\n<meta property=\"article:published_time\" content=\"2022-11-19T17:44:51+00:00\" \/>\n<meta property=\"og:image\" content=\"https:\/\/now-news.de\/de\/wp-content\/uploads\/sites\/3\/2022\/11\/Hat-IOC-Chef-Thomas-Bach-seine-Meinung-zum-Ausschluss-russischer-Sportler.jpg\" \/>\n\t<meta property=\"og:image:width\" content=\"460\" \/>\n\t<meta property=\"og:image:height\" content=\"259\" \/>\n\t<meta property=\"og:image:type\" content=\"image\/jpeg\" \/>\n<meta name=\"author\" content=\"rtnews\" \/>\n<meta name=\"twitter:card\" content=\"summary_large_image\" \/>\n<meta name=\"twitter:creator\" content=\"@WirMachenAuf_de\" \/>\n<meta name=\"twitter:site\" content=\"@WirMachenAuf_de\" \/>\n<meta name=\"twitter:label1\" content=\"Verfasst von\" \/>\n\t<meta name=\"twitter:data1\" content=\"rtnews\" \/>\n\t<meta name=\"twitter:label2\" content=\"Gesch\u00e4tzte Lesezeit\" \/>\n\t<meta name=\"twitter:data2\" content=\"6\u00a0Minuten\" \/>\n<script type=\"application\/ld+json\" class=\"yoast-schema-graph\">{\"@context\":\"https:\/\/schema.org\",\"@graph\":[{\"@type\":\"Article\",\"@id\":\"https:\/\/now-news.de\/de\/deutschland\/hat-ioc-chef-thomas-bach-seine-meinung-zum-ausschluss-russischer-sportler-von-olympia-geaendert\/#article\",\"isPartOf\":{\"@id\":\"https:\/\/now-news.de\/de\/deutschland\/hat-ioc-chef-thomas-bach-seine-meinung-zum-ausschluss-russischer-sportler-von-olympia-geaendert\/\"},\"author\":{\"name\":\"rtnews\",\"@id\":\"https:\/\/now-news.de\/de\/#\/schema\/person\/fb534a4e865501d8b3285208df34a9b5\"},\"headline\":\"Hat IOC-Chef Thomas Bach seine Meinung zum Ausschluss russischer Sportler von Olympia ge\u00e4ndert?\",\"datePublished\":\"2022-11-19T17:44:51+00:00\",\"dateModified\":\"2022-11-19T17:44:51+00:00\",\"mainEntityOfPage\":{\"@id\":\"https:\/\/now-news.de\/de\/deutschland\/hat-ioc-chef-thomas-bach-seine-meinung-zum-ausschluss-russischer-sportler-von-olympia-geaendert\/\"},\"wordCount\":1183,\"commentCount\":0,\"publisher\":{\"@id\":\"https:\/\/now-news.de\/de\/#organization\"},\"image\":{\"@id\":\"https:\/\/now-news.de\/de\/deutschland\/hat-ioc-chef-thomas-bach-seine-meinung-zum-ausschluss-russischer-sportler-von-olympia-geaendert\/#primaryimage\"},\"thumbnailUrl\":\"https:\/\/now-news.de\/de\/wp-content\/uploads\/sites\/3\/2022\/11\/Hat-IOC-Chef-Thomas-Bach-seine-Meinung-zum-Ausschluss-russischer-Sportler.jpg\",\"keywords\":[\"Ausschluss\",\"Bach\",\"ge\u00e4ndert\",\"hat\",\"IOCChef\",\"Meinung\",\"Olympia\",\"Russischer\",\"seine\",\"Sportler\",\"Thomas\",\"von\",\"zum\"],\"articleSection\":[\"Deutschland\",\"Russland\"],\"inLanguage\":\"de\",\"potentialAction\":[{\"@type\":\"CommentAction\",\"name\":\"Comment\",\"target\":[\"https:\/\/now-news.de\/de\/deutschland\/hat-ioc-chef-thomas-bach-seine-meinung-zum-ausschluss-russischer-sportler-von-olympia-geaendert\/#respond\"]}]},{\"@type\":\"WebPage\",\"@id\":\"https:\/\/now-news.de\/de\/deutschland\/hat-ioc-chef-thomas-bach-seine-meinung-zum-ausschluss-russischer-sportler-von-olympia-geaendert\/\",\"url\":\"https:\/\/now-news.de\/de\/deutschland\/hat-ioc-chef-thomas-bach-seine-meinung-zum-ausschluss-russischer-sportler-von-olympia-geaendert\/\",\"name\":\"Hat IOC-Chef Thomas Bach seine Meinung zum Ausschluss russischer Sportler von Olympia ge\u00e4ndert? - just-now.NEWS Deutschland\",\"isPartOf\":{\"@id\":\"https:\/\/now-news.de\/de\/#website\"},\"primaryImageOfPage\":{\"@id\":\"https:\/\/now-news.de\/de\/deutschland\/hat-ioc-chef-thomas-bach-seine-meinung-zum-ausschluss-russischer-sportler-von-olympia-geaendert\/#primaryimage\"},\"image\":{\"@id\":\"https:\/\/now-news.de\/de\/deutschland\/hat-ioc-chef-thomas-bach-seine-meinung-zum-ausschluss-russischer-sportler-von-olympia-geaendert\/#primaryimage\"},\"thumbnailUrl\":\"https:\/\/now-news.de\/de\/wp-content\/uploads\/sites\/3\/2022\/11\/Hat-IOC-Chef-Thomas-Bach-seine-Meinung-zum-Ausschluss-russischer-Sportler.jpg\",\"datePublished\":\"2022-11-19T17:44:51+00:00\",\"dateModified\":\"2022-11-19T17:44:51+00:00\",\"breadcrumb\":{\"@id\":\"https:\/\/now-news.de\/de\/deutschland\/hat-ioc-chef-thomas-bach-seine-meinung-zum-ausschluss-russischer-sportler-von-olympia-geaendert\/#breadcrumb\"},\"inLanguage\":\"de\",\"potentialAction\":[{\"@type\":\"ReadAction\",\"target\":[\"https:\/\/now-news.de\/de\/deutschland\/hat-ioc-chef-thomas-bach-seine-meinung-zum-ausschluss-russischer-sportler-von-olympia-geaendert\/\"]}]},{\"@type\":\"ImageObject\",\"inLanguage\":\"de\",\"@id\":\"https:\/\/now-news.de\/de\/deutschland\/hat-ioc-chef-thomas-bach-seine-meinung-zum-ausschluss-russischer-sportler-von-olympia-geaendert\/#primaryimage\",\"url\":\"https:\/\/now-news.de\/de\/wp-content\/uploads\/sites\/3\/2022\/11\/Hat-IOC-Chef-Thomas-Bach-seine-Meinung-zum-Ausschluss-russischer-Sportler.jpg\",\"contentUrl\":\"https:\/\/now-news.de\/de\/wp-content\/uploads\/sites\/3\/2022\/11\/Hat-IOC-Chef-Thomas-Bach-seine-Meinung-zum-Ausschluss-russischer-Sportler.jpg\",\"width\":460,\"height\":259,\"caption\":\"Hat IOC-Chef Thomas Bach seine Meinung zum Ausschluss russischer Sportler von Olympia ge\u00e4ndert?\"},{\"@type\":\"BreadcrumbList\",\"@id\":\"https:\/\/now-news.de\/de\/deutschland\/hat-ioc-chef-thomas-bach-seine-meinung-zum-ausschluss-russischer-sportler-von-olympia-geaendert\/#breadcrumb\",\"itemListElement\":[{\"@type\":\"ListItem\",\"position\":1,\"name\":\"Home\",\"item\":\"https:\/\/now-news.de\/de\/\"},{\"@type\":\"ListItem\",\"position\":2,\"name\":\"Hat IOC-Chef Thomas Bach seine Meinung zum Ausschluss russischer Sportler von Olympia ge\u00e4ndert?\"}]},{\"@type\":\"WebSite\",\"@id\":\"https:\/\/now-news.de\/de\/#website\",\"url\":\"https:\/\/now-news.de\/de\/\",\"name\":\"just-now.NEWS Deutschland\",\"description\":\"Das Portal f\u00fcr unzensierte Nachrichten aus der Welt\",\"publisher\":{\"@id\":\"https:\/\/now-news.de\/de\/#organization\"},\"potentialAction\":[{\"@type\":\"SearchAction\",\"target\":{\"@type\":\"EntryPoint\",\"urlTemplate\":\"https:\/\/now-news.de\/de\/?s={search_term_string}\"},\"query-input\":\"required name=search_term_string\"}],\"inLanguage\":\"de\"},{\"@type\":\"Organization\",\"@id\":\"https:\/\/now-news.de\/de\/#organization\",\"name\":\"Just Now News\",\"url\":\"https:\/\/now-news.de\/de\/\",\"logo\":{\"@type\":\"ImageObject\",\"inLanguage\":\"de\",\"@id\":\"https:\/\/now-news.de\/de\/#\/schema\/logo\/image\/\",\"url\":\"http:\/\/just-now.news\/de\/wp-content\/uploads\/sites\/3\/2022\/04\/logo500x500.jpg\",\"contentUrl\":\"http:\/\/just-now.news\/de\/wp-content\/uploads\/sites\/3\/2022\/04\/logo500x500.jpg\",\"width\":500,\"height\":500,\"caption\":\"Just Now News\"},\"image\":{\"@id\":\"https:\/\/now-news.de\/de\/#\/schema\/logo\/image\/\"},\"sameAs\":[\"https:\/\/www.facebook.com\/wirmachenauf\",\"https:\/\/x.com\/WirMachenAuf_de\"]},{\"@type\":\"Person\",\"@id\":\"https:\/\/now-news.de\/de\/#\/schema\/person\/fb534a4e865501d8b3285208df34a9b5\",\"name\":\"rtnews\",\"image\":{\"@type\":\"ImageObject\",\"inLanguage\":\"de\",\"@id\":\"https:\/\/now-news.de\/de\/#\/schema\/person\/image\/\",\"url\":\"https:\/\/secure.gravatar.com\/avatar\/82aafea7d8127119dd649515f56e2117?s=96&d=mm&r=g\",\"contentUrl\":\"https:\/\/secure.gravatar.com\/avatar\/82aafea7d8127119dd649515f56e2117?s=96&d=mm&r=g\",\"caption\":\"rtnews\"},\"url\":\"https:\/\/now-news.de\/de\/author\/rnews\/\"}]}<\/script>\n<!-- \/ Yoast SEO Premium plugin. -->","yoast_head_json":{"title":"Hat IOC-Chef Thomas Bach seine Meinung zum Ausschluss russischer Sportler von Olympia ge\u00e4ndert? - just-now.NEWS Deutschland","robots":{"index":"index","follow":"follow","max-snippet":"max-snippet:-1","max-image-preview":"max-image-preview:large","max-video-preview":"max-video-preview:-1"},"canonical":"https:\/\/now-news.de\/de\/deutschland\/hat-ioc-chef-thomas-bach-seine-meinung-zum-ausschluss-russischer-sportler-von-olympia-geaendert\/","og_locale":"de_DE","og_type":"article","og_title":"Hat IOC-Chef Thomas Bach seine Meinung zum Ausschluss russischer Sportler von Olympia ge\u00e4ndert?","og_description":"Ist der IOC-Chef ein Heuchler und Opportunist oder ein Mann, der endlich eine Erleuchtung hatte? In Russland gehen die Meinungen \u00fcber die fast schon sensationelle \u00c4u\u00dferung von Thomas Bach als Vorsitzender des Internationalen Olympischen Komitees weit auseinander. Seine Erkl\u00e4rung auf dem G20-Gipfel k\u00f6nnte jedoch das k\u00fcnftige Schicksal der russischen Sportler sehr direkt beeinflussen. Auf dem [&hellip;]","og_url":"https:\/\/now-news.de\/de\/deutschland\/hat-ioc-chef-thomas-bach-seine-meinung-zum-ausschluss-russischer-sportler-von-olympia-geaendert\/","og_site_name":"just-now.NEWS Deutschland","article_publisher":"https:\/\/www.facebook.com\/wirmachenauf","article_published_time":"2022-11-19T17:44:51+00:00","og_image":[{"width":460,"height":259,"url":"https:\/\/now-news.de\/de\/wp-content\/uploads\/sites\/3\/2022\/11\/Hat-IOC-Chef-Thomas-Bach-seine-Meinung-zum-Ausschluss-russischer-Sportler.jpg","type":"image\/jpeg"}],"author":"rtnews","twitter_card":"summary_large_image","twitter_creator":"@WirMachenAuf_de","twitter_site":"@WirMachenAuf_de","twitter_misc":{"Verfasst von":"rtnews","Gesch\u00e4tzte Lesezeit":"6\u00a0Minuten"},"schema":{"@context":"https:\/\/schema.org","@graph":[{"@type":"Article","@id":"https:\/\/now-news.de\/de\/deutschland\/hat-ioc-chef-thomas-bach-seine-meinung-zum-ausschluss-russischer-sportler-von-olympia-geaendert\/#article","isPartOf":{"@id":"https:\/\/now-news.de\/de\/deutschland\/hat-ioc-chef-thomas-bach-seine-meinung-zum-ausschluss-russischer-sportler-von-olympia-geaendert\/"},"author":{"name":"rtnews","@id":"https:\/\/now-news.de\/de\/#\/schema\/person\/fb534a4e865501d8b3285208df34a9b5"},"headline":"Hat IOC-Chef Thomas Bach seine Meinung zum Ausschluss russischer Sportler von Olympia ge\u00e4ndert?","datePublished":"2022-11-19T17:44:51+00:00","dateModified":"2022-11-19T17:44:51+00:00","mainEntityOfPage":{"@id":"https:\/\/now-news.de\/de\/deutschland\/hat-ioc-chef-thomas-bach-seine-meinung-zum-ausschluss-russischer-sportler-von-olympia-geaendert\/"},"wordCount":1183,"commentCount":0,"publisher":{"@id":"https:\/\/now-news.de\/de\/#organization"},"image":{"@id":"https:\/\/now-news.de\/de\/deutschland\/hat-ioc-chef-thomas-bach-seine-meinung-zum-ausschluss-russischer-sportler-von-olympia-geaendert\/#primaryimage"},"thumbnailUrl":"https:\/\/now-news.de\/de\/wp-content\/uploads\/sites\/3\/2022\/11\/Hat-IOC-Chef-Thomas-Bach-seine-Meinung-zum-Ausschluss-russischer-Sportler.jpg","keywords":["Ausschluss","Bach","ge\u00e4ndert","hat","IOCChef","Meinung","Olympia","Russischer","seine","Sportler","Thomas","von","zum"],"articleSection":["Deutschland","Russland"],"inLanguage":"de","potentialAction":[{"@type":"CommentAction","name":"Comment","target":["https:\/\/now-news.de\/de\/deutschland\/hat-ioc-chef-thomas-bach-seine-meinung-zum-ausschluss-russischer-sportler-von-olympia-geaendert\/#respond"]}]},{"@type":"WebPage","@id":"https:\/\/now-news.de\/de\/deutschland\/hat-ioc-chef-thomas-bach-seine-meinung-zum-ausschluss-russischer-sportler-von-olympia-geaendert\/","url":"https:\/\/now-news.de\/de\/deutschland\/hat-ioc-chef-thomas-bach-seine-meinung-zum-ausschluss-russischer-sportler-von-olympia-geaendert\/","name":"Hat IOC-Chef Thomas Bach seine Meinung zum Ausschluss russischer Sportler von Olympia ge\u00e4ndert? - just-now.NEWS Deutschland","isPartOf":{"@id":"https:\/\/now-news.de\/de\/#website"},"primaryImageOfPage":{"@id":"https:\/\/now-news.de\/de\/deutschland\/hat-ioc-chef-thomas-bach-seine-meinung-zum-ausschluss-russischer-sportler-von-olympia-geaendert\/#primaryimage"},"image":{"@id":"https:\/\/now-news.de\/de\/deutschland\/hat-ioc-chef-thomas-bach-seine-meinung-zum-ausschluss-russischer-sportler-von-olympia-geaendert\/#primaryimage"},"thumbnailUrl":"https:\/\/now-news.de\/de\/wp-content\/uploads\/sites\/3\/2022\/11\/Hat-IOC-Chef-Thomas-Bach-seine-Meinung-zum-Ausschluss-russischer-Sportler.jpg","datePublished":"2022-11-19T17:44:51+00:00","dateModified":"2022-11-19T17:44:51+00:00","breadcrumb":{"@id":"https:\/\/now-news.de\/de\/deutschland\/hat-ioc-chef-thomas-bach-seine-meinung-zum-ausschluss-russischer-sportler-von-olympia-geaendert\/#breadcrumb"},"inLanguage":"de","potentialAction":[{"@type":"ReadAction","target":["https:\/\/now-news.de\/de\/deutschland\/hat-ioc-chef-thomas-bach-seine-meinung-zum-ausschluss-russischer-sportler-von-olympia-geaendert\/"]}]},{"@type":"ImageObject","inLanguage":"de","@id":"https:\/\/now-news.de\/de\/deutschland\/hat-ioc-chef-thomas-bach-seine-meinung-zum-ausschluss-russischer-sportler-von-olympia-geaendert\/#primaryimage","url":"https:\/\/now-news.de\/de\/wp-content\/uploads\/sites\/3\/2022\/11\/Hat-IOC-Chef-Thomas-Bach-seine-Meinung-zum-Ausschluss-russischer-Sportler.jpg","contentUrl":"https:\/\/now-news.de\/de\/wp-content\/uploads\/sites\/3\/2022\/11\/Hat-IOC-Chef-Thomas-Bach-seine-Meinung-zum-Ausschluss-russischer-Sportler.jpg","width":460,"height":259,"caption":"Hat IOC-Chef Thomas Bach seine Meinung zum Ausschluss russischer Sportler von Olympia ge\u00e4ndert?"},{"@type":"BreadcrumbList","@id":"https:\/\/now-news.de\/de\/deutschland\/hat-ioc-chef-thomas-bach-seine-meinung-zum-ausschluss-russischer-sportler-von-olympia-geaendert\/#breadcrumb","itemListElement":[{"@type":"ListItem","position":1,"name":"Home","item":"https:\/\/now-news.de\/de\/"},{"@type":"ListItem","position":2,"name":"Hat IOC-Chef Thomas Bach seine Meinung zum Ausschluss russischer Sportler von Olympia ge\u00e4ndert?"}]},{"@type":"WebSite","@id":"https:\/\/now-news.de\/de\/#website","url":"https:\/\/now-news.de\/de\/","name":"just-now.NEWS Deutschland","description":"Das Portal f\u00fcr unzensierte Nachrichten aus der Welt","publisher":{"@id":"https:\/\/now-news.de\/de\/#organization"},"potentialAction":[{"@type":"SearchAction","target":{"@type":"EntryPoint","urlTemplate":"https:\/\/now-news.de\/de\/?s={search_term_string}"},"query-input":"required name=search_term_string"}],"inLanguage":"de"},{"@type":"Organization","@id":"https:\/\/now-news.de\/de\/#organization","name":"Just Now News","url":"https:\/\/now-news.de\/de\/","logo":{"@type":"ImageObject","inLanguage":"de","@id":"https:\/\/now-news.de\/de\/#\/schema\/logo\/image\/","url":"http:\/\/just-now.news\/de\/wp-content\/uploads\/sites\/3\/2022\/04\/logo500x500.jpg","contentUrl":"http:\/\/just-now.news\/de\/wp-content\/uploads\/sites\/3\/2022\/04\/logo500x500.jpg","width":500,"height":500,"caption":"Just Now News"},"image":{"@id":"https:\/\/now-news.de\/de\/#\/schema\/logo\/image\/"},"sameAs":["https:\/\/www.facebook.com\/wirmachenauf","https:\/\/x.com\/WirMachenAuf_de"]},{"@type":"Person","@id":"https:\/\/now-news.de\/de\/#\/schema\/person\/fb534a4e865501d8b3285208df34a9b5","name":"rtnews","image":{"@type":"ImageObject","inLanguage":"de","@id":"https:\/\/now-news.de\/de\/#\/schema\/person\/image\/","url":"https:\/\/secure.gravatar.com\/avatar\/82aafea7d8127119dd649515f56e2117?s=96&d=mm&r=g","contentUrl":"https:\/\/secure.gravatar.com\/avatar\/82aafea7d8127119dd649515f56e2117?s=96&d=mm&r=g","caption":"rtnews"},"url":"https:\/\/now-news.de\/de\/author\/rnews\/"}]}},"_links":{"self":[{"href":"https:\/\/now-news.de\/de\/wp-json\/wp\/v2\/posts\/23605"}],"collection":[{"href":"https:\/\/now-news.de\/de\/wp-json\/wp\/v2\/posts"}],"about":[{"href":"https:\/\/now-news.de\/de\/wp-json\/wp\/v2\/types\/post"}],"author":[{"embeddable":true,"href":"https:\/\/now-news.de\/de\/wp-json\/wp\/v2\/users\/3"}],"replies":[{"embeddable":true,"href":"https:\/\/now-news.de\/de\/wp-json\/wp\/v2\/comments?post=23605"}],"version-history":[{"count":0,"href":"https:\/\/now-news.de\/de\/wp-json\/wp\/v2\/posts\/23605\/revisions"}],"wp:featuredmedia":[{"embeddable":true,"href":"https:\/\/now-news.de\/de\/wp-json\/wp\/v2\/media\/23606"}],"wp:attachment":[{"href":"https:\/\/now-news.de\/de\/wp-json\/wp\/v2\/media?parent=23605"}],"wp:term":[{"taxonomy":"category","embeddable":true,"href":"https:\/\/now-news.de\/de\/wp-json\/wp\/v2\/categories?post=23605"},{"taxonomy":"post_tag","embeddable":true,"href":"https:\/\/now-news.de\/de\/wp-json\/wp\/v2\/tags?post=23605"}],"curies":[{"name":"wp","href":"https:\/\/api.w.org\/{rel}","templated":true}]}}