{"id":23567,"date":"2022-11-19T09:34:02","date_gmt":"2022-11-19T07:34:02","guid":{"rendered":"http:\/\/just-now.news\/de\/deutschland\/dokumentiert-psychologen-beziehen-stellung-zum-krieg-in-der-ukraine\/"},"modified":"2022-11-19T09:34:02","modified_gmt":"2022-11-19T07:34:02","slug":"dokumentiert-psychologen-beziehen-stellung-zum-krieg-in-der-ukraine","status":"publish","type":"post","link":"https:\/\/now-news.de\/de\/deutschland\/dokumentiert-psychologen-beziehen-stellung-zum-krieg-in-der-ukraine\/","title":{"rendered":"Dokumentiert: Psychologen beziehen Stellung zum Krieg in der Ukraine"},"content":{"rendered":"<p><img decoding=\"async\" src=\"http:\/\/just-now.news\/de\/wp-content\/uploads\/sites\/3\/2022\/11\/637886d7b480cc74f60debe7.jpg\" \/><\/p>\n<div class=\"Text-root Text-type_1 \">\n                Das westliche, antirussische Sanktionsregime, das wegen des Krieges in der Ukraine laufend versch\u00e4rft wird, f\u00fchrt zu drastischen Einschr\u00e4nkungen der Wirtschaft und des Wohlstandes \u2013 im Westen. Welche sozialpsychologischen Mechanismen stecken hinter den selbstzerst\u00f6rerischen Ma\u00dfnahmen?\n            <\/div>\n<p><\/p>\n<div class=\"Text-root Text-type_5 ArticleView-text ViewText-root \">\n<p>Nachstehend dokumentieren wir die &#8220;Stellungnahme der Neuen Gesellschaft f\u00fcr Psychologie zum Krieg&#8221; (NGfP). Die wissenschaftliche Vereinigung von Psychologinnen und Psychologen versteht sich als &#8220;Gesellschaft f\u00fcr Theorie und Praxis der Sozialwissenschaften&#8221; und hat diese Analyse auf ihrem <a rel=\"nofollow noopener\" target=\"_blank\" href=\"https:\/\/www.ngfp.de\/\">Portal<\/a> am 8. November 2022 ver\u00f6ffentlicht. <em>RT DE<\/em> dankt f\u00fcr die freundliche Genehmigung zur Wiederver\u00f6ffentlichung.<\/p>\n<p>__________________________________________<\/p>\n<p>Dass die Boykottma\u00dfnahmen gegen Russland sich gegen die Interessen der Bev\u00f6lkerung richten, sieht jeder: an den rasant steigenden Lebenshaltungskosten, den Drohungen mit Einschr\u00e4nkungen der Strom und Energieversorgung, den Einschr\u00e4nkungen im Zugverkehr usw.<\/p>\n<p>Das sieht jeder? Nur der, der es sehen will! Die sichtbaren Einschr\u00e4nkungen, Bedrohungen und f\u00fcr nicht wenige bereits real gewordenen, ihre Existenz bedrohenden Verluste treffen &#8220;nur&#8221; die &#8220;unteren und mittleren Einkommensempf\u00e4nger&#8221; \u2013 aber diese stellen die Mehrheit der Bev\u00f6lkerung \u2013 Habeck &#8220;muss nicht in den Krieg&#8221;, wie er bei <em>Maischberger<\/em> frech einr\u00e4umte, er &#8220;muss nicht sterben!&#8221; Er muss auch nicht frieren, und er muss nicht zur Tafel!<\/p>\n<p>Die Mehrheit der Bev\u00f6lkerung dagegen sieht sich einer anderen Situation gegen\u00fcber. Sie will keinen Krieg, vor allem keine Verl\u00e4ngerung des Krieges. Schon wegen der Einschr\u00e4nkungen nicht, die ihr zugemutet werden durch die Ma\u00dfnahmen, die die Regierung als &#8220;Reaktion&#8221; auf die vorausgegangene Aktion des von Russland vorgeblich begonnenen Krieges erkl\u00e4rt.<\/p>\n<p>Diese Erkl\u00e4rung setzt allerdings die Verleugnung der Vorbereitung zum Krieg voraus.<br \/> Diese Vorbereitung beginnt allersp\u00e4testens mit dem Putsch auf dem Maidan in Kiew 2014, wenn man nicht den Informationskrieg seit den 90er-Jahren dazurechnen m\u00f6chte. Letztlich war es von Anfang an das Ziel der NATO, &#8220;to keep the Russians out, the Americans in, and the Germans down&#8221; \u2013 in den Worten des ersten Generalsekret\u00e4rs Lord Ismay.<\/p>\n<p>Verleugnung der Realit\u00e4t, der realen Zusammenh\u00e4nge, ist das Grundprinzip der Kriegspropaganda. Nur wenn man die eigene Vorbereitung zum Krieg verleugnet, kann man die Behauptung aufrechterhalten: &#8220;Wir wollen keinen Krieg. Schuld ist der andere. Er ist der Angreifer. Wir verteidigen uns lediglich gegen ihn, einen b\u00f6sartigen, hinterh\u00e4ltigen, kriegss\u00fcchtigen Feind, wir verteidigen die Freiheit, die Demokratie gegen die Autokratie, solidarisch mit den Hilflosen.&#8221;<\/p>\n<p>Welche Freiheit wird damit verteidigt, wenn man dazu selbst auf die Mithilfe von Autokratien wie Katar oder Saudi-Arabiens angewiesen ist \u2013 um von dort \u00d6l und Gas (zu einem viel h\u00f6heren Preis) einzukaufen, was man sich selbst durch den Boykott Russlands ausgeschlagen hatte. Auch das ist eine Verleugnung: Nicht sehen zu wollen, dass man sich dabei selbst mehr schadet als dem Boykottierten. Aber wer wei\u00df, vielleicht handelt man gar nicht im eigenen Interesse, sondern im Auftrag eines anderen.<\/p>\n<p>Immer mehr deutsche Unternehmen bauen ihre Pr\u00e4senz in den Vereinigten Staaten aus, zum Nachteil von Produktionsstandorten in der Bundesrepublik \u2013 <em>German Foreign-policy<\/em>\u00a0<a rel=\"nofollow noopener\" target=\"_blank\" href=\"https:\/\/www.german-foreign-policy.com\/news\/detail\/9072\">berichtet<\/a>:<\/p>\n<blockquote>\n<p><em>&#8220;Die aktuell hohen Energiepreise stellen die Fortexistenz energieintensiver Fabriken in Deutschland infrage; es droht die Verlagerung ins Ausland \u2013 insbesondere in die USA, wo die Energiepreise erheblich niedriger sind. Die Reindustrialisierung der Vereinigten Staaten ginge dann mit der Deindustrialisierung Deutschlands einher.&#8221;<\/em><\/p>\n<\/blockquote>\n<p>Der Widerspruch zwischen Absicht und Ergebnis der Boykottma\u00dfnahmen l\u00f6st sich auf, wenn man das Ergebnis der Boykottma\u00dfnahmen als Teil des Plans zum &#8220;Umbau der Gesellschaft&#8221; sieht, wie es Klaus Schwab im &#8220;Great Reset&#8221; entworfen hat. Es nicht zu tun, w\u00e4re Verleugnung \u2013 der seit Jahrzehnten vertretenen amerikanischen Geostrategie.<\/p>\n<p>Die Verleugnung der Realit\u00e4t nimmt viele Formen an: von allen Formen der L\u00fcge, der falschen Behauptung, der Verkehrung ins Gegenteil, der Diffamierung der Gegenposition als unsolidarisch, unmenschlich, egoistisch, machtbesessen bis hin zum Verschweigen.<\/p>\n<p>Die Formen der Verleugnung sind nicht nur die Prinzipien der Kriegspropaganda, sondern des Diskurses der Macht \u00fcberhaupt, jener medial vermittelten Gehirnw\u00e4sche, zu der die Bev\u00f6lkerung tagt\u00e4glich eingeladen wird: das entscheidende Mittel der Herrschaft. Jener Herrschaft, die sich nicht in offener Gewaltaus\u00fcbung blo\u00dfstellen will, sondern sich als den Willen der Beherrschten darstellt. Sie wirkt nicht \u2013 oder nur im Grenzfall \u2013 durch Drohung, Befehl oder Vorschrift, sondern vielmehr durch &#8220;\u00dcberzeugung&#8221;, durch Behauptung, Belehrung, durch &#8220;Zeigen&#8221; \u2013 durch die Register des Redens \u2013 und des Verschweigens, Versteckens, einfach dadurch, dass man in den Diskurs einsteigt und sich gem\u00e4\u00df seiner Regeln in diesem Diskurs bewegt (s. Michel Foucault). Wenn Verhaltensforscher heute von &#8220;nudging&#8221; sprechen, meinen sie genau das; sie versichern, es ginge dabei nicht darum, Menschen &#8220;durch strenge Regeln in eine bestimmte Zielrichtung zu schubsen, sondern sie in einem Verhalten zu unterst\u00fctzen, das sie eigentlich gerne machen wollen&#8221; (Lucia Reisch vom Leibniz-Institut f\u00fcr Pr\u00e4ventionsforschung und Epidemiologie).<\/p>\n<p>F\u00fcr die Beherrschten bietet die Verleugnung die M\u00f6glichkeit, ihr Beherrschtsein selbst zu verleugnen: Deshalb steigt man in den Diskurs der Macht bereitwillig ein, \u00fcbernimmt die Fiktion der Kompetenz: &#8220;Ich kann das, was ich soll, also will ich das! \u2013 die Maske aufsetzen, den Abstand zum anderen einhalten, ihn als gef\u00e4hrlich definieren, &#8216;Solidarit\u00e4t&#8217; \u2013 mit den Herrschenden \u00fcben und auf diese Weise ein anerkanntes Mitglied der Gemeinschaft sein.&#8221;<\/p>\n<p>Wir sehen hier das Ph\u00e4nomen der &#8220;Klassenpsychologie&#8221; (Peter Br\u00fcckner): die Bedeutung des Unterschieds, von welcher gesellschaftlichen Position aus Verleugnung eingesetzt wird bzw. auf deren Einsatz folgt. Das ist weniger eine Frage von &#8220;bewusst oder unbewusst&#8221;, davon, ob Politiker ihren L\u00fcgen &#8220;glauben&#8221; oder nur so tun als ob, sondern: Die Verleugnung des Politikers ist das Angebot (nudge) an den Belogenen, so zu handeln, als ob er die L\u00fcge als eigene Begr\u00fcndung seines Handelns \u00fcbernehme (Rationalisierung). Auf beiden Seiten kann die Verleugnung ein &#8220;So tun als ob&#8221; kaschieren, ein Verhalten zeigen, so als ob sie es &#8220;eigentlich gerne machen wollen&#8221;. Und auf das Verhalten kommt es den Herrschenden letztlich an.<\/p>\n<p>Mit dem Krieg hat sich der Ton des Diskurses der Macht ver\u00e4ndert. An die Stelle der &#8220;Unterst\u00fctzung&#8221; des Verhaltens der Bev\u00f6lkerung, das &#8220;sie eigentlich gerne machen wollen&#8221;, ist die Drohung getreten.<br \/> Steinmeier k\u00fcndigt in seiner pr\u00e4sidentiellen Ansprache vom 28. Oktober &#8220;raue&#8221; und &#8220;harte&#8221; Jahre an. Die Sanktionen seien &#8220;alternativlos&#8221;, die B\u00fcrger sollten gef\u00e4lligst nicht jammern, denn &#8220;Energie mag teurer werden, aber Freiheit ist unbezahlbar&#8221;.<\/p>\n<p>So autorisiert er sich, die Militarisierung der Gesellschaft voranzutreiben:<\/p>\n<blockquote>\n<p><em>&#8220;Wir brauchen den Willen zur Selbstbehauptung und auch die Kraft zur Selbstbeschr\u00e4nkung&#8221;, &#8220;Widerstandsgeist und Widerstandskraft&#8221;, eine entsprechend ausgestattete Bundeswehr und eine &#8220;Gesellschaft, die ihr den R\u00fccken st\u00e4rkt&#8221;.<\/em><\/p>\n<\/blockquote>\n<p>Gleichzeitig hatte \u2013 acht Tage vorher \u2013 der Bundestag die Versch\u00e4rfung des Paragrafen 130 StGB gegen &#8220;Volksverhetzung&#8221; beschlossen, die erlaubt, denjenigen zu verfolgen, der &#8220;Kriegsverbrechen&#8221; &#8220;billigt, leugnet oder gr\u00f6blich verharmlost&#8221;. Das Repertoire der psychologischen Kriegsf\u00fchrung scheint nicht mehr auszureichen.<\/p>\n<p>Gleichwohl ist Verleugnung weiterhin im Spiel. Alle Definitionsmerkmale des Straftatbestands sind offen f\u00fcr Interpretation und damit abh\u00e4ngig vom Stand des Diskurses der Macht. W\u00e4hrend der Corona-Pandemie-Inszenierung war &#8220;Verleugnung&#8221; als Straftatbestand in eine Reihe mit dem der Holocaustleugnung gestellt worden. Damit war Kritik an der Inszenierung strafrechtlich sanktioniert. Dasselbe ist nun mit der Kritik an der Haltung der Wertegemeinschaft, incl. Deutschland gegen\u00fcber dem Krieg, m\u00f6glich, und zwar in gesteigertem Ausma\u00df, indem man diese Kritik als Verleugnung, Verharmlosung oder gar Billigung von &#8220;Kriegsverbrechen&#8221; \u2013 und zwar einseitig auf russischer Seite verurteilt.<\/p>\n<p>Und wenn andererseits Frau Baerbock, Mitglied in den wichtigsten &#8220;transatlantischen&#8221; Netzwerken wie WEF und German Marshall Fund, scheinbar ungesch\u00fctzt verk\u00fcndet: Ihr Opa habe 1945 an der Ostfront die Freiheit Europas gegen die heranr\u00fcckende Rote Armee verteidigt, so leistet sie sich zwar eine f\u00fcr eine deutsche Au\u00dfenministerin unerh\u00f6rte Provokation, die zugleich unter den Straftatbestand der Verharmlosung des Nazi-Krieges fallen m\u00fcsste, mit der sie aber gleichzeitig davon ablenkt, in wessen Auftrag sie handelt.<\/p>\n<p>Auch wenn sich mit dem Krieg der Ton des Diskurses der Macht versch\u00e4rft hat, auch wenn an die Stelle der &#8220;Unterst\u00fctzung&#8221; des Verhaltens der Bev\u00f6lkerung die Drohung getreten ist, so bleibt immer noch wichtig, die Bev\u00f6lkerung zu gewinnen, und sei es nur zur Duldung der Politik, des politischen Handelns der Herrschenden. Und daf\u00fcr sind die Psychologen in der Regierungsberatung immer noch wichtig. Auch die Strafe hat ihre &#8220;psychologischen&#8221; Wirkungen \u2013 schlie\u00dflich geht es, wie Lucia Reisch bereits f\u00fcr die Corona-Pandemie-Inszenierung klarstellt, um das &#8220;Erlernen neuer Gewohnheiten&#8221;.<\/p>\n<p>Wir sind also als Psychologen gefordert, dagegen Stellung zu beziehen.<\/p>\n<p>Der Vorstand der Neuen Gesellschaft f\u00fcr Psychologie<\/p>\n<p>Klaus-J\u00fcrgen Bruder, Conny Stahmer-Weinandy, J\u00fcrgen G\u00fcnther<\/p>\n<p>__________________________________________<\/p>\n<p><em>Redaktioneller Hinweis:<\/em> Diese Stellungnahme der NGfP wurde auch von der Wochenzeitung <em>Demokratischer Widerstand<\/em> in der Ausgabe vom 12. November 2022 <a rel=\"nofollow noopener\" target=\"_blank\" href=\"https:\/\/demokratischerwiderstand.de\/aktuelle-ausgabe\">ver\u00f6ffentlicht<\/a>.<\/p>\n<p><strong>Mehr zum Thema<\/strong> &#8211;\u00a0<a rel=\"nofollow noopener\" target=\"_blank\" href=\"https:\/\/freeassange.rtde.me\/meinung\/152308-system-auf-angst-basiert-ist\/\">Ein System, das auf Angst basiert, ist zum Scheitern verurteilt<\/a><\/p>\n<\/p>\n<\/div>\n<p><br \/>\n<br \/><a href=\"https:\/\/de.rt.com\/inland\/154435-dokumentiert-stellungnahme-zum-krieg-in\/\">Source link <\/a><\/p>\n","protected":false},"excerpt":{"rendered":"<p>Das westliche, antirussische Sanktionsregime, das wegen des Krieges in der Ukraine laufend versch\u00e4rft wird, f\u00fchrt zu drastischen Einschr\u00e4nkungen der Wirtschaft und des Wohlstandes \u2013 im Westen. Welche sozialpsychologischen Mechanismen stecken hinter den selbstzerst\u00f6rerischen Ma\u00dfnahmen? Nachstehend dokumentieren wir die &#8220;Stellungnahme der Neuen Gesellschaft f\u00fcr Psychologie zum Krieg&#8221; (NGfP). Die wissenschaftliche Vereinigung von Psychologinnen und Psychologen versteht [&hellip;]<\/p>\n","protected":false},"author":3,"featured_media":23568,"comment_status":"open","ping_status":"open","sticky":false,"template":"","format":"standard","meta":{"wp_automatic_camp":["217"],"d77c8cb09d170505d673e3ddee7c1a04":["Dokumentiert: Psychologen beziehen Stellung zum Krieg in der Ukraine"],"original_link":["https:\/\/de.rt.com\/inland\/154435-dokumentiert-stellungnahme-zum-krieg-in\/"],"_thumbnail_id":["23568"],"jnews_social_counter_last_update":["1777258742"]},"categories":[19,23],"tags":[33247,82,26975,130,36148,4221,127,565],"yoast_head":"<!-- This site is optimized with the Yoast SEO Premium plugin v22.7 (Yoast SEO v22.7) - https:\/\/yoast.com\/wordpress\/plugins\/seo\/ -->\n<title>Dokumentiert: Psychologen beziehen Stellung zum Krieg in der Ukraine - just-now.NEWS Deutschland<\/title>\n<meta name=\"robots\" content=\"index, follow, max-snippet:-1, max-image-preview:large, max-video-preview:-1\" \/>\n<link rel=\"canonical\" href=\"https:\/\/now-news.de\/de\/deutschland\/dokumentiert-psychologen-beziehen-stellung-zum-krieg-in-der-ukraine\/\" \/>\n<meta property=\"og:locale\" content=\"de_DE\" \/>\n<meta property=\"og:type\" content=\"article\" \/>\n<meta property=\"og:title\" content=\"Dokumentiert: Psychologen beziehen Stellung zum Krieg in der Ukraine\" \/>\n<meta property=\"og:description\" content=\"Das westliche, antirussische Sanktionsregime, das wegen des Krieges in der Ukraine laufend versch\u00e4rft wird, f\u00fchrt zu drastischen Einschr\u00e4nkungen der Wirtschaft und des Wohlstandes \u2013 im Westen. Welche sozialpsychologischen Mechanismen stecken hinter den selbstzerst\u00f6rerischen Ma\u00dfnahmen? Nachstehend dokumentieren wir die &#8220;Stellungnahme der Neuen Gesellschaft f\u00fcr Psychologie zum Krieg&#8221; (NGfP). Die wissenschaftliche Vereinigung von Psychologinnen und Psychologen versteht [&hellip;]\" \/>\n<meta property=\"og:url\" content=\"https:\/\/now-news.de\/de\/deutschland\/dokumentiert-psychologen-beziehen-stellung-zum-krieg-in-der-ukraine\/\" \/>\n<meta property=\"og:site_name\" content=\"just-now.NEWS Deutschland\" \/>\n<meta property=\"article:publisher\" content=\"https:\/\/www.facebook.com\/wirmachenauf\" \/>\n<meta property=\"article:published_time\" content=\"2022-11-19T07:34:02+00:00\" \/>\n<meta property=\"og:image\" content=\"https:\/\/now-news.de\/de\/wp-content\/uploads\/sites\/3\/2022\/11\/Dokumentiert-Psychologen-beziehen-Stellung-zum-Krieg-in-der-Ukraine.jpg\" \/>\n\t<meta property=\"og:image:width\" content=\"460\" \/>\n\t<meta property=\"og:image:height\" content=\"259\" \/>\n\t<meta property=\"og:image:type\" content=\"image\/jpeg\" \/>\n<meta name=\"author\" content=\"rtnews\" \/>\n<meta name=\"twitter:card\" content=\"summary_large_image\" \/>\n<meta name=\"twitter:creator\" content=\"@WirMachenAuf_de\" \/>\n<meta name=\"twitter:site\" content=\"@WirMachenAuf_de\" \/>\n<meta name=\"twitter:label1\" content=\"Verfasst von\" \/>\n\t<meta name=\"twitter:data1\" content=\"rtnews\" \/>\n\t<meta name=\"twitter:label2\" content=\"Gesch\u00e4tzte Lesezeit\" \/>\n\t<meta name=\"twitter:data2\" content=\"7\u00a0Minuten\" \/>\n<script type=\"application\/ld+json\" class=\"yoast-schema-graph\">{\"@context\":\"https:\/\/schema.org\",\"@graph\":[{\"@type\":\"Article\",\"@id\":\"https:\/\/now-news.de\/de\/deutschland\/dokumentiert-psychologen-beziehen-stellung-zum-krieg-in-der-ukraine\/#article\",\"isPartOf\":{\"@id\":\"https:\/\/now-news.de\/de\/deutschland\/dokumentiert-psychologen-beziehen-stellung-zum-krieg-in-der-ukraine\/\"},\"author\":{\"name\":\"rtnews\",\"@id\":\"https:\/\/now-news.de\/de\/#\/schema\/person\/fb534a4e865501d8b3285208df34a9b5\"},\"headline\":\"Dokumentiert: Psychologen beziehen Stellung zum Krieg in der Ukraine\",\"datePublished\":\"2022-11-19T07:34:02+00:00\",\"dateModified\":\"2022-11-19T07:34:02+00:00\",\"mainEntityOfPage\":{\"@id\":\"https:\/\/now-news.de\/de\/deutschland\/dokumentiert-psychologen-beziehen-stellung-zum-krieg-in-der-ukraine\/\"},\"wordCount\":1435,\"commentCount\":0,\"publisher\":{\"@id\":\"https:\/\/now-news.de\/de\/#organization\"},\"image\":{\"@id\":\"https:\/\/now-news.de\/de\/deutschland\/dokumentiert-psychologen-beziehen-stellung-zum-krieg-in-der-ukraine\/#primaryimage\"},\"thumbnailUrl\":\"https:\/\/now-news.de\/de\/wp-content\/uploads\/sites\/3\/2022\/11\/Dokumentiert-Psychologen-beziehen-Stellung-zum-Krieg-in-der-Ukraine.jpg\",\"keywords\":[\"beziehen\",\"der\",\"dokumentiert\",\"krieg\",\"Psychologen\",\"Stellung\",\"ukraine\",\"zum\"],\"articleSection\":[\"Deutschland\",\"Russland\"],\"inLanguage\":\"de\",\"potentialAction\":[{\"@type\":\"CommentAction\",\"name\":\"Comment\",\"target\":[\"https:\/\/now-news.de\/de\/deutschland\/dokumentiert-psychologen-beziehen-stellung-zum-krieg-in-der-ukraine\/#respond\"]}]},{\"@type\":\"WebPage\",\"@id\":\"https:\/\/now-news.de\/de\/deutschland\/dokumentiert-psychologen-beziehen-stellung-zum-krieg-in-der-ukraine\/\",\"url\":\"https:\/\/now-news.de\/de\/deutschland\/dokumentiert-psychologen-beziehen-stellung-zum-krieg-in-der-ukraine\/\",\"name\":\"Dokumentiert: Psychologen beziehen Stellung zum Krieg in der Ukraine - just-now.NEWS Deutschland\",\"isPartOf\":{\"@id\":\"https:\/\/now-news.de\/de\/#website\"},\"primaryImageOfPage\":{\"@id\":\"https:\/\/now-news.de\/de\/deutschland\/dokumentiert-psychologen-beziehen-stellung-zum-krieg-in-der-ukraine\/#primaryimage\"},\"image\":{\"@id\":\"https:\/\/now-news.de\/de\/deutschland\/dokumentiert-psychologen-beziehen-stellung-zum-krieg-in-der-ukraine\/#primaryimage\"},\"thumbnailUrl\":\"https:\/\/now-news.de\/de\/wp-content\/uploads\/sites\/3\/2022\/11\/Dokumentiert-Psychologen-beziehen-Stellung-zum-Krieg-in-der-Ukraine.jpg\",\"datePublished\":\"2022-11-19T07:34:02+00:00\",\"dateModified\":\"2022-11-19T07:34:02+00:00\",\"breadcrumb\":{\"@id\":\"https:\/\/now-news.de\/de\/deutschland\/dokumentiert-psychologen-beziehen-stellung-zum-krieg-in-der-ukraine\/#breadcrumb\"},\"inLanguage\":\"de\",\"potentialAction\":[{\"@type\":\"ReadAction\",\"target\":[\"https:\/\/now-news.de\/de\/deutschland\/dokumentiert-psychologen-beziehen-stellung-zum-krieg-in-der-ukraine\/\"]}]},{\"@type\":\"ImageObject\",\"inLanguage\":\"de\",\"@id\":\"https:\/\/now-news.de\/de\/deutschland\/dokumentiert-psychologen-beziehen-stellung-zum-krieg-in-der-ukraine\/#primaryimage\",\"url\":\"https:\/\/now-news.de\/de\/wp-content\/uploads\/sites\/3\/2022\/11\/Dokumentiert-Psychologen-beziehen-Stellung-zum-Krieg-in-der-Ukraine.jpg\",\"contentUrl\":\"https:\/\/now-news.de\/de\/wp-content\/uploads\/sites\/3\/2022\/11\/Dokumentiert-Psychologen-beziehen-Stellung-zum-Krieg-in-der-Ukraine.jpg\",\"width\":460,\"height\":259,\"caption\":\"Dokumentiert: Psychologen beziehen Stellung zum Krieg in der Ukraine\"},{\"@type\":\"BreadcrumbList\",\"@id\":\"https:\/\/now-news.de\/de\/deutschland\/dokumentiert-psychologen-beziehen-stellung-zum-krieg-in-der-ukraine\/#breadcrumb\",\"itemListElement\":[{\"@type\":\"ListItem\",\"position\":1,\"name\":\"Home\",\"item\":\"https:\/\/now-news.de\/de\/\"},{\"@type\":\"ListItem\",\"position\":2,\"name\":\"Dokumentiert: Psychologen beziehen Stellung zum Krieg in der Ukraine\"}]},{\"@type\":\"WebSite\",\"@id\":\"https:\/\/now-news.de\/de\/#website\",\"url\":\"https:\/\/now-news.de\/de\/\",\"name\":\"just-now.NEWS Deutschland\",\"description\":\"Das Portal f\u00fcr unzensierte Nachrichten aus der Welt\",\"publisher\":{\"@id\":\"https:\/\/now-news.de\/de\/#organization\"},\"potentialAction\":[{\"@type\":\"SearchAction\",\"target\":{\"@type\":\"EntryPoint\",\"urlTemplate\":\"https:\/\/now-news.de\/de\/?s={search_term_string}\"},\"query-input\":\"required name=search_term_string\"}],\"inLanguage\":\"de\"},{\"@type\":\"Organization\",\"@id\":\"https:\/\/now-news.de\/de\/#organization\",\"name\":\"Just Now News\",\"url\":\"https:\/\/now-news.de\/de\/\",\"logo\":{\"@type\":\"ImageObject\",\"inLanguage\":\"de\",\"@id\":\"https:\/\/now-news.de\/de\/#\/schema\/logo\/image\/\",\"url\":\"http:\/\/just-now.news\/de\/wp-content\/uploads\/sites\/3\/2022\/04\/logo500x500.jpg\",\"contentUrl\":\"http:\/\/just-now.news\/de\/wp-content\/uploads\/sites\/3\/2022\/04\/logo500x500.jpg\",\"width\":500,\"height\":500,\"caption\":\"Just Now News\"},\"image\":{\"@id\":\"https:\/\/now-news.de\/de\/#\/schema\/logo\/image\/\"},\"sameAs\":[\"https:\/\/www.facebook.com\/wirmachenauf\",\"https:\/\/x.com\/WirMachenAuf_de\"]},{\"@type\":\"Person\",\"@id\":\"https:\/\/now-news.de\/de\/#\/schema\/person\/fb534a4e865501d8b3285208df34a9b5\",\"name\":\"rtnews\",\"image\":{\"@type\":\"ImageObject\",\"inLanguage\":\"de\",\"@id\":\"https:\/\/now-news.de\/de\/#\/schema\/person\/image\/\",\"url\":\"https:\/\/secure.gravatar.com\/avatar\/82aafea7d8127119dd649515f56e2117?s=96&d=mm&r=g\",\"contentUrl\":\"https:\/\/secure.gravatar.com\/avatar\/82aafea7d8127119dd649515f56e2117?s=96&d=mm&r=g\",\"caption\":\"rtnews\"},\"url\":\"https:\/\/now-news.de\/de\/author\/rnews\/\"}]}<\/script>\n<!-- \/ Yoast SEO Premium plugin. -->","yoast_head_json":{"title":"Dokumentiert: Psychologen beziehen Stellung zum Krieg in der Ukraine - just-now.NEWS Deutschland","robots":{"index":"index","follow":"follow","max-snippet":"max-snippet:-1","max-image-preview":"max-image-preview:large","max-video-preview":"max-video-preview:-1"},"canonical":"https:\/\/now-news.de\/de\/deutschland\/dokumentiert-psychologen-beziehen-stellung-zum-krieg-in-der-ukraine\/","og_locale":"de_DE","og_type":"article","og_title":"Dokumentiert: Psychologen beziehen Stellung zum Krieg in der Ukraine","og_description":"Das westliche, antirussische Sanktionsregime, das wegen des Krieges in der Ukraine laufend versch\u00e4rft wird, f\u00fchrt zu drastischen Einschr\u00e4nkungen der Wirtschaft und des Wohlstandes \u2013 im Westen. Welche sozialpsychologischen Mechanismen stecken hinter den selbstzerst\u00f6rerischen Ma\u00dfnahmen? Nachstehend dokumentieren wir die &#8220;Stellungnahme der Neuen Gesellschaft f\u00fcr Psychologie zum Krieg&#8221; (NGfP). Die wissenschaftliche Vereinigung von Psychologinnen und Psychologen versteht [&hellip;]","og_url":"https:\/\/now-news.de\/de\/deutschland\/dokumentiert-psychologen-beziehen-stellung-zum-krieg-in-der-ukraine\/","og_site_name":"just-now.NEWS Deutschland","article_publisher":"https:\/\/www.facebook.com\/wirmachenauf","article_published_time":"2022-11-19T07:34:02+00:00","og_image":[{"width":460,"height":259,"url":"https:\/\/now-news.de\/de\/wp-content\/uploads\/sites\/3\/2022\/11\/Dokumentiert-Psychologen-beziehen-Stellung-zum-Krieg-in-der-Ukraine.jpg","type":"image\/jpeg"}],"author":"rtnews","twitter_card":"summary_large_image","twitter_creator":"@WirMachenAuf_de","twitter_site":"@WirMachenAuf_de","twitter_misc":{"Verfasst von":"rtnews","Gesch\u00e4tzte Lesezeit":"7\u00a0Minuten"},"schema":{"@context":"https:\/\/schema.org","@graph":[{"@type":"Article","@id":"https:\/\/now-news.de\/de\/deutschland\/dokumentiert-psychologen-beziehen-stellung-zum-krieg-in-der-ukraine\/#article","isPartOf":{"@id":"https:\/\/now-news.de\/de\/deutschland\/dokumentiert-psychologen-beziehen-stellung-zum-krieg-in-der-ukraine\/"},"author":{"name":"rtnews","@id":"https:\/\/now-news.de\/de\/#\/schema\/person\/fb534a4e865501d8b3285208df34a9b5"},"headline":"Dokumentiert: Psychologen beziehen Stellung zum Krieg in der Ukraine","datePublished":"2022-11-19T07:34:02+00:00","dateModified":"2022-11-19T07:34:02+00:00","mainEntityOfPage":{"@id":"https:\/\/now-news.de\/de\/deutschland\/dokumentiert-psychologen-beziehen-stellung-zum-krieg-in-der-ukraine\/"},"wordCount":1435,"commentCount":0,"publisher":{"@id":"https:\/\/now-news.de\/de\/#organization"},"image":{"@id":"https:\/\/now-news.de\/de\/deutschland\/dokumentiert-psychologen-beziehen-stellung-zum-krieg-in-der-ukraine\/#primaryimage"},"thumbnailUrl":"https:\/\/now-news.de\/de\/wp-content\/uploads\/sites\/3\/2022\/11\/Dokumentiert-Psychologen-beziehen-Stellung-zum-Krieg-in-der-Ukraine.jpg","keywords":["beziehen","der","dokumentiert","krieg","Psychologen","Stellung","ukraine","zum"],"articleSection":["Deutschland","Russland"],"inLanguage":"de","potentialAction":[{"@type":"CommentAction","name":"Comment","target":["https:\/\/now-news.de\/de\/deutschland\/dokumentiert-psychologen-beziehen-stellung-zum-krieg-in-der-ukraine\/#respond"]}]},{"@type":"WebPage","@id":"https:\/\/now-news.de\/de\/deutschland\/dokumentiert-psychologen-beziehen-stellung-zum-krieg-in-der-ukraine\/","url":"https:\/\/now-news.de\/de\/deutschland\/dokumentiert-psychologen-beziehen-stellung-zum-krieg-in-der-ukraine\/","name":"Dokumentiert: Psychologen beziehen Stellung zum Krieg in der Ukraine - just-now.NEWS Deutschland","isPartOf":{"@id":"https:\/\/now-news.de\/de\/#website"},"primaryImageOfPage":{"@id":"https:\/\/now-news.de\/de\/deutschland\/dokumentiert-psychologen-beziehen-stellung-zum-krieg-in-der-ukraine\/#primaryimage"},"image":{"@id":"https:\/\/now-news.de\/de\/deutschland\/dokumentiert-psychologen-beziehen-stellung-zum-krieg-in-der-ukraine\/#primaryimage"},"thumbnailUrl":"https:\/\/now-news.de\/de\/wp-content\/uploads\/sites\/3\/2022\/11\/Dokumentiert-Psychologen-beziehen-Stellung-zum-Krieg-in-der-Ukraine.jpg","datePublished":"2022-11-19T07:34:02+00:00","dateModified":"2022-11-19T07:34:02+00:00","breadcrumb":{"@id":"https:\/\/now-news.de\/de\/deutschland\/dokumentiert-psychologen-beziehen-stellung-zum-krieg-in-der-ukraine\/#breadcrumb"},"inLanguage":"de","potentialAction":[{"@type":"ReadAction","target":["https:\/\/now-news.de\/de\/deutschland\/dokumentiert-psychologen-beziehen-stellung-zum-krieg-in-der-ukraine\/"]}]},{"@type":"ImageObject","inLanguage":"de","@id":"https:\/\/now-news.de\/de\/deutschland\/dokumentiert-psychologen-beziehen-stellung-zum-krieg-in-der-ukraine\/#primaryimage","url":"https:\/\/now-news.de\/de\/wp-content\/uploads\/sites\/3\/2022\/11\/Dokumentiert-Psychologen-beziehen-Stellung-zum-Krieg-in-der-Ukraine.jpg","contentUrl":"https:\/\/now-news.de\/de\/wp-content\/uploads\/sites\/3\/2022\/11\/Dokumentiert-Psychologen-beziehen-Stellung-zum-Krieg-in-der-Ukraine.jpg","width":460,"height":259,"caption":"Dokumentiert: Psychologen beziehen Stellung zum Krieg in der Ukraine"},{"@type":"BreadcrumbList","@id":"https:\/\/now-news.de\/de\/deutschland\/dokumentiert-psychologen-beziehen-stellung-zum-krieg-in-der-ukraine\/#breadcrumb","itemListElement":[{"@type":"ListItem","position":1,"name":"Home","item":"https:\/\/now-news.de\/de\/"},{"@type":"ListItem","position":2,"name":"Dokumentiert: Psychologen beziehen Stellung zum Krieg in der Ukraine"}]},{"@type":"WebSite","@id":"https:\/\/now-news.de\/de\/#website","url":"https:\/\/now-news.de\/de\/","name":"just-now.NEWS Deutschland","description":"Das Portal f\u00fcr unzensierte Nachrichten aus der Welt","publisher":{"@id":"https:\/\/now-news.de\/de\/#organization"},"potentialAction":[{"@type":"SearchAction","target":{"@type":"EntryPoint","urlTemplate":"https:\/\/now-news.de\/de\/?s={search_term_string}"},"query-input":"required name=search_term_string"}],"inLanguage":"de"},{"@type":"Organization","@id":"https:\/\/now-news.de\/de\/#organization","name":"Just Now News","url":"https:\/\/now-news.de\/de\/","logo":{"@type":"ImageObject","inLanguage":"de","@id":"https:\/\/now-news.de\/de\/#\/schema\/logo\/image\/","url":"http:\/\/just-now.news\/de\/wp-content\/uploads\/sites\/3\/2022\/04\/logo500x500.jpg","contentUrl":"http:\/\/just-now.news\/de\/wp-content\/uploads\/sites\/3\/2022\/04\/logo500x500.jpg","width":500,"height":500,"caption":"Just Now News"},"image":{"@id":"https:\/\/now-news.de\/de\/#\/schema\/logo\/image\/"},"sameAs":["https:\/\/www.facebook.com\/wirmachenauf","https:\/\/x.com\/WirMachenAuf_de"]},{"@type":"Person","@id":"https:\/\/now-news.de\/de\/#\/schema\/person\/fb534a4e865501d8b3285208df34a9b5","name":"rtnews","image":{"@type":"ImageObject","inLanguage":"de","@id":"https:\/\/now-news.de\/de\/#\/schema\/person\/image\/","url":"https:\/\/secure.gravatar.com\/avatar\/82aafea7d8127119dd649515f56e2117?s=96&d=mm&r=g","contentUrl":"https:\/\/secure.gravatar.com\/avatar\/82aafea7d8127119dd649515f56e2117?s=96&d=mm&r=g","caption":"rtnews"},"url":"https:\/\/now-news.de\/de\/author\/rnews\/"}]}},"_links":{"self":[{"href":"https:\/\/now-news.de\/de\/wp-json\/wp\/v2\/posts\/23567"}],"collection":[{"href":"https:\/\/now-news.de\/de\/wp-json\/wp\/v2\/posts"}],"about":[{"href":"https:\/\/now-news.de\/de\/wp-json\/wp\/v2\/types\/post"}],"author":[{"embeddable":true,"href":"https:\/\/now-news.de\/de\/wp-json\/wp\/v2\/users\/3"}],"replies":[{"embeddable":true,"href":"https:\/\/now-news.de\/de\/wp-json\/wp\/v2\/comments?post=23567"}],"version-history":[{"count":0,"href":"https:\/\/now-news.de\/de\/wp-json\/wp\/v2\/posts\/23567\/revisions"}],"wp:featuredmedia":[{"embeddable":true,"href":"https:\/\/now-news.de\/de\/wp-json\/wp\/v2\/media\/23568"}],"wp:attachment":[{"href":"https:\/\/now-news.de\/de\/wp-json\/wp\/v2\/media?parent=23567"}],"wp:term":[{"taxonomy":"category","embeddable":true,"href":"https:\/\/now-news.de\/de\/wp-json\/wp\/v2\/categories?post=23567"},{"taxonomy":"post_tag","embeddable":true,"href":"https:\/\/now-news.de\/de\/wp-json\/wp\/v2\/tags?post=23567"}],"curies":[{"name":"wp","href":"https:\/\/api.w.org\/{rel}","templated":true}]}}